{"id":2422,"date":"2012-07-01T17:00:54","date_gmt":"2012-07-01T20:00:54","guid":{"rendered":"http:\/\/bestcars.uol.com.br\/bc\/?p=2422"},"modified":"2012-12-06T14:04:17","modified_gmt":"2012-12-06T17:04:17","slug":"um-mes-ao-volante-avaliacoes-anteriores","status":"publish","type":"post","link":"https:\/\/autolivraria.com.br\/bc\/informe-se\/avaliacao\/um-mes-ao-volante-avaliacoes-anteriores\/","title":{"rendered":"Um M\u00eas ao Volante &#8211; avalia\u00e7\u00f5es anteriores"},"content":{"rendered":"<p align=\"left\">Em complemento a avalia\u00e7\u00f5es e comparativos, o <strong>Best Cars<\/strong> oferece <em>Um M\u00eas ao Volante<\/em>, em que carros nacionais e importados s\u00e3o analisados durante 30 dias por uma variada equipe com diferentes pontos de vista. Abaixo, o arquivo da se\u00e7\u00e3o entre 2010 e 2011. Para as avalia\u00e7\u00f5es de 2012, consulte o <a href=\"https:\/\/autolivraria.com.br\/bc\/category\/informe-se\/avaliacao\/um-mes\/\">\u00edndice da se\u00e7\u00e3o<\/a>.<\/p>\n<p align=\"left\"><!--more--><\/p>\n<p style=\"text-align: center;\" align=\"left\"><span style=\"color: #000000;\"><a href=\"https:\/\/www.autolivraria.com.br\/mes\/renault-sandero-stepway.htm\"><span style=\"color: #000000;\"><img fetchpriority=\"high\" decoding=\"async\" class=\"aligncenter\" title=\"Sandero Stepway\" src=\"https:\/\/www.autolivraria.com.br\/carros\/mes\/sand\/18.jpg\" alt=\"\" width=\"470\" height=\"314\" \/><\/span><\/a><\/span><\/p>\n<p><span style=\"color: #000000;\">\u00a0<\/span><\/p>\n<p><strong>2011<\/strong><\/p>\n<p><a href=\"https:\/\/www.autolivraria.com.br\/mes\/ford-ka.htm\"><span style=\"color: #000000;\">Ford Ka: urbano, mas valente, enfrentou maratona de estrada<\/span><\/a><\/p>\n<p><a href=\"https:\/\/www.autolivraria.com.br\/mes\/vw-tiguan.htm\"><span style=\"color: #000000;\">VW Tiguan, de alto pre\u00e7o, provou atributos e poucas falhas<\/span><\/a><\/p>\n<p><span style=\"color: #000000;\"><a href=\"https:\/\/www.autolivraria.com.br\/mes\/renault-sandero-stepway.htm\"><span style=\"color: #000000;\">Sandero Stepway, praticidade ao estilo dos &#8220;aventureiros&#8221;<\/span><\/a><\/span><\/p>\n<p><span style=\"color: #000000;\"><a href=\"https:\/\/www.autolivraria.com.br\/mes\/citroen-c4-picasso.htm\"><span style=\"color: #000000;\">Citro\u00ebn C4 Picasso: minivan combina conforto e custo-benef\u00edcio<\/span><\/a><\/span><\/p>\n<p><span style=\"color: #000000;\"><a href=\"https:\/\/www.autolivraria.com.br\/mes\/vw-spacefox-imotion.htm\"><span style=\"color: #000000;\">VW SpaceFox: a meio caminho entre peruas e minivans<\/span><\/a><\/span><\/p>\n<p><a href=\"https:\/\/www.autolivraria.com.br\/mes\/renault-fluence.htm\"><span style=\"color: #000000;\">Renault Fluence mostrou estilo, conforto e desempenho correto<\/span><\/a><\/p>\n<p><a href=\"https:\/\/www.autolivraria.com.br\/mes\/honda-fit-lxl.htm\"><span style=\"color: #000000;\">Honda Fit LXL: o &#8220;queridinho da fam\u00edlia&#8221; vale tudo o que custa?<\/span><\/a><\/p>\n<p><a href=\"https:\/\/www.autolivraria.com.br\/mes\/peugeot-408-feline.htm\"><span style=\"color: #000000;\">Peugeot 408 Feline: confort\u00e1vel e bonito, mas pede corre\u00e7\u00f5es<\/span><\/a><\/p>\n<p><span style=\"color: #000000;\"><a href=\"https:\/\/www.autolivraria.com.br\/mes\/vw-jetta-variant.htm\"><span style=\"color: #000000;\">Jetta Variant: VW mostra que peruas ainda merecem seu lugar<\/span><\/a><\/span><\/p>\n<p><span style=\"color: #000000;\"><a href=\"https:\/\/www.autolivraria.com.br\/mes\/fiat-punto-essence-dualogic.htm\"><span style=\"color: #000000;\">Punto Essence Dualogic: em an\u00e1lise, o motor E-Torq 1,75 16V<\/span><\/a><\/span><\/p>\n<p>&nbsp;<\/p>\n<p style=\"text-align: center;\" align=\"left\"><span style=\"color: #000000;\"><a href=\"https:\/\/www.autolivraria.com.br\/mes\/citroen-c3-aircross-exclusive.htm\"><span style=\"color: #000000;\"><img decoding=\"async\" class=\"aligncenter lazyload\" title=\"C3 Aircross\" data-src=\"https:\/\/www.autolivraria.com.br\/carros\/mes\/air\/mov-1g.jpg\" alt=\"\" width=\"470\" height=\"314\" src=\"data:image\/svg+xml;base64,PHN2ZyB3aWR0aD0iMSIgaGVpZ2h0PSIxIiB4bWxucz0iaHR0cDovL3d3dy53My5vcmcvMjAwMC9zdmciPjwvc3ZnPg==\" style=\"--smush-placeholder-width: 470px; --smush-placeholder-aspect-ratio: 470\/314;\" \/><\/span><\/a><\/span><\/p>\n<p>&nbsp;<\/p>\n<p align=\"left\"><strong>2010<\/strong><\/p>\n<p><span style=\"color: #000000;\"><a href=\"https:\/\/www.autolivraria.com.br\/mes\/ford-fiesta-se.htm\"><span style=\"color: #000000;\">Fiesta SE: qualidades e pontos cr\u00edticos do modelo mexicano<\/span><\/a><\/span><\/p>\n<p><a href=\"https:\/\/www.autolivraria.com.br\/mes\/citroen-c3-aircross-exclusive.htm\"><span style=\"color: #000000;\">C3 Aircross Exclusive: conforto aprovado, mas consumo elevado<\/span><\/a><\/p>\n<p><a href=\"https:\/\/www.autolivraria.com.br\/mes\/honda-city-lx.htm\"><span style=\"color: #000000;\">Honda City LX: m\u00e9dio anda bem, mas \u00e9 caro para o acabamento<\/span><\/a><\/p>\n<p><a href=\"https:\/\/www.autolivraria.com.br\/mes\/peugeot-307-presence-pack.htm\"><span style=\"color: #000000;\">Peugeot 307 Presence Pack: projeto antigo que ainda tem validade<\/span><\/a><\/p>\n<p><a href=\"https:\/\/www.autolivraria.com.br\/mes\/vw-polo-comfortline-imotion.htm\"><span style=\"color: #000000;\">Polo Comfortline I-Motion: 30 dias colocaram c\u00e2mbio \u00e0 prova<\/span><\/a><\/p>\n<p><a href=\"https:\/\/www.autolivraria.com.br\/mes\/citroen-c4-exclusive.htm\"><span style=\"color: #000000;\">Citro\u00ebn C4 Exclusive: conforto agrada, mas n\u00e3o consumo<\/span><\/a><\/p>\n<p><a href=\"https:\/\/www.autolivraria.com.br\/mes\/palio-elx-dualogic.htm\"><span style=\"color: #000000;\">Palio ELX Dualogic: o que o Fiat teve a mostrar em 3.600 km<\/span><\/a><\/p>\n<p>&nbsp;<\/p>\n","protected":false},"excerpt":{"rendered":"<p>Em complemento a avalia\u00e7\u00f5es e comparativos, o Best Cars oferece Um M\u00eas ao Volante, em que carros nacionais e importados s\u00e3o analisados durante 30 dias por uma variada equipe com diferentes pontos de vista. Abaixo, o arquivo da se\u00e7\u00e3o entre 2010 e 2011. Para as avalia\u00e7\u00f5es de 2012, consulte o \u00edndice da se\u00e7\u00e3o.<\/p>\n","protected":false},"author":6,"featured_media":8168,"comment_status":"closed","ping_status":"closed","sticky":false,"template":"","format":"standard","meta":{"_joinchat":[],"footnotes":""},"categories":[3,37],"tags":[820,648,80,904,795,902,362,907,57,222,660,658,213,82,1256,828,221,150,69,500,804,70,650,912,1113,935,96,60],"class_list":["post-2422","post","type-post","status-publish","format-standard","has-post-thumbnail","hentry","category-avaliacao","category-um-mes","tag-820","tag-648","tag-avaliacao-2","tag-c3-aircross","tag-c4","tag-c4-picasso","tag-city","tag-dualogic","tag-fiat","tag-fiesta","tag-fit","tag-fluence","tag-ford-3","tag-honda","tag-i-motion","tag-jetta-variant","tag-ka","tag-palio","tag-peugeot","tag-polo","tag-punto","tag-renault","tag-sandero","tag-spacefox","tag-stepway","tag-tiguan","tag-um-mes-ao-volante","tag-volkswagen"],"amp_enabled":true,"_links":{"self":[{"href":"https:\/\/autolivraria.com.br\/bc\/wp-json\/wp\/v2\/posts\/2422","targetHints":{"allow":["GET"]}}],"collection":[{"href":"https:\/\/autolivraria.com.br\/bc\/wp-json\/wp\/v2\/posts"}],"about":[{"href":"https:\/\/autolivraria.com.br\/bc\/wp-json\/wp\/v2\/types\/post"}],"author":[{"embeddable":true,"href":"https:\/\/autolivraria.com.br\/bc\/wp-json\/wp\/v2\/users\/6"}],"replies":[{"embeddable":true,"href":"https:\/\/autolivraria.com.br\/bc\/wp-json\/wp\/v2\/comments?post=2422"}],"version-history":[{"count":0,"href":"https:\/\/autolivraria.com.br\/bc\/wp-json\/wp\/v2\/posts\/2422\/revisions"}],"wp:featuredmedia":[{"embeddable":true,"href":"https:\/\/autolivraria.com.br\/bc\/wp-json\/wp\/v2\/media\/8168"}],"wp:attachment":[{"href":"https:\/\/autolivraria.com.br\/bc\/wp-json\/wp\/v2\/media?parent=2422"}],"wp:term":[{"taxonomy":"category","embeddable":true,"href":"https:\/\/autolivraria.com.br\/bc\/wp-json\/wp\/v2\/categories?post=2422"},{"taxonomy":"post_tag","embeddable":true,"href":"https:\/\/autolivraria.com.br\/bc\/wp-json\/wp\/v2\/tags?post=2422"}],"curies":[{"name":"wp","href":"https:\/\/api.w.org\/{rel}","templated":true}]}}