{"id":24404,"date":"2013-04-17T15:53:21","date_gmt":"2013-04-17T18:53:21","guid":{"rendered":"http:\/\/bestcars.uol.com.br\/bc\/?p=24404"},"modified":"2013-05-03T11:26:39","modified_gmt":"2013-05-03T14:26:39","slug":"bmw-328i-e-volkswagen-cc-o-plebeu-dos-nobres-o-nobre-dos-plebeus","status":"publish","type":"post","link":"https:\/\/autolivraria.com.br\/bc\/informe-se\/avaliacao\/comparativo\/bmw-328i-e-volkswagen-cc-o-plebeu-dos-nobres-o-nobre-dos-plebeus\/","title":{"rendered":"BMW 328i e VW CC: o plebeu dos nobres, o nobre dos plebeus"},"content":{"rendered":"<p><a href=\"https:\/\/autolivraria.com.br\/bc\/wp-content\/uploads\/2013\/04\/BMW-328i-vs-VW-CC1.jpg\"><img fetchpriority=\"high\" decoding=\"async\" class=\"aligncenter size-medium wp-image-24867\" title=\"BMW 328i vs. VW CC\" src=\"https:\/\/autolivraria.com.br\/bc\/wp-content\/uploads\/2013\/04\/BMW-328i-vs-VW-CC1-560x373.jpg\" alt=\"\" width=\"560\" height=\"373\" srcset=\"https:\/\/autolivraria.com.br\/bc\/wp-content\/uploads\/2013\/04\/BMW-328i-vs-VW-CC1-560x373.jpg 560w, https:\/\/autolivraria.com.br\/bc\/wp-content\/uploads\/2013\/04\/BMW-328i-vs-VW-CC1-470x313.jpg 470w, https:\/\/autolivraria.com.br\/bc\/wp-content\/uploads\/2013\/04\/BMW-328i-vs-VW-CC1-270x179.jpg 270w, https:\/\/autolivraria.com.br\/bc\/wp-content\/uploads\/2013\/04\/BMW-328i-vs-VW-CC1.jpg 1280w\" sizes=\"(max-width: 560px) 100vw, 560px\" \/><\/a><\/p>\n<p>&nbsp;<\/p>\n<h2>Marcas de diferentes estratos do mercado oferecem<br \/>\nsed\u00e3s de luxo com \u00eanfase na esportividade: qual o melhor?<\/h2>\n<p><em>Texto e fotos: Fabr\u00edcio Samah\u00e1<\/em><\/p>\n<p>&nbsp;<\/p>\n<p>Desde que chegou ao Brasil ap\u00f3s a libera\u00e7\u00e3o das importa\u00e7\u00f5es, no come\u00e7o dos anos 90, a BMW desfruta uma imagem de prest\u00edgio, de carros que re\u00fanem conforto e esportividade como poucas marcas conseguem. J\u00e1 a Volkswagen nasceu aqui h\u00e1 60 anos na outra ponta do mercado, vendendo Fuscas e Kombis aos milhares, e levou mais de tr\u00eas d\u00e9cadas para ter por aqui algo que se pudesse chamar de carro de luxo \u2014 o <a href=\"https:\/\/www.autolivraria.com.br\/classicos\/santana-1.htm\">Santana<\/a>, lan\u00e7ado em 1984. Duas marcas, portanto, com origens diametralmente opostas em se tratando de Brasil.<\/p>\n<p>D\u00e9cadas depois, o quadro \u00e9 outro. N\u00e3o que a BMW tenha se tornado fabricante de carros populares ou que a VW s\u00f3 ofere\u00e7a hoje caros modelos de luxo \u2014 cada uma preserva, ao menos em parte, sua tradi\u00e7\u00e3o e seu p\u00fablico-alvo. Mas j\u00e1 \u00e9 poss\u00edvel encontrar um modelo da empresa de Wolfsburg em concorr\u00eancia direta com um da f\u00e1brica de Munique, como acontece com o BMW 328i, vers\u00e3o intermedi\u00e1ria de uma linha tamb\u00e9m m\u00e9dia para a marca (o S\u00e9rie 3), e o novo CC, o topo de linha entre os autom\u00f3veis da VW por aqui (o Touareg \u00e9 um utilit\u00e1rio esporte).<\/p>\n<p>&nbsp;<\/p>\n<div class='one_half'>\n\t\t\t\t\t<a href=\"https:\/\/autolivraria.com.br\/bc\/wp-content\/uploads\/2013\/04\/BMW-328i-logo2.jpg\"><img decoding=\"async\" class=\"aligncenter size-meia-largura-post wp-image-24610 lazyload\" title=\"BMW 328i\" data-src=\"https:\/\/autolivraria.com.br\/bc\/wp-content\/uploads\/2013\/04\/BMW-328i-logo2-270x179.jpg\" alt=\"\" width=\"270\" height=\"179\" data-srcset=\"https:\/\/autolivraria.com.br\/bc\/wp-content\/uploads\/2013\/04\/BMW-328i-logo2-270x179.jpg 270w, https:\/\/autolivraria.com.br\/bc\/wp-content\/uploads\/2013\/04\/BMW-328i-logo2-560x372.jpg 560w, https:\/\/autolivraria.com.br\/bc\/wp-content\/uploads\/2013\/04\/BMW-328i-logo2-470x312.jpg 470w, https:\/\/autolivraria.com.br\/bc\/wp-content\/uploads\/2013\/04\/BMW-328i-logo2.jpg 640w\" data-sizes=\"(max-width: 270px) 100vw, 270px\" src=\"data:image\/svg+xml;base64,PHN2ZyB3aWR0aD0iMSIgaGVpZ2h0PSIxIiB4bWxucz0iaHR0cDovL3d3dy53My5vcmcvMjAwMC9zdmciPjwvc3ZnPg==\" style=\"--smush-placeholder-width: 270px; --smush-placeholder-aspect-ratio: 270\/179;\" \/><\/a>\n\t\t\t\t<\/div>\n<div class='one_half last'>\n\t\t\t\t\t<a href=\"https:\/\/autolivraria.com.br\/bc\/wp-content\/uploads\/2013\/04\/VW-CC-logo2.jpg\"><img decoding=\"async\" class=\"aligncenter size-meia-largura-post wp-image-24611 lazyload\" title=\"VW CC\" data-src=\"https:\/\/autolivraria.com.br\/bc\/wp-content\/uploads\/2013\/04\/VW-CC-logo2-270x179.jpg\" alt=\"\" width=\"270\" height=\"179\" data-srcset=\"https:\/\/autolivraria.com.br\/bc\/wp-content\/uploads\/2013\/04\/VW-CC-logo2-270x179.jpg 270w, https:\/\/autolivraria.com.br\/bc\/wp-content\/uploads\/2013\/04\/VW-CC-logo2-560x372.jpg 560w, https:\/\/autolivraria.com.br\/bc\/wp-content\/uploads\/2013\/04\/VW-CC-logo2-470x312.jpg 470w, https:\/\/autolivraria.com.br\/bc\/wp-content\/uploads\/2013\/04\/VW-CC-logo2.jpg 640w\" data-sizes=\"(max-width: 270px) 100vw, 270px\" src=\"data:image\/svg+xml;base64,PHN2ZyB3aWR0aD0iMSIgaGVpZ2h0PSIxIiB4bWxucz0iaHR0cDovL3d3dy53My5vcmcvMjAwMC9zdmciPjwvc3ZnPg==\" style=\"--smush-placeholder-width: 270px; --smush-placeholder-aspect-ratio: 270\/179;\" \/><\/a>\n\t\t\t\t<\/div><div class='clear'><\/div>\n<p>&nbsp;<\/p>\n<div class='et-box et-shadow'>\n\t\t\t\t\t<div class='et-box-content'><table id=\"table5997\" style=\"width: 100%;\" border=\"0\" cellspacing=\"0\" cellpadding=\"3\">\n<tbody>\n<tr>\n<td colspan=\"3\" width=\"50%\">\n<h3>BMW 328i<\/h3>\n<\/td>\n<td colspan=\"3\" width=\"50%\">\n<h3>Volkswagen CC<\/h3>\n<\/td>\n<\/tr>\n<tr>\n<td width=\"16%\">4,62 m<\/td>\n<td width=\"16%\">245 cv<\/td>\n<td width=\"16%\">R$ 174.950<\/td>\n<td width=\"16%\">4,80 m<\/td>\n<td width=\"16%\">300 cv<\/td>\n<td width=\"16%\">R$ 232.484<\/td>\n<\/tr>\n<tr>\n<td colspan=\"6\" width=\"96%\"><span style=\"font-size: x-small;\">Pre\u00e7os p\u00fablicos sugeridos, em reais, para os carros avaliados, com poss\u00edveis opcionais<\/span><\/td>\n<\/tr>\n<\/tbody>\n<\/table><\/div><\/div>\n<p>&nbsp;<\/p>\n<p>Embora a vers\u00e3o Sport do 328i tenha maior conte\u00fado e pre\u00e7o superior, a que nos coube avaliar era a b\u00e1sica, de R$ 174,9 mil, o que a afastou bastante do oponente (vendido a partir de R$ 208 mil) nesse importante fator. O CC avaliado trazia todos os opcionais e assim chegava a R$ 232,5 mil \u2014 como voc\u00ea poderia imaginar, h\u00e1 20 ou 30 anos, pagar 30% a mais por um VW que por um BMW? Por outro lado, s\u00e3o modelos concorrentes nos tr\u00eas outros &#8220;Ps&#8221; dos quatro que norteiam nossos comparativos.<\/p>\n<p>&nbsp;<\/p>\n<blockquote><p>Enquanto a BMW abriu m\u00e3o nessa vers\u00e3o dos cl\u00e1ssicos motores de seis cilindros, a VW tem no CC um de seus poucos autom\u00f3veis de alto padr\u00e3o que n\u00e3o usam turbo<\/p><\/blockquote>\n<p>&nbsp;<\/p>\n<p>A <em>proposta de uso<\/em> \u00e9 a mesma: s\u00e3o sed\u00e3s m\u00e9dio-grandes de quatro portas \u2014 esque\u00e7a a denomina\u00e7\u00e3o Comfort Coupe do VW, pois cup\u00eas s\u00e3o carros de duas portas \u2014 com altas doses de esportividade no estilo e na mec\u00e2nica, voltados a consumidores exigentes que poderiam pagar bem menos por um carro do mesmo tamanho, desde que abrissem m\u00e3o de alguns itens de conforto, de certos aparatos tecnol\u00f3gicos ou, no caso de um deles, da marca de prest\u00edgio.<\/p>\n<p>Em <em>porte,<\/em> o CC \u00e9 18 cent\u00edmetros maior em comprimento, mas mede 10 cm <em>a menos<\/em> em dist\u00e2ncia entre eixos, o que tem rela\u00e7\u00e3o com as diferen\u00e7as de arquitetura, como posi\u00e7\u00e3o de motor e tra\u00e7\u00e3o. Enfim, em <em>pot\u00eancia,<\/em> o motor V6 de 3,6 litros e <a href=\"https:\/\/autolivraria.com.br\/bc\/glossario-a\/#aspi\">aspira\u00e7\u00e3o natural<\/a> do CC oferece um pouco mais que o <a href=\"https:\/\/autolivraria.com.br\/bc\/glossario-t\/#turb\">turboalimentado<\/a> de quatro cilindros e 2,0 litros do 328i: s\u00e3o 300 ante 245 cv. Curiosamente, o valor de torque m\u00e1ximo \u00e9 o mesmo nos dois.<\/p>\n<p>&nbsp;<\/p>\n<div class='code-block code-block-7' style='margin: 28px auto; text-align: center; display: block; clear: both;'>\n<script async src=\"https:\/\/pagead2.googlesyndication.com\/pagead\/js\/adsbygoogle.js\"><\/script>\n<!-- AL-quadrado -->\n<ins class=\"adsbygoogle\"\n     style=\"display:block\"\n     data-ad-client=\"ca-pub-1914799802606213\"\n     data-ad-slot=\"5683066082\"\n     data-ad-format=\"auto\"\n     data-full-width-responsive=\"true\"><\/ins>\n<script>\n     (adsbygoogle = window.adsbygoogle || []).push({});\n<\/script><\/div>\n\n<p>&nbsp;<\/p>\n<p>Outra curiosidade: enquanto a BMW abriu m\u00e3o nessa vers\u00e3o dos cl\u00e1ssicos motores de seis cilindros (em linha, no caso) aspirados, a VW tem nesse carro um de seus poucos autom\u00f3veis de alto padr\u00e3o que n\u00e3o usam turbo, dispositivo ao qual a marca tem sido bastante associada nos \u00faltimos 15 anos. Os contrastes t\u00e9cnicos n\u00e3o param por a\u00ed: enquanto o 328i tem c\u00e2mbio autom\u00e1tico de oito marchas e tra\u00e7\u00e3o apenas traseira, o CC usa caixa automatizada de <a href=\"https:\/\/autolivraria.com.br\/bc\/glossario-e\/#embr\">dupla embreagem<\/a> com seis marchas e tra\u00e7\u00e3o integral.<\/p>\n<p>Feitas as apresenta\u00e7\u00f5es, fica a quest\u00e3o: vale a pena optar pela tradi\u00e7\u00e3o do modelo da Baviera, mesmo que se trate de um carro mais simples e menos potente, ou a melhor op\u00e7\u00e3o \u00e9 seu oponente do norte alem\u00e3o, de origem humilde, mas com atributos n\u00e3o menos convidativos? \u00c9 o que saberemos nas pr\u00f3ximas p\u00e1ginas.<\/p>\n<table border=\"0\">\n<tbody>\n<tr>\n<td><span style=\"color: #333333; font-size: 13px; line-height: 19px;\"><a href='https:\/\/autolivraria.com.br\/bc\/informe-se\/avaliacao\/comparativo\/bmw-328i-e-volkswagen-cc-o-plebeu-dos-nobres-o-nobre-dos-plebeus\/2\/' class='small-button smallsilver'>Pr\u00f3xima parte<\/a><\/span><\/td>\n<\/tr>\n<\/tbody>\n<\/table>\n<p>&nbsp;<\/p>\n<div class='et-box et-shadow'>\n\t\t\t\t\t<div class='et-box-content'><div class='one_half'>\n\t\t\t\t\t<ul>\n<li><a href=\"https:\/\/autolivraria.com.br\/bc\/informe-se\/avaliacao\/comparativo\/bmw-328i-e-volkswagen-cc-o-plebeu-dos-nobres-o-nobre-dos-plebeus\/2\/\">Concep\u00e7\u00e3o e estilo<\/a><\/li>\n<li><a href=\"https:\/\/autolivraria.com.br\/bc\/informe-se\/avaliacao\/comparativo\/bmw-328i-e-volkswagen-cc-o-plebeu-dos-nobres-o-nobre-dos-plebeus\/2\/#cc\">Conforto e conveni\u00eancia<\/a><\/li>\n<li><a href=\"https:\/\/autolivraria.com.br\/bc\/informe-se\/avaliacao\/comparativo\/bmw-328i-e-volkswagen-cc-o-plebeu-dos-nobres-o-nobre-dos-plebeus\/3\/#eq\">Equipamentos de s\u00e9rie e opcionais<\/a><\/li>\n<li><a href=\"https:\/\/autolivraria.com.br\/bc\/informe-se\/avaliacao\/comparativo\/bmw-328i-e-volkswagen-cc-o-plebeu-dos-nobres-o-nobre-dos-plebeus\/4\/\">Mec\u00e2nica, comportamento e seguran\u00e7a<\/a><\/li>\n<li><a href=\"https:\/\/autolivraria.com.br\/bc\/informe-se\/avaliacao\/comparativo\/bmw-328i-e-volkswagen-cc-o-plebeu-dos-nobres-o-nobre-dos-plebeus\/5\/\">Coment\u00e1rio t\u00e9cnico<\/a><\/li>\n<\/ul>\n\t\t\t\t<\/div>\n<div class='one_half last'>\n\t\t\t\t\t<ul>\n<li><a href=\"https:\/\/autolivraria.com.br\/bc\/informe-se\/avaliacao\/comparativo\/bmw-328i-e-volkswagen-cc-o-plebeu-dos-nobres-o-nobre-dos-plebeus\/6\/\">Simula\u00e7\u00e3o de desempenho<\/a><\/li>\n<li><a href=\"https:\/\/autolivraria.com.br\/bc\/informe-se\/avaliacao\/comparativo\/bmw-328i-e-volkswagen-cc-o-plebeu-dos-nobres-o-nobre-dos-plebeus\/6\/\">Ficha t\u00e9cnica<\/a><\/li>\n<li><a href=\"https:\/\/autolivraria.com.br\/bc\/informe-se\/avaliacao\/comparativo\/bmw-328i-e-volkswagen-cc-o-plebeu-dos-nobres-o-nobre-dos-plebeus\/7\/\">Pre\u00e7os<\/a><\/li>\n<li><a href=\"https:\/\/autolivraria.com.br\/bc\/informe-se\/avaliacao\/comparativo\/bmw-328i-e-volkswagen-cc-o-plebeu-dos-nobres-o-nobre-dos-plebeus\/7\/\">Custo-benef\u00edcio<\/a><\/li>\n<li><a href=\"https:\/\/autolivraria.com.br\/bc\/informe-se\/avaliacao\/comparativo\/bmw-328i-e-volkswagen-cc-o-plebeu-dos-nobres-o-nobre-dos-plebeus\/7\/#nn\">Nossas notas<\/a><\/li>\n<\/ul>\n\t\t\t\t<\/div><div class='clear'><\/div><\/div><\/div>\n<p>&nbsp;<\/p>\n<p>&nbsp;<\/p>\n<p><!--nextpage--><\/p>\n<p><a href=\"https:\/\/autolivraria.com.br\/bc\/wp-content\/uploads\/2013\/04\/BMW-328i-03.jpg\"><img decoding=\"async\" class=\"aligncenter size-medium wp-image-24652 lazyload\" title=\"BMW 328i\" data-src=\"https:\/\/autolivraria.com.br\/bc\/wp-content\/uploads\/2013\/04\/BMW-328i-03-560x373.jpg\" alt=\"\" width=\"560\" height=\"373\" data-srcset=\"https:\/\/autolivraria.com.br\/bc\/wp-content\/uploads\/2013\/04\/BMW-328i-03-560x373.jpg 560w, https:\/\/autolivraria.com.br\/bc\/wp-content\/uploads\/2013\/04\/BMW-328i-03-470x313.jpg 470w, https:\/\/autolivraria.com.br\/bc\/wp-content\/uploads\/2013\/04\/BMW-328i-03-270x179.jpg 270w, https:\/\/autolivraria.com.br\/bc\/wp-content\/uploads\/2013\/04\/BMW-328i-03.jpg 1280w\" data-sizes=\"(max-width: 560px) 100vw, 560px\" src=\"data:image\/svg+xml;base64,PHN2ZyB3aWR0aD0iMSIgaGVpZ2h0PSIxIiB4bWxucz0iaHR0cDovL3d3dy53My5vcmcvMjAwMC9zdmciPjwvc3ZnPg==\" style=\"--smush-placeholder-width: 560px; --smush-placeholder-aspect-ratio: 560\/373;\" \/><\/a><\/p>\n<p>&nbsp;<\/p>\n<div class='one_third'>\n\t\t\t\t\t<a href=\"https:\/\/autolivraria.com.br\/bc\/wp-content\/uploads\/2013\/04\/BMW-328i-12.jpg\"><img decoding=\"async\" class=\"aligncenter size-thumbnail wp-image-24655 lazyload\" title=\"BMW 328i\" data-src=\"https:\/\/autolivraria.com.br\/bc\/wp-content\/uploads\/2013\/04\/BMW-328i-12-168x168.jpg\" alt=\"\" width=\"168\" height=\"168\" data-srcset=\"https:\/\/autolivraria.com.br\/bc\/wp-content\/uploads\/2013\/04\/BMW-328i-12-168x168.jpg 168w, https:\/\/autolivraria.com.br\/bc\/wp-content\/uploads\/2013\/04\/BMW-328i-12-100x100.jpg 100w\" data-sizes=\"(max-width: 168px) 100vw, 168px\" src=\"data:image\/svg+xml;base64,PHN2ZyB3aWR0aD0iMSIgaGVpZ2h0PSIxIiB4bWxucz0iaHR0cDovL3d3dy53My5vcmcvMjAwMC9zdmciPjwvc3ZnPg==\" style=\"--smush-placeholder-width: 168px; --smush-placeholder-aspect-ratio: 168\/168;\" \/><\/a>\n\t\t\t\t<\/div>\n<div class='one_third'>\n\t\t\t\t\t<p><a href=\"https:\/\/autolivraria.com.br\/bc\/wp-content\/uploads\/2013\/04\/BMW-328i-05.jpg\"><img decoding=\"async\" class=\"aligncenter size-thumbnail wp-image-24654 lazyload\" title=\"BMW 328i\" data-src=\"https:\/\/autolivraria.com.br\/bc\/wp-content\/uploads\/2013\/04\/BMW-328i-05-168x168.jpg\" alt=\"\" width=\"168\" height=\"168\" data-srcset=\"https:\/\/autolivraria.com.br\/bc\/wp-content\/uploads\/2013\/04\/BMW-328i-05-168x168.jpg 168w, https:\/\/autolivraria.com.br\/bc\/wp-content\/uploads\/2013\/04\/BMW-328i-05-100x100.jpg 100w\" data-sizes=\"(max-width: 168px) 100vw, 168px\" src=\"data:image\/svg+xml;base64,PHN2ZyB3aWR0aD0iMSIgaGVpZ2h0PSIxIiB4bWxucz0iaHR0cDovL3d3dy53My5vcmcvMjAwMC9zdmciPjwvc3ZnPg==\" style=\"--smush-placeholder-width: 168px; --smush-placeholder-aspect-ratio: 168\/168;\" \/><\/a>\n\t\t\t\t<\/div>\n<div class='one_third last'>\n\t\t\t\t\t<a href=\"https:\/\/autolivraria.com.br\/bc\/wp-content\/uploads\/2013\/04\/BMW-328i-02.jpg\"><img decoding=\"async\" class=\"aligncenter size-thumbnail wp-image-24656 lazyload\" title=\"BMW 328i\" data-src=\"https:\/\/autolivraria.com.br\/bc\/wp-content\/uploads\/2013\/04\/BMW-328i-02-168x168.jpg\" alt=\"\" width=\"168\" height=\"168\" data-srcset=\"https:\/\/autolivraria.com.br\/bc\/wp-content\/uploads\/2013\/04\/BMW-328i-02-168x168.jpg 168w, https:\/\/autolivraria.com.br\/bc\/wp-content\/uploads\/2013\/04\/BMW-328i-02-100x100.jpg 100w\" data-sizes=\"(max-width: 168px) 100vw, 168px\" src=\"data:image\/svg+xml;base64,PHN2ZyB3aWR0aD0iMSIgaGVpZ2h0PSIxIiB4bWxucz0iaHR0cDovL3d3dy53My5vcmcvMjAwMC9zdmciPjwvc3ZnPg==\" style=\"--smush-placeholder-width: 168px; --smush-placeholder-aspect-ratio: 168\/168;\" \/><\/a>\n\t\t\t\t<\/div><div class='clear'><\/div>\n<p style=\"text-align: center;\"><em><br \/>\nO estilo do novo S\u00e9rie 3 evolui o tema dos anteriores, com linhas que transmitem<br \/>\nclara esportividade; a frente baixa e o cap\u00f4 curvo causam certa estranheza<\/em><\/p>\n<p>&nbsp;<\/p>\n<h3>Concep\u00e7\u00e3o e estilo<\/h3>\n<p>A nova gera\u00e7\u00e3o (codinome F30) do S\u00e9rie 3 \u00e9 a sexta desde que o modelo foi apresentado, em 1975 \u2014 as outras estrearam em 1981, 1990, 1998 e 2004. No Brasil, a primeira a chegar mediante importa\u00e7\u00e3o oficial foi a terceira (E30), em 1990, sendo que a \u00faltima chegou ao mercado em 2012. O CC, que at\u00e9 o ano passado se chamava Passat CC (embora tenha sido sempre CC nos Estados Unidos), surgiu em 2008 como alternativa mais sofisticada e esportiva ao Passat convencional, cuja <a href=\"https:\/\/www.autolivraria.com.br\/cpassado3\/volkswagen-passat-1.htm\">hist\u00f3ria<\/a> come\u00e7ou em 1973. Permanece na primeira gera\u00e7\u00e3o, que acaba de ser reestilizada.<\/p>\n<p>&nbsp;<\/p>\n<blockquote><p>No 328i fica uma ressalva para a ampla curvatura do cap\u00f4, com a \u00e1rea central bem mais alta que a extremidade dianteira, consequ\u00eancia das normas de prote\u00e7\u00e3o a pedestres<\/p><\/blockquote>\n<p>&nbsp;<\/p>\n<p>O desenho do 328i preserva elementos tradicionais da marca como a grade dupla, os quatro refletores circulares dos far\u00f3is e a curva ao fim das janelas laterais, ao mesmo tempo em que atualiza o tema de estilo seguido pela gera\u00e7\u00e3o anterior E90. Sua apar\u00eancia \u00e9 claramente esportiva, acentuada pelo grande entre-eixos em rela\u00e7\u00e3o ao comprimento. Uma ressalva fica para a ampla curvatura do cap\u00f4, com a \u00e1rea central bem mais alta que a extremidade dianteira, o que se nota at\u00e9 nas fotos de frente \u2014 consequ\u00eancia das normas de prote\u00e7\u00e3o a pedestres em caso de atropelamento, que requerem espa\u00e7o livre acima dos \u00f3rg\u00e3os mec\u00e2nicos.<\/p>\n<p>No CC a identidade VW \u00e9 discreta, salvo pelo grande emblema na grade, mas o resultado impressiona bem: \u00e9 f\u00e1cil coloc\u00e1-lo entre os sed\u00e3s mais elegantes da produ\u00e7\u00e3o mundial. H\u00e1 detalhes muito felizes em suas linhas, como o vinco ascendente que passa acima das ma\u00e7anetas das portas e \u2014 seu item mais marcante \u2014 o teto de perfil muito suave, t\u00edpico de um cup\u00ea. Como j\u00e1 aconteceu com outros modelos da marca, a ado\u00e7\u00e3o de far\u00f3is e lanternas mais retil\u00edneos trouxe um aspecto mais robusto e sofisticado, embora os conjuntos anteriores talvez fossem mais harmoniosos \u00e0s formas suaves da carroceria.<\/p>\n<p>Com <a href=\"https:\/\/autolivraria.com.br\/bc\/glossario-c\/#cx\">coeficiente aerodin\u00e2mico (Cx)<\/a>\u00a0declarado de 0,29, o BMW \u00e9 mais favor\u00e1vel ao ar que o VW, que tem 0,31. Se considerada a \u00e1rea frontal, o primeiro modelo amplia sua vantagem e fica com o \u00edndice de 0,696 ante 0,763 do concorrente.<\/p>\n<p>&nbsp;<\/p>\n<p><a href=\"https:\/\/autolivraria.com.br\/bc\/wp-content\/uploads\/2013\/04\/VW-CC-03.jpg\"><img decoding=\"async\" class=\"aligncenter size-medium wp-image-24660 lazyload\" title=\"VW CC\" data-src=\"https:\/\/autolivraria.com.br\/bc\/wp-content\/uploads\/2013\/04\/VW-CC-03-560x373.jpg\" alt=\"\" width=\"560\" height=\"373\" data-srcset=\"https:\/\/autolivraria.com.br\/bc\/wp-content\/uploads\/2013\/04\/VW-CC-03-560x373.jpg 560w, https:\/\/autolivraria.com.br\/bc\/wp-content\/uploads\/2013\/04\/VW-CC-03-470x313.jpg 470w, https:\/\/autolivraria.com.br\/bc\/wp-content\/uploads\/2013\/04\/VW-CC-03-270x179.jpg 270w, https:\/\/autolivraria.com.br\/bc\/wp-content\/uploads\/2013\/04\/VW-CC-03.jpg 1280w\" data-sizes=\"(max-width: 560px) 100vw, 560px\" src=\"data:image\/svg+xml;base64,PHN2ZyB3aWR0aD0iMSIgaGVpZ2h0PSIxIiB4bWxucz0iaHR0cDovL3d3dy53My5vcmcvMjAwMC9zdmciPjwvc3ZnPg==\" style=\"--smush-placeholder-width: 560px; --smush-placeholder-aspect-ratio: 560\/373;\" \/><\/a><\/p>\n<p>&nbsp;<\/p>\n<div class='one_third'>\n\t\t\t\t\t<a href=\"https:\/\/autolivraria.com.br\/bc\/wp-content\/uploads\/2013\/04\/VW-CC-12.jpg\"><img decoding=\"async\" class=\"aligncenter size-thumbnail wp-image-24657 lazyload\" title=\"VW CC\" data-src=\"https:\/\/autolivraria.com.br\/bc\/wp-content\/uploads\/2013\/04\/VW-CC-12-168x168.jpg\" alt=\"\" width=\"168\" height=\"168\" data-srcset=\"https:\/\/autolivraria.com.br\/bc\/wp-content\/uploads\/2013\/04\/VW-CC-12-168x168.jpg 168w, https:\/\/autolivraria.com.br\/bc\/wp-content\/uploads\/2013\/04\/VW-CC-12-100x100.jpg 100w\" data-sizes=\"(max-width: 168px) 100vw, 168px\" src=\"data:image\/svg+xml;base64,PHN2ZyB3aWR0aD0iMSIgaGVpZ2h0PSIxIiB4bWxucz0iaHR0cDovL3d3dy53My5vcmcvMjAwMC9zdmciPjwvc3ZnPg==\" style=\"--smush-placeholder-width: 168px; --smush-placeholder-aspect-ratio: 168\/168;\" \/><\/a>\n\t\t\t\t<\/div>\n<div class='one_third'>\n\t\t\t\t\t<a href=\"https:\/\/autolivraria.com.br\/bc\/wp-content\/uploads\/2013\/04\/VW-CC-05.jpg\"><img decoding=\"async\" class=\"aligncenter size-thumbnail wp-image-24658 lazyload\" title=\"VW CC\" data-src=\"https:\/\/autolivraria.com.br\/bc\/wp-content\/uploads\/2013\/04\/VW-CC-05-168x168.jpg\" alt=\"\" width=\"168\" height=\"168\" data-srcset=\"https:\/\/autolivraria.com.br\/bc\/wp-content\/uploads\/2013\/04\/VW-CC-05-168x168.jpg 168w, https:\/\/autolivraria.com.br\/bc\/wp-content\/uploads\/2013\/04\/VW-CC-05-100x100.jpg 100w\" data-sizes=\"(max-width: 168px) 100vw, 168px\" src=\"data:image\/svg+xml;base64,PHN2ZyB3aWR0aD0iMSIgaGVpZ2h0PSIxIiB4bWxucz0iaHR0cDovL3d3dy53My5vcmcvMjAwMC9zdmciPjwvc3ZnPg==\" style=\"--smush-placeholder-width: 168px; --smush-placeholder-aspect-ratio: 168\/168;\" \/><\/a>\n\t\t\t\t<\/div>\n<div class='one_third last'>\n\t\t\t\t\t<a href=\"https:\/\/autolivraria.com.br\/bc\/wp-content\/uploads\/2013\/04\/VW-CC-02.jpg\"><img decoding=\"async\" class=\"aligncenter size-thumbnail wp-image-24659 lazyload\" title=\"VW CC\" data-src=\"https:\/\/autolivraria.com.br\/bc\/wp-content\/uploads\/2013\/04\/VW-CC-02-168x168.jpg\" alt=\"\" width=\"168\" height=\"168\" data-srcset=\"https:\/\/autolivraria.com.br\/bc\/wp-content\/uploads\/2013\/04\/VW-CC-02-168x168.jpg 168w, https:\/\/autolivraria.com.br\/bc\/wp-content\/uploads\/2013\/04\/VW-CC-02-100x100.jpg 100w\" data-sizes=\"(max-width: 168px) 100vw, 168px\" src=\"data:image\/svg+xml;base64,PHN2ZyB3aWR0aD0iMSIgaGVpZ2h0PSIxIiB4bWxucz0iaHR0cDovL3d3dy53My5vcmcvMjAwMC9zdmciPjwvc3ZnPg==\" style=\"--smush-placeholder-width: 168px; --smush-placeholder-aspect-ratio: 168\/168;\" \/><\/a>\n\t\t\t\t<\/div><div class='clear'><\/div>\n<p style=\"text-align: center;\"><em><br \/>\nO CC esbanja eleg\u00e2ncia, mas \u00e9 mais tradicional que o concorrente; a frente e a<br \/>\ntraseira ganharam linhas mais retas que destoam um pouco do conjunto<\/em><\/p>\n<p>&nbsp;<\/p>\n<h3>Conforto e conveni\u00eancia<\/h3>\n<p>Sofisticados como conv\u00e9m a carros de sua categoria, mas n\u00e3o ostensivos, pois foram desenhados com o princ\u00edpio de a forma seguir a fun\u00e7\u00e3o: assim s\u00e3o os interiores dos dois modelos. Os pain\u00e9is s\u00e3o s\u00f3brios, retil\u00edneos e sem grande ousadia no desenho, mas tudo est\u00e1 bem posicionado e resolvido. No CC seria interessante adotar outro formato, n\u00e3o o mesmo de um Passat de metade do pre\u00e7o, e um volante diferenciado \u2014 se o Gol se vangloria pelo volante de CC, hoje o CC deve se envergonhar do volante de Gol&#8230; Ponto alto \u00e9 sua escolha de materiais: denota mais capricho que no 328i, de bom aspecto geral, mas um tanto simples para um carro de seu valor.<\/p>\n<p>&nbsp;<\/p>\n<div class='code-block code-block-7' style='margin: 28px auto; text-align: center; display: block; clear: both;'>\n<br>\n<div align=\"center\">\n<a target=\"_blank\" href=\"https:\/\/bestcars.com.br\/bc\/\">\n<img decoding=\"async\" data-src=\"https:\/\/bestcars.com.br\/bc\/wp-content\/uploads\/2021\/07\/Auto-Livraria-450x300-quadros.jpg\" alt=\"Auto Livraria\" src=\"data:image\/svg+xml;base64,PHN2ZyB3aWR0aD0iMSIgaGVpZ2h0PSIxIiB4bWxucz0iaHR0cDovL3d3dy53My5vcmcvMjAwMC9zdmciPjwvc3ZnPg==\" class=\"lazyload\"><\/a>\n<\/div>\n<br><\/div>\n\n<p>&nbsp;<\/p>\n<p>Os bancos dianteiros de ambos os carros, firmes como se espera de alem\u00e3es, t\u00eam ajuste el\u00e9trico que inclui inclina\u00e7\u00e3o e duas mem\u00f3rias de posi\u00e7\u00e3o. No CC h\u00e1 ainda aquecimento e (como opcionais) ventila\u00e7\u00e3o e regulagem el\u00e9trica de intensidade e altura do apoio lombar \u2014 no BMW essa regi\u00e3o \u00e9 fixa e, a nosso ver, poderia apoiar de forma mais intensa. O recurso do VW permitiu oferecer um sistema de massagem: ao inflar e desinflar as bolsas de ar dessa regi\u00e3o, o banco pressiona as costas em diferentes pontos e ameniza o cansa\u00e7o em viagens. J\u00e1 a ventila\u00e7\u00e3o, embora seja natural e n\u00e3o refrigerada, reduz o desconforto de se sentar no banco de couro muito quente \u2014 poderia ser revista a luz indicadora de funcionamento, quase invis\u00edvel sob o sol.<\/p>\n<p>Embora simples, os pain\u00e9is de instrumentos re\u00fanem as informa\u00e7\u00f5es necess\u00e1rias, o que inclui veloc\u00edmetro digital e press\u00e3o individual dos pneus no VW (o BMW informa de maneira geral, a menos que haja perda de press\u00e3o). Ambos trazem term\u00f4metro de \u00f3leo, que no CC \u00e9 digital e no 328i vem no lugar habitual daquele do l\u00edquido de arrefecimento; poderia haver neste uma luz indicadora de motor frio (como nos Hondas) para compensar sua aus\u00eancia. Os computadores de bordo t\u00eam duas medi\u00e7\u00f5es e consumo indicado em nosso padr\u00e3o (km\/l). A ilumina\u00e7\u00e3o, eficaz nos dois, vem em branco no VW e em laranja no BMW.<\/p>\n<p>&nbsp;<\/p>\n<p><a href=\"https:\/\/autolivraria.com.br\/bc\/wp-content\/uploads\/2013\/04\/BMW-328i-int1.jpg\"><img decoding=\"async\" class=\"aligncenter size-medium wp-image-24661 lazyload\" title=\"BMW 328i\" data-src=\"https:\/\/autolivraria.com.br\/bc\/wp-content\/uploads\/2013\/04\/BMW-328i-int1-560x373.jpg\" alt=\"\" width=\"560\" height=\"373\" data-srcset=\"https:\/\/autolivraria.com.br\/bc\/wp-content\/uploads\/2013\/04\/BMW-328i-int1-560x373.jpg 560w, https:\/\/autolivraria.com.br\/bc\/wp-content\/uploads\/2013\/04\/BMW-328i-int1-470x313.jpg 470w, https:\/\/autolivraria.com.br\/bc\/wp-content\/uploads\/2013\/04\/BMW-328i-int1-270x179.jpg 270w, https:\/\/autolivraria.com.br\/bc\/wp-content\/uploads\/2013\/04\/BMW-328i-int1.jpg 1280w\" data-sizes=\"(max-width: 560px) 100vw, 560px\" src=\"data:image\/svg+xml;base64,PHN2ZyB3aWR0aD0iMSIgaGVpZ2h0PSIxIiB4bWxucz0iaHR0cDovL3d3dy53My5vcmcvMjAwMC9zdmciPjwvc3ZnPg==\" style=\"--smush-placeholder-width: 560px; --smush-placeholder-aspect-ratio: 560\/373;\" \/><\/a><\/p>\n<p>&nbsp;<\/p>\n<div class='one_third'>\n\t\t\t\t\t<a href=\"https:\/\/autolivraria.com.br\/bc\/wp-content\/uploads\/2013\/04\/BMW-328i-bco1.jpg\"><img decoding=\"async\" class=\"aligncenter size-thumbnail wp-image-24662 lazyload\" title=\"BMW 328i\" data-src=\"https:\/\/autolivraria.com.br\/bc\/wp-content\/uploads\/2013\/04\/BMW-328i-bco1-168x168.jpg\" alt=\"\" width=\"168\" height=\"168\" data-srcset=\"https:\/\/autolivraria.com.br\/bc\/wp-content\/uploads\/2013\/04\/BMW-328i-bco1-168x168.jpg 168w, https:\/\/autolivraria.com.br\/bc\/wp-content\/uploads\/2013\/04\/BMW-328i-bco1-100x100.jpg 100w\" data-sizes=\"(max-width: 168px) 100vw, 168px\" src=\"data:image\/svg+xml;base64,PHN2ZyB3aWR0aD0iMSIgaGVpZ2h0PSIxIiB4bWxucz0iaHR0cDovL3d3dy53My5vcmcvMjAwMC9zdmciPjwvc3ZnPg==\" style=\"--smush-placeholder-width: 168px; --smush-placeholder-aspect-ratio: 168\/168;\" \/><\/a>\n\t\t\t\t<\/div>\n<div class='one_third'>\n\t\t\t\t\t<a href=\"https:\/\/autolivraria.com.br\/bc\/wp-content\/uploads\/2013\/04\/BMW-328i-bco2.jpg\"><img decoding=\"async\" class=\"aligncenter size-thumbnail wp-image-24663 lazyload\" title=\"BMW 328i\" data-src=\"https:\/\/autolivraria.com.br\/bc\/wp-content\/uploads\/2013\/04\/BMW-328i-bco2-168x168.jpg\" alt=\"\" width=\"168\" height=\"168\" data-srcset=\"https:\/\/autolivraria.com.br\/bc\/wp-content\/uploads\/2013\/04\/BMW-328i-bco2-168x168.jpg 168w, https:\/\/autolivraria.com.br\/bc\/wp-content\/uploads\/2013\/04\/BMW-328i-bco2-100x100.jpg 100w\" data-sizes=\"(max-width: 168px) 100vw, 168px\" src=\"data:image\/svg+xml;base64,PHN2ZyB3aWR0aD0iMSIgaGVpZ2h0PSIxIiB4bWxucz0iaHR0cDovL3d3dy53My5vcmcvMjAwMC9zdmciPjwvc3ZnPg==\" style=\"--smush-placeholder-width: 168px; --smush-placeholder-aspect-ratio: 168\/168;\" \/><\/a>\n\t\t\t\t<\/div>\n<div class='one_third last'>\n\t\t\t\t\t<a href=\"https:\/\/autolivraria.com.br\/bc\/wp-content\/uploads\/2013\/04\/BMW-328i-instr.jpg\"><img decoding=\"async\" class=\"aligncenter size-thumbnail wp-image-24664 lazyload\" title=\"BMW 328i\" data-src=\"https:\/\/autolivraria.com.br\/bc\/wp-content\/uploads\/2013\/04\/BMW-328i-instr-168x168.jpg\" alt=\"\" width=\"168\" height=\"168\" data-srcset=\"https:\/\/autolivraria.com.br\/bc\/wp-content\/uploads\/2013\/04\/BMW-328i-instr-168x168.jpg 168w, https:\/\/autolivraria.com.br\/bc\/wp-content\/uploads\/2013\/04\/BMW-328i-instr-100x100.jpg 100w\" data-sizes=\"(max-width: 168px) 100vw, 168px\" src=\"data:image\/svg+xml;base64,PHN2ZyB3aWR0aD0iMSIgaGVpZ2h0PSIxIiB4bWxucz0iaHR0cDovL3d3dy53My5vcmcvMjAwMC9zdmciPjwvc3ZnPg==\" style=\"--smush-placeholder-width: 168px; --smush-placeholder-aspect-ratio: 168\/168;\" \/><\/a>\n\t\t\t\t<\/div><div class='clear'><\/div>\n<p style=\"text-align: center;\"><em><br \/>\nO interior do BMW \u00e9 mais simples do que a faixa de pre\u00e7o faz esperar, mas<\/em><br \/>\n<em>tudo foi bem desenhado; os bons bancos poderiam ter ajuste lombar<\/em><\/p>\n<p>&nbsp;<\/p>\n<p>Na parte central do painel, amplas telas de cristal l\u00edquido servem a diferentes fun\u00e7\u00f5es, como sistema de \u00e1udio e ajustes de climatiza\u00e7\u00e3o; tamb\u00e9m navegador como opcional no VW (com voz em portugu\u00eas brasileiro e at\u00e9 uma busca de postos de combust\u00edvel) e manual digital de instru\u00e7\u00f5es no BMW. No CC o comando \u00e9 por toques na tela, com bot\u00f5es redundantes para as principais fun\u00e7\u00f5es, enquanto no 328i usa-se o bot\u00e3o do sistema IDrive no console, que evita deixar impress\u00f5es digitais na tela. Os sistemas de \u00e1udio contam com entrada auxiliar (USB, s\u00f3 no BMW; para cart\u00e3o SD e Ipod, apenas no VW), sendo a qualidade de som excelente no caso do CC.<\/p>\n<p>&nbsp;<\/p>\n<blockquote><p>O VW oferece massagem: ao inflar e desinflar as bolsas de ar na regi\u00e3o lombar, o banco pressiona as costas em diferentes pontos e ameniza o cansa\u00e7o em viagens<\/p><\/blockquote>\n<p>&nbsp;<\/p>\n<p>Um item conveniente e de seguran\u00e7a no VW \u00e9 o controle de dist\u00e2ncia at\u00e9 o tr\u00e1fego \u00e0 frente, Front Assist. Pode-se acionar o <a href=\"https:\/\/autolivraria.com.br\/bc\/glossario-c\/#cont\">controlador de velocidade<\/a>, que se encarrega de acelerar e frear o carro para acompanhar o ritmo do tr\u00e2nsito (incluindo paradas), ou apenas deixar ativo o monitor, que ent\u00e3o alerta o motorista para frear caso a dist\u00e2ncia esteja insuficiente. No primeiro caso, como o sistema tem um limite de aplica\u00e7\u00e3o de freios, o condutor ainda ser\u00e1 chamado a agir se for necess\u00e1ria uma frenagem mais intensa.<\/p>\n<p>Exclusivos do BMW s\u00e3o o sistema autom\u00e1tico de <a href=\"https:\/\/autolivraria.com.br\/bc\/glossario-p\/#para\">parada e partida<\/a> do motor, que ajuda a reduzir consumo e emiss\u00f5es, desativando o motor quando se mant\u00e9m o pedal de freio acionado com o c\u00e2mbio em <em>D<\/em> (desde que n\u00e3o haja requisi\u00e7\u00e3o excessiva de energia, como ar-condicionado a pleno), e a sele\u00e7\u00e3o de modo de dirigir entre os programas Sport, Comfort e EcoPro. Este \u00faltimo ajusta par\u00e2metros \u2014 como respostas do acelerador e trocas autom\u00e1ticas de marcha \u2014 para m\u00e1xima economia e, como est\u00edmulo ao uso, aponta o ganho acumulado em quil\u00f4metros de autonomia. \u00c9 clara a diferen\u00e7a de resposta ao comando do p\u00e9 direito entre o Sport e os demais programas.<\/p>\n<table border=\"0\">\n<tbody>\n<tr>\n<td><a href='https:\/\/autolivraria.com.br\/bc\/informe-se\/avaliacao\/comparativo\/bmw-328i-e-volkswagen-cc-o-plebeu-dos-nobres-o-nobre-dos-plebeus\/3\/' class='small-button smallsilver'>Pr\u00f3xima parte<\/a><\/td>\n<\/tr>\n<\/tbody>\n<\/table>\n<p>&nbsp;<\/p>\n<p>&nbsp;<\/p>\n<p><!--nextpage--><\/p>\n<p><a href=\"https:\/\/autolivraria.com.br\/bc\/wp-content\/uploads\/2013\/04\/VW-CC-int1.jpg\"><img decoding=\"async\" class=\"aligncenter size-medium wp-image-24665 lazyload\" title=\"VW CC\" data-src=\"https:\/\/autolivraria.com.br\/bc\/wp-content\/uploads\/2013\/04\/VW-CC-int1-560x373.jpg\" alt=\"\" width=\"560\" height=\"373\" data-srcset=\"https:\/\/autolivraria.com.br\/bc\/wp-content\/uploads\/2013\/04\/VW-CC-int1-560x373.jpg 560w, https:\/\/autolivraria.com.br\/bc\/wp-content\/uploads\/2013\/04\/VW-CC-int1-470x313.jpg 470w, https:\/\/autolivraria.com.br\/bc\/wp-content\/uploads\/2013\/04\/VW-CC-int1-270x179.jpg 270w, https:\/\/autolivraria.com.br\/bc\/wp-content\/uploads\/2013\/04\/VW-CC-int1.jpg 1280w\" data-sizes=\"(max-width: 560px) 100vw, 560px\" src=\"data:image\/svg+xml;base64,PHN2ZyB3aWR0aD0iMSIgaGVpZ2h0PSIxIiB4bWxucz0iaHR0cDovL3d3dy53My5vcmcvMjAwMC9zdmciPjwvc3ZnPg==\" style=\"--smush-placeholder-width: 560px; --smush-placeholder-aspect-ratio: 560\/373;\" \/><\/a><\/p>\n<p>&nbsp;<\/p>\n<div class='one_third'>\n\t\t\t\t\t<a href=\"https:\/\/autolivraria.com.br\/bc\/wp-content\/uploads\/2013\/04\/VW-CC-bco1.jpg\"><img decoding=\"async\" class=\"aligncenter size-thumbnail wp-image-24723 lazyload\" title=\"VW CC\" data-src=\"https:\/\/autolivraria.com.br\/bc\/wp-content\/uploads\/2013\/04\/VW-CC-bco1-168x168.jpg\" alt=\"\" width=\"168\" height=\"168\" data-srcset=\"https:\/\/autolivraria.com.br\/bc\/wp-content\/uploads\/2013\/04\/VW-CC-bco1-168x168.jpg 168w, https:\/\/autolivraria.com.br\/bc\/wp-content\/uploads\/2013\/04\/VW-CC-bco1-100x100.jpg 100w\" data-sizes=\"(max-width: 168px) 100vw, 168px\" src=\"data:image\/svg+xml;base64,PHN2ZyB3aWR0aD0iMSIgaGVpZ2h0PSIxIiB4bWxucz0iaHR0cDovL3d3dy53My5vcmcvMjAwMC9zdmciPjwvc3ZnPg==\" style=\"--smush-placeholder-width: 168px; --smush-placeholder-aspect-ratio: 168\/168;\" \/><\/a>\n\t\t\t\t<\/div>\n<div class='one_third'>\n\t\t\t\t\t<a href=\"https:\/\/autolivraria.com.br\/bc\/wp-content\/uploads\/2013\/04\/VW-CC-bco2.jpg\"><img decoding=\"async\" class=\"aligncenter size-thumbnail wp-image-24724 lazyload\" title=\"VW CC\" data-src=\"https:\/\/autolivraria.com.br\/bc\/wp-content\/uploads\/2013\/04\/VW-CC-bco2-168x168.jpg\" alt=\"\" width=\"168\" height=\"168\" data-srcset=\"https:\/\/autolivraria.com.br\/bc\/wp-content\/uploads\/2013\/04\/VW-CC-bco2-168x168.jpg 168w, https:\/\/autolivraria.com.br\/bc\/wp-content\/uploads\/2013\/04\/VW-CC-bco2-100x100.jpg 100w\" data-sizes=\"(max-width: 168px) 100vw, 168px\" src=\"data:image\/svg+xml;base64,PHN2ZyB3aWR0aD0iMSIgaGVpZ2h0PSIxIiB4bWxucz0iaHR0cDovL3d3dy53My5vcmcvMjAwMC9zdmciPjwvc3ZnPg==\" style=\"--smush-placeholder-width: 168px; --smush-placeholder-aspect-ratio: 168\/168;\" \/><\/a>\n\t\t\t\t<\/div>\n<div class='one_third last'>\n\t\t\t\t\t<a href=\"https:\/\/autolivraria.com.br\/bc\/wp-content\/uploads\/2013\/04\/VW-CC-instr.jpg\"><img decoding=\"async\" class=\"aligncenter size-thumbnail wp-image-24725 lazyload\" title=\"VW CC\" data-src=\"https:\/\/autolivraria.com.br\/bc\/wp-content\/uploads\/2013\/04\/VW-CC-instr-168x168.jpg\" alt=\"\" width=\"168\" height=\"168\" data-srcset=\"https:\/\/autolivraria.com.br\/bc\/wp-content\/uploads\/2013\/04\/VW-CC-instr-168x168.jpg 168w, https:\/\/autolivraria.com.br\/bc\/wp-content\/uploads\/2013\/04\/VW-CC-instr-100x100.jpg 100w\" data-sizes=\"(max-width: 168px) 100vw, 168px\" src=\"data:image\/svg+xml;base64,PHN2ZyB3aWR0aD0iMSIgaGVpZ2h0PSIxIiB4bWxucz0iaHR0cDovL3d3dy53My5vcmcvMjAwMC9zdmciPjwvc3ZnPg==\" style=\"--smush-placeholder-width: 168px; --smush-placeholder-aspect-ratio: 168\/168;\" \/><\/a>\n\t\t\t\t<\/div><div class='clear'><\/div>\n<p style=\"text-align: center;\"><em><br \/>\nO VW agrada mais pela apar\u00eancia interna e a escolha dos materiais, al\u00e9m de ter<br \/>\ndiversas comodidades exclusivas; o acesso ao banco traseiro pode incomodar<\/em><\/p>\n<p>&nbsp;<\/p>\n<p>Os dois autom\u00f3veis trazem teto solar (item de s\u00e9rie s\u00f3 no BMW), mas o do CC n\u00e3o corre para tr\u00e1s, o que limita seu uso, e usa como forro uma tela perfurada que deixa passar bem mais sol e calor do que o desej\u00e1vel em um pa\u00eds tropical \u2014 merece revis\u00e3o urgente. Podem-se destravar as portas desse modelo com a chave no bolso, mas n\u00e3o no 328i, embora ambos detectem sua presen\u00e7a para permitir a partida do motor por bot\u00e3o. Os controles el\u00e9tricos de vidros incluem\u00a0<a href=\"https:\/\/autolivraria.com.br\/bc\/glossario-u\/#umto\">fun\u00e7\u00e3o um-toque<\/a>\u00a0para todos,\u00a0<a href=\"https:\/\/autolivraria.com.br\/bc\/glossario-t\/#temp\">temporizador<\/a>\u00a0e controle remoto para sua abertura ou fechamento (o teto solar acompanha, mas no BMW s\u00f3 abre ap\u00f3s a descida total dos vidros, o que permite evitar a abertura).<\/p>\n<p>&nbsp;<\/p>\n<blockquote><p>No CC, o assistente de estacionamento Park Assist coloca o carro em vaga paralela ou perpendicular ao tr\u00e1fego, bastando ao condutor frear e usar o c\u00e2mbio<\/p><\/blockquote>\n<p>&nbsp;<\/p>\n<p>Manobras de marcha \u00e0 r\u00e9 contam com o aux\u00edlio de imagens da c\u00e2mera traseira, que traz guias inteligentes (movem-se conforme a posi\u00e7\u00e3o do volante) e no CC usa o interessante artif\u00edcio de se ocultar no logotipo da marca: ao aparecer s\u00f3 quando acionada, resguarda-se da sujeira ao rodar.\u00a0<a href=\"https:\/\/autolivraria.com.br\/bc\/glossario-s\/#esta\">Sensores de estacionamento<\/a>, que v\u00eam apenas na traseira no BMW, monitoram tamb\u00e9m a frente e as laterais no VW \u2014 apontam um poste ou \u00e1rvore junto \u00e0s portas, por exemplo.<\/p>\n<p>Mas o motorista do CC pode ir al\u00e9m e acionar o assistente de estacionamento Park Assist, que coloca o carro em vaga paralela ou perpendicular ao tr\u00e1fego, bastando ao condutor frear e usar o c\u00e2mbio. Outra comodidade do modelo \u00e9 o Auto Hold, dispositivo que ret\u00e9m o carro parado sem que se toquem os pedais de freio e acelerador. N\u00e3o se trata apenas de reten\u00e7\u00e3o tempor\u00e1ria em rampas para facilitar a sa\u00edda: no tr\u00e2nsito denso, basta frear e soltar o pedal, enquanto o BMW requer uso cont\u00ednuo do freio (se for liberado, o motor religa e o carro volta a rodar).<\/p>\n<p>&nbsp;<\/p>\n<div class='one_third'>\n\t\t\t\t\t<a href=\"https:\/\/autolivraria.com.br\/bc\/wp-content\/uploads\/2013\/04\/BMW-328i-det-6.jpg\"><img decoding=\"async\" class=\"aligncenter size-thumbnail wp-image-24726 lazyload\" title=\"BMW 328i\" data-src=\"https:\/\/autolivraria.com.br\/bc\/wp-content\/uploads\/2013\/04\/BMW-328i-det-6-168x168.jpg\" alt=\"\" width=\"168\" height=\"168\" data-srcset=\"https:\/\/autolivraria.com.br\/bc\/wp-content\/uploads\/2013\/04\/BMW-328i-det-6-168x168.jpg 168w, https:\/\/autolivraria.com.br\/bc\/wp-content\/uploads\/2013\/04\/BMW-328i-det-6-100x100.jpg 100w\" data-sizes=\"(max-width: 168px) 100vw, 168px\" src=\"data:image\/svg+xml;base64,PHN2ZyB3aWR0aD0iMSIgaGVpZ2h0PSIxIiB4bWxucz0iaHR0cDovL3d3dy53My5vcmcvMjAwMC9zdmciPjwvc3ZnPg==\" style=\"--smush-placeholder-width: 168px; --smush-placeholder-aspect-ratio: 168\/168;\" \/><\/a>\n\t\t\t\t<\/div>\n<div class='one_third'>\n\t\t\t\t\t<a href=\"https:\/\/autolivraria.com.br\/bc\/wp-content\/uploads\/2013\/04\/BMW-328i-det-4.jpg\"><img decoding=\"async\" class=\"aligncenter size-thumbnail wp-image-24727 lazyload\" title=\"BMW 328i\" data-src=\"https:\/\/autolivraria.com.br\/bc\/wp-content\/uploads\/2013\/04\/BMW-328i-det-4-168x168.jpg\" alt=\"\" width=\"168\" height=\"168\" data-srcset=\"https:\/\/autolivraria.com.br\/bc\/wp-content\/uploads\/2013\/04\/BMW-328i-det-4-168x168.jpg 168w, https:\/\/autolivraria.com.br\/bc\/wp-content\/uploads\/2013\/04\/BMW-328i-det-4-100x100.jpg 100w\" data-sizes=\"(max-width: 168px) 100vw, 168px\" src=\"data:image\/svg+xml;base64,PHN2ZyB3aWR0aD0iMSIgaGVpZ2h0PSIxIiB4bWxucz0iaHR0cDovL3d3dy53My5vcmcvMjAwMC9zdmciPjwvc3ZnPg==\" style=\"--smush-placeholder-width: 168px; --smush-placeholder-aspect-ratio: 168\/168;\" \/><\/a>\n\t\t\t\t<\/div>\n<div class='one_third last'>\n\t\t\t\t\t<a href=\"https:\/\/autolivraria.com.br\/bc\/wp-content\/uploads\/2013\/04\/BMW-328i-det-16.jpg\"><img decoding=\"async\" class=\"aligncenter size-thumbnail wp-image-24728 lazyload\" title=\"BMW 328i\" data-src=\"https:\/\/autolivraria.com.br\/bc\/wp-content\/uploads\/2013\/04\/BMW-328i-det-16-168x168.jpg\" alt=\"\" width=\"168\" height=\"168\" data-srcset=\"https:\/\/autolivraria.com.br\/bc\/wp-content\/uploads\/2013\/04\/BMW-328i-det-16-168x168.jpg 168w, https:\/\/autolivraria.com.br\/bc\/wp-content\/uploads\/2013\/04\/BMW-328i-det-16-100x100.jpg 100w\" data-sizes=\"(max-width: 168px) 100vw, 168px\" src=\"data:image\/svg+xml;base64,PHN2ZyB3aWR0aD0iMSIgaGVpZ2h0PSIxIiB4bWxucz0iaHR0cDovL3d3dy53My5vcmcvMjAwMC9zdmciPjwvc3ZnPg==\" style=\"--smush-placeholder-width: 168px; --smush-placeholder-aspect-ratio: 168\/168;\" \/><\/a>\n\t\t\t\t<\/div><div class='clear'><\/div>\n<p>&nbsp;<\/p>\n<div class='one_third'>\n\t\t\t\t\t<a href=\"https:\/\/autolivraria.com.br\/bc\/wp-content\/uploads\/2013\/04\/BMW-328i-det-9.jpg\"><img decoding=\"async\" class=\"aligncenter size-thumbnail wp-image-24729 lazyload\" title=\"BMW 328i\" data-src=\"https:\/\/autolivraria.com.br\/bc\/wp-content\/uploads\/2013\/04\/BMW-328i-det-9-168x168.jpg\" alt=\"\" width=\"168\" height=\"168\" data-srcset=\"https:\/\/autolivraria.com.br\/bc\/wp-content\/uploads\/2013\/04\/BMW-328i-det-9-168x168.jpg 168w, https:\/\/autolivraria.com.br\/bc\/wp-content\/uploads\/2013\/04\/BMW-328i-det-9-100x100.jpg 100w\" data-sizes=\"(max-width: 168px) 100vw, 168px\" src=\"data:image\/svg+xml;base64,PHN2ZyB3aWR0aD0iMSIgaGVpZ2h0PSIxIiB4bWxucz0iaHR0cDovL3d3dy53My5vcmcvMjAwMC9zdmciPjwvc3ZnPg==\" style=\"--smush-placeholder-width: 168px; --smush-placeholder-aspect-ratio: 168\/168;\" \/><\/a>\n\t\t\t\t<\/div>\n<div class='one_third'>\n\t\t\t\t\t<a href=\"https:\/\/autolivraria.com.br\/bc\/wp-content\/uploads\/2013\/04\/BMW-328i-det-10.jpg\"><img decoding=\"async\" class=\"aligncenter size-thumbnail wp-image-24730 lazyload\" title=\"BMW 328i\" data-src=\"https:\/\/autolivraria.com.br\/bc\/wp-content\/uploads\/2013\/04\/BMW-328i-det-10-168x168.jpg\" alt=\"\" width=\"168\" height=\"168\" data-srcset=\"https:\/\/autolivraria.com.br\/bc\/wp-content\/uploads\/2013\/04\/BMW-328i-det-10-168x168.jpg 168w, https:\/\/autolivraria.com.br\/bc\/wp-content\/uploads\/2013\/04\/BMW-328i-det-10-100x100.jpg 100w\" data-sizes=\"(max-width: 168px) 100vw, 168px\" src=\"data:image\/svg+xml;base64,PHN2ZyB3aWR0aD0iMSIgaGVpZ2h0PSIxIiB4bWxucz0iaHR0cDovL3d3dy53My5vcmcvMjAwMC9zdmciPjwvc3ZnPg==\" style=\"--smush-placeholder-width: 168px; --smush-placeholder-aspect-ratio: 168\/168;\" \/><\/a>\n\t\t\t\t<\/div>\n<div class='one_third last'>\n\t\t\t\t\t<a href=\"https:\/\/autolivraria.com.br\/bc\/wp-content\/uploads\/2013\/04\/BMW-328i-det-8.jpg\"><img decoding=\"async\" class=\"aligncenter size-thumbnail wp-image-24731 lazyload\" title=\"BMW 328i\" data-src=\"https:\/\/autolivraria.com.br\/bc\/wp-content\/uploads\/2013\/04\/BMW-328i-det-8-168x168.jpg\" alt=\"\" width=\"168\" height=\"168\" data-srcset=\"https:\/\/autolivraria.com.br\/bc\/wp-content\/uploads\/2013\/04\/BMW-328i-det-8-168x168.jpg 168w, https:\/\/autolivraria.com.br\/bc\/wp-content\/uploads\/2013\/04\/BMW-328i-det-8-100x100.jpg 100w\" data-sizes=\"(max-width: 168px) 100vw, 168px\" src=\"data:image\/svg+xml;base64,PHN2ZyB3aWR0aD0iMSIgaGVpZ2h0PSIxIiB4bWxucz0iaHR0cDovL3d3dy53My5vcmcvMjAwMC9zdmciPjwvc3ZnPg==\" style=\"--smush-placeholder-width: 168px; --smush-placeholder-aspect-ratio: 168\/168;\" \/><\/a>\n\t\t\t\t<\/div><div class='clear'><\/div>\n<p style=\"text-align: center;\"><em>\u00a0<\/em><br \/>\n<em>No 328i o comando no console controla a tela multifun\u00e7\u00e3o, que traz manual digital<\/em><br \/>\n<em>e explica o modo de condu\u00e7\u00e3o selecionado; o motor tem parada\/partida autom\u00e1tica<\/em><\/p>\n<p>&nbsp;<\/p>\n<p>Como se espera nessa faixa de pre\u00e7os, s\u00e3o dois modelos muito bem equipados. Entre os itens de conveni\u00eancia est\u00e3o ar-condicionado autom\u00e1tico de duas zonas de ajuste, comandos de \u00e1udio e telefone no volante (tamb\u00e9m do computador de bordo no CC), retrovisor interno <a href=\"https:\/\/autolivraria.com.br\/bc\/glossario-r\/#retr\">fotocr\u00f4mico<\/a>, alerta program\u00e1vel para excesso de velocidade, acionamento autom\u00e1tico de far\u00f3is e limpador de para-brisa, molas a g\u00e1s para sustentar o cap\u00f4 aberto, alarme antifurto com ultrassom, alerta para uso do cinto e para porta mal fechada (espec\u00edfico), quatro luzes de leitura, apoios de bra\u00e7o centrais \u00e0 frente e atr\u00e1s, ma\u00e7anetas internas em cor de alum\u00ednio (de metal apenas no CC), tomada de 12 volts para os passageiros de tr\u00e1s, para-s\u00f3is com espelhos iluminados, porta-luvas com fechadura e vidros traseiros que descem por inteiro.<\/p>\n<p>&nbsp;<\/p>\n<div class='code-block code-block-7' style='margin: 28px auto; text-align: center; display: block; clear: both;'>\n<br>\n<div align=\"center\">\n<a target=\"_blank\" href=\"https:\/\/bestcars.com.br\/bc\/\">\n<img decoding=\"async\" data-src=\"https:\/\/bestcars.com.br\/bc\/wp-content\/uploads\/2021\/07\/Auto-Livraria-450x300-quadros.jpg\" alt=\"Auto Livraria\" src=\"data:image\/svg+xml;base64,PHN2ZyB3aWR0aD0iMSIgaGVpZ2h0PSIxIiB4bWxucz0iaHR0cDovL3d3dy53My5vcmcvMjAwMC9zdmciPjwvc3ZnPg==\" class=\"lazyload\"><\/a>\n<\/div>\n<br><\/div>\n\n<p>&nbsp;<\/p>\n<p>Outras vantagens para o CC s\u00e3o freio de estacionamento com controle el\u00e9trico,\u00a0extens\u00e3o de ar-condicionado para o porta-luvas (falta inaceit\u00e1vel no BMW, j\u00e1 que um simples Toyota Etios a traz),\u00a0cortina contra sol no vidro traseiro com acionamento el\u00e9trico, porta-copos, acendedor de cigarros, destravamento da porta do motorista em separado e espa\u00e7o bem mais adequado para objetos no console central. Suas portas n\u00e3o t\u00eam molduras nas janelas, o que contribui para a sensa\u00e7\u00e3o de cup\u00ea quando abertas. Deveria mudar o acabamento junto \u00e0 alavanca de c\u00e2mbio, que causa reflexo sob o sol.<\/p>\n<p>Em contrapartida, o 328i tem abertura da portinhola de abastecimento conjugada \u00e0 trava central (no CC precisa-se acionar um bot\u00e3o), cinco n\u00edveis para o modo autom\u00e1tico do ar-condicionado, quatro al\u00e7as de teto (nenhuma no VW, talvez por falta de espa\u00e7o adequado sem interferir com as bolsas infl\u00e1veis de cortina) e faixa degrad\u00ea no para-brisa (embora mais clara do que o ideal). Para abrir seu cap\u00f4, basta puxar duas vezes a alavanca e erguer a pe\u00e7a, sem precisar procurar uma trava em meio \u00e0 regi\u00e3o sempre suja; duas travas aumentam a seguran\u00e7a contra abertura indevida.<\/p>\n<p>&nbsp;<\/p>\n<div class='one_third'>\n\t\t\t\t\t<a href=\"https:\/\/autolivraria.com.br\/bc\/wp-content\/uploads\/2013\/04\/VW-CC-det-13.jpg\"><img decoding=\"async\" class=\"aligncenter size-thumbnail wp-image-24732 lazyload\" title=\"VW CC\" data-src=\"https:\/\/autolivraria.com.br\/bc\/wp-content\/uploads\/2013\/04\/VW-CC-det-13-168x168.jpg\" alt=\"\" width=\"168\" height=\"168\" data-srcset=\"https:\/\/autolivraria.com.br\/bc\/wp-content\/uploads\/2013\/04\/VW-CC-det-13-168x168.jpg 168w, https:\/\/autolivraria.com.br\/bc\/wp-content\/uploads\/2013\/04\/VW-CC-det-13-100x100.jpg 100w\" data-sizes=\"(max-width: 168px) 100vw, 168px\" src=\"data:image\/svg+xml;base64,PHN2ZyB3aWR0aD0iMSIgaGVpZ2h0PSIxIiB4bWxucz0iaHR0cDovL3d3dy53My5vcmcvMjAwMC9zdmciPjwvc3ZnPg==\" style=\"--smush-placeholder-width: 168px; --smush-placeholder-aspect-ratio: 168\/168;\" \/><\/a>\n\t\t\t\t<\/div>\n<div class='one_third'>\n\t\t\t\t\t<a href=\"https:\/\/autolivraria.com.br\/bc\/wp-content\/uploads\/2013\/04\/VW-CC-det-15.jpg\"><img decoding=\"async\" class=\"aligncenter size-thumbnail wp-image-24733 lazyload\" title=\"VW CC\" data-src=\"https:\/\/autolivraria.com.br\/bc\/wp-content\/uploads\/2013\/04\/VW-CC-det-15-168x168.jpg\" alt=\"\" width=\"168\" height=\"168\" data-srcset=\"https:\/\/autolivraria.com.br\/bc\/wp-content\/uploads\/2013\/04\/VW-CC-det-15-168x168.jpg 168w, https:\/\/autolivraria.com.br\/bc\/wp-content\/uploads\/2013\/04\/VW-CC-det-15-100x100.jpg 100w\" data-sizes=\"(max-width: 168px) 100vw, 168px\" src=\"data:image\/svg+xml;base64,PHN2ZyB3aWR0aD0iMSIgaGVpZ2h0PSIxIiB4bWxucz0iaHR0cDovL3d3dy53My5vcmcvMjAwMC9zdmciPjwvc3ZnPg==\" style=\"--smush-placeholder-width: 168px; --smush-placeholder-aspect-ratio: 168\/168;\" \/><\/a>\n\t\t\t\t<\/div>\n<div class='one_third last'>\n\t\t\t\t\t<a href=\"https:\/\/autolivraria.com.br\/bc\/wp-content\/uploads\/2013\/04\/VW-CC-det-18.jpg\"><img decoding=\"async\" class=\"aligncenter size-thumbnail wp-image-24734 lazyload\" title=\"VW CC\" data-src=\"https:\/\/autolivraria.com.br\/bc\/wp-content\/uploads\/2013\/04\/VW-CC-det-18-168x168.jpg\" alt=\"\" width=\"168\" height=\"168\" data-srcset=\"https:\/\/autolivraria.com.br\/bc\/wp-content\/uploads\/2013\/04\/VW-CC-det-18-168x168.jpg 168w, https:\/\/autolivraria.com.br\/bc\/wp-content\/uploads\/2013\/04\/VW-CC-det-18-100x100.jpg 100w\" data-sizes=\"(max-width: 168px) 100vw, 168px\" src=\"data:image\/svg+xml;base64,PHN2ZyB3aWR0aD0iMSIgaGVpZ2h0PSIxIiB4bWxucz0iaHR0cDovL3d3dy53My5vcmcvMjAwMC9zdmciPjwvc3ZnPg==\" style=\"--smush-placeholder-width: 168px; --smush-placeholder-aspect-ratio: 168\/168;\" \/><\/a>\n\t\t\t\t<\/div><div class='clear'><\/div>\n<p>&nbsp;<\/p>\n<div class='one_third'>\n\t\t\t\t\t<a href=\"https:\/\/autolivraria.com.br\/bc\/wp-content\/uploads\/2013\/04\/VW-CC-det-14.jpg\"><img decoding=\"async\" class=\"aligncenter size-thumbnail wp-image-24735 lazyload\" title=\"VW CC\" data-src=\"https:\/\/autolivraria.com.br\/bc\/wp-content\/uploads\/2013\/04\/VW-CC-det-14-168x168.jpg\" alt=\"\" width=\"168\" height=\"168\" data-srcset=\"https:\/\/autolivraria.com.br\/bc\/wp-content\/uploads\/2013\/04\/VW-CC-det-14-168x168.jpg 168w, https:\/\/autolivraria.com.br\/bc\/wp-content\/uploads\/2013\/04\/VW-CC-det-14-100x100.jpg 100w\" data-sizes=\"(max-width: 168px) 100vw, 168px\" src=\"data:image\/svg+xml;base64,PHN2ZyB3aWR0aD0iMSIgaGVpZ2h0PSIxIiB4bWxucz0iaHR0cDovL3d3dy53My5vcmcvMjAwMC9zdmciPjwvc3ZnPg==\" style=\"--smush-placeholder-width: 168px; --smush-placeholder-aspect-ratio: 168\/168;\" \/><\/a>\n\t\t\t\t<\/div>\n<div class='one_third'>\n\t\t\t\t\t<a href=\"https:\/\/autolivraria.com.br\/bc\/wp-content\/uploads\/2013\/04\/VW-CC-det-11.jpg\"><img decoding=\"async\" class=\"aligncenter size-thumbnail wp-image-24736 lazyload\" title=\"VW CC\" data-src=\"https:\/\/autolivraria.com.br\/bc\/wp-content\/uploads\/2013\/04\/VW-CC-det-11-168x168.jpg\" alt=\"\" width=\"168\" height=\"168\" data-srcset=\"https:\/\/autolivraria.com.br\/bc\/wp-content\/uploads\/2013\/04\/VW-CC-det-11-168x168.jpg 168w, https:\/\/autolivraria.com.br\/bc\/wp-content\/uploads\/2013\/04\/VW-CC-det-11-100x100.jpg 100w\" data-sizes=\"(max-width: 168px) 100vw, 168px\" src=\"data:image\/svg+xml;base64,PHN2ZyB3aWR0aD0iMSIgaGVpZ2h0PSIxIiB4bWxucz0iaHR0cDovL3d3dy53My5vcmcvMjAwMC9zdmciPjwvc3ZnPg==\" style=\"--smush-placeholder-width: 168px; --smush-placeholder-aspect-ratio: 168\/168;\" \/><\/a>\n\t\t\t\t<\/div>\n<div class='one_third last'>\n\t\t\t\t\t<a href=\"https:\/\/autolivraria.com.br\/bc\/wp-content\/uploads\/2013\/04\/VW-CC-det-10.jpg\"><img decoding=\"async\" class=\"aligncenter size-thumbnail wp-image-24737 lazyload\" title=\"VW CC\" data-src=\"https:\/\/autolivraria.com.br\/bc\/wp-content\/uploads\/2013\/04\/VW-CC-det-10-168x168.jpg\" alt=\"\" width=\"168\" height=\"168\" data-srcset=\"https:\/\/autolivraria.com.br\/bc\/wp-content\/uploads\/2013\/04\/VW-CC-det-10-168x168.jpg 168w, https:\/\/autolivraria.com.br\/bc\/wp-content\/uploads\/2013\/04\/VW-CC-det-10-100x100.jpg 100w\" data-sizes=\"(max-width: 168px) 100vw, 168px\" src=\"data:image\/svg+xml;base64,PHN2ZyB3aWR0aD0iMSIgaGVpZ2h0PSIxIiB4bWxucz0iaHR0cDovL3d3dy53My5vcmcvMjAwMC9zdmciPjwvc3ZnPg==\" style=\"--smush-placeholder-width: 168px; --smush-placeholder-aspect-ratio: 168\/168;\" \/><\/a>\n\t\t\t\t<\/div><div class='clear'><\/div>\n<p style=\"text-align: center;\"><em>\u00a0<\/em><br \/>\n<em>Itens exclusivos do CC: controle de dist\u00e2ncia \u00e0 frente, assistente para estacionar, banco<\/em><br \/>\n<em>com massagem, reten\u00e7\u00e3o Auto Hold e tela com navegador que at\u00e9 procura postos<\/em><\/p>\n<p>&nbsp;<\/p>\n<p>N\u00e3o \u00e9 pelo espa\u00e7o interno que o interessado far\u00e1 sua escolha, pois os dois modelos s\u00e3o muito parecidos nesse quesito: amplos na frente, com boa largura e \u00f3tima acomoda\u00e7\u00e3o para pernas no banco traseiro, mas com altura \u00fatil apenas regular para quem se senta atr\u00e1s. Embora tenham espa\u00e7o para cinco pessoas, o passageiro central vai mal acomodado nos dois \u2014 pior no BMW, tanto pelo assento quanto pelo volumoso t\u00fanel central no assoalho \u2014, al\u00e9m de tirar o conforto dos colegas ao lado, pois o banco \u00e9 conformado para dois ocupantes. Inc\u00f4modo no CC \u00e9 o acesso a tal banco, pela forma &#8220;de cup\u00ea&#8221; do teto, que requer aten\u00e7\u00e3o especial para n\u00e3o bater a cabe\u00e7a e torna um drama colocar um beb\u00ea em sua cadeira.<\/p>\n<p>&nbsp;<\/p>\n<blockquote><p>No BMW a bateria agora vem junto ao motor e n\u00e3o mais sob o porta-malas, como mandam as tradi\u00e7\u00f5es da marca para melhor distribui\u00e7\u00e3o de peso \u2014 e onde ela fica no VW<\/p><\/blockquote>\n<p>&nbsp;<\/p>\n<p>A capacidade de bagagem do 328i n\u00e3o \u00e9 expoente, 480 litros, mas supera a do CC, de apenas 452 litros, ambos com porta-malas menores que os da maioria dos sed\u00e3s compactos. Nos dois o comando a dist\u00e2ncia faz a tampa se erguer por inteiro, o que facilita ao chegar ao carro com as m\u00e3os carregadas. Os bra\u00e7os da tampa s\u00e3o convencionais e consomem espa\u00e7o interno, o que n\u00e3o acontecia com as <a href=\"https:\/\/autolivraria.com.br\/bc\/glossario-a\/#arti\">articula\u00e7\u00f5es pantogr\u00e1ficas<\/a> do S\u00e9rie 3 anterior; ao menos o uso de locais reservados evita que amassem a bagagem.<\/p>\n<p>No 328i a bateria agora vem junto ao motor e n\u00e3o mais sob o porta-malas, como mandam as tradi\u00e7\u00f5es da marca para melhor distribui\u00e7\u00e3o de peso \u2014 e onde ela fica no CC. Ainda no BMW o banco traseiro \u00e9 tripartido 40:20:40, mais pr\u00e1tico que o bipartido 60:40 do VW. Este \u00faltimo vem com estepe integral, at\u00e9 mesmo com roda de alum\u00ednio, um requinte quase extinto em nossos dias de redu\u00e7\u00e3o de custos; o BMW dispensa-o ao usar pneus do tipo roda-vazio, que permite certa dist\u00e2ncia em velocidade moderada quando ocorre um furo.<\/p>\n<div>\n<table border=\"0\">\n<tbody>\n<tr>\n<td><a href='https:\/\/autolivraria.com.br\/bc\/informe-se\/avaliacao\/comparativo\/bmw-328i-e-volkswagen-cc-o-plebeu-dos-nobres-o-nobre-dos-plebeus\/4\/' class='small-button smallsilver'>Pr\u00f3xima parte<\/a><\/td>\n<\/tr>\n<\/tbody>\n<\/table>\n<p>&nbsp;<\/p>\n<\/div>\n<div class='et-box et-shadow'>\n\t\t\t\t\t<div class='et-box-content'><h2>Equipamentos de s\u00e9rie e opcionais<\/h2>\n<table id=\"table5992\" style=\"width: 100%;\" border=\"0\" cellspacing=\"0\" cellpadding=\"3\">\n<tbody>\n<tr>\n<td width=\"60%\"><\/td>\n<td width=\"20%\">\n<h1>328i<\/h1>\n<\/td>\n<td width=\"20%\">\n<h1>CC<\/h1>\n<\/td>\n<\/tr>\n<tr>\n<td width=\"60%\">Ajuste de altura dos bancos mot.\/pas.<\/td>\n<td width=\"20%\">S\/S<\/td>\n<td width=\"20%\">S\/S<\/td>\n<\/tr>\n<tr>\n<td width=\"60%\">Ajuste de apoio lombar mot.\/pas.<\/td>\n<td width=\"20%\">ND<\/td>\n<td width=\"20%\">S\/S<\/td>\n<\/tr>\n<tr>\n<td width=\"60%\">Ajuste do volante em altura\/dist\u00e2ncia<\/td>\n<td width=\"20%\">S\/S<\/td>\n<td width=\"20%\">S\/S<\/td>\n<\/tr>\n<tr>\n<td width=\"60%\">Ajuste el\u00e9trico dos bancos mot.\/pas.<\/td>\n<td width=\"20%\">S\/S<\/td>\n<td width=\"20%\">S\/S<\/td>\n<\/tr>\n<tr>\n<td width=\"60%\">Ajuste el\u00e9trico dos retrovisores<\/td>\n<td width=\"20%\">S<\/td>\n<td width=\"20%\">S<\/td>\n<\/tr>\n<tr>\n<td width=\"60%\">Alarme antifurto\/controle a dist\u00e2ncia<\/td>\n<td width=\"20%\">S\/S<\/td>\n<td width=\"20%\">S\/S<\/td>\n<\/tr>\n<tr>\n<td width=\"60%\">Aquecimento<\/td>\n<td width=\"20%\">S<\/td>\n<td width=\"20%\">S<\/td>\n<\/tr>\n<tr>\n<td width=\"60%\">Ar-condicionado\/controle autom\u00e1tico\/zonas<\/td>\n<td width=\"20%\">S\/S\/2<\/td>\n<td width=\"20%\">S\/S\/2<\/td>\n<\/tr>\n<tr>\n<td width=\"60%\">Bancos\/volante revestidos em couro<\/td>\n<td width=\"20%\">S\/S<\/td>\n<td width=\"20%\">S\/S<\/td>\n<\/tr>\n<tr>\n<td width=\"60%\">Bolsas infl\u00e1veis frontais\/laterais\/cortinas<\/td>\n<td width=\"20%\">S\/S\/S<\/td>\n<td width=\"20%\">S\/S\/S<\/td>\n<\/tr>\n<tr>\n<td width=\"60%\">C\u00e2mbio autom\u00e1tico\/automatizado<\/td>\n<td width=\"20%\">S\/ND<\/td>\n<td width=\"20%\">ND\/S<\/td>\n<\/tr>\n<tr>\n<td width=\"60%\">C\u00e2mera traseira para manobras<\/td>\n<td width=\"20%\">S<\/td>\n<td width=\"20%\">S<\/td>\n<\/tr>\n<tr>\n<td width=\"60%\">Cintos de tr\u00eas pontos, todos os ocupantes<\/td>\n<td width=\"20%\">S<\/td>\n<td width=\"20%\">S<\/td>\n<\/tr>\n<tr>\n<td width=\"60%\">Computador de bordo<\/td>\n<td width=\"20%\">S<\/td>\n<td width=\"20%\">S<\/td>\n<\/tr>\n<tr>\n<td width=\"60%\">Conta-giros<\/td>\n<td width=\"20%\">S<\/td>\n<td width=\"20%\">S<\/td>\n<\/tr>\n<tr>\n<td width=\"60%\">Controlador\/limitador de velocidade<\/td>\n<td width=\"20%\">S\/ND<\/td>\n<td width=\"20%\">S\/ND<\/td>\n<\/tr>\n<tr>\n<td width=\"60%\">Controle de tra\u00e7\u00e3o\/estabilidade<\/td>\n<td width=\"20%\">S\/S<\/td>\n<td width=\"20%\">S\/S<\/td>\n<\/tr>\n<tr>\n<td width=\"60%\">Controle el\u00e9trico dos vidros diant.\/tras.<\/td>\n<td width=\"20%\">S\/S<\/td>\n<td width=\"20%\">S\/S<\/td>\n<\/tr>\n<tr>\n<td width=\"60%\">Controles de \u00e1udio no volante<\/td>\n<td width=\"20%\">S<\/td>\n<td width=\"20%\">S<\/td>\n<\/tr>\n<tr>\n<td width=\"60%\">Dire\u00e7\u00e3o assistida<\/td>\n<td width=\"20%\">S<\/td>\n<td width=\"20%\">S<\/td>\n<\/tr>\n<tr>\n<td width=\"60%\">Encosto de cabe\u00e7a, todos os ocupantes<\/td>\n<td width=\"20%\">S<\/td>\n<td width=\"20%\">S<\/td>\n<\/tr>\n<tr>\n<td width=\"60%\">Far\u00f3is com l\u00e2mpadas de xen\u00f4nio<\/td>\n<td width=\"20%\">S<\/td>\n<td width=\"20%\">S<\/td>\n<\/tr>\n<tr>\n<td width=\"60%\">Far\u00f3is de neblina<\/td>\n<td width=\"20%\">S<\/td>\n<td width=\"20%\">S<\/td>\n<\/tr>\n<tr>\n<td width=\"60%\">Far\u00f3is\/limpador de para-brisa autom\u00e1tico<\/td>\n<td width=\"20%\">S\/S<\/td>\n<td width=\"20%\">S\/S<\/td>\n<\/tr>\n<tr>\n<td width=\"60%\">Freios antitravamento (ABS)<\/td>\n<td width=\"20%\">S<\/td>\n<td width=\"20%\">S<\/td>\n<\/tr>\n<tr>\n<td width=\"60%\">Interface Bluetooth para telefone celular<\/td>\n<td width=\"20%\">S<\/td>\n<td width=\"20%\">S<\/td>\n<\/tr>\n<tr>\n<td width=\"60%\">Limpador\/lavador do vidro traseiro<\/td>\n<td width=\"20%\">NA<\/td>\n<td width=\"20%\">NA<\/td>\n<\/tr>\n<tr>\n<td width=\"60%\">Luz traseira de neblina<\/td>\n<td width=\"20%\">S<\/td>\n<td width=\"20%\">S<\/td>\n<\/tr>\n<tr>\n<td width=\"60%\">Navegador por GPS<\/td>\n<td width=\"20%\">ND<\/td>\n<td width=\"20%\">O<\/td>\n<\/tr>\n<tr>\n<td width=\"60%\">R\u00e1dio com toca-CDs\/MP3<\/td>\n<td width=\"20%\">S\/S<\/td>\n<td width=\"20%\">S\/S<\/td>\n<\/tr>\n<tr>\n<td width=\"60%\">Repetidores laterais das luzes de dire\u00e7\u00e3o<\/td>\n<td width=\"20%\">S<\/td>\n<td width=\"20%\">S<\/td>\n<\/tr>\n<tr>\n<td width=\"60%\">Retrovisor interno fotocr\u00f4mico<\/td>\n<td width=\"20%\">S<\/td>\n<td width=\"20%\">S<\/td>\n<\/tr>\n<tr>\n<td width=\"60%\">Rodas de alum\u00ednio<\/td>\n<td width=\"20%\">S<\/td>\n<td width=\"20%\">S<\/td>\n<\/tr>\n<tr>\n<td width=\"60%\">Sensores de estacionamento diant.\/tras.<\/td>\n<td width=\"20%\">ND\/S<\/td>\n<td width=\"20%\">S\/S<\/td>\n<\/tr>\n<tr>\n<td width=\"60%\">Teto solar\/comando el\u00e9trico<\/td>\n<td width=\"20%\">S\/S<\/td>\n<td width=\"20%\">O\/O<\/td>\n<\/tr>\n<tr>\n<td width=\"60%\">Travamento central das portas<\/td>\n<td width=\"20%\">S<\/td>\n<td width=\"20%\">S<\/td>\n<\/tr>\n<tr>\n<td colspan=\"3\" width=\"100%\">Conven\u00e7\u00f5es: S = de s\u00e9rie; O = opcional; ND = n\u00e3o dispon\u00edvel; NA = n\u00e3o aplic\u00e1vel<\/td>\n<\/tr>\n<\/tbody>\n<\/table><\/div><\/div>\n<table border=\"0\">\n<tbody>\n<tr>\n<td><a href='https:\/\/autolivraria.com.br\/bc\/informe-se\/avaliacao\/comparativo\/bmw-328i-e-volkswagen-cc-o-plebeu-dos-nobres-o-nobre-dos-plebeus\/4\/' class='small-button smallsilver'>Pr\u00f3xima parte<\/a><\/td>\n<\/tr>\n<\/tbody>\n<\/table>\n<p>&nbsp;<\/p>\n<p>&nbsp;<\/p>\n<p><!--nextpage--><\/p>\n<p><a href=\"https:\/\/autolivraria.com.br\/bc\/wp-content\/uploads\/2013\/04\/BMW-328i-mov-03.jpg\"><img decoding=\"async\" class=\"aligncenter size-medium wp-image-24738 lazyload\" title=\"BMW 328i\" data-src=\"https:\/\/autolivraria.com.br\/bc\/wp-content\/uploads\/2013\/04\/BMW-328i-mov-03-560x373.jpg\" alt=\"\" width=\"560\" height=\"373\" data-srcset=\"https:\/\/autolivraria.com.br\/bc\/wp-content\/uploads\/2013\/04\/BMW-328i-mov-03-560x373.jpg 560w, https:\/\/autolivraria.com.br\/bc\/wp-content\/uploads\/2013\/04\/BMW-328i-mov-03-470x313.jpg 470w, https:\/\/autolivraria.com.br\/bc\/wp-content\/uploads\/2013\/04\/BMW-328i-mov-03-270x179.jpg 270w, https:\/\/autolivraria.com.br\/bc\/wp-content\/uploads\/2013\/04\/BMW-328i-mov-03.jpg 1280w\" data-sizes=\"(max-width: 560px) 100vw, 560px\" src=\"data:image\/svg+xml;base64,PHN2ZyB3aWR0aD0iMSIgaGVpZ2h0PSIxIiB4bWxucz0iaHR0cDovL3d3dy53My5vcmcvMjAwMC9zdmciPjwvc3ZnPg==\" style=\"--smush-placeholder-width: 560px; --smush-placeholder-aspect-ratio: 560\/373;\" \/><\/a><\/p>\n<p style=\"text-align: center;\"><em>\u00a0<\/em><br \/>\n<em>Mais leve e com o mesmo torque dispon\u00edvel em rota\u00e7\u00e3o bem mais baixa, o BMW cativa<\/em><br \/>\n<em>pelas respostas r\u00e1pidas, mas o motor turbo n\u00e3o tem o som do cl\u00e1ssico seis-cilindros\u00a0<\/em><\/p>\n<p>&nbsp;<\/p>\n<h3>Mec\u00e2nica, comportamento e seguran\u00e7a<\/h3>\n<p>Temos aqui duas escolas distintas em termos de mec\u00e2nica (<a href=\"https:\/\/autolivraria.com.br\/bc\/informe-se\/avaliacao\/comparativo\/bmw-328i-e-volkswagen-cc-o-plebeu-dos-nobres-o-nobre-dos-plebeus\/5\/#ct\">leia mais sobre t\u00e9cnica<\/a>). O uso de turbocompressor garante <a href=\"https:\/\/autolivraria.com.br\/bc\/glossario-p\/#pote\">pot\u00eancia espec\u00edfica<\/a> bem mais alta ao BMW, 122,7 cv por litro ante 83,4 do VW, mas em n\u00fameros absolutos o segundo ainda oferece mais: 300 contra 245 cv. Em torque m\u00e1ximo h\u00e1 empate em 35,7 m.kgf, mas o b\u00e1varo se destaca por sua distribui\u00e7\u00e3o por uma ampla faixa, de 1.250 a 4.800 rpm, enquanto o concorrente o obt\u00e9m a (ainda baixas) 2.400 rpm.<\/p>\n<p>&nbsp;<\/p>\n<blockquote><p>Vantagem para o VW: o puro &#8220;rosnar&#8221; do seis-cilindros aspirado encanta bem mais que o som do BMW, t\u00edpico de motores turbo, ao qual falta a identidade da marca<\/p><\/blockquote>\n<p>&nbsp;<\/p>\n<p>Essa distin\u00e7\u00e3o pode ser notada ao dirigir: o 328i desenvolve melhor em baixas rota\u00e7\u00f5es, abaixo de 2.500 rpm, enquanto o CC requer mais giros para entrar em sua melhor fase, at\u00e9 mesmo por pesar 200 kg a mais. Os dois motores s\u00e3o isentos de vibra\u00e7\u00f5es e muito silenciosos no uso normal, mas oferecem uma agrad\u00e1vel &#8220;trilha sonora&#8221; quando mais exigidos. Aqui, vantagem para o VW: o puro &#8220;rosnar&#8221; do seis-cilindros aspirado encanta bem mais que o som do BMW, t\u00edpico de motores turbo, ao qual falta a identidade da marca \u2014 e que, nesse aspecto, deixa saudades do seis-em-linha aspirado da gera\u00e7\u00e3o anterior.<\/p>\n<p>&nbsp;<\/p>\n<p><a href=\"https:\/\/autolivraria.com.br\/bc\/wp-content\/uploads\/2013\/04\/VW-CC-mov-03.jpg\"><img decoding=\"async\" class=\"aligncenter size-medium wp-image-24739 lazyload\" title=\"VW CC\" data-src=\"https:\/\/autolivraria.com.br\/bc\/wp-content\/uploads\/2013\/04\/VW-CC-mov-03-560x373.jpg\" alt=\"\" width=\"560\" height=\"373\" data-srcset=\"https:\/\/autolivraria.com.br\/bc\/wp-content\/uploads\/2013\/04\/VW-CC-mov-03-560x373.jpg 560w, https:\/\/autolivraria.com.br\/bc\/wp-content\/uploads\/2013\/04\/VW-CC-mov-03-470x313.jpg 470w, https:\/\/autolivraria.com.br\/bc\/wp-content\/uploads\/2013\/04\/VW-CC-mov-03-270x179.jpg 270w, https:\/\/autolivraria.com.br\/bc\/wp-content\/uploads\/2013\/04\/VW-CC-mov-03.jpg 1280w\" data-sizes=\"(max-width: 560px) 100vw, 560px\" src=\"data:image\/svg+xml;base64,PHN2ZyB3aWR0aD0iMSIgaGVpZ2h0PSIxIiB4bWxucz0iaHR0cDovL3d3dy53My5vcmcvMjAwMC9zdmciPjwvc3ZnPg==\" style=\"--smush-placeholder-width: 560px; --smush-placeholder-aspect-ratio: 560\/373;\" \/><\/a><\/p>\n<p style=\"text-align: center;\"><em>\u00a0<\/em><br \/>\n<em>A pot\u00eancia adicional (55 cv) do motor do CC demanda rota\u00e7\u00f5es para ser fornecida;<br \/>\n<\/em><em>j\u00e1 o som do V6 aspirado de 3,6 litros em alta rota\u00e7\u00e3o \u00e9 m\u00fasica para entusiastas<\/em><\/p>\n<p>&nbsp;<\/p>\n<p>Afinal, qual anda mais? A simula\u00e7\u00e3o apontou vantagem do 328i em todos os quesitos, como ao acelerar de 0 a 100 km\/h em 6 segundos ante 7,3 s do CC. \u00c9 verdade que a velocidade m\u00e1xima de ambos \u00e9 a mesma (limitada a 250 km\/h e com potencial para 256) e que os dois carros oferecem desempenho em altas doses, mas a vantagem do b\u00e1varo n\u00e3o pode ser desprezada. E mais: ele foi bastante mais econ\u00f4mico que o oponente, caso da marca de 12 km\/l no ciclo rodovi\u00e1rio contra apenas 9 do rival (<a href=\"https:\/\/autolivraria.com.br\/bc\/informe-se\/avaliacao\/comparativo\/bmw-328i-e-volkswagen-cc-o-plebeu-dos-nobres-o-nobre-dos-plebeus\/6\/\">veja os n\u00fameros e a an\u00e1lise detalhada<\/a>).<\/p>\n<p>&nbsp;<\/p>\n<div class='code-block code-block-7' style='margin: 28px auto; text-align: center; display: block; clear: both;'>\n<script async src=\"https:\/\/pagead2.googlesyndication.com\/pagead\/js\/adsbygoogle.js\"><\/script>\n<!-- AL-quadrado -->\n<ins class=\"adsbygoogle\"\n     style=\"display:block\"\n     data-ad-client=\"ca-pub-1914799802606213\"\n     data-ad-slot=\"5683066082\"\n     data-ad-format=\"auto\"\n     data-full-width-responsive=\"true\"><\/ins>\n<script>\n     (adsbygoogle = window.adsbygoogle || []).push({});\n<\/script><\/div>\n\n<p>&nbsp;<\/p>\n<p>Os carros diferem tamb\u00e9m em caixa de c\u00e2mbio: a automatizada DSG de dupla embreagem com seis marchas no CC, uma autom\u00e1tica tradicional com conversor de torque e oito marchas no 328i. A primeira tem a receita para um funcionamento mais eficiente, com menores perdas de energia, mas n\u00e3o se pode esquecer que a segunda \u00e9 uma caixa de \u00faltima gera\u00e7\u00e3o, com m\u00ednimo uso do conversor de torque e duas marchas a mais.<\/p>\n<p>Se n\u00e3o a suavidade das mudan\u00e7as, que \u00e9 irrepreens\u00edvel em ambas, a autom\u00e1tica do BMW tem uma vantagem: o deslizamento do conversor produz um aumento de rota\u00e7\u00f5es nas sa\u00eddas que se traduz em agilidade \u2014 pode-se perceber no VW certa hesita\u00e7\u00e3o nessa condi\u00e7\u00e3o, pois o motor precisa mover o carro em um regime com torque algo modesto. Se o objetivo for arrancar forte, por\u00e9m, basta pisar fundo com o c\u00e2mbio do CC em modo esportivo para o V6 ser levado a 3.000 rpm na sa\u00edda. Ele tem ainda bom efeito de &#8220;rastejar&#8221; <em>(creeping<\/em> em ingl\u00eas), que movimenta o carro lentamente sem uso do acelerador, ao contr\u00e1rio de outros modelos com DSG que avaliamos.<\/p>\n<p>&nbsp;<\/p>\n<div class='one_third'>\n\t\t\t\t\t<a href=\"https:\/\/autolivraria.com.br\/bc\/wp-content\/uploads\/2013\/04\/BMW-328i-06.jpg\"><img decoding=\"async\" class=\"aligncenter size-thumbnail wp-image-24759 lazyload\" title=\"BMW 328i\" data-src=\"https:\/\/autolivraria.com.br\/bc\/wp-content\/uploads\/2013\/04\/BMW-328i-06-168x168.jpg\" alt=\"\" width=\"168\" height=\"168\" data-srcset=\"https:\/\/autolivraria.com.br\/bc\/wp-content\/uploads\/2013\/04\/BMW-328i-06-168x168.jpg 168w, https:\/\/autolivraria.com.br\/bc\/wp-content\/uploads\/2013\/04\/BMW-328i-06-100x100.jpg 100w\" data-sizes=\"(max-width: 168px) 100vw, 168px\" src=\"data:image\/svg+xml;base64,PHN2ZyB3aWR0aD0iMSIgaGVpZ2h0PSIxIiB4bWxucz0iaHR0cDovL3d3dy53My5vcmcvMjAwMC9zdmciPjwvc3ZnPg==\" style=\"--smush-placeholder-width: 168px; --smush-placeholder-aspect-ratio: 168\/168;\" \/><\/a>\n\t\t\t\t<\/div>\n<div class='one_third'>\n\t\t\t\t\t<a href=\"https:\/\/autolivraria.com.br\/bc\/wp-content\/uploads\/2013\/04\/BMW-328i-mtr1.jpg\"><img decoding=\"async\" class=\"aligncenter size-thumbnail wp-image-24760 lazyload\" title=\"BMW 328i\" data-src=\"https:\/\/autolivraria.com.br\/bc\/wp-content\/uploads\/2013\/04\/BMW-328i-mtr1-168x168.jpg\" alt=\"\" width=\"168\" height=\"168\" data-srcset=\"https:\/\/autolivraria.com.br\/bc\/wp-content\/uploads\/2013\/04\/BMW-328i-mtr1-168x168.jpg 168w, https:\/\/autolivraria.com.br\/bc\/wp-content\/uploads\/2013\/04\/BMW-328i-mtr1-100x100.jpg 100w\" data-sizes=\"(max-width: 168px) 100vw, 168px\" src=\"data:image\/svg+xml;base64,PHN2ZyB3aWR0aD0iMSIgaGVpZ2h0PSIxIiB4bWxucz0iaHR0cDovL3d3dy53My5vcmcvMjAwMC9zdmciPjwvc3ZnPg==\" style=\"--smush-placeholder-width: 168px; --smush-placeholder-aspect-ratio: 168\/168;\" \/><\/a>\n\t\t\t\t<\/div>\n<div class='one_third last'>\n\t\t\t\t\t<a href=\"https:\/\/autolivraria.com.br\/bc\/wp-content\/uploads\/2013\/04\/BMW-328i-cambio1.jpg\"><img decoding=\"async\" class=\"aligncenter size-thumbnail wp-image-24761 lazyload\" title=\"BMW 328i\" data-src=\"https:\/\/autolivraria.com.br\/bc\/wp-content\/uploads\/2013\/04\/BMW-328i-cambio1-168x168.jpg\" alt=\"\" width=\"168\" height=\"168\" data-srcset=\"https:\/\/autolivraria.com.br\/bc\/wp-content\/uploads\/2013\/04\/BMW-328i-cambio1-168x168.jpg 168w, https:\/\/autolivraria.com.br\/bc\/wp-content\/uploads\/2013\/04\/BMW-328i-cambio1-100x100.jpg 100w\" data-sizes=\"(max-width: 168px) 100vw, 168px\" src=\"data:image\/svg+xml;base64,PHN2ZyB3aWR0aD0iMSIgaGVpZ2h0PSIxIiB4bWxucz0iaHR0cDovL3d3dy53My5vcmcvMjAwMC9zdmciPjwvc3ZnPg==\" style=\"--smush-placeholder-width: 168px; --smush-placeholder-aspect-ratio: 168\/168;\" \/><\/a>\n\t\t\t\t<\/div><div class='clear'><\/div>\n<p style=\"text-align: center;\"><em>\u00a0<\/em><br \/>\n<em>Com turbo, o 2,0-litros do BMW n\u00e3o fica distante do 3,6 do VW em pot\u00eancia;\u00a0o<\/em><br \/>\n<em> c\u00e2mbio autom\u00e1tico de oito marchas permite trocas manuais apenas pela alavanca<\/em><\/p>\n<p>&nbsp;<\/p>\n<p>Em termos de intera\u00e7\u00e3o do motorista, cada fabricante fez sua escolha. O 328i permite mudan\u00e7as manuais s\u00f3 pela alavanca seletora, movida para tr\u00e1s nas trocas para cima, sentido contr\u00e1rio ao do CC \u2014 que traz ainda comandos atr\u00e1s do volante para o mesmo fim. Essa forma de operar, associada ao n\u00famero de marchas, acaba por desestimular o motorista do BMW \u00e0 sele\u00e7\u00e3o manual: fazem-se mudan\u00e7as demais, uma ap\u00f3s a outra, quando se tenta andar r\u00e1pido e a tend\u00eancia \u00e9 recolocar em <em>D<\/em> e deixar a caixa decidir por si mesma \u2014 o que, ali\u00e1s, ela faz com maestria.<\/p>\n<p>&nbsp;<\/p>\n<blockquote><p>O 328i tem controle eletr\u00f4nico dos amortecedores, ajustado pelos programas Sport, Comfort e EcoPro; selecionar um dos dois \u00faltimos resulta em rodar bem confort\u00e1vel<\/p><\/blockquote>\n<p>&nbsp;<\/p>\n<p>A alavanca do BMW tem a peculiaridade da marca: est\u00e1 sempre na mesma posi\u00e7\u00e3o, \u00e0 qual retorna ap\u00f3s a sele\u00e7\u00e3o pelo motorista, e usa um bot\u00e3o para acionar o bloqueio da caixa (posi\u00e7\u00e3o <em>P<\/em>). Funciona bem, mas nos primeiros dias com o carro \u00e9 comum dar comandos indesejados, como colocar marcha \u00e0 r\u00e9 empurrando a alavanca quando o objetivo era passar a <em>P<\/em>.<\/p>\n<p>Nos dois, a posi\u00e7\u00e3o <em>S<\/em> da alavanca aciona o programa esportivo, que mant\u00e9m a atua\u00e7\u00e3o autom\u00e1tica, mas usa marchas mais baixas para ganhar agilidade e ampliar o efeito de freio-motor. Em modo manual, o c\u00e2mbio passa \u00e0 marcha superior no limite de giros e faz redu\u00e7\u00f5es autom\u00e1ticas ao se atingir o fim de curso do acelerador, mas permite retomar em baixa rota\u00e7\u00e3o (usando o <a href=\"https:\/\/autolivraria.com.br\/bc\/glossario-m\/#meto\">m\u00e9todo carga<\/a> como receita de efici\u00eancia) com boa parte do acelerador aberto. Mesmo em atua\u00e7\u00e3o autom\u00e1tica essa forma de condu\u00e7\u00e3o \u00e9 poss\u00edvel, j\u00e1 que as caixas s\u00e3o bem calibradas e n\u00e3o fazem redu\u00e7\u00f5es desnecess\u00e1rias como, por exemplo, \u00e9 habitual nos carros de marcas japonesas.<\/p>\n<p>&nbsp;<\/p>\n<div class='one_third'>\n\t\t\t\t\t<a href=\"https:\/\/autolivraria.com.br\/bc\/wp-content\/uploads\/2013\/04\/VW-CC-06.jpg\"><img decoding=\"async\" class=\"aligncenter size-thumbnail wp-image-24762 lazyload\" title=\"VW CC\" data-src=\"https:\/\/autolivraria.com.br\/bc\/wp-content\/uploads\/2013\/04\/VW-CC-06-168x168.jpg\" alt=\"\" width=\"168\" height=\"168\" data-srcset=\"https:\/\/autolivraria.com.br\/bc\/wp-content\/uploads\/2013\/04\/VW-CC-06-168x168.jpg 168w, https:\/\/autolivraria.com.br\/bc\/wp-content\/uploads\/2013\/04\/VW-CC-06-100x100.jpg 100w\" data-sizes=\"(max-width: 168px) 100vw, 168px\" src=\"data:image\/svg+xml;base64,PHN2ZyB3aWR0aD0iMSIgaGVpZ2h0PSIxIiB4bWxucz0iaHR0cDovL3d3dy53My5vcmcvMjAwMC9zdmciPjwvc3ZnPg==\" style=\"--smush-placeholder-width: 168px; --smush-placeholder-aspect-ratio: 168\/168;\" \/><\/a>\n\t\t\t\t<\/div>\n<div class='one_third'>\n\t\t\t\t\t<a href=\"https:\/\/autolivraria.com.br\/bc\/wp-content\/uploads\/2013\/04\/VW-CC-mtr1.jpg\"><img decoding=\"async\" class=\"aligncenter size-thumbnail wp-image-24763 lazyload\" title=\"VW CC\" data-src=\"https:\/\/autolivraria.com.br\/bc\/wp-content\/uploads\/2013\/04\/VW-CC-mtr1-168x168.jpg\" alt=\"\" width=\"168\" height=\"168\" data-srcset=\"https:\/\/autolivraria.com.br\/bc\/wp-content\/uploads\/2013\/04\/VW-CC-mtr1-168x168.jpg 168w, https:\/\/autolivraria.com.br\/bc\/wp-content\/uploads\/2013\/04\/VW-CC-mtr1-100x100.jpg 100w\" data-sizes=\"(max-width: 168px) 100vw, 168px\" src=\"data:image\/svg+xml;base64,PHN2ZyB3aWR0aD0iMSIgaGVpZ2h0PSIxIiB4bWxucz0iaHR0cDovL3d3dy53My5vcmcvMjAwMC9zdmciPjwvc3ZnPg==\" style=\"--smush-placeholder-width: 168px; --smush-placeholder-aspect-ratio: 168\/168;\" \/><\/a>\n\t\t\t\t<\/div>\n<div class='one_third last'>\n\t\t\t\t\t<a href=\"https:\/\/autolivraria.com.br\/bc\/wp-content\/uploads\/2013\/04\/VW-CC-cambio1.jpg\"><img decoding=\"async\" class=\"aligncenter size-thumbnail wp-image-24764 lazyload\" title=\"VW CC\" data-src=\"https:\/\/autolivraria.com.br\/bc\/wp-content\/uploads\/2013\/04\/VW-CC-cambio1-168x168.jpg\" alt=\"\" width=\"168\" height=\"168\" data-srcset=\"https:\/\/autolivraria.com.br\/bc\/wp-content\/uploads\/2013\/04\/VW-CC-cambio1-168x168.jpg 168w, https:\/\/autolivraria.com.br\/bc\/wp-content\/uploads\/2013\/04\/VW-CC-cambio1-100x100.jpg 100w\" data-sizes=\"(max-width: 168px) 100vw, 168px\" src=\"data:image\/svg+xml;base64,PHN2ZyB3aWR0aD0iMSIgaGVpZ2h0PSIxIiB4bWxucz0iaHR0cDovL3d3dy53My5vcmcvMjAwMC9zdmciPjwvc3ZnPg==\" style=\"--smush-placeholder-width: 168px; --smush-placeholder-aspect-ratio: 168\/168;\" \/><\/a>\n\t\t\t\t<\/div><div class='clear'><\/div>\n<p style=\"text-align: center;\"><em>\u00a0<\/em><br \/>\n<em>Cilindros em &#8220;V&#8221; estreito e tra\u00e7\u00e3o integral s\u00e3o peculiaridades do VW; a caixa de seis<\/em><br \/>\n<em>marchas e dupla embreagem opera muito bem e traz comandos de trocas no volante<\/em><\/p>\n<p>&nbsp;<\/p>\n<p>A tra\u00e7\u00e3o integral do VW (<a href=\"https:\/\/autolivraria.com.br\/bc\/informe-se\/avaliacao\/comparativo\/bmw-328i-e-volkswagen-cc-o-plebeu-dos-nobres-o-nobre-dos-plebeus\/5\/#ct\">leia mais<\/a>) traz facilidade para transmitir toda a pot\u00eancia ao solo, sobretudo em condi\u00e7\u00f5es prec\u00e1rias de ader\u00eancia \u2014 algumas delas n\u00e3o esperadas no Brasil, mas comuns em outros mercados, como neve e gelo \u2014, embora represente maiores peso e complexidade. No BMW a tra\u00e7\u00e3o \u00e9 s\u00f3 traseira e, com o aux\u00edlio dos modernos controles eletr\u00f4nicos, \u00e9 f\u00e1cil explorar seu desempenho sem provocar perda de ader\u00eancia.<\/p>\n<p>Embora sejam carros dotados de sistemas de suspens\u00e3o parecidos, apenas o 328i tem controle eletr\u00f4nico dos amortecedores, ajustado pelas citadas teclas dos programas Sport, Comfort e EcoPro. Selecionar um dos dois \u00faltimos resulta em rodar bem confort\u00e1vel, mas deixa o carro pouco &#8220;amarrado&#8221; como n\u00e3o se espera de um BMW \u2014 os dianteiros chegam a dar fim de curso na compress\u00e3o ao transpor lombadas m\u00e9dias, condi\u00e7\u00e3o que parece desafiar a capacidade da central eletr\u00f4nica de se adaptar em instantes. J\u00e1 em Sport o rodar \u00e9 justo, sem oscila\u00e7\u00f5es, e n\u00e3o chega a ser desconfort\u00e1vel.<\/p>\n<table border=\"0\">\n<tbody>\n<tr>\n<td><a href='https:\/\/autolivraria.com.br\/bc\/informe-se\/avaliacao\/comparativo\/bmw-328i-e-volkswagen-cc-o-plebeu-dos-nobres-o-nobre-dos-plebeus\/5\/' class='small-button smallsilver'>Pr\u00f3xima parte<\/a><\/td>\n<\/tr>\n<\/tbody>\n<\/table>\n<p>&nbsp;<\/p>\n<p>&nbsp;<\/p>\n<p><!--nextpage--><\/p>\n<p><a href=\"https:\/\/autolivraria.com.br\/bc\/wp-content\/uploads\/2013\/04\/BMW-328i-mov-041.jpg\"><img decoding=\"async\" class=\"aligncenter size-medium wp-image-24765 lazyload\" title=\"BMW 328i\" data-src=\"https:\/\/autolivraria.com.br\/bc\/wp-content\/uploads\/2013\/04\/BMW-328i-mov-041-560x373.jpg\" alt=\"\" width=\"560\" height=\"373\" data-srcset=\"https:\/\/autolivraria.com.br\/bc\/wp-content\/uploads\/2013\/04\/BMW-328i-mov-041-560x373.jpg 560w, https:\/\/autolivraria.com.br\/bc\/wp-content\/uploads\/2013\/04\/BMW-328i-mov-041-470x313.jpg 470w, https:\/\/autolivraria.com.br\/bc\/wp-content\/uploads\/2013\/04\/BMW-328i-mov-041-270x179.jpg 270w, https:\/\/autolivraria.com.br\/bc\/wp-content\/uploads\/2013\/04\/BMW-328i-mov-041.jpg 1280w\" data-sizes=\"(max-width: 560px) 100vw, 560px\" src=\"data:image\/svg+xml;base64,PHN2ZyB3aWR0aD0iMSIgaGVpZ2h0PSIxIiB4bWxucz0iaHR0cDovL3d3dy53My5vcmcvMjAwMC9zdmciPjwvc3ZnPg==\" style=\"--smush-placeholder-width: 560px; --smush-placeholder-aspect-ratio: 560\/373;\" \/><\/a><\/p>\n<p>&nbsp;<\/p>\n<div class='one_half'>\n\t\t\t\t\t<a href=\"https:\/\/autolivraria.com.br\/bc\/wp-content\/uploads\/2013\/04\/BMW-328i-16.jpg\"><img decoding=\"async\" class=\"aligncenter size-meia-largura-post wp-image-24767 lazyload\" title=\"BMW 328i\" data-src=\"https:\/\/autolivraria.com.br\/bc\/wp-content\/uploads\/2013\/04\/BMW-328i-16-270x179.jpg\" alt=\"\" width=\"270\" height=\"179\" data-srcset=\"https:\/\/autolivraria.com.br\/bc\/wp-content\/uploads\/2013\/04\/BMW-328i-16-270x179.jpg 270w, https:\/\/autolivraria.com.br\/bc\/wp-content\/uploads\/2013\/04\/BMW-328i-16-560x373.jpg 560w, https:\/\/autolivraria.com.br\/bc\/wp-content\/uploads\/2013\/04\/BMW-328i-16-470x313.jpg 470w, https:\/\/autolivraria.com.br\/bc\/wp-content\/uploads\/2013\/04\/BMW-328i-16.jpg 1280w\" data-sizes=\"(max-width: 270px) 100vw, 270px\" src=\"data:image\/svg+xml;base64,PHN2ZyB3aWR0aD0iMSIgaGVpZ2h0PSIxIiB4bWxucz0iaHR0cDovL3d3dy53My5vcmcvMjAwMC9zdmciPjwvc3ZnPg==\" style=\"--smush-placeholder-width: 270px; --smush-placeholder-aspect-ratio: 270\/179;\" \/><\/a>\n\t\t\t\t<\/div>\n<div class='one_half last'>\n\t\t\t\t\t<a href=\"https:\/\/autolivraria.com.br\/bc\/wp-content\/uploads\/2013\/04\/BMW-328i-101.jpg\"><img decoding=\"async\" class=\"aligncenter size-meia-largura-post wp-image-24768 lazyload\" title=\"BMW 328i\" data-src=\"https:\/\/autolivraria.com.br\/bc\/wp-content\/uploads\/2013\/04\/BMW-328i-101-270x179.jpg\" alt=\"\" width=\"270\" height=\"179\" data-srcset=\"https:\/\/autolivraria.com.br\/bc\/wp-content\/uploads\/2013\/04\/BMW-328i-101-270x179.jpg 270w, https:\/\/autolivraria.com.br\/bc\/wp-content\/uploads\/2013\/04\/BMW-328i-101-560x373.jpg 560w, https:\/\/autolivraria.com.br\/bc\/wp-content\/uploads\/2013\/04\/BMW-328i-101-470x313.jpg 470w, https:\/\/autolivraria.com.br\/bc\/wp-content\/uploads\/2013\/04\/BMW-328i-101.jpg 1280w\" data-sizes=\"(max-width: 270px) 100vw, 270px\" src=\"data:image\/svg+xml;base64,PHN2ZyB3aWR0aD0iMSIgaGVpZ2h0PSIxIiB4bWxucz0iaHR0cDovL3d3dy53My5vcmcvMjAwMC9zdmciPjwvc3ZnPg==\" style=\"--smush-placeholder-width: 270px; --smush-placeholder-aspect-ratio: 270\/179;\" \/><\/a>\n\t\t\t\t<\/div><div class='clear'><\/div>\n<p style=\"text-align: center;\"><em>\u00a0<\/em><br \/>\n<em>Comportamento din\u00e2mico \u00e9 uma \u00e1rea onde a BMW sempre cativa, e com o 328i n\u00e3o<\/em><br \/>\n<em>\u00e9 diferente; os far\u00f3is t\u00eam l\u00e2mpadas de xen\u00f4nio em ambos os fachos e leds diurnos<\/em><\/p>\n<p>&nbsp;<\/p>\n<p>Os dois carros transmitem grande seguran\u00e7a ao andar r\u00e1pido, em retas ou em curvas \u2014 n\u00e3o esper\u00e1vamos menos desses representantes do pa\u00eds das <em>autobahnen,<\/em> as autoestradas sem limite de velocidade. Est\u00e3o ainda bem dotados de pneus, que no 328i eram da Bridgestone, 30 mm mais largos na traseira que na frente, e no CC da Continental. Apesar do perfil mais alto que no concorrente, os do b\u00e1varo s\u00e3o algo duros (talvez pela estrutura refor\u00e7ada para que rodem furados) e isolam menos as imperfei\u00e7\u00f5es do piso.<\/p>\n<p>&nbsp;<\/p>\n<blockquote><p>Os dois carros transmitem grande seguran\u00e7a ao andar r\u00e1pido, em retas ou em curvas \u2014 n\u00e3o esper\u00e1vamos menos desses representantes do pa\u00eds das\u00a0<em>autobahnen<\/em><\/p><\/blockquote>\n<p>&nbsp;<\/p>\n<p>Ambos t\u00eam <a href=\"https:\/\/autolivraria.com.br\/bc\/glossario-c\/#esp\">controle eletr\u00f4nico de estabilidade e tra\u00e7\u00e3o<\/a>, sendo que a segunda fun\u00e7\u00e3o (no VW) e ambas (no BMW) podem ser desativadas. Apesar dos diversos sistemas de tra\u00e7\u00e3o, a tend\u00eancia dos dois no limite de curva \u00e9 <a href=\"https:\/\/autolivraria.com.br\/bc\/glossario-s\/#sube\">subester\u00e7ante<\/a>, como se tornou regra h\u00e1 algum tempo em todo fabricante. No 328i o efeito de sair de frente mostrou-se mais moderado que no <a title=\"Um BMW mais que 118i e menos que Sport\" href=\"https:\/\/autolivraria.com.br\/bc\/informe-se\/avaliacao\/bmw-avaliacao\/um-bmw-mais-que-118i-e-menos-que-sport\/\">118i Sport<\/a> avaliado no ano passado (que hav\u00edamos criticado por isso), sobretudo ao selecionar os modos Sport e Traction: este permite ligeiro desvio de trajet\u00f3ria sem atua\u00e7\u00e3o do controle eletr\u00f4nico\u00a0\u2014 e divers\u00e3o em boa medida.<\/p>\n<p>A nova gera\u00e7\u00e3o do S\u00e9rie 3 adota assist\u00eancia el\u00e9trica de dire\u00e7\u00e3o, que j\u00e1 equipava o CC desde a vers\u00e3o anterior, e nos dois casos o resultado \u00e9 muito bom em termos de calibra\u00e7\u00e3o (peso em qualquer velocidade) e sensibilidade. No caso do BMW o modo Comfort deixa o volante mais leve do que o esperado da marca ao dirigir r\u00e1pido, o que o programa Sport resolve plenamente. Tamb\u00e9m s\u00e3o modelos bem servidos de freios, com grandes discos ventilados nas quatro rodas, sistema antitravamento (ABS), <a href=\"https:\/\/autolivraria.com.br\/bc\/glossario-d\/#ebd\">distribui\u00e7\u00e3o eletr\u00f4nica de for\u00e7a entre os eixos<\/a> e <a href=\"https:\/\/autolivraria.com.br\/bc\/glossario-a\/#bas\">assist\u00eancia adicional em frenagens de emerg\u00eancia<\/a>.<\/p>\n<p>&nbsp;<\/p>\n<p><a href=\"https:\/\/autolivraria.com.br\/bc\/wp-content\/uploads\/2013\/04\/VW-CC-mov-04.jpg\"><img decoding=\"async\" class=\"aligncenter size-medium wp-image-24766 lazyload\" title=\"VW CC\" data-src=\"https:\/\/autolivraria.com.br\/bc\/wp-content\/uploads\/2013\/04\/VW-CC-mov-04-560x373.jpg\" alt=\"\" width=\"560\" height=\"373\" data-srcset=\"https:\/\/autolivraria.com.br\/bc\/wp-content\/uploads\/2013\/04\/VW-CC-mov-04-560x373.jpg 560w, https:\/\/autolivraria.com.br\/bc\/wp-content\/uploads\/2013\/04\/VW-CC-mov-04-470x313.jpg 470w, https:\/\/autolivraria.com.br\/bc\/wp-content\/uploads\/2013\/04\/VW-CC-mov-04-270x179.jpg 270w, https:\/\/autolivraria.com.br\/bc\/wp-content\/uploads\/2013\/04\/VW-CC-mov-04.jpg 1280w\" data-sizes=\"(max-width: 560px) 100vw, 560px\" src=\"data:image\/svg+xml;base64,PHN2ZyB3aWR0aD0iMSIgaGVpZ2h0PSIxIiB4bWxucz0iaHR0cDovL3d3dy53My5vcmcvMjAwMC9zdmciPjwvc3ZnPg==\" style=\"--smush-placeholder-width: 560px; --smush-placeholder-aspect-ratio: 560\/373;\" \/><\/a><\/p>\n<p>&nbsp;<\/p>\n<div class='one_half'>\n\t\t\t\t\t<a href=\"https:\/\/autolivraria.com.br\/bc\/wp-content\/uploads\/2013\/04\/VW-CC-16.jpg\"><img decoding=\"async\" class=\"aligncenter size-meia-largura-post wp-image-24769 lazyload\" title=\"VW CC\" data-src=\"https:\/\/autolivraria.com.br\/bc\/wp-content\/uploads\/2013\/04\/VW-CC-16-270x179.jpg\" alt=\"\" width=\"270\" height=\"179\" data-srcset=\"https:\/\/autolivraria.com.br\/bc\/wp-content\/uploads\/2013\/04\/VW-CC-16-270x179.jpg 270w, https:\/\/autolivraria.com.br\/bc\/wp-content\/uploads\/2013\/04\/VW-CC-16-560x373.jpg 560w, https:\/\/autolivraria.com.br\/bc\/wp-content\/uploads\/2013\/04\/VW-CC-16-470x313.jpg 470w, https:\/\/autolivraria.com.br\/bc\/wp-content\/uploads\/2013\/04\/VW-CC-16.jpg 1280w\" data-sizes=\"(max-width: 270px) 100vw, 270px\" src=\"data:image\/svg+xml;base64,PHN2ZyB3aWR0aD0iMSIgaGVpZ2h0PSIxIiB4bWxucz0iaHR0cDovL3d3dy53My5vcmcvMjAwMC9zdmciPjwvc3ZnPg==\" style=\"--smush-placeholder-width: 270px; --smush-placeholder-aspect-ratio: 270\/179;\" \/><\/a>\n\t\t\t\t<\/div>\n<div class='one_half last'>\n\t\t\t\t\t<a href=\"https:\/\/autolivraria.com.br\/bc\/wp-content\/uploads\/2013\/04\/VW-CC-10.jpg\"><img decoding=\"async\" class=\"aligncenter size-meia-largura-post wp-image-24770 lazyload\" title=\"VW CC\" data-src=\"https:\/\/autolivraria.com.br\/bc\/wp-content\/uploads\/2013\/04\/VW-CC-10-270x179.jpg\" alt=\"\" width=\"270\" height=\"179\" data-srcset=\"https:\/\/autolivraria.com.br\/bc\/wp-content\/uploads\/2013\/04\/VW-CC-10-270x179.jpg 270w, https:\/\/autolivraria.com.br\/bc\/wp-content\/uploads\/2013\/04\/VW-CC-10-560x373.jpg 560w, https:\/\/autolivraria.com.br\/bc\/wp-content\/uploads\/2013\/04\/VW-CC-10-470x313.jpg 470w, https:\/\/autolivraria.com.br\/bc\/wp-content\/uploads\/2013\/04\/VW-CC-10.jpg 1280w\" data-sizes=\"(max-width: 270px) 100vw, 270px\" src=\"data:image\/svg+xml;base64,PHN2ZyB3aWR0aD0iMSIgaGVpZ2h0PSIxIiB4bWxucz0iaHR0cDovL3d3dy53My5vcmcvMjAwMC9zdmciPjwvc3ZnPg==\" style=\"--smush-placeholder-width: 270px; --smush-placeholder-aspect-ratio: 270\/179;\" \/><\/a>\n\t\t\t\t<\/div><div class='clear'><\/div>\n<p style=\"text-align: center;\"><em>\u00a0<\/em><br \/>\n<em>Mesmo sem o ajuste eletr\u00f4nico de amortecedores do concorrente, a suspens\u00e3o do<\/em><br \/>\n<em>CC est\u00e1 muito\u00a0bem calibrada; os\u00a0far\u00f3is de xen\u00f4nio trazem facho autodirecional<\/em><\/p>\n<p>&nbsp;<\/p>\n<p>Os dois sed\u00e3s contam com eficientes far\u00f3is com refletores <a href=\"https:\/\/autolivraria.com.br\/bc\/glossario-e\/#elip\">elipsoidais<\/a> e <a href=\"https:\/\/autolivraria.com.br\/bc\/glossario-l\/#lamp\">l\u00e2mpadas de xen\u00f4nio<\/a>, que atendem a ambos os fachos e ao relampejador de farol alto, al\u00e9m de grupos de <a href=\"https:\/\/autolivraria.com.br\/bc\/glossario-l\/#led\">leds<\/a> para luz diurna. O CC acrescenta fun\u00e7\u00f5es de ilumina\u00e7\u00e3o em curvas, com o sistema\u00a0<a href=\"https:\/\/autolivraria.com.br\/bc\/glossario-f\/#faro\">autodirecional<\/a> e um facho auxiliar para esquinas que atua s\u00f3 em baixa velocidade. Est\u00e3o presentes em ambos far\u00f3is e luz traseira de neblina, repetidores laterais das luzes de dire\u00e7\u00e3o e retrovisor esquerdo com lente <a href=\"https:\/\/autolivraria.com.br\/bc\/glossario-c\/#conv\">biconvexa<\/a>, que julgamos ideal. A visibilidade \u00e9 adequada nos dois, com colunas dianteiras de largura aceit\u00e1vel e algum preju\u00edzo \u00e0 traseira pelas formas de colunas e porta-malas, sendo que o CC n\u00e3o perde muito do Passat convencional nesse aspecto.<\/p>\n<p>&nbsp;<\/p>\n<div class='code-block code-block-7' style='margin: 28px auto; text-align: center; display: block; clear: both;'>\n<br>\n<div align=\"center\">\n<a target=\"_blank\" href=\"https:\/\/bestcars.com.br\/bc\/\">\n<img decoding=\"async\" data-src=\"https:\/\/bestcars.com.br\/bc\/wp-content\/uploads\/2021\/07\/Auto-Livraria-450x300-quadros.jpg\" alt=\"Auto Livraria\" src=\"data:image\/svg+xml;base64,PHN2ZyB3aWR0aD0iMSIgaGVpZ2h0PSIxIiB4bWxucz0iaHR0cDovL3d3dy53My5vcmcvMjAwMC9zdmciPjwvc3ZnPg==\" class=\"lazyload\"><\/a>\n<\/div>\n<br><\/div>\n\n<p>&nbsp;<\/p>\n<p>A dota\u00e7\u00e3o de <a href=\"https:\/\/autolivraria.com.br\/bc\/glossario-s\/#segu\">seguran\u00e7a passiva<\/a> \u00e9 equivalente em ambos: bolsas infl\u00e1veis frontais, laterais dianteiras para t\u00f3rax e cortinas (que protegem a cabe\u00e7a dos passageiros \u00e0 frente e atr\u00e1s), cintos de tr\u00eas pontos e encostos de cabe\u00e7a para todos os ocupantes, fixa\u00e7\u00e3o <a href=\"https:\/\/autolivraria.com.br\/bc\/glossario-i\/#isof\">Isofix<\/a> para cadeiras infantis. A BMW anuncia apoios de cabe\u00e7a ativos na frente, n\u00e3o informados pela VW.<\/p>\n<table border=\"0\">\n<tbody>\n<tr>\n<td><a href='https:\/\/autolivraria.com.br\/bc\/informe-se\/avaliacao\/comparativo\/bmw-328i-e-volkswagen-cc-o-plebeu-dos-nobres-o-nobre-dos-plebeus\/6\/' class='small-button smallsilver'>Pr\u00f3xima parte<\/a><\/td>\n<\/tr>\n<\/tbody>\n<\/table>\n<p>&nbsp;<\/p>\n<div class='et-box et-shadow'>\n\t\t\t\t\t<div class='et-box-content'><h2>Coment\u00e1rio t\u00e9cnico<\/h2>\n<p>\u2022 Os trens de for\u00e7a n\u00e3o poderiam ser mais diferentes. No CC vem um motor de seis cilindros em &#8220;V&#8221; com maior cilindrada (3,6 litros) e aspira\u00e7\u00e3o natural, montado em posi\u00e7\u00e3o transversal \u00e0 frente do eixo dianteiro, como se tivesse tra\u00e7\u00e3o apenas nessas rodas \u2014 mas a VW aplicou um sistema de tra\u00e7\u00e3o integral, bem-vindo em um carro de seu patamar de pot\u00eancia. No 328i est\u00e1 um quatro-cilindros com turbocompressor de apenas 2,0 litros \u2014 dentro da atual tend\u00eancia pelo <em>downsizing<\/em> ou redu\u00e7\u00e3o de cilindrada \u2014 em posi\u00e7\u00e3o longitudinal, mais recuada para ajudar na distribui\u00e7\u00e3o de peso entre os eixos e com tra\u00e7\u00e3o apenas traseira.<\/p>\n<p>\u2022\u00a0Em comum, os dois motores usam t\u00e9cnicas modernas como <a href=\"https:\/\/autolivraria.com.br\/bc\/glossario-i\/#inje\">inje\u00e7\u00e3o direta<\/a> de combust\u00edvel e <a href=\"https:\/\/autolivraria.com.br\/bc\/glossario-v\/#vari\">varia\u00e7\u00e3o do tempo de abertura das v\u00e1lvulas<\/a>, tanto de admiss\u00e3o quanto de escapamento. O acionamento do comando \u00e9 por meio de corrente nos dois modelos. O VW tem ainda <a href=\"https:\/\/autolivraria.com.br\/bc\/glossario-c\/#cole\">coletor de admiss\u00e3o com geometria vari\u00e1vel<\/a>, mas j\u00e1 era tempo de ser adotado um bloco de alum\u00ednio \u2014 como o do BMW \u2014 em vez do de ferro fundido.<\/p>\n<p>\u2022\u00a0O V6 do CC \u00e9 da fam\u00edlia VR6 (sigla para <em>Verk\u00fcrzt Reihenmotor<\/em> ou motor em linha encurtado), iniciada nos anos 80, que recorre a um \u00e2ngulo bem reduzido entre as bancadas de cilindros \u2014 apenas 10,6 graus \u00a0neste caso \u2014 para obter um conjunto mais estreito e facilitar sua instala\u00e7\u00e3o transversal. Um VR6 de 2,8 litros equipava o Passat importado de primeira gera\u00e7\u00e3o, lan\u00e7ado aqui em 1994, mas no modelo seguinte (1998) cedeu lugar a um V6 de \u00e2ngulo aberto, j\u00e1 que a plataforma havia retomado a posi\u00e7\u00e3o longitudinal.<\/p>\n<p><a href=\"https:\/\/autolivraria.com.br\/bc\/wp-content\/uploads\/2013\/04\/BMW-328i-mtr-2.jpg\"><img decoding=\"async\" class=\"alignright size-meia-largura-post wp-image-24802 lazyload\" style=\"--smush-placeholder-width: 270px; --smush-placeholder-aspect-ratio: 270\/179;margin-top: 10px; margin-bottom: 10px;\" title=\"BMW 328i\" data-src=\"https:\/\/autolivraria.com.br\/bc\/wp-content\/uploads\/2013\/04\/BMW-328i-mtr-2-270x179.jpg\" alt=\"\" width=\"270\" height=\"179\" src=\"data:image\/svg+xml;base64,PHN2ZyB3aWR0aD0iMSIgaGVpZ2h0PSIxIiB4bWxucz0iaHR0cDovL3d3dy53My5vcmcvMjAwMC9zdmciPjwvc3ZnPg==\" \/><\/a>\u2022\u00a0Na BMW, o motor N20 foi apresentado em 2011 no atual S\u00e9rie 3 e traz recursos que o CC n\u00e3o tem, como o sistema Valvetronic, que varia o curso de levantamento das v\u00e1lvulas (no VW apenas o tempo de abertura \u00e9 vari\u00e1vel). Al\u00e9m de ganhos em pot\u00eancia e torque, esse recurso permitiu dispensar a borboleta de acelera\u00e7\u00e3o, fazendo com que a pr\u00f3pria varia\u00e7\u00e3o de curso das v\u00e1lvulas de admiss\u00e3o seja respons\u00e1vel por fazer entrar mais ou menos mistura ar-combust\u00edvel nos cilindros. O resultado \u00e9 menor perda por bombeamento, a mesma que produz o efeito de freio-motor quando se roda com acelerador fechado. O turbo de <a href=\"https:\/\/autolivraria.com.br\/bc\/glossario-t\/#dupl\">duplo fluxo<\/a> opera com press\u00e3o m\u00e1xima de 1,3 bar e h\u00e1 medidas para evitar vibra\u00e7\u00f5es, como <a href=\"https:\/\/autolivraria.com.br\/bc\/glossario-a\/#arvo\">\u00e1rvores de balanceamento<\/a> e volante de dupla massa.<\/p>\n<p>\u2022 A <a href=\"https:\/\/autolivraria.com.br\/bc\/glossario-r\/#rela\">rela\u00e7\u00e3o r\/l<\/a> do 328i revela o habitual cuidado dos b\u00e1varos com esse fator: 0,291, abaixo do limite convencionado de 0,3 para um funcionamento suave. Lamentamos que a VW se recuse a informar o comprimento das bielas de seus motores, necess\u00e1rio para o c\u00e1lculo.<\/p>\n<p>\u2022\u00a0A tra\u00e7\u00e3o integral do CC, similar em conceito \u00e0 do Tiguan ou \u00e0 dos Audis TTS e TT-RS, n\u00e3o tem rela\u00e7\u00e3o com o sistema Quattro usado pela Audi em modelos de motor longitudinal. Consiste em uma embreagem multidisco Haldex, aplicada junto ao eixo traseiro, que aciona as rodas posteriores e varia o torque distribu\u00eddo a elas conforme as condi\u00e7\u00f5es de uso. Em situa\u00e7\u00f5es comuns de ader\u00eancia, quase todo o torque segue \u00e0s rodas dianteiras. Um r\u00e1pido deslizamento desses pneus, por\u00e9m, \u00e9 suficiente para que a tra\u00e7\u00e3o posterior seja aplicada de forma instant\u00e2nea, assim como essa transmiss\u00e3o de torque pode cessar em segundos se a ader\u00eancia for recuperada.<\/p><\/div><\/div>\n<table border=\"0\">\n<tbody>\n<tr>\n<td><a href='https:\/\/autolivraria.com.br\/bc\/informe-se\/avaliacao\/comparativo\/bmw-328i-e-volkswagen-cc-o-plebeu-dos-nobres-o-nobre-dos-plebeus\/6\/' class='small-button smallsilver'>Pr\u00f3xima parte<\/a><\/td>\n<\/tr>\n<\/tbody>\n<\/table>\n<p>&nbsp;<\/p>\n<p>&nbsp;<\/p>\n<p><!--nextpage--><\/p>\n<h3>Simula\u00e7\u00e3o de desempenho<\/h3>\n<p>Que s\u00e3o carros r\u00e1pidos, j\u00e1 se sabia: n\u00e3o \u00e9 todo dia que rodamos em modelos com velocidade m\u00e1xima anunciada de 250 km\/h. Mas qual o melhor em desempenho e consumo, este um dado omitido por ambos os fabricantes no Brasil (h\u00e1 apenas \u00edndices pelos ciclos europeus e com o combust\u00edvel de l\u00e1)? Esclarecer a d\u00favida foi a miss\u00e3o do consultor Iran Cartaxo em uma simula\u00e7\u00e3o exclusiva para o\u00a0<strong>Best Cars<\/strong>.<\/p>\n<p>Para surpresa de muitos, apesar da menor pot\u00eancia, o 328i foi superior em todos os quesitos de desempenho. H\u00e1 raz\u00f5es de sobra para isso: curvas de pot\u00eancia e torque mais planas, melhor aerodin\u00e2mica, menores perdas em geral (caso da tra\u00e7\u00e3o traseira em vez de integral), mais duas marchas no c\u00e2mbio e peso inferior em 200 kg.<\/p>\n<p>&nbsp;<\/p>\n<div class='one_half'>\n\t\t\t\t\t<a href=\"https:\/\/autolivraria.com.br\/bc\/wp-content\/uploads\/2013\/04\/Potencia.gif\"><img decoding=\"async\" class=\"aligncenter size-meia-largura-post wp-image-24860 lazyload\" title=\"Pot\u00eancia\" data-src=\"https:\/\/autolivraria.com.br\/bc\/wp-content\/uploads\/2013\/04\/Potencia-270x179.gif\" alt=\"\" width=\"270\" height=\"179\" data-srcset=\"https:\/\/autolivraria.com.br\/bc\/wp-content\/uploads\/2013\/04\/Potencia-270x179.gif 270w, https:\/\/autolivraria.com.br\/bc\/wp-content\/uploads\/2013\/04\/Potencia-560x373.gif 560w, https:\/\/autolivraria.com.br\/bc\/wp-content\/uploads\/2013\/04\/Potencia-470x313.gif 470w, https:\/\/autolivraria.com.br\/bc\/wp-content\/uploads\/2013\/04\/Potencia.gif 950w\" data-sizes=\"(max-width: 270px) 100vw, 270px\" src=\"data:image\/svg+xml;base64,PHN2ZyB3aWR0aD0iMSIgaGVpZ2h0PSIxIiB4bWxucz0iaHR0cDovL3d3dy53My5vcmcvMjAwMC9zdmciPjwvc3ZnPg==\" style=\"--smush-placeholder-width: 270px; --smush-placeholder-aspect-ratio: 270\/179;\" \/><\/a>\n\t\t\t\t<\/div>\n<div class='one_half last'>\n\t\t\t\t\t<a href=\"https:\/\/autolivraria.com.br\/bc\/wp-content\/uploads\/2013\/04\/Torque.gif\"><img decoding=\"async\" class=\"aligncenter size-meia-largura-post wp-image-24861 lazyload\" title=\"Torque\" data-src=\"https:\/\/autolivraria.com.br\/bc\/wp-content\/uploads\/2013\/04\/Torque-270x179.gif\" alt=\"\" width=\"270\" height=\"179\" data-srcset=\"https:\/\/autolivraria.com.br\/bc\/wp-content\/uploads\/2013\/04\/Torque-270x179.gif 270w, https:\/\/autolivraria.com.br\/bc\/wp-content\/uploads\/2013\/04\/Torque-560x373.gif 560w, https:\/\/autolivraria.com.br\/bc\/wp-content\/uploads\/2013\/04\/Torque-470x313.gif 470w, https:\/\/autolivraria.com.br\/bc\/wp-content\/uploads\/2013\/04\/Torque.gif 950w\" data-sizes=\"(max-width: 270px) 100vw, 270px\" src=\"data:image\/svg+xml;base64,PHN2ZyB3aWR0aD0iMSIgaGVpZ2h0PSIxIiB4bWxucz0iaHR0cDovL3d3dy53My5vcmcvMjAwMC9zdmciPjwvc3ZnPg==\" style=\"--smush-placeholder-width: 270px; --smush-placeholder-aspect-ratio: 270\/179;\" \/><\/a>\n\t\t\t\t<\/div><div class='clear'><\/div>\n<p>&nbsp;<\/p>\n<p>A velocidade m\u00e1xima poss\u00edvel (que desconsidera a limita\u00e7\u00e3o eletr\u00f4nica a 250 km\/h usada em ambos os carros) revelou empate, com o BMW a alcan\u00e7ando em s\u00e9tima marcha, dentro da faixa de maior pot\u00eancia, e o VW em quinta, 350 rpm abaixo do pico. No 328i faria pouca diferen\u00e7a chegar l\u00e1 em sexta ou s\u00e9tima, mas em oitava marcha se perderiam 3 km\/h, pois o motor n\u00e3o teria tanta pot\u00eancia para vencer a resist\u00eancia do ar \u2014 em contrapartida, a oitava permitiria superar 300 km\/h&#8230; No CC, bastaria passar \u00e0 sexta (e \u00faltima) para perder 2 km\/h. Consideramos tudo isso em hip\u00f3tese, pois na pr\u00e1tica nenhum deles deve passar de 250.<\/p>\n<p>As marchas adicionais permitem ao BMW girar 300 rpm a menos a 120 km\/h. A essa velocidade, seu consumo de pot\u00eancia \u00e9 menor em 5 cv (e um dos mais baixos j\u00e1 registrados em nossas simula\u00e7\u00f5es) por causa da melhor aerodin\u00e2mica e das diferentes perdas em transmiss\u00e3o.<\/p>\n<p>&nbsp;<\/p>\n<div class='code-block code-block-7' style='margin: 28px auto; text-align: center; display: block; clear: both;'>\n<script async src=\"https:\/\/pagead2.googlesyndication.com\/pagead\/js\/adsbygoogle.js\"><\/script>\n<!-- AL-quadrado -->\n<ins class=\"adsbygoogle\"\n     style=\"display:block\"\n     data-ad-client=\"ca-pub-1914799802606213\"\n     data-ad-slot=\"5683066082\"\n     data-ad-format=\"auto\"\n     data-full-width-responsive=\"true\"><\/ins>\n<script>\n     (adsbygoogle = window.adsbygoogle || []).push({});\n<\/script><\/div>\n\n<p>&nbsp;<\/p>\n<p>A expressiva vantagem em peso e as oito marchas deixam o 328i em clara superioridade em acelera\u00e7\u00e3o, como 1,3 segundo no 0-100 km\/h, apesar de precisar passar \u00e0 terceira nessa manobra (o CC conclui-a em segunda). A arrancada de 1.000 metros \u00e9 o bastante para que ambos cheguem perto de 200 km\/h, com o BMW j\u00e1 em s\u00e9tima marcha e o CC ainda em quarta \u2014 o\u00a0c\u00e2mbio do b\u00e1varo n\u00e3o tem mesmo uma vida f\u00e1cil! As retomadas s\u00e3o muito r\u00e1pidas nos dois quando se deixa a caixa em <em>drive,<\/em> que faz redu\u00e7\u00f5es autom\u00e1ticas.<\/p>\n<p>Para fechar com chave de ouro, o BMW mostrou ainda vantagem importante em consumo, como ao rodar 33% a mais com o mesmo litro de gasolina no ciclo rodovi\u00e1rio. Isso lhe permite oferecer maior autonomia, mesmo com um tanque de combust\u00edvel menor que o do VW.<\/p>\n<p>&nbsp;<\/p>\n<div class='et-box et-shadow'>\n\t\t\t\t\t<div class='et-box-content'><table id=\"table8\" style=\"width: 100%;\" border=\"0\" cellspacing=\"0\" cellpadding=\"3\">\n<tbody>\n<tr>\n<td width=\"50%\"><\/td>\n<td width=\"25%\">\n<h1>328i<\/h1>\n<\/td>\n<td width=\"25%\">\n<h1>CC<\/h1>\n<\/td>\n<\/tr>\n<tr>\n<td width=\"50%\">Velocidade m\u00e1xima poss\u00edvel<\/td>\n<td width=\"25%\"><strong>257,3 km\/h<\/strong><\/td>\n<td width=\"25%\">256,9 km\/h<\/td>\n<\/tr>\n<tr>\n<td width=\"50%\">Regime \u00e0 velocidade m\u00e1xima \/ marcha<\/td>\n<td width=\"25%\"><strong>5.500 rpm \/ 7\u00aa.<\/strong><\/td>\n<td width=\"25%\">6.250 rpm \/ 5\u00aa.<\/td>\n<\/tr>\n<tr>\n<td width=\"50%\">Regime a 120 km\/h \/ marcha<\/td>\n<td width=\"25%\"><strong>2.050 rpm \/ 8\u00aa.<\/strong><\/td>\n<td width=\"25%\">2.350 rpm \/ 6\u00aa.<\/td>\n<\/tr>\n<tr>\n<td width=\"50%\">Pot\u00eancia consumida a 120 km\/h<\/td>\n<td width=\"25%\"><strong>25 cv<\/strong><\/td>\n<td width=\"25%\">30 cv<\/td>\n<\/tr>\n<tr>\n<td width=\"50%\">Acelera\u00e7\u00e3o de 0 a 100 km\/h<\/td>\n<td width=\"25%\"><strong>6,0 s<\/strong><\/td>\n<td width=\"25%\">7,3 s<\/td>\n<\/tr>\n<tr>\n<td width=\"50%\">Acelera\u00e7\u00e3o de 0 a 400 m<\/td>\n<td width=\"25%\"><strong>14,1 s<\/strong><\/td>\n<td width=\"25%\">15,1 s<\/td>\n<\/tr>\n<tr>\n<td width=\"50%\">Acelera\u00e7\u00e3o de 0 a 1.000 m<\/td>\n<td width=\"25%\"><strong>25,4 s<\/strong><\/td>\n<td width=\"25%\">27,1 s<\/td>\n<\/tr>\n<tr>\n<td width=\"50%\">Retomada de 60 a 100 km\/h em drive<\/td>\n<td width=\"25%\"><strong>3,1 s<\/strong><\/td>\n<td width=\"25%\">4,3 s<\/td>\n<\/tr>\n<tr>\n<td width=\"50%\">Retomada de 80 a 120 km\/h em drive<\/td>\n<td width=\"25%\"><strong>4,0 s<\/strong><\/td>\n<td width=\"25%\">4,8 s<\/td>\n<\/tr>\n<tr>\n<td width=\"50%\">Consumo em ciclo urbano<\/td>\n<td width=\"25%\"><strong>7,7 km\/l<\/strong><\/td>\n<td width=\"25%\">5,3 km\/l<\/td>\n<\/tr>\n<tr>\n<td width=\"50%\">Consumo em ciclo rodovi\u00e1rio<\/td>\n<td width=\"25%\"><strong>12,0 km\/l<\/strong><\/td>\n<td width=\"25%\">9,0 km\/l<\/td>\n<\/tr>\n<tr>\n<td width=\"50%\">Autonomia em ciclo urbano<\/td>\n<td width=\"25%\"><strong>414 km<\/strong><\/td>\n<td width=\"25%\">326 km<\/td>\n<\/tr>\n<tr>\n<td width=\"50%\">Autonomia em ciclo rodovi\u00e1rio<\/td>\n<td width=\"25%\"><strong>649 km<\/strong><\/td>\n<td width=\"25%\">550 km<\/td>\n<\/tr>\n<tr>\n<td colspan=\"3\" width=\"100%\">Melhores resultados em negrito; <a href=\"https:\/\/autolivraria.com.br\/bc\/simulador-de-desempenho\/\">conhe\u00e7a o simulador e os ciclos de consumo<\/a><\/td>\n<\/tr>\n<\/tbody>\n<\/table><\/div><\/div>\n<p>&nbsp;<\/p>\n<div class='one_half'>\n\t\t\t\t\t<a href=\"https:\/\/autolivraria.com.br\/bc\/wp-content\/uploads\/2013\/04\/BMW-328i-14.jpg\"><img decoding=\"async\" class=\"aligncenter size-meia-largura-post wp-image-24775 lazyload\" title=\"BMW 328i\" data-src=\"https:\/\/autolivraria.com.br\/bc\/wp-content\/uploads\/2013\/04\/BMW-328i-14-270x179.jpg\" alt=\"\" width=\"270\" height=\"179\" data-srcset=\"https:\/\/autolivraria.com.br\/bc\/wp-content\/uploads\/2013\/04\/BMW-328i-14-270x179.jpg 270w, https:\/\/autolivraria.com.br\/bc\/wp-content\/uploads\/2013\/04\/BMW-328i-14-560x373.jpg 560w, https:\/\/autolivraria.com.br\/bc\/wp-content\/uploads\/2013\/04\/BMW-328i-14-470x313.jpg 470w, https:\/\/autolivraria.com.br\/bc\/wp-content\/uploads\/2013\/04\/BMW-328i-14.jpg 1280w\" data-sizes=\"(max-width: 270px) 100vw, 270px\" src=\"data:image\/svg+xml;base64,PHN2ZyB3aWR0aD0iMSIgaGVpZ2h0PSIxIiB4bWxucz0iaHR0cDovL3d3dy53My5vcmcvMjAwMC9zdmciPjwvc3ZnPg==\" style=\"--smush-placeholder-width: 270px; --smush-placeholder-aspect-ratio: 270\/179;\" \/><\/a>\n\t\t\t\t<\/div>\n<div class='one_half last'>\n\t\t\t\t\t<a href=\"https:\/\/autolivraria.com.br\/bc\/wp-content\/uploads\/2013\/04\/VW-CC-14.jpg\"><img decoding=\"async\" class=\"aligncenter size-meia-largura-post wp-image-24776 lazyload\" title=\"VW CC\" data-src=\"https:\/\/autolivraria.com.br\/bc\/wp-content\/uploads\/2013\/04\/VW-CC-14-270x179.jpg\" alt=\"\" width=\"270\" height=\"179\" data-srcset=\"https:\/\/autolivraria.com.br\/bc\/wp-content\/uploads\/2013\/04\/VW-CC-14-270x179.jpg 270w, https:\/\/autolivraria.com.br\/bc\/wp-content\/uploads\/2013\/04\/VW-CC-14-560x373.jpg 560w, https:\/\/autolivraria.com.br\/bc\/wp-content\/uploads\/2013\/04\/VW-CC-14-470x313.jpg 470w, https:\/\/autolivraria.com.br\/bc\/wp-content\/uploads\/2013\/04\/VW-CC-14.jpg 1280w\" data-sizes=\"(max-width: 270px) 100vw, 270px\" src=\"data:image\/svg+xml;base64,PHN2ZyB3aWR0aD0iMSIgaGVpZ2h0PSIxIiB4bWxucz0iaHR0cDovL3d3dy53My5vcmcvMjAwMC9zdmciPjwvc3ZnPg==\" style=\"--smush-placeholder-width: 270px; --smush-placeholder-aspect-ratio: 270\/179;\" \/><\/a>\n\t\t\t\t<\/div><div class='clear'><\/div>\n<p style=\"text-align: center;\"><em><br \/>\nMais marchas, menos peso e resist\u00eancia ao ar: o conjunto de fatores deu ao BMW<br \/>\n(\u00e0 esquerda) vantagens em acelera\u00e7\u00e3o, retomada de velocidade e consumo<\/em><\/p>\n<p>&nbsp;<\/p>\n<div class='et-box et-shadow'>\n\t\t\t\t\t<div class='et-box-content'><h2>Dados dos fabricantes<\/h2>\n<table id=\"table10\" style=\"width: 100%;\" border=\"0\" cellspacing=\"0\" cellpadding=\"3\">\n<tbody>\n<tr>\n<td width=\"50%\"><\/td>\n<td width=\"25%\">\n<h1>328i<\/h1>\n<\/td>\n<td width=\"25%\">\n<h1>CC<\/h1>\n<\/td>\n<\/tr>\n<tr>\n<td width=\"50%\">Velocidade m\u00e1xima<\/td>\n<td width=\"25%\">250 km\/h<\/td>\n<td width=\"25%\">250 km\/h<\/td>\n<\/tr>\n<tr>\n<td width=\"50%\">Acelera\u00e7\u00e3o de 0 a 100 km\/h<\/td>\n<td width=\"25%\">6,1 s<\/td>\n<td width=\"25%\">5,5 s<\/td>\n<\/tr>\n<tr>\n<td width=\"50%\">Consumo em ciclo urbano<\/td>\n<td width=\"25%\">ND<\/td>\n<td width=\"25%\"><\/td>\n<\/tr>\n<tr>\n<td width=\"50%\">Consumo em ciclo rodovi\u00e1rio<\/td>\n<td width=\"25%\">ND<\/td>\n<td width=\"25%\"><\/td>\n<\/tr>\n<\/tbody>\n<\/table><\/div><\/div>\n<p>&nbsp;<\/p>\n<div class='et-box et-shadow'>\n\t\t\t\t\t<div class='et-box-content'><h2>Ficha t\u00e9cnica<\/h2>\n<table id=\"table61\" border=\"0\" cellspacing=\"0\" cellpadding=\"3\">\n<tbody>\n<tr>\n<td valign=\"top\" width=\"40%\"><\/td>\n<td valign=\"top\" width=\"30%\">\n<h1>328i<\/h1>\n<\/td>\n<td valign=\"top\" width=\"30%\">\n<h1>CC<\/h1>\n<\/td>\n<\/tr>\n<tr>\n<td colspan=\"3\" valign=\"top\" bgcolor=\"#FFFFFF\" width=\"100%\">Motor<\/td>\n<\/tr>\n<tr>\n<td valign=\"top\" width=\"40%\">Posi\u00e7\u00e3o<\/td>\n<td valign=\"top\" width=\"15%\">longitudinal<\/td>\n<td valign=\"top\" width=\"15%\">transversal<\/td>\n<\/tr>\n<tr>\n<td valign=\"top\" width=\"40%\">Cilindros<\/td>\n<td valign=\"top\" width=\"15%\">4 em linha<\/td>\n<td valign=\"top\" width=\"15%\">6 em V a 10,6\u00b0<\/td>\n<\/tr>\n<tr>\n<td valign=\"top\" width=\"40%\">Material do bloco\/cabe\u00e7ote<\/td>\n<td valign=\"top\" width=\"30%\">alum\u00ednio<\/td>\n<td valign=\"top\" width=\"30%\">ferro fundido\/alum\u00ednio<\/td>\n<\/tr>\n<tr>\n<td valign=\"top\" width=\"40%\">Comando de v\u00e1lvulas<\/td>\n<td valign=\"top\" width=\"30%\">duplo no cabe\u00e7ote<\/td>\n<td valign=\"top\" width=\"30%\"><\/td>\n<\/tr>\n<tr>\n<td valign=\"top\" width=\"40%\">V\u00e1lvulas por cilindro<\/td>\n<td valign=\"top\" width=\"15%\">4, varia\u00e7\u00e3o de tempo e levantamento<\/td>\n<td valign=\"top\" width=\"15%\">4, varia\u00e7\u00e3o de tempo<\/td>\n<\/tr>\n<tr>\n<td valign=\"top\" width=\"40%\">Di\u00e2metro e curso<\/td>\n<td valign=\"top\" width=\"30%\">90,1 x 84 mm<\/td>\n<td valign=\"top\" width=\"30%\">89 x 96,3 mm<\/td>\n<\/tr>\n<tr>\n<td valign=\"top\" width=\"40%\">Cilindrada<\/td>\n<td valign=\"top\" width=\"30%\">1.997 cm\u00b3<\/td>\n<td valign=\"top\" width=\"30%\">3.597 cm\u00b3<\/td>\n<\/tr>\n<tr>\n<td valign=\"top\" width=\"40%\">Taxa de compress\u00e3o<\/td>\n<td valign=\"top\" width=\"30%\">10:1<\/td>\n<td valign=\"top\" width=\"30%\">11,4:1<\/td>\n<\/tr>\n<tr>\n<td valign=\"top\" width=\"40%\">Alimenta\u00e7\u00e3o<\/td>\n<td valign=\"top\" width=\"15%\">inje\u00e7\u00e3o direta, turbocompressor\ne resfriador de ar<\/td>\n<td valign=\"top\" width=\"15%\">inje\u00e7\u00e3o direta<\/td>\n<\/tr>\n<tr>\n<td valign=\"top\" width=\"40%\">Pot\u00eancia m\u00e1xima<\/td>\n<td valign=\"top\" width=\"30%\">245 cv de 5.000 a 6.500 rpm<\/td>\n<td valign=\"top\" width=\"30%\">300 cv a 6.600 rpm<\/td>\n<\/tr>\n<tr>\n<td valign=\"top\" width=\"40%\">Torque m\u00e1ximo<\/td>\n<td valign=\"top\" width=\"30%\">35,7 m.kgf de\n1.250 a 4.800 rpm<\/td>\n<td valign=\"top\" width=\"30%\">35,7 m.kgf a\n2.400 rpm<\/td>\n<\/tr>\n<tr>\n<td valign=\"top\" width=\"40%\">Pot\u00eancia espec\u00edfica<\/td>\n<td valign=\"top\" width=\"30%\">122,7 cv\/l<\/td>\n<td valign=\"top\" width=\"30%\">83,4 cv\/l<\/td>\n<\/tr>\n<tr>\n<td colspan=\"3\" valign=\"top\" bgcolor=\"#FFFFFF\" width=\"100%\">Transmiss\u00e3o<\/td>\n<\/tr>\n<tr>\n<td valign=\"top\" width=\"40%\">Tipo de c\u00e2mbio e marchas<\/td>\n<td valign=\"top\" width=\"15%\">autom\u00e1tico \/ 8<\/td>\n<td valign=\"top\" width=\"15%\">automatizado de dupla\nembreagem \/ 6<\/td>\n<\/tr>\n<tr>\n<td colspan=\"3\" valign=\"top\" width=\"100%\">Rela\u00e7\u00e3o e velocidade por 1.000 rpm<\/td>\n<\/tr>\n<tr>\n<td valign=\"top\" width=\"40%\">1\u00aa.<\/td>\n<td valign=\"top\" width=\"30%\">4,71 \/ 8 km\/h<\/td>\n<td valign=\"top\" width=\"30%\">2,92 \/ 9\u00a0km\/h<\/td>\n<\/tr>\n<tr>\n<td valign=\"top\" width=\"40%\">2\u00aa.<\/td>\n<td valign=\"top\" width=\"30%\">3,14 \/ 12\u00a0km\/h<\/td>\n<td valign=\"top\" width=\"30%\">1,79 \/ 14\u00a0km\/h<\/td>\n<\/tr>\n<tr>\n<td valign=\"top\" width=\"40%\">3\u00aa.<\/td>\n<td valign=\"top\" width=\"30%\">2,11 \/ 19\u00a0km\/h<\/td>\n<td valign=\"top\" width=\"30%\">1,18 \/ 22\u00a0km\/h<\/td>\n<\/tr>\n<tr>\n<td valign=\"top\" width=\"40%\">4\u00aa.<\/td>\n<td valign=\"top\" width=\"30%\">1,67 \/ 24\u00a0km\/h<\/td>\n<td valign=\"top\" width=\"30%\">0,83 \/ 31\u00a0km\/h<\/td>\n<\/tr>\n<tr>\n<td valign=\"top\" width=\"40%\">5\u00aa.<\/td>\n<td valign=\"top\" width=\"30%\">1,28 \/ 31\u00a0km\/h<\/td>\n<td valign=\"top\" width=\"30%\">0,86 \/ 41\u00a0km\/h<\/td>\n<\/tr>\n<tr>\n<td valign=\"top\" width=\"40%\">6\u00aa.<\/td>\n<td valign=\"top\" width=\"30%\">1,00 \/ 39\u00a0km\/h<\/td>\n<td valign=\"top\" width=\"30%\">0,68 \/ 51\u00a0km\/h<\/td>\n<\/tr>\n<tr>\n<td valign=\"top\" width=\"40%\">7\u00aa.<\/td>\n<td valign=\"top\" width=\"30%\">0,84 \/ 47\u00a0km\/h<\/td>\n<td valign=\"top\" width=\"30%\">NA<\/td>\n<\/tr>\n<tr>\n<td valign=\"top\" width=\"40%\">8\u00aa.<\/td>\n<td valign=\"top\" width=\"30%\">0,67 \/ 59\u00a0km\/h<\/td>\n<td valign=\"top\" width=\"30%\">NA<\/td>\n<\/tr>\n<tr>\n<td valign=\"top\" width=\"40%\">Rela\u00e7\u00e3o de diferencial(is)<\/td>\n<td valign=\"top\" width=\"30%\">3,15<\/td>\n<td valign=\"top\" width=\"30%\">4,77 e 3,44*<\/td>\n<\/tr>\n<tr>\n<td valign=\"top\" width=\"40%\">Tra\u00e7\u00e3o<\/td>\n<td valign=\"top\" width=\"15%\">traseira<\/td>\n<td valign=\"top\" width=\"15%\">integral permanente<\/td>\n<\/tr>\n<tr>\n<td colspan=\"3\" valign=\"top\" width=\"70%\">* A rela\u00e7\u00e3o 3,44 atende \u00e0 5\u00aa. e a 6\u00aa. marchas<\/td>\n<\/tr>\n<tr>\n<td colspan=\"3\" valign=\"top\" bgcolor=\"#FFFFFF\" width=\"100%\">Freios<\/td>\n<\/tr>\n<tr>\n<td valign=\"top\" width=\"40%\">Dianteiros<\/td>\n<td valign=\"top\" width=\"30%\">a disco ventilado (\u00f8 ND)<\/td>\n<td valign=\"top\" width=\"30%\">a disco ventilado\n(345 mm \u00f8)<\/td>\n<\/tr>\n<tr>\n<td valign=\"top\" width=\"40%\">Traseiros<\/td>\n<td valign=\"top\" width=\"30%\">a disco ventilado (\u00f8 ND)<\/td>\n<td valign=\"top\" width=\"30%\">a disco ventilado\n(310 mm \u00f8)<\/td>\n<\/tr>\n<tr>\n<td valign=\"top\" width=\"40%\">Antitravamento (ABS)<\/td>\n<td valign=\"top\" width=\"30%\">sim<\/td>\n<td valign=\"top\" width=\"30%\"><\/td>\n<\/tr>\n<tr>\n<td colspan=\"3\" valign=\"top\" bgcolor=\"#FFFFFF\" width=\"100%\">Dire\u00e7\u00e3o<\/td>\n<\/tr>\n<tr>\n<td valign=\"top\" width=\"40%\">Sistema<\/td>\n<td colspan=\"2\" valign=\"top\" width=\"30%\">pinh\u00e3o e cremalheira<\/td>\n<\/tr>\n<tr>\n<td valign=\"top\" width=\"40%\">Assist\u00eancia<\/td>\n<td valign=\"top\" width=\"15%\">el\u00e9trica<\/td>\n<td valign=\"top\" width=\"15%\"><\/td>\n<\/tr>\n<tr>\n<td valign=\"top\" width=\"40%\">Di\u00e2metro de giro<\/td>\n<td valign=\"top\" width=\"30%\">11,5 m<\/td>\n<td valign=\"top\" width=\"30%\">11,4 m<\/td>\n<\/tr>\n<tr>\n<td colspan=\"3\" valign=\"top\" bgcolor=\"#FFFFFF\" width=\"100%\">Suspens\u00e3o<\/td>\n<\/tr>\n<tr>\n<td valign=\"top\" width=\"40%\">Dianteira<\/td>\n<td colspan=\"2\" valign=\"top\" width=\"60%\">independente, McPherson, mola helicoidal<\/td>\n<\/tr>\n<tr>\n<td valign=\"top\" width=\"40%\">Traseira<\/td>\n<td colspan=\"2\" valign=\"top\" width=\"60%\">independente, multibra\u00e7o, mola helicoidal<\/td>\n<\/tr>\n<tr>\n<td valign=\"top\" width=\"40%\">Estabilizador(es)<\/td>\n<td colspan=\"2\" valign=\"top\" width=\"60%\">dianteiro e traseiro<\/td>\n<\/tr>\n<tr>\n<td colspan=\"3\" valign=\"top\" bgcolor=\"#FFFFFF\" width=\"100%\">Rodas<\/td>\n<\/tr>\n<tr>\n<td valign=\"top\" width=\"40%\">Dimens\u00f5es<\/td>\n<td valign=\"top\" width=\"30%\">7,5 x 17 pol<\/td>\n<td valign=\"top\" width=\"30%\">8 x 18 pol<\/td>\n<\/tr>\n<tr>\n<td valign=\"top\" width=\"40%\">Pneus dianteiros<\/td>\n<td valign=\"top\" width=\"30%\">225\/50 R 17 W<\/td>\n<td valign=\"top\" width=\"30%\">235\/40 R 18 W<\/td>\n<\/tr>\n<tr>\n<td valign=\"top\" width=\"40%\">Pneus traseiros<\/td>\n<td valign=\"top\" width=\"30%\">255\/45 R 17 W<\/td>\n<td valign=\"top\" width=\"30%\">235\/40 R 18 W<\/td>\n<\/tr>\n<tr>\n<td colspan=\"3\" valign=\"top\" bgcolor=\"#FFFFFF\" width=\"100%\">Dimens\u00f5es<\/td>\n<\/tr>\n<tr>\n<td valign=\"top\" width=\"40%\">Comprimento<\/td>\n<td valign=\"top\" width=\"30%\">4,624 m<\/td>\n<td valign=\"top\" width=\"30%\">4,801 m<\/td>\n<\/tr>\n<tr>\n<td valign=\"top\" width=\"40%\">Largura<\/td>\n<td valign=\"top\" width=\"30%\">1,811 m<\/td>\n<td valign=\"top\" width=\"30%\">1,855 m<\/td>\n<\/tr>\n<tr>\n<td valign=\"top\" width=\"40%\">Altura<\/td>\n<td valign=\"top\" width=\"30%\">1,429 m<\/td>\n<td valign=\"top\" width=\"30%\">1,426 m<\/td>\n<\/tr>\n<tr>\n<td valign=\"top\" width=\"40%\">Entre-eixos<\/td>\n<td valign=\"top\" width=\"30%\">2,81 m<\/td>\n<td valign=\"top\" width=\"30%\">2,712 m<\/td>\n<\/tr>\n<tr>\n<td valign=\"top\">Bitola dianteira<\/td>\n<td valign=\"top\" width=\"30%\">1,531 m<\/td>\n<td valign=\"top\" width=\"30%\">1,555 m<\/td>\n<\/tr>\n<tr>\n<td valign=\"top\">Bitola traseira<\/td>\n<td valign=\"top\" width=\"30%\">1,572 m<\/td>\n<td valign=\"top\" width=\"30%\">1,557 m<\/td>\n<\/tr>\n<tr>\n<td valign=\"top\" width=\"40%\">Coeficiente aerodin\u00e2mico (Cx)<\/td>\n<td valign=\"top\" width=\"30%\">0,29<\/td>\n<td valign=\"top\" width=\"30%\">0,31<\/td>\n<\/tr>\n<tr>\n<td colspan=\"3\" valign=\"top\" bgcolor=\"#FFFFFF\" width=\"100%\">Capacidades e peso<\/td>\n<\/tr>\n<tr>\n<td valign=\"top\" width=\"40%\">Tanque de combust\u00edvel<\/td>\n<td valign=\"top\" width=\"30%\">60 l<\/td>\n<td valign=\"top\" width=\"30%\">68 l<\/td>\n<\/tr>\n<tr>\n<td valign=\"top\" width=\"40%\">Compartimento de bagagem<\/td>\n<td valign=\"top\" width=\"30%\">480 l<\/td>\n<td valign=\"top\" width=\"30%\">452 l<\/td>\n<\/tr>\n<tr>\n<td valign=\"top\" width=\"40%\">Peso em ordem de marcha<\/td>\n<td valign=\"top\" width=\"30%\">1.430 kg<\/td>\n<td valign=\"top\" width=\"30%\">1.637 kg<\/td>\n<\/tr>\n<tr>\n<td valign=\"top\" width=\"40%\">Rela\u00e7\u00e3o peso-pot\u00eancia<\/td>\n<td valign=\"top\" width=\"30%\">5,8 kg\/cv<\/td>\n<td valign=\"top\" width=\"30%\">5,4 kg\/cv<\/td>\n<\/tr>\n<tr>\n<td colspan=\"3\" valign=\"top\" bgcolor=\"#FFFFFF\" width=\"100%\">Garantia<\/td>\n<\/tr>\n<tr>\n<td valign=\"top\" width=\"40%\">Prazo<\/td>\n<td valign=\"top\" width=\"30%\">2 anos sem limite de\nquilometragem<\/td>\n<td valign=\"top\" width=\"30%\">3 anos sem limite de\nquilometragem<\/td>\n<\/tr>\n<tr>\n<td colspan=\"3\" valign=\"top\" bgcolor=\"#FFFFFF\" width=\"100%\">Carros avaliados<\/td>\n<\/tr>\n<tr>\n<td valign=\"top\" width=\"40%\">Ano-modelo<\/td>\n<td valign=\"top\" width=\"30%\">2013<\/td>\n<td valign=\"top\" width=\"30%\"><\/td>\n<\/tr>\n<tr>\n<td valign=\"top\" width=\"40%\">Pneus<\/td>\n<td valign=\"top\" width=\"30%\">Bridgestone Potenza\n5001 RFT<\/td>\n<td valign=\"top\" width=\"30%\">Continental Conti\nSport Contact 5<\/td>\n<\/tr>\n<tr>\n<td valign=\"top\" width=\"40%\">Quilometragem inicial<\/td>\n<td valign=\"top\" width=\"30%\">5.000 km<\/td>\n<td valign=\"top\" width=\"30%\">4.000 km<\/td>\n<\/tr>\n<tr>\n<td colspan=\"3\" valign=\"top\" width=\"100%\">Dados dos fabricantes; ND = n\u00e3o dispon\u00edvel; NA = n\u00e3o aplic\u00e1vel<\/td>\n<\/tr>\n<\/tbody>\n<\/table><\/div><\/div>\n<table border=\"0\">\n<tbody>\n<tr>\n<td><a href='https:\/\/autolivraria.com.br\/bc\/informe-se\/avaliacao\/comparativo\/bmw-328i-e-volkswagen-cc-o-plebeu-dos-nobres-o-nobre-dos-plebeus\/7\/' class='small-button smallsilver'>Pr\u00f3xima parte<\/a><\/td>\n<\/tr>\n<\/tbody>\n<\/table>\n<p>&nbsp;<\/p>\n<p>&nbsp;<\/p>\n<p><!--nextpage--><\/p>\n<div class='one_half'>\n\t\t\t\t\t<p><a href=\"https:\/\/autolivraria.com.br\/bc\/wp-content\/uploads\/2013\/04\/BMW-328i-04.jpg\"><img decoding=\"async\" class=\"aligncenter size-meia-largura-post wp-image-24857 lazyload\" title=\"BMW 328i\" data-src=\"https:\/\/autolivraria.com.br\/bc\/wp-content\/uploads\/2013\/04\/BMW-328i-04-270x179.jpg\" alt=\"\" width=\"270\" height=\"179\" data-srcset=\"https:\/\/autolivraria.com.br\/bc\/wp-content\/uploads\/2013\/04\/BMW-328i-04-270x179.jpg 270w, https:\/\/autolivraria.com.br\/bc\/wp-content\/uploads\/2013\/04\/BMW-328i-04-560x373.jpg 560w, https:\/\/autolivraria.com.br\/bc\/wp-content\/uploads\/2013\/04\/BMW-328i-04-470x313.jpg 470w, https:\/\/autolivraria.com.br\/bc\/wp-content\/uploads\/2013\/04\/BMW-328i-04.jpg 1280w\" data-sizes=\"(max-width: 270px) 100vw, 270px\" src=\"data:image\/svg+xml;base64,PHN2ZyB3aWR0aD0iMSIgaGVpZ2h0PSIxIiB4bWxucz0iaHR0cDovL3d3dy53My5vcmcvMjAwMC9zdmciPjwvc3ZnPg==\" style=\"--smush-placeholder-width: 270px; --smush-placeholder-aspect-ratio: 270\/179;\" \/><\/a>\n\t\t\t\t<\/div>\n<div class='one_half last'>\n\t\t\t\t\t<a href=\"https:\/\/autolivraria.com.br\/bc\/wp-content\/uploads\/2013\/04\/VW-CC-04.jpg\"><img decoding=\"async\" class=\"aligncenter size-meia-largura-post wp-image-24858 lazyload\" title=\"VW CC\" data-src=\"https:\/\/autolivraria.com.br\/bc\/wp-content\/uploads\/2013\/04\/VW-CC-04-270x179.jpg\" alt=\"\" width=\"270\" height=\"179\" data-srcset=\"https:\/\/autolivraria.com.br\/bc\/wp-content\/uploads\/2013\/04\/VW-CC-04-270x179.jpg 270w, https:\/\/autolivraria.com.br\/bc\/wp-content\/uploads\/2013\/04\/VW-CC-04-560x373.jpg 560w, https:\/\/autolivraria.com.br\/bc\/wp-content\/uploads\/2013\/04\/VW-CC-04-470x313.jpg 470w, https:\/\/autolivraria.com.br\/bc\/wp-content\/uploads\/2013\/04\/VW-CC-04.jpg 1280w\" data-sizes=\"(max-width: 270px) 100vw, 270px\" src=\"data:image\/svg+xml;base64,PHN2ZyB3aWR0aD0iMSIgaGVpZ2h0PSIxIiB4bWxucz0iaHR0cDovL3d3dy53My5vcmcvMjAwMC9zdmciPjwvc3ZnPg==\" style=\"--smush-placeholder-width: 270px; --smush-placeholder-aspect-ratio: 270\/179;\" \/><\/a>\n\t\t\t\t<\/div><div class='clear'><\/div>\n<p style=\"text-align: center;\"><em><br \/>\nA grande diferen\u00e7a de pre\u00e7os, que se amplia com opcionais, n\u00e3o se justifica<br \/>\npelo conte\u00fado adicional do CC e deixa o 328i com melhor custo-benef\u00edcio\u00a0<\/em><\/p>\n<p>&nbsp;<\/p>\n<p><strong><\/strong><div class='et-box et-shadow'>\n\t\t\t\t\t<div class='et-box-content'><h2>Pre\u00e7os<\/h2>\n<table id=\"table5989\" border=\"0\" cellspacing=\"0\" cellpadding=\"3\">\n<tbody>\n<tr>\n<td width=\"33%\"><\/td>\n<td width=\"33%\">\n<h1>328i<\/h1>\n<\/td>\n<td width=\"33%\">\n<h1>CC<\/h1>\n<\/td>\n<\/tr>\n<tr>\n<td width=\"33%\">Sem opcionais<\/td>\n<td width=\"33%\"><strong>174.950<\/strong><\/td>\n<td width=\"33%\">208.024<\/td>\n<\/tr>\n<tr>\n<td width=\"33%\">Como avaliado<\/td>\n<td width=\"33%\"><strong>174.950<\/strong><\/td>\n<td width=\"33%\">232.484<\/td>\n<\/tr>\n<tr>\n<td width=\"33%\">Completo<\/td>\n<td width=\"33%\"><strong>174.950<\/strong><\/td>\n<td width=\"33%\">233.199<\/td>\n<\/tr>\n<tr>\n<td colspan=\"3\" width=\"100%\">Pre\u00e7os p\u00fablicos sugeridos, em reais, vigentes em 15\/4\/13; menores pre\u00e7os em destaque; <a href=\"http:\/\/www.vw.com.br\" target=\"_blank\">consulte o pre\u00e7o dos opcionais do CC<\/a><\/td>\n<\/tr>\n<\/tbody>\n<\/table><\/div><\/div><\/p>\n<p>&nbsp;<\/p>\n<h3><strong><\/strong>Custo-benef\u00edcio<\/h3>\n<p>O fato de nosso 328i ser b\u00e1sico foi, como dito no in\u00edcio do comparativo, a causa para uma grande diferen\u00e7a de pre\u00e7os: R$ 33 mil entre os carros sem opcionais e R$ 57,5 mil entre as vers\u00f5es avaliadas, j\u00e1 que o CC chegou com todas as op\u00e7\u00f5es dispon\u00edveis, exceto a pintura em preto. Esses itens cobrados \u00e0 parte s\u00e3o teto solar, cortina no vidro traseiro, sistema de \u00e1udio Dynaudio, controlador da dist\u00e2ncia \u00e0 frente, navegador e bancos dianteiros com ventila\u00e7\u00e3o (e massagem no do motorista).<\/p>\n<p>De tudo isso, apenas o teto \u00e9 de s\u00e9rie no BMW, que traz ainda ajuste eletr\u00f4nico da suspens\u00e3o, ao qual o VW responde com a tra\u00e7\u00e3o integral e o assistente de estacionamento. Portanto, do ponto de vista dos equipamentos de conforto e seguran\u00e7a, o CC b\u00e1sico de R$ 208 mil n\u00e3o justifica tamanha diferen\u00e7a de pre\u00e7o sobre o 328i; tampouco os R$ 232,5 mil do CC completo parecem coerentes com seu conte\u00fado. Por mais surpreendente que seja, a conclus\u00e3o \u00e9 de que a marca &#8220;dos nobres&#8221; cobra menos que a &#8220;dos plebeus&#8221; por um carro quase t\u00e3o equipado quanto.<\/p>\n<p>&nbsp;<\/p>\n<div class='code-block code-block-7' style='margin: 28px auto; text-align: center; display: block; clear: both;'>\n<script async src=\"https:\/\/pagead2.googlesyndication.com\/pagead\/js\/adsbygoogle.js\"><\/script>\n<!-- AL-quadrado -->\n<ins class=\"adsbygoogle\"\n     style=\"display:block\"\n     data-ad-client=\"ca-pub-1914799802606213\"\n     data-ad-slot=\"5683066082\"\n     data-ad-format=\"auto\"\n     data-full-width-responsive=\"true\"><\/ins>\n<script>\n     (adsbygoogle = window.adsbygoogle || []).push({});\n<\/script><\/div>\n\n<p>&nbsp;<\/p>\n<p>Mas \u00e9 preciso comparar algo mais para definir o melhor, e as notas do quadro abaixo ajudam bastante nessa an\u00e1lise. O VW saiu-se melhor em estilo, acabamento, posi\u00e7\u00e3o de dirigir, instrumentos e itens de conveni\u00eancia, enquanto o BMW foi melhor apenas em desempenho e consumo. Longe de que seja um carro ruim: o que aconteceu foi o oponente merecer as mesmas notas (muitas delas \u00f3timas) nos demais quesitos.<\/p>\n<p>Apesar de vencedor na m\u00e9dia das notas pela margem m\u00ednima (um ponto), o CC ainda n\u00e3o justifica seu pre\u00e7o\u00a0\u2014 por isso a nota mais baixa em custo-benef\u00edcio. A quest\u00e3o se agrava se for considerado o que um BMW oferece em prest\u00edgio comparado a um VW, ou seja, em condi\u00e7\u00f5es iguais de conte\u00fado o b\u00e1varo ainda poderia cobrar um valor adicional pelo logotipo que traz no cap\u00f4. Embora as diversas vantagens do CC no que toca ao ambiente interno fa\u00e7am que esse sed\u00e3 de topo de uma marca mais popular mere\u00e7a ser considerado, \u00e9 inc\u00f4modo existir um concorrente que, mesmo oferecendo mais em prest\u00edgio, abale bem menos o bolso.<\/p>\n<p>&nbsp;<\/p>\n<div class='et-box et-shadow'>\n\t\t\t\t\t<div class='et-box-content'><h2>Nossas notas<\/h2>\n<table id=\"table5994\" style=\"width: 100%;\" border=\"0\" cellspacing=\"0\" cellpadding=\"3\">\n<tbody>\n<tr>\n<td style=\"width: 60%;\"><\/td>\n<td>\n<h1>328i<\/h1>\n<\/td>\n<td style=\"width: 20%;\">\n<h1>CC<\/h1>\n<\/td>\n<\/tr>\n<tr>\n<td style=\"width: 60%;\">Estilo<\/td>\n<td>4<\/td>\n<td>5<\/td>\n<\/tr>\n<tr>\n<td style=\"width: 60%;\">Acabamento<\/td>\n<td>4<\/td>\n<td>5<\/td>\n<\/tr>\n<tr>\n<td style=\"width: 60%;\">Posi\u00e7\u00e3o de dirigir<\/td>\n<td>4<\/td>\n<td>5<\/td>\n<\/tr>\n<tr>\n<td style=\"width: 60%;\">Instrumentos<\/td>\n<td>4<\/td>\n<td>5<\/td>\n<\/tr>\n<tr>\n<td style=\"width: 60%;\">Itens de conveni\u00eancia<\/td>\n<td>4<\/td>\n<td>5<\/td>\n<\/tr>\n<tr>\n<td style=\"width: 60%;\">Espa\u00e7o interno<\/td>\n<td>4<\/td>\n<td>4<\/td>\n<\/tr>\n<tr>\n<td style=\"width: 60%;\">Porta-malas<\/td>\n<td>4<\/td>\n<td>4<\/td>\n<\/tr>\n<tr>\n<td style=\"width: 60%;\">Motor<\/td>\n<td>5<\/td>\n<td>5<\/td>\n<\/tr>\n<tr>\n<td>Desempenho<\/td>\n<td>5<\/td>\n<td>4<\/td>\n<\/tr>\n<tr>\n<td>Consumo<\/td>\n<td>5<\/td>\n<td>3<\/td>\n<\/tr>\n<tr>\n<td style=\"width: 60%;\">C\u00e2mbio<\/td>\n<td>5<\/td>\n<td>5<\/td>\n<\/tr>\n<tr>\n<td style=\"width: 60%;\">Freios<\/td>\n<td>5<\/td>\n<td>5<\/td>\n<\/tr>\n<tr>\n<td style=\"width: 60%;\">Dire\u00e7\u00e3o<\/td>\n<td>5<\/td>\n<td>5<\/td>\n<\/tr>\n<tr>\n<td style=\"width: 60%;\">Suspens\u00e3o<\/td>\n<td>4<\/td>\n<td>4<\/td>\n<\/tr>\n<tr>\n<td style=\"width: 60%;\">Estabilidade<\/td>\n<td>5<\/td>\n<td>5<\/td>\n<\/tr>\n<tr>\n<td style=\"width: 60%;\">Visibilidade<\/td>\n<td>4<\/td>\n<td>4<\/td>\n<\/tr>\n<tr>\n<td style=\"width: 60%;\">Seguran\u00e7a passiva<\/td>\n<td>5<\/td>\n<td>5<\/td>\n<\/tr>\n<tr>\n<td style=\"width: 60%;\">Custo-benef\u00edcio<\/td>\n<td>4<\/td>\n<td>3<\/td>\n<\/tr>\n<tr>\n<td style=\"width: 60%;\">M\u00e9dia<\/td>\n<td>4,44<\/td>\n<td>4,50<\/td>\n<\/tr>\n<tr>\n<td style=\"width: 60%;\">\n<h2>Posi\u00e7\u00e3o<\/h2>\n<\/td>\n<td>\n<h2>2\u00ba.<\/h2>\n<\/td>\n<td>\n<h2>1\u00b0.<\/h2>\n<\/td>\n<\/tr>\n<tr>\n<td colspan=\"3\">As notas v\u00e3o de 1 a 5, sendo 5 a melhor; <a href=\"https:\/\/autolivraria.com.br\/bc\/nossa-metodologia-de-notas\/\">conhe\u00e7a nossa metodologia<\/a><\/td>\n<\/tr>\n<\/tbody>\n<\/table><\/div><\/div>\n<p>&nbsp;<\/p>\n<div class='et-box et-shadow'>\n\t\t\t\t\t<div class='et-box-content'><h2>Teste do Leitor: opini\u00e3o dos propriet\u00e1rios<\/h2>\n<table id=\"table5996\" style=\"width: 100%;\" border=\"0\" cellspacing=\"0\" cellpadding=\"3\">\n<tbody>\n<tr>\n<td width=\"25%\"><a href=\"https:\/\/autolivraria.com.br\/bc\/participe\/teste-leitor\/teste-do-leitor-bmw\/bmw-serie-3-todas-as-geracoes\/\">S\u00e9rie 3<\/a><\/td>\n<td width=\"25%\"><a href=\"https:\/\/autolivraria.com.br\/bc\/participe\/teste-leitor\/teste-do-leitor-volkswagen\/volkswagen-passat-cc-e-cc\/\">CC<\/a><\/td>\n<\/tr>\n<tr>\n<td colspan=\"2\" width=\"50%\"><a href=\"https:\/\/autolivraria.com.br\/bc\/teste-do-leitor-envie-sua-opiniao\" target=\"_blank\">Envie sua opini\u00e3o sobre o carro que possui<\/a><\/td>\n<\/tr>\n<\/tbody>\n<\/table><\/div><\/div>\n<p>&nbsp;<\/p>\n<p>&nbsp;<\/p>\n","protected":false},"excerpt":{"rendered":"<p>Marcas de diferentes estratos do mercado oferecem sed\u00e3s de luxo com \u00eanfase na esportividade: qual o melhor?<\/p>\n","protected":false},"author":6,"featured_media":24867,"comment_status":"open","ping_status":"closed","sticky":false,"template":"","format":"standard","meta":{"_joinchat":[],"footnotes":""},"categories":[1823,4,1841],"tags":[1342,1344,1989,80,62,2547,79,503,277,575,2548,60],"class_list":["post-24404","post","type-post","status-publish","format-standard","has-post-thumbnail","hentry","category-bmw-avaliacao","category-comparativo","category-volkswagen-avaliacao","tag-320i","tag-328i","tag-335i","tag-avaliacao-2","tag-bmw","tag-cc","tag-comparativo-2","tag-passat","tag-serie-3","tag-turbo","tag-v6","tag-volkswagen"],"amp_enabled":true,"_links":{"self":[{"href":"https:\/\/autolivraria.com.br\/bc\/wp-json\/wp\/v2\/posts\/24404","targetHints":{"allow":["GET"]}}],"collection":[{"href":"https:\/\/autolivraria.com.br\/bc\/wp-json\/wp\/v2\/posts"}],"about":[{"href":"https:\/\/autolivraria.com.br\/bc\/wp-json\/wp\/v2\/types\/post"}],"author":[{"embeddable":true,"href":"https:\/\/autolivraria.com.br\/bc\/wp-json\/wp\/v2\/users\/6"}],"replies":[{"embeddable":true,"href":"https:\/\/autolivraria.com.br\/bc\/wp-json\/wp\/v2\/comments?post=24404"}],"version-history":[{"count":0,"href":"https:\/\/autolivraria.com.br\/bc\/wp-json\/wp\/v2\/posts\/24404\/revisions"}],"wp:featuredmedia":[{"embeddable":true,"href":"https:\/\/autolivraria.com.br\/bc\/wp-json\/wp\/v2\/media\/24867"}],"wp:attachment":[{"href":"https:\/\/autolivraria.com.br\/bc\/wp-json\/wp\/v2\/media?parent=24404"}],"wp:term":[{"taxonomy":"category","embeddable":true,"href":"https:\/\/autolivraria.com.br\/bc\/wp-json\/wp\/v2\/categories?post=24404"},{"taxonomy":"post_tag","embeddable":true,"href":"https:\/\/autolivraria.com.br\/bc\/wp-json\/wp\/v2\/tags?post=24404"}],"curies":[{"name":"wp","href":"https:\/\/api.w.org\/{rel}","templated":true}]}}