{"id":24550,"date":"2013-04-12T15:07:13","date_gmt":"2013-04-12T18:07:13","guid":{"rendered":"http:\/\/bestcars.uol.com.br\/bc\/?p=24550"},"modified":"2013-04-19T10:21:36","modified_gmt":"2013-04-19T13:21:36","slug":"avaliacao-fiat-bravo-sporting-propoe-esportividade-que-nao-doi-no-bolso-2","status":"publish","type":"post","link":"https:\/\/autolivraria.com.br\/bc\/informe-se\/um-mes\/avaliacao-fiat-bravo-sporting-propoe-esportividade-que-nao-doi-no-bolso-2\/","title":{"rendered":"Fiat Bravo prop\u00f5e esportividade que n\u00e3o d\u00f3i no bolso (2)"},"content":{"rendered":"<p><a href=\"https:\/\/autolivraria.com.br\/bc\/wp-content\/uploads\/2013\/04\/Fiat-Bravo-Sporting-03.jpg\"><img fetchpriority=\"high\" decoding=\"async\" class=\"aligncenter size-medium wp-image-24568\" title=\"Fiat Bravo Sporting\" src=\"https:\/\/autolivraria.com.br\/bc\/wp-content\/uploads\/2013\/04\/Fiat-Bravo-Sporting-03-560x373.jpg\" alt=\"\" width=\"560\" height=\"373\" srcset=\"https:\/\/autolivraria.com.br\/bc\/wp-content\/uploads\/2013\/04\/Fiat-Bravo-Sporting-03-560x373.jpg 560w, https:\/\/autolivraria.com.br\/bc\/wp-content\/uploads\/2013\/04\/Fiat-Bravo-Sporting-03-470x313.jpg 470w, https:\/\/autolivraria.com.br\/bc\/wp-content\/uploads\/2013\/04\/Fiat-Bravo-Sporting-03-270x179.jpg 270w, https:\/\/autolivraria.com.br\/bc\/wp-content\/uploads\/2013\/04\/Fiat-Bravo-Sporting-03.jpg 1280w\" sizes=\"(max-width: 560px) 100vw, 560px\" \/><\/a><\/p>\n<p>&nbsp;<\/p>\n<h2>Viagem de colaborador traz aprova\u00e7\u00e3o a visual, suspens\u00e3o<br \/>\ne ronco do motor, mas esse sistema de leitura de USB&#8230;<\/h2>\n<p><em>Texto: Fabr\u00edcio Samah\u00e1 &#8211; Fotos do autor e de Vitor Freitas<\/em><\/p>\n<p>&nbsp;<\/p>\n<p><strong>Atualiza\u00e7\u00e3o de 12\/4\/13<\/strong><\/p>\n<p>O Bravo Sporting encarou sua segunda semana conosco e, al\u00e9m do uso \u2014 urbano em sua maior parte \u2014 pelo editor Fabr\u00edcio Samah\u00e1, foi submetido a uma avalia\u00e7\u00e3o pelo colaborador Vitor Freitas, um empres\u00e1rio que j\u00e1 havia participado em dezembro da an\u00e1lise do <a title=\"C3 Exclusive: pacote completo, embalagem compacta\" href=\"https:\/\/autolivraria.com.br\/bc\/informe-se\/um-mes\/c3-exclusive-pacote-completo-embalagem-compacta-fim\/\">Citro\u00ebn C3<\/a>. Adepto de carros m\u00e9dios como o Fiat avaliado (tem um Ford Focus da primeira gera\u00e7\u00e3o e j\u00e1 dirigiu modelos como Citro\u00ebn C4, Peugeot 308 e VW Golf), Vitor fez uma viagem de 130 quil\u00f4metros pela Serra da Mantiqueira, a partir de S\u00e3o Jos\u00e9 dos Campos, passando por Monteiro Lobato e Santo Ant\u00f4nio do Pinhal, todas no estado de S\u00e3o Paulo. Rodou tamb\u00e9m em cidade e pela rodovia Carvalho Pinto.<\/p>\n<p>Quais suas impress\u00f5es? &#8220;Gosto muito do visual do Bravo, que parece uma releitura do interessante Brava dos anos 90, ambos bem mais agrad\u00e1veis que o &#8216;quadrad\u00e3o&#8217; Stilo que existiu entre eles. O tratamento do Sporting me agrada, com as rodas 17 e a suspens\u00e3o mais baixa, mas deixaria de fora os apliques em vermelho escuro. No interior, achei o acabamento mais simples do que o pre\u00e7o fazia esperar, mas o desenho do painel \u00e9 bacana e os bancos de couro com detalhes vermelhos caem bem \u00e0 vers\u00e3o&#8221;, ele opina.<\/p>\n<p>&nbsp;<\/p>\n<div class='one_third'>\n\t\t\t\t\t<a href=\"https:\/\/autolivraria.com.br\/bc\/wp-content\/uploads\/2013\/04\/Fiat-Bravo-Sporting-ML-01.jpg\"><img decoding=\"async\" class=\"aligncenter size-thumbnail wp-image-24555 lazyload\" title=\"Fiat Bravo Sporting\" data-src=\"https:\/\/autolivraria.com.br\/bc\/wp-content\/uploads\/2013\/04\/Fiat-Bravo-Sporting-ML-01-168x168.jpg\" alt=\"\" width=\"168\" height=\"168\" data-srcset=\"https:\/\/autolivraria.com.br\/bc\/wp-content\/uploads\/2013\/04\/Fiat-Bravo-Sporting-ML-01-168x168.jpg 168w, https:\/\/autolivraria.com.br\/bc\/wp-content\/uploads\/2013\/04\/Fiat-Bravo-Sporting-ML-01-100x100.jpg 100w\" data-sizes=\"(max-width: 168px) 100vw, 168px\" src=\"data:image\/svg+xml;base64,PHN2ZyB3aWR0aD0iMSIgaGVpZ2h0PSIxIiB4bWxucz0iaHR0cDovL3d3dy53My5vcmcvMjAwMC9zdmciPjwvc3ZnPg==\" style=\"--smush-placeholder-width: 168px; --smush-placeholder-aspect-ratio: 168\/168;\" \/><\/a>\n\t\t\t\t<\/div>\n<div class='one_third'>\n\t\t\t\t\t<a href=\"https:\/\/autolivraria.com.br\/bc\/wp-content\/uploads\/2013\/04\/Fiat-Bravo-Sporting-ML-04.jpg\"><img decoding=\"async\" class=\"aligncenter size-thumbnail wp-image-24556 lazyload\" title=\"Fiat Bravo Sporting\" data-src=\"https:\/\/autolivraria.com.br\/bc\/wp-content\/uploads\/2013\/04\/Fiat-Bravo-Sporting-ML-04-168x168.jpg\" alt=\"\" width=\"168\" height=\"168\" data-srcset=\"https:\/\/autolivraria.com.br\/bc\/wp-content\/uploads\/2013\/04\/Fiat-Bravo-Sporting-ML-04-168x168.jpg 168w, https:\/\/autolivraria.com.br\/bc\/wp-content\/uploads\/2013\/04\/Fiat-Bravo-Sporting-ML-04-100x100.jpg 100w\" data-sizes=\"(max-width: 168px) 100vw, 168px\" src=\"data:image\/svg+xml;base64,PHN2ZyB3aWR0aD0iMSIgaGVpZ2h0PSIxIiB4bWxucz0iaHR0cDovL3d3dy53My5vcmcvMjAwMC9zdmciPjwvc3ZnPg==\" style=\"--smush-placeholder-width: 168px; --smush-placeholder-aspect-ratio: 168\/168;\" \/><\/a>\n\t\t\t\t<\/div>\n<div class='one_third last'>\n\t\t\t\t\t<a href=\"https:\/\/autolivraria.com.br\/bc\/wp-content\/uploads\/2013\/04\/Fiat-Bravo-Sporting-ML-03.jpg\"><img decoding=\"async\" class=\"aligncenter size-thumbnail wp-image-24557 lazyload\" title=\"Fiat Bravo Sporting\" data-src=\"https:\/\/autolivraria.com.br\/bc\/wp-content\/uploads\/2013\/04\/Fiat-Bravo-Sporting-ML-03-168x168.jpg\" alt=\"\" width=\"168\" height=\"168\" data-srcset=\"https:\/\/autolivraria.com.br\/bc\/wp-content\/uploads\/2013\/04\/Fiat-Bravo-Sporting-ML-03-168x168.jpg 168w, https:\/\/autolivraria.com.br\/bc\/wp-content\/uploads\/2013\/04\/Fiat-Bravo-Sporting-ML-03-100x100.jpg 100w\" data-sizes=\"(max-width: 168px) 100vw, 168px\" src=\"data:image\/svg+xml;base64,PHN2ZyB3aWR0aD0iMSIgaGVpZ2h0PSIxIiB4bWxucz0iaHR0cDovL3d3dy53My5vcmcvMjAwMC9zdmciPjwvc3ZnPg==\" style=\"--smush-placeholder-width: 168px; --smush-placeholder-aspect-ratio: 168\/168;\" \/><\/a>\n\t\t\t\t<\/div><div class='clear'><\/div>\n<p style=\"text-align: center;\"><em>\u00a0<\/em><br \/>\n<em>O Bravo na pequena Monteiro Lobato (\u00e0 esquerda) e na rodovia que leva<br \/>\n\u00e0 Serra\u00a0da Mantiqueira: bom desempenho, ronco agrad\u00e1vel e alguns sen\u00f5es<\/em><\/p>\n<p>&nbsp;<\/p>\n<p>Tendo viajado com esposa e filhos a bordo, Vitor n\u00e3o acelerou muito o Bravo. &#8220;Foi um passeio para curtir a bela natureza daquela estrada, de teto solar aberto e ar-condicionado desligado. Por isso n\u00e3o experimentei a estabilidade nas curvas. Dei umas &#8216;esticadas&#8217; para sentir o desempenho do motor E-Torq, que achei muito bom em alta rota\u00e7\u00e3o, mas um tanto fraco nas baixas. Sair de lombada em terceira marcha \u00e9 pedir para ser ultrapassado at\u00e9 pelas bicicletas&#8221;, ele brinca.<\/p>\n<p>Apesar desse inconveniente, o colaborador relata ter gostado de dirigir o Sporting, elogiado pela suspens\u00e3o &#8220;firme, mas confort\u00e1vel&#8221;, a dire\u00e7\u00e3o muito leve em manobras e com um \u00f3timo volante e o som do motor, &#8220;que tem um toque esportivo sem ser barulhento&#8221;. Destacou ainda aspectos internos como os bancos firmes e com bom apoio lateral, o computador de bordo bastante completo e o compartimento refrigerado no console central para uma pequena garrafa. O espa\u00e7o no banco traseiro foi julgado &#8220;satisfat\u00f3rio para um hatch de suas dimens\u00f5es&#8221;, assim como o compartimento de bagagem.<\/p>\n<p>&nbsp;<\/p>\n<blockquote><p>&#8220;Aprovei o &#8216;jeito italiano&#8217; que a Fiat deu a essa vers\u00e3o esportiva, com o motor que gosta de alta rota\u00e7\u00e3o e faz um ronco agrad\u00e1vel, mas me faria falta um c\u00e2mbio autom\u00e1tico&#8221;<\/p><\/blockquote>\n<p>&nbsp;<\/p>\n<p>O que n\u00e3o agradou? &#8220;Os vidros podem ser fechados pelo controle remoto da chave, mas n\u00e3o o teto solar. Os instrumentos do painel s\u00e3o escuros e dif\u00edceis de ler, a menos que voc\u00ea acenda as luzes durante o dia: a Fiat deveria adotar uma ilumina\u00e7\u00e3o permanente. Mas nada \u00e9 pior que aquele Media Player&#8221;, desabafa, referindo-se ao leitor de dispositivos USB do sistema Blue &amp; Me.<\/p>\n<p>Adepto do uso de pendrive com suas m\u00fasicas favoritas, Vitor explica: &#8220;Apesar da boa interface\u00a0<a href=\"https:\/\/autolivraria.com.br\/bc\/glossario-b\/#blue\">Bluetooth<\/a> para o telefone, a opera\u00e7\u00e3o de USB n\u00e3o \u00e9 nada pr\u00e1tica. Os comandos e o mostrador do r\u00e1dio ficam inativos: \u00e9 preciso controlar o pendrive pelos bot\u00f5es do volante e ver o nome da faixa em um pequeno quadro no painel, enquanto o computador de bordo n\u00e3o aparece em seu lugar. Mudar a pasta de arquivos \u00e9 um ritual: apertar um bot\u00e3o, dizer &#8216;pastas&#8217;, ouvir a confirma\u00e7\u00e3o da voz feminina, escolher o diret\u00f3rio por dois bot\u00f5es e apertar um quarto bot\u00e3o no volante. Tem mais: se voc\u00ea tiver v\u00e1rias pastas com as mesmas letras iniciais, como eu, que uso o nome da banda seguido pelo do \u00e1lbum, ter\u00e1 que adivinhar qual delas escolher, pois aparecem s\u00f3 as primeiras 12 letras. Muito ruim!&#8221;.<\/p>\n<p>&nbsp;<\/p>\n<p><a href=\"https:\/\/autolivraria.com.br\/bc\/wp-content\/uploads\/2013\/04\/Fiat-Bravo-Sporting-04.jpg\"><img decoding=\"async\" class=\"aligncenter size-medium wp-image-24563 lazyload\" title=\"Fiat Bravo Sporting\" data-src=\"https:\/\/autolivraria.com.br\/bc\/wp-content\/uploads\/2013\/04\/Fiat-Bravo-Sporting-04-560x373.jpg\" alt=\"\" width=\"560\" height=\"373\" data-srcset=\"https:\/\/autolivraria.com.br\/bc\/wp-content\/uploads\/2013\/04\/Fiat-Bravo-Sporting-04-560x373.jpg 560w, https:\/\/autolivraria.com.br\/bc\/wp-content\/uploads\/2013\/04\/Fiat-Bravo-Sporting-04-470x313.jpg 470w, https:\/\/autolivraria.com.br\/bc\/wp-content\/uploads\/2013\/04\/Fiat-Bravo-Sporting-04-270x179.jpg 270w, https:\/\/autolivraria.com.br\/bc\/wp-content\/uploads\/2013\/04\/Fiat-Bravo-Sporting-04.jpg 1280w\" data-sizes=\"(max-width: 560px) 100vw, 560px\" src=\"data:image\/svg+xml;base64,PHN2ZyB3aWR0aD0iMSIgaGVpZ2h0PSIxIiB4bWxucz0iaHR0cDovL3d3dy53My5vcmcvMjAwMC9zdmciPjwvc3ZnPg==\" style=\"--smush-placeholder-width: 560px; --smush-placeholder-aspect-ratio: 560\/373;\" \/><\/a><\/p>\n<p>&nbsp;<\/p>\n<div class='one_third'>\n\t\t\t\t\t<a href=\"https:\/\/autolivraria.com.br\/bc\/wp-content\/uploads\/2013\/04\/Fiat-Bravo-Sporting-det-10.jpg\"><img decoding=\"async\" class=\"aligncenter size-thumbnail wp-image-24564 lazyload\" title=\"Fiat Bravo Sporting\" data-src=\"https:\/\/autolivraria.com.br\/bc\/wp-content\/uploads\/2013\/04\/Fiat-Bravo-Sporting-det-10-168x168.jpg\" alt=\"\" width=\"168\" height=\"168\" data-srcset=\"https:\/\/autolivraria.com.br\/bc\/wp-content\/uploads\/2013\/04\/Fiat-Bravo-Sporting-det-10-168x168.jpg 168w, https:\/\/autolivraria.com.br\/bc\/wp-content\/uploads\/2013\/04\/Fiat-Bravo-Sporting-det-10-100x100.jpg 100w\" data-sizes=\"(max-width: 168px) 100vw, 168px\" src=\"data:image\/svg+xml;base64,PHN2ZyB3aWR0aD0iMSIgaGVpZ2h0PSIxIiB4bWxucz0iaHR0cDovL3d3dy53My5vcmcvMjAwMC9zdmciPjwvc3ZnPg==\" style=\"--smush-placeholder-width: 168px; --smush-placeholder-aspect-ratio: 168\/168;\" \/><\/a>\n\t\t\t\t<\/div>\n<div class='one_third'>\n\t\t\t\t\t<a href=\"https:\/\/autolivraria.com.br\/bc\/wp-content\/uploads\/2013\/04\/Fiat-Bravo-Sporting-det-1.jpg\"><img decoding=\"async\" class=\"aligncenter size-thumbnail wp-image-24566 lazyload\" title=\"Fiat Bravo Sporting\" data-src=\"https:\/\/autolivraria.com.br\/bc\/wp-content\/uploads\/2013\/04\/Fiat-Bravo-Sporting-det-1-168x168.jpg\" alt=\"\" width=\"168\" height=\"168\" data-srcset=\"https:\/\/autolivraria.com.br\/bc\/wp-content\/uploads\/2013\/04\/Fiat-Bravo-Sporting-det-1-168x168.jpg 168w, https:\/\/autolivraria.com.br\/bc\/wp-content\/uploads\/2013\/04\/Fiat-Bravo-Sporting-det-1-100x100.jpg 100w\" data-sizes=\"(max-width: 168px) 100vw, 168px\" src=\"data:image\/svg+xml;base64,PHN2ZyB3aWR0aD0iMSIgaGVpZ2h0PSIxIiB4bWxucz0iaHR0cDovL3d3dy53My5vcmcvMjAwMC9zdmciPjwvc3ZnPg==\" style=\"--smush-placeholder-width: 168px; --smush-placeholder-aspect-ratio: 168\/168;\" \/><\/a>\n\t\t\t\t<\/div>\n<div class='one_third last'>\n\t\t\t\t\t<a href=\"https:\/\/autolivraria.com.br\/bc\/wp-content\/uploads\/2013\/04\/Fiat-Bravo-Sporting-det-6.jpg\"><img decoding=\"async\" class=\"aligncenter size-thumbnail wp-image-24567 lazyload\" title=\"Fiat Bravo Sporting\" data-src=\"https:\/\/autolivraria.com.br\/bc\/wp-content\/uploads\/2013\/04\/Fiat-Bravo-Sporting-det-6-168x168.jpg\" alt=\"\" width=\"168\" height=\"168\" data-srcset=\"https:\/\/autolivraria.com.br\/bc\/wp-content\/uploads\/2013\/04\/Fiat-Bravo-Sporting-det-6-168x168.jpg 168w, https:\/\/autolivraria.com.br\/bc\/wp-content\/uploads\/2013\/04\/Fiat-Bravo-Sporting-det-6-100x100.jpg 100w\" data-sizes=\"(max-width: 168px) 100vw, 168px\" src=\"data:image\/svg+xml;base64,PHN2ZyB3aWR0aD0iMSIgaGVpZ2h0PSIxIiB4bWxucz0iaHR0cDovL3d3dy53My5vcmcvMjAwMC9zdmciPjwvc3ZnPg==\" style=\"--smush-placeholder-width: 168px; --smush-placeholder-aspect-ratio: 168\/168;\" \/><\/a>\n\t\t\t\t<\/div><div class='clear'><\/div>\n<p style=\"text-align: center;\"><em><br \/>\nO espa\u00e7o interno e para bagagem do Bravo \u00e9 satisfat\u00f3rio para o colaborador,\u00a0que<br \/>\ngostou da decora\u00e7\u00e3o do Sporting, mas n\u00e3o do sistema de leitura de pendrive<\/em><\/p>\n<p>&nbsp;<\/p>\n<p>A condu\u00e7\u00e3o moderada, a passeio, escolhida pelo motorista concorreu para a melhor marca m\u00e9dia de consumo registrada at\u00e9 agora pelo Bravo: 12,6 km\/l de gasolina, incluindo o trecho de rodovia com ar-condicionado ligado. &#8220;Acho muito boa para o percurso que fiz, pois h\u00e1 uma diferen\u00e7a de altitude de cerca de 400 metros entre S\u00e3o Jos\u00e9 e Santo Ant\u00f4nio, o que exige mais pot\u00eancia que em uma estrada plana&#8221;, ele analisa.<\/p>\n<p>Perguntado se compraria um Bravo Sporting como o avaliado pelo pre\u00e7o sugerido de R$ 64 mil, Vitor pensa um pouco e responde: &#8220;Gostei bastante do carro, apesar de alguns detalhes que precisam ser corrigidos. Nunca tive Fiat, mas aprovei o &#8216;jeito italiano&#8217; que a f\u00e1brica deu a essa vers\u00e3o esportiva, com o motor que gosta de alta rota\u00e7\u00e3o e faz um ronco agrad\u00e1vel. Acho que me fariam falta mais torque em baixos giros e um c\u00e2mbio autom\u00e1tico &#8216;de verdade&#8217;, pois conhe\u00e7o o automatizado Dualogic e n\u00e3o o considero um substituto \u00e0 altura. Se pudesse deixar esses aspectos de lado, eu compraria um, sim. O\u00a0pre\u00e7o me parece justo para o que carro tem a oferecer&#8221;.<\/p>\n<p>&nbsp;<\/p>\n<div class='code-block code-block-7' style='margin: 28px auto; text-align: center; display: block; clear: both;'>\n<script async src=\"https:\/\/pagead2.googlesyndication.com\/pagead\/js\/adsbygoogle.js\"><\/script>\n<!-- AL-quadrado -->\n<ins class=\"adsbygoogle\"\n     style=\"display:block\"\n     data-ad-client=\"ca-pub-1914799802606213\"\n     data-ad-slot=\"5683066082\"\n     data-ad-format=\"auto\"\n     data-full-width-responsive=\"true\"><\/ins>\n<script>\n     (adsbygoogle = window.adsbygoogle || []).push({});\n<\/script><\/div>\n\n<p>&nbsp;<\/p>\n<p>No restante da semana o Bravo circulou mais em cidade, obtendo a m\u00e9dia de consumo de 9,8 km\/l de gasolina nessas condi\u00e7\u00f5es, melhor marca que a do per\u00edodo urbano anterior. Mas cumpriu tamb\u00e9m nosso ciclo-padr\u00e3o de consumo em rodovia, que consiste em 38 quil\u00f4metros, a maior parte deles a 120 km\/h constantes (usando o <a href=\"https:\/\/autolivraria.com.br\/bc\/glossario-c\/#cont\">controlador de velocidade<\/a>), com ar-condicionado ligado e direito a retomadas, breve parada, subidas e descidas. O valor obtido, de exatos 11 km\/l, \u00e9 aceit\u00e1vel diante do registrado pelo Citro\u00ebn C3 autom\u00e1tico (11,4 km\/l), um carro mais leve e menos potente, que foi o \u00fanico outro modelo testado at\u00e9 agora no mesmo trajeto.<\/p>\n<p>Outro colaborador coloca as m\u00e3os no Sporting neste fim de semana para acrescentar quil\u00f4metros de rodovia ao hod\u00f4metro e nos trazer mais impress\u00f5es, que voc\u00ea l\u00ea na pr\u00f3xima sexta-feira (19).<\/p>\n<table border=\"0\">\n<tbody>\n<tr>\n<td><a href='https:\/\/autolivraria.com.br\/bc\/informe-se\/um-mes\/avaliacao-fiat-bravo-sporting-propoe-esportividade-que-nao-doi-no-bolso-1\/' class='small-button smallsilver'>Atualiza\u00e7\u00e3o anterior<\/a><\/td>\n<\/tr>\n<\/tbody>\n<\/table>\n<p>&nbsp;<\/p>\n<div class='et-box et-shadow'>\n\t\t\t\t\t<div class='et-box-content'><h2>\u00daltimo per\u00edodo<\/h2>\n<table id=\"table6087\" style=\"width: 100%;\" border=\"0\" cellspacing=\"0\" cellpadding=\"3\">\n<tbody>\n<tr>\n<td align=\"center\" width=\"50%\">\n<h2>7 dias<\/h2>\n<\/td>\n<td align=\"center\" width=\"50%\">\n<h2>328 km<\/h2>\n<\/td>\n<\/tr>\n<tr>\n<td width=\"50%\">Dist\u00e2ncia em cidade<\/td>\n<td align=\"left\">129 km<\/td>\n<\/tr>\n<tr>\n<td width=\"50%\">Dist\u00e2ncia em estrada<\/td>\n<td align=\"left\">199 km<\/td>\n<\/tr>\n<tr>\n<td width=\"50%\">Consumo m\u00e9dio (gasolina)<\/td>\n<td align=\"left\">11,2 km\/l<\/td>\n<\/tr>\n<tr>\n<td width=\"50%\">\u00a0 \u00a0 \u00a0Melhor marca m\u00e9dia<\/td>\n<td align=\"left\">12,6 km\/l<\/td>\n<\/tr>\n<tr>\n<td width=\"50%\">\u00a0 \u00a0 \u00a0Pior<span style=\"line-height: 19px;\">\u00a0marca m\u00e9dia<\/span><\/td>\n<td align=\"left\">9,8 km\/l<\/td>\n<\/tr>\n<tr>\n<td colspan=\"2\" width=\"100%\">Indica\u00e7\u00f5es do computador de bordo<\/td>\n<\/tr>\n<\/tbody>\n<\/table><\/div><\/div>\n<p>&nbsp;<\/p>\n<div class='et-box et-shadow'>\n\t\t\t\t\t<div class='et-box-content'><h2>Desde o in\u00edcio<\/h2>\n<table id=\"table6087\" style=\"width: 100%;\" border=\"0\" cellspacing=\"0\" cellpadding=\"3\">\n<tbody>\n<tr>\n<td align=\"center\" width=\"50%\">\n<h2>14 dias<\/h2>\n<\/td>\n<td align=\"center\" width=\"50%\">\n<h2>684 km<\/h2>\n<\/td>\n<\/tr>\n<tr>\n<td width=\"50%\">Dist\u00e2ncia em cidade<\/td>\n<td align=\"left\">287 km<\/td>\n<\/tr>\n<tr>\n<td width=\"50%\">Dist\u00e2ncia em estrada<\/td>\n<td align=\"left\">397 km<\/td>\n<\/tr>\n<tr>\n<td width=\"50%\">Tempo ao volante<\/td>\n<td align=\"left\">14h 58min<\/td>\n<\/tr>\n<tr>\n<td width=\"50%\">Velocidade m\u00e9dia<\/td>\n<td align=\"left\">46 km\/h<\/td>\n<\/tr>\n<tr>\n<td width=\"50%\">Consumo m\u00e9dio (gasolina)<\/td>\n<td align=\"left\">10,5 km\/l<\/td>\n<\/tr>\n<tr>\n<td width=\"50%\">\u00a0 \u00a0 \u00a0Melhor marca m\u00e9dia<\/td>\n<td align=\"left\">12,6 km\/l<\/td>\n<\/tr>\n<tr>\n<td width=\"50%\">\u00a0 \u00a0 \u00a0Pior\u00a0marca m\u00e9dia<\/td>\n<td align=\"left\">8,3 km\/l<\/td>\n<\/tr>\n<tr>\n<td width=\"50%\">Consumo m\u00e9dio (\u00e1lcool)<\/td>\n<td align=\"left\">9,2 km\/l<\/td>\n<\/tr>\n<tr>\n<td width=\"50%\">\u00a0 \u00a0 \u00a0Melhor marca m\u00e9dia<\/td>\n<td align=\"left\">10,1 km\/l<\/td>\n<\/tr>\n<tr>\n<td width=\"50%\">\u00a0 \u00a0 \u00a0Pior marca m\u00e9dia<\/td>\n<td align=\"left\">8,1 km\/l<\/td>\n<\/tr>\n<tr>\n<td colspan=\"2\" width=\"100%\">Indica\u00e7\u00f5es do computador de bordo<\/td>\n<\/tr>\n<\/tbody>\n<\/table><\/div><\/div>\n<p>&nbsp;<\/p>\n<div class='et-box et-shadow'>\n\t\t\t\t\t<div class='et-box-content'><h2>Pre\u00e7o<\/h2>\n<table id=\"table6088\" style=\"width: 100%;\" border=\"0\" cellspacing=\"0\" cellpadding=\"3\">\n<tbody>\n<tr>\n<td valign=\"top\" width=\"50%\">Sem opcionais<\/td>\n<td valign=\"top\" width=\"50%\">R$ 59.310<\/td>\n<\/tr>\n<tr>\n<td valign=\"top\" width=\"50%\">Como avaliado<\/td>\n<td valign=\"top\" width=\"50%\">R$ 63.996<\/td>\n<\/tr>\n<tr>\n<td colspan=\"2\" valign=\"top\" width=\"50%\">Pre\u00e7os p\u00fablicos vigentes em 4\/4\/13<\/td>\n<\/tr>\n<\/tbody>\n<\/table><\/div><\/div>\n<p>&nbsp;<\/p>\n<div class='et-box et-shadow'>\n\t\t\t\t\t<div class='et-box-content'><div>\n<h2>Teste do Leitor<\/h2>\n<table style=\"width: 100%;\" border=\"0\" cellspacing=\"0\" cellpadding=\"3\">\n<tbody>\n<tr>\n<td><a href=\"https:\/\/autolivraria.com.br\/bc\/participe\/teste-leitor\/teste-do-leitor-fiat\/fiat-bravo\/\">Opini\u00e3o dos propriet\u00e1rios<\/a><\/td>\n<td>\u00a0<a href=\"https:\/\/autolivraria.com.br\/bc\/teste-do-leitor-envie-sua-opiniao\">Envie opini\u00e3o sobre seu carro<\/a><\/td>\n<\/tr>\n<\/tbody>\n<\/table>\n<\/div><\/div><\/div>\n<p>&nbsp;<\/p>\n<div class='et-box et-shadow'>\n\t\t\t\t\t<div class='et-box-content'><div>\n<h2>Ficha t\u00e9cnica<\/h2>\n<\/div>\n<div>\n<table id=\"table61\" style=\"width: 100%;\" border=\"0\" cellspacing=\"0\" cellpadding=\"3\">\n<tbody>\n<tr>\n<td style=\"background-color: #ffffff;\" colspan=\"2\" valign=\"top\">Motor<\/td>\n<\/tr>\n<tr>\n<td valign=\"top\" width=\"50%\">Posi\u00e7\u00e3o<\/td>\n<td valign=\"top\" width=\"50%\">transversal<\/td>\n<\/tr>\n<tr>\n<td valign=\"top\" width=\"50%\">Cilindros<\/td>\n<td valign=\"top\" width=\"50%\">4 em linha<\/td>\n<\/tr>\n<tr>\n<td valign=\"top\" width=\"50%\">Comando de v\u00e1lvulas<\/td>\n<td valign=\"top\" width=\"50%\">no cabe\u00e7ote<\/td>\n<\/tr>\n<tr>\n<td valign=\"top\" width=\"50%\">V\u00e1lvulas por cilindro<\/td>\n<td valign=\"top\" width=\"50%\">4<\/td>\n<\/tr>\n<tr>\n<td valign=\"top\" width=\"50%\">Di\u00e2metro e curso<\/td>\n<td valign=\"top\" width=\"50%\">80,5 x 85,8 mm<\/td>\n<\/tr>\n<tr>\n<td valign=\"top\" width=\"50%\">Cilindrada<\/td>\n<td valign=\"top\" width=\"50%\">1.747 cm\u00b3<\/td>\n<\/tr>\n<tr>\n<td valign=\"top\" width=\"50%\">Taxa de compress\u00e3o<\/td>\n<td valign=\"top\" width=\"50%\">11,2:1<\/td>\n<\/tr>\n<tr>\n<td valign=\"top\" width=\"50%\">Alimenta\u00e7\u00e3o<\/td>\n<td valign=\"top\" width=\"50%\">inje\u00e7\u00e3o multiponto sequencial<\/td>\n<\/tr>\n<tr>\n<td valign=\"top\" width=\"50%\">Pot\u00eancia m\u00e1xima (gas\/\u00e1lc.)<\/td>\n<td valign=\"top\" width=\"50%\">130\/132 cv a 5.250 rpm<\/td>\n<\/tr>\n<tr>\n<td valign=\"top\" width=\"50%\">Torque m\u00e1ximo (gas.\/\u00e1lc.)<\/td>\n<td valign=\"top\" width=\"50%\">18,4\/18,9 m.kgf a 4.500 rpm<\/td>\n<\/tr>\n<tr>\n<td style=\"background-color: #ffffff;\" colspan=\"2\" valign=\"top\">Transmiss\u00e3o<\/td>\n<\/tr>\n<tr>\n<td valign=\"top\" width=\"50%\">Tipo de c\u00e2mbio e marchas<\/td>\n<td valign=\"top\" width=\"50%\">manual \/\u00a0 5<\/td>\n<\/tr>\n<tr>\n<td valign=\"top\" width=\"50%\">Tra\u00e7\u00e3o<\/td>\n<td valign=\"top\" width=\"50%\">dianteira<\/td>\n<\/tr>\n<tr>\n<td style=\"background-color: #ffffff;\" colspan=\"2\" valign=\"top\">Freios<\/td>\n<\/tr>\n<tr>\n<td valign=\"top\" width=\"50%\">Dianteiros<\/td>\n<td valign=\"top\" width=\"50%\">a disco ventilado<\/td>\n<\/tr>\n<tr>\n<td valign=\"top\" width=\"50%\">Traseiros<\/td>\n<td valign=\"top\" width=\"50%\">a disco<\/td>\n<\/tr>\n<tr>\n<td valign=\"top\" width=\"50%\">Antitravamento (ABS)<\/td>\n<td valign=\"top\" width=\"50%\">sim<\/td>\n<\/tr>\n<tr>\n<td style=\"background-color: #ffffff;\" colspan=\"2\" valign=\"top\">Dire\u00e7\u00e3o<\/td>\n<\/tr>\n<tr>\n<td valign=\"top\" width=\"50%\">Sistema<\/td>\n<td valign=\"top\" width=\"50%\">pinh\u00e3o e cremalheira<\/td>\n<\/tr>\n<tr>\n<td valign=\"top\" width=\"50%\">Assist\u00eancia<\/td>\n<td valign=\"top\" width=\"50%\">el\u00e9trica<\/td>\n<\/tr>\n<tr>\n<td style=\"background-color: #ffffff;\" colspan=\"2\" valign=\"top\">Suspens\u00e3o<\/td>\n<\/tr>\n<tr>\n<td valign=\"top\" width=\"50%\">Dianteira<\/td>\n<td valign=\"top\" width=\"50%\">independente, McPherson, mola helicoidal<\/td>\n<\/tr>\n<tr>\n<td valign=\"top\" width=\"50%\">Traseira<\/td>\n<td valign=\"top\" width=\"50%\">eixo de tor\u00e7\u00e3o, mola helicoidal<\/td>\n<\/tr>\n<tr>\n<td style=\"background-color: #ffffff;\" colspan=\"2\" valign=\"top\">Rodas<\/td>\n<\/tr>\n<tr>\n<td valign=\"top\" width=\"50%\">Dimens\u00f5es<\/td>\n<td valign=\"top\" width=\"50%\">7 x 17 pol<\/td>\n<\/tr>\n<tr>\n<td valign=\"top\" width=\"50%\">Pneus<\/td>\n<td valign=\"top\" width=\"50%\">215\/45 R 17<\/td>\n<\/tr>\n<tr>\n<td style=\"background-color: #ffffff;\" colspan=\"2\" valign=\"top\">Dimens\u00f5es<\/td>\n<\/tr>\n<tr>\n<td valign=\"top\" width=\"50%\">Comprimento<\/td>\n<td valign=\"top\" width=\"50%\">4,336 m<\/td>\n<\/tr>\n<tr>\n<td valign=\"top\" width=\"50%\">Largura<\/td>\n<td valign=\"top\" width=\"50%\">1,792 m<\/td>\n<\/tr>\n<tr>\n<td valign=\"top\" width=\"50%\">Altura<\/td>\n<td valign=\"top\" width=\"50%\">1,488 m<\/td>\n<\/tr>\n<tr>\n<td valign=\"top\" width=\"50%\">Entre-eixos<\/td>\n<td valign=\"top\" width=\"50%\">2,602 m<\/td>\n<\/tr>\n<tr>\n<td style=\"background-color: #ffffff;\" colspan=\"2\" valign=\"top\">Capacidades e peso<\/td>\n<\/tr>\n<tr>\n<td valign=\"top\" width=\"50%\">Tanque de combust\u00edvel<\/td>\n<td valign=\"top\" width=\"50%\">58 l<\/td>\n<\/tr>\n<tr>\n<td valign=\"top\" width=\"50%\">Compartimento de bagagem<\/td>\n<td valign=\"top\" width=\"50%\">400 l<\/td>\n<\/tr>\n<tr>\n<td valign=\"top\" width=\"50%\">Peso em ordem de marcha<\/td>\n<td valign=\"top\" width=\"50%\">1.372 kg<\/td>\n<\/tr>\n<tr>\n<td colspan=\"2\" valign=\"top\" bgcolor=\"#FFFFFF\" width=\"25%\">Desempenho<\/td>\n<\/tr>\n<tr>\n<td valign=\"top\" width=\"50%\">Velocidade m\u00e1xima (gas.\/\u00e1lc.)<\/td>\n<td valign=\"top\" width=\"25%\">191\/193 km\/h<\/td>\n<\/tr>\n<tr>\n<td valign=\"top\" width=\"50%\">Acelera\u00e7\u00e3o de 0 a 100 km\/h\u00a0(gas.\/\u00e1lc.)<\/td>\n<td valign=\"top\" width=\"25%\">10,3\/9,9 s<\/td>\n<\/tr>\n<tr>\n<td style=\"width: 50%;\" colspan=\"2\" valign=\"top\">Dados do fabricante; consumo n\u00e3o dispon\u00edvel<\/td>\n<\/tr>\n<\/tbody>\n<\/table>\n<\/div>\n<div><\/div>\n<div><\/div><\/div><\/div>\n<p>&nbsp;<\/p>\n","protected":false},"excerpt":{"rendered":"<p>Viagem de colaborador traz aprova\u00e7\u00e3o a visual, suspens\u00e3o e ronco do motor, mas esse sistema de leitura de USB&#8230;<\/p>\n","protected":false},"author":6,"featured_media":24568,"comment_status":"open","ping_status":"closed","sticky":false,"template":"","format":"standard","meta":{"_joinchat":[],"footnotes":""},"categories":[37],"tags":[80,212,1397,1396,1398,1371,57,96],"class_list":["post-24550","post","type-post","status-publish","format-standard","has-post-thumbnail","hentry","category-um-mes","tag-avaliacao-2","tag-bravo","tag-bravo-absolute","tag-bravo-essence","tag-bravo-sporting","tag-e-torq","tag-fiat","tag-um-mes-ao-volante"],"amp_enabled":true,"_links":{"self":[{"href":"https:\/\/autolivraria.com.br\/bc\/wp-json\/wp\/v2\/posts\/24550","targetHints":{"allow":["GET"]}}],"collection":[{"href":"https:\/\/autolivraria.com.br\/bc\/wp-json\/wp\/v2\/posts"}],"about":[{"href":"https:\/\/autolivraria.com.br\/bc\/wp-json\/wp\/v2\/types\/post"}],"author":[{"embeddable":true,"href":"https:\/\/autolivraria.com.br\/bc\/wp-json\/wp\/v2\/users\/6"}],"replies":[{"embeddable":true,"href":"https:\/\/autolivraria.com.br\/bc\/wp-json\/wp\/v2\/comments?post=24550"}],"version-history":[{"count":0,"href":"https:\/\/autolivraria.com.br\/bc\/wp-json\/wp\/v2\/posts\/24550\/revisions"}],"wp:featuredmedia":[{"embeddable":true,"href":"https:\/\/autolivraria.com.br\/bc\/wp-json\/wp\/v2\/media\/24568"}],"wp:attachment":[{"href":"https:\/\/autolivraria.com.br\/bc\/wp-json\/wp\/v2\/media?parent=24550"}],"wp:term":[{"taxonomy":"category","embeddable":true,"href":"https:\/\/autolivraria.com.br\/bc\/wp-json\/wp\/v2\/categories?post=24550"},{"taxonomy":"post_tag","embeddable":true,"href":"https:\/\/autolivraria.com.br\/bc\/wp-json\/wp\/v2\/tags?post=24550"}],"curies":[{"name":"wp","href":"https:\/\/api.w.org\/{rel}","templated":true}]}}