{"id":26204,"date":"2013-05-20T09:20:52","date_gmt":"2013-05-20T12:20:52","guid":{"rendered":"http:\/\/bestcars.uol.com.br\/bc\/?p=26204"},"modified":"2013-05-31T17:08:56","modified_gmt":"2013-05-31T20:08:56","slug":"jaguar-xj-e-xfr-boas-impressoes-na-nova-fase-britanica","status":"publish","type":"post","link":"https:\/\/autolivraria.com.br\/bc\/informe-se\/avaliacao\/jaguar-avaliacao\/jaguar-xj-e-xfr-boas-impressoes-na-nova-fase-britanica\/","title":{"rendered":"Jaguar XJ e XFR: boas impress\u00f5es na nova fase brit\u00e2nica"},"content":{"rendered":"<p><a href=\"https:\/\/autolivraria.com.br\/bc\/wp-content\/uploads\/2013\/05\/Jaguar-XFR-06.jpg\"><img fetchpriority=\"high\" decoding=\"async\" class=\"aligncenter size-medium wp-image-26296\" title=\"Jaguar XFR\" src=\"https:\/\/autolivraria.com.br\/bc\/wp-content\/uploads\/2013\/05\/Jaguar-XFR-06-560x373.jpg\" alt=\"\" width=\"560\" height=\"373\" srcset=\"https:\/\/autolivraria.com.br\/bc\/wp-content\/uploads\/2013\/05\/Jaguar-XFR-06-560x373.jpg 560w, https:\/\/autolivraria.com.br\/bc\/wp-content\/uploads\/2013\/05\/Jaguar-XFR-06-470x313.jpg 470w, https:\/\/autolivraria.com.br\/bc\/wp-content\/uploads\/2013\/05\/Jaguar-XFR-06-270x179.jpg 270w, https:\/\/autolivraria.com.br\/bc\/wp-content\/uploads\/2013\/05\/Jaguar-XFR-06.jpg 1280w\" sizes=\"(max-width: 560px) 100vw, 560px\" \/><\/a><\/p>\n<p>&nbsp;<\/p>\n<h2>Agora importados pela pr\u00f3pria empresa, os belos sed\u00e3s<br \/>\ningleses\u00a0de motores iguais revelam car\u00e1teres bem diferentes<\/h2>\n<p><em>Texto: Fabr\u00edcio Samah\u00e1 &#8211; Fotos: divulga\u00e7\u00e3o<\/em><\/p>\n<p>&nbsp;<\/p>\n<p>A pista do aut\u00f3dromo Jos\u00e9 Carlos Pace \u2014 ou Interlagos, como quiser \u2014 desimpedida e duas m\u00e1quinas brit\u00e2nicas de mais de 500 cv \u00e0 disposi\u00e7\u00e3o: pode-se chamar de parque de divers\u00f5es, mas est\u00e1vamos l\u00e1 a trabalho, acreditem.<\/p>\n<p>A Jaguar vive um bom momento no Brasil. Com nosso mercado de alto luxo chamando a aten\u00e7\u00e3o do fabricante ingl\u00eas \u2014 hoje nas m\u00e3os da indiana Tata \u2014, a importa\u00e7\u00e3o que ficava a cargo do grupo SHC, o mesmo respons\u00e1vel pela vinda da JAC Motors, passou a ser controlada pela pr\u00f3pria f\u00e1brica, como j\u00e1 acontecia com outra marca do grupo, a Land Rover. Com a mudan\u00e7a, concretizada em novembro, a m\u00e9dia mensal de vendas da Jaguar passou de cinco para 20 ve\u00edculos e tende a crescer mais, tendo apoio no lan\u00e7amento de uma <a title=\"Jaguar XF fica mais acess\u00edvel em vers\u00e3o de 240 cv\" href=\"https:\/\/autolivraria.com.br\/bc\/informe-se\/noticias\/jaguar-xf-fica-mais-acessivel-em-versao-de-240-cv\/\">vers\u00e3o mais acess\u00edvel do sed\u00e3 XF<\/a>.<\/p>\n<p>Foi tamb\u00e9m por conta dessa troca de comando que os modelos da Jaguar participaram, pela primeira vez, do evento que antes se chamava Land Rover Experience, no qual propriet\u00e1rios e potenciais compradores da marca podiam experimentar seus utilit\u00e1rios esporte no aut\u00f3dromo \u2014 isso mesmo, na pista, mas tamb\u00e9m em um severo circuito fora de estrada montado no miolo de Interlagos. Estavam l\u00e1 o XF em vers\u00f5es Luxury de 2,0 litros (que, infelizmente, n\u00e3o pudemos dirigir) e XFR, o XJ Supersport e o <a href=\"https:\/\/www.autolivraria.com.br\/un13\/346-jaguar-xkrs.htm\">XKR-S<\/a>. Este, por discut\u00edveis &#8220;quest\u00f5es de seguran\u00e7a&#8221; de acordo com a empresa, seria dirigido pelo piloto Chico Serra com o jornalista de carona, mas apresentou um problema t\u00e9cnico antes que chegasse nossa vez.<\/p>\n<p>&nbsp;<\/p>\n<div class='one_third'>\n\t\t\t\t\t<a href=\"https:\/\/autolivraria.com.br\/bc\/wp-content\/uploads\/2013\/05\/Jaguar-XJ-teste-02.jpg\"><img decoding=\"async\" class=\"aligncenter size-thumbnail wp-image-26297 lazyload\" title=\"Jaguar XJ\" data-src=\"https:\/\/autolivraria.com.br\/bc\/wp-content\/uploads\/2013\/05\/Jaguar-XJ-teste-02-168x168.jpg\" alt=\"\" width=\"168\" height=\"168\" data-srcset=\"https:\/\/autolivraria.com.br\/bc\/wp-content\/uploads\/2013\/05\/Jaguar-XJ-teste-02-168x168.jpg 168w, https:\/\/autolivraria.com.br\/bc\/wp-content\/uploads\/2013\/05\/Jaguar-XJ-teste-02-100x100.jpg 100w\" data-sizes=\"(max-width: 168px) 100vw, 168px\" src=\"data:image\/svg+xml;base64,PHN2ZyB3aWR0aD0iMSIgaGVpZ2h0PSIxIiB4bWxucz0iaHR0cDovL3d3dy53My5vcmcvMjAwMC9zdmciPjwvc3ZnPg==\" style=\"--smush-placeholder-width: 168px; --smush-placeholder-aspect-ratio: 168\/168;\" \/><\/a>\n\t\t\t\t<\/div>\n<div class='one_third'>\n\t\t\t\t\t<a href=\"https:\/\/autolivraria.com.br\/bc\/wp-content\/uploads\/2013\/05\/Jaguar-XJ-teste-03.jpg\"><img decoding=\"async\" class=\"aligncenter size-thumbnail wp-image-26298 lazyload\" title=\"Jaguar XJ\" data-src=\"https:\/\/autolivraria.com.br\/bc\/wp-content\/uploads\/2013\/05\/Jaguar-XJ-teste-03-168x168.jpg\" alt=\"\" width=\"168\" height=\"168\" data-srcset=\"https:\/\/autolivraria.com.br\/bc\/wp-content\/uploads\/2013\/05\/Jaguar-XJ-teste-03-168x168.jpg 168w, https:\/\/autolivraria.com.br\/bc\/wp-content\/uploads\/2013\/05\/Jaguar-XJ-teste-03-100x100.jpg 100w\" data-sizes=\"(max-width: 168px) 100vw, 168px\" src=\"data:image\/svg+xml;base64,PHN2ZyB3aWR0aD0iMSIgaGVpZ2h0PSIxIiB4bWxucz0iaHR0cDovL3d3dy53My5vcmcvMjAwMC9zdmciPjwvc3ZnPg==\" style=\"--smush-placeholder-width: 168px; --smush-placeholder-aspect-ratio: 168\/168;\" \/><\/a>\n\t\t\t\t<\/div>\n<div class='one_third last'>\n\t\t\t\t\t<a href=\"https:\/\/autolivraria.com.br\/bc\/wp-content\/uploads\/2013\/05\/Jaguar-XJ-teste-10.jpg\"><img decoding=\"async\" class=\"aligncenter size-thumbnail wp-image-26299 lazyload\" title=\"Jaguar XJ\" data-src=\"https:\/\/autolivraria.com.br\/bc\/wp-content\/uploads\/2013\/05\/Jaguar-XJ-teste-10-168x168.jpg\" alt=\"\" width=\"168\" height=\"168\" data-srcset=\"https:\/\/autolivraria.com.br\/bc\/wp-content\/uploads\/2013\/05\/Jaguar-XJ-teste-10-168x168.jpg 168w, https:\/\/autolivraria.com.br\/bc\/wp-content\/uploads\/2013\/05\/Jaguar-XJ-teste-10-100x100.jpg 100w\" data-sizes=\"(max-width: 168px) 100vw, 168px\" src=\"data:image\/svg+xml;base64,PHN2ZyB3aWR0aD0iMSIgaGVpZ2h0PSIxIiB4bWxucz0iaHR0cDovL3d3dy53My5vcmcvMjAwMC9zdmciPjwvc3ZnPg==\" style=\"--smush-placeholder-width: 168px; --smush-placeholder-aspect-ratio: 168\/168;\" \/><\/a>\n\t\t\t\t<\/div><div class='clear'><\/div>\n<p style=\"text-align: center;\"><em>\u00a0<\/em><br \/>\n<em>Moderno, mas com toques tradicionais de estilo, o XJ Supersport custa R$ 540 mil\u00a0e<\/em><br \/>\n<em> retribui o valor em cada detalhe do interior; o painel tem instrumentos &#8220;virtuais&#8221;<\/em><\/p>\n<p>&nbsp;<\/p>\n<p>Herdeiro de uma <a href=\"https:\/\/www.autolivraria.com.br\/cpassado\/xj-1.htm\">tradi\u00e7\u00e3o de 45 anos<\/a>, o XJ \u00e9 um grande sed\u00e3 com comprimento de 5,12 metros e dist\u00e2ncia entre eixos de 3,03 m, que pesa expressivos 1.915 kg apesar do emprego de alum\u00ednio em toda a estrutura e a carroceria. Suas linhas sofisticadas antecipam o que se encontrar\u00e1 no interior: muito couro e madeira associados a alta tecnologia, caso do quadro de instrumentos &#8220;virtuais&#8221;, configur\u00e1vel, com tela de TFT de alta defini\u00e7\u00e3o de 12,3 pol. A tela central de 8 pol, do tipo dupla-vis\u00e3o, pode exibir diferentes imagens conforme o \u00e2ngulo de que \u00e9 vista, como o navegador para o motorista e um filme de DVD para o passageiro ao lado.<\/p>\n<p>&nbsp;<\/p>\n<blockquote><p>O ronco do V8 do XFR, um borbulhar em baixa rota\u00e7\u00e3o, torna-se um urro delicioso quando ele \u00e9 levado aos limites e os ganhos de velocidade s\u00e3o muito r\u00e1pidos<\/p><\/blockquote>\n<p>&nbsp;<\/p>\n<p>A vers\u00e3o \u00fanica do XJ no Brasil \u00e9 vendida a R$ 540 mil, pre\u00e7o compat\u00edvel com o do <a href=\"https:\/\/www.autolivraria.com.br\/testes3\/audi-a8-1.htm\">Audi A8<\/a> (R$ 530 mil), e conta com completo equipamento de s\u00e9rie, que inclui teto panor\u00e2mico com persianas el\u00e9tricas, rodas de 20 pol, far\u00f3is <a href=\"https:\/\/autolivraria.com.br\/bc\/glossario-l\/#lamp\">bixen\u00f4nio<\/a> com leds, sistema de \u00e1udio Meridian de 825 watts com 20 alto-falantes, entrada e partida sem uso de chave, bancos com ventila\u00e7\u00e3o e massagem (nos dianteiros), revestimento em couro at\u00e9 para o painel, navegador, ar-condicionado de quatro zonas de ajuste, comandos por voz, sistema de entretenimento traseiro com duas telas de 8 pol nos encostos de cabe\u00e7a, controle remoto e fones de ouvido sem fio, controlador de velocidade e da dist\u00e2ncia at\u00e9 o tr\u00e1fego adiante, suspens\u00e3o com controle eletr\u00f4nico de amortecimento e oito bolsas infl\u00e1veis.<\/p>\n<p>O motor do Supersport \u00e9 um V8 de 5,0 litros com <a href=\"https:\/\/autolivraria.com.br\/bc\/glossario-c\/#comp\">compressor<\/a> do tipo Roots, tamb\u00e9m usado pela Land Rover, que emprega <a href=\"https:\/\/autolivraria.com.br\/bc\/glossario-i\/#inje\">inje\u00e7\u00e3o direta<\/a> de combust\u00edvel e <a href=\"https:\/\/autolivraria.com.br\/bc\/glossario-v\/#vari\">varia\u00e7\u00e3o do tempo de abertura das v\u00e1lvulas<\/a>\u00a0de admiss\u00e3o e de escapamento para fornecer pot\u00eancia de 510 cv e torque de 63,7 m.kgf. O c\u00e2mbio autom\u00e1tico passou em 2012 a ser de oito marchas e, como tem sido padr\u00e3o nos \u00faltimos modelos de ambas as marcas, usa um seletor girat\u00f3rio em vez da tradicional alavanca. Com motor desligado o seletor fica embutido, faceando com o console; mudan\u00e7as manuais s\u00e3o comandadas junto ao volante. De acordo com a Jaguar, todo seu peso \u00e9 acelerado de 0 a 100 km\/h em apenas 4,9 segundos, com velocidade m\u00e1xima limitada a 250 km\/h pela central eletr\u00f4nica.<\/p>\n<p>&nbsp;<\/p>\n<p><a href=\"https:\/\/autolivraria.com.br\/bc\/wp-content\/uploads\/2013\/05\/Jaguar-XJ-teste-07.jpg\"><img decoding=\"async\" class=\"aligncenter size-medium wp-image-26300 lazyload\" title=\"Jaguar XJ\" data-src=\"https:\/\/autolivraria.com.br\/bc\/wp-content\/uploads\/2013\/05\/Jaguar-XJ-teste-07-560x373.jpg\" alt=\"\" width=\"560\" height=\"373\" data-srcset=\"https:\/\/autolivraria.com.br\/bc\/wp-content\/uploads\/2013\/05\/Jaguar-XJ-teste-07-560x373.jpg 560w, https:\/\/autolivraria.com.br\/bc\/wp-content\/uploads\/2013\/05\/Jaguar-XJ-teste-07-470x313.jpg 470w, https:\/\/autolivraria.com.br\/bc\/wp-content\/uploads\/2013\/05\/Jaguar-XJ-teste-07-270x179.jpg 270w, https:\/\/autolivraria.com.br\/bc\/wp-content\/uploads\/2013\/05\/Jaguar-XJ-teste-07.jpg 1280w\" data-sizes=\"(max-width: 560px) 100vw, 560px\" src=\"data:image\/svg+xml;base64,PHN2ZyB3aWR0aD0iMSIgaGVpZ2h0PSIxIiB4bWxucz0iaHR0cDovL3d3dy53My5vcmcvMjAwMC9zdmciPjwvc3ZnPg==\" style=\"--smush-placeholder-width: 560px; --smush-placeholder-aspect-ratio: 560\/373;\" \/><\/a><\/p>\n<p>&nbsp;<\/p>\n<div class='one_third'>\n\t\t\t\t\t<a href=\"https:\/\/autolivraria.com.br\/bc\/wp-content\/uploads\/2013\/05\/Jaguar-XJ-teste-05.jpg\"><img decoding=\"async\" class=\"aligncenter size-thumbnail wp-image-26301 lazyload\" title=\"Jaguar XJ\" data-src=\"https:\/\/autolivraria.com.br\/bc\/wp-content\/uploads\/2013\/05\/Jaguar-XJ-teste-05-168x168.jpg\" alt=\"\" width=\"168\" height=\"168\" data-srcset=\"https:\/\/autolivraria.com.br\/bc\/wp-content\/uploads\/2013\/05\/Jaguar-XJ-teste-05-168x168.jpg 168w, https:\/\/autolivraria.com.br\/bc\/wp-content\/uploads\/2013\/05\/Jaguar-XJ-teste-05-100x100.jpg 100w\" data-sizes=\"(max-width: 168px) 100vw, 168px\" src=\"data:image\/svg+xml;base64,PHN2ZyB3aWR0aD0iMSIgaGVpZ2h0PSIxIiB4bWxucz0iaHR0cDovL3d3dy53My5vcmcvMjAwMC9zdmciPjwvc3ZnPg==\" style=\"--smush-placeholder-width: 168px; --smush-placeholder-aspect-ratio: 168\/168;\" \/><\/a>\n\t\t\t\t<\/div>\n<div class='one_third'>\n\t\t\t\t\t<a href=\"https:\/\/autolivraria.com.br\/bc\/wp-content\/uploads\/2013\/05\/Jaguar-XJ-teste-11.jpg\"><img decoding=\"async\" class=\"aligncenter size-thumbnail wp-image-26302 lazyload\" title=\"Jaguar XJ\" data-src=\"https:\/\/autolivraria.com.br\/bc\/wp-content\/uploads\/2013\/05\/Jaguar-XJ-teste-11-168x168.jpg\" alt=\"\" width=\"168\" height=\"168\" data-srcset=\"https:\/\/autolivraria.com.br\/bc\/wp-content\/uploads\/2013\/05\/Jaguar-XJ-teste-11-168x168.jpg 168w, https:\/\/autolivraria.com.br\/bc\/wp-content\/uploads\/2013\/05\/Jaguar-XJ-teste-11-100x100.jpg 100w\" data-sizes=\"(max-width: 168px) 100vw, 168px\" src=\"data:image\/svg+xml;base64,PHN2ZyB3aWR0aD0iMSIgaGVpZ2h0PSIxIiB4bWxucz0iaHR0cDovL3d3dy53My5vcmcvMjAwMC9zdmciPjwvc3ZnPg==\" style=\"--smush-placeholder-width: 168px; --smush-placeholder-aspect-ratio: 168\/168;\" \/><\/a>\n\t\t\t\t<\/div>\n<div class='one_third last'>\n\t\t\t\t\t<a href=\"https:\/\/autolivraria.com.br\/bc\/wp-content\/uploads\/2013\/05\/Jaguar-XJ-teste-01.jpg\"><img decoding=\"async\" class=\"aligncenter size-thumbnail wp-image-26303 lazyload\" title=\"Jaguar XJ\" data-src=\"https:\/\/autolivraria.com.br\/bc\/wp-content\/uploads\/2013\/05\/Jaguar-XJ-teste-01-168x168.jpg\" alt=\"\" width=\"168\" height=\"168\" data-srcset=\"https:\/\/autolivraria.com.br\/bc\/wp-content\/uploads\/2013\/05\/Jaguar-XJ-teste-01-168x168.jpg 168w, https:\/\/autolivraria.com.br\/bc\/wp-content\/uploads\/2013\/05\/Jaguar-XJ-teste-01-100x100.jpg 100w\" data-sizes=\"(max-width: 168px) 100vw, 168px\" src=\"data:image\/svg+xml;base64,PHN2ZyB3aWR0aD0iMSIgaGVpZ2h0PSIxIiB4bWxucz0iaHR0cDovL3d3dy53My5vcmcvMjAwMC9zdmciPjwvc3ZnPg==\" style=\"--smush-placeholder-width: 168px; --smush-placeholder-aspect-ratio: 168\/168;\" \/><\/a>\n\t\t\t\t<\/div><div class='clear'><\/div>\n<p style=\"text-align: center;\"><em>\u00a0<\/em><br \/>\n<em>O melhor do XJ \u00e9 a forma como ele combina conforto e esportividade, com um<\/em><br \/>\n<em>comportamento em curva que surpreende quem s\u00f3 espera um carro de luxo<\/em><\/p>\n<p>&nbsp;<\/p>\n<p>Dirigimos o XJ por apenas duas voltas na pista, muito pouco para explorar um carro como esse. O que se p\u00f4de perceber \u00e9 que o sed\u00e3 disfar\u00e7a bem todo seu tamanho e as quase duas toneladas de peso: seja acelerando fundo no ret\u00e3o de Interlagos, seja tomando as curvas como se estiv\u00e9ssemos em um Porsche Boxster, ele n\u00e3o perde a tradicional fleuma brit\u00e2nica. Nada de pneus dianteiros abrindo as curvas em desespero, nada de inclina\u00e7\u00e3o exagerada da carroceria ou de atua\u00e7\u00e3o excessiva do <a href=\"https:\/\/autolivraria.com.br\/bc\/glossario-c\/#esp\">controle eletr\u00f4nico de estabilidade<\/a>: apenas um comportamento sadio, bem composto, que n\u00e3o reservaria surpresas mesmo ao motorista menos habilidoso. Mas tamb\u00e9m sem emo\u00e7\u00e3o.<\/p>\n<p>&nbsp;<\/p>\n<div class='code-block code-block-7' style='margin: 28px auto; text-align: center; display: block; clear: both;'>\n<script async src=\"https:\/\/pagead2.googlesyndication.com\/pagead\/js\/adsbygoogle.js\"><\/script>\n<!-- AL-quadrado -->\n<ins class=\"adsbygoogle\"\n     style=\"display:block\"\n     data-ad-client=\"ca-pub-1914799802606213\"\n     data-ad-slot=\"5683066082\"\n     data-ad-format=\"auto\"\n     data-full-width-responsive=\"true\"><\/ins>\n<script>\n     (adsbygoogle = window.adsbygoogle || []).push({});\n<\/script><\/div>\n\n<p>&nbsp;<\/p>\n<h3>\u00c9 emo\u00e7\u00e3o que voc\u00ea quer?<\/h3>\n<p>Ent\u00e3o a Jaguar tem outra resposta em sua sopa de letrinhas: XFR. Se XF \u00e9 o sed\u00e3 de porte um pouco menor da marca (4,96 m de comprimento, 2,91 m entre eixos), compat\u00edvel com Audi A6, BMW S\u00e9rie 5 e Mercedes-Benz Classe E, o sufixo R, de Racing, identifica sua vers\u00e3o &#8220;brava&#8221;, que usa um motor id\u00eantico ao do XJ, tamb\u00e9m com oito marchas na caixa autom\u00e1tica. Custa R$ 440 mil, menos que o BMW M5 (R$ 529.950) e pouco mais que o Audi S6 (R$ 433.700).<\/p>\n<p>Embora o tempo de 0 a 100 seja o mesmo do XJ, at\u00e9 porque o peso do sed\u00e3 menor com carroceria de a\u00e7o fica pr\u00f3ximo ao do maior constru\u00eddo em alum\u00ednio (1.891 kg, apenas 24 kg a menos), o XFR \u00e9 todo repensado para divertir o motorista. O ambiente interno \u00e9 menos formal, os bancos com apoios laterais pronunciados seguram bem o corpo e o V8 ruge diferente, mais aud\u00edvel por dentro e espetacular para quem ouve de fora.<\/p>\n<p>&nbsp;<\/p>\n<div class='one_third'>\n\t\t\t\t\t<a href=\"https:\/\/autolivraria.com.br\/bc\/wp-content\/uploads\/2013\/05\/Jaguar-XFR-03.jpg\"><img decoding=\"async\" class=\"aligncenter size-thumbnail wp-image-26304 lazyload\" title=\"Jaguar XFR\" data-src=\"https:\/\/autolivraria.com.br\/bc\/wp-content\/uploads\/2013\/05\/Jaguar-XFR-03-168x168.jpg\" alt=\"\" width=\"168\" height=\"168\" data-srcset=\"https:\/\/autolivraria.com.br\/bc\/wp-content\/uploads\/2013\/05\/Jaguar-XFR-03-168x168.jpg 168w, https:\/\/autolivraria.com.br\/bc\/wp-content\/uploads\/2013\/05\/Jaguar-XFR-03-100x100.jpg 100w\" data-sizes=\"(max-width: 168px) 100vw, 168px\" src=\"data:image\/svg+xml;base64,PHN2ZyB3aWR0aD0iMSIgaGVpZ2h0PSIxIiB4bWxucz0iaHR0cDovL3d3dy53My5vcmcvMjAwMC9zdmciPjwvc3ZnPg==\" style=\"--smush-placeholder-width: 168px; --smush-placeholder-aspect-ratio: 168\/168;\" \/><\/a>\n\t\t\t\t<\/div>\n<div class='one_third'>\n\t\t\t\t\t<a href=\"https:\/\/autolivraria.com.br\/bc\/wp-content\/uploads\/2013\/05\/Jaguar-XFR-04.jpg\"><img decoding=\"async\" class=\"aligncenter size-thumbnail wp-image-26305 lazyload\" title=\"Jaguar XFR\" data-src=\"https:\/\/autolivraria.com.br\/bc\/wp-content\/uploads\/2013\/05\/Jaguar-XFR-04-168x168.jpg\" alt=\"\" width=\"168\" height=\"168\" data-srcset=\"https:\/\/autolivraria.com.br\/bc\/wp-content\/uploads\/2013\/05\/Jaguar-XFR-04-168x168.jpg 168w, https:\/\/autolivraria.com.br\/bc\/wp-content\/uploads\/2013\/05\/Jaguar-XFR-04-100x100.jpg 100w\" data-sizes=\"(max-width: 168px) 100vw, 168px\" src=\"data:image\/svg+xml;base64,PHN2ZyB3aWR0aD0iMSIgaGVpZ2h0PSIxIiB4bWxucz0iaHR0cDovL3d3dy53My5vcmcvMjAwMC9zdmciPjwvc3ZnPg==\" style=\"--smush-placeholder-width: 168px; --smush-placeholder-aspect-ratio: 168\/168;\" \/><\/a>\n\t\t\t\t<\/div>\n<div class='one_third last'>\n\t\t\t\t\t<a href=\"https:\/\/autolivraria.com.br\/bc\/wp-content\/uploads\/2013\/05\/Jaguar-XFR-09.jpg\"><img decoding=\"async\" class=\"aligncenter size-thumbnail wp-image-26306 lazyload\" title=\"Jaguar XFR\" data-src=\"https:\/\/autolivraria.com.br\/bc\/wp-content\/uploads\/2013\/05\/Jaguar-XFR-09-168x168.jpg\" alt=\"\" width=\"168\" height=\"168\" data-srcset=\"https:\/\/autolivraria.com.br\/bc\/wp-content\/uploads\/2013\/05\/Jaguar-XFR-09-168x168.jpg 168w, https:\/\/autolivraria.com.br\/bc\/wp-content\/uploads\/2013\/05\/Jaguar-XFR-09-100x100.jpg 100w\" data-sizes=\"(max-width: 168px) 100vw, 168px\" src=\"data:image\/svg+xml;base64,PHN2ZyB3aWR0aD0iMSIgaGVpZ2h0PSIxIiB4bWxucz0iaHR0cDovL3d3dy53My5vcmcvMjAwMC9zdmciPjwvc3ZnPg==\" style=\"--smush-placeholder-width: 168px; --smush-placeholder-aspect-ratio: 168\/168;\" \/><\/a>\n\t\t\t\t<\/div><div class='clear'><\/div>\n<p style=\"text-align: center;\"><em>\u00a0<\/em><br \/>\n<em>O mesmo cora\u00e7\u00e3o em um corpo diferente: o XJR despeja 510 cv nas rodas traseiras<\/em><br \/>\n<em>enquanto produz um som encorpado e cativa o motorista que o leva ao limite<\/em><\/p>\n<p>&nbsp;<\/p>\n<p>Como o XJ, o XFR vem equipado \u00e0 altura de seu pre\u00e7o. S\u00e3o itens de s\u00e9rie suspens\u00e3o com controle eletr\u00f4nico de amortecimento, rodas de 20 pol, controle eletr\u00f4nico ativo do diferencial (o percentual de bloqueio varia conforme as condi\u00e7\u00f5es de dire\u00e7\u00e3o e piso), teto solar, far\u00f3is bixen\u00f4nio, c\u00e2mera traseira, sistema de \u00e1udio Meridian de 825 watts com 17 alto-falantes, navegador, bancos dianteiros com ajuste el\u00e9trico e ventila\u00e7\u00e3o, entrada e partida sem chave, tela de 7 pol, ar-condicionado de duas zonas e controle de estabilidade com dois modos de uso.<\/p>\n<p>Com o seletor de programas de dire\u00e7\u00e3o em esportivo, o que afeta acelerador, c\u00e2mbio, amortecimento e o controle de estabilidade (este ainda pode ser desativado), o XFR mostrou compet\u00eancia nas empolgadas voltas no circuito, duas conosco ao volante e duas ao lado de Chico Serra. O ronco do V8, um borbulhar em baixa rota\u00e7\u00e3o, torna-se um urro delicioso quando ele \u00e9 levado aos limites e os ganhos de velocidade s\u00e3o muito r\u00e1pidos. Em modo manual o c\u00e2mbio deixa de trocar marchas para cima ao atingir o limite de rota\u00e7\u00e3o, deixando a escolha ao motorista. Impressionam a precis\u00e3o com que o grande sed\u00e3 contorna as curvas e a r\u00e1pida dissipa\u00e7\u00e3o de velocidade pelos freios.<\/p>\n<p>N\u00e3o resta d\u00favida de que a Jaguar est\u00e1 bem servida de produtos em sua nova fase no Brasil. Cada um com seu estilo, mas ambos sedutores ao olhar e cativantes ao motorista, o XJ e o XFR confirmam que os ingleses merecem seu lugar ao lado da predominante concorr\u00eancia alem\u00e3.<\/p>\n<p>&nbsp;<\/p>\n<div class='one_third'>\n\t\t\t\t\t<a href=\"https:\/\/autolivraria.com.br\/bc\/wp-content\/uploads\/2013\/05\/Jaguar-XFR-08.jpg\"><img decoding=\"async\" class=\"aligncenter size-thumbnail wp-image-26307 lazyload\" title=\"Jaguar XFR\" data-src=\"https:\/\/autolivraria.com.br\/bc\/wp-content\/uploads\/2013\/05\/Jaguar-XFR-08-168x168.jpg\" alt=\"\" width=\"168\" height=\"168\" data-srcset=\"https:\/\/autolivraria.com.br\/bc\/wp-content\/uploads\/2013\/05\/Jaguar-XFR-08-168x168.jpg 168w, https:\/\/autolivraria.com.br\/bc\/wp-content\/uploads\/2013\/05\/Jaguar-XFR-08-100x100.jpg 100w\" data-sizes=\"(max-width: 168px) 100vw, 168px\" src=\"data:image\/svg+xml;base64,PHN2ZyB3aWR0aD0iMSIgaGVpZ2h0PSIxIiB4bWxucz0iaHR0cDovL3d3dy53My5vcmcvMjAwMC9zdmciPjwvc3ZnPg==\" style=\"--smush-placeholder-width: 168px; --smush-placeholder-aspect-ratio: 168\/168;\" \/><\/a>\n\t\t\t\t<\/div>\n<div class='one_third'>\n\t\t\t\t\t<a href=\"https:\/\/autolivraria.com.br\/bc\/wp-content\/uploads\/2013\/05\/Jaguar-XFR-10.jpg\"><img decoding=\"async\" class=\"aligncenter size-thumbnail wp-image-26308 lazyload\" title=\"Jaguar XFR\" data-src=\"https:\/\/autolivraria.com.br\/bc\/wp-content\/uploads\/2013\/05\/Jaguar-XFR-10-168x168.jpg\" alt=\"\" width=\"168\" height=\"168\" data-srcset=\"https:\/\/autolivraria.com.br\/bc\/wp-content\/uploads\/2013\/05\/Jaguar-XFR-10-168x168.jpg 168w, https:\/\/autolivraria.com.br\/bc\/wp-content\/uploads\/2013\/05\/Jaguar-XFR-10-100x100.jpg 100w\" data-sizes=\"(max-width: 168px) 100vw, 168px\" src=\"data:image\/svg+xml;base64,PHN2ZyB3aWR0aD0iMSIgaGVpZ2h0PSIxIiB4bWxucz0iaHR0cDovL3d3dy53My5vcmcvMjAwMC9zdmciPjwvc3ZnPg==\" style=\"--smush-placeholder-width: 168px; --smush-placeholder-aspect-ratio: 168\/168;\" \/><\/a>\n\t\t\t\t<\/div>\n<div class='one_third last'>\n\t\t\t\t\t<a href=\"https:\/\/autolivraria.com.br\/bc\/wp-content\/uploads\/2013\/05\/Jaguar-XFR-02.jpg\"><img decoding=\"async\" class=\"aligncenter size-thumbnail wp-image-26309 lazyload\" title=\"Jaguar XFR\" data-src=\"https:\/\/autolivraria.com.br\/bc\/wp-content\/uploads\/2013\/05\/Jaguar-XFR-02-168x168.jpg\" alt=\"\" width=\"168\" height=\"168\" data-srcset=\"https:\/\/autolivraria.com.br\/bc\/wp-content\/uploads\/2013\/05\/Jaguar-XFR-02-168x168.jpg 168w, https:\/\/autolivraria.com.br\/bc\/wp-content\/uploads\/2013\/05\/Jaguar-XFR-02-100x100.jpg 100w\" data-sizes=\"(max-width: 168px) 100vw, 168px\" src=\"data:image\/svg+xml;base64,PHN2ZyB3aWR0aD0iMSIgaGVpZ2h0PSIxIiB4bWxucz0iaHR0cDovL3d3dy53My5vcmcvMjAwMC9zdmciPjwvc3ZnPg==\" style=\"--smush-placeholder-width: 168px; --smush-placeholder-aspect-ratio: 168\/168;\" \/><\/a>\n\t\t\t\t<\/div><div class='clear'><\/div>\n<p style=\"text-align: center;\"><em>\u00a0<\/em><br \/>\n<em>Com desenho ousado que serviu de modelo para o XJ, o XFR \u00e9 menos\u00a0luxuoso<\/em><br \/>\n<em>por dentro, mas tem o conte\u00fado que se espera de um carro de R$ 440 mil<\/em><\/p>\n<p>&nbsp;<\/p>\n<div class='et-box et-shadow'>\n\t\t\t\t\t<div class='et-box-content'><h2>Ficha t\u00e9cnica<\/h2>\n<table id=\"table61\" style=\"width: 100%;\" border=\"0\" cellspacing=\"0\" cellpadding=\"3\">\n<tbody>\n<tr>\n<td valign=\"top\" width=\"40%\"><\/td>\n<td valign=\"top\" width=\"30%\">\n<h1>XFR<\/h1>\n<\/td>\n<td valign=\"top\" width=\"30%\">\n<h1>XJ Supersport<\/h1>\n<\/td>\n<\/tr>\n<tr>\n<td colspan=\"3\" valign=\"top\" bgcolor=\"#FFFFFF\" width=\"40%\">Motor<\/td>\n<\/tr>\n<tr>\n<td valign=\"top\" width=\"40%\">Posi\u00e7\u00e3o<\/td>\n<td valign=\"top\" width=\"30%\">longitudinal<\/td>\n<td valign=\"top\" width=\"30%\"><\/td>\n<\/tr>\n<tr>\n<td valign=\"top\" width=\"40%\">Cilindros<\/td>\n<td valign=\"top\" width=\"30%\">8 em V<\/td>\n<td valign=\"top\" width=\"30%\"><\/td>\n<\/tr>\n<tr>\n<td valign=\"top\" width=\"40%\">Comando de v\u00e1lvulas<\/td>\n<td valign=\"top\" width=\"30%\">duplo nos cabe\u00e7otes<\/td>\n<td valign=\"top\" width=\"30%\"><\/td>\n<\/tr>\n<tr>\n<td valign=\"top\" width=\"40%\">V\u00e1lvulas por cilindro<\/td>\n<td valign=\"top\" width=\"30%\">4<\/td>\n<td valign=\"top\" width=\"30%\"><\/td>\n<\/tr>\n<tr>\n<td valign=\"top\" width=\"40%\">Di\u00e2metro e curso<\/td>\n<td valign=\"top\" width=\"30%\">92,5 x 93 mm<\/td>\n<td valign=\"top\" width=\"30%\"><\/td>\n<\/tr>\n<tr>\n<td valign=\"top\" width=\"40%\">Cilindrada<\/td>\n<td valign=\"top\" width=\"30%\">5.000 cm\u00b3<\/td>\n<td valign=\"top\" width=\"30%\"><\/td>\n<\/tr>\n<tr>\n<td valign=\"top\" width=\"40%\">Taxa de compress\u00e3o<\/td>\n<td valign=\"top\" width=\"30%\">9,5:1<\/td>\n<td valign=\"top\" width=\"30%\"><\/td>\n<\/tr>\n<tr>\n<td valign=\"top\" width=\"40%\">Alimenta\u00e7\u00e3o<\/td>\n<td colspan=\"2\" valign=\"top\" width=\"60%\">inje\u00e7\u00e3o direta, compressor, resfriador de ar<\/td>\n<\/tr>\n<tr>\n<td valign=\"top\" width=\"40%\">Pot\u00eancia m\u00e1xima (gas.\/\u00e1lc.)<\/td>\n<td colspan=\"2\" valign=\"top\" width=\"60%\">510 cv de 6.000 a 6.500 rpm<\/td>\n<\/tr>\n<tr>\n<td valign=\"top\" width=\"40%\">Torque m\u00e1ximo (gas.\/\u00e1lc.)<\/td>\n<td colspan=\"2\" valign=\"top\" width=\"60%\">63,7 m.kgf de 2.500 a 5.500 rpm<\/td>\n<\/tr>\n<tr>\n<td colspan=\"3\" valign=\"top\" bgcolor=\"#FFFFFF\" width=\"40%\">Transmiss\u00e3o<\/td>\n<\/tr>\n<tr>\n<td valign=\"top\" width=\"40%\">Tipo de c\u00e2mbio e marchas<\/td>\n<td valign=\"top\" width=\"30%\">autom\u00e1tico \/ 8<\/td>\n<td valign=\"top\" width=\"30%\"><\/td>\n<\/tr>\n<tr>\n<td valign=\"top\" width=\"40%\">Tra\u00e7\u00e3o<\/td>\n<td valign=\"top\" width=\"30%\">traseira<\/td>\n<td valign=\"top\" width=\"30%\"><\/td>\n<\/tr>\n<tr>\n<td colspan=\"3\" valign=\"top\" bgcolor=\"#FFFFFF\" width=\"40%\">Freios<\/td>\n<\/tr>\n<tr>\n<td valign=\"top\" width=\"40%\">Dianteiros<\/td>\n<td valign=\"top\" width=\"30%\">a disco ventilado<\/td>\n<td valign=\"top\" width=\"30%\"><\/td>\n<\/tr>\n<tr>\n<td valign=\"top\" width=\"40%\">Traseiros<\/td>\n<td valign=\"top\" width=\"30%\">a disco ventilado<\/td>\n<td valign=\"top\" width=\"30%\"><\/td>\n<\/tr>\n<tr>\n<td valign=\"top\" width=\"40%\">Antitravamento (ABS)<\/td>\n<td valign=\"top\" width=\"30%\">sim<\/td>\n<td valign=\"top\" width=\"30%\"><\/td>\n<\/tr>\n<tr>\n<td colspan=\"3\" valign=\"top\" bgcolor=\"#FFFFFF\" width=\"40%\">Dire\u00e7\u00e3o<\/td>\n<\/tr>\n<tr>\n<td valign=\"top\" width=\"40%\">Sistema<\/td>\n<td valign=\"top\" width=\"30%\">pinh\u00e3o e cremalheira<\/td>\n<td valign=\"top\" width=\"30%\"><\/td>\n<\/tr>\n<tr>\n<td valign=\"top\" width=\"40%\">Assist\u00eancia<\/td>\n<td valign=\"top\" width=\"30%\">ND<\/td>\n<td valign=\"top\" width=\"30%\"><\/td>\n<\/tr>\n<tr>\n<td colspan=\"3\" valign=\"top\" bgcolor=\"#FFFFFF\" width=\"40%\">Suspens\u00e3o<\/td>\n<\/tr>\n<tr>\n<td valign=\"top\" width=\"40%\">Dianteira<\/td>\n<td colspan=\"2\" valign=\"top\" width=\"60%\">independente, bra\u00e7os sobrepostos, mola helicoidal<\/td>\n<\/tr>\n<tr>\n<td valign=\"top\" width=\"40%\">Traseira<\/td>\n<td valign=\"top\" width=\"30%\">independente, multibra\u00e7o,\nmola helicoidal<\/td>\n<td valign=\"top\" width=\"30%\">independente, multibra\u00e7o,\nmola pneum\u00e1tica<\/td>\n<\/tr>\n<tr>\n<td colspan=\"3\" valign=\"top\" bgcolor=\"#FFFFFF\" width=\"40%\">Rodas<\/td>\n<\/tr>\n<tr>\n<td valign=\"top\" width=\"40%\">Dimens\u00f5es<\/td>\n<td valign=\"top\" width=\"30%\">20 pol<\/td>\n<td valign=\"top\" width=\"30%\"><\/td>\n<\/tr>\n<tr>\n<td valign=\"top\" width=\"40%\">Pneus dianteiros<\/td>\n<td valign=\"top\" width=\"30%\">255\/35 R 20<\/td>\n<td valign=\"top\" width=\"30%\">245\/40 R 20<\/td>\n<\/tr>\n<tr>\n<td valign=\"top\" width=\"40%\">Pneus traseiros<\/td>\n<td valign=\"top\" width=\"30%\">285\/30 R 20<\/td>\n<td valign=\"top\" width=\"30%\">275\/35 R 20<\/td>\n<\/tr>\n<tr>\n<td colspan=\"3\" valign=\"top\" bgcolor=\"#FFFFFF\" width=\"40%\">Dimens\u00f5es<\/td>\n<\/tr>\n<tr>\n<td valign=\"top\" width=\"40%\">Comprimento<\/td>\n<td valign=\"top\" width=\"30%\">4,966 m<\/td>\n<td valign=\"top\" width=\"30%\">5,122 m<\/td>\n<\/tr>\n<tr>\n<td valign=\"top\" width=\"40%\">Largura<\/td>\n<td valign=\"top\" width=\"30%\">1,877 m<\/td>\n<td valign=\"top\" width=\"30%\">1,899 m<\/td>\n<\/tr>\n<tr>\n<td valign=\"top\" width=\"40%\">Altura<\/td>\n<td valign=\"top\" width=\"30%\">1,468 m<\/td>\n<td valign=\"top\" width=\"30%\">1,448 m<\/td>\n<\/tr>\n<tr>\n<td valign=\"top\" width=\"40%\">Entre-eixos<\/td>\n<td valign=\"top\" width=\"30%\">2,909 m<\/td>\n<td valign=\"top\" width=\"30%\">3,032 m<\/td>\n<\/tr>\n<tr>\n<td colspan=\"3\" valign=\"top\" bgcolor=\"#FFFFFF\" width=\"40%\">Capacidades e peso<\/td>\n<\/tr>\n<tr>\n<td valign=\"top\" width=\"40%\">Tanque de combust\u00edvel<\/td>\n<td valign=\"top\" width=\"30%\">70 l<\/td>\n<td valign=\"top\" width=\"30%\">82 l<\/td>\n<\/tr>\n<tr>\n<td valign=\"top\" width=\"40%\">Compartimento de bagagem<\/td>\n<td valign=\"top\" width=\"30%\">500 l<\/td>\n<td valign=\"top\" width=\"30%\">520 l<\/td>\n<\/tr>\n<tr>\n<td valign=\"top\" width=\"40%\">Peso em ordem de marcha<\/td>\n<td valign=\"top\" width=\"30%\">1.875 kg<\/td>\n<td valign=\"top\" width=\"30%\">1.915 kg<\/td>\n<\/tr>\n<tr>\n<td style=\"background-color: #ffffff; width: 40%;\" colspan=\"3\" valign=\"top\">Desempenho<\/td>\n<\/tr>\n<tr>\n<td valign=\"top\" width=\"40%\">Velocidade m\u00e1xima<\/td>\n<td valign=\"top\" width=\"30%\">250 km\/h<\/td>\n<td valign=\"top\" width=\"30%\"><\/td>\n<\/tr>\n<tr>\n<td valign=\"top\" width=\"40%\">Acelera\u00e7\u00e3o de 0 a 100 km\/h<\/td>\n<td valign=\"top\" width=\"30%\">4,9 s<\/td>\n<td valign=\"top\" width=\"30%\"><\/td>\n<\/tr>\n<tr>\n<td colspan=\"3\" valign=\"top\" width=\"40%\">Dados do fabricante; consumo n\u00e3o informado; ND = n\u00e3o dispon\u00edvel<\/td>\n<\/tr>\n<\/tbody>\n<\/table><\/div><\/div>\n<p>&nbsp;<\/p>\n<p>&nbsp;<\/p>\n","protected":false},"excerpt":{"rendered":"<p>Agora importados pela pr\u00f3pria empresa, os belos sed\u00e3s ingleses de motores iguais revelam car\u00e1teres bem diferentes<\/p>\n","protected":false},"author":6,"featured_media":26304,"comment_status":"open","ping_status":"closed","sticky":false,"template":"","format":"standard","meta":{"_joinchat":[],"footnotes":""},"categories":[2607],"tags":[80,574,151,3904,3892,226,781,782,369],"class_list":["post-26204","post","type-post","status-publish","format-standard","has-post-thumbnail","hentry","category-jaguar-avaliacao","tag-avaliacao-2","tag-compressor","tag-esportivo","tag-jaguar","tag-supercarros","tag-v8","tag-xf","tag-xfr","tag-xj"],"amp_enabled":true,"_links":{"self":[{"href":"https:\/\/autolivraria.com.br\/bc\/wp-json\/wp\/v2\/posts\/26204","targetHints":{"allow":["GET"]}}],"collection":[{"href":"https:\/\/autolivraria.com.br\/bc\/wp-json\/wp\/v2\/posts"}],"about":[{"href":"https:\/\/autolivraria.com.br\/bc\/wp-json\/wp\/v2\/types\/post"}],"author":[{"embeddable":true,"href":"https:\/\/autolivraria.com.br\/bc\/wp-json\/wp\/v2\/users\/6"}],"replies":[{"embeddable":true,"href":"https:\/\/autolivraria.com.br\/bc\/wp-json\/wp\/v2\/comments?post=26204"}],"version-history":[{"count":0,"href":"https:\/\/autolivraria.com.br\/bc\/wp-json\/wp\/v2\/posts\/26204\/revisions"}],"wp:featuredmedia":[{"embeddable":true,"href":"https:\/\/autolivraria.com.br\/bc\/wp-json\/wp\/v2\/media\/26304"}],"wp:attachment":[{"href":"https:\/\/autolivraria.com.br\/bc\/wp-json\/wp\/v2\/media?parent=26204"}],"wp:term":[{"taxonomy":"category","embeddable":true,"href":"https:\/\/autolivraria.com.br\/bc\/wp-json\/wp\/v2\/categories?post=26204"},{"taxonomy":"post_tag","embeddable":true,"href":"https:\/\/autolivraria.com.br\/bc\/wp-json\/wp\/v2\/tags?post=26204"}],"curies":[{"name":"wp","href":"https:\/\/api.w.org\/{rel}","templated":true}]}}