{"id":26926,"date":"2013-06-03T14:29:38","date_gmt":"2013-06-03T17:29:38","guid":{"rendered":"http:\/\/bestcars.uol.com.br\/bc\/?p=26926"},"modified":"2013-06-11T15:49:24","modified_gmt":"2013-06-11T18:49:24","slug":"jac-j3-e-j3-turin-ganham-novo-visual-este-mes","status":"publish","type":"post","link":"https:\/\/autolivraria.com.br\/bc\/informe-se\/noticias\/jac-j3-e-j3-turin-ganham-novo-visual-este-mes\/","title":{"rendered":"JAC J3 e J3 Turin recebem novo visual este m\u00eas"},"content":{"rendered":"<p><a href=\"https:\/\/autolivraria.com.br\/bc\/wp-content\/uploads\/2013\/06\/JAC-J31.jpg\"><img fetchpriority=\"high\" decoding=\"async\" class=\"aligncenter size-medium wp-image-26928\" title=\"JAC J3\" src=\"https:\/\/autolivraria.com.br\/bc\/wp-content\/uploads\/2013\/06\/JAC-J31-560x373.jpg\" alt=\"\" width=\"560\" height=\"373\" \/><\/a><\/p>\n<p>&nbsp;<\/p>\n<p>A JAC Motors revela a primeira foto do hatch J3 e do sed\u00e3 J3 Turin remodelados, a serem lan\u00e7ados no dia 18. A rede de concession\u00e1rias da marca j\u00e1 come\u00e7ou a receber os modelos 2014, que t\u00eam pre\u00e7os de R$ 36 mil para o hatch e R$ 38 mil para o Turin. A reforma inclui cap\u00f4, far\u00f3is, grade, para-choque e para-lamas \u00a0dianteiros, enquanto o sed\u00e3 recebeu ainda tampa do porta-malas, lanternas, para-lamas e para-choque traseiros redesenhados, para atender \u00e0s cr\u00edticas ao visual anterior. Para o interior a JAC anuncia novos bancos e painel, mas n\u00e3o divulgou fotos. A mec\u00e2nica n\u00e3o deve trazer altera\u00e7\u00f5es.<\/p>\n<p>&nbsp;<\/p>\n<div class='code-block code-block-7' style='margin: 28px auto; text-align: center; display: block; clear: both;'>\n<br>\n<div align=\"center\">\n<a target=\"_blank\" href=\"https:\/\/bestcars.com.br\/bc\/\">\n<img decoding=\"async\" data-src=\"https:\/\/bestcars.com.br\/bc\/wp-content\/uploads\/2021\/07\/Auto-Livraria-450x300-quadros.jpg\" alt=\"Auto Livraria\" src=\"data:image\/svg+xml;base64,PHN2ZyB3aWR0aD0iMSIgaGVpZ2h0PSIxIiB4bWxucz0iaHR0cDovL3d3dy53My5vcmcvMjAwMC9zdmciPjwvc3ZnPg==\" class=\"lazyload\"><\/a>\n<\/div>\n<br><\/div>\n\n<p>&nbsp;<\/p>\n<p>&nbsp;<\/p>\n","protected":false},"excerpt":{"rendered":"<p>&nbsp; A JAC Motors revela a primeira foto do hatch J3 e do sed\u00e3 J3 Turin remodelados, a serem lan\u00e7ados no dia 18. A rede de concession\u00e1rias da marca j\u00e1 come\u00e7ou a receber os modelos 2014, que t\u00eam pre\u00e7os de R$ 36 mil para o hatch e R$ 38 mil para o Turin. A reforma<\/p>\n","protected":false},"author":6,"featured_media":26928,"comment_status":"open","ping_status":"closed","sticky":false,"template":"","format":"standard","meta":{"_joinchat":[],"footnotes":""},"categories":[8],"tags":[1787,654,1485,66,1955,94],"class_list":["post-26926","post","type-post","status-publish","format-standard","has-post-thumbnail","hentry","category-noticias","tag-china","tag-j3","tag-j3-turin","tag-jac","tag-jac-j3","tag-noticias-2"],"amp_enabled":true,"_links":{"self":[{"href":"https:\/\/autolivraria.com.br\/bc\/wp-json\/wp\/v2\/posts\/26926","targetHints":{"allow":["GET"]}}],"collection":[{"href":"https:\/\/autolivraria.com.br\/bc\/wp-json\/wp\/v2\/posts"}],"about":[{"href":"https:\/\/autolivraria.com.br\/bc\/wp-json\/wp\/v2\/types\/post"}],"author":[{"embeddable":true,"href":"https:\/\/autolivraria.com.br\/bc\/wp-json\/wp\/v2\/users\/6"}],"replies":[{"embeddable":true,"href":"https:\/\/autolivraria.com.br\/bc\/wp-json\/wp\/v2\/comments?post=26926"}],"version-history":[{"count":0,"href":"https:\/\/autolivraria.com.br\/bc\/wp-json\/wp\/v2\/posts\/26926\/revisions"}],"wp:featuredmedia":[{"embeddable":true,"href":"https:\/\/autolivraria.com.br\/bc\/wp-json\/wp\/v2\/media\/26928"}],"wp:attachment":[{"href":"https:\/\/autolivraria.com.br\/bc\/wp-json\/wp\/v2\/media?parent=26926"}],"wp:term":[{"taxonomy":"category","embeddable":true,"href":"https:\/\/autolivraria.com.br\/bc\/wp-json\/wp\/v2\/categories?post=26926"},{"taxonomy":"post_tag","embeddable":true,"href":"https:\/\/autolivraria.com.br\/bc\/wp-json\/wp\/v2\/tags?post=26926"}],"curies":[{"name":"wp","href":"https:\/\/api.w.org\/{rel}","templated":true}]}}