{"id":2726,"date":"2014-03-21T00:03:50","date_gmt":"2014-03-21T03:03:50","guid":{"rendered":"http:\/\/bestcars.uol.com.br\/bc\/?p=2726"},"modified":"2020-01-10T14:39:00","modified_gmt":"2020-01-10T17:39:00","slug":"bmw-serie-1-ambas-as-geracoes","status":"publish","type":"post","link":"https:\/\/autolivraria.com.br\/bc\/participe\/opinioes-proprietarios\/teste-do-leitor-bmw\/bmw-serie-1-ambas-as-geracoes\/","title":{"rendered":"BMW S\u00e9rie 1 (ambas as gera\u00e7\u00f5es)"},"content":{"rendered":"<p><img decoding=\"async\" class=\"aligncenter wp-image-79425 lazyload\" data-src=\"https:\/\/autolivraria.com.br\/bc\/wp-content\/uploads\/2016\/10\/BMW-M-140i-02-696x464.jpg\" alt=\"BMW-M-140i-02\" width=\"696\" src=\"data:image\/svg+xml;base64,PHN2ZyB3aWR0aD0iMSIgaGVpZ2h0PSIxIiB4bWxucz0iaHR0cDovL3d3dy53My5vcmcvMjAwMC9zdmciPjwvc3ZnPg==\" style=\"--smush-placeholder-width: 696px; --smush-placeholder-aspect-ratio: 696\/464;\" \/><\/p>\n<p>&nbsp;<\/p>\n<table border=\"0\">\n<tbody>\n<tr>\n<td><\/td>\n<\/tr>\n<\/tbody>\n<\/table>\n<p>&nbsp;<\/p>\n<p>[Nome] Rossano<br \/>\n[Cidade] Curitiba<br \/>\n[Estado] PR<\/p>\n<p>[Vers\u00e3o] 130i<br \/>\n[Ano-modelo] 2006<br \/>\n[Combust\u00edvel] Gasolina<br \/>\n[Quilometragem atual] 90.000 km<br \/>\n[Tempo h\u00e1 que possui] At\u00e9 1 ano<\/p>\n<p>[Grau de satisfa\u00e7\u00e3o com o carro] Muito satisfeito<br \/>\n[Grau de satisfa\u00e7\u00e3o com a rede de concession\u00e1rias] Parcialmente satisfeito<\/p>\n<p>[Estilo] 5<br \/>\n[Acabamento] 4<br \/>\n[Posi\u00e7\u00e3o de dirigir] 5<br \/>\n[Instrumentos] 4<br \/>\n[Itens de conveni\u00eancia] 5<br \/>\n[Espa\u00e7o interno] 4<br \/>\n[Capacidade de bagagem] 4<br \/>\n[Motor] 5<br \/>\n[Desempenho] 5<br \/>\n[Consumo] 3<br \/>\n[C\u00e2mbio] 5<br \/>\n[Freios] 5<br \/>\n[Suspens\u00e3o] 5<br \/>\n[Estabilidade] 5<br \/>\n[Seguran\u00e7a passiva] 5<br \/>\n[Custo-benef\u00edcio] 5<\/p>\n<p>[Principais aspectos positivos] Desempenho sem igual por este pre\u00e7o e nesta categoria. A tra\u00e7\u00e3o traseira confere maior prazer numa tocada esportiva mesmo que em passeio pela cidade. O conjunto em se tratando de esportividade \u00e9 fant\u00e1stico. Freios excelentes raramente chegando ao estado de fading. Suspens\u00e3o calibrada na medida exata entre esportividade e conforto na cidade. Aos que dizem ser dura demais, \u00e9 porque est\u00e3o acostumados com carros pseudo-esportivos. O cambio manual de seis marchas faz deste modelo de carro um dos melhores brinquedos atualmente a disposi\u00e7\u00e3o. \u00c9 raro encontrar uma de cambio manual mas vale a pena procurar pois n\u00e3o se compara o desempenho e prazer. O carro em si vale cada real investido e considero-o um dos poucos modelos de carro &#8220;normal&#8221; antes de se entrar no n\u00edvel da elite esportiva mundial, onde l\u00ea-se Porsche, Ferrari, Lamborghini&#8230;consegue-se com a BMW adquirir experi\u00eancia para um dia tocar tamb\u00e9m estas beldades. Vale dizer que a 130i anda no dia a dia como um daily car sem chamar aten\u00e7\u00e3o de bandidos por ser pequenina e briga de igual pra igual com alguns grandes.<\/p>\n<p>[Principais aspectos negativos] Confesso n\u00e3o ter nada para declarar por aqui pois o consumo, apesar de alto (m\u00e9dia de 5,5km na cidade) est\u00e1 em linha com o desempenho apresentado e com o tipo de ve\u00edculo em quest\u00e3o (esportivo e BMW). A suspens\u00e3o que muitos dizem ser dura, bem, carro esportivo pra andar bem tem que ser firme e ser firme tem um pre\u00e7o. A regulagem el\u00e9trica de inflagem das abas laterais dos bancos dianteiros \u00e9 algo de fant\u00e1stico neste carro.<\/p>\n<p>[Defeitos apresentados] N\u00e3o at\u00e9 o presente momento e olha que estamos falando de um ve\u00edculo com 8 anos de uso em terra brasilis&#8230;<\/p>\n<p>[Concession\u00e1rias] Eventualmente adquiro pe\u00e7as na concession\u00e1ria. N\u00e3o costuma ser abusiva no pre\u00e7o como dizem, pois lembremos, \u00e9 uma BMW.<\/p>\n<p>[Coment\u00e1rios adicionais] Tive outros esportivos de grife tais como; BMW M3 &#8211; Audi S3 &#8211; Nissan 300ZX.<br \/>\nCom este carro a BMW acertou em cheio o meio termo entre desempenho &#8211; pre\u00e7o &#8211; estilo. Vale cada centavo pago!!<\/p>\n<p>[Best Cars Web Site] Como sempre, fonte de consulta e inspira\u00e7\u00e3o para escolha do pr\u00f3ximo carro.<\/p>\n<p>[Data de publica\u00e7\u00e3o] 21\/3\/14<\/p>\n<p>\u2014<\/p>\n<p>&nbsp;<\/p>\n<div class='code-block code-block-7' style='margin: 28px auto; text-align: center; display: block; clear: both;'>\n<script async src=\"https:\/\/pagead2.googlesyndication.com\/pagead\/js\/adsbygoogle.js\"><\/script>\n<!-- AL-quadrado -->\n<ins class=\"adsbygoogle\"\n     style=\"display:block\"\n     data-ad-client=\"ca-pub-1914799802606213\"\n     data-ad-slot=\"5683066082\"\n     data-ad-format=\"auto\"\n     data-full-width-responsive=\"true\"><\/ins>\n<script>\n     (adsbygoogle = window.adsbygoogle || []).push({});\n<\/script><\/div>\n\n<p>&nbsp;<\/p>\n<p>[Nome] Gilson Stefanes<br \/>\n[Cidade] Joinville<br \/>\n[Estado] SC<br \/>\n[E-mail] gilson_ste@hotmail.com<\/p>\n<p>[Vers\u00e3o] 130i<br \/>\n[Ano-modelo] 2006<br \/>\n[Combust\u00edvel] Gasolina<br \/>\n[Quilometragem atual] 60.000 km<br \/>\n[Tempo h\u00e1 que possui] At\u00e9 1 ano<\/p>\n<p>[Grau de satisfa\u00e7\u00e3o com o carro] Parcialmente satisfeito<br \/>\n[Grau de satisfa\u00e7\u00e3o com a rede de concession\u00e1rias] N\u00e3o utilizo<\/p>\n<p>[Estilo] 5<br \/>\n[Acabamento] 4<br \/>\n[Posi\u00e7\u00e3o de dirigir] 5<br \/>\n[Instrumentos] 4<br \/>\n[Itens de conveni\u00eancia] 4<br \/>\n[Espa\u00e7o interno] 3<br \/>\n[Capacidade de bagagem] 4<br \/>\n[Motor] 5<br \/>\n[Desempenho] 5<br \/>\n[Consumo] 2<br \/>\n[C\u00e2mbio] 4<br \/>\n[Freios] 5<br \/>\n[Suspens\u00e3o] 3<br \/>\n[Estabilidade] 5<br \/>\n[Seguran\u00e7a passiva] 5<br \/>\n[Custo-benef\u00edcio] 3<\/p>\n<p>[Principais aspectos positivos] Design inconfund\u00edvel. Presen\u00e7a marcante. Motor estupendo. Seguran\u00e7a e dirigibilidade excelentes.<\/p>\n<p>[Principais aspectos negativos] Desvaloriza\u00e7\u00e3o de mercado.Manuten\u00e7\u00e3o car\u00edssima. Auto consumo esportivamente dirigindo, suspens\u00e3o dura ( kit M ) carro s\u00f3 para asfalto.<\/p>\n<p>[Defeitos apresentados] Esse \u00e9 meu \u00fanico descontentamento. Todos dizem que BMW \u00e9 forte e n\u00e3o d\u00e1 manuten\u00e7\u00e3o. Sou super cuidadoso, s\u00f3 eu dirijo, e em um ano j\u00e1 estou na 4\u00aa revis\u00e3o, e cada uma n\u00e3o sai por menos de r$ 2.000. Sensor abs, sensor estacionamento s\u00e3o comuns falharem. \u00c9 realmente um prazer dirigir este carro, mas esse prazer est\u00e1 se tornando muito oneroso&#8230;<\/p>\n<p>[Coment\u00e1rios adicionais] As vezes fico revoltado com a desvaloriza\u00e7\u00e3o e a manuten\u00e7\u00e3o que esta me proporcionando, mas quando a dirijo, digo que vale a pena cada centavo !.<\/p>\n<p>[Best Cars Web Site] Acho excelente a Best Car proporcionar a chance de proprietarios de ve\u00edculos opinarem sobre sua satisfa\u00e7\u00e3o com os mesmos.\u00c9 muito bom ler v\u00e1ria opini\u00f5es. Parab\u00e9ns.<\/p>\n<p>[Data de publica\u00e7\u00e3o] 2\/7\/11<\/p>\n<p>\u2014<\/p>\n<p>[Nome] Jean Carlo Sisti<br \/>\n[Cidade] Frederico Westphalen<br \/>\n[Estado] RS<br \/>\n[E-mail] jeansisti@terra.com.br<\/p>\n<p>[Vers\u00e3o] 130i<br \/>\n[Ano-modelo] 2011<br \/>\n[Combust\u00edvel] Gasolina<br \/>\n[Quilometragem atual] 40.000 km<br \/>\n[Tempo h\u00e1 que possui] At\u00e9 1 ano<\/p>\n<p>[Grau de satisfa\u00e7\u00e3o com o carro] Muito satisfeito<br \/>\n[Grau de satisfa\u00e7\u00e3o com a rede de concession\u00e1rias] Parcialmente satisfeito<\/p>\n<p>[Estilo] 5<br \/>\n[Acabamento] 4<br \/>\n[Posi\u00e7\u00e3o de dirigir] 4<br \/>\n[Instrumentos] 5<br \/>\n[Itens de conveni\u00eancia] 4<br \/>\n[Espa\u00e7o interno] 3<br \/>\n[Capacidade de bagagem] 3<br \/>\n[Motor] 5<br \/>\n[Desempenho] 5<br \/>\n[Consumo] 3<br \/>\n[C\u00e2mbio] 5<br \/>\n[Freios] 5<br \/>\n[Suspens\u00e3o] 3<br \/>\n[Estabilidade] 5<br \/>\n[Seguran\u00e7a passiva] 4<br \/>\n[Custo-benef\u00edcio] 3<\/p>\n<p>[Principais aspectos positivos] Pot\u00eancia com \u00f3timo controle e din\u00e2mica.<\/p>\n<p>[Principais aspectos negativos] Suspens\u00e3o muito dura. O carro poderia ser mais macio.<\/p>\n<p>[Defeitos apresentados] N\u00e3o<\/p>\n<p>[Coment\u00e1rios adicionais] O motor \u00e9 estupendo. A cavalaria \u00e9 show de bola mesmo.<\/p>\n<p>[Best Cars Web Site] Muito legal o Best Cars, de muita utilidade para conhecimento de quem deseja adquirir algum tipo de carro que seja mencionado no best.<\/p>\n<p>[Data de publica\u00e7\u00e3o] 26\/2\/11<\/p>\n<p>&nbsp;<\/p>\n","protected":false},"excerpt":{"rendered":"<p>Leia opini\u00f5es de propriet\u00e1rios e envie a sua<\/p>\n","protected":false},"author":6,"featured_media":0,"comment_status":"closed","ping_status":"closed","sticky":false,"template":"","format":"standard","meta":{"_joinchat":[],"footnotes":""},"categories":[1279],"tags":[1337,1338,1339,62,1275,877,1274],"class_list":["post-2726","post","type-post","status-publish","format-standard","hentry","category-teste-do-leitor-bmw","tag-120i","tag-130i","tag-135i","tag-bmw","tag-opiniao-de-proprietarios","tag-serie-1","tag-teste-do-leitor"],"amp_enabled":true,"_links":{"self":[{"href":"https:\/\/autolivraria.com.br\/bc\/wp-json\/wp\/v2\/posts\/2726","targetHints":{"allow":["GET"]}}],"collection":[{"href":"https:\/\/autolivraria.com.br\/bc\/wp-json\/wp\/v2\/posts"}],"about":[{"href":"https:\/\/autolivraria.com.br\/bc\/wp-json\/wp\/v2\/types\/post"}],"author":[{"embeddable":true,"href":"https:\/\/autolivraria.com.br\/bc\/wp-json\/wp\/v2\/users\/6"}],"replies":[{"embeddable":true,"href":"https:\/\/autolivraria.com.br\/bc\/wp-json\/wp\/v2\/comments?post=2726"}],"version-history":[{"count":0,"href":"https:\/\/autolivraria.com.br\/bc\/wp-json\/wp\/v2\/posts\/2726\/revisions"}],"wp:attachment":[{"href":"https:\/\/autolivraria.com.br\/bc\/wp-json\/wp\/v2\/media?parent=2726"}],"wp:term":[{"taxonomy":"category","embeddable":true,"href":"https:\/\/autolivraria.com.br\/bc\/wp-json\/wp\/v2\/categories?post=2726"},{"taxonomy":"post_tag","embeddable":true,"href":"https:\/\/autolivraria.com.br\/bc\/wp-json\/wp\/v2\/tags?post=2726"}],"curies":[{"name":"wp","href":"https:\/\/api.w.org\/{rel}","templated":true}]}}