{"id":2733,"date":"2016-08-26T00:03:40","date_gmt":"2016-08-26T03:03:40","guid":{"rendered":"http:\/\/bestcars.uol.com.br\/bc\/?p=2733"},"modified":"2019-09-20T15:04:25","modified_gmt":"2019-09-20T18:04:25","slug":"bmw-serie-5-todas-as-geracoes","status":"publish","type":"post","link":"https:\/\/autolivraria.com.br\/bc\/participe\/opinioes-proprietarios\/teste-do-leitor-bmw\/bmw-serie-5-todas-as-geracoes\/","title":{"rendered":"BMW S\u00e9rie 5 (todas as gera\u00e7\u00f5es)"},"content":{"rendered":"<p><img fetchpriority=\"high\" decoding=\"async\" width=\"696\" height=\"464\" class=\"aligncenter size-large wp-image-84611\" src=\"https:\/\/autolivraria.com.br\/bc\/wp-content\/uploads\/2017\/04\/BMW-540i-20-696x464.jpg\" alt=\"\" srcset=\"https:\/\/autolivraria.com.br\/bc\/wp-content\/uploads\/2017\/04\/BMW-540i-20-696x464.jpg 696w, https:\/\/autolivraria.com.br\/bc\/wp-content\/uploads\/2017\/04\/BMW-540i-20-340x227.jpg 340w, https:\/\/autolivraria.com.br\/bc\/wp-content\/uploads\/2017\/04\/BMW-540i-20-630x420.jpg 630w, https:\/\/autolivraria.com.br\/bc\/wp-content\/uploads\/2017\/04\/BMW-540i-20-222x148.jpg 222w, https:\/\/autolivraria.com.br\/bc\/wp-content\/uploads\/2017\/04\/BMW-540i-20.jpg 1280w\" sizes=\"(max-width: 696px) 100vw, 696px\" \/><\/p>\n<p>&nbsp;<\/p>\n<table border=\"0\">\n<tbody>\n<tr>\n<td><\/td>\n<\/tr>\n<\/tbody>\n<\/table>\n<p>&nbsp;<\/p>\n<p>[Nome] Frederico Victor<br \/>\n[Cidade] Vila Velha<br \/>\n[Estado] ES<\/p>\n<p>[Vers\u00e3o] 528iA E39<br \/>\n[Motor] 2,8l<br \/>\n[Ano-modelo] 2000<br \/>\n[Quilometragem atual] 100.000 km<br \/>\n[Combust\u00edvel] Gasolina<br \/>\n[Tempo h\u00e1 que possui] De 1 a 3 anos<\/p>\n<p>[Grau de satisfa\u00e7\u00e3o com o carro] Parcialmente satisfeito(a)<br \/>\n[Grau de satisfa\u00e7\u00e3o com a rede de concession\u00e1rias] Insatisfeito(a)<\/p>\n<p>[Estilo] 5<br \/>\n[Acabamento] 5<br \/>\n[Posi\u00e7\u00e3o de dirigir] 5<br \/>\n[Instrumentos] 5<br \/>\n[Itens de conveni\u00eancia] 5<br \/>\n[Espa\u00e7o interno] 5<br \/>\n[Capacidade de bagagem] 4<br \/>\n[Motor] 4<br \/>\n[Desempenho] 4<br \/>\n[Consumo] 2<br \/>\n[C\u00e2mbio] 3<br \/>\n[Freios] 5<br \/>\n[Suspens\u00e3o] 5<br \/>\n[Estabilidade] 5<br \/>\n[Seguran\u00e7a passiva] 5<br \/>\n[Custo-benef\u00edcio] 4<\/p>\n<p>[Principais aspectos positivos] Absolutamente lindo, extremamente confort\u00e1vel, espa\u00e7oso mesmo pra pessoas de quase 2m como eu, tanto na frente quanto atr\u00e1s. bom porta-malas, cheio de mimos para o motorista, seguran\u00e7a muito bem trabalhada, estabilidade fora do comum, solidez construtiva que lhe rendeu o apelido carinhoso de Panzer(tanque, em alem\u00e3o). A suspens\u00e3o filtra muito bem as imperfei\u00e7\u00f5es do solo e mesmo sendo baixo o carro n\u00e3o raspa com facilidade. O ar de 4 zonas \u00e9 muito bom. Em suma: ele merece o t\u00edtulo de melhor carro j\u00e1 constru\u00eddo.<\/p>\n<p>[Principais aspectos negativos] O \u00fanico problema s\u00e9rio desse carro \u00e9 o mapeamento do c\u00e2mbio: mesmo no modo manual, o steptronic dessa gera\u00e7\u00e3o n\u00e3o deixa voc\u00ea trocar as marchas como deseja para tentar for\u00e7as as rpms para baixo(a 3\u00aa e a 5\u00aa s\u00f3 entram em regimes bem espec\u00edficos de velocidade e acelera\u00e7\u00e3o). \u00c9 um carro que se sente muito \u00e0 vontade em estradas, mas que sofre com as ruas cheias de quebra-molas, quadras curtas e sem\u00e1foros destemporizados, que for\u00e7am o ve\u00edculo a ficar num regime de anda e p\u00e1ra. Seria ideal o c\u00e2mbio ter uma fun\u00e7\u00e3o manual-override para o motorista ficar com total controle das marchas. Outro ponto negativo \u00e9 o fato de o banco traseiro n\u00e3o ser rebat\u00edvel.<\/p>\n<p>[Defeitos apresentados] De problemas: bieletas, terminais de dire\u00e7\u00e3o, tanque de expans\u00e3o do radiador e outros pequenos detalhes que foram trocados mediante aquisi\u00e7\u00e3o de pe\u00e7as importadas(geralmente, mais baratas que as vendidas aqui). O volante apresentou uns rangidos ao sair da posi\u00e7\u00e3o de repouso. O reator dos far\u00f3is de xenon precisaram ser trocados. Mas todos os problemas foram facilmente sanados.<\/p>\n<p>[Concession\u00e1rias] Uma vez fui cotar uma pe\u00e7a, mas o pre\u00e7o foi t\u00e3o absurdo, que importei por conta pr\u00f3pria muito mais em conta!<\/p>\n<p>[Coment\u00e1rios adicionais] A BMW poderia relan\u00e7ar a E39 com motores downsized e umas atualiza\u00e7\u00f5es tecnol\u00f3gicas e de seguran\u00e7a, mas intocada na est\u00e9tica. Venderia como \u00e1gua!<\/p>\n<p>[Best Cars] Muito \u00fatil, precisa ser expandida para abranger mais e mais modelos.<\/p>\n<p>[Data de publica\u00e7\u00e3o] 26\/8\/16<\/p>\n<p>\u2014<\/p>\n<p>&nbsp;<\/p>\n<div class='code-block code-block-6' style='margin: 28px auto; text-align: center; display: block; clear: both;'>\n<script async src=\"https:\/\/pagead2.googlesyndication.com\/pagead\/js\/adsbygoogle.js\"><\/script>\n<!-- AL-quadrado -->\n<ins class=\"adsbygoogle\"\n     style=\"display:block\"\n     data-ad-client=\"ca-pub-1914799802606213\"\n     data-ad-slot=\"5683066082\"\n     data-ad-format=\"auto\"\n     data-full-width-responsive=\"true\"><\/ins>\n<script>\n     (adsbygoogle = window.adsbygoogle || []).push({});\n<\/script><\/div>\n\n<p>&nbsp;<\/p>\n","protected":false},"excerpt":{"rendered":"<p>Leia opini\u00f5es de propriet\u00e1rios e envie a sua<\/p>\n","protected":false},"author":6,"featured_media":84611,"comment_status":"closed","ping_status":"closed","sticky":false,"template":"","format":"standard","meta":{"_joinchat":[],"footnotes":""},"categories":[1279],"tags":[882,1341,1340,881,62,1275,278,1274],"class_list":["post-2733","post","type-post","status-publish","format-standard","has-post-thumbnail","hentry","category-teste-do-leitor-bmw","tag-530i","tag-535i","tag-540i","tag-550i","tag-bmw","tag-opiniao-de-proprietarios","tag-serie-5","tag-teste-do-leitor"],"amp_enabled":true,"_links":{"self":[{"href":"https:\/\/autolivraria.com.br\/bc\/wp-json\/wp\/v2\/posts\/2733","targetHints":{"allow":["GET"]}}],"collection":[{"href":"https:\/\/autolivraria.com.br\/bc\/wp-json\/wp\/v2\/posts"}],"about":[{"href":"https:\/\/autolivraria.com.br\/bc\/wp-json\/wp\/v2\/types\/post"}],"author":[{"embeddable":true,"href":"https:\/\/autolivraria.com.br\/bc\/wp-json\/wp\/v2\/users\/6"}],"replies":[{"embeddable":true,"href":"https:\/\/autolivraria.com.br\/bc\/wp-json\/wp\/v2\/comments?post=2733"}],"version-history":[{"count":0,"href":"https:\/\/autolivraria.com.br\/bc\/wp-json\/wp\/v2\/posts\/2733\/revisions"}],"wp:featuredmedia":[{"embeddable":true,"href":"https:\/\/autolivraria.com.br\/bc\/wp-json\/wp\/v2\/media\/84611"}],"wp:attachment":[{"href":"https:\/\/autolivraria.com.br\/bc\/wp-json\/wp\/v2\/media?parent=2733"}],"wp:term":[{"taxonomy":"category","embeddable":true,"href":"https:\/\/autolivraria.com.br\/bc\/wp-json\/wp\/v2\/categories?post=2733"},{"taxonomy":"post_tag","embeddable":true,"href":"https:\/\/autolivraria.com.br\/bc\/wp-json\/wp\/v2\/tags?post=2733"}],"curies":[{"name":"wp","href":"https:\/\/api.w.org\/{rel}","templated":true}]}}