{"id":27396,"date":"2013-06-13T16:57:58","date_gmt":"2013-06-13T19:57:58","guid":{"rendered":"http:\/\/bestcars.uol.com.br\/bc\/?p=27396"},"modified":"2013-06-19T14:29:32","modified_gmt":"2013-06-19T17:29:32","slug":"palio-e-grand-siena-2014-rodas-radio-e-pouco-mais","status":"publish","type":"post","link":"https:\/\/autolivraria.com.br\/bc\/informe-se\/noticias\/palio-e-grand-siena-2014-rodas-radio-e-pouco-mais\/","title":{"rendered":"Palio e Grand Siena 2014: rodas, r\u00e1dio e pouco mais"},"content":{"rendered":"<p><a href=\"https:\/\/autolivraria.com.br\/bc\/wp-content\/uploads\/2013\/06\/Fiat-Palio.jpg\"><img fetchpriority=\"high\" decoding=\"async\" class=\"aligncenter size-medium wp-image-27399\" title=\"Fiat Palio\" src=\"https:\/\/autolivraria.com.br\/bc\/wp-content\/uploads\/2013\/06\/Fiat-Palio-560x373.jpg\" alt=\"\" width=\"560\" height=\"373\" srcset=\"https:\/\/autolivraria.com.br\/bc\/wp-content\/uploads\/2013\/06\/Fiat-Palio-560x373.jpg 560w, https:\/\/autolivraria.com.br\/bc\/wp-content\/uploads\/2013\/06\/Fiat-Palio-470x313.jpg 470w, https:\/\/autolivraria.com.br\/bc\/wp-content\/uploads\/2013\/06\/Fiat-Palio-270x179.jpg 270w, https:\/\/autolivraria.com.br\/bc\/wp-content\/uploads\/2013\/06\/Fiat-Palio.jpg 1280w\" sizes=\"(max-width: 560px) 100vw, 560px\" \/><\/a><\/p>\n<p>&nbsp;<\/p>\n<p>O Fiat Palio de nova gera\u00e7\u00e3o e o Grand Siena passam \u00e0 linha 2014 com poucas novidades. Ambos recebem como equipamento opcional o novo r\u00e1dio Connect com Audio Streaming, que permite conectar um telefone celular via Bluetooth e tocar as m\u00fasicas armazenadas no aparelho. O usu\u00e1rio pode ent\u00e3o controlar as m\u00fasicas pelas teclas de comando no volante. O Palio Attractive tem nova faixa no painel, em padr\u00e3o Inox, e o Essence recebeu outras rodas de 15 pol como opcionais. O Grand Siena passa a ter a tampa do porta-malas aberta pela press\u00e3o no emblema da Fiat e a tampa se ergue automaticamente at\u00e9 o fim do curso. Nas vers\u00f5es Attractive e Tetrafuel do Grand Siena mudam as rodas de 15 pol, de diferentes modelos. O Siena EL, da gera\u00e7\u00e3o anterior, tamb\u00e9m passa a ser modelo 2014.<\/p>\n<p>&nbsp;<\/p>\n<div class='code-block code-block-7' style='margin: 28px auto; text-align: center; display: block; clear: both;'>\n<script async src=\"https:\/\/pagead2.googlesyndication.com\/pagead\/js\/adsbygoogle.js\"><\/script>\n<!-- AL-quadrado -->\n<ins class=\"adsbygoogle\"\n     style=\"display:block\"\n     data-ad-client=\"ca-pub-1914799802606213\"\n     data-ad-slot=\"5683066082\"\n     data-ad-format=\"auto\"\n     data-full-width-responsive=\"true\"><\/ins>\n<script>\n     (adsbygoogle = window.adsbygoogle || []).push({});\n<\/script><\/div>\n\n<p>&nbsp;<\/p>\n<div id='gallery-1' class='gallery galleryid-27396 gallery-columns-3 gallery-size-thumbnail'><figure class='gallery-item'>\n\t\t\t<div class='gallery-icon landscape'>\n\t\t\t\t<a href='https:\/\/autolivraria.com.br\/bc\/wp-content\/uploads\/2013\/06\/Fiat-Grand-Siena-01.jpg'><img decoding=\"async\" width=\"222\" height=\"222\" data-src=\"https:\/\/autolivraria.com.br\/bc\/wp-content\/uploads\/2013\/06\/Fiat-Grand-Siena-01-222x222.jpg\" class=\"attachment-thumbnail size-thumbnail lazyload\" alt=\"\" src=\"data:image\/svg+xml;base64,PHN2ZyB3aWR0aD0iMSIgaGVpZ2h0PSIxIiB4bWxucz0iaHR0cDovL3d3dy53My5vcmcvMjAwMC9zdmciPjwvc3ZnPg==\" style=\"--smush-placeholder-width: 222px; --smush-placeholder-aspect-ratio: 222\/222;\" \/><\/a>\n\t\t\t<\/div><\/figure><figure class='gallery-item'>\n\t\t\t<div class='gallery-icon landscape'>\n\t\t\t\t<a href='https:\/\/autolivraria.com.br\/bc\/wp-content\/uploads\/2013\/06\/Fiat-Grand-Siena-02.jpg'><img decoding=\"async\" width=\"222\" height=\"222\" data-src=\"https:\/\/autolivraria.com.br\/bc\/wp-content\/uploads\/2013\/06\/Fiat-Grand-Siena-02-222x222.jpg\" class=\"attachment-thumbnail size-thumbnail lazyload\" alt=\"\" src=\"data:image\/svg+xml;base64,PHN2ZyB3aWR0aD0iMSIgaGVpZ2h0PSIxIiB4bWxucz0iaHR0cDovL3d3dy53My5vcmcvMjAwMC9zdmciPjwvc3ZnPg==\" style=\"--smush-placeholder-width: 222px; --smush-placeholder-aspect-ratio: 222\/222;\" \/><\/a>\n\t\t\t<\/div><\/figure><figure class='gallery-item'>\n\t\t\t<div class='gallery-icon landscape'>\n\t\t\t\t<a href='https:\/\/autolivraria.com.br\/bc\/wp-content\/uploads\/2013\/06\/Fiat-Palio.jpg'><img decoding=\"async\" width=\"168\" height=\"168\" data-src=\"https:\/\/autolivraria.com.br\/bc\/wp-content\/uploads\/2013\/06\/Fiat-Palio-168x168.jpg\" class=\"attachment-thumbnail size-thumbnail lazyload\" alt=\"\" src=\"data:image\/svg+xml;base64,PHN2ZyB3aWR0aD0iMSIgaGVpZ2h0PSIxIiB4bWxucz0iaHR0cDovL3d3dy53My5vcmcvMjAwMC9zdmciPjwvc3ZnPg==\" style=\"--smush-placeholder-width: 168px; --smush-placeholder-aspect-ratio: 168\/168;\" \/><\/a>\n\t\t\t<\/div><\/figure>\n\t\t<\/div>\n\n<p>&nbsp;<\/p>\n","protected":false},"excerpt":{"rendered":"<p>&nbsp; O Fiat Palio de nova gera\u00e7\u00e3o e o Grand Siena passam \u00e0 linha 2014 com poucas novidades. Ambos recebem como equipamento opcional o novo r\u00e1dio Connect com Audio Streaming, que permite conectar um telefone celular via Bluetooth e tocar as m\u00fasicas armazenadas no aparelho. O usu\u00e1rio pode ent\u00e3o controlar as m\u00fasicas pelas teclas de<\/p>\n","protected":false},"author":6,"featured_media":27398,"comment_status":"open","ping_status":"closed","sticky":false,"template":"","format":"standard","meta":{"_joinchat":[],"footnotes":""},"categories":[8],"tags":[57,641,1608,1607,2647,94,150,1361,1605,1606],"class_list":["post-27396","post","type-post","status-publish","format-standard","has-post-thumbnail","hentry","category-noticias","tag-fiat","tag-grand-siena","tag-grand-siena-attractive","tag-grand-siena-essence","tag-grand-siena-tetrafuel","tag-noticias-2","tag-palio","tag-palio-attractive","tag-palio-essence","tag-palio-sporting"],"amp_enabled":true,"_links":{"self":[{"href":"https:\/\/autolivraria.com.br\/bc\/wp-json\/wp\/v2\/posts\/27396","targetHints":{"allow":["GET"]}}],"collection":[{"href":"https:\/\/autolivraria.com.br\/bc\/wp-json\/wp\/v2\/posts"}],"about":[{"href":"https:\/\/autolivraria.com.br\/bc\/wp-json\/wp\/v2\/types\/post"}],"author":[{"embeddable":true,"href":"https:\/\/autolivraria.com.br\/bc\/wp-json\/wp\/v2\/users\/6"}],"replies":[{"embeddable":true,"href":"https:\/\/autolivraria.com.br\/bc\/wp-json\/wp\/v2\/comments?post=27396"}],"version-history":[{"count":0,"href":"https:\/\/autolivraria.com.br\/bc\/wp-json\/wp\/v2\/posts\/27396\/revisions"}],"wp:featuredmedia":[{"embeddable":true,"href":"https:\/\/autolivraria.com.br\/bc\/wp-json\/wp\/v2\/media\/27398"}],"wp:attachment":[{"href":"https:\/\/autolivraria.com.br\/bc\/wp-json\/wp\/v2\/media?parent=27396"}],"wp:term":[{"taxonomy":"category","embeddable":true,"href":"https:\/\/autolivraria.com.br\/bc\/wp-json\/wp\/v2\/categories?post=27396"},{"taxonomy":"post_tag","embeddable":true,"href":"https:\/\/autolivraria.com.br\/bc\/wp-json\/wp\/v2\/tags?post=27396"}],"curies":[{"name":"wp","href":"https:\/\/api.w.org\/{rel}","templated":true}]}}