{"id":2750,"date":"2012-03-24T00:00:33","date_gmt":"2012-03-24T03:00:33","guid":{"rendered":"http:\/\/bestcars.uol.com.br\/bc\/?p=2750"},"modified":"2019-09-20T14:58:08","modified_gmt":"2019-09-20T17:58:08","slug":"bmw-x5-ambas-as-geracoes","status":"publish","type":"post","link":"https:\/\/autolivraria.com.br\/bc\/participe\/opinioes-proprietarios\/teste-do-leitor-bmw\/bmw-x5-ambas-as-geracoes\/","title":{"rendered":"BMW X5 (todas as gera\u00e7\u00f5es)"},"content":{"rendered":"<p><img fetchpriority=\"high\" decoding=\"async\" class=\"aligncenter size-full wp-image-51397\" src=\"https:\/\/autolivraria.com.br\/bc\/wp-content\/uploads\/2014\/10\/BMW-X-15-anos-X5-07.jpg\" alt=\"\" width=\"1280\" height=\"853\" \/><\/p>\n<p>&nbsp;<\/p>\n<p>&nbsp;<\/p>\n<p>[Nome] Leandro Moribe<br \/>\n[Cidade] COLINAS DO TOCANTINS<br \/>\n[Estado] TO<\/p>\n<p>[Vers\u00e3o] 4.4l<br \/>\n[Ano-modelo] 2002<br \/>\n[Combust\u00edvel] Gasolina<br \/>\n[Quilometragem atual] 80.000 km<br \/>\n[Tempo h\u00e1 que possui] De 1 a 3 anos<\/p>\n<p>[Grau de satisfa\u00e7\u00e3o com o carro] Muito satisfeito<br \/>\n[Grau de satisfa\u00e7\u00e3o com a rede de concession\u00e1rias] Parcialmente satisfeito<\/p>\n<p>[Estilo] 5<br \/>\n[Acabamento] 5<br \/>\n[Posi\u00e7\u00e3o de dirigir] 5<br \/>\n[Instrumentos] 5<br \/>\n[Itens de conveni\u00eancia] 5<br \/>\n[Espa\u00e7o interno] 5<br \/>\n[Capacidade de bagagem] 5<br \/>\n[Motor] 5<br \/>\n[Desempenho] 5<br \/>\n[Consumo] 3<br \/>\n[C\u00e2mbio] 5<br \/>\n[Freios] 5<br \/>\n[Suspens\u00e3o] 5<br \/>\n[Estabilidade] 5<br \/>\n[Seguran\u00e7a passiva] 5<br \/>\n[Custo-benef\u00edcio] 5<\/p>\n<p>[Principais aspectos positivos] \u00c9 um carro com muito conforto que transmite muita sensa\u00e7\u00e3o de seguran\u00e7a, com um motor bem forte que responde prontamente quando solicitado, chama muita aten\u00e7\u00e3o na rua, um barulho de um V8 delicioso de ouvir!<\/p>\n<p>[Principais aspectos negativos] Com certeza \u00e9 o consumo que fica 4,5Km\/l na cidade e 6,5Km\/l estrada, mas devido ao motor que tem n\u00e3o d\u00e1 pra reclamar, comprei sabendo que \u00e9 um V8 com motorz\u00e3o e \u00e9 isso que eu quero, sendo assim o consumo fica em segundo plano.<\/p>\n<p>[Defeitos apresentados] Por enquanto nenhum defeito apresentado.<\/p>\n<p>[Concession\u00e1rias] O pre\u00e7o das pe\u00e7as \u00e9 bem mais caro que no mercado paralelo, devido a idade do carro n\u00e3o compensa pagar esta diferen\u00e7a.<\/p>\n<p>[Coment\u00e1rios adicionais] Totalmente satisfeito, vale cada centavo pago, tanto no valor do carro como no consumo.<\/p>\n<p>[Best Cars Web Site] Sempre consulto para saber a opini\u00e3o de outros donos sobre determinados carros e motos, muito \u00fatil para me informar, nota 10.<\/p>\n<p>[Data de publica\u00e7\u00e3o] 24\/3\/12<\/p>\n<p>\u2014<\/p>\n<p>[Nome] Luiz Carlos Costa Neto<br \/>\n[Cidade] S\u00e3o Caetano do Sul<br \/>\n[Estado] SP<br \/>\n[E-mail] n\u00e3o publicado a pedido<\/p>\n<p>[Vers\u00e3o] 4.8 IS SPORT 4X4 V8 32V GASOLINA 4P AUTOM\u00c1TICO<br \/>\n[Ano-modelo] 2005<br \/>\n[Combust\u00edvel] Gasolina<br \/>\n[Quilometragem atual] 30.000 km<br \/>\n[Tempo h\u00e1 que possui] De 3 a 5 anos<\/p>\n<p>[Grau de satisfa\u00e7\u00e3o com o carro] Muito satisfeito<br \/>\n[Grau de satisfa\u00e7\u00e3o com a rede de concession\u00e1rias] N\u00e3o utilizo<\/p>\n<p>[Estilo] 2<br \/>\n[Acabamento] 5<br \/>\n[Posi\u00e7\u00e3o de dirigir] 4<br \/>\n[Instrumentos] 5<br \/>\n[Itens de conveni\u00eancia] 4<br \/>\n[Espa\u00e7o interno] 5<br \/>\n[Capacidade de bagagem] 4<br \/>\n[Motor] 5<br \/>\n[Desempenho] 5<br \/>\n[Consumo] 3<br \/>\n[C\u00e2mbio] 4<br \/>\n[Freios] 4<br \/>\n[Suspens\u00e3o] 3<br \/>\n[Estabilidade] 5<br \/>\n[Seguran\u00e7a passiva] 5<br \/>\n[Custo-benef\u00edcio] 3<\/p>\n<p>[Principais aspectos positivos] \u00d3timo motor, consumo equivalente. N\u00e3o tem a mesma desenvoltura no off-road que uma Land Rover, mas no asfalto \u00e9 incompar\u00e1vel!<\/p>\n<p>[Principais aspectos negativos] n\u00e3o<\/p>\n<p>[Defeitos apresentados] n\u00e3o<\/p>\n<p>[Data de publica\u00e7\u00e3o] 24\/3\/12<\/p>\n<p>&nbsp;<\/p>\n","protected":false},"excerpt":{"rendered":"<p>Leia opini\u00f5es de propriet\u00e1rios e envie a sua<\/p>\n","protected":false},"author":6,"featured_media":0,"comment_status":"closed","ping_status":"closed","sticky":false,"template":"","format":"standard","meta":{"_joinchat":[],"footnotes":""},"categories":[1279],"tags":[62,1275,1274,720],"class_list":["post-2750","post","type-post","status-publish","format-standard","hentry","category-teste-do-leitor-bmw","tag-bmw","tag-opiniao-de-proprietarios","tag-teste-do-leitor","tag-x5"],"amp_enabled":true,"_links":{"self":[{"href":"https:\/\/autolivraria.com.br\/bc\/wp-json\/wp\/v2\/posts\/2750","targetHints":{"allow":["GET"]}}],"collection":[{"href":"https:\/\/autolivraria.com.br\/bc\/wp-json\/wp\/v2\/posts"}],"about":[{"href":"https:\/\/autolivraria.com.br\/bc\/wp-json\/wp\/v2\/types\/post"}],"author":[{"embeddable":true,"href":"https:\/\/autolivraria.com.br\/bc\/wp-json\/wp\/v2\/users\/6"}],"replies":[{"embeddable":true,"href":"https:\/\/autolivraria.com.br\/bc\/wp-json\/wp\/v2\/comments?post=2750"}],"version-history":[{"count":0,"href":"https:\/\/autolivraria.com.br\/bc\/wp-json\/wp\/v2\/posts\/2750\/revisions"}],"wp:attachment":[{"href":"https:\/\/autolivraria.com.br\/bc\/wp-json\/wp\/v2\/media?parent=2750"}],"wp:term":[{"taxonomy":"category","embeddable":true,"href":"https:\/\/autolivraria.com.br\/bc\/wp-json\/wp\/v2\/categories?post=2750"},{"taxonomy":"post_tag","embeddable":true,"href":"https:\/\/autolivraria.com.br\/bc\/wp-json\/wp\/v2\/tags?post=2750"}],"curies":[{"name":"wp","href":"https:\/\/api.w.org\/{rel}","templated":true}]}}