{"id":28200,"date":"2013-06-26T17:45:37","date_gmt":"2013-06-26T20:45:37","guid":{"rendered":"http:\/\/bestcars.uol.com.br\/bc\/?p=28200"},"modified":"2013-07-03T14:18:03","modified_gmt":"2013-07-03T17:18:03","slug":"citroen-reformula-grand-c4-picasso-com-visual-ousado","status":"publish","type":"post","link":"https:\/\/autolivraria.com.br\/bc\/informe-se\/noticias\/citroen-reformula-grand-c4-picasso-com-visual-ousado\/","title":{"rendered":"Citro\u00ebn reformula Grand C4 Picasso com visual ousado"},"content":{"rendered":"<p><a href=\"https:\/\/autolivraria.com.br\/bc\/wp-content\/uploads\/2013\/06\/Citroen-Grand-C4-Picasso-03.jpg\"><img fetchpriority=\"high\" decoding=\"async\" class=\"aligncenter size-medium wp-image-28204\" title=\"Citroen Grand C4 Picasso\" src=\"https:\/\/autolivraria.com.br\/bc\/wp-content\/uploads\/2013\/06\/Citroen-Grand-C4-Picasso-03-560x373.jpg\" alt=\"\" width=\"560\" height=\"373\" \/><\/a><\/p>\n<p>&nbsp;<\/p>\n<p>A Citro\u00ebn revela na Europa a Grand C4 Picasso de segunda gera\u00e7\u00e3o, que dessa vez veio depois da <a title=\"Citro\u00ebn C4 Picasso recebe visual da Technospace\" href=\"https:\/\/autolivraria.com.br\/bc\/informe-se\/noticias\/citroen-c4-picasso-recebe-visual-da-technospace\/\">vers\u00e3o curta C4 Picasso<\/a>. As duas continuam bem parecidas at\u00e9 as portas dianteiras, sendo que ap\u00f3s esse ponto a Grand tem linhas mais retas e maior comprimento para abrigar mais dois lugares em uma terceira fila. A frente difere, mas pouco, e as lanternas traseiras de desenho ousado v\u00eam montadas na quinta porta, como em alguns modelos da Audi. No interior, al\u00e9m das semelhan\u00e7as com a Picasso de cinco lugares, notam-se os monitores de v\u00eddeo nos encostos dianteiros para uso pelos passageiros da fila central. Uma tela de 12 pol no painel atua como quadro de instrumentos.<\/p>\n<p>&nbsp;<\/p>\n<div class='code-block code-block-7' style='margin: 28px auto; text-align: center; display: block; clear: both;'>\n<script async src=\"https:\/\/pagead2.googlesyndication.com\/pagead\/js\/adsbygoogle.js\"><\/script>\n<!-- AL-quadrado -->\n<ins class=\"adsbygoogle\"\n     style=\"display:block\"\n     data-ad-client=\"ca-pub-1914799802606213\"\n     data-ad-slot=\"5683066082\"\n     data-ad-format=\"auto\"\n     data-full-width-responsive=\"true\"><\/ins>\n<script>\n     (adsbygoogle = window.adsbygoogle || []).push({});\n<\/script><\/div>\n\n<p>&nbsp;<\/p>\n<p>Com o uso da nova plataforma EMP2 (Efficient Modular Platform 2), a Grand C4 Picasso ficou 100 kg mais leve que a primeira gera\u00e7\u00e3o. O comprimento de 4,59 metros foi mantido, mas o entre-eixos cresceu para importantes 2,84 m. A capacidade de bagagem aumentou para 645 litros, com cinco lugares em uso, e o espa\u00e7o na segunda e na terceira fila \u00e9 o maior de sua categoria, segundo a Citro\u00ebn. Entre as concorrentes est\u00e3o Ford C-Max, <a title=\"Zafira europeia faz de 0 a 100 em 8,9 s com diesel\" href=\"https:\/\/autolivraria.com.br\/bc\/informe-se\/noticias\/zafira-europeia-faz-de-0-a-100-em-89-s-com-diesel\/\">Opel Zafira<\/a>, <a title=\"Renault Sc\u00e9nic: vers\u00e3o \u201caventureira\u201d e motor 1,4 turbo\" href=\"https:\/\/autolivraria.com.br\/bc\/informe-se\/noticias\/renault-scenic-versao-aventureira-e-motor-14-turbo\/\">Renault Sc\u00e9nic<\/a> e Volkswagen Touran. Os motores dispon\u00edveis na Europa incluem unidades turbodiesel de 90, 115 e 150 cv, com c\u00e2mbio manual ou autom\u00e1tico, sempre de seis marchas.<\/p>\n<p>&nbsp;<\/p>\n\n<p><em>Texto: Fabr\u00edcio Samah\u00e1 &#8211; Fotos: divulga\u00e7\u00e3o<\/em><\/p>\n<p>&nbsp;<\/p>\n","protected":false},"excerpt":{"rendered":"<p>&nbsp; A Citro\u00ebn revela na Europa a Grand C4 Picasso de segunda gera\u00e7\u00e3o, que dessa vez veio depois da vers\u00e3o curta C4 Picasso. As duas continuam bem parecidas at\u00e9 as portas dianteiras, sendo que ap\u00f3s esse ponto a Grand tem linhas mais retas e maior comprimento para abrigar mais dois lugares em uma terceira fila.<\/p>\n","protected":false},"author":6,"featured_media":0,"comment_status":"open","ping_status":"closed","sticky":false,"template":"","format":"standard","meta":{"_joinchat":[],"footnotes":""},"categories":[8],"tags":[902,71,406,903,307,94],"class_list":["post-28200","post","type-post","status-publish","format-standard","hentry","category-noticias","tag-c4-picasso","tag-citroen","tag-franca","tag-grand-c4-picasso","tag-minivan","tag-noticias-2"],"amp_enabled":true,"_links":{"self":[{"href":"https:\/\/autolivraria.com.br\/bc\/wp-json\/wp\/v2\/posts\/28200","targetHints":{"allow":["GET"]}}],"collection":[{"href":"https:\/\/autolivraria.com.br\/bc\/wp-json\/wp\/v2\/posts"}],"about":[{"href":"https:\/\/autolivraria.com.br\/bc\/wp-json\/wp\/v2\/types\/post"}],"author":[{"embeddable":true,"href":"https:\/\/autolivraria.com.br\/bc\/wp-json\/wp\/v2\/users\/6"}],"replies":[{"embeddable":true,"href":"https:\/\/autolivraria.com.br\/bc\/wp-json\/wp\/v2\/comments?post=28200"}],"version-history":[{"count":0,"href":"https:\/\/autolivraria.com.br\/bc\/wp-json\/wp\/v2\/posts\/28200\/revisions"}],"wp:attachment":[{"href":"https:\/\/autolivraria.com.br\/bc\/wp-json\/wp\/v2\/media?parent=28200"}],"wp:term":[{"taxonomy":"category","embeddable":true,"href":"https:\/\/autolivraria.com.br\/bc\/wp-json\/wp\/v2\/categories?post=28200"},{"taxonomy":"post_tag","embeddable":true,"href":"https:\/\/autolivraria.com.br\/bc\/wp-json\/wp\/v2\/tags?post=28200"}],"curies":[{"name":"wp","href":"https:\/\/api.w.org\/{rel}","templated":true}]}}