{"id":28686,"date":"2013-07-05T15:51:55","date_gmt":"2013-07-05T18:51:55","guid":{"rendered":"http:\/\/bestcars.uol.com.br\/bc\/?p=28686"},"modified":"2013-07-17T18:33:17","modified_gmt":"2013-07-17T21:33:17","slug":"renovado-ford-fiesta-quer-o-topo-dos-sedas-pequenos","status":"publish","type":"post","link":"https:\/\/autolivraria.com.br\/bc\/informe-se\/avaliacao\/ford-avaliacao\/renovado-ford-fiesta-quer-o-topo-dos-sedas-pequenos\/","title":{"rendered":"Renovado, Ford Fiesta quer o topo dos sed\u00e3s pequenos"},"content":{"rendered":"<p><a href=\"https:\/\/autolivraria.com.br\/bc\/wp-content\/uploads\/2013\/07\/Ford-Fiesta-Sedan-08.jpg\"><img fetchpriority=\"high\" decoding=\"async\" class=\"aligncenter size-medium wp-image-28692\" title=\"Ford Fiesta Sedan\" src=\"https:\/\/autolivraria.com.br\/bc\/wp-content\/uploads\/2013\/07\/Ford-Fiesta-Sedan-08-560x373.jpg\" alt=\"\" width=\"560\" height=\"373\" srcset=\"https:\/\/autolivraria.com.br\/bc\/wp-content\/uploads\/2013\/07\/Ford-Fiesta-Sedan-08-560x373.jpg 560w, https:\/\/autolivraria.com.br\/bc\/wp-content\/uploads\/2013\/07\/Ford-Fiesta-Sedan-08-470x313.jpg 470w, https:\/\/autolivraria.com.br\/bc\/wp-content\/uploads\/2013\/07\/Ford-Fiesta-Sedan-08-270x179.jpg 270w, https:\/\/autolivraria.com.br\/bc\/wp-content\/uploads\/2013\/07\/Ford-Fiesta-Sedan-08.jpg 1280w\" sizes=\"(max-width: 560px) 100vw, 560px\" \/><\/a><\/p>\n<p>&nbsp;<\/p>\n<h2>Bom de dirigir, com c\u00e2mbio Powershift e desenho global,<br \/>\nmodelo mexicano tem no espa\u00e7o interno sua maior limita\u00e7\u00e3o<\/h2>\n<p><em>Texto: Fabr\u00edcio Samah\u00e1 &#8211; Fotos: divulga\u00e7\u00e3o<\/em><\/p>\n<p>&nbsp;<\/p>\n<p>A reformula\u00e7\u00e3o da linha Ford Fiesta, que come\u00e7ou em abril com o <a title=\"Fiesta, agora nacional, supre uma car\u00eancia na linha Ford\" href=\"https:\/\/autolivraria.com.br\/bc\/informe-se\/avaliacao\/ford-avaliacao\/teste-novo-fiesta-2014-agora-nacional-supre-uma-carencia-na-linha-ford\/\">hatchback<\/a>, prossegue agora com o Sedan. Ele, ao contr\u00e1rio do cinco-portas, continua a ser importado do M\u00e9xico porque, segundo a Ford, o pequeno volume de vendas n\u00e3o justifica a nacionaliza\u00e7\u00e3o. A empresa quer posicion\u00e1-lo na faixa superior dos sed\u00e3s pequenos em termos de conte\u00fado e pre\u00e7o, mas n\u00e3o em espa\u00e7o interno. Chevrolet Sonic, Honda City, Hyundai HB20 S, Fiat Grand Siena e Linea e Volkswagen Polo est\u00e3o entre os competidores.<\/p>\n<p>Ao lado da reestiliza\u00e7\u00e3o, o Fiesta Sedan traz outras novidades que o hatch recebeu, como um motor de 1,6 litro aprimorado (n\u00e3o h\u00e1 op\u00e7\u00e3o para ele do 1,5) e a oferta do c\u00e2mbio automatizado Powershift de <a href=\"https:\/\/autolivraria.com.br\/bc\/glossario-e\/#embr\">dupla embreagem<\/a> e seis marchas. Tamb\u00e9m \u00e9 in\u00e9dita a vers\u00e3o Titanium, que acrescenta itens de conforto n\u00e3o oferecidos no antigo acabamento SE.<\/p>\n<p>O sed\u00e3 SE tem pre\u00e7os sugeridos de R$ 50 mil com c\u00e2mbio manual e R$ 53.640 com o Powershift. Seus equipamentos de s\u00e9rie abrangem <a href=\"https:\/\/autolivraria.com.br\/bc\/glossario-c\/#esp\">controle eletr\u00f4nico de estabilidade<\/a> e tra\u00e7\u00e3o, bolsas infl\u00e1veis frontais, freios com sistema antitravamento (ABS) e\u00a0<a href=\"https:\/\/autolivraria.com.br\/bc\/glossario-d\/#ebd\">distribui\u00e7\u00e3o eletr\u00f4nica de for\u00e7a entre os eixos (EBD)<\/a>, fixa\u00e7\u00e3o\u00a0<a href=\"https:\/\/autolivraria.com.br\/bc\/glossario-i\/#isof\">Isofix<\/a>\u00a0para cadeiras infantis, far\u00f3is de neblina, rodas de alum\u00ednio de 15 pol, dire\u00e7\u00e3o com assist\u00eancia el\u00e9trica, controle el\u00e9trico dos vidros com fechamento a dist\u00e2ncia, travas e retrovisores com comando el\u00e9trico,\u00a0alarme com ultrassom, assistente de partida em rampa, ar-condicionado autom\u00e1tico, r\u00e1dio\/toca-CDs com MP3 e interface <a href=\"https:\/\/autolivraria.com.br\/bc\/glossario-b\/#blue\">Bluetooth<\/a> para telefone celular, sistema Sync com comandos de voz em portugu\u00eas e volante ajust\u00e1vel em altura e dist\u00e2ncia.<\/p>\n<p>&nbsp;<\/p>\n<div class='one_third'>\n\t\t\t\t\t<a href=\"https:\/\/autolivraria.com.br\/bc\/wp-content\/uploads\/2013\/07\/Ford-Fiesta-Sedan-19.jpg\"><img decoding=\"async\" class=\"aligncenter size-thumbnail wp-image-28693 lazyload\" title=\"Ford Fiesta Sedan\" data-src=\"https:\/\/autolivraria.com.br\/bc\/wp-content\/uploads\/2013\/07\/Ford-Fiesta-Sedan-19-168x168.jpg\" alt=\"\" width=\"168\" height=\"168\" data-srcset=\"https:\/\/autolivraria.com.br\/bc\/wp-content\/uploads\/2013\/07\/Ford-Fiesta-Sedan-19-168x168.jpg 168w, https:\/\/autolivraria.com.br\/bc\/wp-content\/uploads\/2013\/07\/Ford-Fiesta-Sedan-19-100x100.jpg 100w\" data-sizes=\"(max-width: 168px) 100vw, 168px\" src=\"data:image\/svg+xml;base64,PHN2ZyB3aWR0aD0iMSIgaGVpZ2h0PSIxIiB4bWxucz0iaHR0cDovL3d3dy53My5vcmcvMjAwMC9zdmciPjwvc3ZnPg==\" style=\"--smush-placeholder-width: 168px; --smush-placeholder-aspect-ratio: 168\/168;\" \/><\/a>\n\t\t\t\t<\/div>\n<div class='one_third'>\n\t\t\t\t\t<a href=\"https:\/\/autolivraria.com.br\/bc\/wp-content\/uploads\/2013\/07\/Ford-Fiesta-Sedan-20.jpg\"><img decoding=\"async\" class=\"aligncenter size-thumbnail wp-image-28694 lazyload\" title=\"Ford Fiesta Sedan\" data-src=\"https:\/\/autolivraria.com.br\/bc\/wp-content\/uploads\/2013\/07\/Ford-Fiesta-Sedan-20-168x168.jpg\" alt=\"\" width=\"168\" height=\"168\" data-srcset=\"https:\/\/autolivraria.com.br\/bc\/wp-content\/uploads\/2013\/07\/Ford-Fiesta-Sedan-20-168x168.jpg 168w, https:\/\/autolivraria.com.br\/bc\/wp-content\/uploads\/2013\/07\/Ford-Fiesta-Sedan-20-100x100.jpg 100w\" data-sizes=\"(max-width: 168px) 100vw, 168px\" src=\"data:image\/svg+xml;base64,PHN2ZyB3aWR0aD0iMSIgaGVpZ2h0PSIxIiB4bWxucz0iaHR0cDovL3d3dy53My5vcmcvMjAwMC9zdmciPjwvc3ZnPg==\" style=\"--smush-placeholder-width: 168px; --smush-placeholder-aspect-ratio: 168\/168;\" \/><\/a>\n\t\t\t\t<\/div>\n<div class='one_third last'>\n\t\t\t\t\t<a href=\"https:\/\/autolivraria.com.br\/bc\/wp-content\/uploads\/2013\/07\/Ford-Fiesta-Sedan-15.jpg\"><img decoding=\"async\" class=\"aligncenter size-thumbnail wp-image-28695 lazyload\" title=\"Ford Fiesta Sedan\" data-src=\"https:\/\/autolivraria.com.br\/bc\/wp-content\/uploads\/2013\/07\/Ford-Fiesta-Sedan-15-168x168.jpg\" alt=\"\" width=\"168\" height=\"168\" data-srcset=\"https:\/\/autolivraria.com.br\/bc\/wp-content\/uploads\/2013\/07\/Ford-Fiesta-Sedan-15-168x168.jpg 168w, https:\/\/autolivraria.com.br\/bc\/wp-content\/uploads\/2013\/07\/Ford-Fiesta-Sedan-15-100x100.jpg 100w\" data-sizes=\"(max-width: 168px) 100vw, 168px\" src=\"data:image\/svg+xml;base64,PHN2ZyB3aWR0aD0iMSIgaGVpZ2h0PSIxIiB4bWxucz0iaHR0cDovL3d3dy53My5vcmcvMjAwMC9zdmciPjwvc3ZnPg==\" style=\"--smush-placeholder-width: 168px; --smush-placeholder-aspect-ratio: 168\/168;\" \/><\/a>\n\t\t\t\t<\/div><div class='clear'><\/div>\n<p style=\"text-align: center;\"><em>\u00a0<\/em><br \/>\n<em>A frente agora \u00e9 a mesma do novo hatch; na traseira, as lanternas alongadas fazem o<\/em><br \/>\n<em>carro parecer mais largo; rodas de 16 pol com pneus brasileiros s\u00e3o padr\u00e3o no Titanium<\/em><\/p>\n<p>&nbsp;<\/p>\n<p>O Titanium, que custa R$ 55.340 com c\u00e2mbio manual e R$ 59 mil com o Powershift, acrescenta cinco bolsas infl\u00e1veis (laterais nos bancos dianteiros, cortinas laterais e bolsas para os joelhos do motorista), rodas de alum\u00ednio de 16 pol, revestimento em couro para bancos e volante,\u00a0<a href=\"https:\/\/autolivraria.com.br\/bc\/glossario-c\/#cont\">controlador de velocidade<\/a>, far\u00f3is e limpador de para-brisa com acionamento autom\u00e1tico,\u00a0<a href=\"https:\/\/autolivraria.com.br\/bc\/glossario-s\/#esta\">sensores de estacionamento<\/a>\u00a0na traseira\u00a0e retrovisor interno\u00a0<a href=\"https:\/\/autolivraria.com.br\/bc\/glossario-r\/#retr\">fotocr\u00f4mico<\/a>, al\u00e9m de grade dianteira cromada e painel com se\u00e7\u00f5es em preto brilhante. A garantia \u00e9 de tr\u00eas anos.<\/p>\n<p>&nbsp;<\/p>\n<blockquote><p>O c\u00e2mbio Powershift mostra grandes atributos e substitui bem os autom\u00e1ticos tradicionais, com vantagens em peso, complexidade e efici\u00eancia<\/p><\/blockquote>\n<p>&nbsp;<\/p>\n<p>Em seu modelo 2014, o Sedan foi al\u00e9m das modifica\u00e7\u00f5es visuais aplicadas ao hatch: a traseira ganhou nova tampa do porta-malas, o que permitiu alterar essa se\u00e7\u00e3o das lanternas, deixando-as mais alongadas, com a sensa\u00e7\u00e3o visual de que o carro \u00e9 mais largo. Um friso cromado no novo para-choque liga os elementos refletivos. Apesar da mudan\u00e7a, os para-lamas s\u00e3o os mesmos do anterior. Na frente, agora id\u00eantica \u00e0 do hatch (antes as grades eram diferentes), os far\u00f3is de neblina ocupam o espa\u00e7o que antes abrigava luzes diurnas de <a href=\"https:\/\/autolivraria.com.br\/bc\/glossario-l\/#led\">leds<\/a> na vers\u00e3o de topo. O <a href=\"https:\/\/autolivraria.com.br\/bc\/glossario-c\/#cx\">coeficiente aerodin\u00e2mico (Cx)<\/a>\u00a00,323 \u00e9 dos melhores da classe e pouco mais favor\u00e1vel que o do hatch (0,33).<\/p>\n<p>Embora as novas lanternas traseiras tenham ampla \u00e1rea incolor, mant\u00eam o padr\u00e3o norte-americano de luzes de dire\u00e7\u00e3o, o que o <strong>Best Cars<\/strong> lamenta. S\u00e3o vermelhas e usam as mesmas l\u00e2mpadas das luzes de freio, de modo que apenas a terceira luz de frenagem indica se o carro est\u00e1 freado caso o pisca-alerta esteja acionado (comum, por exemplo, em paradas repentinas no tr\u00e1fego rodovi\u00e1rio). As normas brasileiras exigem luzes de dire\u00e7\u00e3o em tom \u00e2mbar, mas permitem que carros sejam importados em conformidade com a legisla\u00e7\u00e3o do pa\u00eds de origem, o que a Ford n\u00e3o \u00e9 a \u00fanica a fazer. A empresa alega que n\u00e3o existem prontas lanternas com o padr\u00e3o nacional (ao contr\u00e1rio do hatch, que existe na Europa) e que seria invi\u00e1vel desenvolv\u00ea-las para o volume de vendas do sed\u00e3.<\/p>\n<p>&nbsp;<\/p>\n<p><a href=\"https:\/\/autolivraria.com.br\/bc\/wp-content\/uploads\/2013\/07\/Ford-Fiesta-Sedan-111.jpg\"><img decoding=\"async\" class=\"aligncenter size-medium wp-image-28696 lazyload\" title=\"Ford Fiesta Sedan\" data-src=\"https:\/\/autolivraria.com.br\/bc\/wp-content\/uploads\/2013\/07\/Ford-Fiesta-Sedan-111-560x373.jpg\" alt=\"\" width=\"560\" height=\"373\" data-srcset=\"https:\/\/autolivraria.com.br\/bc\/wp-content\/uploads\/2013\/07\/Ford-Fiesta-Sedan-111-560x373.jpg 560w, https:\/\/autolivraria.com.br\/bc\/wp-content\/uploads\/2013\/07\/Ford-Fiesta-Sedan-111-470x313.jpg 470w, https:\/\/autolivraria.com.br\/bc\/wp-content\/uploads\/2013\/07\/Ford-Fiesta-Sedan-111-270x179.jpg 270w, https:\/\/autolivraria.com.br\/bc\/wp-content\/uploads\/2013\/07\/Ford-Fiesta-Sedan-111.jpg 1280w\" data-sizes=\"(max-width: 560px) 100vw, 560px\" src=\"data:image\/svg+xml;base64,PHN2ZyB3aWR0aD0iMSIgaGVpZ2h0PSIxIiB4bWxucz0iaHR0cDovL3d3dy53My5vcmcvMjAwMC9zdmciPjwvc3ZnPg==\" style=\"--smush-placeholder-width: 560px; --smush-placeholder-aspect-ratio: 560\/373;\" \/><\/a><\/p>\n<p style=\"text-align: center;\"><em>\u00a0<\/em><br \/>\n<em>Parece, mas n\u00e3o \u00e9: painel, portas e volante s\u00e3o diferentes do hatch para o sed\u00e3; o<\/em><br \/>\n<em>Titanium traz conte\u00fados in\u00e9ditos no modelo; sistema Sync equipa tamb\u00e9m o SE<\/em><\/p>\n<p>&nbsp;<\/p>\n<p>Embora pare\u00e7a igual ao primeiro olhar, o interior mostra diversas diferen\u00e7as para o do hatch, que resultam das origens agora distintas entre os dois Fiestas: o painel conserva a cobertura em pl\u00e1stico emborrachado que o modelo nacional perdeu, os pain\u00e9is de porta e o volante s\u00e3o outros, a tampa do porta-luvas vem mais baixa e alguns comandos mudam de lugar, como a chave de far\u00f3is. \u00c0 exce\u00e7\u00e3o do painel, o acabamento usa pl\u00e1sticos r\u00edgidos e \u2014 mesmo atenuado pelos bancos revestidos de couro do Titanium, o \u00fanico que pudemos ver no lan\u00e7amento \u2014 seu aspecto \u00e9 simples demais para a faixa de pre\u00e7o e a proposta do carro.<\/p>\n<p>O motorista encontra boa posi\u00e7\u00e3o, mediante os v\u00e1rios ajustes, mas permanece o inc\u00f4modo da regulagem do encosto apertada junto \u00e0 coluna central. Destaque \u00e9 o sistema Sync, que permite o uso do telefone via Bluetooth para efetuar chamadas, pronunciar mensagens de texto ou tocar m\u00fasicas. Contudo, nessa faixa de pre\u00e7o seria oportuno oferecer um navegador integrado. Nova \u00e9 a chave program\u00e1vel My Key, que admite restringir velocidade e volume do sistema de \u00e1udio quando se empresta o carro. Entre os instrumentos agora h\u00e1 term\u00f4metro do motor.<\/p>\n<p>No banco traseiro valem men\u00e7\u00f5es positivas ao encosto bipartido (que o hatch n\u00e3o tem, incompreens\u00edvel) e \u00e0 presen\u00e7a de encosto de cabe\u00e7a e cinto de tr\u00eas pontos para todos os ocupantes (o cinco-portas perdeu os do passageiro central na nacionaliza\u00e7\u00e3o), mas o espa\u00e7o lateral e para pernas \u00e9 cr\u00edtico e continua um obst\u00e1culo ao \u00eaxito do sed\u00e3, j\u00e1 que se espera encontrar melhor acomoda\u00e7\u00e3o em um carro desse formato. O porta-malas, que teve pequeno aumento da capacidade informada (passou de 440 para 465 litros), \u00e9 apenas adequado e leva um estepe tempor\u00e1rio.<\/p>\n<p>&nbsp;<\/p>\n<div class='one_third'>\n\t\t\t\t\t<a href=\"https:\/\/autolivraria.com.br\/bc\/wp-content\/uploads\/2013\/07\/Ford-Fiesta-Sedan-101.jpg\"><img decoding=\"async\" class=\"aligncenter size-thumbnail wp-image-28697 lazyload\" title=\"Ford Fiesta Sedan\" data-src=\"https:\/\/autolivraria.com.br\/bc\/wp-content\/uploads\/2013\/07\/Ford-Fiesta-Sedan-101-168x168.jpg\" alt=\"\" width=\"168\" height=\"168\" data-srcset=\"https:\/\/autolivraria.com.br\/bc\/wp-content\/uploads\/2013\/07\/Ford-Fiesta-Sedan-101-168x168.jpg 168w, https:\/\/autolivraria.com.br\/bc\/wp-content\/uploads\/2013\/07\/Ford-Fiesta-Sedan-101-100x100.jpg 100w\" data-sizes=\"(max-width: 168px) 100vw, 168px\" src=\"data:image\/svg+xml;base64,PHN2ZyB3aWR0aD0iMSIgaGVpZ2h0PSIxIiB4bWxucz0iaHR0cDovL3d3dy53My5vcmcvMjAwMC9zdmciPjwvc3ZnPg==\" style=\"--smush-placeholder-width: 168px; --smush-placeholder-aspect-ratio: 168\/168;\" \/><\/a>\n\t\t\t\t<\/div>\n<div class='one_third'>\n\t\t\t\t\t<a href=\"https:\/\/autolivraria.com.br\/bc\/wp-content\/uploads\/2013\/07\/Ford-Fiesta-Sedan-131.jpg\"><img decoding=\"async\" class=\"aligncenter size-thumbnail wp-image-28698 lazyload\" title=\"Ford Fiesta Sedan\" data-src=\"https:\/\/autolivraria.com.br\/bc\/wp-content\/uploads\/2013\/07\/Ford-Fiesta-Sedan-131-168x168.jpg\" alt=\"\" width=\"168\" height=\"168\" data-srcset=\"https:\/\/autolivraria.com.br\/bc\/wp-content\/uploads\/2013\/07\/Ford-Fiesta-Sedan-131-168x168.jpg 168w, https:\/\/autolivraria.com.br\/bc\/wp-content\/uploads\/2013\/07\/Ford-Fiesta-Sedan-131-100x100.jpg 100w\" data-sizes=\"(max-width: 168px) 100vw, 168px\" src=\"data:image\/svg+xml;base64,PHN2ZyB3aWR0aD0iMSIgaGVpZ2h0PSIxIiB4bWxucz0iaHR0cDovL3d3dy53My5vcmcvMjAwMC9zdmciPjwvc3ZnPg==\" style=\"--smush-placeholder-width: 168px; --smush-placeholder-aspect-ratio: 168\/168;\" \/><\/a>\n\t\t\t\t<\/div>\n<div class='one_third last'>\n\t\t\t\t\t<a href=\"https:\/\/autolivraria.com.br\/bc\/wp-content\/uploads\/2013\/07\/Ford-Fiesta-Sedan-121.jpg\"><img decoding=\"async\" class=\"aligncenter size-thumbnail wp-image-28699 lazyload\" title=\"Ford Fiesta Sedan\" data-src=\"https:\/\/autolivraria.com.br\/bc\/wp-content\/uploads\/2013\/07\/Ford-Fiesta-Sedan-121-168x168.jpg\" alt=\"\" width=\"168\" height=\"168\" data-srcset=\"https:\/\/autolivraria.com.br\/bc\/wp-content\/uploads\/2013\/07\/Ford-Fiesta-Sedan-121-168x168.jpg 168w, https:\/\/autolivraria.com.br\/bc\/wp-content\/uploads\/2013\/07\/Ford-Fiesta-Sedan-121-100x100.jpg 100w\" data-sizes=\"(max-width: 168px) 100vw, 168px\" src=\"data:image\/svg+xml;base64,PHN2ZyB3aWR0aD0iMSIgaGVpZ2h0PSIxIiB4bWxucz0iaHR0cDovL3d3dy53My5vcmcvMjAwMC9zdmciPjwvc3ZnPg==\" style=\"--smush-placeholder-width: 168px; --smush-placeholder-aspect-ratio: 168\/168;\" \/><\/a>\n\t\t\t\t<\/div><div class='clear'><\/div>\n<p style=\"text-align: center;\"><em>\u00a0<\/em><br \/>\n<em>Bancos dianteiros e ajustes de volante trazem conforto, mas atr\u00e1s o espa\u00e7o \u00e9 dos<\/em><br \/>\n<em>menores da categoria; painel de instrumentos ganhou term\u00f4metro do motor\u00a0<\/em><\/p>\n<p>&nbsp;<\/p>\n<h3>Mais pot\u00eancia e c\u00e2mbio automatizado<\/h3>\n<p>O motor Sigma do Fiesta Sedan, fabricado em Taubat\u00e9, SP, passa a ter\u00a0<a href=\"https:\/\/autolivraria.com.br\/bc\/glossario-v\/#vari\">varia\u00e7\u00e3o do tempo de abertura das v\u00e1lvulas<\/a>\u00a0de admiss\u00e3o e de escapamento e sistema de partida a frio sem inje\u00e7\u00e3o de gasolina, chamado de Easy Start. Ele usa aquecedores na linha de combust\u00edvel, ativados assim que se abre a porta do carro, caso a temperatura ambiente esteja abaixo de 20\u00b0C e o tanque contenha apenas \u00e1lcool. Em compara\u00e7\u00e3o ao sed\u00e3 anterior, a pot\u00eancia subiu de 110\/115 cv para 125\/130 cv (gasolina e \u00e1lcool, na ordem), mas houve ligeira perda em torque, de 15,8\/16,2 m.kgf para 15,4\/16 m.kgf.<\/p>\n<p>Assim como a varia\u00e7\u00e3o de v\u00e1lvulas, o c\u00e2mbio Powershift j\u00e1 equipava o Fiesta produzido no M\u00e9xico na vers\u00e3o anterior. Por que n\u00e3o veio antes ao Brasil? De acordo com a Ford, sua calibra\u00e7\u00e3o eletr\u00f4nica precisou de alguma matura\u00e7\u00e3o adicional para atender ao modo de dirigir t\u00edpico dos brasileiros, mais agressivo e com maior exig\u00eancia de respostas r\u00e1pidas que os de europeus e norte-americanos. Como no hatch, a opera\u00e7\u00e3o manual \u00e9 feita por um bot\u00e3o na lateral da alavanca e existe op\u00e7\u00e3o pelo modo autom\u00e1tico esportivo de uso (posi\u00e7\u00e3o S). A caixa n\u00e3o tem manuten\u00e7\u00e3o prevista at\u00e9 240 mil quil\u00f4metros. No restante, o Fiesta permanece o que j\u00e1 conhec\u00edamos, salvo por detalhes como a ado\u00e7\u00e3o de pneus Pirelli P7 nacionais em lugar dos chineses da Kumho.<\/p>\n<p>&nbsp;<\/p>\n<div class='code-block code-block-7' style='margin: 28px auto; text-align: center; display: block; clear: both;'>\n<script async src=\"https:\/\/pagead2.googlesyndication.com\/pagead\/js\/adsbygoogle.js\"><\/script>\n<!-- AL-quadrado -->\n<ins class=\"adsbygoogle\"\n     style=\"display:block\"\n     data-ad-client=\"ca-pub-1914799802606213\"\n     data-ad-slot=\"5683066082\"\n     data-ad-format=\"auto\"\n     data-full-width-responsive=\"true\"><\/ins>\n<script>\n     (adsbygoogle = window.adsbygoogle || []).push({});\n<\/script><\/div>\n\n<p>&nbsp;<\/p>\n<p>A avalia\u00e7\u00e3o pela imprensa deu-se em um breve percurso na Serra da Mantiqueira, na regi\u00e3o de Campos do Jord\u00e3o, SP, com 50 km ao volante e outros tantos como passageiro. Ali o Fiesta Sedan Titanium com caixa manual mostrou qualidades bem conhecidas da vers\u00e3o anterior, como o acerto primoroso de dire\u00e7\u00e3o e comando de c\u00e2mbio (al\u00e9m do f\u00e1cil engate da marcha \u00e0 r\u00e9), a grande estabilidade e o isolamento de ru\u00eddos e vibra\u00e7\u00f5es acima da m\u00e9dia da categoria.<\/p>\n<p>O desempenho n\u00e3o convence para um carro de 130 cv e 1,2 tonelada, mas \u00e9 preciso considerar que havia tr\u00eas adultos a bordo e que a regi\u00e3o tem altitude na faixa de 1.500 metros, o que reduz a pot\u00eancia de qualquer motor de <a href=\"https:\/\/autolivraria.com.br\/bc\/glossario-a\/#aspi\">aspira\u00e7\u00e3o natural<\/a>\u00a0em 15% em rela\u00e7\u00e3o ao n\u00edvel do mar. Apesar das boas respostas a partir de 2.000 rpm, em conson\u00e2ncia com a curva de torque apresentada pela Ford, levar o motor a altas rota\u00e7\u00f5es deixa o desejo de um empurr\u00e3o que n\u00e3o acontece.<\/p>\n<p>&nbsp;<\/p>\n<div class='one_third'>\n\t\t\t\t\t<a href=\"https:\/\/autolivraria.com.br\/bc\/wp-content\/uploads\/2013\/07\/Ford-Fiesta-Sedan-06.jpg\"><img decoding=\"async\" class=\"aligncenter size-thumbnail wp-image-28700 lazyload\" title=\"Ford Fiesta Sedan\" data-src=\"https:\/\/autolivraria.com.br\/bc\/wp-content\/uploads\/2013\/07\/Ford-Fiesta-Sedan-06-168x168.jpg\" alt=\"\" width=\"168\" height=\"168\" data-srcset=\"https:\/\/autolivraria.com.br\/bc\/wp-content\/uploads\/2013\/07\/Ford-Fiesta-Sedan-06-168x168.jpg 168w, https:\/\/autolivraria.com.br\/bc\/wp-content\/uploads\/2013\/07\/Ford-Fiesta-Sedan-06-100x100.jpg 100w\" data-sizes=\"(max-width: 168px) 100vw, 168px\" src=\"data:image\/svg+xml;base64,PHN2ZyB3aWR0aD0iMSIgaGVpZ2h0PSIxIiB4bWxucz0iaHR0cDovL3d3dy53My5vcmcvMjAwMC9zdmciPjwvc3ZnPg==\" style=\"--smush-placeholder-width: 168px; --smush-placeholder-aspect-ratio: 168\/168;\" \/><\/a>\n\t\t\t\t<\/div>\n<div class='one_third'>\n\t\t\t\t\t<a href=\"https:\/\/autolivraria.com.br\/bc\/wp-content\/uploads\/2013\/07\/Ford-Fiesta-Sedan-07.jpg\"><img decoding=\"async\" class=\"aligncenter size-thumbnail wp-image-28701 lazyload\" title=\"Ford Fiesta Sedan\" data-src=\"https:\/\/autolivraria.com.br\/bc\/wp-content\/uploads\/2013\/07\/Ford-Fiesta-Sedan-07-168x168.jpg\" alt=\"\" width=\"168\" height=\"168\" data-srcset=\"https:\/\/autolivraria.com.br\/bc\/wp-content\/uploads\/2013\/07\/Ford-Fiesta-Sedan-07-168x168.jpg 168w, https:\/\/autolivraria.com.br\/bc\/wp-content\/uploads\/2013\/07\/Ford-Fiesta-Sedan-07-100x100.jpg 100w\" data-sizes=\"(max-width: 168px) 100vw, 168px\" src=\"data:image\/svg+xml;base64,PHN2ZyB3aWR0aD0iMSIgaGVpZ2h0PSIxIiB4bWxucz0iaHR0cDovL3d3dy53My5vcmcvMjAwMC9zdmciPjwvc3ZnPg==\" style=\"--smush-placeholder-width: 168px; --smush-placeholder-aspect-ratio: 168\/168;\" \/><\/a>\n\t\t\t\t<\/div>\n<div class='one_third last'>\n\t\t\t\t\t<a href=\"https:\/\/autolivraria.com.br\/bc\/wp-content\/uploads\/2013\/07\/Ford-Fiesta-Sedan-141.jpg\"><img decoding=\"async\" class=\"aligncenter size-thumbnail wp-image-28702 lazyload\" title=\"Ford Fiesta Sedan\" data-src=\"https:\/\/autolivraria.com.br\/bc\/wp-content\/uploads\/2013\/07\/Ford-Fiesta-Sedan-141-168x168.jpg\" alt=\"\" width=\"168\" height=\"168\" data-srcset=\"https:\/\/autolivraria.com.br\/bc\/wp-content\/uploads\/2013\/07\/Ford-Fiesta-Sedan-141-168x168.jpg 168w, https:\/\/autolivraria.com.br\/bc\/wp-content\/uploads\/2013\/07\/Ford-Fiesta-Sedan-141-100x100.jpg 100w\" data-sizes=\"(max-width: 168px) 100vw, 168px\" src=\"data:image\/svg+xml;base64,PHN2ZyB3aWR0aD0iMSIgaGVpZ2h0PSIxIiB4bWxucz0iaHR0cDovL3d3dy53My5vcmcvMjAwMC9zdmciPjwvc3ZnPg==\" style=\"--smush-placeholder-width: 168px; --smush-placeholder-aspect-ratio: 168\/168;\" \/><\/a>\n\t\t\t\t<\/div><div class='clear'><\/div>\n<p style=\"text-align: center;\"><em>\u00a0<\/em><br \/>\n<em>Estabilidade e o acerto de c\u00e2mbio manual e dire\u00e7\u00e3o s\u00e3o pontos altos do Fiesta, cujo<\/em><br \/>\n<em> motor\u00a0n\u00e3o parece ter 130 cv; a caixa Powershift mostrou excel\u00eancia em calibra\u00e7\u00e3o<\/em><\/p>\n<p>&nbsp;<\/p>\n<p>N\u00e3o foi poss\u00edvel dirigir a vers\u00e3o Powershift, mas experi\u00eancia com o hatch de mesmo motor mostrou grandes atributos nessa caixa, que substitui muito bem as autom\u00e1ticas tradicionais com vantagens em peso, complexidade e efici\u00eancia. Sua calibra\u00e7\u00e3o est\u00e1 bem acertada: ao descer r\u00e1pido a serra em modo esportivo, por exemplo, as rota\u00e7\u00f5es s\u00e3o mantidas elevadas \u2014 mais de 4.000 rpm \u2014 quando se passa logo do acelerador para o freio, de modo a acentuar o freio-motor. Redu\u00e7\u00f5es autom\u00e1ticas dependem da velocidade com que se abre o acelerador: se o movimento for gradual, consegue-se acelerar at\u00e9 o fim do curso em baixa rota\u00e7\u00e3o para menor consumo (<a href=\"https:\/\/autolivraria.com.br\/bc\/glossario-m\/#meto\">m\u00e9todo carga<\/a>).<\/p>\n<p>O que n\u00e3o agrada ao volante do sed\u00e3 mexicano? Um ponto \u00e9 a perda de qualidade de rodagem em rela\u00e7\u00e3o aos pneus da vers\u00e3o anterior: os P7, muito duros, transmitem mais as irregularidades que os Kumhos e deixam claro que se usa perfil bem baixo (195\/50 R 16). Se n\u00e3o vai abrir m\u00e3o do visual das rodas grandes, que o nem sempre s\u00e1bio mercado brasileiro aprecia, a Ford ao menos poderia trocar de fornecedor de pneus. Outras falhas, tamb\u00e9m de f\u00e1cil corre\u00e7\u00e3o, s\u00e3o a falta de faixa degrad\u00ea no para-brisa e o retrovisor esquerdo plano, de campo visual muito limitado \u2014 os <a href=\"https:\/\/autolivraria.com.br\/bc\/glossario-b\/#bico\">biconvexos<\/a> do EcoSport seriam perfeitos.<\/p>\n<p>Ciente de que oferece um carro de espa\u00e7o interno modesto, a Ford n\u00e3o almeja concorrer com os sed\u00e3s pequenos &#8220;crescidos&#8221; e mais vendidos do mercado: sua inten\u00e7\u00e3o \u00e9 apenas manter o volume do Fiesta anterior, j\u00e1 que existem cotas para a quantidade importada do M\u00e9xico sem tributos adicionais. Resta saber se h\u00e1 muitos interessados em um autom\u00f3vel de seu porte com pre\u00e7o um tanto pr\u00f3ximo aos de modelos m\u00e9dio-grandes de 2,0 litros como Peugeot 408, Renault Fluence e o Focus da pr\u00f3pria Ford.<\/p>\n<p>&nbsp;<\/p>\n<div class='et-box et-shadow'>\n\t\t\t\t\t<div class='et-box-content'><h2>Ficha t\u00e9cnica (Titanium)<\/h2>\n<table id=\"table61\" style=\"width: 100%;\" border=\"0\" cellspacing=\"0\" cellpadding=\"3\">\n<tbody>\n<tr>\n<td colspan=\"2\" valign=\"top\" bgcolor=\"#FFFFFF\" width=\"50%\">Motor<\/td>\n<\/tr>\n<tr>\n<td valign=\"top\" width=\"50%\">Posi\u00e7\u00e3o<\/td>\n<td valign=\"top\" width=\"50%\">transversal<\/td>\n<\/tr>\n<tr>\n<td valign=\"top\" width=\"50%\">Cilindros<\/td>\n<td valign=\"top\" width=\"50%\">4 em linha<\/td>\n<\/tr>\n<tr>\n<td valign=\"top\" width=\"50%\">Comando de v\u00e1lvulas<\/td>\n<td valign=\"top\" width=\"50%\">duplo no cabe\u00e7ote<\/td>\n<\/tr>\n<tr>\n<td valign=\"top\" width=\"50%\">V\u00e1lvulas por cilindro<\/td>\n<td valign=\"top\" width=\"50%\">4, varia\u00e7\u00e3o de tempo<\/td>\n<\/tr>\n<tr>\n<td valign=\"top\" width=\"50%\">Di\u00e2metro e curso<\/td>\n<td valign=\"top\" width=\"50%\">79 x 81,4 mm<\/td>\n<\/tr>\n<tr>\n<td valign=\"top\" width=\"50%\">Cilindrada<\/td>\n<td valign=\"top\" width=\"50%\">1.597 cm\u00b3<\/td>\n<\/tr>\n<tr>\n<td valign=\"top\" width=\"50%\">Taxa de compress\u00e3o<\/td>\n<td valign=\"top\" width=\"50%\">12:1<\/td>\n<\/tr>\n<tr>\n<td valign=\"top\" width=\"50%\">Alimenta\u00e7\u00e3o<\/td>\n<td valign=\"top\" width=\"50%\">inje\u00e7\u00e3o multiponto sequencial<\/td>\n<\/tr>\n<tr>\n<td valign=\"top\" width=\"50%\">Pot\u00eancia m\u00e1xima (gas.\/\u00e1lc.)<\/td>\n<td valign=\"top\" width=\"50%\">125\/130 cv a 6.500 rpm<\/td>\n<\/tr>\n<tr>\n<td valign=\"top\" width=\"50%\">Torque m\u00e1ximo (gas.\/\u00e1lc.)<\/td>\n<td valign=\"top\" width=\"50%\">15,4 m.kgf a 4.250 rpm \/ 16 m.kgf a 5.000 rpm<\/td>\n<\/tr>\n<tr>\n<td colspan=\"2\" valign=\"top\" bgcolor=\"#FFFFFF\" width=\"50%\">Transmiss\u00e3o<\/td>\n<\/tr>\n<tr>\n<td valign=\"top\" width=\"50%\">Tipo de c\u00e2mbio e marchas<\/td>\n<td valign=\"top\" width=\"50%\">manual \/ 5<\/td>\n<\/tr>\n<tr>\n<td valign=\"top\" width=\"50%\">Tra\u00e7\u00e3o<\/td>\n<td valign=\"top\" width=\"50%\">dianteira<\/td>\n<\/tr>\n<tr>\n<td colspan=\"2\" valign=\"top\" bgcolor=\"#FFFFFF\" width=\"50%\">Freios<\/td>\n<\/tr>\n<tr>\n<td valign=\"top\" width=\"50%\">Dianteiros<\/td>\n<td valign=\"top\" width=\"50%\">a disco ventilado<\/td>\n<\/tr>\n<tr>\n<td valign=\"top\" width=\"50%\">Traseiros<\/td>\n<td valign=\"top\" width=\"50%\">a tambor<\/td>\n<\/tr>\n<tr>\n<td valign=\"top\" width=\"50%\">Antitravamento (ABS)<\/td>\n<td valign=\"top\" width=\"50%\">sim<\/td>\n<\/tr>\n<tr>\n<td colspan=\"2\" valign=\"top\" bgcolor=\"#FFFFFF\" width=\"50%\">Dire\u00e7\u00e3o<\/td>\n<\/tr>\n<tr>\n<td valign=\"top\" width=\"50%\">Sistema<\/td>\n<td valign=\"top\" width=\"50%\">pinh\u00e3o e cremalheira<\/td>\n<\/tr>\n<tr>\n<td valign=\"top\" width=\"50%\">Assist\u00eancia<\/td>\n<td valign=\"top\" width=\"50%\">el\u00e9trica<\/td>\n<\/tr>\n<tr>\n<td colspan=\"2\" valign=\"top\" bgcolor=\"#FFFFFF\" width=\"50%\">Suspens\u00e3o<\/td>\n<\/tr>\n<tr>\n<td valign=\"top\" width=\"50%\">Dianteira<\/td>\n<td valign=\"top\" width=\"50%\">independente, McPherson, mola helicoidal<\/td>\n<\/tr>\n<tr>\n<td valign=\"top\" width=\"50%\">Traseira<\/td>\n<td valign=\"top\" width=\"50%\">eixo de tor\u00e7\u00e3o, mola helicoidal<\/td>\n<\/tr>\n<tr>\n<td colspan=\"2\" valign=\"top\" bgcolor=\"#FFFFFF\" width=\"50%\">Rodas<\/td>\n<\/tr>\n<tr>\n<td valign=\"top\" width=\"50%\">Dimens\u00f5es<\/td>\n<td valign=\"top\" width=\"50%\">6,5 x 16 pol<\/td>\n<\/tr>\n<tr>\n<td valign=\"top\" width=\"50%\">Pneus<\/td>\n<td valign=\"top\" width=\"50%\">195\/50 R 16<\/td>\n<\/tr>\n<tr>\n<td colspan=\"2\" valign=\"top\" bgcolor=\"#FFFFFF\" width=\"50%\">Dimens\u00f5es<\/td>\n<\/tr>\n<tr>\n<td valign=\"top\" width=\"50%\">Comprimento<\/td>\n<td valign=\"top\" width=\"50%\">4,406 m<\/td>\n<\/tr>\n<tr>\n<td valign=\"top\" width=\"50%\">Largura<\/td>\n<td valign=\"top\" width=\"50%\">1,722 m<\/td>\n<\/tr>\n<tr>\n<td valign=\"top\" width=\"50%\">Altura<\/td>\n<td valign=\"top\" width=\"50%\">1,475 m<\/td>\n<\/tr>\n<tr>\n<td valign=\"top\" width=\"50%\">Entre-eixos<\/td>\n<td valign=\"top\" width=\"50%\">2,489 m<\/td>\n<\/tr>\n<tr>\n<td colspan=\"2\" valign=\"top\" bgcolor=\"#FFFFFF\" width=\"50%\">Capacidades e peso<\/td>\n<\/tr>\n<tr>\n<td valign=\"top\" width=\"50%\">Tanque de combust\u00edvel<\/td>\n<td valign=\"top\" width=\"50%\">52 l<\/td>\n<\/tr>\n<tr>\n<td valign=\"top\" width=\"50%\">Compartimento de bagagem<\/td>\n<td valign=\"top\" width=\"50%\">465 l<\/td>\n<\/tr>\n<tr>\n<td valign=\"top\" width=\"50%\">Peso em ordem de marcha<\/td>\n<td valign=\"top\" width=\"50%\">1.199 kg<\/td>\n<\/tr>\n<tr>\n<td colspan=\"2\" valign=\"top\" bgcolor=\"#FFFFFF\" width=\"50%\">Desempenho e consumo<\/td>\n<\/tr>\n<tr>\n<td valign=\"top\" width=\"50%\">Velocidade m\u00e1xima<\/td>\n<td valign=\"top\" width=\"50%\">190 km\/h<\/td>\n<\/tr>\n<tr>\n<td valign=\"top\" width=\"50%\">Acelera\u00e7\u00e3o de 0 a 100 km\/h (\u00e1lc.)<\/td>\n<td valign=\"top\" width=\"50%\">12,0 s<\/td>\n<\/tr>\n<tr>\n<td valign=\"top\" width=\"50%\">Consumo em cidade<\/td>\n<td valign=\"top\" width=\"50%\">11,2\/8,0 km\/l<\/td>\n<\/tr>\n<tr>\n<td valign=\"top\" width=\"50%\">Consumo em estrada<\/td>\n<td valign=\"top\" width=\"50%\">14,1\/9,7 km\/l<\/td>\n<\/tr>\n<tr>\n<td colspan=\"2\" valign=\"top\" width=\"40%\">Dados do fabricante<\/td>\n<\/tr>\n<\/tbody>\n<\/table><\/div><\/div>\n<p>&nbsp;<\/p>\n<p>&nbsp;<\/p>\n","protected":false},"excerpt":{"rendered":"<p>Bom de dirigir, com c\u00e2mbio Powershift e desenho global, modelo mexicano tem no espa\u00e7o interno sua maior limita\u00e7\u00e3o<\/p>\n","protected":false},"author":6,"featured_media":28692,"comment_status":"open","ping_status":"closed","sticky":false,"template":"","format":"standard","meta":{"_joinchat":[],"footnotes":""},"categories":[1828],"tags":[80,222,1440,2383,213,2294,2109],"class_list":["post-28686","post","type-post","status-publish","format-standard","has-post-thumbnail","hentry","category-ford-avaliacao","tag-avaliacao-2","tag-fiesta","tag-fiesta-se","tag-fiesta-titanium","tag-ford-3","tag-mexico","tag-powershift"],"amp_enabled":true,"_links":{"self":[{"href":"https:\/\/autolivraria.com.br\/bc\/wp-json\/wp\/v2\/posts\/28686","targetHints":{"allow":["GET"]}}],"collection":[{"href":"https:\/\/autolivraria.com.br\/bc\/wp-json\/wp\/v2\/posts"}],"about":[{"href":"https:\/\/autolivraria.com.br\/bc\/wp-json\/wp\/v2\/types\/post"}],"author":[{"embeddable":true,"href":"https:\/\/autolivraria.com.br\/bc\/wp-json\/wp\/v2\/users\/6"}],"replies":[{"embeddable":true,"href":"https:\/\/autolivraria.com.br\/bc\/wp-json\/wp\/v2\/comments?post=28686"}],"version-history":[{"count":0,"href":"https:\/\/autolivraria.com.br\/bc\/wp-json\/wp\/v2\/posts\/28686\/revisions"}],"wp:featuredmedia":[{"embeddable":true,"href":"https:\/\/autolivraria.com.br\/bc\/wp-json\/wp\/v2\/media\/28692"}],"wp:attachment":[{"href":"https:\/\/autolivraria.com.br\/bc\/wp-json\/wp\/v2\/media?parent=28686"}],"wp:term":[{"taxonomy":"category","embeddable":true,"href":"https:\/\/autolivraria.com.br\/bc\/wp-json\/wp\/v2\/categories?post=28686"},{"taxonomy":"post_tag","embeddable":true,"href":"https:\/\/autolivraria.com.br\/bc\/wp-json\/wp\/v2\/tags?post=28686"}],"curies":[{"name":"wp","href":"https:\/\/api.w.org\/{rel}","templated":true}]}}