{"id":32198,"date":"2013-09-08T21:57:08","date_gmt":"2013-09-09T00:57:08","guid":{"rendered":"http:\/\/bestcars.uol.com.br\/bc\/?p=32198"},"modified":"2013-09-26T16:45:29","modified_gmt":"2013-09-26T19:45:29","slug":"teste-vw-golf-7-chega-com-todo-o-sabor-de-primeiro-mundo","status":"publish","type":"post","link":"https:\/\/autolivraria.com.br\/bc\/informe-se\/avaliacao\/volkswagen-avaliacao\/teste-vw-golf-7-chega-com-todo-o-sabor-de-primeiro-mundo\/","title":{"rendered":"VW Golf 7 chega com todo o sabor de Primeiro Mundo"},"content":{"rendered":"<p><a href=\"https:\/\/autolivraria.com.br\/bc\/wp-content\/uploads\/2013\/09\/VW-Golf-GTI-071.jpg\"><img fetchpriority=\"high\" decoding=\"async\" class=\"aligncenter size-medium wp-image-32199\" title=\"VW Golf GTI\" src=\"https:\/\/autolivraria.com.br\/bc\/wp-content\/uploads\/2013\/09\/VW-Golf-GTI-071-560x373.jpg\" alt=\"\" width=\"560\" height=\"373\" srcset=\"https:\/\/autolivraria.com.br\/bc\/wp-content\/uploads\/2013\/09\/VW-Golf-GTI-071-560x373.jpg 560w, https:\/\/autolivraria.com.br\/bc\/wp-content\/uploads\/2013\/09\/VW-Golf-GTI-071-470x313.jpg 470w, https:\/\/autolivraria.com.br\/bc\/wp-content\/uploads\/2013\/09\/VW-Golf-GTI-071-270x179.jpg 270w, https:\/\/autolivraria.com.br\/bc\/wp-content\/uploads\/2013\/09\/VW-Golf-GTI-071.jpg 1280w\" sizes=\"(max-width: 560px) 100vw, 560px\" \/><\/a><\/p>\n<p>&nbsp;<\/p>\n<h2>Hatch vem com projeto moderno, inova\u00e7\u00f5es em seguran\u00e7a<br \/>\ne forte rela\u00e7\u00e3o custo-benef\u00edcio nas vers\u00f5es Highline e GTI<\/h2>\n<p><em>Texto: Fabr\u00edcio Samah\u00e1 &#8211; Fotos do autor e de divulga\u00e7\u00e3o<\/em><\/p>\n<p>&nbsp;<\/p>\n<p>Quem poderia imaginar em 1998, quando o Volkswagen Golf de quarta gera\u00e7\u00e3o \u2014 lan\u00e7ado apenas um ano antes no Sal\u00e3o de Frankfurt \u2014 foi apresentado aos brasileiros, que aquele carro se manteria \u00e0 venda aqui por 15 anos sem grandes evolu\u00e7\u00f5es? O fato \u00e9 que as reviravoltas da economia e do mercado nacional de autom\u00f3veis, associados \u00e0 longevidade do relativo \u00eaxito daquele Golf, levaram a VW a deixar longe daqui as gera\u00e7\u00f5es quinta e sexta, colocadas em produ\u00e7\u00e3o na Europa em 2003 e 2008, na ordem. Recebemos apenas o sed\u00e3 Jetta e a perua Jetta Variant, importados do M\u00e9xico.<\/p>\n<p>O Golf 4 durou mesmo, e parece que ainda vai durar um pouco mais (a VW o manter\u00e1 em produ\u00e7\u00e3o enquanto houver demanda), mas afinal chega a nossas ruas um sucessor em sintonia com o mercado europeu: o Golf de s\u00e9tima gera\u00e7\u00e3o, que estreou h\u00e1 um ano no Sal\u00e3o de Paris e come\u00e7a a ser vendido por aqui em 27 de setembro. H\u00e1 controv\u00e9rsia quanto a se tratar do s\u00e9timo, pois o sexto havia sido apenas uma ampla reestiliza\u00e7\u00e3o em torno da estrutura usada no quinto modelo, mas seguiremos com a denomina\u00e7\u00e3o oficial. Desde o primeiro, de 1974 (<a href=\"https:\/\/www.autolivraria.com.br\/classicos\/golf-1.htm\">leia hist\u00f3ria<\/a>), j\u00e1 foram vendidos mais de 30 milh\u00f5es de Golfs pelo mundo, sendo 350 mil por aqui nas duas gera\u00e7\u00f5es oferecidas (3 e 4).<\/p>\n<p>Duas vers\u00f5es foram definidas para o Brasil: Highline, com motor de 1,4 litro e pot\u00eancia de 140 cv, aos pre\u00e7os sugeridos a partir de R$ 68 mil com c\u00e2mbio manual de seis marchas e R$ 75 mil com o automatizado de <a href=\"https:\/\/autolivraria.com.br\/bc\/glossario-e\/#embr\">dupla embreagem<\/a> DSG com sete marchas, e GTI, com motor de 2,0 litros e 220 cv e c\u00e2mbio DSG de seis marchas, que come\u00e7a em R$ 96 mil. Ambos adotam t\u00e9cnicas como <a href=\"https:\/\/autolivraria.com.br\/bc\/glossario-t\/#turb\">turbocompressor<\/a>, <a href=\"https:\/\/autolivraria.com.br\/bc\/glossario-i\/#inje\">inje\u00e7\u00e3o direta<\/a> de gasolina (n\u00e3o s\u00e3o flex\u00edveis) e quatro v\u00e1lvulas por cilindro e v\u00eam sempre com carroceria de cinco portas \u2014 uma pena n\u00e3o haver a de tr\u00eas para o GTI. A dota\u00e7\u00e3o de equipamentos de s\u00e9rie \u00e9 bem abrangente em qualquer um dos carros e h\u00e1 uma ampla oferta de opcionais (<a title=\"Novo VW Golf: conhe\u00e7a vers\u00f5es, pre\u00e7os e equipamentos\" href=\"https:\/\/autolivraria.com.br\/bc\/informe-se\/noticias\/lancamento-novo-vw-golf-conheca-os-precos-versoes-e-equipamentos\/\" target=\"_blank\">leia mais sobre os conte\u00fados<\/a>). A garantia \u00e9 de tr\u00eas anos.<\/p>\n<p>&nbsp;<\/p>\n<div class='one_third'>\n\t\t\t\t\t<a href=\"https:\/\/autolivraria.com.br\/bc\/wp-content\/uploads\/2013\/09\/VW-Golf-Highline-14.jpg\"><img decoding=\"async\" class=\"aligncenter size-thumbnail wp-image-32202 lazyload\" title=\"VW Golf Highline\" data-src=\"https:\/\/autolivraria.com.br\/bc\/wp-content\/uploads\/2013\/09\/VW-Golf-Highline-14-168x168.jpg\" alt=\"\" width=\"168\" height=\"168\" data-srcset=\"https:\/\/autolivraria.com.br\/bc\/wp-content\/uploads\/2013\/09\/VW-Golf-Highline-14-168x168.jpg 168w, https:\/\/autolivraria.com.br\/bc\/wp-content\/uploads\/2013\/09\/VW-Golf-Highline-14-100x100.jpg 100w\" data-sizes=\"(max-width: 168px) 100vw, 168px\" src=\"data:image\/svg+xml;base64,PHN2ZyB3aWR0aD0iMSIgaGVpZ2h0PSIxIiB4bWxucz0iaHR0cDovL3d3dy53My5vcmcvMjAwMC9zdmciPjwvc3ZnPg==\" style=\"--smush-placeholder-width: 168px; --smush-placeholder-aspect-ratio: 168\/168;\" \/><\/a>\n\t\t\t\t<\/div>\n<div class='one_third'>\n\t\t\t\t\t<a href=\"https:\/\/autolivraria.com.br\/bc\/wp-content\/uploads\/2013\/09\/VW-Golf-Highline-11.jpg\"><img decoding=\"async\" class=\"aligncenter size-thumbnail wp-image-32203 lazyload\" title=\"VW Golf Highline\" data-src=\"https:\/\/autolivraria.com.br\/bc\/wp-content\/uploads\/2013\/09\/VW-Golf-Highline-11-168x168.jpg\" alt=\"\" width=\"168\" height=\"168\" data-srcset=\"https:\/\/autolivraria.com.br\/bc\/wp-content\/uploads\/2013\/09\/VW-Golf-Highline-11-168x168.jpg 168w, https:\/\/autolivraria.com.br\/bc\/wp-content\/uploads\/2013\/09\/VW-Golf-Highline-11-100x100.jpg 100w\" data-sizes=\"(max-width: 168px) 100vw, 168px\" src=\"data:image\/svg+xml;base64,PHN2ZyB3aWR0aD0iMSIgaGVpZ2h0PSIxIiB4bWxucz0iaHR0cDovL3d3dy53My5vcmcvMjAwMC9zdmciPjwvc3ZnPg==\" style=\"--smush-placeholder-width: 168px; --smush-placeholder-aspect-ratio: 168\/168;\" \/><\/a>\n\t\t\t\t<\/div>\n<div class='one_third last'>\n\t\t\t\t\t<a href=\"https:\/\/autolivraria.com.br\/bc\/wp-content\/uploads\/2013\/09\/VW-Golf-Highline-17.jpg\"><img decoding=\"async\" class=\"aligncenter size-thumbnail wp-image-32204 lazyload\" title=\"VW Golf Highline\" data-src=\"https:\/\/autolivraria.com.br\/bc\/wp-content\/uploads\/2013\/09\/VW-Golf-Highline-17-168x168.jpg\" alt=\"\" width=\"168\" height=\"168\" data-srcset=\"https:\/\/autolivraria.com.br\/bc\/wp-content\/uploads\/2013\/09\/VW-Golf-Highline-17-168x168.jpg 168w, https:\/\/autolivraria.com.br\/bc\/wp-content\/uploads\/2013\/09\/VW-Golf-Highline-17-100x100.jpg 100w\" data-sizes=\"(max-width: 168px) 100vw, 168px\" src=\"data:image\/svg+xml;base64,PHN2ZyB3aWR0aD0iMSIgaGVpZ2h0PSIxIiB4bWxucz0iaHR0cDovL3d3dy53My5vcmcvMjAwMC9zdmciPjwvc3ZnPg==\" style=\"--smush-placeholder-width: 168px; --smush-placeholder-aspect-ratio: 168\/168;\" \/><\/a>\n\t\t\t\t<\/div><div class='clear'><\/div>\n<p style=\"text-align: center;\"><em>\u00a0<\/em><br \/>\n<em>O desenho do novo Golf n\u00e3o surpreende, mas agrada com facilidade e parece<\/em><br \/>\n<em> duradouro; no\u00a0Highline as rodas de 17 pol s\u00e3o opcionais e em dois modelos\u00a0<\/em><\/p>\n<p>&nbsp;<\/p>\n<p>Quais os concorrentes? Os do Highline s\u00e3o diversos hatches m\u00e9dios, em geral com motores na faixa de 140 a 150 cv, como Chevrolet Cruze, Fiat Bravo, Hyundai I30, Peugeot 308 e o Ford Focus de terceira gera\u00e7\u00e3o (a ser lan\u00e7ado em breve). Para o GTI, a miss\u00e3o \u00e9 enfrentar os importados de prest\u00edgio \u2014 como BMW S\u00e9rie 1, Mercedes-Benz Classe A, Volvo V40 e o \u201cprimo\u201d de grupo Audi A3 \u2014 com uma rela\u00e7\u00e3o custo-benef\u00edcio atraente, mas sem ostentar na grade um logotipo t\u00e3o nobre quanto os deles.<\/p>\n<p>O Golf 7 baseia-se em uma nova plataforma, chamada de MQB (Modularer Querbaukasten ou matriz transversal modular, em que o segundo termo se refere \u00e0 posi\u00e7\u00e3o do motor), j\u00e1 usada tamb\u00e9m no Audi A3 e que ser\u00e1 estendida a grande n\u00famero de modelos do grupo. Seu destaque \u00e9 a modularidade, a f\u00e1cil adapta\u00e7\u00e3o a diferentes dimens\u00f5es, pois apenas a dist\u00e2ncia entre o eixo dianteiro e os pedais \u00e9 fixa entre todas as configura\u00e7\u00f5es poss\u00edveis.<\/p>\n<p>&nbsp;<\/p>\n<blockquote><p>O interior agrada pela sensa\u00e7\u00e3o de qualidade, com acabamento muito bem feito, e o motorista habituado \u00e0 linha VW se sente em casa<\/p><\/blockquote>\n<p>&nbsp;<\/p>\n<p>Outra vantagem da MQB \u00e9 uma estrutura que pesa 37 kg a menos que a da sexta gera\u00e7\u00e3o. No todo, a VW anuncia redu\u00e7\u00e3o de 100 kg de um modelo para outro, o que chega a 40 kg nos motores, 26 kg na suspens\u00e3o e 6 kg no sistema el\u00e9trico (nem todas as redu\u00e7\u00f5es citadas se aplicam a uma mesma vers\u00e3o). Em termos de porte ele est\u00e1 um passo adiante do antigo nacional, o 4: o comprimento de 4,25 metros, a largura de 1,80 m e a dist\u00e2ncia entre eixos de 2,63 m est\u00e3o entre os maiores da classe. O peso baixou de 1.256 kg do antigo 2,0-litros para 1.184 kg no novo 1,4-litro.<\/p>\n<p>Seu desenho n\u00e3o impressiona \u00e0 primeira vista, pois a regra da VW para esse modelo tem sido a evolu\u00e7\u00e3o gradual de estilo, mantendo a identidade dos anteriores \u2014 de fato, h\u00e1 v\u00e1rios tra\u00e7os em comum aos Golfs de outrora, sobretudo as largas colunas traseiras. Mas \u00e9 um carro elegante e que consegue agradar facilmente, al\u00e9m de n\u00e3o parecer destinado a envelhecer r\u00e1pido. O\u00a0<a href=\"https:\/\/autolivraria.com.br\/bc\/glossario-c\/#cx\">coeficiente aerodin\u00e2mico (Cx)<\/a>\u00a0de 0,318 \u00e9 muito bom para um carro de seu porte, embora mais alto que na Europa, culpa do aumento da altura de rodagem em 15 mm em ambas as vers\u00f5es.<\/p>\n<p>&nbsp;<\/p>\n<div class='one_third'>\n\t\t\t\t\t<a href=\"https:\/\/autolivraria.com.br\/bc\/wp-content\/uploads\/2013\/09\/VW-Golf-GTI-12.jpg\"><img decoding=\"async\" class=\"aligncenter size-thumbnail wp-image-32205 lazyload\" title=\"VW Golf GTI\" data-src=\"https:\/\/autolivraria.com.br\/bc\/wp-content\/uploads\/2013\/09\/VW-Golf-GTI-12-168x168.jpg\" alt=\"\" width=\"168\" height=\"168\" data-srcset=\"https:\/\/autolivraria.com.br\/bc\/wp-content\/uploads\/2013\/09\/VW-Golf-GTI-12-168x168.jpg 168w, https:\/\/autolivraria.com.br\/bc\/wp-content\/uploads\/2013\/09\/VW-Golf-GTI-12-100x100.jpg 100w\" data-sizes=\"(max-width: 168px) 100vw, 168px\" src=\"data:image\/svg+xml;base64,PHN2ZyB3aWR0aD0iMSIgaGVpZ2h0PSIxIiB4bWxucz0iaHR0cDovL3d3dy53My5vcmcvMjAwMC9zdmciPjwvc3ZnPg==\" style=\"--smush-placeholder-width: 168px; --smush-placeholder-aspect-ratio: 168\/168;\" \/><\/a>\n\t\t\t\t<\/div>\n<div class='one_third'>\n\t\t\t\t\t<a href=\"https:\/\/autolivraria.com.br\/bc\/wp-content\/uploads\/2013\/09\/VW-Golf-GTI-05.jpg\"><img decoding=\"async\" class=\"aligncenter size-thumbnail wp-image-32206 lazyload\" title=\"VW Golf GTI\" data-src=\"https:\/\/autolivraria.com.br\/bc\/wp-content\/uploads\/2013\/09\/VW-Golf-GTI-05-168x168.jpg\" alt=\"\" width=\"168\" height=\"168\" data-srcset=\"https:\/\/autolivraria.com.br\/bc\/wp-content\/uploads\/2013\/09\/VW-Golf-GTI-05-168x168.jpg 168w, https:\/\/autolivraria.com.br\/bc\/wp-content\/uploads\/2013\/09\/VW-Golf-GTI-05-100x100.jpg 100w\" data-sizes=\"(max-width: 168px) 100vw, 168px\" src=\"data:image\/svg+xml;base64,PHN2ZyB3aWR0aD0iMSIgaGVpZ2h0PSIxIiB4bWxucz0iaHR0cDovL3d3dy53My5vcmcvMjAwMC9zdmciPjwvc3ZnPg==\" style=\"--smush-placeholder-width: 168px; --smush-placeholder-aspect-ratio: 168\/168;\" \/><\/a>\n\t\t\t\t<\/div>\n<div class='one_third last'>\n\t\t\t\t\t<a href=\"https:\/\/autolivraria.com.br\/bc\/wp-content\/uploads\/2013\/09\/VW-Golf-GTI-08.jpg\"><img decoding=\"async\" class=\"aligncenter size-thumbnail wp-image-32207 lazyload\" title=\"VW Golf GTI\" data-src=\"https:\/\/autolivraria.com.br\/bc\/wp-content\/uploads\/2013\/09\/VW-Golf-GTI-08-168x168.jpg\" alt=\"\" width=\"168\" height=\"168\" data-srcset=\"https:\/\/autolivraria.com.br\/bc\/wp-content\/uploads\/2013\/09\/VW-Golf-GTI-08-168x168.jpg 168w, https:\/\/autolivraria.com.br\/bc\/wp-content\/uploads\/2013\/09\/VW-Golf-GTI-08-100x100.jpg 100w\" data-sizes=\"(max-width: 168px) 100vw, 168px\" src=\"data:image\/svg+xml;base64,PHN2ZyB3aWR0aD0iMSIgaGVpZ2h0PSIxIiB4bWxucz0iaHR0cDovL3d3dy53My5vcmcvMjAwMC9zdmciPjwvc3ZnPg==\" style=\"--smush-placeholder-width: 168px; --smush-placeholder-aspect-ratio: 168\/168;\" \/><\/a>\n\t\t\t\t<\/div><div class='clear'><\/div>\n<p style=\"text-align: center;\"><em>\u00a0<\/em><br \/>\n<em>Para-choques, defletores e as rodas de 17 pol t\u00eam formas diferenciadas no GTI,<\/em><br \/>\n<em>que usa o vermelho nas pin\u00e7as de freio e em um filete na parte dianteira\u00a0<\/em><\/p>\n<p>&nbsp;<\/p>\n<p>As diferen\u00e7as visuais do GTI incluem o desenho das rodas, a regi\u00e3o dos far\u00f3is de neblina \u2014 que recebe tr\u00eas l\u00e2minas \u00e0 frente do conjunto de <a href=\"https:\/\/autolivraria.com.br\/bc\/glossario-l\/#led\">leds<\/a> \u2014, um filete vermelho que passa pela grade e os far\u00f3is, pin\u00e7as de freio na mesma cor, lanternas traseiras com leds, defletor mais envolvente e duas sa\u00eddas de escapamento.<\/p>\n<p>O interior agrada de imediato pela sensa\u00e7\u00e3o de qualidade, com acabamento muito bem feito e uso de materiais bem escolhidos, a exemplo do pl\u00e1stico de toque macio no painel e no topo das portas. Ao mesmo tempo em que o motorista habituado \u00e0 linha VW se sente em casa por itens como o quadro de instrumentos e diversos comandos, encontra novidades como a tela central do painel de 5,8 pol (h\u00e1 op\u00e7\u00e3o por uma de 8 pol, como nas fotos), sens\u00edvel ao toque e dotada de sensor de aproxima\u00e7\u00e3o, com o qual reage antes mesmo que o usu\u00e1rio encoste o dedo.<\/p>\n<p>Por essa tela controlam-se sistema de \u00e1udio (dotado de conex\u00f5es USB, auxiliar e para cart\u00e3o SD, todas no porta-luvas), telefone pela interface\u00a0<a href=\"https:\/\/autolivraria.com.br\/bc\/glossario-b\/#blue\">Bluetooth<\/a>\u00a0(pode ser comandado por voz), configura\u00e7\u00f5es do carro e navegador. O seletor de perfil de condu\u00e7\u00e3o, semelhante ao usado pela Audi, altera as configura\u00e7\u00f5es do gerenciamento do motor, do ar-condicionado, da assist\u00eancia de dire\u00e7\u00e3o, dos far\u00f3is que iluminam as curvas, do c\u00e2mbio automatizado e, se houver, do controlador de dist\u00e2ncia (mais sobre ele adiante). Oferece os modos normal, eco (mais eficiente em combust\u00edvel), esporte e individual; este permite configurar as v\u00e1rias fun\u00e7\u00f5es em separado. No GTI pode ser desativado o\u00a0<a href=\"https:\/\/autolivraria.com.br\/bc\/glossario-c\/#esp\">controle eletr\u00f4nico de estabilidade<\/a>; no Highline, apenas o de tra\u00e7\u00e3o.<\/p>\n<p>Os bancos t\u00edpicos de carros alem\u00e3es \u2014 firmes, de alta densidade \u2014 apoiam bem o corpo e o ret\u00eam nas curvas com os apoios laterais pronunciados, sobretudo os do GTI. O revestimento em couro transmite bom aspecto e h\u00e1 tr\u00eas tons para o do Highline, enquanto o do esportivo vem sempre em preto. Por outro lado, no GTI o tecido da vers\u00e3o b\u00e1sica usa um padr\u00e3o xadrez j\u00e1 tradicional no modelo, que remete ao da primeira gera\u00e7\u00e3o, ainda que n\u00e3o seja do gosto de todos. Ao lado dos bancos, o volante pr\u00f3prio e as costuras em vermelho nos bancos, portas, volante e coifa de c\u00e2mbio s\u00e3o as diferen\u00e7as desse Golf por dentro.<\/p>\n<p>&nbsp;<\/p>\n<div class='one_third'>\n\t\t\t\t\t<a href=\"https:\/\/autolivraria.com.br\/bc\/wp-content\/uploads\/2013\/09\/VW-Golf-GTI-061.jpg\"><img decoding=\"async\" class=\"aligncenter size-thumbnail wp-image-32208 lazyload\" title=\"VW Golf GTI\" data-src=\"https:\/\/autolivraria.com.br\/bc\/wp-content\/uploads\/2013\/09\/VW-Golf-GTI-061-168x168.jpg\" alt=\"\" width=\"168\" height=\"168\" data-srcset=\"https:\/\/autolivraria.com.br\/bc\/wp-content\/uploads\/2013\/09\/VW-Golf-GTI-061-168x168.jpg 168w, https:\/\/autolivraria.com.br\/bc\/wp-content\/uploads\/2013\/09\/VW-Golf-GTI-061-100x100.jpg 100w\" data-sizes=\"(max-width: 168px) 100vw, 168px\" src=\"data:image\/svg+xml;base64,PHN2ZyB3aWR0aD0iMSIgaGVpZ2h0PSIxIiB4bWxucz0iaHR0cDovL3d3dy53My5vcmcvMjAwMC9zdmciPjwvc3ZnPg==\" style=\"--smush-placeholder-width: 168px; --smush-placeholder-aspect-ratio: 168\/168;\" \/><\/a>\n\t\t\t\t<\/div>\n<div class='one_third'>\n\t\t\t\t\t<a href=\"https:\/\/autolivraria.com.br\/bc\/wp-content\/uploads\/2013\/09\/VW-Golf-GTI-13.jpg\"><img decoding=\"async\" class=\"aligncenter size-thumbnail wp-image-32209 lazyload\" title=\"VW Golf GTI\" data-src=\"https:\/\/autolivraria.com.br\/bc\/wp-content\/uploads\/2013\/09\/VW-Golf-GTI-13-168x168.jpg\" alt=\"\" width=\"168\" height=\"168\" data-srcset=\"https:\/\/autolivraria.com.br\/bc\/wp-content\/uploads\/2013\/09\/VW-Golf-GTI-13-168x168.jpg 168w, https:\/\/autolivraria.com.br\/bc\/wp-content\/uploads\/2013\/09\/VW-Golf-GTI-13-100x100.jpg 100w\" data-sizes=\"(max-width: 168px) 100vw, 168px\" src=\"data:image\/svg+xml;base64,PHN2ZyB3aWR0aD0iMSIgaGVpZ2h0PSIxIiB4bWxucz0iaHR0cDovL3d3dy53My5vcmcvMjAwMC9zdmciPjwvc3ZnPg==\" style=\"--smush-placeholder-width: 168px; --smush-placeholder-aspect-ratio: 168\/168;\" \/><\/a>\n\t\t\t\t<\/div>\n<div class='one_third last'>\n\t\t\t\t\t<a href=\"https:\/\/autolivraria.com.br\/bc\/wp-content\/uploads\/2013\/09\/VW-Golf-GTI-10.jpg\"><img decoding=\"async\" class=\"aligncenter size-thumbnail wp-image-32210 lazyload\" title=\"VW Golf GTI\" data-src=\"https:\/\/autolivraria.com.br\/bc\/wp-content\/uploads\/2013\/09\/VW-Golf-GTI-10-168x168.jpg\" alt=\"\" width=\"168\" height=\"168\" data-srcset=\"https:\/\/autolivraria.com.br\/bc\/wp-content\/uploads\/2013\/09\/VW-Golf-GTI-10-168x168.jpg 168w, https:\/\/autolivraria.com.br\/bc\/wp-content\/uploads\/2013\/09\/VW-Golf-GTI-10-100x100.jpg 100w\" data-sizes=\"(max-width: 168px) 100vw, 168px\" src=\"data:image\/svg+xml;base64,PHN2ZyB3aWR0aD0iMSIgaGVpZ2h0PSIxIiB4bWxucz0iaHR0cDovL3d3dy53My5vcmcvMjAwMC9zdmciPjwvc3ZnPg==\" style=\"--smush-placeholder-width: 168px; --smush-placeholder-aspect-ratio: 168\/168;\" \/><\/a>\n\t\t\t\t<\/div><div class='clear'><\/div>\n<p style=\"text-align: center;\"><em>\u00a0<\/em><br \/>\n<em>O GTI marca o retorno de uma sigla emblem\u00e1tica para a marca; essa vers\u00e3o foi<\/em><br \/>\n<em>oferecida aqui nas gera\u00e7\u00f5es 3 e 4 do Golf, incluindo motor turbo de 180 cv\u00a0<\/em><\/p>\n<p>&nbsp;<\/p>\n<p>H\u00e1 muitos bons detalhes no novo Volkswagen, como acesso ao interior e partida do motor (por bot\u00e3o) sem uso da chave presencial, freio de estacionamento com comando el\u00e9trico, sistema Auto Hold (mant\u00e9m o carro parado sem se precisar frear, no plano ou em aclives), ar-condicionado autom\u00e1tico de duas zonas de ajuste, alerta para baixa press\u00e3o de pneus, controle el\u00e9trico de vidros com fun\u00e7\u00e3o um-toque, porta-luvas refrigerado, far\u00f3is e limpador de para-brisa autom\u00e1ticos, sensores de estacionamento na frente e atr\u00e1s, computador de bordo completo e f\u00e1cil de operar e mola a g\u00e1s para manter o cap\u00f4 aberto. Pontos a corrigir: falta a faixa degrad\u00ea do para-brisa e a tela contra sol do teto solar \u00e9 aberta demais para nosso clima.<\/p>\n<p>O assistente de estacionamento Park Assist vem em segunda gera\u00e7\u00e3o, capaz de colocar o carro tanto em vagas paralelas \u00e0 via (e tir\u00e1-lo de l\u00e1) quanto em vagas perpendiculares, cabendo ao motorista apenas acelerar, frear e mudar marchas. Quatro adultos e uma crian\u00e7a acomodam-se bem no Golf 7, com destaque para o espa\u00e7o para cabe\u00e7as no banco traseiro e o ganho em acomoda\u00e7\u00e3o das pernas em rela\u00e7\u00e3o \u00e0 gera\u00e7\u00e3o 4. J\u00e1 o compartimento de bagagem de 313 litros (328 no GTI) est\u00e1 abaixo da m\u00e9dia da categoria.<\/p>\n<p>&nbsp;<\/p>\n<div class='code-block code-block-7' style='margin: 28px auto; text-align: center; display: block; clear: both;'>\n<script async src=\"https:\/\/pagead2.googlesyndication.com\/pagead\/js\/adsbygoogle.js\"><\/script>\n<!-- AL-quadrado -->\n<ins class=\"adsbygoogle\"\n     style=\"display:block\"\n     data-ad-client=\"ca-pub-1914799802606213\"\n     data-ad-slot=\"5683066082\"\n     data-ad-format=\"auto\"\n     data-full-width-responsive=\"true\"><\/ins>\n<script>\n     (adsbygoogle = window.adsbygoogle || []).push({});\n<\/script><\/div>\n\n<p>&nbsp;<\/p>\n<p>Os recursos de seguran\u00e7a s\u00e3o certamente um destaque do novo Golf, sendo v\u00e1rios deles in\u00e9ditos em sua classe no Brasil. \u00c9 o caso do sistema multicolis\u00e3o dos freios, que pode ter um nome estranho, mas faz sentido: ele freia o carro\u00a0<em>depois<\/em>\u00a0de haver uma colis\u00e3o, para evitar que o ve\u00edculo continue a se movimentar e acabe ocorrendo novo acidente \u2014 com o agravante de que as bolsas infl\u00e1veis s\u00f3 podem se abrir uma vez. Segundo a VW, pesquisas alem\u00e3s apontam que um quarto dos acidentes com ferimentos pessoas envolvem eventos de multicolis\u00e3o. O sistema aplica pouca for\u00e7a aos freios e deixa de atuar se o motorista acelerar ou frear; tamb\u00e9m deixa uma velocidade residual de 10 km\/h, o que pode ser \u00fatil para mover o carro para fora da pista ap\u00f3s o acidente.<\/p>\n<p>Outro recurso \u00e9 o da prote\u00e7\u00e3o proativa dos ocupantes, antes oferecida pela VW apenas no Touareg. Se for detectado risco de acidente (como ao frear com grande for\u00e7a), os cintos dianteiros s\u00e3o pretensionados para reduzir sua folga; se uma perda de controle for iminente, como ao exigir grande atua\u00e7\u00e3o do controle de estabilidade, os vidros e o teto solar s\u00e3o fechados para obter atua\u00e7\u00e3o ideal das bolsas infl\u00e1veis laterais e de cortina. H\u00e1 ainda o monitor de fatiga do motorista, que analisa sua forma de dirigir e o alerta caso detecte sinais de cansa\u00e7o e desaten\u00e7\u00e3o.<\/p>\n<p>&nbsp;<\/p>\n<div class='one_third'>\n\t\t\t\t\t<a href=\"https:\/\/autolivraria.com.br\/bc\/wp-content\/uploads\/2013\/09\/VW-Golf-Highline-int1.jpg\"><img decoding=\"async\" class=\"aligncenter size-thumbnail wp-image-32211 lazyload\" title=\"VW Golf Highline\" data-src=\"https:\/\/autolivraria.com.br\/bc\/wp-content\/uploads\/2013\/09\/VW-Golf-Highline-int1-168x168.jpg\" alt=\"\" width=\"168\" height=\"168\" data-srcset=\"https:\/\/autolivraria.com.br\/bc\/wp-content\/uploads\/2013\/09\/VW-Golf-Highline-int1-168x168.jpg 168w, https:\/\/autolivraria.com.br\/bc\/wp-content\/uploads\/2013\/09\/VW-Golf-Highline-int1-100x100.jpg 100w\" data-sizes=\"(max-width: 168px) 100vw, 168px\" src=\"data:image\/svg+xml;base64,PHN2ZyB3aWR0aD0iMSIgaGVpZ2h0PSIxIiB4bWxucz0iaHR0cDovL3d3dy53My5vcmcvMjAwMC9zdmciPjwvc3ZnPg==\" style=\"--smush-placeholder-width: 168px; --smush-placeholder-aspect-ratio: 168\/168;\" \/><\/a>\n\t\t\t\t<\/div>\n<div class='one_third'>\n\t\t\t\t\t<a href=\"https:\/\/autolivraria.com.br\/bc\/wp-content\/uploads\/2013\/09\/VW-Golf-Highline-int2.jpg\"><img decoding=\"async\" class=\"aligncenter size-thumbnail wp-image-32212 lazyload\" title=\"VW Golf Highline\" data-src=\"https:\/\/autolivraria.com.br\/bc\/wp-content\/uploads\/2013\/09\/VW-Golf-Highline-int2-168x168.jpg\" alt=\"\" width=\"168\" height=\"168\" data-srcset=\"https:\/\/autolivraria.com.br\/bc\/wp-content\/uploads\/2013\/09\/VW-Golf-Highline-int2-168x168.jpg 168w, https:\/\/autolivraria.com.br\/bc\/wp-content\/uploads\/2013\/09\/VW-Golf-Highline-int2-100x100.jpg 100w\" data-sizes=\"(max-width: 168px) 100vw, 168px\" src=\"data:image\/svg+xml;base64,PHN2ZyB3aWR0aD0iMSIgaGVpZ2h0PSIxIiB4bWxucz0iaHR0cDovL3d3dy53My5vcmcvMjAwMC9zdmciPjwvc3ZnPg==\" style=\"--smush-placeholder-width: 168px; --smush-placeholder-aspect-ratio: 168\/168;\" \/><\/a>\n\t\t\t\t<\/div>\n<div class='one_third last'>\n\t\t\t\t\t<a href=\"https:\/\/autolivraria.com.br\/bc\/wp-content\/uploads\/2013\/09\/VW-Golf-Highline-int3.jpg\"><img decoding=\"async\" class=\"aligncenter size-thumbnail wp-image-32213 lazyload\" title=\"VW Golf Highline\" data-src=\"https:\/\/autolivraria.com.br\/bc\/wp-content\/uploads\/2013\/09\/VW-Golf-Highline-int3-168x168.jpg\" alt=\"\" width=\"168\" height=\"168\" data-srcset=\"https:\/\/autolivraria.com.br\/bc\/wp-content\/uploads\/2013\/09\/VW-Golf-Highline-int3-168x168.jpg 168w, https:\/\/autolivraria.com.br\/bc\/wp-content\/uploads\/2013\/09\/VW-Golf-Highline-int3-100x100.jpg 100w\" data-sizes=\"(max-width: 168px) 100vw, 168px\" src=\"data:image\/svg+xml;base64,PHN2ZyB3aWR0aD0iMSIgaGVpZ2h0PSIxIiB4bWxucz0iaHR0cDovL3d3dy53My5vcmcvMjAwMC9zdmciPjwvc3ZnPg==\" style=\"--smush-placeholder-width: 168px; --smush-placeholder-aspect-ratio: 168\/168;\" \/><\/a>\n\t\t\t\t<\/div><div class='clear'><\/div>\n<p style=\"text-align: center;\"><em>\u00a0<\/em><br \/>\n<em>O interior bem acabado e equipado do Golf Highline oferece tr\u00eas tons para os bancos;<\/em><br \/>\n<em>a tela t\u00e1til de 8 pol opcional inclui navegador; uma de 5,8 pol vem de s\u00e9rie na vers\u00e3o<\/em><\/p>\n<p>&nbsp;<\/p>\n<p>Ainda em homologa\u00e7\u00e3o para o Brasil, onde estreiam no come\u00e7o de 2014, est\u00e3o o controlador de dist\u00e2ncia do tr\u00e1fego \u00e0 frente e os far\u00f3is adaptativos. O controlador usa um radar montado no para-choque para detectar ve\u00edculos ou obst\u00e1culos adiante, na faixa de 30 a 160 km\/h (com c\u00e2mbio manual) ou de 0 a 160 (com DSG), e assim manter a velocidade programada pelo motorista, ajustando-a conforme o tr\u00e1fego. Ele inclui o recurso de para e anda, ou seja, pode imobilizar o carro e recoloc\u00e1-lo em movimento sem interven\u00e7\u00e3o do motorista, desde que o tempo parado n\u00e3o exceda a tr\u00eas segundos.<\/p>\n<p>O monitoramento \u00e0 frente serve tamb\u00e9m para o Front Assist, que pode ser usado mesmo sem controlador de velocidade. Ao detectar um ve\u00edculo se aproximando adiante (freando ou entrando lento em sua faixa), ele alerta o motorista do Golf e prepara a atua\u00e7\u00e3o dos freios; se o condutor n\u00e3o frear o suficiente, o dispositivo aumenta a for\u00e7a de frenagem o quanto for necess\u00e1rio para evitar o colis\u00e3o. E se o motorista n\u00e3o reagir? O aparelho freia o carro por si mesmo, mas com intensidade moderada, pois as legisla\u00e7\u00f5es de v\u00e1rios pa\u00edses n\u00e3o permitem a frenagem autom\u00e1tica com for\u00e7a total.<\/p>\n<table border=\"0\">\n<tbody>\n<tr>\n<td><a href='https:\/\/autolivraria.com.br\/bc\/informe-se\/avaliacao\/volkswagen-avaliacao\/teste-vw-golf-7-chega-com-todo-o-sabor-de-primeiro-mundo\/2\/' class='small-button smallsilver'>Pr\u00f3xima parte<\/a><\/td>\n<\/tr>\n<\/tbody>\n<\/table>\n<p>&nbsp;<\/p>\n<p>&nbsp;<\/p>\n<p><!--nextpage--><\/p>\n<p><a href=\"https:\/\/autolivraria.com.br\/bc\/wp-content\/uploads\/2013\/09\/VW-Golf-GTI-int1.jpg\"><img decoding=\"async\" class=\"aligncenter size-medium wp-image-32214 lazyload\" title=\"VW Golf GTI\" data-src=\"https:\/\/autolivraria.com.br\/bc\/wp-content\/uploads\/2013\/09\/VW-Golf-GTI-int1-560x373.jpg\" alt=\"\" width=\"560\" height=\"373\" data-srcset=\"https:\/\/autolivraria.com.br\/bc\/wp-content\/uploads\/2013\/09\/VW-Golf-GTI-int1-560x373.jpg 560w, https:\/\/autolivraria.com.br\/bc\/wp-content\/uploads\/2013\/09\/VW-Golf-GTI-int1-470x313.jpg 470w, https:\/\/autolivraria.com.br\/bc\/wp-content\/uploads\/2013\/09\/VW-Golf-GTI-int1-270x179.jpg 270w, https:\/\/autolivraria.com.br\/bc\/wp-content\/uploads\/2013\/09\/VW-Golf-GTI-int1.jpg 1280w\" data-sizes=\"(max-width: 560px) 100vw, 560px\" src=\"data:image\/svg+xml;base64,PHN2ZyB3aWR0aD0iMSIgaGVpZ2h0PSIxIiB4bWxucz0iaHR0cDovL3d3dy53My5vcmcvMjAwMC9zdmciPjwvc3ZnPg==\" style=\"--smush-placeholder-width: 560px; --smush-placeholder-aspect-ratio: 560\/373;\" \/><\/a><\/p>\n<p style=\"text-align: center;\"><em>\u00a0<\/em><br \/>\n<em>Volante mais esportivo, bancos mais envolventes e costuras em vermelho<\/em><br \/>\n<em> diferenciam\u00a0o interior do GTI, que oferece ainda um sistema de \u00e1udio especial<\/em><\/p>\n<p>&nbsp;<\/p>\n<p>A outra novidade que ficou para o pr\u00f3ximo ano \u00e9 o sistema adaptativo dos far\u00f3is. Uma c\u00e2mera no para-brisa analisa o tr\u00e1fego adiante e acende o facho alto a partir de 65 km\/h, mas o adapta \u00e0s condi\u00e7\u00f5es. Se perceber um carro \u00e0 frente ou no sentido oposto, ajusta os far\u00f3is (movendo uma m\u00e1scara entre o refletor e a lente) para criar uma \u00e1rea de sombra no local e evitar o ofuscamento.<\/p>\n<p>&nbsp;<\/p>\n<h3>Bom desempenho, grande estabilidade<\/h3>\n<p>Os motores do novo Golf s\u00e3o conhecidos, mas trazem novidades. O de 1,4 litro (da fam\u00edlia EA 211, como o tr\u00eas-cilindros do\u00a0<a title=\"Dia a Dia: motor do VW Up convence no Fox BlueMotion\" href=\"https:\/\/autolivraria.com.br\/bc\/informe-se\/avaliacao\/volkswagen-avaliacao\/teste-dia-a-dia-motor-do-vw-up-convence-no-fox-bluemotion\/\">Fox BlueMotion<\/a>) \u00e9 o mesmo dos Audis A1 e A3, mas com novas defini\u00e7\u00f5es para obter pot\u00eancia de 140 cv e torque de 25,5 m.kgf desde 1.500 rpm, ante 122 cv e 20,4 m.kgf dos \u201cprimos\u201d da marca das argolas. O de 2,0 litros, da s\u00e9rie EA 888, representa evolu\u00e7\u00e3o sobre o usado em Jetta, Fusca e outros modelos. Com novo turbo e outros par\u00e2metros, alcan\u00e7a 220 cv e expressivos 35,7 m.kgf desde a mesma baixa rota\u00e7\u00e3o, contra 211 cv e 28,5 m.kgf dos demais carros citados. Ambos contam com\u00a0<a href=\"https:\/\/autolivraria.com.br\/bc\/glossario-v\/#vari\">varia\u00e7\u00e3o de tempo de v\u00e1lvulas<\/a>\u00a0de admiss\u00e3o e, no 2,0, tamb\u00e9m as de escapamento.<\/p>\n<p>Fun\u00e7\u00e3o em prol da efici\u00eancia \u00e9 a de parada e partida autom\u00e1tica, que desliga ao motor quando se est\u00e1 com carro parado e freado e volta a lig\u00e1-lo assim que solta o freio, se pisa na embreagem ou se acelera. Os c\u00e2mbios de dupla embreagem s\u00e3o distintos para cada vers\u00e3o, com sistema seco para o Highline e em banho de \u00f3leo para o GTI, por causa do maior torque do motor. O controle eletr\u00f4nico do diferencial usa a frenagem para bloqueio, melhorando a tra\u00e7\u00e3o em curvas.<\/p>\n<p>&nbsp;<\/p>\n<div class='one_third'>\n\t\t\t\t\t<a href=\"https:\/\/autolivraria.com.br\/bc\/wp-content\/uploads\/2013\/09\/VW-Golf-GTI-cambio.jpg\"><img decoding=\"async\" class=\"aligncenter size-thumbnail wp-image-32223 lazyload\" title=\"VW Golf GTI\" data-src=\"https:\/\/autolivraria.com.br\/bc\/wp-content\/uploads\/2013\/09\/VW-Golf-GTI-cambio-168x168.jpg\" alt=\"\" width=\"168\" height=\"168\" data-srcset=\"https:\/\/autolivraria.com.br\/bc\/wp-content\/uploads\/2013\/09\/VW-Golf-GTI-cambio-168x168.jpg 168w, https:\/\/autolivraria.com.br\/bc\/wp-content\/uploads\/2013\/09\/VW-Golf-GTI-cambio-100x100.jpg 100w\" data-sizes=\"(max-width: 168px) 100vw, 168px\" src=\"data:image\/svg+xml;base64,PHN2ZyB3aWR0aD0iMSIgaGVpZ2h0PSIxIiB4bWxucz0iaHR0cDovL3d3dy53My5vcmcvMjAwMC9zdmciPjwvc3ZnPg==\" style=\"--smush-placeholder-width: 168px; --smush-placeholder-aspect-ratio: 168\/168;\" \/><\/a>\n\t\t\t\t<\/div>\n<div class='one_third'>\n\t\t\t\t\t<a href=\"https:\/\/autolivraria.com.br\/bc\/wp-content\/uploads\/2013\/09\/VW-Golf-GTI-int2.jpg\"><img decoding=\"async\" class=\"aligncenter size-thumbnail wp-image-32215 lazyload\" title=\"VW Golf GTI\" data-src=\"https:\/\/autolivraria.com.br\/bc\/wp-content\/uploads\/2013\/09\/VW-Golf-GTI-int2-168x168.jpg\" alt=\"\" width=\"168\" height=\"168\" data-srcset=\"https:\/\/autolivraria.com.br\/bc\/wp-content\/uploads\/2013\/09\/VW-Golf-GTI-int2-168x168.jpg 168w, https:\/\/autolivraria.com.br\/bc\/wp-content\/uploads\/2013\/09\/VW-Golf-GTI-int2-100x100.jpg 100w\" data-sizes=\"(max-width: 168px) 100vw, 168px\" src=\"data:image\/svg+xml;base64,PHN2ZyB3aWR0aD0iMSIgaGVpZ2h0PSIxIiB4bWxucz0iaHR0cDovL3d3dy53My5vcmcvMjAwMC9zdmciPjwvc3ZnPg==\" style=\"--smush-placeholder-width: 168px; --smush-placeholder-aspect-ratio: 168\/168;\" \/><\/a>\n\t\t\t\t<\/div>\n<div class='one_third last'>\n\t\t\t\t\t<a href=\"https:\/\/autolivraria.com.br\/bc\/wp-content\/uploads\/2013\/09\/VW-Golf-GTI-int3.jpg\"><img decoding=\"async\" class=\"aligncenter size-thumbnail wp-image-32216 lazyload\" title=\"VW Golf GTI\" data-src=\"https:\/\/autolivraria.com.br\/bc\/wp-content\/uploads\/2013\/09\/VW-Golf-GTI-int3-168x168.jpg\" alt=\"\" width=\"168\" height=\"168\" data-srcset=\"https:\/\/autolivraria.com.br\/bc\/wp-content\/uploads\/2013\/09\/VW-Golf-GTI-int3-168x168.jpg 168w, https:\/\/autolivraria.com.br\/bc\/wp-content\/uploads\/2013\/09\/VW-Golf-GTI-int3-100x100.jpg 100w\" data-sizes=\"(max-width: 168px) 100vw, 168px\" src=\"data:image\/svg+xml;base64,PHN2ZyB3aWR0aD0iMSIgaGVpZ2h0PSIxIiB4bWxucz0iaHR0cDovL3d3dy53My5vcmcvMjAwMC9zdmciPjwvc3ZnPg==\" style=\"--smush-placeholder-width: 168px; --smush-placeholder-aspect-ratio: 168\/168;\" \/><\/a>\n\t\t\t\t<\/div><div class='clear'><\/div>\n<p style=\"text-align: center;\"><em>\u00a0<\/em><br \/>\n<em>Dotado de s\u00e9rie do c\u00e2mbio DSG com seis marchas, o esportivo tem como revestimento b\u00e1sico<br \/>\num tecido<\/em>\u00a0<em>xadrez que \u00e9 cl\u00e1ssico na vers\u00e3o; o couro faz parte dos pacotes opcionais\u00a0<\/em><\/p>\n<p>&nbsp;<\/p>\n<p>A suspens\u00e3o segue os mesmos conceitos nos dois carros \u2014 McPherson \u00e0 frente e multibra\u00e7o atr\u00e1s \u2014, mas com calibra\u00e7\u00f5es distintas e altura de rodagem 15 mm menor no GTI, sendo essa diferen\u00e7a mantida por ocasi\u00e3o da eleva\u00e7\u00e3o para o Brasil. O Highline usa pneus de 16 pol de s\u00e9rie com op\u00e7\u00e3o por 17, que vem de s\u00e9rie no GTI. Tamb\u00e9m muda a dire\u00e7\u00e3o, dotada de assist\u00eancia el\u00e9trica vari\u00e1vel conforme a velocidade: a opcional da vers\u00e3o esportiva usa rela\u00e7\u00e3o mais r\u00e1pida nos extremos que no centro, de modo a facilitar a condu\u00e7\u00e3o vigorosa em curvas (requer apenas 360 graus de giro de cada lado para atingir o batente, contra 540 da usada pelo Highline).<\/p>\n<p>&nbsp;<\/p>\n<blockquote><p>Manter velocidade \u00e9 tranquilo no GTI: a mais de 220 km\/h em <em>autobahn<\/em>\u00a0a sensa\u00e7\u00e3o \u00e9 de pleno controle, com o volante firme nas m\u00e3os<\/p><\/blockquote>\n<p>&nbsp;<\/p>\n<p>O novo Golf foi avaliado pelo\u00a0<strong>Best Cars<\/strong>\u00a0na Alemanha, em trajetos entre Berlim \u2014 capital e maior cidade do pa\u00eds \u2014 e o campo de provas da ADAC (Allgemeiner Deutscher Automobil-Club e.V., ou autom\u00f3vel-clube geral alem\u00e3o, \u00f3rg\u00e3o que tamb\u00e9m atua no treinamento de motoristas) em Linthe. Foram 55 quil\u00f4metros ao volante do Highline de c\u00e2mbio manual (o DSG foi dirigido em ensaios no campo) e mais de 130 com o GTI por trechos urbanos e rodovias as mais diversas, incluindo\u00a0<em>autobahn<\/em>\u00a0sem limite de velocidade.<\/p>\n<p>No Highline, surpreende a vivacidade do motor de 1,4 litro. Superadas 1.500 rpm, cresce de rota\u00e7\u00e3o com rapidez e empurra o carro de maneira decidida, similar \u00e0 do motor turbo de 1,6 litro da PSA Peugeot Citro\u00ebn. O funcionamento \u00e9 suave e silencioso, mantendo 160 km\/h com moderadas 3.500 rpm em sexta marcha. A essa velocidade o comportamento \u00e9 sereno, assentado ao solo (embora possa mudar com a maior altura de rodagem definida para o Brasil), e o peso de dire\u00e7\u00e3o se mostra exato.<\/p>\n<p>&nbsp;<\/p>\n<div class='one_third'>\n\t\t\t\t\t<p><a href=\"https:\/\/autolivraria.com.br\/bc\/wp-content\/uploads\/2013\/09\/VW-Golf-Highline-031.jpg\"><img decoding=\"async\" class=\"aligncenter size-thumbnail wp-image-32219 lazyload\" title=\"VW Golf Highline\" data-src=\"https:\/\/autolivraria.com.br\/bc\/wp-content\/uploads\/2013\/09\/VW-Golf-Highline-031-168x168.jpg\" alt=\"\" width=\"168\" height=\"168\" data-srcset=\"https:\/\/autolivraria.com.br\/bc\/wp-content\/uploads\/2013\/09\/VW-Golf-Highline-031-168x168.jpg 168w, https:\/\/autolivraria.com.br\/bc\/wp-content\/uploads\/2013\/09\/VW-Golf-Highline-031-100x100.jpg 100w\" data-sizes=\"(max-width: 168px) 100vw, 168px\" src=\"data:image\/svg+xml;base64,PHN2ZyB3aWR0aD0iMSIgaGVpZ2h0PSIxIiB4bWxucz0iaHR0cDovL3d3dy53My5vcmcvMjAwMC9zdmciPjwvc3ZnPg==\" style=\"--smush-placeholder-width: 168px; --smush-placeholder-aspect-ratio: 168\/168;\" \/><\/a>\n\t\t\t\t<\/div>\n<div class='one_third'>\n\t\t\t\t\t<a href=\"https:\/\/autolivraria.com.br\/bc\/wp-content\/uploads\/2013\/09\/VW-Golf-Highline-05.jpg\"><img decoding=\"async\" class=\"aligncenter size-thumbnail wp-image-32220 lazyload\" title=\"VW Golf Highline\" data-src=\"https:\/\/autolivraria.com.br\/bc\/wp-content\/uploads\/2013\/09\/VW-Golf-Highline-05-168x168.jpg\" alt=\"\" width=\"168\" height=\"168\" data-srcset=\"https:\/\/autolivraria.com.br\/bc\/wp-content\/uploads\/2013\/09\/VW-Golf-Highline-05-168x168.jpg 168w, https:\/\/autolivraria.com.br\/bc\/wp-content\/uploads\/2013\/09\/VW-Golf-Highline-05-100x100.jpg 100w\" data-sizes=\"(max-width: 168px) 100vw, 168px\" src=\"data:image\/svg+xml;base64,PHN2ZyB3aWR0aD0iMSIgaGVpZ2h0PSIxIiB4bWxucz0iaHR0cDovL3d3dy53My5vcmcvMjAwMC9zdmciPjwvc3ZnPg==\" style=\"--smush-placeholder-width: 168px; --smush-placeholder-aspect-ratio: 168\/168;\" \/><\/a>\n\t\t\t\t<\/div>\n<div class='one_third last'>\n\t\t\t\t\t<a href=\"https:\/\/autolivraria.com.br\/bc\/wp-content\/uploads\/2013\/09\/VW-Golf-Highline-mtr.jpg\"><img decoding=\"async\" class=\"aligncenter size-thumbnail wp-image-32221 lazyload\" title=\"VW Golf Highline\" data-src=\"https:\/\/autolivraria.com.br\/bc\/wp-content\/uploads\/2013\/09\/VW-Golf-Highline-mtr-168x168.jpg\" alt=\"\" width=\"168\" height=\"168\" data-srcset=\"https:\/\/autolivraria.com.br\/bc\/wp-content\/uploads\/2013\/09\/VW-Golf-Highline-mtr-168x168.jpg 168w, https:\/\/autolivraria.com.br\/bc\/wp-content\/uploads\/2013\/09\/VW-Golf-Highline-mtr-100x100.jpg 100w\" data-sizes=\"(max-width: 168px) 100vw, 168px\" src=\"data:image\/svg+xml;base64,PHN2ZyB3aWR0aD0iMSIgaGVpZ2h0PSIxIiB4bWxucz0iaHR0cDovL3d3dy53My5vcmcvMjAwMC9zdmciPjwvc3ZnPg==\" style=\"--smush-placeholder-width: 168px; --smush-placeholder-aspect-ratio: 168\/168;\" \/><\/a>\n\t\t\t\t<\/div><div class='clear'><\/div>\n<p style=\"text-align: center;\"><em>\u00a0<\/em><br \/>\n<em>O motor turbo de 1,4 litro do Highline fornece torque m\u00e1ximo bem cedo, a 1.500 rpm,<\/em><br \/>\n<em>o que garante respostas \u00e1geis; o comportamento do carro agradou na avalia\u00e7\u00e3o\u00a0<\/em><\/p>\n<p>&nbsp;<\/p>\n<p>O c\u00e2mbio manual tem \u00f3timo comando, leve e preciso, e mant\u00e9m a usual marcha \u00e0 r\u00e9 junto \u00e0 primeira (aperta-se a alavanca para o engate). No DSG, agradam as mudan\u00e7as de marcha rapid\u00edssimas e sem interrup\u00e7\u00e3o de pot\u00eancia, mas quando se quer arrancar forte o carro parece lento por n\u00e3o ser poss\u00edvel elevar a rota\u00e7\u00e3o a mais de 1.500 rpm. Os modos normal e esportivo (D e S) agora alternam-se quando se p\u00f5e a alavanca para tr\u00e1s, ou seja, n\u00e3o h\u00e1 mais posi\u00e7\u00e3o definida. Trocas manuais podem ser feitas via alavanca, em canal lateral (subindo para frente), ou pelos comandos do volante (subindo pelo da direita). A troca \u00e9 autom\u00e1tica para cima mesmo em modo manual; com ele em uso, redu\u00e7\u00f5es s\u00f3 acontecem ao atingir o fim de curso do acelerador.<\/p>\n<p>Na Alemanha parecem n\u00e3o existir lombadas, valetas ou pisos degradados, mas ainda assim o Golf impressiona pela qualidade de rodagem, com suspens\u00e3o suave e baixo ru\u00eddo de pneus. Ap\u00f3s os ensaios no ADAC pegamos o GTI, que revela outra personalidade.<\/p>\n<p>&nbsp;<\/p>\n<div class='code-block code-block-7' style='margin: 28px auto; text-align: center; display: block; clear: both;'>\n<br>\n<div align=\"center\">\n<a target=\"_blank\" href=\"https:\/\/bestcars.com.br\/bc\/\">\n<img decoding=\"async\" data-src=\"https:\/\/bestcars.com.br\/bc\/wp-content\/uploads\/2021\/07\/Auto-Livraria-450x300-quadros.jpg\" alt=\"Auto Livraria\" src=\"data:image\/svg+xml;base64,PHN2ZyB3aWR0aD0iMSIgaGVpZ2h0PSIxIiB4bWxucz0iaHR0cDovL3d3dy53My5vcmcvMjAwMC9zdmciPjwvc3ZnPg==\" class=\"lazyload\"><\/a>\n<\/div>\n<br><\/div>\n\n<p>&nbsp;<\/p>\n<p>O motor est\u00e1 ainda mais vigoroso que o de outros modelos da marca e demonstra esse \u00edmpeto j\u00e1 no ronco encorpado, que se torna bem presente ao acelerar a fundo ou alcan\u00e7ar maior rota\u00e7\u00e3o, mas n\u00e3o a ponto de incomodar. Acelerar muito r\u00e1pido \u00e9 f\u00e1cil com o esportivo de 1.317 kg (menos de 6 kg\/cv), capaz de ir de 0 a 100 km\/h em 6,5 segundos e atingir 244 km\/h de acordo com a f\u00e1brica. Levado ao limite de quase 7.000 rpm, marcha ap\u00f3s marcha, o empurr\u00e3o nas costas e o suspiro grave que sai pelo escapamento a cada queda de rota\u00e7\u00e3o s\u00e3o puro prazer.<\/p>\n<p>Manter velocidade \u00e9 ainda mais tranquilo nele que no Highline. A mais de 220 km\/h em alguns trechos de <em>autobahn<\/em>\u00a0a sensa\u00e7\u00e3o \u00e9 de pleno controle, sem qualquer movimento anormal e com o volante firme nas m\u00e3os. O pre\u00e7o a pagar pelo comportamento din\u00e2mico \u00e9 certo desconforto: mesmo em pisos t\u00e3o bons quanto os alem\u00e3es, em cidade as imperfei\u00e7\u00f5es do piso s\u00e3o muito transmitidas pela dura suspens\u00e3o traseira. Resta verificar como ficou o acerto nas vias brasileiras.<\/p>\n<p>&nbsp;<\/p>\n<div class='one_third'>\n\t\t\t\t\t<a href=\"https:\/\/autolivraria.com.br\/bc\/wp-content\/uploads\/2013\/09\/VW-Golf-GTI-021.jpg\"><img decoding=\"async\" class=\"aligncenter size-thumbnail wp-image-32226 lazyload\" title=\"VW Golf GTI\" data-src=\"https:\/\/autolivraria.com.br\/bc\/wp-content\/uploads\/2013\/09\/VW-Golf-GTI-021-168x168.jpg\" alt=\"\" width=\"168\" height=\"168\" data-srcset=\"https:\/\/autolivraria.com.br\/bc\/wp-content\/uploads\/2013\/09\/VW-Golf-GTI-021-168x168.jpg 168w, https:\/\/autolivraria.com.br\/bc\/wp-content\/uploads\/2013\/09\/VW-Golf-GTI-021-100x100.jpg 100w\" data-sizes=\"(max-width: 168px) 100vw, 168px\" src=\"data:image\/svg+xml;base64,PHN2ZyB3aWR0aD0iMSIgaGVpZ2h0PSIxIiB4bWxucz0iaHR0cDovL3d3dy53My5vcmcvMjAwMC9zdmciPjwvc3ZnPg==\" style=\"--smush-placeholder-width: 168px; --smush-placeholder-aspect-ratio: 168\/168;\" \/><\/a>\n\t\t\t\t<\/div>\n<div class='one_third'>\n\t\t\t\t\t<a href=\"https:\/\/autolivraria.com.br\/bc\/wp-content\/uploads\/2013\/09\/VW-Golf-GTI-011.jpg\"><img decoding=\"async\" class=\"aligncenter size-thumbnail wp-image-32222 lazyload\" title=\"VW Golf GTI\" data-src=\"https:\/\/autolivraria.com.br\/bc\/wp-content\/uploads\/2013\/09\/VW-Golf-GTI-011-168x168.jpg\" alt=\"\" width=\"168\" height=\"168\" data-srcset=\"https:\/\/autolivraria.com.br\/bc\/wp-content\/uploads\/2013\/09\/VW-Golf-GTI-011-168x168.jpg 168w, https:\/\/autolivraria.com.br\/bc\/wp-content\/uploads\/2013\/09\/VW-Golf-GTI-011-100x100.jpg 100w\" data-sizes=\"(max-width: 168px) 100vw, 168px\" src=\"data:image\/svg+xml;base64,PHN2ZyB3aWR0aD0iMSIgaGVpZ2h0PSIxIiB4bWxucz0iaHR0cDovL3d3dy53My5vcmcvMjAwMC9zdmciPjwvc3ZnPg==\" style=\"--smush-placeholder-width: 168px; --smush-placeholder-aspect-ratio: 168\/168;\" \/><\/a>\n\t\t\t\t<\/div>\n<div class='one_third last'>\n\t\t\t\t\t<a href=\"https:\/\/autolivraria.com.br\/bc\/wp-content\/uploads\/2013\/09\/VW-Golf-GTI-15.jpg\"><img decoding=\"async\" class=\"aligncenter size-thumbnail wp-image-32227 lazyload\" title=\"VW Golf GTI\" data-src=\"https:\/\/autolivraria.com.br\/bc\/wp-content\/uploads\/2013\/09\/VW-Golf-GTI-15-168x168.jpg\" alt=\"\" width=\"168\" height=\"168\" data-srcset=\"https:\/\/autolivraria.com.br\/bc\/wp-content\/uploads\/2013\/09\/VW-Golf-GTI-15-168x168.jpg 168w, https:\/\/autolivraria.com.br\/bc\/wp-content\/uploads\/2013\/09\/VW-Golf-GTI-15-100x100.jpg 100w\" data-sizes=\"(max-width: 168px) 100vw, 168px\" src=\"data:image\/svg+xml;base64,PHN2ZyB3aWR0aD0iMSIgaGVpZ2h0PSIxIiB4bWxucz0iaHR0cDovL3d3dy53My5vcmcvMjAwMC9zdmciPjwvc3ZnPg==\" style=\"--smush-placeholder-width: 168px; --smush-placeholder-aspect-ratio: 168\/168;\" \/><\/a>\n\t\t\t\t<\/div><div class='clear'><\/div>\n<p style=\"text-align: center;\"><em>\u00a0<\/em><br \/>\n<em>O GTI cativa pelos sons do motor nas trocas de marcha e arrancadas<\/em>\u00a0<em>a pleno; os<br \/>\n220 cv garantem 0-100 km\/h em 6,5 segundos e boa velocidade na autobahn<\/em><\/p>\n<p>&nbsp;<\/p>\n<p>Os GTIs dirigidos no campo da ADAC tinham especifica\u00e7\u00e3o alem\u00e3, que inclui op\u00e7\u00f5es como pneus de 19 pol e controle eletr\u00f4nico de amortecimento, o que invalida parte das impress\u00f5es colhidas l\u00e1 com o esportivo, como o comportamento quase neutro em curvas r\u00e1pidas, sobretudo no modo mais firme da suspens\u00e3o \u2014 uma pena n\u00e3o haver esse opcional por aqui, j\u00e1 que favoreceria tamb\u00e9m o conforto. A caixa DSG mant\u00e9m a atua\u00e7\u00e3o impec\u00e1vel e em programa esporte faz redu\u00e7\u00f5es frequentes, com um ronco delicioso na\u00a0<a href=\"https:\/\/autolivraria.com.br\/bc\/glossario-a\/#inte\">acelera\u00e7\u00e3o interina<\/a>, quando cai a velocidade ou se pede a mudan\u00e7a.<\/p>\n<p>As primeiras impress\u00f5es com o novo Golf foram das melhores. D\u00e1 satisfa\u00e7\u00e3o ver um leg\u00edtimo carro m\u00e9dio de Primeiro Mundo chegar ao Brasil pouco ap\u00f3s o lan\u00e7amento na origem, trazendo a grande maioria dos conte\u00fados de conforto e seguran\u00e7a oferecidos por l\u00e1, a pre\u00e7os que julgamos muito competitivos com o que existe de mais pr\u00f3ximo no mercado.<\/p>\n<p>Sobre os valores, nota-se que a VW buscou cifras atraentes para as vers\u00f5es b\u00e1sicas, deixando para os opcionais a margem de lucro mais gorda \u2014 que tal R$ 10 mil para acrescentar far\u00f3is de <a href=\"https:\/\/autolivraria.com.br\/bc\/glossario-l\/#lamp\">xen\u00f4nio<\/a> e bancos de couro ao Highline ou R$ 16 mil para fazer o mesmo pelo GTI? Isso pode incomodar quem busca os carros mais equipados, mas os que se satisfizerem com os pacotes de entrada ter\u00e3o no Golf 7 um grande neg\u00f3cio.<\/p>\n<p>&nbsp;<\/p>\n<div class='et-box et-shadow'>\n\t\t\t\t\t<div class='et-box-content'><h2>Ficha t\u00e9cnica<\/h2>\n<table id=\"table61\" style=\"width: 100%;\" border=\"0\" cellspacing=\"0\" cellpadding=\"3\">\n<tbody>\n<tr>\n<td style=\"width: 33%;\" valign=\"top\"><\/td>\n<td style=\"width: 33%;\" valign=\"top\">\n<h1>Highline<\/h1>\n<\/td>\n<td style=\"width: 33%;\" valign=\"top\">\n<h1>GTI<\/h1>\n<\/td>\n<\/tr>\n<tr>\n<td style=\"width: 33%;\" colspan=\"3\" valign=\"top\">Motor<\/td>\n<\/tr>\n<tr>\n<td style=\"width: 33%;\" valign=\"top\">Posi\u00e7\u00e3o<\/td>\n<td style=\"width: 33%;\" valign=\"top\">transversal<\/td>\n<td style=\"width: 33%;\" valign=\"top\"><\/td>\n<\/tr>\n<tr>\n<td style=\"width: 33%;\" valign=\"top\">Cilindros<\/td>\n<td style=\"width: 33%;\" valign=\"top\">4 em linha<\/td>\n<td style=\"width: 33%;\" valign=\"top\"><\/td>\n<\/tr>\n<tr>\n<td style=\"width: 33%;\" valign=\"top\">Comando de v\u00e1lvulas<\/td>\n<td style=\"width: 33%;\" colspan=\"2\" valign=\"top\">duplo no cabe\u00e7ote<\/td>\n<\/tr>\n<tr>\n<td style=\"width: 33%;\" valign=\"top\">V\u00e1lvulas por cilindro<\/td>\n<td style=\"width: 33%;\" colspan=\"2\" valign=\"top\">4, varia\u00e7\u00e3o de tempo<\/td>\n<\/tr>\n<tr>\n<td style=\"width: 33%;\" valign=\"top\">Di\u00e2metro e curso<\/td>\n<td style=\"width: 33%;\" valign=\"top\">74,5 x 80 mm<\/td>\n<td style=\"width: 33%;\" valign=\"top\">82,5 x 92,8 mm<\/td>\n<\/tr>\n<tr>\n<td style=\"width: 33%;\" valign=\"top\">Cilindrada<\/td>\n<td style=\"width: 33%;\" valign=\"top\">1.395 cm\u00b3<\/td>\n<td style=\"width: 33%;\" valign=\"top\">1.984 cm\u00b3<\/td>\n<\/tr>\n<tr>\n<td style=\"width: 33%;\" valign=\"top\">Taxa de compress\u00e3o<\/td>\n<td style=\"width: 33%;\" valign=\"top\">10,5:1<\/td>\n<td style=\"width: 33%;\" valign=\"top\">9,6:1<\/td>\n<\/tr>\n<tr>\n<td style=\"width: 33%;\" valign=\"top\">Alimenta\u00e7\u00e3o<\/td>\n<td style=\"width: 33%;\" colspan=\"2\" valign=\"top\">inje\u00e7\u00e3o direta, turbocompressor, resfriador de ar<\/td>\n<\/tr>\n<tr>\n<td style=\"width: 33%;\" valign=\"top\">Pot\u00eancia m\u00e1xima<\/td>\n<td style=\"width: 33%;\" valign=\"top\">140 cv de 4.500 a 6.000 rpm<\/td>\n<td style=\"width: 33%;\" valign=\"top\">220 cv de 4.500 a 6.200 rpm<\/td>\n<\/tr>\n<tr>\n<td style=\"width: 33%;\" valign=\"top\">Torque m\u00e1ximo<\/td>\n<td style=\"width: 33%;\" valign=\"top\">25,5 m.kgf de 1.500\na 3.500 rpm<\/td>\n<td style=\"width: 33%;\" valign=\"top\">35,7 m.kgf de 1.500\na 4.400 rpm<\/td>\n<\/tr>\n<tr>\n<td style=\"width: 33%;\" colspan=\"3\" valign=\"top\">Transmiss\u00e3o<\/td>\n<\/tr>\n<tr>\n<td style=\"width: 33%;\" valign=\"top\">Tipo de c\u00e2mbio e marchas<\/td>\n<td style=\"width: 33%;\" valign=\"top\">manual, 6 ou automatizado de dupla embreagem, 7<\/td>\n<td style=\"width: 33%;\" valign=\"top\">automatizado de dupla embreagem, 6<\/td>\n<\/tr>\n<tr>\n<td style=\"width: 33%;\" valign=\"top\">Tra\u00e7\u00e3o<\/td>\n<td style=\"width: 33%;\" valign=\"top\">dianteira<\/td>\n<td style=\"width: 33%;\" valign=\"top\"><\/td>\n<\/tr>\n<tr>\n<td style=\"width: 33%;\" colspan=\"3\" valign=\"top\">Freios<\/td>\n<\/tr>\n<tr>\n<td style=\"width: 33%;\" valign=\"top\">Dianteiros<\/td>\n<td style=\"width: 33%;\" colspan=\"2\" valign=\"top\">a disco ventilado<\/td>\n<\/tr>\n<tr>\n<td style=\"width: 33%;\" valign=\"top\">Traseiros<\/td>\n<td style=\"width: 33%;\" colspan=\"2\" valign=\"top\">a disco<\/td>\n<\/tr>\n<tr>\n<td style=\"width: 33%;\" valign=\"top\">Antitravamento (ABS)<\/td>\n<td style=\"width: 33%;\" colspan=\"2\" valign=\"top\">sim<\/td>\n<\/tr>\n<tr>\n<td style=\"width: 33%;\" colspan=\"3\" valign=\"top\">Dire\u00e7\u00e3o<\/td>\n<\/tr>\n<tr>\n<td style=\"width: 33%;\" valign=\"top\">Sistema<\/td>\n<td style=\"width: 33%;\" colspan=\"2\" valign=\"top\">pinh\u00e3o e cremalheira<\/td>\n<\/tr>\n<tr>\n<td style=\"width: 33%;\" valign=\"top\">Assist\u00eancia<\/td>\n<td style=\"width: 33%;\" colspan=\"2\" valign=\"top\">el\u00e9trica<\/td>\n<\/tr>\n<tr>\n<td style=\"width: 33%;\" colspan=\"3\" valign=\"top\">Suspens\u00e3o<\/td>\n<\/tr>\n<tr>\n<td style=\"width: 33%;\" valign=\"top\">Dianteira<\/td>\n<td style=\"width: 33%;\" colspan=\"2\" valign=\"top\">independente, McPherson, mola helicoidal<\/td>\n<\/tr>\n<tr>\n<td style=\"width: 33%;\" valign=\"top\">Traseira<\/td>\n<td style=\"width: 33%;\" colspan=\"2\" valign=\"top\">independente, multibra\u00e7o, mola helicoidal<\/td>\n<\/tr>\n<tr>\n<td style=\"width: 33%;\" colspan=\"3\" valign=\"top\">Rodas<\/td>\n<\/tr>\n<tr>\n<td style=\"width: 33%;\" valign=\"top\">Dimens\u00f5es<\/td>\n<td style=\"width: 33%;\" valign=\"top\">6,5 x 16 pol<\/td>\n<td style=\"width: 33%;\" valign=\"top\">7,5 x 17 pol<\/td>\n<\/tr>\n<tr>\n<td style=\"width: 33%;\" valign=\"top\">Pneus<\/td>\n<td style=\"width: 33%;\" valign=\"top\">205\/55 R 16<\/td>\n<td style=\"width: 33%;\" valign=\"top\">225\/45 R 17<\/td>\n<\/tr>\n<tr>\n<td style=\"width: 33%;\" colspan=\"3\" valign=\"top\">Dimens\u00f5es<\/td>\n<\/tr>\n<tr>\n<td style=\"width: 33%;\" valign=\"top\">Comprimento<\/td>\n<td style=\"width: 33%;\" valign=\"top\">4,255 m<\/td>\n<td style=\"width: 33%;\" valign=\"top\">4,268 m<\/td>\n<\/tr>\n<tr>\n<td style=\"width: 33%;\" valign=\"top\">Largura<\/td>\n<td style=\"width: 33%;\" valign=\"top\">1,799 m<\/td>\n<td style=\"width: 33%;\" valign=\"top\"><\/td>\n<\/tr>\n<tr>\n<td style=\"width: 33%;\" valign=\"top\">Altura<\/td>\n<td style=\"width: 33%;\" valign=\"top\">1,468 m<\/td>\n<td style=\"width: 33%;\" valign=\"top\">1,456 m<\/td>\n<\/tr>\n<tr>\n<td style=\"width: 33%;\" valign=\"top\">Entre-eixos<\/td>\n<td style=\"width: 33%;\" valign=\"top\">2,63 m<\/td>\n<td style=\"width: 33%;\" valign=\"top\"><\/td>\n<\/tr>\n<tr>\n<td style=\"width: 33%;\" colspan=\"3\" valign=\"top\">Capacidades e peso<\/td>\n<\/tr>\n<tr>\n<td style=\"width: 33%;\" valign=\"top\">Tanque de combust\u00edvel<\/td>\n<td style=\"width: 33%;\" valign=\"top\">50 l<\/td>\n<td style=\"width: 33%;\" valign=\"top\"><\/td>\n<\/tr>\n<tr>\n<td style=\"width: 33%;\" valign=\"top\">Compartimento de bagagem<\/td>\n<td style=\"width: 33%;\" valign=\"top\">313 l<\/td>\n<td style=\"width: 33%;\" valign=\"top\">338 l<\/td>\n<\/tr>\n<tr>\n<td style=\"width: 33%;\" valign=\"top\">Peso em ordem de marcha<\/td>\n<td style=\"width: 33%;\" valign=\"top\">1.218 kg<\/td>\n<td style=\"width: 33%;\" valign=\"top\">1.317 kg<\/td>\n<\/tr>\n<tr>\n<td style=\"width: 33%;\" colspan=\"3\" valign=\"top\">Desempenho<\/td>\n<\/tr>\n<tr>\n<td style=\"width: 33%;\" valign=\"top\">Velocidade m\u00e1xima<\/td>\n<td style=\"width: 33%;\" valign=\"top\">212 km\/h<\/td>\n<td style=\"width: 33%;\" valign=\"top\">244 km\/h<\/td>\n<\/tr>\n<tr>\n<td style=\"width: 33%;\" valign=\"top\">Acelera\u00e7\u00e3o de 0 a 100 km\/h<\/td>\n<td style=\"width: 33%;\" valign=\"top\">8,4 s<\/td>\n<td style=\"width: 33%;\" valign=\"top\">6,5 s<\/td>\n<\/tr>\n<tr>\n<td style=\"width: 33%;\" colspan=\"3\" valign=\"top\">Dados do fabricante; consumo n\u00e3o dispon\u00edvel<\/td>\n<\/tr>\n<\/tbody>\n<\/table><\/div><\/div>\n<p>&nbsp;<\/p>\n<p>&nbsp;<\/p>\n","protected":false},"excerpt":{"rendered":"<p>Hatch vem com projeto moderno, inova\u00e7\u00f5es em seguran\u00e7a e forte rela\u00e7\u00e3o custo-benef\u00edcio nas vers\u00f5es Highline e GTI<\/p>\n","protected":false},"author":6,"featured_media":32199,"comment_status":"open","ping_status":"closed","sticky":false,"template":"","format":"standard","meta":{"_joinchat":[],"footnotes":""},"categories":[1841],"tags":[80,151,501,917,2782,575,60],"class_list":["post-32198","post","type-post","status-publish","format-standard","has-post-thumbnail","hentry","category-volkswagen-avaliacao","tag-avaliacao-2","tag-esportivo","tag-golf","tag-golf-gti","tag-golf-highline","tag-turbo","tag-volkswagen"],"amp_enabled":true,"_links":{"self":[{"href":"https:\/\/autolivraria.com.br\/bc\/wp-json\/wp\/v2\/posts\/32198","targetHints":{"allow":["GET"]}}],"collection":[{"href":"https:\/\/autolivraria.com.br\/bc\/wp-json\/wp\/v2\/posts"}],"about":[{"href":"https:\/\/autolivraria.com.br\/bc\/wp-json\/wp\/v2\/types\/post"}],"author":[{"embeddable":true,"href":"https:\/\/autolivraria.com.br\/bc\/wp-json\/wp\/v2\/users\/6"}],"replies":[{"embeddable":true,"href":"https:\/\/autolivraria.com.br\/bc\/wp-json\/wp\/v2\/comments?post=32198"}],"version-history":[{"count":0,"href":"https:\/\/autolivraria.com.br\/bc\/wp-json\/wp\/v2\/posts\/32198\/revisions"}],"wp:featuredmedia":[{"embeddable":true,"href":"https:\/\/autolivraria.com.br\/bc\/wp-json\/wp\/v2\/media\/32199"}],"wp:attachment":[{"href":"https:\/\/autolivraria.com.br\/bc\/wp-json\/wp\/v2\/media?parent=32198"}],"wp:term":[{"taxonomy":"category","embeddable":true,"href":"https:\/\/autolivraria.com.br\/bc\/wp-json\/wp\/v2\/categories?post=32198"},{"taxonomy":"post_tag","embeddable":true,"href":"https:\/\/autolivraria.com.br\/bc\/wp-json\/wp\/v2\/tags?post=32198"}],"curies":[{"name":"wp","href":"https:\/\/api.w.org\/{rel}","templated":true}]}}