{"id":32918,"date":"2013-09-17T09:00:37","date_gmt":"2013-09-17T12:00:37","guid":{"rendered":"http:\/\/bestcars.uol.com.br\/bc\/?p=32918"},"modified":"2013-09-20T10:37:49","modified_gmt":"2013-09-20T13:37:49","slug":"fiat-palio-fire-edicao-limitada-italia-por-r-316-mil","status":"publish","type":"post","link":"https:\/\/autolivraria.com.br\/bc\/informe-se\/noticias\/fiat-palio-fire-edicao-limitada-italia-por-r-316-mil\/","title":{"rendered":"Fiat Palio Fire: edi\u00e7\u00e3o limitada It\u00e1lia por R$ 31,6 mil"},"content":{"rendered":"<p><a href=\"https:\/\/autolivraria.com.br\/bc\/wp-content\/uploads\/2013\/09\/Fiat-Palio-Fire-Italia-01.jpg\"><img fetchpriority=\"high\" decoding=\"async\" class=\"aligncenter size-medium wp-image-32919\" title=\"Fiat Palio Fire Italia 01\" src=\"https:\/\/autolivraria.com.br\/bc\/wp-content\/uploads\/2013\/09\/Fiat-Palio-Fire-Italia-01-560x373.jpg\" alt=\"\" width=\"560\" height=\"373\" srcset=\"https:\/\/autolivraria.com.br\/bc\/wp-content\/uploads\/2013\/09\/Fiat-Palio-Fire-Italia-01-560x373.jpg 560w, https:\/\/autolivraria.com.br\/bc\/wp-content\/uploads\/2013\/09\/Fiat-Palio-Fire-Italia-01-470x313.jpg 470w, https:\/\/autolivraria.com.br\/bc\/wp-content\/uploads\/2013\/09\/Fiat-Palio-Fire-Italia-01-270x179.jpg 270w, https:\/\/autolivraria.com.br\/bc\/wp-content\/uploads\/2013\/09\/Fiat-Palio-Fire-Italia-01.jpg 1280w\" sizes=\"(max-width: 560px) 100vw, 560px\" \/><\/a><\/p>\n<p>&nbsp;<\/p>\n<p>A s\u00e9rie especial It\u00e1lia chega ao Fiat Palio Fire, o modelo b\u00e1sico de antiga gera\u00e7\u00e3o da linha. A edi\u00e7\u00e3o traz itens como bordado <em>It\u00e1lia<\/em> nos bancos dianteiros, porta-\u00f3culos, comando interno para retrovisores externos, conta-giros e cintos laterais traseiros retr\u00e1teis de tr\u00eas pontos. Por fora, recebe far\u00f3is escurecidos com anel cromado, far\u00f3is de neblina, saias laterais, rodas de 14 pol (de a\u00e7o) e logotipo <em>It\u00e1lia.\u00a0<\/em>Entre os equipamentos de s\u00e9rie est\u00e3o ar-condicionado, dire\u00e7\u00e3o assistida, travas e vidros dianteiros el\u00e9tricos. A vers\u00e3o custa R$ 31.580, que passam a R$ 32.388 com pintura met\u00e1lica. A s\u00e9rie It\u00e1lia est\u00e1 presente ainda no novo Uno Economy, no novo Palio Attractive e na Strada Working; antes foi oferecida para Punto e Idea.<\/p>\n<p>&nbsp;<\/p>\n<div class='code-block code-block-7' style='margin: 28px auto; text-align: center; display: block; clear: both;'>\n<script async src=\"https:\/\/pagead2.googlesyndication.com\/pagead\/js\/adsbygoogle.js\"><\/script>\n<!-- AL-quadrado -->\n<ins class=\"adsbygoogle\"\n     style=\"display:block\"\n     data-ad-client=\"ca-pub-1914799802606213\"\n     data-ad-slot=\"5683066082\"\n     data-ad-format=\"auto\"\n     data-full-width-responsive=\"true\"><\/ins>\n<script>\n     (adsbygoogle = window.adsbygoogle || []).push({});\n<\/script><\/div>\n\n<p>&nbsp;<\/p>\n<div id='gallery-1' class='gallery galleryid-32918 gallery-columns-3 gallery-size-thumbnail'><figure class='gallery-item'>\n\t\t\t<div class='gallery-icon landscape'>\n\t\t\t\t<a href='https:\/\/autolivraria.com.br\/bc\/wp-content\/uploads\/2013\/09\/Fiat-Palio-Fire-Italia-01.jpg'><img decoding=\"async\" width=\"168\" height=\"168\" data-src=\"https:\/\/autolivraria.com.br\/bc\/wp-content\/uploads\/2013\/09\/Fiat-Palio-Fire-Italia-01-168x168.jpg\" class=\"attachment-thumbnail size-thumbnail lazyload\" alt=\"\" src=\"data:image\/svg+xml;base64,PHN2ZyB3aWR0aD0iMSIgaGVpZ2h0PSIxIiB4bWxucz0iaHR0cDovL3d3dy53My5vcmcvMjAwMC9zdmciPjwvc3ZnPg==\" style=\"--smush-placeholder-width: 168px; --smush-placeholder-aspect-ratio: 168\/168;\" \/><\/a>\n\t\t\t<\/div><\/figure><figure class='gallery-item'>\n\t\t\t<div class='gallery-icon landscape'>\n\t\t\t\t<a href='https:\/\/autolivraria.com.br\/bc\/wp-content\/uploads\/2013\/09\/Fiat-Palio-Fire-Italia-02.jpg'><img decoding=\"async\" width=\"168\" height=\"168\" data-src=\"https:\/\/autolivraria.com.br\/bc\/wp-content\/uploads\/2013\/09\/Fiat-Palio-Fire-Italia-02-168x168.jpg\" class=\"attachment-thumbnail size-thumbnail lazyload\" alt=\"\" src=\"data:image\/svg+xml;base64,PHN2ZyB3aWR0aD0iMSIgaGVpZ2h0PSIxIiB4bWxucz0iaHR0cDovL3d3dy53My5vcmcvMjAwMC9zdmciPjwvc3ZnPg==\" style=\"--smush-placeholder-width: 168px; --smush-placeholder-aspect-ratio: 168\/168;\" \/><\/a>\n\t\t\t<\/div><\/figure><figure class='gallery-item'>\n\t\t\t<div class='gallery-icon landscape'>\n\t\t\t\t<a href='https:\/\/autolivraria.com.br\/bc\/wp-content\/uploads\/2013\/09\/Fiat-Palio-Fire-Italia-03.jpg'><img decoding=\"async\" width=\"168\" height=\"168\" data-src=\"https:\/\/autolivraria.com.br\/bc\/wp-content\/uploads\/2013\/09\/Fiat-Palio-Fire-Italia-03-168x168.jpg\" class=\"attachment-thumbnail size-thumbnail lazyload\" alt=\"\" src=\"data:image\/svg+xml;base64,PHN2ZyB3aWR0aD0iMSIgaGVpZ2h0PSIxIiB4bWxucz0iaHR0cDovL3d3dy53My5vcmcvMjAwMC9zdmciPjwvc3ZnPg==\" style=\"--smush-placeholder-width: 168px; --smush-placeholder-aspect-ratio: 168\/168;\" \/><\/a>\n\t\t\t<\/div><\/figure><figure class='gallery-item'>\n\t\t\t<div class='gallery-icon landscape'>\n\t\t\t\t<a href='https:\/\/autolivraria.com.br\/bc\/wp-content\/uploads\/2013\/09\/Fiat-Palio-Fire-Italia-04.jpg'><img decoding=\"async\" width=\"168\" height=\"168\" data-src=\"https:\/\/autolivraria.com.br\/bc\/wp-content\/uploads\/2013\/09\/Fiat-Palio-Fire-Italia-04-168x168.jpg\" class=\"attachment-thumbnail size-thumbnail lazyload\" alt=\"\" src=\"data:image\/svg+xml;base64,PHN2ZyB3aWR0aD0iMSIgaGVpZ2h0PSIxIiB4bWxucz0iaHR0cDovL3d3dy53My5vcmcvMjAwMC9zdmciPjwvc3ZnPg==\" style=\"--smush-placeholder-width: 168px; --smush-placeholder-aspect-ratio: 168\/168;\" \/><\/a>\n\t\t\t<\/div><\/figure><figure class='gallery-item'>\n\t\t\t<div class='gallery-icon landscape'>\n\t\t\t\t<a href='https:\/\/autolivraria.com.br\/bc\/wp-content\/uploads\/2013\/09\/Fiat-Palio-Fire-Italia-05.jpg'><img decoding=\"async\" width=\"168\" height=\"168\" data-src=\"https:\/\/autolivraria.com.br\/bc\/wp-content\/uploads\/2013\/09\/Fiat-Palio-Fire-Italia-05-168x168.jpg\" class=\"attachment-thumbnail size-thumbnail lazyload\" alt=\"\" src=\"data:image\/svg+xml;base64,PHN2ZyB3aWR0aD0iMSIgaGVpZ2h0PSIxIiB4bWxucz0iaHR0cDovL3d3dy53My5vcmcvMjAwMC9zdmciPjwvc3ZnPg==\" style=\"--smush-placeholder-width: 168px; --smush-placeholder-aspect-ratio: 168\/168;\" \/><\/a>\n\t\t\t<\/div><\/figure><figure class='gallery-item'>\n\t\t\t<div class='gallery-icon landscape'>\n\t\t\t\t<a href='https:\/\/autolivraria.com.br\/bc\/wp-content\/uploads\/2013\/09\/Fiat-Palio-Fire-Italia-06.jpg'><img decoding=\"async\" width=\"168\" height=\"168\" data-src=\"https:\/\/autolivraria.com.br\/bc\/wp-content\/uploads\/2013\/09\/Fiat-Palio-Fire-Italia-06-168x168.jpg\" class=\"attachment-thumbnail size-thumbnail lazyload\" alt=\"\" src=\"data:image\/svg+xml;base64,PHN2ZyB3aWR0aD0iMSIgaGVpZ2h0PSIxIiB4bWxucz0iaHR0cDovL3d3dy53My5vcmcvMjAwMC9zdmciPjwvc3ZnPg==\" style=\"--smush-placeholder-width: 168px; --smush-placeholder-aspect-ratio: 168\/168;\" \/><\/a>\n\t\t\t<\/div><\/figure>\n\t\t<\/div>\n\n<p>&nbsp;<\/p>\n","protected":false},"excerpt":{"rendered":"<p>&nbsp; A s\u00e9rie especial It\u00e1lia chega ao Fiat Palio Fire, o modelo b\u00e1sico de antiga gera\u00e7\u00e3o da linha. A edi\u00e7\u00e3o traz itens como bordado It\u00e1lia nos bancos dianteiros, porta-\u00f3culos, comando interno para retrovisores externos, conta-giros e cintos laterais traseiros retr\u00e1teis de tr\u00eas pontos. Por fora, recebe far\u00f3is escurecidos com anel cromado, far\u00f3is de neblina, saias<\/p>\n","protected":false},"author":6,"featured_media":32920,"comment_status":"open","ping_status":"closed","sticky":false,"template":"","format":"standard","meta":{"_joinchat":[],"footnotes":""},"categories":[8],"tags":[2154,57,94,150,2799],"class_list":["post-32918","post","type-post","status-publish","format-standard","has-post-thumbnail","hentry","category-noticias","tag-edicao-especial","tag-fiat","tag-noticias-2","tag-palio","tag-palio-fire"],"amp_enabled":true,"_links":{"self":[{"href":"https:\/\/autolivraria.com.br\/bc\/wp-json\/wp\/v2\/posts\/32918","targetHints":{"allow":["GET"]}}],"collection":[{"href":"https:\/\/autolivraria.com.br\/bc\/wp-json\/wp\/v2\/posts"}],"about":[{"href":"https:\/\/autolivraria.com.br\/bc\/wp-json\/wp\/v2\/types\/post"}],"author":[{"embeddable":true,"href":"https:\/\/autolivraria.com.br\/bc\/wp-json\/wp\/v2\/users\/6"}],"replies":[{"embeddable":true,"href":"https:\/\/autolivraria.com.br\/bc\/wp-json\/wp\/v2\/comments?post=32918"}],"version-history":[{"count":0,"href":"https:\/\/autolivraria.com.br\/bc\/wp-json\/wp\/v2\/posts\/32918\/revisions"}],"wp:featuredmedia":[{"embeddable":true,"href":"https:\/\/autolivraria.com.br\/bc\/wp-json\/wp\/v2\/media\/32920"}],"wp:attachment":[{"href":"https:\/\/autolivraria.com.br\/bc\/wp-json\/wp\/v2\/media?parent=32918"}],"wp:term":[{"taxonomy":"category","embeddable":true,"href":"https:\/\/autolivraria.com.br\/bc\/wp-json\/wp\/v2\/categories?post=32918"},{"taxonomy":"post_tag","embeddable":true,"href":"https:\/\/autolivraria.com.br\/bc\/wp-json\/wp\/v2\/tags?post=32918"}],"curies":[{"name":"wp","href":"https:\/\/api.w.org\/{rel}","templated":true}]}}