{"id":33971,"date":"2013-10-08T09:25:13","date_gmt":"2013-10-08T12:25:13","guid":{"rendered":"http:\/\/bestcars.uol.com.br\/bc\/?p=33971"},"modified":"2013-10-18T10:02:24","modified_gmt":"2013-10-18T13:02:24","slug":"412-avaliacao-peugeot-408-conforto-a-avaliar-de-olhos-bem-abertos","status":"publish","type":"post","link":"https:\/\/autolivraria.com.br\/bc\/informe-se\/guia-compra\/412-avaliacao-peugeot-408-conforto-a-avaliar-de-olhos-bem-abertos\/","title":{"rendered":"Peugeot 408: conforto a avaliar de olhos bem abertos"},"content":{"rendered":"<p><a href=\"https:\/\/autolivraria.com.br\/bc\/wp-content\/uploads\/2013\/08\/Peugeot-408-Allure-03.jpg\"><img fetchpriority=\"high\" decoding=\"async\" class=\"aligncenter size-medium wp-image-31612\" title=\"Peugeot 408 Allure\" src=\"https:\/\/autolivraria.com.br\/bc\/wp-content\/uploads\/2013\/08\/Peugeot-408-Allure-03-560x373.jpg\" alt=\"\" width=\"560\" height=\"373\" srcset=\"https:\/\/autolivraria.com.br\/bc\/wp-content\/uploads\/2013\/08\/Peugeot-408-Allure-03-560x373.jpg 560w, https:\/\/autolivraria.com.br\/bc\/wp-content\/uploads\/2013\/08\/Peugeot-408-Allure-03-470x313.jpg 470w, https:\/\/autolivraria.com.br\/bc\/wp-content\/uploads\/2013\/08\/Peugeot-408-Allure-03-270x179.jpg 270w, https:\/\/autolivraria.com.br\/bc\/wp-content\/uploads\/2013\/08\/Peugeot-408-Allure-03.jpg 1280w\" sizes=\"(max-width: 560px) 100vw, 560px\" \/><\/a><\/p>\n<p>&nbsp;<\/p>\n<h2>Espa\u00e7oso, bem-equipado e bom de dirigir, o sed\u00e3 franco-<br \/>\nargentino merece aten\u00e7\u00e3o a alguns problemas frequentes<\/h2>\n<p><em>Texto: Luiz Fernando Wernz \u2013 Fotos: divulga\u00e7\u00e3o<\/em><\/p>\n<p>&nbsp;<\/p>\n<p>O segmento dos sed\u00e3s m\u00e9dios foi bem representado pela Peugeot no Brasil nos anos 90, na \u00e9poca da abertura das importa\u00e7\u00f5es, e in\u00edcio dos anos 2000. Modelos de relativo sucesso, como o 405 e o 406, tinham presen\u00e7a frequente em nossas ruas e estradas, repetindo em parte o sucesso que faziam em seu pa\u00eds de origem, a Fran\u00e7a.<\/p>\n<p>Contudo, o sucessor do Peugeot 406, o 407, evoluiu tanto em rela\u00e7\u00e3o a seu antecessor que mudou de categoria, deixando a marca sem um representante no segmento dos m\u00e9dios at\u00e9 a chegada do 307 Sedan, em 2007. O problema \u00e9 que o estilo desse 307 n\u00e3o era dos mais felizes, o que impediu que suas vendas alavancassem, a despeito das v\u00e1rias qualidades do modelo.<\/p>\n<p>&nbsp;<\/p>\n<div class='one_half'>\n\t\t\t\t\t<a href=\"https:\/\/autolivraria.com.br\/bc\/wp-content\/uploads\/2013\/10\/Peugeot-408-Griffe-02.jpg\"><img decoding=\"async\" class=\"aligncenter size-meia-largura-post wp-image-33973 lazyload\" title=\"Peugeot 408 Griffe\" data-src=\"https:\/\/autolivraria.com.br\/bc\/wp-content\/uploads\/2013\/10\/Peugeot-408-Griffe-02-270x179.jpg\" alt=\"\" width=\"270\" height=\"179\" data-srcset=\"https:\/\/autolivraria.com.br\/bc\/wp-content\/uploads\/2013\/10\/Peugeot-408-Griffe-02-270x179.jpg 270w, https:\/\/autolivraria.com.br\/bc\/wp-content\/uploads\/2013\/10\/Peugeot-408-Griffe-02-560x373.jpg 560w, https:\/\/autolivraria.com.br\/bc\/wp-content\/uploads\/2013\/10\/Peugeot-408-Griffe-02-470x313.jpg 470w, https:\/\/autolivraria.com.br\/bc\/wp-content\/uploads\/2013\/10\/Peugeot-408-Griffe-02.jpg 1280w\" data-sizes=\"(max-width: 270px) 100vw, 270px\" src=\"data:image\/svg+xml;base64,PHN2ZyB3aWR0aD0iMSIgaGVpZ2h0PSIxIiB4bWxucz0iaHR0cDovL3d3dy53My5vcmcvMjAwMC9zdmciPjwvc3ZnPg==\" style=\"--smush-placeholder-width: 270px; --smush-placeholder-aspect-ratio: 270\/179;\" \/><\/a>\n\t\t\t\t<\/div>\n<div class='one_half last'>\n\t\t\t\t\t<a href=\"https:\/\/autolivraria.com.br\/bc\/wp-content\/uploads\/2013\/10\/Peugeot-408-Griffe-01.jpg\"><img decoding=\"async\" class=\"aligncenter size-meia-largura-post wp-image-33974 lazyload\" title=\"Peugeot 408 Griffe\" data-src=\"https:\/\/autolivraria.com.br\/bc\/wp-content\/uploads\/2013\/10\/Peugeot-408-Griffe-01-270x179.jpg\" alt=\"\" width=\"270\" height=\"179\" data-srcset=\"https:\/\/autolivraria.com.br\/bc\/wp-content\/uploads\/2013\/10\/Peugeot-408-Griffe-01-270x179.jpg 270w, https:\/\/autolivraria.com.br\/bc\/wp-content\/uploads\/2013\/10\/Peugeot-408-Griffe-01-560x373.jpg 560w, https:\/\/autolivraria.com.br\/bc\/wp-content\/uploads\/2013\/10\/Peugeot-408-Griffe-01-470x313.jpg 470w, https:\/\/autolivraria.com.br\/bc\/wp-content\/uploads\/2013\/10\/Peugeot-408-Griffe-01.jpg 1280w\" data-sizes=\"(max-width: 270px) 100vw, 270px\" src=\"data:image\/svg+xml;base64,PHN2ZyB3aWR0aD0iMSIgaGVpZ2h0PSIxIiB4bWxucz0iaHR0cDovL3d3dy53My5vcmcvMjAwMC9zdmciPjwvc3ZnPg==\" style=\"--smush-placeholder-width: 270px; --smush-placeholder-aspect-ratio: 270\/179;\" \/><\/a>\n\t\t\t\t<\/div><div class='clear'><\/div>\n<p style=\"text-align: center;\"><em>\u00a0<\/em><br \/>\n<em>Maior que o 307 sed\u00e3 e com linhas mais equilibradas, o 408 atendeu ao objetivo da<\/em><br \/>\n<em>Peugeot: oferecer um m\u00e9dio espa\u00e7oso e elegante a custo menor que o do 407<\/em><\/p>\n<p>&nbsp;<\/p>\n<p>Para que os mercados emergentes voltassem a contar com um Peugeot de estilo acertado e que n\u00e3o fosse sofisticado a ponto de se tornar pouco competitivo, as filiais chinesa e brasileira da Peugeot buscaram um carro maior que o 307 Sedan, com estilo atraente e que, ao mesmo tempo, tivesse produ\u00e7\u00e3o mais simples e barata que a do 407. Foi assim que nasceu o 408, concebido a partir do hatch 308 franc\u00eas, com dist\u00e2ncia entre eixos revista e estilo pr\u00f3prio e bem resolvido.<\/p>\n<p>&nbsp;<\/p>\n<blockquote><p>Com motor de 165 cv, o 408 THP n\u00e3o tinha como\u00a0foco ser um sed\u00e3 esportivo, mas uma op\u00e7\u00e3o com desempenho aprimorado e mais tecnologia<\/p><\/blockquote>\n<p>&nbsp;<\/p>\n<p>O Peugeot 408 desembarcou no Brasil, importado da Argentina, em fevereiro de 2011. De in\u00edcio foram oferecidas tr\u00eas vers\u00f5es de acabamento: a b\u00e1sica Allure, a intermedi\u00e1ria Feline e a de topo Griffe. O c\u00e2mbio manual s\u00f3 estava dispon\u00edvel na primeira vers\u00e3o, mas todas compartilhavam o motor de 2,0 litros e quatro v\u00e1lvulas por cilindro, flex\u00edvel em combust\u00edvel, com pot\u00eancia de 143 cv com gasolina e 151 com \u00e1lcool.<\/p>\n<p>A vers\u00e3o Allure j\u00e1 vinha bem equipada: bolsas infl\u00e1veis frontais, cintos de tr\u00eas pontos e encostos de cabe\u00e7a para todos os ocupantes, freios antitravamento (ABS) com <a href=\"https:\/\/autolivraria.com.br\/bc\/glossario-d\/#ebd\">distribui\u00e7\u00e3o eletr\u00f4nica de for\u00e7a entre os eixos<\/a> e <a href=\"https:\/\/autolivraria.com.br\/bc\/glossario-a\/#bas\">assist\u00eancia adicional de emerg\u00eancia<\/a>, far\u00f3is de neblina, rodas de alum\u00ednio de 16 pol, ar-condicionado manual, dire\u00e7\u00e3o com assist\u00eancia <a href=\"https:\/\/autolivraria.com.br\/bc\/glossario-e\/#elet\">eletro-hidr\u00e1ulica<\/a>, volante com regulagem de altura e dist\u00e2ncia, r\u00e1dio\/toca-CDs com MP3 e comandos junto ao volante, interface <a href=\"https:\/\/autolivraria.com.br\/bc\/glossario-b\/#blue\">Bluetooth<\/a> para celular, computador de bordo, volante revestido em couro e controle el\u00e9trico dos vidros, travas e retrovisores eram equipamentos de s\u00e9rie. O \u00fanico opcional era o c\u00e2mbio autom\u00e1tico de quatro marchas, acompanhado de limitador e <a href=\"https:\/\/autolivraria.com.br\/bc\/glossario-c\/#cont\">controlador de velocidade<\/a>.<\/p>\n<p>&nbsp;<\/p>\n<p><a href=\"https:\/\/autolivraria.com.br\/bc\/wp-content\/uploads\/2013\/10\/Peugeot-408-Allure-05.jpg\"><img decoding=\"async\" class=\"aligncenter size-medium wp-image-33975 lazyload\" title=\"Peugeot 408 Allure\" data-src=\"https:\/\/autolivraria.com.br\/bc\/wp-content\/uploads\/2013\/10\/Peugeot-408-Allure-05-560x373.jpg\" alt=\"\" width=\"560\" height=\"373\" data-srcset=\"https:\/\/autolivraria.com.br\/bc\/wp-content\/uploads\/2013\/10\/Peugeot-408-Allure-05-560x373.jpg 560w, https:\/\/autolivraria.com.br\/bc\/wp-content\/uploads\/2013\/10\/Peugeot-408-Allure-05-470x313.jpg 470w, https:\/\/autolivraria.com.br\/bc\/wp-content\/uploads\/2013\/10\/Peugeot-408-Allure-05-270x179.jpg 270w, https:\/\/autolivraria.com.br\/bc\/wp-content\/uploads\/2013\/10\/Peugeot-408-Allure-05.jpg 1280w\" data-sizes=\"(max-width: 560px) 100vw, 560px\" src=\"data:image\/svg+xml;base64,PHN2ZyB3aWR0aD0iMSIgaGVpZ2h0PSIxIiB4bWxucz0iaHR0cDovL3d3dy53My5vcmcvMjAwMC9zdmciPjwvc3ZnPg==\" style=\"--smush-placeholder-width: 560px; --smush-placeholder-aspect-ratio: 560\/373;\" \/><\/a><\/p>\n<p style=\"text-align: center;\"><em>\u00a0<\/em><br \/>\n<em>O conte\u00fado de s\u00e9rie era um destaque do 408 desde a vers\u00e3o Allure; a Feline trazia<\/em><br \/>\n<em>seis bolsas infl\u00e1veis, teto solar, controle de estabilidade e dispositivos autom\u00e1ticos<\/em><\/p>\n<p>&nbsp;<\/p>\n<p>O 408 Feline adicionava bolsas infl\u00e1veis laterais dianteiras e cortinas infl\u00e1veis para a \u00e1rea lateral dos vidros, <a href=\"https:\/\/autolivraria.com.br\/bc\/glossario-c\/#esp\">controle eletr\u00f4nico de estabilidade<\/a>, rodas de 17 pol, alarme antifurto, revestimento dos bancos em couro, teto solar com comando el\u00e9trico e fechamento comandado a dist\u00e2ncia junto dos vidros, ar-condicionado autom\u00e1tico de duas zonas com sa\u00eddas para o banco traseiro, retrovisor interno <a href=\"https:\/\/autolivraria.com.br\/bc\/glossario-r\/#retr\">fotocr\u00f4mico<\/a>, rebatimento el\u00e9trico dos retrovisores externos, <a href=\"https:\/\/autolivraria.com.br\/bc\/glossario-s\/#esta\">sensores de estacionamento<\/a> traseiros, far\u00f3is e limpador de para-brisa autom\u00e1ticos e pedais esportivos.<\/p>\n<p>N\u00e3o satisfeito com esses equipamentos? Ainda era poss\u00edvel optar pela vers\u00e3o Griffe, que adicionava <a href=\"https:\/\/autolivraria.com.br\/bc\/glossario-l\/#lamp\">far\u00f3is de xen\u00f4nio<\/a> com facho <a href=\"https:\/\/autolivraria.com.br\/bc\/glossario-f\/#faro\">autodirecional<\/a>, sensores de estacionamento dianteiros, banco do motorista com ajustes el\u00e9tricos e navegador por sat\u00e9lite integrado ao painel.<\/p>\n<p>Se a inten\u00e7\u00e3o da Peugeot era conquistar novos consumidores pelo visual, a receita de estilo do 408 foi bem acertada. O porte e a continuidade das linhas agradavam, com os tr\u00eas volumes bem definidos. Na frente, os grandes far\u00f3is e a tomada de ar inferior do para-choque conferiam uma ousadia ao desenho. A traseira apresentava lanternas afiladas e estreitas. No interior o desenho era s\u00f3brio e de bom gosto, os pl\u00e1sticos do acabamento tinham aspecto refinado e toque macio no painel e espa\u00e7o era um ponto forte do sed\u00e3 \u2014 que, apesar de derivado de um hatch, teve o entre-eixos alongado para dar mais conforto aos ocupantes do banco traseiro. Espa\u00e7o para a bagagem tamb\u00e9m n\u00e3o era problema com o porta-malas com capacidade de 481 litros.<\/p>\n<p>&nbsp;<\/p>\n<div class='one_half'>\n\t\t\t\t\t<a href=\"https:\/\/autolivraria.com.br\/bc\/wp-content\/uploads\/2013\/10\/Peugeot-408-Griffe-THP-01.jpg\"><img decoding=\"async\" class=\"aligncenter size-meia-largura-post wp-image-33976 lazyload\" title=\"Peugeot 408 Griffe THP\" data-src=\"https:\/\/autolivraria.com.br\/bc\/wp-content\/uploads\/2013\/10\/Peugeot-408-Griffe-THP-01-270x179.jpg\" alt=\"\" width=\"270\" height=\"179\" data-srcset=\"https:\/\/autolivraria.com.br\/bc\/wp-content\/uploads\/2013\/10\/Peugeot-408-Griffe-THP-01-270x179.jpg 270w, https:\/\/autolivraria.com.br\/bc\/wp-content\/uploads\/2013\/10\/Peugeot-408-Griffe-THP-01-560x373.jpg 560w, https:\/\/autolivraria.com.br\/bc\/wp-content\/uploads\/2013\/10\/Peugeot-408-Griffe-THP-01-470x313.jpg 470w, https:\/\/autolivraria.com.br\/bc\/wp-content\/uploads\/2013\/10\/Peugeot-408-Griffe-THP-01.jpg 1280w\" data-sizes=\"(max-width: 270px) 100vw, 270px\" src=\"data:image\/svg+xml;base64,PHN2ZyB3aWR0aD0iMSIgaGVpZ2h0PSIxIiB4bWxucz0iaHR0cDovL3d3dy53My5vcmcvMjAwMC9zdmciPjwvc3ZnPg==\" style=\"--smush-placeholder-width: 270px; --smush-placeholder-aspect-ratio: 270\/179;\" \/><\/a>\n\t\t\t\t<\/div>\n<div class='one_half last'>\n\t\t\t\t\t<a href=\"https:\/\/autolivraria.com.br\/bc\/wp-content\/uploads\/2013\/10\/Peugeot-408-Griffe-THP-04.jpg\"><img decoding=\"async\" class=\"aligncenter size-meia-largura-post wp-image-33977 lazyload\" title=\"Peugeot 408 Griffe THP\" data-src=\"https:\/\/autolivraria.com.br\/bc\/wp-content\/uploads\/2013\/10\/Peugeot-408-Griffe-THP-04-270x179.jpg\" alt=\"\" width=\"270\" height=\"179\" data-srcset=\"https:\/\/autolivraria.com.br\/bc\/wp-content\/uploads\/2013\/10\/Peugeot-408-Griffe-THP-04-270x179.jpg 270w, https:\/\/autolivraria.com.br\/bc\/wp-content\/uploads\/2013\/10\/Peugeot-408-Griffe-THP-04-560x373.jpg 560w, https:\/\/autolivraria.com.br\/bc\/wp-content\/uploads\/2013\/10\/Peugeot-408-Griffe-THP-04-470x313.jpg 470w, https:\/\/autolivraria.com.br\/bc\/wp-content\/uploads\/2013\/10\/Peugeot-408-Griffe-THP-04.jpg 1280w\" data-sizes=\"(max-width: 270px) 100vw, 270px\" src=\"data:image\/svg+xml;base64,PHN2ZyB3aWR0aD0iMSIgaGVpZ2h0PSIxIiB4bWxucz0iaHR0cDovL3d3dy53My5vcmcvMjAwMC9zdmciPjwvc3ZnPg==\" style=\"--smush-placeholder-width: 270px; --smush-placeholder-aspect-ratio: 270\/179;\" \/><\/a>\n\t\t\t\t<\/div><div class='clear'><\/div>\n<p style=\"text-align: center;\"><em>\u00a0<\/em><br \/>\n<em>Com motor turbo de 1,6 litro e 165 cv, alto torque em baixa rota\u00e7\u00e3o e c\u00e2mbio<\/em><br \/>\n<em>de seis marchas, o 408 THP respondia aos pedidos de melhor desempenho<\/em><\/p>\n<p>&nbsp;<\/p>\n<p>Apesar dos \u00edndices expressivos de pot\u00eancia e torque \u2014 entre os mais altos da categoria, motores turbo \u00e0 parte \u2014, o 408 n\u00e3o convencia pelo desempenho. O peso elevado (1.527 kg no caso do Griffe), somado a pot\u00eancia e torque concentrados em altos regimes e \u00e0 caixa autom\u00e1tica de apenas quatro marchas, resultou em um sed\u00e3 sem brilhantismo, mesmo em se tratando de um carro familiar.<\/p>\n<p>&nbsp;<\/p>\n<div class='code-block code-block-7' style='margin: 28px auto; text-align: center; display: block; clear: both;'>\n<br>\n<div align=\"center\">\n<a target=\"_blank\" href=\"https:\/\/bestcars.com.br\/bc\/\">\n<img decoding=\"async\" data-src=\"https:\/\/bestcars.com.br\/bc\/wp-content\/uploads\/2021\/07\/Auto-Livraria-450x300-quadros.jpg\" alt=\"Auto Livraria\" src=\"data:image\/svg+xml;base64,PHN2ZyB3aWR0aD0iMSIgaGVpZ2h0PSIxIiB4bWxucz0iaHR0cDovL3d3dy53My5vcmcvMjAwMC9zdmciPjwvc3ZnPg==\" class=\"lazyload\"><\/a>\n<\/div>\n<br><\/div>\n\n<p>&nbsp;<\/p>\n<p>O primeiro passo para atender aos que desejavam melhor resposta ao acelerador foi dado em janeiro de 2012, quando a Peugeot trouxe o 408 Griffe THP. Equipado com um excelente motor de 1,6 litro com quatro v\u00e1lvulas por cilindro, <a href=\"https:\/\/autolivraria.com.br\/bc\/glossario-t\/#turb\">turbocompressor<\/a> e <a href=\"https:\/\/autolivraria.com.br\/bc\/glossario-i\/#inje\">inje\u00e7\u00e3o direta<\/a> de gasolina que produzia 165 cv, aliado a um c\u00e2mbio autom\u00e1tico de seis marchas, o 408 THP apresentava desempenho muito superior, com destaque para o torque de 24,5 m.kgf dispon\u00edvel desde 1.400 rpm. Mas o foco n\u00e3o era ser um sed\u00e3 esportivo \u2014 apenas uma op\u00e7\u00e3o com desempenho aprimorado e mais tecnologia em favor da efici\u00eancia. Seu pacote de equipamentos era o mesmo do Griffe de 2,0 litros.<\/p>\n<p>Em novembro de 2012 o Peugeot 408 ganhou a s\u00e9rie especial Limited, de exatas 408 unidades. Apresentava como destaque o sistema multim\u00eddia no painel, com tela de 7 pol sens\u00edvel ao toque, que operava os sistemas de \u00e1udio, v\u00eddeo (com leitor de DVD e VCD, incluindo formatos WMA e MPEG4), navega\u00e7\u00e3o por sat\u00e9lite, receptor de sinal de TV digital e imagens da c\u00e2mera de r\u00e9 para manobras. O sistema contava ainda com entradas USB e para cart\u00e3o de mem\u00f3ria SD\/MMC, conex\u00e3o para Ipod, entrada auxiliar A\/V e sa\u00eddas amplificadas RCA e para <em>subwoofer.<\/em><\/p>\n<p>&nbsp;<\/p>\n<div class='one_half'>\n\t\t\t\t\t<a href=\"https:\/\/autolivraria.com.br\/bc\/wp-content\/uploads\/2013\/10\/Peugeot-408-Limited-01.jpg\"><img decoding=\"async\" class=\"aligncenter size-meia-largura-post wp-image-33978 lazyload\" title=\"Peugeot 408 Limited\" data-src=\"https:\/\/autolivraria.com.br\/bc\/wp-content\/uploads\/2013\/10\/Peugeot-408-Limited-01-270x179.jpg\" alt=\"\" width=\"270\" height=\"179\" data-srcset=\"https:\/\/autolivraria.com.br\/bc\/wp-content\/uploads\/2013\/10\/Peugeot-408-Limited-01-270x179.jpg 270w, https:\/\/autolivraria.com.br\/bc\/wp-content\/uploads\/2013\/10\/Peugeot-408-Limited-01-560x373.jpg 560w, https:\/\/autolivraria.com.br\/bc\/wp-content\/uploads\/2013\/10\/Peugeot-408-Limited-01-470x313.jpg 470w, https:\/\/autolivraria.com.br\/bc\/wp-content\/uploads\/2013\/10\/Peugeot-408-Limited-01.jpg 950w\" data-sizes=\"(max-width: 270px) 100vw, 270px\" src=\"data:image\/svg+xml;base64,PHN2ZyB3aWR0aD0iMSIgaGVpZ2h0PSIxIiB4bWxucz0iaHR0cDovL3d3dy53My5vcmcvMjAwMC9zdmciPjwvc3ZnPg==\" style=\"--smush-placeholder-width: 270px; --smush-placeholder-aspect-ratio: 270\/179;\" \/><\/a>\n\t\t\t\t<\/div>\n<div class='one_half last'>\n\t\t\t\t\t<a href=\"https:\/\/autolivraria.com.br\/bc\/wp-content\/uploads\/2013\/10\/Peugeot-408-Limited-02.jpg\"><img decoding=\"async\" class=\"aligncenter size-meia-largura-post wp-image-33979 lazyload\" title=\"Peugeot 408 Limited\" data-src=\"https:\/\/autolivraria.com.br\/bc\/wp-content\/uploads\/2013\/10\/Peugeot-408-Limited-02-270x179.jpg\" alt=\"\" width=\"270\" height=\"179\" data-srcset=\"https:\/\/autolivraria.com.br\/bc\/wp-content\/uploads\/2013\/10\/Peugeot-408-Limited-02-270x179.jpg 270w, https:\/\/autolivraria.com.br\/bc\/wp-content\/uploads\/2013\/10\/Peugeot-408-Limited-02-560x373.jpg 560w, https:\/\/autolivraria.com.br\/bc\/wp-content\/uploads\/2013\/10\/Peugeot-408-Limited-02-470x313.jpg 470w, https:\/\/autolivraria.com.br\/bc\/wp-content\/uploads\/2013\/10\/Peugeot-408-Limited-02.jpg 950w\" data-sizes=\"(max-width: 270px) 100vw, 270px\" src=\"data:image\/svg+xml;base64,PHN2ZyB3aWR0aD0iMSIgaGVpZ2h0PSIxIiB4bWxucz0iaHR0cDovL3d3dy53My5vcmcvMjAwMC9zdmciPjwvc3ZnPg==\" style=\"--smush-placeholder-width: 270px; --smush-placeholder-aspect-ratio: 270\/179;\" \/><\/a>\n\t\t\t\t<\/div><div class='clear'><\/div>\n<p style=\"text-align: center;\"><em>\u00a0<\/em><br \/>\n<em>Limitada a 408 unidades, a edi\u00e7\u00e3o especial Limited vinha com central multim\u00eddia no<\/em><br \/>\n<em>painel para \u00e1udio, v\u00eddeo e navegador, incluindo tela de 7 pol sens\u00edvel ao toque<\/em><\/p>\n<p>&nbsp;<\/p>\n<p>A s\u00e9rie, que mantinha o conte\u00fado do Feline e o motor de 2,0 litros com c\u00e2mbio autom\u00e1tico, era identificada apenas pelo logotipo <em>408 Limited<\/em>\u00a0\u00e0 frente dos retrovisores externos, com a numera\u00e7\u00e3o da unidade (001\/408, por exemplo). Ao mesmo tempo a linha 2013 passou a restringir as vers\u00f5es dispon\u00edveis ao Allure, com motor 2,0-litros e c\u00e2mbio manual ou autom\u00e1tico, e ao Griffe THP autom\u00e1tico, deixando de existir as op\u00e7\u00f5es Feline e Griffe 2,0 16V.<\/p>\n<p>Em setembro de 2013, a linha 2014 trouxe as novidades mais aguardadas: o c\u00e2mbio autom\u00e1tico e a suspens\u00e3o foram revistos e o carro ficou mais agrad\u00e1vel de dirigir. O 408 passou a ter, tamb\u00e9m para o motor 2,0 16V, a op\u00e7\u00e3o do c\u00e2mbio autom\u00e1tico de seis marchas, a suspens\u00e3o ganhou buchas mais macias e os pneus foram substitu\u00eddos. Al\u00e9m dessas mudan\u00e7as, os pacotes de equipamentos foram revistos. O Allure manual recebeu controlador e limitador de velocidade e sensores de estacionamento na traseira. O autom\u00e1tico, al\u00e9m disso, ganhou rodas de 17 pol. E o 408 THP voltou a oferecer far\u00f3is de xen\u00f4nio, item opcional que sa\u00edra do cat\u00e1logo meses ap\u00f3s o lan\u00e7amento.<\/p>\n<table border=\"0\">\n<tbody>\n<tr>\n<td><a href='https:\/\/autolivraria.com.br\/bc\/informe-se\/guia-compra\/412-avaliacao-peugeot-408-conforto-a-avaliar-de-olhos-bem-abertos\/2\/' class='small-button smallsilver'>Pr\u00f3xima parte<\/a><\/td>\n<\/tr>\n<\/tbody>\n<\/table>\n<p>&nbsp;<\/p>\n<p>&nbsp;<\/p>\n<p><!--nextpage--><\/p>\n<p><a href=\"https:\/\/autolivraria.com.br\/bc\/wp-content\/uploads\/2013\/10\/Peugeot-408-Allure-04.jpg\"><img decoding=\"async\" class=\"aligncenter size-medium wp-image-33980 lazyload\" title=\"Peugeot 408 Allure\" data-src=\"https:\/\/autolivraria.com.br\/bc\/wp-content\/uploads\/2013\/10\/Peugeot-408-Allure-04-560x373.jpg\" alt=\"\" width=\"560\" height=\"373\" data-srcset=\"https:\/\/autolivraria.com.br\/bc\/wp-content\/uploads\/2013\/10\/Peugeot-408-Allure-04-560x373.jpg 560w, https:\/\/autolivraria.com.br\/bc\/wp-content\/uploads\/2013\/10\/Peugeot-408-Allure-04-470x313.jpg 470w, https:\/\/autolivraria.com.br\/bc\/wp-content\/uploads\/2013\/10\/Peugeot-408-Allure-04-270x179.jpg 270w, https:\/\/autolivraria.com.br\/bc\/wp-content\/uploads\/2013\/10\/Peugeot-408-Allure-04.jpg 1280w\" data-sizes=\"(max-width: 560px) 100vw, 560px\" src=\"data:image\/svg+xml;base64,PHN2ZyB3aWR0aD0iMSIgaGVpZ2h0PSIxIiB4bWxucz0iaHR0cDovL3d3dy53My5vcmcvMjAwMC9zdmciPjwvc3ZnPg==\" style=\"--smush-placeholder-width: 560px; --smush-placeholder-aspect-ratio: 560\/373;\" \/><\/a><\/p>\n<p style=\"text-align: center;\"><em>\u00a0<\/em><br \/>\n<em>Apesar do motor de 143\/151 cv, as vers\u00f5es mais comuns do 408 t\u00eam desempenho<\/em><br \/>\n<em>apenas regular: culpa do alto peso e das quatro marchas do c\u00e2mbio autom\u00e1tico<\/em><\/p>\n<p>&nbsp;<\/p>\n<h3>&#8220;Conforto e acabamento impec\u00e1veis&#8221;<\/h3>\n<p>O Peugeot 408 tem como principais qualidades o generoso espa\u00e7o, tanto para os ocupantes quanto para a bagagem, assim como o n\u00edvel de equipamentos e o belo desenho, de acordo com os leitores que participaram do <em>Teste do Leitor<\/em> (<a href=\"https:\/\/autolivraria.com.br\/bc\/teste-do-leitor-envie-sua-opiniao\/\" target=\"_blank\">envie voc\u00ea tamb\u00e9m a opini\u00e3o sobre seu carro<\/a>).<\/p>\n<p>\u201cO espa\u00e7o \u00e9 nota 10, o conforto e o acabamento s\u00e3o impec\u00e1veis, tem excelente motor e baixo pre\u00e7o de aquisi\u00e7\u00e3o. O sistema de frenagem tamb\u00e9m \u00e9 excepcional! Sempre foi exemplar, at\u00e9 mesmo em piso molhado. Tamb\u00e9m tem bom consumo: uma m\u00e9dia de 8,4 km\/l na cidade e 12,2 km\/l na estrada. O custo-benef\u00edcio tamb\u00e9m \u00e9 muito bom. Sobre o pre\u00e7o de revenda t\u00e3o criticado por alguns, para mim n\u00e3o pesa tanto, pois fico com o carro por quatro ou cinco anos e sempre ultrapasso os 120 mil km rodados\u201d, elogia Rodrigo Bento, do Rio de Janeiro, RJ, dono de um 408 Allure autom\u00e1tico 2012.<\/p>\n<p>Ricardo Timm de Souza, de Porto Alegre, RS, dirige um 408 Griffe THP 2013 e tamb\u00e9m tem muito a elogiar: \u201cO desempenho realmente superior \u00e9 sua maior virtude. Ele tem excelente <a href=\"https:\/\/autolivraria.com.br\/bc\/glossario-s\/#segu\">seguran\u00e7a ativa e passiva<\/a>, \u00f3timo acabamento, belo desenho, bom espa\u00e7o interno e itens de conveni\u00eancia \u00fateis e variados. Tive um 408 Flex que nunca deu problemas, por\u00e9m sofria com o c\u00e2mbio inadequado ao motor. O THP resolve isso de modo mais que satisfat\u00f3rio, surpreendendo com seu desempenho, muito acima da m\u00e9dia. A suspens\u00e3o \u00e9 r\u00edgida, por\u00e9m solicitei que o meu viesse com pneus Michelin em lugar de Pirelli, e isso realmente faz alguma diferen\u00e7a. Poderia vir com bancos el\u00e9tricos, como no Flex\u201d.<\/p>\n<p>&nbsp;<\/p>\n<div class='one_half'>\n\t\t\t\t\t<a href=\"https:\/\/autolivraria.com.br\/bc\/wp-content\/uploads\/2013\/10\/Peugeot-408-Allure-03.jpg\"><img decoding=\"async\" class=\"aligncenter size-meia-largura-post wp-image-33981 lazyload\" title=\"Peugeot 408 Allure\" data-src=\"https:\/\/autolivraria.com.br\/bc\/wp-content\/uploads\/2013\/10\/Peugeot-408-Allure-03-270x179.jpg\" alt=\"\" width=\"270\" height=\"179\" data-srcset=\"https:\/\/autolivraria.com.br\/bc\/wp-content\/uploads\/2013\/10\/Peugeot-408-Allure-03-270x179.jpg 270w, https:\/\/autolivraria.com.br\/bc\/wp-content\/uploads\/2013\/10\/Peugeot-408-Allure-03-560x373.jpg 560w, https:\/\/autolivraria.com.br\/bc\/wp-content\/uploads\/2013\/10\/Peugeot-408-Allure-03-470x313.jpg 470w, https:\/\/autolivraria.com.br\/bc\/wp-content\/uploads\/2013\/10\/Peugeot-408-Allure-03.jpg 1280w\" data-sizes=\"(max-width: 270px) 100vw, 270px\" src=\"data:image\/svg+xml;base64,PHN2ZyB3aWR0aD0iMSIgaGVpZ2h0PSIxIiB4bWxucz0iaHR0cDovL3d3dy53My5vcmcvMjAwMC9zdmciPjwvc3ZnPg==\" style=\"--smush-placeholder-width: 270px; --smush-placeholder-aspect-ratio: 270\/179;\" \/><\/a>\n\t\t\t\t<\/div>\n<div class='one_half last'>\n\t\t\t\t\t<a href=\"https:\/\/autolivraria.com.br\/bc\/wp-content\/uploads\/2013\/10\/Peugeot-408-Griffe-07.jpg\"><img decoding=\"async\" class=\"aligncenter size-meia-largura-post wp-image-33982 lazyload\" title=\"Peugeot 408\" data-src=\"https:\/\/autolivraria.com.br\/bc\/wp-content\/uploads\/2013\/10\/Peugeot-408-Griffe-07-270x179.jpg\" alt=\"\" width=\"270\" height=\"179\" data-srcset=\"https:\/\/autolivraria.com.br\/bc\/wp-content\/uploads\/2013\/10\/Peugeot-408-Griffe-07-270x179.jpg 270w, https:\/\/autolivraria.com.br\/bc\/wp-content\/uploads\/2013\/10\/Peugeot-408-Griffe-07-560x373.jpg 560w, https:\/\/autolivraria.com.br\/bc\/wp-content\/uploads\/2013\/10\/Peugeot-408-Griffe-07-470x313.jpg 470w, https:\/\/autolivraria.com.br\/bc\/wp-content\/uploads\/2013\/10\/Peugeot-408-Griffe-07.jpg 1280w\" data-sizes=\"(max-width: 270px) 100vw, 270px\" src=\"data:image\/svg+xml;base64,PHN2ZyB3aWR0aD0iMSIgaGVpZ2h0PSIxIiB4bWxucz0iaHR0cDovL3d3dy53My5vcmcvMjAwMC9zdmciPjwvc3ZnPg==\" style=\"--smush-placeholder-width: 270px; --smush-placeholder-aspect-ratio: 270\/179;\" \/><\/a>\n\t\t\t\t<\/div><div class='clear'><\/div>\n<p style=\"text-align: center;\"><em>\u00a0<\/em><br \/>\n<em>Depois de simplificar a linha 2013 de quatro para duas vers\u00f5es, a Peugeot adotou<\/em><br \/>\n<em>para 2014 o c\u00e2mbio de seis marchas do 408 THP na vers\u00e3o Allure de 2,0 litros<\/em><\/p>\n<p>&nbsp;<\/p>\n<p>Ricardo Lauar roda com seu 408 Allure autom\u00e1tico 2012 por Belo Horizonte, MG, e tamb\u00e9m re\u00fane v\u00e1rios atributos: \u201cO carro est\u00e1 me surpreendendo. A suspens\u00e3o \u00e9 fant\u00e1stica. O carro \u00e9 confort\u00e1vel, sem ser mole, e faz curvas muito bem. O motor \u00e9 potente e tem \u00f3timo torque. O espa\u00e7o interno est\u00e1 muito acima da m\u00e9dia e, al\u00e9m disso, acho o carro lindo demais!\u201d.<\/p>\n<p>O Peugeot 408 tem tamb\u00e9m pontos negativos apontados pelos propriet\u00e1rios. Para Rodrigo Bento, do Rio de Janeiro, RJ, que tem um 408 Allure autom\u00e1tico 2012, eles s\u00e3o &#8220;abertura da tampa de combust\u00edvel pela chave, c\u00e2mbio com quatro marchas, alguns ru\u00eddos internos&#8221;. A cr\u00edtica \u00e9 compartilhada por Jorge Lima, da mesma cidade, sobre o 408 Griffe THP 2013: &#8220;Parece uma escola de samba. Tem barulho em todos os lugares\u2026 Consumo urbano absurdamente alto (6,5 km\/l de gasolina)&#8221;. O j\u00e1 citado\u00a0Ricardo Lauar endossa sobre o consumo da vers\u00e3o THP: &#8220;5 km\/l na cidade e 8,5 a 9 km\/l na estrada, com gasolina&#8221;. Maria Josefina Sorato Berti, de Ara\u00e7atuba, SP, dona de um 408 Griffe 2011, adiciona: \u201cGPS n\u00e3o funciona, a suspens\u00e3o tem estabilidade ruim, barulhos internos. Nesta cidade de 200 mil habitantes o GPS est\u00e1 sempre dizendo &#8216;\u00e1rea n\u00e3o cartografada'&#8221;.<\/p>\n<p>&nbsp;<\/p>\n<blockquote><p>&#8220;O carro est\u00e1 me surpreendendo. A suspens\u00e3o \u00e9 fant\u00e1stica, o motor \u00e9 potente, o espa\u00e7o interno est\u00e1 muito acima da m\u00e9dia&#8221;, destaca um dos leitores<\/p><\/blockquote>\n<p>&nbsp;<\/p>\n<p>Dos defeitos apresentados, alguns chegam a causar insatisfa\u00e7\u00e3o nos donos. Oito meses depois de seu primeiro relato, Ricardo Lauar, antes muito satisfeito, demonstrou arrependimento de t\u00ea-lo adquirido: \u201cO carro deu problema em tudo que se pode pensar e s\u00f3 n\u00e3o deu mais porque o vendi. Suspens\u00e3o, sonda lambda, ar-condicionado&#8230; A concession\u00e1ria atende bem, mas o problema \u00e9 o produto. Triste desilus\u00e3o. Na revenda ningu\u00e9m quer pegar o carro, nem a pr\u00f3pria concession\u00e1ria&#8221;.<\/p>\n<p>Evandro Ferronato, de Caxias do Sul, RS, dono de um 408 Allure autom\u00e1tico 2012, acrescenta: \u201cEm 630 km rodados j\u00e1 foi removido \u00e0 concession\u00e1ria por tr\u00eas vezes, sempre com mesmo problema: n\u00e3o liga. Foram substitu\u00eddas as velas, a bomba de combust\u00edvel, a caixa de fus\u00edveis. Espero que n\u00e3o tenha mais problemas&#8221;. Outros problemas relatados s\u00e3o ru\u00eddos internos, soltura frequente da mangueira do turbo na vers\u00e3o THP e problemas na inje\u00e7\u00e3o eletr\u00f4nica,\u00a0bomba d\u2019\u00e1gua, v\u00e1lvula termost\u00e1tica, sensores de estacionamento, caixa de c\u00e2mbio autom\u00e1tica, ar-condicionado e sistemas de entretenimento.<\/p>\n<p>&nbsp;<\/p>\n<div class='one_half'>\n\t\t\t\t\t<a href=\"https:\/\/autolivraria.com.br\/bc\/wp-content\/uploads\/2013\/10\/Peugeot-408-Allure-07.jpg\"><img decoding=\"async\" class=\"aligncenter size-meia-largura-post wp-image-33983 lazyload\" title=\"Peugeot 408 Allure\" data-src=\"https:\/\/autolivraria.com.br\/bc\/wp-content\/uploads\/2013\/10\/Peugeot-408-Allure-07-270x179.jpg\" alt=\"\" width=\"270\" height=\"179\" data-srcset=\"https:\/\/autolivraria.com.br\/bc\/wp-content\/uploads\/2013\/10\/Peugeot-408-Allure-07-270x179.jpg 270w, https:\/\/autolivraria.com.br\/bc\/wp-content\/uploads\/2013\/10\/Peugeot-408-Allure-07-560x373.jpg 560w, https:\/\/autolivraria.com.br\/bc\/wp-content\/uploads\/2013\/10\/Peugeot-408-Allure-07-470x313.jpg 470w, https:\/\/autolivraria.com.br\/bc\/wp-content\/uploads\/2013\/10\/Peugeot-408-Allure-07.jpg 1280w\" data-sizes=\"(max-width: 270px) 100vw, 270px\" src=\"data:image\/svg+xml;base64,PHN2ZyB3aWR0aD0iMSIgaGVpZ2h0PSIxIiB4bWxucz0iaHR0cDovL3d3dy53My5vcmcvMjAwMC9zdmciPjwvc3ZnPg==\" style=\"--smush-placeholder-width: 270px; --smush-placeholder-aspect-ratio: 270\/179;\" \/><\/a>\n\t\t\t\t<\/div>\n<div class='one_half last'>\n\t\t\t\t\t<a href=\"https:\/\/autolivraria.com.br\/bc\/wp-content\/uploads\/2013\/10\/Peugeot-408-Allure-08.jpg\"><img decoding=\"async\" class=\"aligncenter size-meia-largura-post wp-image-33984 lazyload\" title=\"Peugeot 408 Allure\" data-src=\"https:\/\/autolivraria.com.br\/bc\/wp-content\/uploads\/2013\/10\/Peugeot-408-Allure-08-270x179.jpg\" alt=\"\" width=\"270\" height=\"179\" data-srcset=\"https:\/\/autolivraria.com.br\/bc\/wp-content\/uploads\/2013\/10\/Peugeot-408-Allure-08-270x179.jpg 270w, https:\/\/autolivraria.com.br\/bc\/wp-content\/uploads\/2013\/10\/Peugeot-408-Allure-08-560x373.jpg 560w, https:\/\/autolivraria.com.br\/bc\/wp-content\/uploads\/2013\/10\/Peugeot-408-Allure-08-470x313.jpg 470w, https:\/\/autolivraria.com.br\/bc\/wp-content\/uploads\/2013\/10\/Peugeot-408-Allure-08.jpg 1280w\" data-sizes=\"(max-width: 270px) 100vw, 270px\" src=\"data:image\/svg+xml;base64,PHN2ZyB3aWR0aD0iMSIgaGVpZ2h0PSIxIiB4bWxucz0iaHR0cDovL3d3dy53My5vcmcvMjAwMC9zdmciPjwvc3ZnPg==\" style=\"--smush-placeholder-width: 270px; --smush-placeholder-aspect-ratio: 270\/179;\" \/><\/a>\n\t\t\t\t<\/div><div class='clear'><\/div>\n<p style=\"text-align: center;\"><em>\u00a0<\/em><br \/>\n<em>Espa\u00e7o e conforto para os passageiros e capacidade de bagagem s\u00e3o atributos de<\/em><br \/>\n<em>destaque do 408, mas a incid\u00eancia de problemas afeta a satisfa\u00e7\u00e3o dos donos<\/em><\/p>\n<p>&nbsp;<\/p>\n<p>Essas falhas certamente afetam o grau de satisfa\u00e7\u00e3o dos propriet\u00e1rios do Peugeot. Dos que participaram do <em>Teste do Leitor<\/em>, 69% disseram-se muito satisfeitos com o carro, \u00edndice mais baixo que os de 90,5% do\u00a0<a href=\"https:\/\/www.autolivraria.com.br\/guia2\/380-renault-fluence-1.htm\">Renault Fluence<\/a>, 89,2% do <a href=\"https:\/\/www.autolivraria.com.br\/guia2\/vw-jetta-1.htm\">Volkswagen Jetta<\/a> (gera\u00e7\u00e3o anterior), 85% do\u00a0<a href=\"https:\/\/www.autolivraria.com.br\/guia2\/fiat-linea-1.htm\">Fiat Linea<\/a>, 84,6% do\u00a0<a title=\"Kia Cerato: maturidade ainda que tardia\" href=\"https:\/\/autolivraria.com.br\/bc\/informe-se\/guia-compra\/kia-cerato-maturidade-ainda-que-tardia\/\">Kia Cerato<\/a>, 82,6% do\u00a0<a href=\"https:\/\/www.autolivraria.com.br\/guia2\/nissan-sentra-1.htm\">Nissan Sentra<\/a>, 76,6% do\u00a0<a href=\"https:\/\/www.autolivraria.com.br\/guia2\/ford-focus-1.htm\">Ford Focus<\/a>\u00a0(hatch e sed\u00e3), 73,3% do <a href=\"https:\/\/www.autolivraria.com.br\/guia2\/toyota-corolla-1.htm\">Toyota Corolla<\/a> e 70,8% do\u00a0<a href=\"https:\/\/www.autolivraria.com.br\/guia2\/chevrolet-vectra-1.htm\">Chevrolet Vectra sed\u00e3<\/a>, outros modelos do segmento que passaram pelo <em>Guia de Compra<\/em> desde 2011. Apenas o <a href=\"https:\/\/www.autolivraria.com.br\/guia2\/citroen-c4-pallas-1.htm\">Citro\u00ebn C4 Pallas<\/a> (62,2%) ficou abaixo do 408.<\/p>\n<p>&nbsp;<\/p>\n<div class='code-block code-block-7' style='margin: 28px auto; text-align: center; display: block; clear: both;'>\n<script async src=\"https:\/\/pagead2.googlesyndication.com\/pagead\/js\/adsbygoogle.js\"><\/script>\n<!-- AL-quadrado -->\n<ins class=\"adsbygoogle\"\n     style=\"display:block\"\n     data-ad-client=\"ca-pub-1914799802606213\"\n     data-ad-slot=\"5683066082\"\n     data-ad-format=\"auto\"\n     data-full-width-responsive=\"true\"><\/ins>\n<script>\n     (adsbygoogle = window.adsbygoogle || []).push({});\n<\/script><\/div>\n\n<p>&nbsp;<\/p>\n<p>J\u00e1 a rede de concession\u00e1rias da Peugeot recebe a mesma avalia\u00e7\u00e3o de 50% dos leitores, \u00edndice inferior aos registrados com o Linea (72,5%), o Corolla (56,7%) e o Fluence (52,4%), o mesmo do Focus e superior aos de Jetta (48,6%), Cerato (48,1%), Sentra (42,7%), Vectra (39,7%) e Pallas (37,8%). Os percentuais foram obtidos para cada <em>Guia de Compra,<\/em>\u00a0nos \u00faltimos dois anos, e podem n\u00e3o refletir a situa\u00e7\u00e3o atual.<\/p>\n<p>Como se pode ver, o Peugeot 408 \u00e9 uma op\u00e7\u00e3o de compra para quem quer um carro bem-equipado, com muito espa\u00e7o e estilo, pagando um pouco menos na unidade usada que pelos principais concorrentes. Mas h\u00e1 de se ter consci\u00eancia da frequ\u00eancia e da gravidade de alguns defeitos relatados pelos propriet\u00e1rios.<\/p>\n<table border=\"0\">\n<tbody>\n<tr>\n<td><a href='https:\/\/autolivraria.com.br\/bc\/participe\/teste-leitor\/teste-do-leitor-peugeot\/peugeot-408\/' class='small-button smallsilver' target=\"_blank\">Veja opini\u00f5es dos donos<\/a><\/td>\n<td style=\"width: 10px;\"><\/td>\n<td><a href='https:\/\/autolivraria.com.br\/bc\/teste-do-leitor-envie-sua-opiniao' class='small-button smallsilver' target=\"_blank\">Opine sobre seu carro<\/a><\/td>\n<\/tr>\n<\/tbody>\n<\/table>\n<p>&nbsp;<\/p>\n<div class='et-box et-shadow'>\n\t\t\t\t\t<div class='et-box-content'><h2>Custos de manuten\u00e7\u00e3o<\/h2>\n<table id=\"table6023\" style=\"width: 100%;\" border=\"0\" cellspacing=\"0\" cellpadding=\"3\">\n<tbody>\n<tr>\n<td valign=\"top\" width=\"40%\"><\/td>\n<td style=\"text-align: left;\" align=\"center\" valign=\"top\" width=\"30%\">Concession\u00e1ria<\/td>\n<td style=\"text-align: left;\" align=\"center\" valign=\"top\" width=\"30%\">Mercado paralelo<\/td>\n<\/tr>\n<tr>\n<td valign=\"top\" height=\"20\">Disco de freio (par)<\/td>\n<td valign=\"top\">R$ 345<\/td>\n<td valign=\"top\">R$ 180<\/td>\n<\/tr>\n<tr>\n<td valign=\"top\" height=\"20\">Pastilhas de freio dianteiras (par)<\/td>\n<td valign=\"top\">R$ 315<\/td>\n<td valign=\"top\">R$ 145<\/td>\n<\/tr>\n<tr>\n<td valign=\"top\" height=\"20\">Amortecedores (jogo de 4)<\/td>\n<td valign=\"top\">R$ 1.475<\/td>\n<td valign=\"top\">R$ 13.80<\/td>\n<\/tr>\n<tr>\n<td valign=\"top\" height=\"20\">Pneus (Pirelli P7, 225\/45 R 17, cada)<\/td>\n<td colspan=\"2\" valign=\"top\">R$ 580<\/td>\n<\/tr>\n<tr>\n<td valign=\"top\" height=\"20\">Para-lama dianteiro (cada)<\/td>\n<td valign=\"top\">R$ 245<\/td>\n<td valign=\"top\">R$ 200<\/td>\n<\/tr>\n<tr>\n<td valign=\"top\" height=\"20\">Para-choque dianteiro<\/td>\n<td valign=\"top\">R$ 650<\/td>\n<td valign=\"top\">R$ 500<\/td>\n<\/tr>\n<tr>\n<td valign=\"top\" height=\"20\">Farol (cada)<\/td>\n<td valign=\"top\">R$ 615<\/td>\n<td valign=\"top\">R$ 380<\/td>\n<\/tr>\n<tr>\n<td valign=\"top\" height=\"20\">M\u00e3o de obra (hora)<\/td>\n<td valign=\"top\">ND<\/td>\n<td valign=\"top\">&#8211;<\/td>\n<\/tr>\n<tr>\n<td colspan=\"3\" valign=\"top\" width=\"100%\">Pre\u00e7os m\u00e9dios para 408 Feline 2,0 16V autom\u00e1tico 2012 obtidos pelo Sistema Audatex (concession\u00e1ria) e lojas de autope\u00e7as, em pesquisa em setembro de 2013; n\u00e3o envolvem instala\u00e7\u00e3o e pintura quando cab\u00edvel; ND= n\u00e3o dispon\u00edvel<\/td>\n<\/tr>\n<\/tbody>\n<\/table><\/div><\/div>\n<p>&nbsp;<\/p>\n<div class='et-box et-shadow'>\n\t\t\t\t\t<div class='et-box-content'><h2>Cota\u00e7\u00f5es de seguro<\/h2>\n<table id=\"table6024\" style=\"width: 100%;\" border=\"0\" cellspacing=\"0\" cellpadding=\"3\">\n<tbody>\n<tr>\n<td width=\"40%\"><\/td>\n<td width=\"30%\">Custo m\u00e9dio<\/td>\n<td width=\"30%\">Franquia m\u00e9dia<\/td>\n<\/tr>\n<tr>\n<td colspan=\"3\" height=\"20\">\n<ul>\n<li><span style=\"line-height: 19px;\">408 Feline 2,0 16V Flex 2012<\/span><span style=\"line-height: 19px;\">\u00a0<\/span><span style=\"line-height: 19px;\">\u00a0<\/span><\/li>\n<\/ul>\n<\/td>\n<\/tr>\n<tr>\n<td height=\"20\">Alto risco<\/td>\n<td>R$ 15.240<\/td>\n<td>R$ 4.000<\/td>\n<\/tr>\n<tr>\n<td height=\"20\">M\u00e9dio risco<\/td>\n<td>R$ 3.695<\/td>\n<td>R$ 3.680<\/td>\n<\/tr>\n<tr>\n<td height=\"20\">Baixo risco<\/td>\n<td>R$ 1.715<\/td>\n<td>R$ 3.395<\/td>\n<\/tr>\n<tr>\n<td colspan=\"3\" height=\"20\">\n<ul>\n<li><span style=\"line-height: 19px;\">408 Griffe THP 1,6 16V 2012<\/span><span style=\"line-height: 19px;\">\u00a0<\/span><span style=\"line-height: 19px;\">\u00a0<\/span><\/li>\n<\/ul>\n<\/td>\n<\/tr>\n<tr>\n<td height=\"20\">Alto risco<\/td>\n<td>R$ 16.770<\/td>\n<td>R$ 4.260<\/td>\n<\/tr>\n<tr>\n<td height=\"20\">M\u00e9dio risco<\/td>\n<td>R$ 4.035<\/td>\n<td>R$ 3.925<\/td>\n<\/tr>\n<tr>\n<td height=\"20\">Baixo risco<\/td>\n<td>R$ 1.855<\/td>\n<td>R$ 3.635<\/td>\n<\/tr>\n<tr>\n<td colspan=\"3\" width=\"100%\">Custos m\u00e9dios obtidos em pesquisa da Depto Corretora de Seguros em out\/13; <a href=\"https:\/\/autolivraria.com.br\/bc\/perfis-para-cotacoes-de-seguro\/\">conhe\u00e7a os perfis<\/a><\/td>\n<\/tr>\n<\/tbody>\n<\/table><\/div><\/div>\n<p>&nbsp;<\/p>\n<div class='et-box et-shadow'>\n\t\t\t\t\t<div class='et-box-content'><h2>Satisfa\u00e7\u00e3o dos propriet\u00e1rios<\/h2>\n<table id=\"table6025\" style=\"width: 100%;\" border=\"0\" cellspacing=\"0\" cellpadding=\"3\">\n<tbody>\n<tr>\n<td width=\"33%\"><\/td>\n<td width=\"33%\">Com o carro<\/td>\n<td width=\"33%\">Com as concession\u00e1rias<\/td>\n<\/tr>\n<tr>\n<td width=\"33%\">Muito satisfeitos<\/td>\n<td>69%<\/td>\n<td>50%<\/td>\n<\/tr>\n<tr>\n<td width=\"33%\">Parcialmente satisfeitos<\/td>\n<td>15,5%<\/td>\n<td>25%<\/td>\n<\/tr>\n<tr>\n<td width=\"33%\">Insatisfeitos<\/td>\n<td>15,5%<\/td>\n<td>12,5%<\/td>\n<\/tr>\n<tr>\n<td width=\"33%\">N\u00e3o utilizam<\/td>\n<td>&#8211;<\/td>\n<td>12,5%<\/td>\n<\/tr>\n<tr>\n<td colspan=\"3\" width=\"100%\">Estat\u00edstica obtida no <em>Teste do Leitor <\/em>com 32 propriet\u00e1rios at\u00e9 out\/13<\/td>\n<\/tr>\n<\/tbody>\n<\/table><\/div><\/div>\n<p>&nbsp;<\/p>\n<div class='et-box et-shadow'>\n\t\t\t\t\t<div class='et-box-content'><h2>Compare as vers\u00f5es<\/h2>\n<table id=\"table6026\" style=\"width: 100%;\" border=\"0\" cellspacing=\"0\" cellpadding=\"3\">\n<tbody>\n<tr>\n<td width=\"33%\">Vers\u00e3o<\/td>\n<td width=\"33%\">Faixa de pre\u00e7o<\/td>\n<td width=\"33%\">Anos-modelo dispon\u00edveis<\/td>\n<\/tr>\n<tr>\n<td height=\"20\">408 Allure 2,0 16V Flex<\/td>\n<td>R$ 39.535 a R$ 48.525<\/td>\n<td>2011 a 2013<\/td>\n<\/tr>\n<tr>\n<td height=\"20\">408 Allure 2,0 16V Flex aut.<\/td>\n<td>R$ 43.890 a R$ 52.530<\/td>\n<td>2011 a 2013<\/td>\n<\/tr>\n<tr>\n<td height=\"20\">408 Feline 2,0 16V Flex aut.<\/td>\n<td>R$ 51.855 a R$ 57.145<\/td>\n<td>2011 a 2013<\/td>\n<\/tr>\n<tr>\n<td height=\"20\">408 Griffe 2,0 16V Flex aut.<\/td>\n<td>R$ 54.455 a R$ 56.615<\/td>\n<td>2011 a 2012<\/td>\n<\/tr>\n<tr>\n<td height=\"20\">408 Griffe THP 1,6 16V gas. aut.<\/td>\n<td>R$ 59.830 a R$ 64.785<\/td>\n<td>2012 e 2013<\/td>\n<\/tr>\n<tr>\n<td colspan=\"3\" width=\"100%\">Pre\u00e7os fornecidos pela FIPE e v\u00e1lidos para set\/13<\/td>\n<\/tr>\n<tr>\n<td colspan=\"3\" width=\"100%\" height=\"30\"><\/td>\n<\/tr>\n<\/tbody>\n<\/table>\n<table style=\"width: 100%;\" border=\"0\" cellspacing=\"0\" cellpadding=\"3\">\n<tbody>\n<tr>\n<td width=\"25%\">Vers\u00e3o<\/td>\n<td width=\"15%\">Comb.<\/td>\n<td width=\"15%\">Pot\u00eancia<\/td>\n<td width=\"15%\">Torque<\/td>\n<td width=\"15%\">Vel. m\u00e1xima<\/td>\n<td width=\"15%\">0 a 100 km\/h<\/td>\n<\/tr>\n<tr>\n<td rowspan=\"2\" width=\"25%\">Motor 2,0 16V Flex,\nc\u00e2mbio autom\u00e1tico<\/td>\n<td width=\"15%\">gas.<\/td>\n<td width=\"15%\">143 cv<\/td>\n<td width=\"15%\">20,0 m.kgf<\/td>\n<td width=\"15%\">ND<\/td>\n<td width=\"15%\">ND<\/td>\n<\/tr>\n<tr>\n<td width=\"15%\">\u00e1lc.<\/td>\n<td width=\"15%\">151 cv<\/td>\n<td width=\"15%\">22,0 m.kgf<\/td>\n<td width=\"15%\">208 km\/h<\/td>\n<td width=\"15%\">11,9 s<\/td>\n<\/tr>\n<tr>\n<td width=\"25%\">Motor 1,6 16V turbo,\nc\u00e2mbio autom\u00e1tico<\/td>\n<td width=\"15%\">gas.<\/td>\n<td width=\"15%\">165 cv<\/td>\n<td width=\"15%\">24,5 m.kgf<\/td>\n<td width=\"15%\">213 km\/h<\/td>\n<td width=\"15%\">8,3 s<\/td>\n<\/tr>\n<tr>\n<td colspan=\"6\">Dados do fabricante. ND = n\u00e3o dispon\u00edvel<\/td>\n<\/tr>\n<\/tbody>\n<\/table><\/div><\/div>\n<p>&nbsp;<\/p>\n<p>&nbsp;<\/p>\n","protected":false},"excerpt":{"rendered":"<p>Espa\u00e7oso, bem-equipado e bom de dirigir, o sed\u00e3 franco-argentino merece aten\u00e7\u00e3o a alguns problemas frequentes<\/p>\n","protected":false},"author":6,"featured_media":31612,"comment_status":"open","ping_status":"closed","sticky":false,"template":"","format":"standard","meta":{"_joinchat":[],"footnotes":""},"categories":[38],"tags":[648,1510,1509,1508,2227,1511,80,95,69],"class_list":["post-33971","post","type-post","status-publish","format-standard","has-post-thumbnail","hentry","category-guia-compra","tag-648","tag-408-allure","tag-408-feline","tag-408-griffe","tag-408-limited","tag-408-thp","tag-avaliacao-2","tag-guia-de-compra","tag-peugeot"],"amp_enabled":true,"_links":{"self":[{"href":"https:\/\/autolivraria.com.br\/bc\/wp-json\/wp\/v2\/posts\/33971","targetHints":{"allow":["GET"]}}],"collection":[{"href":"https:\/\/autolivraria.com.br\/bc\/wp-json\/wp\/v2\/posts"}],"about":[{"href":"https:\/\/autolivraria.com.br\/bc\/wp-json\/wp\/v2\/types\/post"}],"author":[{"embeddable":true,"href":"https:\/\/autolivraria.com.br\/bc\/wp-json\/wp\/v2\/users\/6"}],"replies":[{"embeddable":true,"href":"https:\/\/autolivraria.com.br\/bc\/wp-json\/wp\/v2\/comments?post=33971"}],"version-history":[{"count":0,"href":"https:\/\/autolivraria.com.br\/bc\/wp-json\/wp\/v2\/posts\/33971\/revisions"}],"wp:featuredmedia":[{"embeddable":true,"href":"https:\/\/autolivraria.com.br\/bc\/wp-json\/wp\/v2\/media\/31612"}],"wp:attachment":[{"href":"https:\/\/autolivraria.com.br\/bc\/wp-json\/wp\/v2\/media?parent=33971"}],"wp:term":[{"taxonomy":"category","embeddable":true,"href":"https:\/\/autolivraria.com.br\/bc\/wp-json\/wp\/v2\/categories?post=33971"},{"taxonomy":"post_tag","embeddable":true,"href":"https:\/\/autolivraria.com.br\/bc\/wp-json\/wp\/v2\/tags?post=33971"}],"curies":[{"name":"wp","href":"https:\/\/api.w.org\/{rel}","templated":true}]}}