{"id":3438,"date":"2020-05-15T00:02:23","date_gmt":"2020-05-15T03:02:23","guid":{"rendered":"http:\/\/bestcars.uol.com.br\/bc\/?p=3438"},"modified":"2020-05-15T15:05:21","modified_gmt":"2020-05-15T18:05:21","slug":"renault-symbol","status":"publish","type":"post","link":"https:\/\/autolivraria.com.br\/bc\/participe\/opinioes-proprietarios\/teste-do-leitor-renault\/renault-symbol\/","title":{"rendered":"Renault Symbol"},"content":{"rendered":"<p><img decoding=\"async\" class=\"aligncenter size-medium wp-image-3439 lazyload\" title=\"Symbol\" data-src=\"https:\/\/autolivraria.com.br\/bc\/wp-content\/uploads\/2012\/06\/symbol-8v-1g.jpg\" alt=\"\" width=\"696\" data-srcset=\"https:\/\/autolivraria.com.br\/bc\/wp-content\/uploads\/2012\/06\/symbol-8v-1g.jpg 950w, https:\/\/autolivraria.com.br\/bc\/wp-content\/uploads\/2012\/06\/symbol-8v-1g-340x227.jpg 340w, https:\/\/autolivraria.com.br\/bc\/wp-content\/uploads\/2012\/06\/symbol-8v-1g-696x464.jpg 696w, https:\/\/autolivraria.com.br\/bc\/wp-content\/uploads\/2012\/06\/symbol-8v-1g-630x420.jpg 630w, https:\/\/autolivraria.com.br\/bc\/wp-content\/uploads\/2012\/06\/symbol-8v-1g-222x148.jpg 222w\" data-sizes=\"(max-width: 950px) 100vw, 950px\" src=\"data:image\/svg+xml;base64,PHN2ZyB3aWR0aD0iMSIgaGVpZ2h0PSIxIiB4bWxucz0iaHR0cDovL3d3dy53My5vcmcvMjAwMC9zdmciPjwvc3ZnPg==\" style=\"--smush-placeholder-width: 950px; --smush-placeholder-aspect-ratio: 950\/633;\" \/><\/p>\n<p>&nbsp;<\/p>\n<table border=\"0\">\n<tbody>\n<tr>\n<td><\/td>\n<\/tr>\n<\/tbody>\n<\/table>\n<p>&nbsp;<\/p>\n<p>[Nome] Alessandro Bortoluci<br \/>\n[Cidade] S\u00e3o Paulo<br \/>\n[Estado] SP<\/p>\n<p>[Modelo] Renault Symbol<br \/>\n[Vers\u00e3o] Privil\u00e9ge<br \/>\n[Motor] 1.6 16v<br \/>\n[Ano-modelo] 2010<br \/>\n[Quilometragem atual] 90.000 km<br \/>\n[Combust\u00edvel] Flex\u00edvel<br \/>\n[Tempo h\u00e1 que possui] De 1 a 3 anos<\/p>\n<p>[Grau de satisfa\u00e7\u00e3o com o carro] Muito satisfeito(a)<br \/>\n[Grau de satisfa\u00e7\u00e3o com a rede de concession\u00e1rias] Parcialmente satisfeito(a)<\/p>\n<p>[Estilo] 4<br \/>\n[Acabamento] 4<br \/>\n[Posi\u00e7\u00e3o de dirigir] 4<br \/>\n[Instrumentos] 5<br \/>\n[Itens de conveni\u00eancia] 5<br \/>\n[Espa\u00e7o interno] 3<br \/>\n[Capacidade de bagagem] 5<br \/>\n[Motor] 5<br \/>\n[Desempenho] 5<br \/>\n[Consumo] 4<br \/>\n[C\u00e2mbio] 4<br \/>\n[Freios] 4<br \/>\n[Suspens\u00e3o] 4<br \/>\n[Estabilidade] 4<br \/>\n[Seguran\u00e7a passiva] 5<br \/>\n[Custo-benef\u00edcio] 4<\/p>\n<p>[Principais aspectos positivos] Carro muito bom acima de Logan ,Siena e Voyage, da \u00e9poca passa a sensa\u00e7\u00e3o de porte m\u00e9dio, muito confort\u00e1vel e macio. ar digital perfeito coisa q nem carro hoje de 60 mil tem, um big carr\u00e3o com pre\u00e7o acess\u00edvel quem quer fica acima de popular bem pr\u00f3ximo ao m\u00e9dio.<\/p>\n<p>[Principais aspectos negativos] Espa\u00e7o do banco traseiro e altura dele muito baixos , qualquer um raspa a cabe\u00e7a no teto ,e pre\u00e7o das pe\u00e7as na concession\u00e1ria tamb\u00e9m \u00e9 quase de um m\u00e9dio muito caro e m\u00e3o de obra mais ainda e consumo moderado.<\/p>\n<p>[Defeitos apresentados] T\u00f4 com ele a quase 2 anos somente freios e disco trocados , sempre tem um barulhinho Chato que aparece mais , n\u00e3o \u00e9 mais carro zero km n\u00e9 , fora isso nenhum outro<\/p>\n<p>[Coment\u00e1rios adicionais] Super carro recomendo<\/p>\n<p>[Best Cars] \u00d3timo<\/p>\n<p>[Data de publica\u00e7\u00e3o] 15\/5\/20<\/p>\n<p>\u2014<\/p>\n<p>&nbsp;<\/p>\n<div class='code-block code-block-3' style='margin: 8px 0; clear: both;'>\n<script async src=\"https:\/\/pagead2.googlesyndication.com\/pagead\/js\/adsbygoogle.js\"><\/script>\n<!-- AL-quadrado -->\n<ins class=\"adsbygoogle\"\n     style=\"display:block\"\n     data-ad-client=\"ca-pub-1914799802606213\"\n     data-ad-slot=\"5683066082\"\n     data-ad-format=\"auto\"\n     data-full-width-responsive=\"true\"><\/ins>\n<script>\n     (adsbygoogle = window.adsbygoogle || []).push({});\n<\/script><\/div>\n\n<p>&nbsp;<\/p>\n<p>[Nome] Daniel de Oliveira Santos<br \/>\n[Cidade] Santo Andr\u00e9<br \/>\n[Estado] SP<\/p>\n<p>[Modelo] Renault Symbol<br \/>\n[Vers\u00e3o] Expression 16V<br \/>\n[Motor] 1.6<br \/>\n[Ano-modelo] 2012<br \/>\n[Quilometragem atual] 100.000 km<br \/>\n[Combust\u00edvel] Flex\u00edvel<br \/>\n[Tempo h\u00e1 que possui] De 3 a 5 anos<\/p>\n<p>[Grau de satisfa\u00e7\u00e3o com o carro] Parcialmente satisfeito(a)<br \/>\n[Grau de satisfa\u00e7\u00e3o com a rede de concession\u00e1rias] Insatisfeito(a)<\/p>\n<p>[Estilo] 5<br \/>\n[Acabamento] 5<br \/>\n[Posi\u00e7\u00e3o de dirigir] 4<br \/>\n[Instrumentos] 4<br \/>\n[Itens de conveni\u00eancia] 3<br \/>\n[Espa\u00e7o interno] 3<br \/>\n[Capacidade de bagagem] 5<br \/>\n[Motor] 5<br \/>\n[Desempenho] 5<br \/>\n[Consumo] 5<br \/>\n[C\u00e2mbio] 4<br \/>\n[Freios] 3<br \/>\n[Suspens\u00e3o] 2<br \/>\n[Estabilidade] 3<br \/>\n[Seguran\u00e7a passiva] 3<br \/>\n[Custo-benef\u00edcio] 4<\/p>\n<p>[Principais aspectos positivos] Excelente motor e design externo do carro. Rodas de liga leve bem desenhadas. \u00d3tima vis\u00e3o do motorista, f\u00e1cil de estacionar pelo comprimento e largura. Trabalhei como motorista de aplicativo e n\u00e3o teve um cliente que olhou feio pra ele. Se fosse o Clio j\u00e1 teriam torcido o nariz. o Acabamento do painel \u00e9 lindo sem cansar a vista do motorista. Espa\u00e7o interno traseiro razo\u00e1vel, especialmente pela altura baixa da coluna central no assoalho. Os bancos dianteiros extremamente confort\u00e1veis. Dirigibilidade agrad\u00e1vel. Voc\u00ea sente o ronco do motor como se fosse um pequeno jato decolando, \u00e9 indescrit\u00edvel a sensa\u00e7\u00e3o de ouvir as trocas de marchas. Consumo excelente, por ser um 1.6. J\u00e1 fiz no Etanol Aditivado 11 km\/l na cidade (sem brincadeira, s\u00f3 limpei uma vez os bicos em 3 anos de uso!) e 13 km\/l na gasolina. Na estrada rende muito mais, com 5 ocupantes e ar ligado.<\/p>\n<p>[Principais aspectos negativos] Principalmente pe\u00e7as e manuten\u00e7\u00e3o. Concession\u00e1ria e autorizadas metem a faca (n\u00e3o falam que existem pe\u00e7as compat\u00edveis com o Clio Sedan). Inst\u00e1vel nas curvas, se estiver a mais de 60 km levanta uma das rodas traseiras. Suspens\u00e3o fraca, quebra f\u00e1cil nos buracos de S\u00e3o Paulo. Por ser apenas 1.6 nas duas vers\u00f5es, deveria ter vidro el\u00e9trico nas portas traseiras tamb\u00e9m. Espa\u00e7o interno traseiro razo\u00e1vel, pois quem \u00e9 alto bate a cabe\u00e7a no teto ao entrar e encosta os joelhos nos bancos dianteiros (levei um chute nas costas de um passageiro, coisa que Logan e Sandero n\u00e3o sentem).<\/p>\n<p>[Defeitos apresentados] Quebrei o silenciador do escapamento (com 95000 km), na concessionaria: $ 900, no mec\u00e2nico perto de casa, original $250 a pe\u00e7a instalada (at\u00e9 me assustei, achando que era uma das parcelas). Suspens\u00e3o foram outros $1200 originais dianteiros. A mais pesada foi o SEMI-EIXO, $1700 (escrevi em mai\u00fasculas mesmo porque se tiver problemas com essa pe\u00e7a, prepare o bolso e a paci\u00eancia, 20 dias pra entregar pe\u00e7a da Argentina). Piv\u00f4s originais fracos, mas pre\u00e7o igual ao do compat\u00edvel $54,00. Disco de freio original saiu em conta, $700 completo (n\u00e3o troque em qualquer loja Bosch!, olho da cara a manuten\u00e7\u00e3o).S\u00f3 isso.<\/p>\n<p>[Concession\u00e1rias] Nada a comentar, todas cobram absurdo de pe\u00e7as e m\u00e3o de obra e demora pra entregar o servi\u00e7o.<\/p>\n<p>[Coment\u00e1rios adicionais] Nem todo o carro \u00e9 perfeito, pelos defeitos acima, seria um excelente carro.<\/p>\n<p>[Best Cars] Excelente p\u00e1gina, acho \u00fanica e uma \u00f3tima alternativa para as concorrentes Auto e 4 Rodas.<\/p>\n<p>[Data de publica\u00e7\u00e3o] 7\/2\/20<\/p>\n<p>\u2014<\/p>\n<p>&nbsp;<\/p>\n<div class='code-block code-block-7' style='margin: 28px auto; text-align: center; display: block; clear: both;'>\n<br>\n<div align=\"center\">\n<a target=\"_blank\" href=\"https:\/\/bestcars.com.br\/bc\/\">\n<img decoding=\"async\" data-src=\"https:\/\/bestcars.com.br\/bc\/wp-content\/uploads\/2021\/07\/Auto-Livraria-450x300-quadros.jpg\" alt=\"Auto Livraria\" src=\"data:image\/svg+xml;base64,PHN2ZyB3aWR0aD0iMSIgaGVpZ2h0PSIxIiB4bWxucz0iaHR0cDovL3d3dy53My5vcmcvMjAwMC9zdmciPjwvc3ZnPg==\" class=\"lazyload\"><\/a>\n<\/div>\n<br><\/div>\n\n<p>&nbsp;<\/p>\n<p>[Nome] Lucas Araujo<br \/>\n[Cidade] Ponta Grossa<br \/>\n[Estado] PR<\/p>\n<p>[Vers\u00e3o] Privil\u00e9ge<br \/>\n[Motor] 1,6 16V<br \/>\n[Ano-modelo] 2013<br \/>\n[Quilometragem atual] 60.000 km<br \/>\n[Combust\u00edvel] Flex\u00edvel<br \/>\n[Tempo h\u00e1 que possui] At\u00e9 1 ano<\/p>\n<p>[Grau de satisfa\u00e7\u00e3o com o carro] Muito satisfeito(a)<br \/>\n[Grau de satisfa\u00e7\u00e3o com a rede de concession\u00e1rias] Parcialmente satisfeito(a)<\/p>\n<p>[Estilo] 4<br \/>\n[Acabamento] 5<br \/>\n[Posi\u00e7\u00e3o de dirigir] 4<br \/>\n[Instrumentos] 4<br \/>\n[Itens de conveni\u00eancia] 5<br \/>\n[Espa\u00e7o interno] 5<br \/>\n[Capacidade de bagagem] 5<br \/>\n[Motor] 5<br \/>\n[Desempenho] 5<br \/>\n[Consumo] 5<br \/>\n[C\u00e2mbio] Selecione<br \/>\n[Freios] 4<br \/>\n[Suspens\u00e3o] 4<br \/>\n[Estabilidade] 4<br \/>\n[Seguran\u00e7a passiva] 4<br \/>\n[Custo-benef\u00edcio] 5<\/p>\n<p>[Principais aspectos positivos] Conforto, espa\u00e7o interno, porta-malas, itens de s\u00e9rie, cabine silenciosa, consumo baixo de combust\u00edvel, dire\u00e7\u00e3o macia.<\/p>\n<p>[Principais aspectos negativos] Farol simples, pe\u00e7as originais, palheta do p\u00e1ra-brisa compat\u00edvel \u00e9 muito cara.<\/p>\n<p>[Defeitos apresentados] Piv\u00f4 da dire\u00e7\u00e3o teve que ser trocada e a suspens\u00e3o regulada, o que \u00e9 normal, visto que na cidade em que moro as ruas s\u00e3o p\u00e9ssimas e cheias de buracos e emendas de asfalto.<\/p>\n<p>[Coment\u00e1rios adicionais] Considero um carro perfeito. Consumo de combust\u00edvel baixo em se tratando de um carro sedan de tamanho m\u00e9dio (maior que um sedan compacto), faz aproximadamente 10,6 l com gasolina e 9,8 com \u00e1lcool na cidade, e eu rodando com o carro mais de 10 k, por dia. Na rodovia faz 15,3 por litro.<\/p>\n<p>[Best Cars] \u00c9 um site confi\u00e1vel para buscarmos informa\u00e7\u00f5es de autom\u00f3veis.<\/p>\n<p>[Data de publica\u00e7\u00e3o] 20\/4\/18<\/p>\n<p>\u2014<\/p>\n<p>[Nome] Marcos Domingos<br \/>\n[Cidade] RIo de Janeiro<br \/>\n[Estado] RJ<\/p>\n<p>[Vers\u00e3o] Expression<br \/>\n[Motor] 1.6 16V<br \/>\n[Ano-modelo] 2011<br \/>\n[Quilometragem atual] 40.000 km<br \/>\n[Combust\u00edvel] Flex\u00edvel<br \/>\n[Tempo h\u00e1 que possui] At\u00e9 1 ano<\/p>\n<p>[Grau de satisfa\u00e7\u00e3o com o carro] Parcialmente satisfeito(a)<br \/>\n[Grau de satisfa\u00e7\u00e3o com a rede de concession\u00e1rias] Parcialmente satisfeito(a)<\/p>\n<p>[Estilo] 3<br \/>\n[Acabamento] 1<br \/>\n[Posi\u00e7\u00e3o de dirigir] 4<br \/>\n[Instrumentos]<br \/>\n[Itens de conveni\u00eancia] 3<br \/>\n[Espa\u00e7o interno] 1<br \/>\n[Capacidade de bagagem] 5<br \/>\n[Motor] 4<br \/>\n[Desempenho] 4<br \/>\n[Consumo] 3<br \/>\n[C\u00e2mbio] 2<br \/>\n[Freios] 3<br \/>\n[Suspens\u00e3o] 4<br \/>\n[Estabilidade] 4<br \/>\n[Seguran\u00e7a passiva] 4<br \/>\n[Custo-benef\u00edcio] 3<\/p>\n<p>[Principais aspectos positivos] Sem sombras de d\u00favidas, a mala do Symbol \u00e9 incrivelmente grande. Sensacional. E, ainda, tem luz interna no que faz toda diferen\u00e7a a noite. Em alta, o carro desenvolve muito bem no que dar seguran\u00e7a nas ultrapassagens.<\/p>\n<p>[Principais aspectos negativos] A marcha \u00e9 curta demais. O carro chora f\u00e1cil at\u00e9 quarta marcha. Pra mim, isso \u00e9 p\u00e9ssimo uma vez que estamos falando de um carro 1.6 16V. Trabalhar nas redu\u00e7\u00f5es para ultrapassagem na cidade \u00e9 sinceramente irritante. O acabamento do carro \u00e9 horr\u00edvel, material de p\u00e9ssima qualidade e gosto. Simplesmente, o carro se desfaz . O espa\u00e7o interno \u00e9 outro calv\u00e1rio. Para os passageiros que est\u00e3o atr\u00e1s, uma viagem vira um pesadelo. Facilmente a cabe\u00e7a do passageiro, de m\u00e9dia estatura, bate nos cantos do teto. Tr\u00eas pessoas atr\u00e1s \u00e9 imposs\u00edvel.<\/p>\n<p>[Defeitos apresentados] N\u00e3o apresentou defeitos.<\/p>\n<p>[Concession\u00e1rias] N\u00e3o utilizei. Fiz manuten\u00e7\u00f5es preventivas em um mec\u00e2nico de confian\u00e7a.<\/p>\n<p>[Coment\u00e1rios adicionais] A revenda do carro tamb\u00e9m muito ruim tanto pelo valor de revenda (desvaloriza\u00e7\u00e3o) quanto por pessoas interessadas.<\/p>\n<p>[Best Cars] Muito \u00fatil consultar a opini\u00e3o dos propriet\u00e1rios de um carro que desejamos ter.<\/p>\n<p>[Data de publica\u00e7\u00e3o] 24\/2\/17<\/p>\n<p>\u2014<\/p>\n<p>[Nome] Alexandre Farias<br \/>\n[Cidade] Fortaleza<br \/>\n[Estado] CE<\/p>\n<p>[Vers\u00e3o] Privilege 1.6<br \/>\n[Ano-modelo] 2012<br \/>\n[Combust\u00edvel] Flex\u00edvel<br \/>\n[Quilometragem atual] 15.000 km<br \/>\n[Tempo h\u00e1 que possui] De 1 a 3 anos<\/p>\n<p>[Grau de satisfa\u00e7\u00e3o com o carro] Parcialmente satisfeito<br \/>\n[Grau de satisfa\u00e7\u00e3o com a rede de concession\u00e1rias] Insatisfeito<\/p>\n<p>[Estilo] 3<br \/>\n[Acabamento] 3<br \/>\n[Posi\u00e7\u00e3o de dirigir] 4<br \/>\n[Instrumentos] 4<br \/>\n[Itens de conveni\u00eancia] 3<br \/>\n[Espa\u00e7o interno] 3<br \/>\n[Capacidade de bagagem] 4<br \/>\n[Motor] 3<br \/>\n[Desempenho] 3<br \/>\n[Consumo] 2<br \/>\n[C\u00e2mbio] 3<br \/>\n[Freios] 4<br \/>\n[Suspens\u00e3o] 4<br \/>\n[Estabilidade] 3<br \/>\n[Seguran\u00e7a passiva] 3<br \/>\n[Custo-benef\u00edcio] 4<\/p>\n<p>[Principais aspectos positivos] Desenho s\u00f3brio e discreto, que considero agrad\u00e1vel. Possui v\u00e1rios itens de s\u00e9rie: rodas liga leve, air bag duplo, ac, dire\u00e7\u00e3o hidr\u00e1ulica, sensor de r\u00e9, r\u00e1dio integrado com controle atr\u00e1s do volante, vidros el\u00e9tricos dianteiros e traseiros, pc de bordo.. Ainda veio com cor met\u00e1lica por 36.000 na \u00e9poca, que era mais barato que os concorrentes em vers\u00f5es peladas.<\/p>\n<p>[Principais aspectos negativos] Acabamento achei que poderia ser melhor por n\u00e3o ser o carro de entrada da marca. Consumo muito abaixo do esperado, 8km\/litro na gasolina marcados no pc de bordo rodando 95% na cidade e 80% com ac ligado e n\u00e3o passando de 3.500 giros no geral. Consumo pior que muito 2.0 Autom\u00e1tico.<\/p>\n<p>[Defeitos apresentados] Bot\u00e3o de destravar na chave fez um buraco, coisa que n\u00e3o aconteceu em carros anteriores. Descascando a manopla do c\u00e2mbio. O pior mesmo s\u00e3o as constantes panes el\u00e9tricas. O carro simplesmente para e n\u00e3o funciona mais.. tem que esperar alguns minutos e ligar novamente. Da \u00faltima vez nem isso resolveu, s\u00f3 ligou no outro dia. O pior das ocorr\u00eancias foi numa BR, o carro simplesmente come\u00e7ou a perder pot\u00eancia at\u00e9 travar a dire\u00e7\u00e3o hidr\u00e1ulica e desligar.<\/p>\n<p>[Concession\u00e1rias] A primeira vez que usamos, relatei o consumo alto do carro. Eles resetaram a central e tentaram ajustar a inje\u00e7\u00e3o eletr\u00f4nica. N\u00e3o sei se isso interferiu nas futuras panes el\u00e9tricas. As outras vezes que levamos o carro foi para resolver as panes e nada conseguiu dar jeito e o carro volta a ter panes el\u00e9tricas.<\/p>\n<p>[Coment\u00e1rios adicionais] \u00c9 uma pena, o carro \u00e9 bom, completo e foi comprado por um pre\u00e7o honesto. Talvez eu tenha sido premiado mas tivemos um Clio Sedan que ao passar dos 20.000 km come\u00e7ou a ter problemas el\u00e9tricos tamb\u00e9m. Eu n\u00e3o tenho preconceitos com marcas ou nacionalidade delas mas a Renault poderia voltar a ter carros genuinamente Renault e n\u00e3o s\u00f3 projetos da Dacia aqui no Brasil. Provavelmente evitarei a marca no nosso pr\u00f3ximo carro.<\/p>\n<p>[Best Cars Web Site] Melhor site de carros disparado. Teste do Leitor \u00e9 leitura obrigat\u00f3ria antes de comprar algum carro.<\/p>\n<p>[Data de publica\u00e7\u00e3o] 15\/8\/14<\/p>\n<p>\u2014<\/p>\n<p>[Nome] Eder Lima<br \/>\n[Cidade] Pendencias<br \/>\n[Estado] RN<\/p>\n<p>[Vers\u00e3o] Privilege<br \/>\n[Ano-modelo] 2010<br \/>\n[Combust\u00edvel] Flex\u00edvel<br \/>\n[Quilometragem atual] 60.000 km<br \/>\n[Tempo h\u00e1 que possui] At\u00e9 1 ano<\/p>\n<p>[Grau de satisfa\u00e7\u00e3o com o carro] Muito satisfeito<br \/>\n[Grau de satisfa\u00e7\u00e3o com a rede de concession\u00e1rias] N\u00e3o utilizo<\/p>\n<p>[Estilo] 5<br \/>\n[Acabamento] 4<br \/>\n[Posi\u00e7\u00e3o de dirigir] 5<br \/>\n[Instrumentos] 5<br \/>\n[Itens de conveni\u00eancia] 4<br \/>\n[Espa\u00e7o interno] 4<br \/>\n[Capacidade de bagagem] 5<br \/>\n[Motor] 5<br \/>\n[Desempenho] 5<br \/>\n[Consumo] 4<br \/>\n[C\u00e2mbio] 4<br \/>\n[Freios] 4<br \/>\n[Suspens\u00e3o] 4<br \/>\n[Estabilidade] 4<br \/>\n[Seguran\u00e7a passiva] 4<br \/>\n[Custo-benef\u00edcio] 5<\/p>\n<p>[Principais aspectos positivos] Custo beneficio, consumo, porta malas, itens de conveniencia, motor com \u00f3timo desempenho e ao mesmo tempo economico, estilo, bom isolamento acustico e suspens\u00e3o macia.<\/p>\n<p>[Principais aspectos negativos] Espa\u00e7o interno traseiro apenas razoavel, teto baixo, tinta do painel de pessima qualidade e aus\u00eancia de cambio automatico.<\/p>\n<p>[Defeitos apresentados] Somente a pintura do painel que descascou em alguns pontos.<\/p>\n<p>[Coment\u00e1rios adicionais] O melhor custo beneficio do segmento a que pertence. Um sedan compacto superior a todos da categoria e equiparavel (ou at\u00e9 mesmo melhor) a alguns m\u00e9dios do mercado. Ia colocar a baixa liquidez e desvaloriza\u00e7\u00e3o como ponto negativo, mas n\u00e3o coloquei porque isso n\u00e3o decorre do carro ser bom ou ruim e sim de um fator cultural do brasileiro que supervaloriza carro\u00e7as travestidas de carro (desde que sejam boas de revender) e despreza bons carros que n\u00e3o sejam t\u00e3o bons de revenda. O melhor exemplo disso s\u00e3o os carros de entrada da VW e GM (gol, corsa, fox e celta) que n\u00e3o chegam aos p\u00e9s de um franc\u00eas em termos de conforto e conveniencia mas s\u00e3o idolatrados pelo mercado brasileiro. Por sua vez, bons carros como alguns da Renault e Citroen (o proprio symbol, c4 pallas) sofrem uma desvaloriza\u00e7\u00e3o injusta por causa da ignor\u00e2ncia do consumidor.<\/p>\n<p>[Best Cars Web Site] At\u00e9 hoje, o melhor e mais completo site sobre carros que j\u00e1 encontrei. Tornou-se minha biblia automotiva.<\/p>\n<p>[Data de publica\u00e7\u00e3o] 5\/9\/13<\/p>\n<p>\u2014<\/p>\n<p>[Nome] sergio luiz alves<br \/>\n[Cidade] SANTA CRUZ DO SUL<br \/>\n[Estado] RS<\/p>\n<p>[Vers\u00e3o] EX1616V<br \/>\n[Ano-modelo] 2011<br \/>\n[Combust\u00edvel] Flex\u00edvel<br \/>\n[Quilometragem atual] 20.000 km<br \/>\n[Tempo h\u00e1 que possui] De 1 a 3 anos<\/p>\n<p>[Grau de satisfa\u00e7\u00e3o com o carro] Parcialmente satisfeito<br \/>\n[Grau de satisfa\u00e7\u00e3o com a rede de concession\u00e1rias] Insatisfeito<\/p>\n<p>[Estilo] 3<br \/>\n[Acabamento] 3<br \/>\n[Posi\u00e7\u00e3o de dirigir] 4<br \/>\n[Instrumentos] 4<br \/>\n[Itens de conveni\u00eancia] 3<br \/>\n[Espa\u00e7o interno] 3<br \/>\n[Capacidade de bagagem] 5<br \/>\n[Motor] 4<br \/>\n[Desempenho] 4<br \/>\n[Consumo] 4<br \/>\n[C\u00e2mbio] 3<br \/>\n[Freios] 4<br \/>\n[Suspens\u00e3o] 4<br \/>\n[Estabilidade] 4<br \/>\n[Seguran\u00e7a passiva] 4<br \/>\n[Custo-benef\u00edcio] 4<\/p>\n<p>[Principais aspectos positivos] como sed\u00e3 m\u00e9dio,tem pre\u00e7o acessivel,bom desempenho tanto na cidade quanto estrada.bom de dirigir, econ\u00f4mico, \u00f3timo porta malas para quem gosta de viajar em fam\u00edlia.<\/p>\n<p>[Principais aspectos negativos] no meu caso,o excessivo e prematuro desgaste dos pneus, trocados em nome da seguran\u00e7a ao completar 17.000 km.e utilizados em estradas de boas e \u00f3timas condi\u00e7\u00f5es, e na cidade.<\/p>\n<p>[Defeitos apresentados] defeito mecanico nenhum.o que ele tem de defeito desde que o retirei da concession\u00e1ria, \u00e9 que entra \u00e1gua na cabine sempre que chove.o ve\u00edculo j\u00e1 ficou imobilizado (termo adotado pela renault)por mais de 30 dias, somadas todas as vezes em que o deixei na revenda weicolo comercio de veiculos ltda em santa cruz do sul(rs) onde o comprei.at\u00e9 hj, passado 18 meses de uso nao conseguiram resolver problema.n\u00e3o sei se \u00e9 problema de montagem o projeto, mas \u00e9 inadmiss\u00edvel que ao descubram por onde entra agua na cabine.agora acionei revenda e montadora na justi\u00e7a para fazer valer meus direitos de consumidor.<\/p>\n<p>[Concession\u00e1rias] A concession\u00e1ria que utilizo \u00e9 a mesma onde comprei o carro.o atendimento \u00e9 simplesmente lament\u00e1vel.p\u00f3s venda simplesmente nao existe.o descaso com clientes na oficina, \u00e9 lament\u00e1vel.acionei a ger\u00eancia regional da revenda, depois o sac da marca, que me auxiliaram no atendimento.mas a realidade na revendedora \u00e9 muito diferente.estou completamente insatisfeito com o atendimento da marca.<\/p>\n<p>[Coment\u00e1rios adicionais] tirando os problemas com a infiltra\u00e7\u00e3o de agua, estou satisfeito com carro.compraria outro!!!<\/p>\n<p>[Best Cars Web Site] conheci o site atraves do advogado que contratei para acionar a renault.gostei muito.trabalho s\u00e9rio.<\/p>\n<p>[Data de publica\u00e7\u00e3o] 9\/8\/13<\/p>\n<p>\u2014<\/p>\n<p>[Nome] david freitas jacques<br \/>\n[Cidade] porto alegre<br \/>\n[Estado] RS<\/p>\n<p>[Vers\u00e3o] privilege<br \/>\n[Ano-modelo] 2013<br \/>\n[Combust\u00edvel] Flex\u00edvel<br \/>\n[Quilometragem atual] 5.000 km<br \/>\n[Tempo h\u00e1 que possui] At\u00e9 1 ano<\/p>\n<p>[Grau de satisfa\u00e7\u00e3o com o carro] Muito satisfeito<br \/>\n[Grau de satisfa\u00e7\u00e3o com a rede de concession\u00e1rias] Parcialmente satisfeito<\/p>\n<p>[Estilo] 4<br \/>\n[Acabamento] 5<br \/>\n[Posi\u00e7\u00e3o de dirigir] 4<br \/>\n[Instrumentos] 4<br \/>\n[Itens de conveni\u00eancia] 5<br \/>\n[Espa\u00e7o interno] 3<br \/>\n[Capacidade de bagagem] 5<br \/>\n[Motor] 5<br \/>\n[Desempenho] 5<br \/>\n[Consumo] 5<br \/>\n[C\u00e2mbio] 4<br \/>\n[Freios] 4<br \/>\n[Suspens\u00e3o] 5<br \/>\n[Estabilidade] 5<br \/>\n[Seguran\u00e7a passiva] 4<br \/>\n[Custo-benef\u00edcio] 5<\/p>\n<p>[Principais aspectos positivos] o forte do symbol realmente \u00e9 o motor 1.6 16v 115cv um espet\u00e1culo, o motor responde muito r\u00e1pido mesmo,tem boa estabilidade, consumo \u00e9 bom 14.5 gasolina com ar ligado na estrada a 120 km\/h e 11,5 gasolina na cidade. ru\u00eddo do motor n\u00e3o passa para a cabine, muito bem mesmo. ter um carro com air bag,freios abs, computador de bordo, ar digital por R$ 38.000,00 realmente \u00e9 o melhor custo benef\u00edcio.<\/p>\n<p>[Principais aspectos negativos] o espa\u00e7o do banco traseiro \u00e9 um pouco limitado, mas n\u00e3o compromete, sendo 3 crian\u00e7as ou 2 adultos e uma crian\u00e7a atr\u00e1s, vai bem.<\/p>\n<p>[Defeitos apresentados] veio com barulho nos vidros das portas dianteiras, mas foi resolvido na concession\u00e1ria, a renault peca muito no controle de qualidade. deveriam avaliar o carro antes de entregarem aos seus donos.<\/p>\n<p>[Concession\u00e1rias] comprei na iesa em porto alegre, sempre atenciosos.<\/p>\n<p>[Coment\u00e1rios adicionais] o carro \u00e9 gostoso de dirigir e o motor te convida para a estrada. O symbol \u00e9 muito melhor que voyage,prisma, siena, peugeot&#8230;<\/p>\n<p>[Best Cars Web Site] fonte de consulta obrigat\u00f3ria para compra de ve\u00edculo.<\/p>\n<p>[Data de publica\u00e7\u00e3o] 8\/3\/13<\/p>\n<p>\u2014<\/p>\n<p>[Nome] Thais Oliveira<br \/>\n[Cidade] Americana<br \/>\n[Estado] SP<\/p>\n<p>[Vers\u00e3o] Privilege<br \/>\n[Ano-modelo] 2011<br \/>\n[Combust\u00edvel] Flex\u00edvel<br \/>\n[Quilometragem atual] 10.000 km<br \/>\n[Tempo h\u00e1 que possui] De 1 a 3 anos<\/p>\n<p>[Grau de satisfa\u00e7\u00e3o com o carro] Muito satisfeito<br \/>\n[Grau de satisfa\u00e7\u00e3o com a rede de concession\u00e1rias] Insatisfeito<\/p>\n<p>[Estilo] 4<br \/>\n[Acabamento] 3<br \/>\n[Posi\u00e7\u00e3o de dirigir] 5<br \/>\n[Instrumentos] 5<br \/>\n[Itens de conveni\u00eancia] 5<br \/>\n[Espa\u00e7o interno] 3<br \/>\n[Capacidade de bagagem] 5<br \/>\n[Motor] 5<br \/>\n[Desempenho] 5<br \/>\n[Consumo] 3<br \/>\n[C\u00e2mbio] 5<br \/>\n[Freios] 5<br \/>\n[Suspens\u00e3o] 5<br \/>\n[Estabilidade] 5<br \/>\n[Seguran\u00e7a passiva] 4<br \/>\n[Custo-benef\u00edcio] 5<\/p>\n<p>[Principais aspectos positivos] O carro em si \u00e9 \u00f3timo, ar digital, rodas de liga leve, freio abs q em situa\u00e7\u00f5es j\u00e1 fez a diferen\u00e7a&#8230;Porta malas gigantesco, conforto.<\/p>\n<p>[Principais aspectos negativos] A pr\u00f3pria Renault \u00e9 oponente do carro&#8230; Simplesmente se esqueceu de que o fabrica&#8230; Muitas pessoas nem sabem q o carro existe&#8230; Perdi a conta de quantas pessoas me disseram q nunca tinham visto ou ouvido falar do carro&#8230;<\/p>\n<p>[Defeitos apresentados] n\u00e3o<\/p>\n<p>[Concession\u00e1rias] P\u00e9ssimo atendimento Andretta Americana.<\/p>\n<p>[Data de publica\u00e7\u00e3o] 8\/3\/13<\/p>\n<p>&nbsp;<\/p>\n","protected":false},"excerpt":{"rendered":"<p>Leia opini\u00f5es de propriet\u00e1rios e envie a sua<\/p>\n","protected":false},"author":6,"featured_media":3439,"comment_status":"closed","ping_status":"closed","sticky":false,"template":"","format":"standard","meta":{"_joinchat":[],"footnotes":""},"categories":[1301],"tags":[1275,70,910,2380,2381,1274],"class_list":["post-3438","post","type-post","status-publish","format-standard","has-post-thumbnail","hentry","category-teste-do-leitor-renault","tag-opiniao-de-proprietarios","tag-renault","tag-symbol","tag-symbol-expression","tag-symbol-privilege","tag-teste-do-leitor"],"amp_enabled":true,"_links":{"self":[{"href":"https:\/\/autolivraria.com.br\/bc\/wp-json\/wp\/v2\/posts\/3438","targetHints":{"allow":["GET"]}}],"collection":[{"href":"https:\/\/autolivraria.com.br\/bc\/wp-json\/wp\/v2\/posts"}],"about":[{"href":"https:\/\/autolivraria.com.br\/bc\/wp-json\/wp\/v2\/types\/post"}],"author":[{"embeddable":true,"href":"https:\/\/autolivraria.com.br\/bc\/wp-json\/wp\/v2\/users\/6"}],"replies":[{"embeddable":true,"href":"https:\/\/autolivraria.com.br\/bc\/wp-json\/wp\/v2\/comments?post=3438"}],"version-history":[{"count":0,"href":"https:\/\/autolivraria.com.br\/bc\/wp-json\/wp\/v2\/posts\/3438\/revisions"}],"wp:featuredmedia":[{"embeddable":true,"href":"https:\/\/autolivraria.com.br\/bc\/wp-json\/wp\/v2\/media\/3439"}],"wp:attachment":[{"href":"https:\/\/autolivraria.com.br\/bc\/wp-json\/wp\/v2\/media?parent=3438"}],"wp:term":[{"taxonomy":"category","embeddable":true,"href":"https:\/\/autolivraria.com.br\/bc\/wp-json\/wp\/v2\/categories?post=3438"},{"taxonomy":"post_tag","embeddable":true,"href":"https:\/\/autolivraria.com.br\/bc\/wp-json\/wp\/v2\/tags?post=3438"}],"curies":[{"name":"wp","href":"https:\/\/api.w.org\/{rel}","templated":true}]}}