{"id":3462,"date":"2020-07-10T00:04:20","date_gmt":"2020-07-10T03:04:20","guid":{"rendered":"http:\/\/bestcars.uol.com.br\/bc\/?p=3462"},"modified":"2020-07-10T13:59:52","modified_gmt":"2020-07-10T16:59:52","slug":"renault-duster","status":"publish","type":"post","link":"https:\/\/autolivraria.com.br\/bc\/participe\/opinioes-proprietarios\/teste-do-leitor-renault\/renault-duster\/","title":{"rendered":"Renault Duster (primeira gera\u00e7\u00e3o)"},"content":{"rendered":"<p><img decoding=\"async\" class=\"aligncenter wp-image-66391 lazyload\" data-src=\"https:\/\/autolivraria.com.br\/bc\/wp-content\/uploads\/2015\/11\/Renault-Duster-Dakar-6-743x495.jpg\" alt=\"\" src=\"data:image\/svg+xml;base64,PHN2ZyB3aWR0aD0iMSIgaGVpZ2h0PSIxIiB4bWxucz0iaHR0cDovL3d3dy53My5vcmcvMjAwMC9zdmciPjwvc3ZnPg==\" style=\"--smush-placeholder-width: 743px; --smush-placeholder-aspect-ratio: 743\/495;\" \/><\/p>\n<p>&nbsp;<\/p>\n<p><a href='https:\/\/autolivraria.com.br\/bc\/teste-do-leitor-envie-sua-opiniao' class='small-button smallsilver' target=\"_blank\"><\/a> Participe: opine sobre seu carro[\/button<\/p>\n<p>&nbsp;<\/p>\n<p>[Nome] Eduardo Oliveira<br \/>\n[Cidade] Rio de Janeiro<br \/>\n[Estado] RJ<\/p>\n<p>[Modelo] Renault Duster<br \/>\n[Vers\u00e3o] Dynamique 4&#215;4<br \/>\n[Motor] 2.0 16v<br \/>\n[Ano-modelo] 2014<br \/>\n[Quilometragem atual] 60.000 km<br \/>\n[Combust\u00edvel] Gasolina<br \/>\n[Tempo h\u00e1 que possui] De 3 a 5 anos<\/p>\n<p>[Grau de satisfa\u00e7\u00e3o com o carro] Parcialmente satisfeito(a)<br \/>\n[Grau de satisfa\u00e7\u00e3o com a rede de concession\u00e1rias] Parcialmente satisfeito(a)<\/p>\n<p>[Estilo] 5<br \/>\n[Acabamento] 3<br \/>\n[Posi\u00e7\u00e3o de dirigir] 5<br \/>\n[Instrumentos] 4<br \/>\n[Itens de conveni\u00eancia] 3<br \/>\n[Espa\u00e7o interno] 5<br \/>\n[Capacidade de bagagem] 5<br \/>\n[Motor] 4<br \/>\n[Desempenho] 4<br \/>\n[Consumo] 2<br \/>\n[C\u00e2mbio] 3<br \/>\n[Freios] 3<br \/>\n[Suspens\u00e3o] 4<br \/>\n[Estabilidade] 4<br \/>\n[Seguran\u00e7a passiva] 2<br \/>\n[Custo-benef\u00edcio] 2<\/p>\n<p>[Principais aspectos positivos] \u00c9 um carro que n\u00e3o da defeito, confi\u00e1vel ao extremo e te permite rodar o pa\u00eds. As pe\u00e7as de desgaste tem boa durabilidade e mesmo com 60000 km o carro n\u00e3o apresenta ru\u00eddos internos. Nunca troquei nada que n\u00e3o fosse previsto na manuten\u00e7\u00e3o do ve\u00edculo. Os bancos s\u00e3o confort\u00e1veis e ele absorve bem os grandes buracos do piso. O motor tem bastante torque e permite viajar em 6\u00b0 marchas nas rodovias em baixo giro e sem redu\u00e7\u00f5es constantes, mas isso n\u00e3o significa economia de combust\u00edvel.<br \/>\n\u00c9 poss\u00edvel dirigir esse carro por mais de 8hs e chegar no seu destino com o mesmo n\u00edvel de cansa\u00e7o de um motorista de um carro m\u00e9dio como um Focus. Internamente o carro parece um latif\u00fandio, j\u00e1 fiz 2 mudan\u00e7as com ele, carreguei material de constru\u00e7\u00e3o, piso, cabe tudo! A suspens\u00e3o ignora buracos e voc\u00ea pode andar na terra, lama e areia tranquilamente ao mesmo tempo que \u00e9 boa de curvas. Os avaliadores do BCWS n\u00e3o gostam da forma que a dire\u00e7\u00e3o se comporta em curvas fazendo pequenos solavancos conforme pega alguma irregularidade, mas eu sempre gostei desse comportamento direto da dire\u00e7\u00e3o pois me lembra meus antigos carros sem dire\u00e7\u00e3o hidr\u00e1ulica\/el\u00e9trica.<\/p>\n<p>[Principais aspectos negativos] O consumo \u00e9 p\u00e9ssimo!! Quando comprei o carro em 2015 j\u00e1 sabia o tanto que bebia, mas com os constantes aumentos do pre\u00e7o de combust\u00edvel \u00e9 um carro que ficou dif\u00edcil de manter. Na cidade (RJ) com ar e gasolina n\u00e3o passa de 7,5 km\/l, em vias expressas sem transito n\u00e3o passa de 10 km\/l e na estrada a m\u00e9dia de 110 km\/h n\u00e3o passa de 10,5 km\/l.<br \/>\nO acabamento do carro \u00e9 simples e ele n\u00e3o disp\u00f5em de diversos mimos que a concorr\u00eancia tem. E devido a esse acabamento simples o carro tem um isolamento ac\u00fastico em velocidades de estrada apenas adequado. A suspens\u00e3o n\u00e3o absorve bem pequenos desn\u00edveis. O som da central multim\u00e9dia poderia ser de melhor qualidade.<br \/>\nO ar condicionado poderia ser melhor. O elogio feito ao motor anteriormente tem uma penaliza\u00e7\u00e3o, ele morre um pouco ap\u00f3s as 4000 rpm, assim as ultrapassagens n\u00e3o s\u00e3o t\u00e3o r\u00e1pidas quanto o torque em baixa pode fazer parecer. O c\u00e2mbio manual \u00e9 um pouco pesado de utilizar no transito pesado. O painel laranja \u00e9 cansativo de ver em longos percursos.<\/p>\n<p>[Defeitos apresentados] O sa\u00edda da \u00e1gua do limpador de para-brisa dianteiro entupiu. As sa\u00eddas de ar condicionado perderam o acabamento cromado, s\u00f3 foi trocado em garantia ap\u00f3s eu dar um m\u00e1 nota a concession\u00e1ria na avalia\u00e7\u00e3o do servi\u00e7o prestado na revis\u00e3o de 40000 km.<\/p>\n<p>[Concession\u00e1rias] Acho as revis\u00f5es caras, parei de faze-las quando acabou a garantia do ve\u00edculo. Em compensa\u00e7\u00e3o utilizei os servi\u00e7os Renault Minuto por diversas vezes. L\u00e1 \u00e9 poss\u00edvel fazer desde troca de \u00f3leo at\u00e9 troca da correia dentada por um pre\u00e7o fixo. S\u00e3o bons servi\u00e7os, com bom pre\u00e7o e feitos em um tempo muito bom e que n\u00e3o precisa de agendamento. Sinto falta disso em outros fabricantes.<\/p>\n<p>[Coment\u00e1rios adicionais] Comprei esse carro com 22000 km e um ano de uso, sua pintura era verde Amazonas. Eu passava todo dia em frente a concession\u00e1ria e de tanto ver esse carro e torcer o pesco\u00e7o precisei parar e ir conhece-lo. Era completo inclusive com o over bumper. Com ele rodei metade do pa\u00eds, fui do Rio at\u00e9 a Bahia 2x, fui para Brasilia e diversas chapadas, andei na terra, na lama, na areia e at\u00e9 cruzei rios, o carro ficou t\u00e3o coberto de poeira uma certa vez que parecia que tinha vindo de um deserto.<br \/>\nFazia algumas trilhas em grupo e chegava a lugares com uma facilidade incr\u00edvel enquanto outros carros que estavam juntos como Amarok e Ranger sofriam diversas vezes para chegar. A tra\u00e7\u00e3o atua de verdade e n\u00e3o te deixa na m\u00e3o mesmo sendo um simples bot\u00e3o liga desliga. Abasteci at\u00e9 com combust\u00edvel suspeito no meio do sert\u00e3o da Bahia e no m\u00e1ximo o carro falhou e voltou ao normal no pr\u00f3ximo abastecimento. Resumindo: NUNCA me deixou na m\u00e3o. Troquei amortecedores com 40K km e pneus com 40k Km o que considero adequado. Mesmo com o uso pesado em buracos o carro nunca perdia alinhamento.<br \/>\nA suspens\u00e3o independente em situa\u00e7\u00f5es de serra tem para um SUV uma surpreendente ader\u00eancia e em condi\u00e7\u00f5es de grandes desn\u00edveis sempre mantem as rodas em contato com o ch\u00e3o. Defino essa vers\u00e3o do Duster como um: tanque de guerra.<br \/>\nE por ser um tanque de guerra entro agora nos itens que desabonam o carro. A suspens\u00e3o n\u00e3o absorve pequenos impactos tornando a condu\u00e7\u00e3o em asfalto ruim um pouco cansativa (cen\u00e1rio comum nas BRs da vida). Assim como um tanque de guerra ele \u00e9 simples para n\u00e3o quebrar. Por dentro \u00e9 feito de pl\u00e1stico duro ruim ao toque e n\u00e3o tem v\u00e1rios equipamentos que vem em seus concorrentes. O motor \u00e9 de concep\u00e7\u00e3o antiga e tem um consumo bastante elevado al\u00e9m de perder potencia em rota\u00e7\u00f5es mais altas. Tanto que se voc\u00ea quiser curtir a suspens\u00e3o independente numa subida de serra vai ser obrigado a parar no pr\u00f3ximo postos porque o consumo se torna digno de um V6.<br \/>\nOs valores de consumo que comentei acima s\u00e3o apenas numa condu\u00e7\u00e3o tranquila, podendo piorar tanto quanto o motorista queira explorar o c\u00e2mbio e o motor e a boa suspens\u00e3o. Subir uma serra em ritmo de sedan m\u00e9dio podem resultar em m\u00e9dias de 6,5 a 7 km\/l. Na cidade embora o cambio manual te permite ser \u00e1gil, ele cobra a conta no consumo e no conforto, pois s\u00e3o diversas trocas de marcha para acompanhar o fluxo.<br \/>\nA Renault como marca deixa bastante a desejar, n\u00e3o investe em cativar o cliente, n\u00e3o cria valor agregado ao carro que o cliente tem, n\u00e3o interage com o cliente nas redes sociais e n\u00e3o sabe tirar d\u00favidas. Fiquei esperando o lan\u00e7amento do Duster 2\u00b0 gera\u00e7\u00e3o 4WD pois gostaria de me manter fiel a marca pois o carro \u00e9 extremamente confi\u00e1vel e esperava que essa gera\u00e7\u00e3o trouxesse afinal a solu\u00e7\u00e3o de diversos probleminhas como: a ado\u00e7\u00e3o de um c\u00e2mbio autom\u00e1tico, um acabamento melhor e um motor turbo que traria um consumo melhor. A nova gera\u00e7\u00e3o veio sem a vers\u00e3o 4WD o que considero lament\u00e1vel.<br \/>\nConcluo que se o leitor gostaria de comprar um carro confi\u00e1vel que pode levar um casa no bagageiro pode ir sem medo nessa vers\u00e3o, mas tenha ci\u00eancia do consumo e dos pontos apontados.<\/p>\n<p>[Best Cars] Leio o site a anos. Sou engenheiro mec\u00e2nico e apenas aqui \u00e9 poss\u00edvel obter informa\u00e7\u00e3o de forma confi\u00e1vel e de boa qualidade.<\/p>\n<p>[Data de publica\u00e7\u00e3o] 10\/7\/20<\/p>\n<p>\u2014<\/p>\n<p>&nbsp;<\/p>\n<div class='code-block code-block-7' style='margin: 28px auto; text-align: center; display: block; clear: both;'>\n<br>\n<div align=\"center\">\n<a target=\"_blank\" href=\"https:\/\/bestcars.com.br\/bc\/\">\n<img decoding=\"async\" data-src=\"https:\/\/bestcars.com.br\/bc\/wp-content\/uploads\/2021\/07\/Auto-Livraria-450x300-quadros.jpg\" alt=\"Auto Livraria\" src=\"data:image\/svg+xml;base64,PHN2ZyB3aWR0aD0iMSIgaGVpZ2h0PSIxIiB4bWxucz0iaHR0cDovL3d3dy53My5vcmcvMjAwMC9zdmciPjwvc3ZnPg==\" class=\"lazyload\"><\/a>\n<\/div>\n<br><\/div>\n\n<p>&nbsp;<\/p>\n<p>[Nome] Marcio Carlos Garcia<br \/>\n[Cidade] Itapira<br \/>\n[Estado] SP<\/p>\n<p>[Modelo] Renault Duster<br \/>\n[Vers\u00e3o] Dynamique 1.6 Sce<br \/>\n[Motor] 1.6 16 V<br \/>\n[Ano-modelo] 2018<br \/>\n[Quilometragem atual] 10.000 km<br \/>\n[Combust\u00edvel] Flex\u00edvel<br \/>\n[Tempo h\u00e1 que possui] At\u00e9 1 ano<\/p>\n<p>[Grau de satisfa\u00e7\u00e3o com o carro] Muito satisfeito(a)<br \/>\n[Grau de satisfa\u00e7\u00e3o com a rede de concession\u00e1rias] Parcialmente satisfeito(a)<\/p>\n<p>[Estilo] 5<br \/>\n[Acabamento] 3<br \/>\n[Posi\u00e7\u00e3o de dirigir] 5<br \/>\n[Instrumentos] 1<br \/>\n[Itens de conveni\u00eancia] 4<br \/>\n[Espa\u00e7o interno] 5<br \/>\n[Capacidade de bagagem] 5<br \/>\n[Motor] 4<br \/>\n[Desempenho] 4<br \/>\n[Consumo] 4<br \/>\n[C\u00e2mbio] 4<br \/>\n[Freios] 4<br \/>\n[Suspens\u00e3o] 5<br \/>\n[Estabilidade] 5<br \/>\n[Seguran\u00e7a passiva] 5<br \/>\n[Custo-benef\u00edcio] 4<\/p>\n<p>[Principais aspectos positivos] \u00d3timo espa\u00e7o interno e porta-malas gigante; a suspens\u00e3o \u00e9 bem calibrada e absorve muito bem as irregularidades do piso, \u00e9 firme e macia ao mesmo tempo; o motor \u00e9 silencioso mesmo em alta; \u00e9 confort\u00e1vel e n\u00e3o cansa para viajar; o controle do som na coluna da dire\u00e7\u00e3o \u00e9 bem pr\u00e1tico.<\/p>\n<p>[Principais aspectos negativos] O painel e todo o interior do ve\u00edculo \u00e9 MUITO simples, com muito pl\u00e1stico; os puxadores da portas e os apoios de cabe\u00e7a s\u00e3o enormes e os traseiros n\u00e3o se sobrep\u00f5em ao encosto, enroscando no banco dianteiro quando se rebate o mesmo; n\u00e3o h\u00e1 porta-trecos na portas traseiras; o cinto traseiro do meio n\u00e3o \u00e9 tr\u00eas pontos; o visor da media-nav \u00e9 mal posicionado e reflete o brilho do sol, dificultando a leitura; ainda usa o tanquinho para partida a frio.<\/p>\n<p>[Defeitos apresentados] Apenas o marcador de combust\u00edvel n\u00e3o atualizava o n\u00edvel quando abastecia; foi trocada a boia na garantia e est\u00e1 resolvido.<\/p>\n<p>[Concession\u00e1rias] Na concession\u00e1ria Renault de Mogi Mirim, onde fiz a revis\u00e3o, s\u00e3o pontuais, prestativos, sendo sempre fui bem atendido, por\u00e9m n\u00e3o posso dizer o mesmo da VIGO Motors de Mau\u00e1 onde comprei o ve\u00edculo semi-novo e ap\u00f3s pago \u00e0 vista no ato da compra simplesmente demoraram 30 DIAS para a libera\u00e7\u00e3o do mesmo, alegando pendencia de IPVA com o propriet\u00e1rio anterior, al\u00e9m do p\u00e9ssimo atendimento, com demora e m\u00e1 vontade dos vendedores.<\/p>\n<p>[Coment\u00e1rios adicionais] \u00c9 um bom carro, considero-o como bom custo-benef\u00edcio. Recomendo a compra, principalmente para quem quer um carro alto, macio, espa\u00e7oso para ocupantes e carga e n\u00e3o se importar com a falta de refinamento interno como os detalhes que descrevi, afinal \u00e9 um SUV de entrada, como dizem.<\/p>\n<p>[Best Cars] Excelente ferramenta de informa\u00e7\u00e3o, ajuda bastante na decis\u00e3o; sempre consultei.<\/p>\n<p>[Data de publica\u00e7\u00e3o] 7\/2\/20<\/p>\n<p>\u2014<\/p>\n<p>[Nome] Maria Virg\u00ednia Beraldo<br \/>\n[Cidade] Maric\u00e1<br \/>\n[Estado] RJ<\/p>\n<p>[Modelo] Renault Duster<br \/>\n[Vers\u00e3o] Expression<br \/>\n[Motor] 1.6<br \/>\n[Ano-modelo] 2017<br \/>\n[Quilometragem atual] 40.000 km<br \/>\n[Combust\u00edvel] Flex\u00edvel<br \/>\n[Tempo h\u00e1 que possui] De 1 a 3 anos<\/p>\n<p>[Grau de satisfa\u00e7\u00e3o com o carro] Parcialmente satisfeito(a)<br \/>\n[Grau de satisfa\u00e7\u00e3o com a rede de concession\u00e1rias] Insatisfeito(a)<\/p>\n<p>[Estilo] 5<br \/>\n[Acabamento] 2<br \/>\n[Posi\u00e7\u00e3o de dirigir] 5<br \/>\n[Instrumentos] 3<br \/>\n[Itens de conveni\u00eancia] 4<br \/>\n[Espa\u00e7o interno] 5<br \/>\n[Capacidade de bagagem] 5<br \/>\n[Motor] 5<br \/>\n[Desempenho] 5<br \/>\n[Consumo] 5<br \/>\n[C\u00e2mbio] 4<br \/>\n[Freios] 4<br \/>\n[Suspens\u00e3o] 5<br \/>\n[Estabilidade] 5<br \/>\n[Seguran\u00e7a passiva] 4<br \/>\n[Custo-benef\u00edcio] 5<\/p>\n<p>[Principais aspectos positivos] Porta malas, Espa\u00e7o dianteiro entre motorista e passageiro, volante ajust\u00e1vel, banco ajust\u00e1vel na altura, seguran\u00e7a. Consumo justo para cidade e Estrada.<\/p>\n<p>[Principais aspectos negativos] Dif\u00edcil encontrar pe\u00e7as nas autorizadas, o que \u00e9 estranho pq o carro n\u00e3o \u00e9 velho. Dif\u00edcil mexer com a bomba d&#8217;\u00e1gua p parabrisas; o local \u00e9 muito justo sendo bem complicado encaixar as grades no local. Sonda sem\u00e2ntica fica muito exposta; deveria ter uma prote\u00e7\u00e3o. Muito chato ter que retornar ao carro para fechar os vidros. Deveria vir de f\u00e1brica esse item de seguran\u00e7a. O carro infelizmente apresenta muitos ru\u00eddos. Mesmo zero. As janelas n\u00e3o vedam totalmente pq a gente ouve o vento pelas frestas. Foi complicado tirar o estepe, o manual precisa ser mais claro para cada modelo. Ap\u00f3s descer, n\u00e3o conseguia entender como soltar a grade e sem querer empurrei p cima e se soltou. Tapetes traseiras muito pequenos.<\/p>\n<p>[Defeitos apresentados] Havia um estalo quando ligava o carro \u00e9 descobri que as velas cabos precisavam ser trocados. Acabou o problema. O Sistema de ar condicionado mesmo depois de higienizado com 2 meses apresenta um cheiro estranho. O cabo da sonda sem\u00e2ntica se prendeu em alguma coisa e se partiu. Oficina claro. Como disse precisa ser mais protegido.<\/p>\n<p>[Concession\u00e1rias] \u00c9 preciso ter mais lojas e mais pe\u00e7as, principalmente Far\u00f3is e Pneus.<\/p>\n<p>[Coment\u00e1rios adicionais] Adoro meu carro e cuido muito bem dele. Com certeza meu \u00faltimo ve\u00edculo ser\u00e1 um DUSTER Zero. Porque acredito que a Renault vai dar aten\u00e7\u00e3o aos nossos coment\u00e1rios e melhorar o carro. Vou aguardar.<\/p>\n<p>[Best Cars] Muito bom encontrar um servi\u00e7o como este para o consumidor final. Voc\u00eas est\u00e3o de parab\u00e9ns<\/p>\n<p>[Data de publica\u00e7\u00e3o] 10\/1\/20<\/p>\n<p>\u2014<\/p>\n<p>[Nome] Luciana<br \/>\n[Cidade] Santo Andr\u00e9<br \/>\n[Estado] SP<\/p>\n<p>[Modelo] Renault Duster<br \/>\n[Vers\u00e3o] Dinamique automatica 2.0<br \/>\n[Motor] 2.0<br \/>\n[Ano-modelo] 2015<br \/>\n[Quilometragem atual] 20.000 km<br \/>\n[Combust\u00edvel] Gasolina<br \/>\n[Tempo h\u00e1 que possui] At\u00e9 1 ano<\/p>\n<p>[Grau de satisfa\u00e7\u00e3o com o carro] Insatisfeito(a)<br \/>\n[Grau de satisfa\u00e7\u00e3o com a rede de concession\u00e1rias] Insatisfeito(a)<\/p>\n<p>[Estilo] 1<br \/>\n[Acabamento] 1<br \/>\n[Posi\u00e7\u00e3o de dirigir] 1<br \/>\n[Instrumentos] 1<br \/>\n[Itens de conveni\u00eancia] 1<br \/>\n[Espa\u00e7o interno] 2<br \/>\n[Capacidade de bagagem] 5<br \/>\n[Motor] 2<br \/>\n[Desempenho] 1<br \/>\n[Consumo] 1<br \/>\n[C\u00e2mbio] 1<br \/>\n[Freios] 1<br \/>\n[Suspens\u00e3o] 1<br \/>\n[Estabilidade] 1<br \/>\n[Seguran\u00e7a passiva] 1<br \/>\n[Custo-benef\u00edcio] 2<\/p>\n<p>[Principais aspectos positivos] \u00danico aspecto positivo \u00e9 a capacidade do porta malas<\/p>\n<p>[Principais aspectos negativos] Posi\u00e7\u00e3o do botao de regulagem do retrovisor embaixo do freio de mao,quem fez isso deveria ter sido demitido por justa causa. Posi\u00e7\u00e3o do multim\u00eddia, p\u00e9ssima ,sem nenhuma inclina\u00e7\u00e3o , dificultando o manuseio. Multim\u00eddia ultrapassado, nao da para espelhar com waze e outros app.. Consumo de combust\u00edvel alt\u00edssimo tanto na estrada como na cidade. Falta do Isofix. Cambio de 4 marchas p\u00e9ssimo, vc sente um tranco cada vez q muda a marcha. Acabamento interno horr\u00edvel , cheio de pl\u00e1sticos pra todo lado. Ac\u00fastica p\u00e9ssima tb , a veda\u00e7\u00e3o dos vidros nao \u00e9 boa e vc ouve o vento na estrada entrando pelas frestas. Estepe embaixo do carro, quem consegue trocar um pneu assim? A ideia deve ter partido da mesma pessoa q colocou o bot\u00e3o do retrovisor embaixo do freio de mao. Barulhos no painel, na tampa do porta malas, em todo lugar<\/p>\n<p>[Defeitos apresentados] Painel travou tive q trocar o sensor de velocidade. A lona do disco de uma das rodas traseira estourou partiu ao meio. Com 15mil km deu problema no semi eixo e cambio, foi trocado tudo na concessionaria. Trocados amortecedores traseiros tb na concessionaria na garantia. Prote\u00e7\u00e3o de feltro embaixo do painel no lado do motorista soltou.<\/p>\n<p>[Concession\u00e1rias] Atendimento demorado, ineficiente, tive q levar o carro de volta todas as vezes q arrumei la<\/p>\n<p>[Coment\u00e1rios adicionais] se arrependimento matasse ja estaria morta<\/p>\n<p>[Data de publica\u00e7\u00e3o] 11\/10\/19<\/p>\n<p>\u2014<\/p>\n<p>&nbsp;<\/p>\n<div class='code-block code-block-3' style='margin: 8px 0; clear: both;'>\n<script async src=\"https:\/\/pagead2.googlesyndication.com\/pagead\/js\/adsbygoogle.js\"><\/script>\n<!-- AL-quadrado -->\n<ins class=\"adsbygoogle\"\n     style=\"display:block\"\n     data-ad-client=\"ca-pub-1914799802606213\"\n     data-ad-slot=\"5683066082\"\n     data-ad-format=\"auto\"\n     data-full-width-responsive=\"true\"><\/ins>\n<script>\n     (adsbygoogle = window.adsbygoogle || []).push({});\n<\/script><\/div>\n\n<p>&nbsp;<\/p>\n<p>[Nome] Franklin<br \/>\n[Cidade] S\u00e3o Bernardo do Campo<br \/>\n[Estado] SP<\/p>\n<p>[Vers\u00e3o] Dynamique CVT XTronic<br \/>\n[Motor] 1.6 SCe<br \/>\n[Ano-modelo] 2019<br \/>\n[Quilometragem atual] 1.000 km<br \/>\n[Combust\u00edvel] Flex\u00edvel<br \/>\n[Tempo h\u00e1 que possui] At\u00e9 1 ano<\/p>\n<p>[Grau de satisfa\u00e7\u00e3o com o carro] Muito satisfeito(a)<br \/>\n[Grau de satisfa\u00e7\u00e3o com a rede de concession\u00e1rias] Parcialmente satisfeito(a)<\/p>\n<p>[Estilo] 4<br \/>\n[Acabamento] 3<br \/>\n[Posi\u00e7\u00e3o de dirigir] 5<br \/>\n[Instrumentos] 3<br \/>\n[Itens de conveni\u00eancia] 5<br \/>\n[Espa\u00e7o interno] 5<br \/>\n[Capacidade de bagagem] 5<br \/>\n[Motor] 4<br \/>\n[Desempenho] 4<br \/>\n[Consumo] 3<br \/>\n[C\u00e2mbio] 5<br \/>\n[Freios] 5<br \/>\n[Suspens\u00e3o] 5<br \/>\n[Estabilidade] 4<br \/>\n[Seguran\u00e7a passiva] 5<br \/>\n[Custo-benef\u00edcio] 5<\/p>\n<p>[Principais aspectos positivos] \u00c9 um carro robusto e honesto para sua faixa de pre\u00e7o. Possui uma excelente rela\u00e7\u00e3o custo-benef\u00edcio. O espa\u00e7o interno \u00e9 ideal para fam\u00edlias compostas por casal e dois filhos. Generoso porta-malas. Posi\u00e7\u00e3o de dirigir excelente, aproximando-se do porte de pick-up.<\/p>\n<p>[Principais aspectos negativos] Alto consumo (na cidade faz no m\u00e1ximo 6 km\/l no etanol). No modo ECO fica um tanto lenta, demorando nas retomadas. Acabamento poderia ser melhor em vista do pre\u00e7o cobrado (parafusos \u00e0 mostra). Ergonomia sofr\u00edvel devido a adapta\u00e7\u00e3o do projeto da Dacia para a Renault. A tela de multim\u00eddia fica baixa, os bot\u00f5es dos vidros el\u00e9tricos est\u00e3o em uma posi\u00e7\u00e3o que n\u00e3o favorece o movimento natural da m\u00e3o ao acion\u00e1-los.<\/p>\n<p>[Defeitos apresentados] Nenhum.<\/p>\n<p>[Concession\u00e1rias] Entregaram o carro com 48 rodados (Armando Ve\u00edculos &#8211; Aldino Pinotti). Questionados sobre essa quilometragem, ofereceram um pacote opcional como forma de &#8220;compensa\u00e7\u00e3o&#8221; (carro de test-drive).<\/p>\n<p>[Best Cars] Excelente meio de informa\u00e7\u00e3o, principalmente para quem busca informa\u00e7\u00f5es sobre carros para comprar.<\/p>\n<p>[Data de publica\u00e7\u00e3o] 22\/3\/19<\/p>\n<p>\u2014<\/p>\n<p>&nbsp;<\/p>\n<div class='code-block code-block-6' style='margin: 28px auto; text-align: center; display: block; clear: both;'>\n<script async src=\"https:\/\/pagead2.googlesyndication.com\/pagead\/js\/adsbygoogle.js\"><\/script>\n<!-- AL-quadrado -->\n<ins class=\"adsbygoogle\"\n     style=\"display:block\"\n     data-ad-client=\"ca-pub-1914799802606213\"\n     data-ad-slot=\"5683066082\"\n     data-ad-format=\"auto\"\n     data-full-width-responsive=\"true\"><\/ins>\n<script>\n     (adsbygoogle = window.adsbygoogle || []).push({});\n<\/script><\/div>\n\n<p>&nbsp;<\/p>\n<p>[Nome] Abileni Viana da Silva<br \/>\n[Cidade] Curitiba<br \/>\n[Estado] PR<\/p>\n<p>[Vers\u00e3o] Dynamique<br \/>\n[Motor] 2.0<br \/>\n[Ano-modelo] 2012<br \/>\n[Quilometragem atual] 90.000 km<br \/>\n[Combust\u00edvel] Flex\u00edvel<br \/>\n[Tempo h\u00e1 que possui] At\u00e9 1 ano<\/p>\n<p>[Grau de satisfa\u00e7\u00e3o com o carro] Parcialmente satisfeito(a)<br \/>\n[Grau de satisfa\u00e7\u00e3o com a rede de concession\u00e1rias] Parcialmente satisfeito(a)<\/p>\n<p>[Estilo] 3<br \/>\n[Acabamento] 3<br \/>\n[Posi\u00e7\u00e3o de dirigir] 4<br \/>\n[Instrumentos] 4<br \/>\n[Itens de conveni\u00eancia] 4<br \/>\n[Espa\u00e7o interno] 4<br \/>\n[Capacidade de bagagem] 4<br \/>\n[Motor] 4<br \/>\n[Desempenho] 5<br \/>\n[Consumo] 2<br \/>\n[C\u00e2mbio] 3<br \/>\n[Freios] 4<br \/>\n[Suspens\u00e3o] 3<br \/>\n[Estabilidade] 3<br \/>\n[Seguran\u00e7a passiva] 3<br \/>\n[Custo-benef\u00edcio] 2<\/p>\n<p>[Principais aspectos positivos] Esse motor 2.0 \u00e9 muito bom! Voc\u00ea chega facilmente a 140 km\/h sem perceber com 2.500 rpm. Bom espa\u00e7o interno, viagem com conforto para 4 pessoas, porta-malas razo\u00e1vel com ilumina\u00e7\u00e3o, bancos de courino confort\u00e1veis, seguram razoavelmente bem o corpo em curvas; mec\u00e2nica simples de fazer e barata (troquei recentemente as pastilhas de freio dianteiras por 200 reais com m\u00e3o de obra, a t\u00edtulo de compara\u00e7\u00e3o, meu carro anterior uma SantaF\u00e9 paguei 1.500,00 pelo mesmo servi\u00e7o!); alarme original com levantamento dos 4 vidros<\/p>\n<p>[Principais aspectos negativos] Consumo elevad\u00edssimo! N\u00e3o faz mais que 5 km\/l na cidade e 7 km\/l na estrada com etanol e 7\/10 km\/l com gasolina. C\u00e2mbio de 4 marchas mal escalonado.Suspens\u00e3o um tanto dura e transmite as imperfei\u00e7\u00f5es do terreno para os ocupantes. Como todo Renault, a ergonomia deixa a desejar em alguns pontos: posi\u00e7\u00e3o do bot\u00e3o de ajuste dos retrovisores externos (embaixo da alavanca do freio de m\u00e3o), bot\u00e3o dos vidros el\u00e9tricos traseiros tem que ser contorcionista para acionar (a ainda por cima, \u00e9 comum acionar acidentalmente com o cotovelo); bot\u00f5es dos vidros n\u00e3o tem ilumina\u00e7\u00e3o dificultando o acionamento noturno, quebra-sol com espelho simples e sem cobertura (quando o carona abaixa o quebra-sol \u00e9 um Deus-nos-acuda), por ser a vers\u00e3o top de linha, faltou apoio de bra\u00e7o no banco traseiro e cinto de 3 pontos para o passageiro do meio. Falta controle de tra\u00e7\u00e3o e estabilidade.<\/p>\n<p>[Defeitos apresentados] carro com 90.000 km apenas com manuten\u00e7\u00e3o de rotina<\/p>\n<p>[Coment\u00e1rios adicionais] Se procura um carro que ande bem para viagens \u00e9 uma boa op\u00e7\u00e3o, mas se for mais para uso urbano \u00e9 melhor considerar outra op\u00e7\u00e3o, a menos que seja dono de posto de gasolina<\/p>\n<p>[Best Cars] Site ajuda bastante na avalia\u00e7\u00e3o de ve\u00edculos, inclusive com coment\u00e1rios de carros rec\u00e9m-lan\u00e7ados<\/p>\n<p>[Data de publica\u00e7\u00e3o] 22\/2\/19<\/p>\n<p>\u2014<\/p>\n<p>&nbsp;<\/p>\n<div class='code-block code-block-3' style='margin: 8px 0; clear: both;'>\n<script async src=\"https:\/\/pagead2.googlesyndication.com\/pagead\/js\/adsbygoogle.js\"><\/script>\n<!-- AL-quadrado -->\n<ins class=\"adsbygoogle\"\n     style=\"display:block\"\n     data-ad-client=\"ca-pub-1914799802606213\"\n     data-ad-slot=\"5683066082\"\n     data-ad-format=\"auto\"\n     data-full-width-responsive=\"true\"><\/ins>\n<script>\n     (adsbygoogle = window.adsbygoogle || []).push({});\n<\/script><\/div>\n\n<p>&nbsp;<\/p>\n<p>[Nome] Luiz Olavo Rodrigues Pereira<br \/>\n[Cidade] Viam\u00e3o<br \/>\n[Estado] RS<\/p>\n<p>[Vers\u00e3o] Expression<br \/>\n[Motor] 1.6 16V<br \/>\n[Ano-modelo] 2016<br \/>\n[Quilometragem atual] 20.000 km<br \/>\n[Combust\u00edvel] Flex\u00edvel<br \/>\n[Tempo h\u00e1 que possui] De 1 a 3 anos<\/p>\n<p>[Grau de satisfa\u00e7\u00e3o com o carro] Muito satisfeito(a)<br \/>\n[Grau de satisfa\u00e7\u00e3o com a rede de concession\u00e1rias] Muito satisfeito(a)<\/p>\n<p>[Estilo] 5<br \/>\n[Acabamento] 5<br \/>\n[Posi\u00e7\u00e3o de dirigir]<br \/>\n[Instrumentos] 5<br \/>\n[Itens de conveni\u00eancia]<br \/>\n[Espa\u00e7o interno] 5<br \/>\n[Capacidade de bagagem] 5<br \/>\n[Motor] 5<br \/>\n[Desempenho] 5<br \/>\n[Consumo] 5<br \/>\n[C\u00e2mbio] 5<br \/>\n[Freios] 5<br \/>\n[Suspens\u00e3o]<br \/>\n[Estabilidade] 5<br \/>\n[Seguran\u00e7a passiva] 5<br \/>\n[Custo-benef\u00edcio] 5<\/p>\n<p>[Principais aspectos positivos] Destaco todos os aspectos positivos, dirigibilidade, espa\u00e7o, conforto, seguran\u00e7a, qualidade, design, etc&#8230;.<\/p>\n<p>[Principais aspectos negativos] Nenhum<\/p>\n<p>[Defeitos apresentados] Nenhum<\/p>\n<p>[Concession\u00e1rias] Efetuei a primeira revis\u00e3o e em novembro adiantei a segunda, na concession\u00e1ria RENAULT MINUTO, atendimento simplesmente maravilhoso, altamente qualificados, educados, e muito profissionais.<\/p>\n<p>[Coment\u00e1rios adicionais] \u00c9 uma camionete simplesmente MARAVILHOSA, adorei, pois \u00e9 excelente, dispensa maiores coment\u00e1rios. Muito gostoso de dirigir, tem muita estabilidade, conforto, seguran\u00e7a, espa\u00e7o, enfim \u00e9 tudo de bom, se tiver que trocar de carro, com toda a certeza ser\u00e1 outra Duster, ainda mais o modelo 2019, est\u00e1 muita linda.<\/p>\n<p>[Best Cars] Muito interessante.<\/p>\n<p>[Data de publica\u00e7\u00e3o] 11\/1\/19<\/p>\n<p>\u2014<\/p>\n<p>[Nome] Paulo Teofilo<br \/>\n[Cidade] S\u00e3o Bernardo do Campo<br \/>\n[Estado] SP<\/p>\n<p>[Vers\u00e3o] 2.0 Dynamic 4&#215;4<br \/>\n[Motor] 2.0<br \/>\n[Ano-modelo] 2013<br \/>\n[Quilometragem atual] 100.000 km<br \/>\n[Combust\u00edvel] Flex\u00edvel<br \/>\n[Tempo h\u00e1 que possui] De 3 a 5 anos<\/p>\n<p>[Grau de satisfa\u00e7\u00e3o com o carro] Muito satisfeito(a)<br \/>\n[Grau de satisfa\u00e7\u00e3o com a rede de concession\u00e1rias] Parcialmente satisfeito(a)<\/p>\n<p>[Estilo] 4<br \/>\n[Acabamento] 2<br \/>\n[Posi\u00e7\u00e3o de dirigir] 5<br \/>\n[Instrumentos] 3<br \/>\n[Itens de conveni\u00eancia] 3<br \/>\n[Espa\u00e7o interno] 5<br \/>\n[Capacidade de bagagem] 5<br \/>\n[Motor] 5<br \/>\n[Desempenho] 5<br \/>\n[Consumo] 4<br \/>\n[C\u00e2mbio] 4<br \/>\n[Freios] 5<br \/>\n[Suspens\u00e3o] 5<br \/>\n[Estabilidade] 5<br \/>\n[Seguran\u00e7a passiva] 4<br \/>\n[Custo-benef\u00edcio] 5<\/p>\n<p>[Principais aspectos positivos] Desempenho, porta malas, custo benef\u00edcio, o carro est\u00e1 com 117.000km retirei ele zero, n\u00e3o queimou uma l\u00e2mpada at\u00e9 hoje, realizei todas as revis\u00f5es programadas talvez seja esse o motivo, na cidade faz 9km\/l e na estrada 11km\/l a 120km\/h, tra\u00e7\u00e3o 4&#215;4 funciona tranquilamente, posso dizer que realizei algumas trilhas bem radicais e n\u00e3o fez feio, pelo contr\u00e1rio tive que rebocar uma pickup.<\/p>\n<p>[Principais aspectos negativos] Muito pl\u00e1stico, acionamento dos retrovisores \u00e9 uma piada fica debaixo do freio de m\u00e3o, pouco porta trecos.<\/p>\n<p>[Defeitos apresentados] nenhum defeito at\u00e9 hoje&#8230;..<\/p>\n<p>[Concession\u00e1rias] sem problemas, tirando o que todo mundo j\u00e1 sabe&#8230;.pre\u00e7os acima do normal.<\/p>\n<p>[Coment\u00e1rios adicionais] O carro \u00e9 parrudo quando precisa e tranquilo para a cidade.<\/p>\n<p>[Best Cars] Nunca deixe de consultar.<\/p>\n<p>[Data de publica\u00e7\u00e3o] 9\/2\/18<\/p>\n<p>\u2014<\/p>\n<p>[Nome] Arthur Rangel<br \/>\n[Cidade] Niteroi<br \/>\n[Estado] RJ<\/p>\n<p>[Vers\u00e3o] Dynamiq<br \/>\n[Motor] 1.6 16v<br \/>\n[Ano-modelo] 2016<br \/>\n[Quilometragem atual] 5.000 km<br \/>\n[Combust\u00edvel] Flex\u00edvel<br \/>\n[Tempo h\u00e1 que possui] At\u00e9 1 ano<\/p>\n<p>[Grau de satisfa\u00e7\u00e3o com o carro] Muito satisfeito(a)<br \/>\n[Grau de satisfa\u00e7\u00e3o com a rede de concession\u00e1rias] Insatisfeito(a)<\/p>\n<p>[Estilo] 5<br \/>\n[Acabamento]<br \/>\n[Posi\u00e7\u00e3o de dirigir] 4<br \/>\n[Instrumentos]<br \/>\n[Itens de conveni\u00eancia] 4<br \/>\n[Espa\u00e7o interno]<br \/>\n[Capacidade de bagagem] 5<br \/>\n[Motor] 5<br \/>\n[Desempenho] 5<br \/>\n[Consumo] 4<br \/>\n[C\u00e2mbio]<br \/>\n[Freios] 5<br \/>\n[Suspens\u00e3o]<br \/>\n[Estabilidade] 5<br \/>\n[Seguran\u00e7a passiva] 5<br \/>\n[Custo-benef\u00edcio] 5<\/p>\n<p>[Principais aspectos positivos] Espa\u00e7o interno, dirigibilidade, macio<\/p>\n<p>[Principais aspectos negativos] Luz diurna<\/p>\n<p>[Defeitos apresentados] Por enquanto nenhum<\/p>\n<p>[Coment\u00e1rios adicionais] Luz diurna, saio as vezes para buscar minha filha de madrugada e para a minha seguran\u00e7a desligo os farois, s\u00f3 que a luz diurna n\u00e3o apaga, o que me deixa totalmente vis\u00edvel e exposto a qualquer a\u00e7\u00e3o criminosa, gostaria de saber se existe alguma forma de desligar a luz que tem o nome diurna.<\/p>\n<p>[Best Cars] Sempre uso quando vou trocar de carro<\/p>\n<p>[Data de publica\u00e7\u00e3o] 10\/2\/17<\/p>\n<p>\u2014<\/p>\n<p>[Nome] Reinaldo Di bernardi<br \/>\n[Cidade] Florian\u00f3polis<br \/>\n[Estado] SC<\/p>\n<p>[Vers\u00e3o] Tech Road<br \/>\n[Motor] 1.6 16V manual<br \/>\n[Ano-modelo] 2014<br \/>\n[Quilometragem atual] 50.000 km<br \/>\n[Combust\u00edvel] Gasolina<br \/>\n[Tempo h\u00e1 que possui] De 1 a 3 anos<\/p>\n<p>[Grau de satisfa\u00e7\u00e3o com o carro] Muito satisfeito(a)<br \/>\n[Grau de satisfa\u00e7\u00e3o com a rede de concession\u00e1rias] Muito satisfeito(a)<\/p>\n<p>[Estilo] 5<br \/>\n[Acabamento] 4<br \/>\n[Posi\u00e7\u00e3o de dirigir] 5<br \/>\n[Instrumentos]<br \/>\n[Itens de conveni\u00eancia] 5<br \/>\n[Espa\u00e7o interno] 5<br \/>\n[Capacidade de bagagem] 5<br \/>\n[Motor]<br \/>\n[Desempenho] 4<br \/>\n[Consumo]<br \/>\n[C\u00e2mbio] 4<br \/>\n[Freios] 5<br \/>\n[Suspens\u00e3o]<br \/>\n[Estabilidade] 5<br \/>\n[Seguran\u00e7a passiva] 5<br \/>\n[Custo-benef\u00edcio] 5<\/p>\n<p>[Principais aspectos positivos] Praticamente tudo. Tem ABS,DH,regulagem de volante, controles no volante, volante e c\u00e2mbio revestidos em couro, radio, entrada USB,Multim\u00eddia complet\u00edssimo e atualizado com Bluetooth e GPS, vidros el\u00e9tricos nas 4 retrovisor el\u00e9trico, desemba\u00e7ador, entrada para equipamentos como carregador de celular e outros, computador de bordo completo, aviso de cintos, cintos e apoio nas 5 pessoas, banco bipartido, regulagem de altura para motorista, descansa bra\u00e7o, luzes de cortesia para passageiros de tr\u00e1s, no porta luvas, no porta malas e para caroneiro, bot\u00f5es de controle de vidros acendem, prote\u00e7\u00e3o de c\u00e1rter, bolsa porta revistas , porta trecos nas portas, al\u00e7as nas 4 portas, tapete concha emborrachado no bagageiro, porta copos na frente e atr\u00e1s, farol de milha, m\u00e1scara negra, sensor de estacionamento traseiro, vidros verdes, econ\u00f4mico 14 km\/litro a 90\/100 em rodovia com gasolina, 9 em cidade, 8 com tr\u00e2nsito ruim, manuten\u00e7\u00e3o barata, seguro barato, pneus continental power contact LX com 50.000km perfeitos, estepe nunca usado, espelhos de cortesia motorista e caroneiro,alarme perim\u00e9trico na chave, silencioso, macio, estabilidade e dirigibilidade impressionantemente boas, concession\u00e1ria de Fpolis a Automega \u00f3tima. E n\u00e3o \u00e9 elogio, pois temos mais 3 carros de outras marcas e 3 motos, Honda, Yamaha, GM,Peugeot e Fiat, e j\u00e1 tive in\u00fameras outras marcas. Gosto do estilo do Duster, mais que outros que nem parecem SUVs ou s\u00e3o meio esquisitinhos, caros, beberr\u00f5es e de manuten\u00e7\u00e3o mais cara e com poucas concession\u00e1rias pelo interior.<\/p>\n<p>[Principais aspectos negativos] C\u00e2mbio podia ser ligeiramente melhor no engate de r\u00e9 e o tapa bagagem mais firme.<\/p>\n<p>[Defeitos apresentados] S\u00f3 no dia da compra, estava com uma coifa furada no tirarem da carreta. No mais tem todas as revis\u00f5es feitas adiantadamente e nunca me deixou na m\u00e3o. Mas alguns acham o carro &#8220;espartano&#8221;<\/p>\n<p>[Concession\u00e1rias] Aqui em Florian\u00f3polis a que utilizo faz um servi\u00e7o perfeito, nota A ou 10 com estrelinhas daquelas professoras do prim\u00e1rio&#8230;.<\/p>\n<p>[Coment\u00e1rios adicionais] A Renault acertou a m\u00e3o neste modelo, que n\u00e3o faz mais, e n\u00e3o creio que o SCe seja muito melhor, pois os testes deram consumo superior em estrada do que fa\u00e7o com o &#8220;obsoleto&#8221; motor 1.6 16V manual. Este mesmo carro com motor com comando duplo vari\u00e1vel, c\u00e2mbio CVT e alternador inteligente seria realmente fabuloso, pois Kicks balan\u00e7a em rodovia com vento lateral e \u00e9 mais apertado.Duster ando muito bem em curvas, controle de estabilidade \u00e9 algo bom, mas at\u00e9 desnecess\u00e1rio, pois \u00e9 \u00f3timo.<\/p>\n<p>[Best Cars] J\u00e1 fa\u00e7o coment\u00e1rios aqui h\u00e1 muitos anos, desde que fiz uma viagem com um Siena 1.0 de Curitiba a Fpolis com m\u00e9dia de 32km por litro l\u00e1 por 2002. Esta se\u00e7\u00e3o sempre pesquiso quando vou trocar algum dos carros. Excelente.<\/p>\n<p>[Data de publica\u00e7\u00e3o] 27\/1\/17<\/p>\n<p>\u2014<\/p>\n<p>[Nome] Romeu Nunes Dos Anjos Filho<br \/>\n[Cidade] Vit\u00f3ria da Conquista<br \/>\n[Estado] BA<\/p>\n<p>[Vers\u00e3o] DINAMIQUE<br \/>\n[Motor] 1.6 16V<br \/>\n[Ano-modelo] 2017<br \/>\n[Quilometragem atual] 5.000 km<br \/>\n[Combust\u00edvel] Flex\u00edvel<br \/>\n[Tempo h\u00e1 que possui] At\u00e9 1 ano<\/p>\n<p>[Grau de satisfa\u00e7\u00e3o com o carro] Parcialmente satisfeito(a)<br \/>\n[Grau de satisfa\u00e7\u00e3o com a rede de concession\u00e1rias] Muito satisfeito(a)<\/p>\n<p>[Estilo] 4<br \/>\n[Acabamento] 4<br \/>\n[Posi\u00e7\u00e3o de dirigir] 3<br \/>\n[Instrumentos] 3<br \/>\n[Itens de conveni\u00eancia] 4<br \/>\n[Espa\u00e7o interno] 3<br \/>\n[Capacidade de bagagem] 5<br \/>\n[Motor] 4<br \/>\n[Desempenho]<br \/>\n[Consumo] 3<br \/>\n[C\u00e2mbio] 3<br \/>\n[Freios] 4<br \/>\n[Suspens\u00e3o] 4<br \/>\n[Estabilidade] 3<br \/>\n[Seguran\u00e7a passiva] 4<br \/>\n[Custo-benef\u00edcio] 4<\/p>\n<p>[Principais aspectos positivos] &#8211; Altura em rela\u00e7\u00e3o ao solo. &#8211; Capacidade do bagageiro.<\/p>\n<p>[Principais aspectos negativos] &#8211; Aus\u00eancia de term\u00f4metro ( relativo a temperatura do l\u00edquido de arrefecimento do motor ) &#8211; Aus\u00eancia de ajuste de profundidade do volante. &#8211; Espa\u00e7o para as pernas dos passageiros do banco traseiro.<\/p>\n<p>[Defeitos apresentados] Logo que tirei o carro da concession\u00e1ria, percebi que a embreagem vibra quando coloco o carro em movimento ( na 1\u00aa marcha ), principalmente com o motor frio. Ap\u00f3s um dia de testes na concession\u00e1ria, informaram-me que a montadora classificou a vibra\u00e7\u00e3o como caracter\u00edstica do ve\u00edculo.<\/p>\n<p>[Concession\u00e1rias] Fui muito bem atendido pela concession\u00e1ria Rodaleve Ve\u00edculos Ltda.<\/p>\n<p>[Coment\u00e1rios adicionais] No geral gostei do carro. Pena que essa caracter\u00edstica ( vibra\u00e7\u00e3o na embreagem ) \u00e9 extremamente desconfort\u00e1vel. Se tivesse conhecimento dela antes da compra, n\u00e3o adquiria o ve\u00edculo.<\/p>\n<p>[Best Cars] Estou conhecendo o site agora. Fornece important\u00edssimas informa\u00e7\u00f5es para balizar o consumidor quando da compra de um ve\u00edculo.<\/p>\n<p>[Data de publica\u00e7\u00e3o] 4\/11\/16<\/p>\n<p>\u2014<\/p>\n<p>[Nome] Marcelo<br \/>\n[Cidade] Rio de Janeiro<br \/>\n[Estado] RJ<\/p>\n<p>[Vers\u00e3o] Dynamique<br \/>\n[Motor] 2.0 16V<br \/>\n[Ano-modelo] 2016<br \/>\n[Quilometragem atual] 15.000 km<br \/>\n[Combust\u00edvel] Flex\u00edvel<br \/>\n[Tempo h\u00e1 que possui] At\u00e9 1 ano<\/p>\n<p>[Grau de satisfa\u00e7\u00e3o com o carro] Muito satisfeito(a)<br \/>\n[Grau de satisfa\u00e7\u00e3o com a rede de concession\u00e1rias] Parcialmente satisfeito(a)<\/p>\n<p>[Estilo] 4<br \/>\n[Acabamento]<br \/>\n[Posi\u00e7\u00e3o de dirigir] 4<br \/>\n[Instrumentos] 4<br \/>\n[Itens de conveni\u00eancia] 4<br \/>\n[Espa\u00e7o interno] 4<br \/>\n[Capacidade de bagagem] 5<br \/>\n[Motor] 4<br \/>\n[Desempenho] 4<br \/>\n[Consumo] 3<br \/>\n[C\u00e2mbio] 3<br \/>\n[Freios] 4<br \/>\n[Suspens\u00e3o] 3<br \/>\n[Estabilidade] 4<br \/>\n[Seguran\u00e7a passiva] 3<br \/>\n[Custo-benef\u00edcio] 3<\/p>\n<p>[Principais aspectos positivos] Posi\u00e7\u00e3o de dirigir, sensa\u00e7\u00e3o de robustez, dist\u00e2ncia do solo, capacidade de transpor trechos alagados (muito \u00fatil na cidade do Rio RJ), seguran\u00e7a em subidas e ultrapassagens, estabilidade considerando o modelo e prop\u00f3sito do carro, espa\u00e7o interno e acesso ao porta malas, sistema de multim\u00eddia e controles de som e telefone na coluna de dire\u00e7\u00e3o, c\u00e2mera de r\u00e9, sensor de estacionamento, controlador e limitador de velocidade, capacidade de ilumina\u00e7\u00e3o dos far\u00f3is, custo de manuten\u00e7\u00e3o e custo do seguro.<\/p>\n<p>[Principais aspectos negativos] C\u00e2mbio de 4 marchas \u00e9 suave, mas limita o desempenho e compromete o consumo. Painel e controles de A\/C praticamente inalterados (poderiam ter usado o painel do \u201cnovo\u201d Sandero). Os freios atendem bem, mas considerando a capacidade de carga e pre\u00e7o do carro, bem que merecia freios a disco no eixo traseiro. Cinto de seguran\u00e7a abdominal para o passageiro central do banco traseiro.<\/p>\n<p>[Defeitos apresentados] Est\u00e1 apresentando barulhos na suspens\u00e3o dianteira (coxins), conforme avalia\u00e7\u00e3o da concession\u00e1ria. Acredito que ser\u00e1 resolvido na pr\u00f3xima revis\u00e3o.<\/p>\n<p>[Concession\u00e1rias] Este \u00e9 o 3\u00ba Renault da fam\u00edlia e n\u00e3o encontramos dificuldades com a Eiffel da Av. Ayrton Senna at\u00e9 hoje.<\/p>\n<p>[Coment\u00e1rios adicionais] Fiz a op\u00e7\u00e3o pelo Duster porque eventualmente uso em estradas acidentadas e de terra. Acho uma boa op\u00e7\u00e3o considerando a robustez do carro quando comparado aos demais SUV similares.<\/p>\n<p>[Best Cars] Sou um leitor satisfeito de 1997!<\/p>\n<p>[Data de publica\u00e7\u00e3o] 3\/6\/16<\/p>\n<p>\u2014<\/p>\n<p>[Nome] Guilherme Nunes da Cunha Fernandes<br \/>\n[Cidade] Campo Grande<br \/>\n[Estado] MS<\/p>\n<p>[Vers\u00e3o] Duster Dynamique 1.6 16v Hi-Flex<br \/>\n[Motor] 1.6 16v hi-flex<br \/>\n[Ano-modelo] 2013<br \/>\n[Quilometragem atual] 50.000 km<br \/>\n[Combust\u00edvel] Flex\u00edvel<br \/>\n[Tempo h\u00e1 que possui] De 1 a 3 anos<\/p>\n<p>[Grau de satisfa\u00e7\u00e3o com o carro] Muito satisfeito(a)<br \/>\n[Grau de satisfa\u00e7\u00e3o com a rede de concession\u00e1rias] Muito satisfeito(a)<\/p>\n<p>[Estilo] 5<br \/>\n[Acabamento] 4<br \/>\n[Posi\u00e7\u00e3o de dirigir] 5<br \/>\n[Instrumentos] 4<br \/>\n[Itens de conveni\u00eancia] 4<br \/>\n[Espa\u00e7o interno] 5<br \/>\n[Capacidade de bagagem] 5<br \/>\n[Motor] 3<br \/>\n[Desempenho] 3<br \/>\n[Consumo] 3<br \/>\n[C\u00e2mbio] 4<br \/>\n[Freios] 4<br \/>\n[Suspens\u00e3o] 5<br \/>\n[Estabilidade] 4<br \/>\n[Seguran\u00e7a passiva] 4<br \/>\n[Custo-benef\u00edcio] 5<\/p>\n<p>[Principais aspectos positivos] Espa\u00e7o de sobra, altura do solo \u00f3tima, te livra de grande parte dos buracos e solavancos, manuten\u00e7\u00e3o em conta.<\/p>\n<p>[Principais aspectos negativos] Consumo um pouco alto para quem costuma andar dist\u00e2ncias curtas 7 por litro em m\u00e9dia para quem anda menos de 5 km por trajeto.<\/p>\n<p>[Defeitos apresentados] Manuten\u00e7\u00e3o normal, o ar condicionado precisou de uma recarga de g\u00e1s, fora isso, s\u00f3 as revis\u00f5es normais e pneus.<\/p>\n<p>[Concession\u00e1rias] Bom atendimento, pre\u00e7os um pouco mais caros que oficinas independentes.<\/p>\n<p>[Coment\u00e1rios adicionais] \u00d3timo carro para quem tem filhos, da para levar tudo sobrando espa\u00e7o, encara qualquer viagem.<\/p>\n<p>[Best Cars] Muito bom, acompanho o site a anos, recomendo para quem gosta de carros ou precisa de informa\u00e7\u00f5es reais dos modelos e marcas.<\/p>\n<p>[Data de publica\u00e7\u00e3o] 3\/6\/16<\/p>\n<p>\u2014<\/p>\n<p>[Nome] Elcio Soares Junior<br \/>\n[Cidade] Sao Paulo<br \/>\n[Estado] SP<\/p>\n<p>[Vers\u00e3o] Expression 1.6 16v Flex<br \/>\n[Motor] 1.6 16v<br \/>\n[Ano-modelo] 2016<br \/>\n[Quilometragem atual] 5.000 km<br \/>\n[Combust\u00edvel] Gasolina<br \/>\n[Tempo h\u00e1 que possui] At\u00e9 1 ano<\/p>\n<p>[Grau de satisfa\u00e7\u00e3o com o carro] Muito satisfeito(a)<br \/>\n[Grau de satisfa\u00e7\u00e3o com a rede de concession\u00e1rias] Muito satisfeito(a)<\/p>\n<p>[Estilo] 4<br \/>\n[Acabamento] 4<br \/>\n[Posi\u00e7\u00e3o de dirigir] 4<br \/>\n[Instrumentos] 3<br \/>\n[Itens de conveni\u00eancia] 4<br \/>\n[Espa\u00e7o interno] 5<br \/>\n[Capacidade de bagagem] 5<br \/>\n[Motor] 5<br \/>\n[Desempenho] 4<br \/>\n[Consumo] 4<br \/>\n[C\u00e2mbio] 4<br \/>\n[Freios] 4<br \/>\n[Suspens\u00e3o] 5<br \/>\n[Estabilidade] 4<br \/>\n[Seguran\u00e7a passiva] 4<br \/>\n[Custo-benef\u00edcio] 5<\/p>\n<p>[Principais aspectos positivos] Espa\u00e7o interno, ajuste da suspens\u00e3o (confort\u00e1vel e robusta), altura livre do solo e porta-malas. Design \u00e9 subjetivo, mas eu acho bom, principalmente com as mudan\u00e7as da linha 2016.<\/p>\n<p>[Principais aspectos negativos] Estepe na parte externa (em baixo do piso do porta-malas): Praticamente imposs\u00edvel calibrar e, como n\u00e3o poderia deixar de ser, sempre sujo. Al\u00e9m disso, tem a quest\u00e3o da seguran\u00e7a, pois \u00e9 alvo de roubos. Precisei instalar um cabo de a\u00e7o com fechadura para maior prote\u00e7\u00e3o. Dado que o Sandero passou a ter o estepe dentro do porta-malas desde a \u00faltima gera\u00e7\u00e3o (2014), n\u00e3o deu para entender porque a Renault n\u00e3o aplicou essa melhoria no Duster 2016. Entendo a quest\u00e3o dos custos, mas \u00e9 um problema para o propriet\u00e1rio. Acabamento: Para o meu gosto \u00e9 suficiente, no entanto, vejo que algumas pessoas t\u00eam expectativas maiores nesse ponto, principalmente para quem j\u00e1 teve contato com os novos SUVs (Honda HRV e Jeep Renegade) nacionais ou importados.<\/p>\n<p>[Defeitos apresentados] At\u00e9 o momento, n\u00e3o.<\/p>\n<p>[Concession\u00e1rias] Excelente experi\u00eancia de compra na Grand Brasil Renault Vila Guilherme (SP). Atendimento cordial e boa disposi\u00e7\u00e3o na negocia\u00e7\u00e3o de desconto na compra. J\u00e1 tive outros modelos Renault e as revis\u00f5es s\u00e3o OK tamb\u00e9m. Para esse Duster ainda n\u00e3o fiz a primeira revis\u00e3o, vamos ver se mantem o padr\u00e3o dos anos anteriores.<\/p>\n<p>[Coment\u00e1rios adicionais] Estou satisfeito com o carro. Um SUV mais acess\u00edvel (sem ser barato, como todos os carros brasileiros), sem frescuras e bom para o dia-a-dia e viagens com a fam\u00edlia. Tem bom consumo para o meu caso que dirijo tranquilamente. Consegui 9,6 km\/l com \u00e1lcool e cerca de 11, 5 km\/l com gasolina nos meus deslocamentos di\u00e1rios (70% estrada e 30% cidade) com o motor novo. Espero melhorar essas medias depois que passar de 5000 km.<br \/>\nSe voc\u00ea viaja com muita frequ\u00eancia e\/ou usa o carro sempre carregado, prefira a vers\u00e3o Dynamique 2.0 manual de 6 marchas. A autom\u00e1tica de 4 marchas, receio que atenda soh quem pega transito pesado diariamente e n\u00e3o se preocupa com consumo de combust\u00edvel (tem algu\u00e9m assim??). A vers\u00e3o 1.6 16v vai melhor na cidade e\/ou com pouca carga e pode decepcionar que gosta de um desempenho mais agressivo. Em rela\u00e7\u00e3o a quest\u00e3o da revenda, sabemos que ainda ha algum preconceito no mercado contra os carros de marcas francesas. A Renault tem feito um bom trabalho nos \u00faltimos anos para dissipar esse sentimento, mais eficientemente que o grupo PSA que, a meu ver, patina nesse ponto. Ja estou no meu terceiro Renault (Sandero, Logan e Duster) e n\u00e3o tenho do que reclamar em termos de robustez mec\u00e2nica, que aos poucos vai sendo reconhecida pelo mercado.<\/p>\n<p>[Best Cars] Refer\u00eancia na Internet brasileira. Visito diariamente h\u00e1 anos e sempre recomendo aos amigos e parentes que querem pesquisar algo sobre autom\u00f3veis.<\/p>\n<p>[Data de publica\u00e7\u00e3o] 24\/3\/16<\/p>\n<p>\u2014<\/p>\n<p>[Nome] Rubens Bruni j\u00fanior<br \/>\n[Cidade] Itu<br \/>\n[Estado] SP<\/p>\n<p>[Vers\u00e3o] Expression<br \/>\n[Motor] 1.6 16v<br \/>\n[Ano-modelo] 2013<br \/>\n[Quilometragem atual] 50.000 km<br \/>\n[Combust\u00edvel] Flex\u00edvel<br \/>\n[Tempo h\u00e1 que possui] De 1 a 3 anos<\/p>\n<p>[Grau de satisfa\u00e7\u00e3o com o carro] Insatisfeito(a)<br \/>\n[Grau de satisfa\u00e7\u00e3o com a rede de concession\u00e1rias] Insatisfeito(a)<\/p>\n<p>[Estilo] 4<br \/>\n[Acabamento] 3<br \/>\n[Posi\u00e7\u00e3o de dirigir] 4<br \/>\n[Instrumentos] 4<br \/>\n[Itens de conveni\u00eancia] 4<br \/>\n[Espa\u00e7o interno] 5<br \/>\n[Capacidade de bagagem] 5<br \/>\n[Motor] 2<br \/>\n[Desempenho] 2<br \/>\n[Consumo] 3<br \/>\n[C\u00e2mbio] 4<br \/>\n[Freios] 1<br \/>\n[Suspens\u00e3o] 1<br \/>\n[Estabilidade] 3<br \/>\n[Seguran\u00e7a passiva] 1<br \/>\n[Custo-benef\u00edcio] 1<\/p>\n<p>[Principais aspectos positivos] Espa\u00e7o interno, porta-malas<\/p>\n<p>[Principais aspectos negativos] Apresenta defeitos de fabrica\u00e7\u00e3o sem solu\u00e7\u00e3o desde a compra do ve\u00edculo. Os problemas apresentados freio, motor, dire\u00e7\u00e3o ,suspens\u00e3o e rodas<\/p>\n<p>[Defeitos apresentados] Perda dos freios, barulho nos freios, problemas na dire\u00e7\u00e3o, problemas no motor chiado, trepida\u00e7\u00e3o no motor, barulhos na roda e suspens\u00e3o<\/p>\n<p>[Concession\u00e1rias] N\u00e3o resolve os problemas de cliente, tomando medidas paliativas<\/p>\n<p>[Best Cars] Oportunidade de demonstrar os defeitos do carro, e n\u00e3o atendimento por parte da Renault com o cliente<\/p>\n<p>[Data de publica\u00e7\u00e3o] 23\/10\/15<\/p>\n<p>\u2014<\/p>\n<p>[Nome] Bruno<br \/>\n[Cidade] Bras\u00edlia<br \/>\n[Estado] DF<\/p>\n<p>[Vers\u00e3o] dinamic aut<br \/>\n[Motor] 2.0 16v<br \/>\n[Ano-modelo] 2013<br \/>\n[Quilometragem atual] 60.000 km<br \/>\n[Combust\u00edvel] Flex\u00edvel<br \/>\n[Tempo h\u00e1 que possui] De 1 a 3 anos<\/p>\n<p>[Grau de satisfa\u00e7\u00e3o com o carro] Muito satisfeito(a)<br \/>\n[Grau de satisfa\u00e7\u00e3o com a rede de concession\u00e1rias] Parcialmente satisfeito(a)<\/p>\n<p>[Estilo] 4<br \/>\n[Acabamento] 2<br \/>\n[Posi\u00e7\u00e3o de dirigir] 3<br \/>\n[Instrumentos] 2<br \/>\n[Itens de conveni\u00eancia] 3<br \/>\n[Espa\u00e7o interno] 5<br \/>\n[Capacidade de bagagem] 5<br \/>\n[Motor] 4<br \/>\n[Desempenho] 3<br \/>\n[Consumo] 3<br \/>\n[C\u00e2mbio] 1<br \/>\n[Freios] 4<br \/>\n[Suspens\u00e3o] 5<br \/>\n[Estabilidade] 3<br \/>\n[Seguran\u00e7a passiva] 3<br \/>\n[Custo-benef\u00edcio] 3<\/p>\n<p>[Principais aspectos positivos] bem, o carro \u00e9 bom, como motor que atende ao carro, espa\u00e7oso, robusto, \u00e9 um carro muito bom, n\u00e3o d\u00e1 manuten\u00e7\u00e3o, somente a normal.<\/p>\n<p>[Principais aspectos negativos] Bem agora isso varia de dono para dono, mas acredito que todos achariam ruim o c\u00e2mbio, os itens de acabamento e posi\u00e7\u00e3o do estepe.\u00a0O consumo, varia muito de p\u00e9 para p\u00e9. No meu caso eu aprendi a torn\u00e1-la mais econ\u00f4mica, anda na m\u00e9dia de velocidade das vias, na maioria das vezes, n\u00e3o uso muito o ar, mais quando uso, vou mais na manha do acelerador, at\u00e9 pq o c\u00e2mbio totalmente ineficiente n\u00e3o prioriza o consumo, s\u00e3o s\u00f3 quatro marchas. eu andando na manha mesmo, fa\u00e7o 10.8 a 11,5 gasolina, muito na manha mesmo, o primeiro com ar e o ultimo sem ar. procuro, apesar de ser autom\u00e1tico o carro, uso na maioria das vezes na forma manual, pq o idiota do c\u00e2mbio, dependendo do pisar do acelerador, ele reduz muito desnecessariamente, consumindo mais o combust\u00edvel. Para a Duster ficar melhor, deveria colocar o c\u00e2mbio CVT, melhor os itens de acabamento e botar o estepe no porta-mala, colocando um assoalho embaixo do estepe. Ainda bem que nunca precisei trocar o pneu, pq se precisa, vou ficar sujo e farei muito mais esfor\u00e7o que normalmente exigiria uma pequena troca de pneus.<\/p>\n<p>[Defeitos apresentados] nunca<\/p>\n<p>[Coment\u00e1rios adicionais] Carro bom<\/p>\n<p>[Data de publica\u00e7\u00e3o] 23\/10\/15<\/p>\n<p>\u2014<\/p>\n<p>[Nome] Marcio M. Vasconcellos<br \/>\n[Cidade] S\u00e3o Paulo<br \/>\n[Estado] SP<\/p>\n<p>[Vers\u00e3o] Tech Road<br \/>\n[Motor] 2.0<br \/>\n[Ano-modelo] 2014<br \/>\n[Quilometragem atual] 40.000 km<br \/>\n[Combust\u00edvel] Flex\u00edvel<br \/>\n[Tempo h\u00e1 que possui] De 1 a 3 anos<\/p>\n<p>[Grau de satisfa\u00e7\u00e3o com o carro] Insatisfeito<br \/>\n[Grau de satisfa\u00e7\u00e3o com a rede de concession\u00e1rias] Insatisfeito<\/p>\n<p>[Estilo] 5<br \/>\n[Acabamento] 3<br \/>\n[Posi\u00e7\u00e3o de dirigir] 4<br \/>\n[Instrumentos] 4<br \/>\n[Itens de conveni\u00eancia] 4<br \/>\n[Espa\u00e7o interno] 5<br \/>\n[Capacidade de bagagem] 5<br \/>\n[Motor] 5<br \/>\n[Desempenho] 4<br \/>\n[Consumo] 5<br \/>\n[C\u00e2mbio] 5<br \/>\n[Freios] 4<br \/>\n[Suspens\u00e3o] 5<br \/>\n[Estabilidade] 5<br \/>\n[Seguran\u00e7a passiva] 5<br \/>\n[Custo-benef\u00edcio] 4<\/p>\n<p>[Principais aspectos positivos] Econ\u00f4mico, espa\u00e7o interno e porta-malas.<\/p>\n<p>[Principais aspectos negativos] Por ser um SUV deixa a desejar, apresentou problemas desde muito cedo.<\/p>\n<p>[Defeitos apresentados] Marcha lenta oscila, embreagem com rangido, rangido na suspens\u00e3o dianteira, ar condicionado estraga facilmente com folhas.<\/p>\n<p>[Concession\u00e1rias] As concessionarias Renault s\u00e3o verdadeiros ca\u00e7a niqueis. J\u00e1 na revis\u00e3o de 10000 km querem fazer limpeza de bico ejetor ( mesmo o carro n\u00e3o apresentando qualquer indicio de necessidade e o manual do propriet\u00e1rio n\u00e3o dizendo nada a respeito)trocar palhetas, kit lubrifica\u00e7\u00e3o, limpeza do sistema de arrefecimento. Se pegam algu\u00e9m sem muita experiencia extorquem. A revis\u00e3o \u00e9 fraca, muitas das vezes n\u00e3o realizando o prometido.Alertei para um rangido no pedal da embreagem, ao retirar o carro da revis\u00e3o n\u00e3o o percebi mais, at\u00e9 o outro dia quando voltou a aparecer, e pior fiquei sem embreagem num cruzamento, com o carro engatado, sob chuva forte, apesar de ter um StepWay e uma Duster, depois disso vou deixar de comprar Renault.<\/p>\n<p>[Coment\u00e1rios adicionais] O carro deixa a desejar em alguns aspectos, como ar-condicionado. O Duster \u00e9 um SUV mas ao cair folhas no para-brisa faz com que o ar-condicionado estrague pois as folhas passam pela grade de prote\u00e7\u00e3o, o que faz voc\u00ea optar por vagas sem \u00e1rvores, e sistem\u00e1ticas verifica\u00e7\u00f5es.<\/p>\n<p>[Best Cars] Achei o espa\u00e7o legal, acho que acrescentaria se houvesse espa\u00e7o para as marcas responderem aos leitores.<\/p>\n<p>[Data de publica\u00e7\u00e3o] 27\/3\/15<\/p>\n<p>\u2014<\/p>\n<p>&nbsp;<\/p>\n<div class='code-block code-block-7' style='margin: 28px auto; text-align: center; display: block; clear: both;'>\n<script async src=\"https:\/\/pagead2.googlesyndication.com\/pagead\/js\/adsbygoogle.js\"><\/script>\n<!-- AL-quadrado -->\n<ins class=\"adsbygoogle\"\n     style=\"display:block\"\n     data-ad-client=\"ca-pub-1914799802606213\"\n     data-ad-slot=\"5683066082\"\n     data-ad-format=\"auto\"\n     data-full-width-responsive=\"true\"><\/ins>\n<script>\n     (adsbygoogle = window.adsbygoogle || []).push({});\n<\/script><\/div>\n\n<p>&nbsp;<\/p>\n<p>[Nome] Alexandre Kleinowski Butzen<br \/>\n[Cidade] Porto Alegre<br \/>\n[Estado] RS<\/p>\n<p>[Vers\u00e3o] Dynamique<br \/>\n[Motor] 1.6 16v<br \/>\n[Ano-modelo] 2014<br \/>\n[Quilometragem atual] 10.000 km<br \/>\n[Combust\u00edvel] Flex\u00edvel<br \/>\n[Tempo h\u00e1 que possui] De 1 a 3 anos<\/p>\n<p>[Grau de satisfa\u00e7\u00e3o com o carro] Muito satisfeito<br \/>\n[Grau de satisfa\u00e7\u00e3o com a rede de concession\u00e1rias] Parcialmente satisfeito<\/p>\n<p>[Estilo] 4<br \/>\n[Acabamento] 4<br \/>\n[Posi\u00e7\u00e3o de dirigir] 5<br \/>\n[Instrumentos] 4<br \/>\n[Itens de conveni\u00eancia] 4<br \/>\n[Espa\u00e7o interno] 5<br \/>\n[Capacidade de bagagem] 5<br \/>\n[Motor] 3<br \/>\n[Desempenho] 3<br \/>\n[Consumo] 3<br \/>\n[C\u00e2mbio] 4<br \/>\n[Freios] 4<br \/>\n[Suspens\u00e3o] 5<br \/>\n[Estabilidade] 4<br \/>\n[Seguran\u00e7a passiva] 4<br \/>\n[Custo-benef\u00edcio] 5<\/p>\n<p>[Principais aspectos positivos] O carro \u00e9 muito confort\u00e1vel em termos de espa\u00e7o. Sobra lugar para 5 adultos viajarem com conforto. E o porta-malas \u00e9 muito grande &#8211; 470 litros &#8211; muito maior que os da concorr\u00eancia, que n\u00e3o chegam nem perto disso (geralmente 300 e poucos litros). A suspens\u00e3o \u00e9 firme na medida certa e a altura do solo de 21cm faz voc\u00ea esquecer que existem calombos e lombadas nas ruas. A posi\u00e7\u00e3o de dirigir \u00e9 muito boa e a facilidade para entrar e sair do carro \u00e9 \u00f3tima, mesmo para quem tem maior estatura.<\/p>\n<p>[Principais aspectos negativos] O acabamento poderia ser um pouco melhor, mas nada que incomode. O motor 1.6 d\u00e1 conta do recado, mas sem emo\u00e7\u00e3o. Apesar disso, gasta um pouco mais do que o esperado. Meu carro tem apenas 8 mil km, espero que quando chegar perto dos 15 mil ele melhore.<\/p>\n<p>[Defeitos apresentados] Um rangido muito chato no banco do motorista. Na revis\u00e3o de 1 ano solicitei o conserto \u00e0 concession\u00e1ria, que reportou ter resolvido o problema. Em uma semana o rangido voltou. Com um pouco de paci\u00eancia para descobrir o lugar exato do rangido e um spray lubrificante foi o suficiente para sanar o problema. Al\u00e9m disso, o acionador do pisca-alerta estragou e foi trocado na garantia.<\/p>\n<p>[Concession\u00e1rias] Utilizei a Iesa de POA-RS para revis\u00e3o de 1 ano. O atendimento foi muito bom, o carro foi entregue no prazo, mas o problema do rangido do banco do motorista voltou 1 semana depois.<\/p>\n<p>[Coment\u00e1rios adicionais] \u00c9 um \u00f3timo carro. Apesar de um acabamento mais simples que a concorr\u00eancia, n\u00e3o tem compara\u00e7\u00e3o quando o assunto \u00e9 espa\u00e7o interno e porta-malas, muito maior. Isso se traduz em conforto, ainda mais para quem tem estatura acima da m\u00e9dia. Compensa qualquer ponto negativo em rela\u00e7\u00e3o ao acabamento ou em rela\u00e7\u00e3o ao design &#8211; considerado ultrapassado por alguns &#8220;entendidos&#8221;.<\/p>\n<p>[Best Cars] \u00d3timo site, muito \u00fatil na hora de adquirir um carro.<\/p>\n<p>[Data de publica\u00e7\u00e3o] 30\/1\/15<\/p>\n<p>\u2014<\/p>\n<p>[Nome] Eurico V. Pereira<br \/>\n[Cidade] Osasco<br \/>\n[Estado] SP<\/p>\n<p>[Vers\u00e3o] dynamique<br \/>\n[Motor] 1.6. 16v<br \/>\n[Ano-modelo] 2013<br \/>\n[Quilometragem atual] 20.000 km<br \/>\n[Combust\u00edvel] Flex\u00edvel<br \/>\n[Tempo h\u00e1 que possui] De 1 a 3 anos<\/p>\n<p>[Grau de satisfa\u00e7\u00e3o com o carro] Insatisfeito<br \/>\n[Grau de satisfa\u00e7\u00e3o com a rede de concession\u00e1rias] Parcialmente satisfeito<\/p>\n<p>[Estilo] 5<br \/>\n[Acabamento] 3<br \/>\n[Posi\u00e7\u00e3o de dirigir] 5<br \/>\n[Instrumentos] 3<br \/>\n[Itens de conveni\u00eancia] 3<br \/>\n[Espa\u00e7o interno] 5<br \/>\n[Capacidade de bagagem] 5<br \/>\n[Motor] 4<br \/>\n[Desempenho] 3<br \/>\n[Consumo] 3<br \/>\n[C\u00e2mbio] 5<br \/>\n[Freios] 5<br \/>\n[Suspens\u00e3o] 1<br \/>\n[Estabilidade] 4<br \/>\n[Seguran\u00e7a passiva] 3<br \/>\n[Custo-benef\u00edcio] 4<\/p>\n<p>[Principais aspectos positivos] Essa \u00e9 uma atualiza\u00e7\u00e3o da avalia\u00e7\u00e3o que j\u00e1 fiz neste site, agora com o carro mais rodado. Mantenho como itens positivos o espa\u00e7o interno, design (subjetivo),altura em rela\u00e7\u00e3o ao solo e porta-malas.<\/p>\n<p>[Principais aspectos negativos] Consumo elevado, suspens\u00e3o fr\u00e1gil, acabamento pobre e desempenho fraco.<\/p>\n<p>[Defeitos apresentados] trepida\u00e7\u00e3o nas rodas, marcha-lenta irregular, suspens\u00e3o dianteira &#8220;batendo&#8221;, radiador furado, defeitos na pintura, embreagem trepidando, ru\u00eddo no ar condicionado (roncando).<\/p>\n<p>[Concession\u00e1rias] n\u00e3o fazem nada al\u00e9m do b\u00e1sico e se houver necessidade de reparo fora da garantia cobram uma fortuna. Demora no diagn\u00f3stico e resolu\u00e7\u00e3o dos problemas. S\u00e3o \u00f3timos para vender, mas o p\u00f3s-venda segue o padr\u00e3o brasileiro.<\/p>\n<p>[Coment\u00e1rios adicionais] Vou ser sint\u00e9tico&#8230;N\u00c3O COMPREM DUSTER, sobretudo com pre\u00e7o que est\u00e1 sendo praticado (65.000,00 em m\u00e9dia por um Dynamique). O meu com apenas 17.000 km virou uma carro\u00e7a&#8230;e olha que s\u00f3 ando em asfalto bom e rodovias. O radiador furou inexplicavelmente (segundo o consultor t\u00e9cnico da Renault Sinal France Osasco, uma pedra ficou ro\u00e7ando entre a h\u00e9lice da ventoinha e a parte posterior do radiador, causando a fissura, entretanto, n\u00e3o h\u00e1 qualquer vest\u00edgio disso na pe\u00e7a), ou seja, n\u00e3o coberto pela garantia, gastei R$ 1500,00. A suspens\u00e3o dianteira bate tanto que parece que vai desmontar sozinha. Na CSS alegaram que n\u00e3o h\u00e1 nada de errado. O carro faz 3,5 km\/l de etanol em circuito urbano e 6,0 Km\/l na estrada. A marcha-lenta oscila tanto qdo o carro est\u00e1 frio que chega a &#8220;morrer&#8221;. A embreagem est\u00e1 trepidando (o carro tem apenas 17.000 Km)&#8230;enfim&#8230;uma bomba! estou profundamente arrependido. Muitos criticam a Citr\u00f6en, mas depois de possuir dois C3 e ter ficado plenamente satisfeito com os &#8220;francesinhos&#8221; vou trocar o Duster por um AIRCROSS e espero ter mais sorte.<\/p>\n<p>[Best Cars] Fonte indispens\u00e1vel de consulta. Apenas como sugest\u00e3o, seria legal manter um pr\u00e9-cadastro dos usu\u00e1rios que j\u00e1 avaliaram seus ve\u00edculos para que facilite atualiza\u00e7\u00e3o da avalia\u00e7\u00e3o, dispensando a necessidade de preencher todo o cadastro inicial novamente.<\/p>\n<p>[Data de publica\u00e7\u00e3o] 30\/1\/15<\/p>\n<p>\u2014<\/p>\n<p>[Nome] Raunilo<br \/>\n[Cidade] rio de janeiro<br \/>\n[Estado] RJ<\/p>\n<p>[Vers\u00e3o] tech road<br \/>\n[Ano-modelo] 2014<br \/>\n[Combust\u00edvel] Flex\u00edvel<br \/>\n[Quilometragem atual] 5.000 km<br \/>\n[Tempo h\u00e1 que possui] At\u00e9 1 ano<\/p>\n<p>[Grau de satisfa\u00e7\u00e3o com o carro] Insatisfeito<br \/>\n[Grau de satisfa\u00e7\u00e3o com a rede de concession\u00e1rias] Insatisfeito<\/p>\n<p>[Estilo] 3<br \/>\n[Acabamento] 3<br \/>\n[Posi\u00e7\u00e3o de dirigir] 4<br \/>\n[Instrumentos] 4<br \/>\n[Itens de conveni\u00eancia] 4<br \/>\n[Espa\u00e7o interno] 5<br \/>\n[Capacidade de bagagem] 5<br \/>\n[Motor] 4<br \/>\n[Desempenho] 4<br \/>\n[Consumo] 3<br \/>\n[C\u00e2mbio] 3<br \/>\n[Freios] 4<br \/>\n[Suspens\u00e3o] 4<br \/>\n[Estabilidade] 4<br \/>\n[Seguran\u00e7a passiva] 3<br \/>\n[Custo-benef\u00edcio] 3<\/p>\n<p>[Principais aspectos positivos] Custo, qd comparado com outros modelos similares, espa\u00e7o interno.<\/p>\n<p>[Principais aspectos negativos] Design ultrapassado, acabamento m\u00e9dio, rangidos indesej\u00e1veis.<\/p>\n<p>[Defeitos apresentados] Logo qd fui pegar o carro verifiquei que o acionador do retrovisor n\u00e3o funcionava, depois de 4 meses o pedal da embreagem come\u00e7ou a apresentar um rangido irritante, depois de 6 meses, O MAIS GRAVE, percebi RACHADURAS na solda que fica na canaleta do teto, pr\u00f3ximo a tampa traseira. estou aguardando a an\u00e1lise do dossi\u00ea elaborado pela concession\u00e1ria, pela Renault para poder executar o reparo. Ainda estou aguardando resposta (40 dias de espera). O mais assustador foi que ap\u00f3s isso, comecei a observar outros carros, e sem procurar muito j\u00e1 encontrei outros dois com o mesmo problema. PARECE-ME UM PROBLEMA DE PROJETO!!!! CUIDADO<\/p>\n<p>[Concession\u00e1rias] ruim. marquei assist\u00eancia e chegando l\u00e1 fui informado que a concession\u00e1ria (Space RJ) n\u00e3o realizava o tipo de servi\u00e7o necess\u00e1rio. Perdi tempo e n\u00e3o resolvi.<\/p>\n<p>[Coment\u00e1rios adicionais] N\u00c3O COMPREM O DUSTER! Como dizem, o barato sai caro. Pague um pouco mais por um carro com melhor qualidade.<\/p>\n<p>[Best Cars Web Site] Site muito bom. Que pena que qd consultei n\u00e3o havia nenhuma dica como a minha, sen\u00e3o n\u00e3o teria comprado o DUSTER.<\/p>\n<p>[Data de publica\u00e7\u00e3o] 21\/11\/14<\/p>\n<p>\u2014<\/p>\n<p>[Nome] Luiz Lyra<br \/>\n[Cidade] Bras\u00edlia<br \/>\n[Estado] DF<\/p>\n<p>[Vers\u00e3o] TechRoadII 2.0 4&#215;4<br \/>\n[Ano-modelo] 2014<br \/>\n[Combust\u00edvel] Flex\u00edvel<br \/>\n[Quilometragem atual] 25.000 km<br \/>\n[Tempo h\u00e1 que possui] At\u00e9 1 ano<\/p>\n<p>[Grau de satisfa\u00e7\u00e3o com o carro] Muito satisfeito<br \/>\n[Grau de satisfa\u00e7\u00e3o com a rede de concession\u00e1rias] Parcialmente satisfeito<\/p>\n<p>[Estilo] 3<br \/>\n[Acabamento] 3<br \/>\n[Posi\u00e7\u00e3o de dirigir] 4<br \/>\n[Instrumentos] 4<br \/>\n[Itens de conveni\u00eancia] 3<br \/>\n[Espa\u00e7o interno] 5<br \/>\n[Capacidade de bagagem] 4<br \/>\n[Motor] 4<br \/>\n[Desempenho] 4<br \/>\n[Consumo] 4<br \/>\n[C\u00e2mbio] 5<br \/>\n[Freios] 5<br \/>\n[Suspens\u00e3o] 4<br \/>\n[Estabilidade] 4<br \/>\n[Seguran\u00e7a passiva] 4<br \/>\n[Custo-benef\u00edcio] 5<\/p>\n<p>[Principais aspectos positivos] Carro agrad\u00e1vel de dirigir, espa\u00e7oso, est\u00e1vel. Mec\u00e2nica confi\u00e1vel, c\u00e2mbio manual de 6 marchas excelente. Muita seguran\u00e7a ao ultrapassar e ao frear. No off-road chega a surpreender sem empolgar. Central multim\u00eddia e GPS funcionais. Quanto \u00e0 economia, m\u00e9dia geral de 11,8 km\/l. Muito bom.<\/p>\n<p>[Principais aspectos negativos] A falta de porta copos incomoda muito.A Renault precisa corrigir esse &#8220;erro&#8221;.<\/p>\n<p>[Defeitos apresentados] 25000 km rodados em 6 meses e nenhum problema.<\/p>\n<p>[Concession\u00e1rias] Acompanhei a revis\u00e3o de 20.000 km numa Renault Minuto, achei o mec\u00e2nico &#8220;fraco&#8221; com pouca cultura em Renault.<\/p>\n<p>[Coment\u00e1rios adicionais] Pra quem busca um ve\u00edculo um tanto r\u00fastico, robusto, forte e ao mesmo tempo confort\u00e1vel e veloz. O Renault Duster ir\u00e1 satisfaze-lo.<\/p>\n<p>[Best Cars Web Site] J\u00e1 a muito tempo Best Cars presta um enorme servi\u00e7o aos entusiastas e a quem busca refer\u00eancias sobre uma marca ou modelo de ve\u00edculo.<\/p>\n<p>[Data de publica\u00e7\u00e3o] 7\/11\/14<\/p>\n<p>\u2014<\/p>\n<p>[Nome] Reinaldo Di Bernardi<br \/>\n[Cidade] Florian\u00f3polis<br \/>\n[Estado] SC<\/p>\n<p>[Vers\u00e3o] 1.6.16V Tech Road<br \/>\n[Ano-modelo] 2014<br \/>\n[Combust\u00edvel] Flex\u00edvel<br \/>\n[Quilometragem atual] 10.000 km<br \/>\n[Tempo h\u00e1 que possui] At\u00e9 1 ano<\/p>\n<p>[Grau de satisfa\u00e7\u00e3o com o carro] Muito satisfeito<br \/>\n[Grau de satisfa\u00e7\u00e3o com a rede de concession\u00e1rias] Muito satisfeito<\/p>\n<p>[Estilo] 5<br \/>\n[Acabamento] 4<br \/>\n[Posi\u00e7\u00e3o de dirigir] 5<br \/>\n[Instrumentos] 4<br \/>\n[Itens de conveni\u00eancia] 4<br \/>\n[Espa\u00e7o interno] 5<br \/>\n[Capacidade de bagagem] 5<br \/>\n[Motor] 5<br \/>\n[Desempenho] 4<br \/>\n[Consumo] 4<br \/>\n[C\u00e2mbio] 4<br \/>\n[Freios] 5<br \/>\n[Suspens\u00e3o] 5<br \/>\n[Estabilidade] 5<br \/>\n[Seguran\u00e7a passiva] 4<br \/>\n[Custo-benef\u00edcio] 5<\/p>\n<p>[Principais aspectos positivos] Espa\u00e7o,sil\u00eancio na rodagem,visibilidade, estabilidade,manuten\u00e7\u00e3o, economia de combust\u00edvel, altura dos buracos e lombadas,dirigibilidade.<\/p>\n<p>[Principais aspectos negativos] Seria mais interessante o estepe no porta malas para vc n\u00e3o ter que ficar na lama para tirar e colocar&#8230;<\/p>\n<p>[Defeitos apresentados] Sim e n\u00e3o. Rasgaram a coifa ao tirar do caminh\u00e3o cegonha na entrega.n\u00e3o foi defeito do carro<\/p>\n<p>[Concession\u00e1rias] A concession\u00e1ria Automega de Florian\u00f3polis \u00e9 excepcionalmente perfeita nos servi\u00e7os que me faz, h\u00e1 anos. N\u00e3o troco de marca devido a seus servi\u00e7os que uso j\u00e1 no terceiro Renault da fam\u00edlia, apesar de termos de outras marcas tamb\u00e9m<\/p>\n<p>[Coment\u00e1rios adicionais] \u00c9 o carro certo para quem quer espa\u00e7o, manuten\u00e7\u00e3o e seguro bons e baratos, rodar macio e em sil\u00eancio e gosta de SUVs econ\u00f4micos em combust\u00edvel, e n\u00e3o est\u00e1 interessado em apostar pegas e sim curtir o carro em passeios e viagens, al\u00e9m de ter \u00f3tima manobrabilidade no tr\u00e2nsito urbano. Comparei 20 itens em todos os carros, poss\u00edveis e desej\u00e1veis,antes de comprar, como frenagem,consumo, pre\u00e7o,manuten\u00e7\u00e3o, seguro, visibilidade, manobrabilidade, maciez na rodagem,altura da buraqueira, sil\u00eancio, equipamentos m\u00ednimos, tamanho,espa\u00e7o interno, bagageiro, design,etc,etc.<\/p>\n<p>[Best Cars Web Site] Bola 7 na ca\u00e7apa&#8230;<\/p>\n<p>[Data de publica\u00e7\u00e3o] 12\/9\/14<\/p>\n<p>\u2014<\/p>\n<p>[Nome] Eurico V. Pereira<br \/>\n[Cidade] Osasco<br \/>\n[Estado] SP<\/p>\n<p>[Vers\u00e3o] 1.6 16v Dynamique<br \/>\n[Ano-modelo] 2013<br \/>\n[Combust\u00edvel] Flex\u00edvel<br \/>\n[Quilometragem atual] 15.000 km<br \/>\n[Tempo h\u00e1 que possui] De 1 a 3 anos<\/p>\n<p>[Grau de satisfa\u00e7\u00e3o com o carro] Parcialmente satisfeito<br \/>\n[Grau de satisfa\u00e7\u00e3o com a rede de concession\u00e1rias] Parcialmente satisfeito<\/p>\n<p>[Estilo] 5<br \/>\n[Acabamento] 2<br \/>\n[Posi\u00e7\u00e3o de dirigir] 5<br \/>\n[Instrumentos] 2<br \/>\n[Itens de conveni\u00eancia] 2<br \/>\n[Espa\u00e7o interno] 5<br \/>\n[Capacidade de bagagem] 5<br \/>\n[Motor] 3<br \/>\n[Desempenho] 3<br \/>\n[Consumo] 2<br \/>\n[C\u00e2mbio] 3<br \/>\n[Freios] 4<br \/>\n[Suspens\u00e3o] 2<br \/>\n[Estabilidade] 4<br \/>\n[Seguran\u00e7a passiva] 4<br \/>\n[Custo-benef\u00edcio] 4<\/p>\n<p>[Principais aspectos positivos] Espa\u00e7o interno, posi\u00e7\u00e3o de dirigir, altura livre do solo, facilidade de transpor irregularidades na pista, ar-condicionado eficiente, visibilidade, custo de aquisi\u00e7\u00e3o.<\/p>\n<p>[Principais aspectos negativos] Acabamento interno simpl\u00f3rio, consumo alto, suspens\u00e3o transmite sensa\u00e7\u00e3o de fragilidade, desempenho apenas satisfat\u00f3rio, aus\u00eancia de luzes nos bot\u00f5es de levantamento dos vidros, bot\u00f5es dos vidros traseiros mal posicionados gerando acionamento involunt\u00e1rio, alavanca de c\u00e2mbio de acionamento \u00e1spero e ruidoso, aus\u00eancia de &#8220;porta-trecos&#8221;, aus\u00eancia de m\u00f3dulo de subida dos vidros (nem mesmo como opcional)<\/p>\n<p>[Defeitos apresentados] Retirei o carro 0 km da concession\u00e1ria e retornei no mesmo dia, pois as rodas estavam desbalanceadas; protetor de c\u00e1rter solto ap\u00f3s a revis\u00e3o dos 10.000 km; marcha-lenta irregular com carro frio e abastecido com etanol (chegando a apagar o motor); motor de partida \u00e0s vezes n\u00e3o &#8220;gira&#8221;, necessitando viara a chave novamente.<\/p>\n<p>[Concession\u00e1rias] s\u00f3 usei para o b\u00e1sico (troca de \u00f3leo e filtros), por\u00e9m, quando da entrega do carro 0Km, percebi que tinha um defeito no parachoque traseiro e que o dano tinha sido &#8220;pincelado&#8221; por algum funcion\u00e1rio da oficina. Recusei retirar o carro com defeito e o gerente me prometeu o reparo. Dias depois fui retirar o carro e o servi\u00e7o feito foi de p\u00e9ssima qualidade. Sanaram o problema com a substitui\u00e7\u00e3o completa do parachoque.<\/p>\n<p>[Coment\u00e1rios adicionais] Manifestei-me como &#8220;parcialmente satisfeito&#8221; por que n\u00e3o posso me considerar &#8220;muito satisfeito&#8221; com o Duster. \u00c9 um bom carro&#8230;e nada mais do que isso. \u00c9 um ve\u00edculo honesto pelo pre\u00e7o de aquisi\u00e7\u00e3o, por\u00e9m, ao contr\u00e1rio do que a imagem tenta passar, n\u00e3o \u00e9 um SUV ou um jip\u00e3o. Ele vende a imagem de robustez mas na verdade \u00e9 um carro de porte maior do que as peruas que temos no mercado. A suspens\u00e3o \u00e9 fr\u00e1gil e somente se destaca dos ve\u00edculos menores pela altura livre do solo, que permite transpor as crateras sem que sintamos uma &#8220;dor no cora\u00e7\u00e3o&#8221; quando passamos por uma delas. De positivo mesmo destaco o espa\u00e7o interno, o bom porta-malas e a carroceria elevada, no mais, \u00e9 um carro mediano. O acabamento interno \u00e9 muito pobre (t\u00edpico de carros populares); ilumina\u00e7\u00e3o noturna no painel somente nos instrumentos fundamentais. Consumo m\u00e9dio 4,5 Km\/l na cidade e 8 Km\/l na estrada (etanol) e 7 Km\/l na cidade, 9 Km\/l na estrada (gasolina). O desempenho \u00e9 apenas satisfat\u00f3rio, pois se quiser andar com um pouquinho de desenvoltura tem que trabalhar bastante com o c\u00e2mbio (se n\u00e3o reduzir marchas &#8220;toma pau&#8221; de muitos carros 1000cc). Enfim, n\u00e3o me arrependo de ter comprado o carro, mas tamb\u00e9m n\u00e3o compraria outro. O Duster \u00e9 um carro que apenas satisfaz suas necessidades, no meu caso: tamanho, espa\u00e7o interno e porta-malas.<\/p>\n<p>[Best Cars Web Site] o teste do leitor do BCWS \u00e9 a primeira fonte que consulto antes de adquirir um ve\u00edculo. \u00c9 simplesmente indispens\u00e1vel.<\/p>\n<p>[Data de publica\u00e7\u00e3o] 13\/6\/14<\/p>\n<p>\u2014<\/p>\n<p>[Nome] Carlos Weber<br \/>\n[Cidade] Goi\u00e2nia<br \/>\n[Estado] GO<\/p>\n<p>[Vers\u00e3o] 4WD<br \/>\n[Ano-modelo] 2013<br \/>\n[Combust\u00edvel] Flex\u00edvel<br \/>\n[Quilometragem atual] 40.000 km<br \/>\n[Tempo h\u00e1 que possui] De 1 a 3 anos<\/p>\n<p>[Grau de satisfa\u00e7\u00e3o com o carro] Parcialmente satisfeito<br \/>\n[Grau de satisfa\u00e7\u00e3o com a rede de concession\u00e1rias] Parcialmente satisfeito<\/p>\n<p>[Estilo] 5<br \/>\n[Acabamento] 4<br \/>\n[Posi\u00e7\u00e3o de dirigir] 4<br \/>\n[Instrumentos] 3<br \/>\n[Itens de conveni\u00eancia] 3<br \/>\n[Espa\u00e7o interno] &#8211;<br \/>\n[Capacidade de bagagem] 5<br \/>\n[Motor] 5<br \/>\n[Desempenho] 4<br \/>\n[Consumo] 5<br \/>\n[C\u00e2mbio] 5<br \/>\n[Freios] 5<br \/>\n[Suspens\u00e3o] 5<br \/>\n[Estabilidade] 5<br \/>\n[Seguran\u00e7a passiva] 4<br \/>\n[Custo-benef\u00edcio] 5<\/p>\n<p>[Principais aspectos positivos] Robustez da suspens\u00e3o, estabilidade em altas velocidades, consumo baixo para um motor 2.0 e peso &#8211; 6km\/l(E) e 8,5km\/l(G)no uso urbano, e 9,5km\/l(E) e 12km\/l(G) no uso rodovi\u00e1rio, boa ergonomia (poderia ser muito boa se houvesse ajuste de dist\u00e2ncia do volante)<\/p>\n<p>[Principais aspectos negativos] Turbul\u00eancia excessiva oriunda do vento (tem que fechar as janelas j\u00e1 aos 80 km\/h) quando acima de 100 km\/h; falta de ajuste de dist\u00e2ncia do volante; ilumina\u00e7\u00e3o interna fraca mesmo com a luz extra (problema causado pelo interior do carro ser na cor preta); a reacelera\u00e7\u00e3o \u00e9 prejudicada pelo excessivo alongamento da marchas, mesmo tendo 6 (seis) marchas &#8211; detalhe que s\u00f3 uso a 1\u00aa em subidas \u00edngremes fora-de-estrada; o PARA-CHOQUES DIANTEIRO \u00c9 MUITO FR\u00c1GIL &#8211; qualquer encostadinha em estacionamento que os encaixes de pl\u00e1stico.<\/p>\n<p>[Defeitos apresentados] S\u00f3 os para-choques dianteiros que quebram os encaixes nos estacionamentos.<\/p>\n<p>[Concession\u00e1rias] A TECAR \u00e9 boa; a RENAUTO deixa a desejar<\/p>\n<p>[Coment\u00e1rios adicionais] Considerando o pre\u00e7o cobrado o custo\/benef\u00edcio \u00e9 \u00f3timo.<br \/>\nA sacada de ter um modo no computador que acusa a quantidade de combust\u00edvel que cabe no tanque \u00e9 fenomenal &#8211; j\u00e1 identifiquei mais de duas dezenas de postos que roubam na quantidade que colocam no tanque.<\/p>\n<p>[Best Cars Web Site] \u00c9 minha refer\u00eancia para comprar carro; sempre que vou trocar, antes de fazer test-drive, verifico o teste do leitor.<\/p>\n<p>[Data de publica\u00e7\u00e3o] 30\/5\/14<\/p>\n<p>\u2014<\/p>\n<p>[Nome] Renato Felipe<br \/>\n[Cidade] Goi\u00e2nia<br \/>\n[Estado] GO<\/p>\n<p>[Vers\u00e3o] 2,0<br \/>\n[Ano-modelo] 2013<br \/>\n[Combust\u00edvel] Flex\u00edvel<br \/>\n[Quilometragem atual] 25.000 km<br \/>\n[Tempo h\u00e1 que possui] De 1 a 3 anos<\/p>\n<p>[Grau de satisfa\u00e7\u00e3o com o carro] Parcialmente satisfeito<br \/>\n[Grau de satisfa\u00e7\u00e3o com a rede de concession\u00e1rias] Parcialmente satisfeito<\/p>\n<p>[Estilo] 4<br \/>\n[Acabamento] 2<br \/>\n[Posi\u00e7\u00e3o de dirigir] 4<br \/>\n[Instrumentos] 2<br \/>\n[Itens de conveni\u00eancia] 2<br \/>\n[Espa\u00e7o interno] 3<br \/>\n[Capacidade de bagagem] 5<br \/>\n[Motor] 4<br \/>\n[Desempenho] 4<br \/>\n[Consumo] 4<br \/>\n[C\u00e2mbio] 4<br \/>\n[Freios] 4<br \/>\n[Suspens\u00e3o] 5<br \/>\n[Estabilidade] 4<br \/>\n[Seguran\u00e7a passiva] 3<br \/>\n[Custo-benef\u00edcio] 3<\/p>\n<p>[Principais aspectos positivos] Posi\u00e7\u00e3o de dirigir, espa\u00e7o porta-malas<\/p>\n<p>[Principais aspectos negativos] Posi\u00e7\u00e3o do ajuste do retrovisor externo, abaixo da alavanca do freio de m\u00e3o &#8211; absurdo isto!! Apoio de bra\u00e7o atrapalha ajuste do encosto do banco, bem como a coloca\u00e7\u00e3o do cinto de seguran\u00e7a; acabamento ruim no geral. Comprei com bancos em couro, me entregaram em couro sint\u00e9tico, tive que reclamar junto \u00e0 Renault para que corrigissem o problema. Me deram um b\u00f4nus para eu colocar os bancos em couro.<\/p>\n<p>[Defeitos apresentados] Apresentou uma falha no sistema de inje\u00e7\u00e3o, saindo muita fuma\u00e7a branca no escapamento e estava sem pot\u00eancia. Foi guinchado para concession\u00e1ria. N\u00e3o falaram o que era, simplesmente que ressetaram a central&#8230; n\u00e3o acreditei.<br \/>\nOutro problema foi a vibra\u00e7\u00e3o na dire\u00e7\u00e3o quando extersava com o carro parado, trocaram uma pe\u00e7a (n\u00e3o falaram qual) e ficou normal.<\/p>\n<p>[Concession\u00e1rias] Sempre fui bem atendido pela Tecar em Goi\u00e2nia.<\/p>\n<p>[Coment\u00e1rios adicionais] Carro no geral muito bom, mas peca no acabamento.<\/p>\n<p>[Best Cars Web Site] \u00d3tima esta se\u00e7\u00e3o, ajuda muito quem procura informa\u00e7\u00f5es sobre determinado carro.<br \/>\nParab\u00e9ns.<\/p>\n<p>[Data de publica\u00e7\u00e3o] 21\/3\/14<\/p>\n<p>\u2014<\/p>\n<p>[Nome] Ataide Jr<br \/>\n[Cidade] Salvador<br \/>\n[Estado] BA<\/p>\n<p>[Vers\u00e3o] 1.6 Dinamic<br \/>\n[Ano-modelo] 2014<br \/>\n[Combust\u00edvel] Flex\u00edvel<br \/>\n[Quilometragem atual] 5.000 km<br \/>\n[Tempo h\u00e1 que possui] At\u00e9 1 ano<\/p>\n<p>[Grau de satisfa\u00e7\u00e3o com o carro] Parcialmente satisfeito<br \/>\n[Grau de satisfa\u00e7\u00e3o com a rede de concession\u00e1rias] Parcialmente satisfeito<\/p>\n<p>[Estilo] 5<br \/>\n[Acabamento] 3<br \/>\n[Posi\u00e7\u00e3o de dirigir] 4<br \/>\n[Instrumentos] 3<br \/>\n[Itens de conveni\u00eancia] 4<br \/>\n[Espa\u00e7o interno] 5<br \/>\n[Capacidade de bagagem] 5<br \/>\n[Motor] 4<br \/>\n[Desempenho] 4<br \/>\n[Consumo] 3<br \/>\n[C\u00e2mbio] 5<br \/>\n[Freios] 5<br \/>\n[Suspens\u00e3o] 4<br \/>\n[Estabilidade] 4<br \/>\n[Seguran\u00e7a passiva] 4<br \/>\n[Custo-benef\u00edcio] 4<\/p>\n<p>[Principais aspectos positivos] Estilo, espa\u00e7o interno, versatilidade<\/p>\n<p>[Principais aspectos negativos] vidros n\u00e3o levantam ao toque, material inferior no forro dos bancos.<\/p>\n<p>[Defeitos apresentados] infiltra\u00e7\u00e3o de \u00e1gua do ar condicionado, motivado pelo mau posicionamento do dreno, com apenas 2000km. Carro levou 8 dias para reparo na concession\u00e1ria<\/p>\n<p>[Concession\u00e1rias] Na minha cidade tem uma concession\u00e1ria de bom atendimento: Brune; e outra de p\u00e9ssimo atendimento: Aurovia.<\/p>\n<p>[Coment\u00e1rios adicionais] Pena que a Renault n\u00e3o realize uma melhor pesquisa de satisfa\u00e7\u00e3o com seus cliente. Iria corrigir muita coisa, visando a qualidade de seus produtos.<\/p>\n<p>[Best Cars Web Site] Importante via de comunica\u00e7\u00e3o para os consumidores.<\/p>\n<p>[Data de publica\u00e7\u00e3o] 21\/3\/14<\/p>\n<p>\u2014<\/p>\n<p>[Nome] H\u00e9lder Quintino Maia<br \/>\n[Cidade] Belo Horizonte<br \/>\n[Estado] MG<\/p>\n<p>[Vers\u00e3o] 2.0 Automatico<br \/>\n[Ano-modelo] 2014<br \/>\n[Combust\u00edvel] Flex\u00edvel<br \/>\n[Quilometragem atual] 5.000 km<br \/>\n[Tempo h\u00e1 que possui] At\u00e9 1 ano<\/p>\n<p>[Grau de satisfa\u00e7\u00e3o com o carro] Muito satisfeito<br \/>\n[Grau de satisfa\u00e7\u00e3o com a rede de concession\u00e1rias] Parcialmente satisfeito<\/p>\n<p>[Estilo] 4<br \/>\n[Acabamento] 3<br \/>\n[Posi\u00e7\u00e3o de dirigir] 4<br \/>\n[Instrumentos] 3<br \/>\n[Itens de conveni\u00eancia] 3<br \/>\n[Espa\u00e7o interno] 5<br \/>\n[Capacidade de bagagem] 5<br \/>\n[Motor] 4<br \/>\n[Desempenho] 4<br \/>\n[Consumo] 3<br \/>\n[C\u00e2mbio] 4<br \/>\n[Freios] 4<br \/>\n[Suspens\u00e3o] 4<br \/>\n[Estabilidade] 4<br \/>\n[Seguran\u00e7a passiva] 3<br \/>\n[Custo-benef\u00edcio] 4<\/p>\n<p>[Principais aspectos positivos] O bom custo benef\u00edcio quando comparado aos concorrentes Ford Ecoesport e Chevrolet Tracker, o desempenho muito bom apesar do c\u00e2mbio autom\u00e1tico de apenas 4 marchas, bom conforto em viagens longas e, j\u00e1 foram duas com o total de 4.500 km.<\/p>\n<p>[Principais aspectos negativos] Acabamento para o pre\u00e7o do carro e alguns itens tais como: posicionamento dos interruptores dos vidros traseiros, do comando dos retrovisores, falta de um descan\u00e7a de bra\u00e7os de s\u00e9rie e a alta incid\u00eancia de reflexos solares nos mostradores do painel<\/p>\n<p>[Defeitos apresentados] N\u00e3o<\/p>\n<p>[Concession\u00e1rias] A Minasfrance Pampulha tem um P\u00c9SSIMO atendimento, a come\u00e7ar da gerente de vendas que n\u00e3o tem a m\u00ednima compet\u00eancia para ocupar o cargo.<br \/>\nAs demais concession\u00e1rias est\u00e3o na m\u00e9dia.<\/p>\n<p>[Coment\u00e1rios adicionais] Precisa melhorar o acabamento e corrigir alguns itens como posi\u00e7\u00e3o dos interruptores dos vidros traseiros, comando do retrovisor e a incid\u00eancia de reflexos solares nos mostradores do painel, instalar ESP e mais itens de seguran\u00e7a. Tamb\u00e9m ser\u00e1 interessante adotar um c\u00e2mbio autom\u00e1tico ou dupla embreagem de 6 marchas.<\/p>\n<p>[Best Cars Web Site] O Best Cars \u00e9 um dos melhores sites automotivos e esta se\u00e7\u00e3o \u00e9 de grande valia para quem quer adquirir um novo carro.<\/p>\n<p>[Data de publica\u00e7\u00e3o] 21\/3\/14<\/p>\n<p>\u2014<\/p>\n<p>[Nome] Daniel Costa<br \/>\n[Cidade] S\u00e3o Paulo<br \/>\n[Estado] SP<\/p>\n<p>[Vers\u00e3o] Tech road 2.0<br \/>\n[Ano-modelo] 2014<br \/>\n[Combust\u00edvel] Flex\u00edvel<br \/>\n[Quilometragem atual] 5.000 km<br \/>\n[Tempo h\u00e1 que possui] At\u00e9 1 ano<\/p>\n<p>[Grau de satisfa\u00e7\u00e3o com o carro] Muito satisfeito<br \/>\n[Grau de satisfa\u00e7\u00e3o com a rede de concession\u00e1rias] Muito satisfeito<\/p>\n<p>[Estilo] 5<br \/>\n[Acabamento] 3<br \/>\n[Posi\u00e7\u00e3o de dirigir] 5<br \/>\n[Instrumentos] 5<br \/>\n[Itens de conveni\u00eancia] 4<br \/>\n[Espa\u00e7o interno] 5<br \/>\n[Capacidade de bagagem] 5<br \/>\n[Motor] 5<br \/>\n[Desempenho] 5<br \/>\n[Consumo] 4<br \/>\n[C\u00e2mbio] 4<br \/>\n[Freios] 5<br \/>\n[Suspens\u00e3o] 5<br \/>\n[Estabilidade] 5<br \/>\n[Seguran\u00e7a passiva] 5<br \/>\n[Custo-benef\u00edcio] 4<\/p>\n<p>[Principais aspectos positivos] \u00d3timo para viajar, motor 2.0 que d\u00e1 e sobra na pista, \u00f3timo torque, boas arrancadas.<br \/>\nConsumo na estrada com gasolina 14 km\/L em 6\u00aa marcha a 110\/120 km, no Etanol foi a grande surpresa, 10,5 km\/L a 120 km\/h em uma<br \/>\nviagem SP\/Sul de Minas pela Fern\u00e3o Dias que \u00e9 sobe e desce, curva aqui e ali. Cabe tudo, tenho um filho de 4 meses, no porta malas foi um<br \/>\ncarrinho de 4 rodas, cadeirinha, malas e at\u00e9 um cachorro de porte m\u00e9dio (husky siberiano) sem problemas. No banco de tr\u00e1s v\u00e3o 3 adultos<br \/>\nsem aperto, no meu caso, 2 adultos + bebe conforto. Sistema NAV com boa qualidade de som, com controle no volante, vers\u00e3o Tec Road<br \/>\nvem completinha, vidro nas 4 coloquei modulo de subida, rodas de liga grafitadas, farol de neblina e etc. \u00d3timo cambio, engates precisos, a<br \/>\n6\u00aa marcha deixa o carro a 110 km\/h em 2500 rpm.<\/p>\n<p>[Principais aspectos negativos] Consumo na cidade muito ruim, n\u00e3o passa de 5 no etanol e nem de 8 na gasosa.<br \/>\nLocaliza\u00e7\u00e3o de regulagem dos retrovisores el\u00e9tricos realmente sem no\u00e7\u00e3o. Faltam itens de seguran\u00e7a, tais como 6 airbags, controle de<br \/>\nestabilidade, ESP e etc. Precisamos ter itens de seguran\u00e7a nos moldes da Europa e EUA<\/p>\n<p>[Defeitos apresentados] Por enquanto s\u00f3 alegria.<\/p>\n<p>[Concession\u00e1rias] Sempre tive GM, fui ver a Spin, levei meu corsinha para avalia\u00e7\u00e3o e avacalharam, atendimento ruim (<br \/>\nAnhanguera, Itacolomy e ABA ). Comprei essa Duster na Renault Itavema do Ceagesp, fui muito bem atendido e meu carro bem avaliado,<br \/>\nrecomendo vendedor Josias, foi atencioso e me fez um bom neg\u00f3cio. Espero que as revis\u00f5es sejam no mesmo perfil, se o p\u00f3s venda for<br \/>\nsemelhante, existe uma grande possibilidade em ficar na marca.<\/p>\n<p>[Coment\u00e1rios adicionais] Carro para quem quer espa\u00e7o. Visual mais arrojado tem Eco e Tracker, quem quer espa\u00e7o interno<br \/>\naliado a um bom conforto, bom motor, leva a Duster pra casa. Espero que daqui uns 3 ou 4 anos tenhamos motores turbos em todos os<br \/>\ncarros e combust\u00edveis de melhor qualidade. Precisamos de itens de seguran\u00e7a nos moldes da Europa, ser\u00e1 decisivo para uma futura troca.<\/p>\n<p>[Best Cars Web Site] \u00d3timo Site, s\u00e9rio. Textos e mat\u00e9rias interessantes, recomendo.<\/p>\n<p>[Data de publica\u00e7\u00e3o] 21\/2\/14<\/p>\n<p>\u2014<\/p>\n<p>[Nome] Paulo Ricardo Colpo Marques<br \/>\n[Cidade] Garib\u00e1ldi<br \/>\n[Estado] RS<\/p>\n<p>[Vers\u00e3o] Tech Road 1.6 16 V<br \/>\n[Ano-modelo] 2014<br \/>\n[Combust\u00edvel] Flex\u00edvel<br \/>\n[Quilometragem atual] 1.000 km<br \/>\n[Tempo h\u00e1 que possui] At\u00e9 1 ano<\/p>\n<p>[Grau de satisfa\u00e7\u00e3o com o carro] Insatisfeito<br \/>\n[Grau de satisfa\u00e7\u00e3o com a rede de concession\u00e1rias] Insatisfeito<\/p>\n<p>[Estilo] 4<br \/>\n[Acabamento] 3<br \/>\n[Posi\u00e7\u00e3o de dirigir] 5<br \/>\n[Instrumentos] 5<br \/>\n[Itens de conveni\u00eancia] 4<br \/>\n[Espa\u00e7o interno] 5<br \/>\n[Capacidade de bagagem] 5<br \/>\n[Motor] 4<br \/>\n[Desempenho] 4<br \/>\n[Consumo] 2<br \/>\n[C\u00e2mbio] 3<br \/>\n[Freios] 4<br \/>\n[Suspens\u00e3o] 4<br \/>\n[Estabilidade] 4<br \/>\n[Seguran\u00e7a passiva] 4<br \/>\n[Custo-benef\u00edcio] 3<\/p>\n<p>[Principais aspectos positivos] Espa\u00e7o Interno e altura do solo.<\/p>\n<p>[Principais aspectos negativos] Acabamento de soldas e chaparia n\u00e3o s\u00e3o bem acabados. As portas aproveitadas do Sandero ficam mal reguladas.<\/p>\n<p>[Defeitos apresentados] Ar condicionado estragou aos 920 KM em 23\/12\/2013.<\/p>\n<p>[Concession\u00e1rias] P\u00e9ssima.<\/p>\n<p>[Coment\u00e1rios adicionais] Aos 920 KM em 23\/12\/2013 estragou o ar condicionado da Duster em pleno ver\u00e3o. Falei com o SAC Renault e com a DRSUL de Caxias do Sul que me mandaram me virar, ou seja, fazer 70 KM at\u00e9 Florian\u00f3polis para consertar a Duster em plena temporada de veraneio com a BR 101 completamente congestionada pagando Ped\u00e1gio. Liguei para uma Concession\u00e1ria que disse parecer ser um problema grande e que a Duster por certo teria que ficar mais de 2 dias na Oficina.<br \/>\nPerguntei como eu sairia de Floripa para a cidade onde estou veraniando e disseram que o deslocamento era por minha conta. Pedi um carro usado ou de Test Drive emprestado para poder viajar e me negaram. Este \u00e9 o P\u00f3s-Venda Renault. Paga-se caro pelo seus ve\u00edculos que pela 2\u00aa vez, no meu caso, vem com defeito mec\u00e2nico e de f\u00e1brica.<br \/>\nEm 2009 comprei na mesma DRSUL um Stepway Pack Top que aos 6.000 Km teve a embreagem com defeito e briguei 2 anos e 11 meses para que a consertassem sendo que o Stepway nunca mais foi o mesmo de 0 km. Acabei frustrado e trocando o Stepway pela Duster que j\u00e1 est\u00e1 incomodando e eu at\u00e9 estava gostando da Duster. Continuo sem ar condicionado com todo este calor abrasivo, inclusive ela est\u00e1 com 1.006 KM e nem sai mais da garagem pois me desgostei da Renault.<\/p>\n<p>[Best Cars Web Site] H\u00e1 muitos anos acompanho o Best Cars e j\u00e1 postei v\u00e1rias opini\u00f5es sobre meus carros e motos e continuo afirmando tratar-se de fidedigna fonte de informa\u00e7\u00e3o e pesquisa.<\/p>\n<p>[Data de publica\u00e7\u00e3o] 7\/2\/14<\/p>\n<p>\u2014<\/p>\n<p>[Nome] JOSE DANILO DE ARAUJO<br \/>\n[Cidade] FORTALEZA<br \/>\n[Estado] CE<\/p>\n<p>[Vers\u00e3o] 2.0 mec\u00e2nico<br \/>\n[Ano-modelo] 2014<br \/>\n[Combust\u00edvel] Flex\u00edvel<br \/>\n[Quilometragem atual] 5.000 km<br \/>\n[Tempo h\u00e1 que possui] At\u00e9 1 ano<\/p>\n<p>[Grau de satisfa\u00e7\u00e3o com o carro] Muito satisfeito<br \/>\n[Grau de satisfa\u00e7\u00e3o com a rede de concession\u00e1rias] Muito satisfeito<\/p>\n<p>[Estilo] 5<br \/>\n[Acabamento] 4<br \/>\n[Posi\u00e7\u00e3o de dirigir] 5<br \/>\n[Instrumentos] 4<br \/>\n[Itens de conveni\u00eancia] 4<br \/>\n[Espa\u00e7o interno] 5<br \/>\n[Capacidade de bagagem] 5<br \/>\n[Motor] 5<br \/>\n[Desempenho] 4<br \/>\n[Consumo] 4<br \/>\n[C\u00e2mbio] 5<br \/>\n[Freios] 4<br \/>\n[Suspens\u00e3o] 4<br \/>\n[Estabilidade] 5<br \/>\n[Seguran\u00e7a passiva] 4<br \/>\n[Custo-benef\u00edcio] 5<\/p>\n<p>[Principais aspectos positivos] posi\u00e7\u00e3o de dirigir, visibilidade, espa\u00e7o interno, motor valente, estabilidade e seguran\u00e7a na estrada. Cabine muito silenciosa. Instrumentos do painel simples e objetivos.<\/p>\n<p>[Principais aspectos negativos] tenho lido que algumas pessoas colocam como defeito o fato do ajuste dos retrovisores ficarem embaixo do freio de m\u00e3o, acredito que seja de proposito que a Renault colocou ele ali pois retrovisor tem que ser regulado com o carro parado ai o freio de m\u00e3o esta puxado e o bot\u00e3o de ajuste esta liberado. Acho que nas pr\u00f3ximas vers\u00f5es deveriam colocar ledes nos bot\u00f5es dos vidros el\u00e9tricos pois a noite \u00e9 escuro demais para acion\u00e1-los.<\/p>\n<p>[Defeitos apresentados] at\u00e9 agora nenhum defeito.<\/p>\n<p>[Concession\u00e1rias] A concession\u00e1ria jangada de fortaleza \u00e9 muito competente no atendimento ao cliente.<\/p>\n<p>[Coment\u00e1rios adicionais] estou muito satisfeito com o carro principalmente no quesito economia de combust\u00edvel, um 2.0 fazer 12,7km na estrada numa velocidade de 110km com 50% de ar ligado, levando em conta que depois que o motor estiver amaciado vai melhorar ainda mais. O custo beneficio \u00e9 muito bom. Fa\u00e7a um teste driver e tire suas d\u00favidas.<\/p>\n<p>[Best Cars Web Site] todos os carros que adquiri, antes passei aqui por estes coment\u00e1rios para me informar melhor. Uma excelente fonte de pesquisa.<\/p>\n<p>[Data de publica\u00e7\u00e3o] 10\/1\/14<\/p>\n<p>\u2014<\/p>\n<p>[Nome] Reinaldo<br \/>\n[Cidade] Florian\u00f3polis<br \/>\n[Estado] SC<\/p>\n<p>[Vers\u00e3o] 1,6 16V Tech Road<br \/>\n[Ano-modelo] 2014<br \/>\n[Combust\u00edvel] Flex\u00edvel<br \/>\n[Quilometragem atual] 1.000 km<br \/>\n[Tempo h\u00e1 que possui] At\u00e9 1 ano<\/p>\n<p>[Grau de satisfa\u00e7\u00e3o com o carro] Muito satisfeito<br \/>\n[Grau de satisfa\u00e7\u00e3o com a rede de concession\u00e1rias] Muito satisfeito<\/p>\n<p>[Estilo] 5<br \/>\n[Acabamento] 5<br \/>\n[Posi\u00e7\u00e3o de dirigir] 5<br \/>\n[Instrumentos] 5<br \/>\n[Itens de conveni\u00eancia] 4<br \/>\n[Espa\u00e7o interno] 5<br \/>\n[Capacidade de bagagem] &#8211;<br \/>\n[Motor] 5<br \/>\n[Desempenho] &#8211;<br \/>\n[Consumo] 4<br \/>\n[C\u00e2mbio] 4<br \/>\n[Freios] 5<br \/>\n[Suspens\u00e3o] 5<br \/>\n[Estabilidade] 4<br \/>\n[Seguran\u00e7a passiva] 4<br \/>\n[Custo-benef\u00edcio] 5<\/p>\n<p>[Principais aspectos positivos] Espa\u00e7o, visibilidade, dirigibilidade, manuten\u00e7\u00e3o, estilo.<\/p>\n<p>[Principais aspectos negativos] Posi\u00e7\u00e3o do estepe e o tapa bagageiro muito flex\u00edvel.<\/p>\n<p>[Defeitos apresentados] Sim. Ao tirar da loja j\u00e1 vimos uma coifa rasgada jogando graxa na roda e marcamos para o dia seguinte o retorno para trocar todo o conjunto.<\/p>\n<p>[Concession\u00e1rias] Automega de Florian\u00f3polis nota 10. Fora de s\u00e9rie. Servi\u00e7o perfeito.<\/p>\n<p>[Coment\u00e1rios adicionais] Gostei, gosto e recomendo. \u00c9 um belo carro, f\u00e1cil de manobrar e de visibilidade nota 10.<\/p>\n<p>[Best Cars Web Site] Comentar sobre voc\u00eas? N\u00e3o tem mais o que dizer de bom. J\u00e1 est\u00e3o na nota m\u00e1xima h\u00e1 muito tempo&#8230;<\/p>\n<p>[Data de publica\u00e7\u00e3o] 29\/11\/13<\/p>\n<p>\u2014<\/p>\n<p>[Nome] franklin Herbert de Melo Leandro<br \/>\n[Cidade] Bras\u00edlia<br \/>\n[Estado] DF<\/p>\n<p>[Vers\u00e3o] TECH ROAD<br \/>\n[Ano-modelo] 2014<br \/>\n[Combust\u00edvel] Flex\u00edvel<br \/>\n[Quilometragem atual] 5.000 km<br \/>\n[Tempo h\u00e1 que possui] At\u00e9 1 ano<\/p>\n<p>[Grau de satisfa\u00e7\u00e3o com o carro] Parcialmente satisfeito<br \/>\n[Grau de satisfa\u00e7\u00e3o com a rede de concession\u00e1rias] Parcialmente satisfeito<\/p>\n<p>[Estilo] 4<br \/>\n[Acabamento] 3<br \/>\n[Posi\u00e7\u00e3o de dirigir] 4<br \/>\n[Instrumentos] 4<br \/>\n[Itens de conveni\u00eancia] 4<br \/>\n[Espa\u00e7o interno] 5<br \/>\n[Capacidade de bagagem] 5<br \/>\n[Motor] 5<br \/>\n[Desempenho] 5<br \/>\n[Consumo] 4<br \/>\n[C\u00e2mbio] 5<br \/>\n[Freios] 4<br \/>\n[Suspens\u00e3o] 4<br \/>\n[Estabilidade] 4<br \/>\n[Seguran\u00e7a passiva] 4<br \/>\n[Custo-benef\u00edcio] 4<\/p>\n<p>[Principais aspectos positivos] O seu desenho, seu desempenho, engate das marchas, boa visibilidade.<\/p>\n<p>[Principais aspectos negativos] O acabamento interno deixa a desejar, as luzes do teto s\u00e3o pequenas, o controle dos retrovisores el\u00e9tricos s\u00e3o debaixo da alavanca do freio de m\u00e3o, n\u00e3o abre somente o vidro traseiro do porta malas, n\u00e3o tem apoio de bra\u00e7o ente os bancos dianteiros, n\u00e3o tem ilumina\u00e7\u00e3o noturna dos bot\u00f5es dos vidros el\u00e9tricos, o estepe fica embaixo do carro e poderia ser dentro do porta malas, os bancos n\u00e3o s\u00e3o muito confort\u00e1veis.<\/p>\n<p>[Defeitos apresentados] n\u00e3o.<\/p>\n<p>[Coment\u00e1rios adicionais] Pelo pre\u00e7o cobrado de R$ 59.000,00 a RENAULT poderia ter um cuidado melhor e oferecer um produto bem mais elaborado. Se comparado com a TUKSON o acabamento deixa muito a desejar. O cambio autom\u00e1tico s\u00f3 tem quatro marchas e poderia ser de cinco ou seis marchas. Que tal colocar o motor e o cambio do FLUENCE na DUSTER.<\/p>\n<p>[Best Cars Web Site] \u00c9 muito importante para o consumidor avaliar a compra do seu autom\u00f3vel.<\/p>\n<p>[Data de publica\u00e7\u00e3o] 29\/11\/13<\/p>\n<p>&nbsp;<\/p>\n","protected":false},"excerpt":{"rendered":"<p>Leia opini\u00f5es de propriet\u00e1rios e envie a sua<\/p>\n","protected":false},"author":6,"featured_media":66391,"comment_status":"open","ping_status":"closed","sticky":false,"template":"","format":"standard","meta":{"_joinchat":[],"footnotes":""},"categories":[1301],"tags":[391,451,1533,1532,1531,1275,70,1274,349],"class_list":["post-3462","post","type-post","status-publish","format-standard","has-post-thumbnail","hentry","category-teste-do-leitor-renault","tag-4x4","tag-duster","tag-duster-4wd","tag-duster-dynamique","tag-duster-expression","tag-opiniao-de-proprietarios","tag-renault","tag-teste-do-leitor","tag-utilitario-esporte"],"amp_enabled":true,"_links":{"self":[{"href":"https:\/\/autolivraria.com.br\/bc\/wp-json\/wp\/v2\/posts\/3462","targetHints":{"allow":["GET"]}}],"collection":[{"href":"https:\/\/autolivraria.com.br\/bc\/wp-json\/wp\/v2\/posts"}],"about":[{"href":"https:\/\/autolivraria.com.br\/bc\/wp-json\/wp\/v2\/types\/post"}],"author":[{"embeddable":true,"href":"https:\/\/autolivraria.com.br\/bc\/wp-json\/wp\/v2\/users\/6"}],"replies":[{"embeddable":true,"href":"https:\/\/autolivraria.com.br\/bc\/wp-json\/wp\/v2\/comments?post=3462"}],"version-history":[{"count":0,"href":"https:\/\/autolivraria.com.br\/bc\/wp-json\/wp\/v2\/posts\/3462\/revisions"}],"wp:featuredmedia":[{"embeddable":true,"href":"https:\/\/autolivraria.com.br\/bc\/wp-json\/wp\/v2\/media\/66391"}],"wp:attachment":[{"href":"https:\/\/autolivraria.com.br\/bc\/wp-json\/wp\/v2\/media?parent=3462"}],"wp:term":[{"taxonomy":"category","embeddable":true,"href":"https:\/\/autolivraria.com.br\/bc\/wp-json\/wp\/v2\/categories?post=3462"},{"taxonomy":"post_tag","embeddable":true,"href":"https:\/\/autolivraria.com.br\/bc\/wp-json\/wp\/v2\/tags?post=3462"}],"curies":[{"name":"wp","href":"https:\/\/api.w.org\/{rel}","templated":true}]}}