{"id":3626,"date":"2020-10-02T00:06:10","date_gmt":"2020-10-02T03:06:10","guid":{"rendered":"http:\/\/bestcars.uol.com.br\/bc\/?p=3626"},"modified":"2020-10-02T13:41:54","modified_gmt":"2020-10-02T16:41:54","slug":"volvo-s60-ambas-as-geracoes","status":"publish","type":"post","link":"https:\/\/autolivraria.com.br\/bc\/participe\/opinioes-proprietarios\/teste-do-leitor-volvo\/volvo-s60-ambas-as-geracoes\/","title":{"rendered":"Volvo S60 e V60 (todas as gera\u00e7\u00f5es)"},"content":{"rendered":"<p><img fetchpriority=\"high\" decoding=\"async\" width=\"696\" height=\"464\" class=\"aligncenter size-large wp-image-106233\" src=\"https:\/\/autolivraria.com.br\/bc\/wp-content\/uploads\/2019\/08\/Volvo-S60-01-696x464.jpg\" alt=\"\" srcset=\"https:\/\/autolivraria.com.br\/bc\/wp-content\/uploads\/2019\/08\/Volvo-S60-01-696x464.jpg 696w, https:\/\/autolivraria.com.br\/bc\/wp-content\/uploads\/2019\/08\/Volvo-S60-01-340x227.jpg 340w, https:\/\/autolivraria.com.br\/bc\/wp-content\/uploads\/2019\/08\/Volvo-S60-01-630x420.jpg 630w, https:\/\/autolivraria.com.br\/bc\/wp-content\/uploads\/2019\/08\/Volvo-S60-01-222x148.jpg 222w, https:\/\/autolivraria.com.br\/bc\/wp-content\/uploads\/2019\/08\/Volvo-S60-01.jpg 1280w\" sizes=\"(max-width: 696px) 100vw, 696px\" \/><\/p>\n<p><img decoding=\"async\" class=\"aligncenter size-full wp-image-117191 lazyload\" data-src=\"https:\/\/autolivraria.com.br\/bc\/wp-content\/uploads\/2020\/08\/ponto-branco-2.jpg\" alt=\"\" width=\"2\" height=\"20\" src=\"data:image\/svg+xml;base64,PHN2ZyB3aWR0aD0iMSIgaGVpZ2h0PSIxIiB4bWxucz0iaHR0cDovL3d3dy53My5vcmcvMjAwMC9zdmciPjwvc3ZnPg==\" style=\"--smush-placeholder-width: 2px; --smush-placeholder-aspect-ratio: 2\/20;\" \/><\/p>\n<table border=\"0\">\n<tbody>\n<tr>\n<td><\/td>\n<\/tr>\n<\/tbody>\n<\/table>\n<p><img decoding=\"async\" class=\"aligncenter size-full wp-image-117191 lazyload\" data-src=\"https:\/\/autolivraria.com.br\/bc\/wp-content\/uploads\/2020\/08\/ponto-branco-2.jpg\" alt=\"\" width=\"2\" height=\"20\" src=\"data:image\/svg+xml;base64,PHN2ZyB3aWR0aD0iMSIgaGVpZ2h0PSIxIiB4bWxucz0iaHR0cDovL3d3dy53My5vcmcvMjAwMC9zdmciPjwvc3ZnPg==\" style=\"--smush-placeholder-width: 2px; --smush-placeholder-aspect-ratio: 2\/20;\" \/><\/p>\n<p>[Nome] Ricardo Mahle<br \/>\n[Cidade] S\u00e3o Paulo<br \/>\n[Estado] SP<\/p>\n<p>[Modelo] Volvo S60<br \/>\n[Vers\u00e3o] T8 R-Design<br \/>\n[Motor] Gasolina e el\u00e9trico Turbo T8<br \/>\n[Ano-modelo] 2020<br \/>\n[Quilometragem atual] 10.000 km<br \/>\n[Combust\u00edvel] H\u00edbrido<br \/>\n[Tempo h\u00e1 que possui] At\u00e9 1 ano<\/p>\n<p>[Grau de satisfa\u00e7\u00e3o com o carro] Parcialmente satisfeito(a)<br \/>\n[Grau de satisfa\u00e7\u00e3o com a rede de concession\u00e1rias] Parcialmente satisfeito(a)<\/p>\n<p>[Estilo] 5<br \/>\n[Acabamento] 5<br \/>\n[Posi\u00e7\u00e3o de dirigir] 5<br \/>\n[Instrumentos] 5<br \/>\n[Itens de conveni\u00eancia] 4<br \/>\n[Espa\u00e7o interno] 4<br \/>\n[Capacidade de bagagem] 4<br \/>\n[Motor] 5<br \/>\n[Desempenho] 4<br \/>\n[Consumo] 4<br \/>\n[C\u00e2mbio] 4<br \/>\n[Freios] 5<br \/>\n[Suspens\u00e3o] 5<br \/>\n[Estabilidade] 5<br \/>\n[Seguran\u00e7a passiva] 5<br \/>\n[Custo-benef\u00edcio] 4<\/p>\n<p>[Principais aspectos positivos] O design ficou muito atraente e chamativo nesta vers\u00e3o nova do sed\u00e3, especialmente na cor vermelha. A ergonomia \u00e9 muito superior aos rivais alem\u00e3es. Extremamente silencioso no modo el\u00e9trico (em qualquer piso). Muito confort\u00e1vel.<\/p>\n<p>[Principais aspectos negativos] N\u00e3o tem refrigera\u00e7\u00e3o\/ventila\u00e7\u00e3o e aquecimento dos bancos (s\u00f3 a vers\u00e3o intermedi\u00e1ria tem). N\u00e3o \u00e9 t\u00e3o econ\u00f4mico nem t\u00e3o veloz quanto dizem. O fato do carro fazer muita coisa sozinho, muitas vezes interferindo de modo invasivo na maneira de condu\u00e7\u00e3o do motorista n\u00e3o \u00e9 muito agrad\u00e1vel. Digamos que eu prefira ter o controle sobre o ve\u00edculo e n\u00e3o o oposto. Tr\u00eas horas para carregar completamente a bateria \u00e9 muito tempo.<\/p>\n<p>[Defeitos apresentados] Sensor de abertura com o p\u00e9 do porta-malas, bot\u00e3o de abertura interno do porta-malas, uma luz espia indicando que havia algo errado no motor (era apenas o combust\u00edvel porque o tanque estava praticamente vazio quando peguei o carro; ap\u00f3s abastecer a luz acendeu). O carro \u00e9 t\u00e3o sofisticado que qualquer coisa, por menor que seja, sou obrigado a ir a uma concession\u00e1ria pass\u00e1-lo em um scanner para saber qual \u00e9 o problema que tem.<\/p>\n<p>[Concession\u00e1rias] Na hora da compra \u00e9 tudo muito bom, mas depois de efetuada a venda&#8230;prefiro n\u00e3o comentar. Ao menos corrigiram os problemas depois j\u00e1 que n\u00e3o se deram ao trabalho de efetuar uma boa revis\u00e3o antes de me entregar o carro. J\u00e1 o atendimento do &#8220;Volvo On Call&#8221; \u00e9 bem ruim. Fui obrigado a j\u00e1 test\u00e1-lo dois dias ap\u00f3s a compra do ve\u00edculo.<\/p>\n<p>[Coment\u00e1rios adicionais] O porta-malas relativamente pequeno (em raz\u00e3o das baterias) n\u00e3o me incomoda. A garantia das baterias \u00e9 de cinco anos ( a Volvo n\u00e3o \u00e9 t\u00e3o generosa quanto a Ford e a Toyota neste quesito). O carro tem garantia de dois anos (no meu caso um ano s\u00f3 porque o comprei j\u00e1 com um ano de uso e a devida desvaloriza\u00e7\u00e3o). No geral esperava mais do carro.<\/p>\n<p>[Best Cars] F\u00e3 do site &#8220;Best Cars&#8221; desde o final dos anos 90. Esta se\u00e7\u00e3o \u00e9 excelente refer\u00eancia para quem quer comprar\/trocar um ve\u00edculo.<\/p>\n<p>[Data de publica\u00e7\u00e3o] 2\/10\/20<\/p>\n<p>\u2014<\/p>\n<div class='code-block code-block-7' style='margin: 28px auto; text-align: center; display: block; clear: both;'>\n<script async src=\"https:\/\/pagead2.googlesyndication.com\/pagead\/js\/adsbygoogle.js\"><\/script>\n<!-- AL-quadrado -->\n<ins class=\"adsbygoogle\"\n     style=\"display:block\"\n     data-ad-client=\"ca-pub-1914799802606213\"\n     data-ad-slot=\"5683066082\"\n     data-ad-format=\"auto\"\n     data-full-width-responsive=\"true\"><\/ins>\n<script>\n     (adsbygoogle = window.adsbygoogle || []).push({});\n<\/script><\/div>\n\n<p>\u2014<\/p>\n<p>[Nome] Tadeu Raymon<br \/>\n[Cidade] Brasilia<br \/>\n[Estado] DF<\/p>\n<p>[Vers\u00e3o] Sed\u00e3<br \/>\n[Motor] 2.0 Turbo<br \/>\n[Ano-modelo] 2016<br \/>\n[Quilometragem atual] 15.000 km<br \/>\n[Combust\u00edvel] Gasolina<br \/>\n[Tempo h\u00e1 que possui] At\u00e9 1 ano<\/p>\n<p>[Grau de satisfa\u00e7\u00e3o com o carro] Muito satisfeito(a)<br \/>\n[Grau de satisfa\u00e7\u00e3o com a rede de concession\u00e1rias] Muito satisfeito(a)<\/p>\n<p>[Estilo] 4<br \/>\n[Acabamento] 5<br \/>\n[Posi\u00e7\u00e3o de dirigir] 5<br \/>\n[Instrumentos] 4<br \/>\n[Itens de conveni\u00eancia] 4<br \/>\n[Espa\u00e7o interno] 5<br \/>\n[Capacidade de bagagem] 3<br \/>\n[Motor] 5<br \/>\n[Desempenho] 5<br \/>\n[Consumo] 5<br \/>\n[C\u00e2mbio] 5<br \/>\n[Freios] 5<br \/>\n[Suspens\u00e3o] 5<br \/>\n[Estabilidade] 5<br \/>\n[Seguran\u00e7a passiva] 5<br \/>\n[Custo-benef\u00edcio] 5<\/p>\n<p>[Principais aspectos positivos] Seguran\u00e7a \u00e9 sin\u00f4nimo de Volvo, motor 2.0 de 245 cv e c\u00e2mbio de 08 marchas muito r\u00e1pido, bancos tem o melhor encaixe dos premium, o couro \u00e9 genu\u00edno, o carro tem internet pr\u00f3pria, permite ouvir m\u00fasica de r\u00e1dios no mundo todo, informa\u00e7\u00f5es do tr\u00e2nsito e clima. O motor est\u00e1 um degrau superior aos dos demais ve\u00edculos premium da sua categoria, ainda tem o aplicativo da Volvo que permite ligar, desligar, ter informa\u00e7\u00f5es do ve\u00edculo, travar e abrir portas de qualquer lugar do mundo, al\u00e9m do Volvo on call.<\/p>\n<p>[Principais aspectos negativos] Nada<\/p>\n<p>[Defeitos apresentados] N\u00e3o<\/p>\n<p>[Concession\u00e1rias] Pequena, mas muito boa e r\u00e1pida.<\/p>\n<p>[Best Cars] Acompanho desde 1998, portanto, gosto muito.<\/p>\n<p>[Data de publica\u00e7\u00e3o] 24\/2\/17<\/p>\n<p>\u2014<\/p>\n<div class='code-block code-block-3' style='margin: 8px 0; clear: both;'>\n<script async src=\"https:\/\/pagead2.googlesyndication.com\/pagead\/js\/adsbygoogle.js\"><\/script>\n<!-- AL-quadrado -->\n<ins class=\"adsbygoogle\"\n     style=\"display:block\"\n     data-ad-client=\"ca-pub-1914799802606213\"\n     data-ad-slot=\"5683066082\"\n     data-ad-format=\"auto\"\n     data-full-width-responsive=\"true\"><\/ins>\n<script>\n     (adsbygoogle = window.adsbygoogle || []).push({});\n<\/script><\/div>\n\n\n<p>[Nome] Ricardo Vasconcellos<br \/>\n[Cidade] Rio de Janeiro<br \/>\n[Estado] RJ<\/p>\n<p>[Vers\u00e3o] V60 T5 Momentum<br \/>\n[Motor] 2.0 turbo<br \/>\n[Ano-modelo] 2015<br \/>\n[Quilometragem atual] 5.000 km<br \/>\n[Combust\u00edvel] Gasolina<br \/>\n[Tempo h\u00e1 que possui] At\u00e9 1 ano<\/p>\n<p>[Grau de satisfa\u00e7\u00e3o com o carro] Muito satisfeito(a)<br \/>\n[Grau de satisfa\u00e7\u00e3o com a rede de concession\u00e1rias] Muito satisfeito(a)<\/p>\n<p>[Estilo] 5<br \/>\n[Acabamento] 5<br \/>\n[Posi\u00e7\u00e3o de dirigir] 5<br \/>\n[Instrumentos] 5<br \/>\n[Itens de conveni\u00eancia] 5<br \/>\n[Espa\u00e7o interno] 5<br \/>\n[Capacidade de bagagem] 4<br \/>\n[Motor] 5<br \/>\n[Desempenho] 5<br \/>\n[Consumo] 4<br \/>\n[C\u00e2mbio] 5<br \/>\n[Freios] 5<br \/>\n[Suspens\u00e3o] 5<br \/>\n[Estabilidade] 5<br \/>\n[Seguran\u00e7a passiva] 5<br \/>\n[Custo-benef\u00edcio] 5<\/p>\n<p>[Principais aspectos positivos] O carro \u00e9 maravilhoso e a op\u00e7\u00e3o Momentum tem custo-benef\u00edcio imbat\u00edvel!<\/p>\n<p>[Principais aspectos negativos] Apenas o bagageiro poderia ser um pouco maior<\/p>\n<p>[Defeitos apresentados] N\u00e3o<\/p>\n<p>[Concession\u00e1rias] Muito boa<\/p>\n<p>[Best Cars] Muito boa a oportunidade do leitor se manifestar. Best Car \u00e9 show<\/p>\n<p>[Data de publica\u00e7\u00e3o] 14\/8\/15<\/p>\n<p>&#8212;<\/p>\n<p>[Nome] Willian Juliani<br \/>\n[Cidade] Bras\u00edlia<br \/>\n[Estado] DF<\/p>\n<p>[Vers\u00e3o] T5<br \/>\n[Ano-modelo] 2011<br \/>\n[Combust\u00edvel] Gasolina<br \/>\n[Quilometragem atual] 30.000 km<br \/>\n[Tempo h\u00e1 que possui] At\u00e9 1 ano<\/p>\n<p>[Grau de satisfa\u00e7\u00e3o com o carro] Muito satisfeito<br \/>\n[Grau de satisfa\u00e7\u00e3o com a rede de concession\u00e1rias] Insatisfeito<\/p>\n<p>[Estilo] 4<br \/>\n[Acabamento] 4<br \/>\n[Posi\u00e7\u00e3o de dirigir] 4<br \/>\n[Instrumentos] 5<br \/>\n[Itens de conveni\u00eancia] 3<br \/>\n[Espa\u00e7o interno] 3<br \/>\n[Capacidade de bagagem] 4<br \/>\n[Motor] 5<br \/>\n[Desempenho] 4<br \/>\n[Consumo] 3<br \/>\n[C\u00e2mbio] 3<br \/>\n[Freios] 5<br \/>\n[Suspens\u00e3o] 4<br \/>\n[Estabilidade] 4<br \/>\n[Seguran\u00e7a passiva] 5<br \/>\n[Custo-benef\u00edcio] 5<\/p>\n<p>[Principais aspectos positivos] Seguran\u00e7a !Especialmente o sistema de frangem autom\u00e1tica de emerg\u00eancia e o piloto autom\u00e1tico que reduz e aumenta a velocidade conforme o ve\u00edculo da frente se comporta. J\u00e1 tive MB e BMW e o acabamento da Volvo \u00e9 , sem d\u00favida muito superior. O consumo em estrada \u00e9 \u00f3timo, em torno de 10km\/l a 140km\/h no piloto autom\u00e1tico.<\/p>\n<p>[Principais aspectos negativos] Pe\u00e7as e manuten\u00e7\u00e3o RIDICULAMENTE CARAS e espa\u00e7o traseiro deixa a desejar para 5 adultos.N\u00e3o vem com estepe e os pneus n\u00e3o s\u00e3o run flat!O ex-propiet\u00e1rio ficou duas vezes na estrada com pneu rasgado. Sinto falta de uma posi\u00e7\u00e3o SPORT no c\u00e2mbio. Consumo na cidade : 7,5km\/l na m\u00e9dia<\/p>\n<p>[Defeitos apresentados] N\u00e3o.<\/p>\n<p>[Concession\u00e1rias] Atendimento na redes abaixo do padr\u00e3o que estou acostumado de outras marcas premium, pe\u00e7as absurdamente caras. \u00c9 um abuso cobrar 100R$ em UM LITRO de \u00f3leo e 850R5 em um pneu que \u00e9 vendido por 500R$ fora da concession\u00e1ria. Se a manuten\u00e7\u00e3o, pe\u00e7as e seguro fossem mais baratos eu jamais sairia da Volvo. Ja fui propriet\u00e1rio de BMW, Mercedes-Benz, AUDI,Land Rover e Porsches , mas como carro \u00e9 o melhor que j\u00e1 tive. Infelizmente a representa\u00e7\u00e3o da VOLVO no Brasil \u00e9 vergonhosa.<\/p>\n<p>[Coment\u00e1rios adicionais] Na Europa o seguro dos Volvo \u00e9 mais barato que e m\u00e9dia devido ao itens de seguran\u00e7a ,em especial ao sistema de frenagem,mas como vivemos num pa\u00eds que as coisas funcionam de cabe\u00e7a pra baixo, pelas minhas contas o seguro dele \u00e9 de 30-40% mais caro que os concorrentes. Culpa da rede VOLVO que pratica pre\u00e7o completamente fora da realidade nas pe\u00e7as dos carros tornando reparos simples como bridas rotineiras em cidade extremamente caros. Outro ponto importante \u00e9 a rela\u00e7\u00e3o custoxbenef\u00edcio: Um volvo T5 R-Design com 240cv custa hoje 155.000R$ enquanto uma BMW com a mesma pot\u00eancia e uma MB de pot\u00eancia inferior custam 189.000 e 181.000 respectivamente.<\/p>\n<p>[Best Cars Web Site] Acompanho desde 1999 com acessos quase di\u00e1rios. Sem d\u00favida o melhor e imparcial da internet brasileira, PARAB\u00c9NS!!!<\/p>\n<p>[Data de publica\u00e7\u00e3o] 26\/9\/14<\/p>\n<p>\u2014<\/p>\n<p>[Nome] S\u00e9rgio Mombergue<br \/>\n[Cidade] PPE<br \/>\n[Estado] SP<br \/>\n[E-mail] mombergue@hotmail.com<\/p>\n<p>[Vers\u00e3o] 2.3 T5<br \/>\n[Ano-modelo] 2001<br \/>\n[Combust\u00edvel] Gasolina<br \/>\n[Quilometragem atual] 70.000 km<br \/>\n[Tempo h\u00e1 que possui] At\u00e9 1 ano<\/p>\n<p>[Grau de satisfa\u00e7\u00e3o com o carro] Muito satisfeito<br \/>\n[Grau de satisfa\u00e7\u00e3o com a rede de concession\u00e1rias] N\u00e3o utilizo<\/p>\n<p>[Estilo] 5<br \/>\n[Acabamento] 5<br \/>\n[Posi\u00e7\u00e3o de dirigir] 5<br \/>\n[Instrumentos] 5<br \/>\n[Itens de conveni\u00eancia] 4<br \/>\n[Espa\u00e7o interno] 4<br \/>\n[Capacidade de bagagem] 5<br \/>\n[Motor] 5<br \/>\n[Desempenho] 5<br \/>\n[Consumo] 3<br \/>\n[C\u00e2mbio] 5<br \/>\n[Freios] 5<br \/>\n[Suspens\u00e3o] 4<br \/>\n[Estabilidade] 5<br \/>\n[Seguran\u00e7a passiva] 5<br \/>\n[Custo-benef\u00edcio] 5<\/p>\n<p>[Principais aspectos positivos] Design, estilo, pot\u00eancia, seguran\u00e7a, confiabilidade, prazer em dirigir. \u00c9 um Volvo, portanto dispensa maiores coment\u00e1rios. Dentre v\u00e1rias op\u00e7\u00f5es de usados, comprei o S60 porque o modelo s\u00f3 mudou este ano (2010). Basicamente era o mesmo at\u00e9 ontem (2009). O carro tem personalidade e por onde passa provoca coment\u00e1rios, tem &#8220;glamour&#8221;. \u00c9 bem legal ter um carro destes. Estou satisfeito.<\/p>\n<p>[Principais aspectos negativos] Bom, isso deve ser unanimidade, a malfadada manuten\u00e7\u00e3o em concession\u00e1rias \u00e9 praticamente imposs\u00edvel, a ultima revis\u00e3o do meu numa concession\u00e1ria de SP ficou em 7.000 lascas. Pre\u00e7os abusivos. Entretanto se consegue tudo l\u00e1 fora, EUA e Europa, tendo um outro carro vc n\u00e3o passa apertado.<\/p>\n<p>[Defeitos apresentados] n\u00e3o.<\/p>\n<p>[Best Cars Web Site] BestCars em especial esta sess\u00e3o j\u00e1 me livrou de entrar em frias bem como me ajudou a escolher os carros que me deram muita satisfa\u00e7\u00e3o e se encaixaram bem no meu perfil. Entrei em carros como o Volvo com risco previsto. Muito bom site.<\/p>\n<p>[Data de publica\u00e7\u00e3o] 13\/2\/10<\/p>\n","protected":false},"excerpt":{"rendered":"<p>Leia opini\u00f5es de propriet\u00e1rios e envie a sua<\/p>\n","protected":false},"author":6,"featured_media":106233,"comment_status":"closed","ping_status":"closed","sticky":false,"template":"","format":"standard","meta":{"_joinchat":[],"footnotes":""},"categories":[1311],"tags":[1275,931,1274,2044,68],"class_list":["post-3626","post","type-post","status-publish","format-standard","has-post-thumbnail","hentry","category-teste-do-leitor-volvo","tag-opiniao-de-proprietarios","tag-s60","tag-teste-do-leitor","tag-v60","tag-volvo"],"amp_enabled":true,"_links":{"self":[{"href":"https:\/\/autolivraria.com.br\/bc\/wp-json\/wp\/v2\/posts\/3626","targetHints":{"allow":["GET"]}}],"collection":[{"href":"https:\/\/autolivraria.com.br\/bc\/wp-json\/wp\/v2\/posts"}],"about":[{"href":"https:\/\/autolivraria.com.br\/bc\/wp-json\/wp\/v2\/types\/post"}],"author":[{"embeddable":true,"href":"https:\/\/autolivraria.com.br\/bc\/wp-json\/wp\/v2\/users\/6"}],"replies":[{"embeddable":true,"href":"https:\/\/autolivraria.com.br\/bc\/wp-json\/wp\/v2\/comments?post=3626"}],"version-history":[{"count":0,"href":"https:\/\/autolivraria.com.br\/bc\/wp-json\/wp\/v2\/posts\/3626\/revisions"}],"wp:featuredmedia":[{"embeddable":true,"href":"https:\/\/autolivraria.com.br\/bc\/wp-json\/wp\/v2\/media\/106233"}],"wp:attachment":[{"href":"https:\/\/autolivraria.com.br\/bc\/wp-json\/wp\/v2\/media?parent=3626"}],"wp:term":[{"taxonomy":"category","embeddable":true,"href":"https:\/\/autolivraria.com.br\/bc\/wp-json\/wp\/v2\/categories?post=3626"},{"taxonomy":"post_tag","embeddable":true,"href":"https:\/\/autolivraria.com.br\/bc\/wp-json\/wp\/v2\/tags?post=3626"}],"curies":[{"name":"wp","href":"https:\/\/api.w.org\/{rel}","templated":true}]}}