{"id":3689,"date":"2019-01-01T00:00:19","date_gmt":"2019-01-01T03:00:19","guid":{"rendered":"http:\/\/bestcars.uol.com.br\/bc\/?p=3689"},"modified":"2019-04-05T10:46:40","modified_gmt":"2019-04-05T13:46:40","slug":"audi-q7","status":"publish","type":"post","link":"https:\/\/autolivraria.com.br\/bc\/participe\/opinioes-proprietarios\/teste-do-leitor-audi\/audi-q7\/","title":{"rendered":"Audi Q7 (ambas as gera\u00e7\u00f5es)"},"content":{"rendered":"<p><img fetchpriority=\"high\" decoding=\"async\" width=\"743\" height=\"495\" class=\"aligncenter size-large wp-image-68647\" src=\"https:\/\/autolivraria.com.br\/bc\/wp-content\/uploads\/2016\/02\/Audi-Q7-08-743x495.jpg\" alt=\"\" srcset=\"https:\/\/autolivraria.com.br\/bc\/wp-content\/uploads\/2016\/02\/Audi-Q7-08-743x495.jpg 743w, https:\/\/autolivraria.com.br\/bc\/wp-content\/uploads\/2016\/02\/Audi-Q7-08-356x237.jpg 356w, https:\/\/autolivraria.com.br\/bc\/wp-content\/uploads\/2016\/02\/Audi-Q7-08.jpg 1280w\" sizes=\"(max-width: 743px) 100vw, 743px\" \/><\/p>\n<p>&nbsp;<\/p>\n<table border=\"0\">\n<tbody>\n<tr>\n<td><\/td>\n<\/tr>\n<\/tbody>\n<\/table>\n<p>&nbsp;<\/p>\n<p>Este modelo ainda n\u00e3o conta com opini\u00f5es de propriet\u00e1rios. Se voc\u00ea possui um, convidamos que envie a sua pelo formul\u00e1rio.<\/p>\n<p>&nbsp;<\/p>\n","protected":false},"excerpt":{"rendered":"<p>Envie sua opini\u00e3o<\/p>\n","protected":false},"author":6,"featured_media":68647,"comment_status":"closed","ping_status":"closed","sticky":false,"template":"","format":"standard","meta":{"_joinchat":[],"footnotes":""},"categories":[1278],"tags":[61,1275,873,1274,349],"class_list":["post-3689","post","type-post","status-publish","format-standard","has-post-thumbnail","hentry","category-teste-do-leitor-audi","tag-audi","tag-opiniao-de-proprietarios","tag-q7","tag-teste-do-leitor","tag-utilitario-esporte"],"amp_enabled":true,"_links":{"self":[{"href":"https:\/\/autolivraria.com.br\/bc\/wp-json\/wp\/v2\/posts\/3689","targetHints":{"allow":["GET"]}}],"collection":[{"href":"https:\/\/autolivraria.com.br\/bc\/wp-json\/wp\/v2\/posts"}],"about":[{"href":"https:\/\/autolivraria.com.br\/bc\/wp-json\/wp\/v2\/types\/post"}],"author":[{"embeddable":true,"href":"https:\/\/autolivraria.com.br\/bc\/wp-json\/wp\/v2\/users\/6"}],"replies":[{"embeddable":true,"href":"https:\/\/autolivraria.com.br\/bc\/wp-json\/wp\/v2\/comments?post=3689"}],"version-history":[{"count":0,"href":"https:\/\/autolivraria.com.br\/bc\/wp-json\/wp\/v2\/posts\/3689\/revisions"}],"wp:featuredmedia":[{"embeddable":true,"href":"https:\/\/autolivraria.com.br\/bc\/wp-json\/wp\/v2\/media\/68647"}],"wp:attachment":[{"href":"https:\/\/autolivraria.com.br\/bc\/wp-json\/wp\/v2\/media?parent=3689"}],"wp:term":[{"taxonomy":"category","embeddable":true,"href":"https:\/\/autolivraria.com.br\/bc\/wp-json\/wp\/v2\/categories?post=3689"},{"taxonomy":"post_tag","embeddable":true,"href":"https:\/\/autolivraria.com.br\/bc\/wp-json\/wp\/v2\/tags?post=3689"}],"curies":[{"name":"wp","href":"https:\/\/api.w.org\/{rel}","templated":true}]}}