{"id":37514,"date":"2013-12-13T16:14:49","date_gmt":"2013-12-13T19:14:49","guid":{"rendered":"http:\/\/bestcars.uol.com.br\/bc\/?p=37514"},"modified":"2015-05-31T11:59:07","modified_gmt":"2015-05-31T14:59:07","slug":"historia-porsche-928-o-gt-que-causou-uma-revolucao-em-stuttgart","status":"publish","type":"post","link":"https:\/\/autolivraria.com.br\/bc\/informe-se\/passado\/historia-porsche-928-o-gt-que-causou-uma-revolucao-em-stuttgart\/","title":{"rendered":"Porsche 928, o GT que causou revolu\u00e7\u00e3o em Stuttgart"},"content":{"rendered":"<p><a href=\"https:\/\/autolivraria.com.br\/bc\/wp-content\/uploads\/2013\/12\/Porsche-928-GTS-1992-02.jpg\"><img fetchpriority=\"high\" decoding=\"async\" class=\"aligncenter size-medium wp-image-37604\" alt=\"Porsche 928 GTS 1992\" src=\"https:\/\/autolivraria.com.br\/bc\/wp-content\/uploads\/2013\/12\/Porsche-928-GTS-1992-02-560x373.jpg\" width=\"560\" height=\"373\" \/><\/a><\/p>\n<p>&nbsp;<\/p>\n<h2>Com motor V8 dianteiro e linhas ousadas, o 928 n\u00e3o parecia um<br \/>\nPorsche, mas representou com classe seu topo de linha por 18 anos<\/h2>\n<h6><em>Texto: Francis Castaings e Fabr\u00edcio Samah\u00e1 &#8211; Fotos: divulga\u00e7\u00e3o<\/em><\/h6>\n<p>&nbsp;<\/p>\n<p>O projeto de um <a href=\"https:\/\/autolivraria.com.br\/bc\/tag\/porsche\">Porsche<\/a> para a era moderna nasceu em 1971. A ideia era substituir o <a href=\"https:\/\/www.autolivraria.com.br\/cpassado3\/porsche-911-1.htm\">911<\/a> por um autom\u00f3vel mais atual e arrojado, o segundo modelo da marca a romper com as tradi\u00e7\u00f5es \u2014 o primeiro seria o <a href=\"https:\/\/www.autolivraria.com.br\/classicos\/924-1.htm\">924<\/a>, seu irm\u00e3o ca\u00e7ula, que se encaixaria em outra faixa de mercado. Ernst Fuhrmann, engenheiro e presidente do conselho da empresa, queria que o novo carro esporte fosse o Porsche do futuro: maior, mais refinado, o modelo em s\u00e9rie mais caro da companhia.<\/p>\n<p>O 911 come\u00e7ava a perder clientes por causa da concorr\u00eancia e da idade do projeto, que j\u00e1 pesava \u2014 e a fabrica alem\u00e3 n\u00e3o queria o risco de entrar em decad\u00eancia. Ainda, as leis ambientais (ru\u00eddos e emiss\u00f5es poluentes) e de seguran\u00e7a norte-americanas, que entrariam em vigor no in\u00edcio da d\u00e9cada de 1970, poderiam colocar em risco a continuidade do 911, com seu motor traseiro arrefecido a ar.<\/p>\n<p>O primeiro modelo do futuro carro, em escala 1:5, foi submetido a testes de aerodin\u00e2mica em 1972. Um ano depois, o primeiro motor V8 alimentado por carburadores funcionou no banco de ensaio. Na fase de testes, um modelo de quatro lugares foi feito em escala real, mas nunca chegou a ser produzido. A carroceria quase definitiva ficava pronta em 1974. Prot\u00f3tipos foram testados em toda a Europa e na \u00c1frica, nas mais adversas condi\u00e7\u00f5es clim\u00e1ticas, sobre os mais diferentes revestimentos de piso. Rodaram em desertos, estradas de terra e asfalto, autoestradas e aut\u00f3dromos.<\/p>\n<p>&nbsp;<\/p>\n<div class='one_half'>\n\t\t\t\t\t<a href=\"https:\/\/autolivraria.com.br\/bc\/wp-content\/uploads\/2013\/12\/Porsche-928-desenv.jpg\"><img decoding=\"async\" class=\"aligncenter size-meia-largura-post wp-image-37630 lazyload\" alt=\"Porsche 928\" data-src=\"https:\/\/autolivraria.com.br\/bc\/wp-content\/uploads\/2013\/12\/Porsche-928-desenv-270x179.jpg\" width=\"270\" height=\"179\" data-srcset=\"https:\/\/autolivraria.com.br\/bc\/wp-content\/uploads\/2013\/12\/Porsche-928-desenv-270x179.jpg 270w, https:\/\/autolivraria.com.br\/bc\/wp-content\/uploads\/2013\/12\/Porsche-928-desenv-560x373.jpg 560w, https:\/\/autolivraria.com.br\/bc\/wp-content\/uploads\/2013\/12\/Porsche-928-desenv-470x313.jpg 470w, https:\/\/autolivraria.com.br\/bc\/wp-content\/uploads\/2013\/12\/Porsche-928-desenv.jpg 950w\" data-sizes=\"(max-width: 270px) 100vw, 270px\" src=\"data:image\/svg+xml;base64,PHN2ZyB3aWR0aD0iMSIgaGVpZ2h0PSIxIiB4bWxucz0iaHR0cDovL3d3dy53My5vcmcvMjAwMC9zdmciPjwvc3ZnPg==\" style=\"--smush-placeholder-width: 270px; --smush-placeholder-aspect-ratio: 270\/179;\" \/><\/a>\n\t\t\t\t<\/div>\n<div class='one_half last'>\n\t\t\t\t\t<a href=\"https:\/\/autolivraria.com.br\/bc\/wp-content\/uploads\/2013\/12\/Porsche-928-1977-Genebra.jpg\"><img decoding=\"async\" class=\"aligncenter size-meia-largura-post wp-image-37628 lazyload\" alt=\"Porsche 928 1977\" data-src=\"https:\/\/autolivraria.com.br\/bc\/wp-content\/uploads\/2013\/12\/Porsche-928-1977-Genebra-270x179.jpg\" width=\"270\" height=\"179\" data-srcset=\"https:\/\/autolivraria.com.br\/bc\/wp-content\/uploads\/2013\/12\/Porsche-928-1977-Genebra-270x179.jpg 270w, https:\/\/autolivraria.com.br\/bc\/wp-content\/uploads\/2013\/12\/Porsche-928-1977-Genebra-560x373.jpg 560w, https:\/\/autolivraria.com.br\/bc\/wp-content\/uploads\/2013\/12\/Porsche-928-1977-Genebra-470x313.jpg 470w, https:\/\/autolivraria.com.br\/bc\/wp-content\/uploads\/2013\/12\/Porsche-928-1977-Genebra.jpg 950w\" data-sizes=\"(max-width: 270px) 100vw, 270px\" src=\"data:image\/svg+xml;base64,PHN2ZyB3aWR0aD0iMSIgaGVpZ2h0PSIxIiB4bWxucz0iaHR0cDovL3d3dy53My5vcmcvMjAwMC9zdmciPjwvc3ZnPg==\" style=\"--smush-placeholder-width: 270px; --smush-placeholder-aspect-ratio: 270\/179;\" \/><\/a>\n\t\t\t\t<\/div><div class='clear'><\/div>\n<h6 style=\"text-align: center;\"><em>\u00a0<\/em><br \/>\n<em>Ap\u00f3s um desenvolvimento conturbado, que incluiu estudos de motor V6 e de uma<\/em><br \/>\n<em> frente mais pr\u00f3xima \u00e0 do 911, o 928 fazia a estreia no Sal\u00e3o de Genebra de 1977<\/em><\/h6>\n<p>&nbsp;<\/p>\n<p>Com a crise do petr\u00f3leo deflagrada em 1973, a Porsche viu-se em d\u00favidas sobre levar adiante o projeto de um carro maior e com motor de oito cilindros. Uma vers\u00e3o do projeto com motor V6 chegou a ser cogitada e todo o desenvolvimento acabou sendo desacelerado, mas em mar\u00e7o de 1977 o resultado era apresentado no Sal\u00e3o de Genebra, na Su\u00ed\u00e7a, sob a designa\u00e7\u00e3o 928. O moderno gr\u00e3-turismo roubou a cena n\u00e3o s\u00f3 no estande da marca, sendo uma das maiores atra\u00e7\u00f5es do evento.<\/p>\n<p>&nbsp;<\/p>\n<blockquote><p>Houve quem o chamasse de &#8220;ovo sobre rodas&#8221;: o\u00a0928 fazia mesmo grande oposi\u00e7\u00e3o aos carros retil\u00edneos e cheios de adornos da \u00e9poca<\/p><\/blockquote>\n<p>&nbsp;<\/p>\n<p>O 928 era um belo carro, com um desenho ousado e de muito bom gosto: para-choques integrados \u00e0 carroceria em pl\u00e1stico flex\u00edvel (suportavam pequenos impactos sem danos), luzes de dire\u00e7\u00e3o dianteiras e lanternas traseiras contornando as quatro extremidades do carro. As linhas curvas conseguiam boa aerodin\u00e2mica \u2014 o <a href=\"https:\/\/autolivraria.com.br\/bc\/glossario-c\/#cx\">Cx<\/a> era de 0,41 e mais tarde, na vers\u00e3o S, cairia para 0,39. Os far\u00f3is quando desligados ficavam em repouso, em alinhamento com a curva do cap\u00f4, n\u00e3o atrapalhando o fluxo de ar. A solu\u00e7\u00e3o era inspirada no <a href=\"https:\/\/www.autolivraria.com.br\/cpassado\/miura-1.htm\">Lamborghini Miura<\/a> de 1966.<\/p>\n<p>Na linha abaixo havia quatro far\u00f3is retangulares de longo alcance, e nas extremidades, as luzes de dire\u00e7\u00e3o. No centro estava uma pequena grade com o tradicional escudo da marca de Stuttgart. Se n\u00e3o estivesse l\u00e1, os admiradores da marca talvez n\u00e3o o reconhecessem como um leg\u00edtimo Porsche, tal o rompimento com as linhas habituais da empresa. Embora na Europa a aceita\u00e7\u00e3o fosse melhor, nos Estados Unidos houve quem o chamasse de &#8220;ovo sobre rodas&#8221; e at\u00e9 o comparasse a um <a href=\"https:\/\/www.autolivraria.com.br\/ph2\/222a.htm\">AMC Pacer<\/a> mais esportivo. O 928 fazia mesmo grande oposi\u00e7\u00e3o aos carros retil\u00edneos e cheios de adornos que os norte-americanos compravam \u00e0 \u00e9poca.<\/p>\n<p>&nbsp;<\/p>\n<p><a href=\"https:\/\/autolivraria.com.br\/bc\/wp-content\/uploads\/2013\/12\/Porsche-928-1978-02.jpg\"><img decoding=\"async\" class=\"aligncenter size-medium wp-image-37631 lazyload\" alt=\"Porsche 928 1978\" data-src=\"https:\/\/autolivraria.com.br\/bc\/wp-content\/uploads\/2013\/12\/Porsche-928-1978-02-560x373.jpg\" width=\"560\" height=\"373\" data-srcset=\"https:\/\/autolivraria.com.br\/bc\/wp-content\/uploads\/2013\/12\/Porsche-928-1978-02-560x373.jpg 560w, https:\/\/autolivraria.com.br\/bc\/wp-content\/uploads\/2013\/12\/Porsche-928-1978-02-470x313.jpg 470w, https:\/\/autolivraria.com.br\/bc\/wp-content\/uploads\/2013\/12\/Porsche-928-1978-02-270x179.jpg 270w, https:\/\/autolivraria.com.br\/bc\/wp-content\/uploads\/2013\/12\/Porsche-928-1978-02.jpg 950w\" data-sizes=\"(max-width: 560px) 100vw, 560px\" src=\"data:image\/svg+xml;base64,PHN2ZyB3aWR0aD0iMSIgaGVpZ2h0PSIxIiB4bWxucz0iaHR0cDovL3d3dy53My5vcmcvMjAwMC9zdmciPjwvc3ZnPg==\" style=\"--smush-placeholder-width: 560px; --smush-placeholder-aspect-ratio: 560\/373;\" \/><\/a><\/p>\n<p>&nbsp;<\/p>\n<div class='one_half'>\n\t\t\t\t\t<a href=\"https:\/\/autolivraria.com.br\/bc\/wp-content\/uploads\/2013\/12\/Porsche-928-1978-04.jpg\"><img decoding=\"async\" class=\"aligncenter size-meia-largura-post wp-image-37629 lazyload\" alt=\"Porsche 928 1978\" data-src=\"https:\/\/autolivraria.com.br\/bc\/wp-content\/uploads\/2013\/12\/Porsche-928-1978-04-270x179.jpg\" width=\"270\" height=\"179\" data-srcset=\"https:\/\/autolivraria.com.br\/bc\/wp-content\/uploads\/2013\/12\/Porsche-928-1978-04-270x179.jpg 270w, https:\/\/autolivraria.com.br\/bc\/wp-content\/uploads\/2013\/12\/Porsche-928-1978-04-560x373.jpg 560w, https:\/\/autolivraria.com.br\/bc\/wp-content\/uploads\/2013\/12\/Porsche-928-1978-04-470x313.jpg 470w, https:\/\/autolivraria.com.br\/bc\/wp-content\/uploads\/2013\/12\/Porsche-928-1978-04.jpg 950w\" data-sizes=\"(max-width: 270px) 100vw, 270px\" src=\"data:image\/svg+xml;base64,PHN2ZyB3aWR0aD0iMSIgaGVpZ2h0PSIxIiB4bWxucz0iaHR0cDovL3d3dy53My5vcmcvMjAwMC9zdmciPjwvc3ZnPg==\" style=\"--smush-placeholder-width: 270px; --smush-placeholder-aspect-ratio: 270\/179;\" \/><\/a>\n\t\t\t\t<\/div>\n<div class='one_half last'>\n\t\t\t\t\t<a href=\"https:\/\/autolivraria.com.br\/bc\/wp-content\/uploads\/2013\/12\/Porsche-928-1978-03.jpg\"><img decoding=\"async\" class=\"aligncenter size-meia-largura-post wp-image-37632 lazyload\" alt=\"Porsche 928 1978\" data-src=\"https:\/\/autolivraria.com.br\/bc\/wp-content\/uploads\/2013\/12\/Porsche-928-1978-03-270x179.jpg\" width=\"270\" height=\"179\" data-srcset=\"https:\/\/autolivraria.com.br\/bc\/wp-content\/uploads\/2013\/12\/Porsche-928-1978-03-270x179.jpg 270w, https:\/\/autolivraria.com.br\/bc\/wp-content\/uploads\/2013\/12\/Porsche-928-1978-03-560x373.jpg 560w, https:\/\/autolivraria.com.br\/bc\/wp-content\/uploads\/2013\/12\/Porsche-928-1978-03-470x313.jpg 470w, https:\/\/autolivraria.com.br\/bc\/wp-content\/uploads\/2013\/12\/Porsche-928-1978-03.jpg 950w\" data-sizes=\"(max-width: 270px) 100vw, 270px\" src=\"data:image\/svg+xml;base64,PHN2ZyB3aWR0aD0iMSIgaGVpZ2h0PSIxIiB4bWxucz0iaHR0cDovL3d3dy53My5vcmcvMjAwMC9zdmciPjwvc3ZnPg==\" style=\"--smush-placeholder-width: 270px; --smush-placeholder-aspect-ratio: 270\/179;\" \/><\/a>\n\t\t\t\t<\/div><div class='clear'><\/div>\n<h6 style=\"text-align: center;\"><em>\u00a0<\/em><br \/>\n<em>As linhas arredondadas chamavam aten\u00e7\u00e3o e dividiam opini\u00f5es, sobretudo nos<\/em><br \/>\n<em> EUA; o perfil baixo e alongado faz do 928 um desenho atraente ainda hoje<\/em><\/h6>\n<p>&nbsp;<\/p>\n<p>A carroceria era em a\u00e7o estampado, mas o cap\u00f4, as portas \u2014 incluindo a traseira \u2014 e os para-lamas dianteiros vinham em alum\u00ednio. Isso j\u00e1 garantia longevidade contra corros\u00e3o, importante no mercado norte-americano, com a rica e quente Calif\u00f3rnia, e no pr\u00f3prio continente europeu com suas condi\u00e7\u00f5es adversas de clima. Por dentro era not\u00e1vel a riqueza de equipamentos: ar-condicionado com extens\u00e3o para refrigerar o porta-luvas, ajuste el\u00e9trico dos bancos, computador de bordo \u2014 e um \u00f3timo estudo ergon\u00f4mico. Nada comparado ao &#8220;desconforto&#8221; de seu irm\u00e3o mais famoso.<\/p>\n<p>&nbsp;<\/p>\n<div class='code-block code-block-7' style='margin: 28px auto; text-align: center; display: block; clear: both;'>\n<script async src=\"https:\/\/pagead2.googlesyndication.com\/pagead\/js\/adsbygoogle.js\"><\/script>\n<!-- AL-quadrado -->\n<ins class=\"adsbygoogle\"\n     style=\"display:block\"\n     data-ad-client=\"ca-pub-1914799802606213\"\n     data-ad-slot=\"5683066082\"\n     data-ad-format=\"auto\"\n     data-full-width-responsive=\"true\"><\/ins>\n<script>\n     (adsbygoogle = window.adsbygoogle || []).push({});\n<\/script><\/div>\n\n<p>&nbsp;<\/p>\n<p>O tradicional volante de tr\u00eas raios do 911 tamb\u00e9m estava l\u00e1, para certificar que se tratava de mais um Porsche, e seu ajuste levava junto o quadro de instrumentos. Detalhe interessante era a exist\u00eancia de dois reservat\u00f3rios para a limpeza do para-brisa: um guardava o detergente, outro a \u00e1gua, com mistura autom\u00e1tica. O que dividia opini\u00f5es era a alavanca do freio de estacionamento \u00e0 esquerda do motorista. Como op\u00e7\u00e3o era oferecido teto solar. Era um supercarro que poderia ser usado no dia a dia por homens de neg\u00f3cios bem sucedidos, jovens esportistas ou mulheres din\u00e2micas. <a href=\"https:\/\/www.autolivraria.com.br\/cpassado3\/bmw-6-1.htm\">BMW S\u00e9rie 6<\/a>, <a href=\"https:\/\/www.autolivraria.com.br\/cpassado3\/jaguar-xjs-1.htm\">Jaguar XK-S<\/a> e <a href=\"https:\/\/www.autolivraria.com.br\/cpassado2\/mercedes-sl-1.htm\">Mercedes-Benz SL<\/a> estavam entre os concorrentes.<\/p>\n<p>N\u00e3o era o\u00a0primeiro modelo com motor dianteiro refrigerado a \u00e1gua da empresa que tem mais tradi\u00e7\u00e3o em carros esporte na Alemanha: o pioneiro foi o 924, um quatro-cilindros cuja arquitetura serviu de base para o 928. O novo carro, por\u00e9m, estava equipado com um moderno V8 de 4,5 litros \u2014 meio litro menos que no projeto inicial, para reduzir o consumo \u2014 com bloco e cabe\u00e7ote de alum\u00ednio e virabrequim, pist\u00f5es e bielas forjados. Com comando de v\u00e1lvulas nos cabe\u00e7otes e alimenta\u00e7\u00e3o por inje\u00e7\u00e3o Bosch K-Jetronic, fornecia pot\u00eancia de 240 cv e torque de 37,9 m.kgf.<\/p>\n<table border=\"0\">\n<tbody>\n<tr>\n<td><a href='https:\/\/autolivraria.com.br\/bc\/informe-se\/passado\/historia-porsche-928-o-gt-que-causou-uma-revolucao-em-stuttgart\/2\/' class='small-button smallsilver'>Pr\u00f3xima parte<\/a><\/td>\n<\/tr>\n<\/tbody>\n<\/table>\n<p>&nbsp;<\/p>\n<div class='et-box et-shadow'>\n\t\t\t\t\t<div class='et-box-content'><h2>Os especiais<\/h2>\n<table id=\"table6030\" style=\"width: 100%;\" border=\"0\" cellspacing=\"0\" cellpadding=\"0\">\n<tbody>\n<tr>\n<td width=\"50%\" height=\"210\"><a href=\"https:\/\/autolivraria.com.br\/bc\/wp-content\/uploads\/2013\/12\/Porsche-928-especiais-BB-Targa.jpg\"><img decoding=\"async\" class=\"wp-image-37580 alignnone lazyload\" alt=\"Porsche 928 BB Targa\" data-src=\"https:\/\/autolivraria.com.br\/bc\/wp-content\/uploads\/2013\/12\/Porsche-928-especiais-BB-Targa-270x179.jpg\" width=\"243\" height=\"161\" data-srcset=\"https:\/\/autolivraria.com.br\/bc\/wp-content\/uploads\/2013\/12\/Porsche-928-especiais-BB-Targa-270x179.jpg 270w, https:\/\/autolivraria.com.br\/bc\/wp-content\/uploads\/2013\/12\/Porsche-928-especiais-BB-Targa-560x372.jpg 560w, https:\/\/autolivraria.com.br\/bc\/wp-content\/uploads\/2013\/12\/Porsche-928-especiais-BB-Targa-470x312.jpg 470w, https:\/\/autolivraria.com.br\/bc\/wp-content\/uploads\/2013\/12\/Porsche-928-especiais-BB-Targa.jpg 640w\" data-sizes=\"(max-width: 243px) 100vw, 243px\" src=\"data:image\/svg+xml;base64,PHN2ZyB3aWR0aD0iMSIgaGVpZ2h0PSIxIiB4bWxucz0iaHR0cDovL3d3dy53My5vcmcvMjAwMC9zdmciPjwvc3ZnPg==\" style=\"--smush-placeholder-width: 243px; --smush-placeholder-aspect-ratio: 243\/161;\" \/><\/a><\/td>\n<td width=\"50%\" height=\"210\"><a href=\"https:\/\/autolivraria.com.br\/bc\/wp-content\/uploads\/2013\/12\/Porsche-928-especiais-Gemballa-Cabrio.jpg\"><img decoding=\"async\" class=\"alignnone  wp-image-37581 lazyload\" alt=\"Porsche 928 Gemballa Cabrio\" data-src=\"https:\/\/autolivraria.com.br\/bc\/wp-content\/uploads\/2013\/12\/Porsche-928-especiais-Gemballa-Cabrio-270x179.jpg\" width=\"243\" height=\"161\" data-srcset=\"https:\/\/autolivraria.com.br\/bc\/wp-content\/uploads\/2013\/12\/Porsche-928-especiais-Gemballa-Cabrio-270x179.jpg 270w, https:\/\/autolivraria.com.br\/bc\/wp-content\/uploads\/2013\/12\/Porsche-928-especiais-Gemballa-Cabrio-560x372.jpg 560w, https:\/\/autolivraria.com.br\/bc\/wp-content\/uploads\/2013\/12\/Porsche-928-especiais-Gemballa-Cabrio-470x312.jpg 470w, https:\/\/autolivraria.com.br\/bc\/wp-content\/uploads\/2013\/12\/Porsche-928-especiais-Gemballa-Cabrio.jpg 640w\" data-sizes=\"(max-width: 243px) 100vw, 243px\" src=\"data:image\/svg+xml;base64,PHN2ZyB3aWR0aD0iMSIgaGVpZ2h0PSIxIiB4bWxucz0iaHR0cDovL3d3dy53My5vcmcvMjAwMC9zdmciPjwvc3ZnPg==\" style=\"--smush-placeholder-width: 243px; --smush-placeholder-aspect-ratio: 243\/161;\" \/><\/a><\/td>\n<\/tr>\n<\/tbody>\n<\/table>\n<p>Na Europa e nos Estados Unidos logo surgiram preparadores para tornar o 928 mais r\u00e1pido e intimidador. Os irm\u00e3os construtores alem\u00e3es Buchmann, famosos pelos produtos BB, fizeram uma interessante vers\u00e3o targa tr\u00eas-volumes (\u00e0 esquerda). Parte do teto era remov\u00edvel e o vidro traseiro vinha menor, em vez da grande terceira porta do modelo de s\u00e9rie. Em 1981 apresentaram no Sal\u00e3o de Frankfurt, na Alemanha, uma bela vers\u00e3o convers\u00edvel.<\/p>\n<p>Tamb\u00e9m aberto era o 928 revelado em 1986 pela <a href=\"https:\/\/autolivraria.com.br\/bc\/tag\/gemballa\">Gemballa<\/a>, ainda hoje uma renomada preparadora de Porsches. Na carroceria transformada pela Voll (\u00e0 direita) a capota de lona era guardada sob a tampa do porta-malas, que para esse fim era aberta no sentido oposto ao da coloca\u00e7\u00e3o da bagagem. Trazia ainda para-lamas alargados, rodas especiais e o motor de 5,0 litros modificado para 450 cv pela aplica\u00e7\u00e3o de dois turbos.<\/p>\n<table id=\"table6030\" style=\"width: 100%;\" border=\"0\" cellspacing=\"0\" cellpadding=\"0\">\n<tbody>\n<tr>\n<td width=\"50%\" height=\"210\"><a href=\"https:\/\/autolivraria.com.br\/bc\/wp-content\/uploads\/2013\/12\/Porsche-928-especiais-Koenig.jpg\"><img decoding=\"async\" class=\"alignnone  wp-image-37582 lazyload\" alt=\"Porsche 928 Koenig\" data-src=\"https:\/\/autolivraria.com.br\/bc\/wp-content\/uploads\/2013\/12\/Porsche-928-especiais-Koenig-270x179.jpg\" width=\"243\" height=\"161\" data-srcset=\"https:\/\/autolivraria.com.br\/bc\/wp-content\/uploads\/2013\/12\/Porsche-928-especiais-Koenig-270x179.jpg 270w, https:\/\/autolivraria.com.br\/bc\/wp-content\/uploads\/2013\/12\/Porsche-928-especiais-Koenig-560x372.jpg 560w, https:\/\/autolivraria.com.br\/bc\/wp-content\/uploads\/2013\/12\/Porsche-928-especiais-Koenig-470x312.jpg 470w, https:\/\/autolivraria.com.br\/bc\/wp-content\/uploads\/2013\/12\/Porsche-928-especiais-Koenig.jpg 640w\" data-sizes=\"(max-width: 243px) 100vw, 243px\" src=\"data:image\/svg+xml;base64,PHN2ZyB3aWR0aD0iMSIgaGVpZ2h0PSIxIiB4bWxucz0iaHR0cDovL3d3dy53My5vcmcvMjAwMC9zdmciPjwvc3ZnPg==\" style=\"--smush-placeholder-width: 243px; --smush-placeholder-aspect-ratio: 243\/161;\" \/><\/a><\/td>\n<td width=\"50%\" height=\"210\"><a href=\"https:\/\/autolivraria.com.br\/bc\/wp-content\/uploads\/2013\/12\/Porsche-928-especiais-Koenig-02.jpg\"><img decoding=\"async\" class=\"alignnone  wp-image-37583 lazyload\" alt=\"Porsche 928 Koenig\" data-src=\"https:\/\/autolivraria.com.br\/bc\/wp-content\/uploads\/2013\/12\/Porsche-928-especiais-Koenig-02-270x179.jpg\" width=\"243\" height=\"161\" data-srcset=\"https:\/\/autolivraria.com.br\/bc\/wp-content\/uploads\/2013\/12\/Porsche-928-especiais-Koenig-02-270x179.jpg 270w, https:\/\/autolivraria.com.br\/bc\/wp-content\/uploads\/2013\/12\/Porsche-928-especiais-Koenig-02-560x372.jpg 560w, https:\/\/autolivraria.com.br\/bc\/wp-content\/uploads\/2013\/12\/Porsche-928-especiais-Koenig-02-470x312.jpg 470w, https:\/\/autolivraria.com.br\/bc\/wp-content\/uploads\/2013\/12\/Porsche-928-especiais-Koenig-02.jpg 640w\" data-sizes=\"(max-width: 243px) 100vw, 243px\" src=\"data:image\/svg+xml;base64,PHN2ZyB3aWR0aD0iMSIgaGVpZ2h0PSIxIiB4bWxucz0iaHR0cDovL3d3dy53My5vcmcvMjAwMC9zdmciPjwvc3ZnPg==\" style=\"--smush-placeholder-width: 243px; --smush-placeholder-aspect-ratio: 243\/161;\" \/><\/a><\/td>\n<\/tr>\n<\/tbody>\n<\/table>\n<p>A Koenig fez fama nos anos 80 ao preparar Porsches, Ferraris e outros supercarros. Seu 928 S, revelado em 1981, tinha para-lamas alargados, as cl\u00e1ssicas rodas raiadas BBS com pneus traseiros extralargos (345\/35 R 15), defletor dianteiro e um aerof\u00f3lio traseiro que destoava das linhas curvas. O motor podia ser modificado para 380 cv.<\/p>\n<table id=\"table6030\" style=\"width: 100%;\" border=\"0\" cellspacing=\"0\" cellpadding=\"0\">\n<tbody>\n<tr>\n<td width=\"50%\" height=\"210\"><a href=\"https:\/\/autolivraria.com.br\/bc\/wp-content\/uploads\/2013\/12\/Porsche-928-especiais-Strosek-Ultrawing-1992-03.jpg\"><img decoding=\"async\" class=\"alignnone  wp-image-37584 lazyload\" alt=\"Porsche 928 Strosek Ultrawing\" data-src=\"https:\/\/autolivraria.com.br\/bc\/wp-content\/uploads\/2013\/12\/Porsche-928-especiais-Strosek-Ultrawing-1992-03-270x179.jpg\" width=\"243\" height=\"161\" data-srcset=\"https:\/\/autolivraria.com.br\/bc\/wp-content\/uploads\/2013\/12\/Porsche-928-especiais-Strosek-Ultrawing-1992-03-270x179.jpg 270w, https:\/\/autolivraria.com.br\/bc\/wp-content\/uploads\/2013\/12\/Porsche-928-especiais-Strosek-Ultrawing-1992-03-560x373.jpg 560w, https:\/\/autolivraria.com.br\/bc\/wp-content\/uploads\/2013\/12\/Porsche-928-especiais-Strosek-Ultrawing-1992-03-470x313.jpg 470w, https:\/\/autolivraria.com.br\/bc\/wp-content\/uploads\/2013\/12\/Porsche-928-especiais-Strosek-Ultrawing-1992-03.jpg 950w\" data-sizes=\"(max-width: 243px) 100vw, 243px\" src=\"data:image\/svg+xml;base64,PHN2ZyB3aWR0aD0iMSIgaGVpZ2h0PSIxIiB4bWxucz0iaHR0cDovL3d3dy53My5vcmcvMjAwMC9zdmciPjwvc3ZnPg==\" style=\"--smush-placeholder-width: 243px; --smush-placeholder-aspect-ratio: 243\/161;\" \/><\/a><\/td>\n<td width=\"50%\" height=\"210\"><a href=\"https:\/\/autolivraria.com.br\/bc\/wp-content\/uploads\/2013\/12\/Porsche-928-especiais-Strosek-Ultrawing-1992-02.jpg\"><img decoding=\"async\" class=\"alignnone  wp-image-37585 lazyload\" alt=\"Porsche 928 Strosek Ultrawing\" data-src=\"https:\/\/autolivraria.com.br\/bc\/wp-content\/uploads\/2013\/12\/Porsche-928-especiais-Strosek-Ultrawing-1992-02-270x179.jpg\" width=\"243\" height=\"161\" data-srcset=\"https:\/\/autolivraria.com.br\/bc\/wp-content\/uploads\/2013\/12\/Porsche-928-especiais-Strosek-Ultrawing-1992-02-270x179.jpg 270w, https:\/\/autolivraria.com.br\/bc\/wp-content\/uploads\/2013\/12\/Porsche-928-especiais-Strosek-Ultrawing-1992-02-560x373.jpg 560w, https:\/\/autolivraria.com.br\/bc\/wp-content\/uploads\/2013\/12\/Porsche-928-especiais-Strosek-Ultrawing-1992-02-470x313.jpg 470w, https:\/\/autolivraria.com.br\/bc\/wp-content\/uploads\/2013\/12\/Porsche-928-especiais-Strosek-Ultrawing-1992-02.jpg 950w\" data-sizes=\"(max-width: 243px) 100vw, 243px\" src=\"data:image\/svg+xml;base64,PHN2ZyB3aWR0aD0iMSIgaGVpZ2h0PSIxIiB4bWxucz0iaHR0cDovL3d3dy53My5vcmcvMjAwMC9zdmciPjwvc3ZnPg==\" style=\"--smush-placeholder-width: 243px; --smush-placeholder-aspect-ratio: 243\/161;\" \/><\/a><\/td>\n<\/tr>\n<\/tbody>\n<\/table>\n<p>Trabalhos ousados eram tamb\u00e9m os da Strosek, bem conhecida na prepara\u00e7\u00e3o dos esportivos de Stuttgart. Para-lamas bastante alargados, para-choques refeitos, diminutos far\u00f3is fixos no lugar dos escamote\u00e1veis, aerof\u00f3lios e at\u00e9 portas que se abriam como asas \u2014 no caso do pacote Ultra Wing \u2014 estavam no cat\u00e1logo.<\/p>\n<table id=\"table6030\" style=\"width: 100%;\" border=\"0\" cellspacing=\"0\" cellpadding=\"0\">\n<tbody>\n<tr>\n<td width=\"50%\" height=\"210\"><a href=\"https:\/\/autolivraria.com.br\/bc\/wp-content\/uploads\/2013\/12\/Porsche-928-especiais-DP-Motorsport-02.jpg\"><img decoding=\"async\" class=\"alignnone  wp-image-37586 lazyload\" alt=\"Porsche 928 DP Motorsport\" data-src=\"https:\/\/autolivraria.com.br\/bc\/wp-content\/uploads\/2013\/12\/Porsche-928-especiais-DP-Motorsport-02-270x179.jpg\" width=\"243\" height=\"161\" data-srcset=\"https:\/\/autolivraria.com.br\/bc\/wp-content\/uploads\/2013\/12\/Porsche-928-especiais-DP-Motorsport-02-270x179.jpg 270w, https:\/\/autolivraria.com.br\/bc\/wp-content\/uploads\/2013\/12\/Porsche-928-especiais-DP-Motorsport-02-560x372.jpg 560w, https:\/\/autolivraria.com.br\/bc\/wp-content\/uploads\/2013\/12\/Porsche-928-especiais-DP-Motorsport-02-470x312.jpg 470w, https:\/\/autolivraria.com.br\/bc\/wp-content\/uploads\/2013\/12\/Porsche-928-especiais-DP-Motorsport-02.jpg 640w\" data-sizes=\"(max-width: 243px) 100vw, 243px\" src=\"data:image\/svg+xml;base64,PHN2ZyB3aWR0aD0iMSIgaGVpZ2h0PSIxIiB4bWxucz0iaHR0cDovL3d3dy53My5vcmcvMjAwMC9zdmciPjwvc3ZnPg==\" style=\"--smush-placeholder-width: 243px; --smush-placeholder-aspect-ratio: 243\/161;\" \/><\/a><\/td>\n<td width=\"50%\" height=\"210\"><a href=\"https:\/\/autolivraria.com.br\/bc\/wp-content\/uploads\/2013\/12\/Porsche-928-especiais-DP-Motorsport-01.jpg\"><img decoding=\"async\" class=\"alignnone  wp-image-37587 lazyload\" alt=\"Porsche 928 DP Motorsport\" data-src=\"https:\/\/autolivraria.com.br\/bc\/wp-content\/uploads\/2013\/12\/Porsche-928-especiais-DP-Motorsport-01-270x179.jpg\" width=\"243\" height=\"161\" data-srcset=\"https:\/\/autolivraria.com.br\/bc\/wp-content\/uploads\/2013\/12\/Porsche-928-especiais-DP-Motorsport-01-270x179.jpg 270w, https:\/\/autolivraria.com.br\/bc\/wp-content\/uploads\/2013\/12\/Porsche-928-especiais-DP-Motorsport-01-560x372.jpg 560w, https:\/\/autolivraria.com.br\/bc\/wp-content\/uploads\/2013\/12\/Porsche-928-especiais-DP-Motorsport-01-470x312.jpg 470w, https:\/\/autolivraria.com.br\/bc\/wp-content\/uploads\/2013\/12\/Porsche-928-especiais-DP-Motorsport-01.jpg 640w\" data-sizes=\"(max-width: 243px) 100vw, 243px\" src=\"data:image\/svg+xml;base64,PHN2ZyB3aWR0aD0iMSIgaGVpZ2h0PSIxIiB4bWxucz0iaHR0cDovL3d3dy53My5vcmcvMjAwMC9zdmciPjwvc3ZnPg==\" style=\"--smush-placeholder-width: 243px; --smush-placeholder-aspect-ratio: 243\/161;\" \/><\/a><\/td>\n<\/tr>\n<\/tbody>\n<\/table>\n<p>Outra op\u00e7\u00e3o era a da DP Motorsport, que em 1984 apresentou um 928 com quase dois metros de largura e pneus traseiros 285\/40 R 16. As mudan\u00e7as na carroceria, feitas em pl\u00e1stico, traziam redu\u00e7\u00e3o de peso anunciada de 300 kg e um aspecto bastante intimidador, com direito a tomadas de ar nos para-lamas traseiros. Alguns carros tinham os far\u00f3is escamote\u00e1veis substitu\u00eddos por sa\u00eddas de ar, cabendo a ilumina\u00e7\u00e3o aos far\u00f3is do para-choque. Motores de at\u00e9 370 cv estavam dispon\u00edveis.<\/p>\n<p>Alguns modelos especiais produzidos na Calif\u00f3rnia, nos EUA, eram realmente de gosto discut\u00edvel. At\u00e9 uma vers\u00e3o picape apareceu, com contornos da ca\u00e7amba em madeira e forra\u00e7\u00e3o interna das laterais e do piso em alum\u00ednio. Uma heresia.<\/p><\/div><\/div>\n<table border=\"0\">\n<tbody>\n<tr>\n<td><a href='https:\/\/autolivraria.com.br\/bc\/informe-se\/passado\/historia-porsche-928-o-gt-que-causou-uma-revolucao-em-stuttgart\/2\/' class='small-button smallsilver'>Pr\u00f3xima parte<\/a><\/td>\n<\/tr>\n<\/tbody>\n<\/table>\n<p>&nbsp;<\/p>\n<p>&nbsp;<\/p>\n<p><!--nextpage--><\/p>\n<p><a href=\"https:\/\/autolivraria.com.br\/bc\/wp-content\/uploads\/2013\/12\/Porsche-928-1978-rx.jpg\"><img decoding=\"async\" class=\"aligncenter size-medium wp-image-37648 lazyload\" alt=\"Porsche 928 1978\" data-src=\"https:\/\/autolivraria.com.br\/bc\/wp-content\/uploads\/2013\/12\/Porsche-928-1978-rx-560x373.jpg\" width=\"560\" height=\"373\" data-srcset=\"https:\/\/autolivraria.com.br\/bc\/wp-content\/uploads\/2013\/12\/Porsche-928-1978-rx-560x373.jpg 560w, https:\/\/autolivraria.com.br\/bc\/wp-content\/uploads\/2013\/12\/Porsche-928-1978-rx-470x313.jpg 470w, https:\/\/autolivraria.com.br\/bc\/wp-content\/uploads\/2013\/12\/Porsche-928-1978-rx-270x179.jpg 270w, https:\/\/autolivraria.com.br\/bc\/wp-content\/uploads\/2013\/12\/Porsche-928-1978-rx.jpg 950w\" data-sizes=\"(max-width: 560px) 100vw, 560px\" src=\"data:image\/svg+xml;base64,PHN2ZyB3aWR0aD0iMSIgaGVpZ2h0PSIxIiB4bWxucz0iaHR0cDovL3d3dy53My5vcmcvMjAwMC9zdmciPjwvc3ZnPg==\" style=\"--smush-placeholder-width: 560px; --smush-placeholder-aspect-ratio: 560\/373;\" \/><\/a><\/p>\n<p>&nbsp;<\/p>\n<div class='one_half'>\n\t\t\t\t\t<a href=\"https:\/\/autolivraria.com.br\/bc\/wp-content\/uploads\/2013\/12\/Porsche-928-1978-05.jpg\"><img decoding=\"async\" class=\"aligncenter size-meia-largura-post wp-image-37649 lazyload\" alt=\"Porsche 928 1978\" data-src=\"https:\/\/autolivraria.com.br\/bc\/wp-content\/uploads\/2013\/12\/Porsche-928-1978-05-270x179.jpg\" width=\"270\" height=\"179\" data-srcset=\"https:\/\/autolivraria.com.br\/bc\/wp-content\/uploads\/2013\/12\/Porsche-928-1978-05-270x179.jpg 270w, https:\/\/autolivraria.com.br\/bc\/wp-content\/uploads\/2013\/12\/Porsche-928-1978-05-560x372.jpg 560w, https:\/\/autolivraria.com.br\/bc\/wp-content\/uploads\/2013\/12\/Porsche-928-1978-05-470x312.jpg 470w, https:\/\/autolivraria.com.br\/bc\/wp-content\/uploads\/2013\/12\/Porsche-928-1978-05.jpg 640w\" data-sizes=\"(max-width: 270px) 100vw, 270px\" src=\"data:image\/svg+xml;base64,PHN2ZyB3aWR0aD0iMSIgaGVpZ2h0PSIxIiB4bWxucz0iaHR0cDovL3d3dy53My5vcmcvMjAwMC9zdmciPjwvc3ZnPg==\" style=\"--smush-placeholder-width: 270px; --smush-placeholder-aspect-ratio: 270\/179;\" \/><\/a>\n\t\t\t\t<\/div>\n<div class='one_half last'>\n\t\t\t\t\t<a href=\"https:\/\/autolivraria.com.br\/bc\/wp-content\/uploads\/2013\/12\/Porsche-928-1978-int1.jpg\"><img decoding=\"async\" class=\"aligncenter size-meia-largura-post wp-image-37650 lazyload\" alt=\"Porsche 928 1978\" data-src=\"https:\/\/autolivraria.com.br\/bc\/wp-content\/uploads\/2013\/12\/Porsche-928-1978-int1-270x179.jpg\" width=\"270\" height=\"179\" data-srcset=\"https:\/\/autolivraria.com.br\/bc\/wp-content\/uploads\/2013\/12\/Porsche-928-1978-int1-270x179.jpg 270w, https:\/\/autolivraria.com.br\/bc\/wp-content\/uploads\/2013\/12\/Porsche-928-1978-int1-560x372.jpg 560w, https:\/\/autolivraria.com.br\/bc\/wp-content\/uploads\/2013\/12\/Porsche-928-1978-int1-470x312.jpg 470w, https:\/\/autolivraria.com.br\/bc\/wp-content\/uploads\/2013\/12\/Porsche-928-1978-int1.jpg 640w\" data-sizes=\"(max-width: 270px) 100vw, 270px\" src=\"data:image\/svg+xml;base64,PHN2ZyB3aWR0aD0iMSIgaGVpZ2h0PSIxIiB4bWxucz0iaHR0cDovL3d3dy53My5vcmcvMjAwMC9zdmciPjwvc3ZnPg==\" style=\"--smush-placeholder-width: 270px; --smush-placeholder-aspect-ratio: 270\/179;\" \/><\/a>\n\t\t\t\t<\/div><div class='clear'><\/div>\n<h6 style=\"text-align: center;\"><em>\u00a0<\/em><br \/>\n<em>Motor V8 dianteiro refrigerado a l\u00edquido e caixa autom\u00e1tica rompiam<\/em><br \/>\n<em> tradi\u00e7\u00f5es na Porsche; dentro do 928, conforto e boas solu\u00e7\u00f5es de ergonomia<\/em><\/h6>\n<p>&nbsp;<\/p>\n<p>O cliente podia optar por um c\u00e2mbio manual de cinco marchas ou uma caixa autom\u00e1tica de tr\u00eas, fornecida pela Mercedes-Benz. A velocidade m\u00e1xima era de 230 km\/h e acelerar de 0 a 100 km\/h exigia apenas 7,5 segundos. A transmiss\u00e3o por <a href=\"https:\/\/autolivraria.com.br\/bc\/glossario-t\/#tran\">transeixo<\/a> posicionado na traseira ajudava na distribui\u00e7\u00e3o de peso, que ficava pr\u00f3xima dos ideais 50% por eixo, e tornava o conjunto mec\u00e2nico ainda mais sofisticado \u2014 e oneroso na manuten\u00e7\u00e3o. Esse tipo de transmiss\u00e3o, que j\u00e1 havia sido usado pela Lancia, foi estudado ainda antes da Segunda Guerra Mundial pelo Dr. Ferdinand Porsche para um Mercedes de corrida. Os freios eram a disco nas quatro rodas e, com o mesmo objetivo de repartir massas, a bateria ficava na traseira.<\/p>\n<p>&nbsp;<\/p>\n<blockquote><p>Era \u00f3timo em estradas e ao mesmo tempo luxuoso e confort\u00e1vel; podia fazer viagens nas Autobahnen alem\u00e3s acima de 200 km\/h sem esfor\u00e7o<\/p><\/blockquote>\n<p>&nbsp;<\/p>\n<p>A suspens\u00e3o posterior independente com bra\u00e7o semiarrastado recebia o nome de eixo Weissach, em alus\u00e3o ao centro de pesquisa e desenvolvimento da Porsche. A novidade estava em uma articula\u00e7\u00e3o arrastada que\u00a0ajustava a converg\u00eancia das rodas de tr\u00e1s durante as curvas, evitando o <a href=\"https:\/\/autolivraria.com.br\/bc\/glossario-s\/#sobr\">sobrester\u00e7o<\/a> ao se cortar a acelera\u00e7\u00e3o. A ideia deu t\u00e3o certo que foi aos poucos estendida a outros modelos da marca. Na dianteira usava-se o conceito de bra\u00e7os sobrepostos com molas helicoidais, em vez do McPherson com\u00a0barras de tor\u00e7\u00e3o do 911. A caixa de dire\u00e7\u00e3o de pinh\u00e3o e cremalheira era a primeira na marca. O 928 usava pneus 225\/50 em rodas de 16 polegadas com o famoso desenho de disco telef\u00f4nico.<\/p>\n<p>Os engenheiros de Stuttgart\/Zuffenhausen capricharam. O 928 foi considerado um dos melhores GTs do mundo em sua \u00e9poca. Era um carro de v\u00e1rias qualidades: \u00f3timo em estradas, tanto em velocidade quanto acelera\u00e7\u00f5es, e ao mesmo tempo luxuoso e confort\u00e1vel. Podia fazer viagens nas Autobahnen de seu pa\u00eds natal mantendo m\u00e9dia acima de 200 km\/h sem esfor\u00e7o. Faturou o t\u00edtulo de Carro do Ano europeu, jamais concedido antes a um esportivo.<\/p>\n<p>&nbsp;<\/p>\n<div class='one_half'>\n\t\t\t\t\t<a href=\"https:\/\/autolivraria.com.br\/bc\/wp-content\/uploads\/2013\/12\/Porsche-928-tecnica-1.jpg\"><img decoding=\"async\" class=\"aligncenter size-meia-largura-post wp-image-37651 lazyload\" alt=\"Porsche 928\" data-src=\"https:\/\/autolivraria.com.br\/bc\/wp-content\/uploads\/2013\/12\/Porsche-928-tecnica-1-270x179.jpg\" width=\"270\" height=\"179\" data-srcset=\"https:\/\/autolivraria.com.br\/bc\/wp-content\/uploads\/2013\/12\/Porsche-928-tecnica-1-270x179.jpg 270w, https:\/\/autolivraria.com.br\/bc\/wp-content\/uploads\/2013\/12\/Porsche-928-tecnica-1-560x373.jpg 560w, https:\/\/autolivraria.com.br\/bc\/wp-content\/uploads\/2013\/12\/Porsche-928-tecnica-1-470x313.jpg 470w, https:\/\/autolivraria.com.br\/bc\/wp-content\/uploads\/2013\/12\/Porsche-928-tecnica-1.jpg 950w\" data-sizes=\"(max-width: 270px) 100vw, 270px\" src=\"data:image\/svg+xml;base64,PHN2ZyB3aWR0aD0iMSIgaGVpZ2h0PSIxIiB4bWxucz0iaHR0cDovL3d3dy53My5vcmcvMjAwMC9zdmciPjwvc3ZnPg==\" style=\"--smush-placeholder-width: 270px; --smush-placeholder-aspect-ratio: 270\/179;\" \/><\/a>\n\t\t\t\t<\/div>\n<div class='one_half last'>\n\t\t\t\t\t<a href=\"https:\/\/autolivraria.com.br\/bc\/wp-content\/uploads\/2013\/12\/Porsche-928-tecnica-21.jpg\"><img decoding=\"async\" class=\"aligncenter size-meia-largura-post wp-image-37686 lazyload\" alt=\"Porsche 928\" data-src=\"https:\/\/autolivraria.com.br\/bc\/wp-content\/uploads\/2013\/12\/Porsche-928-tecnica-21-270x179.jpg\" width=\"270\" height=\"179\" data-srcset=\"https:\/\/autolivraria.com.br\/bc\/wp-content\/uploads\/2013\/12\/Porsche-928-tecnica-21-270x179.jpg 270w, https:\/\/autolivraria.com.br\/bc\/wp-content\/uploads\/2013\/12\/Porsche-928-tecnica-21-560x373.jpg 560w, https:\/\/autolivraria.com.br\/bc\/wp-content\/uploads\/2013\/12\/Porsche-928-tecnica-21-470x313.jpg 470w, https:\/\/autolivraria.com.br\/bc\/wp-content\/uploads\/2013\/12\/Porsche-928-tecnica-21.jpg 950w\" data-sizes=\"(max-width: 270px) 100vw, 270px\" src=\"data:image\/svg+xml;base64,PHN2ZyB3aWR0aD0iMSIgaGVpZ2h0PSIxIiB4bWxucz0iaHR0cDovL3d3dy53My5vcmcvMjAwMC9zdmciPjwvc3ZnPg==\" style=\"--smush-placeholder-width: 270px; --smush-placeholder-aspect-ratio: 270\/179;\" \/><\/a>\n\t\t\t\t<\/div><div class='clear'><\/div>\n<h6 style=\"text-align: center;\"><em>\u00a0<\/em><br \/>\n<em>O trem de for\u00e7a do 928 revela o transeixo na traseira, solu\u00e7\u00e3o para distribuir o<\/em><br \/>\n<em> peso entre os eixos; a suspens\u00e3o posterior\u00a0Weissach favorecia a estabilidade<\/em><\/h6>\n<p>&nbsp;<\/p>\n<p>O 928 agradou \u00e0 revista inglesa <em>Car\u00a0<\/em> em seu primeiro teste: \u201cO motor \u00e9 tremendamente flex\u00edvel, com pot\u00eancia desde baixas rota\u00e7\u00f5es e um desempenho agrad\u00e1vel, consistente e us\u00e1vel, em vez de apenas fenomenal \u2014 ao menos para os padr\u00f5es de um supercarro. Onde o 928 demonstra uma de suas maiores for\u00e7as \u00e9 na habilidade em cruzar estradas sem esfor\u00e7o, em sil\u00eancio, dando prazer a motorista e passageiro. Voc\u00ea se sente bem com a \u00f3bvia compet\u00eancia do carro, seu completo dom\u00ednio da situa\u00e7\u00e3o\u201d.<\/p>\n<p>Nos EUA, a <em>Car and Driver<\/em>\u00a0 entusiasmou-se: \u201cEle tem grande chance de se tornar o padr\u00e3o de excel\u00eancia automotiva desta d\u00e9cada. Comparado a alguns dos carros chamados ex\u00f3ticos, o 928 brilha ainda mais. Velocidade? Que tal 233 km\/h, seja com c\u00e2mbio manual ou autom\u00e1tico? E \u00e9 um desempenho utiliz\u00e1vel, gra\u00e7as a um dos chassis mais competentes j\u00e1 projetados. O \u00f3timo acerto faz todo o trabalho, com uma combina\u00e7\u00e3o de estabilidade em alta velocidade, reflexos de gato e um conforto de marcha que n\u00e3o fica atr\u00e1s de nenhum outro. Tudo isso em um carro com estilo pr\u00f3prio e mais confi\u00e1vel que os Porsches do passado. Qualquer um que possa pagar seu pre\u00e7o n\u00e3o deveria passar mais um dia sem um\u201d.<\/p>\n<p>&nbsp;<\/p>\n<h2>As primeiras evolu\u00e7\u00f5es<\/h2>\n<p>Na vers\u00e3o S, lan\u00e7ada em setembro de 1979, as diferen\u00e7as externas eram os defletores dianteiro e traseiro e as novas rodas de alum\u00ednio.\u00a0Havia tamb\u00e9m lavador de far\u00f3is: jatos de \u00e1gua de alta press\u00e3o eram disparados para limp\u00e1-los.\u00a0Por dentro ele recebia volante de quatro raios, ar-condicionado com controle autom\u00e1tico de temperatura e <a href=\"https:\/\/autolivraria.com.br\/bc\/glossario-c\/#cont\">controlador de velocidade<\/a> de s\u00e9rie. O motor V8 era ampliado para 4,7 litros, com o que a pot\u00eancia aumentou para 300 cv e o torque para 39,2 m.kgf. A velocidade final agora era digna de um Porsche: 250 km\/h com c\u00e2mbio manual e 245 com o autom\u00e1tico.<\/p>\n<p>&nbsp;<\/p>\n<p><a href=\"https:\/\/autolivraria.com.br\/bc\/wp-content\/uploads\/2013\/12\/Porsche-928-S-1980-06.jpg\"><img decoding=\"async\" class=\"aligncenter size-medium wp-image-37653 lazyload\" alt=\"Porsche 928 S 1980\" data-src=\"https:\/\/autolivraria.com.br\/bc\/wp-content\/uploads\/2013\/12\/Porsche-928-S-1980-06-560x373.jpg\" width=\"560\" height=\"373\" data-srcset=\"https:\/\/autolivraria.com.br\/bc\/wp-content\/uploads\/2013\/12\/Porsche-928-S-1980-06-560x373.jpg 560w, https:\/\/autolivraria.com.br\/bc\/wp-content\/uploads\/2013\/12\/Porsche-928-S-1980-06-470x313.jpg 470w, https:\/\/autolivraria.com.br\/bc\/wp-content\/uploads\/2013\/12\/Porsche-928-S-1980-06-270x179.jpg 270w, https:\/\/autolivraria.com.br\/bc\/wp-content\/uploads\/2013\/12\/Porsche-928-S-1980-06.jpg 950w\" data-sizes=\"(max-width: 560px) 100vw, 560px\" src=\"data:image\/svg+xml;base64,PHN2ZyB3aWR0aD0iMSIgaGVpZ2h0PSIxIiB4bWxucz0iaHR0cDovL3d3dy53My5vcmcvMjAwMC9zdmciPjwvc3ZnPg==\" style=\"--smush-placeholder-width: 560px; --smush-placeholder-aspect-ratio: 560\/373;\" \/><\/a><\/p>\n<p>&nbsp;<\/p>\n<div class='one_half'>\n\t\t\t\t\t<a href=\"https:\/\/autolivraria.com.br\/bc\/wp-content\/uploads\/2013\/12\/Porsche-928-S-1980-05.jpg\"><img decoding=\"async\" class=\"aligncenter size-meia-largura-post wp-image-37654 lazyload\" alt=\"Porsche 928 S 1980\" data-src=\"https:\/\/autolivraria.com.br\/bc\/wp-content\/uploads\/2013\/12\/Porsche-928-S-1980-05-270x179.jpg\" width=\"270\" height=\"179\" data-srcset=\"https:\/\/autolivraria.com.br\/bc\/wp-content\/uploads\/2013\/12\/Porsche-928-S-1980-05-270x179.jpg 270w, https:\/\/autolivraria.com.br\/bc\/wp-content\/uploads\/2013\/12\/Porsche-928-S-1980-05-560x373.jpg 560w, https:\/\/autolivraria.com.br\/bc\/wp-content\/uploads\/2013\/12\/Porsche-928-S-1980-05-470x313.jpg 470w, https:\/\/autolivraria.com.br\/bc\/wp-content\/uploads\/2013\/12\/Porsche-928-S-1980-05.jpg 950w\" data-sizes=\"(max-width: 270px) 100vw, 270px\" src=\"data:image\/svg+xml;base64,PHN2ZyB3aWR0aD0iMSIgaGVpZ2h0PSIxIiB4bWxucz0iaHR0cDovL3d3dy53My5vcmcvMjAwMC9zdmciPjwvc3ZnPg==\" style=\"--smush-placeholder-width: 270px; --smush-placeholder-aspect-ratio: 270\/179;\" \/><\/a>\n\t\t\t\t<\/div>\n<div class='one_half last'>\n\t\t\t\t\t<a href=\"https:\/\/autolivraria.com.br\/bc\/wp-content\/uploads\/2013\/12\/Porsche-928-S-1980-int1.jpg\"><img decoding=\"async\" class=\"aligncenter size-meia-largura-post wp-image-37655 lazyload\" alt=\"Porsche 928 S 1980\" data-src=\"https:\/\/autolivraria.com.br\/bc\/wp-content\/uploads\/2013\/12\/Porsche-928-S-1980-int1-270x179.jpg\" width=\"270\" height=\"179\" data-srcset=\"https:\/\/autolivraria.com.br\/bc\/wp-content\/uploads\/2013\/12\/Porsche-928-S-1980-int1-270x179.jpg 270w, https:\/\/autolivraria.com.br\/bc\/wp-content\/uploads\/2013\/12\/Porsche-928-S-1980-int1-560x373.jpg 560w, https:\/\/autolivraria.com.br\/bc\/wp-content\/uploads\/2013\/12\/Porsche-928-S-1980-int1-470x313.jpg 470w, https:\/\/autolivraria.com.br\/bc\/wp-content\/uploads\/2013\/12\/Porsche-928-S-1980-int1.jpg 950w\" data-sizes=\"(max-width: 270px) 100vw, 270px\" src=\"data:image\/svg+xml;base64,PHN2ZyB3aWR0aD0iMSIgaGVpZ2h0PSIxIiB4bWxucz0iaHR0cDovL3d3dy53My5vcmcvMjAwMC9zdmciPjwvc3ZnPg==\" style=\"--smush-placeholder-width: 270px; --smush-placeholder-aspect-ratio: 270\/179;\" \/><\/a>\n\t\t\t\t<\/div><div class='clear'><\/div>\n<h6 style=\"text-align: center;\"><em>\u00a0<\/em><br \/>\n<em>Defletores \u00e0 frente e atr\u00e1s identificam a vers\u00e3o S, que ganhava itens de conforto;<\/em><br \/>\n<em> o motor V8 passava a 4,7 litros e 300 cv, suficientes para atingir 250 km\/h<\/em><\/h6>\n<p>&nbsp;<\/p>\n<p>O motor de 4,5 litros permanecia dispon\u00edvel, agora com\u00a0<a href=\"https:\/\/autolivraria.com.br\/bc\/glossario-t\/#taxa\">taxa de compress\u00e3o<\/a>\u00a0mais alta, mas tal vers\u00e3o era simplificada com pneus 215\/60 R 15 em vez de 225\/50 R 16. A inglesa <em>Autocar<\/em>\u00a0 avaliou um 928 b\u00e1sico de caixa autom\u00e1tica: &#8220;Ele tem a mais deliciosa resposta para ultrapassar. Chega alegre a mais de 190 km\/h, est\u00e1vel e com facilidade. O 928 est\u00e1 em seu melhor em uma longa viagem, na qual atende com excel\u00eancia \u00e0s necessidades do motorista. Os bancos s\u00e3o firmes, mas d\u00e3o apoio soberbo, e o acabamento \u00e9 perfeito. O V8 da Porsche continua fonte de prazer&#8221;.<\/p>\n<p>&nbsp;<\/p>\n<div class='code-block code-block-7' style='margin: 28px auto; text-align: center; display: block; clear: both;'>\n<script async src=\"https:\/\/pagead2.googlesyndication.com\/pagead\/js\/adsbygoogle.js\"><\/script>\n<!-- AL-quadrado -->\n<ins class=\"adsbygoogle\"\n     style=\"display:block\"\n     data-ad-client=\"ca-pub-1914799802606213\"\n     data-ad-slot=\"5683066082\"\n     data-ad-format=\"auto\"\n     data-full-width-responsive=\"true\"><\/ins>\n<script>\n     (adsbygoogle = window.adsbygoogle || []).push({});\n<\/script><\/div>\n\n<p>&nbsp;<\/p>\n<p>Do outro lado do Atl\u00e2ntico, a <em>Popular Mechanics\u00a0<\/em> colocou 16 carros esportivos e de luxo nas m\u00e3os dos pilotos <a href=\"https:\/\/www.autolivraria.com.br\/hm\/293-stirling-moss-1.htm\">Stirling Moss<\/a> e <a href=\"https:\/\/www.autolivraria.com.br\/hm\/313-phil-hill-1.htm\">Phil Hill<\/a>. Embora o 928 fosse o s\u00e9timo mais acess\u00edvel do grupo, mostrou desempenho entre os melhores: foi s\u00e9timo colocado na acelera\u00e7\u00e3o do quarto de milha, quarto em velocidade no <em>slalom<\/em>\u00a0 (desvio entre cones), sexto em espa\u00e7o de frenagem e quarto em tempo de volta no circuito, o que lhe rendeu o t\u00edtulo de estrela do teste.<\/p>\n<p>\u201c\u00c9 um carro perfeitamente us\u00e1vel todos os dias, com estilo de autom\u00f3vel em vez de nave espacial, mas que supera em desempenho quase todo o restante. Phil Hill disse: \u2018O 928 deve ser o carro de rua com mais alto desenvolvimento que existe. No primeiro minuto voc\u00ea sente sua sofistica\u00e7\u00e3o. \u00c9 silencioso, tem modos impec\u00e1veis. Tudo nele \u00e9 de topo\u2019. Moss considerou-o \u2018um carro incr\u00edvel, absolutamente soberbo. Tem muito boa ader\u00eancia com os pneus Pirelli P7, o chassi \u00e9 bastante equilibrado\u2019. O Porsche \u00e9 amig\u00e1vel e inspirador \u2014 ele d\u00e1 energia em vez de consumi-la. Ele faz de voc\u00ea um motorista melhor do que voc\u00ea \u00e9 e fornece uma tremenda sensa\u00e7\u00e3o de seguran\u00e7a\u201d, descreveu a revista.<\/p>\n<table border=\"0\">\n<tbody>\n<tr>\n<td><a href='https:\/\/autolivraria.com.br\/bc\/informe-se\/passado\/historia-porsche-928-o-gt-que-causou-uma-revolucao-em-stuttgart\/3\/' class='small-button smallsilver'>Pr\u00f3xima parte<\/a><\/td>\n<\/tr>\n<\/tbody>\n<\/table>\n<p>&nbsp;<\/p>\n<div class='et-box et-shadow'>\n\t\t\t\t\t<div class='et-box-content'><h2>Com mais espa\u00e7o<\/h2>\n<table id=\"table6030\" style=\"width: 100%;\" border=\"0\" cellspacing=\"0\" cellpadding=\"0\">\n<tbody>\n<tr>\n<td width=\"50%\" height=\"210\"><a href=\"https:\/\/autolivraria.com.br\/bc\/wp-content\/uploads\/2013\/12\/Porsche-928-especiais-928-4.jpg\"><img decoding=\"async\" class=\"alignnone  wp-image-37588 lazyload\" alt=\"Porsche 942\" data-src=\"https:\/\/autolivraria.com.br\/bc\/wp-content\/uploads\/2013\/12\/Porsche-928-especiais-928-4-270x179.jpg\" width=\"243\" height=\"161\" data-srcset=\"https:\/\/autolivraria.com.br\/bc\/wp-content\/uploads\/2013\/12\/Porsche-928-especiais-928-4-270x179.jpg 270w, https:\/\/autolivraria.com.br\/bc\/wp-content\/uploads\/2013\/12\/Porsche-928-especiais-928-4-560x372.jpg 560w, https:\/\/autolivraria.com.br\/bc\/wp-content\/uploads\/2013\/12\/Porsche-928-especiais-928-4-470x312.jpg 470w, https:\/\/autolivraria.com.br\/bc\/wp-content\/uploads\/2013\/12\/Porsche-928-especiais-928-4.jpg 640w\" data-sizes=\"(max-width: 243px) 100vw, 243px\" src=\"data:image\/svg+xml;base64,PHN2ZyB3aWR0aD0iMSIgaGVpZ2h0PSIxIiB4bWxucz0iaHR0cDovL3d3dy53My5vcmcvMjAwMC9zdmciPjwvc3ZnPg==\" style=\"--smush-placeholder-width: 243px; --smush-placeholder-aspect-ratio: 243\/161;\" \/><\/a><\/td>\n<td width=\"50%\" height=\"210\"><a href=\"https:\/\/autolivraria.com.br\/bc\/wp-content\/uploads\/2013\/12\/Porsche-928-conceitos-H50-1987-01.jpg\"><img decoding=\"async\" class=\"alignnone  wp-image-37589 lazyload\" alt=\"Porsche 928 H50\" data-src=\"https:\/\/autolivraria.com.br\/bc\/wp-content\/uploads\/2013\/12\/Porsche-928-conceitos-H50-1987-01-270x179.jpg\" width=\"243\" height=\"161\" data-srcset=\"https:\/\/autolivraria.com.br\/bc\/wp-content\/uploads\/2013\/12\/Porsche-928-conceitos-H50-1987-01-270x179.jpg 270w, https:\/\/autolivraria.com.br\/bc\/wp-content\/uploads\/2013\/12\/Porsche-928-conceitos-H50-1987-01-560x373.jpg 560w, https:\/\/autolivraria.com.br\/bc\/wp-content\/uploads\/2013\/12\/Porsche-928-conceitos-H50-1987-01-470x313.jpg 470w, https:\/\/autolivraria.com.br\/bc\/wp-content\/uploads\/2013\/12\/Porsche-928-conceitos-H50-1987-01.jpg 950w\" data-sizes=\"(max-width: 243px) 100vw, 243px\" src=\"data:image\/svg+xml;base64,PHN2ZyB3aWR0aD0iMSIgaGVpZ2h0PSIxIiB4bWxucz0iaHR0cDovL3d3dy53My5vcmcvMjAwMC9zdmciPjwvc3ZnPg==\" style=\"--smush-placeholder-width: 243px; --smush-placeholder-aspect-ratio: 243\/161;\" \/><\/a><\/td>\n<\/tr>\n<\/tbody>\n<\/table>\n<p>Dois projetos foram desenvolvidos pela Porsche para dar mais espa\u00e7o interno ao 928. O primeiro (\u00e0 esquerda), revelado em 1984, foi constru\u00eddo em exemplar \u00fanico para presentear <a href=\"https:\/\/www.autolivraria.com.br\/hm\/318-ferdinand-ferry-porsche-1.htm\">Ferdinand \u201cFerry\u201d Porsche<\/a> em seu 75\u00ba. anivers\u00e1rio, o modelo 942 (alguns o chamam de 928-4) era um 928 com a dist\u00e2ncia entre eixos alongada em 25 cent\u00edmetros e a linha de teto modificada a fim de oferecer mais espa\u00e7o para cabe\u00e7a aos passageiros de tr\u00e1s. O resultado foi uma<em> shooting brake<\/em>, \u00a0ou perua esportiva, com o motor de 32 v\u00e1lvulas do 928 S4 e novos para-choques que seriam adotados dois anos mais tarde no modelo de produ\u00e7\u00e3o.<\/p>\n<p>Aquele presente a Ferry foi o ponto de partida para um estudo de viabilidade de produ\u00e7\u00e3o, denominado H50 (\u00e0 direita) e conclu\u00eddo tr\u00eas anos depois, em 1987. Al\u00e9m das maiores dimens\u00f5es que no 928 de linha, o carro\u00a0trazia pequenas portas adicionais\u00a0com abertura para tr\u00e1s, sem ma\u00e7anetas aparentes por fora. As portas dianteiras, enormes no 928 original, foram encurtadas e um arranjo simulava a liga\u00e7\u00e3o entre o vidro da quinta porta e os laterais traseiros, o que n\u00e3o havia no 942.<\/p>\n<p>Deixado no esquecimento por duas d\u00e9cadas, esse prot\u00f3tipo voltou a ser lembrado com o lan\u00e7amento do Panamera, tamb\u00e9m um quatro-portas com motor V8 dianteiro. Hoje o H50 pode ser visto no museu da empresa.<\/p><\/div><\/div>\n<p>&nbsp;<\/p>\n<div class='et-box et-shadow'>\n\t\t\t\t\t<div class='et-box-content'><h2>Nas telas<\/h2>\n<table id=\"table6030\" style=\"width: 100%;\" border=\"0\" cellspacing=\"0\" cellpadding=\"0\">\n<tbody>\n<tr>\n<td style=\"width: 50%; height: 230px;\"><img decoding=\"async\" class=\"wp-image-37590 alignnone lazyload\" alt=\"Scarface\" data-src=\"https:\/\/autolivraria.com.br\/bc\/wp-content\/uploads\/2013\/12\/Telas-Scarface.jpg\" width=\"243\" height=\"163\" src=\"data:image\/svg+xml;base64,PHN2ZyB3aWR0aD0iMSIgaGVpZ2h0PSIxIiB4bWxucz0iaHR0cDovL3d3dy53My5vcmcvMjAwMC9zdmciPjwvc3ZnPg==\" style=\"--smush-placeholder-width: 243px; --smush-placeholder-aspect-ratio: 243\/163;\" \/><\/p>\n<h6><em>Scarface<\/em><\/h6>\n<\/td>\n<td style=\"width: 50%; height: 230px;\"><img decoding=\"async\" class=\"wp-image-37591 alignnone lazyload\" alt=\"In the Red\" data-src=\"https:\/\/autolivraria.com.br\/bc\/wp-content\/uploads\/2013\/12\/Telas-In-the-Red.jpg\" width=\"243\" height=\"163\" src=\"data:image\/svg+xml;base64,PHN2ZyB3aWR0aD0iMSIgaGVpZ2h0PSIxIiB4bWxucz0iaHR0cDovL3d3dy53My5vcmcvMjAwMC9zdmciPjwvc3ZnPg==\" style=\"--smush-placeholder-width: 243px; --smush-placeholder-aspect-ratio: 243\/163;\" \/><\/p>\n<h6><em>In the Red<\/em><\/h6>\n<\/td>\n<\/tr>\n<\/tbody>\n<\/table>\n<p>O charme do 928 n\u00e3o passou despercebido pelo cinema, que empregou o GT alem\u00e3o em numerosos pap\u00e9is. O modelo inicial pode ser visto em filmes como a com\u00e9dia <em>Middle Age Crazy<\/em>\u00a0 (1980), o drama\u00a0<em>Caminhos Separados<\/em>\u00a0(<em>Separate Ways<\/em>, \u00a01981), o policial\u00a0<em>Scarface\u00a0<\/em>\u00a0(1983), o drama\u00a0<em>Neg\u00f3cio Arriscado\u00a0<\/em>\u00a0(<em>Risky Business<\/em>, \u00a01983)\u00a0e\u00a0a a\u00e7\u00e3o<em>\u00a0In the Red<\/em>\u00a0 (1999).<\/p>\n<table id=\"table6030\" style=\"width: 100%;\" border=\"0\" cellspacing=\"0\" cellpadding=\"0\">\n<tbody>\n<tr>\n<td style=\"width: 50%; height: 230px;\"><img decoding=\"async\" class=\"wp-image-37592     alignnone lazyload\" alt=\"O Escondido\" data-src=\"https:\/\/autolivraria.com.br\/bc\/wp-content\/uploads\/2013\/12\/Telas-The-Hidden.jpg\" width=\"243\" height=\"163\" src=\"data:image\/svg+xml;base64,PHN2ZyB3aWR0aD0iMSIgaGVpZ2h0PSIxIiB4bWxucz0iaHR0cDovL3d3dy53My5vcmcvMjAwMC9zdmciPjwvc3ZnPg==\" style=\"--smush-placeholder-width: 243px; --smush-placeholder-aspect-ratio: 243\/163;\" \/><\/p>\n<h6><em>O Escondido<\/em><\/h6>\n<\/td>\n<td style=\"width: 50%; height: 230px;\"><img decoding=\"async\" class=\"wp-image-37593  alignnone lazyload\" alt=\"Looker\" data-src=\"https:\/\/autolivraria.com.br\/bc\/wp-content\/uploads\/2013\/12\/Telas-Looker.jpg\" width=\"243\" height=\"163\" src=\"data:image\/svg+xml;base64,PHN2ZyB3aWR0aD0iMSIgaGVpZ2h0PSIxIiB4bWxucz0iaHR0cDovL3d3dy53My5vcmcvMjAwMC9zdmciPjwvc3ZnPg==\" style=\"--smush-placeholder-width: 243px; --smush-placeholder-aspect-ratio: 243\/163;\" \/><\/p>\n<h6><em>Looker<\/em><\/h6>\n<\/td>\n<\/tr>\n<\/tbody>\n<\/table>\n<p>Entre as apari\u00e7\u00f5es da vers\u00e3o 928 S est\u00e3o o policial <em>O Escondido<\/em>\u00a0 (<em>The Hidden<\/em>, \u00a01987), a a\u00e7\u00e3o <em>Banzai Runner\u00a0<\/em> (1987), o drama <em>The Business\u00a0<\/em> (2005) e a biografia <em>Jobs\u00a0<\/em> (2013), sobre o fundador da Apple. Modelos entre 1981 e 1982, mas da vers\u00e3o b\u00e1sica, podem ser vistos no drama <em>Looker<\/em>\u00a0 (1981), no qual o carro vai parar na \u00e1gua de uma fonte de jardim; na com\u00e9dia <em>Double Exposure<\/em>\u00a0 (1983) e\u00a0na a\u00e7\u00e3o <em>Red Line<\/em>\u00a0 (1995).<\/p>\n<table id=\"table6030\" style=\"width: 100%;\" border=\"0\" cellspacing=\"0\" cellpadding=\"0\">\n<tbody>\n<tr>\n<td style=\"height: 230px; width: 50%;\"><img decoding=\"async\" class=\"wp-image-37594      alignnone lazyload\" alt=\"Sedu\u00e7\u00e3o Fatal\" data-src=\"https:\/\/autolivraria.com.br\/bc\/wp-content\/uploads\/2013\/12\/Telas-Eye-of-the-Beholder.jpg\" width=\"243\" height=\"163\" src=\"data:image\/svg+xml;base64,PHN2ZyB3aWR0aD0iMSIgaGVpZ2h0PSIxIiB4bWxucz0iaHR0cDovL3d3dy53My5vcmcvMjAwMC9zdmciPjwvc3ZnPg==\" style=\"--smush-placeholder-width: 243px; --smush-placeholder-aspect-ratio: 243\/163;\" \/><\/p>\n<h6><em>Sedu\u00e7\u00e3o Fatal<\/em><\/h6>\n<\/td>\n<td style=\"height: 230px; width: 50%;\"><img decoding=\"async\" class=\"wp-image-37595  alignnone lazyload\" alt=\"Leonard Part 6\" data-src=\"https:\/\/autolivraria.com.br\/bc\/wp-content\/uploads\/2013\/12\/Telas-Leonard-Part-6.jpg\" width=\"243\" height=\"163\" src=\"data:image\/svg+xml;base64,PHN2ZyB3aWR0aD0iMSIgaGVpZ2h0PSIxIiB4bWxucz0iaHR0cDovL3d3dy53My5vcmcvMjAwMC9zdmciPjwvc3ZnPg==\" style=\"--smush-placeholder-width: 243px; --smush-placeholder-aspect-ratio: 243\/163;\" \/><\/p>\n<h6><em>Leonard Part 6<\/em><\/h6>\n<\/td>\n<\/tr>\n<\/tbody>\n<\/table>\n<p>Modelos das s\u00e9ries mais recentes tamb\u00e9m tiveram seu espa\u00e7o. O 928 S4 est\u00e1 no drama <em>Sedu\u00e7\u00e3o Fatal<\/em>\u00a0 (<em>Eye of the Beholder<\/em>, \u00a01999), \u00a0no drama <em>Risk\u00a0<\/em> (2000)\u00a0e no filme de terror <em>Magus<\/em>\u00a0 (2008). Um GT aparece na com\u00e9dia <em>Suckers<\/em>\u00a0 (1999).<\/p>\n<p>O papel mais curioso \u00e9 o do 928 de 1981 visto na com\u00e9dia <em>Leonard Part 6\u00a0<\/em> (1987), pintado como ve\u00edculo militar camuflado e com um canh\u00e3o sobre o teto.<\/p><\/div><\/div>\n<table border=\"0\">\n<tbody>\n<tr>\n<td><a href='https:\/\/autolivraria.com.br\/bc\/informe-se\/passado\/historia-porsche-928-o-gt-que-causou-uma-revolucao-em-stuttgart\/3\/' class='small-button smallsilver'>Pr\u00f3xima parte<\/a><\/td>\n<\/tr>\n<\/tbody>\n<\/table>\n<p>&nbsp;<\/p>\n<p>&nbsp;<\/p>\n<p><!--nextpage--><\/p>\n<div class='one_half'>\n\t\t\t\t\t<a href=\"https:\/\/autolivraria.com.br\/bc\/wp-content\/uploads\/2013\/12\/Porsche-928-S-1980-03.jpg\"><img decoding=\"async\" class=\"aligncenter size-meia-largura-post wp-image-37684 lazyload\" alt=\"Porsche 928 S 1980\" data-src=\"https:\/\/autolivraria.com.br\/bc\/wp-content\/uploads\/2013\/12\/Porsche-928-S-1980-03-270x179.jpg\" width=\"270\" height=\"179\" data-srcset=\"https:\/\/autolivraria.com.br\/bc\/wp-content\/uploads\/2013\/12\/Porsche-928-S-1980-03-270x179.jpg 270w, https:\/\/autolivraria.com.br\/bc\/wp-content\/uploads\/2013\/12\/Porsche-928-S-1980-03-560x373.jpg 560w, https:\/\/autolivraria.com.br\/bc\/wp-content\/uploads\/2013\/12\/Porsche-928-S-1980-03-470x313.jpg 470w, https:\/\/autolivraria.com.br\/bc\/wp-content\/uploads\/2013\/12\/Porsche-928-S-1980-03.jpg 950w\" data-sizes=\"(max-width: 270px) 100vw, 270px\" src=\"data:image\/svg+xml;base64,PHN2ZyB3aWR0aD0iMSIgaGVpZ2h0PSIxIiB4bWxucz0iaHR0cDovL3d3dy53My5vcmcvMjAwMC9zdmciPjwvc3ZnPg==\" style=\"--smush-placeholder-width: 270px; --smush-placeholder-aspect-ratio: 270\/179;\" \/><\/a>\n\t\t\t\t<\/div>\n<div class='one_half last'>\n\t\t\t\t\t<a href=\"https:\/\/autolivraria.com.br\/bc\/wp-content\/uploads\/2013\/12\/Porsche-928-S-1980-rx.jpg\"><img decoding=\"async\" class=\"aligncenter size-meia-largura-post wp-image-37657 lazyload\" alt=\"Porsche 928 S 1980\" data-src=\"https:\/\/autolivraria.com.br\/bc\/wp-content\/uploads\/2013\/12\/Porsche-928-S-1980-rx-270x179.jpg\" width=\"270\" height=\"179\" data-srcset=\"https:\/\/autolivraria.com.br\/bc\/wp-content\/uploads\/2013\/12\/Porsche-928-S-1980-rx-270x179.jpg 270w, https:\/\/autolivraria.com.br\/bc\/wp-content\/uploads\/2013\/12\/Porsche-928-S-1980-rx-560x373.jpg 560w, https:\/\/autolivraria.com.br\/bc\/wp-content\/uploads\/2013\/12\/Porsche-928-S-1980-rx-470x313.jpg 470w, https:\/\/autolivraria.com.br\/bc\/wp-content\/uploads\/2013\/12\/Porsche-928-S-1980-rx.jpg 950w\" data-sizes=\"(max-width: 270px) 100vw, 270px\" src=\"data:image\/svg+xml;base64,PHN2ZyB3aWR0aD0iMSIgaGVpZ2h0PSIxIiB4bWxucz0iaHR0cDovL3d3dy53My5vcmcvMjAwMC9zdmciPjwvc3ZnPg==\" style=\"--smush-placeholder-width: 270px; --smush-placeholder-aspect-ratio: 270\/179;\" \/><\/a>\n\t\t\t\t<\/div><div class='clear'><\/div>\n<h6 style=\"text-align: center;\"><em>\u00a0<\/em><br \/>\n<em>O 928 S estava mais potente, mas ainda n\u00e3o oferecia c\u00e2mbio autom\u00e1tico de quatro<\/em><br \/>\n<em> marchas ou freios antitravamento, que viriam pouco depois na evolu\u00e7\u00e3o S2<\/em><\/h6>\n<p>&nbsp;<\/p>\n<p>A segunda edi\u00e7\u00e3o do 928 S, ou S2, chegava em 1982 com 10 cv a mais obtidos com inje\u00e7\u00e3o eletr\u00f4nica Bosch LH-Jetronic e taxa de compress\u00e3o elevada. Outra novidade estava na caixa autom\u00e1tica, agora com quatro marchas. Com ela chegava a 250 km\/h e com o c\u00e2mbio manual a 255 km\/h, fazendo de 0 a 100 km\/h em 6,6 s. O sistema antitravamento de freios (ABS) aparecia como opcional em 1984, pela primeira vez em um Porsche, e se tornava item de s\u00e9rie dois anos depois. O mercado norte-americano recebia em 1985 um S2 com cilindrada ampliada para 4,95 litros, quatro v\u00e1lvulas por cilindro e 288 cv, a fim de manter o padr\u00e3o de desempenho apesar das normas de emiss\u00f5es.<\/p>\n<p>A <em>Popular Mechanics\u00a0<\/em> comparou 10 carros esporte de diferentes pre\u00e7os, do <a href=\"https:\/\/www.autolivraria.com.br\/cpassado\/mustang-1.htm\">Ford Mustang<\/a> de US$ 10 mil ao <a href=\"https:\/\/www.autolivraria.com.br\/classicos\/aston-v8-1.htm\">Aston Martin Volante<\/a> de US$ 115 mil, em 1984 e concluiu que o 928 S (de US$ 45 mil) era o melhor deles, seguido por outro Porsche, o <a href=\"https:\/\/www.autolivraria.com.br\/classicos\/924-1.htm\">944<\/a>. O V8 alem\u00e3o foi o segundo mais r\u00e1pido no quarto de milha, freou no menor espa\u00e7o, foi quinto colocado na velocidade de <em>slalom<\/em>\u00a0 e o segundo no tempo de volta no circuito. Os demais competidores eram BMW 633 CSi, <a href=\"https:\/\/www.autolivraria.com.br\/cpassado2\/camaro-1.htm\">Chevrolet Camaro Z-28<\/a> e <a title=\"Corvette: 60 anos fazendo sonhar os entusiastas\" href=\"https:\/\/autolivraria.com.br\/bc\/informe-se\/passado\/chevrolet\/chevrolet-corvette-60-anos-fazendo-sonhar-os-entusiastas\/\">Corvette<\/a>, <a href=\"https:\/\/www.autolivraria.com.br\/cpassado\/ferrari-1.htm\">Ferrari 308 GTS<\/a>, Jaguar XJ-S HE, Mercedes-Benz 380 SL e a vers\u00e3o SVO do Mustang.<\/p>\n<p>&nbsp;<\/p>\n<p><a href=\"https:\/\/autolivraria.com.br\/bc\/wp-content\/uploads\/2013\/12\/Porsche-928-S4-1987-07.jpg\"><img decoding=\"async\" class=\"aligncenter size-medium wp-image-37658 lazyload\" alt=\"Porsche 928 S4 1987\" data-src=\"https:\/\/autolivraria.com.br\/bc\/wp-content\/uploads\/2013\/12\/Porsche-928-S4-1987-07-560x373.jpg\" width=\"560\" height=\"373\" data-srcset=\"https:\/\/autolivraria.com.br\/bc\/wp-content\/uploads\/2013\/12\/Porsche-928-S4-1987-07-560x373.jpg 560w, https:\/\/autolivraria.com.br\/bc\/wp-content\/uploads\/2013\/12\/Porsche-928-S4-1987-07-470x313.jpg 470w, https:\/\/autolivraria.com.br\/bc\/wp-content\/uploads\/2013\/12\/Porsche-928-S4-1987-07-270x179.jpg 270w, https:\/\/autolivraria.com.br\/bc\/wp-content\/uploads\/2013\/12\/Porsche-928-S4-1987-07.jpg 950w\" data-sizes=\"(max-width: 560px) 100vw, 560px\" src=\"data:image\/svg+xml;base64,PHN2ZyB3aWR0aD0iMSIgaGVpZ2h0PSIxIiB4bWxucz0iaHR0cDovL3d3dy53My5vcmcvMjAwMC9zdmciPjwvc3ZnPg==\" style=\"--smush-placeholder-width: 560px; --smush-placeholder-aspect-ratio: 560\/373;\" \/><\/a><\/p>\n<p>&nbsp;<\/p>\n<div class='one_half'>\n\t\t\t\t\t<a href=\"https:\/\/autolivraria.com.br\/bc\/wp-content\/uploads\/2013\/12\/Porsche-928-S4-1987-02.jpg\"><img decoding=\"async\" class=\"aligncenter size-meia-largura-post wp-image-37660 lazyload\" alt=\"Porsche 928 S4 1987\" data-src=\"https:\/\/autolivraria.com.br\/bc\/wp-content\/uploads\/2013\/12\/Porsche-928-S4-1987-02-270x179.jpg\" width=\"270\" height=\"179\" data-srcset=\"https:\/\/autolivraria.com.br\/bc\/wp-content\/uploads\/2013\/12\/Porsche-928-S4-1987-02-270x179.jpg 270w, https:\/\/autolivraria.com.br\/bc\/wp-content\/uploads\/2013\/12\/Porsche-928-S4-1987-02-560x373.jpg 560w, https:\/\/autolivraria.com.br\/bc\/wp-content\/uploads\/2013\/12\/Porsche-928-S4-1987-02-470x313.jpg 470w, https:\/\/autolivraria.com.br\/bc\/wp-content\/uploads\/2013\/12\/Porsche-928-S4-1987-02.jpg 950w\" data-sizes=\"(max-width: 270px) 100vw, 270px\" src=\"data:image\/svg+xml;base64,PHN2ZyB3aWR0aD0iMSIgaGVpZ2h0PSIxIiB4bWxucz0iaHR0cDovL3d3dy53My5vcmcvMjAwMC9zdmciPjwvc3ZnPg==\" style=\"--smush-placeholder-width: 270px; --smush-placeholder-aspect-ratio: 270\/179;\" \/><\/a>\n\t\t\t\t<\/div>\n<div class='one_half last'>\n\t\t\t\t\t<a href=\"https:\/\/autolivraria.com.br\/bc\/wp-content\/uploads\/2013\/12\/Porsche-928-S4-1987-03.jpg\"><img decoding=\"async\" class=\"aligncenter size-meia-largura-post wp-image-37661 lazyload\" alt=\"Porsche 928 S4 1987\" data-src=\"https:\/\/autolivraria.com.br\/bc\/wp-content\/uploads\/2013\/12\/Porsche-928-S4-1987-03-270x179.jpg\" width=\"270\" height=\"179\" data-srcset=\"https:\/\/autolivraria.com.br\/bc\/wp-content\/uploads\/2013\/12\/Porsche-928-S4-1987-03-270x179.jpg 270w, https:\/\/autolivraria.com.br\/bc\/wp-content\/uploads\/2013\/12\/Porsche-928-S4-1987-03-560x373.jpg 560w, https:\/\/autolivraria.com.br\/bc\/wp-content\/uploads\/2013\/12\/Porsche-928-S4-1987-03-470x313.jpg 470w, https:\/\/autolivraria.com.br\/bc\/wp-content\/uploads\/2013\/12\/Porsche-928-S4-1987-03.jpg 950w\" data-sizes=\"(max-width: 270px) 100vw, 270px\" src=\"data:image\/svg+xml;base64,PHN2ZyB3aWR0aD0iMSIgaGVpZ2h0PSIxIiB4bWxucz0iaHR0cDovL3d3dy53My5vcmcvMjAwMC9zdmciPjwvc3ZnPg==\" style=\"--smush-placeholder-width: 270px; --smush-placeholder-aspect-ratio: 270\/179;\" \/><\/a>\n\t\t\t\t<\/div><div class='clear'><\/div>\n<h6 style=\"text-align: center;\"><em>\u00a0<\/em><br \/>\n<em>Frente e traseira vinham mais arredondadas para refrescar o estilo do 928 S4,\u00a0<\/em><em>de<br \/>\n1987; seu interior\u00a0recebia ajuste el\u00e9trico dos bancos e computador de bordo<\/em><\/h6>\n<p>&nbsp;<\/p>\n<p>\u201cEle foi o melhor na parte do teste em estrada, por uma margem consider\u00e1vel, e ficou bem pouco atr\u00e1s do Corvette na pista. O 928 S \u00e9 a combina\u00e7\u00e3o definitiva de desempenho e utilidade, sendo muito bom em qualquer aspecto. \u00c9 bastante f\u00e1cil dirigi-lo r\u00e1pido. \u2018Um grande carro, muito pr\u00f3ximo da perfei\u00e7\u00e3o\u2019, disse um dos testadores\u201d, definiu a revista.<\/p>\n<p>&nbsp;<\/p>\n<blockquote><p>&#8220;Com o p\u00e9 direito embaixo, em qualquer rota\u00e7\u00e3o e em qualquer marcha, o grande 928 pula \u00e0 frente&#8221;, descreveu a inglesa Car ao avaliar a vers\u00e3o S4<\/p><\/blockquote>\n<p>&nbsp;<\/p>\n<p>As mudan\u00e7as foram aprovadas pela <em>Car and Driver<\/em>, \u00a0que escreveu: \u201cPelo crit\u00e9rio de desempenho, o 928 S \u00e9 um aprimoramento substancial sobre seu antecessor. A velocidade m\u00e1xima subiu 16 km\/h, para 248, e a acelera\u00e7\u00e3o de 0 a 96 baixou de 6,2 para 5,7 segundos. S\u00e3o \u00f3timas marcas para um carro com c\u00e2mbio longo, orientado \u00e0 economia, e com pot\u00eancia suficiente para deixar os pneus sem tra\u00e7\u00e3o em baixa velocidade. Este novo motor tem um ter\u00e7o mais de pot\u00eancia que o Chevrolet V8 com inje\u00e7\u00e3o de mesma cilindrada e 104 cv a mais que o Mercedes V8 de 5,0 litros\u201d.<\/p>\n<p>&nbsp;<\/p>\n<h2>Rejuvenescido e&#8230; mais potente<\/h2>\n<p>Uma reformula\u00e7\u00e3o mais ampla ocorria em 1987 com a vers\u00e3o 928 S4. As linhas estavam mais fluidas e o Cx era bem mais baixo (0,34), para o que concorria o porta-malas pouco mais longo. As altera\u00e7\u00f5es mais evidentes eram a frente e a traseira mais arredondadas, as lanternas maiores e o aerof\u00f3lio destacado em vez do defletor. O oito-cilindros, agora com 32 v\u00e1lvulas e 4,95 litros tamb\u00e9m para o mercado europeu, fornecia 320 cv e 43,9 m.kgf. Inova\u00e7\u00e3o era o coletor de admiss\u00e3o de geometria vari\u00e1vel, com dois est\u00e1gios, um mais favor\u00e1vel \u00e0s baixas rota\u00e7\u00f5es e outro \u00e0s altas. Mais tarde ele ganharia monitor de press\u00e3o dos pneus.<\/p>\n<p>&nbsp;<\/p>\n<div class='one_half'>\n\t\t\t\t\t<a href=\"https:\/\/autolivraria.com.br\/bc\/wp-content\/uploads\/2013\/12\/Porsche-928-S4-1987-rx.jpg\"><img decoding=\"async\" class=\"aligncenter size-meia-largura-post wp-image-37662 lazyload\" alt=\"Porsche 928 S4 1987\" data-src=\"https:\/\/autolivraria.com.br\/bc\/wp-content\/uploads\/2013\/12\/Porsche-928-S4-1987-rx-270x179.jpg\" width=\"270\" height=\"179\" data-srcset=\"https:\/\/autolivraria.com.br\/bc\/wp-content\/uploads\/2013\/12\/Porsche-928-S4-1987-rx-270x179.jpg 270w, https:\/\/autolivraria.com.br\/bc\/wp-content\/uploads\/2013\/12\/Porsche-928-S4-1987-rx-560x373.jpg 560w, https:\/\/autolivraria.com.br\/bc\/wp-content\/uploads\/2013\/12\/Porsche-928-S4-1987-rx-470x313.jpg 470w, https:\/\/autolivraria.com.br\/bc\/wp-content\/uploads\/2013\/12\/Porsche-928-S4-1987-rx.jpg 950w\" data-sizes=\"(max-width: 270px) 100vw, 270px\" src=\"data:image\/svg+xml;base64,PHN2ZyB3aWR0aD0iMSIgaGVpZ2h0PSIxIiB4bWxucz0iaHR0cDovL3d3dy53My5vcmcvMjAwMC9zdmciPjwvc3ZnPg==\" style=\"--smush-placeholder-width: 270px; --smush-placeholder-aspect-ratio: 270\/179;\" \/><\/a>\n\t\t\t\t<\/div>\n<div class='one_half last'>\n\t\t\t\t\t<a href=\"https:\/\/autolivraria.com.br\/bc\/wp-content\/uploads\/2013\/12\/Porsche-928-S4-1987-01.jpg\"><img decoding=\"async\" class=\"aligncenter size-meia-largura-post wp-image-37663 lazyload\" alt=\"Porsche 928 S4 1987\" data-src=\"https:\/\/autolivraria.com.br\/bc\/wp-content\/uploads\/2013\/12\/Porsche-928-S4-1987-01-270x179.jpg\" width=\"270\" height=\"179\" data-srcset=\"https:\/\/autolivraria.com.br\/bc\/wp-content\/uploads\/2013\/12\/Porsche-928-S4-1987-01-270x179.jpg 270w, https:\/\/autolivraria.com.br\/bc\/wp-content\/uploads\/2013\/12\/Porsche-928-S4-1987-01-560x373.jpg 560w, https:\/\/autolivraria.com.br\/bc\/wp-content\/uploads\/2013\/12\/Porsche-928-S4-1987-01-470x313.jpg 470w, https:\/\/autolivraria.com.br\/bc\/wp-content\/uploads\/2013\/12\/Porsche-928-S4-1987-01.jpg 950w\" data-sizes=\"(max-width: 270px) 100vw, 270px\" src=\"data:image\/svg+xml;base64,PHN2ZyB3aWR0aD0iMSIgaGVpZ2h0PSIxIiB4bWxucz0iaHR0cDovL3d3dy53My5vcmcvMjAwMC9zdmciPjwvc3ZnPg==\" style=\"--smush-placeholder-width: 270px; --smush-placeholder-aspect-ratio: 270\/179;\" \/><\/a>\n\t\t\t\t<\/div><div class='clear'><\/div>\n<h6 style=\"text-align: center;\"><em>\u00a0<\/em><br \/>\n<em>A cilindrada crescia mais um pouco no S4, para 4,95 litros; coletor de admiss\u00e3o<\/em><br \/>\n<em> vari\u00e1vel e\u00a0cabe\u00e7otes com\u00a032 v\u00e1lvulas ajudavam a levar a pot\u00eancia a 320 cv<\/em><\/h6>\n<p>&nbsp;<\/p>\n<p>Para o ambiente a bordo ficar ainda mais aconchegante, a novidade eram os bancos revestidos em couro com regulagem el\u00e9trica de s\u00e9rie. Algumas vers\u00f5es traziam revestimento em veludo Pascha, com o desenho imitando uma bandeira quadriculada de fim de grande pr\u00eamio de F\u00f3rmula 1. O painel recebia muita eletr\u00f4nica, incluindo computador de bordo. A prioridade ao conforto era percebida no fato de que a vers\u00e3o com c\u00e2mbio autom\u00e1tico j\u00e1 detinha a maioria das vendas.<\/p>\n<p>&nbsp;<\/p>\n<div class='code-block code-block-7' style='margin: 28px auto; text-align: center; display: block; clear: both;'>\n<script async src=\"https:\/\/pagead2.googlesyndication.com\/pagead\/js\/adsbygoogle.js\"><\/script>\n<!-- AL-quadrado -->\n<ins class=\"adsbygoogle\"\n     style=\"display:block\"\n     data-ad-client=\"ca-pub-1914799802606213\"\n     data-ad-slot=\"5683066082\"\n     data-ad-format=\"auto\"\n     data-full-width-responsive=\"true\"><\/ins>\n<script>\n     (adsbygoogle = window.adsbygoogle || []).push({});\n<\/script><\/div>\n\n<p>&nbsp;<\/p>\n<p>A inglesa <em>Motor<\/em>\u00a0 destacou em seu teste do S4: \u201cSob qualquer padr\u00e3o, \u00e9 extremamente r\u00e1pido, chegando a 161 km\/h em 16,1 segundos. A dire\u00e7\u00e3o \u00e9 uma das melhores que j\u00e1 experimentamos: firme, muito precisa, sem suavizar as varia\u00e7\u00f5es de peso que refletem a ader\u00eancia dos pneus. A estabilidade \u00e9 imensa, com sutil <a href=\"https:\/\/autolivraria.com.br\/bc\/glossario-s\/#sube\">subester\u00e7o<\/a>, a menos que provocado por farto uso de pot\u00eancia ou por tirar o p\u00e9 do acelerador. O amortecimento \u00e9 soberbo. E o S4 demonstra que os sistemas ABS est\u00e3o ficando melhores\u201d. Na compara\u00e7\u00e3o com os rivais mais pr\u00f3ximos (Aston Martin V8, BMW M 635 CSi, <a href=\"https:\/\/www.autolivraria.com.br\/ph\/134b.htm\">Ferrari Mondial QV<\/a>, Jaguar XJ-S HE e <a href=\"https:\/\/www.autolivraria.com.br\/cpassado2\/mb-s-1.htm\">Mercedes-Benz 500 SEC<\/a>), o Porsche obteve a mais alta velocidade m\u00e1xima e uma das acelera\u00e7\u00f5es mais r\u00e1pidas.<\/p>\n<p>No mesmo pa\u00eds a\u00a0<em>Car \u00a0<\/em>p\u00f4s o 928 S4 ao lado do 911 Turbo e do 944 Turbo em um confronto familiar em 1989: &#8220;O V8 \u00e9 o motor mais potente que a Porsche produz. Embora todos eles acelerem de 0 a 161 km\/h entre 12 e 14 segundos, os turbos s\u00e3o relativamente lentos at\u00e9 3.000 rpm e ent\u00e3o entram em erup\u00e7\u00e3o. O 928 lembra a velha m\u00e1xima norte-americana: n\u00e3o h\u00e1 substituto para polegadas c\u00fabicas. Com o p\u00e9 direito embaixo, em qualquer rota\u00e7\u00e3o e em qualquer marcha, o grande S4 pula \u00e0 frente sem esfor\u00e7o. Nas retomadas em quarta marcha, o 911 n\u00e3o supera o 928 antes de atingir 130 km\/h&#8221;.<\/p>\n<p>&nbsp;<\/p>\n<div class='one_half'>\n\t\t\t\t\t<a href=\"https:\/\/autolivraria.com.br\/bc\/wp-content\/uploads\/2013\/12\/Porsche-928-S4-Clubsport-1988-02.jpg\"><img decoding=\"async\" class=\"aligncenter size-meia-largura-post wp-image-37664 lazyload\" alt=\"Porsche 928 S4 Clubsport 1988\" data-src=\"https:\/\/autolivraria.com.br\/bc\/wp-content\/uploads\/2013\/12\/Porsche-928-S4-Clubsport-1988-02-270x179.jpg\" width=\"270\" height=\"179\" data-srcset=\"https:\/\/autolivraria.com.br\/bc\/wp-content\/uploads\/2013\/12\/Porsche-928-S4-Clubsport-1988-02-270x179.jpg 270w, https:\/\/autolivraria.com.br\/bc\/wp-content\/uploads\/2013\/12\/Porsche-928-S4-Clubsport-1988-02-560x373.jpg 560w, https:\/\/autolivraria.com.br\/bc\/wp-content\/uploads\/2013\/12\/Porsche-928-S4-Clubsport-1988-02-470x313.jpg 470w, https:\/\/autolivraria.com.br\/bc\/wp-content\/uploads\/2013\/12\/Porsche-928-S4-Clubsport-1988-02.jpg 950w\" data-sizes=\"(max-width: 270px) 100vw, 270px\" src=\"data:image\/svg+xml;base64,PHN2ZyB3aWR0aD0iMSIgaGVpZ2h0PSIxIiB4bWxucz0iaHR0cDovL3d3dy53My5vcmcvMjAwMC9zdmciPjwvc3ZnPg==\" style=\"--smush-placeholder-width: 270px; --smush-placeholder-aspect-ratio: 270\/179;\" \/><\/a>\n\t\t\t\t<\/div>\n<div class='one_half last'>\n\t\t\t\t\t<a href=\"https:\/\/autolivraria.com.br\/bc\/wp-content\/uploads\/2013\/12\/Porsche-928-S4-Clubsport-1988-01.jpg\"><img decoding=\"async\" class=\"aligncenter size-meia-largura-post wp-image-37665 lazyload\" alt=\"Porsche 928 S4 Clubsport 1988\" data-src=\"https:\/\/autolivraria.com.br\/bc\/wp-content\/uploads\/2013\/12\/Porsche-928-S4-Clubsport-1988-01-270x179.jpg\" width=\"270\" height=\"179\" data-srcset=\"https:\/\/autolivraria.com.br\/bc\/wp-content\/uploads\/2013\/12\/Porsche-928-S4-Clubsport-1988-01-270x179.jpg 270w, https:\/\/autolivraria.com.br\/bc\/wp-content\/uploads\/2013\/12\/Porsche-928-S4-Clubsport-1988-01-560x373.jpg 560w, https:\/\/autolivraria.com.br\/bc\/wp-content\/uploads\/2013\/12\/Porsche-928-S4-Clubsport-1988-01-470x313.jpg 470w, https:\/\/autolivraria.com.br\/bc\/wp-content\/uploads\/2013\/12\/Porsche-928-S4-Clubsport-1988-01.jpg 950w\" data-sizes=\"(max-width: 270px) 100vw, 270px\" src=\"data:image\/svg+xml;base64,PHN2ZyB3aWR0aD0iMSIgaGVpZ2h0PSIxIiB4bWxucz0iaHR0cDovL3d3dy53My5vcmcvMjAwMC9zdmciPjwvc3ZnPg==\" style=\"--smush-placeholder-width: 270px; --smush-placeholder-aspect-ratio: 270\/179;\" \/><\/a>\n\t\t\t\t<\/div><div class='clear'><\/div>\n<h6 style=\"text-align: center;\"><em>\u00a0<\/em><br \/>\n<em>Quase 200 kg a menos, suspens\u00e3o mais firme, motor mais potente: era o 928 S4<\/em><br \/>\n<em> Clubsport, edi\u00e7\u00e3o limitada oferecida em 1988 com \u00eanfase no uso esportivo<\/em><\/h6>\n<p>&nbsp;<\/p>\n<p>Nos EUA, a <em>Road &amp; Track<\/em>\u00a0 considerava o <a href=\"https:\/\/www.autolivraria.com.br\/cpassado\/ferrari-1.htm\">Ferrari 328 GTS<\/a> e o <a href=\"https:\/\/www.autolivraria.com.br\/classicos\/esprit-1.htm\">Lotus Turbo Esprit<\/a> os maiores advers\u00e1rios do S4. O Porsche superava ambos em acelera\u00e7\u00e3o, espa\u00e7o de frenagem e velocidade no <em>slalom,<\/em> \u00a0embora fosse o mais pesado dos tr\u00eas. &#8220;Velocidade extraordin\u00e1ria, motor suave e sem esfor\u00e7o, interior luxuoso e estilo atualizado&#8221; eram seus pontos de destaque para a revista, que criticou o pre\u00e7o muito alto (embora menos que o do Ferrari), o comando de c\u00e2mbio algo vago e o fato de ser &#8220;muito civilizado em uma categoria ex\u00f3tica&#8221;.<\/p>\n<p>O S4 teve ainda a edi\u00e7\u00e3o limitada Clubsport, focada no uso esportivo e vendida apenas no modelo 1988. O peso era reduzido de 1.640 para 1.450 kg pela remo\u00e7\u00e3o de acess\u00f3rios como ajuste el\u00e9trico de bancos, travamento central das portas e parte do isolamento ac\u00fastico, al\u00e9m do uso de rodas de alum\u00ednio forjado. Esse 928 ganhava ainda amortecedores e molas mais firmes, escapamento menos restritivo e aumento de pot\u00eancia em 10 cv, para 330 cv, sem altera\u00e7\u00e3o do torque m\u00e1ximo.<\/p>\n<table border=\"0\">\n<tbody>\n<tr>\n<td><a href='https:\/\/autolivraria.com.br\/bc\/informe-se\/passado\/historia-porsche-928-o-gt-que-causou-uma-revolucao-em-stuttgart\/4\/' class='small-button smallsilver'>Pr\u00f3xima parte<\/a><\/td>\n<\/tr>\n<\/tbody>\n<\/table>\n<p>&nbsp;<\/p>\n<div class='et-box et-shadow'>\n\t\t\t\t\t<div class='et-box-content'><h2>Nas pistas<\/h2>\n<p><img decoding=\"async\" class=\"alignright  wp-image-37619 lazyload\" style=\"--smush-placeholder-width: 243px; --smush-placeholder-aspect-ratio: 243\/328;margin-top: 20px; margin-bottom: 20px;\" alt=\"Porsche 928 - recorde\" data-src=\"https:\/\/autolivraria.com.br\/bc\/wp-content\/uploads\/2013\/12\/Porsche-928-recorde.jpg\" width=\"243\" height=\"328\" src=\"data:image\/svg+xml;base64,PHN2ZyB3aWR0aD0iMSIgaGVpZ2h0PSIxIiB4bWxucz0iaHR0cDovL3d3dy53My5vcmcvMjAwMC9zdmciPjwvc3ZnPg==\" \/>Sempre houve na linha Porsche modelos mais adequados a competi\u00e7\u00f5es, com menor peso e grande experi\u00eancia em prepara\u00e7\u00e3o para esse fim, mas o 928 fez suas apari\u00e7\u00f5es nas pistas.<\/p>\n<p>O desempenho da vers\u00e3o S4 foi comprovado nos famosos lagos de sal de Bonneville, nos EUA (ao lado). O piloto Al Holbert Jr. obteve dois recordes de velocidade da Federa\u00e7\u00e3o Internacional do Autom\u00f3vel (FIA) com um carro todo original, inclusive com catalisador, em agosto de 1986: registrou 275,3 km\/h na milha lan\u00e7ada e 276,6 km\/h no quil\u00f4metro lan\u00e7ado \u2014 medi\u00e7\u00f5es em que o carro passa pelo trecho de medi\u00e7\u00e3o j\u00e1 em velocidade, tendo espa\u00e7o anterior para acelerar.<\/p>\n<p>Mais tarde, tamb\u00e9m em solo norte-americano, Carl Fausett, da 928 Motorsports, resolveu levar seu 928 \u00e0 subida de montanha de Pikes Peak (abaixo \u00e0 esquerda), uma das provas mais tradicionais do automobilismo mundial. O modelo teve o entre-eixos encurtado para ganhar agilidade nas curvas e ganhou motor V8 de 6,5 litros com <a href=\"https:\/\/autolivraria.com.br\/bc\/glossario-c\/#comp\">compressor<\/a> e pot\u00eancia estimada em 670 cv, pneus traseiros de 335 mm e extensas modifica\u00e7\u00f5es. Nas provas de 2007 e 2009 ele obteve o terceiro lugar da categoria Open; na segunda foi ainda o carro mais r\u00e1pido na Open entre os de tra\u00e7\u00e3o em duas rodas.<\/p>\n<table id=\"table6031\" style=\"width: 100%;\" border=\"0\" cellspacing=\"0\" cellpadding=\"0\">\n<tbody>\n<tr>\n<td width=\"50%\" height=\"210\"><a href=\"https:\/\/autolivraria.com.br\/bc\/wp-content\/uploads\/2013\/12\/Porsche-928-compet-Pikes-Peak-1.jpg\"><img decoding=\"async\" class=\"alignnone  wp-image-37621 lazyload\" alt=\"Porsche 928 - Pikes Peak\" data-src=\"https:\/\/autolivraria.com.br\/bc\/wp-content\/uploads\/2013\/12\/Porsche-928-compet-Pikes-Peak-1-270x179.jpg\" width=\"243\" height=\"161\" data-srcset=\"https:\/\/autolivraria.com.br\/bc\/wp-content\/uploads\/2013\/12\/Porsche-928-compet-Pikes-Peak-1-270x179.jpg 270w, https:\/\/autolivraria.com.br\/bc\/wp-content\/uploads\/2013\/12\/Porsche-928-compet-Pikes-Peak-1-560x373.jpg 560w, https:\/\/autolivraria.com.br\/bc\/wp-content\/uploads\/2013\/12\/Porsche-928-compet-Pikes-Peak-1-470x313.jpg 470w, https:\/\/autolivraria.com.br\/bc\/wp-content\/uploads\/2013\/12\/Porsche-928-compet-Pikes-Peak-1.jpg 950w\" data-sizes=\"(max-width: 243px) 100vw, 243px\" src=\"data:image\/svg+xml;base64,PHN2ZyB3aWR0aD0iMSIgaGVpZ2h0PSIxIiB4bWxucz0iaHR0cDovL3d3dy53My5vcmcvMjAwMC9zdmciPjwvc3ZnPg==\" style=\"--smush-placeholder-width: 243px; --smush-placeholder-aspect-ratio: 243\/161;\" \/><\/a><\/td>\n<td width=\"50%\" height=\"210\"><a href=\"https:\/\/autolivraria.com.br\/bc\/wp-content\/uploads\/2013\/12\/Porsche-928-compet-recorde-2.jpg\"><img decoding=\"async\" class=\"alignnone  wp-image-37622 lazyload\" alt=\"Porsche 928 - recorde\" data-src=\"https:\/\/autolivraria.com.br\/bc\/wp-content\/uploads\/2013\/12\/Porsche-928-compet-recorde-2-270x179.jpg\" width=\"243\" height=\"161\" data-srcset=\"https:\/\/autolivraria.com.br\/bc\/wp-content\/uploads\/2013\/12\/Porsche-928-compet-recorde-2-270x179.jpg 270w, https:\/\/autolivraria.com.br\/bc\/wp-content\/uploads\/2013\/12\/Porsche-928-compet-recorde-2-560x373.jpg 560w, https:\/\/autolivraria.com.br\/bc\/wp-content\/uploads\/2013\/12\/Porsche-928-compet-recorde-2-470x313.jpg 470w, https:\/\/autolivraria.com.br\/bc\/wp-content\/uploads\/2013\/12\/Porsche-928-compet-recorde-2.jpg 950w\" data-sizes=\"(max-width: 243px) 100vw, 243px\" src=\"data:image\/svg+xml;base64,PHN2ZyB3aWR0aD0iMSIgaGVpZ2h0PSIxIiB4bWxucz0iaHR0cDovL3d3dy53My5vcmcvMjAwMC9zdmciPjwvc3ZnPg==\" style=\"--smush-placeholder-width: 243px; --smush-placeholder-aspect-ratio: 243\/161;\" \/><\/a><\/td>\n<\/tr>\n<\/tbody>\n<\/table>\n<p>A empresa\u00a0tamb\u00e9m\u00a0colocou o gr\u00e3-turismo superpreparado nos lagos de sal de Bonneville (\u00e0 direita). O motor de 6,5 litros foi modificado para 900 cv estimados e foram feitas altera\u00e7\u00f5es em rodas, pneus, carroceria e suspens\u00e3o para a nova finalidade, com \u00eanfase na aerodin\u00e2mica. Em 2011 ele sagrou-se o 928 mais veloz j\u00e1 registrado no mundo, ao atingir 348,6 km\/h.<\/p><\/div><\/div>\n<p>&nbsp;<\/p>\n<div class='et-box et-shadow'>\n\t\t\t\t\t<div class='et-box-content'><h2>O nacional<\/h2>\n<p><a href=\"https:\/\/autolivraria.com.br\/bc\/wp-content\/uploads\/2013\/12\/PAG-Dacon-1984.jpg\"><img decoding=\"async\" class=\"size-meia-largura-post wp-image-37666 alignright lazyload\" style=\"--smush-placeholder-width: 270px; --smush-placeholder-aspect-ratio: 270\/139;margin-top: 20px; margin-bottom: 20px;\" alt=\"PAG Dacon 1984\" data-src=\"https:\/\/autolivraria.com.br\/bc\/wp-content\/uploads\/2013\/12\/PAG-Dacon-1984-270x139.jpg\" width=\"270\" height=\"139\" data-srcset=\"https:\/\/autolivraria.com.br\/bc\/wp-content\/uploads\/2013\/12\/PAG-Dacon-1984-270x139.jpg 270w, https:\/\/autolivraria.com.br\/bc\/wp-content\/uploads\/2013\/12\/PAG-Dacon-1984-560x289.jpg 560w, https:\/\/autolivraria.com.br\/bc\/wp-content\/uploads\/2013\/12\/PAG-Dacon-1984-470x243.jpg 470w, https:\/\/autolivraria.com.br\/bc\/wp-content\/uploads\/2013\/12\/PAG-Dacon-1984.jpg 640w\" data-sizes=\"(max-width: 270px) 100vw, 270px\" src=\"data:image\/svg+xml;base64,PHN2ZyB3aWR0aD0iMSIgaGVpZ2h0PSIxIiB4bWxucz0iaHR0cDovL3d3dy53My5vcmcvMjAwMC9zdmciPjwvc3ZnPg==\" \/><\/a>O 928 inspirou a fabrica\u00e7\u00e3o de um carro &#8220;fora de s\u00e9rie&#8221; brasileiro, como eram conhecidos os muitos modelos constru\u00eddos por pequenas empresas que tiveram especial import\u00e2ncia no per\u00edodo de importa\u00e7\u00f5es fechadas entre 1976 e 1990. Paulo Goulart, da PAG, construiu um esportivo com linhas semelhantes \u00e0s do modelo alem\u00e3o sobre a plataforma do <a href=\"https:\/\/www.autolivraria.com.br\/cpassado3\/vw-gol-voyage-parati-saveiro-1.htm\">Volkswagen Gol GT<\/a>, usando seu motor de 1,8 litro com carburador, s\u00f3 que ampliado para 2,1 litros.<\/p>\n<p>Chamado de PAG Dacon (Dacon era uma concession\u00e1ria VW famosa nos anos 70, respons\u00e1vel por transforma\u00e7\u00f5es como a do <a href=\"https:\/\/www.autolivraria.com.br\/classicos\/passat-1.htm\">Passat<\/a> em um tr\u00eas-volumes), o &#8220;928 nacional&#8221; foi apresentado em 1984 e at\u00e9 lembrava bastante o inspirador, apesar das propor\u00e7\u00f5es estranhas impostas pelo menor comprimento e a maior altura. Os quatro far\u00f3is vinham do Passat e as lanternas traseiras eram de <a href=\"https:\/\/www.autolivraria.com.br\/classicos\/kombi-1.htm\">Kombi<\/a>, s\u00f3 que montadas na horizontal. O motor preparado, de pot\u00eancia real n\u00e3o informada (a empresa mantinha os 99 cv do 1,8 original), dava-lhe bom desempenho para os padr\u00f5es brasileiros da \u00e9poca. N\u00e3o se sabe quantas unidades foram vendidas.<\/p>\n<p><em>Foto: reprodu\u00e7\u00e3o da revista Quatro Rodas<\/em><\/p><\/div><\/div>\n<table border=\"0\">\n<tbody>\n<tr>\n<td><a href='https:\/\/autolivraria.com.br\/bc\/informe-se\/passado\/historia-porsche-928-o-gt-que-causou-uma-revolucao-em-stuttgart\/4\/' class='small-button smallsilver'>Pr\u00f3xima parte<\/a><\/td>\n<\/tr>\n<\/tbody>\n<\/table>\n<p>&nbsp;<\/p>\n<p>&nbsp;<\/p>\n<p><!--nextpage--><\/p>\n<p><a href=\"https:\/\/autolivraria.com.br\/bc\/wp-content\/uploads\/2013\/12\/Porsche-928-GT-1989-04.jpg\"><img decoding=\"async\" class=\"aligncenter size-medium wp-image-37673 lazyload\" alt=\"Porsche 928 GT 1989\" data-src=\"https:\/\/autolivraria.com.br\/bc\/wp-content\/uploads\/2013\/12\/Porsche-928-GT-1989-04-560x373.jpg\" width=\"560\" height=\"373\" data-srcset=\"https:\/\/autolivraria.com.br\/bc\/wp-content\/uploads\/2013\/12\/Porsche-928-GT-1989-04-560x373.jpg 560w, https:\/\/autolivraria.com.br\/bc\/wp-content\/uploads\/2013\/12\/Porsche-928-GT-1989-04-470x313.jpg 470w, https:\/\/autolivraria.com.br\/bc\/wp-content\/uploads\/2013\/12\/Porsche-928-GT-1989-04-270x179.jpg 270w, https:\/\/autolivraria.com.br\/bc\/wp-content\/uploads\/2013\/12\/Porsche-928-GT-1989-04.jpg 950w\" data-sizes=\"(max-width: 560px) 100vw, 560px\" src=\"data:image\/svg+xml;base64,PHN2ZyB3aWR0aD0iMSIgaGVpZ2h0PSIxIiB4bWxucz0iaHR0cDovL3d3dy53My5vcmcvMjAwMC9zdmciPjwvc3ZnPg==\" style=\"--smush-placeholder-width: 560px; --smush-placeholder-aspect-ratio: 560\/373;\" \/><\/a><\/p>\n<p>&nbsp;<\/p>\n<div class='one_half'>\n\t\t\t\t\t<a href=\"https:\/\/autolivraria.com.br\/bc\/wp-content\/uploads\/2013\/12\/Porsche-928-GT-1989-03.jpg\"><img decoding=\"async\" class=\"aligncenter size-meia-largura-post wp-image-37674 lazyload\" alt=\"Porsche 928 GT 1989\" data-src=\"https:\/\/autolivraria.com.br\/bc\/wp-content\/uploads\/2013\/12\/Porsche-928-GT-1989-03-270x179.jpg\" width=\"270\" height=\"179\" data-srcset=\"https:\/\/autolivraria.com.br\/bc\/wp-content\/uploads\/2013\/12\/Porsche-928-GT-1989-03-270x179.jpg 270w, https:\/\/autolivraria.com.br\/bc\/wp-content\/uploads\/2013\/12\/Porsche-928-GT-1989-03-560x373.jpg 560w, https:\/\/autolivraria.com.br\/bc\/wp-content\/uploads\/2013\/12\/Porsche-928-GT-1989-03-470x313.jpg 470w, https:\/\/autolivraria.com.br\/bc\/wp-content\/uploads\/2013\/12\/Porsche-928-GT-1989-03.jpg 950w\" data-sizes=\"(max-width: 270px) 100vw, 270px\" src=\"data:image\/svg+xml;base64,PHN2ZyB3aWR0aD0iMSIgaGVpZ2h0PSIxIiB4bWxucz0iaHR0cDovL3d3dy53My5vcmcvMjAwMC9zdmciPjwvc3ZnPg==\" style=\"--smush-placeholder-width: 270px; --smush-placeholder-aspect-ratio: 270\/179;\" \/><\/a>\n\t\t\t\t<\/div>\n<div class='one_half last'>\n\t\t\t\t\t<a href=\"https:\/\/autolivraria.com.br\/bc\/wp-content\/uploads\/2013\/12\/Porsche-928-GT-1989-02.jpg\"><img decoding=\"async\" class=\"aligncenter size-meia-largura-post wp-image-37675 lazyload\" alt=\"Porsche 928 GT 1989\" data-src=\"https:\/\/autolivraria.com.br\/bc\/wp-content\/uploads\/2013\/12\/Porsche-928-GT-1989-02-270x179.jpg\" width=\"270\" height=\"179\" data-srcset=\"https:\/\/autolivraria.com.br\/bc\/wp-content\/uploads\/2013\/12\/Porsche-928-GT-1989-02-270x179.jpg 270w, https:\/\/autolivraria.com.br\/bc\/wp-content\/uploads\/2013\/12\/Porsche-928-GT-1989-02-560x373.jpg 560w, https:\/\/autolivraria.com.br\/bc\/wp-content\/uploads\/2013\/12\/Porsche-928-GT-1989-02-470x313.jpg 470w, https:\/\/autolivraria.com.br\/bc\/wp-content\/uploads\/2013\/12\/Porsche-928-GT-1989-02.jpg 950w\" data-sizes=\"(max-width: 270px) 100vw, 270px\" src=\"data:image\/svg+xml;base64,PHN2ZyB3aWR0aD0iMSIgaGVpZ2h0PSIxIiB4bWxucz0iaHR0cDovL3d3dy53My5vcmcvMjAwMC9zdmciPjwvc3ZnPg==\" style=\"--smush-placeholder-width: 270px; --smush-placeholder-aspect-ratio: 270\/179;\" \/><\/a>\n\t\t\t\t<\/div><div class='clear'><\/div>\n<h6 style=\"text-align: center;\"><em>\u00a0<\/em><br \/>\n<em>Quer a pot\u00eancia e a suspens\u00e3o do Clubsport sem abrir m\u00e3o do conforto? Ent\u00e3o seu<\/em><br \/>\n<em>928 ideal \u00e9 o GT, que vinha em 1989 com um diferencial emprestado pelo 959<\/em><\/h6>\n<p>&nbsp;<\/p>\n<p>O motor mais potente e a suspens\u00e3o mais firme do Clubsport foram aplicados tamb\u00e9m ao 928 GT, apresentado em 1989, que preservava os confortos das vers\u00f5es tradicionais e trazia um in\u00e9dito <a href=\"https:\/\/autolivraria.com.br\/bc\/glossario-d\/#dife\">diferencial autobloqueante<\/a> com controle eletr\u00f4nico, que variava sua opera\u00e7\u00e3o entre zero e 100% \u2014 tecnologia baseada no supercarro <a href=\"https:\/\/www.autolivraria.com.br\/classicos\/959-1.htm\">959<\/a>. Dispon\u00edvel apenas com c\u00e2mbio manual, o GT chegava a 275 km\/h e a marca dos 100 km\/h era cronometrada em 5,8 s. Tornou-se o carro mais caro da linha Porsche e o mais veloz, \u00e0 exce\u00e7\u00e3o de uma s\u00e9rie limitada do 911 Turbo, mas sua hegemonia n\u00e3o durou muito \u2014 logo seria suplantado por mais uma evolu\u00e7\u00e3o do mesmo V8.<\/p>\n<p>&nbsp;<\/p>\n<blockquote><p>Comparado a BMW 850i\u00a0e Jaguar XJR-S, o GTS \u2014 \u00faltima evolu\u00e7\u00e3o da linha\u00a0\u2014 foi\u00a0o mais r\u00e1pido e considerado o que mais recompensa o motorista<\/p><\/blockquote>\n<p>&nbsp;<\/p>\n<p>A <em>Car\u00a0<\/em> comparou o GT ao Corvette ZR-1: &#8220;Os dois s\u00e3o muito r\u00e1pidos, mas o Corvette acelera mais at\u00e9 160 km\/h. Ao contr\u00e1rio dele, por\u00e9m, o Porsche age como uma unidade s\u00f3lida, homog\u00eanea. N\u00e3o tem um comportamento t\u00e3o \u00e0 prova de erros quanto o ZR-1, mas \u00e9 muito mais divertido no limite. Ap\u00f3s uma longa fase neutra, as rodas traseiras saem, convidando voc\u00ea a um interessante <em>powerslide<\/em>\u00a0 [derrapagem pela aplica\u00e7\u00e3o de pot\u00eancia]&#8221;. Ao fim o 928 foi considerado o melhor, mesmo custando mais.<\/p>\n<p>Outra brit\u00e2nica, a <em>Autocar,<\/em> \u00a0definiu-o como &#8220;mais r\u00e1pido e est\u00e1vel que o S4, com comportamento e ader\u00eancia soberbos, mas um V8 de alto consumo. Cabine muito confort\u00e1vel e espa\u00e7osa para dois, excelente posi\u00e7\u00e3o de dirigir, mas conforto de rodagem e refinamento precisam melhorar em vista de suas aspira\u00e7\u00f5es de gr\u00e3-turismo&#8221;. Diante dos competidores j\u00e1 habituais M635 CSi, Mondial, XJR-S e 560 SEC, al\u00e9m do <a href=\"https:\/\/www.autolivraria.com.br\/classicos\/aston-v8-1.htm\">Aston Martin Virage<\/a> de pre\u00e7o muito mais alto, o 928 GT era o segundo mais potente (atr\u00e1s do Aston), o mais r\u00e1pido de 0 a 96 km\/h e o mais veloz.<\/p>\n<p>&nbsp;<\/p>\n<p><a href=\"https:\/\/autolivraria.com.br\/bc\/wp-content\/uploads\/2013\/12\/Porsche-928-GTS-1992-06.jpg\"><img decoding=\"async\" class=\"aligncenter size-medium wp-image-37676 lazyload\" alt=\"Porsche 928 GTS 1992\" data-src=\"https:\/\/autolivraria.com.br\/bc\/wp-content\/uploads\/2013\/12\/Porsche-928-GTS-1992-06-560x373.jpg\" width=\"560\" height=\"373\" data-srcset=\"https:\/\/autolivraria.com.br\/bc\/wp-content\/uploads\/2013\/12\/Porsche-928-GTS-1992-06-560x373.jpg 560w, https:\/\/autolivraria.com.br\/bc\/wp-content\/uploads\/2013\/12\/Porsche-928-GTS-1992-06-470x313.jpg 470w, https:\/\/autolivraria.com.br\/bc\/wp-content\/uploads\/2013\/12\/Porsche-928-GTS-1992-06-270x179.jpg 270w, https:\/\/autolivraria.com.br\/bc\/wp-content\/uploads\/2013\/12\/Porsche-928-GTS-1992-06.jpg 950w\" data-sizes=\"(max-width: 560px) 100vw, 560px\" src=\"data:image\/svg+xml;base64,PHN2ZyB3aWR0aD0iMSIgaGVpZ2h0PSIxIiB4bWxucz0iaHR0cDovL3d3dy53My5vcmcvMjAwMC9zdmciPjwvc3ZnPg==\" style=\"--smush-placeholder-width: 560px; --smush-placeholder-aspect-ratio: 560\/373;\" \/><\/a><\/p>\n<p>&nbsp;<\/p>\n<div class='one_half'>\n\t\t\t\t\t<a href=\"https:\/\/autolivraria.com.br\/bc\/wp-content\/uploads\/2013\/12\/Porsche-928-GTS-1992-03.jpg\"><img decoding=\"async\" class=\"aligncenter size-meia-largura-post wp-image-37677 lazyload\" alt=\"Porsche 928 GTS 1992\" data-src=\"https:\/\/autolivraria.com.br\/bc\/wp-content\/uploads\/2013\/12\/Porsche-928-GTS-1992-03-270x179.jpg\" width=\"270\" height=\"179\" data-srcset=\"https:\/\/autolivraria.com.br\/bc\/wp-content\/uploads\/2013\/12\/Porsche-928-GTS-1992-03-270x179.jpg 270w, https:\/\/autolivraria.com.br\/bc\/wp-content\/uploads\/2013\/12\/Porsche-928-GTS-1992-03-560x373.jpg 560w, https:\/\/autolivraria.com.br\/bc\/wp-content\/uploads\/2013\/12\/Porsche-928-GTS-1992-03-470x313.jpg 470w, https:\/\/autolivraria.com.br\/bc\/wp-content\/uploads\/2013\/12\/Porsche-928-GTS-1992-03.jpg 950w\" data-sizes=\"(max-width: 270px) 100vw, 270px\" src=\"data:image\/svg+xml;base64,PHN2ZyB3aWR0aD0iMSIgaGVpZ2h0PSIxIiB4bWxucz0iaHR0cDovL3d3dy53My5vcmcvMjAwMC9zdmciPjwvc3ZnPg==\" style=\"--smush-placeholder-width: 270px; --smush-placeholder-aspect-ratio: 270\/179;\" \/><\/a>\n\t\t\t\t<\/div>\n<div class='one_half last'>\n\t\t\t\t\t<a href=\"https:\/\/autolivraria.com.br\/bc\/wp-content\/uploads\/2013\/12\/Porsche-928-GTS-1992-10.jpg\"><img decoding=\"async\" class=\"aligncenter size-meia-largura-post wp-image-37678 lazyload\" alt=\"Porsche 928 GTS 1992\" data-src=\"https:\/\/autolivraria.com.br\/bc\/wp-content\/uploads\/2013\/12\/Porsche-928-GTS-1992-10-270x179.jpg\" width=\"270\" height=\"179\" data-srcset=\"https:\/\/autolivraria.com.br\/bc\/wp-content\/uploads\/2013\/12\/Porsche-928-GTS-1992-10-270x179.jpg 270w, https:\/\/autolivraria.com.br\/bc\/wp-content\/uploads\/2013\/12\/Porsche-928-GTS-1992-10-560x373.jpg 560w, https:\/\/autolivraria.com.br\/bc\/wp-content\/uploads\/2013\/12\/Porsche-928-GTS-1992-10-470x313.jpg 470w, https:\/\/autolivraria.com.br\/bc\/wp-content\/uploads\/2013\/12\/Porsche-928-GTS-1992-10.jpg 950w\" data-sizes=\"(max-width: 270px) 100vw, 270px\" src=\"data:image\/svg+xml;base64,PHN2ZyB3aWR0aD0iMSIgaGVpZ2h0PSIxIiB4bWxucz0iaHR0cDovL3d3dy53My5vcmcvMjAwMC9zdmciPjwvc3ZnPg==\" style=\"--smush-placeholder-width: 270px; --smush-placeholder-aspect-ratio: 270\/179;\" \/><\/a>\n\t\t\t\t<\/div><div class='clear'><\/div>\n<h6 style=\"text-align: center;\"><em>\u00a0<\/em><br \/>\n<em>Com o GTS, o projeto do 928 chegava ao auge em pot\u00eancia e sofistica\u00e7\u00e3o t\u00e9cnica:<\/em><br \/>\n<em>350 cv obtidos de 5,4 litros, m\u00e1xima de 275 km\/h, rodas mais largas de 17 pol<\/em><\/h6>\n<p>&nbsp;<\/p>\n<h2>&#8220;Encolhe em torno de voc\u00ea&#8221;<\/h2>\n<p>A \u00faltima vers\u00e3o do 928, a GTS de 1991, era a mais potente de todas: a cilindrada aumentava para 5,4 litros \u2014 o projeto original do bloco previa a possibilidade de 5,5 litros \u2014, a pot\u00eancia para 350 cv e o torque para 51 m.kgf, com 80% dispon\u00edveis j\u00e1 a 2.000 rpm. O propriet\u00e1rio podia controlar a press\u00e3o dos pneus por um bot\u00e3o do painel e os bancos vinham com ajuste el\u00e9trico, at\u00e9 para apoio lombar, e tr\u00eas mem\u00f3rias de posi\u00e7\u00e3o. Outras comodidades eram controlador de velocidade, ar-condicionado autom\u00e1tico\u00a0com sistema adicional na traseira e r\u00e1dio\/toca-fitas com controle de toca-CDs no porta-malas.<\/p>\n<p>Por fora, os para-lamas eram mais largos para abrigar as rodas de 17 pol, com pneus 225\/45 \u00e0 frente e 255\/40 atr\u00e1s, e os retrovisores lembravam os do 959. Os amortecedores vinham mais macios, para reduzir o desconforto da vers\u00e3o anterior, e o n\u00edvel de ru\u00eddo e vibra\u00e7\u00e3o estava mais baixo. Com tudo isso, ele chegava a 275 km\/h e cumpria o 0-100 em 5,7 segundos \u2014 ou 0,2 s a mais no caso do autom\u00e1tico, tamb\u00e9m oferecido, ao contr\u00e1rio do GT.<\/p>\n<p>Para a <em>Road &amp; Track \u00a0<\/em>o GTS era &#8220;um impressionante carro de luxo cujos n\u00edveis de desempenho se aproximam aos de muitos modelos ex\u00f3ticos. \u00c9 n\u00e3o apenas o mais veloz Porsche, mas tamb\u00e9m um dos mais r\u00e1pidos GTs de produ\u00e7\u00e3o no mundo, com um pacote completo de amenidades, desempenho impressionante e comportamento din\u00e2mico preciso, apesar de ser um carro grande e pesado&#8221;.<\/p>\n<p>&nbsp;<\/p>\n<div class='one_half'>\n\t\t\t\t\t<a href=\"https:\/\/autolivraria.com.br\/bc\/wp-content\/uploads\/2013\/12\/Porsche-928-GTS-1992-int1.jpg\"><img decoding=\"async\" class=\"aligncenter size-meia-largura-post wp-image-37679 lazyload\" alt=\"Porsche 928 GTS 1992\" data-src=\"https:\/\/autolivraria.com.br\/bc\/wp-content\/uploads\/2013\/12\/Porsche-928-GTS-1992-int1-270x270.jpg\" width=\"270\" height=\"270\" data-srcset=\"https:\/\/autolivraria.com.br\/bc\/wp-content\/uploads\/2013\/12\/Porsche-928-GTS-1992-int1-270x270.jpg 270w, https:\/\/autolivraria.com.br\/bc\/wp-content\/uploads\/2013\/12\/Porsche-928-GTS-1992-int1-168x168.jpg 168w, https:\/\/autolivraria.com.br\/bc\/wp-content\/uploads\/2013\/12\/Porsche-928-GTS-1992-int1-560x560.jpg 560w, https:\/\/autolivraria.com.br\/bc\/wp-content\/uploads\/2013\/12\/Porsche-928-GTS-1992-int1-470x470.jpg 470w, https:\/\/autolivraria.com.br\/bc\/wp-content\/uploads\/2013\/12\/Porsche-928-GTS-1992-int1-100x100.jpg 100w, https:\/\/autolivraria.com.br\/bc\/wp-content\/uploads\/2013\/12\/Porsche-928-GTS-1992-int1.jpg 640w\" data-sizes=\"(max-width: 270px) 100vw, 270px\" src=\"data:image\/svg+xml;base64,PHN2ZyB3aWR0aD0iMSIgaGVpZ2h0PSIxIiB4bWxucz0iaHR0cDovL3d3dy53My5vcmcvMjAwMC9zdmciPjwvc3ZnPg==\" style=\"--smush-placeholder-width: 270px; --smush-placeholder-aspect-ratio: 270\/270;\" \/><\/a>\n\t\t\t\t<\/div>\n<div class='one_half last'>\n\t\t\t\t\t<a href=\"https:\/\/autolivraria.com.br\/bc\/wp-content\/uploads\/2013\/12\/Porsche-928-GTS-1992-int2.jpg\"><img decoding=\"async\" class=\"aligncenter size-meia-largura-post wp-image-37680 lazyload\" alt=\"Porsche 928 GTS 1992\" data-src=\"https:\/\/autolivraria.com.br\/bc\/wp-content\/uploads\/2013\/12\/Porsche-928-GTS-1992-int2-270x270.jpg\" width=\"270\" height=\"270\" data-srcset=\"https:\/\/autolivraria.com.br\/bc\/wp-content\/uploads\/2013\/12\/Porsche-928-GTS-1992-int2-270x270.jpg 270w, https:\/\/autolivraria.com.br\/bc\/wp-content\/uploads\/2013\/12\/Porsche-928-GTS-1992-int2-168x168.jpg 168w, https:\/\/autolivraria.com.br\/bc\/wp-content\/uploads\/2013\/12\/Porsche-928-GTS-1992-int2-560x560.jpg 560w, https:\/\/autolivraria.com.br\/bc\/wp-content\/uploads\/2013\/12\/Porsche-928-GTS-1992-int2-470x470.jpg 470w, https:\/\/autolivraria.com.br\/bc\/wp-content\/uploads\/2013\/12\/Porsche-928-GTS-1992-int2-100x100.jpg 100w, https:\/\/autolivraria.com.br\/bc\/wp-content\/uploads\/2013\/12\/Porsche-928-GTS-1992-int2.jpg 640w\" data-sizes=\"(max-width: 270px) 100vw, 270px\" src=\"data:image\/svg+xml;base64,PHN2ZyB3aWR0aD0iMSIgaGVpZ2h0PSIxIiB4bWxucz0iaHR0cDovL3d3dy53My5vcmcvMjAwMC9zdmciPjwvc3ZnPg==\" style=\"--smush-placeholder-width: 270px; --smush-placeholder-aspect-ratio: 270\/270;\" \/><\/a>\n\t\t\t\t<\/div><div class='clear'><\/div>\n<h6 style=\"text-align: center;\"><em>\u00a0<\/em><br \/>\n<em>O interior ganhava requintes como mem\u00f3ria dos bancos e ar-condicionado<\/em><br \/>\n<em>auxiliar na traseira, onde o alto console separava os dois passageiros<\/em><\/h6>\n<p>&nbsp;<\/p>\n<p>A <em>Car\u00a0<\/em> comparou em 1992 o 928 GTS ao\u00a0<a href=\"https:\/\/www.autolivraria.com.br\/cpassado3\/bmw-serie8-1.htm\">BMW 850i<\/a> e ao Jaguar XJR-S, ambos com motor V12. \u201cColoque a terceira no Porsche, deixe o torque carreg\u00e1-lo e o 928 far\u00e1 o que nenhum dos rivais consegue: ele encolhe em torno de voc\u00ea, parece se reduzir \u00e0s dimens\u00f5es de um <a href=\"https:\/\/www.autolivraria.com.br\/cpassado3\/mazda-mx5-miata-1.htm\">Mazda MX-5<\/a>. O 928 \u00e9 tamb\u00e9m o mais r\u00e1pido, o mais divertido de dirigir, o que mais recompensa o motorista. Os par\u00e2metros da Porsche para seus engenheiros devem ter sido algo como: fa\u00e7am um carro envolvente; fa\u00e7am os consumidores se apaixonarem por ele; fa\u00e7am-no tremendamente r\u00e1pido\u201d.<\/p>\n<p>&nbsp;<\/p>\n<div class='code-block code-block-7' style='margin: 28px auto; text-align: center; display: block; clear: both;'>\n<script async src=\"https:\/\/pagead2.googlesyndication.com\/pagead\/js\/adsbygoogle.js\"><\/script>\n<!-- AL-quadrado -->\n<ins class=\"adsbygoogle\"\n     style=\"display:block\"\n     data-ad-client=\"ca-pub-1914799802606213\"\n     data-ad-slot=\"5683066082\"\n     data-ad-format=\"auto\"\n     data-full-width-responsive=\"true\"><\/ins>\n<script>\n     (adsbygoogle = window.adsbygoogle || []).push({});\n<\/script><\/div>\n\n<p>&nbsp;<\/p>\n<p>Essa varia\u00e7\u00e3o foi fabricada at\u00e9 1995, quando a produ\u00e7\u00e3o do modelo se encerrava ap\u00f3s um total de 60.904 unidades (das quais 25.106 seguiram para os EUA), sem deixar sucessor direto. Embora tenha durado 18 anos \u2014 cerca de tr\u00eas vezes o ciclo de produ\u00e7\u00e3o m\u00e9dio de cada gera\u00e7\u00e3o de autom\u00f3vel hoje \u2014, o 928 n\u00e3o foi muito bem sucedido na tentativa de quebrar tabus: puristas e amantes irredut\u00edveis do 911 sempre torceram o nariz para o belo e moderno gr\u00e3-turismo. Al\u00e9m de romper as tradi\u00e7\u00f5es t\u00e9cnicas da marca, foi rejeitado por peso e pre\u00e7o elevados, n\u00e3o justificados pela vantagem de desempenho sobre o velho modelo de motor traseiro.<\/p>\n<p>Mesmo com tais ressalvas, o 928 cumpriu muito bem seu papel de mais luxuoso, confort\u00e1vel e elegante Porsche do s\u00e9culo passado. Hoje, um gr\u00e3-turismo sofisticado e potente, de motor V8 dianteiro refrigerado a \u00e1gua \u2014 s\u00f3 que com cinco portas em vez de tr\u00eas \u2014, ocupa o topo da linha da empresa sob o nome de <a href=\"https:\/\/autolivraria.com.br\/bc\/tag\/panamera\">Panamera<\/a>.<\/p>\n<table border=\"0\">\n<tbody>\n<tr>\n<td><a href='https:\/\/autolivraria.com.br\/bc\/carros-do-passado\/' class='small-button smallsilver'>Mais Carros do Passado<\/a><\/td>\n<\/tr>\n<\/tbody>\n<\/table>\n<p>&nbsp;<\/p>\n<div class='et-box et-shadow'>\n\t\t\t\t\t<div class='et-box-content'><h2>Hist\u00f3rias<\/h2>\n<p>Porsches s\u00e3o renomados como carros esporte robustos, que suportam muitos milhares de quil\u00f4metros sem grandes interven\u00e7\u00f5es mec\u00e2nicas. A pr\u00f3pria empresa contou, em um material de divulga\u00e7\u00e3o do 928 GTS 1992, ter recebido a proposta de um representante de vendas que havia rodado 490 mil km com seu 928 em apenas tr\u00eas anos sem grandes problemas. O cliente acreditava <img decoding=\"async\" class=\"size-meia-largura-post wp-image-37681 alignleft lazyload\" style=\"--smush-placeholder-width: 270px; --smush-placeholder-aspect-ratio: 270\/123;margin-top: 20px; margin-bottom: 20px;\" alt=\"Porsche 928\" data-src=\"https:\/\/autolivraria.com.br\/bc\/wp-content\/uploads\/2013\/12\/Porsche-928-ultimo-270x123.jpg\" width=\"270\" height=\"123\" data-srcset=\"https:\/\/autolivraria.com.br\/bc\/wp-content\/uploads\/2013\/12\/Porsche-928-ultimo-270x123.jpg 270w, https:\/\/autolivraria.com.br\/bc\/wp-content\/uploads\/2013\/12\/Porsche-928-ultimo-470x215.jpg 470w, https:\/\/autolivraria.com.br\/bc\/wp-content\/uploads\/2013\/12\/Porsche-928-ultimo.jpg 550w\" data-sizes=\"(max-width: 270px) 100vw, 270px\" src=\"data:image\/svg+xml;base64,PHN2ZyB3aWR0aD0iMSIgaGVpZ2h0PSIxIiB4bWxucz0iaHR0cDovL3d3dy53My5vcmcvMjAwMC9zdmciPjwvc3ZnPg==\" \/>ter em m\u00e3os algo especial para vender ao Museu da Porsche, mas ouviu uma resposta negativa: &#8220;Esse tipo de durabilidade e confiabilidade \u00e9 normal para um 928. Mantenha seu carro e desfrute-o!&#8221;.<\/p>\n<p>Um 928 GTS verde-lim\u00e3o, com revestimento em couro nos m\u00ednimos detalhes internos, foi a \u00faltima unidade vendida pela Porsche (foto). Conta-se que um norte-americano encomendou seu 928 \u00e0 \u00e9poca com a exig\u00eancia de que fosse o \u00faltimo a ser produzido e que, ao saber da pol\u00edtica da Porsche de guardar para o acervo de seu museu o \u00faltimo exemplar de cada modelo, cancelou o pedido. A empresa de Stuttgart decidiu a quest\u00e3o: fez um segundo exemplar do carro verde-lim\u00e3o e convenceu o americano a lev\u00e1-lo, sob a alega\u00e7\u00e3o de que aquele pen\u00faltimo 928 era na verdade o \u00faltimo oferecido \u00e0 venda ao p\u00fablico.<\/p><\/div><\/div>\n<p>&nbsp;<\/p>\n<div class='et-box et-shadow'>\n\t\t\t\t\t<div class='et-box-content'><h2>Para ler<\/h2>\n<table id=\"table6028\" style=\"width: 100%;\" border=\"0\" cellspacing=\"0\" cellpadding=\"0\">\n<tbody>\n<tr>\n<td style=\"width: 25%; height: 190px;\"><img decoding=\"async\" alt=\"Porsche 928, 924, 944 and 968\" data-src=\"https:\/\/autolivraria.com.br\/bc\/wp-content\/uploads\/2013\/12\/Livro-Porsche-928-924-944-and-968.jpg\" width=\"120\" height=\"160\" src=\"data:image\/svg+xml;base64,PHN2ZyB3aWR0aD0iMSIgaGVpZ2h0PSIxIiB4bWxucz0iaHR0cDovL3d3dy53My5vcmcvMjAwMC9zdmciPjwvc3ZnPg==\" class=\"lazyload\" style=\"--smush-placeholder-width: 120px; --smush-placeholder-aspect-ratio: 120\/160;\" \/><\/td>\n<td><img decoding=\"async\" alt=\"Porsche 924, 928, 944, 968 - Crowood Autoclassics\" data-src=\"https:\/\/autolivraria.com.br\/bc\/wp-content\/uploads\/2013\/12\/Livro-Porsche-924-928-944-968-Crowood-Autoclassics.jpg\" width=\"120\" height=\"160\" src=\"data:image\/svg+xml;base64,PHN2ZyB3aWR0aD0iMSIgaGVpZ2h0PSIxIiB4bWxucz0iaHR0cDovL3d3dy53My5vcmcvMjAwMC9zdmciPjwvc3ZnPg==\" class=\"lazyload\" style=\"--smush-placeholder-width: 120px; --smush-placeholder-aspect-ratio: 120\/160;\" \/><\/td>\n<td><img decoding=\"async\" alt=\"Road &amp; Track Porsche 928 Portfolio\" data-src=\"https:\/\/autolivraria.com.br\/bc\/wp-content\/uploads\/2013\/12\/Livro-Road-Track-Porsche-928-Portfolio.jpg\" width=\"120\" height=\"160\" src=\"data:image\/svg+xml;base64,PHN2ZyB3aWR0aD0iMSIgaGVpZ2h0PSIxIiB4bWxucz0iaHR0cDovL3d3dy53My5vcmcvMjAwMC9zdmciPjwvc3ZnPg==\" class=\"lazyload\" style=\"--smush-placeholder-width: 120px; --smush-placeholder-aspect-ratio: 120\/160;\" \/><\/td>\n<td><img decoding=\"async\" alt=\"Porsche 928 Takes On the Competition\" data-src=\"https:\/\/autolivraria.com.br\/bc\/wp-content\/uploads\/2013\/12\/Livro-Porsche-928-Takes-On-the-Competition.jpg\" width=\"120\" height=\"160\" src=\"data:image\/svg+xml;base64,PHN2ZyB3aWR0aD0iMSIgaGVpZ2h0PSIxIiB4bWxucz0iaHR0cDovL3d3dy53My5vcmcvMjAwMC9zdmciPjwvc3ZnPg==\" class=\"lazyload\" style=\"--smush-placeholder-width: 120px; --smush-placeholder-aspect-ratio: 120\/160;\" \/><\/td>\n<\/tr>\n<\/tbody>\n<\/table>\n<p><em>Porsche 928, 924, 944, and 968: The Front-Engined Sports Car<\/em>\u00a0\u2013 por Marc Cranswick, editora McFarland. A s\u00e9rie de modelos de quatro cilindros e o 928 t\u00eam sua hist\u00f3ria contada no livro de 284 p\u00e1ginas, publicado em 2008.<\/p>\n<p><em>Porsche 924, 928, 944, 968<\/em>\u00a0&#8211; por David Vivian, editora Crowood Autoclassics. Outra obra com os Porsches de motor dianteiro produzidos entre os anos 70 e 90, que tentaram mudar os padr\u00f5es da marca. Traz informa\u00e7\u00f5es dos projetos, impress\u00f5es ao dirigir e a trajet\u00f3ria em competi\u00e7\u00f5es em 128 p\u00e1ginas. Publicado em 1994.<\/p>\n<p><em>Road &amp; Track Porsche 928 Portfolio, 1977-1994 \u2013<\/em>\u00a0compila\u00e7\u00e3o por R.M. Clarke, editora Brooklands Books. O livro de 2003 re\u00fane artigos da revista norte-americana com testes, apresenta\u00e7\u00f5es, comparativos e an\u00e1lises t\u00e9cnicas. Modelos como\u00a0<a href=\"https:\/\/www.autolivraria.com.br\/classicos\/quattro-1.htm\">Audi Quattro<\/a>, Chevrolet Corvette, Ferrari 308 GTBi e Porsche 911 Turbo s\u00e3o confrontados ao 928 em suas 128 p\u00e1ginas.<\/p>\n<p><em>Porsche 928 Takes on the Competition<\/em>\u00a0\u2013 compila\u00e7\u00e3o por R.M. Clarke, Brooklands Books. Mais antigo (1999), segue a f\u00f3rmula do livro acima, mas traz mat\u00e9rias de diferentes revistas. Os concorrentes que o enfrentam incluem Mercedes-Benz 450 SLC e 500 SEC, Jaguar XJ-S HE e XJR-S, Audi Quattro, Porsche 911, Lotus Esprit Turbo,\u00a0<a href=\"https:\/\/www.autolivraria.com.br\/cpassado2\/countach-1.htm\">Lamborghini Countach<\/a>\u00a0e BMW M635 CSi e 850i. S\u00e3o 140 p\u00e1ginas.<\/p><\/div><\/div>\n<p>&nbsp;<\/p>\n<div class='et-box et-shadow'>\n\t\t\t\t\t<div class='et-box-content'><h2>Ficha t\u00e9cnica<\/h2>\n<table id=\"table6027\" style=\"width: 100%;\" border=\"0\" cellspacing=\"0\" cellpadding=\"3\">\n<tbody>\n<tr>\n<td valign=\"top\" width=\"34%\"><\/td>\n<td valign=\"top\" width=\"22%\">\n<h1>928 S (1983)<\/h1>\n<\/td>\n<td valign=\"top\" width=\"22%\">\n<h1>928 GT (1989)<\/h1>\n<\/td>\n<td valign=\"top\" width=\"22%\">\n<h1>928 GTS (1992)<\/h1>\n<\/td>\n<\/tr>\n<tr>\n<td valign=\"top\" bgcolor=\"#FFFFFF\" width=\"34%\">MOTOR<\/td>\n<td valign=\"top\" bgcolor=\"#FFFFFF\" width=\"22%\"><\/td>\n<td valign=\"top\" bgcolor=\"#FFFFFF\" width=\"22%\"><\/td>\n<td valign=\"top\" bgcolor=\"#FFFFFF\" width=\"22%\"><\/td>\n<\/tr>\n<tr>\n<td valign=\"top\" width=\"34%\">Posi\u00e7\u00e3o e cilindros<\/td>\n<td colspan=\"3\" valign=\"top\" width=\"66%\">longitudinal, 8 em V<\/td>\n<\/tr>\n<tr>\n<td valign=\"top\" width=\"34%\">Comando e v\u00e1lvulas por cilindro<\/td>\n<td valign=\"top\" width=\"22%\">nos cabe\u00e7otes, 2<\/td>\n<td colspan=\"2\" valign=\"top\" width=\"44%\">duplo nos cabe\u00e7otes, 4<\/td>\n<\/tr>\n<tr>\n<td valign=\"top\" width=\"34%\">Di\u00e2metro e curso<\/td>\n<td valign=\"top\" width=\"22%\">97 x 78,9 mm<\/td>\n<td valign=\"top\" width=\"22%\">100 x 78,9 mm<\/td>\n<td valign=\"top\" width=\"22%\">100 x 85,9 mm<\/td>\n<\/tr>\n<tr>\n<td valign=\"top\" width=\"34%\">Cilindrada<\/td>\n<td valign=\"top\" width=\"22%\">4.664 cm\u00b3<\/td>\n<td valign=\"top\" width=\"22%\">4.957 cm\u00b3<\/td>\n<td valign=\"top\" width=\"22%\">5.397 cm\u00b3<\/td>\n<\/tr>\n<tr>\n<td valign=\"top\" width=\"34%\">Taxa de compress\u00e3o<\/td>\n<td valign=\"top\" width=\"22%\">10:1<\/td>\n<td valign=\"top\" width=\"22%\"><\/td>\n<td valign=\"top\" width=\"22%\">10,4:1<\/td>\n<\/tr>\n<tr>\n<td valign=\"top\" width=\"34%\">Pot\u00eancia m\u00e1xima<\/td>\n<td valign=\"top\" width=\"22%\">300 cv a 5.900 rpm<\/td>\n<td valign=\"top\" width=\"22%\">330 cv a 6.000 rpm<\/td>\n<td valign=\"top\" width=\"22%\">350 cv a 5.700 rpm<\/td>\n<\/tr>\n<tr>\n<td valign=\"top\" width=\"34%\">Torque m\u00e1ximo<\/td>\n<td valign=\"top\" width=\"22%\">39,2 m.kgf a\n4.500 rpm<\/td>\n<td valign=\"top\" width=\"22%\">43,9 m.kgf a\n3.000 rpm<\/td>\n<td valign=\"top\" width=\"22%\">51 m.kgf a\n4.250 rpm<\/td>\n<\/tr>\n<tr>\n<td valign=\"top\" width=\"34%\">Alimenta\u00e7\u00e3o<\/td>\n<td valign=\"top\" width=\"22%\">inje\u00e7\u00e3o multiponto<\/td>\n<td valign=\"top\" width=\"22%\"><\/td>\n<td valign=\"top\" width=\"22%\"><\/td>\n<\/tr>\n<tr>\n<td valign=\"top\" bgcolor=\"#FFFFFF\" width=\"34%\">TRANSMISS\u00c3O<\/td>\n<td valign=\"top\" bgcolor=\"#FFFFFF\" width=\"22%\"><\/td>\n<td valign=\"top\" bgcolor=\"#FFFFFF\" width=\"22%\"><\/td>\n<td valign=\"top\" bgcolor=\"#FFFFFF\" width=\"22%\"><\/td>\n<\/tr>\n<tr>\n<td valign=\"top\" width=\"34%\">Tipo de c\u00e2mbio e marchas<\/td>\n<td valign=\"top\" width=\"22%\">manual, 5, ou\nautom\u00e1tico, 3<\/td>\n<td valign=\"top\" width=\"22%\">manual, 5<\/td>\n<td valign=\"top\" width=\"22%\">manual, 5, ou\nautom\u00e1tico, 4<\/td>\n<\/tr>\n<tr>\n<td valign=\"top\" width=\"34%\">Tra\u00e7\u00e3o<\/td>\n<td valign=\"top\" width=\"22%\">traseira<\/td>\n<td valign=\"top\" width=\"22%\"><\/td>\n<td valign=\"top\" width=\"22%\"><\/td>\n<\/tr>\n<tr>\n<td valign=\"top\" bgcolor=\"#FFFFFF\" width=\"34%\">FREIOS<\/td>\n<td valign=\"top\" bgcolor=\"#FFFFFF\" width=\"22%\"><\/td>\n<td valign=\"top\" bgcolor=\"#FFFFFF\" width=\"22%\"><\/td>\n<td valign=\"top\" bgcolor=\"#FFFFFF\" width=\"22%\"><\/td>\n<\/tr>\n<tr>\n<td valign=\"top\" width=\"34%\">Dianteiros<\/td>\n<td valign=\"top\" width=\"8%\">a disco ventilado<\/td>\n<td valign=\"top\" width=\"7%\"><\/td>\n<td valign=\"top\" width=\"7%\"><\/td>\n<\/tr>\n<tr>\n<td valign=\"top\" width=\"34%\">Traseiros<\/td>\n<td valign=\"top\" width=\"22%\">a disco ventilado<\/td>\n<td valign=\"top\" width=\"22%\"><\/td>\n<td valign=\"top\" width=\"22%\"><\/td>\n<\/tr>\n<tr>\n<td valign=\"top\" width=\"34%\">Antitravamento (ABS)<\/td>\n<td valign=\"top\" width=\"22%\">n\u00e3o<\/td>\n<td valign=\"top\" width=\"22%\">sim<\/td>\n<td valign=\"top\" width=\"22%\"><\/td>\n<\/tr>\n<tr>\n<td valign=\"top\" bgcolor=\"#FFFFFF\" width=\"34%\">SUSPENS\u00c3O<\/td>\n<td valign=\"top\" bgcolor=\"#FFFFFF\" width=\"22%\"><\/td>\n<td valign=\"top\" bgcolor=\"#FFFFFF\" width=\"22%\"><\/td>\n<td valign=\"top\" bgcolor=\"#FFFFFF\" width=\"22%\"><\/td>\n<\/tr>\n<tr>\n<td valign=\"top\" width=\"34%\">Dianteira<\/td>\n<td colspan=\"3\" valign=\"top\" width=\"66%\">independente, bra\u00e7os sobrepostos<\/td>\n<\/tr>\n<tr>\n<td valign=\"top\" width=\"34%\">Traseira<\/td>\n<td colspan=\"3\" valign=\"top\" width=\"66%\">independente, bra\u00e7o semiarrastado<\/td>\n<\/tr>\n<tr>\n<td valign=\"top\" bgcolor=\"#FFFFFF\" width=\"34%\">RODAS<\/td>\n<td valign=\"top\" bgcolor=\"#FFFFFF\" width=\"22%\"><\/td>\n<td valign=\"top\" bgcolor=\"#FFFFFF\" width=\"22%\"><\/td>\n<td valign=\"top\" bgcolor=\"#FFFFFF\" width=\"22%\"><\/td>\n<\/tr>\n<tr>\n<td valign=\"top\" width=\"34%\">Pneus dianteiros e\ntraseiros<\/td>\n<td valign=\"top\" width=\"22%\">225\/50 R 16<\/td>\n<td valign=\"top\" width=\"22%\">225\/50 R 16 e\n245\/45 R 16<\/td>\n<td valign=\"top\" width=\"22%\">225\/45 R 17 e\n255\/40 R 17<\/td>\n<\/tr>\n<tr>\n<td valign=\"top\" bgcolor=\"#FFFFFF\" width=\"34%\">DIMENS\u00d5ES<\/td>\n<td valign=\"top\" bgcolor=\"#FFFFFF\" width=\"22%\"><\/td>\n<td valign=\"top\" bgcolor=\"#FFFFFF\" width=\"22%\"><\/td>\n<td valign=\"top\" bgcolor=\"#FFFFFF\" width=\"22%\"><\/td>\n<\/tr>\n<tr>\n<td valign=\"top\" width=\"34%\">Comprimento<\/td>\n<td valign=\"top\" width=\"22%\">4,45 m<\/td>\n<td valign=\"top\" width=\"22%\">4,52 m<\/td>\n<td valign=\"top\" width=\"22%\"><\/td>\n<\/tr>\n<tr>\n<td valign=\"top\" width=\"34%\">Entre-eixos<\/td>\n<td valign=\"top\" width=\"22%\">2,50 m<\/td>\n<td valign=\"top\" width=\"22%\"><\/td>\n<td valign=\"top\" width=\"22%\"><\/td>\n<\/tr>\n<tr>\n<td valign=\"top\" width=\"34%\">Peso<\/td>\n<td valign=\"top\" width=\"22%\">1.450 kg<\/td>\n<td valign=\"top\" width=\"22%\">1.600 kg<\/td>\n<td valign=\"top\" width=\"22%\">1.620 kg<\/td>\n<\/tr>\n<tr>\n<td valign=\"top\" bgcolor=\"#FFFFFF\" width=\"34%\">DESEMPENHO<\/td>\n<td valign=\"top\" bgcolor=\"#FFFFFF\" width=\"22%\"><\/td>\n<td valign=\"top\" bgcolor=\"#FFFFFF\" width=\"22%\"><\/td>\n<td valign=\"top\" bgcolor=\"#FFFFFF\" width=\"22%\"><\/td>\n<\/tr>\n<tr>\n<td valign=\"top\" width=\"34%\">Velocidade m\u00e1xima<\/td>\n<td valign=\"top\" width=\"22%\">250 km\/h<\/td>\n<td valign=\"top\" width=\"22%\">275 km\/h<\/td>\n<td valign=\"top\" width=\"22%\">275 km\/h<\/td>\n<\/tr>\n<tr>\n<td valign=\"top\" width=\"34%\">Acelera\u00e7\u00e3o de 0 a 96 km\/h<\/td>\n<td valign=\"top\" width=\"22%\">ND<\/td>\n<td valign=\"top\" width=\"22%\">5,8 s<\/td>\n<td valign=\"top\" width=\"22%\">5,7 s<\/td>\n<\/tr>\n<tr>\n<td colspan=\"4\" valign=\"top\" width=\"100%\">ND = n\u00e3o dispon\u00edvel<\/td>\n<\/tr>\n<\/tbody>\n<\/table><\/div><\/div>\n<table border=\"0\">\n<tbody>\n<tr>\n<td><a href='https:\/\/autolivraria.com.br\/bc\/carros-do-passado\/' class='small-button smallsilver'>Mais Carros do Passado<\/a><\/td>\n<\/tr>\n<\/tbody>\n<\/table>\n<p>&nbsp;<\/p>\n<p>&nbsp;<\/p>\n","protected":false},"excerpt":{"rendered":"<p>Com motor V8 dianteiro e linhas ousadas, o 928 n\u00e3o parecia um Porsche, mas representou com classe seu topo de linha por 18 anos<\/p>\n","protected":false},"author":6,"featured_media":37604,"comment_status":"open","ping_status":"closed","sticky":false,"template":"","format":"standard","meta":{"_joinchat":[],"footnotes":""},"categories":[10,3806],"tags":[462,418,156,2930,151,614,2928,76,2929,3892,226],"class_list":["post-37514","post","type-post","status-publish","format-standard","has-post-thumbnail","hentry","category-passado","category-porsche","tag-462","tag-alemanha","tag-carros-do-passado","tag-dp-motorsport","tag-esportivo","tag-gemballa","tag-koenig","tag-porsche","tag-strosek","tag-supercarros","tag-v8"],"amp_enabled":true,"_links":{"self":[{"href":"https:\/\/autolivraria.com.br\/bc\/wp-json\/wp\/v2\/posts\/37514","targetHints":{"allow":["GET"]}}],"collection":[{"href":"https:\/\/autolivraria.com.br\/bc\/wp-json\/wp\/v2\/posts"}],"about":[{"href":"https:\/\/autolivraria.com.br\/bc\/wp-json\/wp\/v2\/types\/post"}],"author":[{"embeddable":true,"href":"https:\/\/autolivraria.com.br\/bc\/wp-json\/wp\/v2\/users\/6"}],"replies":[{"embeddable":true,"href":"https:\/\/autolivraria.com.br\/bc\/wp-json\/wp\/v2\/comments?post=37514"}],"version-history":[{"count":0,"href":"https:\/\/autolivraria.com.br\/bc\/wp-json\/wp\/v2\/posts\/37514\/revisions"}],"wp:featuredmedia":[{"embeddable":true,"href":"https:\/\/autolivraria.com.br\/bc\/wp-json\/wp\/v2\/media\/37604"}],"wp:attachment":[{"href":"https:\/\/autolivraria.com.br\/bc\/wp-json\/wp\/v2\/media?parent=37514"}],"wp:term":[{"taxonomy":"category","embeddable":true,"href":"https:\/\/autolivraria.com.br\/bc\/wp-json\/wp\/v2\/categories?post=37514"},{"taxonomy":"post_tag","embeddable":true,"href":"https:\/\/autolivraria.com.br\/bc\/wp-json\/wp\/v2\/tags?post=37514"}],"curies":[{"name":"wp","href":"https:\/\/api.w.org\/{rel}","templated":true}]}}