{"id":38315,"date":"2014-01-10T13:00:29","date_gmt":"2014-01-10T16:00:29","guid":{"rendered":"http:\/\/bestcars.uol.com.br\/bc\/?p=38315"},"modified":"2014-01-24T08:17:51","modified_gmt":"2014-01-24T11:17:51","slug":"historia-venturi-a-conturbada-visao-francesa-dos-esportivos","status":"publish","type":"post","link":"https:\/\/autolivraria.com.br\/bc\/informe-se\/passado\/historia-venturi-a-conturbada-visao-francesa-dos-esportivos\/","title":{"rendered":"Venturi, a conturbada vis\u00e3o francesa dos esportivos"},"content":{"rendered":"<p><a href=\"https:\/\/autolivraria.com.br\/bc\/wp-content\/uploads\/2014\/01\/Venturi-260-LM-1994-01.jpg\"><img fetchpriority=\"high\" decoding=\"async\" class=\"aligncenter size-medium wp-image-38317\" alt=\"Venturi 260 LM\" src=\"https:\/\/autolivraria.com.br\/bc\/wp-content\/uploads\/2014\/01\/Venturi-260-LM-1994-01-560x373.jpg\" width=\"560\" height=\"373\" srcset=\"https:\/\/autolivraria.com.br\/bc\/wp-content\/uploads\/2014\/01\/Venturi-260-LM-1994-01-560x373.jpg 560w, https:\/\/autolivraria.com.br\/bc\/wp-content\/uploads\/2014\/01\/Venturi-260-LM-1994-01-470x313.jpg 470w, https:\/\/autolivraria.com.br\/bc\/wp-content\/uploads\/2014\/01\/Venturi-260-LM-1994-01-270x179.jpg 270w, https:\/\/autolivraria.com.br\/bc\/wp-content\/uploads\/2014\/01\/Venturi-260-LM-1994-01.jpg 950w\" sizes=\"(max-width: 560px) 100vw, 560px\" \/><\/a><\/p>\n<p>&nbsp;<\/p>\n<h2>Os carros da MVS tinham estilo, requinte e desempenho,<br \/>\nmas conviveram com turbul\u00eancias no comando da empresa<\/h2>\n<h6><em>Texto: Fabr\u00edcio Samah\u00e1 &#8211; Fotos: divulga\u00e7\u00e3o<\/em><\/h6>\n<p>&nbsp;<\/p>\n<p>Apesar de sua not\u00e1vel tradi\u00e7\u00e3o em carros esporte no per\u00edodo anterior \u00e0 Segunda Guerra Mundial, com marcas como <a href=\"https:\/\/www.autolivraria.com.br\/classicos\/bugatti-1.htm\">Bugatti<\/a>, <a href=\"https:\/\/www.autolivraria.com.br\/ph2\/329-delahaye-135-1.htm\">Delahaye<\/a> e <a href=\"https:\/\/www.autolivraria.com.br\/ph2\/184a.htm\">Talbot-Lago<\/a>, a ind\u00fastria francesa havia quase que abandonado esse tipo de autom\u00f3vel na segunda metade do s\u00e9culo passado \u2014 com exce\u00e7\u00e3o da <a href=\"https:\/\/www.autolivraria.com.br\/cpassado2\/alpine-1.htm\">Alpine<\/a>, depois absorvida pela Renault. Na d\u00e9cada de 1980, por\u00e9m, dois franceses decidiram acrescentar um cap\u00edtulo \u00e0 hist\u00f3ria dos esportivos de seu pa\u00eds.<\/p>\n<p>O projetista Gerard Godfroy e o engenheiro Claude Poiraud deixaram a Heuliez \u2014 construtora de carros especiais, alguns deles para atender a grandes fabricantes \u2014 para fundar em 1984 a MVS ou Manufacture de Voitures de Sport (f\u00e1brica de carros esporte). No mesmo ano a dupla apresentava no Sal\u00e3o de Paris um prot\u00f3tipo de esportivo, o Ventury, com motor de <a href=\"https:\/\/www.autolivraria.com.br\/classicos\/golf-1.htm\">Volkswagen Golf GTI<\/a> e suspens\u00f5es de <a href=\"https:\/\/www.autolivraria.com.br\/cpassado2\/205-1.htm\">Peugeot 205<\/a>.<\/p>\n<p>&nbsp;<\/p>\n<div class='one_half'>\n\t\t\t\t\t<a href=\"https:\/\/autolivraria.com.br\/bc\/wp-content\/uploads\/2014\/01\/Venturi-MVS.jpg\"><img decoding=\"async\" class=\"aligncenter size-meia-largura-post wp-image-38318 lazyload\" alt=\"MVS Venturi\" data-src=\"https:\/\/autolivraria.com.br\/bc\/wp-content\/uploads\/2014\/01\/Venturi-MVS-270x156.jpg\" width=\"270\" height=\"156\" data-srcset=\"https:\/\/autolivraria.com.br\/bc\/wp-content\/uploads\/2014\/01\/Venturi-MVS-270x156.jpg 270w, https:\/\/autolivraria.com.br\/bc\/wp-content\/uploads\/2014\/01\/Venturi-MVS-560x323.jpg 560w, https:\/\/autolivraria.com.br\/bc\/wp-content\/uploads\/2014\/01\/Venturi-MVS-470x271.jpg 470w, https:\/\/autolivraria.com.br\/bc\/wp-content\/uploads\/2014\/01\/Venturi-MVS.jpg 950w\" data-sizes=\"(max-width: 270px) 100vw, 270px\" src=\"data:image\/svg+xml;base64,PHN2ZyB3aWR0aD0iMSIgaGVpZ2h0PSIxIiB4bWxucz0iaHR0cDovL3d3dy53My5vcmcvMjAwMC9zdmciPjwvc3ZnPg==\" style=\"--smush-placeholder-width: 270px; --smush-placeholder-aspect-ratio: 270\/156;\" \/><\/a>\n\t\t\t\t<\/div>\n<div class='one_half last'>\n\t\t\t\t\t<a href=\"https:\/\/autolivraria.com.br\/bc\/wp-content\/uploads\/2014\/01\/Venturi-Transcup-1988.jpg\"><img decoding=\"async\" class=\"aligncenter size-meia-largura-post wp-image-38319 lazyload\" alt=\"MVS Venturi Transcup\" data-src=\"https:\/\/autolivraria.com.br\/bc\/wp-content\/uploads\/2014\/01\/Venturi-Transcup-1988-270x156.jpg\" width=\"270\" height=\"156\" data-srcset=\"https:\/\/autolivraria.com.br\/bc\/wp-content\/uploads\/2014\/01\/Venturi-Transcup-1988-270x156.jpg 270w, https:\/\/autolivraria.com.br\/bc\/wp-content\/uploads\/2014\/01\/Venturi-Transcup-1988-560x323.jpg 560w, https:\/\/autolivraria.com.br\/bc\/wp-content\/uploads\/2014\/01\/Venturi-Transcup-1988-470x271.jpg 470w, https:\/\/autolivraria.com.br\/bc\/wp-content\/uploads\/2014\/01\/Venturi-Transcup-1988.jpg 950w\" data-sizes=\"(max-width: 270px) 100vw, 270px\" src=\"data:image\/svg+xml;base64,PHN2ZyB3aWR0aD0iMSIgaGVpZ2h0PSIxIiB4bWxucz0iaHR0cDovL3d3dy53My5vcmcvMjAwMC9zdmciPjwvc3ZnPg==\" style=\"--smush-placeholder-width: 270px; --smush-placeholder-aspect-ratio: 270\/156;\" \/><\/a>\n\t\t\t\t<\/div><div class='clear'><\/div>\n<h6 style=\"text-align: center;\"><em>\u00a0<\/em><br \/>\n<em>O MVS Venturi combinava carroceria de pl\u00e1stico, motor V6 de 200 cv e suspens\u00f5es<\/em><br \/>\n<em>sofisticadas; a vers\u00e3o Transcup (\u00e0 direita) trazia teto retr\u00e1til com tr\u00eas se\u00e7\u00f5es<\/em><\/h6>\n<p>&nbsp;<\/p>\n<p>Com a grafia alterada para Venturi, o primeiro modelo da MVS chegava \u00e0s ruas depois de dois anos com bons argumentos, a come\u00e7ar pelo desenho. Era um elegante cup\u00ea c0m frente baixa, far\u00f3is escamote\u00e1veis, ma\u00e7anetas embutidas e para-choques bem mais integrados ao desenho do que era habitual na \u00e9poca. Havia alguma semelhan\u00e7a com modelos da Lotus e at\u00e9 com o <a href=\"https:\/\/www.autolivraria.com.br\/cpassado\/ferrari-1.htm\">Ferrari 348<\/a>, que seria lan\u00e7ado s\u00f3 em 1989. O interior cativava pelo acabamento luxuoso, com revestimento dos bancos em couro Connolly (fornecedora de marcas como Bentley e Rolls-Royce), apliques de madeira no painel, console e portas e ajuste el\u00e9trico dos bancos. Comandos de carros de grandes f\u00e1bricas podiam ser encontrados, uma medida comum em modelos de produ\u00e7\u00e3o reduzida.<\/p>\n<p>&nbsp;<\/p>\n<blockquote><p>Com 408 cv no motor biturbo, o 400 GT fazia de 0 a 100 em 4,5 segundos e seus freios de carbono-cer\u00e2mica eram os primeiros em produ\u00e7\u00e3o<\/p><\/blockquote>\n<p>&nbsp;<\/p>\n<p>Compacta (4,09 metros de comprimento, 2,40 m de dist\u00e2ncia entre eixos), a carroceria de muito boa aerodin\u00e2mica (<a href=\"https:\/\/autolivraria.com.br\/bc\/glossario-c\/#cx\">Cx<\/a> 0,31) era feita de pl\u00e1stico refor\u00e7ado com fibra de vidro sobre chassi tubular de a\u00e7o. O motor central-traseiro havia sido substitu\u00eddo por um bem mais vigoroso, coerente com suas pretens\u00f5es: cedido pelo Renault Alpine GTA, o PRV (projeto conjunto entre Peugeot, Renault e Volvo) V6 de 2,5 litros com <a href=\"https:\/\/autolivraria.com.br\/bc\/glossario-t\/#turb\">turbocompressor<\/a> desenvolvia a pot\u00eancia de 200 cv e o torque de 29,6 m.kgf, associado a um c\u00e2mbio manual de cinco marchas com tra\u00e7\u00e3o traseira.<\/p>\n<p>Com peso moderado de 1.180 kg, o Venturi prometia desempenho muito bom: acelera\u00e7\u00e3o de 0 a 100 km\/h em 6,6 segundos e velocidade m\u00e1xima de 245 km\/h, compat\u00edveis com advers\u00e1rios consagrados como <a href=\"https:\/\/www.autolivraria.com.br\/cpassado\/ferrari-1.htm\">Ferrari 328<\/a>, <a href=\"https:\/\/www.autolivraria.com.br\/classicos\/esprit-1.htm\">Lotus Esprit Turbo<\/a> e <a href=\"https:\/\/www.autolivraria.com.br\/classicos\/924-1.htm\">Porsche 944 Turbo<\/a>. O conjunto sofisticado e eficiente inclu\u00eda suspens\u00e3o dianteira por bra\u00e7os sobrepostos e traseira do tipo multibra\u00e7o (outra evolu\u00e7\u00e3o em rela\u00e7\u00e3o \u00e0s do 205, do tipo McPherson, usadas no prot\u00f3tipo), freios a disco ventilados e rodas de 16 pol com pneus 205\/55 \u00e0 frente e 225\/50 atr\u00e1s. A dire\u00e7\u00e3o dispensava assist\u00eancia em favor de maior sensibilidade.<\/p>\n<p>&nbsp;<\/p>\n<div class='one_half'>\n\t\t\t\t\t<a href=\"https:\/\/autolivraria.com.br\/bc\/wp-content\/uploads\/2014\/01\/Venturi-Atlantique-260-1992-03.jpg\"><img decoding=\"async\" class=\"aligncenter size-meia-largura-post wp-image-38320 lazyload\" alt=\"Venturi Atlantique 260\" data-src=\"https:\/\/autolivraria.com.br\/bc\/wp-content\/uploads\/2014\/01\/Venturi-Atlantique-260-1992-03-270x179.jpg\" width=\"270\" height=\"179\" data-srcset=\"https:\/\/autolivraria.com.br\/bc\/wp-content\/uploads\/2014\/01\/Venturi-Atlantique-260-1992-03-270x179.jpg 270w, https:\/\/autolivraria.com.br\/bc\/wp-content\/uploads\/2014\/01\/Venturi-Atlantique-260-1992-03-560x373.jpg 560w, https:\/\/autolivraria.com.br\/bc\/wp-content\/uploads\/2014\/01\/Venturi-Atlantique-260-1992-03-470x313.jpg 470w, https:\/\/autolivraria.com.br\/bc\/wp-content\/uploads\/2014\/01\/Venturi-Atlantique-260-1992-03.jpg 950w\" data-sizes=\"(max-width: 270px) 100vw, 270px\" src=\"data:image\/svg+xml;base64,PHN2ZyB3aWR0aD0iMSIgaGVpZ2h0PSIxIiB4bWxucz0iaHR0cDovL3d3dy53My5vcmcvMjAwMC9zdmciPjwvc3ZnPg==\" style=\"--smush-placeholder-width: 270px; --smush-placeholder-aspect-ratio: 270\/179;\" \/><\/a>\n\t\t\t\t<\/div>\n<div class='one_half last'>\n\t\t\t\t\t<a href=\"https:\/\/autolivraria.com.br\/bc\/wp-content\/uploads\/2014\/01\/Venturi-Atlantique-260-1992-04.jpg\"><img decoding=\"async\" class=\"aligncenter size-meia-largura-post wp-image-38321 lazyload\" alt=\"Venturi Atlantique 260\" data-src=\"https:\/\/autolivraria.com.br\/bc\/wp-content\/uploads\/2014\/01\/Venturi-Atlantique-260-1992-04-270x179.jpg\" width=\"270\" height=\"179\" data-srcset=\"https:\/\/autolivraria.com.br\/bc\/wp-content\/uploads\/2014\/01\/Venturi-Atlantique-260-1992-04-270x179.jpg 270w, https:\/\/autolivraria.com.br\/bc\/wp-content\/uploads\/2014\/01\/Venturi-Atlantique-260-1992-04-560x373.jpg 560w, https:\/\/autolivraria.com.br\/bc\/wp-content\/uploads\/2014\/01\/Venturi-Atlantique-260-1992-04-470x313.jpg 470w, https:\/\/autolivraria.com.br\/bc\/wp-content\/uploads\/2014\/01\/Venturi-Atlantique-260-1992-04.jpg 950w\" data-sizes=\"(max-width: 270px) 100vw, 270px\" src=\"data:image\/svg+xml;base64,PHN2ZyB3aWR0aD0iMSIgaGVpZ2h0PSIxIiB4bWxucz0iaHR0cDovL3d3dy53My5vcmcvMjAwMC9zdmciPjwvc3ZnPg==\" style=\"--smush-placeholder-width: 270px; --smush-placeholder-aspect-ratio: 270\/179;\" \/><\/a>\n\t\t\t\t<\/div><div class='clear'><\/div>\n<h6 style=\"text-align: center;\"><em>\u00a0<\/em><br \/>\n<em>Com a vers\u00e3o 260 o motor PRV ganhava 61 cv; o Atlantique 260 era mais simples e<\/em><br \/>\n<em>pesava menos; interior requintado era uma marca registrada desses franceses<\/em><\/h6>\n<p>&nbsp;<\/p>\n<p>Um motor de <a href=\"https:\/\/autolivraria.com.br\/bc\/glossario-a\/#aspi\">aspira\u00e7\u00e3o natural<\/a> com 160 cv era revelado em 1988, assim como a vers\u00e3o Transcup: um convers\u00edvel com teto r\u00edgido retr\u00e1til segmentado em tr\u00eas partes, de modo que o usu\u00e1rio podia us\u00e1-lo fechado, aberto ou como um targa, apenas com a se\u00e7\u00e3o dianteira a c\u00e9u aberto. Mais pot\u00eancia vinha em 1989 na vers\u00e3o Venturi 260. O PRV V6 crescia para 2,85 litros e ganhava altera\u00e7\u00f5es em comando de v\u00e1lvulas e escapamento, o que se traduzia em 261 cv e importante aumento em torque para 44 m.kgf. O construtor informava m\u00e1xima de 270 km\/h e 0-100 em 5,3 segundos, apesar do peso mais alto de 1.250 kg. A dire\u00e7\u00e3o agora contava com assist\u00eancia e os pneus estavam mais largos na traseira, 245\/45, ainda em rodas de 16 pol.<\/p>\n<p>A revista <em>Performance Car\u00a0<\/em> definiu-o como um &#8220;carro para pilotos, confort\u00e1vel e f\u00e1cil de dirigir, mas feito para andar muito, muito r\u00e1pido em m\u00e3os altamente qualificadas&#8221;. Confrontado a um grupo variado em 1992 \u2014 Alpine A610, Lotus Esprit Turbo, <a href=\"https:\/\/www.autolivraria.com.br\/cpassado2\/rx7-1.htm\">Mazda RX-7<\/a>, Mitsubishi 3000 GT, <a href=\"https:\/\/www.autolivraria.com.br\/cpassado2\/nissan-z-1.htm\">Nissan 300 ZX<\/a>, <a href=\"https:\/\/www.autolivraria.com.br\/classicos\/924-1.htm\">Porsche 968<\/a> e <a href=\"https:\/\/www.autolivraria.com.br\/ph2\/278b.htm\">Subaru SVX<\/a> \u2014, foi o quarto mais r\u00e1pido para acelerar de 0 a 96 km\/h, com 5,9 segundos. Houve elogios tamb\u00e9m ao estilo, ao acabamento do interior e \u00e0 facilidade de dirigir, mas o ru\u00eddo do turbo foi alto demais e o carro apresentou falhas de qualidade. &#8220;O Venturi poderia estar no p\u00f3dio. Extremamente r\u00e1pido e muito bonito por dentro e por fora, ele enfrentou problemas embara\u00e7osos. Esper\u00e1vamos que um carro de quase 50 mil libras fosse mais dur\u00e1vel&#8221;.<\/p>\n<p>O desempenho do 260 melhorava ainda mais em 1990 na vers\u00e3o Atlantique, que vinha despojada de ar-condicionado e r\u00e1dio e recebia componentes mais leves para reduzir o peso a apenas 1.100 kg. A empresa anunciava 0-100 em 5,2 segundos. Com a mudan\u00e7a de m\u00e3os de seu controle acion\u00e1rio, a MVS abandonava o nome no mesmo ano para se chamar apenas Venturi e, em 1991, estava em novo endere\u00e7o. No ano seguinte o 260 ganhava a s\u00e9rie especial LM, oferecida apenas em azul (cor oficial dos carros de corrida franceses no passado) e com rodas OZ de 17 pol.<\/p>\n<p>&nbsp;<\/p>\n<div class='one_half'>\n\t\t\t\t\t<a href=\"https:\/\/autolivraria.com.br\/bc\/wp-content\/uploads\/2014\/01\/Venturi-260-LM-1994-03.jpg\"><img decoding=\"async\" class=\"aligncenter size-meia-largura-post wp-image-38323 lazyload\" alt=\"Venturi 260 LM\" data-src=\"https:\/\/autolivraria.com.br\/bc\/wp-content\/uploads\/2014\/01\/Venturi-260-LM-1994-03-270x179.jpg\" width=\"270\" height=\"179\" data-srcset=\"https:\/\/autolivraria.com.br\/bc\/wp-content\/uploads\/2014\/01\/Venturi-260-LM-1994-03-270x179.jpg 270w, https:\/\/autolivraria.com.br\/bc\/wp-content\/uploads\/2014\/01\/Venturi-260-LM-1994-03-560x373.jpg 560w, https:\/\/autolivraria.com.br\/bc\/wp-content\/uploads\/2014\/01\/Venturi-260-LM-1994-03-470x313.jpg 470w, https:\/\/autolivraria.com.br\/bc\/wp-content\/uploads\/2014\/01\/Venturi-260-LM-1994-03.jpg 950w\" data-sizes=\"(max-width: 270px) 100vw, 270px\" src=\"data:image\/svg+xml;base64,PHN2ZyB3aWR0aD0iMSIgaGVpZ2h0PSIxIiB4bWxucz0iaHR0cDovL3d3dy53My5vcmcvMjAwMC9zdmciPjwvc3ZnPg==\" style=\"--smush-placeholder-width: 270px; --smush-placeholder-aspect-ratio: 270\/179;\" \/><\/a>\n\t\t\t\t<\/div>\n<div class='one_half last'>\n\t\t\t\t\t<a href=\"https:\/\/autolivraria.com.br\/bc\/wp-content\/uploads\/2014\/01\/Venturi-400-Trophy-1992.jpg\"><img decoding=\"async\" class=\"aligncenter size-meia-largura-post wp-image-38324 lazyload\" alt=\"Venturi 400 Trophy\" data-src=\"https:\/\/autolivraria.com.br\/bc\/wp-content\/uploads\/2014\/01\/Venturi-400-Trophy-1992-270x179.jpg\" width=\"270\" height=\"179\" data-srcset=\"https:\/\/autolivraria.com.br\/bc\/wp-content\/uploads\/2014\/01\/Venturi-400-Trophy-1992-270x179.jpg 270w, https:\/\/autolivraria.com.br\/bc\/wp-content\/uploads\/2014\/01\/Venturi-400-Trophy-1992-560x373.jpg 560w, https:\/\/autolivraria.com.br\/bc\/wp-content\/uploads\/2014\/01\/Venturi-400-Trophy-1992-470x313.jpg 470w, https:\/\/autolivraria.com.br\/bc\/wp-content\/uploads\/2014\/01\/Venturi-400-Trophy-1992.jpg 950w\" data-sizes=\"(max-width: 270px) 100vw, 270px\" src=\"data:image\/svg+xml;base64,PHN2ZyB3aWR0aD0iMSIgaGVpZ2h0PSIxIiB4bWxucz0iaHR0cDovL3d3dy53My5vcmcvMjAwMC9zdmciPjwvc3ZnPg==\" style=\"--smush-placeholder-width: 270px; --smush-placeholder-aspect-ratio: 270\/179;\" \/><\/a>\n\t\t\t\t<\/div><div class='clear'><\/div>\n<h6 style=\"text-align: center;\"><em><br \/>\nA s\u00e9rie especial 260 LM (esquerda) vinha s\u00f3 em azul e com rodas de 17 pol;<br \/>\no 400 Trophy era usado em um campeonato monomarca nos anos 90<\/em><em><\/em><\/h6>\n<p>&nbsp;<\/p>\n<div class='one_half'>\n\t\t\t\t\t<a href=\"https:\/\/autolivraria.com.br\/bc\/wp-content\/uploads\/2014\/01\/Venturi-400-GT-1994-01.jpg\"><img decoding=\"async\" class=\"aligncenter size-meia-largura-post wp-image-38325 lazyload\" alt=\"Venturi 400 GT\" data-src=\"https:\/\/autolivraria.com.br\/bc\/wp-content\/uploads\/2014\/01\/Venturi-400-GT-1994-01-270x179.jpg\" width=\"270\" height=\"179\" data-srcset=\"https:\/\/autolivraria.com.br\/bc\/wp-content\/uploads\/2014\/01\/Venturi-400-GT-1994-01-270x179.jpg 270w, https:\/\/autolivraria.com.br\/bc\/wp-content\/uploads\/2014\/01\/Venturi-400-GT-1994-01-560x373.jpg 560w, https:\/\/autolivraria.com.br\/bc\/wp-content\/uploads\/2014\/01\/Venturi-400-GT-1994-01-470x313.jpg 470w, https:\/\/autolivraria.com.br\/bc\/wp-content\/uploads\/2014\/01\/Venturi-400-GT-1994-01.jpg 950w\" data-sizes=\"(max-width: 270px) 100vw, 270px\" src=\"data:image\/svg+xml;base64,PHN2ZyB3aWR0aD0iMSIgaGVpZ2h0PSIxIiB4bWxucz0iaHR0cDovL3d3dy53My5vcmcvMjAwMC9zdmciPjwvc3ZnPg==\" style=\"--smush-placeholder-width: 270px; --smush-placeholder-aspect-ratio: 270\/179;\" \/><\/a>\n\t\t\t\t<\/div>\n<div class='one_half last'>\n\t\t\t\t\t<a href=\"https:\/\/autolivraria.com.br\/bc\/wp-content\/uploads\/2014\/01\/Venturi-400-GT-1994-02.jpg\"><img decoding=\"async\" class=\"aligncenter size-meia-largura-post wp-image-38326 lazyload\" alt=\"Venturi 400 GT\" data-src=\"https:\/\/autolivraria.com.br\/bc\/wp-content\/uploads\/2014\/01\/Venturi-400-GT-1994-02-270x179.jpg\" width=\"270\" height=\"179\" data-srcset=\"https:\/\/autolivraria.com.br\/bc\/wp-content\/uploads\/2014\/01\/Venturi-400-GT-1994-02-270x179.jpg 270w, https:\/\/autolivraria.com.br\/bc\/wp-content\/uploads\/2014\/01\/Venturi-400-GT-1994-02-560x373.jpg 560w, https:\/\/autolivraria.com.br\/bc\/wp-content\/uploads\/2014\/01\/Venturi-400-GT-1994-02-470x313.jpg 470w, https:\/\/autolivraria.com.br\/bc\/wp-content\/uploads\/2014\/01\/Venturi-400-GT-1994-02.jpg 950w\" data-sizes=\"(max-width: 270px) 100vw, 270px\" src=\"data:image\/svg+xml;base64,PHN2ZyB3aWR0aD0iMSIgaGVpZ2h0PSIxIiB4bWxucz0iaHR0cDovL3d3dy53My5vcmcvMjAwMC9zdmciPjwvc3ZnPg==\" style=\"--smush-placeholder-width: 270px; --smush-placeholder-aspect-ratio: 270\/179;\" \/><\/a>\n\t\t\t\t<\/div><div class='clear'><\/div>\n<h6 style=\"text-align: center;\"><em>\u00a0<\/em><br \/>\n<em>Em 1994 a Venturi lan\u00e7ava seu modelo de\u00a0rua mais potente: o 400 GT, com\u00a0408 cv<\/em><br \/>\n<em>no V6 biturbo e os primeiros freios de carbono-cer\u00e2mica em carro de s\u00e9rie<\/em><\/h6>\n<p>&nbsp;<\/p>\n<p>Surgiram ent\u00e3o projetos espec\u00edficos para competi\u00e7\u00e3o \u2014 tanto no campeonato BPR Global GT e na 24 Horas de Le Mans quanto em um certame monomarca \u2014 at\u00e9 que, em 1994, o carro de corridas 400 GTR foi adaptado para uso em rua, o que deu origem ao Venturi 400 GT. Embora lembrasse os anteriores, o novo esportivo tinha formas intimidadoras, com largura bem maior, anexos aerodin\u00e2micos pronunciados e grandes tomadas de ar diante das rodas traseiras, em uma semelhan\u00e7a ineg\u00e1vel ao <a href=\"https:\/\/www.autolivraria.com.br\/classicos\/f40-1.htm\">Ferrari F40<\/a>. O entre-eixos estava 10 cent\u00edmetros maior e os pneus traseiros 285\/35 equipavam rodas de 18 pol.<\/p>\n<p>&nbsp;<\/p>\n<div class='code-block code-block-7' style='margin: 28px auto; text-align: center; display: block; clear: both;'>\n<br>\n<div align=\"center\">\n<a target=\"_blank\" href=\"https:\/\/bestcars.com.br\/bc\/\">\n<img decoding=\"async\" data-src=\"https:\/\/bestcars.com.br\/bc\/wp-content\/uploads\/2021\/07\/Auto-Livraria-450x300-quadros.jpg\" alt=\"Auto Livraria\" src=\"data:image\/svg+xml;base64,PHN2ZyB3aWR0aD0iMSIgaGVpZ2h0PSIxIiB4bWxucz0iaHR0cDovL3d3dy53My5vcmcvMjAwMC9zdmciPjwvc3ZnPg==\" class=\"lazyload\"><\/a>\n<\/div>\n<br><\/div>\n\n<p>&nbsp;<\/p>\n<p>Ainda de origem Renault, o motor V6 de 3,0 litros \u2014 baseado no do luxuoso Safrane Biturbo \u2014 recebia dois turbos de maior capacidade para obter 408 cv e 53 m.kgf, ante 262 cv e 37,2 m.kgf do original. Com baixo peso (1.150 kg), seu desempenho impressionava: 0-100 em 4,5 segundos e m\u00e1xima de 290 km\/h, \u00edndices at\u00e9 ent\u00e3o nunca vistos em um carro franc\u00eas. Os freios com discos de carbono-cer\u00e2mica eram os primeiros em um carro de produ\u00e7\u00e3o \u2014 se \u00e9 que se pode assim chamar uma s\u00e9rie restrita a 15 unidades.<\/p>\n<p>Com a empresa desde 1994 em novas m\u00e3os, as do escoc\u00eas Hubert O&#8217;Neill, um sucessor mais direto para os Venturis da fase MVS aparecia em 1996: o Atlantique 300. O desenho da carroceria era todo novo e bastante equilibrado, com formas mais suaves e tomadas de ar discretas \u2014 os far\u00f3is permaneciam ocultos quando apagados. Teto e portas agora usavam alum\u00ednio, sendo o restante feito em pl\u00e1stico e fibra de vidro. O entre-eixos de 2,50 m era o mesmo do 400 GT.<\/p>\n<p>&nbsp;<\/p>\n<div class='one_half'>\n\t\t\t\t\t<a href=\"https:\/\/autolivraria.com.br\/bc\/wp-content\/uploads\/2014\/01\/Venturi-Atlantique-300-1996-03.jpg\"><img decoding=\"async\" class=\"aligncenter size-meia-largura-post wp-image-38327 lazyload\" alt=\"Venturi Atlantique 300\" data-src=\"https:\/\/autolivraria.com.br\/bc\/wp-content\/uploads\/2014\/01\/Venturi-Atlantique-300-1996-03-270x179.jpg\" width=\"270\" height=\"179\" data-srcset=\"https:\/\/autolivraria.com.br\/bc\/wp-content\/uploads\/2014\/01\/Venturi-Atlantique-300-1996-03-270x179.jpg 270w, https:\/\/autolivraria.com.br\/bc\/wp-content\/uploads\/2014\/01\/Venturi-Atlantique-300-1996-03-560x373.jpg 560w, https:\/\/autolivraria.com.br\/bc\/wp-content\/uploads\/2014\/01\/Venturi-Atlantique-300-1996-03-470x313.jpg 470w, https:\/\/autolivraria.com.br\/bc\/wp-content\/uploads\/2014\/01\/Venturi-Atlantique-300-1996-03.jpg 950w\" data-sizes=\"(max-width: 270px) 100vw, 270px\" src=\"data:image\/svg+xml;base64,PHN2ZyB3aWR0aD0iMSIgaGVpZ2h0PSIxIiB4bWxucz0iaHR0cDovL3d3dy53My5vcmcvMjAwMC9zdmciPjwvc3ZnPg==\" style=\"--smush-placeholder-width: 270px; --smush-placeholder-aspect-ratio: 270\/179;\" \/><\/a>\n\t\t\t\t<\/div>\n<div class='one_half last'>\n\t\t\t\t\t<a href=\"https:\/\/autolivraria.com.br\/bc\/wp-content\/uploads\/2014\/01\/Venturi-Fetish-2006-01.jpg\"><img decoding=\"async\" class=\"aligncenter size-meia-largura-post wp-image-38328 lazyload\" alt=\"Venturi F\u00e9tish\" data-src=\"https:\/\/autolivraria.com.br\/bc\/wp-content\/uploads\/2014\/01\/Venturi-Fetish-2006-01-270x179.jpg\" width=\"270\" height=\"179\" data-srcset=\"https:\/\/autolivraria.com.br\/bc\/wp-content\/uploads\/2014\/01\/Venturi-Fetish-2006-01-270x179.jpg 270w, https:\/\/autolivraria.com.br\/bc\/wp-content\/uploads\/2014\/01\/Venturi-Fetish-2006-01-560x373.jpg 560w, https:\/\/autolivraria.com.br\/bc\/wp-content\/uploads\/2014\/01\/Venturi-Fetish-2006-01-470x313.jpg 470w, https:\/\/autolivraria.com.br\/bc\/wp-content\/uploads\/2014\/01\/Venturi-Fetish-2006-01.jpg 950w\" data-sizes=\"(max-width: 270px) 100vw, 270px\" src=\"data:image\/svg+xml;base64,PHN2ZyB3aWR0aD0iMSIgaGVpZ2h0PSIxIiB4bWxucz0iaHR0cDovL3d3dy53My5vcmcvMjAwMC9zdmciPjwvc3ZnPg==\" style=\"--smush-placeholder-width: 270px; --smush-placeholder-aspect-ratio: 270\/179;\" \/><\/a>\n\t\t\t\t<\/div><div class='clear'><\/div>\n<h6 style=\"text-align: center;\"><em>\u00a0<\/em><br \/>\n<em>O Atlantique 300 evolu\u00eda o tema e adotava em 1998 o novo motor Peugeot-Renault;<\/em><br \/>\n<em>nos anos 2000, o el\u00e9trico F\u00e9tish recolocou a Venturi no mercado de esportivos<\/em><\/h6>\n<p>&nbsp;<\/p>\n<p>De in\u00edcio foi usado o motor PRV V6 de 3,0 litros, em vers\u00f5es aspirada (210 cv) e com turbo (281 cv e 42,9 m.kgf), mas ap\u00f3s dois anos a Venturi adotava o mais moderno V6 de quatro v\u00e1lvulas por cilindro e mesma cilindrada desenvolvido por Peugeot e Renault. Com dois turbos menores, permitia pot\u00eancia superior (310 cv) e, apesar do torque m\u00e1ximo reduzido para 40 m.kgf, as respostas em baixa rota\u00e7\u00e3o eram favorecidas pela a\u00e7\u00e3o mais \u00e1gil dos turbos. A f\u00e1brica anunciava 0-100 em 4,7 segundos e m\u00e1xima de 275 km\/h.<\/p>\n<p>A <em>Performance Car\u00a0<\/em> comparou o Atlantique ao Lotus Esprit e apontou v\u00e1rias vantagens no modelo franc\u00eas: &#8220;\u00c9 um carro mais relaxante de dirigir, com menores dimens\u00f5es que o deixam mais f\u00e1cil de manusear; roda com mais suavidade, produz muito menos ru\u00eddos de rodagem e tem um comando de c\u00e2mbio bem superior. A qualidade de constru\u00e7\u00e3o tamb\u00e9m \u00e9 melhor&#8221;.<\/p>\n<p>Apesar dos atributos dos carros, a Venturi n\u00e3o conseguia vend\u00ea-los em quantidade suficiente (o Atlantique n\u00e3o passou de 70 exemplares) e atravessou outras crises, mesmo depois de mudar outra vez de propriet\u00e1rios em 1996, quando passou ao grupo tailand\u00eas Nakarin Benz. Em 2000 chegava \u00e0 concordata, depois de produzir menos de 700 ve\u00edculos entre os v\u00e1rios modelos. Adquirida no ano seguinte pelo milion\u00e1rio monegasco Gildo Pallanca Pastor, a marca ressurgia com outros rumos \u2014 carros el\u00e9tricos \u2014, mas retomava o esp\u00edrito esportivo com o roadster F\u00e9tish, apresentado em 2002 e colocado em produ\u00e7\u00e3o quatro anos mais tarde.<\/p>\n<table border=\"0\">\n<tbody>\n<tr>\n<td><a href='https:\/\/autolivraria.com.br\/bc\/carros-do-passado\/' class='small-button smallsilver'>Mais Carros do Passado<\/a><\/td>\n<\/tr>\n<\/tbody>\n<\/table>\n<p>&nbsp;<\/p>\n<p>&nbsp;<\/p>\n","protected":false},"excerpt":{"rendered":"<p>Os carros da MVS tinham estilo, requinte e desempenho,<br \/>\nmas conviveram com turbul\u00eancias no comando da empresa<\/p>\n","protected":false},"author":6,"featured_media":38317,"comment_status":"open","ping_status":"closed","sticky":false,"template":"","format":"standard","meta":{"_joinchat":[],"footnotes":""},"categories":[10,1811,11],"tags":[156,151,406,2008,3892,575,2946],"class_list":["post-38315","post","type-post","status-publish","format-standard","has-post-thumbnail","hentry","category-passado","category-outros-europeus","category-paginas-historia","tag-carros-do-passado","tag-esportivo","tag-franca","tag-paginas-da-historia","tag-supercarros","tag-turbo","tag-venturi"],"amp_enabled":true,"_links":{"self":[{"href":"https:\/\/autolivraria.com.br\/bc\/wp-json\/wp\/v2\/posts\/38315","targetHints":{"allow":["GET"]}}],"collection":[{"href":"https:\/\/autolivraria.com.br\/bc\/wp-json\/wp\/v2\/posts"}],"about":[{"href":"https:\/\/autolivraria.com.br\/bc\/wp-json\/wp\/v2\/types\/post"}],"author":[{"embeddable":true,"href":"https:\/\/autolivraria.com.br\/bc\/wp-json\/wp\/v2\/users\/6"}],"replies":[{"embeddable":true,"href":"https:\/\/autolivraria.com.br\/bc\/wp-json\/wp\/v2\/comments?post=38315"}],"version-history":[{"count":0,"href":"https:\/\/autolivraria.com.br\/bc\/wp-json\/wp\/v2\/posts\/38315\/revisions"}],"wp:featuredmedia":[{"embeddable":true,"href":"https:\/\/autolivraria.com.br\/bc\/wp-json\/wp\/v2\/media\/38317"}],"wp:attachment":[{"href":"https:\/\/autolivraria.com.br\/bc\/wp-json\/wp\/v2\/media?parent=38315"}],"wp:term":[{"taxonomy":"category","embeddable":true,"href":"https:\/\/autolivraria.com.br\/bc\/wp-json\/wp\/v2\/categories?post=38315"},{"taxonomy":"post_tag","embeddable":true,"href":"https:\/\/autolivraria.com.br\/bc\/wp-json\/wp\/v2\/tags?post=38315"}],"curies":[{"name":"wp","href":"https:\/\/api.w.org\/{rel}","templated":true}]}}