{"id":38369,"date":"2014-01-09T13:47:10","date_gmt":"2014-01-09T16:47:10","guid":{"rendered":"http:\/\/bestcars.uol.com.br\/bc\/?p=38369"},"modified":"2014-01-13T15:50:31","modified_gmt":"2014-01-13T18:50:31","slug":"fiat-palio-fire-retocado-agora-e-o-carro-mais-barato","status":"publish","type":"post","link":"https:\/\/autolivraria.com.br\/bc\/informe-se\/noticias\/fiat-palio-fire-retocado-agora-e-o-carro-mais-barato\/","title":{"rendered":"Fiat Palio Fire, retocado, agora \u00e9 o carro mais barato"},"content":{"rendered":"<p><a href=\"https:\/\/autolivraria.com.br\/bc\/wp-content\/uploads\/2014\/01\/Fiat-Palio-Fire-01.jpg\"><img fetchpriority=\"high\" decoding=\"async\" class=\"aligncenter size-medium wp-image-38370\" alt=\"Fiat Palio Fire 01\" src=\"https:\/\/autolivraria.com.br\/bc\/wp-content\/uploads\/2014\/01\/Fiat-Palio-Fire-01-560x373.jpg\" width=\"560\" height=\"373\" \/><\/a><\/p>\n<p>&nbsp;<\/p>\n<p>Para suprir o espa\u00e7o deixado pelo Mille, que saiu de produ\u00e7\u00e3o em dezembro (a s\u00e9rie especial de despedida <a title=\"Grazie Mille, a R$ 31,2 mil, \u00e9 despedida do Uno original\" href=\"https:\/\/autolivraria.com.br\/bc\/informe-se\/noticias\/grazie-mille-a-r-312-mil-faz-despedida-do-uno-original\/\">Grazie Mille<\/a> poder\u00e1 ser vendida at\u00e9 mar\u00e7o), a Fiat lan\u00e7a o Palio Fire 2014 com pre\u00e7o reduzido para R$ 24 mil na vers\u00e3o de tr\u00eas portas, o mais baixo do mercado, e R$ 26 mil com cinco portas. O modelo de primeira gera\u00e7\u00e3o, que mant\u00e9m o desenho da terceira s\u00e9rie (lan\u00e7ada h\u00e1 nada menos que 10 anos), recebeu mudan\u00e7as na grade dianteira, quadro de instrumentos com econ\u00f4metro, volante, difusores de ar do painel,\u00a0console central,\u00a0revestimento dos bancos e\u00a0r\u00e1dio, que tem entrada USB.<\/p>\n<p>&nbsp;<\/p>\n<div class='code-block code-block-7' style='margin: 28px auto; text-align: center; display: block; clear: both;'>\n<br>\n<div align=\"center\">\n<a target=\"_blank\" href=\"https:\/\/bestcars.com.br\/bc\/\">\n<img decoding=\"async\" data-src=\"https:\/\/bestcars.com.br\/bc\/wp-content\/uploads\/2021\/07\/Auto-Livraria-450x300-quadros.jpg\" alt=\"Auto Livraria\" src=\"data:image\/svg+xml;base64,PHN2ZyB3aWR0aD0iMSIgaGVpZ2h0PSIxIiB4bWxucz0iaHR0cDovL3d3dy53My5vcmcvMjAwMC9zdmciPjwvc3ZnPg==\" class=\"lazyload\"><\/a>\n<\/div>\n<br><\/div>\n\n<p>&nbsp;<\/p>\n<p>Al\u00e9m de freios antitravamento (ABS) e bolsas infl\u00e1veis frontais de s\u00e9rie, como agora exige a legisla\u00e7\u00e3o, o conte\u00fado inclui\u00a0retrovisores externos com comando interno, para-choques na cor do carro, rel\u00f3gio digital, luz de leitura dianteira e vidros verdes. O\u00a0<span style=\"line-height: 1.5em;\">ar-condicionado agora tem pre\u00e7o 28% menor, R$ 2.350. A Fiat tamb\u00e9m reduziu os pre\u00e7os do Uno entre<\/span><span style=\"line-height: 1.5em;\">\u00a0R$ 1.500 e R$ 2.000. Os novos valores da linha s\u00e3o:\u00a0<\/span>Vivace 1,0 3-portas, R$ 25 mil; 5-portas, R$ 27 mil;\u00a0Way 1,0 5-portas,\u00a0R$ 28.300; Economy 1,4 5-portas, R$ 29.600;\u00a0Way 1,4 5-portas, R$\u00a032.560; e\u00a0Sporting 1,4 5-portas, R$ 34.090.<\/p>\n<p>&nbsp;<\/p>\n<div id='gallery-1' class='gallery galleryid-38369 gallery-columns-3 gallery-size-thumbnail'><figure class='gallery-item'>\n\t\t\t<div class='gallery-icon landscape'>\n\t\t\t\t<a href='https:\/\/autolivraria.com.br\/bc\/wp-content\/uploads\/2014\/01\/Fiat-Palio-Fire-01.jpg'><img decoding=\"async\" width=\"222\" height=\"222\" data-src=\"https:\/\/autolivraria.com.br\/bc\/wp-content\/uploads\/2014\/01\/Fiat-Palio-Fire-01-222x222.jpg\" class=\"attachment-thumbnail size-thumbnail lazyload\" alt=\"\" src=\"data:image\/svg+xml;base64,PHN2ZyB3aWR0aD0iMSIgaGVpZ2h0PSIxIiB4bWxucz0iaHR0cDovL3d3dy53My5vcmcvMjAwMC9zdmciPjwvc3ZnPg==\" style=\"--smush-placeholder-width: 222px; --smush-placeholder-aspect-ratio: 222\/222;\" \/><\/a>\n\t\t\t<\/div><\/figure><figure class='gallery-item'>\n\t\t\t<div class='gallery-icon landscape'>\n\t\t\t\t<a href='https:\/\/autolivraria.com.br\/bc\/wp-content\/uploads\/2014\/01\/Fiat-Palio-Fire-02.jpg'><img decoding=\"async\" width=\"168\" height=\"168\" data-src=\"https:\/\/autolivraria.com.br\/bc\/wp-content\/uploads\/2014\/01\/Fiat-Palio-Fire-02-168x168.jpg\" class=\"attachment-thumbnail size-thumbnail lazyload\" alt=\"\" src=\"data:image\/svg+xml;base64,PHN2ZyB3aWR0aD0iMSIgaGVpZ2h0PSIxIiB4bWxucz0iaHR0cDovL3d3dy53My5vcmcvMjAwMC9zdmciPjwvc3ZnPg==\" style=\"--smush-placeholder-width: 168px; --smush-placeholder-aspect-ratio: 168\/168;\" \/><\/a>\n\t\t\t<\/div><\/figure><figure class='gallery-item'>\n\t\t\t<div class='gallery-icon landscape'>\n\t\t\t\t<a href='https:\/\/autolivraria.com.br\/bc\/wp-content\/uploads\/2014\/01\/Fiat-Palio-Fire-05.jpg'><img decoding=\"async\" width=\"168\" height=\"168\" data-src=\"https:\/\/autolivraria.com.br\/bc\/wp-content\/uploads\/2014\/01\/Fiat-Palio-Fire-05-168x168.jpg\" class=\"attachment-thumbnail size-thumbnail lazyload\" alt=\"\" src=\"data:image\/svg+xml;base64,PHN2ZyB3aWR0aD0iMSIgaGVpZ2h0PSIxIiB4bWxucz0iaHR0cDovL3d3dy53My5vcmcvMjAwMC9zdmciPjwvc3ZnPg==\" style=\"--smush-placeholder-width: 168px; --smush-placeholder-aspect-ratio: 168\/168;\" \/><\/a>\n\t\t\t<\/div><\/figure><figure class='gallery-item'>\n\t\t\t<div class='gallery-icon landscape'>\n\t\t\t\t<a href='https:\/\/autolivraria.com.br\/bc\/wp-content\/uploads\/2014\/01\/Fiat-Palio-Fire-06.jpg'><img decoding=\"async\" width=\"168\" height=\"168\" data-src=\"https:\/\/autolivraria.com.br\/bc\/wp-content\/uploads\/2014\/01\/Fiat-Palio-Fire-06-168x168.jpg\" class=\"attachment-thumbnail size-thumbnail lazyload\" alt=\"\" aria-describedby=\"gallery-1-38375\" src=\"data:image\/svg+xml;base64,PHN2ZyB3aWR0aD0iMSIgaGVpZ2h0PSIxIiB4bWxucz0iaHR0cDovL3d3dy53My5vcmcvMjAwMC9zdmciPjwvc3ZnPg==\" style=\"--smush-placeholder-width: 168px; --smush-placeholder-aspect-ratio: 168\/168;\" \/><\/a>\n\t\t\t<\/div>\n\t\t\t\t<figcaption class='wp-caption-text gallery-caption' id='gallery-1-38375'>\n\t\t\t\tFire 2014\n\t\t\t\t<\/figcaption><\/figure><figure class='gallery-item'>\n\t\t\t<div class='gallery-icon landscape'>\n\t\t\t\t<a href='https:\/\/autolivraria.com.br\/bc\/wp-content\/uploads\/2014\/01\/Fiat-Palio-Fire-03.jpg'><img decoding=\"async\" width=\"168\" height=\"168\" data-src=\"https:\/\/autolivraria.com.br\/bc\/wp-content\/uploads\/2014\/01\/Fiat-Palio-Fire-03-168x168.jpg\" class=\"attachment-thumbnail size-thumbnail lazyload\" alt=\"\" src=\"data:image\/svg+xml;base64,PHN2ZyB3aWR0aD0iMSIgaGVpZ2h0PSIxIiB4bWxucz0iaHR0cDovL3d3dy53My5vcmcvMjAwMC9zdmciPjwvc3ZnPg==\" style=\"--smush-placeholder-width: 168px; --smush-placeholder-aspect-ratio: 168\/168;\" \/><\/a>\n\t\t\t<\/div><\/figure><figure class='gallery-item'>\n\t\t\t<div class='gallery-icon landscape'>\n\t\t\t\t<a href='https:\/\/autolivraria.com.br\/bc\/wp-content\/uploads\/2014\/01\/Fiat-Palio-Fire-04.jpg'><img decoding=\"async\" width=\"168\" height=\"168\" data-src=\"https:\/\/autolivraria.com.br\/bc\/wp-content\/uploads\/2014\/01\/Fiat-Palio-Fire-04-168x168.jpg\" class=\"attachment-thumbnail size-thumbnail lazyload\" alt=\"\" src=\"data:image\/svg+xml;base64,PHN2ZyB3aWR0aD0iMSIgaGVpZ2h0PSIxIiB4bWxucz0iaHR0cDovL3d3dy53My5vcmcvMjAwMC9zdmciPjwvc3ZnPg==\" style=\"--smush-placeholder-width: 168px; --smush-placeholder-aspect-ratio: 168\/168;\" \/><\/a>\n\t\t\t<\/div><\/figure>\n\t\t<\/div>\n\n<p>&nbsp;<\/p>\n","protected":false},"excerpt":{"rendered":"<p>&nbsp; Para suprir o espa\u00e7o deixado pelo Mille, que saiu de produ\u00e7\u00e3o em dezembro (a s\u00e9rie especial de despedida Grazie Mille poder\u00e1 ser vendida at\u00e9 mar\u00e7o), a Fiat lan\u00e7a o Palio Fire 2014 com pre\u00e7o reduzido para R$ 24 mil na vers\u00e3o de tr\u00eas portas, o mais baixo do mercado, e R$ 26 mil com<\/p>\n","protected":false},"author":6,"featured_media":38370,"comment_status":"open","ping_status":"closed","sticky":false,"template":"","format":"standard","meta":{"_joinchat":[],"footnotes":""},"categories":[8],"tags":[57,94,150,2799,199],"class_list":["post-38369","post","type-post","status-publish","format-standard","has-post-thumbnail","hentry","category-noticias","tag-fiat","tag-noticias-2","tag-palio","tag-palio-fire","tag-uno"],"amp_enabled":true,"_links":{"self":[{"href":"https:\/\/autolivraria.com.br\/bc\/wp-json\/wp\/v2\/posts\/38369","targetHints":{"allow":["GET"]}}],"collection":[{"href":"https:\/\/autolivraria.com.br\/bc\/wp-json\/wp\/v2\/posts"}],"about":[{"href":"https:\/\/autolivraria.com.br\/bc\/wp-json\/wp\/v2\/types\/post"}],"author":[{"embeddable":true,"href":"https:\/\/autolivraria.com.br\/bc\/wp-json\/wp\/v2\/users\/6"}],"replies":[{"embeddable":true,"href":"https:\/\/autolivraria.com.br\/bc\/wp-json\/wp\/v2\/comments?post=38369"}],"version-history":[{"count":0,"href":"https:\/\/autolivraria.com.br\/bc\/wp-json\/wp\/v2\/posts\/38369\/revisions"}],"wp:featuredmedia":[{"embeddable":true,"href":"https:\/\/autolivraria.com.br\/bc\/wp-json\/wp\/v2\/media\/38370"}],"wp:attachment":[{"href":"https:\/\/autolivraria.com.br\/bc\/wp-json\/wp\/v2\/media?parent=38369"}],"wp:term":[{"taxonomy":"category","embeddable":true,"href":"https:\/\/autolivraria.com.br\/bc\/wp-json\/wp\/v2\/categories?post=38369"},{"taxonomy":"post_tag","embeddable":true,"href":"https:\/\/autolivraria.com.br\/bc\/wp-json\/wp\/v2\/tags?post=38369"}],"curies":[{"name":"wp","href":"https:\/\/api.w.org\/{rel}","templated":true}]}}