{"id":39932,"date":"2014-02-14T15:02:36","date_gmt":"2014-02-14T18:02:36","guid":{"rendered":"http:\/\/bestcars.uol.com.br\/bc\/?p=39932"},"modified":"2014-03-04T18:18:44","modified_gmt":"2014-03-04T21:18:44","slug":"mais-vendidos-os-carros-que-lideram-em-50-paises","status":"publish","type":"post","link":"https:\/\/autolivraria.com.br\/bc\/divirta-se\/curiosidades\/mais-vendidos-os-carros-que-lideram-em-50-paises\/","title":{"rendered":"Mais vendidos: os carros que lideram em 50 pa\u00edses"},"content":{"rendered":"<p><a href=\"https:\/\/autolivraria.com.br\/bc\/wp-content\/uploads\/2014\/02\/Mais-vendidos.jpg\"><img fetchpriority=\"high\" decoding=\"async\" class=\"aligncenter size-medium wp-image-39983\" alt=\"Mais vendidos\" src=\"https:\/\/autolivraria.com.br\/bc\/wp-content\/uploads\/2014\/02\/Mais-vendidos-560x316.jpg\" width=\"560\" height=\"316\" srcset=\"https:\/\/autolivraria.com.br\/bc\/wp-content\/uploads\/2014\/02\/Mais-vendidos-560x316.jpg 560w, https:\/\/autolivraria.com.br\/bc\/wp-content\/uploads\/2014\/02\/Mais-vendidos-470x265.jpg 470w, https:\/\/autolivraria.com.br\/bc\/wp-content\/uploads\/2014\/02\/Mais-vendidos-270x152.jpg 270w, https:\/\/autolivraria.com.br\/bc\/wp-content\/uploads\/2014\/02\/Mais-vendidos-168x94.jpg 168w, https:\/\/autolivraria.com.br\/bc\/wp-content\/uploads\/2014\/02\/Mais-vendidos.jpg 1280w\" sizes=\"(max-width: 560px) 100vw, 560px\" \/><\/a><\/p>\n<p>&nbsp;<\/p>\n<h2>Dos maiores mercados aos mais curiosos, relacionamos os<br \/>\nautom\u00f3veis e marcas de maior sucesso nos quatro cantos do mundo<\/h2>\n<h6><em>Texto: Fabr\u00edcio Samah\u00e1 &#8211; Fotos: divulga\u00e7\u00e3o<\/em><\/h6>\n<p>&nbsp;<\/p>\n<p>Qual o carro mais vendido no Brasil? F\u00e1cil, qualquer um sabe que \u00e9 o <a href=\"https:\/\/autolivraria.com.br\/bc\/tag\/gol\">Gol<\/a>. E nos Estados Unidos? N\u00e3o \u00e9 bem um carro, mas a linha de picapes <a href=\"https:\/\/autolivraria.com.br\/bc\/tag\/f-150\">S\u00e9rie F<\/a> da Ford. Na Alemanha? Moleza, o <a href=\"https:\/\/autolivraria.com.br\/bc\/tag\/golf\">Golf<\/a> lidera h\u00e1 38 anos. Mas voc\u00ea saberia quais os autom\u00f3veis com maior aceita\u00e7\u00e3o na China, na Dinamarca ou na Nova Zel\u00e2ndia?<\/p>\n<p>Com os dados de 2013 conclu\u00eddos mundo afora, o <strong>Best Cars<\/strong> traz um apanhado com os modelos mais vendidos no ano passado em 50 pa\u00edses. N\u00e3o s\u00e3o os 50 maiores mercados, mas os principais deles e outros que merecem o registro por alguma curiosidade, como colocar no topo de vendas um modelo que n\u00e3o faz sucesso em outras regi\u00f5es. Ao lado de resultados previs\u00edveis, como l\u00edderes que est\u00e3o entre os poucos carros fabricados naquele territ\u00f3rio, h\u00e1 diversas surpresas.<\/p>\n<p>&nbsp;<\/p>\n<div class='one_half'>\n\t\t\t\t\t<figure id=\"attachment_39985\" aria-describedby=\"caption-attachment-39985\" style=\"width: 270px\" class=\"wp-caption aligncenter\"><a href=\"https:\/\/autolivraria.com.br\/bc\/wp-content\/uploads\/2014\/02\/Toyota-Hilux.jpg\"><img decoding=\"async\" class=\"size-meia-largura-post wp-image-39985 lazyload\" alt=\"\u00c1frica do Sul: Toyota Hilux\" data-src=\"https:\/\/autolivraria.com.br\/bc\/wp-content\/uploads\/2014\/02\/Toyota-Hilux-270x179.jpg\" width=\"270\" height=\"179\" data-srcset=\"https:\/\/autolivraria.com.br\/bc\/wp-content\/uploads\/2014\/02\/Toyota-Hilux-270x179.jpg 270w, https:\/\/autolivraria.com.br\/bc\/wp-content\/uploads\/2014\/02\/Toyota-Hilux-560x373.jpg 560w, https:\/\/autolivraria.com.br\/bc\/wp-content\/uploads\/2014\/02\/Toyota-Hilux-470x313.jpg 470w, https:\/\/autolivraria.com.br\/bc\/wp-content\/uploads\/2014\/02\/Toyota-Hilux-168x111.jpg 168w, https:\/\/autolivraria.com.br\/bc\/wp-content\/uploads\/2014\/02\/Toyota-Hilux.jpg 1280w\" data-sizes=\"(max-width: 270px) 100vw, 270px\" src=\"data:image\/svg+xml;base64,PHN2ZyB3aWR0aD0iMSIgaGVpZ2h0PSIxIiB4bWxucz0iaHR0cDovL3d3dy53My5vcmcvMjAwMC9zdmciPjwvc3ZnPg==\" style=\"--smush-placeholder-width: 270px; --smush-placeholder-aspect-ratio: 270\/179;\" \/><\/a><figcaption id=\"caption-attachment-39985\" class=\"wp-caption-text\">\u00c1frica do Sul: Toyota Hilux<\/figcaption><\/figure>\n\t\t\t\t<\/div>\n<div class='one_half last'>\n\t\t\t\t\t<figure id=\"attachment_39986\" aria-describedby=\"caption-attachment-39986\" style=\"width: 270px\" class=\"wp-caption aligncenter\"><a href=\"https:\/\/autolivraria.com.br\/bc\/wp-content\/uploads\/2014\/02\/Volkswagen-Golf.jpg\"><img decoding=\"async\" class=\"size-meia-largura-post wp-image-39986 lazyload\" alt=\"Alemanha: Volkswagen Golf\" data-src=\"https:\/\/autolivraria.com.br\/bc\/wp-content\/uploads\/2014\/02\/Volkswagen-Golf-270x179.jpg\" width=\"270\" height=\"179\" data-srcset=\"https:\/\/autolivraria.com.br\/bc\/wp-content\/uploads\/2014\/02\/Volkswagen-Golf-270x179.jpg 270w, https:\/\/autolivraria.com.br\/bc\/wp-content\/uploads\/2014\/02\/Volkswagen-Golf-560x373.jpg 560w, https:\/\/autolivraria.com.br\/bc\/wp-content\/uploads\/2014\/02\/Volkswagen-Golf-470x313.jpg 470w, https:\/\/autolivraria.com.br\/bc\/wp-content\/uploads\/2014\/02\/Volkswagen-Golf-168x111.jpg 168w, https:\/\/autolivraria.com.br\/bc\/wp-content\/uploads\/2014\/02\/Volkswagen-Golf.jpg 1280w\" data-sizes=\"(max-width: 270px) 100vw, 270px\" src=\"data:image\/svg+xml;base64,PHN2ZyB3aWR0aD0iMSIgaGVpZ2h0PSIxIiB4bWxucz0iaHR0cDovL3d3dy53My5vcmcvMjAwMC9zdmciPjwvc3ZnPg==\" style=\"--smush-placeholder-width: 270px; --smush-placeholder-aspect-ratio: 270\/179;\" \/><\/a><figcaption id=\"caption-attachment-39986\" class=\"wp-caption-text\">Alemanha: Volkswagen Golf<\/figcaption><\/figure>\n\t\t\t\t<\/div><div class='clear'><\/div>\n<p>&nbsp;<\/p>\n<h2>\u00c1frica do Sul<\/h2>\n<p>Com a queda de vendas do <a href=\"https:\/\/autolivraria.com.br\/bc\/tag\/polo\">Volkswagen Polo<\/a> Vivo (gera\u00e7\u00e3o anterior, a mesma do brasileiro), a picape <a href=\"https:\/\/autolivraria.com.br\/bc\/tag\/hilux\">Toyota Hilux<\/a> assumiu a lideran\u00e7a em 2013 com participa\u00e7\u00e3o de 5,8% em um mercado de 650 mil ve\u00edculos. Tal Polo ficou em 2\u00ba. lugar, \u00e0 frente de sua gera\u00e7\u00e3o mais moderna, do <a href=\"https:\/\/autolivraria.com.br\/bc\/tag\/etios\">Toyota Etios<\/a> e de outra picape, a <a href=\"https:\/\/autolivraria.com.br\/bc\/tag\/ranger\">Ford Ranger<\/a>, em 5\u00aa. posi\u00e7\u00e3o. A marca japonesa tem um hist\u00f3rico de sucesso no pa\u00eds desde 1984, quando o <a href=\"https:\/\/autolivraria.com.br\/bc\/tag\/corolla\">Corolla<\/a> foi o mais vendido.<\/p>\n<p>&nbsp;<\/p>\n<h2>Alemanha<\/h2>\n<p>O importante mercado alem\u00e3o, de 2,95 milh\u00f5es de unidades no ano passado, foi liderado mais uma vez pela VW com 21,8% de participa\u00e7\u00e3o, bem \u00e0 frente dos 9,4% da Mercedes-Benz. Entre os modelos, nada de novo: o Golf venceu pelo 33\u00ba. ano consecutivo (38\u00ba. nos \u00faltimos 40 anos, desde seu lan\u00e7amento), com 8,3% do mercado, seguido pelo <a href=\"https:\/\/autolivraria.com.br\/bc\/tag\/passat\">Passat<\/a>. Depois v\u00eam o <a href=\"https:\/\/autolivraria.com.br\/bc\/tag\/serie-3\">BMW S\u00e9rie 3<\/a>, o VW Polo e o <a href=\"https:\/\/autolivraria.com.br\/bc\/tag\/a3\">Audi A3<\/a>. Como curiosidade, o <a href=\"https:\/\/autolivraria.com.br\/bc\/tag\/classe-e\">Mercedes Classe E<\/a> \u2014 t\u00e3o comum pelas ruas por seu maci\u00e7o uso como t\u00e1xi \u2014 ficou em 12\u00aa. posi\u00e7\u00e3o.<\/p>\n<p>&nbsp;<\/p>\n<div class='one_half'>\n\t\t\t\t\t<figure id=\"attachment_39988\" aria-describedby=\"caption-attachment-39988\" style=\"width: 270px\" class=\"wp-caption aligncenter\"><a href=\"https:\/\/autolivraria.com.br\/bc\/wp-content\/uploads\/2014\/02\/Chevrolet-Classic.jpg\"><img decoding=\"async\" class=\"size-meia-largura-post wp-image-39988 lazyload\" alt=\"Argentina: Chevrolet Classic\" data-src=\"https:\/\/autolivraria.com.br\/bc\/wp-content\/uploads\/2014\/02\/Chevrolet-Classic-270x179.jpg\" width=\"270\" height=\"179\" data-srcset=\"https:\/\/autolivraria.com.br\/bc\/wp-content\/uploads\/2014\/02\/Chevrolet-Classic-270x179.jpg 270w, https:\/\/autolivraria.com.br\/bc\/wp-content\/uploads\/2014\/02\/Chevrolet-Classic-560x373.jpg 560w, https:\/\/autolivraria.com.br\/bc\/wp-content\/uploads\/2014\/02\/Chevrolet-Classic-470x313.jpg 470w, https:\/\/autolivraria.com.br\/bc\/wp-content\/uploads\/2014\/02\/Chevrolet-Classic-168x111.jpg 168w, https:\/\/autolivraria.com.br\/bc\/wp-content\/uploads\/2014\/02\/Chevrolet-Classic.jpg 1280w\" data-sizes=\"(max-width: 270px) 100vw, 270px\" src=\"data:image\/svg+xml;base64,PHN2ZyB3aWR0aD0iMSIgaGVpZ2h0PSIxIiB4bWxucz0iaHR0cDovL3d3dy53My5vcmcvMjAwMC9zdmciPjwvc3ZnPg==\" style=\"--smush-placeholder-width: 270px; --smush-placeholder-aspect-ratio: 270\/179;\" \/><\/a><figcaption id=\"caption-attachment-39988\" class=\"wp-caption-text\">Argentina: Chevrolet Classic<\/figcaption><\/figure>\n\t\t\t\t<\/div>\n<div class='one_half last'>\n\t\t\t\t\t<figure id=\"attachment_39989\" aria-describedby=\"caption-attachment-39989\" style=\"width: 270px\" class=\"wp-caption aligncenter\"><a href=\"https:\/\/autolivraria.com.br\/bc\/wp-content\/uploads\/2014\/02\/Toyota-Corolla-Australia.jpg\"><img decoding=\"async\" class=\"size-meia-largura-post wp-image-39989 lazyload\" alt=\"Austr\u00e1lia: Toyota Corolla\" data-src=\"https:\/\/autolivraria.com.br\/bc\/wp-content\/uploads\/2014\/02\/Toyota-Corolla-Australia-270x179.jpg\" width=\"270\" height=\"179\" data-srcset=\"https:\/\/autolivraria.com.br\/bc\/wp-content\/uploads\/2014\/02\/Toyota-Corolla-Australia-270x179.jpg 270w, https:\/\/autolivraria.com.br\/bc\/wp-content\/uploads\/2014\/02\/Toyota-Corolla-Australia-560x373.jpg 560w, https:\/\/autolivraria.com.br\/bc\/wp-content\/uploads\/2014\/02\/Toyota-Corolla-Australia-470x313.jpg 470w, https:\/\/autolivraria.com.br\/bc\/wp-content\/uploads\/2014\/02\/Toyota-Corolla-Australia-168x111.jpg 168w, https:\/\/autolivraria.com.br\/bc\/wp-content\/uploads\/2014\/02\/Toyota-Corolla-Australia.jpg 1280w\" data-sizes=\"(max-width: 270px) 100vw, 270px\" src=\"data:image\/svg+xml;base64,PHN2ZyB3aWR0aD0iMSIgaGVpZ2h0PSIxIiB4bWxucz0iaHR0cDovL3d3dy53My5vcmcvMjAwMC9zdmciPjwvc3ZnPg==\" style=\"--smush-placeholder-width: 270px; --smush-placeholder-aspect-ratio: 270\/179;\" \/><\/a><figcaption id=\"caption-attachment-39989\" class=\"wp-caption-text\">Austr\u00e1lia: Toyota Corolla<\/figcaption><\/figure>\n\t\t\t\t<\/div><div class='clear'><\/div>\n<p>&nbsp;<\/p>\n<h2>Argentina<\/h2>\n<p>O <a href=\"https:\/\/autolivraria.com.br\/bc\/tag\/classic\">Chevrolet Classic<\/a> \u2014 que, l\u00e1 como aqui, corresponde \u00e0 antiga gera\u00e7\u00e3o do <a href=\"https:\/\/autolivraria.com.br\/bc\/tag\/corsa\">Corsa<\/a> \u2014 foi o mais vendido pelo quarto ano consecutivo, com 37 mil unidades em um mercado de 955 mil ve\u00edculos. O VW Gol Trend, a atual gera\u00e7\u00e3o do modelo, foi o 2\u00ba. colocado e atingiu a lideran\u00e7a por tr\u00eas meses; o <a href=\"https:\/\/autolivraria.com.br\/bc\/tag\/clio\">Renault Clio<\/a> Mio (gera\u00e7\u00e3o de 1998, como vendida no Brasil) foi 3\u00ba., tendo liderado em novembro; seguiram-se <a href=\"https:\/\/autolivraria.com.br\/bc\/tag\/ecosport\">Ford EcoSport<\/a> (4\u00ba.) e <a href=\"https:\/\/autolivraria.com.br\/bc\/tag\/duster\">Renault Duster<\/a> (5\u00ba.), que chegou ao 1\u00ba. lugar em dezembro.<\/p>\n<p>&nbsp;<\/p>\n<div class='code-block code-block-7' style='margin: 28px auto; text-align: center; display: block; clear: both;'>\n<br>\n<div align=\"center\">\n<a target=\"_blank\" href=\"https:\/\/bestcars.com.br\/bc\/\">\n<img decoding=\"async\" data-src=\"https:\/\/bestcars.com.br\/bc\/wp-content\/uploads\/2021\/07\/Auto-Livraria-450x300-quadros.jpg\" alt=\"Auto Livraria\" src=\"data:image\/svg+xml;base64,PHN2ZyB3aWR0aD0iMSIgaGVpZ2h0PSIxIiB4bWxucz0iaHR0cDovL3d3dy53My5vcmcvMjAwMC9zdmciPjwvc3ZnPg==\" class=\"lazyload\"><\/a>\n<\/div>\n<br><\/div>\n\n<p>&nbsp;<\/p>\n<h2>Austr\u00e1lia<\/h2>\n<p>Com perspectiva de se tornar o \u00fanico fabricante local depois que Ford e <a href=\"https:\/\/autolivraria.com.br\/bc\/tag\/holden\">Holden<\/a> fecharem suas f\u00e1bricas, a Toyota liderou pelo 11\u00ba. ano consecutivo o mercado australiano, que alcan\u00e7ou 1,13 milh\u00e3o de unidades em 2013. In\u00e9dita foi a vit\u00f3ria de um modelo da marca, o Corolla, com 3,8% de participa\u00e7\u00e3o \u2014 at\u00e9 ent\u00e3o a empresa vinha vencendo pela soma de v\u00e1rios carros bem-aceitos. Est\u00e3o dispon\u00edveis por l\u00e1 o hatch de nova gera\u00e7\u00e3o, que na Europa se chama <a href=\"https:\/\/autolivraria.com.br\/bc\/tag\/auris\">Auris<\/a>, e o sed\u00e3 da antiga. Seguiram-se o m\u00e9dio <a href=\"https:\/\/autolivraria.com.br\/bc\/tag\/mazda-3\">Mazda 3<\/a> (l\u00edder nos dois anos anteriores), a Hilux, o <a href=\"https:\/\/autolivraria.com.br\/bc\/tag\/i30\">Hyundai I30<\/a> e o grande sed\u00e3 <a href=\"https:\/\/autolivraria.com.br\/bc\/tag\/commodore\">Holden Commodore<\/a> fechando os cinco mais.<\/p>\n<p>&nbsp;<\/p>\n<figure id=\"attachment_39990\" aria-describedby=\"caption-attachment-39990\" style=\"width: 560px\" class=\"wp-caption aligncenter\"><a href=\"https:\/\/autolivraria.com.br\/bc\/wp-content\/uploads\/2014\/02\/Volkswagen-Golf-02.jpg\"><img decoding=\"async\" class=\"size-medium wp-image-39990 lazyload\" alt=\"\u00c1ustria e B\u00e9lgica: Volkswagen Golf\" data-src=\"https:\/\/autolivraria.com.br\/bc\/wp-content\/uploads\/2014\/02\/Volkswagen-Golf-02-560x373.jpg\" width=\"560\" height=\"373\" data-srcset=\"https:\/\/autolivraria.com.br\/bc\/wp-content\/uploads\/2014\/02\/Volkswagen-Golf-02-560x373.jpg 560w, https:\/\/autolivraria.com.br\/bc\/wp-content\/uploads\/2014\/02\/Volkswagen-Golf-02-470x313.jpg 470w, https:\/\/autolivraria.com.br\/bc\/wp-content\/uploads\/2014\/02\/Volkswagen-Golf-02-270x179.jpg 270w, https:\/\/autolivraria.com.br\/bc\/wp-content\/uploads\/2014\/02\/Volkswagen-Golf-02-168x111.jpg 168w, https:\/\/autolivraria.com.br\/bc\/wp-content\/uploads\/2014\/02\/Volkswagen-Golf-02.jpg 1280w\" data-sizes=\"(max-width: 560px) 100vw, 560px\" src=\"data:image\/svg+xml;base64,PHN2ZyB3aWR0aD0iMSIgaGVpZ2h0PSIxIiB4bWxucz0iaHR0cDovL3d3dy53My5vcmcvMjAwMC9zdmciPjwvc3ZnPg==\" style=\"--smush-placeholder-width: 560px; --smush-placeholder-aspect-ratio: 560\/373;\" \/><\/a><figcaption id=\"caption-attachment-39990\" class=\"wp-caption-text\">\u00c1ustria e B\u00e9lgica: Volkswagen Golf<\/figcaption><\/figure>\n<p>&nbsp;<\/p>\n<h2>\u00c1ustria<\/h2>\n<p>O VW Golf lidera o mercado austr\u00edaco \u2014 que fechou o ano com 319 mil ve\u00edculos \u2014 h\u00e1 nada menos que 37 anos. Obteve 5% de participa\u00e7\u00e3o, \u00e0 frente de outros dois modelos da marca (Polo em 2\u00ba., <a href=\"https:\/\/autolivraria.com.br\/bc\/tag\/tiguan\">Tiguan<\/a> em 3\u00ba.) e dois da <a href=\"https:\/\/autolivraria.com.br\/bc\/tag\/skoda\">Skoda<\/a>, que pertence ao mesmo grupo alem\u00e3o (o m\u00e9dio\u00a0<a href=\"https:\/\/autolivraria.com.br\/bc\/tag\/octavia\">Octavia<\/a> em 4\u00ba. e o pequeno\u00a0Fabia em 5\u00ba.). O dom\u00ednio da VW \u00e9 tal que a marca representa 18% das vendas ante apenas 6,6% da vice-l\u00edder Hyundai.<\/p>\n<p>&nbsp;<\/p>\n<h2>B\u00e9lgica<\/h2>\n<p>Outra \u00e1rea dominada pelo Golf, que alcan\u00e7ou 3% do volume total de 486 mil unidades do mercado belga. L\u00e1, por\u00e9m, a concorr\u00eancia com a VW \u00e9 forte: dois Renaults (<a href=\"https:\/\/autolivraria.com.br\/bc\/tag\/scenic\">Sc\u00e9nic<\/a> em 2\u00ba. lugar, Clio em 3\u00ba.), um BMW (S\u00e9rie 3 em 4\u00ba.) e um Fiat (<a href=\"https:\/\/autolivraria.com.br\/bc\/tag\/fiat-500\">500<\/a> em 5\u00ba.) completam os cinco mais vendidos. A VW lidera entre as marcas, mas com vantagem de menos de um ponto percentual sobre a Renault.<\/p>\n<p>&nbsp;<\/p>\n<div class='one_half'>\n\t\t\t\t\t<figure id=\"attachment_39991\" aria-describedby=\"caption-attachment-39991\" style=\"width: 270px\" class=\"wp-caption aligncenter\"><a href=\"https:\/\/autolivraria.com.br\/bc\/wp-content\/uploads\/2014\/02\/Volkswagen-Gol.jpg\"><img decoding=\"async\" class=\"size-meia-largura-post wp-image-39991 lazyload\" alt=\"Brasil: Volkswagen Gol\" data-src=\"https:\/\/autolivraria.com.br\/bc\/wp-content\/uploads\/2014\/02\/Volkswagen-Gol-270x179.jpg\" width=\"270\" height=\"179\" data-srcset=\"https:\/\/autolivraria.com.br\/bc\/wp-content\/uploads\/2014\/02\/Volkswagen-Gol-270x179.jpg 270w, https:\/\/autolivraria.com.br\/bc\/wp-content\/uploads\/2014\/02\/Volkswagen-Gol-560x373.jpg 560w, https:\/\/autolivraria.com.br\/bc\/wp-content\/uploads\/2014\/02\/Volkswagen-Gol-470x313.jpg 470w, https:\/\/autolivraria.com.br\/bc\/wp-content\/uploads\/2014\/02\/Volkswagen-Gol-168x111.jpg 168w, https:\/\/autolivraria.com.br\/bc\/wp-content\/uploads\/2014\/02\/Volkswagen-Gol.jpg 1280w\" data-sizes=\"(max-width: 270px) 100vw, 270px\" src=\"data:image\/svg+xml;base64,PHN2ZyB3aWR0aD0iMSIgaGVpZ2h0PSIxIiB4bWxucz0iaHR0cDovL3d3dy53My5vcmcvMjAwMC9zdmciPjwvc3ZnPg==\" style=\"--smush-placeholder-width: 270px; --smush-placeholder-aspect-ratio: 270\/179;\" \/><\/a><figcaption id=\"caption-attachment-39991\" class=\"wp-caption-text\">Brasil: Volkswagen Gol<\/figcaption><\/figure>\n\t\t\t\t<\/div>\n<div class='one_half last'>\n\t\t\t\t\t<figure id=\"attachment_39992\" aria-describedby=\"caption-attachment-39992\" style=\"width: 270px\" class=\"wp-caption aligncenter\"><a href=\"https:\/\/autolivraria.com.br\/bc\/wp-content\/uploads\/2014\/02\/Ford-F-150.jpg\"><img decoding=\"async\" class=\"size-meia-largura-post wp-image-39992 lazyload\" alt=\"Canad\u00e1: Ford S\u00e9rie F\" data-src=\"https:\/\/autolivraria.com.br\/bc\/wp-content\/uploads\/2014\/02\/Ford-F-150-270x179.jpg\" width=\"270\" height=\"179\" data-srcset=\"https:\/\/autolivraria.com.br\/bc\/wp-content\/uploads\/2014\/02\/Ford-F-150-270x179.jpg 270w, https:\/\/autolivraria.com.br\/bc\/wp-content\/uploads\/2014\/02\/Ford-F-150-560x373.jpg 560w, https:\/\/autolivraria.com.br\/bc\/wp-content\/uploads\/2014\/02\/Ford-F-150-470x313.jpg 470w, https:\/\/autolivraria.com.br\/bc\/wp-content\/uploads\/2014\/02\/Ford-F-150-168x111.jpg 168w, https:\/\/autolivraria.com.br\/bc\/wp-content\/uploads\/2014\/02\/Ford-F-150.jpg 1280w\" data-sizes=\"(max-width: 270px) 100vw, 270px\" src=\"data:image\/svg+xml;base64,PHN2ZyB3aWR0aD0iMSIgaGVpZ2h0PSIxIiB4bWxucz0iaHR0cDovL3d3dy53My5vcmcvMjAwMC9zdmciPjwvc3ZnPg==\" style=\"--smush-placeholder-width: 270px; --smush-placeholder-aspect-ratio: 270\/179;\" \/><\/a><figcaption id=\"caption-attachment-39992\" class=\"wp-caption-text\">Canad\u00e1: Ford S\u00e9rie F<\/figcaption><\/figure>\n\t\t\t\t<\/div><div class='clear'><\/div>\n<p>&nbsp;<\/p>\n<h2>Brasil<\/h2>\n<p>Nossos l\u00edderes s\u00e3o bem conhecidos: o VW Gol entre os modelos pela 27\u00aa. vez desde 1987, com participa\u00e7\u00e3o de 7,1%, e a Fiat entre os fabricantes pela 11\u00aa. vez consecutiva, com 21,3% de um mercado de 3,57 milh\u00f5es de unidades, seguida por VW e Chevrolet. No ano passado a sequ\u00eancia por modelos foi de <a href=\"https:\/\/autolivraria.com.br\/bc\/tag\/uno\">Fiat Uno<\/a>\/Mille, <a href=\"https:\/\/autolivraria.com.br\/bc\/tag\/palio\">Palio<\/a>, <a href=\"https:\/\/autolivraria.com.br\/bc\/tag\/fiesta\">Ford Fiesta<\/a> e <a href=\"https:\/\/autolivraria.com.br\/bc\/tag\/fox\">VW Fox<\/a> at\u00e9 o 5\u00ba. lugar, observando-se que as vendas somam duas gera\u00e7\u00f5es em todos eles, salvo o Fox, e n\u00e3o incluem o Fiesta sed\u00e3.<\/p>\n<p>&nbsp;<\/p>\n<h2>Canad\u00e1<\/h2>\n<p>Em um mercado de 1,74 milh\u00e3o de ve\u00edculos, o l\u00edder \u00e9 uma picape, a mesma que vence nos Estados Unidos: a Ford S\u00e9rie F, com 7% de participa\u00e7\u00e3o. J\u00e1 a 2\u00aa. colocada n\u00e3o \u00e9 da Chevrolet, mas a <a href=\"https:\/\/autolivraria.com.br\/bc\/tag\/ram\">Ram<\/a>, tamb\u00e9m uma picape pesada. Em 3\u00ba. vem o primeiro autom\u00f3vel \u2014 <a href=\"https:\/\/autolivraria.com.br\/bc\/tag\/civic\">Honda Civic<\/a>, l\u00edder nessa categoria h\u00e1 16 anos \u2014, seguido pelo <a href=\"https:\/\/autolivraria.com.br\/bc\/tag\/elantra\">Hyundai Elantra<\/a> e por outra grande picape, a <a href=\"https:\/\/autolivraria.com.br\/bc\/tag\/sierra\">GMC Sierra<\/a>.<\/p>\n<table border=\"0\">\n<tbody>\n<tr>\n<td><a href='https:\/\/autolivraria.com.br\/bc\/divirta-se\/curiosidades\/mais-vendidos-os-carros-que-lideram-em-50-paises\/2\/' class='small-button smallsilver'>Pr\u00f3xima parte<\/a><\/td>\n<\/tr>\n<\/tbody>\n<\/table>\n<p>&nbsp;<\/p>\n<p>&nbsp;<\/p>\n<p><!--nextpage--><\/p>\n<div class='one_half'>\n\t\t\t\t\t<figure id=\"attachment_39993\" aria-describedby=\"caption-attachment-39993\" style=\"width: 270px\" class=\"wp-caption aligncenter\"><a href=\"https:\/\/autolivraria.com.br\/bc\/wp-content\/uploads\/2014\/02\/Chevrolet-Sail.jpg\"><img decoding=\"async\" class=\"size-meia-largura-post wp-image-39993 lazyload\" alt=\"Chile: Chevrolet Sail\" data-src=\"https:\/\/autolivraria.com.br\/bc\/wp-content\/uploads\/2014\/02\/Chevrolet-Sail-270x179.jpg\" width=\"270\" height=\"179\" data-srcset=\"https:\/\/autolivraria.com.br\/bc\/wp-content\/uploads\/2014\/02\/Chevrolet-Sail-270x179.jpg 270w, https:\/\/autolivraria.com.br\/bc\/wp-content\/uploads\/2014\/02\/Chevrolet-Sail-560x373.jpg 560w, https:\/\/autolivraria.com.br\/bc\/wp-content\/uploads\/2014\/02\/Chevrolet-Sail-470x313.jpg 470w, https:\/\/autolivraria.com.br\/bc\/wp-content\/uploads\/2014\/02\/Chevrolet-Sail-168x111.jpg 168w, https:\/\/autolivraria.com.br\/bc\/wp-content\/uploads\/2014\/02\/Chevrolet-Sail.jpg 1280w\" data-sizes=\"(max-width: 270px) 100vw, 270px\" src=\"data:image\/svg+xml;base64,PHN2ZyB3aWR0aD0iMSIgaGVpZ2h0PSIxIiB4bWxucz0iaHR0cDovL3d3dy53My5vcmcvMjAwMC9zdmciPjwvc3ZnPg==\" style=\"--smush-placeholder-width: 270px; --smush-placeholder-aspect-ratio: 270\/179;\" \/><\/a><figcaption id=\"caption-attachment-39993\" class=\"wp-caption-text\">Chile: Chevrolet Sail<\/figcaption><\/figure>\n\t\t\t\t<\/div>\n<div class='one_half last'>\n\t\t\t\t\t<figure id=\"attachment_39994\" aria-describedby=\"caption-attachment-39994\" style=\"width: 270px\" class=\"wp-caption aligncenter\"><a href=\"https:\/\/autolivraria.com.br\/bc\/wp-content\/uploads\/2014\/02\/Wuling-Hongguang.jpg\"><img decoding=\"async\" class=\"size-meia-largura-post wp-image-39994 lazyload\" alt=\"China: Wuling Hongguang\" data-src=\"https:\/\/autolivraria.com.br\/bc\/wp-content\/uploads\/2014\/02\/Wuling-Hongguang-270x179.jpg\" width=\"270\" height=\"179\" data-srcset=\"https:\/\/autolivraria.com.br\/bc\/wp-content\/uploads\/2014\/02\/Wuling-Hongguang-270x179.jpg 270w, https:\/\/autolivraria.com.br\/bc\/wp-content\/uploads\/2014\/02\/Wuling-Hongguang-560x373.jpg 560w, https:\/\/autolivraria.com.br\/bc\/wp-content\/uploads\/2014\/02\/Wuling-Hongguang-470x313.jpg 470w, https:\/\/autolivraria.com.br\/bc\/wp-content\/uploads\/2014\/02\/Wuling-Hongguang-168x111.jpg 168w, https:\/\/autolivraria.com.br\/bc\/wp-content\/uploads\/2014\/02\/Wuling-Hongguang.jpg 1280w\" data-sizes=\"(max-width: 270px) 100vw, 270px\" src=\"data:image\/svg+xml;base64,PHN2ZyB3aWR0aD0iMSIgaGVpZ2h0PSIxIiB4bWxucz0iaHR0cDovL3d3dy53My5vcmcvMjAwMC9zdmciPjwvc3ZnPg==\" style=\"--smush-placeholder-width: 270px; --smush-placeholder-aspect-ratio: 270\/179;\" \/><\/a><figcaption id=\"caption-attachment-39994\" class=\"wp-caption-text\">China: Wuling Hongguang<\/figcaption><\/figure>\n\t\t\t\t<\/div><div class='clear'><\/div>\n<p>&nbsp;<\/p>\n<h2>Chile<\/h2>\n<p>Sem fabrica\u00e7\u00e3o local, os chilenos compraram 378 mil ve\u00edculos no ano passado. O preferido foi o pequeno sed\u00e3 chin\u00eas Chevrolet Sail, com 2,4% do mercado, seguido por uma competi\u00e7\u00e3o acirrada entre o m\u00e9dio Kia Rio, o utilit\u00e1rio esporte Nissan Terrano e os pequenos Hyundai Accent e Kia Morning (nosso <a href=\"https:\/\/autolivraria.com.br\/bc\/tag\/picanto\">Picanto<\/a>) do 2\u00ba. ao 5\u00ba. lugar. Entre as marcas a Chevrolet est\u00e1 em folgada lideran\u00e7a, 15% ante 9,2% da Hyundai.<\/p>\n<p>&nbsp;<\/p>\n<h2>China<\/h2>\n<p>Primeiro mercado no mundo com mais de 20 milh\u00f5es de ve\u00edculos vendidos em um ano, o chin\u00eas fechou 2013 com quase 22 milh\u00f5es de unidades. O crescimento de vendas em 14% permitiu que tr\u00eas modelos superassem 400 mil exemplares no ano, enquanto at\u00e9 2012 nenhum havia chegado a 300 mil. A minivan Wuling Hongguang liderou com 448 mil unidades (que ainda assim s\u00e3o apenas 2% do mercado), \u00e0 frente do sed\u00e3 m\u00e9dio VW Lavida, do <a href=\"https:\/\/autolivraria.com.br\/bc\/tag\/focus\">Ford Focus<\/a>, do m\u00e9dio Buick Excelle e do Chevrolet Sail.<\/p>\n<p>&nbsp;<\/p>\n<figure id=\"attachment_39995\" aria-describedby=\"caption-attachment-39995\" style=\"width: 560px\" class=\"wp-caption aligncenter\"><a href=\"https:\/\/autolivraria.com.br\/bc\/wp-content\/uploads\/2014\/02\/Hyundai-Avante.jpg\"><img decoding=\"async\" class=\"size-medium wp-image-39995 lazyload\" alt=\"Coreia do Sul: Hyundai Avante\" data-src=\"https:\/\/autolivraria.com.br\/bc\/wp-content\/uploads\/2014\/02\/Hyundai-Avante-560x373.jpg\" width=\"560\" height=\"373\" data-srcset=\"https:\/\/autolivraria.com.br\/bc\/wp-content\/uploads\/2014\/02\/Hyundai-Avante-560x373.jpg 560w, https:\/\/autolivraria.com.br\/bc\/wp-content\/uploads\/2014\/02\/Hyundai-Avante-470x313.jpg 470w, https:\/\/autolivraria.com.br\/bc\/wp-content\/uploads\/2014\/02\/Hyundai-Avante-270x179.jpg 270w, https:\/\/autolivraria.com.br\/bc\/wp-content\/uploads\/2014\/02\/Hyundai-Avante-168x111.jpg 168w, https:\/\/autolivraria.com.br\/bc\/wp-content\/uploads\/2014\/02\/Hyundai-Avante.jpg 1280w\" data-sizes=\"(max-width: 560px) 100vw, 560px\" src=\"data:image\/svg+xml;base64,PHN2ZyB3aWR0aD0iMSIgaGVpZ2h0PSIxIiB4bWxucz0iaHR0cDovL3d3dy53My5vcmcvMjAwMC9zdmciPjwvc3ZnPg==\" style=\"--smush-placeholder-width: 560px; --smush-placeholder-aspect-ratio: 560\/373;\" \/><\/a><figcaption id=\"caption-attachment-39995\" class=\"wp-caption-text\">Coreia do Sul: Hyundai Avante<\/figcaption><\/figure>\n<p>&nbsp;<\/p>\n<h2>Col\u00f4mbia<\/h2>\n<p>O mercado de 294 mil ve\u00edculos no ano passado foi dominado pela Chevrolet \u2014 25,8% de participa\u00e7\u00e3o, contra 14,6% da Renault. A primeira obteve os dois maiores postos, com o sed\u00e3 Sail em 1\u00ba. (5,7% de participa\u00e7\u00e3o) e o hatch <a href=\"https:\/\/autolivraria.com.br\/bc\/tag\/spark\">Spark<\/a> em 2\u00ba., e a segunda os lugares seguintes, com <a href=\"https:\/\/autolivraria.com.br\/bc\/tag\/sandero\">Sandero<\/a>, <a href=\"https:\/\/autolivraria.com.br\/bc\/tag\/logan\">Logan<\/a> e Duster da 3\u00aa. \u00e0 5\u00aa. posi\u00e7\u00e3o. S\u00f3 em 7\u00ba. vem um carro de outra marca, o Kia Picanto.<\/p>\n<p>&nbsp;<\/p>\n<h2>Coreia do Sul<\/h2>\n<p>O Hyundai Avante, sed\u00e3 que conhecemos como Elantra, venceu a disputa sobre o Kia Picanto em 2013 por apenas 335 unidades, fechando o ano com 8% de participa\u00e7\u00e3o de um mercado de quase 1,4 milh\u00e3o de ve\u00edculos. Depois v\u00eam tr\u00eas Hyundais: o utilit\u00e1rio Porter, o luxuoso Grandeur (nosso <a href=\"https:\/\/autolivraria.com.br\/bc\/tag\/azera\">Azera<\/a>) e o <a href=\"https:\/\/autolivraria.com.br\/bc\/tag\/sonata\">Sonata<\/a>. O utilit\u00e1rio esporte mais vendido \u2014 o <a href=\"https:\/\/autolivraria.com.br\/bc\/tag\/santa-fe\">Santa Fe<\/a>, da mesma marca \u2014 foi 6\u00ba. na classifica\u00e7\u00e3o geral.<\/p>\n<p>&nbsp;<\/p>\n<div class='one_half'>\n\t\t\t\t\t<figure id=\"attachment_39996\" aria-describedby=\"caption-attachment-39996\" style=\"width: 270px\" class=\"wp-caption aligncenter\"><a href=\"https:\/\/autolivraria.com.br\/bc\/wp-content\/uploads\/2014\/02\/Volkswagen-Up.jpg\"><img decoding=\"async\" class=\"size-meia-largura-post wp-image-39996 lazyload\" alt=\"Dinamarca: Volkswagen Up\" data-src=\"https:\/\/autolivraria.com.br\/bc\/wp-content\/uploads\/2014\/02\/Volkswagen-Up-270x179.jpg\" width=\"270\" height=\"179\" data-srcset=\"https:\/\/autolivraria.com.br\/bc\/wp-content\/uploads\/2014\/02\/Volkswagen-Up-270x179.jpg 270w, https:\/\/autolivraria.com.br\/bc\/wp-content\/uploads\/2014\/02\/Volkswagen-Up-560x373.jpg 560w, https:\/\/autolivraria.com.br\/bc\/wp-content\/uploads\/2014\/02\/Volkswagen-Up-470x313.jpg 470w, https:\/\/autolivraria.com.br\/bc\/wp-content\/uploads\/2014\/02\/Volkswagen-Up-168x111.jpg 168w, https:\/\/autolivraria.com.br\/bc\/wp-content\/uploads\/2014\/02\/Volkswagen-Up.jpg 1280w\" data-sizes=\"(max-width: 270px) 100vw, 270px\" src=\"data:image\/svg+xml;base64,PHN2ZyB3aWR0aD0iMSIgaGVpZ2h0PSIxIiB4bWxucz0iaHR0cDovL3d3dy53My5vcmcvMjAwMC9zdmciPjwvc3ZnPg==\" style=\"--smush-placeholder-width: 270px; --smush-placeholder-aspect-ratio: 270\/179;\" \/><\/a><figcaption id=\"caption-attachment-39996\" class=\"wp-caption-text\">Dinamarca: Volkswagen Up<\/figcaption><\/figure>\n\t\t\t\t<\/div>\n<div class='one_half last'>\n\t\t\t\t\t<figure id=\"attachment_39997\" aria-describedby=\"caption-attachment-39997\" style=\"width: 270px\" class=\"wp-caption aligncenter\"><a href=\"https:\/\/autolivraria.com.br\/bc\/wp-content\/uploads\/2014\/02\/Hyundai-Verna.jpg\"><img decoding=\"async\" class=\"size-meia-largura-post wp-image-39997 lazyload\" alt=\"Egito: Hyundai Verna\" data-src=\"https:\/\/autolivraria.com.br\/bc\/wp-content\/uploads\/2014\/02\/Hyundai-Verna-270x179.jpg\" width=\"270\" height=\"179\" data-srcset=\"https:\/\/autolivraria.com.br\/bc\/wp-content\/uploads\/2014\/02\/Hyundai-Verna-270x179.jpg 270w, https:\/\/autolivraria.com.br\/bc\/wp-content\/uploads\/2014\/02\/Hyundai-Verna-560x373.jpg 560w, https:\/\/autolivraria.com.br\/bc\/wp-content\/uploads\/2014\/02\/Hyundai-Verna-470x313.jpg 470w, https:\/\/autolivraria.com.br\/bc\/wp-content\/uploads\/2014\/02\/Hyundai-Verna-168x111.jpg 168w, https:\/\/autolivraria.com.br\/bc\/wp-content\/uploads\/2014\/02\/Hyundai-Verna.jpg 1280w\" data-sizes=\"(max-width: 270px) 100vw, 270px\" src=\"data:image\/svg+xml;base64,PHN2ZyB3aWR0aD0iMSIgaGVpZ2h0PSIxIiB4bWxucz0iaHR0cDovL3d3dy53My5vcmcvMjAwMC9zdmciPjwvc3ZnPg==\" style=\"--smush-placeholder-width: 270px; --smush-placeholder-aspect-ratio: 270\/179;\" \/><\/a><figcaption id=\"caption-attachment-39997\" class=\"wp-caption-text\">Egito: Hyundai Verna<\/figcaption><\/figure>\n\t\t\t\t<\/div><div class='clear'><\/div>\n<p>&nbsp;<\/p>\n<h2>Dinamarca<\/h2>\n<p>O <a href=\"https:\/\/autolivraria.com.br\/bc\/tag\/up\">VW Up<\/a> brilhou no mercado dinamarqu\u00eas: foi o mais vendido m\u00eas ap\u00f3s m\u00eas em 2013 e fechou o ano com 7% de participa\u00e7\u00e3o entre 182 mil ve\u00edculos \u2014 e o maior total acumulado em 12 meses que qualquer modelo j\u00e1 alcan\u00e7ou no pa\u00eds. Carros bem pequenos s\u00e3o os mais vendidos por l\u00e1, com o Toyota Aygo em 2\u00ba., o Skoda Citigo (uma varia\u00e7\u00e3o do Up) em 3\u00ba., o <a href=\"https:\/\/autolivraria.com.br\/bc\/tag\/208\">Peugeot 208<\/a> em 4\u00ba. e o Renault Clio em 5\u00ba.<\/p>\n<p>&nbsp;<\/p>\n<div class='code-block code-block-7' style='margin: 28px auto; text-align: center; display: block; clear: both;'>\n<br>\n<div align=\"center\">\n<a target=\"_blank\" href=\"https:\/\/bestcars.com.br\/bc\/\">\n<img decoding=\"async\" data-src=\"https:\/\/bestcars.com.br\/bc\/wp-content\/uploads\/2021\/07\/Auto-Livraria-450x300-quadros.jpg\" alt=\"Auto Livraria\" src=\"data:image\/svg+xml;base64,PHN2ZyB3aWR0aD0iMSIgaGVpZ2h0PSIxIiB4bWxucz0iaHR0cDovL3d3dy53My5vcmcvMjAwMC9zdmciPjwvc3ZnPg==\" class=\"lazyload\"><\/a>\n<\/div>\n<br><\/div>\n\n<p>&nbsp;<\/p>\n<h2>Egito<\/h2>\n<p>O antigo Hyundai Verna, que corresponde ao Accent de duas gera\u00e7\u00f5es atr\u00e1s e faz sucesso como t\u00e1xi, liderou o mercado eg\u00edpcio pelo quarto ano consecutivo ao vender 10% do total do pa\u00eds, de quase 196 mil ve\u00edculos. O 2\u00ba. colocado \u00e9 a picape m\u00e9dia Chevrolet TRF, antiga vers\u00e3o da Isuzu D-Max, seguida pelo sed\u00e3 m\u00e9dio Geely Emgrand 7 (<a href=\"https:\/\/autolivraria.com.br\/bc\/tag\/ec7\">EC7<\/a> no Brasil) e dois carros da Chevrolet \u2014 Lanos em 4\u00ba. e Aveo em 5\u00ba.<\/p>\n<p>&nbsp;<\/p>\n<div class='one_half'>\n\t\t\t\t\t<figure id=\"attachment_39998\" aria-describedby=\"caption-attachment-39998\" style=\"width: 270px\" class=\"wp-caption aligncenter\"><a href=\"https:\/\/autolivraria.com.br\/bc\/wp-content\/uploads\/2014\/02\/Vauxhall-Corsa.jpg\"><img decoding=\"async\" class=\"size-meia-largura-post wp-image-39998 lazyload\" alt=\"Esc\u00f3cia: Vauxhall Corsa\" data-src=\"https:\/\/autolivraria.com.br\/bc\/wp-content\/uploads\/2014\/02\/Vauxhall-Corsa-270x179.jpg\" width=\"270\" height=\"179\" data-srcset=\"https:\/\/autolivraria.com.br\/bc\/wp-content\/uploads\/2014\/02\/Vauxhall-Corsa-270x179.jpg 270w, https:\/\/autolivraria.com.br\/bc\/wp-content\/uploads\/2014\/02\/Vauxhall-Corsa-560x373.jpg 560w, https:\/\/autolivraria.com.br\/bc\/wp-content\/uploads\/2014\/02\/Vauxhall-Corsa-470x313.jpg 470w, https:\/\/autolivraria.com.br\/bc\/wp-content\/uploads\/2014\/02\/Vauxhall-Corsa-168x111.jpg 168w, https:\/\/autolivraria.com.br\/bc\/wp-content\/uploads\/2014\/02\/Vauxhall-Corsa.jpg 1280w\" data-sizes=\"(max-width: 270px) 100vw, 270px\" src=\"data:image\/svg+xml;base64,PHN2ZyB3aWR0aD0iMSIgaGVpZ2h0PSIxIiB4bWxucz0iaHR0cDovL3d3dy53My5vcmcvMjAwMC9zdmciPjwvc3ZnPg==\" style=\"--smush-placeholder-width: 270px; --smush-placeholder-aspect-ratio: 270\/179;\" \/><\/a><figcaption id=\"caption-attachment-39998\" class=\"wp-caption-text\">Esc\u00f3cia: Vauxhall Corsa<\/figcaption><\/figure>\n\t\t\t\t<\/div>\n<div class='one_half last'>\n\t\t\t\t\t<figure id=\"attachment_39999\" aria-describedby=\"caption-attachment-39999\" style=\"width: 270px\" class=\"wp-caption aligncenter\"><a href=\"https:\/\/autolivraria.com.br\/bc\/wp-content\/uploads\/2014\/02\/Seat-Ibiza.jpg\"><img decoding=\"async\" class=\"size-meia-largura-post wp-image-39999 lazyload\" alt=\"Espanha: Seat Ibiza\" data-src=\"https:\/\/autolivraria.com.br\/bc\/wp-content\/uploads\/2014\/02\/Seat-Ibiza-270x179.jpg\" width=\"270\" height=\"179\" data-srcset=\"https:\/\/autolivraria.com.br\/bc\/wp-content\/uploads\/2014\/02\/Seat-Ibiza-270x179.jpg 270w, https:\/\/autolivraria.com.br\/bc\/wp-content\/uploads\/2014\/02\/Seat-Ibiza-560x373.jpg 560w, https:\/\/autolivraria.com.br\/bc\/wp-content\/uploads\/2014\/02\/Seat-Ibiza-470x313.jpg 470w, https:\/\/autolivraria.com.br\/bc\/wp-content\/uploads\/2014\/02\/Seat-Ibiza-168x111.jpg 168w, https:\/\/autolivraria.com.br\/bc\/wp-content\/uploads\/2014\/02\/Seat-Ibiza.jpg 1280w\" data-sizes=\"(max-width: 270px) 100vw, 270px\" src=\"data:image\/svg+xml;base64,PHN2ZyB3aWR0aD0iMSIgaGVpZ2h0PSIxIiB4bWxucz0iaHR0cDovL3d3dy53My5vcmcvMjAwMC9zdmciPjwvc3ZnPg==\" style=\"--smush-placeholder-width: 270px; --smush-placeholder-aspect-ratio: 270\/179;\" \/><\/a><figcaption id=\"caption-attachment-39999\" class=\"wp-caption-text\">Espanha: Seat Ibiza<\/figcaption><\/figure>\n\t\t\t\t<\/div><div class='clear'><\/div>\n<p>&nbsp;<\/p>\n<h2>Esc\u00f3cia<\/h2>\n<p>Diferente da Inglaterra, esse pa\u00eds do Reino Unido \u2014 com mercado de 204 mil ve\u00edculos \u2014 manteve o Vauxhall Corsa (Opel em outros pa\u00edses) na lideran\u00e7a pelo sexto ano consecutivo, dessa vez com 5,4% de participa\u00e7\u00e3o. A Ford vem na sequ\u00eancia com Fiesta e Focus, seguidos por outro Vauxhall (<a href=\"https:\/\/autolivraria.com.br\/bc\/tag\/astra\">Astra<\/a>) em 4\u00ba. e o Golf em 5\u00ba. lugar.<\/p>\n<p>&nbsp;<\/p>\n<h2>Espanha<\/h2>\n<p>A \u201cprata da casa\u201d impera tamb\u00e9m no mercado espanhol, que absorveu quase 724 mil ve\u00edculos em 2013: com participa\u00e7\u00e3o de 3,2%, o <a href=\"https:\/\/autolivraria.com.br\/bc\/tag\/ibiza\">Seat Ibiza<\/a> foi o mais vendido pelo 5\u00ba. ano consecutivo e 10\u00ba. desde 1987, quando ainda estava na primeira gera\u00e7\u00e3o. Seguem-se o utilit\u00e1rio esporte <a href=\"https:\/\/autolivraria.com.br\/bc\/tag\/qashqai\">Nissan Qashqai<\/a> e os pequenos Polo, Opel Corsa e Clio at\u00e9 o 5\u00ba. lugar. Curiosamente, \u00e9 a VW a marca com maior representa\u00e7\u00e3o (8,8%), seguida por Seat (8,2%) e Peugeot.<\/p>\n<p>&nbsp;<\/p>\n<div class='one_half'>\n\t\t\t\t\t<figure id=\"attachment_40000\" aria-describedby=\"caption-attachment-40000\" style=\"width: 270px\" class=\"wp-caption aligncenter\"><a href=\"https:\/\/autolivraria.com.br\/bc\/wp-content\/uploads\/2014\/02\/Ford-F-150-02.jpg\"><img decoding=\"async\" class=\"size-meia-largura-post wp-image-40000 lazyload\" alt=\"Estados Unidos: Ford S\u00e9rie F\" data-src=\"https:\/\/autolivraria.com.br\/bc\/wp-content\/uploads\/2014\/02\/Ford-F-150-02-270x179.jpg\" width=\"270\" height=\"179\" data-srcset=\"https:\/\/autolivraria.com.br\/bc\/wp-content\/uploads\/2014\/02\/Ford-F-150-02-270x179.jpg 270w, https:\/\/autolivraria.com.br\/bc\/wp-content\/uploads\/2014\/02\/Ford-F-150-02-560x373.jpg 560w, https:\/\/autolivraria.com.br\/bc\/wp-content\/uploads\/2014\/02\/Ford-F-150-02-470x313.jpg 470w, https:\/\/autolivraria.com.br\/bc\/wp-content\/uploads\/2014\/02\/Ford-F-150-02-168x111.jpg 168w, https:\/\/autolivraria.com.br\/bc\/wp-content\/uploads\/2014\/02\/Ford-F-150-02.jpg 1280w\" data-sizes=\"(max-width: 270px) 100vw, 270px\" src=\"data:image\/svg+xml;base64,PHN2ZyB3aWR0aD0iMSIgaGVpZ2h0PSIxIiB4bWxucz0iaHR0cDovL3d3dy53My5vcmcvMjAwMC9zdmciPjwvc3ZnPg==\" style=\"--smush-placeholder-width: 270px; --smush-placeholder-aspect-ratio: 270\/179;\" \/><\/a><figcaption id=\"caption-attachment-40000\" class=\"wp-caption-text\">Estados Unidos: Ford S\u00e9rie F<\/figcaption><\/figure>\n\t\t\t\t<\/div>\n<div class='one_half last'>\n\t\t\t\t\t<figure id=\"attachment_40001\" aria-describedby=\"caption-attachment-40001\" style=\"width: 270px\" class=\"wp-caption aligncenter\"><a href=\"https:\/\/autolivraria.com.br\/bc\/wp-content\/uploads\/2014\/02\/Honda-CR-V.jpg\"><img decoding=\"async\" class=\"size-meia-largura-post wp-image-40001 lazyload\" alt=\"Est\u00f4nia: Honda CR-V\" data-src=\"https:\/\/autolivraria.com.br\/bc\/wp-content\/uploads\/2014\/02\/Honda-CR-V-270x179.jpg\" width=\"270\" height=\"179\" data-srcset=\"https:\/\/autolivraria.com.br\/bc\/wp-content\/uploads\/2014\/02\/Honda-CR-V-270x179.jpg 270w, https:\/\/autolivraria.com.br\/bc\/wp-content\/uploads\/2014\/02\/Honda-CR-V-560x373.jpg 560w, https:\/\/autolivraria.com.br\/bc\/wp-content\/uploads\/2014\/02\/Honda-CR-V-470x313.jpg 470w, https:\/\/autolivraria.com.br\/bc\/wp-content\/uploads\/2014\/02\/Honda-CR-V-168x111.jpg 168w, https:\/\/autolivraria.com.br\/bc\/wp-content\/uploads\/2014\/02\/Honda-CR-V.jpg 1280w\" data-sizes=\"(max-width: 270px) 100vw, 270px\" src=\"data:image\/svg+xml;base64,PHN2ZyB3aWR0aD0iMSIgaGVpZ2h0PSIxIiB4bWxucz0iaHR0cDovL3d3dy53My5vcmcvMjAwMC9zdmciPjwvc3ZnPg==\" style=\"--smush-placeholder-width: 270px; --smush-placeholder-aspect-ratio: 270\/179;\" \/><\/a><figcaption id=\"caption-attachment-40001\" class=\"wp-caption-text\">Est\u00f4nia: Honda CR-V<\/figcaption><\/figure>\n\t\t\t\t<\/div><div class='clear'><\/div>\n<p>&nbsp;<\/p>\n<h2>Estados Unidos<\/h2>\n<p>Picapes continuam a prefer\u00eancia nacional nos EUA, onde a S\u00e9rie F da Ford liderou o mercado em 2013 pelo 32\u00ba. ano consecutivo com 793 mil unidades, 5% do total de 15,6 milh\u00f5es de ve\u00edculos. A advers\u00e1ria <a href=\"https:\/\/autolivraria.com.br\/bc\/tag\/silverado\">Chevrolet Silverado<\/a> foi 2\u00aa., seguida por dois autom\u00f3veis \u2014 <a href=\"https:\/\/autolivraria.com.br\/bc\/tag\/camry\">Toyota Camry<\/a> e <a href=\"https:\/\/autolivraria.com.br\/bc\/tag\/accord\">Honda Accord<\/a> \u2014 e outra picape, a Ram. Entre os utilit\u00e1rios esporte o <a href=\"https:\/\/autolivraria.com.br\/bc\/tag\/cr-v\">Honda CR-V<\/a> (8\u00ba. na geral) foi l\u00edder. A Ford venceu entre os fabricantes, \u00e0 frente da Toyota.<\/p>\n<p>&nbsp;<\/p>\n<h2>Est\u00f4nia<\/h2>\n<p>O pequeno mercado de quase 19 mil ve\u00edculos viu um novo vencedor no ano passado, o Honda CR-V, com 4,8% de participa\u00e7\u00e3o. Dois sed\u00e3s m\u00e9dios v\u00eam na sequ\u00eancia \u2014 Skoda Octavia em 2\u00ba., Toyota Avensis em 3\u00ba. \u2014 e depois o hatch m\u00e9dio Toyota Auris.<\/p>\n<table border=\"0\">\n<tbody>\n<tr>\n<td><a href='https:\/\/autolivraria.com.br\/bc\/divirta-se\/curiosidades\/mais-vendidos-os-carros-que-lideram-em-50-paises\/3\/' class='small-button smallsilver'>Pr\u00f3xima parte<\/a><\/td>\n<\/tr>\n<\/tbody>\n<\/table>\n<p>&nbsp;<\/p>\n<p>&nbsp;<\/p>\n<p><!--nextpage--><\/p>\n<div class='one_half'>\n\t\t\t\t\t<figure id=\"attachment_40020\" aria-describedby=\"caption-attachment-40020\" style=\"width: 270px\" class=\"wp-caption aligncenter\"><a href=\"https:\/\/autolivraria.com.br\/bc\/wp-content\/uploads\/2014\/02\/Toyota-Yaris-Peru.jpg\"><img decoding=\"async\" class=\"size-meia-largura-post wp-image-40020 lazyload\" alt=\"Filipinas: Toyota Vios\" data-src=\"https:\/\/autolivraria.com.br\/bc\/wp-content\/uploads\/2014\/02\/Toyota-Yaris-Peru-270x179.jpg\" width=\"270\" height=\"179\" data-srcset=\"https:\/\/autolivraria.com.br\/bc\/wp-content\/uploads\/2014\/02\/Toyota-Yaris-Peru-270x179.jpg 270w, https:\/\/autolivraria.com.br\/bc\/wp-content\/uploads\/2014\/02\/Toyota-Yaris-Peru-560x373.jpg 560w, https:\/\/autolivraria.com.br\/bc\/wp-content\/uploads\/2014\/02\/Toyota-Yaris-Peru-470x313.jpg 470w, https:\/\/autolivraria.com.br\/bc\/wp-content\/uploads\/2014\/02\/Toyota-Yaris-Peru-168x111.jpg 168w, https:\/\/autolivraria.com.br\/bc\/wp-content\/uploads\/2014\/02\/Toyota-Yaris-Peru.jpg 1280w\" data-sizes=\"(max-width: 270px) 100vw, 270px\" src=\"data:image\/svg+xml;base64,PHN2ZyB3aWR0aD0iMSIgaGVpZ2h0PSIxIiB4bWxucz0iaHR0cDovL3d3dy53My5vcmcvMjAwMC9zdmciPjwvc3ZnPg==\" style=\"--smush-placeholder-width: 270px; --smush-placeholder-aspect-ratio: 270\/179;\" \/><\/a><figcaption id=\"caption-attachment-40020\" class=\"wp-caption-text\">Filipinas: Toyota Vios<\/figcaption><\/figure>\n\t\t\t\t<\/div>\n<div class='one_half last'>\n\t\t\t\t\t<figure id=\"attachment_40003\" aria-describedby=\"caption-attachment-40003\" style=\"width: 270px\" class=\"wp-caption aligncenter\"><a href=\"https:\/\/autolivraria.com.br\/bc\/wp-content\/uploads\/2014\/02\/Volkswagen-Golf-03.jpg\"><img decoding=\"async\" class=\"size-meia-largura-post wp-image-40003 lazyload\" alt=\"Finl\u00e2ndia: Volkswagen Golf\" data-src=\"https:\/\/autolivraria.com.br\/bc\/wp-content\/uploads\/2014\/02\/Volkswagen-Golf-03-270x179.jpg\" width=\"270\" height=\"179\" data-srcset=\"https:\/\/autolivraria.com.br\/bc\/wp-content\/uploads\/2014\/02\/Volkswagen-Golf-03-270x179.jpg 270w, https:\/\/autolivraria.com.br\/bc\/wp-content\/uploads\/2014\/02\/Volkswagen-Golf-03-560x373.jpg 560w, https:\/\/autolivraria.com.br\/bc\/wp-content\/uploads\/2014\/02\/Volkswagen-Golf-03-470x313.jpg 470w, https:\/\/autolivraria.com.br\/bc\/wp-content\/uploads\/2014\/02\/Volkswagen-Golf-03-168x111.jpg 168w, https:\/\/autolivraria.com.br\/bc\/wp-content\/uploads\/2014\/02\/Volkswagen-Golf-03.jpg 1280w\" data-sizes=\"(max-width: 270px) 100vw, 270px\" src=\"data:image\/svg+xml;base64,PHN2ZyB3aWR0aD0iMSIgaGVpZ2h0PSIxIiB4bWxucz0iaHR0cDovL3d3dy53My5vcmcvMjAwMC9zdmciPjwvc3ZnPg==\" style=\"--smush-placeholder-width: 270px; --smush-placeholder-aspect-ratio: 270\/179;\" \/><\/a><figcaption id=\"caption-attachment-40003\" class=\"wp-caption-text\">Finl\u00e2ndia: Volkswagen Golf<\/figcaption><\/figure>\n\t\t\t\t<\/div><div class='clear'><\/div>\n<p>&nbsp;<\/p>\n<h2>Filipinas<\/h2>\n<p>Tendo crescido para 211 mil unidades, o mercado filipino viu mais uma folgada lideran\u00e7a da Toyota, com 35,6% de participa\u00e7\u00e3o. O mais vendido \u00e9 o Vios, um \u201cprimo rico\u201d do Etios (9,7%). Depois v\u00eam Mitsubishi Montero Sport (nosso <a href=\"https:\/\/autolivraria.com.br\/bc\/tag\/pajero\">Pajero Dakar<\/a>) e a pequena minivan Toyota Innova.<\/p>\n<p>&nbsp;<\/p>\n<h2>Finl\u00e2ndia<\/h2>\n<p>A nova gera\u00e7\u00e3o levou o Golf de volta \u00e0 lideran\u00e7a, que ele n\u00e3o conseguia no mercado finland\u00eas desde 2010. Com 5% de participa\u00e7\u00e3o em um total de cerca de 100 mil ve\u00edculos, o m\u00e9dio alem\u00e3o foi seguido pelo Skoda Octavia checo, o Nissan Qashqai (que havia liderado em 2012) e os Toyotas Auris e Avensis.<\/p>\n<p>&nbsp;<\/p>\n<div class='one_half'>\n\t\t\t\t\t<figure id=\"attachment_40004\" aria-describedby=\"caption-attachment-40004\" style=\"width: 270px\" class=\"wp-caption aligncenter\"><a href=\"https:\/\/autolivraria.com.br\/bc\/wp-content\/uploads\/2014\/02\/Renault-Clio-02.jpg\"><img decoding=\"async\" class=\"size-meia-largura-post wp-image-40004 lazyload\" alt=\"Fran\u00e7a: Renault Clio\" data-src=\"https:\/\/autolivraria.com.br\/bc\/wp-content\/uploads\/2014\/02\/Renault-Clio-02-270x179.jpg\" width=\"270\" height=\"179\" data-srcset=\"https:\/\/autolivraria.com.br\/bc\/wp-content\/uploads\/2014\/02\/Renault-Clio-02-270x179.jpg 270w, https:\/\/autolivraria.com.br\/bc\/wp-content\/uploads\/2014\/02\/Renault-Clio-02-560x373.jpg 560w, https:\/\/autolivraria.com.br\/bc\/wp-content\/uploads\/2014\/02\/Renault-Clio-02-470x313.jpg 470w, https:\/\/autolivraria.com.br\/bc\/wp-content\/uploads\/2014\/02\/Renault-Clio-02-168x111.jpg 168w, https:\/\/autolivraria.com.br\/bc\/wp-content\/uploads\/2014\/02\/Renault-Clio-02.jpg 1280w\" data-sizes=\"(max-width: 270px) 100vw, 270px\" src=\"data:image\/svg+xml;base64,PHN2ZyB3aWR0aD0iMSIgaGVpZ2h0PSIxIiB4bWxucz0iaHR0cDovL3d3dy53My5vcmcvMjAwMC9zdmciPjwvc3ZnPg==\" style=\"--smush-placeholder-width: 270px; --smush-placeholder-aspect-ratio: 270\/179;\" \/><\/a><figcaption id=\"caption-attachment-40004\" class=\"wp-caption-text\">Fran\u00e7a: Renault Clio<\/figcaption><\/figure>\n\t\t\t\t<\/div>\n<div class='one_half last'>\n\t\t\t\t\t<figure id=\"attachment_40005\" aria-describedby=\"caption-attachment-40005\" style=\"width: 270px\" class=\"wp-caption aligncenter\"><a href=\"https:\/\/autolivraria.com.br\/bc\/wp-content\/uploads\/2014\/02\/Toyota-Yaris.jpg\"><img decoding=\"async\" class=\"size-meia-largura-post wp-image-40005 lazyload\" alt=\"Gr\u00e9cia: Toyota Yaris\" data-src=\"https:\/\/autolivraria.com.br\/bc\/wp-content\/uploads\/2014\/02\/Toyota-Yaris-270x179.jpg\" width=\"270\" height=\"179\" data-srcset=\"https:\/\/autolivraria.com.br\/bc\/wp-content\/uploads\/2014\/02\/Toyota-Yaris-270x179.jpg 270w, https:\/\/autolivraria.com.br\/bc\/wp-content\/uploads\/2014\/02\/Toyota-Yaris-560x373.jpg 560w, https:\/\/autolivraria.com.br\/bc\/wp-content\/uploads\/2014\/02\/Toyota-Yaris-470x313.jpg 470w, https:\/\/autolivraria.com.br\/bc\/wp-content\/uploads\/2014\/02\/Toyota-Yaris-168x111.jpg 168w, https:\/\/autolivraria.com.br\/bc\/wp-content\/uploads\/2014\/02\/Toyota-Yaris.jpg 1280w\" data-sizes=\"(max-width: 270px) 100vw, 270px\" src=\"data:image\/svg+xml;base64,PHN2ZyB3aWR0aD0iMSIgaGVpZ2h0PSIxIiB4bWxucz0iaHR0cDovL3d3dy53My5vcmcvMjAwMC9zdmciPjwvc3ZnPg==\" style=\"--smush-placeholder-width: 270px; --smush-placeholder-aspect-ratio: 270\/179;\" \/><\/a><figcaption id=\"caption-attachment-40005\" class=\"wp-caption-text\">Gr\u00e9cia: Toyota Yaris<\/figcaption><\/figure>\n\t\t\t\t<\/div><div class='clear'><\/div>\n<p>&nbsp;<\/p>\n<h2>Fran\u00e7a<\/h2>\n<p>Com quase 1,8 milh\u00e3o de unidades, o mercado franc\u00eas continua liderado pela Renault, com Peugeot e Citro\u00ebn na sequ\u00eancia. O Clio (agora na quarta gera\u00e7\u00e3o) obteve o 1\u00ba. lugar pela 15\u00aa. vez em 23 anos desde que foi lan\u00e7ado, com 5,8% de participa\u00e7\u00e3o, pouco \u00e0 frente do Peugeot 208 (5,1%). De 3\u00ba. a 5\u00ba. seguem-se <a href=\"https:\/\/autolivraria.com.br\/bc\/tag\/c3\">Citro\u00ebn C3<\/a> e os Renaults Sc\u00e9nic e <a href=\"https:\/\/autolivraria.com.br\/bc\/tag\/megane\">M\u00e9gane<\/a>. S\u00f3 em 8\u00ba. aparece um modelo sem rela\u00e7\u00e3o com os fabricantes locais, o VW Polo (o Dacia Sandero, em 6\u00ba., \u00e9 do grupo Renault).<\/p>\n<p>&nbsp;<\/p>\n<h2>Gr\u00e9cia<\/h2>\n<p>Reviravolta no mercado grego em 2013: o crescimento da Toyota levou-a da 3\u00aa. para a 1\u00aa. posi\u00e7\u00e3o, \u00e0 frente da VW e da Opel, que vencera em 2012. Dos 58,7 mil ve\u00edculos vendidos no pa\u00eds, 6,5% eram do Toyota Yaris, compacto que assumiu a lideran\u00e7a antes pertencente ao Opel Corsa, agora 2\u00ba. Seguem-se Polo, Hyundai I20 (ambos compactos) e Golf. O utilit\u00e1rio esporte de maior sucesso, o Nissan Qashqai, ficou em 13\u00ba.<\/p>\n<p>&nbsp;<\/p>\n<div class='one_half'>\n\t\t\t\t\t<figure id=\"attachment_40006\" aria-describedby=\"caption-attachment-40006\" style=\"width: 270px\" class=\"wp-caption aligncenter\"><a href=\"https:\/\/autolivraria.com.br\/bc\/wp-content\/uploads\/2014\/02\/Skoda-Octavia.jpg\"><img decoding=\"async\" class=\"size-meia-largura-post wp-image-40006 lazyload\" alt=\"Hungria: Skoda Octavia\" data-src=\"https:\/\/autolivraria.com.br\/bc\/wp-content\/uploads\/2014\/02\/Skoda-Octavia-270x179.jpg\" width=\"270\" height=\"179\" data-srcset=\"https:\/\/autolivraria.com.br\/bc\/wp-content\/uploads\/2014\/02\/Skoda-Octavia-270x179.jpg 270w, https:\/\/autolivraria.com.br\/bc\/wp-content\/uploads\/2014\/02\/Skoda-Octavia-560x373.jpg 560w, https:\/\/autolivraria.com.br\/bc\/wp-content\/uploads\/2014\/02\/Skoda-Octavia-470x313.jpg 470w, https:\/\/autolivraria.com.br\/bc\/wp-content\/uploads\/2014\/02\/Skoda-Octavia-168x111.jpg 168w, https:\/\/autolivraria.com.br\/bc\/wp-content\/uploads\/2014\/02\/Skoda-Octavia.jpg 1280w\" data-sizes=\"(max-width: 270px) 100vw, 270px\" src=\"data:image\/svg+xml;base64,PHN2ZyB3aWR0aD0iMSIgaGVpZ2h0PSIxIiB4bWxucz0iaHR0cDovL3d3dy53My5vcmcvMjAwMC9zdmciPjwvc3ZnPg==\" style=\"--smush-placeholder-width: 270px; --smush-placeholder-aspect-ratio: 270\/179;\" \/><\/a><figcaption id=\"caption-attachment-40006\" class=\"wp-caption-text\">Hungria: Skoda Octavia<\/figcaption><\/figure>\n\t\t\t\t<\/div>\n<div class='one_half last'>\n\t\t\t\t\t<figure id=\"attachment_40007\" aria-describedby=\"caption-attachment-40007\" style=\"width: 270px\" class=\"wp-caption aligncenter\"><a href=\"https:\/\/autolivraria.com.br\/bc\/wp-content\/uploads\/2014\/02\/Maruti-Suzuki-Alto.jpg\"><img decoding=\"async\" class=\"size-meia-largura-post wp-image-40007 lazyload\" alt=\"\u00cdndia: Maruti-Suzuki Alto\" data-src=\"https:\/\/autolivraria.com.br\/bc\/wp-content\/uploads\/2014\/02\/Maruti-Suzuki-Alto-270x179.jpg\" width=\"270\" height=\"179\" data-srcset=\"https:\/\/autolivraria.com.br\/bc\/wp-content\/uploads\/2014\/02\/Maruti-Suzuki-Alto-270x179.jpg 270w, https:\/\/autolivraria.com.br\/bc\/wp-content\/uploads\/2014\/02\/Maruti-Suzuki-Alto-560x373.jpg 560w, https:\/\/autolivraria.com.br\/bc\/wp-content\/uploads\/2014\/02\/Maruti-Suzuki-Alto-470x313.jpg 470w, https:\/\/autolivraria.com.br\/bc\/wp-content\/uploads\/2014\/02\/Maruti-Suzuki-Alto-168x111.jpg 168w, https:\/\/autolivraria.com.br\/bc\/wp-content\/uploads\/2014\/02\/Maruti-Suzuki-Alto.jpg 1280w\" data-sizes=\"(max-width: 270px) 100vw, 270px\" src=\"data:image\/svg+xml;base64,PHN2ZyB3aWR0aD0iMSIgaGVpZ2h0PSIxIiB4bWxucz0iaHR0cDovL3d3dy53My5vcmcvMjAwMC9zdmciPjwvc3ZnPg==\" style=\"--smush-placeholder-width: 270px; --smush-placeholder-aspect-ratio: 270\/179;\" \/><\/a><figcaption id=\"caption-attachment-40007\" class=\"wp-caption-text\">\u00cdndia: Maruti-Suzuki Alto<\/figcaption><\/figure>\n\t\t\t\t<\/div><div class='clear'><\/div>\n<p>&nbsp;<\/p>\n<h2>Hungria<\/h2>\n<p>Uma marca checa, a Skoda, lidera o mercado h\u00fangaro com o sed\u00e3 m\u00e9dio Octavia, que vendeu 3,1 mil unidades do total de 56,5 mil carros colocados nas ruas do pa\u00eds. O 2\u00ba. foi o Opel Astra, l\u00edder em 2012, que perdeu a posi\u00e7\u00e3o ao deixar de oferecer a antiga gera\u00e7\u00e3o Classic de 1998 \u2014 a mesma vendida at\u00e9 pouco tempo atr\u00e1s no Brasil \u2014, seguido pelo Ford Focus, o Dacia Duster e o <a href=\"https:\/\/autolivraria.com.br\/bc\/tag\/sx4\">Suzuki SX4<\/a>, na ordem.<\/p>\n<p>&nbsp;<\/p>\n<div class='code-block code-block-7' style='margin: 28px auto; text-align: center; display: block; clear: both;'>\n<script async src=\"https:\/\/pagead2.googlesyndication.com\/pagead\/js\/adsbygoogle.js\"><\/script>\n<!-- AL-quadrado -->\n<ins class=\"adsbygoogle\"\n     style=\"display:block\"\n     data-ad-client=\"ca-pub-1914799802606213\"\n     data-ad-slot=\"5683066082\"\n     data-ad-format=\"auto\"\n     data-full-width-responsive=\"true\"><\/ins>\n<script>\n     (adsbygoogle = window.adsbygoogle || []).push({});\n<\/script><\/div>\n\n<p>&nbsp;<\/p>\n<h2>\u00cdndia<\/h2>\n<p>Em crescimento, o mercado indiano alcan\u00e7ou 2,4 milh\u00f5es de unidades em 2013. A Maruti-Suzuki domina com 43,1% de participa\u00e7\u00e3o, ante 15,4% da Hyundai e 9,8% da Mahindra. Os modelos de maior \u00eaxito s\u00f3 poderiam ser Marutis: o Alto lidera h\u00e1 nove anos e representa 10,8% do mercado, seguido por Swift, DZire e o monovolume Wagon R+ da mesma marca. Em 5\u00ba. aparece o primeiro advers\u00e1rio, o Mahindra Bolero, seguido pelo Hyundai Eon \u2014 o estrangeiro mais vendido por l\u00e1.<\/p>\n<p>&nbsp;<\/p>\n<div class='one_half'>\n\t\t\t\t\t<figure id=\"attachment_40008\" aria-describedby=\"caption-attachment-40008\" style=\"width: 270px\" class=\"wp-caption aligncenter\"><a href=\"https:\/\/autolivraria.com.br\/bc\/wp-content\/uploads\/2014\/02\/Toyota-Avanza.jpg\"><img decoding=\"async\" class=\"size-meia-largura-post wp-image-40008 lazyload\" alt=\"Indon\u00e9sia: Toyota Avanza\" data-src=\"https:\/\/autolivraria.com.br\/bc\/wp-content\/uploads\/2014\/02\/Toyota-Avanza-270x179.jpg\" width=\"270\" height=\"179\" data-srcset=\"https:\/\/autolivraria.com.br\/bc\/wp-content\/uploads\/2014\/02\/Toyota-Avanza-270x179.jpg 270w, https:\/\/autolivraria.com.br\/bc\/wp-content\/uploads\/2014\/02\/Toyota-Avanza-560x373.jpg 560w, https:\/\/autolivraria.com.br\/bc\/wp-content\/uploads\/2014\/02\/Toyota-Avanza-470x313.jpg 470w, https:\/\/autolivraria.com.br\/bc\/wp-content\/uploads\/2014\/02\/Toyota-Avanza-168x111.jpg 168w, https:\/\/autolivraria.com.br\/bc\/wp-content\/uploads\/2014\/02\/Toyota-Avanza.jpg 1280w\" data-sizes=\"(max-width: 270px) 100vw, 270px\" src=\"data:image\/svg+xml;base64,PHN2ZyB3aWR0aD0iMSIgaGVpZ2h0PSIxIiB4bWxucz0iaHR0cDovL3d3dy53My5vcmcvMjAwMC9zdmciPjwvc3ZnPg==\" style=\"--smush-placeholder-width: 270px; --smush-placeholder-aspect-ratio: 270\/179;\" \/><\/a><figcaption id=\"caption-attachment-40008\" class=\"wp-caption-text\">Indon\u00e9sia: Toyota Avanza<\/figcaption><\/figure>\n\t\t\t\t<\/div>\n<div class='one_half last'>\n\t\t\t\t\t<figure id=\"attachment_40009\" aria-describedby=\"caption-attachment-40009\" style=\"width: 270px\" class=\"wp-caption aligncenter\"><a href=\"https:\/\/autolivraria.com.br\/bc\/wp-content\/uploads\/2014\/02\/Ford-Fiesta.jpg\"><img decoding=\"async\" class=\"size-meia-largura-post wp-image-40009 lazyload\" alt=\"Inglaterra: Ford Fiesta\" data-src=\"https:\/\/autolivraria.com.br\/bc\/wp-content\/uploads\/2014\/02\/Ford-Fiesta-270x179.jpg\" width=\"270\" height=\"179\" data-srcset=\"https:\/\/autolivraria.com.br\/bc\/wp-content\/uploads\/2014\/02\/Ford-Fiesta-270x179.jpg 270w, https:\/\/autolivraria.com.br\/bc\/wp-content\/uploads\/2014\/02\/Ford-Fiesta-560x373.jpg 560w, https:\/\/autolivraria.com.br\/bc\/wp-content\/uploads\/2014\/02\/Ford-Fiesta-470x313.jpg 470w, https:\/\/autolivraria.com.br\/bc\/wp-content\/uploads\/2014\/02\/Ford-Fiesta-168x111.jpg 168w, https:\/\/autolivraria.com.br\/bc\/wp-content\/uploads\/2014\/02\/Ford-Fiesta.jpg 1280w\" data-sizes=\"(max-width: 270px) 100vw, 270px\" src=\"data:image\/svg+xml;base64,PHN2ZyB3aWR0aD0iMSIgaGVpZ2h0PSIxIiB4bWxucz0iaHR0cDovL3d3dy53My5vcmcvMjAwMC9zdmciPjwvc3ZnPg==\" style=\"--smush-placeholder-width: 270px; --smush-placeholder-aspect-ratio: 270\/179;\" \/><\/a><figcaption id=\"caption-attachment-40009\" class=\"wp-caption-text\">Inglaterra: Ford Fiesta<\/figcaption><\/figure>\n\t\t\t\t<\/div><div class='clear'><\/div>\n<p>&nbsp;<\/p>\n<h2>Indon\u00e9sia<\/h2>\n<p>Minivans dominam o mercado indon\u00e9sio, que alcan\u00e7ou 1,22 milh\u00e3o de ve\u00edculos. A Toyota Avanza de produ\u00e7\u00e3o local \u00e9 o carro mais vendido com 17,5% de participa\u00e7\u00e3o, grande margem sobre a Daihatsu Xenia (2\u00aa. com 5,3%), que n\u00e3o passa de uma varia\u00e7\u00e3o do mesmo modelo. Seguem-se a Toyota Kijang Innova, uma minivan de maior porte; a Suzuki Ertiga, uma esp\u00e9cie de Swift ampliado; e a picape Daihatsu Gran Max.<\/p>\n<p>&nbsp;<\/p>\n<h2>Inglaterra<\/h2>\n<p>O mercado ingl\u00eas sempre foi forte para a Ford, que em 2013 liderou com o Fiesta (5% de participa\u00e7\u00e3o no volume de 1,9 milh\u00e3o de carros) e colocou o Focus em 2\u00ba. lugar. Depois v\u00eam Corsa, Astra (ambos da Vauxhall, marca brit\u00e2nica que corresponde \u00e0 Opel alem\u00e3) e Golf.<\/p>\n<p>&nbsp;<\/p>\n<figure id=\"attachment_40036\" aria-describedby=\"caption-attachment-40036\" style=\"width: 560px\" class=\"wp-caption aligncenter\"><a href=\"https:\/\/autolivraria.com.br\/bc\/wp-content\/uploads\/2014\/02\/Kia-Picanto.jpg\"><img decoding=\"async\" class=\"size-medium wp-image-40036 lazyload\" alt=\"Israel: Kia Picanto\" data-src=\"https:\/\/autolivraria.com.br\/bc\/wp-content\/uploads\/2014\/02\/Kia-Picanto-560x373.jpg\" width=\"560\" height=\"373\" src=\"data:image\/svg+xml;base64,PHN2ZyB3aWR0aD0iMSIgaGVpZ2h0PSIxIiB4bWxucz0iaHR0cDovL3d3dy53My5vcmcvMjAwMC9zdmciPjwvc3ZnPg==\" style=\"--smush-placeholder-width: 560px; --smush-placeholder-aspect-ratio: 560\/373;\" \/><\/a><figcaption id=\"caption-attachment-40036\" class=\"wp-caption-text\">Israel: Kia Picanto<\/figcaption><\/figure>\n<p>&nbsp;<\/p>\n<h2>Irlanda<\/h2>\n<p>O Golf foi o mais vendido no pa\u00eds, o que representa um fato novo por l\u00e1, ao contr\u00e1rio de tantos outros mercados. Ele representou 5% de um total de 74 mil ve\u00edculos, sendo seguido pelo Nissan Qashqai, o Focus (vencedor em 2011 e 2012), o Fiesta e o Toyota Auris. Como curiosidade, o <a href=\"https:\/\/autolivraria.com.br\/bc\/tag\/serie-5\">BMW S\u00e9rie 5<\/a> (10\u00ba. no ano) foi o l\u00edder no pa\u00eds em agosto e setembro.<\/p>\n<p>&nbsp;<\/p>\n<h2>Israel<\/h2>\n<p>J\u00e1 vendido em sua nova gera\u00e7\u00e3o, o Toyota Corolla liderou por cinco meses o mercado israelita em 2013, fechando o ano em 2\u00ba. lugar. O vencedor foi o Kia Picanto, com 6% de participa\u00e7\u00e3o nas vendas totais de 212,5 mil unidades. O Focus obteve o 3\u00ba. lugar.<\/p>\n<p>&nbsp;<\/p>\n<div class='one_half'>\n\t\t\t\t\t<figure id=\"attachment_40011\" aria-describedby=\"caption-attachment-40011\" style=\"width: 270px\" class=\"wp-caption aligncenter\"><a href=\"https:\/\/autolivraria.com.br\/bc\/wp-content\/uploads\/2014\/02\/Fiat-Panda.jpg\"><img decoding=\"async\" class=\"size-meia-largura-post wp-image-40011 lazyload\" alt=\"It\u00e1lia: Fiat Panda\" data-src=\"https:\/\/autolivraria.com.br\/bc\/wp-content\/uploads\/2014\/02\/Fiat-Panda-270x179.jpg\" width=\"270\" height=\"179\" data-srcset=\"https:\/\/autolivraria.com.br\/bc\/wp-content\/uploads\/2014\/02\/Fiat-Panda-270x179.jpg 270w, https:\/\/autolivraria.com.br\/bc\/wp-content\/uploads\/2014\/02\/Fiat-Panda-560x373.jpg 560w, https:\/\/autolivraria.com.br\/bc\/wp-content\/uploads\/2014\/02\/Fiat-Panda-470x313.jpg 470w, https:\/\/autolivraria.com.br\/bc\/wp-content\/uploads\/2014\/02\/Fiat-Panda-168x111.jpg 168w, https:\/\/autolivraria.com.br\/bc\/wp-content\/uploads\/2014\/02\/Fiat-Panda.jpg 1280w\" data-sizes=\"(max-width: 270px) 100vw, 270px\" src=\"data:image\/svg+xml;base64,PHN2ZyB3aWR0aD0iMSIgaGVpZ2h0PSIxIiB4bWxucz0iaHR0cDovL3d3dy53My5vcmcvMjAwMC9zdmciPjwvc3ZnPg==\" style=\"--smush-placeholder-width: 270px; --smush-placeholder-aspect-ratio: 270\/179;\" \/><\/a><figcaption id=\"caption-attachment-40011\" class=\"wp-caption-text\">It\u00e1lia: Fiat Panda<\/figcaption><\/figure>\n\t\t\t\t<\/div>\n<div class='one_half last'>\n\t\t\t\t\t<figure id=\"attachment_40012\" aria-describedby=\"caption-attachment-40012\" style=\"width: 270px\" class=\"wp-caption aligncenter\"><a href=\"https:\/\/autolivraria.com.br\/bc\/wp-content\/uploads\/2014\/02\/Toyota-Aqua.jpg\"><img decoding=\"async\" class=\"size-meia-largura-post wp-image-40012 lazyload\" alt=\"Jap\u00e3o: Toyota Aqua\" data-src=\"https:\/\/autolivraria.com.br\/bc\/wp-content\/uploads\/2014\/02\/Toyota-Aqua-270x179.jpg\" width=\"270\" height=\"179\" data-srcset=\"https:\/\/autolivraria.com.br\/bc\/wp-content\/uploads\/2014\/02\/Toyota-Aqua-270x179.jpg 270w, https:\/\/autolivraria.com.br\/bc\/wp-content\/uploads\/2014\/02\/Toyota-Aqua-560x373.jpg 560w, https:\/\/autolivraria.com.br\/bc\/wp-content\/uploads\/2014\/02\/Toyota-Aqua-470x313.jpg 470w, https:\/\/autolivraria.com.br\/bc\/wp-content\/uploads\/2014\/02\/Toyota-Aqua-168x111.jpg 168w, https:\/\/autolivraria.com.br\/bc\/wp-content\/uploads\/2014\/02\/Toyota-Aqua.jpg 1280w\" data-sizes=\"(max-width: 270px) 100vw, 270px\" src=\"data:image\/svg+xml;base64,PHN2ZyB3aWR0aD0iMSIgaGVpZ2h0PSIxIiB4bWxucz0iaHR0cDovL3d3dy53My5vcmcvMjAwMC9zdmciPjwvc3ZnPg==\" style=\"--smush-placeholder-width: 270px; --smush-placeholder-aspect-ratio: 270\/179;\" \/><\/a><figcaption id=\"caption-attachment-40012\" class=\"wp-caption-text\">Jap\u00e3o: Toyota Aqua<\/figcaption><\/figure>\n\t\t\t\t<\/div><div class='clear'><\/div>\n<p>&nbsp;<\/p>\n<h2>It\u00e1lia<\/h2>\n<p>Em queda acentuada para 1,3 milh\u00e3o de unidades, sua pior marca desde 1979, o mercado italiano viu no ano passado um fen\u00f4meno raro: os cinco modelos mais vendidos foram de marcas nacionais. O Fiat Panda (7,8% de participa\u00e7\u00e3o) foi seguido por <a href=\"https:\/\/autolivraria.com.br\/bc\/tag\/punto\">Punto<\/a>, o pequeno Lancia Ypsilon, Fiat 500 hatch e a perua <a href=\"https:\/\/autolivraria.com.br\/bc\/tag\/500-l\">500 L<\/a>. Dos feitos por fabricantes estrangeiros, o Golf em 6\u00ba. \u00e9 o mais bem-aceito.<\/p>\n<p><span style=\"line-height: 1.5em;\">\u00a0<\/span><\/p>\n<h2><span style=\"line-height: 1.5em;\">Jap\u00e3o<\/span><\/h2>\n<p>Com 3,26 milh\u00f5es de carros vendidos em 2013, o mercado japon\u00eas viu uma substitui\u00e7\u00e3o na lideran\u00e7a: saiu o <a href=\"https:\/\/autolivraria.com.br\/bc\/tag\/prius\">Toyota Prius<\/a>, ap\u00f3s quatro anos \u00e0 frente, e entrou&#8230; uma varia\u00e7\u00e3o do Prius, o Aqua (chamado de Prius C em alguns pa\u00edses), que obteve 8% de participa\u00e7\u00e3o. O Prius original foi 2\u00ba., seguido por <a href=\"https:\/\/autolivraria.com.br\/bc\/tag\/fit\">Honda Fit<\/a>, Nissan Note e Corolla. A marca do l\u00edder tamb\u00e9m domina entre os fabricantes, com nada menos que 45,8% do mercado, seguida por Nissan e Honda. O Golf \u00e9 o preferido entre os importados, e o Honda N-Box, entre os <a href=\"https:\/\/autolivraria.com.br\/bc\/tag\/kei-jidosha\">\u201ccarros K\u201d<\/a> de 660 cm\u00b3.<\/p>\n<table border=\"0\">\n<tbody>\n<tr>\n<td><a href='https:\/\/autolivraria.com.br\/bc\/divirta-se\/curiosidades\/mais-vendidos-os-carros-que-lideram-em-50-paises\/4\/' class='small-button smallsilver'>Pr\u00f3xima parte<\/a><\/td>\n<\/tr>\n<\/tbody>\n<\/table>\n<p>&nbsp;<\/p>\n<p>&nbsp;<\/p>\n<p><!--nextpage--><\/p>\n<div class='one_half'>\n\t\t\t\t\t<figure id=\"attachment_40014\" aria-describedby=\"caption-attachment-40014\" style=\"width: 270px\" class=\"wp-caption aligncenter\"><a href=\"https:\/\/autolivraria.com.br\/bc\/wp-content\/uploads\/2014\/02\/Perodua-Viva.jpg\"><img decoding=\"async\" class=\"size-meia-largura-post wp-image-40014 lazyload\" alt=\"Mal\u00e1sia: Perodua\" data-src=\"https:\/\/autolivraria.com.br\/bc\/wp-content\/uploads\/2014\/02\/Perodua-Viva-270x179.jpg\" width=\"270\" height=\"179\" data-srcset=\"https:\/\/autolivraria.com.br\/bc\/wp-content\/uploads\/2014\/02\/Perodua-Viva-270x179.jpg 270w, https:\/\/autolivraria.com.br\/bc\/wp-content\/uploads\/2014\/02\/Perodua-Viva-560x373.jpg 560w, https:\/\/autolivraria.com.br\/bc\/wp-content\/uploads\/2014\/02\/Perodua-Viva-470x313.jpg 470w, https:\/\/autolivraria.com.br\/bc\/wp-content\/uploads\/2014\/02\/Perodua-Viva-168x111.jpg 168w, https:\/\/autolivraria.com.br\/bc\/wp-content\/uploads\/2014\/02\/Perodua-Viva.jpg 1280w\" data-sizes=\"(max-width: 270px) 100vw, 270px\" src=\"data:image\/svg+xml;base64,PHN2ZyB3aWR0aD0iMSIgaGVpZ2h0PSIxIiB4bWxucz0iaHR0cDovL3d3dy53My5vcmcvMjAwMC9zdmciPjwvc3ZnPg==\" style=\"--smush-placeholder-width: 270px; --smush-placeholder-aspect-ratio: 270\/179;\" \/><\/a><figcaption id=\"caption-attachment-40014\" class=\"wp-caption-text\">Mal\u00e1sia: Perodua<\/figcaption><\/figure>\n\t\t\t\t<\/div>\n<div class='one_half last'>\n\t\t\t\t\t<figure id=\"attachment_40015\" aria-describedby=\"caption-attachment-40015\" style=\"width: 270px\" class=\"wp-caption aligncenter\"><a href=\"https:\/\/autolivraria.com.br\/bc\/wp-content\/uploads\/2014\/02\/Dacia-Logan.jpg\"><img decoding=\"async\" class=\"size-meia-largura-post wp-image-40015 lazyload\" alt=\"Marrocos: Dacia Logan\" data-src=\"https:\/\/autolivraria.com.br\/bc\/wp-content\/uploads\/2014\/02\/Dacia-Logan-270x179.jpg\" width=\"270\" height=\"179\" data-srcset=\"https:\/\/autolivraria.com.br\/bc\/wp-content\/uploads\/2014\/02\/Dacia-Logan-270x179.jpg 270w, https:\/\/autolivraria.com.br\/bc\/wp-content\/uploads\/2014\/02\/Dacia-Logan-560x373.jpg 560w, https:\/\/autolivraria.com.br\/bc\/wp-content\/uploads\/2014\/02\/Dacia-Logan-470x313.jpg 470w, https:\/\/autolivraria.com.br\/bc\/wp-content\/uploads\/2014\/02\/Dacia-Logan-168x111.jpg 168w, https:\/\/autolivraria.com.br\/bc\/wp-content\/uploads\/2014\/02\/Dacia-Logan.jpg 1280w\" data-sizes=\"(max-width: 270px) 100vw, 270px\" src=\"data:image\/svg+xml;base64,PHN2ZyB3aWR0aD0iMSIgaGVpZ2h0PSIxIiB4bWxucz0iaHR0cDovL3d3dy53My5vcmcvMjAwMC9zdmciPjwvc3ZnPg==\" style=\"--smush-placeholder-width: 270px; --smush-placeholder-aspect-ratio: 270\/179;\" \/><\/a><figcaption id=\"caption-attachment-40015\" class=\"wp-caption-text\">Marrocos: Dacia Logan<\/figcaption><\/figure>\n\t\t\t\t<\/div><div class='clear'><\/div>\n<p>&nbsp;<\/p>\n<h2>Mal\u00e1sia<\/h2>\n<p>Significativo em volume com suas 655 mil unidades no ano passado, o mercado malaio \u00e9 liderado pela marca local Perodua, com quase 30% de participa\u00e7\u00e3o, seguida pela tamb\u00e9m nacional Proton (21%) e a Toyota (14%). As vendas por modelo n\u00e3o s\u00e3o divulgadas no pa\u00eds, mas publicamos a foto do modelo Viva a t\u00edtulo ilustrativo.<\/p>\n<p>&nbsp;<\/p>\n<h2>Marrocos<\/h2>\n<p>O diminuto mercado de 120 mil ve\u00edculos em 2013 vale pela curiosidade de ter tr\u00eas modelos da romena Dacia \u2014 que conhecemos bem como produtos Renault \u2014 entre os cinco mais vendidos: o novo Logan de produ\u00e7\u00e3o local em 1\u00ba., o furg\u00e3o de passageiros Dokker em 3\u00ba. e o novo Sandero em 4\u00ba. Como se n\u00e3o fosse o bastante, h\u00e1 ainda o Duster em 6\u00aa. posi\u00e7\u00e3o. Nos cinco mais, quem n\u00e3o \u00e9 Dacia \u00e9 Renault: o furg\u00e3o Kangoo em 2\u00ba. e o Clio em 5\u00ba. Com isso, a Dacia domina 25% do mercado, e a Renault, 19%.<\/p>\n<p>&nbsp;<\/p>\n<div class='one_half'>\n\t\t\t\t\t<figure id=\"attachment_40016\" aria-describedby=\"caption-attachment-40016\" style=\"width: 270px\" class=\"wp-caption aligncenter\"><a href=\"https:\/\/autolivraria.com.br\/bc\/wp-content\/uploads\/2014\/02\/Chevrolet-Aveo-MX.jpg\"><img decoding=\"async\" class=\"size-meia-largura-post wp-image-40016 lazyload\" alt=\"M\u00e9xico: Chevrolet Aveo\" data-src=\"https:\/\/autolivraria.com.br\/bc\/wp-content\/uploads\/2014\/02\/Chevrolet-Aveo-MX-270x179.jpg\" width=\"270\" height=\"179\" data-srcset=\"https:\/\/autolivraria.com.br\/bc\/wp-content\/uploads\/2014\/02\/Chevrolet-Aveo-MX-270x179.jpg 270w, https:\/\/autolivraria.com.br\/bc\/wp-content\/uploads\/2014\/02\/Chevrolet-Aveo-MX-560x373.jpg 560w, https:\/\/autolivraria.com.br\/bc\/wp-content\/uploads\/2014\/02\/Chevrolet-Aveo-MX-470x313.jpg 470w, https:\/\/autolivraria.com.br\/bc\/wp-content\/uploads\/2014\/02\/Chevrolet-Aveo-MX-168x111.jpg 168w, https:\/\/autolivraria.com.br\/bc\/wp-content\/uploads\/2014\/02\/Chevrolet-Aveo-MX.jpg 1280w\" data-sizes=\"(max-width: 270px) 100vw, 270px\" src=\"data:image\/svg+xml;base64,PHN2ZyB3aWR0aD0iMSIgaGVpZ2h0PSIxIiB4bWxucz0iaHR0cDovL3d3dy53My5vcmcvMjAwMC9zdmciPjwvc3ZnPg==\" style=\"--smush-placeholder-width: 270px; --smush-placeholder-aspect-ratio: 270\/179;\" \/><\/a><figcaption id=\"caption-attachment-40016\" class=\"wp-caption-text\">M\u00e9xico: Chevrolet Aveo<\/figcaption><\/figure>\n\t\t\t\t<\/div>\n<div class='one_half last'>\n\t\t\t\t\t<figure id=\"attachment_40017\" aria-describedby=\"caption-attachment-40017\" style=\"width: 270px\" class=\"wp-caption aligncenter\"><a href=\"https:\/\/autolivraria.com.br\/bc\/wp-content\/uploads\/2014\/02\/Toyota-Corolla-03.jpg\"><img decoding=\"async\" class=\"size-meia-largura-post wp-image-40017 lazyload\" alt=\"Nova Zel\u00e2ndia: Toyota Corolla\" data-src=\"https:\/\/autolivraria.com.br\/bc\/wp-content\/uploads\/2014\/02\/Toyota-Corolla-03-270x179.jpg\" width=\"270\" height=\"179\" data-srcset=\"https:\/\/autolivraria.com.br\/bc\/wp-content\/uploads\/2014\/02\/Toyota-Corolla-03-270x179.jpg 270w, https:\/\/autolivraria.com.br\/bc\/wp-content\/uploads\/2014\/02\/Toyota-Corolla-03-560x373.jpg 560w, https:\/\/autolivraria.com.br\/bc\/wp-content\/uploads\/2014\/02\/Toyota-Corolla-03-470x313.jpg 470w, https:\/\/autolivraria.com.br\/bc\/wp-content\/uploads\/2014\/02\/Toyota-Corolla-03-168x111.jpg 168w, https:\/\/autolivraria.com.br\/bc\/wp-content\/uploads\/2014\/02\/Toyota-Corolla-03.jpg 1280w\" data-sizes=\"(max-width: 270px) 100vw, 270px\" src=\"data:image\/svg+xml;base64,PHN2ZyB3aWR0aD0iMSIgaGVpZ2h0PSIxIiB4bWxucz0iaHR0cDovL3d3dy53My5vcmcvMjAwMC9zdmciPjwvc3ZnPg==\" style=\"--smush-placeholder-width: 270px; --smush-placeholder-aspect-ratio: 270\/179;\" \/><\/a><figcaption id=\"caption-attachment-40017\" class=\"wp-caption-text\">Nova Zel\u00e2ndia: Toyota Corolla<\/figcaption><\/figure>\n\t\t\t\t<\/div><div class='clear'><\/div>\n<p>&nbsp;<\/p>\n<h2>M\u00e9xico<\/h2>\n<p>Em recupera\u00e7\u00e3o, o mercado atingiu no ano 1,06 milh\u00e3o de ve\u00edculos, sua primeira marca com sete d\u00edgitos desde 2008. Nissan (24,8% de participa\u00e7\u00e3o), Chevrolet e VW s\u00e3o as marcas mais vendidas, enquanto a lista de modelos \u00e9 encabe\u00e7ada pelo Chevrolet Aveo (6,1% do mercado), seguido pelo VW Clasico (nosso conhecido Bora), o <a href=\"https:\/\/autolivraria.com.br\/bc\/tag\/versa\">Nissan Versa<\/a>, o Tsuru da mesma marca (um Sentra dos anos 90, ainda muito aceito entre taxistas) e o <a href=\"https:\/\/autolivraria.com.br\/bc\/tag\/jetta\">VW Jetta<\/a> de atual gera\u00e7\u00e3o em 5\u00ba.<\/p>\n<p>&nbsp;<\/p>\n<h2>Nova Zel\u00e2ndia<\/h2>\n<p>O l\u00edder neozeland\u00eas h\u00e1 seis anos \u00e9 o Toyota Corolla, que em 2013 alcan\u00e7ou participa\u00e7\u00e3o de 13% no mercado de 113 mil ve\u00edculos. A nova gera\u00e7\u00e3o do hatch convive com o sed\u00e3 antigo, assim como na Austr\u00e1lia.\u00a0O 2\u00ba. \u00e9 outro Toyota, a Hilux, que h\u00e1 32 anos vence entre os utilit\u00e1rios, seguida pela Ford Ranger. O pequeno Suzuki Swift e o grande sed\u00e3 Holden Commodore fecham os cinco mais vendidos. Entre os fabricantes, a Toyota desfruta folgada lideran\u00e7a sobre a Ford, com 21,4% ante 11,4% do mercado.<\/p>\n<p>&nbsp;<\/p>\n<figure id=\"attachment_40018\" aria-describedby=\"caption-attachment-40018\" style=\"width: 560px\" class=\"wp-caption aligncenter\"><a href=\"https:\/\/autolivraria.com.br\/bc\/wp-content\/uploads\/2014\/02\/Volkswagen-Up-02.jpg\"><img decoding=\"async\" class=\"size-medium wp-image-40018 lazyload\" alt=\"Pa\u00edses Baixos: Volkswagen Up\" data-src=\"https:\/\/autolivraria.com.br\/bc\/wp-content\/uploads\/2014\/02\/Volkswagen-Up-02-560x373.jpg\" width=\"560\" height=\"373\" data-srcset=\"https:\/\/autolivraria.com.br\/bc\/wp-content\/uploads\/2014\/02\/Volkswagen-Up-02-560x373.jpg 560w, https:\/\/autolivraria.com.br\/bc\/wp-content\/uploads\/2014\/02\/Volkswagen-Up-02-470x313.jpg 470w, https:\/\/autolivraria.com.br\/bc\/wp-content\/uploads\/2014\/02\/Volkswagen-Up-02-270x179.jpg 270w, https:\/\/autolivraria.com.br\/bc\/wp-content\/uploads\/2014\/02\/Volkswagen-Up-02-168x111.jpg 168w, https:\/\/autolivraria.com.br\/bc\/wp-content\/uploads\/2014\/02\/Volkswagen-Up-02.jpg 1280w\" data-sizes=\"(max-width: 560px) 100vw, 560px\" src=\"data:image\/svg+xml;base64,PHN2ZyB3aWR0aD0iMSIgaGVpZ2h0PSIxIiB4bWxucz0iaHR0cDovL3d3dy53My5vcmcvMjAwMC9zdmciPjwvc3ZnPg==\" style=\"--smush-placeholder-width: 560px; --smush-placeholder-aspect-ratio: 560\/373;\" \/><\/a><figcaption id=\"caption-attachment-40018\" class=\"wp-caption-text\">Pa\u00edses Baixos: Volkswagen Up<\/figcaption><\/figure>\n<p><span style=\"line-height: 1.5em;\">\u00a0\u00a0<\/span><\/p>\n<h2>Noruega<\/h2>\n<p>O mercado noruegu\u00eas \u00e9 peculiar pelas boas vendas de modelos el\u00e9tricos, como o Nissan Leaf (3\u00ba. mais vendido no ano passado e l\u00edder em outubro) e o Tesla Model S, que assumiu a 1\u00aa. posi\u00e7\u00e3o em outubro e dezembro. Mas a vit\u00f3ria no ano ficou com um modelo de combust\u00e3o interna, o Golf, com 5,2% do mercado de 142 mil ve\u00edculos, seguido por Toyota Auris, o citado Leaf, o utilit\u00e1rio esporte Mazda CX-5 e o <a href=\"https:\/\/autolivraria.com.br\/bc\/tag\/yaris\">Toyota Yaris<\/a>, na ordem.<\/p>\n<p>&nbsp;<\/p>\n<div class='code-block code-block-7' style='margin: 28px auto; text-align: center; display: block; clear: both;'>\n<script async src=\"https:\/\/pagead2.googlesyndication.com\/pagead\/js\/adsbygoogle.js\"><\/script>\n<!-- AL-quadrado -->\n<ins class=\"adsbygoogle\"\n     style=\"display:block\"\n     data-ad-client=\"ca-pub-1914799802606213\"\n     data-ad-slot=\"5683066082\"\n     data-ad-format=\"auto\"\n     data-full-width-responsive=\"true\"><\/ins>\n<script>\n     (adsbygoogle = window.adsbygoogle || []).push({});\n<\/script><\/div>\n\n<p>&nbsp;<\/p>\n<h2>Pa\u00edses Baixos<\/h2>\n<p>Como na Dinamarca, o mercado holand\u00eas tem no Up seu l\u00edder e na VW a marca mais vendida, com 12% de participa\u00e7\u00e3o, seguida pela Renault. O pequeno modelo obteve quase 4% das vendas do pa\u00eds (que totalizaram 417 mil ve\u00edculos), sendo seguido por quatro modelos m\u00e9dios: Golf, Focus, M\u00e9gane e o <a href=\"https:\/\/autolivraria.com.br\/bc\/tag\/v40\">Volvo V40<\/a>, este em 5\u00ba.<\/p>\n<p>&nbsp;<\/p>\n<div class='one_half'>\n\t\t\t\t\t<figure id=\"attachment_40019\" aria-describedby=\"caption-attachment-40019\" style=\"width: 270px\" class=\"wp-caption aligncenter\"><a href=\"https:\/\/autolivraria.com.br\/bc\/wp-content\/uploads\/2014\/02\/Toyota-Hilux-02.jpg\"><img decoding=\"async\" class=\"size-meia-largura-post wp-image-40019 lazyload\" alt=\"Paraguai: Toyota Hilux\" data-src=\"https:\/\/autolivraria.com.br\/bc\/wp-content\/uploads\/2014\/02\/Toyota-Hilux-02-270x179.jpg\" width=\"270\" height=\"179\" data-srcset=\"https:\/\/autolivraria.com.br\/bc\/wp-content\/uploads\/2014\/02\/Toyota-Hilux-02-270x179.jpg 270w, https:\/\/autolivraria.com.br\/bc\/wp-content\/uploads\/2014\/02\/Toyota-Hilux-02-560x373.jpg 560w, https:\/\/autolivraria.com.br\/bc\/wp-content\/uploads\/2014\/02\/Toyota-Hilux-02-470x313.jpg 470w, https:\/\/autolivraria.com.br\/bc\/wp-content\/uploads\/2014\/02\/Toyota-Hilux-02-168x111.jpg 168w, https:\/\/autolivraria.com.br\/bc\/wp-content\/uploads\/2014\/02\/Toyota-Hilux-02.jpg 1280w\" data-sizes=\"(max-width: 270px) 100vw, 270px\" src=\"data:image\/svg+xml;base64,PHN2ZyB3aWR0aD0iMSIgaGVpZ2h0PSIxIiB4bWxucz0iaHR0cDovL3d3dy53My5vcmcvMjAwMC9zdmciPjwvc3ZnPg==\" style=\"--smush-placeholder-width: 270px; --smush-placeholder-aspect-ratio: 270\/179;\" \/><\/a><figcaption id=\"caption-attachment-40019\" class=\"wp-caption-text\">Paraguai: Toyota Hilux<\/figcaption><\/figure>\n\t\t\t\t<\/div>\n<div class='one_half last'>\n\t\t\t\t\t<figure id=\"attachment_40002\" aria-describedby=\"caption-attachment-40002\" style=\"width: 270px\" class=\"wp-caption aligncenter\"><a href=\"https:\/\/autolivraria.com.br\/bc\/wp-content\/uploads\/2014\/02\/Toyota-Vios.jpg\"><img decoding=\"async\" class=\"size-meia-largura-post wp-image-40002 lazyload\" alt=\"Peru: Toyota Yaris\" data-src=\"https:\/\/autolivraria.com.br\/bc\/wp-content\/uploads\/2014\/02\/Toyota-Vios-270x179.jpg\" width=\"270\" height=\"179\" data-srcset=\"https:\/\/autolivraria.com.br\/bc\/wp-content\/uploads\/2014\/02\/Toyota-Vios-270x179.jpg 270w, https:\/\/autolivraria.com.br\/bc\/wp-content\/uploads\/2014\/02\/Toyota-Vios-560x373.jpg 560w, https:\/\/autolivraria.com.br\/bc\/wp-content\/uploads\/2014\/02\/Toyota-Vios-470x313.jpg 470w, https:\/\/autolivraria.com.br\/bc\/wp-content\/uploads\/2014\/02\/Toyota-Vios-168x111.jpg 168w, https:\/\/autolivraria.com.br\/bc\/wp-content\/uploads\/2014\/02\/Toyota-Vios.jpg 1280w\" data-sizes=\"(max-width: 270px) 100vw, 270px\" src=\"data:image\/svg+xml;base64,PHN2ZyB3aWR0aD0iMSIgaGVpZ2h0PSIxIiB4bWxucz0iaHR0cDovL3d3dy53My5vcmcvMjAwMC9zdmciPjwvc3ZnPg==\" style=\"--smush-placeholder-width: 270px; --smush-placeholder-aspect-ratio: 270\/179;\" \/><\/a><figcaption id=\"caption-attachment-40002\" class=\"wp-caption-text\">Peru: Toyota Yaris<\/figcaption><\/figure>\n<p><span style=\"line-height: 1.5em;\">\n\t\t\t\t<\/div><div class='clear'><\/div><\/span><\/p>\n<p>&nbsp;<\/p>\n<h2>Paraguai<\/h2>\n<p>Vit\u00f3ria de uma picape no pa\u00eds vizinho: a Toyota Hilux respondeu no ano passado por 11% de um pequeno mercado de 28 mil ve\u00edculos. Seguem-se dois autom\u00f3veis da Kia (o m\u00e9dio Rio e o pequeno Picanto), o compacto Hyundai Accent e nosso conhecido Gol fechando os cinco mais. A Kia, por\u00e9m, \u00e9 a marca l\u00edder \u00e0 frente de Toyota (2\u00aa.) e Hyundai.<\/p>\n<p>&nbsp;<\/p>\n<h2>Peru<\/h2>\n<p>Com 201 mil ve\u00edculos colocados nas ruas em 2013, o mercado peruano teve como l\u00edder a Toyota, com 19% de participa\u00e7\u00e3o, seguida por Hyundai e Kia. Os dois carros mais vendidos foram tamb\u00e9m da marca japonesa, o pequeno sed\u00e3 Yaris (chamado de Vios em outros mercados) em 1\u00ba. e a picape Hilux em 2\u00aa.; seguiram-se o Chevrolet Sail e os Kias Picanto e Rio.<\/p>\n<p>&nbsp;<\/p>\n<div class='one_half'>\n\t\t\t\t\t<figure id=\"attachment_40021\" aria-describedby=\"caption-attachment-40021\" style=\"width: 270px\" class=\"wp-caption aligncenter\"><a href=\"https:\/\/autolivraria.com.br\/bc\/wp-content\/uploads\/2014\/02\/Skoda-Fabia.jpg\"><img decoding=\"async\" class=\"size-meia-largura-post wp-image-40021 lazyload\" alt=\"Pol\u00f4nia: Skoda Fabia\" data-src=\"https:\/\/autolivraria.com.br\/bc\/wp-content\/uploads\/2014\/02\/Skoda-Fabia-270x179.jpg\" width=\"270\" height=\"179\" data-srcset=\"https:\/\/autolivraria.com.br\/bc\/wp-content\/uploads\/2014\/02\/Skoda-Fabia-270x179.jpg 270w, https:\/\/autolivraria.com.br\/bc\/wp-content\/uploads\/2014\/02\/Skoda-Fabia-560x373.jpg 560w, https:\/\/autolivraria.com.br\/bc\/wp-content\/uploads\/2014\/02\/Skoda-Fabia-470x313.jpg 470w, https:\/\/autolivraria.com.br\/bc\/wp-content\/uploads\/2014\/02\/Skoda-Fabia-168x111.jpg 168w, https:\/\/autolivraria.com.br\/bc\/wp-content\/uploads\/2014\/02\/Skoda-Fabia.jpg 1280w\" data-sizes=\"(max-width: 270px) 100vw, 270px\" src=\"data:image\/svg+xml;base64,PHN2ZyB3aWR0aD0iMSIgaGVpZ2h0PSIxIiB4bWxucz0iaHR0cDovL3d3dy53My5vcmcvMjAwMC9zdmciPjwvc3ZnPg==\" style=\"--smush-placeholder-width: 270px; --smush-placeholder-aspect-ratio: 270\/179;\" \/><\/a><figcaption id=\"caption-attachment-40021\" class=\"wp-caption-text\">Pol\u00f4nia: Skoda Fabia<\/figcaption><\/figure>\n\t\t\t\t<\/div>\n<div class='one_half last'>\n\t\t\t\t\t<figure id=\"attachment_40022\" aria-describedby=\"caption-attachment-40022\" style=\"width: 270px\" class=\"wp-caption aligncenter\"><a href=\"https:\/\/autolivraria.com.br\/bc\/wp-content\/uploads\/2014\/02\/Renault-Clio.jpg\"><img decoding=\"async\" class=\"size-meia-largura-post wp-image-40022 lazyload\" alt=\"Portugal: Renault Clio\" data-src=\"https:\/\/autolivraria.com.br\/bc\/wp-content\/uploads\/2014\/02\/Renault-Clio-270x179.jpg\" width=\"270\" height=\"179\" data-srcset=\"https:\/\/autolivraria.com.br\/bc\/wp-content\/uploads\/2014\/02\/Renault-Clio-270x179.jpg 270w, https:\/\/autolivraria.com.br\/bc\/wp-content\/uploads\/2014\/02\/Renault-Clio-560x373.jpg 560w, https:\/\/autolivraria.com.br\/bc\/wp-content\/uploads\/2014\/02\/Renault-Clio-470x313.jpg 470w, https:\/\/autolivraria.com.br\/bc\/wp-content\/uploads\/2014\/02\/Renault-Clio-168x111.jpg 168w, https:\/\/autolivraria.com.br\/bc\/wp-content\/uploads\/2014\/02\/Renault-Clio.jpg 1280w\" data-sizes=\"(max-width: 270px) 100vw, 270px\" src=\"data:image\/svg+xml;base64,PHN2ZyB3aWR0aD0iMSIgaGVpZ2h0PSIxIiB4bWxucz0iaHR0cDovL3d3dy53My5vcmcvMjAwMC9zdmciPjwvc3ZnPg==\" style=\"--smush-placeholder-width: 270px; --smush-placeholder-aspect-ratio: 270\/179;\" \/><\/a><figcaption id=\"caption-attachment-40022\" class=\"wp-caption-text\">Portugal: Renault Clio<\/figcaption><\/figure>\n\t\t\t\t<\/div><div class='clear'><\/div>\n<p>&nbsp;<\/p>\n<h2>Pol\u00f4nia<\/h2>\n<p>O checo Skoda Fabia, um hatch compacto, superou por pequena margem o modelo maior Octavia da mesma marca, ambos com 3,5% de participa\u00e7\u00e3o nas vendas daquele mercado, que somaram 328 mil ve\u00edculos no ano passado. Na sequ\u00eancia at\u00e9 o 5\u00ba. vieram Ford Focus, Toyota Yaris e VW Golf.<\/p>\n<p>&nbsp;<\/p>\n<h2>Portugal<\/h2>\n<p>O mercado em recupera\u00e7\u00e3o depois de quedas acentuadas registrou quase 106 mil carros vendidos em 2013. O novo Clio foi o preferido, com 5,5% de participa\u00e7\u00e3o, seguido por Peugeot 208, VW Polo e Renault M\u00e9gane.<\/p>\n<table border=\"0\">\n<tbody>\n<tr>\n<td><a href='https:\/\/autolivraria.com.br\/bc\/divirta-se\/curiosidades\/mais-vendidos-os-carros-que-lideram-em-50-paises\/5\/' class='small-button smallsilver'>Pr\u00f3xima parte<\/a><\/td>\n<\/tr>\n<\/tbody>\n<\/table>\n<p>&nbsp;<\/p>\n<p>&nbsp;<\/p>\n<p><!--nextpage--><\/p>\n<figure id=\"attachment_40023\" aria-describedby=\"caption-attachment-40023\" style=\"width: 560px\" class=\"wp-caption aligncenter\"><a href=\"https:\/\/autolivraria.com.br\/bc\/wp-content\/uploads\/2014\/02\/Dacia-Logan-02.jpg\"><img decoding=\"async\" class=\"size-medium wp-image-40023 lazyload\" alt=\"Rom\u00eania: Dacia Logan\" data-src=\"https:\/\/autolivraria.com.br\/bc\/wp-content\/uploads\/2014\/02\/Dacia-Logan-02-560x373.jpg\" width=\"560\" height=\"373\" data-srcset=\"https:\/\/autolivraria.com.br\/bc\/wp-content\/uploads\/2014\/02\/Dacia-Logan-02-560x373.jpg 560w, https:\/\/autolivraria.com.br\/bc\/wp-content\/uploads\/2014\/02\/Dacia-Logan-02-470x313.jpg 470w, https:\/\/autolivraria.com.br\/bc\/wp-content\/uploads\/2014\/02\/Dacia-Logan-02-270x179.jpg 270w, https:\/\/autolivraria.com.br\/bc\/wp-content\/uploads\/2014\/02\/Dacia-Logan-02-168x111.jpg 168w, https:\/\/autolivraria.com.br\/bc\/wp-content\/uploads\/2014\/02\/Dacia-Logan-02.jpg 1280w\" data-sizes=\"(max-width: 560px) 100vw, 560px\" src=\"data:image\/svg+xml;base64,PHN2ZyB3aWR0aD0iMSIgaGVpZ2h0PSIxIiB4bWxucz0iaHR0cDovL3d3dy53My5vcmcvMjAwMC9zdmciPjwvc3ZnPg==\" style=\"--smush-placeholder-width: 560px; --smush-placeholder-aspect-ratio: 560\/373;\" \/><\/a><figcaption id=\"caption-attachment-40023\" class=\"wp-caption-text\">Rom\u00eania: Dacia Logan<\/figcaption><\/figure>\n<p>&nbsp;<\/p>\n<h2>Rep\u00fablica Checa<\/h2>\n<p>Como se espera, a marca local Skoda domina o mercado por larga margem, com mais de 30% de participa\u00e7\u00e3o, cerca do triplo da vice-l\u00edder Hyundai. O m\u00e9dio Octavia foi o modelo mais vendido no ano passado, com 11% de um mercado de 164 mil ve\u00edculos, seguido por outros dois Skodas: o pequeno Fabia e o m\u00e9dio Rapid. Na sequ\u00eancia v\u00eam o <a href=\"https:\/\/autolivraria.com.br\/bc\/tag\/i30\">Hyundai I30<\/a> de fabrica\u00e7\u00e3o local e, em 5\u00ba., o VW Golf.<\/p>\n<p>&nbsp;<\/p>\n<h2>Rom\u00eania<\/h2>\n<p>Os mais vendidos por l\u00e1 s\u00f3 poderiam ser carros Dacia, o bra\u00e7o romeno da Renault. De fato, do encolhido mercado de 57 mil unidades em 2013 (pior resultado em 20 anos), a marca superou 30% de participa\u00e7\u00e3o e manteve o Logan na lideran\u00e7a pelo nono ano consecutivo \u2014 ele n\u00e3o saiu de l\u00e1 uma \u00fanica vez desde seu lan\u00e7amento em 2004. Outro Dacia, o Duster, vem em 2\u00aa. posi\u00e7\u00e3o, seguido pelo Skoda Octavia e o Dacia Sandero.<\/p>\n<p>&nbsp;<\/p>\n<div class='one_half'>\n\t\t\t\t\t<figure id=\"attachment_40024\" aria-describedby=\"caption-attachment-40024\" style=\"width: 270px\" class=\"wp-caption aligncenter\"><a href=\"https:\/\/autolivraria.com.br\/bc\/wp-content\/uploads\/2014\/02\/Lada-Granta.jpg\"><img decoding=\"async\" class=\"size-meia-largura-post wp-image-40024 lazyload\" alt=\"R\u00fassia: Lada Granta\" data-src=\"https:\/\/autolivraria.com.br\/bc\/wp-content\/uploads\/2014\/02\/Lada-Granta-270x179.jpg\" width=\"270\" height=\"179\" data-srcset=\"https:\/\/autolivraria.com.br\/bc\/wp-content\/uploads\/2014\/02\/Lada-Granta-270x179.jpg 270w, https:\/\/autolivraria.com.br\/bc\/wp-content\/uploads\/2014\/02\/Lada-Granta-560x373.jpg 560w, https:\/\/autolivraria.com.br\/bc\/wp-content\/uploads\/2014\/02\/Lada-Granta-470x313.jpg 470w, https:\/\/autolivraria.com.br\/bc\/wp-content\/uploads\/2014\/02\/Lada-Granta-168x111.jpg 168w, https:\/\/autolivraria.com.br\/bc\/wp-content\/uploads\/2014\/02\/Lada-Granta.jpg 1280w\" data-sizes=\"(max-width: 270px) 100vw, 270px\" src=\"data:image\/svg+xml;base64,PHN2ZyB3aWR0aD0iMSIgaGVpZ2h0PSIxIiB4bWxucz0iaHR0cDovL3d3dy53My5vcmcvMjAwMC9zdmciPjwvc3ZnPg==\" style=\"--smush-placeholder-width: 270px; --smush-placeholder-aspect-ratio: 270\/179;\" \/><\/a><figcaption id=\"caption-attachment-40024\" class=\"wp-caption-text\">R\u00fassia: Lada Granta<\/figcaption><\/figure>\n\t\t\t\t<\/div>\n<div class='one_half last'>\n\t\t\t\t\t<figure id=\"attachment_40025\" aria-describedby=\"caption-attachment-40025\" style=\"width: 270px\" class=\"wp-caption aligncenter\"><a href=\"https:\/\/autolivraria.com.br\/bc\/wp-content\/uploads\/2014\/02\/Fiat-500-L.jpg\"><img decoding=\"async\" class=\"size-meia-largura-post wp-image-40025 lazyload\" alt=\"S\u00e9rvia: Fiat 500 L\" data-src=\"https:\/\/autolivraria.com.br\/bc\/wp-content\/uploads\/2014\/02\/Fiat-500-L-270x179.jpg\" width=\"270\" height=\"179\" data-srcset=\"https:\/\/autolivraria.com.br\/bc\/wp-content\/uploads\/2014\/02\/Fiat-500-L-270x179.jpg 270w, https:\/\/autolivraria.com.br\/bc\/wp-content\/uploads\/2014\/02\/Fiat-500-L-560x373.jpg 560w, https:\/\/autolivraria.com.br\/bc\/wp-content\/uploads\/2014\/02\/Fiat-500-L-470x313.jpg 470w, https:\/\/autolivraria.com.br\/bc\/wp-content\/uploads\/2014\/02\/Fiat-500-L-168x111.jpg 168w, https:\/\/autolivraria.com.br\/bc\/wp-content\/uploads\/2014\/02\/Fiat-500-L.jpg 1280w\" data-sizes=\"(max-width: 270px) 100vw, 270px\" src=\"data:image\/svg+xml;base64,PHN2ZyB3aWR0aD0iMSIgaGVpZ2h0PSIxIiB4bWxucz0iaHR0cDovL3d3dy53My5vcmcvMjAwMC9zdmciPjwvc3ZnPg==\" style=\"--smush-placeholder-width: 270px; --smush-placeholder-aspect-ratio: 270\/179;\" \/><\/a><figcaption id=\"caption-attachment-40025\" class=\"wp-caption-text\">S\u00e9rvia: Fiat 500 L<\/figcaption><\/figure>\n\t\t\t\t<\/div><div class='clear'><\/div>\n<p>&nbsp;<\/p>\n<h2>R\u00fassia<\/h2>\n<p>Lembra-se da Lada? A marca russa continua firme por l\u00e1 e liderou o grande mercado (2,77 milh\u00f5es de ve\u00edculos) no ano passado com 16,4% de participa\u00e7\u00e3o, seguida de Renault e Kia. O carro mais vendido foi o Lada Granta, com 6% do mercado, seguido pelo Hyundai Solaris (nome local do sed\u00e3 m\u00e9dio-pequeno Accent), o Kia Rio, o Renault Duster e o VW Polo. At\u00e9 o 12\u00ba. lugar constam mais quatro Ladas: Kalina em 6\u00ba., Priora em 8\u00ba., Largus em 9\u00ba. e 4&#215;4 em 12\u00ba. Esse \u00eaxito ainda \u00e9 modesto perto do alcan\u00e7ado no ano anterior, quando Priora, Granta e Kalina formavam o p\u00f3dio.<\/p>\n<p>&nbsp;<\/p>\n<h2>S\u00e9rvia<\/h2>\n<p>O pequeno mercado de 22 mil ve\u00edculos merece registro pela curiosidade do modelo vencedor em 2013: a perua Fiat 500 L, produzida l\u00e1 mesmo na f\u00e1brica de Kragujevac. Com 9,2% de participa\u00e7\u00e3o, ela deixou para tr\u00e1s o Fiat Punto Classic (gera\u00e7\u00e3o de 1999, ainda em fabrica\u00e7\u00e3o local), l\u00edder em 2012, que foi seguido por tr\u00eas Skodas: Fabia, Octavia e o utilit\u00e1rio Yeti.<\/p>\n<p>&nbsp;<\/p>\n<div class='one_half'>\n\t\t\t\t\t<figure id=\"attachment_40026\" aria-describedby=\"caption-attachment-40026\" style=\"width: 270px\" class=\"wp-caption aligncenter\"><a href=\"https:\/\/autolivraria.com.br\/bc\/wp-content\/uploads\/2014\/02\/Volvo-V70.jpg\"><img decoding=\"async\" class=\"size-meia-largura-post wp-image-40026 lazyload\" alt=\"Su\u00e9cia: Volvo V70\" data-src=\"https:\/\/autolivraria.com.br\/bc\/wp-content\/uploads\/2014\/02\/Volvo-V70-270x179.jpg\" width=\"270\" height=\"179\" data-srcset=\"https:\/\/autolivraria.com.br\/bc\/wp-content\/uploads\/2014\/02\/Volvo-V70-270x179.jpg 270w, https:\/\/autolivraria.com.br\/bc\/wp-content\/uploads\/2014\/02\/Volvo-V70-560x373.jpg 560w, https:\/\/autolivraria.com.br\/bc\/wp-content\/uploads\/2014\/02\/Volvo-V70-470x313.jpg 470w, https:\/\/autolivraria.com.br\/bc\/wp-content\/uploads\/2014\/02\/Volvo-V70-168x111.jpg 168w, https:\/\/autolivraria.com.br\/bc\/wp-content\/uploads\/2014\/02\/Volvo-V70.jpg 1280w\" data-sizes=\"(max-width: 270px) 100vw, 270px\" src=\"data:image\/svg+xml;base64,PHN2ZyB3aWR0aD0iMSIgaGVpZ2h0PSIxIiB4bWxucz0iaHR0cDovL3d3dy53My5vcmcvMjAwMC9zdmciPjwvc3ZnPg==\" style=\"--smush-placeholder-width: 270px; --smush-placeholder-aspect-ratio: 270\/179;\" \/><\/a><figcaption id=\"caption-attachment-40026\" class=\"wp-caption-text\">Su\u00e9cia: Volvo V70<\/figcaption><\/figure>\n\t\t\t\t<\/div>\n<div class='one_half last'>\n\t\t\t\t\t<figure id=\"attachment_40027\" aria-describedby=\"caption-attachment-40027\" style=\"width: 270px\" class=\"wp-caption aligncenter\"><a href=\"https:\/\/autolivraria.com.br\/bc\/wp-content\/uploads\/2014\/02\/Skoda-Octavia-02.jpg\"><img decoding=\"async\" class=\"size-meia-largura-post wp-image-40027 lazyload\" alt=\"Su\u00ed\u00e7a: Skoda Octavia\" data-src=\"https:\/\/autolivraria.com.br\/bc\/wp-content\/uploads\/2014\/02\/Skoda-Octavia-02-270x179.jpg\" width=\"270\" height=\"179\" data-srcset=\"https:\/\/autolivraria.com.br\/bc\/wp-content\/uploads\/2014\/02\/Skoda-Octavia-02-270x179.jpg 270w, https:\/\/autolivraria.com.br\/bc\/wp-content\/uploads\/2014\/02\/Skoda-Octavia-02-560x373.jpg 560w, https:\/\/autolivraria.com.br\/bc\/wp-content\/uploads\/2014\/02\/Skoda-Octavia-02-470x313.jpg 470w, https:\/\/autolivraria.com.br\/bc\/wp-content\/uploads\/2014\/02\/Skoda-Octavia-02-168x111.jpg 168w, https:\/\/autolivraria.com.br\/bc\/wp-content\/uploads\/2014\/02\/Skoda-Octavia-02.jpg 1280w\" data-sizes=\"(max-width: 270px) 100vw, 270px\" src=\"data:image\/svg+xml;base64,PHN2ZyB3aWR0aD0iMSIgaGVpZ2h0PSIxIiB4bWxucz0iaHR0cDovL3d3dy53My5vcmcvMjAwMC9zdmciPjwvc3ZnPg==\" style=\"--smush-placeholder-width: 270px; --smush-placeholder-aspect-ratio: 270\/179;\" \/><\/a><figcaption id=\"caption-attachment-40027\" class=\"wp-caption-text\">Su\u00ed\u00e7a: Skoda Octavia<\/figcaption><\/figure>\n\t\t\t\t<\/div><div class='clear'><\/div>\n<p>&nbsp;<\/p>\n<h2>Su\u00e9cia<\/h2>\n<p>Europeus gostam de peruas e a fria Su\u00e9cia \u00e9 um exemplo t\u00edpico: a <a href=\"https:\/\/autolivraria.com.br\/bc\/tag\/v70\">Volvo V70<\/a> foi o carro mais vendido por l\u00e1 em 2013, com 7,5% de participa\u00e7\u00e3o em um mercado de 269 mil ve\u00edculos. Foi nada menos que a 17\u00aa.\u00a0vit\u00f3ria consecutiva do modelo, desde 1997, a mais longeva lideran\u00e7a de um carro na Su\u00e9cia. A ordem at\u00e9 o 5\u00ba. lugar segue com VW Passat, <a href=\"https:\/\/autolivraria.com.br\/bc\/tag\/s60\">Volvo S60\/V60<\/a>, VW Golf e Volvo V40.<\/p>\n<p>&nbsp;<\/p>\n<div class='code-block code-block-7' style='margin: 28px auto; text-align: center; display: block; clear: both;'>\n<br>\n<div align=\"center\">\n<a target=\"_blank\" href=\"https:\/\/bestcars.com.br\/bc\/\">\n<img decoding=\"async\" data-src=\"https:\/\/bestcars.com.br\/bc\/wp-content\/uploads\/2021\/07\/Auto-Livraria-450x300-quadros.jpg\" alt=\"Auto Livraria\" src=\"data:image\/svg+xml;base64,PHN2ZyB3aWR0aD0iMSIgaGVpZ2h0PSIxIiB4bWxucz0iaHR0cDovL3d3dy53My5vcmcvMjAwMC9zdmciPjwvc3ZnPg==\" class=\"lazyload\"><\/a>\n<\/div>\n<br><\/div>\n\n<p>&nbsp;<\/p>\n<h2>Su\u00ed\u00e7a<\/h2>\n<p>Outro pa\u00eds com lideran\u00e7a do Golf, que alcan\u00e7ou o 20\u00ba. ano consecutivo nessa posi\u00e7\u00e3o, dessa vez com 4,4% de participa\u00e7\u00e3o. O mercado de quase 308 mil autom\u00f3veis viu em 2\u00ba. lugar o Skoda Octavia, seguido por VW Polo e BMW S\u00e9rie 3, este em uma de suas melhores coloca\u00e7\u00f5es mundo afora.<\/p>\n<p>&nbsp;<\/p>\n<div class='one_half'>\n\t\t\t\t\t<figure id=\"attachment_40028\" aria-describedby=\"caption-attachment-40028\" style=\"width: 270px\" class=\"wp-caption aligncenter\"><a href=\"https:\/\/autolivraria.com.br\/bc\/wp-content\/uploads\/2014\/02\/Toyota-Corolla-04.jpg\"><img decoding=\"async\" class=\"size-meia-largura-post wp-image-40028 lazyload\" alt=\"Taiwan: Toyota Corolla\" data-src=\"https:\/\/autolivraria.com.br\/bc\/wp-content\/uploads\/2014\/02\/Toyota-Corolla-04-270x179.jpg\" width=\"270\" height=\"179\" data-srcset=\"https:\/\/autolivraria.com.br\/bc\/wp-content\/uploads\/2014\/02\/Toyota-Corolla-04-270x179.jpg 270w, https:\/\/autolivraria.com.br\/bc\/wp-content\/uploads\/2014\/02\/Toyota-Corolla-04-560x373.jpg 560w, https:\/\/autolivraria.com.br\/bc\/wp-content\/uploads\/2014\/02\/Toyota-Corolla-04-470x313.jpg 470w, https:\/\/autolivraria.com.br\/bc\/wp-content\/uploads\/2014\/02\/Toyota-Corolla-04-168x111.jpg 168w, https:\/\/autolivraria.com.br\/bc\/wp-content\/uploads\/2014\/02\/Toyota-Corolla-04.jpg 1280w\" data-sizes=\"(max-width: 270px) 100vw, 270px\" src=\"data:image\/svg+xml;base64,PHN2ZyB3aWR0aD0iMSIgaGVpZ2h0PSIxIiB4bWxucz0iaHR0cDovL3d3dy53My5vcmcvMjAwMC9zdmciPjwvc3ZnPg==\" style=\"--smush-placeholder-width: 270px; --smush-placeholder-aspect-ratio: 270\/179;\" \/><\/a><figcaption id=\"caption-attachment-40028\" class=\"wp-caption-text\">Taiwan: Toyota Corolla<\/figcaption><\/figure>\n\t\t\t\t<\/div>\n<div class='one_half last'>\n\t\t\t\t\t<figure id=\"attachment_40029\" aria-describedby=\"caption-attachment-40029\" style=\"width: 270px\" class=\"wp-caption aligncenter\"><a href=\"https:\/\/autolivraria.com.br\/bc\/wp-content\/uploads\/2014\/02\/Fiat-Linea.jpg\"><img decoding=\"async\" class=\"size-meia-largura-post wp-image-40029 lazyload\" alt=\"Turquia: Fiat Linea\" data-src=\"https:\/\/autolivraria.com.br\/bc\/wp-content\/uploads\/2014\/02\/Fiat-Linea-270x179.jpg\" width=\"270\" height=\"179\" data-srcset=\"https:\/\/autolivraria.com.br\/bc\/wp-content\/uploads\/2014\/02\/Fiat-Linea-270x179.jpg 270w, https:\/\/autolivraria.com.br\/bc\/wp-content\/uploads\/2014\/02\/Fiat-Linea-560x373.jpg 560w, https:\/\/autolivraria.com.br\/bc\/wp-content\/uploads\/2014\/02\/Fiat-Linea-470x313.jpg 470w, https:\/\/autolivraria.com.br\/bc\/wp-content\/uploads\/2014\/02\/Fiat-Linea-168x111.jpg 168w, https:\/\/autolivraria.com.br\/bc\/wp-content\/uploads\/2014\/02\/Fiat-Linea.jpg 1280w\" data-sizes=\"(max-width: 270px) 100vw, 270px\" src=\"data:image\/svg+xml;base64,PHN2ZyB3aWR0aD0iMSIgaGVpZ2h0PSIxIiB4bWxucz0iaHR0cDovL3d3dy53My5vcmcvMjAwMC9zdmciPjwvc3ZnPg==\" style=\"--smush-placeholder-width: 270px; --smush-placeholder-aspect-ratio: 270\/179;\" \/><\/a><figcaption id=\"caption-attachment-40029\" class=\"wp-caption-text\">Turquia: Fiat Linea<\/figcaption><\/figure>\n\t\t\t\t<\/div><div class='clear'><\/div>\n<p>&nbsp;<\/p>\n<h2>Taiwan<\/h2>\n<p>Com quase 10% de participa\u00e7\u00e3o em um mercado de 378 mil unidades, o Toyota Corolla foi l\u00edder no pa\u00eds, onde a nova gera\u00e7\u00e3o come\u00e7ou a ser vendida em meados do ano passado. Na sequ\u00eancia vieram a perua Toyota Wish, o <a href=\"https:\/\/autolivraria.com.br\/bc\/tag\/tiida\">Nissan Tiida<\/a>, o <a href=\"https:\/\/autolivraria.com.br\/bc\/tag\/rav4\">Toyota RAV4<\/a> e o Honda CR-V. Com tr\u00eas carros entre os cinco mais vendidos, a Toyota liderou o mercado com grande folga, 30,8% de participa\u00e7\u00e3o, ante apenas 11,6% da 2\u00aa. colocada Nissan.<\/p>\n<p>&nbsp;<\/p>\n<h2>Turquia<\/h2>\n<p>Conhece um pa\u00eds onde o <a href=\"https:\/\/autolivraria.com.br\/bc\/tag\/linea\">Fiat Linea<\/a> seja o carro mais vendido? Bem-vindo ao mercado turco, que alcan\u00e7ou 853 mil unidades em 2013 e viu a segunda vit\u00f3ria do sed\u00e3 fabricado por l\u00e1 mesmo. Com participa\u00e7\u00e3o de 4,4%, superou o <a href=\"https:\/\/autolivraria.com.br\/bc\/tag\/symbol\">Renault Symbol<\/a> (vers\u00e3o do novo Logan), o <a href=\"https:\/\/autolivraria.com.br\/bc\/tag\/fluence\">Fluence<\/a>, o furg\u00e3o Ford Transit e o Focus, na ordem 2\u00ba.-5\u00ba. Embora n\u00e3o tenha um carro entre os cinco mais vendidos, a VW lidera o mercado \u00e0 frente da Ford.<\/p>\n<p>&nbsp;<\/p>\n<div class='one_half'>\n\t\t\t\t\t<figure id=\"attachment_40030\" aria-describedby=\"caption-attachment-40030\" style=\"width: 270px\" class=\"wp-caption aligncenter\"><a href=\"https:\/\/autolivraria.com.br\/bc\/wp-content\/uploads\/2014\/02\/Renault-Symbol.jpg\"><img decoding=\"async\" class=\"size-meia-largura-post wp-image-40030 lazyload\" alt=\"Tun\u00edsia: Renault Symbol\" data-src=\"https:\/\/autolivraria.com.br\/bc\/wp-content\/uploads\/2014\/02\/Renault-Symbol-270x179.jpg\" width=\"270\" height=\"179\" data-srcset=\"https:\/\/autolivraria.com.br\/bc\/wp-content\/uploads\/2014\/02\/Renault-Symbol-270x179.jpg 270w, https:\/\/autolivraria.com.br\/bc\/wp-content\/uploads\/2014\/02\/Renault-Symbol-560x373.jpg 560w, https:\/\/autolivraria.com.br\/bc\/wp-content\/uploads\/2014\/02\/Renault-Symbol-470x313.jpg 470w, https:\/\/autolivraria.com.br\/bc\/wp-content\/uploads\/2014\/02\/Renault-Symbol-168x111.jpg 168w, https:\/\/autolivraria.com.br\/bc\/wp-content\/uploads\/2014\/02\/Renault-Symbol.jpg 1280w\" data-sizes=\"(max-width: 270px) 100vw, 270px\" src=\"data:image\/svg+xml;base64,PHN2ZyB3aWR0aD0iMSIgaGVpZ2h0PSIxIiB4bWxucz0iaHR0cDovL3d3dy53My5vcmcvMjAwMC9zdmciPjwvc3ZnPg==\" style=\"--smush-placeholder-width: 270px; --smush-placeholder-aspect-ratio: 270\/179;\" \/><\/a><figcaption id=\"caption-attachment-40030\" class=\"wp-caption-text\">Tun\u00edsia: Renault Symbol<\/figcaption><\/figure>\n\t\t\t\t<\/div>\n<div class='one_half last'>\n\t\t\t\t\t<figure id=\"attachment_40031\" aria-describedby=\"caption-attachment-40031\" style=\"width: 270px\" class=\"wp-caption aligncenter\"><a href=\"https:\/\/autolivraria.com.br\/bc\/wp-content\/uploads\/2014\/02\/Chevrolet-Aveo-VE.jpg\"><img decoding=\"async\" class=\"size-meia-largura-post wp-image-40031 lazyload\" alt=\"Venezuela: Chevrolet Aveo\" data-src=\"https:\/\/autolivraria.com.br\/bc\/wp-content\/uploads\/2014\/02\/Chevrolet-Aveo-VE-270x179.jpg\" width=\"270\" height=\"179\" data-srcset=\"https:\/\/autolivraria.com.br\/bc\/wp-content\/uploads\/2014\/02\/Chevrolet-Aveo-VE-270x179.jpg 270w, https:\/\/autolivraria.com.br\/bc\/wp-content\/uploads\/2014\/02\/Chevrolet-Aveo-VE-560x373.jpg 560w, https:\/\/autolivraria.com.br\/bc\/wp-content\/uploads\/2014\/02\/Chevrolet-Aveo-VE-470x313.jpg 470w, https:\/\/autolivraria.com.br\/bc\/wp-content\/uploads\/2014\/02\/Chevrolet-Aveo-VE-168x111.jpg 168w, https:\/\/autolivraria.com.br\/bc\/wp-content\/uploads\/2014\/02\/Chevrolet-Aveo-VE.jpg 1280w\" data-sizes=\"(max-width: 270px) 100vw, 270px\" src=\"data:image\/svg+xml;base64,PHN2ZyB3aWR0aD0iMSIgaGVpZ2h0PSIxIiB4bWxucz0iaHR0cDovL3d3dy53My5vcmcvMjAwMC9zdmciPjwvc3ZnPg==\" style=\"--smush-placeholder-width: 270px; --smush-placeholder-aspect-ratio: 270\/179;\" \/><\/a><figcaption id=\"caption-attachment-40031\" class=\"wp-caption-text\">Venezuela: Chevrolet Aveo<\/figcaption><\/figure>\n\t\t\t\t<\/div><div class='clear'><\/div>\n<p>&nbsp;<\/p>\n<h2>Tun\u00edsia<\/h2>\n<p>Se n\u00e3o pelo volume (48 mil ve\u00edculos), vale um registro pelo l\u00edder: o Renault Symbol, varia\u00e7\u00e3o do novo Logan, com 8,4% de participa\u00e7\u00e3o. Seguem-se Polo, Punto, Clio e o sed\u00e3 Peugeot 301. O sucesso do Symbol levou a marca ao 1\u00ba. lugar, \u00e0 frente da Peugeot.<\/p>\n<p>&nbsp;<\/p>\n<h2>Venezuela<\/h2>\n<p>Com um mercado de 99 mil carros no ano, o pa\u00eds latino-americano teve a lideran\u00e7a do Chevrolet Aveo (oferecido como hatch e sed\u00e3), com 11,2% de participa\u00e7\u00e3o, seguido pelo Mitsubishi Lancer de antiga gera\u00e7\u00e3o e o Corolla.<\/p>\n<table border=\"0\">\n<tbody>\n<tr>\n<td><a href='https:\/\/autolivraria.com.br\/bc\/divirta-se\/curiosidades\/' class='small-button smallsilver'>Mais curiosidades<\/a><\/td>\n<\/tr>\n<\/tbody>\n<\/table>\n<p>&nbsp;<\/p>\n<div class='et-box et-shadow'>\n\t\t\t\t\t<div class='et-box-content'><h2>De olho nos n\u00fameros h\u00e1 25 anos<\/h2>\n<p><img decoding=\"async\" class=\"size-full wp-image-40033 alignright lazyload\" style=\"--smush-placeholder-width: 270px; --smush-placeholder-aspect-ratio: 270\/180;margin: 20px 15px;\" alt=\"BestSellingCarsBlog\" data-src=\"https:\/\/autolivraria.com.br\/bc\/wp-content\/uploads\/2014\/02\/BestSellingCarsBlog1.jpg\" width=\"270\" height=\"180\" data-srcset=\"https:\/\/autolivraria.com.br\/bc\/wp-content\/uploads\/2014\/02\/BestSellingCarsBlog1.jpg 270w, https:\/\/autolivraria.com.br\/bc\/wp-content\/uploads\/2014\/02\/BestSellingCarsBlog1-168x112.jpg 168w\" data-sizes=\"(max-width: 270px) 100vw, 270px\" src=\"data:image\/svg+xml;base64,PHN2ZyB3aWR0aD0iMSIgaGVpZ2h0PSIxIiB4bWxucz0iaHR0cDovL3d3dy53My5vcmcvMjAwMC9zdmciPjwvc3ZnPg==\" \/>As estat\u00edsticas apresentadas neste artigo seriam bem mais dif\u00edceis de obter se n\u00e3o fosse pelo trabalho de Matt Gasnier, um franc\u00eas que hoje mora na Austr\u00e1lia e produz desde 2010 o blog BestSellingCarsBlog (bestsellingcarsblog.com).<\/p>\n<p>Matt, que diz estudar vendas de ve\u00edculos mundo afora h\u00e1 25 anos, reuniu dados de 177 pa\u00edses, incluindo aqueles sem estat\u00edsticas oficiais, muitas vezes recorrendo a colaboradores que enviam informa\u00e7\u00f5es de revistas de cada local. O blog inclui dados hist\u00f3ricos de 68 pa\u00edses. Parte do conte\u00fado \u00e9 restrito a assinantes.<\/p><\/div><\/div>\n<p>&nbsp;<\/p>\n<p>&nbsp;<\/p>\n","protected":false},"excerpt":{"rendered":"<p>Dos maiores mercados aos mais curiosos, relacionamos os autom\u00f3veis e marcas de maior sucesso nos quatro cantos do mundo<\/p>\n","protected":false},"author":6,"featured_media":39984,"comment_status":"open","ping_status":"closed","sticky":false,"template":"","format":"standard","meta":{"_joinchat":[],"footnotes":""},"categories":[3596],"tags":[418,361,19,395,390,412,591],"class_list":["post-39932","post","type-post","status-publish","format-standard","has-post-thumbnail","hentry","category-curiosidades","tag-alemanha","tag-australia","tag-curiosidades","tag-eua","tag-italia","tag-japao","tag-mercado"],"amp_enabled":true,"_links":{"self":[{"href":"https:\/\/autolivraria.com.br\/bc\/wp-json\/wp\/v2\/posts\/39932","targetHints":{"allow":["GET"]}}],"collection":[{"href":"https:\/\/autolivraria.com.br\/bc\/wp-json\/wp\/v2\/posts"}],"about":[{"href":"https:\/\/autolivraria.com.br\/bc\/wp-json\/wp\/v2\/types\/post"}],"author":[{"embeddable":true,"href":"https:\/\/autolivraria.com.br\/bc\/wp-json\/wp\/v2\/users\/6"}],"replies":[{"embeddable":true,"href":"https:\/\/autolivraria.com.br\/bc\/wp-json\/wp\/v2\/comments?post=39932"}],"version-history":[{"count":0,"href":"https:\/\/autolivraria.com.br\/bc\/wp-json\/wp\/v2\/posts\/39932\/revisions"}],"wp:featuredmedia":[{"embeddable":true,"href":"https:\/\/autolivraria.com.br\/bc\/wp-json\/wp\/v2\/media\/39984"}],"wp:attachment":[{"href":"https:\/\/autolivraria.com.br\/bc\/wp-json\/wp\/v2\/media?parent=39932"}],"wp:term":[{"taxonomy":"category","embeddable":true,"href":"https:\/\/autolivraria.com.br\/bc\/wp-json\/wp\/v2\/categories?post=39932"},{"taxonomy":"post_tag","embeddable":true,"href":"https:\/\/autolivraria.com.br\/bc\/wp-json\/wp\/v2\/tags?post=39932"}],"curies":[{"name":"wp","href":"https:\/\/api.w.org\/{rel}","templated":true}]}}