{"id":40622,"date":"2014-03-14T15:01:57","date_gmt":"2014-03-14T18:01:57","guid":{"rendered":"http:\/\/bestcars.uol.com.br\/bc\/?p=40622"},"modified":"2015-07-17T09:20:25","modified_gmt":"2015-07-17T12:20:25","slug":"renault-logan-toyota-etios-vw-voyage-como-o-brasileiro-gosta","status":"publish","type":"post","link":"https:\/\/autolivraria.com.br\/bc\/informe-se\/avaliacao\/comparativo\/renault-logan-toyota-etios-vw-voyage-como-o-brasileiro-gosta\/","title":{"rendered":"Logan vs. Etios vs. Voyage: como o brasileiro gosta"},"content":{"rendered":"<p><a href=\"https:\/\/autolivraria.com.br\/bc\/wp-content\/uploads\/2014\/03\/Logan-x-Etios-x-Voyage.jpg\"><img fetchpriority=\"high\" decoding=\"async\" class=\"aligncenter size-medium wp-image-41566\" src=\"https:\/\/autolivraria.com.br\/bc\/wp-content\/uploads\/2014\/03\/Logan-x-Etios-x-Voyage-560x373.jpg\" alt=\"Logan vs. Etios vs. Voyage\" width=\"560\" height=\"373\" srcset=\"https:\/\/autolivraria.com.br\/bc\/wp-content\/uploads\/2014\/03\/Logan-x-Etios-x-Voyage-560x373.jpg 560w, https:\/\/autolivraria.com.br\/bc\/wp-content\/uploads\/2014\/03\/Logan-x-Etios-x-Voyage-470x313.jpg 470w, https:\/\/autolivraria.com.br\/bc\/wp-content\/uploads\/2014\/03\/Logan-x-Etios-x-Voyage-270x179.jpg 270w, https:\/\/autolivraria.com.br\/bc\/wp-content\/uploads\/2014\/03\/Logan-x-Etios-x-Voyage-168x111.jpg 168w, https:\/\/autolivraria.com.br\/bc\/wp-content\/uploads\/2014\/03\/Logan-x-Etios-x-Voyage.jpg 1280w\" sizes=\"(max-width: 560px) 100vw, 560px\" \/><\/a><\/p>\n<p>&nbsp;<\/p>\n<h2>Com projetos simples, esses sed\u00e3s compactos concorrem por<br \/>\nsua\u00a0prefer\u00eancia com diferentes qualidades na faixa at\u00e9 R$ 50 mil<\/h2>\n<p><em>Texto e fotos: Fabr\u00edcio Samah\u00e1<\/em><\/p>\n<p>&nbsp;<\/p>\n<p>Sed\u00e3s compactos s\u00e3o, por defini\u00e7\u00e3o, um tipo de carro para pa\u00edses emergentes. O dito Primeiro Mundo costuma optar pela praticidade e efici\u00eancia dos hatchbacks e das peruas ou, no caso dos Estados Unidos, praticamente come\u00e7a seu leque de sed\u00e3s naqueles que chamamos de m\u00e9dios. Vez ou outra aparecem sed\u00e3s de pequeno porte por l\u00e1, mas uma participa\u00e7\u00e3o de mercado expressiva eles s\u00f3 alcan\u00e7am em pa\u00edses como&#8230; o Brasil.<\/p>\n<p>Aqui eles s\u00e3o a solu\u00e7\u00e3o para muitas fam\u00edlias: por valores pouco mais altos que os dos hatches, oferecem amplo espa\u00e7o para bagagem \u2014 n\u00e3o raro, mais que em sed\u00e3s m\u00e9dios e at\u00e9 grandes. Nos \u00faltimos anos, em vez de apenas acrescentar um porta-malas saliente aos modelos de dois volumes, os fabricantes t\u00eam desenvolvido sed\u00e3s com maior dist\u00e2ncia entre eixos a fim de ampliar tamb\u00e9m o espa\u00e7o para os passageiros. Hoje \u00e9 poss\u00edvel acomodar-se em um sed\u00e3 compacto quase t\u00e3o bem quanto em um m\u00e9dio.<\/p>\n<p>&nbsp;<\/p>\n<div class='one_third'>\n\t\t\t\t\t<a href=\"https:\/\/autolivraria.com.br\/bc\/wp-content\/uploads\/2014\/02\/Renault-Logan-Dynamique-logo2.jpg\"><img decoding=\"async\" class=\"aligncenter size-thumbnail wp-image-40705 lazyload\" data-src=\"https:\/\/autolivraria.com.br\/bc\/wp-content\/uploads\/2014\/02\/Renault-Logan-Dynamique-logo2-168x168.jpg\" alt=\"Renault Logan Dynamique\" width=\"168\" height=\"168\" data-srcset=\"https:\/\/autolivraria.com.br\/bc\/wp-content\/uploads\/2014\/02\/Renault-Logan-Dynamique-logo2-168x168.jpg 168w, https:\/\/autolivraria.com.br\/bc\/wp-content\/uploads\/2014\/02\/Renault-Logan-Dynamique-logo2-560x560.jpg 560w, https:\/\/autolivraria.com.br\/bc\/wp-content\/uploads\/2014\/02\/Renault-Logan-Dynamique-logo2-470x470.jpg 470w, https:\/\/autolivraria.com.br\/bc\/wp-content\/uploads\/2014\/02\/Renault-Logan-Dynamique-logo2-270x270.jpg 270w, https:\/\/autolivraria.com.br\/bc\/wp-content\/uploads\/2014\/02\/Renault-Logan-Dynamique-logo2-100x100.jpg 100w, https:\/\/autolivraria.com.br\/bc\/wp-content\/uploads\/2014\/02\/Renault-Logan-Dynamique-logo2.jpg 640w\" data-sizes=\"(max-width: 168px) 100vw, 168px\" src=\"data:image\/svg+xml;base64,PHN2ZyB3aWR0aD0iMSIgaGVpZ2h0PSIxIiB4bWxucz0iaHR0cDovL3d3dy53My5vcmcvMjAwMC9zdmciPjwvc3ZnPg==\" style=\"--smush-placeholder-width: 168px; --smush-placeholder-aspect-ratio: 168\/168;\" \/><\/a>\n\t\t\t\t<\/div>\n<div class='one_third'>\n\t\t\t\t\t<a href=\"https:\/\/autolivraria.com.br\/bc\/wp-content\/uploads\/2014\/02\/Toyota-Etios-XLS-logo2.jpg\"><img decoding=\"async\" class=\"aligncenter size-thumbnail wp-image-40706 lazyload\" data-src=\"https:\/\/autolivraria.com.br\/bc\/wp-content\/uploads\/2014\/02\/Toyota-Etios-XLS-logo2-168x168.jpg\" alt=\"Toyota Etios XLS\" width=\"168\" height=\"168\" data-srcset=\"https:\/\/autolivraria.com.br\/bc\/wp-content\/uploads\/2014\/02\/Toyota-Etios-XLS-logo2-168x168.jpg 168w, https:\/\/autolivraria.com.br\/bc\/wp-content\/uploads\/2014\/02\/Toyota-Etios-XLS-logo2-560x560.jpg 560w, https:\/\/autolivraria.com.br\/bc\/wp-content\/uploads\/2014\/02\/Toyota-Etios-XLS-logo2-470x470.jpg 470w, https:\/\/autolivraria.com.br\/bc\/wp-content\/uploads\/2014\/02\/Toyota-Etios-XLS-logo2-270x270.jpg 270w, https:\/\/autolivraria.com.br\/bc\/wp-content\/uploads\/2014\/02\/Toyota-Etios-XLS-logo2-100x100.jpg 100w, https:\/\/autolivraria.com.br\/bc\/wp-content\/uploads\/2014\/02\/Toyota-Etios-XLS-logo2.jpg 640w\" data-sizes=\"(max-width: 168px) 100vw, 168px\" src=\"data:image\/svg+xml;base64,PHN2ZyB3aWR0aD0iMSIgaGVpZ2h0PSIxIiB4bWxucz0iaHR0cDovL3d3dy53My5vcmcvMjAwMC9zdmciPjwvc3ZnPg==\" style=\"--smush-placeholder-width: 168px; --smush-placeholder-aspect-ratio: 168\/168;\" \/><\/a>\n\t\t\t\t<\/div>\n<div class='one_third last'>\n\t\t\t\t\t<a href=\"https:\/\/autolivraria.com.br\/bc\/wp-content\/uploads\/2014\/02\/VW-Voyage-Selecao-logo2.jpg\"><img decoding=\"async\" class=\"aligncenter size-thumbnail wp-image-40707 lazyload\" data-src=\"https:\/\/autolivraria.com.br\/bc\/wp-content\/uploads\/2014\/02\/VW-Voyage-Selecao-logo2-168x168.jpg\" alt=\"VW Voyage Selecao\" width=\"168\" height=\"168\" data-srcset=\"https:\/\/autolivraria.com.br\/bc\/wp-content\/uploads\/2014\/02\/VW-Voyage-Selecao-logo2-168x168.jpg 168w, https:\/\/autolivraria.com.br\/bc\/wp-content\/uploads\/2014\/02\/VW-Voyage-Selecao-logo2-560x560.jpg 560w, https:\/\/autolivraria.com.br\/bc\/wp-content\/uploads\/2014\/02\/VW-Voyage-Selecao-logo2-470x470.jpg 470w, https:\/\/autolivraria.com.br\/bc\/wp-content\/uploads\/2014\/02\/VW-Voyage-Selecao-logo2-270x270.jpg 270w, https:\/\/autolivraria.com.br\/bc\/wp-content\/uploads\/2014\/02\/VW-Voyage-Selecao-logo2-100x100.jpg 100w, https:\/\/autolivraria.com.br\/bc\/wp-content\/uploads\/2014\/02\/VW-Voyage-Selecao-logo2.jpg 640w\" data-sizes=\"(max-width: 168px) 100vw, 168px\" src=\"data:image\/svg+xml;base64,PHN2ZyB3aWR0aD0iMSIgaGVpZ2h0PSIxIiB4bWxucz0iaHR0cDovL3d3dy53My5vcmcvMjAwMC9zdmciPjwvc3ZnPg==\" style=\"--smush-placeholder-width: 168px; --smush-placeholder-aspect-ratio: 168\/168;\" \/><\/a>\n\t\t\t\t<\/div><div class='clear'><\/div>\n<p>&nbsp;<\/p>\n<div class='et-box et-shadow'>\n\t\t\t\t\t<div class='et-box-content'><table id=\"table5997\" style=\"width: 100%;\" border=\"0\" cellspacing=\"0\" cellpadding=\"3\">\n<tbody>\n<tr>\n<td style=\"width: 33%;\" colspan=\"3\" valign=\"top\">\n<h1>Renault Logan\nDynamique<\/h1>\n<\/td>\n<td style=\"width: 33%;\" colspan=\"7\" valign=\"top\">\n<h1>Toyota\nEtios XLS<\/h1>\n<\/td>\n<td style=\"width: 33%;\" colspan=\"3\" valign=\"top\">\n<h1>Volkswagen\nVoyage Sele\u00e7\u00e3o<\/h1>\n<\/td>\n<\/tr>\n<tr>\n<td style=\"width: 33%;\" colspan=\"3\" valign=\"top\">4,35 m<\/td>\n<td style=\"width: 33%;\" colspan=\"7\" valign=\"top\">4,26 m<\/td>\n<td style=\"width: 33%;\" colspan=\"3\" valign=\"top\">4,21 m<\/td>\n<\/tr>\n<tr>\n<td style=\"width: 33%;\" colspan=\"3\" valign=\"top\">98\/106 cv<\/td>\n<td style=\"width: 33%;\" colspan=\"7\" valign=\"top\">92\/96,5 cv<\/td>\n<td style=\"width: 33%;\" colspan=\"3\" valign=\"top\">101\/104 cv<\/td>\n<\/tr>\n<tr>\n<td style=\"width: 33%;\" colspan=\"3\" valign=\"top\">R$ 44.250<\/td>\n<td style=\"width: 33%;\" colspan=\"7\" valign=\"top\">R$ 46.890<\/td>\n<td style=\"width: 33%;\" colspan=\"3\" valign=\"top\">R$ 50.602<\/td>\n<\/tr>\n<tr>\n<td colspan=\"13\" width=\"96%\"><span style=\"font-size: x-small;\">Pre\u00e7os p\u00fablicos sugeridos, em reais, para os carros avaliados, com poss\u00edveis opcionais<\/span><\/td>\n<\/tr>\n<\/tbody>\n<\/table><\/div><\/div>\n<p>&nbsp;<\/p>\n<p>O Renault Logan, pioneiro desses \u201cpequenos crescidos\u201d, ganhou a oposi\u00e7\u00e3o de modelos como Chevrolet Cobalt, Fiat Grand Siena, Nissan Versa e Toyota Etios sed\u00e3. Incomodada em sua zona de conforto, a marca francesa decidiu adotar na linha 2014 brasileira as formas bem mais atuais e atraentes que haviam sido apresentadas um ano antes na Europa, onde em alguns pa\u00edses o Logan \u00e9 vendido pela marca romena Dacia.<\/p>\n<p>A chegada do novo Logan \u00e9 o momento para verificar suas chances nesse renovado segmento. Para a competi\u00e7\u00e3o com a vers\u00e3o de topo da Renault, a Dynamique, chamamos o Etios \u2014 ainda n\u00e3o avaliado como sed\u00e3 \u2014 em seu acabamento XLS e o Volkswagen Voyage \u2014 em s\u00e9rie limitada Sele\u00e7\u00e3o \u2014, que n\u00e3o passava por nossa an\u00e1lise havia bons anos. Tanto o Grand Siena quanto o Versa s\u00e3o praticamente os mesmos do <a title=\"Grand Siena vs. Versa: quest\u00e3o de abordagem\" href=\"https:\/\/autolivraria.com.br\/bc\/informe-se\/avaliacao\/comparativo\/fiat-grand-siena-essence-vs-nissan-versa-sl\/\">comparativo de 2012<\/a>. Quanto ao Cobalt, vale explicar ao leitor n\u00e3o habitual que a General Motors h\u00e1 anos n\u00e3o mais cede carros para avalia\u00e7\u00e3o do <strong>Best Cars<\/strong>.<\/p>\n<p>&nbsp;<\/p>\n<div class='code-block code-block-7' style='margin: 28px auto; text-align: center; display: block; clear: both;'>\n<br>\n<div align=\"center\">\n<a target=\"_blank\" href=\"https:\/\/bestcars.com.br\/bc\/\">\n<img decoding=\"async\" data-src=\"https:\/\/bestcars.com.br\/bc\/wp-content\/uploads\/2021\/07\/Auto-Livraria-450x300-quadros.jpg\" alt=\"Auto Livraria\" src=\"data:image\/svg+xml;base64,PHN2ZyB3aWR0aD0iMSIgaGVpZ2h0PSIxIiB4bWxucz0iaHR0cDovL3d3dy53My5vcmcvMjAwMC9zdmciPjwvc3ZnPg==\" class=\"lazyload\"><\/a>\n<\/div>\n<br><\/div>\n\n<p>&nbsp;<\/p>\n<p>Os tr\u00eas modelos s\u00e3o concorrentes diretos nos quatro \u201cPs\u201d que norteiam nossos comparativos. Sua <em>proposta de uso<\/em> \u00a0\u00e9 a mesma: sed\u00e3s compactos de quatro portas com espa\u00e7o e desempenho adequados tanto ao uso urbano quanto \u00e0s viagens em fam\u00edlia, ainda que sem excessos, como se espera dessa faixa de mercado. Em <em>porte,\u00a0<\/em> a varia\u00e7\u00e3o chega a 13 cent\u00edmetros em comprimento, o que os mant\u00e9m no mesmo segmento, enquanto o entre-eixos varia 17 cm entre o menor VW e o maior Renault.<\/p>\n<p>A <em>pot\u00eancia<\/em>\u00a0 oscila pouco entre o mais modesto Etios (96,5 cv) e o l\u00edder Logan (106 cv), com Voyage (104 cv, todos com \u00e1lcool) no meio-termo, em motores de 1,5 litro no Toyota e 1,6 nos demais, com quatro v\u00e1lvulas por cilindro apenas no primeiro. Quanto ao pre\u00e7o, o Etios XLS n\u00e3o oferece opcionais e custa R$ 46,9 mil; o Logan Dynamique come\u00e7a em R$ 42,1 mil, mas chega a R$ 44,2 mil com op\u00e7\u00f5es; e o Voyage Sele\u00e7\u00e3o parte de R$ 43,8 mil e alcan\u00e7a R$ 50,6 mil como avaliado.<\/p>\n<p>Os mais caros valem realmente mais? Respostas a partir da pr\u00f3xima p\u00e1gina.<\/p>\n<table border=\"0\">\n<tbody>\n<tr>\n<td><a href='https:\/\/autolivraria.com.br\/bc\/informe-se\/avaliacao\/comparativo\/renault-logan-toyota-etios-vw-voyage-como-o-brasileiro-gosta\/2\/' class='small-button smallsilver'>Pr\u00f3xima parte<\/a><\/td>\n<\/tr>\n<\/tbody>\n<\/table>\n<p>&nbsp;<\/p>\n<div class='et-box et-shadow'>\n\t\t\t\t\t<div class='et-box-content'><div class='one_half'>\n\t\t\t\t\t<ul>\n<li><a href=\"https:\/\/autolivraria.com.br\/bc\/informe-se\/avaliacao\/comparativo\/renault-logan-toyota-etios-vw-voyage-como-o-brasileiro-gosta\/2\/\">Concep\u00e7\u00e3o e estilo<\/a><\/li>\n<li><a href=\"https:\/\/autolivraria.com.br\/bc\/informe-se\/avaliacao\/comparativo\/renault-logan-toyota-etios-vw-voyage-como-o-brasileiro-gosta\/2\/#cc\">Conforto e conveni\u00eancia<\/a><\/li>\n<li><a href=\"https:\/\/autolivraria.com.br\/bc\/informe-se\/avaliacao\/comparativo\/renault-logan-toyota-etios-vw-voyage-como-o-brasileiro-gosta\/3\/#eq\">Equipamentos de s\u00e9rie e opcionais<\/a><\/li>\n<li><a href=\"https:\/\/autolivraria.com.br\/bc\/informe-se\/avaliacao\/comparativo\/renault-logan-toyota-etios-vw-voyage-como-o-brasileiro-gosta\/4\/\">Mec\u00e2nica, comportamento e seguran\u00e7a<\/a><\/li>\n<li><a href=\"https:\/\/autolivraria.com.br\/bc\/informe-se\/avaliacao\/comparativo\/renault-logan-toyota-etios-vw-voyage-como-o-brasileiro-gosta\/5\/\">Simula\u00e7\u00e3o de desempenho<\/a><\/li>\n<\/ul>\n\t\t\t\t<\/div>\n<div class='one_half last'>\n\t\t\t\t\t<ul>\n<li><a href=\"https:\/\/autolivraria.com.br\/bc\/informe-se\/avaliacao\/comparativo\/renault-logan-toyota-etios-vw-voyage-como-o-brasileiro-gosta\/5\/#ct\">Coment\u00e1rio t\u00e9cnico<\/a><\/li>\n<li><a href=\"https:\/\/autolivraria.com.br\/bc\/informe-se\/avaliacao\/comparativo\/renault-logan-toyota-etios-vw-voyage-como-o-brasileiro-gosta\/6\/\">Pre\u00e7os<\/a><\/li>\n<li><a href=\"https:\/\/autolivraria.com.br\/bc\/informe-se\/avaliacao\/comparativo\/renault-logan-toyota-etios-vw-voyage-como-o-brasileiro-gosta\/6\/\">Custo-benef\u00edcio<\/a><\/li>\n<li><a href=\"https:\/\/autolivraria.com.br\/bc\/informe-se\/avaliacao\/comparativo\/renault-logan-toyota-etios-vw-voyage-como-o-brasileiro-gosta\/6\/#nn\">Nossas notas<\/a><\/li>\n<li><a href=\"https:\/\/autolivraria.com.br\/bc\/informe-se\/avaliacao\/comparativo\/renault-logan-toyota-etios-vw-voyage-como-o-brasileiro-gosta\/6\/#ft\">Ficha t\u00e9cnica<\/a><\/li>\n<\/ul>\n\t\t\t\t<\/div><div class='clear'><\/div><\/div><\/div>\n<p>&nbsp;<\/p>\n<p>&nbsp;<\/p>\n<p><!--nextpage--><\/p>\n<div class='one_half'>\n\t\t\t\t\t<a href=\"https:\/\/autolivraria.com.br\/bc\/wp-content\/uploads\/2014\/02\/Renault-Logan-Dynamique-05.jpg\"><img decoding=\"async\" class=\"aligncenter size-meia-largura-post wp-image-40708 lazyload\" data-src=\"https:\/\/autolivraria.com.br\/bc\/wp-content\/uploads\/2014\/02\/Renault-Logan-Dynamique-05-270x179.jpg\" alt=\"Renault Logan Dynamique\" width=\"270\" height=\"179\" data-srcset=\"https:\/\/autolivraria.com.br\/bc\/wp-content\/uploads\/2014\/02\/Renault-Logan-Dynamique-05-270x179.jpg 270w, https:\/\/autolivraria.com.br\/bc\/wp-content\/uploads\/2014\/02\/Renault-Logan-Dynamique-05-560x373.jpg 560w, https:\/\/autolivraria.com.br\/bc\/wp-content\/uploads\/2014\/02\/Renault-Logan-Dynamique-05-470x313.jpg 470w, https:\/\/autolivraria.com.br\/bc\/wp-content\/uploads\/2014\/02\/Renault-Logan-Dynamique-05-168x111.jpg 168w, https:\/\/autolivraria.com.br\/bc\/wp-content\/uploads\/2014\/02\/Renault-Logan-Dynamique-05.jpg 1280w\" data-sizes=\"(max-width: 270px) 100vw, 270px\" src=\"data:image\/svg+xml;base64,PHN2ZyB3aWR0aD0iMSIgaGVpZ2h0PSIxIiB4bWxucz0iaHR0cDovL3d3dy53My5vcmcvMjAwMC9zdmciPjwvc3ZnPg==\" style=\"--smush-placeholder-width: 270px; --smush-placeholder-aspect-ratio: 270\/179;\" \/><\/a>\n\t\t\t\t<\/div>\n<div class='one_half last'>\n\t\t\t\t\t<a href=\"https:\/\/autolivraria.com.br\/bc\/wp-content\/uploads\/2014\/02\/Toyota-Etios-XLS-05.jpg\"><img decoding=\"async\" class=\"aligncenter size-meia-largura-post wp-image-40709 lazyload\" data-src=\"https:\/\/autolivraria.com.br\/bc\/wp-content\/uploads\/2014\/02\/Toyota-Etios-XLS-05-270x179.jpg\" alt=\"Toyota Etios XLS\" width=\"270\" height=\"179\" data-srcset=\"https:\/\/autolivraria.com.br\/bc\/wp-content\/uploads\/2014\/02\/Toyota-Etios-XLS-05-270x179.jpg 270w, https:\/\/autolivraria.com.br\/bc\/wp-content\/uploads\/2014\/02\/Toyota-Etios-XLS-05-560x373.jpg 560w, https:\/\/autolivraria.com.br\/bc\/wp-content\/uploads\/2014\/02\/Toyota-Etios-XLS-05-470x313.jpg 470w, https:\/\/autolivraria.com.br\/bc\/wp-content\/uploads\/2014\/02\/Toyota-Etios-XLS-05-168x111.jpg 168w, https:\/\/autolivraria.com.br\/bc\/wp-content\/uploads\/2014\/02\/Toyota-Etios-XLS-05.jpg 1280w\" data-sizes=\"(max-width: 270px) 100vw, 270px\" src=\"data:image\/svg+xml;base64,PHN2ZyB3aWR0aD0iMSIgaGVpZ2h0PSIxIiB4bWxucz0iaHR0cDovL3d3dy53My5vcmcvMjAwMC9zdmciPjwvc3ZnPg==\" style=\"--smush-placeholder-width: 270px; --smush-placeholder-aspect-ratio: 270\/179;\" \/><\/a>\n\t\t\t\t<\/div><div class='clear'><\/div>\n<p>&nbsp;<\/p>\n<div class='one_half'>\n\t\t\t\t\t<a href=\"https:\/\/autolivraria.com.br\/bc\/wp-content\/uploads\/2014\/02\/VW-Voyage-Selecao-05.jpg\"><img decoding=\"async\" class=\"aligncenter size-meia-largura-post wp-image-40710 lazyload\" data-src=\"https:\/\/autolivraria.com.br\/bc\/wp-content\/uploads\/2014\/02\/VW-Voyage-Selecao-05-270x179.jpg\" alt=\"VW Voyage Selecao\" width=\"270\" height=\"179\" data-srcset=\"https:\/\/autolivraria.com.br\/bc\/wp-content\/uploads\/2014\/02\/VW-Voyage-Selecao-05-270x179.jpg 270w, https:\/\/autolivraria.com.br\/bc\/wp-content\/uploads\/2014\/02\/VW-Voyage-Selecao-05-560x373.jpg 560w, https:\/\/autolivraria.com.br\/bc\/wp-content\/uploads\/2014\/02\/VW-Voyage-Selecao-05-470x313.jpg 470w, https:\/\/autolivraria.com.br\/bc\/wp-content\/uploads\/2014\/02\/VW-Voyage-Selecao-05-168x111.jpg 168w, https:\/\/autolivraria.com.br\/bc\/wp-content\/uploads\/2014\/02\/VW-Voyage-Selecao-05.jpg 1280w\" data-sizes=\"(max-width: 270px) 100vw, 270px\" src=\"data:image\/svg+xml;base64,PHN2ZyB3aWR0aD0iMSIgaGVpZ2h0PSIxIiB4bWxucz0iaHR0cDovL3d3dy53My5vcmcvMjAwMC9zdmciPjwvc3ZnPg==\" style=\"--smush-placeholder-width: 270px; --smush-placeholder-aspect-ratio: 270\/179;\" \/><\/a>\n\t\t\t\t<\/div>\n<div class='one_half last'>\n\t\t\t\t\t<h6><em>Ganho importante em apar\u00eancia marca a nova gera\u00e7\u00e3o do Logan, que deixou o Etios parecendo ainda mais antigo; o Voyage, apesar das recentes mudan\u00e7as, \u00e9 um tanto discreto<\/em><\/h6>\n\t\t\t\t<\/div><div class='clear'><\/div>\n<p>&nbsp;<\/p>\n<h2>Concep\u00e7\u00e3o e estilo<\/h2>\n<p>O Logan foi o primeiro deles a surgir. Apareceu em 2004 na Europa como projeto de baixo custo, com produ\u00e7\u00e3o a cargo da romena Dacia, para ser um dos carros mais baratos daquele continente; tr\u00eas anos mais tarde come\u00e7ava a fabrica\u00e7\u00e3o em S\u00e3o Jos\u00e9 dos Pinhais, PR. A reformula\u00e7\u00e3o apresentada em 2012 aos europeus foi lan\u00e7ada aqui um ano depois. O atual Voyage nasceu do Gol, como na primeira gera\u00e7\u00e3o, sendo um projeto brasileiro apresentado em 2008 e produzido em Taubat\u00e9, SP. O Etios tamb\u00e9m veio de fora: existe na \u00cdndia desde 2010 e ganhou fabrica\u00e7\u00e3o nacional em Sorocaba, SP, em 2012.<\/p>\n<p>A Renault fez um bom trabalho ao redesenhar o Logan, que ganhou linhas harmoniosas e atuais, distantes do ar despojado e antiquado do anterior. A reforma foi ampla a ponto de aumentar a inclina\u00e7\u00e3o do para-brisa, o que concorreu para o aspecto moderno e para melhorar a aerodin\u00e2mica, antes cr\u00edtica. A maioria que opinou ao v\u00ea-lo foi bastante favor\u00e1vel.<\/p>\n<p>Mais que ao Voyage: embora mostre equil\u00edbrio de formas e tenha recebido uma traseira mais atraente na linha 2013, ainda n\u00e3o \u00e9 capaz de seduzir com suas linhas discretas. Quanto ao Etios, o que dizer? A Toyota conseguiu um desenho mais antigo e menos agrad\u00e1vel que o do pr\u00f3prio Logan inicial, com o que o modelo obteve grande rejei\u00e7\u00e3o desde o lan\u00e7amento.<\/p>\n<p>&nbsp;<\/p>\n<div class='one_half'>\n\t\t\t\t\t<a href=\"https:\/\/autolivraria.com.br\/bc\/wp-content\/uploads\/2014\/02\/Renault-Logan-Dynamique-04.jpg\"><img decoding=\"async\" class=\"aligncenter size-meia-largura-post wp-image-40711 lazyload\" data-src=\"https:\/\/autolivraria.com.br\/bc\/wp-content\/uploads\/2014\/02\/Renault-Logan-Dynamique-04-270x179.jpg\" alt=\"Renault Logan Dynamique\" width=\"270\" height=\"179\" data-srcset=\"https:\/\/autolivraria.com.br\/bc\/wp-content\/uploads\/2014\/02\/Renault-Logan-Dynamique-04-270x179.jpg 270w, https:\/\/autolivraria.com.br\/bc\/wp-content\/uploads\/2014\/02\/Renault-Logan-Dynamique-04-560x373.jpg 560w, https:\/\/autolivraria.com.br\/bc\/wp-content\/uploads\/2014\/02\/Renault-Logan-Dynamique-04-470x313.jpg 470w, https:\/\/autolivraria.com.br\/bc\/wp-content\/uploads\/2014\/02\/Renault-Logan-Dynamique-04-168x111.jpg 168w, https:\/\/autolivraria.com.br\/bc\/wp-content\/uploads\/2014\/02\/Renault-Logan-Dynamique-04.jpg 1280w\" data-sizes=\"(max-width: 270px) 100vw, 270px\" src=\"data:image\/svg+xml;base64,PHN2ZyB3aWR0aD0iMSIgaGVpZ2h0PSIxIiB4bWxucz0iaHR0cDovL3d3dy53My5vcmcvMjAwMC9zdmciPjwvc3ZnPg==\" style=\"--smush-placeholder-width: 270px; --smush-placeholder-aspect-ratio: 270\/179;\" \/><\/a>\n\t\t\t\t<\/div>\n<div class='one_half last'>\n\t\t\t\t\t<a href=\"https:\/\/autolivraria.com.br\/bc\/wp-content\/uploads\/2014\/02\/Toyota-Etios-XLS-04.jpg\"><img decoding=\"async\" class=\"aligncenter size-meia-largura-post wp-image-40712 lazyload\" data-src=\"https:\/\/autolivraria.com.br\/bc\/wp-content\/uploads\/2014\/02\/Toyota-Etios-XLS-04-270x179.jpg\" alt=\"Toyota Etios XLS\" width=\"270\" height=\"179\" data-srcset=\"https:\/\/autolivraria.com.br\/bc\/wp-content\/uploads\/2014\/02\/Toyota-Etios-XLS-04-270x179.jpg 270w, https:\/\/autolivraria.com.br\/bc\/wp-content\/uploads\/2014\/02\/Toyota-Etios-XLS-04-560x373.jpg 560w, https:\/\/autolivraria.com.br\/bc\/wp-content\/uploads\/2014\/02\/Toyota-Etios-XLS-04-470x313.jpg 470w, https:\/\/autolivraria.com.br\/bc\/wp-content\/uploads\/2014\/02\/Toyota-Etios-XLS-04-168x111.jpg 168w, https:\/\/autolivraria.com.br\/bc\/wp-content\/uploads\/2014\/02\/Toyota-Etios-XLS-04.jpg 1280w\" data-sizes=\"(max-width: 270px) 100vw, 270px\" src=\"data:image\/svg+xml;base64,PHN2ZyB3aWR0aD0iMSIgaGVpZ2h0PSIxIiB4bWxucz0iaHR0cDovL3d3dy53My5vcmcvMjAwMC9zdmciPjwvc3ZnPg==\" style=\"--smush-placeholder-width: 270px; --smush-placeholder-aspect-ratio: 270\/179;\" \/><\/a>\n\t\t\t\t<\/div><div class='clear'><\/div>\n<p>&nbsp;<\/p>\n<div class='one_half'>\n\t\t\t\t\t<a href=\"https:\/\/autolivraria.com.br\/bc\/wp-content\/uploads\/2014\/02\/VW-Voyage-Selecao-04.jpg\"><img decoding=\"async\" class=\"aligncenter size-meia-largura-post wp-image-40713 lazyload\" data-src=\"https:\/\/autolivraria.com.br\/bc\/wp-content\/uploads\/2014\/02\/VW-Voyage-Selecao-04-270x179.jpg\" alt=\"VW Voyage Selecao\" width=\"270\" height=\"179\" data-srcset=\"https:\/\/autolivraria.com.br\/bc\/wp-content\/uploads\/2014\/02\/VW-Voyage-Selecao-04-270x179.jpg 270w, https:\/\/autolivraria.com.br\/bc\/wp-content\/uploads\/2014\/02\/VW-Voyage-Selecao-04-560x373.jpg 560w, https:\/\/autolivraria.com.br\/bc\/wp-content\/uploads\/2014\/02\/VW-Voyage-Selecao-04-470x313.jpg 470w, https:\/\/autolivraria.com.br\/bc\/wp-content\/uploads\/2014\/02\/VW-Voyage-Selecao-04-168x111.jpg 168w, https:\/\/autolivraria.com.br\/bc\/wp-content\/uploads\/2014\/02\/VW-Voyage-Selecao-04.jpg 1280w\" data-sizes=\"(max-width: 270px) 100vw, 270px\" src=\"data:image\/svg+xml;base64,PHN2ZyB3aWR0aD0iMSIgaGVpZ2h0PSIxIiB4bWxucz0iaHR0cDovL3d3dy53My5vcmcvMjAwMC9zdmciPjwvc3ZnPg==\" style=\"--smush-placeholder-width: 270px; --smush-placeholder-aspect-ratio: 270\/179;\" \/><\/a>\n\t\t\t\t<\/div>\n<div class='one_half last'>\n\t\t\t\t\t<h6><em>Diferentes solu\u00e7\u00f5es de estilo tamb\u00e9m na traseira, mas sempre com a placa no para-choque; em aerodin\u00e2mica o Logan decepciona, mesmo tendo melhorado com a reformula\u00e7\u00e3o<\/em><\/h6>\n\t\t\t\t<\/div><div class='clear'><\/div>\n<p>&nbsp;<\/p>\n<p>Os tr\u00eas mostram v\u00e3os de carroceria regulares, sem os defeitos que se notam em alguns carros pequenos, sendo os do VW os menores; os do Toyota fogem ao padr\u00e3o japon\u00eas de v\u00e3os m\u00ednimos, o que \u00e9 compreens\u00edvel pelo foco no menor custo de produ\u00e7\u00e3o. Em aerodin\u00e2mica, empate t\u00e9cnico entre o <a href=\"https:\/\/autolivraria.com.br\/bc\/glossario-c\/#cx\">Cx<\/a>\u00a0do Etios (0,31) e o do Voyage (0,313). Embora tenha melhorado de 0,37 para 0,34, o do Logan continua bem atr\u00e1s e um tanto alto para os padr\u00f5es de hoje. Considerada a \u00e1rea frontal, o VW sai \u00e0 frente com o \u00edndice de 0,704, seguido pelo Toyota (0,735) e o Renault ainda mais distante (0,836).<\/p>\n<p>&nbsp;<\/p>\n<blockquote><p>A Renault fez um bom trabalho ao redesenhar<br \/>\no Logan, que ganhou linhas harmoniosas e atuais,<br \/>\nante o ar despojado e antiquado do anterior<\/p><\/blockquote>\n<p>&nbsp;<\/p>\n<h2>Conforto e conveni\u00eancia<\/h2>\n<p>O Logan melhorou a olhos vistos tamb\u00e9m no aspecto interno, deixando o Voyage para tr\u00e1s: adotou formas agrad\u00e1veis, ainda que use materiais simples e pl\u00e1sticos r\u00edgidos como os advers\u00e1rios. H\u00e1 um novo padr\u00e3o de revestimento dos bancos dianteiros na vers\u00e3o Dynamique, com tecido que dispensa a habitual costura entre a se\u00e7\u00e3o central e as laterais, mas o resultado \u00e9 menos expressivo do que se espera: continua um tecido \u00e1spero, t\u00edpico de carros de baixo custo, como o dos concorrentes.<\/p>\n<p>No Voyage, o interior combina um painel sem inspira\u00e7\u00e3o a um padr\u00e3o de revestimento \u2014 na s\u00e9rie Sele\u00e7\u00e3o \u2014 com relevos no formato de uma bola de futebol. O conjunto impressiona menos que o do Renault, mas n\u00e3o incomoda. O Toyota fica mais uma vez longe dos oponentes: mesmo com apliques\u00a0em preto brilhante e o esportivo volante revestido em couro com base chata, adotados para 2014, a apar\u00eancia interna \u00e9 simpl\u00f3ria e as formas retas do painel chegam a ser desagrad\u00e1veis, sem falar na escurid\u00e3o trazida pelo revestimento todo preto. Al\u00e9m disso, como no Logan, h\u00e1 mais parafusos aparentes do que seria aceit\u00e1vel.<\/p>\n<p>&nbsp;<\/p>\n<p><a href=\"https:\/\/autolivraria.com.br\/bc\/wp-content\/uploads\/2014\/02\/Renault-Logan-Dynamique-int2.jpg\"><img decoding=\"async\" class=\"aligncenter size-medium wp-image-40714 lazyload\" data-src=\"https:\/\/autolivraria.com.br\/bc\/wp-content\/uploads\/2014\/02\/Renault-Logan-Dynamique-int2-560x373.jpg\" alt=\"Renault Logan Dynamique\" width=\"560\" height=\"373\" data-srcset=\"https:\/\/autolivraria.com.br\/bc\/wp-content\/uploads\/2014\/02\/Renault-Logan-Dynamique-int2-560x373.jpg 560w, https:\/\/autolivraria.com.br\/bc\/wp-content\/uploads\/2014\/02\/Renault-Logan-Dynamique-int2-470x313.jpg 470w, https:\/\/autolivraria.com.br\/bc\/wp-content\/uploads\/2014\/02\/Renault-Logan-Dynamique-int2-270x179.jpg 270w, https:\/\/autolivraria.com.br\/bc\/wp-content\/uploads\/2014\/02\/Renault-Logan-Dynamique-int2-168x111.jpg 168w, https:\/\/autolivraria.com.br\/bc\/wp-content\/uploads\/2014\/02\/Renault-Logan-Dynamique-int2.jpg 1280w\" data-sizes=\"(max-width: 560px) 100vw, 560px\" src=\"data:image\/svg+xml;base64,PHN2ZyB3aWR0aD0iMSIgaGVpZ2h0PSIxIiB4bWxucz0iaHR0cDovL3d3dy53My5vcmcvMjAwMC9zdmciPjwvc3ZnPg==\" style=\"--smush-placeholder-width: 560px; --smush-placeholder-aspect-ratio: 560\/373;\" \/><\/a><\/p>\n<p>&nbsp;<\/p>\n<div class='one_third'>\n\t\t\t\t\t<a href=\"https:\/\/autolivraria.com.br\/bc\/wp-content\/uploads\/2014\/02\/Renault-Logan-Dynamique-bco1.jpg\"><img decoding=\"async\" class=\"aligncenter size-size_name wp-image-40715 lazyload\" data-src=\"https:\/\/autolivraria.com.br\/bc\/wp-content\/uploads\/2014\/02\/Renault-Logan-Dynamique-bco1-168x210.jpg\" alt=\"Renault Logan Dynamique\" width=\"168\" height=\"210\" data-srcset=\"https:\/\/autolivraria.com.br\/bc\/wp-content\/uploads\/2014\/02\/Renault-Logan-Dynamique-bco1-168x210.jpg 168w, https:\/\/autolivraria.com.br\/bc\/wp-content\/uploads\/2014\/02\/Renault-Logan-Dynamique-bco1-560x700.jpg 560w, https:\/\/autolivraria.com.br\/bc\/wp-content\/uploads\/2014\/02\/Renault-Logan-Dynamique-bco1-470x587.jpg 470w, https:\/\/autolivraria.com.br\/bc\/wp-content\/uploads\/2014\/02\/Renault-Logan-Dynamique-bco1-270x337.jpg 270w, https:\/\/autolivraria.com.br\/bc\/wp-content\/uploads\/2014\/02\/Renault-Logan-Dynamique-bco1.jpg 640w\" data-sizes=\"(max-width: 168px) 100vw, 168px\" src=\"data:image\/svg+xml;base64,PHN2ZyB3aWR0aD0iMSIgaGVpZ2h0PSIxIiB4bWxucz0iaHR0cDovL3d3dy53My5vcmcvMjAwMC9zdmciPjwvc3ZnPg==\" style=\"--smush-placeholder-width: 168px; --smush-placeholder-aspect-ratio: 168\/210;\" \/><\/a>\n\t\t\t\t<\/div>\n<div class='one_third'>\n\t\t\t\t\t<a href=\"https:\/\/autolivraria.com.br\/bc\/wp-content\/uploads\/2014\/02\/Renault-Logan-Dynamique-bco2.jpg\"><img decoding=\"async\" class=\"aligncenter size-size_name wp-image-40718 lazyload\" data-src=\"https:\/\/autolivraria.com.br\/bc\/wp-content\/uploads\/2014\/02\/Renault-Logan-Dynamique-bco2-168x210.jpg\" alt=\"Renault Logan Dynamique\" width=\"168\" height=\"210\" data-srcset=\"https:\/\/autolivraria.com.br\/bc\/wp-content\/uploads\/2014\/02\/Renault-Logan-Dynamique-bco2-168x210.jpg 168w, https:\/\/autolivraria.com.br\/bc\/wp-content\/uploads\/2014\/02\/Renault-Logan-Dynamique-bco2-560x700.jpg 560w, https:\/\/autolivraria.com.br\/bc\/wp-content\/uploads\/2014\/02\/Renault-Logan-Dynamique-bco2-470x587.jpg 470w, https:\/\/autolivraria.com.br\/bc\/wp-content\/uploads\/2014\/02\/Renault-Logan-Dynamique-bco2-270x337.jpg 270w, https:\/\/autolivraria.com.br\/bc\/wp-content\/uploads\/2014\/02\/Renault-Logan-Dynamique-bco2.jpg 640w\" data-sizes=\"(max-width: 168px) 100vw, 168px\" src=\"data:image\/svg+xml;base64,PHN2ZyB3aWR0aD0iMSIgaGVpZ2h0PSIxIiB4bWxucz0iaHR0cDovL3d3dy53My5vcmcvMjAwMC9zdmciPjwvc3ZnPg==\" style=\"--smush-placeholder-width: 168px; --smush-placeholder-aspect-ratio: 168\/210;\" \/><\/a>\n\t\t\t\t<\/div>\n<div class='one_third last'>\n\t\t\t\t\t<a href=\"https:\/\/autolivraria.com.br\/bc\/wp-content\/uploads\/2014\/02\/Renault-Logan-Dynamique-cons.jpg\"><img decoding=\"async\" class=\"aligncenter size-size_name wp-image-40717 lazyload\" data-src=\"https:\/\/autolivraria.com.br\/bc\/wp-content\/uploads\/2014\/02\/Renault-Logan-Dynamique-cons-168x210.jpg\" alt=\"Renault Logan Dynamique\" width=\"168\" height=\"210\" data-srcset=\"https:\/\/autolivraria.com.br\/bc\/wp-content\/uploads\/2014\/02\/Renault-Logan-Dynamique-cons-168x210.jpg 168w, https:\/\/autolivraria.com.br\/bc\/wp-content\/uploads\/2014\/02\/Renault-Logan-Dynamique-cons-560x700.jpg 560w, https:\/\/autolivraria.com.br\/bc\/wp-content\/uploads\/2014\/02\/Renault-Logan-Dynamique-cons-470x587.jpg 470w, https:\/\/autolivraria.com.br\/bc\/wp-content\/uploads\/2014\/02\/Renault-Logan-Dynamique-cons-270x337.jpg 270w, https:\/\/autolivraria.com.br\/bc\/wp-content\/uploads\/2014\/02\/Renault-Logan-Dynamique-cons.jpg 640w\" data-sizes=\"(max-width: 168px) 100vw, 168px\" src=\"data:image\/svg+xml;base64,PHN2ZyB3aWR0aD0iMSIgaGVpZ2h0PSIxIiB4bWxucz0iaHR0cDovL3d3dy53My5vcmcvMjAwMC9zdmciPjwvc3ZnPg==\" style=\"--smush-placeholder-width: 168px; --smush-placeholder-aspect-ratio: 168\/210;\" \/><\/a>\n\t\t\t\t<\/div><div class='clear'><\/div>\n<h6 style=\"text-align: center;\"><em><span style=\"line-height: 1.5em;\"><br \/>\nMelhorou muito o aspecto interno do Logan, agora atual e mais refinado; seu<br \/>\nespa\u00e7o \u00e9 o mais generoso; os bancos dianteiros aboliram uma costura do tecido<\/span><\/em><\/h6>\n<p>&nbsp;<\/p>\n<p>Embora carros compactos tenham limita\u00e7\u00f5es para o conforto do motorista, como pedais mais deslocados para a direita, os tr\u00eas modelos s\u00e3o relativamente bons nesse quesito, com posi\u00e7\u00f5es relativas adequadas entre banco, os pedais e o volante. No Voyage, certa diverg\u00eancia entre o acelerador pr\u00f3ximo e o pedal de embreagem distante em seu fim de curso dificulta encontrar o ajuste ideal do assento.<\/p>\n<p>&nbsp;<\/p>\n<div class='code-block code-block-7' style='margin: 28px auto; text-align: center; display: block; clear: both;'>\n<script async src=\"https:\/\/pagead2.googlesyndication.com\/pagead\/js\/adsbygoogle.js\"><\/script>\n<!-- AL-quadrado -->\n<ins class=\"adsbygoogle\"\n     style=\"display:block\"\n     data-ad-client=\"ca-pub-1914799802606213\"\n     data-ad-slot=\"5683066082\"\n     data-ad-format=\"auto\"\n     data-full-width-responsive=\"true\"><\/ins>\n<script>\n     (adsbygoogle = window.adsbygoogle || []).push({});\n<\/script><\/div>\n\n<p>&nbsp;<\/p>\n<p>Ajuste de altura do banco vem no Logan e no Voyage, mas com m\u00e9todo de regulagem pouco pr\u00e1tico neste: o pr\u00f3prio peso do corpo o faz descer ou subir, o que s\u00f3 pode ser feito com o carro parado. Nos mesmos modelos\u00a0o assento curto apoia mal as coxas; nos tr\u00eas carros a caixa de roda est\u00e1 perto demais para servir de repouso para o p\u00e9 esquerdo.\u00a0No Renault e no Toyota o volante admite regulagem em altura; a VW s\u00f3 oferece tal item em outras vers\u00f5es. A regulagem de encosto \u00e9 por bot\u00e3o de girar no Voyage e por alavanca, em pontos definidos, nos demais.<\/p>\n<p>Em instrumentos, o Voyage sobressai por trazer um completo computador de bordo com duas medi\u00e7\u00f5es (s\u00f3 uma no Logan; o Etios n\u00e3o tem computador) ao lado de mostradores bem leg\u00edveis, incluindo marcador de temperatura do motor, que os concorrentes substitu\u00edram pela luz-piloto de superaquecimento. Dif\u00edcil \u00e9 ler alguns d\u00edgitos da pequena tela central digital, como hod\u00f4metros e informa\u00e7\u00f5es da m\u00fasica do sistema de \u00e1udio.<\/p>\n<p>&nbsp;<\/p>\n<p><a href=\"https:\/\/autolivraria.com.br\/bc\/wp-content\/uploads\/2014\/02\/Toyota-Etios-XLS-int2.jpg\"><img decoding=\"async\" class=\"aligncenter size-medium wp-image-40719 lazyload\" data-src=\"https:\/\/autolivraria.com.br\/bc\/wp-content\/uploads\/2014\/02\/Toyota-Etios-XLS-int2-560x373.jpg\" alt=\"Toyota Etios XLS\" width=\"560\" height=\"373\" data-srcset=\"https:\/\/autolivraria.com.br\/bc\/wp-content\/uploads\/2014\/02\/Toyota-Etios-XLS-int2-560x373.jpg 560w, https:\/\/autolivraria.com.br\/bc\/wp-content\/uploads\/2014\/02\/Toyota-Etios-XLS-int2-470x313.jpg 470w, https:\/\/autolivraria.com.br\/bc\/wp-content\/uploads\/2014\/02\/Toyota-Etios-XLS-int2-270x179.jpg 270w, https:\/\/autolivraria.com.br\/bc\/wp-content\/uploads\/2014\/02\/Toyota-Etios-XLS-int2-168x111.jpg 168w, https:\/\/autolivraria.com.br\/bc\/wp-content\/uploads\/2014\/02\/Toyota-Etios-XLS-int2.jpg 1280w\" data-sizes=\"(max-width: 560px) 100vw, 560px\" src=\"data:image\/svg+xml;base64,PHN2ZyB3aWR0aD0iMSIgaGVpZ2h0PSIxIiB4bWxucz0iaHR0cDovL3d3dy53My5vcmcvMjAwMC9zdmciPjwvc3ZnPg==\" style=\"--smush-placeholder-width: 560px; --smush-placeholder-aspect-ratio: 560\/373;\" \/><\/a><\/p>\n<p>&nbsp;<\/p>\n<div class='one_third'>\n\t\t\t\t\t<a href=\"https:\/\/autolivraria.com.br\/bc\/wp-content\/uploads\/2014\/02\/Toyota-Etios-XLS-bco1.jpg\"><img decoding=\"async\" class=\"aligncenter size-size_name wp-image-40720 lazyload\" data-src=\"https:\/\/autolivraria.com.br\/bc\/wp-content\/uploads\/2014\/02\/Toyota-Etios-XLS-bco1-168x210.jpg\" alt=\"Toyota Etios XLS\" width=\"168\" height=\"210\" data-srcset=\"https:\/\/autolivraria.com.br\/bc\/wp-content\/uploads\/2014\/02\/Toyota-Etios-XLS-bco1-168x210.jpg 168w, https:\/\/autolivraria.com.br\/bc\/wp-content\/uploads\/2014\/02\/Toyota-Etios-XLS-bco1-560x700.jpg 560w, https:\/\/autolivraria.com.br\/bc\/wp-content\/uploads\/2014\/02\/Toyota-Etios-XLS-bco1-470x587.jpg 470w, https:\/\/autolivraria.com.br\/bc\/wp-content\/uploads\/2014\/02\/Toyota-Etios-XLS-bco1-270x337.jpg 270w, https:\/\/autolivraria.com.br\/bc\/wp-content\/uploads\/2014\/02\/Toyota-Etios-XLS-bco1.jpg 640w\" data-sizes=\"(max-width: 168px) 100vw, 168px\" src=\"data:image\/svg+xml;base64,PHN2ZyB3aWR0aD0iMSIgaGVpZ2h0PSIxIiB4bWxucz0iaHR0cDovL3d3dy53My5vcmcvMjAwMC9zdmciPjwvc3ZnPg==\" style=\"--smush-placeholder-width: 168px; --smush-placeholder-aspect-ratio: 168\/210;\" \/><\/a>\n\t\t\t\t<\/div>\n<div class='one_third'>\n\t\t\t\t\t<a href=\"https:\/\/autolivraria.com.br\/bc\/wp-content\/uploads\/2014\/02\/Toyota-Etios-XLS-bco2.jpg\"><img decoding=\"async\" class=\"aligncenter size-size_name wp-image-40721 lazyload\" data-src=\"https:\/\/autolivraria.com.br\/bc\/wp-content\/uploads\/2014\/02\/Toyota-Etios-XLS-bco2-168x210.jpg\" alt=\"Toyota Etios XLS\" width=\"168\" height=\"210\" data-srcset=\"https:\/\/autolivraria.com.br\/bc\/wp-content\/uploads\/2014\/02\/Toyota-Etios-XLS-bco2-168x210.jpg 168w, https:\/\/autolivraria.com.br\/bc\/wp-content\/uploads\/2014\/02\/Toyota-Etios-XLS-bco2-560x700.jpg 560w, https:\/\/autolivraria.com.br\/bc\/wp-content\/uploads\/2014\/02\/Toyota-Etios-XLS-bco2-470x587.jpg 470w, https:\/\/autolivraria.com.br\/bc\/wp-content\/uploads\/2014\/02\/Toyota-Etios-XLS-bco2-270x337.jpg 270w, https:\/\/autolivraria.com.br\/bc\/wp-content\/uploads\/2014\/02\/Toyota-Etios-XLS-bco2.jpg 640w\" data-sizes=\"(max-width: 168px) 100vw, 168px\" src=\"data:image\/svg+xml;base64,PHN2ZyB3aWR0aD0iMSIgaGVpZ2h0PSIxIiB4bWxucz0iaHR0cDovL3d3dy53My5vcmcvMjAwMC9zdmciPjwvc3ZnPg==\" style=\"--smush-placeholder-width: 168px; --smush-placeholder-aspect-ratio: 168\/210;\" \/><\/a>\n\t\t\t\t<\/div>\n<div class='one_third last'>\n\t\t\t\t\t<a href=\"https:\/\/autolivraria.com.br\/bc\/wp-content\/uploads\/2014\/02\/Toyota-Etios-XLS-cons.jpg\"><img decoding=\"async\" class=\"aligncenter size-size_name wp-image-40722 lazyload\" data-src=\"https:\/\/autolivraria.com.br\/bc\/wp-content\/uploads\/2014\/02\/Toyota-Etios-XLS-cons-168x210.jpg\" alt=\"Toyota Etios XLS\" width=\"168\" height=\"210\" data-srcset=\"https:\/\/autolivraria.com.br\/bc\/wp-content\/uploads\/2014\/02\/Toyota-Etios-XLS-cons-168x210.jpg 168w, https:\/\/autolivraria.com.br\/bc\/wp-content\/uploads\/2014\/02\/Toyota-Etios-XLS-cons-560x700.jpg 560w, https:\/\/autolivraria.com.br\/bc\/wp-content\/uploads\/2014\/02\/Toyota-Etios-XLS-cons-470x587.jpg 470w, https:\/\/autolivraria.com.br\/bc\/wp-content\/uploads\/2014\/02\/Toyota-Etios-XLS-cons-270x337.jpg 270w, https:\/\/autolivraria.com.br\/bc\/wp-content\/uploads\/2014\/02\/Toyota-Etios-XLS-cons.jpg 640w\" data-sizes=\"(max-width: 168px) 100vw, 168px\" src=\"data:image\/svg+xml;base64,PHN2ZyB3aWR0aD0iMSIgaGVpZ2h0PSIxIiB4bWxucz0iaHR0cDovL3d3dy53My5vcmcvMjAwMC9zdmciPjwvc3ZnPg==\" style=\"--smush-placeholder-width: 168px; --smush-placeholder-aspect-ratio: 168\/210;\" \/><\/a>\n\t\t\t\t<\/div><div class='clear'><\/div>\n<h6 style=\"text-align: center;\"><em><span style=\"line-height: 1.5em;\"><br \/>\nVolante esportivo e se\u00e7\u00f5es em preto brilhante n\u00e3o disfar\u00e7am o painel simpl\u00f3rio e<br \/>\npouco pr\u00e1tico do Etios; espa\u00e7o \u00e9 amplo, mas falta ajuste de altura do banco<\/span><\/em><\/h6>\n<p>&nbsp;<\/p>\n<p>No Toyota, hod\u00f4metro e mostrador de n\u00edvel de combust\u00edvel s\u00e3o min\u00fasculos, de leitura prec\u00e1ria, e h\u00e1 quem n\u00e3o goste da posi\u00e7\u00e3o central dos instrumentos, embora para n\u00f3s seja quest\u00e3o de breve adapta\u00e7\u00e3o. O que tamb\u00e9m requer h\u00e1bito \u00e9 a indica\u00e7\u00e3o de velocidade e rota\u00e7\u00e3o, que para o motorista parece menor que para o passageiro pelo \u00e2ngulo do quadro. A ilumina\u00e7\u00e3o \u00e9 em branco nos tr\u00eas modelos (ficou no passado o padr\u00e3o em azul e vermelho da VW, que n\u00e3o permitia boa leitura).<\/p>\n<p>O controle el\u00e9trico de vidros mais completo \u00e9 o do Voyage, com <a href=\"https:\/\/autolivraria.com.br\/bc\/glossario-u\/#umto\">fun\u00e7\u00e3o um-toque<\/a> para todos (exceto para os comandos dianteiros dos vidros traseiros), sensor <a href=\"https:\/\/autolivraria.com.br\/bc\/glossario-a\/#anti\">antiesmagamento<\/a>, <a href=\"https:\/\/autolivraria.com.br\/bc\/glossario-t\/#temp\">temporizador<\/a>, abertura e fechamento (autom\u00e1tico) pelo controle remoto da chave. Nenhum desses recursos equipa os advers\u00e1rios, embora tamb\u00e9m tenham controle para os quatro vidros. No Etios h\u00e1 o problema habitual em carros de marcas japonesas: ao bloquear os bot\u00f5es traseiros, o motorista perde controle dos vidros de todos os passageiros e ainda deixa o ocupante ao lado sem a\u00e7\u00e3o sobre o pr\u00f3prio\u00a0vidro.<\/p>\n<p>Todos v\u00eam com sistema de \u00e1udio de qualidade mediana (inferior no Toyota), dotados de fun\u00e7\u00e3o MP3, comandos no volante ou junto dele e entrada USB, que deixa o aparelho conectado bem \u00e0 vista de quem passa pelo carro \u2014 seria ideal uma tomada remota. Voyage e Logan oferecem ainda conex\u00e3o auxiliar e interface\u00a0<a href=\"https:\/\/autolivraria.com.br\/bc\/glossario-b\/#blue\">Bluetooth<\/a>\u00a0para telefone celular, mas o Renault dispensa toca-CDs, o que pode desagradar a alguns. No Etios o som fica inativo sem a chave, outro padr\u00e3o japon\u00eas.<\/p>\n<table border=\"0\">\n<tbody>\n<tr>\n<td><a href='https:\/\/autolivraria.com.br\/bc\/informe-se\/avaliacao\/comparativo\/renault-logan-toyota-etios-vw-voyage-como-o-brasileiro-gosta\/3\/' class='small-button smallsilver'>Pr\u00f3xima parte<\/a><\/td>\n<\/tr>\n<\/tbody>\n<\/table>\n<p>&nbsp;<\/p>\n<p>&nbsp;<\/p>\n<p><!--nextpage--><\/p>\n<div>\n<p><a href=\"https:\/\/autolivraria.com.br\/bc\/wp-content\/uploads\/2014\/02\/VW-Voyage-Selecao-int2.jpg\"><img decoding=\"async\" class=\"aligncenter size-medium wp-image-40727 lazyload\" data-src=\"https:\/\/autolivraria.com.br\/bc\/wp-content\/uploads\/2014\/02\/VW-Voyage-Selecao-int2-560x373.jpg\" alt=\"VW Voyage Selecao\" width=\"560\" height=\"373\" data-srcset=\"https:\/\/autolivraria.com.br\/bc\/wp-content\/uploads\/2014\/02\/VW-Voyage-Selecao-int2-560x373.jpg 560w, https:\/\/autolivraria.com.br\/bc\/wp-content\/uploads\/2014\/02\/VW-Voyage-Selecao-int2-470x313.jpg 470w, https:\/\/autolivraria.com.br\/bc\/wp-content\/uploads\/2014\/02\/VW-Voyage-Selecao-int2-270x179.jpg 270w, https:\/\/autolivraria.com.br\/bc\/wp-content\/uploads\/2014\/02\/VW-Voyage-Selecao-int2-168x111.jpg 168w, https:\/\/autolivraria.com.br\/bc\/wp-content\/uploads\/2014\/02\/VW-Voyage-Selecao-int2.jpg 1280w\" data-sizes=\"(max-width: 560px) 100vw, 560px\" src=\"data:image\/svg+xml;base64,PHN2ZyB3aWR0aD0iMSIgaGVpZ2h0PSIxIiB4bWxucz0iaHR0cDovL3d3dy53My5vcmcvMjAwMC9zdmciPjwvc3ZnPg==\" style=\"--smush-placeholder-width: 560px; --smush-placeholder-aspect-ratio: 560\/373;\" \/><\/a><\/p>\n<p>&nbsp;<\/p>\n<div class='one_third'>\n\t\t\t\t\t<a href=\"https:\/\/autolivraria.com.br\/bc\/wp-content\/uploads\/2014\/02\/VW-Voyage-Selecao-bco1.jpg\"><img decoding=\"async\" class=\"aligncenter size-size_name wp-image-40725 lazyload\" data-src=\"https:\/\/autolivraria.com.br\/bc\/wp-content\/uploads\/2014\/02\/VW-Voyage-Selecao-bco1-168x210.jpg\" alt=\"VW Voyage Selecao\" width=\"168\" height=\"210\" data-srcset=\"https:\/\/autolivraria.com.br\/bc\/wp-content\/uploads\/2014\/02\/VW-Voyage-Selecao-bco1-168x210.jpg 168w, https:\/\/autolivraria.com.br\/bc\/wp-content\/uploads\/2014\/02\/VW-Voyage-Selecao-bco1-560x700.jpg 560w, https:\/\/autolivraria.com.br\/bc\/wp-content\/uploads\/2014\/02\/VW-Voyage-Selecao-bco1-470x587.jpg 470w, https:\/\/autolivraria.com.br\/bc\/wp-content\/uploads\/2014\/02\/VW-Voyage-Selecao-bco1-270x337.jpg 270w, https:\/\/autolivraria.com.br\/bc\/wp-content\/uploads\/2014\/02\/VW-Voyage-Selecao-bco1.jpg 640w\" data-sizes=\"(max-width: 168px) 100vw, 168px\" src=\"data:image\/svg+xml;base64,PHN2ZyB3aWR0aD0iMSIgaGVpZ2h0PSIxIiB4bWxucz0iaHR0cDovL3d3dy53My5vcmcvMjAwMC9zdmciPjwvc3ZnPg==\" style=\"--smush-placeholder-width: 168px; --smush-placeholder-aspect-ratio: 168\/210;\" \/><\/a>\n\t\t\t\t<\/div>\n<\/div>\n<div class='one_third'>\n\t\t\t\t\t<a href=\"https:\/\/autolivraria.com.br\/bc\/wp-content\/uploads\/2014\/02\/VW-Voyage-Selecao-bco2.jpg\"><img decoding=\"async\" class=\"aligncenter size-size_name wp-image-40726 lazyload\" data-src=\"https:\/\/autolivraria.com.br\/bc\/wp-content\/uploads\/2014\/02\/VW-Voyage-Selecao-bco2-168x210.jpg\" alt=\"VW Voyage Selecao\" width=\"168\" height=\"210\" data-srcset=\"https:\/\/autolivraria.com.br\/bc\/wp-content\/uploads\/2014\/02\/VW-Voyage-Selecao-bco2-168x210.jpg 168w, https:\/\/autolivraria.com.br\/bc\/wp-content\/uploads\/2014\/02\/VW-Voyage-Selecao-bco2-560x700.jpg 560w, https:\/\/autolivraria.com.br\/bc\/wp-content\/uploads\/2014\/02\/VW-Voyage-Selecao-bco2-470x587.jpg 470w, https:\/\/autolivraria.com.br\/bc\/wp-content\/uploads\/2014\/02\/VW-Voyage-Selecao-bco2-270x337.jpg 270w, https:\/\/autolivraria.com.br\/bc\/wp-content\/uploads\/2014\/02\/VW-Voyage-Selecao-bco2.jpg 640w\" data-sizes=\"(max-width: 168px) 100vw, 168px\" src=\"data:image\/svg+xml;base64,PHN2ZyB3aWR0aD0iMSIgaGVpZ2h0PSIxIiB4bWxucz0iaHR0cDovL3d3dy53My5vcmcvMjAwMC9zdmciPjwvc3ZnPg==\" style=\"--smush-placeholder-width: 168px; --smush-placeholder-aspect-ratio: 168\/210;\" \/><\/a>\n\t\t\t\t<\/div>\n<div class='one_third last'>\n\t\t\t\t\t<a href=\"https:\/\/autolivraria.com.br\/bc\/wp-content\/uploads\/2014\/02\/VW-Voyage-Selecao-console.jpg\"><img decoding=\"async\" class=\"aligncenter size-size_name wp-image-40723 lazyload\" data-src=\"https:\/\/autolivraria.com.br\/bc\/wp-content\/uploads\/2014\/02\/VW-Voyage-Selecao-console-168x210.jpg\" alt=\"VW Voyage Selecao\" width=\"168\" height=\"210\" data-srcset=\"https:\/\/autolivraria.com.br\/bc\/wp-content\/uploads\/2014\/02\/VW-Voyage-Selecao-console-168x210.jpg 168w, https:\/\/autolivraria.com.br\/bc\/wp-content\/uploads\/2014\/02\/VW-Voyage-Selecao-console-560x700.jpg 560w, https:\/\/autolivraria.com.br\/bc\/wp-content\/uploads\/2014\/02\/VW-Voyage-Selecao-console-470x587.jpg 470w, https:\/\/autolivraria.com.br\/bc\/wp-content\/uploads\/2014\/02\/VW-Voyage-Selecao-console-270x337.jpg 270w, https:\/\/autolivraria.com.br\/bc\/wp-content\/uploads\/2014\/02\/VW-Voyage-Selecao-console.jpg 640w\" data-sizes=\"(max-width: 168px) 100vw, 168px\" src=\"data:image\/svg+xml;base64,PHN2ZyB3aWR0aD0iMSIgaGVpZ2h0PSIxIiB4bWxucz0iaHR0cDovL3d3dy53My5vcmcvMjAwMC9zdmciPjwvc3ZnPg==\" style=\"--smush-placeholder-width: 168px; --smush-placeholder-aspect-ratio: 168\/210;\" \/><\/a>\n\t\t\t\t<\/div><div class='clear'><\/div>\n<h6 style=\"text-align: center;\"><em>\u00a0<\/em><br \/>\n<em>Ambiente interno do Voyage \u00e9 correto e funcional, embora simples; conforto no<\/em><br \/>\n<em>banco traseiro \u00e9 sua maior limita\u00e7\u00e3o comparado aos espa\u00e7osos concorrentes<\/em><\/h6>\n<p>&nbsp;<\/p>\n<p>O Logan \u00e9 o \u00fanico a oferecer navegador como opcional de f\u00e1brica, integrado ao painel e agora em posi\u00e7\u00e3o mais alta e adequada (contudo, ainda sujeito a reflexos em algumas condi\u00e7\u00f5es, conforme a incid\u00eancia de luz na parte traseira do carro). A tela sens\u00edvel ao toque permite f\u00e1cil inser\u00e7\u00e3o do endere\u00e7o desejado.<\/p>\n<p>No mesmo painel h\u00e1 o sistema Eco2, que auxilia a dire\u00e7\u00e3o econ\u00f4mica e favor\u00e1vel ao meio ambiente, ao informar a dist\u00e2ncia percorrida sem consumo (com o motor em corte de alimenta\u00e7\u00e3o, como em declives sem acelerar) e atribuir notas ao motorista por sua forma de acelerar, antecipar manobras e trocar de marcha. O Voyage traz apenas mensagens que podem evitar consumo desnecess\u00e1rio, como n\u00e3o acelerar o carro parado e fechar janelas quando o ar-condicionado estiver ligado \u2014 mesmo que o interior esteja em brasas depois de exposto ao sol por horas&#8230;<\/p>\n<p><a href=\"https:\/\/autolivraria.com.br\/bc\/glossario-s\/esta\">Sensores de estacionamento<\/a>\u00a0na traseira equipam Logan e Voyage, com indica\u00e7\u00e3o gr\u00e1fica no r\u00e1dio deste \u00faltimo, mas a Renault deveria pintar seus pontos na cor do para-choque, pois em preto parecem improvisados. Outros bons detalhes no Logan s\u00e3o ar-condicionado com controle autom\u00e1tico, limitador e\u00a0<a href=\"https:\/\/autolivraria.com.br\/bc\/glossario-c\/#cont\">controlador de velocidade<\/a>, ma\u00e7anetas internas cromadas (mais f\u00e1ceis de ver \u00e0 noite) e indicador de temperatura externa. Como no Etios, o volante vem revestido em couro, em vez do pl\u00e1stico algo \u00e1spero do Voyage.<\/p>\n<p>&nbsp;<\/p>\n<div>\n<div class='one_third'>\n\t\t\t\t\t<a href=\"https:\/\/autolivraria.com.br\/bc\/wp-content\/uploads\/2014\/02\/Renault-Logan-Dynamique-int3.jpg\"><img decoding=\"async\" class=\"aligncenter size-size_name wp-image-40749 lazyload\" data-src=\"https:\/\/autolivraria.com.br\/bc\/wp-content\/uploads\/2014\/02\/Renault-Logan-Dynamique-int3-168x111.jpg\" alt=\"Renault Logan Dynamique\" width=\"168\" height=\"111\" data-srcset=\"https:\/\/autolivraria.com.br\/bc\/wp-content\/uploads\/2014\/02\/Renault-Logan-Dynamique-int3-168x111.jpg 168w, https:\/\/autolivraria.com.br\/bc\/wp-content\/uploads\/2014\/02\/Renault-Logan-Dynamique-int3-560x372.jpg 560w, https:\/\/autolivraria.com.br\/bc\/wp-content\/uploads\/2014\/02\/Renault-Logan-Dynamique-int3-470x312.jpg 470w, https:\/\/autolivraria.com.br\/bc\/wp-content\/uploads\/2014\/02\/Renault-Logan-Dynamique-int3-270x179.jpg 270w, https:\/\/autolivraria.com.br\/bc\/wp-content\/uploads\/2014\/02\/Renault-Logan-Dynamique-int3.jpg 640w\" data-sizes=\"(max-width: 168px) 100vw, 168px\" src=\"data:image\/svg+xml;base64,PHN2ZyB3aWR0aD0iMSIgaGVpZ2h0PSIxIiB4bWxucz0iaHR0cDovL3d3dy53My5vcmcvMjAwMC9zdmciPjwvc3ZnPg==\" style=\"--smush-placeholder-width: 168px; --smush-placeholder-aspect-ratio: 168\/111;\" \/><\/a>\n\t\t\t\t<\/div>\n<\/div>\n<div class='one_third'>\n\t\t\t\t\t<a href=\"https:\/\/autolivraria.com.br\/bc\/wp-content\/uploads\/2014\/02\/Renault-Logan-Dynamique-det02.jpg\"><img decoding=\"async\" class=\"aligncenter size-size_name wp-image-40750 lazyload\" data-src=\"https:\/\/autolivraria.com.br\/bc\/wp-content\/uploads\/2014\/02\/Renault-Logan-Dynamique-det02-168x111.jpg\" alt=\"Renault Logan Dynamique\" width=\"168\" height=\"111\" data-srcset=\"https:\/\/autolivraria.com.br\/bc\/wp-content\/uploads\/2014\/02\/Renault-Logan-Dynamique-det02-168x111.jpg 168w, https:\/\/autolivraria.com.br\/bc\/wp-content\/uploads\/2014\/02\/Renault-Logan-Dynamique-det02-560x372.jpg 560w, https:\/\/autolivraria.com.br\/bc\/wp-content\/uploads\/2014\/02\/Renault-Logan-Dynamique-det02-470x312.jpg 470w, https:\/\/autolivraria.com.br\/bc\/wp-content\/uploads\/2014\/02\/Renault-Logan-Dynamique-det02-270x179.jpg 270w, https:\/\/autolivraria.com.br\/bc\/wp-content\/uploads\/2014\/02\/Renault-Logan-Dynamique-det02.jpg 640w\" data-sizes=\"(max-width: 168px) 100vw, 168px\" src=\"data:image\/svg+xml;base64,PHN2ZyB3aWR0aD0iMSIgaGVpZ2h0PSIxIiB4bWxucz0iaHR0cDovL3d3dy53My5vcmcvMjAwMC9zdmciPjwvc3ZnPg==\" style=\"--smush-placeholder-width: 168px; --smush-placeholder-aspect-ratio: 168\/111;\" \/><\/a>\n\t\t\t\t<\/div>\n<div class='one_third last'>\n\t\t\t\t\t<a href=\"https:\/\/autolivraria.com.br\/bc\/wp-content\/uploads\/2014\/02\/Renault-Logan-Dynamique-det03.jpg\"><img decoding=\"async\" class=\"aligncenter size-size_name wp-image-40751 lazyload\" data-src=\"https:\/\/autolivraria.com.br\/bc\/wp-content\/uploads\/2014\/02\/Renault-Logan-Dynamique-det03-168x111.jpg\" alt=\"Renault Logan Dynamique\" width=\"168\" height=\"111\" data-srcset=\"https:\/\/autolivraria.com.br\/bc\/wp-content\/uploads\/2014\/02\/Renault-Logan-Dynamique-det03-168x111.jpg 168w, https:\/\/autolivraria.com.br\/bc\/wp-content\/uploads\/2014\/02\/Renault-Logan-Dynamique-det03-560x372.jpg 560w, https:\/\/autolivraria.com.br\/bc\/wp-content\/uploads\/2014\/02\/Renault-Logan-Dynamique-det03-470x312.jpg 470w, https:\/\/autolivraria.com.br\/bc\/wp-content\/uploads\/2014\/02\/Renault-Logan-Dynamique-det03-270x179.jpg 270w, https:\/\/autolivraria.com.br\/bc\/wp-content\/uploads\/2014\/02\/Renault-Logan-Dynamique-det03.jpg 640w\" data-sizes=\"(max-width: 168px) 100vw, 168px\" src=\"data:image\/svg+xml;base64,PHN2ZyB3aWR0aD0iMSIgaGVpZ2h0PSIxIiB4bWxucz0iaHR0cDovL3d3dy53My5vcmcvMjAwMC9zdmciPjwvc3ZnPg==\" style=\"--smush-placeholder-width: 168px; --smush-placeholder-aspect-ratio: 168\/111;\" \/><\/a>\n\t\t\t\t<\/div><div class='clear'><\/div>\n<p>&nbsp;<\/p>\n<div class='one_third'>\n\t\t\t\t\t<a href=\"https:\/\/autolivraria.com.br\/bc\/wp-content\/uploads\/2014\/02\/Renault-Logan-Dynamique-det05.jpg\"><img decoding=\"async\" class=\"aligncenter size-size_name wp-image-40753 lazyload\" data-src=\"https:\/\/autolivraria.com.br\/bc\/wp-content\/uploads\/2014\/02\/Renault-Logan-Dynamique-det05-168x111.jpg\" alt=\"Renault Logan Dynamique\" width=\"168\" height=\"111\" data-srcset=\"https:\/\/autolivraria.com.br\/bc\/wp-content\/uploads\/2014\/02\/Renault-Logan-Dynamique-det05-168x111.jpg 168w, https:\/\/autolivraria.com.br\/bc\/wp-content\/uploads\/2014\/02\/Renault-Logan-Dynamique-det05-560x372.jpg 560w, https:\/\/autolivraria.com.br\/bc\/wp-content\/uploads\/2014\/02\/Renault-Logan-Dynamique-det05-470x312.jpg 470w, https:\/\/autolivraria.com.br\/bc\/wp-content\/uploads\/2014\/02\/Renault-Logan-Dynamique-det05-270x179.jpg 270w, https:\/\/autolivraria.com.br\/bc\/wp-content\/uploads\/2014\/02\/Renault-Logan-Dynamique-det05.jpg 640w\" data-sizes=\"(max-width: 168px) 100vw, 168px\" src=\"data:image\/svg+xml;base64,PHN2ZyB3aWR0aD0iMSIgaGVpZ2h0PSIxIiB4bWxucz0iaHR0cDovL3d3dy53My5vcmcvMjAwMC9zdmciPjwvc3ZnPg==\" style=\"--smush-placeholder-width: 168px; --smush-placeholder-aspect-ratio: 168\/111;\" \/><\/a>\n\t\t\t\t<\/div>\n<div class='one_third'>\n\t\t\t\t\t<a href=\"https:\/\/autolivraria.com.br\/bc\/wp-content\/uploads\/2014\/02\/Renault-Logan-Dynamique-det07.jpg\"><img decoding=\"async\" class=\"aligncenter size-size_name wp-image-40754 lazyload\" data-src=\"https:\/\/autolivraria.com.br\/bc\/wp-content\/uploads\/2014\/02\/Renault-Logan-Dynamique-det07-168x111.jpg\" alt=\"Renault Logan Dynamique\" width=\"168\" height=\"111\" data-srcset=\"https:\/\/autolivraria.com.br\/bc\/wp-content\/uploads\/2014\/02\/Renault-Logan-Dynamique-det07-168x111.jpg 168w, https:\/\/autolivraria.com.br\/bc\/wp-content\/uploads\/2014\/02\/Renault-Logan-Dynamique-det07-560x372.jpg 560w, https:\/\/autolivraria.com.br\/bc\/wp-content\/uploads\/2014\/02\/Renault-Logan-Dynamique-det07-470x312.jpg 470w, https:\/\/autolivraria.com.br\/bc\/wp-content\/uploads\/2014\/02\/Renault-Logan-Dynamique-det07-270x179.jpg 270w, https:\/\/autolivraria.com.br\/bc\/wp-content\/uploads\/2014\/02\/Renault-Logan-Dynamique-det07.jpg 640w\" data-sizes=\"(max-width: 168px) 100vw, 168px\" src=\"data:image\/svg+xml;base64,PHN2ZyB3aWR0aD0iMSIgaGVpZ2h0PSIxIiB4bWxucz0iaHR0cDovL3d3dy53My5vcmcvMjAwMC9zdmciPjwvc3ZnPg==\" style=\"--smush-placeholder-width: 168px; --smush-placeholder-aspect-ratio: 168\/111;\" \/><\/a>\n\t\t\t\t<\/div>\n<div class='one_third last'>\n\t\t\t\t\t<a href=\"https:\/\/autolivraria.com.br\/bc\/wp-content\/uploads\/2014\/02\/Renault-Logan-Dynamique-det01.jpg\"><img decoding=\"async\" class=\"aligncenter size-size_name wp-image-40752 lazyload\" data-src=\"https:\/\/autolivraria.com.br\/bc\/wp-content\/uploads\/2014\/02\/Renault-Logan-Dynamique-det01-168x111.jpg\" alt=\"Renault Logan Dynamique\" width=\"168\" height=\"111\" data-srcset=\"https:\/\/autolivraria.com.br\/bc\/wp-content\/uploads\/2014\/02\/Renault-Logan-Dynamique-det01-168x111.jpg 168w, https:\/\/autolivraria.com.br\/bc\/wp-content\/uploads\/2014\/02\/Renault-Logan-Dynamique-det01-560x372.jpg 560w, https:\/\/autolivraria.com.br\/bc\/wp-content\/uploads\/2014\/02\/Renault-Logan-Dynamique-det01-470x312.jpg 470w, https:\/\/autolivraria.com.br\/bc\/wp-content\/uploads\/2014\/02\/Renault-Logan-Dynamique-det01-270x179.jpg 270w, https:\/\/autolivraria.com.br\/bc\/wp-content\/uploads\/2014\/02\/Renault-Logan-Dynamique-det01.jpg 640w\" data-sizes=\"(max-width: 168px) 100vw, 168px\" src=\"data:image\/svg+xml;base64,PHN2ZyB3aWR0aD0iMSIgaGVpZ2h0PSIxIiB4bWxucz0iaHR0cDovL3d3dy53My5vcmcvMjAwMC9zdmciPjwvc3ZnPg==\" style=\"--smush-placeholder-width: 168px; --smush-placeholder-aspect-ratio: 168\/111;\" \/><\/a>\n\t\t\t\t<\/div><div class='clear'><\/div>\n<h6 style=\"text-align: center;\"><em>\u00a0<\/em><br \/>\n<em>Logan: instrumentos bem leg\u00edveis, ar-condicionado autom\u00e1tico, limitador<\/em><br \/>\n<em>e controlador de velocidade, tela central t\u00e1til com navega\u00e7\u00e3o e<\/em><br \/>\n<em> registros para\u00a0condu\u00e7\u00e3o econ\u00f4mica, mola a g\u00e1s para sustentar o cap\u00f4<\/em><\/h6>\n<p>&nbsp;<\/p>\n<p>O Toyota destaca-se pela extens\u00e3o do ar-condicionado para o porta-luvas e o alerta para uso do cinto tamb\u00e9m pelo passageiro da frente, com sensor no assento. A favor do Voyage est\u00e3o espelhos iluminados nos para-s\u00f3is (os outros t\u00eam espelho sem luz e, no Etios, sem a necess\u00e1ria tampa no lado do motorista), repetidor digital do veloc\u00edmetro, alerta program\u00e1vel para excesso de velocidade, alarme antifurto com sensores de ultrassom, duas luzes de leitura na frente (s\u00f3 uma no Logan, nenhuma no Etios) e rebatimento autom\u00e1tico do retrovisor direito ao engatar marcha \u00e0 r\u00e9 para focalizar o meio-fio.<\/p>\n<p>&nbsp;<\/p>\n<blockquote><p>Em capacidade de bagagem a vit\u00f3ria \u00e9 do<br \/>\nEtios, com 562 litros, ante 510 do Logan e 460<br \/>\ndo Voyage; s\u00f3 no Renault h\u00e1 banco bipartido<\/p><\/blockquote>\n<p>&nbsp;<\/p>\n<p>Alguns pontos merecem revis\u00e3o pelos fabricantes. No VW o ar-condicionado \u00e9 bastante ruidoso, sobretudo em modo de recircula\u00e7\u00e3o; falta a luz indicadora de porta mal fechada; \u00e9 preciso usar chave para acesso ao tanque de combust\u00edvel e ao porta-malas (h\u00e1 comando remoto nela, mas n\u00e3o uma pr\u00e1tica alavanca na cabine, como as dos concorrentes); as portas traseiras t\u00eam uma parte de chapa exposta que seria f\u00e1cil evitar; a retra\u00e7\u00e3o dos cintos dianteiros puxa-o com for\u00e7a a ponto de golpear o vidro da porta com a fivela, ao ser liberado; e h\u00e1 tampas pl\u00e1sticas onde estariam os pinos de travas e as manivelas de vidros nas portas, caso a vers\u00e3o n\u00e3o tivesse controles el\u00e9tricos.<\/p>\n<p>No Toyota o comando para destravar o cap\u00f4 \u00e9 um bot\u00e3o ultrapassado (lembra os afogadores dos anos 70 e 80) e o painel deforma-se quando ele \u00e9 puxado, sugerindo fragilidade; far\u00f3is e luzes de posi\u00e7\u00e3o permanecem acesos ao desligar igni\u00e7\u00e3o, sem aviso mesmo ao abrir a porta; os difusores de ar centrais deslocados \u00e0 direita n\u00e3o s\u00e3o ideais e faltam temporizador da luz interna e bolsas atr\u00e1s dos encostos dianteiros. Embora o limpador de para-brisa monobra\u00e7o com mecanismo pantogr\u00e1fico atue bem, deixa sem limpar uma faixa esquerda maior que o normal. O Renault deveria ter comando uma-varrida para o limpador.<\/p>\n<p>&nbsp;<\/p>\n<div>\n<div>\n<div class='one_half'>\n\t\t\t\t\t<a href=\"https:\/\/autolivraria.com.br\/bc\/wp-content\/uploads\/2014\/02\/Toyota-Etios-XLS-int3.jpg\"><img decoding=\"async\" class=\"aligncenter size-meia-largura-post wp-image-40756 lazyload\" data-src=\"https:\/\/autolivraria.com.br\/bc\/wp-content\/uploads\/2014\/02\/Toyota-Etios-XLS-int3-270x179.jpg\" alt=\"Toyota Etios XLS\" width=\"270\" height=\"179\" data-srcset=\"https:\/\/autolivraria.com.br\/bc\/wp-content\/uploads\/2014\/02\/Toyota-Etios-XLS-int3-270x179.jpg 270w, https:\/\/autolivraria.com.br\/bc\/wp-content\/uploads\/2014\/02\/Toyota-Etios-XLS-int3-560x372.jpg 560w, https:\/\/autolivraria.com.br\/bc\/wp-content\/uploads\/2014\/02\/Toyota-Etios-XLS-int3-470x312.jpg 470w, https:\/\/autolivraria.com.br\/bc\/wp-content\/uploads\/2014\/02\/Toyota-Etios-XLS-int3-168x111.jpg 168w, https:\/\/autolivraria.com.br\/bc\/wp-content\/uploads\/2014\/02\/Toyota-Etios-XLS-int3.jpg 640w\" data-sizes=\"(max-width: 270px) 100vw, 270px\" src=\"data:image\/svg+xml;base64,PHN2ZyB3aWR0aD0iMSIgaGVpZ2h0PSIxIiB4bWxucz0iaHR0cDovL3d3dy53My5vcmcvMjAwMC9zdmciPjwvc3ZnPg==\" style=\"--smush-placeholder-width: 270px; --smush-placeholder-aspect-ratio: 270\/179;\" \/><\/a>\n\t\t\t\t<\/div>\n<div class='one_half last'>\n\t\t\t\t\t<a href=\"https:\/\/autolivraria.com.br\/bc\/wp-content\/uploads\/2014\/02\/Toyota-Etios-XLS-det02.jpg\"><img decoding=\"async\" class=\"aligncenter size-meia-largura-post wp-image-40755 lazyload\" data-src=\"https:\/\/autolivraria.com.br\/bc\/wp-content\/uploads\/2014\/02\/Toyota-Etios-XLS-det02-270x179.jpg\" alt=\"Toyota Etios XLS\" width=\"270\" height=\"179\" data-srcset=\"https:\/\/autolivraria.com.br\/bc\/wp-content\/uploads\/2014\/02\/Toyota-Etios-XLS-det02-270x179.jpg 270w, https:\/\/autolivraria.com.br\/bc\/wp-content\/uploads\/2014\/02\/Toyota-Etios-XLS-det02-560x372.jpg 560w, https:\/\/autolivraria.com.br\/bc\/wp-content\/uploads\/2014\/02\/Toyota-Etios-XLS-det02-470x312.jpg 470w, https:\/\/autolivraria.com.br\/bc\/wp-content\/uploads\/2014\/02\/Toyota-Etios-XLS-det02-168x111.jpg 168w, https:\/\/autolivraria.com.br\/bc\/wp-content\/uploads\/2014\/02\/Toyota-Etios-XLS-det02.jpg 640w\" data-sizes=\"(max-width: 270px) 100vw, 270px\" src=\"data:image\/svg+xml;base64,PHN2ZyB3aWR0aD0iMSIgaGVpZ2h0PSIxIiB4bWxucz0iaHR0cDovL3d3dy53My5vcmcvMjAwMC9zdmciPjwvc3ZnPg==\" style=\"--smush-placeholder-width: 270px; --smush-placeholder-aspect-ratio: 270\/179;\" \/><\/a>\n\t\t\t\t<\/div><div class='clear'><\/div>\n<h6 style=\"text-align: center;\"><em><span style=\"line-height: 1.5em;\"><br \/>\nEtios: mostradores centrais que requerem adapta\u00e7\u00e3o, com marcador\u00a0de<br \/>\ncombust\u00edvel e hod\u00f4metros pequenos, e refrigera\u00e7\u00e3o no\u00a0porta-luvas<\/span><\/em><\/h6>\n<\/div>\n<\/div>\n<p>&nbsp;<\/p>\n<p>Ainda, o compartimento traseiro de Logan e Etios n\u00e3o tem qualquer ilumina\u00e7\u00e3o, pois a \u00fanica luz fica na frente (imperdo\u00e1vel em sed\u00e3s, que s\u00e3o familiares por voca\u00e7\u00e3o); nenhum traz faixa degrad\u00ea no para-brisa, o que \u00e9 mais grave no Toyota, pela serigrafia insuficiente acima do retrovisor central (o VW vinha com a faixa at\u00e9 algum tempo atr\u00e1s); e o espa\u00e7o para os objetos do dia a dia deixa a desejar em todos eles, com especial cr\u00edtica ao Voyage.<\/p>\n<p>&nbsp;<\/p>\n<div class='code-block code-block-7' style='margin: 28px auto; text-align: center; display: block; clear: both;'>\n<script async src=\"https:\/\/pagead2.googlesyndication.com\/pagead\/js\/adsbygoogle.js\"><\/script>\n<!-- AL-quadrado -->\n<ins class=\"adsbygoogle\"\n     style=\"display:block\"\n     data-ad-client=\"ca-pub-1914799802606213\"\n     data-ad-slot=\"5683066082\"\n     data-ad-format=\"auto\"\n     data-full-width-responsive=\"true\"><\/ins>\n<script>\n     (adsbygoogle = window.adsbygoogle || []).push({});\n<\/script><\/div>\n\n<p>&nbsp;<\/p>\n<p>As maiores dimens\u00f5es do Logan \u2014 sobretudo largura e entre-eixos \u2014 conferem-lhe o interior mais espa\u00e7oso, capaz de acomodar cinco adultos com conforto, sendo o v\u00e3o para as pernas seu maior destaque. O Etios vem pouco atr\u00e1s, com desvantagem em largura, e o Voyage \u00e9 cr\u00edtico nesse aspecto (consequ\u00eancia esperada de ser o mais estreito por fora, com quase 8 cm a menos que o Logan) e inferior em acomoda\u00e7\u00e3o das pernas. Al\u00e9m de apertado para tr\u00eas pessoas, o VW prejudica o quinto ocupante pelo encosto mole demais, diferente do restante do banco, o que logo cansa o corpo.<\/p>\n<p>Em capacidade de bagagem a vit\u00f3ria \u00e9 do Etios, com 562 litros, ante 510 do Logan (ainda \u00f3timo para o porte do carro) e 460 do Voyage. Todas as tampas usam bra\u00e7os convencionais, que roubam espa\u00e7o e podem amassar a bagagem ao fechar. Exclusivo do Renault \u00e9 o banco traseiro com encosto bipartido, mais conveniente; o Voyage traz uma caixa com tampa que facilita organizar pequenos volumes. Em estepe, empate: todos usam pneu igual aos restantes do carro, mas com roda de a\u00e7o em vez de alum\u00ednio, e adotam a coloca\u00e7\u00e3o interna sob o assoalho \u2014 inc\u00f4moda no Voyage, pois foi mantida a posi\u00e7\u00e3o do Gol, que no sed\u00e3 ficou um tanto distante do usu\u00e1rio.<\/p>\n<div>\n<p>&nbsp;<\/p>\n<div>\n<div class='one_third'>\n\t\t\t\t\t<a href=\"https:\/\/autolivraria.com.br\/bc\/wp-content\/uploads\/2014\/02\/VW-Voyage-Selecao-instr.jpg\"><img decoding=\"async\" class=\"aligncenter size-size_name wp-image-40760 lazyload\" data-src=\"https:\/\/autolivraria.com.br\/bc\/wp-content\/uploads\/2014\/02\/VW-Voyage-Selecao-instr-168x111.jpg\" alt=\"VW Voyage Selecao\" width=\"168\" height=\"111\" data-srcset=\"https:\/\/autolivraria.com.br\/bc\/wp-content\/uploads\/2014\/02\/VW-Voyage-Selecao-instr-168x111.jpg 168w, https:\/\/autolivraria.com.br\/bc\/wp-content\/uploads\/2014\/02\/VW-Voyage-Selecao-instr-560x372.jpg 560w, https:\/\/autolivraria.com.br\/bc\/wp-content\/uploads\/2014\/02\/VW-Voyage-Selecao-instr-470x312.jpg 470w, https:\/\/autolivraria.com.br\/bc\/wp-content\/uploads\/2014\/02\/VW-Voyage-Selecao-instr-270x179.jpg 270w, https:\/\/autolivraria.com.br\/bc\/wp-content\/uploads\/2014\/02\/VW-Voyage-Selecao-instr.jpg 640w\" data-sizes=\"(max-width: 168px) 100vw, 168px\" src=\"data:image\/svg+xml;base64,PHN2ZyB3aWR0aD0iMSIgaGVpZ2h0PSIxIiB4bWxucz0iaHR0cDovL3d3dy53My5vcmcvMjAwMC9zdmciPjwvc3ZnPg==\" style=\"--smush-placeholder-width: 168px; --smush-placeholder-aspect-ratio: 168\/111;\" \/><\/a>\n\t\t\t\t<\/div>\n<\/div>\n<div class='one_third'>\n\t\t\t\t\t<a href=\"https:\/\/autolivraria.com.br\/bc\/wp-content\/uploads\/2014\/02\/VW-Voyage-Selecao-det01.jpg\"><img decoding=\"async\" class=\"aligncenter size-size_name wp-image-40761 lazyload\" data-src=\"https:\/\/autolivraria.com.br\/bc\/wp-content\/uploads\/2014\/02\/VW-Voyage-Selecao-det01-168x111.jpg\" alt=\"VW Voyage Selecao\" width=\"168\" height=\"111\" data-srcset=\"https:\/\/autolivraria.com.br\/bc\/wp-content\/uploads\/2014\/02\/VW-Voyage-Selecao-det01-168x111.jpg 168w, https:\/\/autolivraria.com.br\/bc\/wp-content\/uploads\/2014\/02\/VW-Voyage-Selecao-det01-560x372.jpg 560w, https:\/\/autolivraria.com.br\/bc\/wp-content\/uploads\/2014\/02\/VW-Voyage-Selecao-det01-470x312.jpg 470w, https:\/\/autolivraria.com.br\/bc\/wp-content\/uploads\/2014\/02\/VW-Voyage-Selecao-det01-270x179.jpg 270w, https:\/\/autolivraria.com.br\/bc\/wp-content\/uploads\/2014\/02\/VW-Voyage-Selecao-det01.jpg 640w\" data-sizes=\"(max-width: 168px) 100vw, 168px\" src=\"data:image\/svg+xml;base64,PHN2ZyB3aWR0aD0iMSIgaGVpZ2h0PSIxIiB4bWxucz0iaHR0cDovL3d3dy53My5vcmcvMjAwMC9zdmciPjwvc3ZnPg==\" style=\"--smush-placeholder-width: 168px; --smush-placeholder-aspect-ratio: 168\/111;\" \/><\/a>\n\t\t\t\t<\/div>\n<div class='one_third last'>\n\t\t\t\t\t<a href=\"https:\/\/autolivraria.com.br\/bc\/wp-content\/uploads\/2014\/02\/VW-Voyage-Selecao-det05.jpg\"><img decoding=\"async\" class=\"aligncenter size-size_name wp-image-40758 lazyload\" data-src=\"https:\/\/autolivraria.com.br\/bc\/wp-content\/uploads\/2014\/02\/VW-Voyage-Selecao-det05-168x111.jpg\" alt=\"VW Voyage Selecao\" width=\"168\" height=\"111\" data-srcset=\"https:\/\/autolivraria.com.br\/bc\/wp-content\/uploads\/2014\/02\/VW-Voyage-Selecao-det05-168x111.jpg 168w, https:\/\/autolivraria.com.br\/bc\/wp-content\/uploads\/2014\/02\/VW-Voyage-Selecao-det05-560x372.jpg 560w, https:\/\/autolivraria.com.br\/bc\/wp-content\/uploads\/2014\/02\/VW-Voyage-Selecao-det05-470x312.jpg 470w, https:\/\/autolivraria.com.br\/bc\/wp-content\/uploads\/2014\/02\/VW-Voyage-Selecao-det05-270x179.jpg 270w, https:\/\/autolivraria.com.br\/bc\/wp-content\/uploads\/2014\/02\/VW-Voyage-Selecao-det05.jpg 640w\" data-sizes=\"(max-width: 168px) 100vw, 168px\" src=\"data:image\/svg+xml;base64,PHN2ZyB3aWR0aD0iMSIgaGVpZ2h0PSIxIiB4bWxucz0iaHR0cDovL3d3dy53My5vcmcvMjAwMC9zdmciPjwvc3ZnPg==\" style=\"--smush-placeholder-width: 168px; --smush-placeholder-aspect-ratio: 168\/111;\" \/><\/a>\n\t\t\t\t<\/div><div class='clear'><\/div>\n<p>&nbsp;<\/p>\n<div class='one_third'>\n\t\t\t\t\t<a href=\"https:\/\/autolivraria.com.br\/bc\/wp-content\/uploads\/2014\/02\/VW-Voyage-Selecao-det02.jpg\"><img decoding=\"async\" class=\"aligncenter size-size_name wp-image-40762 lazyload\" data-src=\"https:\/\/autolivraria.com.br\/bc\/wp-content\/uploads\/2014\/02\/VW-Voyage-Selecao-det02-168x111.jpg\" alt=\"VW Voyage Selecao\" width=\"168\" height=\"111\" data-srcset=\"https:\/\/autolivraria.com.br\/bc\/wp-content\/uploads\/2014\/02\/VW-Voyage-Selecao-det02-168x111.jpg 168w, https:\/\/autolivraria.com.br\/bc\/wp-content\/uploads\/2014\/02\/VW-Voyage-Selecao-det02-560x372.jpg 560w, https:\/\/autolivraria.com.br\/bc\/wp-content\/uploads\/2014\/02\/VW-Voyage-Selecao-det02-470x312.jpg 470w, https:\/\/autolivraria.com.br\/bc\/wp-content\/uploads\/2014\/02\/VW-Voyage-Selecao-det02-270x179.jpg 270w, https:\/\/autolivraria.com.br\/bc\/wp-content\/uploads\/2014\/02\/VW-Voyage-Selecao-det02.jpg 640w\" data-sizes=\"(max-width: 168px) 100vw, 168px\" src=\"data:image\/svg+xml;base64,PHN2ZyB3aWR0aD0iMSIgaGVpZ2h0PSIxIiB4bWxucz0iaHR0cDovL3d3dy53My5vcmcvMjAwMC9zdmciPjwvc3ZnPg==\" style=\"--smush-placeholder-width: 168px; --smush-placeholder-aspect-ratio: 168\/111;\" \/><\/a>\n\t\t\t\t<\/div>\n<div class='one_third'>\n\t\t\t\t\t<a href=\"https:\/\/autolivraria.com.br\/bc\/wp-content\/uploads\/2014\/02\/VW-Voyage-Selecao-det06.jpg\"><img decoding=\"async\" class=\"aligncenter size-size_name wp-image-40759 lazyload\" data-src=\"https:\/\/autolivraria.com.br\/bc\/wp-content\/uploads\/2014\/02\/VW-Voyage-Selecao-det06-168x111.jpg\" alt=\"VW Voyage Selecao\" width=\"168\" height=\"111\" data-srcset=\"https:\/\/autolivraria.com.br\/bc\/wp-content\/uploads\/2014\/02\/VW-Voyage-Selecao-det06-168x111.jpg 168w, https:\/\/autolivraria.com.br\/bc\/wp-content\/uploads\/2014\/02\/VW-Voyage-Selecao-det06-560x372.jpg 560w, https:\/\/autolivraria.com.br\/bc\/wp-content\/uploads\/2014\/02\/VW-Voyage-Selecao-det06-470x312.jpg 470w, https:\/\/autolivraria.com.br\/bc\/wp-content\/uploads\/2014\/02\/VW-Voyage-Selecao-det06-270x179.jpg 270w, https:\/\/autolivraria.com.br\/bc\/wp-content\/uploads\/2014\/02\/VW-Voyage-Selecao-det06.jpg 640w\" data-sizes=\"(max-width: 168px) 100vw, 168px\" src=\"data:image\/svg+xml;base64,PHN2ZyB3aWR0aD0iMSIgaGVpZ2h0PSIxIiB4bWxucz0iaHR0cDovL3d3dy53My5vcmcvMjAwMC9zdmciPjwvc3ZnPg==\" style=\"--smush-placeholder-width: 168px; --smush-placeholder-aspect-ratio: 168\/111;\" \/><\/a>\n\t\t\t\t<\/div>\n<div class='one_third last'>\n\t\t\t\t\t<a href=\"https:\/\/autolivraria.com.br\/bc\/wp-content\/uploads\/2014\/02\/VW-Voyage-Selecao-det03.jpg\"><img decoding=\"async\" class=\"aligncenter size-size_name wp-image-40757 lazyload\" data-src=\"https:\/\/autolivraria.com.br\/bc\/wp-content\/uploads\/2014\/02\/VW-Voyage-Selecao-det03-168x111.jpg\" alt=\"VW Voyage Selecao\" width=\"168\" height=\"111\" data-srcset=\"https:\/\/autolivraria.com.br\/bc\/wp-content\/uploads\/2014\/02\/VW-Voyage-Selecao-det03-168x111.jpg 168w, https:\/\/autolivraria.com.br\/bc\/wp-content\/uploads\/2014\/02\/VW-Voyage-Selecao-det03-560x372.jpg 560w, https:\/\/autolivraria.com.br\/bc\/wp-content\/uploads\/2014\/02\/VW-Voyage-Selecao-det03-470x312.jpg 470w, https:\/\/autolivraria.com.br\/bc\/wp-content\/uploads\/2014\/02\/VW-Voyage-Selecao-det03-270x179.jpg 270w, https:\/\/autolivraria.com.br\/bc\/wp-content\/uploads\/2014\/02\/VW-Voyage-Selecao-det03.jpg 640w\" data-sizes=\"(max-width: 168px) 100vw, 168px\" src=\"data:image\/svg+xml;base64,PHN2ZyB3aWR0aD0iMSIgaGVpZ2h0PSIxIiB4bWxucz0iaHR0cDovL3d3dy53My5vcmcvMjAwMC9zdmciPjwvc3ZnPg==\" style=\"--smush-placeholder-width: 168px; --smush-placeholder-aspect-ratio: 168\/111;\" \/><\/a>\n\t\t\t\t<\/div><div class='clear'><\/div>\n<h6 style=\"text-align: center;\"><em>\u00a0<\/em><br \/>\n<em>O Voyage tem instrumentos bem claros com veloc\u00edmetro digital e computador<\/em><br \/>\n<em>com duas medi\u00e7\u00f5es, sensor de estacionamento com indica\u00e7\u00e3o gr\u00e1fica e\u00a0caixa<\/em><br \/>\n<em> no porta-malas; s\u00e9rie Sele\u00e7\u00e3o traz tecido em relevo e cinzeiro com logo da CBF<\/em><\/h6>\n<table border=\"0\">\n<tbody>\n<tr>\n<td><a href='https:\/\/autolivraria.com.br\/bc\/informe-se\/avaliacao\/comparativo\/renault-logan-toyota-etios-vw-voyage-como-o-brasileiro-gosta\/4\/' class='small-button smallsilver'>Pr\u00f3xima parte<\/a><\/td>\n<\/tr>\n<\/tbody>\n<\/table>\n<\/div>\n<p>&nbsp;<\/p>\n<div class='et-box et-shadow'>\n\t\t\t\t\t<div class='et-box-content'><h2>Equipamentos de s\u00e9rie e opcionais<\/h2>\n<table id=\"table5992\" style=\"width: 100%;\" border=\"0\" cellspacing=\"0\" cellpadding=\"3\">\n<tbody>\n<tr>\n<td style=\"width: 55%;\"><\/td>\n<td style=\"width: 12%;\">\n<h1>Logan<\/h1>\n<\/td>\n<td style=\"width: 12%;\">\n<h1>Etios<\/h1>\n<\/td>\n<td style=\"width: 12%;\">\n<h1>Voyage<\/h1>\n<\/td>\n<\/tr>\n<tr>\n<td style=\"width: 55%;\">Ajuste de altura dos bancos mot.\/pas.<\/td>\n<td style=\"width: 12%;\">S\/ND<\/td>\n<td style=\"width: 12%;\">ND<\/td>\n<td style=\"width: 12%;\">S\/ND<\/td>\n<\/tr>\n<tr>\n<td style=\"width: 55%;\">Ajuste de apoio lombar mot.\/pas.<\/td>\n<td style=\"width: 12%;\">ND<\/td>\n<td style=\"width: 12%;\">ND<\/td>\n<td style=\"width: 12%;\">ND<\/td>\n<\/tr>\n<tr>\n<td style=\"width: 55%;\">Ajuste do volante em altura\/dist\u00e2ncia<\/td>\n<td style=\"width: 12%;\">S\/ND<\/td>\n<td style=\"width: 12%;\">S\/ND<\/td>\n<td style=\"width: 12%;\">ND<\/td>\n<\/tr>\n<tr>\n<td style=\"width: 55%;\">Ajuste el\u00e9trico dos bancos mot.\/pas.<\/td>\n<td style=\"width: 12%;\">ND<\/td>\n<td style=\"width: 12%;\">ND<\/td>\n<td style=\"width: 12%;\">ND<\/td>\n<\/tr>\n<tr>\n<td style=\"width: 55%;\">Ajuste el\u00e9trico dos retrovisores<\/td>\n<td style=\"width: 12%;\">S<\/td>\n<td style=\"width: 12%;\">S<\/td>\n<td style=\"width: 12%;\">S<\/td>\n<\/tr>\n<tr>\n<td style=\"width: 55%;\">Alarme antifurto\/controle a dist\u00e2ncia<\/td>\n<td style=\"width: 12%;\">S\/S<\/td>\n<td style=\"width: 12%;\">S\/S<\/td>\n<td style=\"width: 12%;\">S\/S<\/td>\n<\/tr>\n<tr>\n<td style=\"width: 55%;\">Aquecimento<\/td>\n<td style=\"width: 12%;\">S<\/td>\n<td style=\"width: 12%;\">S<\/td>\n<td style=\"width: 12%;\">O<\/td>\n<\/tr>\n<tr>\n<td style=\"width: 55%;\">Ar-condicionado\/controle autom\u00e1tico\/zonas<\/td>\n<td style=\"width: 12%;\">S\/O\/1<\/td>\n<td style=\"width: 12%;\">S\/ND<\/td>\n<td style=\"width: 12%;\">O\/ND<\/td>\n<\/tr>\n<tr>\n<td style=\"width: 55%;\">Bancos\/volante revestidos em couro<\/td>\n<td style=\"width: 12%;\">ND\/S<\/td>\n<td style=\"width: 12%;\">ND\/S<\/td>\n<td style=\"width: 12%;\">ND<\/td>\n<\/tr>\n<tr>\n<td style=\"width: 55%;\">Bolsas infl\u00e1veis frontais\/laterais\/cortinas<\/td>\n<td style=\"width: 12%;\">S\/ND\/ND<\/td>\n<td style=\"width: 12%;\">S\/ND\/ND<\/td>\n<td style=\"width: 12%;\">S\/ND\/ND<\/td>\n<\/tr>\n<tr>\n<td style=\"width: 55%;\">C\u00e2mbio autom\u00e1tico\/automatizado<\/td>\n<td style=\"width: 12%;\">ND<\/td>\n<td style=\"width: 12%;\">ND<\/td>\n<td style=\"width: 12%;\">ND\/O<\/td>\n<\/tr>\n<tr>\n<td style=\"width: 55%;\">C\u00e2mera traseira para manobras<\/td>\n<td style=\"width: 12%;\">ND<\/td>\n<td style=\"width: 12%;\">ND<\/td>\n<td style=\"width: 12%;\">ND<\/td>\n<\/tr>\n<tr>\n<td style=\"width: 55%;\">Cintos de tr\u00eas pontos, todos os ocupantes<\/td>\n<td style=\"width: 12%;\">ND<\/td>\n<td style=\"width: 12%;\">ND<\/td>\n<td style=\"width: 12%;\">ND<\/td>\n<\/tr>\n<tr>\n<td style=\"width: 55%;\">Computador de bordo<\/td>\n<td style=\"width: 12%;\">S<\/td>\n<td style=\"width: 12%;\">ND<\/td>\n<td style=\"width: 12%;\">S<\/td>\n<\/tr>\n<tr>\n<td style=\"width: 55%;\">Conta-giros<\/td>\n<td style=\"width: 12%;\">S<\/td>\n<td style=\"width: 12%;\">S<\/td>\n<td style=\"width: 12%;\">S<\/td>\n<\/tr>\n<tr>\n<td style=\"width: 55%;\">Controlador\/limitador de velocidade<\/td>\n<td style=\"width: 12%;\">S\/S<\/td>\n<td style=\"width: 12%;\">ND<\/td>\n<td style=\"width: 12%;\">ND<\/td>\n<\/tr>\n<tr>\n<td style=\"width: 55%;\">Controle de tra\u00e7\u00e3o\/estabilidade<\/td>\n<td style=\"width: 12%;\">ND<\/td>\n<td style=\"width: 12%;\">ND<\/td>\n<td style=\"width: 12%;\">ND<\/td>\n<\/tr>\n<tr>\n<td style=\"width: 55%;\">Controle el\u00e9trico dos vidros diant.\/tras.<\/td>\n<td style=\"width: 12%;\">S\/S<\/td>\n<td style=\"width: 12%;\">S\/S<\/td>\n<td style=\"width: 12%;\">S\/S<\/td>\n<\/tr>\n<tr>\n<td style=\"width: 55%;\">Controles de \u00e1udio no volante<\/td>\n<td style=\"width: 12%;\">S<\/td>\n<td style=\"width: 12%;\">S<\/td>\n<td style=\"width: 12%;\">O<\/td>\n<\/tr>\n<tr>\n<td style=\"width: 55%;\">Dire\u00e7\u00e3o assistida<\/td>\n<td style=\"width: 12%;\">S<\/td>\n<td style=\"width: 12%;\">S<\/td>\n<td style=\"width: 12%;\">S<\/td>\n<\/tr>\n<tr>\n<td style=\"width: 55%;\">Encosto de cabe\u00e7a, todos os ocupantes<\/td>\n<td style=\"width: 12%;\">S<\/td>\n<td style=\"width: 12%;\">ND<\/td>\n<td style=\"width: 12%;\">ND<\/td>\n<\/tr>\n<tr>\n<td style=\"width: 55%;\">Far\u00f3is com l\u00e2mpadas de xen\u00f4nio<\/td>\n<td style=\"width: 12%;\">ND<\/td>\n<td style=\"width: 12%;\">ND<\/td>\n<td style=\"width: 12%;\">ND<\/td>\n<\/tr>\n<tr>\n<td style=\"width: 55%;\">Far\u00f3is de neblina<\/td>\n<td style=\"width: 12%;\">S<\/td>\n<td style=\"width: 12%;\">S<\/td>\n<td style=\"width: 12%;\">O<\/td>\n<\/tr>\n<tr>\n<td style=\"width: 55%;\">Far\u00f3is\/limpador de para-brisa autom\u00e1tico<\/td>\n<td style=\"width: 12%;\">ND<\/td>\n<td style=\"width: 12%;\">ND<\/td>\n<td style=\"width: 12%;\">ND<\/td>\n<\/tr>\n<tr>\n<td style=\"width: 55%;\">Freios antitravamento (ABS)<\/td>\n<td style=\"width: 12%;\">S<\/td>\n<td style=\"width: 12%;\">S<\/td>\n<td style=\"width: 12%;\">S<\/td>\n<\/tr>\n<tr>\n<td style=\"width: 55%;\">Interface Bluetooth para telefone celular<\/td>\n<td style=\"width: 12%;\">S<\/td>\n<td style=\"width: 12%;\">S<\/td>\n<td style=\"width: 12%;\">S<\/td>\n<\/tr>\n<tr>\n<td style=\"width: 55%;\">Limpador\/lavador do vidro traseiro<\/td>\n<td style=\"width: 12%;\">NA<\/td>\n<td style=\"width: 12%;\">NA<\/td>\n<td style=\"width: 12%;\">NA<\/td>\n<\/tr>\n<tr>\n<td style=\"width: 55%;\">Luz traseira de neblina<\/td>\n<td style=\"width: 12%;\">ND<\/td>\n<td style=\"width: 12%;\">ND<\/td>\n<td style=\"width: 12%;\">O<\/td>\n<\/tr>\n<tr>\n<td style=\"width: 55%;\">Navegador por GPS<\/td>\n<td style=\"width: 12%;\">O<\/td>\n<td style=\"width: 12%;\">ND<\/td>\n<td style=\"width: 12%;\">ND<\/td>\n<\/tr>\n<tr>\n<td style=\"width: 55%;\">R\u00e1dio com toca-CDs\/MP3<\/td>\n<td style=\"width: 12%;\">S\/S<\/td>\n<td style=\"width: 12%;\">S\/S<\/td>\n<td style=\"width: 12%;\">S\/S<\/td>\n<\/tr>\n<tr>\n<td style=\"width: 55%;\">Repetidores laterais das luzes de dire\u00e7\u00e3o<\/td>\n<td style=\"width: 12%;\">S<\/td>\n<td style=\"width: 12%;\">S<\/td>\n<td style=\"width: 12%;\">S<\/td>\n<\/tr>\n<tr>\n<td style=\"width: 55%;\">Retrovisor interno fotocr\u00f4mico<\/td>\n<td style=\"width: 12%;\">ND<\/td>\n<td style=\"width: 12%;\">ND<\/td>\n<td style=\"width: 12%;\">ND<\/td>\n<\/tr>\n<tr>\n<td style=\"width: 55%;\">Rodas de alum\u00ednio<\/td>\n<td style=\"width: 12%;\">S<\/td>\n<td style=\"width: 12%;\">S<\/td>\n<td style=\"width: 12%;\">S<\/td>\n<\/tr>\n<tr>\n<td style=\"width: 55%;\">Sensores de estacionamento diant.\/tras.<\/td>\n<td style=\"width: 12%;\">ND\/O<\/td>\n<td style=\"width: 12%;\">ND<\/td>\n<td style=\"width: 12%;\">ND\/O<\/td>\n<\/tr>\n<tr>\n<td style=\"width: 55%;\">Teto solar\/comando el\u00e9trico<\/td>\n<td style=\"width: 12%;\">ND<\/td>\n<td style=\"width: 12%;\">ND<\/td>\n<td style=\"width: 12%;\">ND<\/td>\n<\/tr>\n<tr>\n<td style=\"width: 55%;\">Travamento central das portas<\/td>\n<td style=\"width: 12%;\">S<\/td>\n<td style=\"width: 12%;\">S<\/td>\n<td style=\"width: 12%;\">S<\/td>\n<\/tr>\n<tr>\n<td style=\"width: 55%;\" colspan=\"4\">Conven\u00e7\u00f5es: S = de s\u00e9rie; O = opcional; ND = n\u00e3o dispon\u00edvel; NA = n\u00e3o aplic\u00e1vel<\/td>\n<\/tr>\n<\/tbody>\n<\/table><\/div><\/div>\n<table border=\"0\">\n<tbody>\n<tr>\n<td><a href='https:\/\/autolivraria.com.br\/bc\/informe-se\/avaliacao\/comparativo\/renault-logan-toyota-etios-vw-voyage-como-o-brasileiro-gosta\/4\/' class='small-button smallsilver'>Pr\u00f3xima parte<\/a><\/td>\n<\/tr>\n<\/tbody>\n<\/table>\n<p>&nbsp;<\/p>\n<p>&nbsp;<\/p>\n<p><!--nextpage--><\/p>\n<div class='one_half'>\n\t\t\t\t\t<a href=\"https:\/\/autolivraria.com.br\/bc\/wp-content\/uploads\/2014\/02\/Renault-Logan-Dynamique-02.jpg\"><img decoding=\"async\" class=\"aligncenter size-meia-largura-post wp-image-40763 lazyload\" data-src=\"https:\/\/autolivraria.com.br\/bc\/wp-content\/uploads\/2014\/02\/Renault-Logan-Dynamique-02-270x179.jpg\" alt=\"Renault Logan Dynamique\" width=\"270\" height=\"179\" data-srcset=\"https:\/\/autolivraria.com.br\/bc\/wp-content\/uploads\/2014\/02\/Renault-Logan-Dynamique-02-270x179.jpg 270w, https:\/\/autolivraria.com.br\/bc\/wp-content\/uploads\/2014\/02\/Renault-Logan-Dynamique-02-560x373.jpg 560w, https:\/\/autolivraria.com.br\/bc\/wp-content\/uploads\/2014\/02\/Renault-Logan-Dynamique-02-470x313.jpg 470w, https:\/\/autolivraria.com.br\/bc\/wp-content\/uploads\/2014\/02\/Renault-Logan-Dynamique-02-168x111.jpg 168w, https:\/\/autolivraria.com.br\/bc\/wp-content\/uploads\/2014\/02\/Renault-Logan-Dynamique-02.jpg 1280w\" data-sizes=\"(max-width: 270px) 100vw, 270px\" src=\"data:image\/svg+xml;base64,PHN2ZyB3aWR0aD0iMSIgaGVpZ2h0PSIxIiB4bWxucz0iaHR0cDovL3d3dy53My5vcmcvMjAwMC9zdmciPjwvc3ZnPg==\" style=\"--smush-placeholder-width: 270px; --smush-placeholder-aspect-ratio: 270\/179;\" \/><\/a>\n\t\t\t\t<\/div>\n<div class='one_half last'>\n\t\t\t\t\t<a href=\"https:\/\/autolivraria.com.br\/bc\/wp-content\/uploads\/2014\/02\/Toyota-Etios-XLS-02.jpg\"><img decoding=\"async\" class=\"aligncenter size-meia-largura-post wp-image-40764 lazyload\" data-src=\"https:\/\/autolivraria.com.br\/bc\/wp-content\/uploads\/2014\/02\/Toyota-Etios-XLS-02-270x179.jpg\" alt=\"Toyota Etios XLS\" width=\"270\" height=\"179\" data-srcset=\"https:\/\/autolivraria.com.br\/bc\/wp-content\/uploads\/2014\/02\/Toyota-Etios-XLS-02-270x179.jpg 270w, https:\/\/autolivraria.com.br\/bc\/wp-content\/uploads\/2014\/02\/Toyota-Etios-XLS-02-560x373.jpg 560w, https:\/\/autolivraria.com.br\/bc\/wp-content\/uploads\/2014\/02\/Toyota-Etios-XLS-02-470x313.jpg 470w, https:\/\/autolivraria.com.br\/bc\/wp-content\/uploads\/2014\/02\/Toyota-Etios-XLS-02-168x111.jpg 168w, https:\/\/autolivraria.com.br\/bc\/wp-content\/uploads\/2014\/02\/Toyota-Etios-XLS-02.jpg 1280w\" data-sizes=\"(max-width: 270px) 100vw, 270px\" src=\"data:image\/svg+xml;base64,PHN2ZyB3aWR0aD0iMSIgaGVpZ2h0PSIxIiB4bWxucz0iaHR0cDovL3d3dy53My5vcmcvMjAwMC9zdmciPjwvc3ZnPg==\" style=\"--smush-placeholder-width: 270px; --smush-placeholder-aspect-ratio: 270\/179;\" \/><\/a>\n\t\t\t\t<\/div><div class='clear'><\/div>\n<p>&nbsp;<\/p>\n<div class='one_half'>\n\t\t\t\t\t<a href=\"https:\/\/autolivraria.com.br\/bc\/wp-content\/uploads\/2014\/02\/VW-Voyage-Selecao-02.jpg\"><img decoding=\"async\" class=\"aligncenter size-meia-largura-post wp-image-40765 lazyload\" data-src=\"https:\/\/autolivraria.com.br\/bc\/wp-content\/uploads\/2014\/02\/VW-Voyage-Selecao-02-270x179.jpg\" alt=\"VW Voyage Selecao\" width=\"270\" height=\"179\" data-srcset=\"https:\/\/autolivraria.com.br\/bc\/wp-content\/uploads\/2014\/02\/VW-Voyage-Selecao-02-270x179.jpg 270w, https:\/\/autolivraria.com.br\/bc\/wp-content\/uploads\/2014\/02\/VW-Voyage-Selecao-02-560x373.jpg 560w, https:\/\/autolivraria.com.br\/bc\/wp-content\/uploads\/2014\/02\/VW-Voyage-Selecao-02-470x313.jpg 470w, https:\/\/autolivraria.com.br\/bc\/wp-content\/uploads\/2014\/02\/VW-Voyage-Selecao-02-168x111.jpg 168w, https:\/\/autolivraria.com.br\/bc\/wp-content\/uploads\/2014\/02\/VW-Voyage-Selecao-02.jpg 1280w\" data-sizes=\"(max-width: 270px) 100vw, 270px\" src=\"data:image\/svg+xml;base64,PHN2ZyB3aWR0aD0iMSIgaGVpZ2h0PSIxIiB4bWxucz0iaHR0cDovL3d3dy53My5vcmcvMjAwMC9zdmciPjwvc3ZnPg==\" style=\"--smush-placeholder-width: 270px; --smush-placeholder-aspect-ratio: 270\/179;\" \/><\/a>\n\t\t\t\t<\/div>\n<div class='one_half last'>\n\t\t\t\t\t<h6><em>Mais potente que o Etios, mais leve que o Logan, o Voyage destacou-se em acelera\u00e7\u00e3o, retomada e velocidade m\u00e1xima, embora por pequenas margens<\/em><\/h6>\n\t\t\t\t<\/div><div class='clear'><\/div>\n<p><span style=\"line-height: 1.5em;\">\u00a0<\/span><\/p>\n<h2>Mec\u00e2nica, comportamento e seguran\u00e7a<\/h2>\n<p>Pode-se dizer que h\u00e1 duas escolas entre os motores, mas com resultados semelhantes. O do Etios recorre a quatro v\u00e1lvulas por cilindro, que em tese permitem <a href=\"https:\/\/autolivraria.com.br\/bc\/glossario-p\/#pote\">pot\u00eancia espec\u00edfica<\/a>\u00a0mais alta, mas a Toyota fez sua op\u00e7\u00e3o por menos cv por litro e melhor distribui\u00e7\u00e3o de torque por toda a faixa de uso. A consequ\u00eancia foi um 16-v\u00e1lvulas que se comporta como os oito-v\u00e1lvulas da concorr\u00eancia (<a href=\"https:\/\/autolivraria.com.br\/bc\/informe-se\/avaliacao\/comparativo\/renault-logan-toyota-etios-vw-voyage-como-o-brasileiro-gosta\/5\/#ct\">veja outras diferen\u00e7as de ordem t\u00e9cnica<\/a>).<\/p>\n<p>O Voyage \u00e9 o mais agrad\u00e1vel pela disposi\u00e7\u00e3o em baixa rota\u00e7\u00e3o associada a um peso moderado, enquanto o Logan pesa 85 kg a mais; o Etios, embora leve como o VW, tem torque inferior ao de ambos. No conjunto, por\u00e9m, os tr\u00eas s\u00e3o relativamente \u00e1geis em baixos giros e n\u00e3o entusiasmam em altos. O motor Toyota destaca-se pela suavidade, ao produzir ligeira vibra\u00e7\u00e3o apenas acima de 4.000 rpm, mas \u00e9 bastante ruidoso (s\u00e3o coisas diferentes). O Renault \u00e9 mediano quanto \u00e0 suavidade, e o VW, um pouco pior; ambos tamb\u00e9m incomodam pelo n\u00edvel de ru\u00eddo quando mais exigidos. Notam-se ainda no Logan ru\u00eddos aerodin\u00e2micos acima do usual.<\/p>\n<p><span style=\"line-height: 1.5em;\">\u00a0<\/span><\/p>\n<div class='one_half'>\n\t\t\t\t\t<a href=\"https:\/\/autolivraria.com.br\/bc\/wp-content\/uploads\/2014\/02\/Renault-Logan-Dynamique-mtr.jpg\"><img decoding=\"async\" class=\"aligncenter size-meia-largura-post wp-image-40768 lazyload\" data-src=\"https:\/\/autolivraria.com.br\/bc\/wp-content\/uploads\/2014\/02\/Renault-Logan-Dynamique-mtr-270x179.jpg\" alt=\"Renault Logan Dynamique\" width=\"270\" height=\"179\" data-srcset=\"https:\/\/autolivraria.com.br\/bc\/wp-content\/uploads\/2014\/02\/Renault-Logan-Dynamique-mtr-270x179.jpg 270w, https:\/\/autolivraria.com.br\/bc\/wp-content\/uploads\/2014\/02\/Renault-Logan-Dynamique-mtr-560x372.jpg 560w, https:\/\/autolivraria.com.br\/bc\/wp-content\/uploads\/2014\/02\/Renault-Logan-Dynamique-mtr-470x312.jpg 470w, https:\/\/autolivraria.com.br\/bc\/wp-content\/uploads\/2014\/02\/Renault-Logan-Dynamique-mtr-168x111.jpg 168w, https:\/\/autolivraria.com.br\/bc\/wp-content\/uploads\/2014\/02\/Renault-Logan-Dynamique-mtr.jpg 640w\" data-sizes=\"(max-width: 270px) 100vw, 270px\" src=\"data:image\/svg+xml;base64,PHN2ZyB3aWR0aD0iMSIgaGVpZ2h0PSIxIiB4bWxucz0iaHR0cDovL3d3dy53My5vcmcvMjAwMC9zdmciPjwvc3ZnPg==\" style=\"--smush-placeholder-width: 270px; --smush-placeholder-aspect-ratio: 270\/179;\" \/><\/a>\n\t\t\t\t<\/div>\n<div class='one_half last'>\n\t\t\t\t\t<a href=\"https:\/\/autolivraria.com.br\/bc\/wp-content\/uploads\/2014\/02\/Toyota-Etios-XLS-mtr.jpg\"><img decoding=\"async\" class=\"aligncenter size-meia-largura-post wp-image-40767 lazyload\" data-src=\"https:\/\/autolivraria.com.br\/bc\/wp-content\/uploads\/2014\/02\/Toyota-Etios-XLS-mtr-270x179.jpg\" alt=\"Toyota Etios XLS\" width=\"270\" height=\"179\" data-srcset=\"https:\/\/autolivraria.com.br\/bc\/wp-content\/uploads\/2014\/02\/Toyota-Etios-XLS-mtr-270x179.jpg 270w, https:\/\/autolivraria.com.br\/bc\/wp-content\/uploads\/2014\/02\/Toyota-Etios-XLS-mtr-560x372.jpg 560w, https:\/\/autolivraria.com.br\/bc\/wp-content\/uploads\/2014\/02\/Toyota-Etios-XLS-mtr-470x312.jpg 470w, https:\/\/autolivraria.com.br\/bc\/wp-content\/uploads\/2014\/02\/Toyota-Etios-XLS-mtr-168x111.jpg 168w, https:\/\/autolivraria.com.br\/bc\/wp-content\/uploads\/2014\/02\/Toyota-Etios-XLS-mtr.jpg 640w\" data-sizes=\"(max-width: 270px) 100vw, 270px\" src=\"data:image\/svg+xml;base64,PHN2ZyB3aWR0aD0iMSIgaGVpZ2h0PSIxIiB4bWxucz0iaHR0cDovL3d3dy53My5vcmcvMjAwMC9zdmciPjwvc3ZnPg==\" style=\"--smush-placeholder-width: 270px; --smush-placeholder-aspect-ratio: 270\/179;\" \/><\/a>\n\t\t\t\t<\/div><div class='clear'><\/div>\n<p>&nbsp;<\/p>\n<div class='one_half'>\n\t\t\t\t\t<a href=\"https:\/\/autolivraria.com.br\/bc\/wp-content\/uploads\/2014\/02\/VW-Voyage-Selecao-mtr.jpg\"><img decoding=\"async\" class=\"aligncenter size-meia-largura-post wp-image-40766 lazyload\" data-src=\"https:\/\/autolivraria.com.br\/bc\/wp-content\/uploads\/2014\/02\/VW-Voyage-Selecao-mtr-270x179.jpg\" alt=\"VW Voyage Selecao\" width=\"270\" height=\"179\" data-srcset=\"https:\/\/autolivraria.com.br\/bc\/wp-content\/uploads\/2014\/02\/VW-Voyage-Selecao-mtr-270x179.jpg 270w, https:\/\/autolivraria.com.br\/bc\/wp-content\/uploads\/2014\/02\/VW-Voyage-Selecao-mtr-560x372.jpg 560w, https:\/\/autolivraria.com.br\/bc\/wp-content\/uploads\/2014\/02\/VW-Voyage-Selecao-mtr-470x312.jpg 470w, https:\/\/autolivraria.com.br\/bc\/wp-content\/uploads\/2014\/02\/VW-Voyage-Selecao-mtr-168x111.jpg 168w, https:\/\/autolivraria.com.br\/bc\/wp-content\/uploads\/2014\/02\/VW-Voyage-Selecao-mtr.jpg 640w\" data-sizes=\"(max-width: 270px) 100vw, 270px\" src=\"data:image\/svg+xml;base64,PHN2ZyB3aWR0aD0iMSIgaGVpZ2h0PSIxIiB4bWxucz0iaHR0cDovL3d3dy53My5vcmcvMjAwMC9zdmciPjwvc3ZnPg==\" style=\"--smush-placeholder-width: 270px; --smush-placeholder-aspect-ratio: 270\/179;\" \/><\/a>\n\t\t\t\t<\/div>\n<div class='one_half last'>\n\t\t\t\t\t<h6><em>Embora mais moderno e com quatro v\u00e1lvulas por cilindro, o motor do Etios <\/em><em>perde em pot\u00eancia e torque, mas seu funcionamento \u00e9 suave<\/em><\/h6>\n\t\t\t\t<\/div><div class='clear'><\/div>\n<p>&nbsp;<\/p>\n<p>Os diversos fatores considerados, o Voyage sobressaiu em desempenho na simula\u00e7\u00e3o do<strong>\u00a0Best Cars<\/strong>, com marcas em acelera\u00e7\u00e3o, retomada e velocidade m\u00e1xima que o colocam um pouco \u00e0 frente dos demais. Entre estes, o Logan foi melhor que o Etios por pequena margem nos dois primeiros quesitos. Vantagem do Toyota \u00e9 o menor consumo de combust\u00edvel em qualquer das condi\u00e7\u00f5es, com os outros dois em equil\u00edbrio, embora o VW ven\u00e7a em autonomia.\u00a0<a href=\"https:\/\/autolivraria.com.br\/bc\/informe-se\/avaliacao\/comparativo\/renault-logan-toyota-etios-vw-voyage-como-o-brasileiro-gosta\/5\/\">Veja os n\u00fameros e a an\u00e1lise detalhada<\/a>.<\/p>\n<p>&nbsp;<\/p>\n<blockquote><p>O Voyage sobressaiu em\u00a0acelera\u00e7\u00e3o,<br \/>\nretomada e velocidade m\u00e1xima; vantagem\u00a0do<br \/>\nEtios \u00e9 o menor consumo de combust\u00edvel<\/p><\/blockquote>\n<p>&nbsp;<\/p>\n<p>Um tradicional ponto positivo do Voyage encontra paralelo no Etios: excelente comando de c\u00e2mbio, muito leve e preciso, ante o apenas bom do Logan. Ainda melhor no Toyota \u00e9 o f\u00e1cil engate da marcha \u00e0 r\u00e9, como se fosse a sexta marcha e sem travas externas (presente no Renault), enquanto no VW precisa-se pressionar a alavanca para baixo. O pedal de embreagem \u00e9 leve em todos, com agrad\u00e1vel curso curto no Etios.<\/p>\n<p>Embora as suspens\u00f5es usem os mesmos conceitos, chegam a resultados diversos. O Voyage tem o comportamento mais preciso, esportivo at\u00e9, com melhor atitude em curvas e estabilidade direcional mais definida. N\u00e3o chega a ser duro, mas transmite mais os pequenos impactos \u2014 talvez pelos pneus de perfil mais baixo no grupo e, ainda, de modelo conhecido por n\u00e3o prezar o conforto, Pirelli P7.<\/p>\n<p><span style=\"line-height: 1.5em;\">\u00a0<\/span><\/p>\n<div class='one_half'>\n\t\t\t\t\t<a href=\"https:\/\/autolivraria.com.br\/bc\/wp-content\/uploads\/2014\/02\/Renault-Logan-Dynamique-12.jpg\"><img decoding=\"async\" class=\"aligncenter size-meia-largura-post wp-image-40769 lazyload\" data-src=\"https:\/\/autolivraria.com.br\/bc\/wp-content\/uploads\/2014\/02\/Renault-Logan-Dynamique-12-270x179.jpg\" alt=\"Renault Logan Dynamique\" width=\"270\" height=\"179\" data-srcset=\"https:\/\/autolivraria.com.br\/bc\/wp-content\/uploads\/2014\/02\/Renault-Logan-Dynamique-12-270x179.jpg 270w, https:\/\/autolivraria.com.br\/bc\/wp-content\/uploads\/2014\/02\/Renault-Logan-Dynamique-12-560x373.jpg 560w, https:\/\/autolivraria.com.br\/bc\/wp-content\/uploads\/2014\/02\/Renault-Logan-Dynamique-12-470x313.jpg 470w, https:\/\/autolivraria.com.br\/bc\/wp-content\/uploads\/2014\/02\/Renault-Logan-Dynamique-12-168x111.jpg 168w, https:\/\/autolivraria.com.br\/bc\/wp-content\/uploads\/2014\/02\/Renault-Logan-Dynamique-12.jpg 1280w\" data-sizes=\"(max-width: 270px) 100vw, 270px\" src=\"data:image\/svg+xml;base64,PHN2ZyB3aWR0aD0iMSIgaGVpZ2h0PSIxIiB4bWxucz0iaHR0cDovL3d3dy53My5vcmcvMjAwMC9zdmciPjwvc3ZnPg==\" style=\"--smush-placeholder-width: 270px; --smush-placeholder-aspect-ratio: 270\/179;\" \/><\/a>\n\t\t\t\t<\/div>\n<div class='one_half last'>\n\t\t\t\t\t<a href=\"https:\/\/autolivraria.com.br\/bc\/wp-content\/uploads\/2014\/02\/Toyota-Etios-XLS-12.jpg\"><img decoding=\"async\" class=\"aligncenter size-meia-largura-post wp-image-40770 lazyload\" data-src=\"https:\/\/autolivraria.com.br\/bc\/wp-content\/uploads\/2014\/02\/Toyota-Etios-XLS-12-270x179.jpg\" alt=\"Toyota Etios XLS\" width=\"270\" height=\"179\" data-srcset=\"https:\/\/autolivraria.com.br\/bc\/wp-content\/uploads\/2014\/02\/Toyota-Etios-XLS-12-270x179.jpg 270w, https:\/\/autolivraria.com.br\/bc\/wp-content\/uploads\/2014\/02\/Toyota-Etios-XLS-12-560x373.jpg 560w, https:\/\/autolivraria.com.br\/bc\/wp-content\/uploads\/2014\/02\/Toyota-Etios-XLS-12-470x313.jpg 470w, https:\/\/autolivraria.com.br\/bc\/wp-content\/uploads\/2014\/02\/Toyota-Etios-XLS-12-168x111.jpg 168w, https:\/\/autolivraria.com.br\/bc\/wp-content\/uploads\/2014\/02\/Toyota-Etios-XLS-12.jpg 1280w\" data-sizes=\"(max-width: 270px) 100vw, 270px\" src=\"data:image\/svg+xml;base64,PHN2ZyB3aWR0aD0iMSIgaGVpZ2h0PSIxIiB4bWxucz0iaHR0cDovL3d3dy53My5vcmcvMjAwMC9zdmciPjwvc3ZnPg==\" style=\"--smush-placeholder-width: 270px; --smush-placeholder-aspect-ratio: 270\/179;\" \/><\/a>\n\t\t\t\t<\/div><div class='clear'><\/div>\n<p>&nbsp;<\/p>\n<div class='one_half'>\n\t\t\t\t\t<a href=\"https:\/\/autolivraria.com.br\/bc\/wp-content\/uploads\/2014\/02\/VW-Voyage-Selecao-12.jpg\"><img decoding=\"async\" class=\"aligncenter size-meia-largura-post wp-image-40771 lazyload\" data-src=\"https:\/\/autolivraria.com.br\/bc\/wp-content\/uploads\/2014\/02\/VW-Voyage-Selecao-12-270x179.jpg\" alt=\"VW Voyage Selecao\" width=\"270\" height=\"179\" data-srcset=\"https:\/\/autolivraria.com.br\/bc\/wp-content\/uploads\/2014\/02\/VW-Voyage-Selecao-12-270x179.jpg 270w, https:\/\/autolivraria.com.br\/bc\/wp-content\/uploads\/2014\/02\/VW-Voyage-Selecao-12-560x373.jpg 560w, https:\/\/autolivraria.com.br\/bc\/wp-content\/uploads\/2014\/02\/VW-Voyage-Selecao-12-470x313.jpg 470w, https:\/\/autolivraria.com.br\/bc\/wp-content\/uploads\/2014\/02\/VW-Voyage-Selecao-12-168x111.jpg 168w, https:\/\/autolivraria.com.br\/bc\/wp-content\/uploads\/2014\/02\/VW-Voyage-Selecao-12.jpg 1280w\" data-sizes=\"(max-width: 270px) 100vw, 270px\" src=\"data:image\/svg+xml;base64,PHN2ZyB3aWR0aD0iMSIgaGVpZ2h0PSIxIiB4bWxucz0iaHR0cDovL3d3dy53My5vcmcvMjAwMC9zdmciPjwvc3ZnPg==\" style=\"--smush-placeholder-width: 270px; --smush-placeholder-aspect-ratio: 270\/179;\" \/><\/a>\n\t\t\t\t<\/div>\n<div class='one_half last'>\n\t\t\t\t\t<h6><em>\u00c9 do Voyage o acerto de suspens\u00e3o mais esportivo, com conforto adequado;\u00a0<\/em><em>o Etios destaca-se pela absor\u00e7\u00e3o de irregularidades e o Logan est\u00e1 duro demais<\/em><\/h6>\n\t\t\t\t<\/div><div class='clear'><\/div>\n<p>&nbsp;<\/p>\n<p>O Etios concilia conforto adequado, estabilidade segura e a sensa\u00e7\u00e3o de um conjunto robusto para nosso lament\u00e1vel padr\u00e3o de piso. Embora com molas um pouco duras, mostra absor\u00e7\u00e3o de irregularidades das melhores, mas transmite muito os ru\u00eddos de rodagem. Decepcionou o Logan: as molas duras deixam-no com o rodar menos confort\u00e1vel dos tr\u00eas em piso irregular, saltando sobre emendas do piso como uma picape leve, sem que sobressaia em estabilidade. Os tr\u00eas transp\u00f5em lombadas com tranquilidade.<\/p>\n<p>&nbsp;<\/p>\n<div class='code-block code-block-7' style='margin: 28px auto; text-align: center; display: block; clear: both;'>\n<br>\n<div align=\"center\">\n<a target=\"_blank\" href=\"https:\/\/bestcars.com.br\/bc\/\">\n<img decoding=\"async\" data-src=\"https:\/\/bestcars.com.br\/bc\/wp-content\/uploads\/2021\/07\/Auto-Livraria-450x300-quadros.jpg\" alt=\"Auto Livraria\" src=\"data:image\/svg+xml;base64,PHN2ZyB3aWR0aD0iMSIgaGVpZ2h0PSIxIiB4bWxucz0iaHR0cDovL3d3dy53My5vcmcvMjAwMC9zdmciPjwvc3ZnPg==\" class=\"lazyload\"><\/a>\n<\/div>\n<br><\/div>\n\n<p>&nbsp;<\/p>\n<p>Destaque do Etios \u00e9 a leveza da dire\u00e7\u00e3o (dotada de assist\u00eancia el\u00e9trica, a \u00fanica no grupo) em baixa velocidade. Em contrapartida, poderia melhorar em precis\u00e3o direcional, com melhor defini\u00e7\u00e3o do ponto central e realinhamento mais r\u00e1pido ap\u00f3s as curvas \u2014 n\u00e3o se trata de assist\u00eancia excessiva, mas de ajuste infeliz da geometria de suspens\u00e3o e dire\u00e7\u00e3o. O Logan fica para tr\u00e1s pelo volante mais pesado em baixa e apresenta a mesma sensa\u00e7\u00e3o em velocidade do Toyota, ou seja, deixa a desejar em ambos os quesitos. O mais preciso em alta \u00e9 mesmo o Voyage.\u00a0Os freios dos tr\u00eas est\u00e3o bem dimensionados e, al\u00e9m do obrigat\u00f3rio sistema antitravamento (ABS), trazem <a href=\"https:\/\/autolivraria.com.br\/bc\/glossario-d\/#ebd\">distribui\u00e7\u00e3o eletr\u00f4nica da for\u00e7a de frenagem entre os eixos (EBD)<\/a>.<\/p>\n<p>Em ilumina\u00e7\u00e3o, os far\u00f3is de <a href=\"https:\/\/autolivraria.com.br\/bc\/glossario-d\/#dupl\">duplo refletor<\/a> de Voyage e Logan s\u00e3o mais eficientes que os simples do Etios, mas os tr\u00eas v\u00eam com unidades de neblina (luz traseira de mesmo uso, s\u00f3 no VW), repetidores laterais das luzes de dire\u00e7\u00e3o (montados nos para-lamas do Toyota, menos vulner\u00e1veis que nos retrovisores dos outros carros) e retrovisores externos <a href=\"https:\/\/autolivraria.com.br\/bc\/glossario-c\/#conv\">convexos<\/a> \u2014 no Voyage houve avan\u00e7o depois do lan\u00e7amento da atual gera\u00e7\u00e3o, que no in\u00edcio usava lente plana no esquerdo.<\/p>\n<p>&nbsp;<\/p>\n<div class='one_half'>\n\t\t\t\t\t<a href=\"https:\/\/autolivraria.com.br\/bc\/wp-content\/uploads\/2014\/02\/Renault-Logan-Dynamique-10.jpg\"><img decoding=\"async\" class=\"aligncenter size-meia-largura-post wp-image-40774 lazyload\" data-src=\"https:\/\/autolivraria.com.br\/bc\/wp-content\/uploads\/2014\/02\/Renault-Logan-Dynamique-10-270x179.jpg\" alt=\"Renault Logan Dynamique\" width=\"270\" height=\"179\" data-srcset=\"https:\/\/autolivraria.com.br\/bc\/wp-content\/uploads\/2014\/02\/Renault-Logan-Dynamique-10-270x179.jpg 270w, https:\/\/autolivraria.com.br\/bc\/wp-content\/uploads\/2014\/02\/Renault-Logan-Dynamique-10-560x373.jpg 560w, https:\/\/autolivraria.com.br\/bc\/wp-content\/uploads\/2014\/02\/Renault-Logan-Dynamique-10-470x313.jpg 470w, https:\/\/autolivraria.com.br\/bc\/wp-content\/uploads\/2014\/02\/Renault-Logan-Dynamique-10-168x111.jpg 168w, https:\/\/autolivraria.com.br\/bc\/wp-content\/uploads\/2014\/02\/Renault-Logan-Dynamique-10.jpg 1280w\" data-sizes=\"(max-width: 270px) 100vw, 270px\" src=\"data:image\/svg+xml;base64,PHN2ZyB3aWR0aD0iMSIgaGVpZ2h0PSIxIiB4bWxucz0iaHR0cDovL3d3dy53My5vcmcvMjAwMC9zdmciPjwvc3ZnPg==\" style=\"--smush-placeholder-width: 270px; --smush-placeholder-aspect-ratio: 270\/179;\" \/><\/a>\n\t\t\t\t<\/div>\n<div class='one_half last'>\n\t\t\t\t\t<a href=\"https:\/\/autolivraria.com.br\/bc\/wp-content\/uploads\/2014\/02\/Toyota-Etios-XLS-10.jpg\"><img decoding=\"async\" class=\"aligncenter size-meia-largura-post wp-image-40773 lazyload\" data-src=\"https:\/\/autolivraria.com.br\/bc\/wp-content\/uploads\/2014\/02\/Toyota-Etios-XLS-10-270x179.jpg\" alt=\"Toyota Etios XLS\" width=\"270\" height=\"179\" data-srcset=\"https:\/\/autolivraria.com.br\/bc\/wp-content\/uploads\/2014\/02\/Toyota-Etios-XLS-10-270x179.jpg 270w, https:\/\/autolivraria.com.br\/bc\/wp-content\/uploads\/2014\/02\/Toyota-Etios-XLS-10-560x373.jpg 560w, https:\/\/autolivraria.com.br\/bc\/wp-content\/uploads\/2014\/02\/Toyota-Etios-XLS-10-470x313.jpg 470w, https:\/\/autolivraria.com.br\/bc\/wp-content\/uploads\/2014\/02\/Toyota-Etios-XLS-10-168x111.jpg 168w, https:\/\/autolivraria.com.br\/bc\/wp-content\/uploads\/2014\/02\/Toyota-Etios-XLS-10.jpg 1280w\" data-sizes=\"(max-width: 270px) 100vw, 270px\" src=\"data:image\/svg+xml;base64,PHN2ZyB3aWR0aD0iMSIgaGVpZ2h0PSIxIiB4bWxucz0iaHR0cDovL3d3dy53My5vcmcvMjAwMC9zdmciPjwvc3ZnPg==\" style=\"--smush-placeholder-width: 270px; --smush-placeholder-aspect-ratio: 270\/179;\" \/><\/a>\n\t\t\t\t<\/div><div class='clear'><\/div>\n<p>&nbsp;<\/p>\n<div class='one_half'>\n\t\t\t\t\t<a href=\"https:\/\/autolivraria.com.br\/bc\/wp-content\/uploads\/2014\/02\/VW-Voyage-Selecao-10.jpg\"><img decoding=\"async\" class=\"aligncenter size-meia-largura-post wp-image-40772 lazyload\" data-src=\"https:\/\/autolivraria.com.br\/bc\/wp-content\/uploads\/2014\/02\/VW-Voyage-Selecao-10-270x179.jpg\" alt=\"VW Voyage Selecao\" width=\"270\" height=\"179\" data-srcset=\"https:\/\/autolivraria.com.br\/bc\/wp-content\/uploads\/2014\/02\/VW-Voyage-Selecao-10-270x179.jpg 270w, https:\/\/autolivraria.com.br\/bc\/wp-content\/uploads\/2014\/02\/VW-Voyage-Selecao-10-560x373.jpg 560w, https:\/\/autolivraria.com.br\/bc\/wp-content\/uploads\/2014\/02\/VW-Voyage-Selecao-10-470x313.jpg 470w, https:\/\/autolivraria.com.br\/bc\/wp-content\/uploads\/2014\/02\/VW-Voyage-Selecao-10-168x111.jpg 168w, https:\/\/autolivraria.com.br\/bc\/wp-content\/uploads\/2014\/02\/VW-Voyage-Selecao-10.jpg 1280w\" data-sizes=\"(max-width: 270px) 100vw, 270px\" src=\"data:image\/svg+xml;base64,PHN2ZyB3aWR0aD0iMSIgaGVpZ2h0PSIxIiB4bWxucz0iaHR0cDovL3d3dy53My5vcmcvMjAwMC9zdmciPjwvc3ZnPg==\" style=\"--smush-placeholder-width: 270px; --smush-placeholder-aspect-ratio: 270\/179;\" \/><\/a>\n\t\t\t\t<\/div>\n<div class='one_half last'>\n\t\t\t\t\t<h6><em>Os far\u00f3is do Logan agora s\u00e3o de duplo refletor como os do Voyage, prefer\u00edveis<\/em>\n<em>aos do Etios, mas os tr\u00eas t\u00eam unidades de neblina e repetidores de dire\u00e7\u00e3o<\/em><\/h6>\n\t\t\t\t<\/div><div class='clear'><\/div>\n<p>&nbsp;<\/p>\n<p>\u00c9 boa a visibilidade em todos, com algum preju\u00edzo no Logan pelas colunas dianteiras muito largas e mais avan\u00e7adas (quem esperaria reclamar disso em um carro que, at\u00e9 outro dia, tinha um desenho t\u00edpico dos anos 80?), al\u00e9m de certa dificuldade na traseira em todos,\u00a0inerente \u00e0 forma de porta-malas de um sed\u00e3.<\/p>\n<p>Em <a href=\"https:\/\/autolivraria.com.br\/bc\/glossario-s\/#segu\">seguran\u00e7a passiva<\/a>, as f\u00e1bricas oferecem praticamente s\u00f3 o que exige a lei: bolsas infl\u00e1veis frontais, encostos de cabe\u00e7a e cintos de tr\u00eas pontos para quatro dos ocupantes (apenas o Logan tem o quinto encosto). Fixa\u00e7\u00e3o <a href=\"https:\/\/autolivraria.com.br\/bc\/glossario-i\/#isof\">Isofix<\/a> para cadeira infantil n\u00e3o foi prevista em nenhum deles.<\/p>\n<table border=\"0\">\n<tbody>\n<tr>\n<td><a href='https:\/\/autolivraria.com.br\/bc\/informe-se\/avaliacao\/comparativo\/renault-logan-toyota-etios-vw-voyage-como-o-brasileiro-gosta\/5\/' class='small-button smallsilver'>Pr\u00f3xima parte<\/a><\/td>\n<\/tr>\n<\/tbody>\n<\/table>\n<p>&nbsp;<\/p>\n<p>&nbsp;<\/p>\n<p><!--nextpage--><\/p>\n<h2>Simula\u00e7\u00e3o de desempenho<\/h2>\n<p>O carro mais potente nem sempre \u00e9 o mais r\u00e1pido e veloz, como comprovou mais uma vez a\u00a0simula\u00e7\u00e3o de desempenho do <strong>Best Cars<\/strong>, elaborada pelo consultor Iran Cartaxo. Apesar dos 2 cv a mais que o Voyage (com \u00e1lcool), o Logan ficou para tr\u00e1s dele em acelera\u00e7\u00e3o, retomada e velocidade m\u00e1xima e perdeu tamb\u00e9m para o Etios em alguns quesitos.<\/p>\n<p>Em velocidade, o VW obteve entre 8 e 14 km\/h acima dos oponentes, o que se explica por fatores como melhor aerodin\u00e2mica (evidenciada no menor consumo de pot\u00eancia para manter 120 km\/h) e bom c\u00e1lculo de c\u00e2mbio para esse fim. Sua quinta marcha quase atinge a rota\u00e7\u00e3o de maior pot\u00eancia, enquanto a do Renault fica cerca de 400 rpm abaixo. No Toyota a quarta chega perto do limite de giros, mas a quinta longa demais faz perder 2 km\/h. Interessante a proximidade dos regimes a 120 km\/h em quinta.<\/p>\n<p>&nbsp;<\/p>\n<div class='one_half'>\n\t\t\t\t\t<a href=\"https:\/\/autolivraria.com.br\/bc\/wp-content\/uploads\/2014\/03\/Potencia.gif\"><img decoding=\"async\" class=\"aligncenter size-meia-largura-post wp-image-41559 lazyload\" data-src=\"https:\/\/autolivraria.com.br\/bc\/wp-content\/uploads\/2014\/03\/Potencia-270x179.gif\" alt=\"Potencia\" width=\"270\" height=\"179\" data-srcset=\"https:\/\/autolivraria.com.br\/bc\/wp-content\/uploads\/2014\/03\/Potencia-270x179.gif 270w, https:\/\/autolivraria.com.br\/bc\/wp-content\/uploads\/2014\/03\/Potencia-560x373.gif 560w, https:\/\/autolivraria.com.br\/bc\/wp-content\/uploads\/2014\/03\/Potencia-470x313.gif 470w, https:\/\/autolivraria.com.br\/bc\/wp-content\/uploads\/2014\/03\/Potencia-168x111.gif 168w\" data-sizes=\"(max-width: 270px) 100vw, 270px\" src=\"data:image\/svg+xml;base64,PHN2ZyB3aWR0aD0iMSIgaGVpZ2h0PSIxIiB4bWxucz0iaHR0cDovL3d3dy53My5vcmcvMjAwMC9zdmciPjwvc3ZnPg==\" style=\"--smush-placeholder-width: 270px; --smush-placeholder-aspect-ratio: 270\/179;\" \/><\/a>\n\t\t\t\t<\/div>\n<div class='one_half last'>\n\t\t\t\t\t<a href=\"https:\/\/autolivraria.com.br\/bc\/wp-content\/uploads\/2014\/03\/Torque.gif\"><img decoding=\"async\" class=\"aligncenter size-meia-largura-post wp-image-41558 lazyload\" data-src=\"https:\/\/autolivraria.com.br\/bc\/wp-content\/uploads\/2014\/03\/Torque-270x179.gif\" alt=\"Torque\" width=\"270\" height=\"179\" data-srcset=\"https:\/\/autolivraria.com.br\/bc\/wp-content\/uploads\/2014\/03\/Torque-270x179.gif 270w, https:\/\/autolivraria.com.br\/bc\/wp-content\/uploads\/2014\/03\/Torque-560x373.gif 560w, https:\/\/autolivraria.com.br\/bc\/wp-content\/uploads\/2014\/03\/Torque-470x313.gif 470w, https:\/\/autolivraria.com.br\/bc\/wp-content\/uploads\/2014\/03\/Torque-168x111.gif 168w\" data-sizes=\"(max-width: 270px) 100vw, 270px\" src=\"data:image\/svg+xml;base64,PHN2ZyB3aWR0aD0iMSIgaGVpZ2h0PSIxIiB4bWxucz0iaHR0cDovL3d3dy53My5vcmcvMjAwMC9zdmciPjwvc3ZnPg==\" style=\"--smush-placeholder-width: 270px; --smush-placeholder-aspect-ratio: 270\/179;\" \/><\/a>\n\t\t\t\t<\/div><div class='clear'><\/div>\n<p>&nbsp;<\/p>\n<p>O Voyage volta a brilhar em acelera\u00e7\u00e3o, como ao passar de 0 a 100 km\/h em 0,8 segundo a menos que o Logan e 1,6 s a menos que o Etios, sempre com \u00e1lcool. Al\u00e9m da pot\u00eancia superior \u00e0 do Toyota, beneficia-se do peso bem mais baixo que o do Renault. A vantagem do VW cresce nas retomadas, nas quais o torque expressivo em baixa rota\u00e7\u00e3o deixa-o com os menores tempos em todas as provas, seguido quase sempre pelo carro da marca francesa (que, no entanto, perde mais com gasolina que seus advers\u00e1rios). O da japonesa decepciona nesse quesito.<\/p>\n<p>Onde o Etios d\u00e1 o troco \u00e9 no consumo, o melhor do grupo por at\u00e9 0,9 km\/l, favorecido pela combina\u00e7\u00e3o de boa aerodin\u00e2mica, peso moderado e c\u00e2mbio pouco mais longo que os dos oponentes em algumas marchas. Com marcas ao redor de 13 km\/l com gasolina e 10 com \u00e1lcool no ciclo rodovi\u00e1rio, os tr\u00eas podem ser considerados econ\u00f4micos. Com tanque de maior capacidade, o VW oferece a maior autonomia.<\/p>\n<p>&nbsp;<\/p>\n<div class='et-box et-shadow'>\n\t\t\t\t\t<div class='et-box-content'><table id=\"table8\" style=\"width: 100%;\" border=\"0\" cellspacing=\"0\" cellpadding=\"3\">\n<tbody>\n<tr>\n<td rowspan=\"2\" width=\"34%\"><\/td>\n<td colspan=\"2\" width=\"11%\">\n<h1>Logan<\/h1>\n<\/td>\n<td colspan=\"2\" width=\"11%\">\n<h1>Etios<\/h1>\n<\/td>\n<td colspan=\"2\" width=\"11%\">\n<h1>Voyage<\/h1>\n<\/td>\n<\/tr>\n<tr>\n<td width=\"11%\">gas.<\/td>\n<td width=\"11%\">\u00e1lc.<\/td>\n<td width=\"11%\">gas.<\/td>\n<td width=\"11%\">\u00e1lc.<\/td>\n<td width=\"11%\">gas.<\/td>\n<td width=\"11%\">\u00e1lc.<\/td>\n<\/tr>\n<tr>\n<td width=\"34%\">Veloc. m\u00e1xima (km\/h)<\/td>\n<td width=\"11%\">168,8<\/td>\n<td width=\"11%\">175,1<\/td>\n<td width=\"11%\">175,5<\/td>\n<td width=\"11%\">177,5<\/td>\n<td width=\"11%\"><strong>183,8<\/strong><\/td>\n<td width=\"11%\"><strong>185,2<\/strong><\/td>\n<\/tr>\n<tr>\n<td width=\"34%\">Regime \u00e0 vel. m\u00e1xima (rpm)<\/td>\n<td width=\"11%\">4.750<\/td>\n<td width=\"11%\">4.950<\/td>\n<td width=\"11%\">5.900<\/td>\n<td width=\"11%\">5.950<\/td>\n<td width=\"11%\"><strong>5.050<\/strong><\/td>\n<td width=\"11%\"><strong>5.100<\/strong><\/td>\n<\/tr>\n<tr>\n<td width=\"34%\">Marcha em vel. m\u00e1xima<\/td>\n<td colspan=\"2\" width=\"11%\">5\u00aa.<\/td>\n<td colspan=\"2\" width=\"11%\">4\u00aa.<\/td>\n<td colspan=\"2\" width=\"11%\">5\u00aa.<\/td>\n<\/tr>\n<tr>\n<td width=\"34%\">Regime a 120 km\/h (5\u00aa., rpm)<\/td>\n<td colspan=\"2\" width=\"11%\">3.400<\/td>\n<td colspan=\"2\" width=\"11%\">3.350<\/td>\n<td colspan=\"2\" width=\"11%\"><strong>3.300<\/strong><\/td>\n<\/tr>\n<tr>\n<td width=\"34%\">Pot\u00eancia a 120 km\/h (cv)<\/td>\n<td colspan=\"2\" width=\"11%\">33<\/td>\n<td colspan=\"2\" width=\"11%\">30<\/td>\n<td colspan=\"2\" width=\"11%\"><strong>28<\/strong><\/td>\n<\/tr>\n<tr>\n<td width=\"34%\">Aceler. 0 a 100 km\/h (s)<\/td>\n<td width=\"11%\">12,9<\/td>\n<td width=\"11%\">11,9<\/td>\n<td width=\"11%\">12,9<\/td>\n<td width=\"11%\">12,6<\/td>\n<td width=\"11%\"><strong>11,2<\/strong><\/td>\n<td width=\"11%\"><strong>11,0<\/strong><\/td>\n<\/tr>\n<tr>\n<td width=\"34%\">Aceler. 0 a 400 m (s)<\/td>\n<td width=\"11%\">18,4<\/td>\n<td width=\"11%\">18,0<\/td>\n<td width=\"11%\">18,6<\/td>\n<td width=\"11%\">18,5<\/td>\n<td width=\"11%\"><strong>17,6<\/strong><\/td>\n<td width=\"11%\"><strong>17,5<\/strong><\/td>\n<\/tr>\n<tr>\n<td width=\"34%\">Aceler. 0 a 1.000 m (s)<\/td>\n<td width=\"11%\">34,4<\/td>\n<td width=\"11%\">33,3<\/td>\n<td width=\"11%\">34,1<\/td>\n<td width=\"11%\">33,9<\/td>\n<td width=\"11%\"><strong>32,3<\/strong><\/td>\n<td width=\"11%\"><strong>32,2<\/strong><\/td>\n<\/tr>\n<tr>\n<td width=\"34%\">Ret. 60 a 100 km\/h em 4\u00aa. (s)<\/td>\n<td width=\"11%\">11,9<\/td>\n<td width=\"11%\">10,8<\/td>\n<td width=\"11%\">12,3<\/td>\n<td width=\"11%\">12,6<\/td>\n<td width=\"11%\"><strong>10,5<\/strong><\/td>\n<td width=\"11%\"><strong>10,2<\/strong><\/td>\n<\/tr>\n<tr>\n<td width=\"34%\">Ret. 60 a 100 km\/h em 3\u00aa. (s)<\/td>\n<td width=\"11%\">8,1<\/td>\n<td width=\"11%\">7,6<\/td>\n<td width=\"11%\">8,8<\/td>\n<td width=\"11%\">8,7<\/td>\n<td width=\"11%\"><strong>7,2<\/strong><\/td>\n<td width=\"11%\"><strong>7,1<\/strong><\/td>\n<\/tr>\n<tr>\n<td width=\"34%\">Ret. 80 a 120 km\/h em 5\u00aa. (s)<\/td>\n<td width=\"11%\">19,2<\/td>\n<td width=\"11%\">16,8<\/td>\n<td width=\"11%\">18,6<\/td>\n<td width=\"11%\">19,1<\/td>\n<td width=\"11%\"><strong>15,4<\/strong><\/td>\n<td width=\"11%\"><strong>15,2<\/strong><\/td>\n<\/tr>\n<tr>\n<td width=\"34%\">Ret. 80 a 120 km\/h em 4\u00aa. (s)<\/td>\n<td width=\"11%\">13,5<\/td>\n<td width=\"11%\">12,1<\/td>\n<td width=\"11%\">14,2<\/td>\n<td width=\"11%\">14,0<\/td>\n<td width=\"11%\"><strong>11,5<\/strong><\/td>\n<td width=\"11%\"><strong>11,4<\/strong><\/td>\n<\/tr>\n<tr>\n<td width=\"34%\">Ret. 80 a 120 km\/h em 3\u00aa. (s)<\/td>\n<td width=\"11%\">9,7<\/td>\n<td width=\"11%\">8,8<\/td>\n<td width=\"11%\">9,8<\/td>\n<td width=\"11%\">9,5<\/td>\n<td width=\"11%\"><strong>8,1<\/strong><\/td>\n<td width=\"11%\"><strong>7,8<\/strong><\/td>\n<\/tr>\n<tr>\n<td width=\"34%\">Cons. ciclo urbano (km\/l)<\/td>\n<td width=\"11%\">9,1<\/td>\n<td width=\"11%\">6,6<\/td>\n<td width=\"11%\"><strong>9,9<\/strong><\/td>\n<td width=\"11%\"><strong>7,3<\/strong><\/td>\n<td width=\"11%\">9,0<\/td>\n<td width=\"11%\">6,4<\/td>\n<\/tr>\n<tr>\n<td width=\"34%\">Cons. ciclo rodovi\u00e1rio (km\/l)<\/td>\n<td width=\"11%\">12,8<\/td>\n<td width=\"11%\">9,5<\/td>\n<td width=\"11%\"><strong>13,7<\/strong><\/td>\n<td width=\"11%\"><strong>10,3<\/strong><\/td>\n<td width=\"11%\">13,0<\/td>\n<td width=\"11%\">9,4<\/td>\n<\/tr>\n<tr>\n<td width=\"34%\">Auton. ciclo urbano (km)<\/td>\n<td width=\"11%\">411<\/td>\n<td width=\"11%\">298<\/td>\n<td width=\"11%\">401<\/td>\n<td width=\"11%\">294<\/td>\n<td width=\"11%\"><strong>445<\/strong><\/td>\n<td width=\"11%\"><strong>318<\/strong><\/td>\n<\/tr>\n<tr>\n<td width=\"34%\">Auton. ciclo rodovi\u00e1rio (km)<\/td>\n<td width=\"11%\">575<\/td>\n<td width=\"11%\">427<\/td>\n<td width=\"11%\">557<\/td>\n<td width=\"11%\">416<\/td>\n<td width=\"11%\"><strong>641<\/strong><\/td>\n<td width=\"11%\"><strong>467<\/strong><\/td>\n<\/tr>\n<tr>\n<td colspan=\"7\" width=\"100%\">Melhores resultados em negrito; <a href=\"https:\/\/autolivraria.com.br\/bc\/simulador-de-desempenho\/\"> conhe\u00e7a o simulador e os ciclos de consumo<\/a><\/td>\n<\/tr>\n<\/tbody>\n<\/table>\n<p><span style=\"line-height: 1.5em;\"><\/div><\/div><\/span><\/p>\n<p>&nbsp;<\/p>\n<div class='code-block code-block-7' style='margin: 28px auto; text-align: center; display: block; clear: both;'>\n<br>\n<div align=\"center\">\n<a target=\"_blank\" href=\"https:\/\/bestcars.com.br\/bc\/\">\n<img decoding=\"async\" data-src=\"https:\/\/bestcars.com.br\/bc\/wp-content\/uploads\/2021\/07\/Auto-Livraria-450x300-quadros.jpg\" alt=\"Auto Livraria\" src=\"data:image\/svg+xml;base64,PHN2ZyB3aWR0aD0iMSIgaGVpZ2h0PSIxIiB4bWxucz0iaHR0cDovL3d3dy53My5vcmcvMjAwMC9zdmciPjwvc3ZnPg==\" class=\"lazyload\"><\/a>\n<\/div>\n<br><\/div>\n\n<p>&nbsp;<\/p>\n<div class='et-box et-shadow'>\n\t\t\t\t\t<div class='et-box-content'><h2>Dados dos fabricantes<\/h2>\n<table id=\"table10\" style=\"width: 100%;\" border=\"0\" cellspacing=\"0\" cellpadding=\"3\">\n<tbody>\n<tr>\n<td rowspan=\"2\"><\/td>\n<td colspan=\"2\">\n<h1>Logan<\/h1>\n<\/td>\n<td colspan=\"2\">\n<h1>Etios<\/h1>\n<\/td>\n<td colspan=\"2\">\n<h1>Voyage<\/h1>\n<\/td>\n<\/tr>\n<tr>\n<td>gas.<\/td>\n<td>\u00e1lc.<\/td>\n<td>gas.<\/td>\n<td>\u00e1lc.<\/td>\n<td>gas.<\/td>\n<td>\u00e1lc.<\/td>\n<\/tr>\n<tr>\n<td>Veloc. m\u00e1xima (km\/h)<\/td>\n<td>178<\/td>\n<td>180<\/td>\n<td>ND<\/td>\n<td><\/td>\n<td>189<\/td>\n<td>191<\/td>\n<\/tr>\n<tr>\n<td>Aceler. 0 a 100 km\/h (s)<\/td>\n<td>11,9<\/td>\n<td>11,6<\/td>\n<td>11,8<\/td>\n<td>11,3<\/td>\n<td>10,1<\/td>\n<td>9,8<\/td>\n<\/tr>\n<tr>\n<td>Consumo ciclo urbano (km\/l)<\/td>\n<td>11,9<\/td>\n<td>8,1<\/td>\n<td>11,9<\/td>\n<td>8,4<\/td>\n<td>10,7<\/td>\n<td>7,3<\/td>\n<\/tr>\n<tr>\n<td>Consumo ciclo rodovi\u00e1rio (km\/l)<\/td>\n<td>13,4<\/td>\n<td>9,2<\/td>\n<td>14,0<\/td>\n<td>9,3<\/td>\n<td>13,7<\/td>\n<td>9,4<\/td>\n<\/tr>\n<tr>\n<td colspan=\"7\">ND = n\u00e3o dispon\u00edvel; consumo conforme padr\u00f5es do Inmetro<\/td>\n<\/tr>\n<\/tbody>\n<\/table><\/div><\/div>\n<p>&nbsp;<\/p>\n<div class='one_half'>\n\t\t\t\t\t<a href=\"https:\/\/autolivraria.com.br\/bc\/wp-content\/uploads\/2014\/02\/Renault-Logan-Dynamique-06.jpg\"><img decoding=\"async\" class=\"aligncenter size-meia-largura-post wp-image-40775 lazyload\" data-src=\"https:\/\/autolivraria.com.br\/bc\/wp-content\/uploads\/2014\/02\/Renault-Logan-Dynamique-06-270x179.jpg\" alt=\"Renault Logan Dynamique\" width=\"270\" height=\"179\" data-srcset=\"https:\/\/autolivraria.com.br\/bc\/wp-content\/uploads\/2014\/02\/Renault-Logan-Dynamique-06-270x179.jpg 270w, https:\/\/autolivraria.com.br\/bc\/wp-content\/uploads\/2014\/02\/Renault-Logan-Dynamique-06-560x373.jpg 560w, https:\/\/autolivraria.com.br\/bc\/wp-content\/uploads\/2014\/02\/Renault-Logan-Dynamique-06-470x313.jpg 470w, https:\/\/autolivraria.com.br\/bc\/wp-content\/uploads\/2014\/02\/Renault-Logan-Dynamique-06-168x111.jpg 168w, https:\/\/autolivraria.com.br\/bc\/wp-content\/uploads\/2014\/02\/Renault-Logan-Dynamique-06.jpg 1280w\" data-sizes=\"(max-width: 270px) 100vw, 270px\" src=\"data:image\/svg+xml;base64,PHN2ZyB3aWR0aD0iMSIgaGVpZ2h0PSIxIiB4bWxucz0iaHR0cDovL3d3dy53My5vcmcvMjAwMC9zdmciPjwvc3ZnPg==\" style=\"--smush-placeholder-width: 270px; --smush-placeholder-aspect-ratio: 270\/179;\" \/><\/a>\n\t\t\t\t<\/div>\n<div class='one_half last'>\n\t\t\t\t\t<a href=\"https:\/\/autolivraria.com.br\/bc\/wp-content\/uploads\/2014\/02\/Toyota-Etios-XLS-06.jpg\"><img decoding=\"async\" class=\"aligncenter size-meia-largura-post wp-image-40777 lazyload\" data-src=\"https:\/\/autolivraria.com.br\/bc\/wp-content\/uploads\/2014\/02\/Toyota-Etios-XLS-06-270x179.jpg\" alt=\"Toyota Etios XLS\" width=\"270\" height=\"179\" data-srcset=\"https:\/\/autolivraria.com.br\/bc\/wp-content\/uploads\/2014\/02\/Toyota-Etios-XLS-06-270x179.jpg 270w, https:\/\/autolivraria.com.br\/bc\/wp-content\/uploads\/2014\/02\/Toyota-Etios-XLS-06-560x373.jpg 560w, https:\/\/autolivraria.com.br\/bc\/wp-content\/uploads\/2014\/02\/Toyota-Etios-XLS-06-470x313.jpg 470w, https:\/\/autolivraria.com.br\/bc\/wp-content\/uploads\/2014\/02\/Toyota-Etios-XLS-06-168x111.jpg 168w, https:\/\/autolivraria.com.br\/bc\/wp-content\/uploads\/2014\/02\/Toyota-Etios-XLS-06.jpg 1280w\" data-sizes=\"(max-width: 270px) 100vw, 270px\" src=\"data:image\/svg+xml;base64,PHN2ZyB3aWR0aD0iMSIgaGVpZ2h0PSIxIiB4bWxucz0iaHR0cDovL3d3dy53My5vcmcvMjAwMC9zdmciPjwvc3ZnPg==\" style=\"--smush-placeholder-width: 270px; --smush-placeholder-aspect-ratio: 270\/179;\" \/><\/a>\n\t\t\t\t<\/div><div class='clear'><\/div>\n<p>&nbsp;<\/p>\n<div class='one_half'>\n\t\t\t\t\t<a href=\"https:\/\/autolivraria.com.br\/bc\/wp-content\/uploads\/2014\/02\/VW-Voyage-Selecao-06.jpg\"><img decoding=\"async\" class=\"aligncenter size-meia-largura-post wp-image-40776 lazyload\" data-src=\"https:\/\/autolivraria.com.br\/bc\/wp-content\/uploads\/2014\/02\/VW-Voyage-Selecao-06-270x179.jpg\" alt=\"VW Voyage Selecao\" width=\"270\" height=\"179\" data-srcset=\"https:\/\/autolivraria.com.br\/bc\/wp-content\/uploads\/2014\/02\/VW-Voyage-Selecao-06-270x179.jpg 270w, https:\/\/autolivraria.com.br\/bc\/wp-content\/uploads\/2014\/02\/VW-Voyage-Selecao-06-560x373.jpg 560w, https:\/\/autolivraria.com.br\/bc\/wp-content\/uploads\/2014\/02\/VW-Voyage-Selecao-06-470x313.jpg 470w, https:\/\/autolivraria.com.br\/bc\/wp-content\/uploads\/2014\/02\/VW-Voyage-Selecao-06-168x111.jpg 168w, https:\/\/autolivraria.com.br\/bc\/wp-content\/uploads\/2014\/02\/VW-Voyage-Selecao-06.jpg 1280w\" data-sizes=\"(max-width: 270px) 100vw, 270px\" src=\"data:image\/svg+xml;base64,PHN2ZyB3aWR0aD0iMSIgaGVpZ2h0PSIxIiB4bWxucz0iaHR0cDovL3d3dy53My5vcmcvMjAwMC9zdmciPjwvc3ZnPg==\" style=\"--smush-placeholder-width: 270px; --smush-placeholder-aspect-ratio: 270\/179;\" \/><\/a>\n\t\t\t\t<\/div>\n<div class='one_half last'>\n\t\t\t\t\t<h6><em>S\u00e3o tr\u00eas sed\u00e3s pr\u00e1ticos, de bom desempenho e relativamente econ\u00f4micos,\u00a0mas\u00a0o Voyage fica um pouco atr\u00e1s dos oponentes em capacidade de bagagem<\/em><\/h6>\n\t\t\t\t<\/div><div class='clear'><\/div>\n<p>&nbsp;<\/p>\n<div class='et-box et-shadow'>\n\t\t\t\t\t<div class='et-box-content'><h2>Coment\u00e1rio t\u00e9cnico<\/h2>\n<p>\u2022 O motor do Etios tem a concep\u00e7\u00e3o mais atual, sendo usado em modelos da marca na Europa, s\u00f3 que com adi\u00e7\u00e3o de <a href=\"https:\/\/autolivraria.com.br\/bc\/glossario-v\/#vari\">varia\u00e7\u00e3o de tempo de abertura das v\u00e1lvulas<\/a>. O bloco de alum\u00ednio favorece a efici\u00eancia (menor peso e maior dissipa\u00e7\u00e3o de calor que o ferro fundido dos outros), o cabe\u00e7ote tem duplo comando com quatro v\u00e1lvulas por cilindro e o acionamento do comando usa corrente, que dispensa troca peri\u00f3dica (nos advers\u00e1rios, correia dentada). Os de Voyage e Renault s\u00e3o projetos mais antigos, em uso no Brasil h\u00e1 13 anos no primeiro e 15 no segundo.<\/p>\n<p>\u2022 Um ponto em comum \u00e9 a <a href=\"https:\/\/autolivraria.com.br\/bc\/glossario-t\/#taxa\">taxa de compress\u00e3o<\/a> ao redor de 12:1, que indica a prioridade dos fabricantes ao funcionamento com \u00e1lcool. A <a href=\"https:\/\/autolivraria.com.br\/bc\/glossario-p\/#pote\">pot\u00eancia espec\u00edfica<\/a> varia pouco, sendo mais alta no Logan com \u00e1lcool e mais baixa no mesmo modelo com gasolina \u2014 os concorrentes ficam dentro desse intervalo. At\u00e9 a <a href=\"https:\/\/autolivraria.com.br\/bc\/glossario-r\/#rela\">rela\u00e7\u00e3o r\/l<\/a> \u00e9 a mesma (0,314) em dois dos motores, o VW e o Renault, um pouco acima do limite convencionado de 0,3 para uma opera\u00e7\u00e3o suave (a do Toyota n\u00e3o \u00e9 conhecida).<\/p>\n<p>\u2022 Nas suspens\u00f5es, apenas o &#8220;arroz com feij\u00e3o&#8221; usado por quase toda a ind\u00fastria, com sistema McPherson \u00e0 frente e eixo de tor\u00e7\u00e3o atr\u00e1s. Mais moderna \u00e9 a assist\u00eancia el\u00e9trica de dire\u00e7\u00e3o do Etios, ante a hidr\u00e1ulica dos demais, pois reduz o consumo de energia e dispensa fluido.<\/p><\/div><\/div>\n<table border=\"0\">\n<tbody>\n<tr>\n<td><a href='https:\/\/autolivraria.com.br\/bc\/informe-se\/avaliacao\/comparativo\/renault-logan-toyota-etios-vw-voyage-como-o-brasileiro-gosta\/6\/' class='small-button smallsilver'>Pr\u00f3xima parte<\/a><\/td>\n<\/tr>\n<\/tbody>\n<\/table>\n<p>&nbsp;<\/p>\n<p>&nbsp;<\/p>\n<p><!--nextpage--><\/p>\n<div class='one_half'>\n\t\t\t\t\t<a href=\"https:\/\/autolivraria.com.br\/bc\/wp-content\/uploads\/2014\/03\/Renault-Logan-Dynamique-07.jpg\"><img decoding=\"async\" class=\"aligncenter size-meia-largura-post wp-image-41563 lazyload\" data-src=\"https:\/\/autolivraria.com.br\/bc\/wp-content\/uploads\/2014\/03\/Renault-Logan-Dynamique-07-270x179.jpg\" alt=\"Renault Logan Dynamique\" width=\"270\" height=\"179\" data-srcset=\"https:\/\/autolivraria.com.br\/bc\/wp-content\/uploads\/2014\/03\/Renault-Logan-Dynamique-07-270x179.jpg 270w, https:\/\/autolivraria.com.br\/bc\/wp-content\/uploads\/2014\/03\/Renault-Logan-Dynamique-07-560x373.jpg 560w, https:\/\/autolivraria.com.br\/bc\/wp-content\/uploads\/2014\/03\/Renault-Logan-Dynamique-07-470x313.jpg 470w, https:\/\/autolivraria.com.br\/bc\/wp-content\/uploads\/2014\/03\/Renault-Logan-Dynamique-07-168x111.jpg 168w, https:\/\/autolivraria.com.br\/bc\/wp-content\/uploads\/2014\/03\/Renault-Logan-Dynamique-07.jpg 1280w\" data-sizes=\"(max-width: 270px) 100vw, 270px\" src=\"data:image\/svg+xml;base64,PHN2ZyB3aWR0aD0iMSIgaGVpZ2h0PSIxIiB4bWxucz0iaHR0cDovL3d3dy53My5vcmcvMjAwMC9zdmciPjwvc3ZnPg==\" style=\"--smush-placeholder-width: 270px; --smush-placeholder-aspect-ratio: 270\/179;\" \/><\/a>\n\t\t\t\t<\/div>\n<div class='one_half last'>\n\t\t\t\t\t<a href=\"https:\/\/autolivraria.com.br\/bc\/wp-content\/uploads\/2014\/03\/Toyota-Etios-XLS-07.jpg\"><img decoding=\"async\" class=\"aligncenter size-meia-largura-post wp-image-41564 lazyload\" data-src=\"https:\/\/autolivraria.com.br\/bc\/wp-content\/uploads\/2014\/03\/Toyota-Etios-XLS-07-270x179.jpg\" alt=\"Toyota Etios XLS\" width=\"270\" height=\"179\" data-srcset=\"https:\/\/autolivraria.com.br\/bc\/wp-content\/uploads\/2014\/03\/Toyota-Etios-XLS-07-270x179.jpg 270w, https:\/\/autolivraria.com.br\/bc\/wp-content\/uploads\/2014\/03\/Toyota-Etios-XLS-07-560x373.jpg 560w, https:\/\/autolivraria.com.br\/bc\/wp-content\/uploads\/2014\/03\/Toyota-Etios-XLS-07-470x313.jpg 470w, https:\/\/autolivraria.com.br\/bc\/wp-content\/uploads\/2014\/03\/Toyota-Etios-XLS-07-168x111.jpg 168w, https:\/\/autolivraria.com.br\/bc\/wp-content\/uploads\/2014\/03\/Toyota-Etios-XLS-07.jpg 1280w\" data-sizes=\"(max-width: 270px) 100vw, 270px\" src=\"data:image\/svg+xml;base64,PHN2ZyB3aWR0aD0iMSIgaGVpZ2h0PSIxIiB4bWxucz0iaHR0cDovL3d3dy53My5vcmcvMjAwMC9zdmciPjwvc3ZnPg==\" style=\"--smush-placeholder-width: 270px; --smush-placeholder-aspect-ratio: 270\/179;\" \/><\/a>\n\t\t\t\t<\/div><div class='clear'><\/div>\n<p>&nbsp;<\/p>\n<div class='one_half'>\n\t\t\t\t\t<a href=\"https:\/\/autolivraria.com.br\/bc\/wp-content\/uploads\/2014\/03\/VW-Voyage-Selecao-07.jpg\"><img decoding=\"async\" class=\"aligncenter size-meia-largura-post wp-image-41562 lazyload\" data-src=\"https:\/\/autolivraria.com.br\/bc\/wp-content\/uploads\/2014\/03\/VW-Voyage-Selecao-07-270x179.jpg\" alt=\"VW Voyage Selecao\" width=\"270\" height=\"179\" data-srcset=\"https:\/\/autolivraria.com.br\/bc\/wp-content\/uploads\/2014\/03\/VW-Voyage-Selecao-07-270x179.jpg 270w, https:\/\/autolivraria.com.br\/bc\/wp-content\/uploads\/2014\/03\/VW-Voyage-Selecao-07-560x373.jpg 560w, https:\/\/autolivraria.com.br\/bc\/wp-content\/uploads\/2014\/03\/VW-Voyage-Selecao-07-470x313.jpg 470w, https:\/\/autolivraria.com.br\/bc\/wp-content\/uploads\/2014\/03\/VW-Voyage-Selecao-07-168x111.jpg 168w, https:\/\/autolivraria.com.br\/bc\/wp-content\/uploads\/2014\/03\/VW-Voyage-Selecao-07.jpg 1280w\" data-sizes=\"(max-width: 270px) 100vw, 270px\" src=\"data:image\/svg+xml;base64,PHN2ZyB3aWR0aD0iMSIgaGVpZ2h0PSIxIiB4bWxucz0iaHR0cDovL3d3dy53My5vcmcvMjAwMC9zdmciPjwvc3ZnPg==\" style=\"--smush-placeholder-width: 270px; --smush-placeholder-aspect-ratio: 270\/179;\" \/><\/a>\n\t\t\t\t<\/div>\n<div class='one_half last'>\n\t\t\t\t\t<h6><em>Al\u00e9m de mais barato, o Logan tem maior conte\u00fado de s\u00e9rie; o Voyage cobra caro pelo que oferece e o Etios, de pre\u00e7o intermedi\u00e1rio, \u00e9 o mais despojado<\/em><\/h6>\n\t\t\t\t<\/div><div class='clear'><\/div>\n<p>&nbsp;<\/p>\n<div class='et-box et-shadow'>\n\t\t\t\t\t<div class='et-box-content'><h2>Pre\u00e7os<\/h2>\n<table id=\"table5989\" border=\"0\" cellspacing=\"0\" cellpadding=\"3\">\n<tbody>\n<tr>\n<td style=\"width: 25%;\"><\/td>\n<td style=\"width: 25%;\">\n<h1>Logan<\/h1>\n<\/td>\n<td style=\"width: 25%;\">\n<h1>Etios<\/h1>\n<\/td>\n<td style=\"width: 25%;\">\n<h1>Voyage<\/h1>\n<\/td>\n<\/tr>\n<tr>\n<td style=\"width: 25%;\">Sem opcionais<\/td>\n<td style=\"width: 25%;\"><strong>42.100<\/strong><\/td>\n<td style=\"width: 25%;\">46.890<\/td>\n<td style=\"width: 25%;\">43.850<\/td>\n<\/tr>\n<tr>\n<td style=\"width: 25%;\">Como avaliado<\/td>\n<td><strong>44.250\u00a0<\/strong><\/td>\n<td style=\"width: 25%;\">46.890<\/td>\n<td style=\"width: 25%;\">50.602<\/td>\n<\/tr>\n<tr>\n<td style=\"width: 25%;\">Completo<\/td>\n<td style=\"width: 25%;\"><strong>44.250\u00a0<\/strong><\/td>\n<td style=\"width: 25%;\">46.890<\/td>\n<td style=\"width: 25%;\">50.602<\/td>\n<\/tr>\n<tr>\n<td colspan=\"4\" width=\"100%\">Pre\u00e7os p\u00fablicos sugeridos, em reais, vigentes em 13\/3\/14; menores pre\u00e7os em destaque; consulte o pre\u00e7o dos opcionais: <a href=\"http:\/\/www.renault.com.br\" target=\"_blank\">Logan<\/a>, <a href=\"http:\/\/www.toyota.com.br\" target=\"_blank\">Etios<\/a>, <a href=\"http:\/\/www.vw.com.br\" target=\"_blank\">Voyage<\/a><a href=\"http:\/\/www.peugeot.com.br\" target=\"_blank\">\n<\/a><\/td>\n<\/tr>\n<\/tbody>\n<\/table><\/div><\/div>\n<p><a name=\"cb\"><\/a><\/p>\n<p>&nbsp;<\/p>\n<h2>Custo-benef\u00edcio<\/h2>\n<p>Vendido sem op\u00e7\u00f5es, o Etios XLS fica com pre\u00e7o intermedi\u00e1rio entre os concorrentes. O Logan Dynamique avaliado trazia o pacote Techno Plus (navegador, ar-condicionado autom\u00e1tico e sensores de estacionamento) por R$ 1.100 e a pintura met\u00e1lica de R$ 1.050; o Voyage Sele\u00e7\u00e3o veio equipado com ar-condicionado, rodas de alum\u00ednio, far\u00f3is de neblina, volante com comandos, caixa no porta-malas e a pintura, em total de R$ 6.750. Assim considerados, o Toyota \u00e9 6% mais caro que o Renault e o VW custa 14,4% mais que o mesmo modelo.<\/p>\n<p>Na compara\u00e7\u00e3o de equipamentos (<a href=\"https:\/\/autolivraria.com.br\/bc\/informe-se\/avaliacao\/comparativo\/renault-logan-toyota-etios-vw-voyage-como-o-brasileiro-gosta\/3\/#eq\">veja rela\u00e7\u00e3o<\/a>), o Logan aparece com vantagens sobre os demais como controlador e limitador de velocidade e os citados ar autom\u00e1tico e navegador. O Voyage fica no meio-termo, enquanto o Etios \u00e9 o \u00fanico sem itens como ajuste de altura do banco, computador de bordo e os sensores traseiros. Portanto, na rela\u00e7\u00e3o entre conte\u00fado e pre\u00e7o, o Renault est\u00e1 em claro primeiro lugar. O VW oferece equipamentos, mas cobra alto por eles; o Toyota vem mal equipado e ainda assim custa mais que o primeiro.<\/p>\n<p>&nbsp;<\/p>\n<div class='code-block code-block-7' style='margin: 28px auto; text-align: center; display: block; clear: both;'>\n<br>\n<div align=\"center\">\n<a target=\"_blank\" href=\"https:\/\/bestcars.com.br\/bc\/\">\n<img decoding=\"async\" data-src=\"https:\/\/bestcars.com.br\/bc\/wp-content\/uploads\/2021\/07\/Auto-Livraria-450x300-quadros.jpg\" alt=\"Auto Livraria\" src=\"data:image\/svg+xml;base64,PHN2ZyB3aWR0aD0iMSIgaGVpZ2h0PSIxIiB4bWxucz0iaHR0cDovL3d3dy53My5vcmcvMjAwMC9zdmciPjwvc3ZnPg==\" class=\"lazyload\"><\/a>\n<\/div>\n<br><\/div>\n\n<p>&nbsp;<\/p>\n<p>Na an\u00e1lise item por item (veja as notas abaixo), percebe-se uma altern\u00e2ncia de vantagens. O Logan \u00e9 o melhor em estilo, posi\u00e7\u00e3o de dirigir e rela\u00e7\u00e3o custo-benef\u00edcio; o Etios, em consumo; e o Voyage, em estabilidade. Os pontos fracos, ou nos quais o modelo n\u00e3o se iguala aos concorrentes, tamb\u00e9m ficam \u00e0 mostra: no carro da marca francesa, c\u00e2mbio e dire\u00e7\u00e3o; no da japonesa, estilo, acabamento, instrumentos, itens de conveni\u00eancia e visibilidade; e no da alem\u00e3, espa\u00e7o interno e porta-malas.<\/p>\n<p>Tudo considerado, pre\u00e7os inclusive, o Logan \u00e9 o vencedor do comparativo: fornece atributos importantes em um sed\u00e3 compacto, como espa\u00e7o para passageiros e bagagem, associados a bons equipamentos de conforto e pelo menor valor. Em segundo vem o Voyage, o &#8220;esportivo&#8221; do grupo: fica para tr\u00e1s em espa\u00e7o, mas \u00e9 o mais r\u00e1pido e tem um conjunto agrad\u00e1vel quanto a c\u00e2mbio, dire\u00e7\u00e3o e estabilidade, s\u00f3 que custa mais do que deveria. O \u00faltimo colocado, o Etios, mescla qualidades como economia, espa\u00e7o (sobretudo no porta-malas) e boa dirigibilidade, mas n\u00e3o vale seu pre\u00e7o diante do desprezo da marca a fatores como apar\u00eancia, acabamento e conte\u00fado.<\/p>\n<p>&nbsp;<\/p>\n<p><a name=\"nn\"><\/a><\/p>\n<div class='et-box et-shadow'>\n\t\t\t\t\t<div class='et-box-content'><h2>Nossas notas<\/h2>\n<table id=\"table5994\" style=\"width: 100%;\" border=\"0\" cellspacing=\"0\" cellpadding=\"3\">\n<tbody>\n<tr>\n<td style=\"width: 55%;\"><\/td>\n<td style=\"width: 15%;\">\n<h1>Logan<\/h1>\n<\/td>\n<td style=\"width: 15%;\">\n<h1>Etios<\/h1>\n<\/td>\n<td style=\"width: 15%;\">\n<h1>Voyage<\/h1>\n<\/td>\n<\/tr>\n<tr>\n<td>Estilo<\/td>\n<td>4<\/td>\n<td>2<\/td>\n<td>3<\/td>\n<\/tr>\n<tr>\n<td>Acabamento<\/td>\n<td>3<\/td>\n<td>2<\/td>\n<td>3<\/td>\n<\/tr>\n<tr>\n<td>Posi\u00e7\u00e3o de dirigir<\/td>\n<td>4<\/td>\n<td>3<\/td>\n<td>3<\/td>\n<\/tr>\n<tr>\n<td>Instrumentos<\/td>\n<td>4<\/td>\n<td>3<\/td>\n<td>4<\/td>\n<\/tr>\n<tr>\n<td>Itens de conveni\u00eancia<\/td>\n<td>4<\/td>\n<td>3<\/td>\n<td>4<\/td>\n<\/tr>\n<tr>\n<td>Espa\u00e7o interno<\/td>\n<td>4<\/td>\n<td>4<\/td>\n<td>3<\/td>\n<\/tr>\n<tr>\n<td>Porta-malas<\/td>\n<td>5<\/td>\n<td>5<\/td>\n<td>4<\/td>\n<\/tr>\n<tr>\n<td>Motor<\/td>\n<td>4<\/td>\n<td>4<\/td>\n<td>4<\/td>\n<\/tr>\n<tr>\n<td>Desempenho<\/td>\n<td>3<\/td>\n<td>3<\/td>\n<td>4<\/td>\n<\/tr>\n<tr>\n<td>Consumo<\/td>\n<td>3<\/td>\n<td>4<\/td>\n<td>3<\/td>\n<\/tr>\n<tr>\n<td>C\u00e2mbio<\/td>\n<td>4<\/td>\n<td>5<\/td>\n<td>5<\/td>\n<\/tr>\n<tr>\n<td>Freios<\/td>\n<td>4<\/td>\n<td>4<\/td>\n<td>4<\/td>\n<\/tr>\n<tr>\n<td>Dire\u00e7\u00e3o<\/td>\n<td>3<\/td>\n<td>4<\/td>\n<td>4<\/td>\n<\/tr>\n<tr>\n<td>Suspens\u00e3o<\/td>\n<td>3<\/td>\n<td>4<\/td>\n<td>3<\/td>\n<\/tr>\n<tr>\n<td>Estabilidade<\/td>\n<td>3<\/td>\n<td>3<\/td>\n<td>4<\/td>\n<\/tr>\n<tr>\n<td>Visibilidade<\/td>\n<td>4<\/td>\n<td>3<\/td>\n<td>4<\/td>\n<\/tr>\n<tr>\n<td>Seguran\u00e7a passiva<\/td>\n<td>3<\/td>\n<td>3<\/td>\n<td>3<\/td>\n<\/tr>\n<tr>\n<td>Custo-benef\u00edcio<\/td>\n<td>4<\/td>\n<td>3<\/td>\n<td>3<\/td>\n<\/tr>\n<tr>\n<td>\n<h1>M\u00e9dia<\/h1>\n<\/td>\n<td>\n<h1>3,67<\/h1>\n<\/td>\n<td>\n<h1>3,44<\/h1>\n<\/td>\n<td>\n<h1>3,61<\/h1>\n<\/td>\n<\/tr>\n<tr>\n<td>\n<h2>Posi\u00e7\u00e3o<\/h2>\n<\/td>\n<td>\n<h2>1\u00ba.<\/h2>\n<\/td>\n<td>\n<h2>3\u00b0.<\/h2>\n<\/td>\n<td>\n<h2>2\u00ba.<\/h2>\n<\/td>\n<\/tr>\n<tr>\n<td colspan=\"4\">As notas v\u00e3o de 1 a 5, sendo 5 a melhor;\u00a0<a href=\"https:\/\/autolivraria.com.br\/bc\/nossa-metodologia-de-notas\/\">conhe\u00e7a nossa metodologia<\/a><\/td>\n<\/tr>\n<\/tbody>\n<\/table><\/div><\/div>\n<p>&nbsp;<\/p>\n<div class='et-box et-shadow'>\n\t\t\t\t\t<div class='et-box-content'><h2>Teste do Leitor: opini\u00e3o dos propriet\u00e1rios<\/h2>\n<table id=\"table5996\" style=\"width: 100%;\" border=\"0\" cellspacing=\"0\" cellpadding=\"3\">\n<tbody>\n<tr>\n<td style=\"width: 33%;\"><a title=\"Renault Logan (segunda gera\u00e7\u00e3o)\" href=\"https:\/\/autolivraria.com.br\/bc\/participe\/opinioes-proprietarios\/teste-do-leitor-renault\/renault-logan-segunda-geracao\/\" target=\"_blank\">Logan<\/a><\/td>\n<td style=\"width: 33%;\"><a title=\"Toyota Etios hatch e sed\u00e3\" href=\"https:\/\/autolivraria.com.br\/bc\/participe\/opinioes-proprietarios\/teste-do-leitor-toyota\/toyota-etios-hatch-e-seda\/\" target=\"_blank\">Etios<\/a><\/td>\n<td style=\"width: 33%;\"><a title=\"Volkswagen Voyage\" href=\"https:\/\/autolivraria.com.br\/bc\/participe\/opinioes-proprietarios\/teste-do-leitor-volkswagen\/volkswagen-voyage\/\" target=\"_blank\">Voyage<\/a><\/td>\n<\/tr>\n<tr>\n<td colspan=\"3\" width=\"50%\"><a href=\"https:\/\/autolivraria.com.br\/bc\/teste-do-leitor-envie-sua-opiniao\" target=\"_blank\">Envie sua opini\u00e3o sobre o carro que possui<\/a><\/td>\n<\/tr>\n<\/tbody>\n<\/table><\/div><\/div>\n<p><a name=\"ficha\"><\/a><\/p>\n<p>&nbsp;<\/p>\n<div class='et-box et-shadow'>\n\t\t\t\t\t<div class='et-box-content'><h2>Ficha t\u00e9cnica<\/h2>\n<table id=\"table61\" style=\"width: 100%;\" border=\"0\" cellspacing=\"0\" cellpadding=\"3\">\n<tbody>\n<tr>\n<td valign=\"top\"><\/td>\n<td valign=\"top\">\n<h1>Logan<\/h1>\n<\/td>\n<td valign=\"top\">\n<h1>Etios<\/h1>\n<\/td>\n<td valign=\"top\">\n<h1>Voyage<\/h1>\n<\/td>\n<\/tr>\n<tr>\n<td colspan=\"4\" valign=\"top\" bgcolor=\"#FFFFFF\">Motor<\/td>\n<\/tr>\n<tr>\n<td valign=\"top\">Posi\u00e7\u00e3o<\/td>\n<td valign=\"top\" width=\"18%\">transversal<\/td>\n<td valign=\"top\" width=\"18%\"><\/td>\n<td valign=\"top\" width=\"18%\"><\/td>\n<\/tr>\n<tr>\n<td valign=\"top\">Cilindros<\/td>\n<td valign=\"top\" width=\"18%\">4 em linha<\/td>\n<td valign=\"top\" width=\"18%\"><\/td>\n<td valign=\"top\" width=\"18%\"><\/td>\n<\/tr>\n<tr>\n<td valign=\"top\">Material do bloco\/cabe\u00e7ote<\/td>\n<td valign=\"top\" width=\"18%\">ferro fundido\/ alum\u00ednio<\/td>\n<td valign=\"top\">alum\u00ednio<\/td>\n<td valign=\"top\">ferro fundido\/ alum\u00ednio<\/td>\n<\/tr>\n<tr>\n<td valign=\"top\">Comando de v\u00e1lvulas<\/td>\n<td valign=\"top\">no cabe\u00e7ote<\/td>\n<td valign=\"top\">duplo no cabe\u00e7ote<\/td>\n<td valign=\"top\">no cabe\u00e7ote<\/td>\n<\/tr>\n<tr>\n<td valign=\"top\">V\u00e1lvulas por cilindro<\/td>\n<td valign=\"top\">2<\/td>\n<td valign=\"top\">4<\/td>\n<td valign=\"top\">2<\/td>\n<\/tr>\n<tr>\n<td valign=\"top\">Di\u00e2metro e curso<\/td>\n<td valign=\"top\">79,5 x 80,5 mm<\/td>\n<td valign=\"top\">72,5 x 90,6 mm<\/td>\n<td valign=\"top\">76,5 x 86,9 mm<\/td>\n<\/tr>\n<tr>\n<td valign=\"top\">Cilindrada<\/td>\n<td valign=\"top\">1.598 cm\u00b3<\/td>\n<td valign=\"top\">1.496 cm\u00b3<\/td>\n<td valign=\"top\">1.598 cm\u00b3<\/td>\n<\/tr>\n<tr>\n<td valign=\"top\">Taxa de compress\u00e3o<\/td>\n<td valign=\"top\">12:1<\/td>\n<td colspan=\"2\" valign=\"top\" width=\"18%\">12,1:1<\/td>\n<\/tr>\n<tr>\n<td valign=\"top\">Alimenta\u00e7\u00e3o<\/td>\n<td colspan=\"3\" valign=\"top\">inje\u00e7\u00e3o multiponto sequencial<\/td>\n<\/tr>\n<tr>\n<td valign=\"top\">Pot\u00eancia m\u00e1xima (gas.)<\/td>\n<td valign=\"top\">98 cv a 5.250 rpm<\/td>\n<td valign=\"top\">92 cv a 5.600 rpm<\/td>\n<td valign=\"top\">101 cv a 5.250 rpm<\/td>\n<\/tr>\n<tr>\n<td valign=\"top\">Pot\u00eancia m\u00e1xima (\u00e1lc.)<\/td>\n<td valign=\"top\">106 cv a 5.250 rpm<\/td>\n<td valign=\"top\">96,5 cv a 5.600 rpm<\/td>\n<td valign=\"top\">104 cv a 5.250 rpm<\/td>\n<\/tr>\n<tr>\n<td valign=\"top\">Torque m\u00e1ximo (gas.)<\/td>\n<td valign=\"top\">14,5 m.kgf a 2.850 rpm<\/td>\n<td valign=\"top\">13,9 m.kgf a 3.100 rpm<\/td>\n<td valign=\"top\">15,4 m.kgf a 2.500 rpm<\/td>\n<\/tr>\n<tr>\n<td valign=\"top\">Torque m\u00e1ximo (\u00e1lc.)<\/td>\n<td valign=\"top\">15,5 m.kgf a 2.850 rpm<\/td>\n<td valign=\"top\">13,9 m.kgf a 3.100 rpm<\/td>\n<td valign=\"top\">15,6 m.kgf a 2.500 rpm<\/td>\n<\/tr>\n<tr>\n<td valign=\"top\">Pot\u00eancia espec\u00edfica (gas.\/\u00e1lc.)<\/td>\n<td valign=\"top\">61,3 \/ 66,3 cv\/l<\/td>\n<td valign=\"top\">61,5 \/ 64,5 cv\/l<\/td>\n<td valign=\"top\">63,2 \/ 65,1 cv\/l<\/td>\n<\/tr>\n<tr>\n<td colspan=\"4\" valign=\"top\" bgcolor=\"#FFFFFF\">Transmiss\u00e3o<\/td>\n<\/tr>\n<tr>\n<td valign=\"top\">Tipo de c\u00e2mbio e marchas<\/td>\n<td valign=\"top\">manual \/ 5<\/td>\n<td valign=\"top\"><\/td>\n<td valign=\"top\"><\/td>\n<\/tr>\n<tr>\n<td colspan=\"4\" valign=\"top\">Rela\u00e7\u00e3o e velocidade por 1.000 rpm (em km\/h)<\/td>\n<\/tr>\n<tr>\n<td valign=\"top\">1\u00aa.<\/td>\n<td valign=\"top\">3,73 \/ 7<\/td>\n<td valign=\"top\">3,55 \/ 8<\/td>\n<td valign=\"top\">3,45 \/ 8<\/td>\n<\/tr>\n<tr>\n<td valign=\"top\">2\u00aa.<\/td>\n<td valign=\"top\">2,05 \/ 13<\/td>\n<td valign=\"top\">1,91 \/ 15<\/td>\n<td valign=\"top\">1,95 \/ 14<\/td>\n<\/tr>\n<tr>\n<td valign=\"top\">3\u00aa.<\/td>\n<td valign=\"top\">1,32 \/ 20<\/td>\n<td valign=\"top\">1,31 \/ 22<\/td>\n<td valign=\"top\">1,28 \/ 21<\/td>\n<\/tr>\n<tr>\n<td valign=\"top\">4\u00aa.<\/td>\n<td valign=\"top\">0,97 \/ 28<\/td>\n<td valign=\"top\">0,97 \/ 30<\/td>\n<td valign=\"top\">0,93 \/ 29<\/td>\n<\/tr>\n<tr>\n<td valign=\"top\">5\u00aa.<\/td>\n<td valign=\"top\">0,76 \/ 35<\/td>\n<td valign=\"top\">0,80 \/ 36<\/td>\n<td valign=\"top\">0,74 \/ 36<\/td>\n<\/tr>\n<tr>\n<td valign=\"top\">Rela\u00e7\u00e3o de diferencial<\/td>\n<td valign=\"top\">4,36<\/td>\n<td valign=\"top\">3,94<\/td>\n<td valign=\"top\">4,19<\/td>\n<\/tr>\n<tr>\n<td valign=\"top\">Tra\u00e7\u00e3o<\/td>\n<td valign=\"top\" width=\"18%\">dianteira<\/td>\n<td valign=\"top\" width=\"18%\"><\/td>\n<td valign=\"top\" width=\"18%\"><\/td>\n<\/tr>\n<tr>\n<td colspan=\"4\" valign=\"top\" bgcolor=\"#FFFFFF\">Freios<\/td>\n<\/tr>\n<tr>\n<td valign=\"top\">Dianteiros<\/td>\n<td valign=\"top\">a disco ventilado\n(259 mm \u00f8)<\/td>\n<td valign=\"top\">a disco ventilado\n(\u00f8 ND)<\/td>\n<td valign=\"top\">a disco ventilado\n(239 mm \u00f8)<\/td>\n<\/tr>\n<tr>\n<td valign=\"top\">Traseiros<\/td>\n<td valign=\"top\">a tambor (203 mm \u00f8)<\/td>\n<td valign=\"top\">a tambor (\u00f8 ND)<\/td>\n<td valign=\"top\">a tambor (200 mm \u00f8)<\/td>\n<\/tr>\n<tr>\n<td valign=\"top\">Antitravamento (ABS)<\/td>\n<td valign=\"top\">sim<\/td>\n<td valign=\"top\"><\/td>\n<td valign=\"top\"><\/td>\n<\/tr>\n<tr>\n<td colspan=\"4\" valign=\"top\" bgcolor=\"#FFFFFF\">Dire\u00e7\u00e3o<\/td>\n<\/tr>\n<tr>\n<td valign=\"top\">Sistema<\/td>\n<td colspan=\"3\" valign=\"top\" width=\"18%\">pinh\u00e3o e cremalheira<\/td>\n<\/tr>\n<tr>\n<td valign=\"top\">Assist\u00eancia<\/td>\n<td valign=\"top\">hidr\u00e1ulica<\/td>\n<td valign=\"top\">el\u00e9trica<\/td>\n<td valign=\"top\">hidr\u00e1ulica<\/td>\n<\/tr>\n<tr>\n<td valign=\"top\">Di\u00e2metro de giro<\/td>\n<td valign=\"top\">10,6 m<\/td>\n<td valign=\"top\">9,8 m<\/td>\n<td valign=\"top\">10,8 m<\/td>\n<\/tr>\n<tr>\n<td colspan=\"4\" valign=\"top\" bgcolor=\"#FFFFFF\">Suspens\u00e3o<\/td>\n<\/tr>\n<tr>\n<td valign=\"top\">Dianteira<\/td>\n<td colspan=\"3\" valign=\"top\">independente, McPherson, mola helicoidal<\/td>\n<\/tr>\n<tr>\n<td valign=\"top\">Traseira<\/td>\n<td colspan=\"3\" valign=\"top\">eixo de tor\u00e7\u00e3o, mola helicoidal<\/td>\n<\/tr>\n<tr>\n<td valign=\"top\">Estabilizador(es)<\/td>\n<td colspan=\"2\" valign=\"top\">dianteiro e traseiro<\/td>\n<td valign=\"top\" width=\"18%\">dianteiro<\/td>\n<\/tr>\n<tr>\n<td colspan=\"4\" valign=\"top\" bgcolor=\"#FFFFFF\">Rodas<\/td>\n<\/tr>\n<tr>\n<td valign=\"top\">Dimens\u00f5es<\/td>\n<td valign=\"top\">15 pol<\/td>\n<td valign=\"top\">5,5 x 15 pol<\/td>\n<td valign=\"top\">6 x 15 pol<\/td>\n<\/tr>\n<tr>\n<td valign=\"top\">Pneus<\/td>\n<td valign=\"top\">185\/65 R 15<\/td>\n<td valign=\"top\">185\/60 R 15<\/td>\n<td valign=\"top\">195\/55 R 15<\/td>\n<\/tr>\n<tr>\n<td colspan=\"4\" valign=\"top\" bgcolor=\"#FFFFFF\">Dimens\u00f5es<\/td>\n<\/tr>\n<tr>\n<td valign=\"top\">Comprimento<\/td>\n<td valign=\"top\">4,349 m<\/td>\n<td valign=\"top\">4,265 m<\/td>\n<td valign=\"top\">4,215 m<\/td>\n<\/tr>\n<tr>\n<td valign=\"top\">Largura<\/td>\n<td valign=\"top\">1,733 m<\/td>\n<td valign=\"top\">1,695 m<\/td>\n<td valign=\"top\">1,656 m<\/td>\n<\/tr>\n<tr>\n<td valign=\"top\">Altura<\/td>\n<td valign=\"top\">1,529 m<\/td>\n<td valign=\"top\">1,51 m<\/td>\n<td valign=\"top\">1,462 m<\/td>\n<\/tr>\n<tr>\n<td valign=\"top\">Entre-eixos<\/td>\n<td valign=\"top\">2,635 m<\/td>\n<td valign=\"top\">2,55 m<\/td>\n<td valign=\"top\">2,465 m<\/td>\n<\/tr>\n<tr>\n<td valign=\"top\">Bitola dianteira<\/td>\n<td valign=\"top\">ND<\/td>\n<td valign=\"top\">ND<\/td>\n<td valign=\"top\">1,429 m<\/td>\n<\/tr>\n<tr>\n<td valign=\"top\">Bitola traseira<\/td>\n<td valign=\"top\">ND<\/td>\n<td valign=\"top\">ND<\/td>\n<td valign=\"top\">1,416 m<\/td>\n<\/tr>\n<tr>\n<td valign=\"top\">Coeficiente aerodin\u00e2mico (Cx)<\/td>\n<td valign=\"top\">0,34<\/td>\n<td valign=\"top\">0,31<\/td>\n<td valign=\"top\">0,313<\/td>\n<\/tr>\n<tr>\n<td colspan=\"4\" valign=\"top\" bgcolor=\"#FFFFFF\">Capacidades e peso<\/td>\n<\/tr>\n<tr>\n<td valign=\"top\">Tanque de combust\u00edvel<\/td>\n<td valign=\"top\">50 l<\/td>\n<td valign=\"top\">45 l<\/td>\n<td valign=\"top\">55 l<\/td>\n<\/tr>\n<tr>\n<td valign=\"top\">Compartimento de bagagem<\/td>\n<td valign=\"top\">510 l<\/td>\n<td valign=\"top\">562 l<\/td>\n<td valign=\"top\">460 l<\/td>\n<\/tr>\n<tr>\n<td valign=\"top\">Peso em ordem de marcha<\/td>\n<td valign=\"top\">1.070 kg<\/td>\n<td valign=\"top\">980 kg<\/td>\n<td valign=\"top\">985 kg<\/td>\n<\/tr>\n<tr>\n<td valign=\"top\">Rela\u00e7\u00e3o peso-pot\u00eancia (gas.\/\u00e1lc.)<\/td>\n<td valign=\"top\">10,9 \/ 10,1 kg\/cv<\/td>\n<td valign=\"top\">10,6 \/ 10,1 kg\/cv<\/td>\n<td valign=\"top\">9,8 \/ 9,5 kg\/cv<\/td>\n<\/tr>\n<tr>\n<td colspan=\"4\" valign=\"top\" bgcolor=\"#FFFFFF\">Garantia<\/td>\n<\/tr>\n<tr>\n<td valign=\"top\">Prazo<\/td>\n<td colspan=\"3\" valign=\"top\" width=\"18%\">3 anos sem limite de quilometragem<\/td>\n<\/tr>\n<tr>\n<td colspan=\"4\" valign=\"top\" bgcolor=\"#FFFFFF\">Carros avaliados<\/td>\n<\/tr>\n<tr>\n<td valign=\"top\">Ano-modelo<\/td>\n<td valign=\"top\">2014<\/td>\n<td valign=\"top\"><\/td>\n<td valign=\"top\"><\/td>\n<\/tr>\n<tr>\n<td valign=\"top\">Pneus<\/td>\n<td valign=\"top\">Bridgestone Turanza ER 300<\/td>\n<td valign=\"top\">Pirelli Cinturato P1<\/td>\n<td valign=\"top\">Pirelli P7<\/td>\n<\/tr>\n<tr>\n<td valign=\"top\">Quilometragem inicial<\/td>\n<td valign=\"top\">4.000 km<\/td>\n<td valign=\"top\">500 km<\/td>\n<td valign=\"top\">3.000 km<\/td>\n<\/tr>\n<tr>\n<td colspan=\"4\" valign=\"top\">Dados dos fabricantes; ND = n\u00e3o dispon\u00edvel<\/td>\n<\/tr>\n<\/tbody>\n<\/table><\/div><\/div>\n<p>&nbsp;<\/p>\n<p>&nbsp;<\/p>\n","protected":false},"excerpt":{"rendered":"<p>Com projetos simples, esses sed\u00e3s compactos concorrem por sua prefer\u00eancia com diferentes qualidades na faixa at\u00e9 R$ 50 mil<\/p>\n","protected":false},"author":6,"featured_media":41566,"comment_status":"open","ping_status":"closed","sticky":false,"template":"","format":"standard","meta":{"_joinchat":[],"footnotes":""},"categories":[4,1838,1840,1841],"tags":[80,79,1902,2305,822,2879,70,83,60,909,3009],"class_list":["post-40622","post","type-post","status-publish","format-standard","has-post-thumbnail","hentry","category-comparativo","category-renault-avaliacao","category-toyota-avaliacao","category-volkswagen-avaliacao","tag-avaliacao-2","tag-comparativo-2","tag-etios","tag-etios-xls","tag-logan","tag-logan-dynamique","tag-renault","tag-toyota","tag-volkswagen","tag-voyage","tag-voyage-selecao"],"amp_enabled":true,"_links":{"self":[{"href":"https:\/\/autolivraria.com.br\/bc\/wp-json\/wp\/v2\/posts\/40622","targetHints":{"allow":["GET"]}}],"collection":[{"href":"https:\/\/autolivraria.com.br\/bc\/wp-json\/wp\/v2\/posts"}],"about":[{"href":"https:\/\/autolivraria.com.br\/bc\/wp-json\/wp\/v2\/types\/post"}],"author":[{"embeddable":true,"href":"https:\/\/autolivraria.com.br\/bc\/wp-json\/wp\/v2\/users\/6"}],"replies":[{"embeddable":true,"href":"https:\/\/autolivraria.com.br\/bc\/wp-json\/wp\/v2\/comments?post=40622"}],"version-history":[{"count":0,"href":"https:\/\/autolivraria.com.br\/bc\/wp-json\/wp\/v2\/posts\/40622\/revisions"}],"wp:featuredmedia":[{"embeddable":true,"href":"https:\/\/autolivraria.com.br\/bc\/wp-json\/wp\/v2\/media\/41566"}],"wp:attachment":[{"href":"https:\/\/autolivraria.com.br\/bc\/wp-json\/wp\/v2\/media?parent=40622"}],"wp:term":[{"taxonomy":"category","embeddable":true,"href":"https:\/\/autolivraria.com.br\/bc\/wp-json\/wp\/v2\/categories?post=40622"},{"taxonomy":"post_tag","embeddable":true,"href":"https:\/\/autolivraria.com.br\/bc\/wp-json\/wp\/v2\/tags?post=40622"}],"curies":[{"name":"wp","href":"https:\/\/api.w.org\/{rel}","templated":true}]}}