{"id":42284,"date":"2014-04-01T13:20:44","date_gmt":"2014-04-01T16:20:44","guid":{"rendered":"http:\/\/bestcars.uol.com.br\/bc\/?p=42284"},"modified":"2014-04-11T14:24:11","modified_gmt":"2014-04-11T17:24:11","slug":"avaliacao-relacao-custo-beneficio-e-destaque-do-peugeot-308-usado","status":"publish","type":"post","link":"https:\/\/autolivraria.com.br\/bc\/informe-se\/guia-compra\/avaliacao-relacao-custo-beneficio-e-destaque-do-peugeot-308-usado\/","title":{"rendered":"Rela\u00e7\u00e3o custo-benef\u00edcio \u00e9 destaque do Peugeot 308"},"content":{"rendered":"<p><a href=\"https:\/\/autolivraria.com.br\/bc\/wp-content\/uploads\/2014\/03\/Peugeot-308-Griffe-08.jpg\"><img fetchpriority=\"high\" decoding=\"async\" class=\"aligncenter size-medium wp-image-42285\" alt=\"Peugeot 308 Griffe\" src=\"https:\/\/autolivraria.com.br\/bc\/wp-content\/uploads\/2014\/03\/Peugeot-308-Griffe-08-560x373.jpg\" width=\"560\" height=\"373\" srcset=\"https:\/\/autolivraria.com.br\/bc\/wp-content\/uploads\/2014\/03\/Peugeot-308-Griffe-08-560x373.jpg 560w, https:\/\/autolivraria.com.br\/bc\/wp-content\/uploads\/2014\/03\/Peugeot-308-Griffe-08-470x313.jpg 470w, https:\/\/autolivraria.com.br\/bc\/wp-content\/uploads\/2014\/03\/Peugeot-308-Griffe-08-270x179.jpg 270w, https:\/\/autolivraria.com.br\/bc\/wp-content\/uploads\/2014\/03\/Peugeot-308-Griffe-08-168x111.jpg 168w, https:\/\/autolivraria.com.br\/bc\/wp-content\/uploads\/2014\/03\/Peugeot-308-Griffe-08.jpg 1280w\" sizes=\"(max-width: 560px) 100vw, 560px\" \/><\/a><\/p>\n<p>&nbsp;<\/p>\n<h2>O hatch m\u00e9dio franco-argentino\u00a0oferece bom conjunto por<br \/>\nvalores atraentes, mas a satisfa\u00e7\u00e3o com as concession\u00e1rias \u00e9 baixa<\/h2>\n<h6><em>Texto: Luiz Fernando Wernz &#8211; Fotos: Fabr\u00edcio Samah\u00e1 (THP) e divulga\u00e7\u00e3o<\/em><\/h6>\n<p>&nbsp;<\/p>\n<p>Ah, os hatches m\u00e9dios&#8230; Que dono de modelo compacto nunca sonhou em ter um autom\u00f3vel dessa classe? Carros que \u2014 apesar do pre\u00e7o equiparado ao de sed\u00e3s m\u00e9dios \u2014 n\u00e3o foram feitos para a fam\u00edlia e t\u00eam como principal apelo a emo\u00e7\u00e3o ao volante, a tecnologia e a imagem que transmitem. Um segmento levado t\u00e3o a s\u00e9rio pelas f\u00e1bricas que, muitas vezes, recebe tecnologias com pioneirismo para chamar ainda mais aten\u00e7\u00e3o.<\/p>\n<p>\u00c9 tamb\u00e9m uma das categorias mais concorridas do mercado, com variadas op\u00e7\u00f5es para \u201cpescar\u201d aquele consumidor que n\u00e3o quer mais o b\u00e1sico, mas ainda n\u00e3o pode pagar o m\u00e1ximo. Nessa concorr\u00eancia insere-se um argentino de origens francesas, importado para o Brasil desde fevereiro de 2012 e que faz certo sucesso em nosso mercado: o Peugeot 308.<\/p>\n<p>De in\u00edcio, sua principal arma para disputar essa batalha foi o fator pre\u00e7o. Como estrat\u00e9gia para atrair os consumidores, a Peugeot lan\u00e7ou o 308 pelo mesmo valor de seu antecessor 307, que fez sucesso em longos nove anos de mercado e registrou mais de 77 mil unidades vendidas. Mas outras qualidades do novo modelo viriam \u00e0 tona.<\/p>\n<p>&nbsp;<\/p>\n<div class='one_half'>\n\t\t\t\t\t<a href=\"https:\/\/autolivraria.com.br\/bc\/wp-content\/uploads\/2014\/03\/Peugeot-308-Active-02.jpg\"><img decoding=\"async\" class=\"aligncenter size-meia-largura-post wp-image-42287 lazyload\" alt=\"Peugeot 308 Active\" data-src=\"https:\/\/autolivraria.com.br\/bc\/wp-content\/uploads\/2014\/03\/Peugeot-308-Active-02-270x179.jpg\" width=\"270\" height=\"179\" data-srcset=\"https:\/\/autolivraria.com.br\/bc\/wp-content\/uploads\/2014\/03\/Peugeot-308-Active-02-270x179.jpg 270w, https:\/\/autolivraria.com.br\/bc\/wp-content\/uploads\/2014\/03\/Peugeot-308-Active-02-560x373.jpg 560w, https:\/\/autolivraria.com.br\/bc\/wp-content\/uploads\/2014\/03\/Peugeot-308-Active-02-470x313.jpg 470w, https:\/\/autolivraria.com.br\/bc\/wp-content\/uploads\/2014\/03\/Peugeot-308-Active-02-168x111.jpg 168w, https:\/\/autolivraria.com.br\/bc\/wp-content\/uploads\/2014\/03\/Peugeot-308-Active-02.jpg 1280w\" data-sizes=\"(max-width: 270px) 100vw, 270px\" src=\"data:image\/svg+xml;base64,PHN2ZyB3aWR0aD0iMSIgaGVpZ2h0PSIxIiB4bWxucz0iaHR0cDovL3d3dy53My5vcmcvMjAwMC9zdmciPjwvc3ZnPg==\" style=\"--smush-placeholder-width: 270px; --smush-placeholder-aspect-ratio: 270\/179;\" \/><\/a>\n\t\t\t\t<\/div>\n<div class='one_half last'>\n\t\t\t\t\t<a href=\"https:\/\/autolivraria.com.br\/bc\/wp-content\/uploads\/2014\/03\/Peugeot-308-Active-01.jpg\"><img decoding=\"async\" class=\"aligncenter size-meia-largura-post wp-image-42288 lazyload\" alt=\"Peugeot 308 Active\" data-src=\"https:\/\/autolivraria.com.br\/bc\/wp-content\/uploads\/2014\/03\/Peugeot-308-Active-01-270x179.jpg\" width=\"270\" height=\"179\" data-srcset=\"https:\/\/autolivraria.com.br\/bc\/wp-content\/uploads\/2014\/03\/Peugeot-308-Active-01-270x179.jpg 270w, https:\/\/autolivraria.com.br\/bc\/wp-content\/uploads\/2014\/03\/Peugeot-308-Active-01-560x373.jpg 560w, https:\/\/autolivraria.com.br\/bc\/wp-content\/uploads\/2014\/03\/Peugeot-308-Active-01-470x313.jpg 470w, https:\/\/autolivraria.com.br\/bc\/wp-content\/uploads\/2014\/03\/Peugeot-308-Active-01-168x111.jpg 168w, https:\/\/autolivraria.com.br\/bc\/wp-content\/uploads\/2014\/03\/Peugeot-308-Active-01.jpg 1280w\" data-sizes=\"(max-width: 270px) 100vw, 270px\" src=\"data:image\/svg+xml;base64,PHN2ZyB3aWR0aD0iMSIgaGVpZ2h0PSIxIiB4bWxucz0iaHR0cDovL3d3dy53My5vcmcvMjAwMC9zdmciPjwvc3ZnPg==\" style=\"--smush-placeholder-width: 270px; --smush-placeholder-aspect-ratio: 270\/179;\" \/><\/a>\n\t\t\t\t<\/div><div class='clear'><\/div>\n<h6 style=\"text-align: center;\"><em>\u00a0<\/em><br \/>\n<em>Mesmo na vers\u00e3o de entrada Active, oferecida apenas com motor 1,6, o 308 vinha<\/em><br \/>\n<em>bem-equipado: bolsas infl\u00e1veis, ABS, rodas de 16 pol, computador de bordo<\/em><\/h6>\n<p>&nbsp;<\/p>\n<p>O 308 chegou ao mercado em tr\u00eas op\u00e7\u00f5es de acabamento. A mais simples, Active, vinha de s\u00e9rie com ar-condicionado, dire\u00e7\u00e3o com assist\u00eancia eletro-hidr\u00e1ulica, freios com sistema antitravamento (ABS), <a href=\"https:\/\/autolivraria.com.br\/bc\/glossario-d\/#ebd\">distribui\u00e7\u00e3o eletr\u00f4nica entre eixos<\/a> e <a href=\"https:\/\/autolivraria.com.br\/bc\/glossario-a\/#bas\">assist\u00eancia adicional em emerg\u00eancia<\/a>, bolsas infl\u00e1veis frontais, rodas de alum\u00ednio de 16 pol, computador de bordo, para-brisa com isolamento ac\u00fastico, banco do motorista com regulagem de altura, volante revestido em couro com ajuste em altura e dist\u00e2ncia, controle el\u00e9trico dos vidros com <a href=\"https:\/\/autolivraria.com.br\/bc\/glossario-u\/#umto\">fun\u00e7\u00e3o um-toque<\/a> e sensor <a href=\"https:\/\/autolivraria.com.br\/bc\/glossario-a\/#anti\">antiesmagamento<\/a>, controle el\u00e9trico dos retrovisores e trava das portas e sistema de \u00e1udio com r\u00e1dio\/toca-CDs, MP3 e comando na coluna de dire\u00e7\u00e3o.<\/p>\n<p>&nbsp;<\/p>\n<blockquote><p>O 308 Griffe com motor 1,6 THP,\u00a0dotado de<br \/>\nturbo\u00a0e\u00a0165 cv, n\u00e3o era um esportivo,\u00a0mas<br \/>\ncumpriu sua proposta de melhor desempenho<\/p><\/blockquote>\n<p>&nbsp;<\/p>\n<p>A vers\u00e3o seguinte, Allure, adicionava ar-condicionado com controle autom\u00e1tico de temperatura em duas zonas e extens\u00e3o para o banco traseiro, far\u00f3is de neblina, conex\u00f5es USB e auxiliar no sistema de \u00e1udio, interface <a href=\"https:\/\/autolivraria.com.br\/bc\/glossario-b\/#blue\">Bluetooth<\/a> para telefone celular, far\u00f3is e limpador do para-brisa autom\u00e1ticos, retrovisor interno <a href=\"https:\/\/autolivraria.com.br\/bc\/glossario-r\/#retr\">fotocr\u00f4mico<\/a> e apoios de bra\u00e7o dianteiros. O Allure podia ser equipado com motor de 1,6 litro (115 cv com gasolina e 122 com \u00e1lcool) ou de 2,0 litros (143 e 151 cv, na ordem), ambos flex\u00edveis em combust\u00edvel e com quatro v\u00e1lvulas por cilindro, enquanto o Active vinha s\u00f3 com o 1,6. No caso do 2,0, ele recebia rodas de 17 pol, <a href=\"https:\/\/autolivraria.com.br\/bc\/glossario-c\/#cont\">controlador<\/a> e limitador de velocidade. Como opcionais havia c\u00e2mbio autom\u00e1tico e teto panor\u00e2mico de vidro.<\/p>\n<p>O topo de linha Feline, que usava o motor de 2,0 litros, acrescentava ao pacote bolsas infl\u00e1veis laterais de t\u00f3rax nos bancos dianteiros, cortinas infl\u00e1veis, <a href=\"https:\/\/autolivraria.com.br\/bc\/glossario-c\/#esp\">controle eletr\u00f4nico de estabilidade<\/a> e tra\u00e7\u00e3o, alarme antifurto, revestimento interno de couro, teto de vidro, rebatimento el\u00e9trico dos retrovisores, luzes diurnas em <a href=\"https:\/\/autolivraria.com.br\/bc\/glossario-l\/#led\">leds<\/a>, <a href=\"https:\/\/autolivraria.com.br\/bc\/glossario-s\/#esta\">sensores de estacionamento<\/a> traseiros e pedais de alum\u00ednio, com op\u00e7\u00e3o de navegador por sat\u00e9lite.<\/p>\n<p>&nbsp;<\/p>\n<p><a href=\"https:\/\/autolivraria.com.br\/bc\/wp-content\/uploads\/2014\/03\/Peugeot-308-Griffe-10.jpg\"><img decoding=\"async\" class=\"aligncenter size-medium wp-image-42289 lazyload\" alt=\"Peugeot 308 Griffe\" data-src=\"https:\/\/autolivraria.com.br\/bc\/wp-content\/uploads\/2014\/03\/Peugeot-308-Griffe-10-560x373.jpg\" width=\"560\" height=\"373\" data-srcset=\"https:\/\/autolivraria.com.br\/bc\/wp-content\/uploads\/2014\/03\/Peugeot-308-Griffe-10-560x373.jpg 560w, https:\/\/autolivraria.com.br\/bc\/wp-content\/uploads\/2014\/03\/Peugeot-308-Griffe-10-470x313.jpg 470w, https:\/\/autolivraria.com.br\/bc\/wp-content\/uploads\/2014\/03\/Peugeot-308-Griffe-10-270x179.jpg 270w, https:\/\/autolivraria.com.br\/bc\/wp-content\/uploads\/2014\/03\/Peugeot-308-Griffe-10-168x111.jpg 168w, https:\/\/autolivraria.com.br\/bc\/wp-content\/uploads\/2014\/03\/Peugeot-308-Griffe-10.jpg 1280w\" data-sizes=\"(max-width: 560px) 100vw, 560px\" src=\"data:image\/svg+xml;base64,PHN2ZyB3aWR0aD0iMSIgaGVpZ2h0PSIxIiB4bWxucz0iaHR0cDovL3d3dy53My5vcmcvMjAwMC9zdmciPjwvc3ZnPg==\" style=\"--smush-placeholder-width: 560px; --smush-placeholder-aspect-ratio: 560\/373;\" \/><\/a><\/p>\n<p>&nbsp;<\/p>\n<div class='one_half'>\n\t\t\t\t\t<a href=\"https:\/\/autolivraria.com.br\/bc\/wp-content\/uploads\/2014\/03\/Peugeot-308-Griffe-04.jpg\"><img decoding=\"async\" class=\"aligncenter size-meia-largura-post wp-image-42290 lazyload\" alt=\"Peugeot 308 Griffe\" data-src=\"https:\/\/autolivraria.com.br\/bc\/wp-content\/uploads\/2014\/03\/Peugeot-308-Griffe-04-270x179.jpg\" width=\"270\" height=\"179\" data-srcset=\"https:\/\/autolivraria.com.br\/bc\/wp-content\/uploads\/2014\/03\/Peugeot-308-Griffe-04-270x179.jpg 270w, https:\/\/autolivraria.com.br\/bc\/wp-content\/uploads\/2014\/03\/Peugeot-308-Griffe-04-560x373.jpg 560w, https:\/\/autolivraria.com.br\/bc\/wp-content\/uploads\/2014\/03\/Peugeot-308-Griffe-04-470x313.jpg 470w, https:\/\/autolivraria.com.br\/bc\/wp-content\/uploads\/2014\/03\/Peugeot-308-Griffe-04-168x111.jpg 168w, https:\/\/autolivraria.com.br\/bc\/wp-content\/uploads\/2014\/03\/Peugeot-308-Griffe-04.jpg 1280w\" data-sizes=\"(max-width: 270px) 100vw, 270px\" src=\"data:image\/svg+xml;base64,PHN2ZyB3aWR0aD0iMSIgaGVpZ2h0PSIxIiB4bWxucz0iaHR0cDovL3d3dy53My5vcmcvMjAwMC9zdmciPjwvc3ZnPg==\" style=\"--smush-placeholder-width: 270px; --smush-placeholder-aspect-ratio: 270\/179;\" \/><\/a>\n\t\t\t\t<\/div>\n<div class='one_half last'>\n\t\t\t\t\t<a href=\"https:\/\/autolivraria.com.br\/bc\/wp-content\/uploads\/2014\/03\/Peugeot-308-Griffe-06.jpg\"><img decoding=\"async\" class=\"aligncenter size-meia-largura-post wp-image-42291 lazyload\" alt=\"Peugeot 308 Griffe\" data-src=\"https:\/\/autolivraria.com.br\/bc\/wp-content\/uploads\/2014\/03\/Peugeot-308-Griffe-06-270x179.jpg\" width=\"270\" height=\"179\" data-srcset=\"https:\/\/autolivraria.com.br\/bc\/wp-content\/uploads\/2014\/03\/Peugeot-308-Griffe-06-270x179.jpg 270w, https:\/\/autolivraria.com.br\/bc\/wp-content\/uploads\/2014\/03\/Peugeot-308-Griffe-06-560x373.jpg 560w, https:\/\/autolivraria.com.br\/bc\/wp-content\/uploads\/2014\/03\/Peugeot-308-Griffe-06-470x313.jpg 470w, https:\/\/autolivraria.com.br\/bc\/wp-content\/uploads\/2014\/03\/Peugeot-308-Griffe-06-168x111.jpg 168w, https:\/\/autolivraria.com.br\/bc\/wp-content\/uploads\/2014\/03\/Peugeot-308-Griffe-06.jpg 1280w\" data-sizes=\"(max-width: 270px) 100vw, 270px\" src=\"data:image\/svg+xml;base64,PHN2ZyB3aWR0aD0iMSIgaGVpZ2h0PSIxIiB4bWxucz0iaHR0cDovL3d3dy53My5vcmcvMjAwMC9zdmciPjwvc3ZnPg==\" style=\"--smush-placeholder-width: 270px; --smush-placeholder-aspect-ratio: 270\/179;\" \/><\/a>\n\t\t\t\t<\/div><div class='clear'><\/div>\n<h6 style=\"text-align: center;\"><em>\u00a0<\/em><br \/>\n<em>O 308 Feline, que de in\u00edcio era o topo de linha, trazia motor de\u00a02,0 litros,\u00a0<\/em><em>c\u00e2mbio<br \/>\nautom\u00e1tico, teto de\u00a0vidro e bancos de couro; o navegador era opcional<\/em><\/h6>\n<p>&nbsp;<\/p>\n<p>O conjunto do carro, como tradicional na marca, agradava pela qualidade dos materiais do acabamento, pelo desenho inspirado e espa\u00e7o interno. Pessoas de grande estatura se acomodavam bem no 308, mesmo no banco traseiro. As suspens\u00f5es com calibra\u00e7\u00e3o firme garantiam a estabilidade, embora com algum sacrif\u00edcio do conforto.<\/p>\n<p>&nbsp;<\/p>\n<div class='code-block code-block-7' style='margin: 28px auto; text-align: center; display: block; clear: both;'>\n<script async src=\"https:\/\/pagead2.googlesyndication.com\/pagead\/js\/adsbygoogle.js\"><\/script>\n<!-- AL-quadrado -->\n<ins class=\"adsbygoogle\"\n     style=\"display:block\"\n     data-ad-client=\"ca-pub-1914799802606213\"\n     data-ad-slot=\"5683066082\"\n     data-ad-format=\"auto\"\n     data-full-width-responsive=\"true\"><\/ins>\n<script>\n     (adsbygoogle = window.adsbygoogle || []).push({});\n<\/script><\/div>\n\n<p>&nbsp;<\/p>\n<p>Ainda em 2012, em novembro, a Peugeot lan\u00e7ava o 308 Griffe com motor 1,6 THP, dotado de <a href=\"https:\/\/autolivraria.com.br\/bc\/glossario-t\/#turb\">turbo<\/a> e <a href=\"https:\/\/autolivraria.com.br\/bc\/glossario-i\/#inje\">inje\u00e7\u00e3o direta<\/a> de gasolina (n\u00e3o era flex\u00edvel), aliado ao c\u00e2mbio autom\u00e1tico de seis marchas. Com 165 cv e torque de 24,5 m.kgf em rota\u00e7\u00e3o bem baixa (1.400 rpm), n\u00e3o era um esportivo, mas cumpriu muito bem sua proposta de oferecer melhor desempenho aliado a boas marcas de consumo de combust\u00edvel. O conte\u00fado era o mesmo do Feline, mas com diferen\u00e7as visuais como rodas e retrovisores em tom cinza-grafite.<\/p>\n<p>Em junho de 2013 a linha 308 ganhou a s\u00e9rie especial Roland Garros, em alus\u00e3o a um dos torneios de t\u00eanis mais famosos e sofisticados do mundo. Foram feitas 200 unidades do 308 Griffe THP. Oferecido apenas em cor branca, ele trazia bordado do logotipo oficial do torneio nos tapetes e nos encostos dos bancos de couro de tom cinza claro, o mesmo logotipo nas portas dianteiras e retrovisores externos cromados.<\/p>\n<p>&nbsp;<\/p>\n<p><span style=\"color: #ff0000;\"><a href=\"https:\/\/autolivraria.com.br\/bc\/wp-content\/uploads\/2013\/09\/308-Griffe-THP-08.jpg\"><img decoding=\"async\" class=\"aligncenter size-medium wp-image-32946 lazyload\" alt=\"308 Griffe THP\" data-src=\"https:\/\/autolivraria.com.br\/bc\/wp-content\/uploads\/2013\/09\/308-Griffe-THP-08-560x373.jpg\" width=\"560\" height=\"373\" data-srcset=\"https:\/\/autolivraria.com.br\/bc\/wp-content\/uploads\/2013\/09\/308-Griffe-THP-08-560x373.jpg 560w, https:\/\/autolivraria.com.br\/bc\/wp-content\/uploads\/2013\/09\/308-Griffe-THP-08-470x313.jpg 470w, https:\/\/autolivraria.com.br\/bc\/wp-content\/uploads\/2013\/09\/308-Griffe-THP-08-270x179.jpg 270w, https:\/\/autolivraria.com.br\/bc\/wp-content\/uploads\/2013\/09\/308-Griffe-THP-08.jpg 1280w\" data-sizes=\"(max-width: 560px) 100vw, 560px\" src=\"data:image\/svg+xml;base64,PHN2ZyB3aWR0aD0iMSIgaGVpZ2h0PSIxIiB4bWxucz0iaHR0cDovL3d3dy53My5vcmcvMjAwMC9zdmciPjwvc3ZnPg==\" style=\"--smush-placeholder-width: 560px; --smush-placeholder-aspect-ratio: 560\/373;\" \/><\/a><\/span><\/p>\n<p>&nbsp;<\/p>\n<div class='one_half'>\n\t\t\t\t\t<a href=\"https:\/\/autolivraria.com.br\/bc\/wp-content\/uploads\/2013\/09\/308-Griffe-THP-07.jpg\"><img decoding=\"async\" class=\"aligncenter size-meia-largura-post wp-image-32947 lazyload\" alt=\"308 Griffe THP\" data-src=\"https:\/\/autolivraria.com.br\/bc\/wp-content\/uploads\/2013\/09\/308-Griffe-THP-07-270x179.jpg\" width=\"270\" height=\"179\" data-srcset=\"https:\/\/autolivraria.com.br\/bc\/wp-content\/uploads\/2013\/09\/308-Griffe-THP-07-270x179.jpg 270w, https:\/\/autolivraria.com.br\/bc\/wp-content\/uploads\/2013\/09\/308-Griffe-THP-07-560x373.jpg 560w, https:\/\/autolivraria.com.br\/bc\/wp-content\/uploads\/2013\/09\/308-Griffe-THP-07-470x313.jpg 470w, https:\/\/autolivraria.com.br\/bc\/wp-content\/uploads\/2013\/09\/308-Griffe-THP-07.jpg 1280w\" data-sizes=\"(max-width: 270px) 100vw, 270px\" src=\"data:image\/svg+xml;base64,PHN2ZyB3aWR0aD0iMSIgaGVpZ2h0PSIxIiB4bWxucz0iaHR0cDovL3d3dy53My5vcmcvMjAwMC9zdmciPjwvc3ZnPg==\" style=\"--smush-placeholder-width: 270px; --smush-placeholder-aspect-ratio: 270\/179;\" \/><\/a>\n\t\t\t\t<\/div>\n<div class='one_half last'>\n\t\t\t\t\t<a href=\"https:\/\/autolivraria.com.br\/bc\/wp-content\/uploads\/2013\/09\/308-Griffe-THP-int1.jpg\"><img decoding=\"async\" class=\"aligncenter size-meia-largura-post wp-image-32949 lazyload\" alt=\"308 Griffe THP\" data-src=\"https:\/\/autolivraria.com.br\/bc\/wp-content\/uploads\/2013\/09\/308-Griffe-THP-int1-270x179.jpg\" width=\"270\" height=\"179\" data-srcset=\"https:\/\/autolivraria.com.br\/bc\/wp-content\/uploads\/2013\/09\/308-Griffe-THP-int1-270x179.jpg 270w, https:\/\/autolivraria.com.br\/bc\/wp-content\/uploads\/2013\/09\/308-Griffe-THP-int1-560x373.jpg 560w, https:\/\/autolivraria.com.br\/bc\/wp-content\/uploads\/2013\/09\/308-Griffe-THP-int1-470x313.jpg 470w, https:\/\/autolivraria.com.br\/bc\/wp-content\/uploads\/2013\/09\/308-Griffe-THP-int1.jpg 1280w\" data-sizes=\"(max-width: 270px) 100vw, 270px\" src=\"data:image\/svg+xml;base64,PHN2ZyB3aWR0aD0iMSIgaGVpZ2h0PSIxIiB4bWxucz0iaHR0cDovL3d3dy53My5vcmcvMjAwMC9zdmciPjwvc3ZnPg==\" style=\"--smush-placeholder-width: 270px; --smush-placeholder-aspect-ratio: 270\/179;\" \/><\/a>\n\t\t\t\t<\/div><div class='clear'><\/div>\n<h6 style=\"text-align: center;\"><em>\u00a0<\/em><br \/>\n<em>Rodas e retrovisores em tom grafite diferenciavam o 308 Griffe THP, que trazia<\/em><br \/>\n<em>motor turbo de 1,6 litro e 165 cv com c\u00e2mbio autom\u00e1tico de seis marchas<\/em><\/h6>\n<p>&nbsp;<\/p>\n<p>A linha 2014 do Peugeot 308, apresentada em outubro de 2013, n\u00e3o trouxe novidades est\u00e9ticas, mas algumas altera\u00e7\u00f5es t\u00e9cnicas. A vers\u00e3o Allure com motor de 2,0 litros passava a contar com c\u00e2mbio autom\u00e1tico de seis marchas, como a THP. Houve mudan\u00e7a tamb\u00e9m nas buchas das suspens\u00f5es e nos pneus para melhorar o conforto de marcha e reduzir os ru\u00eddos em pisos irregulares. A simplifica\u00e7\u00e3o da linha extinguiu a vers\u00e3o Allure 1,6 e a Griffe 2,0.<\/p>\n<p>&nbsp;<\/p>\n<h2>Espa\u00e7o e bons equipamentos<\/h2>\n<p>A pesquisa do <em><a title=\"Teste do Leitor\" href=\"https:\/\/autolivraria.com.br\/bc\/teste-do-leitor\/\">Teste do Leitor<\/a><\/em> \u00a0do <strong>Best Cars<\/strong> aponta que, entre os propriet\u00e1rios do 308, a maioria destaca a estabilidade, a dirigibilidade, o espa\u00e7o interno, os equipamentos, o acabamento e o desempenho como seus pontos fortes.<\/p>\n<p>\u201cQuando comparado aos concorrentes, ganha de lavada em espa\u00e7o interno, n\u00edvel de equipamentos e qualidade dos acabamentos. Os far\u00f3is regrediram em compara\u00e7\u00e3o aos do 307, mas ainda s\u00e3o excelentes. A dire\u00e7\u00e3o \u00e9 muito bem acertada, o porta-malas \u00e9 enorme, o acerto da espuma dos bancos agrada, o ar-condicionado de duas zonas \u00e9 fant\u00e1stico. Apresenta \u00f3timo consumo quando se leva em considera\u00e7\u00e3o o porte e peso do ve\u00edculo. As conex\u00f5es USB e auxiliar s\u00e3o bem localizadas e protegidas\u201d, enumera William Cardoso, que roda por Formosa, GO, a bordo de um 308 Allure 1,6 16V 2012.<\/p>\n<table border=\"0\">\n<tbody>\n<tr>\n<td><a href='https:\/\/autolivraria.com.br\/bc\/informe-se\/guia-compra\/avaliacao-relacao-custo-beneficio-e-destaque-do-peugeot-308-usado\/2\/' class='small-button smallsilver'>Pr\u00f3xima parte<\/a><\/td>\n<\/tr>\n<\/tbody>\n<\/table>\n<p>&nbsp;<\/p>\n<p>&nbsp;<\/p>\n<p><!--nextpage--><\/p>\n<div class='one_half'>\n\t\t\t\t\t<a href=\"https:\/\/autolivraria.com.br\/bc\/wp-content\/uploads\/2013\/09\/308-Griffe-THP-09.jpg\"><img decoding=\"async\" class=\"aligncenter size-meia-largura-post wp-image-32966 lazyload\" alt=\"308 Griffe THP\" data-src=\"https:\/\/autolivraria.com.br\/bc\/wp-content\/uploads\/2013\/09\/308-Griffe-THP-09-270x179.jpg\" width=\"270\" height=\"179\" data-srcset=\"https:\/\/autolivraria.com.br\/bc\/wp-content\/uploads\/2013\/09\/308-Griffe-THP-09-270x179.jpg 270w, https:\/\/autolivraria.com.br\/bc\/wp-content\/uploads\/2013\/09\/308-Griffe-THP-09-560x373.jpg 560w, https:\/\/autolivraria.com.br\/bc\/wp-content\/uploads\/2013\/09\/308-Griffe-THP-09-470x313.jpg 470w, https:\/\/autolivraria.com.br\/bc\/wp-content\/uploads\/2013\/09\/308-Griffe-THP-09.jpg 1280w\" data-sizes=\"(max-width: 270px) 100vw, 270px\" src=\"data:image\/svg+xml;base64,PHN2ZyB3aWR0aD0iMSIgaGVpZ2h0PSIxIiB4bWxucz0iaHR0cDovL3d3dy53My5vcmcvMjAwMC9zdmciPjwvc3ZnPg==\" style=\"--smush-placeholder-width: 270px; --smush-placeholder-aspect-ratio: 270\/179;\" \/><\/a>\n\t\t\t\t<\/div>\n<div class='one_half last'>\n\t\t\t\t\t<a href=\"https:\/\/autolivraria.com.br\/bc\/wp-content\/uploads\/2013\/09\/308-Griffe-THP-mtr.jpg\"><img decoding=\"async\" class=\"aligncenter size-meia-largura-post wp-image-32964 lazyload\" alt=\"308 Griffe THP\" data-src=\"https:\/\/autolivraria.com.br\/bc\/wp-content\/uploads\/2013\/09\/308-Griffe-THP-mtr-270x179.jpg\" width=\"270\" height=\"179\" data-srcset=\"https:\/\/autolivraria.com.br\/bc\/wp-content\/uploads\/2013\/09\/308-Griffe-THP-mtr-270x179.jpg 270w, https:\/\/autolivraria.com.br\/bc\/wp-content\/uploads\/2013\/09\/308-Griffe-THP-mtr-560x372.jpg 560w, https:\/\/autolivraria.com.br\/bc\/wp-content\/uploads\/2013\/09\/308-Griffe-THP-mtr-470x312.jpg 470w, https:\/\/autolivraria.com.br\/bc\/wp-content\/uploads\/2013\/09\/308-Griffe-THP-mtr.jpg 640w\" data-sizes=\"(max-width: 270px) 100vw, 270px\" src=\"data:image\/svg+xml;base64,PHN2ZyB3aWR0aD0iMSIgaGVpZ2h0PSIxIiB4bWxucz0iaHR0cDovL3d3dy53My5vcmcvMjAwMC9zdmciPjwvc3ZnPg==\" style=\"--smush-placeholder-width: 270px; --smush-placeholder-aspect-ratio: 270\/179;\" \/><\/a>\n\t\t\t\t<\/div><div class='clear'><\/div>\n<h6 style=\"text-align: center;\"><em>\u00a0<\/em><br \/>\n<em>As rodas de 17 pol e os pneus 225\/45 do Griffe THP eram os mesmos do Feline; o<\/em><br \/>\n<em>motor tinha no torque seu destaque: 24,5 m.kgf dispon\u00edveis desde 1.400 rpm<\/em><\/h6>\n<p>&nbsp;<\/p>\n<p>Tamb\u00e9m elogia o Peugeot o leitor Pedro Suzano, do Rio de Janeiro, RJ: \u201cO carro \u00e9 muito esportivo, fica \u2018na m\u00e3o\u2019 do condutor e entra bem em qualquer curva. Tem o consumo justo para um motor 2.0 16V, fazendo m\u00e9dias de 8,6 km\/l na cidade e 12,5 km\/l na estrada. Ele \u00e9 muito estiloso. O teto panor\u00e2mico e as rodas de 17 pol aumentam o prazer de dirigir. Os destaques s\u00e3o a posi\u00e7\u00e3o muito boa, os retrovisores gigantes e os bancos\u201d. Seu carro \u00e9 um 308 Allure 2,0 16V 2013.<\/p>\n<p>Quem tamb\u00e9m se empolga \u00e9 o leitor Luiz Rodolfo, que roda por Guarulhos, SP, em um 308 Griffe THP 2014: \u201cO motor turbo \u00e9 surpreendente, com torque em baix\u00edssima rota\u00e7\u00e3o (24,5 m.kgf a 1.400 rpm). Passa a impress\u00e3o de ser um motor bem superior. O c\u00e2mbio \u00e9 suave, as trocas s\u00e3o impercept\u00edveis e mant\u00e9m baixas rota\u00e7\u00f5es. A 120 km\/h est\u00e1 em 2.700 rpm. O teto de vidro \u00e9 sensacional e o isolamento ac\u00fastico \u00e9 muito bom. Tem o maior porta-malas da categoria e vasta lista de equipamentos. O consumo de combust\u00edvel \u00e9 bem interessante, na m\u00e9dia de 14,5 km\/l no uso rodovi\u00e1rio e 10 km\/l no uso urbano\u201d. A vers\u00e3o roda apenas com gasolina.<\/p>\n<p><span style=\"line-height: 1.5em;\">\u00a0<\/span><\/p>\n<p><span style=\"line-height: 1.5em;\"><a href=\"https:\/\/autolivraria.com.br\/bc\/wp-content\/uploads\/2013\/06\/Peugeot-308.jpg\"><img decoding=\"async\" class=\"aligncenter size-medium wp-image-27287 lazyload\" alt=\"Peugeot 308\" data-src=\"https:\/\/autolivraria.com.br\/bc\/wp-content\/uploads\/2013\/06\/Peugeot-308-560x373.jpg\" width=\"560\" height=\"373\" src=\"data:image\/svg+xml;base64,PHN2ZyB3aWR0aD0iMSIgaGVpZ2h0PSIxIiB4bWxucz0iaHR0cDovL3d3dy53My5vcmcvMjAwMC9zdmciPjwvc3ZnPg==\" style=\"--smush-placeholder-width: 560px; --smush-placeholder-aspect-ratio: 560\/373;\" \/><\/a><\/span><\/p>\n<h6 style=\"text-align: center;\"><em>\u00a0<\/em><br \/>\n<em>A s\u00e9rie especial Rolland Garros, em alus\u00e3o ao torneio de t\u00eanis, dava ao 308 THP<\/em><br \/>\n<em>retrovisores cromados e revestimentos dos bancos em couro cinza claro<\/em><\/h6>\n<p>&nbsp;<\/p>\n<p>Como acontece com qualquer modelo, h\u00e1 tamb\u00e9m propriet\u00e1rios que n\u00e3o est\u00e3o satisfeitos. Thiago, de Pouso Alegre, MG, tem um 308 2,0 Allure 2013 e critica: \u201c\u00c9 um carro gastador. Consumo na cidade \u00e9 p\u00e9ssimo. Tive que trocar pastilhas de freio e os quatro pneus com 20.000 km. Os amortecedores s\u00e3o muito duros. Em ruas de paralelep\u00edpedo ou estrada de terra, o carro sofre. O acabamento deixa a desejar: borrachas que soltam, pe\u00e7as que caem, a conex\u00e3o USB funciona quando quer. O c\u00e2mbio \u2018arranha\u2019 bastante. Esse \u00e9 meu segundo Peugeot, minha segunda decep\u00e7\u00e3o\u201d.<\/p>\n<p>&nbsp;<\/p>\n<blockquote><p>&#8220;Passa a impress\u00e3o de ser um motor bem<br \/>\nsuperior e o teto de vidro \u00e9 sensacional&#8221;, destaca<br \/>\num dos leitores, dono de 308 THP<\/p><\/blockquote>\n<p>&nbsp;<\/p>\n<p>Quem tamb\u00e9m aponta problemas \u00e9 William Cardoso, de Bras\u00edlia, DF, dono de um 308 Allure 1,6 16V 2013: \u201cA suspens\u00e3o \u00e9 muito dura. Mesmo com rodas 16, acaba sendo desagrad\u00e1vel em algumas situa\u00e7\u00f5es. N\u00e3o quero imaginar com rodas 17. A pintura \u00e9 muito fr\u00e1gil. As portas traseiras t\u00eam problema de fabrica\u00e7\u00e3o: s\u00e3o mais estreitas que o quadro no monobloco. Ou voc\u00ea abre m\u00e3o da est\u00e9tica, trazendo a porta para dentro do quadro, ou aguenta os ru\u00eddos provocados por essa folga e mant\u00e9m a porta alinhada com a carroceria\u201d.<\/p>\n<p>Joaquim Quintino Dias Jr., de S\u00e3o Lu\u00eds, MA, dono de um 308 Feline 2,0 2012, acrescenta: \u201cVisibilidade traseira comprometida pela coluna muito espessa, poucos porta-objetos, dianteira raspa f\u00e1cil em valetas e garagens, cinto faz ru\u00eddo junto ao acabamento pl\u00e1stico da coluna, c\u00e2mbio autom\u00e1tico \u2018mal humorado\u2019, alto consumo na cidade\u201d.<\/p>\n<p>&nbsp;<\/p>\n<div class='one_half'>\n\t\t\t\t\t<a href=\"https:\/\/autolivraria.com.br\/bc\/wp-content\/uploads\/2014\/03\/Peugeot-3081.jpg\"><img decoding=\"async\" class=\"aligncenter size-meia-largura-post wp-image-42294 lazyload\" alt=\"Peugeot 308 Allure\" data-src=\"https:\/\/autolivraria.com.br\/bc\/wp-content\/uploads\/2014\/03\/Peugeot-3081-270x179.jpg\" width=\"270\" height=\"179\" data-srcset=\"https:\/\/autolivraria.com.br\/bc\/wp-content\/uploads\/2014\/03\/Peugeot-3081-270x179.jpg 270w, https:\/\/autolivraria.com.br\/bc\/wp-content\/uploads\/2014\/03\/Peugeot-3081-560x373.jpg 560w, https:\/\/autolivraria.com.br\/bc\/wp-content\/uploads\/2014\/03\/Peugeot-3081-470x313.jpg 470w, https:\/\/autolivraria.com.br\/bc\/wp-content\/uploads\/2014\/03\/Peugeot-3081-168x111.jpg 168w, https:\/\/autolivraria.com.br\/bc\/wp-content\/uploads\/2014\/03\/Peugeot-3081.jpg 950w\" data-sizes=\"(max-width: 270px) 100vw, 270px\" src=\"data:image\/svg+xml;base64,PHN2ZyB3aWR0aD0iMSIgaGVpZ2h0PSIxIiB4bWxucz0iaHR0cDovL3d3dy53My5vcmcvMjAwMC9zdmciPjwvc3ZnPg==\" style=\"--smush-placeholder-width: 270px; --smush-placeholder-aspect-ratio: 270\/179;\" \/><\/a>\n\t\t\t\t<\/div>\n<div class='one_half last'>\n\t\t\t\t\t<a href=\"https:\/\/autolivraria.com.br\/bc\/wp-content\/uploads\/2014\/03\/Peugeot-308-02.jpg\"><img decoding=\"async\" class=\"aligncenter size-meia-largura-post wp-image-42293 lazyload\" alt=\"Peugeot 308 Allure\" data-src=\"https:\/\/autolivraria.com.br\/bc\/wp-content\/uploads\/2014\/03\/Peugeot-308-02-270x179.jpg\" width=\"270\" height=\"179\" data-srcset=\"https:\/\/autolivraria.com.br\/bc\/wp-content\/uploads\/2014\/03\/Peugeot-308-02-270x179.jpg 270w, https:\/\/autolivraria.com.br\/bc\/wp-content\/uploads\/2014\/03\/Peugeot-308-02-560x373.jpg 560w, https:\/\/autolivraria.com.br\/bc\/wp-content\/uploads\/2014\/03\/Peugeot-308-02-470x313.jpg 470w, https:\/\/autolivraria.com.br\/bc\/wp-content\/uploads\/2014\/03\/Peugeot-308-02-168x111.jpg 168w, https:\/\/autolivraria.com.br\/bc\/wp-content\/uploads\/2014\/03\/Peugeot-308-02.jpg 950w\" data-sizes=\"(max-width: 270px) 100vw, 270px\" src=\"data:image\/svg+xml;base64,PHN2ZyB3aWR0aD0iMSIgaGVpZ2h0PSIxIiB4bWxucz0iaHR0cDovL3d3dy53My5vcmcvMjAwMC9zdmciPjwvc3ZnPg==\" style=\"--smush-placeholder-width: 270px; --smush-placeholder-aspect-ratio: 270\/179;\" \/><\/a>\n\t\t\t\t<\/div><div class='clear'><\/div>\n<h6 style=\"text-align: center;\"><em>\u00a0<\/em><br \/>\n<em>O c\u00e2mbio autom\u00e1tico de seis marchas chegava ao Allure 2,0-litros na linha 2014,<\/em><br \/>\n<em>que vinha tamb\u00e9m com altera\u00e7\u00f5es na suspens\u00e3o para melhorar o conforto<\/em><\/h6>\n<p>&nbsp;<\/p>\n<p>Existe uma gama consider\u00e1vel de defeitos apontados pelos donos de 308 no <em>Teste do Leitor<\/em>, \u00a0como o citado desalinhamento da carroceria (bastante recorrente), imprecis\u00e3o no marcador de combust\u00edvel, bolhas no couro do volante, defeitos na bomba homeost\u00e1tica (leva \u00e0 perda de l\u00edquido de arrefecimento do motor), ru\u00eddos na embreagem, acendimento da luz de alerta de defeito no motor e desgaste prematuro dos componentes de freio.<\/p>\n<p>&nbsp;<\/p>\n<div class='code-block code-block-7' style='margin: 28px auto; text-align: center; display: block; clear: both;'>\n<script async src=\"https:\/\/pagead2.googlesyndication.com\/pagead\/js\/adsbygoogle.js\"><\/script>\n<!-- AL-quadrado -->\n<ins class=\"adsbygoogle\"\n     style=\"display:block\"\n     data-ad-client=\"ca-pub-1914799802606213\"\n     data-ad-slot=\"5683066082\"\n     data-ad-format=\"auto\"\n     data-full-width-responsive=\"true\"><\/ins>\n<script>\n     (adsbygoogle = window.adsbygoogle || []).push({});\n<\/script><\/div>\n\n<p>&nbsp;<\/p>\n<p>Entre os propriet\u00e1rios que opinaram, o hatch m\u00e9dio da Peugeot obt\u00e9m \u00edndice de satisfa\u00e7\u00e3o razo\u00e1vel em sua categoria: 73,3%\u00a0dizem-se muito satisfeitos com o carro, percentual menor que os atingidos pelo\u00a0<a href=\"https:\/\/www.autolivraria.com.br\/guia2\/hyundai-i30-1.htm\">Hyundai I30<\/a>\u00a0anterior (90,9%), o\u00a0<a href=\"https:\/\/www.autolivraria.com.br\/guia2\/379-nissan-tiida-1.htm\">Nissan Tiida<\/a>\u00a0(87,5%), o\u00a0<a href=\"https:\/\/autolivraria.com.br\/bc\/informe-se\/guia-compra\/406-avaliacao-citroen-c4-e-forte-no-conteudo-e-na-satisfacao-dos-donos\/\">Citro\u00ebn C4<\/a>\u00a0(86,%) e o\u00a0<a href=\"https:\/\/www.autolivraria.com.br\/guia2\/ford-focus-1.htm\">Ford Focus<\/a>\u00a0anterior (76,6%, incluindo sed\u00e3), mas superior aos de\u00a0<a href=\"https:\/\/autolivraria.com.br\/bc\/informe-se\/guia-compra\/401-usados-fiat-bravo-bons-equipamentos-com-pouco-desembolso\/\">Fiat Bravo<\/a>\u00a0(67,5%) e\u00a0<a href=\"https:\/\/autolivraria.com.br\/bc\/informe-se\/guia-compra\/389-usados-vectra-hatch-o-astra-de-roupa-mais-nova\/\">Chevrolet Vectra hatch<\/a>\u00a0(62,8%). O que realmente preocupa \u00e9 apenas\u00a026,6% dos donos estarem muito satisfeitos com a rede de concession\u00e1rias, contra 58% da Nissan, 50% de\u00a0Ford e GM, 40% da Fiat, 32,5% da Citro\u00ebn e 31,8% da Hyundai (os \u00edndices foram computados para cada\u00a0<em>Guia de Compra<\/em>, \u00a0desde 2011,\u00a0e podem n\u00e3o refletir a situa\u00e7\u00e3o atual).<\/p>\n<p>Apesar desse fator e de alguns problemas que merecem aten\u00e7\u00e3o, o Peugeot 308 pode ser uma boa op\u00e7\u00e3o para quem quer um hatch m\u00e9dio com estilo e equipamentos de sobra por um valor acess\u00edvel. Embora a vers\u00e3o THP seja a ideal para quem busca um desempenho dos melhores na categoria, mesmo as op\u00e7\u00f5es mais simples t\u00eam bons atributos para quem sai de um compacto rumo ao t\u00e3o desejado hatch m\u00e9dio.<span style=\"line-height: 1.5em;\"><br \/>\n<\/span><\/p>\n<table border=\"0\">\n<tbody>\n<tr>\n<td><a href='https:\/\/autolivraria.com.br\/bc\/participe\/opinioes-proprietarios\/teste-do-leitor-peugeot\/peugeot-308\/' class='small-button smallsilver' target=\"_blank\">Veja opini\u00f5es dos donos<\/a><\/td>\n<td><\/td>\n<td><a href='https:\/\/autolivraria.com.br\/bc\/teste-do-leitor-envie-sua-opiniao' class='small-button smallsilver' target=\"_blank\">Opine sobre seu carro<\/a><\/td>\n<\/tr>\n<\/tbody>\n<\/table>\n<p>&nbsp;<\/p>\n<div class='et-box et-shadow'>\n\t\t\t\t\t<div class='et-box-content'><h2>Custos de manuten\u00e7\u00e3o<\/h2>\n<table id=\"table6023\" style=\"width: 100%;\" border=\"0\" cellspacing=\"0\" cellpadding=\"3\">\n<tbody>\n<tr>\n<td width=\"392\"><\/td>\n<td width=\"231\">\n<h1>Concession\u00e1ria<\/h1>\n<\/td>\n<td width=\"209\">\n<h1>Mercado paralelo<\/h1>\n<\/td>\n<\/tr>\n<tr>\n<td valign=\"top\" height=\"17\">Disco de freio (par)<\/td>\n<td valign=\"top\">R$ 235<\/td>\n<td valign=\"top\">R$ 175<\/td>\n<\/tr>\n<tr>\n<td valign=\"top\" height=\"17\">Pastilhas de freio dianteiras (par)<\/td>\n<td valign=\"top\">R$ 335<\/td>\n<td valign=\"top\">R$ 125<\/td>\n<\/tr>\n<tr>\n<td valign=\"top\" height=\"17\">Amortecedor (jogo de 4)<\/td>\n<td valign=\"top\">R$ 1.450<\/td>\n<td valign=\"top\">ND<\/td>\n<\/tr>\n<tr>\n<td valign=\"top\" height=\"17\">Pneus (Michelin Pilot Primacy HP, 225\/45 R 17, cada)<\/td>\n<td colspan=\"2\" valign=\"top\">R$ 600<\/td>\n<\/tr>\n<tr>\n<td valign=\"top\" height=\"17\">Para-lama dianteiro (cada)<\/td>\n<td valign=\"top\">R$ 420<\/td>\n<td valign=\"top\">R$ 250<\/td>\n<\/tr>\n<tr>\n<td valign=\"top\" height=\"17\">Para-choque dianteiro (cada)<\/td>\n<td valign=\"top\">R$ 880<\/td>\n<td valign=\"top\">R$ 400<\/td>\n<\/tr>\n<tr>\n<td valign=\"top\" height=\"17\">Farol (cada)<\/td>\n<td valign=\"top\">R$ 2.900<\/td>\n<td valign=\"top\">R$ 750<\/td>\n<\/tr>\n<tr>\n<td valign=\"top\" height=\"18\">M\u00e3o de obra (hora)<\/td>\n<td valign=\"top\">&#8211;<\/td>\n<td valign=\"top\">R$ 175<\/td>\n<\/tr>\n<tr>\n<td colspan=\"3\" width=\"100%\">Pre\u00e7os m\u00e9dios para 308 Allure 2,0 16V Flex 2012 obtidos pelo Sistema Audatex (concession\u00e1ria) e lojas de autope\u00e7as, em pesquisa em mar\u00e7o de 2014; n\u00e3o envolvem instala\u00e7\u00e3o e pintura quando cab\u00edvel; ND = n\u00e3o dispon\u00edvel<\/td>\n<\/tr>\n<\/tbody>\n<\/table><\/div><\/div>\n<p>&nbsp;<\/p>\n<div class='et-box et-shadow'>\n\t\t\t\t\t<div class='et-box-content'><h2>Cota\u00e7\u00f5es de seguro<\/h2>\n<table id=\"table6024\" style=\"width: 100%;\" border=\"0\" cellspacing=\"0\" cellpadding=\"3\">\n<tbody>\n<tr>\n<td width=\"40%\"><\/td>\n<td width=\"30%\">\n<h1>Custo m\u00e9dio<\/h1>\n<\/td>\n<td width=\"30%\">\n<h1>Franquia m\u00e9dia<\/h1>\n<\/td>\n<\/tr>\n<tr>\n<td colspan=\"3\" height=\"20\">\n<ul>\n<li><span style=\"font-family: Verdana, Arial, Helvetica, sans-serif; font-size: 11px;\">308 Allure 1,6 16V 2012<\/span><\/li>\n<\/ul>\n<\/td>\n<\/tr>\n<tr>\n<td height=\"17\">Alto risco<\/td>\n<td>R$ 9.090<\/td>\n<td>R$ 3.815<\/td>\n<\/tr>\n<tr>\n<td height=\"17\">M\u00e9dio risco<\/td>\n<td>R$ 2.590<\/td>\n<td>R$ 3.615<\/td>\n<\/tr>\n<tr>\n<td height=\"17\">Baixo risco<\/td>\n<td>R$ 1.360<\/td>\n<td>R$ 3.415<\/td>\n<\/tr>\n<tr>\n<td colspan=\"3\" height=\"20\">\n<ul>\n<li><span style=\"font-family: Verdana, Arial, Helvetica, sans-serif; font-size: 11px;\">308 Feline 2,0 16V 2012<\/span><span style=\"font-family: Verdana, Arial, Helvetica, sans-serif; font-size: 11px;\">\u00a0<\/span><span style=\"font-family: Verdana, Arial, Helvetica, sans-serif; font-size: 11px;\">\u00a0<\/span><\/li>\n<\/ul>\n<\/td>\n<\/tr>\n<tr>\n<td height=\"17\">Alto risco<\/td>\n<td>R$ 12.325<\/td>\n<td>R$ 3.875<\/td>\n<\/tr>\n<tr>\n<td height=\"17\">M\u00e9dio risco<\/td>\n<td>R$ 3.055<\/td>\n<td>R$ 3.615<\/td>\n<\/tr>\n<tr>\n<td height=\"17\">Baixo risco<\/td>\n<td>R$ 1.560<\/td>\n<td>R$ 3.415<\/td>\n<\/tr>\n<tr>\n<td colspan=\"3\" width=\"100%\">Custos m\u00e9dios obtidos em pesquisa da Depto Corretora de Seguros em mar\/14; <a href=\"https:\/\/autolivraria.com.br\/bc\/perfis-para-cotacoes-de-seguro\/\"> conhe\u00e7a os perfis<\/a><\/td>\n<\/tr>\n<\/tbody>\n<\/table><\/div><\/div>\n<p>&nbsp;<\/p>\n<div class='et-box et-shadow'>\n\t\t\t\t\t<div class='et-box-content'><h2>Satisfa\u00e7\u00e3o dos propriet\u00e1rios<\/h2>\n<table id=\"table6025\" style=\"width: 100%;\" border=\"0\" cellspacing=\"0\" cellpadding=\"3\">\n<tbody>\n<tr>\n<td width=\"33%\"><\/td>\n<td width=\"33%\">\n<h1>Com o carro<\/h1>\n<\/td>\n<td width=\"33%\">\n<h1>Com as concession\u00e1rias<\/h1>\n<\/td>\n<\/tr>\n<tr>\n<td width=\"33%\">Muito satisfeitos<\/td>\n<td>73,3%<\/td>\n<td>26,6%<\/td>\n<\/tr>\n<tr>\n<td width=\"33%\">Parcialmente satisfeitos<\/td>\n<td>20,0%<\/td>\n<td>46,6%<\/td>\n<\/tr>\n<tr>\n<td width=\"33%\">Insatisfeitos<\/td>\n<td>6,7%<\/td>\n<td>13,4%<\/td>\n<\/tr>\n<tr>\n<td width=\"33%\">N\u00e3o utilizam<\/td>\n<td>&#8211;<\/td>\n<td>13,4%<\/td>\n<\/tr>\n<tr>\n<td colspan=\"3\" width=\"100%\">Estat\u00edstica obtida no <em>Teste do Leitor\u00a0<\/em> com 15 propriet\u00e1rios at\u00e9 mar\/14<\/td>\n<\/tr>\n<\/tbody>\n<\/table><\/div><\/div>\n<p>&nbsp;<\/p>\n<div class='et-box et-shadow'>\n\t\t\t\t\t<div class='et-box-content'><h2>Compare as vers\u00f5es<\/h2>\n<table id=\"table6026\" style=\"width: 100%;\" border=\"0\" cellspacing=\"0\" cellpadding=\"3\">\n<tbody>\n<tr>\n<td valign=\"top\">\n<h1>Vers\u00e3o<\/h1>\n<\/td>\n<td valign=\"top\">\n<h1>Faixa de pre\u00e7o<\/h1>\n<\/td>\n<td valign=\"top\">\n<h1>Anos-modelo<\/h1>\n<\/td>\n<\/tr>\n<tr>\n<td valign=\"top\">308 Active 1,6 16V Flex manual<\/td>\n<td valign=\"top\">R$ 43.715 a R$ 46.985<\/td>\n<td valign=\"top\">2013 e 2014<\/td>\n<\/tr>\n<tr>\n<td valign=\"top\">308 Allure 1,6 16V Flex manual<\/td>\n<td valign=\"top\">R$ 41.550 a R$ 45.835<\/td>\n<td valign=\"top\">2012 e 2013<\/td>\n<\/tr>\n<tr>\n<td valign=\"top\">308 Allure 2,0 16V Flex manual<\/td>\n<td valign=\"top\">R$ 45.510 a R$ 51.490<\/td>\n<td valign=\"top\">2012 a 2014<\/td>\n<\/tr>\n<tr>\n<td valign=\"top\">308 Allure 2,0 16V Flex aut.<\/td>\n<td valign=\"top\">R$ 52.830 a R$ 56.450<\/td>\n<td valign=\"top\">2013 e 2014<\/td>\n<\/tr>\n<tr>\n<td valign=\"top\">308 Feline 2,0 16V Flex aut.<\/td>\n<td valign=\"top\">R$ 54.730 a R$ 59.100<\/td>\n<td valign=\"top\">2012 e 2013<\/td>\n<\/tr>\n<tr>\n<td valign=\"top\">308 Griffe 1,6 16V THP aut.<\/td>\n<td valign=\"top\">R$ 63.885 a R$ 66.370<\/td>\n<td valign=\"top\">2013 e 2014<\/td>\n<\/tr>\n<tr>\n<td valign=\"top\">308 R. Garros 1,6 16V THP aut.<\/td>\n<td valign=\"top\">R$ 69.705<\/td>\n<td valign=\"top\">2014<\/td>\n<\/tr>\n<tr>\n<td colspan=\"3\" valign=\"top\">Pre\u00e7os fornecidos pela FIPE e v\u00e1lidos para mar\/14<\/td>\n<\/tr>\n<\/tbody>\n<\/table><\/div><\/div>\n<p>&nbsp;<\/p>\n<div class='et-box et-shadow'>\n\t\t\t\t\t<div class='et-box-content'><table id=\"table6033\" style=\"width: 100%;\" border=\"0\" cellspacing=\"0\" cellpadding=\"3\">\n<tbody>\n<tr>\n<td valign=\"top\" width=\"14%\">\n<h1>Comb.<\/h1>\n<\/td>\n<td valign=\"top\" width=\"14%\">\n<h1>Pot\u00eancia<\/h1>\n<\/td>\n<td valign=\"top\" width=\"14%\">\n<h1>Torque<\/h1>\n<\/td>\n<td valign=\"top\" width=\"14%\">\n<h1>Vel. m\u00e1x.<\/h1>\n<\/td>\n<td valign=\"top\" width=\"14%\">\n<h1>0 a 100 km\/h<\/h1>\n<\/td>\n<td valign=\"top\" width=\"14%\">\n<h1>Cons. cidade<\/h1>\n<\/td>\n<td valign=\"top\" width=\"14%\">\n<h1>Cons. rodovia<\/h1>\n<\/td>\n<\/tr>\n<tr>\n<td colspan=\"7\" valign=\"top\" width=\"14%\">\n<ul>\n<li><span style=\"font-family: Verdana, Arial, Helvetica, sans-serif; font-size: 11px;\">Motor 1,6 16V Flex, c\u00e2mbio manual<\/span><\/li>\n<\/ul>\n<\/td>\n<\/tr>\n<tr>\n<td valign=\"top\" width=\"14%\">gas.<\/td>\n<td valign=\"top\" width=\"14%\">115 cv<\/td>\n<td valign=\"top\" width=\"14%\">15,5 m.kgf<\/td>\n<td valign=\"top\" width=\"14%\">191\u00a0km\/h<\/td>\n<td valign=\"top\" width=\"14%\">11,0 s<\/td>\n<td valign=\"top\" width=\"14%\">ND<\/td>\n<td valign=\"top\" width=\"14%\">ND<\/td>\n<\/tr>\n<tr>\n<td valign=\"top\" width=\"14%\">\u00e1lc.<\/td>\n<td valign=\"top\" width=\"14%\">122 cv<\/td>\n<td valign=\"top\" width=\"14%\">16,4 m.kgf<\/td>\n<td valign=\"top\" width=\"14%\">196\u00a0km\/h<\/td>\n<td valign=\"top\" width=\"14%\">10,3 s<\/td>\n<td valign=\"top\" width=\"14%\">ND<\/td>\n<td valign=\"top\" width=\"14%\">ND<\/td>\n<\/tr>\n<tr>\n<td colspan=\"7\" valign=\"top\" width=\"14%\">\n<ul>\n<li><span style=\"font-family: Verdana, Arial, Helvetica, sans-serif; font-size: 11px;\">Motor 2,0 16V Flex, c\u00e2mbio autom\u00e1tico<\/span><\/li>\n<\/ul>\n<\/td>\n<\/tr>\n<tr>\n<td valign=\"top\" width=\"14%\">gas.<\/td>\n<td valign=\"top\" width=\"14%\">143 cv<\/td>\n<td valign=\"top\" width=\"14%\">20,0 m.kgf<\/td>\n<td valign=\"top\" width=\"14%\">199 km\/h<\/td>\n<td valign=\"top\" width=\"14%\">10,5 s<\/td>\n<td valign=\"top\" width=\"14%\">ND<\/td>\n<td valign=\"top\" width=\"14%\">ND<\/td>\n<\/tr>\n<tr>\n<td valign=\"top\" width=\"14%\">\u00e1lc.<\/td>\n<td valign=\"top\" width=\"14%\">151 cv<\/td>\n<td valign=\"top\" width=\"14%\">22,0 m.kgf<\/td>\n<td valign=\"top\" width=\"14%\">206 km\/h<\/td>\n<td valign=\"top\" width=\"14%\">9,9 s<\/td>\n<td valign=\"top\" width=\"14%\">ND<\/td>\n<td valign=\"top\" width=\"14%\">ND<\/td>\n<\/tr>\n<tr>\n<td colspan=\"7\" valign=\"top\" width=\"14%\">\n<ul>\n<li><span style=\"font-family: Verdana, Arial, Helvetica, sans-serif; font-size: 11px;\">Motor 1,6 16V THP gasolina, c\u00e2mbio\u00a0autom\u00e1tico<\/span><\/li>\n<\/ul>\n<\/td>\n<\/tr>\n<tr>\n<td valign=\"top\" width=\"14%\">gas.<\/td>\n<td valign=\"top\" width=\"14%\">165 cv<\/td>\n<td valign=\"top\" width=\"14%\">24,5 m.kgf<\/td>\n<td valign=\"top\" width=\"14%\">215 km\/h<\/td>\n<td valign=\"top\" width=\"14%\">8,3 s<\/td>\n<td valign=\"top\" width=\"14%\">ND<\/td>\n<td valign=\"top\" width=\"14%\">ND<\/td>\n<\/tr>\n<tr>\n<td colspan=\"7\" valign=\"top\" width=\"14%\">Dados do fabricante. ND = n\u00e3o dispon\u00edvel<\/td>\n<\/tr>\n<\/tbody>\n<\/table><\/div><\/div>\n<p>&nbsp;<\/p>\n<p>&nbsp;<\/p>\n","protected":false},"excerpt":{"rendered":"<p>O hatch m\u00e9dio franco-argentino oferece bom conjunto por valores atraentes, mas a satisfa\u00e7\u00e3o com as concession\u00e1rias \u00e9 baixa<\/p>\n","protected":false},"author":6,"featured_media":42287,"comment_status":"open","ping_status":"closed","sticky":false,"template":"","format":"standard","meta":{"_joinchat":[],"footnotes":""},"categories":[38],"tags":[331,2856,1903,1779,1780,2069,80,95,69],"class_list":["post-42284","post","type-post","status-publish","format-standard","has-post-thumbnail","hentry","category-guia-compra","tag-331","tag-308-active","tag-308-allure","tag-308-feline","tag-308-griffe","tag-308-thp","tag-avaliacao-2","tag-guia-de-compra","tag-peugeot"],"amp_enabled":true,"_links":{"self":[{"href":"https:\/\/autolivraria.com.br\/bc\/wp-json\/wp\/v2\/posts\/42284","targetHints":{"allow":["GET"]}}],"collection":[{"href":"https:\/\/autolivraria.com.br\/bc\/wp-json\/wp\/v2\/posts"}],"about":[{"href":"https:\/\/autolivraria.com.br\/bc\/wp-json\/wp\/v2\/types\/post"}],"author":[{"embeddable":true,"href":"https:\/\/autolivraria.com.br\/bc\/wp-json\/wp\/v2\/users\/6"}],"replies":[{"embeddable":true,"href":"https:\/\/autolivraria.com.br\/bc\/wp-json\/wp\/v2\/comments?post=42284"}],"version-history":[{"count":0,"href":"https:\/\/autolivraria.com.br\/bc\/wp-json\/wp\/v2\/posts\/42284\/revisions"}],"wp:featuredmedia":[{"embeddable":true,"href":"https:\/\/autolivraria.com.br\/bc\/wp-json\/wp\/v2\/media\/42287"}],"wp:attachment":[{"href":"https:\/\/autolivraria.com.br\/bc\/wp-json\/wp\/v2\/media?parent=42284"}],"wp:term":[{"taxonomy":"category","embeddable":true,"href":"https:\/\/autolivraria.com.br\/bc\/wp-json\/wp\/v2\/categories?post=42284"},{"taxonomy":"post_tag","embeddable":true,"href":"https:\/\/autolivraria.com.br\/bc\/wp-json\/wp\/v2\/tags?post=42284"}],"curies":[{"name":"wp","href":"https:\/\/api.w.org\/{rel}","templated":true}]}}