{"id":42485,"date":"2014-01-01T00:00:02","date_gmt":"2014-01-01T03:00:02","guid":{"rendered":"http:\/\/bestcars.uol.com.br\/bc\/?p=42485"},"modified":"2015-04-10T14:59:46","modified_gmt":"2015-04-10T17:59:46","slug":"mercedes-benz-classe-a-terceira-geracao","status":"publish","type":"post","link":"https:\/\/autolivraria.com.br\/bc\/participe\/opinioes-proprietarios\/teste-do-leitor-mercedes-benz\/mercedes-benz-classe-a-terceira-geracao\/","title":{"rendered":"Mercedes-Benz Classe A (terceira gera\u00e7\u00e3o)"},"content":{"rendered":"<p><img fetchpriority=\"high\" decoding=\"async\" class=\"aligncenter size-post-thumb wp-image-35380\" src=\"https:\/\/autolivraria.com.br\/bc\/wp-content\/uploads\/2013\/10\/Mercedes-Benz-Classe-A-470x313.jpg\" alt=\"Mercedes-Benz Classe A\" width=\"470\" height=\"313\" srcset=\"https:\/\/autolivraria.com.br\/bc\/wp-content\/uploads\/2013\/10\/Mercedes-Benz-Classe-A-470x313.jpg 470w, https:\/\/autolivraria.com.br\/bc\/wp-content\/uploads\/2013\/10\/Mercedes-Benz-Classe-A-560x373.jpg 560w, https:\/\/autolivraria.com.br\/bc\/wp-content\/uploads\/2013\/10\/Mercedes-Benz-Classe-A-270x179.jpg 270w, https:\/\/autolivraria.com.br\/bc\/wp-content\/uploads\/2013\/10\/Mercedes-Benz-Classe-A.jpg 1280w\" sizes=\"(max-width: 470px) 100vw, 470px\" \/><\/p>\n<p>&nbsp;<\/p>\n<table border=\"0\">\n<tbody>\n<tr>\n<td><\/td>\n<\/tr>\n<\/tbody>\n<\/table>\n<p>&nbsp;<\/p>\n<p>Este modelo ainda n\u00e3o conta com opini\u00f5es de propriet\u00e1rios. Se voc\u00ea possui um, convidamos que envie a sua pelo formul\u00e1rio.<\/p>\n<p>&nbsp;<\/p>\n<div class='code-block code-block-7' style='margin: 28px auto; text-align: center; display: block; clear: both;'>\n<script async src=\"https:\/\/pagead2.googlesyndication.com\/pagead\/js\/adsbygoogle.js\"><\/script>\n<!-- AL-quadrado -->\n<ins class=\"adsbygoogle\"\n     style=\"display:block\"\n     data-ad-client=\"ca-pub-1914799802606213\"\n     data-ad-slot=\"5683066082\"\n     data-ad-format=\"auto\"\n     data-full-width-responsive=\"true\"><\/ins>\n<script>\n     (adsbygoogle = window.adsbygoogle || []).push({});\n<\/script><\/div>\n\n<p>&nbsp;<\/p>\n<p>&nbsp;<\/p>\n","protected":false},"excerpt":{"rendered":"<p>&#8211;<\/p>\n","protected":false},"author":6,"featured_media":0,"comment_status":"closed","ping_status":"closed","sticky":false,"template":"","format":"standard","meta":{"_joinchat":[],"footnotes":""},"categories":[1295],"tags":[2747,2495,839,3899,1275,1274],"class_list":["post-42485","post","type-post","status-publish","format-standard","hentry","category-teste-do-leitor-mercedes-benz","tag-a200","tag-a250","tag-classe-a","tag-mercedes-benz","tag-opiniao-de-proprietarios","tag-teste-do-leitor"],"amp_enabled":true,"_links":{"self":[{"href":"https:\/\/autolivraria.com.br\/bc\/wp-json\/wp\/v2\/posts\/42485","targetHints":{"allow":["GET"]}}],"collection":[{"href":"https:\/\/autolivraria.com.br\/bc\/wp-json\/wp\/v2\/posts"}],"about":[{"href":"https:\/\/autolivraria.com.br\/bc\/wp-json\/wp\/v2\/types\/post"}],"author":[{"embeddable":true,"href":"https:\/\/autolivraria.com.br\/bc\/wp-json\/wp\/v2\/users\/6"}],"replies":[{"embeddable":true,"href":"https:\/\/autolivraria.com.br\/bc\/wp-json\/wp\/v2\/comments?post=42485"}],"version-history":[{"count":0,"href":"https:\/\/autolivraria.com.br\/bc\/wp-json\/wp\/v2\/posts\/42485\/revisions"}],"wp:attachment":[{"href":"https:\/\/autolivraria.com.br\/bc\/wp-json\/wp\/v2\/media?parent=42485"}],"wp:term":[{"taxonomy":"category","embeddable":true,"href":"https:\/\/autolivraria.com.br\/bc\/wp-json\/wp\/v2\/categories?post=42485"},{"taxonomy":"post_tag","embeddable":true,"href":"https:\/\/autolivraria.com.br\/bc\/wp-json\/wp\/v2\/tags?post=42485"}],"curies":[{"name":"wp","href":"https:\/\/api.w.org\/{rel}","templated":true}]}}