{"id":42705,"date":"2014-04-11T13:38:11","date_gmt":"2014-04-11T16:38:11","guid":{"rendered":"http:\/\/bestcars.uol.com.br\/bc\/?p=42705"},"modified":"2014-04-24T12:04:08","modified_gmt":"2014-04-24T15:04:08","slug":"teste-vw-move-up-convence-pela-economia-mas-nao-no-preco","status":"publish","type":"post","link":"https:\/\/autolivraria.com.br\/bc\/informe-se\/avaliacao\/volkswagen-avaliacao\/teste-vw-move-up-convence-pela-economia-mas-nao-no-preco\/","title":{"rendered":"Move Up convence pela economia, mas n\u00e3o no pre\u00e7o"},"content":{"rendered":"<p><a href=\"https:\/\/autolivraria.com.br\/bc\/wp-content\/uploads\/2014\/04\/VW-Move-Up-12.jpg\"><img fetchpriority=\"high\" decoding=\"async\" class=\"aligncenter size-medium wp-image-42752\" alt=\"VW Move Up\" src=\"https:\/\/autolivraria.com.br\/bc\/wp-content\/uploads\/2014\/04\/VW-Move-Up-12-560x373.jpg\" width=\"560\" height=\"373\" srcset=\"https:\/\/autolivraria.com.br\/bc\/wp-content\/uploads\/2014\/04\/VW-Move-Up-12-560x373.jpg 560w, https:\/\/autolivraria.com.br\/bc\/wp-content\/uploads\/2014\/04\/VW-Move-Up-12-470x313.jpg 470w, https:\/\/autolivraria.com.br\/bc\/wp-content\/uploads\/2014\/04\/VW-Move-Up-12-270x179.jpg 270w, https:\/\/autolivraria.com.br\/bc\/wp-content\/uploads\/2014\/04\/VW-Move-Up-12-168x111.jpg 168w, https:\/\/autolivraria.com.br\/bc\/wp-content\/uploads\/2014\/04\/VW-Move-Up-12.jpg 1280w\" sizes=\"(max-width: 560px) 100vw, 560px\" \/><\/a><\/p>\n<p>&nbsp;<\/p>\n<h2>Moderno na constru\u00e7\u00e3o, eficiente com seu tr\u00eas-cilindros, o<br \/>\nnovo\u00a0pequeno Volkswagen poderia oferecer mais pelos R$ 39 mil<\/h2>\n<h6><em>Texto e fotos: Fabr\u00edcio Samah\u00e1<\/em><\/h6>\n<p>&nbsp;<\/p>\n<p>Pela primeira vez desde que o Fusca se foi, o carro que representa a entrada \u00e0 marca Volkswagen \u00e9 um projeto global, o Up (<a title=\"Carro mundial, um antigo conceito que voltou \u00e0 cena\" href=\"https:\/\/autolivraria.com.br\/bc\/informe-se\/colunas\/editorial\/425-carro-mundial-um-antigo-conceito-que-voltou-a-cena\/\">leia mais sobre a tend\u00eancia ao retorno do carro mundial<\/a>). Lan\u00e7ado na Europa em 2011, depois de ser antecipado por um <a href=\"https:\/\/www.autolivraria.com.br\/un12\/260-26.htm\">carro-conceito de 2007<\/a> que previa uso de motor traseiro, o Up estreia por aqui com a miss\u00e3o de substituir o Gol de segunda gera\u00e7\u00e3o, produzido por 19 anos desde 1994 \u2014 n\u00e3o considere as reestiliza\u00e7\u00f5es de 1999 e 2005 como novas gera\u00e7\u00f5es.<\/p>\n<p>O <strong>Best Cars<\/strong> havia obtido boas impress\u00f5es com o Up no <a title=\"Ao volante, VW Up mostra qualidades acima da classe\" href=\"https:\/\/autolivraria.com.br\/bc\/informe-se\/avaliacao\/teste-ao-volante-vw-up-mostra-qualidades-acima-da-classe\/\">evento de lan\u00e7amento<\/a>, mas faltava submet\u00ea-lo a uma avalia\u00e7\u00e3o completa. Decidimos ir al\u00e9m: ele \u00e9 o primeiro carro a participar de nossas medi\u00e7\u00f5es de desempenho e consumo entre os que n\u00e3o constam da se\u00e7\u00e3o <a href=\"https:\/\/autolivraria.com.br\/bc\/category\/informe-se\/um-mes\/\"><em>Um M\u00eas ao Volante<\/em><\/a>. \u00a0Esses testes passam a ser feitas daqui em diante com a maioria dos carros avaliados, com a diferen\u00e7a de ser usado apenas um combust\u00edvel em motores flex\u00edveis \u2014 seria preciso mais tempo, como nas avalia\u00e7\u00f5es de 30 dias, para repetir as v\u00e1rias medi\u00e7\u00f5es ap\u00f3s o esgotamento do tanque. No Up usamos gasolina, com a qual veio abastecido da f\u00e1brica.<\/p>\n<p>&nbsp;<\/p>\n<p><a href=\"https:\/\/autolivraria.com.br\/bc\/wp-content\/uploads\/2014\/04\/VW-Move-Up-02.jpg\"><img decoding=\"async\" class=\"aligncenter size-medium wp-image-42753 lazyload\" alt=\"VW Move Up\" data-src=\"https:\/\/autolivraria.com.br\/bc\/wp-content\/uploads\/2014\/04\/VW-Move-Up-02-560x373.jpg\" width=\"560\" height=\"373\" data-srcset=\"https:\/\/autolivraria.com.br\/bc\/wp-content\/uploads\/2014\/04\/VW-Move-Up-02-560x373.jpg 560w, https:\/\/autolivraria.com.br\/bc\/wp-content\/uploads\/2014\/04\/VW-Move-Up-02-470x313.jpg 470w, https:\/\/autolivraria.com.br\/bc\/wp-content\/uploads\/2014\/04\/VW-Move-Up-02-270x179.jpg 270w, https:\/\/autolivraria.com.br\/bc\/wp-content\/uploads\/2014\/04\/VW-Move-Up-02-168x111.jpg 168w, https:\/\/autolivraria.com.br\/bc\/wp-content\/uploads\/2014\/04\/VW-Move-Up-02.jpg 1280w\" data-sizes=\"(max-width: 560px) 100vw, 560px\" src=\"data:image\/svg+xml;base64,PHN2ZyB3aWR0aD0iMSIgaGVpZ2h0PSIxIiB4bWxucz0iaHR0cDovL3d3dy53My5vcmcvMjAwMC9zdmciPjwvc3ZnPg==\" style=\"--smush-placeholder-width: 560px; --smush-placeholder-aspect-ratio: 560\/373;\" \/><\/a><\/p>\n<p>&nbsp;<\/p>\n<div class='one_half'>\n\t\t\t\t\t<a href=\"https:\/\/autolivraria.com.br\/bc\/wp-content\/uploads\/2014\/04\/VW-Move-Up-10.jpg\"><img decoding=\"async\" class=\"aligncenter size-meia-largura-post wp-image-42754 lazyload\" alt=\"VW Move Up\" data-src=\"https:\/\/autolivraria.com.br\/bc\/wp-content\/uploads\/2014\/04\/VW-Move-Up-10-270x179.jpg\" width=\"270\" height=\"179\" data-srcset=\"https:\/\/autolivraria.com.br\/bc\/wp-content\/uploads\/2014\/04\/VW-Move-Up-10-270x179.jpg 270w, https:\/\/autolivraria.com.br\/bc\/wp-content\/uploads\/2014\/04\/VW-Move-Up-10-560x373.jpg 560w, https:\/\/autolivraria.com.br\/bc\/wp-content\/uploads\/2014\/04\/VW-Move-Up-10-470x313.jpg 470w, https:\/\/autolivraria.com.br\/bc\/wp-content\/uploads\/2014\/04\/VW-Move-Up-10-168x111.jpg 168w, https:\/\/autolivraria.com.br\/bc\/wp-content\/uploads\/2014\/04\/VW-Move-Up-10.jpg 1280w\" data-sizes=\"(max-width: 270px) 100vw, 270px\" src=\"data:image\/svg+xml;base64,PHN2ZyB3aWR0aD0iMSIgaGVpZ2h0PSIxIiB4bWxucz0iaHR0cDovL3d3dy53My5vcmcvMjAwMC9zdmciPjwvc3ZnPg==\" style=\"--smush-placeholder-width: 270px; --smush-placeholder-aspect-ratio: 270\/179;\" \/><\/a>\n\t\t\t\t<\/div>\n<div class='one_half last'>\n\t\t\t\t\t<a href=\"https:\/\/autolivraria.com.br\/bc\/wp-content\/uploads\/2014\/04\/VW-Move-Up-05.jpg\"><img decoding=\"async\" class=\"aligncenter size-meia-largura-post wp-image-42755 lazyload\" alt=\"VW Move Up\" data-src=\"https:\/\/autolivraria.com.br\/bc\/wp-content\/uploads\/2014\/04\/VW-Move-Up-05-270x179.jpg\" width=\"270\" height=\"179\" data-srcset=\"https:\/\/autolivraria.com.br\/bc\/wp-content\/uploads\/2014\/04\/VW-Move-Up-05-270x179.jpg 270w, https:\/\/autolivraria.com.br\/bc\/wp-content\/uploads\/2014\/04\/VW-Move-Up-05-560x373.jpg 560w, https:\/\/autolivraria.com.br\/bc\/wp-content\/uploads\/2014\/04\/VW-Move-Up-05-470x313.jpg 470w, https:\/\/autolivraria.com.br\/bc\/wp-content\/uploads\/2014\/04\/VW-Move-Up-05-168x111.jpg 168w, https:\/\/autolivraria.com.br\/bc\/wp-content\/uploads\/2014\/04\/VW-Move-Up-05.jpg 1280w\" data-sizes=\"(max-width: 270px) 100vw, 270px\" src=\"data:image\/svg+xml;base64,PHN2ZyB3aWR0aD0iMSIgaGVpZ2h0PSIxIiB4bWxucz0iaHR0cDovL3d3dy53My5vcmcvMjAwMC9zdmciPjwvc3ZnPg==\" style=\"--smush-placeholder-width: 270px; --smush-placeholder-aspect-ratio: 270\/179;\" \/><\/a>\n\t\t\t\t<\/div><div class='clear'><\/div>\n<h6 style=\"text-align: center;\"><em>\u00a0<\/em><br \/>\n<em>Traseira mais longa e quinta porta com se\u00e7\u00e3o em chapa s\u00e3o exclusivas do Up<\/em><br \/>\n<em>brasileiro; o motor admite ar pelo entorno do elemento do para-choque<\/em><\/h6>\n<p>&nbsp;<\/p>\n<p>Ao pedir o carro \u00e0 VW, escolhemos a vers\u00e3o intermedi\u00e1ria Move Up \u2014 ou Up Move, como sai no documento de circula\u00e7\u00e3o \u2014 por sua participa\u00e7\u00e3o mais expressiva nas vendas em rela\u00e7\u00e3o \u00e0s mais caras High Up, Black Up, Red Up e White Up (existe ainda a b\u00e1sica Take Up; <a title=\"Volkswagen Up: pre\u00e7os e conte\u00fados de cada vers\u00e3o\" href=\"https:\/\/autolivraria.com.br\/bc\/informe-se\/noticias\/precos-do-volkswagen-up-comecam-em-r-269-mil\/\">conhe\u00e7a cada configura\u00e7\u00e3o<\/a>). O pre\u00e7o b\u00e1sico de R$ 30.300 traz itens de s\u00e9rie como bolsas infl\u00e1veis frontais, freios antitravamento (ABS) com <a href=\"https:\/\/autolivraria.com.br\/bc\/glossario-d\/#ebd\">distribui\u00e7\u00e3o eletr\u00f4nica de for\u00e7a de frenagem entre os eixos (EBD)<\/a>, fixa\u00e7\u00e3o para cadeira infantil em padr\u00e3o <a href=\"https:\/\/autolivraria.com.br\/bc\/glossario-i\/#isof\">Isofix<\/a>, limpador\/lavador e desemba\u00e7ador do vidro traseiro, banco do motorista com regulagem de altura, espelho no para-sol do passageiro, cintos traseiros laterais retr\u00e1teis de tr\u00eas pontos, tr\u00eas encostos de cabe\u00e7a no banco traseiro, computador de bordo, conta-giros e rel\u00f3gio digital.<\/p>\n<p>&nbsp;<\/p>\n<blockquote><p>A aus\u00eancia de grade \u00e9\u00a0heran\u00e7a do conceito,<br \/>\nque n\u00e3o traria um motor sob o cap\u00f4: restaram v\u00e3os<br \/>\nno para-choque para admitir ar para o radiador<\/p><\/blockquote>\n<p>&nbsp;<\/p>\n<p>Como avaliado, o Move Up passava a R$ 39.280 com os opcionais ar-condicionado, dire\u00e7\u00e3o com assist\u00eancia el\u00e9trica e volante ajust\u00e1vel em altura, r\u00e1dio\/CD com MP3 e entradas USB e auxiliar, controle el\u00e9trico de vidros e travas, alarme, rodas de alum\u00ednio, <a href=\"https:\/\/autolivraria.com.br\/bc\/glossario-s\/#esta\">sensores de estacionamento<\/a> na traseira e navegador Maps &amp; More com tela de 5 pol destacada no painel, al\u00e9m da pintura met\u00e1lica prata Lunar. Ficaram de fora apenas o revestimento dos bancos em couro sint\u00e9tico e far\u00f3is e luz traseira de neblina, que o levariam a R$ 40.220.<\/p>\n<p>O estilo do Up pode ser definido como jovial e agrad\u00e1vel, com bom resultado nas modifica\u00e7\u00f5es feitas para o Brasil, como alongamento da carroceria em 6,5 cent\u00edmetros na traseira e quinta porta com parte em chapa de a\u00e7o, em vez de ser toda de vidro como no europeu. Chama aten\u00e7\u00e3o a aus\u00eancia de grade dianteira, certamente heran\u00e7a do conceito que n\u00e3o traria um motor sob o cap\u00f4. Restaram estreitos v\u00e3os ao redor do elemento do para-choque e em sua se\u00e7\u00e3o inferior para admitir ar para o sistema de arrefecimento. Detalhe positivo est\u00e1 nos v\u00e3os entre pain\u00e9is met\u00e1licos, estreitos e muito regulares como n\u00e3o se v\u00ea em alguns carros mais caros.<\/p>\n<p>&nbsp;<\/p>\n<p><a href=\"https:\/\/autolivraria.com.br\/bc\/wp-content\/uploads\/2014\/04\/VW-Move-Up-int1.jpg\"><img decoding=\"async\" class=\"aligncenter size-medium wp-image-42756 lazyload\" alt=\"VW Move Up\" data-src=\"https:\/\/autolivraria.com.br\/bc\/wp-content\/uploads\/2014\/04\/VW-Move-Up-int1-560x373.jpg\" width=\"560\" height=\"373\" data-srcset=\"https:\/\/autolivraria.com.br\/bc\/wp-content\/uploads\/2014\/04\/VW-Move-Up-int1-560x373.jpg 560w, https:\/\/autolivraria.com.br\/bc\/wp-content\/uploads\/2014\/04\/VW-Move-Up-int1-470x313.jpg 470w, https:\/\/autolivraria.com.br\/bc\/wp-content\/uploads\/2014\/04\/VW-Move-Up-int1-270x179.jpg 270w, https:\/\/autolivraria.com.br\/bc\/wp-content\/uploads\/2014\/04\/VW-Move-Up-int1-168x111.jpg 168w, https:\/\/autolivraria.com.br\/bc\/wp-content\/uploads\/2014\/04\/VW-Move-Up-int1.jpg 1280w\" data-sizes=\"(max-width: 560px) 100vw, 560px\" src=\"data:image\/svg+xml;base64,PHN2ZyB3aWR0aD0iMSIgaGVpZ2h0PSIxIiB4bWxucz0iaHR0cDovL3d3dy53My5vcmcvMjAwMC9zdmciPjwvc3ZnPg==\" style=\"--smush-placeholder-width: 560px; --smush-placeholder-aspect-ratio: 560\/373;\" \/><\/a><\/p>\n<p>&nbsp;<\/p>\n<div class='one_half'>\n\t\t\t\t\t<a href=\"https:\/\/autolivraria.com.br\/bc\/wp-content\/uploads\/2014\/04\/VW-Move-Up-instr.jpg\"><img decoding=\"async\" class=\"aligncenter size-meia-largura-post wp-image-42757 lazyload\" alt=\"VW Move Up\" data-src=\"https:\/\/autolivraria.com.br\/bc\/wp-content\/uploads\/2014\/04\/VW-Move-Up-instr-270x179.jpg\" width=\"270\" height=\"179\" data-srcset=\"https:\/\/autolivraria.com.br\/bc\/wp-content\/uploads\/2014\/04\/VW-Move-Up-instr-270x179.jpg 270w, https:\/\/autolivraria.com.br\/bc\/wp-content\/uploads\/2014\/04\/VW-Move-Up-instr-560x372.jpg 560w, https:\/\/autolivraria.com.br\/bc\/wp-content\/uploads\/2014\/04\/VW-Move-Up-instr-470x312.jpg 470w, https:\/\/autolivraria.com.br\/bc\/wp-content\/uploads\/2014\/04\/VW-Move-Up-instr-168x111.jpg 168w, https:\/\/autolivraria.com.br\/bc\/wp-content\/uploads\/2014\/04\/VW-Move-Up-instr.jpg 640w\" data-sizes=\"(max-width: 270px) 100vw, 270px\" src=\"data:image\/svg+xml;base64,PHN2ZyB3aWR0aD0iMSIgaGVpZ2h0PSIxIiB4bWxucz0iaHR0cDovL3d3dy53My5vcmcvMjAwMC9zdmciPjwvc3ZnPg==\" style=\"--smush-placeholder-width: 270px; --smush-placeholder-aspect-ratio: 270\/179;\" \/><\/a>\n\t\t\t\t<\/div>\n<div class='one_half last'>\n\t\t\t\t\t<a href=\"https:\/\/autolivraria.com.br\/bc\/wp-content\/uploads\/2014\/04\/VW-Move-Up-det01.jpg\"><img decoding=\"async\" class=\"aligncenter size-meia-largura-post wp-image-42758 lazyload\" alt=\"VW Move Up\" data-src=\"https:\/\/autolivraria.com.br\/bc\/wp-content\/uploads\/2014\/04\/VW-Move-Up-det01-270x179.jpg\" width=\"270\" height=\"179\" data-srcset=\"https:\/\/autolivraria.com.br\/bc\/wp-content\/uploads\/2014\/04\/VW-Move-Up-det01-270x179.jpg 270w, https:\/\/autolivraria.com.br\/bc\/wp-content\/uploads\/2014\/04\/VW-Move-Up-det01-560x372.jpg 560w, https:\/\/autolivraria.com.br\/bc\/wp-content\/uploads\/2014\/04\/VW-Move-Up-det01-470x312.jpg 470w, https:\/\/autolivraria.com.br\/bc\/wp-content\/uploads\/2014\/04\/VW-Move-Up-det01-168x111.jpg 168w, https:\/\/autolivraria.com.br\/bc\/wp-content\/uploads\/2014\/04\/VW-Move-Up-det01.jpg 640w\" data-sizes=\"(max-width: 270px) 100vw, 270px\" src=\"data:image\/svg+xml;base64,PHN2ZyB3aWR0aD0iMSIgaGVpZ2h0PSIxIiB4bWxucz0iaHR0cDovL3d3dy53My5vcmcvMjAwMC9zdmciPjwvc3ZnPg==\" style=\"--smush-placeholder-width: 270px; --smush-placeholder-aspect-ratio: 270\/179;\" \/><\/a>\n\t\t\t\t<\/div><div class='clear'><\/div>\n<h6 style=\"text-align: center;\"><em>\u00a0<\/em><br \/>\n<em>Painel simples e bom acabamento no novo VW; os instrumentos incluem<\/em><br \/>\n<em>pequeno conta-giros e mostrador digital para computador e outras fun\u00e7\u00f5es<\/em><\/h6>\n<p>&nbsp;<\/p>\n<p>O interior \u00e9 simples, mas bem resolvido. H\u00e1 peculiaridades que n\u00e3o passam despercebidas, como os bancos dianteiros com encosto de cabe\u00e7a integrado \u2014 que n\u00e3o trazem problema, mesmo para pessoas de estatura acima ou abaixo da m\u00e9dia. A exposi\u00e7\u00e3o de chapa nas portas \u00e9 aceit\u00e1vel para o segmento, mas n\u00e3o a aus\u00eancia de regulagem da ancoragem superior dos cintos de seguran\u00e7a: no caso do passageiro, que n\u00e3o tem ajuste de altura do banco, \u00e9 comum o cinto ficar junto ao pesco\u00e7o de uma pessoa com cerca de 1,70 m.<\/p>\n<p>&nbsp;<\/p>\n<div class='code-block code-block-7' style='margin: 28px auto; text-align: center; display: block; clear: both;'>\n<script async src=\"https:\/\/pagead2.googlesyndication.com\/pagead\/js\/adsbygoogle.js\"><\/script>\n<!-- AL-quadrado -->\n<ins class=\"adsbygoogle\"\n     style=\"display:block\"\n     data-ad-client=\"ca-pub-1914799802606213\"\n     data-ad-slot=\"5683066082\"\n     data-ad-format=\"auto\"\n     data-full-width-responsive=\"true\"><\/ins>\n<script>\n     (adsbygoogle = window.adsbygoogle || []).push({});\n<\/script><\/div>\n\n<p>&nbsp;<\/p>\n<p>Os bancos s\u00e3o revestidos em tecido simples e os pl\u00e1sticos s\u00e3o todos r\u00edgidos, como esperado na classe, mas com montagem e aspecto adequados. Ainda que falte o ajuste do volante em dist\u00e2ncia, o motorista encontra posi\u00e7\u00e3o c\u00f4moda com facilidade e nota os pedais pouco deslocados \u00e0 direita \u2014 talvez menos at\u00e9 que no Gol ou no Fox \u2014, um bom resultado para um carro t\u00e3o compacto. Apesar da sensa\u00e7\u00e3o inicial de apoio lombar insuficiente, n\u00e3o sentimos cansa\u00e7o ao fim de quatro horas de viagem, sinal de que o encosto apoia como deve. O volante de boa pega traz desenho correto e at\u00e9 um apoio adequado ao p\u00e9 esquerdo foi previsto (em carpete, sem refor\u00e7o pl\u00e1stico), algo incomum em modelos pequenos. Fora do padr\u00e3o VW \u00e9 a reclina\u00e7\u00e3o dos bancos por alavanca, em pontos definidos.<\/p>\n<p>O quadro de instrumentos traz um conta-giros pequeno demais, embora n\u00e3o t\u00e3o cr\u00edtico quanto no Fox de outros tempos por seu \u00e2ngulo de indica\u00e7\u00e3o de mais de 200 graus. O Maps &amp; More usa uma tela sens\u00edvel ao toque e, al\u00e9m de sistema de navega\u00e7\u00e3o, serve para exibi\u00e7\u00e3o do aparelho de \u00e1udio, do computador de bordo e do Blue Index (\u00edndice azul, a cor da consci\u00eancia ambiental para a VW e outras marcas), recurso que indica se o motorista tem dirigido de forma econ\u00f4mica. Sua f\u00e1cil remo\u00e7\u00e3o permite o uso da tela como lanterna, mas pode torn\u00e1-la alvo f\u00e1cil de furto.<\/p>\n<p>&nbsp;<\/p>\n<div class='one_half'>\n\t\t\t\t\t<a href=\"https:\/\/autolivraria.com.br\/bc\/wp-content\/uploads\/2014\/04\/VW-Move-Up-bco1.jpg\"><img decoding=\"async\" class=\"aligncenter size-meia-largura-post wp-image-42759 lazyload\" alt=\"VW Move Up\" data-src=\"https:\/\/autolivraria.com.br\/bc\/wp-content\/uploads\/2014\/04\/VW-Move-Up-bco1-270x337.jpg\" width=\"270\" height=\"337\" data-srcset=\"https:\/\/autolivraria.com.br\/bc\/wp-content\/uploads\/2014\/04\/VW-Move-Up-bco1-270x337.jpg 270w, https:\/\/autolivraria.com.br\/bc\/wp-content\/uploads\/2014\/04\/VW-Move-Up-bco1-560x700.jpg 560w, https:\/\/autolivraria.com.br\/bc\/wp-content\/uploads\/2014\/04\/VW-Move-Up-bco1-470x587.jpg 470w, https:\/\/autolivraria.com.br\/bc\/wp-content\/uploads\/2014\/04\/VW-Move-Up-bco1-168x210.jpg 168w, https:\/\/autolivraria.com.br\/bc\/wp-content\/uploads\/2014\/04\/VW-Move-Up-bco1.jpg 640w\" data-sizes=\"(max-width: 270px) 100vw, 270px\" src=\"data:image\/svg+xml;base64,PHN2ZyB3aWR0aD0iMSIgaGVpZ2h0PSIxIiB4bWxucz0iaHR0cDovL3d3dy53My5vcmcvMjAwMC9zdmciPjwvc3ZnPg==\" style=\"--smush-placeholder-width: 270px; --smush-placeholder-aspect-ratio: 270\/337;\" \/><\/a>\n\t\t\t\t<\/div>\n<div class='one_half last'>\n\t\t\t\t\t<a href=\"https:\/\/autolivraria.com.br\/bc\/wp-content\/uploads\/2014\/04\/VW-Move-Up-bco2.jpg\"><img decoding=\"async\" class=\"aligncenter size-meia-largura-post wp-image-42760 lazyload\" alt=\"VW Move Up\" data-src=\"https:\/\/autolivraria.com.br\/bc\/wp-content\/uploads\/2014\/04\/VW-Move-Up-bco2-270x337.jpg\" width=\"270\" height=\"337\" data-srcset=\"https:\/\/autolivraria.com.br\/bc\/wp-content\/uploads\/2014\/04\/VW-Move-Up-bco2-270x337.jpg 270w, https:\/\/autolivraria.com.br\/bc\/wp-content\/uploads\/2014\/04\/VW-Move-Up-bco2-560x700.jpg 560w, https:\/\/autolivraria.com.br\/bc\/wp-content\/uploads\/2014\/04\/VW-Move-Up-bco2-470x587.jpg 470w, https:\/\/autolivraria.com.br\/bc\/wp-content\/uploads\/2014\/04\/VW-Move-Up-bco2-168x210.jpg 168w, https:\/\/autolivraria.com.br\/bc\/wp-content\/uploads\/2014\/04\/VW-Move-Up-bco2.jpg 640w\" data-sizes=\"(max-width: 270px) 100vw, 270px\" src=\"data:image\/svg+xml;base64,PHN2ZyB3aWR0aD0iMSIgaGVpZ2h0PSIxIiB4bWxucz0iaHR0cDovL3d3dy53My5vcmcvMjAwMC9zdmciPjwvc3ZnPg==\" style=\"--smush-placeholder-width: 270px; --smush-placeholder-aspect-ratio: 270\/337;\" \/><\/a>\n\t\t\t\t<\/div><div class='clear'><\/div>\n<h6 style=\"text-align: center;\"><em>\u00a0<\/em><br \/>\n<em>Bancos dianteiros acomodam bem, apesar do encosto de cabe\u00e7a integrado, mas<\/em><br \/>\n<em>atr\u00e1s falta espa\u00e7o para tr\u00eas pessoas e o v\u00e3o para pernas \u00e9 bastante limitado<\/em><\/h6>\n<p>&nbsp;<\/p>\n<p>O computador (que tem repetidor no quadro de instrumentos) mostra todas as fun\u00e7\u00f5es ao mesmo tempo na tela, uma facilidade incomum. Existe ainda a reprodu\u00e7\u00e3o digital de mostradores anal\u00f3gicos para temperatura ambiente externa, rota\u00e7\u00e3o e temperatura do motor. Mas n\u00e3o espere que este \u00faltimo permita acompanhar pequenas varia\u00e7\u00f5es: como em qualquer carro moderno, a indica\u00e7\u00e3o sobe logo para 90\u00b0 C (tamb\u00e9m no indicador digital) e ali fica o dia todo, mesmo subindo e descendo serra \u00edngreme.<\/p>\n<p>Ao se ver a posi\u00e7\u00e3o da tela do aparelho, bem diante dos difusores de ar centrais (que ficam em cima do painel e n\u00e3o voltados aos ocupantes), a d\u00favida \u00e9 imediata: como fica a refrigera\u00e7\u00e3o da cabine? Submetido ao calor acima de 30\u00b0 C habitual da regi\u00e3o onde avaliamos os carros, o Up revelou um ar-condicionado bastante potente, mas a posi\u00e7\u00e3o dos difusores traz efetiva desvantagem quando ele \u00e9 usado de forma intensa: acaba-se dependendo muito dos difusores laterais e fica-se com a sensa\u00e7\u00e3o de rosto mais frio de um lado que do outro, mesmo desviando o fluxo de ar. Para o clima brasileiro, sa\u00eddas em posi\u00e7\u00e3o convencional no painel seriam certamente prefer\u00edveis.<\/p>\n<table border=\"0\">\n<tbody>\n<tr>\n<td><a href='https:\/\/autolivraria.com.br\/bc\/informe-se\/avaliacao\/avaliacao-completa\/teste-vw-move-up-convence-pela-economia-mas-nao-no-preco\/2\/' class='small-button smallsilver'>Pr\u00f3xima parte<\/a><\/td>\n<\/tr>\n<\/tbody>\n<\/table>\n<p>&nbsp;<\/p>\n<p>&nbsp;<\/p>\n<p><!--nextpage--><\/p>\n<div class='one_half'>\n\t\t\t\t\t<a href=\"https:\/\/autolivraria.com.br\/bc\/wp-content\/uploads\/2014\/04\/VW-Move-Up-det08.jpg\"><img decoding=\"async\" class=\"aligncenter size-meia-largura-post wp-image-42761 lazyload\" alt=\"VW Move Up\" data-src=\"https:\/\/autolivraria.com.br\/bc\/wp-content\/uploads\/2014\/04\/VW-Move-Up-det08-270x179.jpg\" width=\"270\" height=\"179\" data-srcset=\"https:\/\/autolivraria.com.br\/bc\/wp-content\/uploads\/2014\/04\/VW-Move-Up-det08-270x179.jpg 270w, https:\/\/autolivraria.com.br\/bc\/wp-content\/uploads\/2014\/04\/VW-Move-Up-det08-560x372.jpg 560w, https:\/\/autolivraria.com.br\/bc\/wp-content\/uploads\/2014\/04\/VW-Move-Up-det08-470x312.jpg 470w, https:\/\/autolivraria.com.br\/bc\/wp-content\/uploads\/2014\/04\/VW-Move-Up-det08-168x111.jpg 168w, https:\/\/autolivraria.com.br\/bc\/wp-content\/uploads\/2014\/04\/VW-Move-Up-det08.jpg 640w\" data-sizes=\"(max-width: 270px) 100vw, 270px\" src=\"data:image\/svg+xml;base64,PHN2ZyB3aWR0aD0iMSIgaGVpZ2h0PSIxIiB4bWxucz0iaHR0cDovL3d3dy53My5vcmcvMjAwMC9zdmciPjwvc3ZnPg==\" style=\"--smush-placeholder-width: 270px; --smush-placeholder-aspect-ratio: 270\/179;\" \/><\/a>\n\t\t\t\t<\/div>\n<div class='one_half last'>\n\t\t\t\t\t<a href=\"https:\/\/autolivraria.com.br\/bc\/wp-content\/uploads\/2014\/04\/VW-Move-Up-det02.jpg\"><img decoding=\"async\" class=\"aligncenter size-meia-largura-post wp-image-42762 lazyload\" alt=\"VW Move Up\" data-src=\"https:\/\/autolivraria.com.br\/bc\/wp-content\/uploads\/2014\/04\/VW-Move-Up-det02-270x179.jpg\" width=\"270\" height=\"179\" data-srcset=\"https:\/\/autolivraria.com.br\/bc\/wp-content\/uploads\/2014\/04\/VW-Move-Up-det02-270x179.jpg 270w, https:\/\/autolivraria.com.br\/bc\/wp-content\/uploads\/2014\/04\/VW-Move-Up-det02-560x372.jpg 560w, https:\/\/autolivraria.com.br\/bc\/wp-content\/uploads\/2014\/04\/VW-Move-Up-det02-470x312.jpg 470w, https:\/\/autolivraria.com.br\/bc\/wp-content\/uploads\/2014\/04\/VW-Move-Up-det02-168x111.jpg 168w, https:\/\/autolivraria.com.br\/bc\/wp-content\/uploads\/2014\/04\/VW-Move-Up-det02.jpg 640w\" data-sizes=\"(max-width: 270px) 100vw, 270px\" src=\"data:image\/svg+xml;base64,PHN2ZyB3aWR0aD0iMSIgaGVpZ2h0PSIxIiB4bWxucz0iaHR0cDovL3d3dy53My5vcmcvMjAwMC9zdmciPjwvc3ZnPg==\" style=\"--smush-placeholder-width: 270px; --smush-placeholder-aspect-ratio: 270\/179;\" \/><\/a>\n\t\t\t\t<\/div><div class='clear'><\/div>\n<p>&nbsp;<\/p>\n<div class='one_half'>\n\t\t\t\t\t<a href=\"https:\/\/autolivraria.com.br\/bc\/wp-content\/uploads\/2014\/04\/VW-Move-Up-det03.jpg\"><img decoding=\"async\" class=\"aligncenter size-meia-largura-post wp-image-42763 lazyload\" alt=\"VW Move Up\" data-src=\"https:\/\/autolivraria.com.br\/bc\/wp-content\/uploads\/2014\/04\/VW-Move-Up-det03-270x179.jpg\" width=\"270\" height=\"179\" data-srcset=\"https:\/\/autolivraria.com.br\/bc\/wp-content\/uploads\/2014\/04\/VW-Move-Up-det03-270x179.jpg 270w, https:\/\/autolivraria.com.br\/bc\/wp-content\/uploads\/2014\/04\/VW-Move-Up-det03-560x372.jpg 560w, https:\/\/autolivraria.com.br\/bc\/wp-content\/uploads\/2014\/04\/VW-Move-Up-det03-470x312.jpg 470w, https:\/\/autolivraria.com.br\/bc\/wp-content\/uploads\/2014\/04\/VW-Move-Up-det03-168x111.jpg 168w, https:\/\/autolivraria.com.br\/bc\/wp-content\/uploads\/2014\/04\/VW-Move-Up-det03.jpg 640w\" data-sizes=\"(max-width: 270px) 100vw, 270px\" src=\"data:image\/svg+xml;base64,PHN2ZyB3aWR0aD0iMSIgaGVpZ2h0PSIxIiB4bWxucz0iaHR0cDovL3d3dy53My5vcmcvMjAwMC9zdmciPjwvc3ZnPg==\" style=\"--smush-placeholder-width: 270px; --smush-placeholder-aspect-ratio: 270\/179;\" \/><\/a>\n\t\t\t\t<\/div>\n<div class='one_half last'>\n\t\t\t\t\t<a href=\"https:\/\/autolivraria.com.br\/bc\/wp-content\/uploads\/2014\/04\/VW-Move-Up-det04.jpg\"><img decoding=\"async\" class=\"aligncenter size-meia-largura-post wp-image-42764 lazyload\" alt=\"VW Move Up\" data-src=\"https:\/\/autolivraria.com.br\/bc\/wp-content\/uploads\/2014\/04\/VW-Move-Up-det04-270x179.jpg\" width=\"270\" height=\"179\" data-srcset=\"https:\/\/autolivraria.com.br\/bc\/wp-content\/uploads\/2014\/04\/VW-Move-Up-det04-270x179.jpg 270w, https:\/\/autolivraria.com.br\/bc\/wp-content\/uploads\/2014\/04\/VW-Move-Up-det04-560x372.jpg 560w, https:\/\/autolivraria.com.br\/bc\/wp-content\/uploads\/2014\/04\/VW-Move-Up-det04-470x312.jpg 470w, https:\/\/autolivraria.com.br\/bc\/wp-content\/uploads\/2014\/04\/VW-Move-Up-det04-168x111.jpg 168w, https:\/\/autolivraria.com.br\/bc\/wp-content\/uploads\/2014\/04\/VW-Move-Up-det04.jpg 640w\" data-sizes=\"(max-width: 270px) 100vw, 270px\" src=\"data:image\/svg+xml;base64,PHN2ZyB3aWR0aD0iMSIgaGVpZ2h0PSIxIiB4bWxucz0iaHR0cDovL3d3dy53My5vcmcvMjAwMC9zdmciPjwvc3ZnPg==\" style=\"--smush-placeholder-width: 270px; --smush-placeholder-aspect-ratio: 270\/179;\" \/><\/a>\n\t\t\t\t<\/div><div class='clear'><\/div>\n<h6 style=\"text-align: center;\"><em>\u00a0<\/em><br \/>\n<em>Multifun\u00e7\u00e3o: al\u00e9m de navegador, a tela t\u00e1til de 5 pol do sistema Maps &amp; More<\/em><br \/>\n<em>serve ao computador de bordo, a marcadores de rota\u00e7\u00e3o e temperatura<\/em><br \/>\n<em>(ambiente e do motor)\u00a0e ao Blue Index, que estimula uma dire\u00e7\u00e3o econ\u00f4mica<\/em><\/h6>\n<p>&nbsp;<\/p>\n<p>H\u00e1 bons detalhes no Move Up, considerada a faixa de pre\u00e7o: alerta program\u00e1vel para excesso de velocidade, computador de bordo com duas medi\u00e7\u00f5es, indica\u00e7\u00e3o espec\u00edfica de qual porta est\u00e1 mal fechada, interface <a href=\"https:\/\/autolivraria.com.br\/bc\/glossario-b\/#blue\">Bluetooth<\/a> para celular, cofre do motor com pintura igual \u00e0 da carroceria (nem BMW tem usado mais), alarme com prote\u00e7\u00e3o por ultrassom, controle el\u00e9trico dos retrovisores, alerta para <em>ambos<\/em>\u00a0 os ocupantes da frente usarem o cinto, indicador de temperatura externa, limpador de para-brisa com fun\u00e7\u00e3o uma-varrida e tampa traseira com fechadura el\u00e9trica.<\/p>\n<p>&nbsp;<\/p>\n<blockquote><p>O Up desloca-se com desenvoltura, sem exigir<br \/>\nempenho anormal com o c\u00e2mbio, e o<br \/>\ntr\u00eas-cilindros gira com relativa suavidade<\/p><\/blockquote>\n<p>&nbsp;<\/p>\n<p>Outros itens poderiam constar da vers\u00e3o, como <a href=\"https:\/\/autolivraria.com.br\/bc\/glossario-u\/#umto\">fun\u00e7\u00e3o um-toque<\/a> e <a href=\"https:\/\/autolivraria.com.br\/bc\/glossario-t\/#temp\">temporizador<\/a> para o controle el\u00e9trico de vidros, luz de cortesia e al\u00e7as de teto para quem viaja atr\u00e1s, ilumina\u00e7\u00e3o no porta-malas, faixa degrad\u00ea no para-brisa, espelho tamb\u00e9m no para-sol do motorista, banco traseiro bipartido, bolsas nos encostos da frente e entrada USB no sistema de \u00e1udio, que traz apenas conex\u00e3o auxiliar.<\/p>\n<p>Nos bancos dianteiros o Up tem a cabine um pouco estreita, mas n\u00e3o a ponto de incomodar. E atr\u00e1s? Em que pese o bom espa\u00e7o vertical, a acomoda\u00e7\u00e3o das pernas e sobretudo dos ombros \u00e9 bastante limitada \u2014 motorista e passageiro de 1,80 metro j\u00e1 devem causar problemas um ao outro, embora com ambos de 1,75 m a situa\u00e7\u00e3o seja tranquila. \u00c9 um carro homologado para cinco pessoas e com os cintos de cada uma, mas inadequado a levar tr\u00eas no banco traseiro, salvo se forem crian\u00e7as e, claro, que n\u00e3o usem mais cadeiras.<\/p>\n<p>&nbsp;<\/p>\n<div class='one_half'>\n\t\t\t\t\t<a href=\"https:\/\/autolivraria.com.br\/bc\/wp-content\/uploads\/2014\/04\/VW-Move-Up-pm.jpg\"><img decoding=\"async\" class=\"aligncenter size-meia-largura-post wp-image-42765 lazyload\" alt=\"VW Move Up\" data-src=\"https:\/\/autolivraria.com.br\/bc\/wp-content\/uploads\/2014\/04\/VW-Move-Up-pm-270x179.jpg\" width=\"270\" height=\"179\" data-srcset=\"https:\/\/autolivraria.com.br\/bc\/wp-content\/uploads\/2014\/04\/VW-Move-Up-pm-270x179.jpg 270w, https:\/\/autolivraria.com.br\/bc\/wp-content\/uploads\/2014\/04\/VW-Move-Up-pm-560x373.jpg 560w, https:\/\/autolivraria.com.br\/bc\/wp-content\/uploads\/2014\/04\/VW-Move-Up-pm-470x313.jpg 470w, https:\/\/autolivraria.com.br\/bc\/wp-content\/uploads\/2014\/04\/VW-Move-Up-pm-168x111.jpg 168w, https:\/\/autolivraria.com.br\/bc\/wp-content\/uploads\/2014\/04\/VW-Move-Up-pm.jpg 1280w\" data-sizes=\"(max-width: 270px) 100vw, 270px\" src=\"data:image\/svg+xml;base64,PHN2ZyB3aWR0aD0iMSIgaGVpZ2h0PSIxIiB4bWxucz0iaHR0cDovL3d3dy53My5vcmcvMjAwMC9zdmciPjwvc3ZnPg==\" style=\"--smush-placeholder-width: 270px; --smush-placeholder-aspect-ratio: 270\/179;\" \/><\/a>\n\t\t\t\t<\/div>\n<div class='one_half last'>\n\t\t\t\t\t<a href=\"https:\/\/autolivraria.com.br\/bc\/wp-content\/uploads\/2014\/04\/VW-Move-Up-det10.jpg\"><img decoding=\"async\" class=\"aligncenter size-meia-largura-post wp-image-42766 lazyload\" alt=\"VW Move Up\" data-src=\"https:\/\/autolivraria.com.br\/bc\/wp-content\/uploads\/2014\/04\/VW-Move-Up-det10-270x179.jpg\" width=\"270\" height=\"179\" data-srcset=\"https:\/\/autolivraria.com.br\/bc\/wp-content\/uploads\/2014\/04\/VW-Move-Up-det10-270x179.jpg 270w, https:\/\/autolivraria.com.br\/bc\/wp-content\/uploads\/2014\/04\/VW-Move-Up-det10-560x372.jpg 560w, https:\/\/autolivraria.com.br\/bc\/wp-content\/uploads\/2014\/04\/VW-Move-Up-det10-470x312.jpg 470w, https:\/\/autolivraria.com.br\/bc\/wp-content\/uploads\/2014\/04\/VW-Move-Up-det10-168x111.jpg 168w, https:\/\/autolivraria.com.br\/bc\/wp-content\/uploads\/2014\/04\/VW-Move-Up-det10.jpg 640w\" data-sizes=\"(max-width: 270px) 100vw, 270px\" src=\"data:image\/svg+xml;base64,PHN2ZyB3aWR0aD0iMSIgaGVpZ2h0PSIxIiB4bWxucz0iaHR0cDovL3d3dy53My5vcmcvMjAwMC9zdmciPjwvc3ZnPg==\" style=\"--smush-placeholder-width: 270px; --smush-placeholder-aspect-ratio: 270\/179;\" \/><\/a>\n\t\t\t\t<\/div><div class='clear'><\/div>\n<p>&nbsp;<\/p>\n<div class='one_half'>\n\t\t\t\t\t<a href=\"https:\/\/autolivraria.com.br\/bc\/wp-content\/uploads\/2014\/04\/VW-Move-Up-det06.jpg\"><img decoding=\"async\" class=\"aligncenter size-meia-largura-post wp-image-42767 lazyload\" alt=\"VW Move Up\" data-src=\"https:\/\/autolivraria.com.br\/bc\/wp-content\/uploads\/2014\/04\/VW-Move-Up-det06-270x179.jpg\" width=\"270\" height=\"179\" data-srcset=\"https:\/\/autolivraria.com.br\/bc\/wp-content\/uploads\/2014\/04\/VW-Move-Up-det06-270x179.jpg 270w, https:\/\/autolivraria.com.br\/bc\/wp-content\/uploads\/2014\/04\/VW-Move-Up-det06-560x372.jpg 560w, https:\/\/autolivraria.com.br\/bc\/wp-content\/uploads\/2014\/04\/VW-Move-Up-det06-470x312.jpg 470w, https:\/\/autolivraria.com.br\/bc\/wp-content\/uploads\/2014\/04\/VW-Move-Up-det06-168x111.jpg 168w, https:\/\/autolivraria.com.br\/bc\/wp-content\/uploads\/2014\/04\/VW-Move-Up-det06.jpg 640w\" data-sizes=\"(max-width: 270px) 100vw, 270px\" src=\"data:image\/svg+xml;base64,PHN2ZyB3aWR0aD0iMSIgaGVpZ2h0PSIxIiB4bWxucz0iaHR0cDovL3d3dy53My5vcmcvMjAwMC9zdmciPjwvc3ZnPg==\" style=\"--smush-placeholder-width: 270px; --smush-placeholder-aspect-ratio: 270\/179;\" \/><\/a>\n\t\t\t\t<\/div>\n<div class='one_half last'>\n\t\t\t\t\t<a href=\"https:\/\/autolivraria.com.br\/bc\/wp-content\/uploads\/2014\/04\/VW-Move-Up-det09.jpg\"><img decoding=\"async\" class=\"aligncenter size-meia-largura-post wp-image-42768 lazyload\" alt=\"VW Move Up\" data-src=\"https:\/\/autolivraria.com.br\/bc\/wp-content\/uploads\/2014\/04\/VW-Move-Up-det09-270x179.jpg\" width=\"270\" height=\"179\" data-srcset=\"https:\/\/autolivraria.com.br\/bc\/wp-content\/uploads\/2014\/04\/VW-Move-Up-det09-270x179.jpg 270w, https:\/\/autolivraria.com.br\/bc\/wp-content\/uploads\/2014\/04\/VW-Move-Up-det09-560x372.jpg 560w, https:\/\/autolivraria.com.br\/bc\/wp-content\/uploads\/2014\/04\/VW-Move-Up-det09-470x312.jpg 470w, https:\/\/autolivraria.com.br\/bc\/wp-content\/uploads\/2014\/04\/VW-Move-Up-det09-168x111.jpg 168w, https:\/\/autolivraria.com.br\/bc\/wp-content\/uploads\/2014\/04\/VW-Move-Up-det09.jpg 640w\" data-sizes=\"(max-width: 270px) 100vw, 270px\" src=\"data:image\/svg+xml;base64,PHN2ZyB3aWR0aD0iMSIgaGVpZ2h0PSIxIiB4bWxucz0iaHR0cDovL3d3dy53My5vcmcvMjAwMC9zdmciPjwvc3ZnPg==\" style=\"--smush-placeholder-width: 270px; --smush-placeholder-aspect-ratio: 270\/179;\" \/><\/a>\n\t\t\t\t<\/div><div class='clear'><\/div>\n<h6 style=\"text-align: center;\"><em>\u00a0<\/em><br \/>\n<em>Porta-malas de 285 litros \u00e9 bom para seu porte; Isofix sobressai na classe;\u00a0difusor<\/em><br \/>\n<em>de ar atr\u00e1s da tela perde efici\u00eancia; reclina\u00e7\u00e3o dos bancos n\u00e3o segue padr\u00e3o VW<\/em><\/h6>\n<p>&nbsp;<\/p>\n<p>Em contrapartida, com o aumento de capacidade obtido com a traseira mais longa da vers\u00e3o brasileira, o Up transporta tanta bagagem quanto outros carros pequenos: 285 litros. Uma pr\u00e1tica prateleira pode ser reposicionada em duas alturas, o que permite escolher entre assoalho mais alto (ao n\u00edvel do v\u00e3o de acesso) com porta-objetos na parte inferior e um piso mais baixo para pleno aproveitamento do volume \u00fatil \u2014 nesse caso o degrau para o v\u00e3o de acesso \u00e9 dos mais altos j\u00e1 vistos, o que pode incomodar para remo\u00e7\u00e3o de cargas pesadas. Abaixo vem o estepe, com pneu de mesma medida dos outros (a roda \u00e9 de a\u00e7o). A tampa destrava-se junto das portas, solu\u00e7\u00e3o mais pr\u00e1tica que o destravamento por chave do Gol.<\/p>\n<p>&nbsp;<\/p>\n<div class='code-block code-block-7' style='margin: 28px auto; text-align: center; display: block; clear: both;'>\n<script async src=\"https:\/\/pagead2.googlesyndication.com\/pagead\/js\/adsbygoogle.js\"><\/script>\n<!-- AL-quadrado -->\n<ins class=\"adsbygoogle\"\n     style=\"display:block\"\n     data-ad-client=\"ca-pub-1914799802606213\"\n     data-ad-slot=\"5683066082\"\n     data-ad-format=\"auto\"\n     data-full-width-responsive=\"true\"><\/ins>\n<script>\n     (adsbygoogle = window.adsbygoogle || []).push({});\n<\/script><\/div>\n\n<p>&nbsp;<\/p>\n<h2>Tr\u00eas-cilindros traz agilidade<\/h2>\n<p>O motor de tr\u00eas cilindros e 1,0 litro que a VW lan\u00e7ou no <a href=\"https:\/\/autolivraria.com.br\/bc\/tag\/fox-bluemotion\">Fox Blue Motion<\/a>\u00a0no ano passado, com solu\u00e7\u00f5es bastante modernas (<em>leia mais sobre\u00a0t\u00e9cnica no quadro nesta p\u00e1gina<\/em>), \u00a0serve a um carro pouco (35 kg) mais leve no Up. Sua pot\u00eancia de 75\/82 cv e o torque de 9,7\/10,4 m.kgf, na ordem gasolina\/\u00e1lcool, est\u00e3o entre os maiores da cilindrada e nota-se distribui\u00e7\u00e3o muito boa pela faixa de rota\u00e7\u00f5es, como 85% do torque a 2.000 rpm. Mesmo com ar-condicionado ligado, o Up desloca-se com desenvoltura e n\u00e3o requer empenho anormal com o c\u00e2mbio ou a embreagem para acompanhar o tr\u00e1fego.<\/p>\n<p>Em que pese o desbalanceamento inerente a um tr\u00eas-cilindros, o motor gira com relativa suavidade \u2014 at\u00e9 a oscila\u00e7\u00e3o em marcha-lenta notada no Fox, que lembrava um quatro-cilindros com rota\u00e7\u00e3o baixa demais, ficou bastante sutil no novo modelo. Vibra\u00e7\u00f5es est\u00e3o bem presentes na faixa de 4.000 rpm, mas o n\u00edvel de ru\u00eddo \u00e9 adequado na maior parte das situa\u00e7\u00f5es; inc\u00f4modo s\u00f3 aparece de 5.000 giros em diante.<\/p>\n<table border=\"0\">\n<tbody>\n<tr>\n<td><a href='https:\/\/autolivraria.com.br\/bc\/informe-se\/avaliacao\/avaliacao-completa\/teste-vw-move-up-convence-pela-economia-mas-nao-no-preco\/3\/' class='small-button smallsilver'>Pr\u00f3xima parte<\/a><span style=\"color: #333333; font-family: Georgia, 'Times New Roman', 'Bitstream Charter', Times, serif; font-size: 14px; line-height: 1.5em;\"><br \/>\n<\/span><\/td>\n<\/tr>\n<\/tbody>\n<\/table>\n<p>&nbsp;<\/p>\n<div class='et-box et-shadow'>\n\t\t\t\t\t<div class='et-box-content'><h2>Testes de desempenho<\/h2>\n<table id=\"table6087\" border=\"0\" cellspacing=\"0\" cellpadding=\"3\">\n<tbody>\n<tr>\n<td style=\"width: 50%;\" valign=\"top\">Acelera\u00e7\u00e3o de 0 a 80 km\/h<\/td>\n<td style=\"width: 50%;\" valign=\"top\">10,3 s<\/td>\n<\/tr>\n<tr>\n<td style=\"width: 50%;\" valign=\"top\">Acelera\u00e7\u00e3o de 0 a 100 km\/h<\/td>\n<td style=\"width: 50%;\" valign=\"top\">15,0 s<\/td>\n<\/tr>\n<tr>\n<td style=\"width: 50%;\" valign=\"top\">Acelera\u00e7\u00e3o de 0 a 120 km\/h<\/td>\n<td style=\"width: 50%;\" valign=\"top\">22,9 s<\/td>\n<\/tr>\n<tr>\n<td style=\"width: 50%;\" valign=\"top\">Acelera\u00e7\u00e3o de 0 a 400 m<\/td>\n<td style=\"width: 50%;\" valign=\"top\">19,3 s<\/td>\n<\/tr>\n<tr>\n<td style=\"width: 50%;\" valign=\"top\">Retomada de 60 a 100 km\/h (3\u00aa.)<\/td>\n<td style=\"width: 50%;\" valign=\"top\">11,3 s<\/td>\n<\/tr>\n<tr>\n<td style=\"width: 50%;\" valign=\"top\">Retomada de 60 a 100 km\/h (4\u00aa.)<\/td>\n<td style=\"width: 50%;\" valign=\"top\">15,6 s<\/td>\n<\/tr>\n<tr>\n<td style=\"width: 50%;\" valign=\"top\">Retomada de 60 a 120 km\/h (3\u00aa.)<\/td>\n<td style=\"width: 50%;\" valign=\"top\">NA<\/td>\n<\/tr>\n<tr>\n<td style=\"width: 50%;\" valign=\"top\">Retomada de 60 a 120 km\/h (4\u00aa.)<\/td>\n<td style=\"width: 50%;\" valign=\"top\">24,8 s<\/td>\n<\/tr>\n<tr>\n<td style=\"width: 50%;\" valign=\"top\">Retomada de 80 a 120 km\/h (4\u00aa.)<\/td>\n<td style=\"width: 50%;\" valign=\"top\">18,5 s<\/td>\n<\/tr>\n<tr>\n<td style=\"width: 50%;\" valign=\"top\">Retomada de 80 a 120 km\/h (5\u00aa.)<\/td>\n<td style=\"width: 50%;\" valign=\"top\">25,6 s<\/td>\n<\/tr>\n<tr>\n<td colspan=\"2\" valign=\"top\" width=\"100%\">Teste efetuado com gasolina; <a title=\"M\u00e9todos de medi\u00e7\u00e3o de desempenho e consumo\" href=\"https:\/\/autolivraria.com.br\/bc\/metodos-de-medicao-de-desempenho-e-consumo\/\" target=\"_blank\"> conhe\u00e7a nossos m\u00e9todos de medi\u00e7\u00e3o<\/a>; NA = n\u00e3o aplic\u00e1vel (carro n\u00e3o atinge 120 km\/h em 3\u00aa.)<\/td>\n<\/tr>\n<\/tbody>\n<\/table><\/div><\/div>\n<p>&nbsp;<\/p>\n<div class='et-box et-shadow'>\n\t\t\t\t\t<div class='et-box-content'><h2><span style=\"line-height: 1.5em;\">Consumo em trajetos-padr\u00e3o<\/span><\/h2>\n<table id=\"table6087\" style=\"width: 100%;\" border=\"0\" cellspacing=\"0\" cellpadding=\"3\">\n<tbody>\n<tr>\n<td style=\"width: 50%;\" valign=\"top\">\n<h1>Trajeto<\/h1>\n<\/td>\n<td style=\"width: 50%;\" valign=\"top\">\n<h1>Gasolina<\/h1>\n<\/td>\n<\/tr>\n<tr>\n<td style=\"width: 50%;\" valign=\"top\">Leve em cidade<\/td>\n<td style=\"width: 50%;\" valign=\"top\">19,1 km\/l<\/td>\n<\/tr>\n<tr>\n<td style=\"width: 50%;\" valign=\"top\">Exigente em cidade<\/td>\n<td style=\"width: 50%;\" valign=\"top\">9,5 km\/l<\/td>\n<\/tr>\n<tr>\n<td style=\"width: 50%;\" valign=\"top\">Em rodovia<\/td>\n<td style=\"width: 50%;\" valign=\"top\">14,8 km\/l<\/td>\n<\/tr>\n<tr>\n<td colspan=\"2\" valign=\"top\" width=\"100%\"><a title=\"M\u00e9todos de medi\u00e7\u00e3o de desempenho e consumo\" href=\"https:\/\/autolivraria.com.br\/bc\/metodos-de-medicao-de-desempenho-e-consumo\/\" target=\"_blank\">Conhe\u00e7a nossos m\u00e9todos de medi\u00e7\u00e3o<\/a><\/td>\n<\/tr>\n<\/tbody>\n<\/table><\/div><\/div>\n<p>&nbsp;<\/p>\n<div class='et-box et-shadow'>\n\t\t\t\t\t<div class='et-box-content'><h2>Dados do fabricante<\/h2>\n<table id=\"table61\" style=\"width: 100%;\" border=\"0\" cellspacing=\"0\" cellpadding=\"3\">\n<tbody>\n<tr>\n<td style=\"width: 33%;\" valign=\"top\"><\/td>\n<td style=\"width: 33%;\" valign=\"top\">\n<h1>Gasolina<\/h1>\n<\/td>\n<td style=\"width: 33%;\" valign=\"top\">\n<h1>\u00c1lcool<\/h1>\n<\/td>\n<\/tr>\n<tr>\n<td style=\"width: 33%;\" valign=\"top\">Velocidade m\u00e1xima<\/td>\n<td style=\"width: 33%;\" valign=\"top\">163 km\/h<\/td>\n<td style=\"width: 33%;\" valign=\"top\">165 km\/h<\/td>\n<\/tr>\n<tr>\n<td style=\"width: 33%;\" valign=\"top\">Acelera\u00e7\u00e3o de 0 a 100 km\/h<\/td>\n<td style=\"width: 33%;\" valign=\"top\">12,6 s<\/td>\n<td style=\"width: 33%;\" valign=\"top\">12,4 s<\/td>\n<\/tr>\n<tr>\n<td style=\"width: 33%;\" valign=\"top\">Consumo em cidade<\/td>\n<td style=\"width: 33%;\" valign=\"top\">13,2 km\/l<\/td>\n<td style=\"width: 33%;\" valign=\"top\">9,1 km\/l<\/td>\n<\/tr>\n<tr>\n<td style=\"width: 33%;\" valign=\"top\">Consumo em rodovia<\/td>\n<td style=\"width: 33%;\" valign=\"top\">14,3 km\/l<\/td>\n<td style=\"width: 33%;\" valign=\"top\">9,9 km\/l<\/td>\n<\/tr>\n<tr>\n<td colspan=\"3\" valign=\"top\" width=\"50%\">Consumo conforme padr\u00f5es do Inmetro<\/td>\n<\/tr>\n<\/tbody>\n<\/table><\/div><\/div>\n<p><span style=\"line-height: 1.5em;\">\u00a0<\/span><\/p>\n<div class='et-box et-shadow'>\n\t\t\t\t\t<div class='et-box-content'><h2>Coment\u00e1rio t\u00e9cnico<\/h2>\n<p><a href=\"https:\/\/autolivraria.com.br\/bc\/wp-content\/uploads\/2014\/01\/VW-Up-tecnica-01.jpg\"><img decoding=\"async\" class=\"alignright lazyload\" style=\"--smush-placeholder-width: 270px; --smush-placeholder-aspect-ratio: 270\/179;margin-top: 20px; margin-bottom: 20px;\" alt=\"VW Up\" data-src=\"https:\/\/autolivraria.com.br\/bc\/wp-content\/uploads\/2014\/01\/VW-Up-tecnica-01-270x179.jpg\" width=\"270\" height=\"179\" src=\"data:image\/svg+xml;base64,PHN2ZyB3aWR0aD0iMSIgaGVpZ2h0PSIxIiB4bWxucz0iaHR0cDovL3d3dy53My5vcmcvMjAwMC9zdmciPjwvc3ZnPg==\" \/><\/a>\u2022\u00a0O Up usa uma plataforma in\u00e9dita no grupo, a PQ12, sigla para Platform Quer (referente ao motor transversal, em alem\u00e3o).\u00a0As suspens\u00f5es seguem os conceitos habituais de dianteira McPherson, com\u00a0<a href=\"https:\/\/autolivraria.com.br\/bc\/glossario-s\/#subc\">subchassi<\/a>, e traseira com eixo de tor\u00e7\u00e3o; a altura de rodagem aumentou em 2 cm na vers\u00e3o brasileira, que conta tamb\u00e9m com pneus de maior di\u00e2metro que os da europeia. Primeira em um VW nacional,\u00a0a assist\u00eancia el\u00e9trica de dire\u00e7\u00e3o consome menos energia que a hidr\u00e1ulica e dispensa fluido.<\/p>\n<p>\u2022\u00a0O motor de 1,0 litro da fam\u00edlia EA-211 usa bloco de alum\u00ednio, duplo comando com\u00a0<a href=\"https:\/\/autolivraria.com.br\/bc\/glossario-v\/#vari\">varia\u00e7\u00e3o de tempo de abertura das v\u00e1lvulas<\/a>\u00a0de admiss\u00e3o, coletor de escapamento integrado ao cabe\u00e7ote e duplo circuito de arrefecimento, que permite temperaturas diferentes para o bloco e para o cabe\u00e7ote.\u00a0Pioneiro em um carro de 1,0 litro no Brasil \u00e9 o sistema de partida a frio com preaquecimento de \u00e1lcool, o E-Flex, que dispensa o tanque auxiliar de gasolina.<\/p><\/div><\/div>\n<table border=\"0\">\n<tbody>\n<tr>\n<td><a href='https:\/\/autolivraria.com.br\/bc\/informe-se\/avaliacao\/avaliacao-completa\/teste-vw-move-up-convence-pela-economia-mas-nao-no-preco\/3\/' class='small-button smallsilver'>Pr\u00f3xima parte<\/a><\/td>\n<\/tr>\n<\/tbody>\n<\/table>\n<p>&nbsp;<\/p>\n<p>&nbsp;<\/p>\n<p><!--nextpage--><\/p>\n<p><span style=\"line-height: 1.5em;\"><a href=\"https:\/\/autolivraria.com.br\/bc\/wp-content\/uploads\/2014\/04\/VW-Move-Up-01.jpg\"><img decoding=\"async\" class=\"aligncenter size-medium wp-image-42769 lazyload\" alt=\"VW Move Up\" data-src=\"https:\/\/autolivraria.com.br\/bc\/wp-content\/uploads\/2014\/04\/VW-Move-Up-01-560x373.jpg\" width=\"560\" height=\"373\" data-srcset=\"https:\/\/autolivraria.com.br\/bc\/wp-content\/uploads\/2014\/04\/VW-Move-Up-01-560x373.jpg 560w, https:\/\/autolivraria.com.br\/bc\/wp-content\/uploads\/2014\/04\/VW-Move-Up-01-470x313.jpg 470w, https:\/\/autolivraria.com.br\/bc\/wp-content\/uploads\/2014\/04\/VW-Move-Up-01-270x179.jpg 270w, https:\/\/autolivraria.com.br\/bc\/wp-content\/uploads\/2014\/04\/VW-Move-Up-01-168x111.jpg 168w, https:\/\/autolivraria.com.br\/bc\/wp-content\/uploads\/2014\/04\/VW-Move-Up-01.jpg 1280w\" data-sizes=\"(max-width: 560px) 100vw, 560px\" src=\"data:image\/svg+xml;base64,PHN2ZyB3aWR0aD0iMSIgaGVpZ2h0PSIxIiB4bWxucz0iaHR0cDovL3d3dy53My5vcmcvMjAwMC9zdmciPjwvc3ZnPg==\" style=\"--smush-placeholder-width: 560px; --smush-placeholder-aspect-ratio: 560\/373;\" \/><\/a><\/span><\/p>\n<h6 style=\"text-align: center;\"><em>\u00a0<\/em><br \/>\n<em>Capaz de 0-100 km\/h em 15 segundos, o Up mostra bom desempenho no tr\u00e2nsito<\/em><br \/>\n<em>e dispensa altas rota\u00e7\u00f5es, mas economia de combust\u00edvel \u00e9 o maior destaque<\/em><\/h6>\n<p>&nbsp;<\/p>\n<p>Nossas medi\u00e7\u00f5es de desempenho indicaram relativa agilidade na acelera\u00e7\u00e3o, feita de 0 a 100 km\/h em 15 segundos, e retomadas aceit\u00e1veis, que melhoram bastante com o uso de marchas mais baixas (<a href=\"https:\/\/autolivraria.com.br\/bc\/informe-se\/avaliacao\/avaliacao-completa\/teste-vw-move-up-convence-pela-economia-mas-nao-no-preco\/2\/\">veja os n\u00fameros na tabela da p\u00e1gina 2<\/a>). Onde o Move Up realmente surpreendeu foi no consumo em nossos trajetos-padr\u00e3o, ao fazer 9,5 km\/l no percurso urbano exigente, 14,8 km\/l no rodovi\u00e1rio (ambos com ar-condicionado) e nada menos que 19,1 km\/l no urbano leve, sempre com gasolina. A marca em rodovia poderia ser ainda melhor com um c\u00e2mbio mais longo, pois em quinta s\u00e3o 3.850 rpm a 120 km\/h.<\/p>\n<p>O Up compartilha com outros modelos da marca a excelente caixa de c\u00e2mbio, com comando dos mais leves e precisos do mercado; o engate da marcha \u00e0 r\u00e9 requer press\u00e3o para baixo na alavanca, mas n\u00e3o traz dificuldade. Seus freios est\u00e3o bem dimensionados, com discos ventilados \u00e0 frente \u2014 que o mais potente e pesado <a href=\"https:\/\/autolivraria.com.br\/bc\/tag\/208-allure\">Peugeot 208<\/a> de 1,45 litro n\u00e3o usa \u2014, e a dire\u00e7\u00e3o, a primeira em um VW nacional a usar assist\u00eancia el\u00e9trica, mostra calibra\u00e7\u00e3o acertada com pouco peso em manobras e uma sensa\u00e7\u00e3o firme e precisa em alta velocidade.<\/p>\n<p>&nbsp;<\/p>\n<div class='one_half'>\n\t\t\t\t\t<a href=\"https:\/\/autolivraria.com.br\/bc\/wp-content\/uploads\/2014\/04\/VW-Move-Up-mtr.jpg\"><img decoding=\"async\" class=\"aligncenter size-meia-largura-post wp-image-42770 lazyload\" alt=\"VW Move Up\" data-src=\"https:\/\/autolivraria.com.br\/bc\/wp-content\/uploads\/2014\/04\/VW-Move-Up-mtr-270x179.jpg\" width=\"270\" height=\"179\" data-srcset=\"https:\/\/autolivraria.com.br\/bc\/wp-content\/uploads\/2014\/04\/VW-Move-Up-mtr-270x179.jpg 270w, https:\/\/autolivraria.com.br\/bc\/wp-content\/uploads\/2014\/04\/VW-Move-Up-mtr-560x372.jpg 560w, https:\/\/autolivraria.com.br\/bc\/wp-content\/uploads\/2014\/04\/VW-Move-Up-mtr-470x312.jpg 470w, https:\/\/autolivraria.com.br\/bc\/wp-content\/uploads\/2014\/04\/VW-Move-Up-mtr-168x111.jpg 168w, https:\/\/autolivraria.com.br\/bc\/wp-content\/uploads\/2014\/04\/VW-Move-Up-mtr.jpg 640w\" data-sizes=\"(max-width: 270px) 100vw, 270px\" src=\"data:image\/svg+xml;base64,PHN2ZyB3aWR0aD0iMSIgaGVpZ2h0PSIxIiB4bWxucz0iaHR0cDovL3d3dy53My5vcmcvMjAwMC9zdmciPjwvc3ZnPg==\" style=\"--smush-placeholder-width: 270px; --smush-placeholder-aspect-ratio: 270\/179;\" \/><\/a>\n\t\t\t\t<\/div>\n<div class='one_half last'>\n\t\t\t\t\t<a href=\"https:\/\/autolivraria.com.br\/bc\/wp-content\/uploads\/2014\/04\/VW-Move-Up-cambio.jpg\"><img decoding=\"async\" class=\"aligncenter size-meia-largura-post wp-image-42771 lazyload\" alt=\"VW Move Up\" data-src=\"https:\/\/autolivraria.com.br\/bc\/wp-content\/uploads\/2014\/04\/VW-Move-Up-cambio-270x179.jpg\" width=\"270\" height=\"179\" data-srcset=\"https:\/\/autolivraria.com.br\/bc\/wp-content\/uploads\/2014\/04\/VW-Move-Up-cambio-270x179.jpg 270w, https:\/\/autolivraria.com.br\/bc\/wp-content\/uploads\/2014\/04\/VW-Move-Up-cambio-560x372.jpg 560w, https:\/\/autolivraria.com.br\/bc\/wp-content\/uploads\/2014\/04\/VW-Move-Up-cambio-470x312.jpg 470w, https:\/\/autolivraria.com.br\/bc\/wp-content\/uploads\/2014\/04\/VW-Move-Up-cambio-168x111.jpg 168w, https:\/\/autolivraria.com.br\/bc\/wp-content\/uploads\/2014\/04\/VW-Move-Up-cambio.jpg 640w\" data-sizes=\"(max-width: 270px) 100vw, 270px\" src=\"data:image\/svg+xml;base64,PHN2ZyB3aWR0aD0iMSIgaGVpZ2h0PSIxIiB4bWxucz0iaHR0cDovL3d3dy53My5vcmcvMjAwMC9zdmciPjwvc3ZnPg==\" style=\"--smush-placeholder-width: 270px; --smush-placeholder-aspect-ratio: 270\/179;\" \/><\/a>\n\t\t\t\t<\/div><div class='clear'><\/div>\n<h6 style=\"text-align: center;\"><em>\u00a0<\/em><br \/>\n<em>Boa combina\u00e7\u00e3o: um motor de \u00faltima gera\u00e7\u00e3o, com solu\u00e7\u00f5es t\u00e9cnicas pioneiras, e<\/em><br \/>\n<em>a conhecida caixa de c\u00e2mbio dos pequenos da VW com comando dos melhores<\/em><\/h6>\n<p>&nbsp;<\/p>\n<p>Carros curtos e de baixo peso representam um desafio para os fabricantes e termos de calibra\u00e7\u00e3o de suspens\u00e3o: se muito macia, prejudica a estabilidade e pode tornar o carro inseguro com carga total; se muito firme, sacrifica o conforto. O Up est\u00e1 mais para o segundo caso, com molas um pouco duras que transmitem bem impactos como lombadas e emendas de pontes; a absor\u00e7\u00e3o de pequenas irregularidades tamb\u00e9m \u00e9 pior do que se esperava pelo uso de pneus 175\/70 R 14, medida quase de vers\u00e3o aventureira hoje. Por outro lado, o correto comportamento em curva transmite confian\u00e7a e o conjunto parece robusto.<\/p>\n<p>&nbsp;<\/p>\n<blockquote><p>Al\u00e9m de trazer fixa\u00e7\u00f5es Isofix para cadeiras<br \/>\ninfantis, o Up sobressai em seguran\u00e7a\u00a0pela<br \/>\nnota m\u00e1xima no\u00a0teste de impacto do Latin NCap<\/p><\/blockquote>\n<p>&nbsp;<\/p>\n<p>O novo VW poderia ser melhor em visibilidade, pois tem as colunas dianteiras largas e avan\u00e7adas e as traseiras muito espessas. O sistema de ilumina\u00e7\u00e3o \u00e9 dos mais simples, com far\u00f3is de refletor \u00fanico de <a href=\"https:\/\/autolivraria.com.br\/bc\/glossario-s\/#supe\">superf\u00edcie complexa<\/a> (bons, por\u00e9m) e nenhuma luz de neblina de s\u00e9rie, nem mesmo na traseira. Pontos positivos s\u00e3o os repetidores laterais das luzes de dire\u00e7\u00e3o e os retrovisores externos <a href=\"https:\/\/autolivraria.com.br\/bc\/glossario-c\/#conv\">convexos<\/a> de bom tamanho.<\/p>\n<p>Embora a dota\u00e7\u00e3o de <a href=\"https:\/\/autolivraria.com.br\/bc\/glossario-s\/#segu\">seguran\u00e7a passiva<\/a> seja apenas aquela obrigat\u00f3ria acrescida de encosto de cabe\u00e7a para o quinto ocupante (cinto de tr\u00eas pontos ele n\u00e3o tem) e fixa\u00e7\u00f5es Isofix para cadeiras infantis, o Up sobressai nesse aspecto por ter alcan\u00e7ado nota m\u00e1xima \u2014 cinco estrelas \u2014 no <a title=\"VW Up chega com cinco estrelas no teste LatinNCap\" href=\"https:\/\/autolivraria.com.br\/bc\/informe-se\/noticias\/seguranca-vw-up-chega-com-cinco-estrelas-no-teste-latinncap\/\">teste de impacto do Latin NCap<\/a>\u00a0em rela\u00e7\u00e3o \u00e0 prote\u00e7\u00e3o do adulto, com 15,86 pontos entre 17 poss\u00edveis; a prote\u00e7\u00e3o a crian\u00e7as obteve quatro estrelas e 39,54 pontos dos 49 poss\u00edveis.<\/p>\n<p>&nbsp;<\/p>\n<p><a href=\"https:\/\/autolivraria.com.br\/bc\/wp-content\/uploads\/2014\/04\/VW-Move-Up-08.jpg\"><img decoding=\"async\" class=\"aligncenter size-medium wp-image-42772 lazyload\" alt=\"VW Move Up\" data-src=\"https:\/\/autolivraria.com.br\/bc\/wp-content\/uploads\/2014\/04\/VW-Move-Up-08-560x373.jpg\" width=\"560\" height=\"373\" data-srcset=\"https:\/\/autolivraria.com.br\/bc\/wp-content\/uploads\/2014\/04\/VW-Move-Up-08-560x373.jpg 560w, https:\/\/autolivraria.com.br\/bc\/wp-content\/uploads\/2014\/04\/VW-Move-Up-08-470x313.jpg 470w, https:\/\/autolivraria.com.br\/bc\/wp-content\/uploads\/2014\/04\/VW-Move-Up-08-270x179.jpg 270w, https:\/\/autolivraria.com.br\/bc\/wp-content\/uploads\/2014\/04\/VW-Move-Up-08-168x111.jpg 168w, https:\/\/autolivraria.com.br\/bc\/wp-content\/uploads\/2014\/04\/VW-Move-Up-08.jpg 1280w\" data-sizes=\"(max-width: 560px) 100vw, 560px\" src=\"data:image\/svg+xml;base64,PHN2ZyB3aWR0aD0iMSIgaGVpZ2h0PSIxIiB4bWxucz0iaHR0cDovL3d3dy53My5vcmcvMjAwMC9zdmciPjwvc3ZnPg==\" style=\"--smush-placeholder-width: 560px; --smush-placeholder-aspect-ratio: 560\/373;\" \/><\/a><\/p>\n<p>&nbsp;<\/p>\n<div class='one_half'>\n\t\t\t\t\t<a href=\"https:\/\/autolivraria.com.br\/bc\/wp-content\/uploads\/2014\/04\/VW-Move-Up-09.jpg\"><img decoding=\"async\" class=\"aligncenter size-meia-largura-post wp-image-42773 lazyload\" alt=\"VW Move Up\" data-src=\"https:\/\/autolivraria.com.br\/bc\/wp-content\/uploads\/2014\/04\/VW-Move-Up-09-270x179.jpg\" width=\"270\" height=\"179\" data-srcset=\"https:\/\/autolivraria.com.br\/bc\/wp-content\/uploads\/2014\/04\/VW-Move-Up-09-270x179.jpg 270w, https:\/\/autolivraria.com.br\/bc\/wp-content\/uploads\/2014\/04\/VW-Move-Up-09-560x373.jpg 560w, https:\/\/autolivraria.com.br\/bc\/wp-content\/uploads\/2014\/04\/VW-Move-Up-09-470x313.jpg 470w, https:\/\/autolivraria.com.br\/bc\/wp-content\/uploads\/2014\/04\/VW-Move-Up-09-168x111.jpg 168w, https:\/\/autolivraria.com.br\/bc\/wp-content\/uploads\/2014\/04\/VW-Move-Up-09.jpg 1280w\" data-sizes=\"(max-width: 270px) 100vw, 270px\" src=\"data:image\/svg+xml;base64,PHN2ZyB3aWR0aD0iMSIgaGVpZ2h0PSIxIiB4bWxucz0iaHR0cDovL3d3dy53My5vcmcvMjAwMC9zdmciPjwvc3ZnPg==\" style=\"--smush-placeholder-width: 270px; --smush-placeholder-aspect-ratio: 270\/179;\" \/><\/a>\n\t\t\t\t<\/div>\n<div class='one_half last'>\n\t\t\t\t\t<a href=\"https:\/\/autolivraria.com.br\/bc\/wp-content\/uploads\/2014\/04\/VW-Move-Up-04.jpg\"><img decoding=\"async\" class=\"aligncenter size-meia-largura-post wp-image-42774 lazyload\" alt=\"VW Move Up\" data-src=\"https:\/\/autolivraria.com.br\/bc\/wp-content\/uploads\/2014\/04\/VW-Move-Up-04-270x179.jpg\" width=\"270\" height=\"179\" data-srcset=\"https:\/\/autolivraria.com.br\/bc\/wp-content\/uploads\/2014\/04\/VW-Move-Up-04-270x179.jpg 270w, https:\/\/autolivraria.com.br\/bc\/wp-content\/uploads\/2014\/04\/VW-Move-Up-04-560x373.jpg 560w, https:\/\/autolivraria.com.br\/bc\/wp-content\/uploads\/2014\/04\/VW-Move-Up-04-470x313.jpg 470w, https:\/\/autolivraria.com.br\/bc\/wp-content\/uploads\/2014\/04\/VW-Move-Up-04-168x111.jpg 168w, https:\/\/autolivraria.com.br\/bc\/wp-content\/uploads\/2014\/04\/VW-Move-Up-04.jpg 1280w\" data-sizes=\"(max-width: 270px) 100vw, 270px\" src=\"data:image\/svg+xml;base64,PHN2ZyB3aWR0aD0iMSIgaGVpZ2h0PSIxIiB4bWxucz0iaHR0cDovL3d3dy53My5vcmcvMjAwMC9zdmciPjwvc3ZnPg==\" style=\"--smush-placeholder-width: 270px; --smush-placeholder-aspect-ratio: 270\/179;\" \/><\/a>\n\t\t\t\t<\/div><div class='clear'><\/div>\n<h6 style=\"text-align: center;\"><em>\u00a0<\/em><br \/>\n<em>Calibra\u00e7\u00e3o firme da suspens\u00e3o deixa o Up est\u00e1vel, mas sacrifica o conforto,<\/em><br \/>\n<em>mesmo com pneus de perfil alto; sistema de ilumina\u00e7\u00e3o traz o b\u00e1sico<\/em><\/h6>\n<p>&nbsp;<\/p>\n<p>Afinal, vale a pena apostar no Up? Na faixa de R$ 40 mil encontram-se hatches mais espa\u00e7osos e com motores de maior cilindrada com conte\u00fado semelhante ou pouco inferior, como <a href=\"https:\/\/autolivraria.com.br\/bc\/tag\/c3\">Citro\u00ebn C3<\/a> Origine 1,45-litro, <a href=\"https:\/\/autolivraria.com.br\/bc\/tag\/palio\">Fiat Palio<\/a> Attractive 1,4, <a href=\"https:\/\/autolivraria.com.br\/bc\/tag\/march\">Nissan March<\/a> SV 1,6 e Peugeot 208 Active 1,45. Na pr\u00f3pria linha VW h\u00e1 alternativas como <a href=\"https:\/\/autolivraria.com.br\/bc\/tag\/gol\">Gol<\/a> e <a href=\"https:\/\/autolivraria.com.br\/bc\/tag\/fox\">Fox<\/a>, que oferecem mais espa\u00e7o e o mesmo brilhante motor de tr\u00eas cilindros, no caso do Fox Blue Motion, sem se afastar do pre\u00e7o do irm\u00e3o mais novo.<\/p>\n<p>&nbsp;<\/p>\n<div class='code-block code-block-7' style='margin: 28px auto; text-align: center; display: block; clear: both;'>\n<br>\n<div align=\"center\">\n<a target=\"_blank\" href=\"https:\/\/bestcars.com.br\/bc\/\">\n<img decoding=\"async\" data-src=\"https:\/\/bestcars.com.br\/bc\/wp-content\/uploads\/2021\/07\/Auto-Livraria-450x300-quadros.jpg\" alt=\"Auto Livraria\" src=\"data:image\/svg+xml;base64,PHN2ZyB3aWR0aD0iMSIgaGVpZ2h0PSIxIiB4bWxucz0iaHR0cDovL3d3dy53My5vcmcvMjAwMC9zdmciPjwvc3ZnPg==\" class=\"lazyload\"><\/a>\n<\/div>\n<br><\/div>\n\n<p>&nbsp;<\/p>\n<p>Se economia de combust\u00edvel, seguran\u00e7a passiva e modernidade de projeto forem mais importantes na compra que o espa\u00e7o interno e o desempenho, o Up defende-se bem diante de oponentes consagrados. Contudo, muitos consumidores de carros pequenos preferem algo pouco maior e mais apto ao uso rodovi\u00e1rio, mesmo que passem quase todo o tempo dirigindo na cidade. Para esses, a novidade da VW pode n\u00e3o ser a melhor escolha.<\/p>\n<table border=\"0\">\n<tbody>\n<tr>\n<td><a href='https:\/\/autolivraria.com.br\/bc\/avaliacoes\/' class='small-button smallsilver'>Mais Avalia\u00e7\u00f5es<\/a><\/td>\n<\/tr>\n<\/tbody>\n<\/table>\n<p>&nbsp;<\/p>\n<div class='et-box et-shadow'>\n\t\t\t\t\t<div class='et-box-content'><h2>Ficha t\u00e9cnica<\/h2>\n<table id=\"table61\" style=\"width: 100%;\" border=\"0\" cellspacing=\"0\" cellpadding=\"3\">\n<tbody>\n<tr>\n<td style=\"background-color: #ffffff; width: 50%;\" colspan=\"2\" valign=\"top\">Motor<\/td>\n<\/tr>\n<tr>\n<td valign=\"top\" width=\"50%\">Posi\u00e7\u00e3o<\/td>\n<td valign=\"top\" width=\"50%\">transversal<\/td>\n<\/tr>\n<tr>\n<td valign=\"top\" width=\"50%\">Cilindros<\/td>\n<td valign=\"top\" width=\"50%\">3 em linha<\/td>\n<\/tr>\n<tr>\n<td valign=\"top\" width=\"50%\">Material do bloco\/cabe\u00e7ote<\/td>\n<td valign=\"top\" width=\"50%\">alum\u00ednio<\/td>\n<\/tr>\n<tr>\n<td valign=\"top\" width=\"50%\">Comando de v\u00e1lvulas<\/td>\n<td valign=\"top\" width=\"50%\">duplo no cabe\u00e7ote<\/td>\n<\/tr>\n<tr>\n<td valign=\"top\" width=\"50%\">V\u00e1lvulas por cilindro<\/td>\n<td valign=\"top\" width=\"50%\">4<\/td>\n<\/tr>\n<tr>\n<td valign=\"top\" width=\"50%\">Di\u00e2metro e curso<\/td>\n<td valign=\"top\" width=\"50%\">74,5 x 76,4 mm<\/td>\n<\/tr>\n<tr>\n<td valign=\"top\" width=\"50%\">Cilindrada<\/td>\n<td valign=\"top\" width=\"50%\">999 cm\u00b3<\/td>\n<\/tr>\n<tr>\n<td valign=\"top\" width=\"50%\">Taxa de compress\u00e3o<\/td>\n<td valign=\"top\" width=\"50%\">11,5:1<\/td>\n<\/tr>\n<tr>\n<td valign=\"top\" width=\"50%\">Alimenta\u00e7\u00e3o<\/td>\n<td valign=\"top\" width=\"50%\">inje\u00e7\u00e3o multiponto sequencial<\/td>\n<\/tr>\n<tr>\n<td valign=\"top\" width=\"50%\">Pot\u00eancia m\u00e1xima (gas.\/\u00e1lc.)<\/td>\n<td valign=\"top\" width=\"50%\">75\/82 cv a 6.250 rpm<\/td>\n<\/tr>\n<tr>\n<td valign=\"top\" width=\"50%\">Torque m\u00e1ximo (gas.\/\u00e1lc.)<\/td>\n<td valign=\"top\" width=\"50%\">9,7\/10,4 m.kgf a 3.000 rpm<\/td>\n<\/tr>\n<tr>\n<td valign=\"top\" width=\"50%\">Pot\u00eancia espec\u00edfica (gas.\/\u00e1lc.)<\/td>\n<td valign=\"top\" width=\"50%\">75,1\/82,1 cv\/l<\/td>\n<\/tr>\n<tr>\n<td style=\"background-color: #ffffff; width: 50%;\" colspan=\"2\" valign=\"top\">Transmiss\u00e3o<\/td>\n<\/tr>\n<tr>\n<td valign=\"top\" width=\"50%\">Tipo de c\u00e2mbio e marchas<\/td>\n<td valign=\"top\" width=\"50%\">manual \/\u00a0 5<\/td>\n<\/tr>\n<tr>\n<td colspan=\"2\" valign=\"top\" width=\"50%\">Rela\u00e7\u00e3o e velocidade por 1.000 rpm<\/td>\n<\/tr>\n<tr>\n<td valign=\"top\" width=\"50%\">1\u00aa.<\/td>\n<td valign=\"top\" width=\"50%\">3,77 \/ 6 km\/h<\/td>\n<\/tr>\n<tr>\n<td valign=\"top\" width=\"50%\">2\u00aa.<\/td>\n<td valign=\"top\" width=\"50%\">2,10 \/ 11 km\/h<\/td>\n<\/tr>\n<tr>\n<td valign=\"top\" width=\"50%\">3\u00aa.<\/td>\n<td valign=\"top\" width=\"50%\">1,28 \/ 18 km\/h<\/td>\n<\/tr>\n<tr>\n<td valign=\"top\" width=\"50%\">4\u00aa.<\/td>\n<td valign=\"top\" width=\"50%\">0,93 \/ 25 km\/h<\/td>\n<\/tr>\n<tr>\n<td valign=\"top\" width=\"50%\">5\u00aa.<\/td>\n<td valign=\"top\" width=\"50%\">0,74 \/ 31 km\/h<\/td>\n<\/tr>\n<tr>\n<td valign=\"top\" width=\"50%\">Rela\u00e7\u00e3o de diferencial<\/td>\n<td valign=\"top\" width=\"50%\">4,93<\/td>\n<\/tr>\n<tr>\n<td valign=\"top\" width=\"50%\">Regime a 120 km\/h (5\u00aa.)<\/td>\n<td valign=\"top\" width=\"50%\">3.850 rpm<\/td>\n<\/tr>\n<tr>\n<td valign=\"top\" width=\"50%\">Regime \u00e0 vel. m\u00e1x. informada (gas.\/\u00e1lc.)<\/td>\n<td valign=\"top\" width=\"50%\">5.250\/5.300 rpm (5\u00aa.)<\/td>\n<\/tr>\n<tr>\n<td valign=\"top\" width=\"50%\">Tra\u00e7\u00e3o<\/td>\n<td valign=\"top\" width=\"50%\">dianteira<\/td>\n<\/tr>\n<tr>\n<td style=\"background-color: #ffffff; width: 50%;\" colspan=\"2\" valign=\"top\">Freios<\/td>\n<\/tr>\n<tr>\n<td valign=\"top\" width=\"50%\">Dianteiros<\/td>\n<td valign=\"top\" width=\"50%\">a disco ventilado (256 mm \u00f8)<\/td>\n<\/tr>\n<tr>\n<td valign=\"top\" width=\"50%\">Traseiros<\/td>\n<td valign=\"top\" width=\"50%\">a tambor (200 mm \u00f8)<\/td>\n<\/tr>\n<tr>\n<td valign=\"top\" width=\"50%\">Antitravamento (ABS)<\/td>\n<td valign=\"top\" width=\"50%\">sim<\/td>\n<\/tr>\n<tr>\n<td style=\"background-color: #ffffff; width: 50%;\" colspan=\"2\" valign=\"top\">Dire\u00e7\u00e3o<\/td>\n<\/tr>\n<tr>\n<td valign=\"top\" width=\"50%\">Sistema<\/td>\n<td valign=\"top\" width=\"50%\">pinh\u00e3o e cremalheira<\/td>\n<\/tr>\n<tr>\n<td valign=\"top\" width=\"50%\">Assist\u00eancia<\/td>\n<td valign=\"top\" width=\"50%\">el\u00e9trica<\/td>\n<\/tr>\n<tr>\n<td valign=\"top\" width=\"50%\">Di\u00e2metro de giro<\/td>\n<td valign=\"top\" width=\"50%\">9,7 m<\/td>\n<\/tr>\n<tr>\n<td style=\"background-color: #ffffff; width: 50%;\" colspan=\"2\" valign=\"top\">Suspens\u00e3o<\/td>\n<\/tr>\n<tr>\n<td valign=\"top\" width=\"50%\">Dianteira<\/td>\n<td valign=\"top\" width=\"50%\">independente, McPherson, mola helicoidal<\/td>\n<\/tr>\n<tr>\n<td valign=\"top\" width=\"50%\">Traseira<\/td>\n<td valign=\"top\" width=\"50%\">eixo de tor\u00e7\u00e3o, mola helicoidal<\/td>\n<\/tr>\n<tr>\n<td valign=\"top\" width=\"50%\">Estabilizador(es)<\/td>\n<td valign=\"top\" width=\"50%\">dianteiro<\/td>\n<\/tr>\n<tr>\n<td style=\"background-color: #ffffff; width: 50%;\" colspan=\"2\" valign=\"top\">Rodas<\/td>\n<\/tr>\n<tr>\n<td valign=\"top\" width=\"50%\">Dimens\u00f5es<\/td>\n<td valign=\"top\" width=\"50%\">5 x 14 pol<\/td>\n<\/tr>\n<tr>\n<td valign=\"top\" width=\"50%\">Pneus<\/td>\n<td valign=\"top\" width=\"50%\">175\/70 R 14<\/td>\n<\/tr>\n<tr>\n<td style=\"background-color: #ffffff; width: 50%;\" colspan=\"2\" valign=\"top\">Dimens\u00f5es<\/td>\n<\/tr>\n<tr>\n<td valign=\"top\" width=\"50%\">Comprimento<\/td>\n<td valign=\"top\" width=\"50%\">3,605 m<\/td>\n<\/tr>\n<tr>\n<td valign=\"top\" width=\"50%\">Largura<\/td>\n<td valign=\"top\" width=\"50%\">1,645 m<\/td>\n<\/tr>\n<tr>\n<td valign=\"top\" width=\"50%\">Altura<\/td>\n<td valign=\"top\" width=\"50%\">1,50 m<\/td>\n<\/tr>\n<tr>\n<td valign=\"top\" width=\"50%\">Entre-eixos<\/td>\n<td valign=\"top\" width=\"50%\">2,421 m<\/td>\n<\/tr>\n<tr>\n<td valign=\"top\" width=\"50%\">Bitola dianteira<\/td>\n<td valign=\"top\" width=\"50%\">1,423 m<\/td>\n<\/tr>\n<tr>\n<td valign=\"top\" width=\"50%\">Bitola traseira<\/td>\n<td valign=\"top\" width=\"50%\">1,424 m<\/td>\n<\/tr>\n<tr>\n<td valign=\"top\" width=\"50%\">Coeficiente aerodin\u00e2mico (Cx)<\/td>\n<td valign=\"top\" width=\"50%\">0,361<\/td>\n<\/tr>\n<tr>\n<td style=\"background-color: #ffffff; width: 50%;\" colspan=\"2\" valign=\"top\">Capacidades e peso<\/td>\n<\/tr>\n<tr>\n<td valign=\"top\" width=\"50%\">Tanque de combust\u00edvel<\/td>\n<td valign=\"top\" width=\"50%\">50 l<\/td>\n<\/tr>\n<tr>\n<td valign=\"top\" width=\"50%\">Compartimento de bagagem<\/td>\n<td valign=\"top\" width=\"50%\">285 l<\/td>\n<\/tr>\n<tr>\n<td valign=\"top\" width=\"50%\">Peso em ordem de marcha<\/td>\n<td valign=\"top\" width=\"50%\">958 kg<\/td>\n<\/tr>\n<tr>\n<td valign=\"top\" width=\"50%\">Rela\u00e7\u00e3o peso-pot\u00eancia (gas.\/\u00e1lc.)<\/td>\n<td valign=\"top\" width=\"50%\">12,8\/11,7 kg\/cv<\/td>\n<\/tr>\n<tr>\n<td style=\"background-color: #ffffff; width: 50%;\" colspan=\"2\" valign=\"top\">Garantia<\/td>\n<\/tr>\n<tr>\n<td valign=\"top\" width=\"50%\">Prazo<\/td>\n<td valign=\"top\" width=\"50%\">3 anos sem limite de quilometragem<\/td>\n<\/tr>\n<tr>\n<td style=\"background-color: #ffffff; width: 50%;\" colspan=\"2\" valign=\"top\">Carro avaliado<\/td>\n<\/tr>\n<tr>\n<td valign=\"top\" width=\"50%\">Ano-modelo<\/td>\n<td valign=\"top\" width=\"50%\">2014<\/td>\n<\/tr>\n<tr>\n<td valign=\"top\" width=\"50%\">Pneus<\/td>\n<td valign=\"top\" width=\"50%\">Goodyear GPS Duraplus<\/td>\n<\/tr>\n<tr>\n<td valign=\"top\" width=\"50%\">Quilometragem inicial<\/td>\n<td valign=\"top\" width=\"50%\">1.000 km<\/td>\n<\/tr>\n<tr>\n<td colspan=\"2\" valign=\"top\" width=\"50%\">Dados do fabricante<\/td>\n<\/tr>\n<\/tbody>\n<\/table><\/div><\/div>\n<p>&nbsp;<\/p>\n<p>&nbsp;<\/p>\n","protected":false},"excerpt":{"rendered":"<p>Moderno na constru\u00e7\u00e3o, eficiente com seu tr\u00eas-cilindros, o novo pequeno Volkswagen poderia oferecer mais pelos R$ 39 mil<\/p>\n","protected":false},"author":6,"featured_media":42752,"comment_status":"open","ping_status":"closed","sticky":false,"template":"","format":"standard","meta":{"_joinchat":[],"footnotes":""},"categories":[3611,1841],"tags":[80,36,827,2969,1221,60],"class_list":["post-42705","post","type-post","status-publish","format-standard","has-post-thumbnail","hentry","category-avaliacao-completa","category-volkswagen-avaliacao","tag-avaliacao-2","tag-avaliacao-completa","tag-fox","tag-move-up","tag-up","tag-volkswagen"],"amp_enabled":true,"_links":{"self":[{"href":"https:\/\/autolivraria.com.br\/bc\/wp-json\/wp\/v2\/posts\/42705","targetHints":{"allow":["GET"]}}],"collection":[{"href":"https:\/\/autolivraria.com.br\/bc\/wp-json\/wp\/v2\/posts"}],"about":[{"href":"https:\/\/autolivraria.com.br\/bc\/wp-json\/wp\/v2\/types\/post"}],"author":[{"embeddable":true,"href":"https:\/\/autolivraria.com.br\/bc\/wp-json\/wp\/v2\/users\/6"}],"replies":[{"embeddable":true,"href":"https:\/\/autolivraria.com.br\/bc\/wp-json\/wp\/v2\/comments?post=42705"}],"version-history":[{"count":0,"href":"https:\/\/autolivraria.com.br\/bc\/wp-json\/wp\/v2\/posts\/42705\/revisions"}],"wp:featuredmedia":[{"embeddable":true,"href":"https:\/\/autolivraria.com.br\/bc\/wp-json\/wp\/v2\/media\/42752"}],"wp:attachment":[{"href":"https:\/\/autolivraria.com.br\/bc\/wp-json\/wp\/v2\/media?parent=42705"}],"wp:term":[{"taxonomy":"category","embeddable":true,"href":"https:\/\/autolivraria.com.br\/bc\/wp-json\/wp\/v2\/categories?post=42705"},{"taxonomy":"post_tag","embeddable":true,"href":"https:\/\/autolivraria.com.br\/bc\/wp-json\/wp\/v2\/tags?post=42705"}],"curies":[{"name":"wp","href":"https:\/\/api.w.org\/{rel}","templated":true}]}}