{"id":46341,"date":"2014-07-02T09:46:25","date_gmt":"2014-07-02T12:46:25","guid":{"rendered":"http:\/\/bestcars.uol.com.br\/bc\/?p=46341"},"modified":"2014-07-08T10:50:55","modified_gmt":"2014-07-08T13:50:55","slug":"teste-peugeot-3008-propoe-espaco-com-bom-custo-beneficio","status":"publish","type":"post","link":"https:\/\/autolivraria.com.br\/bc\/informe-se\/um-mes\/teste-peugeot-3008-propoe-espaco-com-bom-custo-beneficio\/","title":{"rendered":"Peugeot 3008 prop\u00f5e espa\u00e7o e bom custo-benef\u00edcio (1)"},"content":{"rendered":"<p><a href=\"https:\/\/autolivraria.com.br\/bc\/wp-content\/uploads\/2014\/07\/Peugeot-3008-Griffe-25.jpg\"><img fetchpriority=\"high\" decoding=\"async\" class=\"aligncenter size-medium wp-image-46445\" src=\"https:\/\/autolivraria.com.br\/bc\/wp-content\/uploads\/2014\/07\/Peugeot-3008-Griffe-25-560x373.jpg\" alt=\"Peugeot 3008 Griffe\" width=\"560\" height=\"373\" srcset=\"https:\/\/autolivraria.com.br\/bc\/wp-content\/uploads\/2014\/07\/Peugeot-3008-Griffe-25-560x373.jpg 560w, https:\/\/autolivraria.com.br\/bc\/wp-content\/uploads\/2014\/07\/Peugeot-3008-Griffe-25-470x313.jpg 470w, https:\/\/autolivraria.com.br\/bc\/wp-content\/uploads\/2014\/07\/Peugeot-3008-Griffe-25-270x179.jpg 270w, https:\/\/autolivraria.com.br\/bc\/wp-content\/uploads\/2014\/07\/Peugeot-3008-Griffe-25-168x111.jpg 168w, https:\/\/autolivraria.com.br\/bc\/wp-content\/uploads\/2014\/07\/Peugeot-3008-Griffe-25.jpg 1280w\" sizes=\"(max-width: 560px) 100vw, 560px\" \/><\/a><\/p>\n<p>&nbsp;<\/p>\n<h2>Minivan de origem, mas com ar de utilit\u00e1rio esporte, ela come\u00e7a<br \/>\nsua avalia\u00e7\u00e3o\u00a0de 30 dias mostrando dotes como conforto e agilidade<\/h2>\n<h6><em>Texto e fotos: Fabr\u00edcio Samah\u00e1<\/em><\/h6>\n<p>&nbsp;<\/p>\n<p><a href=\"https:\/\/autolivraria.com.br\/bc\/category\/informe-se\/um-mes\/\"><img decoding=\"async\" class=\"alignleft lazyload\" data-src=\"https:\/\/autolivraria.com.br\/bc\/wp-content\/uploads\/2014\/01\/Um-Mes-ao-Volante.png\" alt=\"Um Mes ao Volante\" width=\"120\" height=\"120\" src=\"data:image\/svg+xml;base64,PHN2ZyB3aWR0aD0iMSIgaGVpZ2h0PSIxIiB4bWxucz0iaHR0cDovL3d3dy53My5vcmcvMjAwMC9zdmciPjwvc3ZnPg==\" style=\"--smush-placeholder-width: 120px; --smush-placeholder-aspect-ratio: 120\/120;\" \/><\/a>Come\u00e7a a trig\u00e9sima primeira\u00a0avalia\u00e7\u00e3o de <em>Um M\u00eas ao Volante,<\/em> com uma marca que andava ausente da se\u00e7\u00e3o havia dois anos: a Peugeot, que cedeu uma 3008 Griffe. Mais que analisar as recentes altera\u00e7\u00f5es, concentradas na est\u00e9tica frontal, nosso interesse era conhecer a fundo um modelo que j\u00e1 chamava aten\u00e7\u00e3o pela proposta de rela\u00e7\u00e3o custo-benef\u00edcio.<\/p>\n<p>Que custo? S\u00e3o R$ 100 mil (levam-se R$ 10 de troco) pela vers\u00e3o \u00fanica hoje oferecida \u2014 antes havia tamb\u00e9m a Allure, mais acess\u00edvel \u2014, que usa o conhecido motor THP de 1,6 litro com <a href=\"https:\/\/autolivraria.com.br\/bc\/glossario-t\/#turb\">turbocompressor<\/a> e <a href=\"https:\/\/autolivraria.com.br\/bc\/glossario-i\/#inje\">inje\u00e7\u00e3o direta<\/a> de gasolina, com pot\u00eancia de 165 cv e um \u00f3timo torque de 24,5 m.kgf a baixas 1.400 rpm. Dispon\u00edvel s\u00f3 com tra\u00e7\u00e3o dianteira, a 3008 usa caixa de c\u00e2mbio autom\u00e1tica de seis marchas e oferece um alto padr\u00e3o de equipamentos.<\/p>\n<p>&nbsp;<\/p>\n<p><a href=\"https:\/\/autolivraria.com.br\/bc\/wp-content\/uploads\/2014\/07\/Peugeot-3008-Griffe-11.jpg\"><img decoding=\"async\" class=\"aligncenter size-medium wp-image-46446 lazyload\" data-src=\"https:\/\/autolivraria.com.br\/bc\/wp-content\/uploads\/2014\/07\/Peugeot-3008-Griffe-11-560x373.jpg\" alt=\"Peugeot 3008 Griffe\" width=\"560\" height=\"373\" data-srcset=\"https:\/\/autolivraria.com.br\/bc\/wp-content\/uploads\/2014\/07\/Peugeot-3008-Griffe-11-560x373.jpg 560w, https:\/\/autolivraria.com.br\/bc\/wp-content\/uploads\/2014\/07\/Peugeot-3008-Griffe-11-470x313.jpg 470w, https:\/\/autolivraria.com.br\/bc\/wp-content\/uploads\/2014\/07\/Peugeot-3008-Griffe-11-270x179.jpg 270w, https:\/\/autolivraria.com.br\/bc\/wp-content\/uploads\/2014\/07\/Peugeot-3008-Griffe-11-168x111.jpg 168w, https:\/\/autolivraria.com.br\/bc\/wp-content\/uploads\/2014\/07\/Peugeot-3008-Griffe-11.jpg 1280w\" data-sizes=\"(max-width: 560px) 100vw, 560px\" src=\"data:image\/svg+xml;base64,PHN2ZyB3aWR0aD0iMSIgaGVpZ2h0PSIxIiB4bWxucz0iaHR0cDovL3d3dy53My5vcmcvMjAwMC9zdmciPjwvc3ZnPg==\" style=\"--smush-placeholder-width: 560px; --smush-placeholder-aspect-ratio: 560\/373;\" \/><\/a><\/p>\n<p>&nbsp;<\/p>\n<div class='one_half'>\n\t\t\t\t\t<a href=\"https:\/\/autolivraria.com.br\/bc\/wp-content\/uploads\/2014\/07\/Peugeot-3008-Griffe-09.jpg\"><img decoding=\"async\" class=\"aligncenter size-meia-largura-post wp-image-46447 lazyload\" data-src=\"https:\/\/autolivraria.com.br\/bc\/wp-content\/uploads\/2014\/07\/Peugeot-3008-Griffe-09-270x179.jpg\" alt=\"Peugeot 3008 Griffe\" width=\"270\" height=\"179\" data-srcset=\"https:\/\/autolivraria.com.br\/bc\/wp-content\/uploads\/2014\/07\/Peugeot-3008-Griffe-09-270x179.jpg 270w, https:\/\/autolivraria.com.br\/bc\/wp-content\/uploads\/2014\/07\/Peugeot-3008-Griffe-09-560x373.jpg 560w, https:\/\/autolivraria.com.br\/bc\/wp-content\/uploads\/2014\/07\/Peugeot-3008-Griffe-09-470x313.jpg 470w, https:\/\/autolivraria.com.br\/bc\/wp-content\/uploads\/2014\/07\/Peugeot-3008-Griffe-09-168x111.jpg 168w, https:\/\/autolivraria.com.br\/bc\/wp-content\/uploads\/2014\/07\/Peugeot-3008-Griffe-09.jpg 1280w\" data-sizes=\"(max-width: 270px) 100vw, 270px\" src=\"data:image\/svg+xml;base64,PHN2ZyB3aWR0aD0iMSIgaGVpZ2h0PSIxIiB4bWxucz0iaHR0cDovL3d3dy53My5vcmcvMjAwMC9zdmciPjwvc3ZnPg==\" style=\"--smush-placeholder-width: 270px; --smush-placeholder-aspect-ratio: 270\/179;\" \/><\/a>\n\t\t\t\t<\/div>\n<div class='one_half last'>\n\t\t\t\t\t<a href=\"https:\/\/autolivraria.com.br\/bc\/wp-content\/uploads\/2014\/07\/Peugeot-3008-Griffe-21.jpg\"><img decoding=\"async\" class=\"aligncenter size-meia-largura-post wp-image-46448 lazyload\" data-src=\"https:\/\/autolivraria.com.br\/bc\/wp-content\/uploads\/2014\/07\/Peugeot-3008-Griffe-21-270x179.jpg\" alt=\"Peugeot 3008 Griffe\" width=\"270\" height=\"179\" data-srcset=\"https:\/\/autolivraria.com.br\/bc\/wp-content\/uploads\/2014\/07\/Peugeot-3008-Griffe-21-270x179.jpg 270w, https:\/\/autolivraria.com.br\/bc\/wp-content\/uploads\/2014\/07\/Peugeot-3008-Griffe-21-560x373.jpg 560w, https:\/\/autolivraria.com.br\/bc\/wp-content\/uploads\/2014\/07\/Peugeot-3008-Griffe-21-470x313.jpg 470w, https:\/\/autolivraria.com.br\/bc\/wp-content\/uploads\/2014\/07\/Peugeot-3008-Griffe-21-168x111.jpg 168w, https:\/\/autolivraria.com.br\/bc\/wp-content\/uploads\/2014\/07\/Peugeot-3008-Griffe-21.jpg 1280w\" data-sizes=\"(max-width: 270px) 100vw, 270px\" src=\"data:image\/svg+xml;base64,PHN2ZyB3aWR0aD0iMSIgaGVpZ2h0PSIxIiB4bWxucz0iaHR0cDovL3d3dy53My5vcmcvMjAwMC9zdmciPjwvc3ZnPg==\" style=\"--smush-placeholder-width: 270px; --smush-placeholder-aspect-ratio: 270\/179;\" \/><\/a>\n\t\t\t\t<\/div><div class='clear'><\/div>\n<h6 style=\"text-align: center;\"><em>\u00a0<\/em><br \/>\n<em>Antes controverso, o estilo frontal da 3008 melhorou bastante com a remodela\u00e7\u00e3o;<\/em><br \/>\n<em>a carroceria de apenas 4,37 metros \u00e9 pouco mais longa que a de um hatch m\u00e9dio<\/em><\/h6>\n<p>&nbsp;<\/p>\n<p>Entre os itens de conforto destacam-se ar-condicionado autom\u00e1tico de duas zonas,\u00a0far\u00f3is e limpador de para-brisa autom\u00e1ticos, volante ajust\u00e1vel em altura e dist\u00e2ncia, computador de bordo, r\u00e1dio\/CD\/MP3 com interface\u00a0<a style=\"color: #ab0000;\" href=\"https:\/\/autolivraria.com.br\/bc\/glossario-b\/#blue\">Bluetooth<\/a>\u00a0para telefone celular e comandos junto ao volante, navegador em tela retr\u00e1til,\u00a0<a style=\"color: #ab0000;\" href=\"https:\/\/autolivraria.com.br\/bc\/glossario-c\/#cont\">controlador<\/a>\u00a0e limitador de velocidade e <a style=\"color: #ab0000;\" href=\"https:\/\/autolivraria.com.br\/bc\/glossario-s\/#esta\">sensores de estacionamento<\/a>\u00a0na traseira; entre os de seguran\u00e7a, <a style=\"color: #ab0000;\" href=\"https:\/\/autolivraria.com.br\/bc\/glossario-c\/#esp\">controle eletr\u00f4nico de estabilidade<\/a>\u00a0e tra\u00e7\u00e3o, freios antitravamento (ABS) com\u00a0<a style=\"color: #ab0000;\" href=\"https:\/\/autolivraria.com.br\/bc\/glossario-d\/#ebd\">distribui\u00e7\u00e3o eletr\u00f4nica da for\u00e7a de frenagem<\/a> e <a style=\"color: #ab0000;\" href=\"https:\/\/autolivraria.com.br\/bc\/glossario-a\/#bas\">assist\u00eancia adicional em emerg\u00eancia<\/a>, seis bolsas infl\u00e1veis (frontais, laterais dianteiras e cortinas laterais) e fixa\u00e7\u00e3o\u00a0<a style=\"color: #ab0000;\" href=\"https:\/\/autolivraria.com.br\/bc\/glossario-i\/#isof\">Isofix<\/a>\u00a0para cadeiras infantis. H\u00e1 ainda rodas de 17 pol e teto envidra\u00e7ado (fixo, mas com controle el\u00e9trico do forro).<\/p>\n<p>&nbsp;<\/p>\n<blockquote><p>A 3008 \u00e9 muito ampla por dentro: para o<br \/>\nmotorista \u00e9 dif\u00edcil imaginar que me\u00e7a apenas<br \/>\n9 cent\u00edmetros a mais que o hatch 308<\/p><\/blockquote>\n<p>&nbsp;<\/p>\n<p>Para o fabricante, a 3008 \u00e9 um <a href=\"https:\/\/autolivraria.com.br\/bc\/glossario-c\/#cros\"><em>crossover<\/em><\/a> que a representa entre utilit\u00e1rios esporte como <a href=\"https:\/\/autolivraria.com.br\/bc\/tag\/cr-v\">Honda CR-V<\/a>, <a href=\"https:\/\/autolivraria.com.br\/bc\/tag\/ix35\">Hyundai IX35<\/a> e <a href=\"https:\/\/autolivraria.com.br\/bc\/tag\/sportage\">Kia Sportage<\/a>. Para n\u00f3s, ela \u00e9 uma minivan \u2014 assim como a <a href=\"https:\/\/autolivraria.com.br\/bc\/tag\/c4-picasso\">Citro\u00ebn C4 Picasso<\/a>, derivada da mesma plataforma \u2014 que tem apenas certo jeito de SUV, trazido pelo visual robusto e adere\u00e7os como os protetores de para-choque em cor de alum\u00ednio. O fato \u00e9 que essa distin\u00e7\u00e3o de categoria perde um pouco do sentido quando se constata que todos seguem na mesma dire\u00e7\u00e3o: acrescentar altura \u2014 tanto em v\u00e3o livre do solo quanto nos bancos e no teto \u2014 a plataformas e conjuntos mec\u00e2nicos de autom\u00f3veis.<\/p>\n<p>A reforma na parte dianteira deixou a 3008 bem mais agrad\u00e1vel, com um aspecto requintado e que se identifica ao de outros recentes Peugeots, como o <a href=\"https:\/\/autolivraria.com.br\/bc\/tag\/208\">208<\/a> e o <a href=\"https:\/\/autolivraria.com.br\/bc\/tag\/508\">508<\/a>. Seu\u00a0<a style=\"color: #ab0000;\" href=\"https:\/\/autolivraria.com.br\/bc\/glossario-c\/#cx\">coeficiente aerodin\u00e2mico (Cx)<\/a><span style=\"color: #48423f;\">\u00a00,296 \u00e9 expressivo comparado ao de utilit\u00e1rios esporte.\u00a0<\/span>No interior ela n\u00e3o mudou:\u00a0muito ampla (para o motorista \u00e9 dif\u00edcil imaginar que me\u00e7a apenas 4,36 metros de comprimento, s\u00f3 9 cent\u00edmetros a mais que o hatch <a href=\"https:\/\/autolivraria.com.br\/bc\/tag\/308\">308<\/a>), tem acabamento que transmite boa qualidade e a solu\u00e7\u00e3o do console bastante alto, intencional para afastar a origem de minivan que o para-brisa enorme e avan\u00e7ado deixa evidente.<\/p>\n<p>&nbsp;<\/p>\n<p><a href=\"https:\/\/autolivraria.com.br\/bc\/wp-content\/uploads\/2014\/07\/Peugeot-3008-Griffe-int2.jpg\"><img decoding=\"async\" class=\"aligncenter size-medium wp-image-46449 lazyload\" data-src=\"https:\/\/autolivraria.com.br\/bc\/wp-content\/uploads\/2014\/07\/Peugeot-3008-Griffe-int2-560x373.jpg\" alt=\"Peugeot 3008 Griffe\" width=\"560\" height=\"373\" data-srcset=\"https:\/\/autolivraria.com.br\/bc\/wp-content\/uploads\/2014\/07\/Peugeot-3008-Griffe-int2-560x373.jpg 560w, https:\/\/autolivraria.com.br\/bc\/wp-content\/uploads\/2014\/07\/Peugeot-3008-Griffe-int2-470x313.jpg 470w, https:\/\/autolivraria.com.br\/bc\/wp-content\/uploads\/2014\/07\/Peugeot-3008-Griffe-int2-270x179.jpg 270w, https:\/\/autolivraria.com.br\/bc\/wp-content\/uploads\/2014\/07\/Peugeot-3008-Griffe-int2-168x111.jpg 168w, https:\/\/autolivraria.com.br\/bc\/wp-content\/uploads\/2014\/07\/Peugeot-3008-Griffe-int2.jpg 1280w\" data-sizes=\"(max-width: 560px) 100vw, 560px\" src=\"data:image\/svg+xml;base64,PHN2ZyB3aWR0aD0iMSIgaGVpZ2h0PSIxIiB4bWxucz0iaHR0cDovL3d3dy53My5vcmcvMjAwMC9zdmciPjwvc3ZnPg==\" style=\"--smush-placeholder-width: 560px; --smush-placeholder-aspect-ratio: 560\/373;\" \/><\/a><\/p>\n<p>&nbsp;<\/p>\n<div class='one_half'>\n\t\t\t\t\t<a href=\"https:\/\/autolivraria.com.br\/bc\/wp-content\/uploads\/2014\/07\/Peugeot-3008-Griffe-instr.jpg\"><img decoding=\"async\" class=\"aligncenter size-meia-largura-post wp-image-46450 lazyload\" data-src=\"https:\/\/autolivraria.com.br\/bc\/wp-content\/uploads\/2014\/07\/Peugeot-3008-Griffe-instr-270x179.jpg\" alt=\"Peugeot 3008 Griffe\" width=\"270\" height=\"179\" data-srcset=\"https:\/\/autolivraria.com.br\/bc\/wp-content\/uploads\/2014\/07\/Peugeot-3008-Griffe-instr-270x179.jpg 270w, https:\/\/autolivraria.com.br\/bc\/wp-content\/uploads\/2014\/07\/Peugeot-3008-Griffe-instr-560x372.jpg 560w, https:\/\/autolivraria.com.br\/bc\/wp-content\/uploads\/2014\/07\/Peugeot-3008-Griffe-instr-470x312.jpg 470w, https:\/\/autolivraria.com.br\/bc\/wp-content\/uploads\/2014\/07\/Peugeot-3008-Griffe-instr-168x111.jpg 168w, https:\/\/autolivraria.com.br\/bc\/wp-content\/uploads\/2014\/07\/Peugeot-3008-Griffe-instr.jpg 640w\" data-sizes=\"(max-width: 270px) 100vw, 270px\" src=\"data:image\/svg+xml;base64,PHN2ZyB3aWR0aD0iMSIgaGVpZ2h0PSIxIiB4bWxucz0iaHR0cDovL3d3dy53My5vcmcvMjAwMC9zdmciPjwvc3ZnPg==\" style=\"--smush-placeholder-width: 270px; --smush-placeholder-aspect-ratio: 270\/179;\" \/><\/a>\n\t\t\t\t<\/div>\n<div class='one_half last'>\n\t\t\t\t\t<a href=\"https:\/\/autolivraria.com.br\/bc\/wp-content\/uploads\/2014\/07\/Peugeot-3008-Griffe-det01.jpg\"><img decoding=\"async\" class=\"aligncenter size-meia-largura-post wp-image-46451 lazyload\" data-src=\"https:\/\/autolivraria.com.br\/bc\/wp-content\/uploads\/2014\/07\/Peugeot-3008-Griffe-det01-270x179.jpg\" alt=\"Peugeot 3008 Griffe\" width=\"270\" height=\"179\" data-srcset=\"https:\/\/autolivraria.com.br\/bc\/wp-content\/uploads\/2014\/07\/Peugeot-3008-Griffe-det01-270x179.jpg 270w, https:\/\/autolivraria.com.br\/bc\/wp-content\/uploads\/2014\/07\/Peugeot-3008-Griffe-det01-560x372.jpg 560w, https:\/\/autolivraria.com.br\/bc\/wp-content\/uploads\/2014\/07\/Peugeot-3008-Griffe-det01-470x312.jpg 470w, https:\/\/autolivraria.com.br\/bc\/wp-content\/uploads\/2014\/07\/Peugeot-3008-Griffe-det01-168x111.jpg 168w, https:\/\/autolivraria.com.br\/bc\/wp-content\/uploads\/2014\/07\/Peugeot-3008-Griffe-det01.jpg 640w\" data-sizes=\"(max-width: 270px) 100vw, 270px\" src=\"data:image\/svg+xml;base64,PHN2ZyB3aWR0aD0iMSIgaGVpZ2h0PSIxIiB4bWxucz0iaHR0cDovL3d3dy53My5vcmcvMjAwMC9zdmciPjwvc3ZnPg==\" style=\"--smush-placeholder-width: 270px; --smush-placeholder-aspect-ratio: 270\/179;\" \/><\/a>\n\t\t\t\t<\/div><div class='clear'><\/div>\n<h6 style=\"text-align: center;\"><em>\u00a0<\/em><br \/>\n<em>No interior de bom acabamento, o console alto afasta o aspecto de minivan;<\/em><br \/>\n<em>os mostradores s\u00e3o bem leg\u00edveis e a tela pl\u00e1stica recebe proje\u00e7\u00e3o de velocidade<\/em><\/h6>\n<p>&nbsp;<\/p>\n<p>O revestimento dos bancos, antes de couro, agora o traz nas laterais associado a um tecido em trama na parte central, de bom aspecto e mais adequado a nosso clima, embora possa n\u00e3o agradar aos adeptos do couro completo. H\u00e1 espa\u00e7o \u00e0 vontade para quatro adultos, mas um quinto ocupante fica mal acomodado pela largura limitada \u2014 resultado da plataforma compartilhada com os m\u00e9dios 308 e 408 \u2014 e o encosto duro do banco. Para o motorista, por\u00e9m, a Peugeot oferece um banco confort\u00e1vel, comandos alinhados e m\u00faltiplas regulagens, al\u00e9m de um volante que em nada lembra a posi\u00e7\u00e3o &#8220;de Kombi&#8221; das minivans do passado. Fica a ressalva para o ajuste de apoio lombar em posi\u00e7\u00e3o nada pr\u00e1tica.<\/p>\n<p>&nbsp;<\/p>\n<div class='code-block code-block-7' style='margin: 28px auto; text-align: center; display: block; clear: both;'>\n<br>\n<div align=\"center\">\n<a target=\"_blank\" href=\"https:\/\/bestcars.com.br\/bc\/\">\n<img decoding=\"async\" data-src=\"https:\/\/bestcars.com.br\/bc\/wp-content\/uploads\/2021\/07\/Auto-Livraria-450x300-quadros.jpg\" alt=\"Auto Livraria\" src=\"data:image\/svg+xml;base64,PHN2ZyB3aWR0aD0iMSIgaGVpZ2h0PSIxIiB4bWxucz0iaHR0cDovL3d3dy53My5vcmcvMjAwMC9zdmciPjwvc3ZnPg==\" class=\"lazyload\"><\/a>\n<\/div>\n<br><\/div>\n\n<p>&nbsp;<\/p>\n<p>Sobre o quadro de instrumentos bem leg\u00edvel, uma tela de <a href=\"https:\/\/autolivraria.com.br\/bc\/glossario-p\/#poli\">policarbonato<\/a> (que pode ser ajustada ou desativada) recebe a proje\u00e7\u00e3o de informa\u00e7\u00f5es de velocidade e de seus sistemas controlador e limitador. Outros itens que agradam: freio de estacionamento com comando el\u00e9trico e ativa\u00e7\u00e3o\/libera\u00e7\u00e3o autom\u00e1tica, controle el\u00e9trico de vidros com <a href=\"https:\/\/autolivraria.com.br\/bc\/glossario-u\/#umto\">fun\u00e7\u00e3o um-toque<\/a> para todos e fechamento a dist\u00e2ncia (abertura, n\u00e3o), luz de cortesia sob as portas dianteiras e alerta para uso do cinto tamb\u00e9m para o passageiro da frente. Para deixar as portas traseiras a salvo de crian\u00e7as basta um toque no bloqueio de seus comandos de vidros, uma ideia genial. E o forro do teto \u00e9 como tem de ser no Brasil: veda\u00e7\u00e3o total do sol quando fechado.<\/p>\n<p>Onde a 3008 revela a idade da plataforma \u00e9 no sistema de \u00e1udio e navega\u00e7\u00e3o: em vez das telas sens\u00edveis ao toque comuns hoje (mesmo no 208), usa uma tela retr\u00e1til de sete polegadas e apela aos comandos do r\u00e1dio para uso das informa\u00e7\u00f5es, incluindo a inser\u00e7\u00e3o de endere\u00e7o para navegar, que se torna trabalhosa. Outros pontos que merecem evolu\u00e7\u00e3o: o bocal de abastecimento requer uso da chave, os para-s\u00f3is n\u00e3o t\u00eam ilumina\u00e7\u00e3o e foram descartados itens antes presentes, como retrovisor interno <a href=\"https:\/\/autolivraria.com.br\/bc\/glossario-r\/#retr\">fotocr\u00f4mico<\/a>, rebatimento el\u00e9trico dos retrovisores, lanterna port\u00e1til e recarreg\u00e1vel no porta-malas, telas contra sol nas portas traseiras, roda de alum\u00ednio no estepe (permanece o pneu igual aos demais) e aquecimento dos bancos dianteiros.<\/p>\n<p>&nbsp;<\/p>\n<div class='one_half'>\n\t\t\t\t\t<a href=\"https:\/\/autolivraria.com.br\/bc\/wp-content\/uploads\/2014\/07\/Peugeot-3008-Griffe-det09.jpg\"><img decoding=\"async\" class=\"aligncenter size-meia-largura-post wp-image-46452 lazyload\" data-src=\"https:\/\/autolivraria.com.br\/bc\/wp-content\/uploads\/2014\/07\/Peugeot-3008-Griffe-det09-270x179.jpg\" alt=\"Peugeot 3008 Griffe\" width=\"270\" height=\"179\" data-srcset=\"https:\/\/autolivraria.com.br\/bc\/wp-content\/uploads\/2014\/07\/Peugeot-3008-Griffe-det09-270x179.jpg 270w, https:\/\/autolivraria.com.br\/bc\/wp-content\/uploads\/2014\/07\/Peugeot-3008-Griffe-det09-560x372.jpg 560w, https:\/\/autolivraria.com.br\/bc\/wp-content\/uploads\/2014\/07\/Peugeot-3008-Griffe-det09-470x312.jpg 470w, https:\/\/autolivraria.com.br\/bc\/wp-content\/uploads\/2014\/07\/Peugeot-3008-Griffe-det09-168x111.jpg 168w, https:\/\/autolivraria.com.br\/bc\/wp-content\/uploads\/2014\/07\/Peugeot-3008-Griffe-det09.jpg 640w\" data-sizes=\"(max-width: 270px) 100vw, 270px\" src=\"data:image\/svg+xml;base64,PHN2ZyB3aWR0aD0iMSIgaGVpZ2h0PSIxIiB4bWxucz0iaHR0cDovL3d3dy53My5vcmcvMjAwMC9zdmciPjwvc3ZnPg==\" style=\"--smush-placeholder-width: 270px; --smush-placeholder-aspect-ratio: 270\/179;\" \/><\/a>\n\t\t\t\t<\/div>\n<div class='one_half last'>\n\t\t\t\t\t<a href=\"https:\/\/autolivraria.com.br\/bc\/wp-content\/uploads\/2014\/07\/Peugeot-3008-Griffe-det08.jpg\"><img decoding=\"async\" class=\"aligncenter size-meia-largura-post wp-image-46453 lazyload\" data-src=\"https:\/\/autolivraria.com.br\/bc\/wp-content\/uploads\/2014\/07\/Peugeot-3008-Griffe-det08-270x179.jpg\" alt=\"Peugeot 3008 Griffe\" width=\"270\" height=\"179\" data-srcset=\"https:\/\/autolivraria.com.br\/bc\/wp-content\/uploads\/2014\/07\/Peugeot-3008-Griffe-det08-270x179.jpg 270w, https:\/\/autolivraria.com.br\/bc\/wp-content\/uploads\/2014\/07\/Peugeot-3008-Griffe-det08-560x372.jpg 560w, https:\/\/autolivraria.com.br\/bc\/wp-content\/uploads\/2014\/07\/Peugeot-3008-Griffe-det08-470x312.jpg 470w, https:\/\/autolivraria.com.br\/bc\/wp-content\/uploads\/2014\/07\/Peugeot-3008-Griffe-det08-168x111.jpg 168w, https:\/\/autolivraria.com.br\/bc\/wp-content\/uploads\/2014\/07\/Peugeot-3008-Griffe-det08.jpg 640w\" data-sizes=\"(max-width: 270px) 100vw, 270px\" src=\"data:image\/svg+xml;base64,PHN2ZyB3aWR0aD0iMSIgaGVpZ2h0PSIxIiB4bWxucz0iaHR0cDovL3d3dy53My5vcmcvMjAwMC9zdmciPjwvc3ZnPg==\" style=\"--smush-placeholder-width: 270px; --smush-placeholder-aspect-ratio: 270\/179;\" \/><\/a>\n\t\t\t\t<\/div><div class='clear'><\/div>\n<p>&nbsp;<\/p>\n<div class='one_half'>\n\t\t\t\t\t<a href=\"https:\/\/autolivraria.com.br\/bc\/wp-content\/uploads\/2014\/07\/Peugeot-3008-Griffe-det07.jpg\"><img decoding=\"async\" class=\"aligncenter size-meia-largura-post wp-image-46454 lazyload\" data-src=\"https:\/\/autolivraria.com.br\/bc\/wp-content\/uploads\/2014\/07\/Peugeot-3008-Griffe-det07-270x179.jpg\" alt=\"Peugeot 3008 Griffe\" width=\"270\" height=\"179\" data-srcset=\"https:\/\/autolivraria.com.br\/bc\/wp-content\/uploads\/2014\/07\/Peugeot-3008-Griffe-det07-270x179.jpg 270w, https:\/\/autolivraria.com.br\/bc\/wp-content\/uploads\/2014\/07\/Peugeot-3008-Griffe-det07-560x372.jpg 560w, https:\/\/autolivraria.com.br\/bc\/wp-content\/uploads\/2014\/07\/Peugeot-3008-Griffe-det07-470x312.jpg 470w, https:\/\/autolivraria.com.br\/bc\/wp-content\/uploads\/2014\/07\/Peugeot-3008-Griffe-det07-168x111.jpg 168w, https:\/\/autolivraria.com.br\/bc\/wp-content\/uploads\/2014\/07\/Peugeot-3008-Griffe-det07.jpg 640w\" data-sizes=\"(max-width: 270px) 100vw, 270px\" src=\"data:image\/svg+xml;base64,PHN2ZyB3aWR0aD0iMSIgaGVpZ2h0PSIxIiB4bWxucz0iaHR0cDovL3d3dy53My5vcmcvMjAwMC9zdmciPjwvc3ZnPg==\" style=\"--smush-placeholder-width: 270px; --smush-placeholder-aspect-ratio: 270\/179;\" \/><\/a>\n\t\t\t\t<\/div>\n<div class='one_half last'>\n\t\t\t\t\t<a href=\"https:\/\/autolivraria.com.br\/bc\/wp-content\/uploads\/2014\/07\/Peugeot-3008-Griffe-det04.jpg\"><img decoding=\"async\" class=\"aligncenter size-meia-largura-post wp-image-46455 lazyload\" data-src=\"https:\/\/autolivraria.com.br\/bc\/wp-content\/uploads\/2014\/07\/Peugeot-3008-Griffe-det04-270x179.jpg\" alt=\"Peugeot 3008 Griffe\" width=\"270\" height=\"179\" data-srcset=\"https:\/\/autolivraria.com.br\/bc\/wp-content\/uploads\/2014\/07\/Peugeot-3008-Griffe-det04-270x179.jpg 270w, https:\/\/autolivraria.com.br\/bc\/wp-content\/uploads\/2014\/07\/Peugeot-3008-Griffe-det04-560x372.jpg 560w, https:\/\/autolivraria.com.br\/bc\/wp-content\/uploads\/2014\/07\/Peugeot-3008-Griffe-det04-470x312.jpg 470w, https:\/\/autolivraria.com.br\/bc\/wp-content\/uploads\/2014\/07\/Peugeot-3008-Griffe-det04-168x111.jpg 168w, https:\/\/autolivraria.com.br\/bc\/wp-content\/uploads\/2014\/07\/Peugeot-3008-Griffe-det04.jpg 640w\" data-sizes=\"(max-width: 270px) 100vw, 270px\" src=\"data:image\/svg+xml;base64,PHN2ZyB3aWR0aD0iMSIgaGVpZ2h0PSIxIiB4bWxucz0iaHR0cDovL3d3dy53My5vcmcvMjAwMC9zdmciPjwvc3ZnPg==\" style=\"--smush-placeholder-width: 270px; --smush-placeholder-aspect-ratio: 270\/179;\" \/><\/a>\n\t\t\t\t<\/div><div class='clear'><\/div>\n<h6 style=\"text-align: center;\"><em>\u00a0<\/em><br \/>\n<em>Teto envidra\u00e7ado, freio de estacionamento autom\u00e1tico e pr\u00e1tico acionamento das<\/em><br \/>\n<em>travas infantis agradam; navegador usa m\u00e9todo superado de programa\u00e7\u00e3o<\/em><\/h6>\n<p>&nbsp;<\/p>\n<p>L\u00e1 atr\u00e1s, o compartimento de bagagem apenas razo\u00e1vel para 432 litros mostra boas solu\u00e7\u00f5es como a tampa dupla: h\u00e1 uma pequena parte inferior, aberta como a tampa da ca\u00e7amba das picapes, que facilita colocar e tirar cargas pesadas. Em uso normal basta abrir a porta superior, de tamanho normal. O piso r\u00edgido pode ser montado em duas alturas, uma delas para coincidir com a tampa inferior fechada; abaixo dele h\u00e1 mais um &#8220;fundo falso&#8221; e s\u00f3 ent\u00e3o se chega ao estepe. No compartimento t\u00eam-se uma tomada de 12 volts e comandos para rebater o banco traseiro.<\/p>\n<p>&nbsp;<\/p>\n<h2>Motor 1,6 para 1,5 tonelada?<\/h2>\n<p>Embora seja nosso velho conhecido nas marcas BMW, Citro\u00ebn, Mini e Peugeot, o motor THP \u00e9 avaliado pela primeira vez em <em>Um M\u00eas ao Volante<\/em>. A 3008 \u00e9 um dos carros mais pesados a empreg\u00e1-lo \u2014 1.480 kg \u2014 e, apesar do bom perfil aerodin\u00e2mico, tem uma grande \u00e1rea frontal. Que tipo de desempenho um motor de apenas 1,6 litro poderia obter nessa aplica\u00e7\u00e3o?<\/p>\n<table border=\"0\">\n<tbody>\n<tr>\n<td><a href='https:\/\/autolivraria.com.br\/bc\/informe-se\/avaliacao\/teste-peugeot-3008-propoe-espaco-com-bom-custo-beneficio\/2\/' class='small-button smallsilver'>Pr\u00f3xima parte<\/a><\/td>\n<\/tr>\n<\/tbody>\n<\/table>\n<p>&nbsp;<\/p>\n<p>&nbsp;<\/p>\n<p><!--nextpage--><\/p>\n<p><a href=\"https:\/\/autolivraria.com.br\/bc\/wp-content\/uploads\/2014\/07\/Peugeot-3008-Griffe-17.jpg\"><img decoding=\"async\" class=\"aligncenter size-medium wp-image-46456 lazyload\" data-src=\"https:\/\/autolivraria.com.br\/bc\/wp-content\/uploads\/2014\/07\/Peugeot-3008-Griffe-17-560x373.jpg\" alt=\"Peugeot 3008 Griffe\" width=\"560\" height=\"373\" data-srcset=\"https:\/\/autolivraria.com.br\/bc\/wp-content\/uploads\/2014\/07\/Peugeot-3008-Griffe-17-560x373.jpg 560w, https:\/\/autolivraria.com.br\/bc\/wp-content\/uploads\/2014\/07\/Peugeot-3008-Griffe-17-470x313.jpg 470w, https:\/\/autolivraria.com.br\/bc\/wp-content\/uploads\/2014\/07\/Peugeot-3008-Griffe-17-270x179.jpg 270w, https:\/\/autolivraria.com.br\/bc\/wp-content\/uploads\/2014\/07\/Peugeot-3008-Griffe-17-168x111.jpg 168w, https:\/\/autolivraria.com.br\/bc\/wp-content\/uploads\/2014\/07\/Peugeot-3008-Griffe-17.jpg 1280w\" data-sizes=\"(max-width: 560px) 100vw, 560px\" src=\"data:image\/svg+xml;base64,PHN2ZyB3aWR0aD0iMSIgaGVpZ2h0PSIxIiB4bWxucz0iaHR0cDovL3d3dy53My5vcmcvMjAwMC9zdmciPjwvc3ZnPg==\" style=\"--smush-placeholder-width: 560px; --smush-placeholder-aspect-ratio: 560\/373;\" \/><\/a><\/p>\n<h6 style=\"text-align: center;\"><em>\u00a0<\/em><br \/>\n<em>O porta-malas de 432 litros deveria ser maior, mas seu acesso \u00e9 pr\u00e1tico pelas<\/em><br \/>\n<em>duas tampas, uma delas aberta para baixo como a de ca\u00e7amba de picapes<\/em><\/h6>\n<p>&nbsp;<\/p>\n<p>Muito bom, esse \u00e9 o tipo. Com uma atua\u00e7\u00e3o de turbo das mais r\u00e1pidas, o THP impulsiona a minivan com agilidade e torna a dire\u00e7\u00e3o muito agrad\u00e1vel, sem demonstrar esfor\u00e7o em qualquer momento. A sensa\u00e7\u00e3o \u00e9 similar \u00e0 de um bom motor aspirado de 2,5 litros, se n\u00e3o maior. Para acompanhar o tr\u00e1fego n\u00e3o\u00a0se precisa de mais que 2.000 rpm, tamanha a oferta de torque em baixa rota\u00e7\u00e3o, e o n\u00edvel de ru\u00eddo permanece muito baixo. Contribui para as boas sensa\u00e7\u00f5es a caixa autom\u00e1tica programada para mudan\u00e7as precoces quando n\u00e3o se requer muita pot\u00eancia, como deve ser nesses tempos de consci\u00eancia ambiental, pois alta rota\u00e7\u00e3o significa maiores consumo e emiss\u00e3o de g\u00e1s carb\u00f4nico (CO2).<\/p>\n<p>&nbsp;<\/p>\n<blockquote><p>Com\u00a0atua\u00e7\u00e3o de turbo das mais r\u00e1pidas, o THP<br \/>\nimpulsiona a minivan com agilidade e\u00a0torna<br \/>\na dire\u00e7\u00e3o muito agrad\u00e1vel, sem demonstrar esfor\u00e7o<\/p><\/blockquote>\n<p>&nbsp;<\/p>\n<p>O c\u00e2mbio n\u00e3o \u00e9 bom apenas nisso: foi-se o tempo de carros franceses que irritavam pela reten\u00e7\u00e3o de marchas altas ao desacelerar. O seis-marchas da 3008 passa despercebido nesse aspecto at\u00e9 que se tira o p\u00e9 em declive acentuado, quando certa rota\u00e7\u00e3o vem na medida esperada para poupar os freios. Se quiser segurar o carro ainda mais, basta ao motorista uma breve &#8220;bombeada&#8221; no acelerador. Mudan\u00e7as manuais s\u00e3o poss\u00edveis pela alavanca, mas quem precisa delas quando pode &#8220;trocar marchas com o p\u00e9&#8221;?<\/p>\n<p>&nbsp;<\/p>\n<p><a href=\"https:\/\/autolivraria.com.br\/bc\/wp-content\/uploads\/2014\/07\/Peugeot-3008-Griffe-02.jpg\"><img decoding=\"async\" class=\"aligncenter size-medium wp-image-46457 lazyload\" data-src=\"https:\/\/autolivraria.com.br\/bc\/wp-content\/uploads\/2014\/07\/Peugeot-3008-Griffe-02-560x373.jpg\" alt=\"Peugeot 3008 Griffe\" width=\"560\" height=\"373\" data-srcset=\"https:\/\/autolivraria.com.br\/bc\/wp-content\/uploads\/2014\/07\/Peugeot-3008-Griffe-02-560x373.jpg 560w, https:\/\/autolivraria.com.br\/bc\/wp-content\/uploads\/2014\/07\/Peugeot-3008-Griffe-02-470x313.jpg 470w, https:\/\/autolivraria.com.br\/bc\/wp-content\/uploads\/2014\/07\/Peugeot-3008-Griffe-02-270x179.jpg 270w, https:\/\/autolivraria.com.br\/bc\/wp-content\/uploads\/2014\/07\/Peugeot-3008-Griffe-02-168x111.jpg 168w, https:\/\/autolivraria.com.br\/bc\/wp-content\/uploads\/2014\/07\/Peugeot-3008-Griffe-02.jpg 1280w\" data-sizes=\"(max-width: 560px) 100vw, 560px\" src=\"data:image\/svg+xml;base64,PHN2ZyB3aWR0aD0iMSIgaGVpZ2h0PSIxIiB4bWxucz0iaHR0cDovL3d3dy53My5vcmcvMjAwMC9zdmciPjwvc3ZnPg==\" style=\"--smush-placeholder-width: 560px; --smush-placeholder-aspect-ratio: 560\/373;\" \/><\/a><\/p>\n<p>&nbsp;<\/p>\n<div class='one_half'>\n\t\t\t\t\t<a href=\"https:\/\/autolivraria.com.br\/bc\/wp-content\/uploads\/2014\/07\/Peugeot-3008-Griffe-mtr.jpg\"><img decoding=\"async\" class=\"aligncenter size-meia-largura-post wp-image-46458 lazyload\" data-src=\"https:\/\/autolivraria.com.br\/bc\/wp-content\/uploads\/2014\/07\/Peugeot-3008-Griffe-mtr-270x179.jpg\" alt=\"Peugeot 3008 Griffe\" width=\"270\" height=\"179\" data-srcset=\"https:\/\/autolivraria.com.br\/bc\/wp-content\/uploads\/2014\/07\/Peugeot-3008-Griffe-mtr-270x179.jpg 270w, https:\/\/autolivraria.com.br\/bc\/wp-content\/uploads\/2014\/07\/Peugeot-3008-Griffe-mtr-560x372.jpg 560w, https:\/\/autolivraria.com.br\/bc\/wp-content\/uploads\/2014\/07\/Peugeot-3008-Griffe-mtr-470x312.jpg 470w, https:\/\/autolivraria.com.br\/bc\/wp-content\/uploads\/2014\/07\/Peugeot-3008-Griffe-mtr-168x111.jpg 168w, https:\/\/autolivraria.com.br\/bc\/wp-content\/uploads\/2014\/07\/Peugeot-3008-Griffe-mtr.jpg 640w\" data-sizes=\"(max-width: 270px) 100vw, 270px\" src=\"data:image\/svg+xml;base64,PHN2ZyB3aWR0aD0iMSIgaGVpZ2h0PSIxIiB4bWxucz0iaHR0cDovL3d3dy53My5vcmcvMjAwMC9zdmciPjwvc3ZnPg==\" style=\"--smush-placeholder-width: 270px; --smush-placeholder-aspect-ratio: 270\/179;\" \/><\/a>\n\t\t\t\t<\/div>\n<div class='one_half last'>\n\t\t\t\t\t<a href=\"https:\/\/autolivraria.com.br\/bc\/wp-content\/uploads\/2014\/07\/Peugeot-3008-Griffe-cambio.jpg\"><img decoding=\"async\" class=\"aligncenter size-meia-largura-post wp-image-46459 lazyload\" data-src=\"https:\/\/autolivraria.com.br\/bc\/wp-content\/uploads\/2014\/07\/Peugeot-3008-Griffe-cambio-270x179.jpg\" alt=\"Peugeot 3008 Griffe\" width=\"270\" height=\"179\" data-srcset=\"https:\/\/autolivraria.com.br\/bc\/wp-content\/uploads\/2014\/07\/Peugeot-3008-Griffe-cambio-270x179.jpg 270w, https:\/\/autolivraria.com.br\/bc\/wp-content\/uploads\/2014\/07\/Peugeot-3008-Griffe-cambio-560x372.jpg 560w, https:\/\/autolivraria.com.br\/bc\/wp-content\/uploads\/2014\/07\/Peugeot-3008-Griffe-cambio-470x312.jpg 470w, https:\/\/autolivraria.com.br\/bc\/wp-content\/uploads\/2014\/07\/Peugeot-3008-Griffe-cambio-168x111.jpg 168w, https:\/\/autolivraria.com.br\/bc\/wp-content\/uploads\/2014\/07\/Peugeot-3008-Griffe-cambio.jpg 640w\" data-sizes=\"(max-width: 270px) 100vw, 270px\" src=\"data:image\/svg+xml;base64,PHN2ZyB3aWR0aD0iMSIgaGVpZ2h0PSIxIiB4bWxucz0iaHR0cDovL3d3dy53My5vcmcvMjAwMC9zdmciPjwvc3ZnPg==\" style=\"--smush-placeholder-width: 270px; --smush-placeholder-aspect-ratio: 270\/179;\" \/><\/a>\n\t\t\t\t<\/div><div class='clear'><\/div>\n<h6 style=\"text-align: center;\"><em>\u00a0<\/em><br \/>\n<em>O motor THP desfaz preconceitos: fornece \u00f3timo torque desde baixa rota\u00e7\u00e3o<\/em><br \/>\n<em>e permite usar a 3008 como se tivesse um motor aspirado de cerca de 2,5 litros<\/em><\/h6>\n<p>&nbsp;<\/p>\n<p>Outro destaque desse Peugeot \u00e9 o acerto da suspens\u00e3o, que concilia grande estabilidade (nota-se o alto controle de movimentos pelos amortecedores), tanto em retas quanto em curvas, e rodar confort\u00e1vel. Contudo, um trabalho em buchas como o feito nos 308 e 408 para 2014 seria bem-vindo, pois pequenos impactos deixam a sensa\u00e7\u00e3o de pouca borracha para absorv\u00ea-los. A assist\u00eancia eletro-hidr\u00e1ulica da dire\u00e7\u00e3o tamb\u00e9m j\u00e1 n\u00e3o \u00e9 ideal: sistemas el\u00e9tricos hoje resultam em volante mais leve em baixa velocidade.<\/p>\n<p>&nbsp;<\/p>\n<div class='code-block code-block-7' style='margin: 28px auto; text-align: center; display: block; clear: both;'>\n<script async src=\"https:\/\/pagead2.googlesyndication.com\/pagead\/js\/adsbygoogle.js\"><\/script>\n<!-- AL-quadrado -->\n<ins class=\"adsbygoogle\"\n     style=\"display:block\"\n     data-ad-client=\"ca-pub-1914799802606213\"\n     data-ad-slot=\"5683066082\"\n     data-ad-format=\"auto\"\n     data-full-width-responsive=\"true\"><\/ins>\n<script>\n     (adsbygoogle = window.adsbygoogle || []).push({});\n<\/script><\/div>\n\n<p>&nbsp;<\/p>\n<p>Nos primeiros 419 quil\u00f4metros em nossas m\u00e3os, a maior parte deles em rodovia, a 3008 mostrou tamb\u00e9m consumo de gasolina moderado para um carro de 1,5 tonelada, com m\u00e9dia de 11,1 km\/l e melhor parcial de 12 (prejudicada por trechos muito congestionados em S\u00e3o Paulo, SP, antes de pegar estrada). Claro que v\u00e1rias outras medi\u00e7\u00f5es ser\u00e3o feitas nas pr\u00f3ximas semanas, incluindo aquelas em trajetos-padr\u00e3o, os mesmos feitos em outras avalia\u00e7\u00f5es. O carro tamb\u00e9m passar\u00e1 por outros motoristas, como de praxe na se\u00e7\u00e3o.<\/p>\n<p>A semana inicial, por\u00e9m, j\u00e1 deixou bem mais impress\u00f5es positivas que negativas, de modo que este editor antecipa seu voto na cl\u00e1ssica pergunta \u2014 &#8220;compraria um carro como o avaliado, se estivesse \u00e0 procura de um modelo nessa faixa de pre\u00e7o?&#8221;. A resposta \u00e9 sim: a combina\u00e7\u00e3o de qualidades mec\u00e2nicas, conforto e dota\u00e7\u00e3o de equipamentos desse Peugeot \u00e9 das melhores e, sem d\u00favida, merece ser analisada por quem tem em vista carros familiares ao redor de R$ 100 mil.<\/p>\n<table border=\"0\">\n<tbody>\n<tr>\n<td><a href='https:\/\/autolivraria.com.br\/bc\/avaliacoes\/' class='small-button smallsilver'>Mais Avalia\u00e7\u00f5es<\/a><\/td>\n<\/tr>\n<\/tbody>\n<\/table>\n<p><span style=\"line-height: 1.5em;\">\u00a0<\/span><\/p>\n<div class='et-box et-shadow'>\n\t\t\t\t\t<div class='et-box-content'><h2>Desde o in\u00edcio<\/h2>\n<table id=\"table6087\" style=\"width: 100%;\" border=\"0\" cellspacing=\"0\" cellpadding=\"3\">\n<tbody>\n<tr>\n<td align=\"center\" width=\"50%\">\n<h2>7 dias<\/h2>\n<\/td>\n<td align=\"center\" width=\"50%\">\n<h2>419 km<\/h2>\n<\/td>\n<\/tr>\n<tr>\n<td width=\"50%\">Dist\u00e2ncia em cidade<\/td>\n<td align=\"left\">186 km<\/td>\n<\/tr>\n<tr>\n<td width=\"50%\">Dist\u00e2ncia em rodovia<\/td>\n<td align=\"left\">233 km<\/td>\n<\/tr>\n<tr>\n<td width=\"50%\">Tempo ao volante<\/td>\n<td align=\"left\">10h 11min<\/td>\n<\/tr>\n<tr>\n<td width=\"50%\">Velocidade m\u00e9dia<\/td>\n<td align=\"left\">41 km\/h<\/td>\n<\/tr>\n<tr>\n<td width=\"50%\">Consumo m\u00e9dio (gasolina)<\/td>\n<td align=\"left\">11,1 km\/l<\/td>\n<\/tr>\n<tr>\n<td width=\"50%\">\u00a0 \u00a0 \u00a0Melhor\u00a0marca m\u00e9dia<\/td>\n<td align=\"left\">12,0 km\/l<\/td>\n<\/tr>\n<tr>\n<td width=\"50%\">\u00a0 \u00a0 \u00a0Pior marca m\u00e9dia<\/td>\n<td align=\"left\">10,2 km\/l<\/td>\n<\/tr>\n<tr>\n<td colspan=\"2\" width=\"100%\">Indica\u00e7\u00f5es do computador de bordo<\/td>\n<\/tr>\n<\/tbody>\n<\/table><\/div><\/div>\n<p>&nbsp;<\/p>\n<div class='et-box et-shadow'>\n\t\t\t\t\t<div class='et-box-content'><h2>Pre\u00e7o<\/h2>\n<table id=\"table6088\" style=\"width: 100%;\" border=\"0\" cellspacing=\"0\" cellpadding=\"3\">\n<tbody>\n<tr>\n<td valign=\"top\" width=\"50%\">B\u00e1sico<\/td>\n<td valign=\"top\" width=\"50%\">R$ 99.990<\/td>\n<\/tr>\n<tr>\n<td valign=\"top\" width=\"50%\">Como avaliado<\/td>\n<td valign=\"top\" width=\"50%\">R$ 99.990<\/td>\n<\/tr>\n<tr>\n<td colspan=\"2\" valign=\"top\" width=\"50%\">Pre\u00e7os p\u00fablicos vigentes em 1\/7\/14<\/td>\n<\/tr>\n<\/tbody>\n<\/table><\/div><\/div>\n<p>&nbsp;<\/p>\n<div class='et-box et-shadow'>\n\t\t\t\t\t<div class='et-box-content'><div>\n<h2>Teste do Leitor<\/h2>\n<table style=\"width: 100%;\" border=\"0\" cellspacing=\"0\" cellpadding=\"3\">\n<tbody>\n<tr>\n<td style=\"width: 50%;\" valign=\"top\"><a title=\"Peugeot 3008\" href=\"https:\/\/autolivraria.com.br\/bc\/participe\/opinioes-proprietarios\/teste-do-leitor-peugeot\/peugeot-3008\/\">Opini\u00e3o dos propriet\u00e1rios<\/a><\/td>\n<td style=\"width: 50%;\" valign=\"top\"><a href=\"https:\/\/autolivraria.com.br\/bc\/teste-do-leitor-envie-sua-opiniao\">Envie opini\u00e3o sobre seu carro<\/a><\/td>\n<\/tr>\n<\/tbody>\n<\/table>\n<\/div><\/div><\/div>\n<p>&nbsp;<\/p>\n<div class='et-box et-shadow'>\n\t\t\t\t\t<div class='et-box-content'><h2>Ficha t\u00e9cnica<\/h2>\n<table id=\"table61\" border=\"0\" width=\"100%\" cellspacing=\"0\" cellpadding=\"3\">\n<tbody>\n<tr>\n<td style=\"background-color: #ffffff;\" colspan=\"2\" valign=\"top\" width=\"50%\">Motor<\/td>\n<\/tr>\n<tr>\n<td valign=\"top\" width=\"50%\">Posi\u00e7\u00e3o<\/td>\n<td valign=\"top\" width=\"50%\">transversal<\/td>\n<\/tr>\n<tr>\n<td valign=\"top\" width=\"50%\">Cilindros<\/td>\n<td valign=\"top\" width=\"50%\">4 em linha<\/td>\n<\/tr>\n<tr>\n<td valign=\"top\" width=\"50%\">Material do bloco\/cabe\u00e7ote<\/td>\n<td valign=\"top\" width=\"50%\">alum\u00ednio<\/td>\n<\/tr>\n<tr>\n<td valign=\"top\" width=\"50%\">Comando de v\u00e1lvulas<\/td>\n<td width=\"50%\">duplo no cabe\u00e7ote<\/td>\n<\/tr>\n<tr>\n<td valign=\"top\" width=\"50%\">V\u00e1lvulas por cilindro<\/td>\n<td width=\"50%\">4, varia\u00e7\u00e3o de tempo<\/td>\n<\/tr>\n<tr>\n<td valign=\"top\" width=\"50%\">Di\u00e2metro e curso<\/td>\n<td width=\"50%\">77 x 85,8 mm<\/td>\n<\/tr>\n<tr>\n<td valign=\"top\" width=\"50%\">Cilindrada<\/td>\n<td width=\"50%\">1.598 cm\u00b3<\/td>\n<\/tr>\n<tr>\n<td valign=\"top\" width=\"50%\">Taxa de compress\u00e3o<\/td>\n<td width=\"50%\">10,5:1<\/td>\n<\/tr>\n<tr>\n<td valign=\"top\" width=\"50%\">Alimenta\u00e7\u00e3o<\/td>\n<td width=\"50%\">inje\u00e7\u00e3o direta, turbocompressor, resfriador de ar<\/td>\n<\/tr>\n<tr>\n<td valign=\"top\" width=\"50%\">Pot\u00eancia m\u00e1xima<\/td>\n<td width=\"50%\">165 cv a 6.000 rpm<\/td>\n<\/tr>\n<tr>\n<td valign=\"top\" width=\"50%\">Torque m\u00e1ximo<\/td>\n<td width=\"50%\">24,5 m.kgf de 1.400 a 4.000 rpm<\/td>\n<\/tr>\n<tr>\n<td valign=\"top\" width=\"50%\">Pot\u00eancia espec\u00edfica<\/td>\n<td valign=\"top\" width=\"50%\">103,3 cv\/l<\/td>\n<\/tr>\n<tr>\n<td style=\"background-color: #ffffff;\" colspan=\"2\" valign=\"top\" width=\"50%\">Transmiss\u00e3o<\/td>\n<\/tr>\n<tr>\n<td valign=\"top\" width=\"50%\">Tipo de c\u00e2mbio e marchas<\/td>\n<td valign=\"top\" width=\"50%\">autom\u00e1tico \/ 6<\/td>\n<\/tr>\n<tr>\n<td colspan=\"2\" valign=\"top\" width=\"50%\">Rela\u00e7\u00e3o e velocidade por 1.000 rpm<\/td>\n<\/tr>\n<tr>\n<td valign=\"top\" width=\"50%\">1\u00aa.<\/td>\n<td valign=\"top\" width=\"50%\">4,04 \/ 8 km\/h<\/td>\n<\/tr>\n<tr>\n<td valign=\"top\" width=\"50%\">2\u00aa.<\/td>\n<td valign=\"top\" width=\"50%\">2,37 \/ 14 km\/h<\/td>\n<\/tr>\n<tr>\n<td valign=\"top\" width=\"50%\">3\u00aa.<\/td>\n<td valign=\"top\" width=\"50%\">1,56 \/ 21 km\/h<\/td>\n<\/tr>\n<tr>\n<td valign=\"top\" width=\"50%\">4\u00aa.<\/td>\n<td valign=\"top\" width=\"50%\">1,16 \/ 28 km\/h<\/td>\n<\/tr>\n<tr>\n<td valign=\"top\" width=\"50%\">5\u00aa.<\/td>\n<td valign=\"top\" width=\"50%\">0,85 \/ 38 km\/h<\/td>\n<\/tr>\n<tr>\n<td valign=\"top\" width=\"50%\">6\u00aa.<\/td>\n<td valign=\"top\" width=\"50%\">0,67 \/ 48 km\/h<\/td>\n<\/tr>\n<tr>\n<td valign=\"top\" width=\"50%\">Rela\u00e7\u00e3o de diferencial<\/td>\n<td valign=\"top\" width=\"50%\">3,87<\/td>\n<\/tr>\n<tr>\n<td valign=\"top\" width=\"50%\">Regime a 120 km\/h<\/td>\n<td valign=\"top\" width=\"50%\">2.600 rpm (6\u00aa.)<\/td>\n<\/tr>\n<tr>\n<td valign=\"top\" width=\"50%\">Regime \u00e0 velocidade m\u00e1xima informada<\/td>\n<td valign=\"top\" width=\"50%\">5.500 rpm (5\u00aa.)<\/td>\n<\/tr>\n<tr>\n<td valign=\"top\" width=\"50%\">Tra\u00e7\u00e3o<\/td>\n<td valign=\"top\" width=\"50%\">dianteira<\/td>\n<\/tr>\n<tr>\n<td style=\"background-color: #ffffff;\" colspan=\"2\" valign=\"top\" width=\"50%\">Freios<\/td>\n<\/tr>\n<tr>\n<td valign=\"top\" width=\"50%\">Dianteiros<\/td>\n<td valign=\"top\" width=\"50%\">a disco ventilado (302 mm \u00f8)<\/td>\n<\/tr>\n<tr>\n<td valign=\"top\" width=\"50%\">Traseiros<\/td>\n<td valign=\"top\" width=\"50%\">a disco (268 mm \u00f8)<\/td>\n<\/tr>\n<tr>\n<td valign=\"top\" width=\"50%\">Antitravamento (ABS)<\/td>\n<td valign=\"top\" width=\"50%\">sim<\/td>\n<\/tr>\n<tr>\n<td style=\"background-color: #ffffff;\" colspan=\"2\" valign=\"top\" width=\"50%\">Dire\u00e7\u00e3o<\/td>\n<\/tr>\n<tr>\n<td valign=\"top\" width=\"50%\">Sistema<\/td>\n<td width=\"50%\">pinh\u00e3o e cremalheira<\/td>\n<\/tr>\n<tr>\n<td valign=\"top\" width=\"50%\">Assist\u00eancia<\/td>\n<td width=\"50%\">eletro-hidr\u00e1ulica<\/td>\n<\/tr>\n<tr>\n<td valign=\"top\" width=\"50%\">Di\u00e2metro de giro<\/td>\n<td width=\"50%\">10,9 m<\/td>\n<\/tr>\n<tr>\n<td style=\"background-color: #ffffff;\" colspan=\"2\" valign=\"top\" width=\"50%\">Suspens\u00e3o<\/td>\n<\/tr>\n<tr>\n<td valign=\"top\" width=\"50%\">Dianteira<\/td>\n<td valign=\"top\" width=\"50%\">independente, McPherson, mola helicoidal<\/td>\n<\/tr>\n<tr>\n<td valign=\"top\" width=\"50%\">Traseira<\/td>\n<td valign=\"top\" width=\"50%\">eixo de tor\u00e7\u00e3o, mola helicoidal<\/td>\n<\/tr>\n<tr>\n<td valign=\"top\" width=\"50%\">Estabilizador(es)<\/td>\n<td valign=\"top\" width=\"50%\">dianteiro e traseiro<\/td>\n<\/tr>\n<tr>\n<td style=\"background-color: #ffffff;\" colspan=\"2\" valign=\"top\" width=\"50%\">Rodas<\/td>\n<\/tr>\n<tr>\n<td valign=\"top\" width=\"50%\">Dimens\u00f5es<\/td>\n<td width=\"50%\">7,5 x 17 pol<\/td>\n<\/tr>\n<tr>\n<td valign=\"top\" width=\"50%\">Pneus<\/td>\n<td width=\"50%\">225\/50 R 17<\/td>\n<\/tr>\n<tr>\n<td style=\"background-color: #ffffff;\" colspan=\"2\" valign=\"top\" width=\"50%\">Dimens\u00f5es<\/td>\n<\/tr>\n<tr>\n<td valign=\"top\" width=\"50%\">Comprimento<\/td>\n<td valign=\"top\" width=\"50%\">4,365 m<\/td>\n<\/tr>\n<tr>\n<td valign=\"top\" width=\"50%\">Largura<\/td>\n<td valign=\"top\" width=\"50%\">1,837 m<\/td>\n<\/tr>\n<tr>\n<td valign=\"top\" width=\"50%\">Altura<\/td>\n<td valign=\"top\" width=\"50%\">1,639 m<\/td>\n<\/tr>\n<tr>\n<td valign=\"top\" width=\"50%\">Entre-eixos<\/td>\n<td valign=\"top\" width=\"50%\">2,613 m<\/td>\n<\/tr>\n<tr>\n<td valign=\"top\" width=\"50%\">Bitola dianteira<\/td>\n<td valign=\"top\" width=\"50%\">1,53 m<\/td>\n<\/tr>\n<tr>\n<td valign=\"top\" width=\"50%\">Bitola traseira<\/td>\n<td valign=\"top\" width=\"50%\">1,525 m<\/td>\n<\/tr>\n<tr>\n<td valign=\"top\" width=\"50%\">Coeficiente aerodin\u00e2mico (Cx)<\/td>\n<td valign=\"top\" width=\"50%\">0,296<\/td>\n<\/tr>\n<tr>\n<td style=\"background-color: #ffffff;\" colspan=\"2\" valign=\"top\" width=\"50%\">Capacidades e peso<\/td>\n<\/tr>\n<tr>\n<td valign=\"top\" width=\"50%\">Tanque de combust\u00edvel<\/td>\n<td valign=\"top\" width=\"50%\">60 l<\/td>\n<\/tr>\n<tr>\n<td valign=\"top\" width=\"50%\">Compartimento de bagagem<\/td>\n<td valign=\"top\" width=\"50%\">432 l<\/td>\n<\/tr>\n<tr>\n<td valign=\"top\" width=\"50%\">Peso em ordem de marcha<\/td>\n<td valign=\"top\" width=\"50%\">1.480 kg<\/td>\n<\/tr>\n<tr>\n<td valign=\"top\" width=\"50%\">Rela\u00e7\u00e3o peso-pot\u00eancia<\/td>\n<td valign=\"top\" width=\"50%\">9,0 kg\/cv<\/td>\n<\/tr>\n<tr>\n<td style=\"background-color: #ffffff;\" colspan=\"2\" valign=\"top\" width=\"50%\">Desempenho<\/td>\n<\/tr>\n<tr>\n<td valign=\"top\">Velocidade m\u00e1xima<\/td>\n<td valign=\"top\">202 km\/h<\/td>\n<\/tr>\n<tr>\n<td valign=\"top\">Acelera\u00e7\u00e3o de 0 a 100 km\/h<\/td>\n<td valign=\"top\">9,5 s<\/td>\n<\/tr>\n<tr>\n<td style=\"background-color: #ffffff;\" colspan=\"2\" valign=\"top\" width=\"50%\">Garantia<\/td>\n<\/tr>\n<tr>\n<td valign=\"top\" width=\"50%\">Prazo<\/td>\n<td valign=\"top\" width=\"50%\">3 anos sem limite de quilometragem<\/td>\n<\/tr>\n<tr>\n<td style=\"background-color: #ffffff;\" colspan=\"2\" valign=\"top\" width=\"50%\">Carro avaliado<\/td>\n<\/tr>\n<tr>\n<td valign=\"top\" width=\"50%\">Ano-modelo<\/td>\n<td valign=\"top\" width=\"50%\">2014<\/td>\n<\/tr>\n<tr>\n<td valign=\"top\" width=\"50%\">Pneus<\/td>\n<td valign=\"top\" width=\"50%\">Michelin Primacy HP<\/td>\n<\/tr>\n<tr>\n<td valign=\"top\" width=\"50%\">Quilometragem inicial<\/td>\n<td valign=\"top\" width=\"50%\">3.000 km<\/td>\n<\/tr>\n<tr>\n<td colspan=\"2\" valign=\"top\" width=\"50%\">Dados do fabricante; consumo n\u00e3o dispon\u00edvel<\/td>\n<\/tr>\n<\/tbody>\n<\/table><\/div><\/div>\n<p>&nbsp;<\/p>\n<p>&nbsp;<\/p>\n","protected":false},"excerpt":{"rendered":"<p>Minivan de origem, mas com ar de utilit\u00e1rio esporte, ela come\u00e7a sua avalia\u00e7\u00e3o de 30 dias mostrando dotes como conforto e agilidade<\/p>\n","protected":false},"author":6,"featured_media":46445,"comment_status":"open","ping_status":"closed","sticky":false,"template":"","format":"standard","meta":{"_joinchat":[],"footnotes":""},"categories":[37],"tags":[1108,2350,80,307,69,96],"class_list":["post-46341","post","type-post","status-publish","format-standard","has-post-thumbnail","hentry","category-um-mes","tag-1108","tag-3008-griffe","tag-avaliacao-2","tag-minivan","tag-peugeot","tag-um-mes-ao-volante"],"amp_enabled":true,"_links":{"self":[{"href":"https:\/\/autolivraria.com.br\/bc\/wp-json\/wp\/v2\/posts\/46341","targetHints":{"allow":["GET"]}}],"collection":[{"href":"https:\/\/autolivraria.com.br\/bc\/wp-json\/wp\/v2\/posts"}],"about":[{"href":"https:\/\/autolivraria.com.br\/bc\/wp-json\/wp\/v2\/types\/post"}],"author":[{"embeddable":true,"href":"https:\/\/autolivraria.com.br\/bc\/wp-json\/wp\/v2\/users\/6"}],"replies":[{"embeddable":true,"href":"https:\/\/autolivraria.com.br\/bc\/wp-json\/wp\/v2\/comments?post=46341"}],"version-history":[{"count":0,"href":"https:\/\/autolivraria.com.br\/bc\/wp-json\/wp\/v2\/posts\/46341\/revisions"}],"wp:featuredmedia":[{"embeddable":true,"href":"https:\/\/autolivraria.com.br\/bc\/wp-json\/wp\/v2\/media\/46445"}],"wp:attachment":[{"href":"https:\/\/autolivraria.com.br\/bc\/wp-json\/wp\/v2\/media?parent=46341"}],"wp:term":[{"taxonomy":"category","embeddable":true,"href":"https:\/\/autolivraria.com.br\/bc\/wp-json\/wp\/v2\/categories?post=46341"},{"taxonomy":"post_tag","embeddable":true,"href":"https:\/\/autolivraria.com.br\/bc\/wp-json\/wp\/v2\/tags?post=46341"}],"curies":[{"name":"wp","href":"https:\/\/api.w.org\/{rel}","templated":true}]}}