{"id":46605,"date":"2014-07-08T10:45:08","date_gmt":"2014-07-08T13:45:08","guid":{"rendered":"http:\/\/bestcars.uol.com.br\/bc\/?p=46605"},"modified":"2014-07-15T17:50:13","modified_gmt":"2014-07-15T20:50:13","slug":"teste-peugeot-3008-propoe-espaco-e-bom-custo-beneficio-2","status":"publish","type":"post","link":"https:\/\/autolivraria.com.br\/bc\/informe-se\/um-mes\/teste-peugeot-3008-propoe-espaco-e-bom-custo-beneficio-2\/","title":{"rendered":"Peugeot 3008 prop\u00f5e espa\u00e7o e bom custo-benef\u00edcio (2)"},"content":{"rendered":"<p><a href=\"https:\/\/autolivraria.com.br\/bc\/wp-content\/uploads\/2014\/07\/Peugeot-3008-Griffe-18.jpg\"><img fetchpriority=\"high\" decoding=\"async\" class=\"aligncenter size-medium wp-image-46627\" src=\"https:\/\/autolivraria.com.br\/bc\/wp-content\/uploads\/2014\/07\/Peugeot-3008-Griffe-18-560x373.jpg\" alt=\"Peugeot 3008 Griffe\" width=\"560\" height=\"373\" srcset=\"https:\/\/autolivraria.com.br\/bc\/wp-content\/uploads\/2014\/07\/Peugeot-3008-Griffe-18-560x373.jpg 560w, https:\/\/autolivraria.com.br\/bc\/wp-content\/uploads\/2014\/07\/Peugeot-3008-Griffe-18-470x313.jpg 470w, https:\/\/autolivraria.com.br\/bc\/wp-content\/uploads\/2014\/07\/Peugeot-3008-Griffe-18-270x179.jpg 270w, https:\/\/autolivraria.com.br\/bc\/wp-content\/uploads\/2014\/07\/Peugeot-3008-Griffe-18-168x111.jpg 168w, https:\/\/autolivraria.com.br\/bc\/wp-content\/uploads\/2014\/07\/Peugeot-3008-Griffe-18.jpg 1280w\" sizes=\"(max-width: 560px) 100vw, 560px\" \/><\/a><\/p>\n<p>&nbsp;<\/p>\n<h2>Em sua segunda semana de avalia\u00e7\u00e3o, o julgamento pelo ponto\u00a0de<br \/>\nvista feminino e as medi\u00e7\u00f5es de desempenho do motor\u00a0THP<\/h2>\n<h6><em>Texto e fotos: Fabr\u00edcio Samah\u00e1<\/em><\/h6>\n<p>&nbsp;<\/p>\n<p><a href=\"https:\/\/autolivraria.com.br\/bc\/category\/informe-se\/um-mes\/\"><img decoding=\"async\" class=\"alignleft lazyload\" data-src=\"https:\/\/autolivraria.com.br\/bc\/wp-content\/uploads\/2014\/01\/Um-Mes-ao-Volante.png\" alt=\"Um Mes ao Volante\" width=\"120\" height=\"120\" src=\"data:image\/svg+xml;base64,PHN2ZyB3aWR0aD0iMSIgaGVpZ2h0PSIxIiB4bWxucz0iaHR0cDovL3d3dy53My5vcmcvMjAwMC9zdmciPjwvc3ZnPg==\" style=\"--smush-placeholder-width: 120px; --smush-placeholder-aspect-ratio: 120\/120;\" \/><\/a> Seja a Peugeot 3008 considerada uma minivan ou um utilit\u00e1rio esporte \u2014 as categorias que se mesclam em um <em>crossover<\/em> \u2014, o fato \u00e9 que ambos os segmentos t\u00eam no p\u00fablico feminino um importante alvo. As mulheres costumam gostar desses modelos com posi\u00e7\u00e3o de dirigir elevada, que lhes d\u00e1 sensa\u00e7\u00e3o de seguran\u00e7a no tr\u00e2nsito, ao que as minivans acrescentam grande praticidade.<\/p>\n<p>Assim, n\u00e3o demoramos a fazer o primeiro empr\u00e9stimo da 3008 de <em>Um M\u00eas ao Volante<\/em> a uma colaboradora, a administradora de empresas Giuliana Pucci, que j\u00e1 havia participado da se\u00e7\u00e3o com os modelos <a title=\"C3 Exclusive: pacote completo, embalagem compacta (3)\" href=\"https:\/\/autolivraria.com.br\/bc\/informe-se\/um-mes\/c3-exclusive-pacote-completo-embalagem-compacta-3\/\">Citro\u00ebn C3<\/a> e <a title=\"C4 Lounge: o novo Citro\u00ebn em an\u00e1lise prolongada (3)\" href=\"https:\/\/autolivraria.com.br\/bc\/informe-se\/um-mes\/teste-c4-lounge-o-novo-citroen-em-analise-prolongada-3\/\">C4 Lounge<\/a> e <a title=\"Fiat Bravo prop\u00f5e esportividade que n\u00e3o d\u00f3i no bolso (4)\" href=\"https:\/\/autolivraria.com.br\/bc\/informe-se\/um-mes\/avaliacao-fiat-bravo-propoe-esportividade-que-nao-doi-no-bolso-4\/\">Fiat Bravo<\/a>. Dona de um Hyundai Tucson, a motorista rodou quase 400 quil\u00f4metros com a Peugeot, a maior parte em viagem entre o Vale do Para\u00edba e Bertioga, no litoral sul do estado de S\u00e3o Paulo.<\/p>\n<p>Giuliana considera o estilo do carro moderno, \u201cmas poderia ser um pouco mais robusto, imponente\u201d. As ressalvas desaparecem quando a an\u00e1lise passa ao visual interno: \u201cAcabamento impec\u00e1vel. O carro \u00e9 todo muito bem constru\u00eddo. Houve preocupa\u00e7\u00e3o com os detalhes, em formar um espa\u00e7o interno luxuoso. A posi\u00e7\u00e3o de dirigir \u00e9 excelente, e o painel moderno foi um dos itens que mais me chamaram a aten\u00e7\u00e3o. O teto de vidro tamb\u00e9m \u00e9 um aspecto positivo. N\u00e3o me incomodei com a largura do console central, mas acredito que possa atrapalhar pessoas mais largas\u201d.<\/p>\n<p>&nbsp;<\/p>\n<p><a href=\"https:\/\/autolivraria.com.br\/bc\/wp-content\/uploads\/2014\/07\/Peugeot-3008-Griffe-04.jpg\"><img decoding=\"async\" class=\"aligncenter size-medium wp-image-46628 lazyload\" data-src=\"https:\/\/autolivraria.com.br\/bc\/wp-content\/uploads\/2014\/07\/Peugeot-3008-Griffe-04-560x373.jpg\" alt=\"Peugeot 3008 Griffe\" width=\"560\" height=\"373\" data-srcset=\"https:\/\/autolivraria.com.br\/bc\/wp-content\/uploads\/2014\/07\/Peugeot-3008-Griffe-04-560x373.jpg 560w, https:\/\/autolivraria.com.br\/bc\/wp-content\/uploads\/2014\/07\/Peugeot-3008-Griffe-04-470x313.jpg 470w, https:\/\/autolivraria.com.br\/bc\/wp-content\/uploads\/2014\/07\/Peugeot-3008-Griffe-04-270x179.jpg 270w, https:\/\/autolivraria.com.br\/bc\/wp-content\/uploads\/2014\/07\/Peugeot-3008-Griffe-04-168x111.jpg 168w, https:\/\/autolivraria.com.br\/bc\/wp-content\/uploads\/2014\/07\/Peugeot-3008-Griffe-04.jpg 1280w\" data-sizes=\"(max-width: 560px) 100vw, 560px\" src=\"data:image\/svg+xml;base64,PHN2ZyB3aWR0aD0iMSIgaGVpZ2h0PSIxIiB4bWxucz0iaHR0cDovL3d3dy53My5vcmcvMjAwMC9zdmciPjwvc3ZnPg==\" style=\"--smush-placeholder-width: 560px; --smush-placeholder-aspect-ratio: 560\/373;\" \/><\/a><\/p>\n<h6 style=\"text-align: center;\"><em><br \/>\nO estilo da 3008 acabou sendo um ponto negativo para a colaboradora,<br \/>\n<\/em><em>que\u00a0disse preferir as linhas mais arrojadas de utilit\u00e1rios como IX35 e Sportage<\/em><\/h6>\n<p>&nbsp;<\/p>\n<p>O espa\u00e7o interno da 3008 tamb\u00e9m atendeu \u00e0s expectativas da colaboradora: \u201cApesar de n\u00e3o ser t\u00e3o amplo para os passageiros traseiros, o espa\u00e7o na frente \u00e9 muito bom, um ambiente confort\u00e1vel e agrad\u00e1vel para uma viagem mais longa ou em fam\u00edlia. O carro oferece muitos itens de conveni\u00eancia como o ar-condicionado autom\u00e1tico de duas zonas, porta-objetos numerosos e um profundo compartimento no console central, que possibilita guardar pertences em um local de f\u00e1cil alcance\u201d. Mesmo o porta-malas de 432 litros, n\u00e3o dos mais espa\u00e7osos, foi julgado adequado pela motorista.<\/p>\n<p>&nbsp;<\/p>\n<blockquote><p>&#8220;O motor me surpreendeu: responde sem<br \/>\ndemora e sem ru\u00eddos, excelente para a<br \/>\nserra e ultrapassagens&#8221;, elogiou a motorista<\/p><\/blockquote>\n<p>&nbsp;<\/p>\n<p>Dirigir a Peugeot na subida de serra da Mogi-Bertioga, com boas condi\u00e7\u00f5es para explorar o comportamento din\u00e2mico e o trem de for\u00e7a, deixou impress\u00f5es muito positivas em Giuliana: \u201cO motor me surpreendeu, superou as expectativas. Forte, responde sem demora e sem ru\u00eddos, bem diferente do Tucson que dirijo no dia a dia. N\u00e3o perde em nada para um carro esportivo: excelente para ultrapassagens e para subir a Serra do Mar. O c\u00e2mbio autom\u00e1tico tamb\u00e9m \u00e9 \u00f3timo, com mudan\u00e7as de marcha praticamente impercept\u00edveis\u201d.<\/p>\n<p>A aprova\u00e7\u00e3o estende-se \u00e0 estabilidade: \u201cGostei bastante da suspens\u00e3o. Muito bom desempenho em curvas, mesmo nas mais acentuadas. Apesar do tamanho do carro, pude senti-lo \u2018grudar\u2019 no ch\u00e3o. A dire\u00e7\u00e3o endurece mais conforme aumentamos a velocidade, o que traz sensa\u00e7\u00e3o de estabilidade e controle. Em pisos irregulares o conforto dentro dele continuou o mesmo. Os freios respondem r\u00e1pido e transmitem seguran\u00e7a\u201d.<\/p>\n<p>&nbsp;<\/p>\n<div class='one_half'>\n\t\t\t\t\t<a href=\"https:\/\/autolivraria.com.br\/bc\/wp-content\/uploads\/2014\/07\/Peugeot-3008-Griffe-bco1.jpg\"><img decoding=\"async\" class=\"aligncenter size-meia-largura-post wp-image-46629 lazyload\" data-src=\"https:\/\/autolivraria.com.br\/bc\/wp-content\/uploads\/2014\/07\/Peugeot-3008-Griffe-bco1-270x337.jpg\" alt=\"Peugeot 3008 Griffe\" width=\"270\" height=\"337\" data-srcset=\"https:\/\/autolivraria.com.br\/bc\/wp-content\/uploads\/2014\/07\/Peugeot-3008-Griffe-bco1-270x337.jpg 270w, https:\/\/autolivraria.com.br\/bc\/wp-content\/uploads\/2014\/07\/Peugeot-3008-Griffe-bco1-560x700.jpg 560w, https:\/\/autolivraria.com.br\/bc\/wp-content\/uploads\/2014\/07\/Peugeot-3008-Griffe-bco1-470x587.jpg 470w, https:\/\/autolivraria.com.br\/bc\/wp-content\/uploads\/2014\/07\/Peugeot-3008-Griffe-bco1-168x210.jpg 168w, https:\/\/autolivraria.com.br\/bc\/wp-content\/uploads\/2014\/07\/Peugeot-3008-Griffe-bco1.jpg 640w\" data-sizes=\"(max-width: 270px) 100vw, 270px\" src=\"data:image\/svg+xml;base64,PHN2ZyB3aWR0aD0iMSIgaGVpZ2h0PSIxIiB4bWxucz0iaHR0cDovL3d3dy53My5vcmcvMjAwMC9zdmciPjwvc3ZnPg==\" style=\"--smush-placeholder-width: 270px; --smush-placeholder-aspect-ratio: 270\/337;\" \/><\/a>\n\t\t\t\t<\/div>\n<div class='one_half last'>\n\t\t\t\t\t<a href=\"https:\/\/autolivraria.com.br\/bc\/wp-content\/uploads\/2014\/07\/Peugeot-3008-Griffe-bco2.jpg\"><img decoding=\"async\" class=\"aligncenter size-meia-largura-post wp-image-46630 lazyload\" data-src=\"https:\/\/autolivraria.com.br\/bc\/wp-content\/uploads\/2014\/07\/Peugeot-3008-Griffe-bco2-270x337.jpg\" alt=\"Peugeot 3008 Griffe\" width=\"270\" height=\"337\" data-srcset=\"https:\/\/autolivraria.com.br\/bc\/wp-content\/uploads\/2014\/07\/Peugeot-3008-Griffe-bco2-270x337.jpg 270w, https:\/\/autolivraria.com.br\/bc\/wp-content\/uploads\/2014\/07\/Peugeot-3008-Griffe-bco2-560x700.jpg 560w, https:\/\/autolivraria.com.br\/bc\/wp-content\/uploads\/2014\/07\/Peugeot-3008-Griffe-bco2-470x587.jpg 470w, https:\/\/autolivraria.com.br\/bc\/wp-content\/uploads\/2014\/07\/Peugeot-3008-Griffe-bco2-168x210.jpg 168w, https:\/\/autolivraria.com.br\/bc\/wp-content\/uploads\/2014\/07\/Peugeot-3008-Griffe-bco2.jpg 640w\" data-sizes=\"(max-width: 270px) 100vw, 270px\" src=\"data:image\/svg+xml;base64,PHN2ZyB3aWR0aD0iMSIgaGVpZ2h0PSIxIiB4bWxucz0iaHR0cDovL3d3dy53My5vcmcvMjAwMC9zdmciPjwvc3ZnPg==\" style=\"--smush-placeholder-width: 270px; --smush-placeholder-aspect-ratio: 270\/337;\" \/><\/a>\n\t\t\t\t<\/div><div class='clear'><\/div>\n<h6 style=\"text-align: center;\"><em><br \/>\nO interior foi s\u00f3 elogios: Giuliana aprovou acabamento, espa\u00e7o e posi\u00e7\u00e3o\u00a0de<br \/>\n<\/em> <em> dirigir; banco traseiro e compartimento de bagagem foram julgados adequados<\/em><\/h6>\n<p>&nbsp;<\/p>\n<p>O consumo registrado na viagem a Bertioga \u2014 feita sem modera\u00e7\u00e3o no acelerador, ela admite \u2014, ida e volta, e no restante do uso em cidade foi de 10,2 km\/l, o que pode ser considerado bom diante das condi\u00e7\u00f5es. \u201cPelo tamanho do carro e a pot\u00eancia do motor, achei bastante econ\u00f4mico se comparado com outros do mesmo tipo ou com meu Tucson, que tamb\u00e9m tem c\u00e2mbio autom\u00e1tico e fica bem atr\u00e1s em termos de desempenho\u201d, analisa a motorista.<\/p>\n<p>&nbsp;<\/p>\n<div class='code-block code-block-7' style='margin: 28px auto; text-align: center; display: block; clear: both;'>\n<script async src=\"https:\/\/pagead2.googlesyndication.com\/pagead\/js\/adsbygoogle.js\"><\/script>\n<!-- AL-quadrado -->\n<ins class=\"adsbygoogle\"\n     style=\"display:block\"\n     data-ad-client=\"ca-pub-1914799802606213\"\n     data-ad-slot=\"5683066082\"\n     data-ad-format=\"auto\"\n     data-full-width-responsive=\"true\"><\/ins>\n<script>\n     (adsbygoogle = window.adsbygoogle || []).push({});\n<\/script><\/div>\n\n<p>&nbsp;<\/p>\n<p>Mesmo tendo gostado muito do conjunto da 3008, quando perguntada se compraria uma pelo pre\u00e7o sugerido \u2014 R$ 100 mil \u2014, Giuliana n\u00e3o se interessou. \u201cN\u00e3o o compraria por dois motivos: 1) por seu valor \u00e9 poss\u00edvel comprar SUVs que me agradam e impressionam mais em termos de estilo, como o <a href=\"https:\/\/autolivraria.com.br\/bc\/tag\/ix35\">Hyundai IX35<\/a> e o <a href=\"https:\/\/autolivraria.com.br\/bc\/tag\/sportage\">Kia Sportage<\/a>; e 2) o hist\u00f3rico dos autom\u00f3veis da Peugeot \u00e9 de grande desvaloriza\u00e7\u00e3o. Eu ficaria com receio de comprar um carro desse pre\u00e7o que, no momento da venda, depreciasse muito mais que a m\u00e9dia do mercado. Se o carro oferecesse todos esses itens com um pre\u00e7o mais competitivo, at\u00e9 R$ 80 mil, eu certamente compraria um\u201d, ela conclui.<\/p>\n<p>&nbsp;<\/p>\n<h2>Desempenho posto \u00e0 prova<\/h2>\n<p>No restante do per\u00edodo a Peugeot foi usada em condi\u00e7\u00f5es variadas, desde o tr\u00e1fego urbano at\u00e9 os testes de desempenho. O trecho que inclui as medi\u00e7\u00f5es e uma viagem r\u00e1pida \u2014 em tempo e em velocidade m\u00e9dia \u2014 foi o de pior consumo m\u00e9dio at\u00e9 agora, 6,8 km\/l, mas \u00e9 preciso lembrar que o carro passou grande parte dele produzindo plena pot\u00eancia.<\/p>\n<p>&nbsp;<\/p>\n<div class='one_half'>\n\t\t\t\t\t<a href=\"https:\/\/autolivraria.com.br\/bc\/wp-content\/uploads\/2014\/07\/Peugeot-3008-Griffe-det06.jpg\"><img decoding=\"async\" class=\"aligncenter size-meia-largura-post wp-image-46633 lazyload\" data-src=\"https:\/\/autolivraria.com.br\/bc\/wp-content\/uploads\/2014\/07\/Peugeot-3008-Griffe-det06-270x179.jpg\" alt=\"Peugeot 3008 Griffe\" width=\"270\" height=\"179\" data-srcset=\"https:\/\/autolivraria.com.br\/bc\/wp-content\/uploads\/2014\/07\/Peugeot-3008-Griffe-det06-270x179.jpg 270w, https:\/\/autolivraria.com.br\/bc\/wp-content\/uploads\/2014\/07\/Peugeot-3008-Griffe-det06-560x372.jpg 560w, https:\/\/autolivraria.com.br\/bc\/wp-content\/uploads\/2014\/07\/Peugeot-3008-Griffe-det06-470x312.jpg 470w, https:\/\/autolivraria.com.br\/bc\/wp-content\/uploads\/2014\/07\/Peugeot-3008-Griffe-det06-168x111.jpg 168w, https:\/\/autolivraria.com.br\/bc\/wp-content\/uploads\/2014\/07\/Peugeot-3008-Griffe-det06.jpg 640w\" data-sizes=\"(max-width: 270px) 100vw, 270px\" src=\"data:image\/svg+xml;base64,PHN2ZyB3aWR0aD0iMSIgaGVpZ2h0PSIxIiB4bWxucz0iaHR0cDovL3d3dy53My5vcmcvMjAwMC9zdmciPjwvc3ZnPg==\" style=\"--smush-placeholder-width: 270px; --smush-placeholder-aspect-ratio: 270\/179;\" \/><\/a>\n\t\t\t\t<\/div>\n<div class='one_half last'>\n\t\t\t\t\t<a href=\"https:\/\/autolivraria.com.br\/bc\/wp-content\/uploads\/2014\/07\/Peugeot-3008-Griffe-det03.jpg\"><img decoding=\"async\" class=\"aligncenter size-meia-largura-post wp-image-46632 lazyload\" data-src=\"https:\/\/autolivraria.com.br\/bc\/wp-content\/uploads\/2014\/07\/Peugeot-3008-Griffe-det03-270x179.jpg\" alt=\"Peugeot 3008 Griffe\" width=\"270\" height=\"179\" data-srcset=\"https:\/\/autolivraria.com.br\/bc\/wp-content\/uploads\/2014\/07\/Peugeot-3008-Griffe-det03-270x179.jpg 270w, https:\/\/autolivraria.com.br\/bc\/wp-content\/uploads\/2014\/07\/Peugeot-3008-Griffe-det03-560x372.jpg 560w, https:\/\/autolivraria.com.br\/bc\/wp-content\/uploads\/2014\/07\/Peugeot-3008-Griffe-det03-470x312.jpg 470w, https:\/\/autolivraria.com.br\/bc\/wp-content\/uploads\/2014\/07\/Peugeot-3008-Griffe-det03-168x111.jpg 168w, https:\/\/autolivraria.com.br\/bc\/wp-content\/uploads\/2014\/07\/Peugeot-3008-Griffe-det03.jpg 640w\" data-sizes=\"(max-width: 270px) 100vw, 270px\" src=\"data:image\/svg+xml;base64,PHN2ZyB3aWR0aD0iMSIgaGVpZ2h0PSIxIiB4bWxucz0iaHR0cDovL3d3dy53My5vcmcvMjAwMC9zdmciPjwvc3ZnPg==\" style=\"--smush-placeholder-width: 270px; --smush-placeholder-aspect-ratio: 270\/179;\" \/><\/a>\n\t\t\t\t<\/div><div class='clear'><\/div>\n<h6 style=\"text-align: center;\"><em><br \/>\nA colaboradora destacou o ar-condicionado de duas zonas e os numerosos<br \/>\nporta-objetos; o consumo tem sido moderado nas v\u00e1rias situa\u00e7\u00f5es<\/em><\/h6>\n<p>&nbsp;<\/p>\n<p>E como a 3008 se saiu nos testes? Muito bem para um carro familiar, sem pretens\u00f5es esportivas. Acelerar de 0 a 100 km\/h em 9,6 segundos e retomar de 60 a 100 em 5,6 s (com redu\u00e7\u00f5es de marcha autom\u00e1ticas e a caixa em programa esportivo) s\u00e3o boas marcas, sobretudo se considerados o peso de quase 1,5 tonelada, o c\u00e2mbio autom\u00e1tico e a pot\u00eancia n\u00e3o t\u00e3o expressiva de 165 cv (<em>veja todos os resultados na p\u00e1gina 2<\/em>). Nas arrancadas havia intensa tend\u00eancia a patinar as rodas dianteiras, contida pelo controle de tra\u00e7\u00e3o, e forte <a href=\"https:\/\/autolivraria.com.br\/bc\/glossario-e\/#este\">ester\u00e7amento por torque<\/a>, mas acreditamos que o comprador t\u00edpico desse carro n\u00e3o o colocar\u00e1 nessa situa\u00e7\u00e3o para poder se incomodar. Curioso \u00e9 que a primeira mudan\u00e7a de marcha \u00e9 feita a 5.800 rpm ou 200 abaixo do pico de pot\u00eancia (as outras, a adequadas 6.200).<\/p>\n<p>Na citada viagem r\u00e1pida, por uma rodovia sinuosa que \u00e9 percurso habitual em nossas avalia\u00e7\u00f5es, a minivan revelou estabilidade que transmite confian\u00e7a. Apesar do claro <a href=\"https:\/\/autolivraria.com.br\/bc\/glossario-s\/#sube\">subester\u00e7o<\/a> \u2014 n\u00e3o se esperava outra atitude pelo tipo de carro e pela reparti\u00e7\u00e3o de peso entre os eixos, com cerca de 60% sobre o dianteiro \u2014, seu comportamento \u00e9 sadio e nota-se pouca inclina\u00e7\u00e3o de carroceria. O <a href=\"https:\/\/autolivraria.com.br\/bc\/glossario-c\/#esp\">controle eletr\u00f4nico de estabilidade<\/a> atua na medida certa, sem intervir cedo demais. Sem d\u00favida, poucos utilit\u00e1rios esporte com as quais a 3008 acaba concorrendo no mercado contornam curvas t\u00e3o bem quanto ela.<\/p>\n<table border=\"0\">\n<tbody>\n<tr>\n<td><a href='https:\/\/autolivraria.com.br\/bc\/informe-se\/avaliacao\/teste-peugeot-3008-propoe-espaco-e-bom-custo-beneficio-2\/2\/' class='small-button smallsilver'>Pr\u00f3xima parte<\/a><\/td>\n<\/tr>\n<\/tbody>\n<\/table>\n<p>&nbsp;<\/p>\n<p>&nbsp;<\/p>\n<p><!--nextpage--><\/p>\n<p><a href=\"https:\/\/autolivraria.com.br\/bc\/wp-content\/uploads\/2014\/07\/Peugeot-3008-Griffe-19.jpg\"><img decoding=\"async\" class=\"aligncenter wp-image-46631 size-medium lazyload\" data-src=\"https:\/\/autolivraria.com.br\/bc\/wp-content\/uploads\/2014\/07\/Peugeot-3008-Griffe-19-560x373.jpg\" alt=\"Peugeot 3008 Griffe\" width=\"560\" height=\"373\" data-srcset=\"https:\/\/autolivraria.com.br\/bc\/wp-content\/uploads\/2014\/07\/Peugeot-3008-Griffe-19-560x373.jpg 560w, https:\/\/autolivraria.com.br\/bc\/wp-content\/uploads\/2014\/07\/Peugeot-3008-Griffe-19-470x313.jpg 470w, https:\/\/autolivraria.com.br\/bc\/wp-content\/uploads\/2014\/07\/Peugeot-3008-Griffe-19-270x179.jpg 270w, https:\/\/autolivraria.com.br\/bc\/wp-content\/uploads\/2014\/07\/Peugeot-3008-Griffe-19-168x111.jpg 168w, https:\/\/autolivraria.com.br\/bc\/wp-content\/uploads\/2014\/07\/Peugeot-3008-Griffe-19.jpg 1280w\" data-sizes=\"(max-width: 560px) 100vw, 560px\" src=\"data:image\/svg+xml;base64,PHN2ZyB3aWR0aD0iMSIgaGVpZ2h0PSIxIiB4bWxucz0iaHR0cDovL3d3dy53My5vcmcvMjAwMC9zdmciPjwvc3ZnPg==\" style=\"--smush-placeholder-width: 560px; --smush-placeholder-aspect-ratio: 560\/373;\" \/><\/a><\/p>\n<h6 style=\"text-align: center;\"><em><br \/>\nAo acelerar de 0 a 100 em 9,6 segundos a minivan da Peugeot\u00a0provou ter\u00a0bom<br \/>\n<\/em> <em>desempenho, e sua estabilidade em curvas supera grande parte da concorr\u00eancia<\/em><\/h6>\n<p>&nbsp;<\/p>\n<p>A boa condi\u00e7\u00e3o de piso da via n\u00e3o impediu perceber um ponto negativo: como em outros carros com a mesma plataforma b\u00e1sica, como <a href=\"https:\/\/autolivraria.com.br\/bc\/tag\/c4\">Citro\u00ebn C4<\/a> e <a href=\"https:\/\/autolivraria.com.br\/bc\/tag\/c4-pallas\">C4 Pallas<\/a>, o sistema de dire\u00e7\u00e3o transmite muita vibra\u00e7\u00e3o ao volante ao encontrar ondula\u00e7\u00f5es durante as curvas. Esse efeito foi atenuado no <a href=\"https:\/\/autolivraria.com.br\/bc\/tag\/c4-lounge\">C4 Lounge<\/a> por medidas que desconhecemos, mas o trabalho em buchas de suspens\u00e3o para aumentar o conforto de rodagem pode estar relacionado. De fato, como mencionado no <a title=\"Peugeot 3008 prop\u00f5e espa\u00e7o e bom custo-benef\u00edcio (1)\" href=\"https:\/\/autolivraria.com.br\/bc\/informe-se\/avaliacao\/teste-peugeot-3008-propoe-espaco-com-bom-custo-beneficio\/\">relato anterior<\/a>, a 3008 merece um reestudo nesse quesito \u2014 a suspens\u00e3o emitiu ru\u00eddo de pancada seca ao cruzar linhas f\u00e9rreas pelas quais passamos com todos os carros avaliados.<\/p>\n<p>\u00c0 parte essas restri\u00e7\u00f5es, nossa companheira de <em>Um M\u00eas ao Volante<\/em> tem revelado grandes qualidades e mostra-se um carro bastante pr\u00e1tico para uso urbano \u2014 apesar da largura importante e do peso \u2014, tanto pelas respostas \u00e1geis do motor quanto pelo comprimento t\u00edpico de hatch m\u00e9dio, que dispensa encontrar amplas vagas para estacionar. Mas \u00e9 nos trechos rodovi\u00e1rios que ela encontra sua melhor aplica\u00e7\u00e3o, com espa\u00e7o, conforto e boas reservas de pot\u00eancia. Se for sob um c\u00e9u estrelado com o forro do teto aberto, melhor ainda.<\/p>\n<table border=\"0\">\n<tbody>\n<tr>\n<td><a href='https:\/\/autolivraria.com.br\/bc\/informe-se\/avaliacao\/teste-peugeot-3008-propoe-espaco-com-bom-custo-beneficio\/' class='small-button smallsilver'>Atualiza\u00e7\u00e3o anterior<\/a><\/td>\n<\/tr>\n<\/tbody>\n<\/table>\n<p>&nbsp;<\/p>\n<div class='et-box et-shadow'>\n\t\t\t\t\t<div class='et-box-content'><h2>\u00daltimo per\u00edodo<\/h2>\n<table id=\"table6087\" style=\"width: 100%;\" border=\"0\" cellspacing=\"0\" cellpadding=\"3\">\n<tbody>\n<tr>\n<td align=\"center\" width=\"50%\">\n<h2>6 dias<\/h2>\n<\/td>\n<td align=\"center\" width=\"50%\">\n<h2>639 km<\/h2>\n<\/td>\n<\/tr>\n<tr>\n<td width=\"50%\">Dist\u00e2ncia em cidade<\/td>\n<td align=\"left\">203 km<\/td>\n<\/tr>\n<tr>\n<td width=\"50%\">Dist\u00e2ncia em rodovia<\/td>\n<td align=\"left\">436 km<\/td>\n<\/tr>\n<tr>\n<td width=\"50%\">Tempo ao volante<\/td>\n<td align=\"left\">14h 02min<\/td>\n<\/tr>\n<tr>\n<td width=\"50%\">Velocidade m\u00e9dia<\/td>\n<td align=\"left\">46 km\/h<\/td>\n<\/tr>\n<tr>\n<td width=\"50%\">Consumo m\u00e9dio (gasolina)<\/td>\n<td align=\"left\">9,5 km\/l<\/td>\n<\/tr>\n<tr>\n<td width=\"50%\">Melhor marca m\u00e9dia<\/td>\n<td align=\"left\">10,2 km\/l<\/td>\n<\/tr>\n<tr>\n<td width=\"50%\">Pior marca m\u00e9dia<\/td>\n<td align=\"left\">6,8 km\/l<\/td>\n<\/tr>\n<tr>\n<td colspan=\"2\" width=\"100%\">Indica\u00e7\u00f5es do computador de bordo<\/td>\n<\/tr>\n<\/tbody>\n<\/table><\/div><\/div>\n<p>&nbsp;<\/p>\n<div class='et-box et-shadow'>\n\t\t\t\t\t<div class='et-box-content'><h2>Desde o in\u00edcio<\/h2>\n<table id=\"table6087\" style=\"width: 100%;\" border=\"0\" cellspacing=\"0\" cellpadding=\"3\">\n<tbody>\n<tr>\n<td align=\"center\" width=\"50%\">\n<h2>13 dias<\/h2>\n<\/td>\n<td align=\"center\" width=\"50%\">\n<h2>1.058 km<\/h2>\n<\/td>\n<\/tr>\n<tr>\n<td width=\"50%\">Dist\u00e2ncia em cidade<\/td>\n<td align=\"left\">389 km<\/td>\n<\/tr>\n<tr>\n<td width=\"50%\">Dist\u00e2ncia em rodovia<\/td>\n<td align=\"left\">669 km<\/td>\n<\/tr>\n<tr>\n<td width=\"50%\">Tempo ao volante<\/td>\n<td align=\"left\">24h 13min<\/td>\n<\/tr>\n<tr>\n<td width=\"50%\">Velocidade m\u00e9dia<\/td>\n<td align=\"left\">43 km\/h<\/td>\n<\/tr>\n<tr>\n<td width=\"50%\">Consumo m\u00e9dio (gasolina)<\/td>\n<td align=\"left\">10,0 km\/l<\/td>\n<\/tr>\n<tr>\n<td width=\"50%\">Melhor marca m\u00e9dia<\/td>\n<td align=\"left\">12,0 km\/l<\/td>\n<\/tr>\n<tr>\n<td width=\"50%\">Pior marca m\u00e9dia<\/td>\n<td align=\"left\">6,8 km\/l<\/td>\n<\/tr>\n<tr>\n<td colspan=\"2\" width=\"100%\">Indica\u00e7\u00f5es do computador de bordo<\/td>\n<\/tr>\n<\/tbody>\n<\/table><\/div><\/div>\n<p>&nbsp;<\/p>\n<div class='code-block code-block-7' style='margin: 28px auto; text-align: center; display: block; clear: both;'>\n<script async src=\"https:\/\/pagead2.googlesyndication.com\/pagead\/js\/adsbygoogle.js\"><\/script>\n<!-- AL-quadrado -->\n<ins class=\"adsbygoogle\"\n     style=\"display:block\"\n     data-ad-client=\"ca-pub-1914799802606213\"\n     data-ad-slot=\"5683066082\"\n     data-ad-format=\"auto\"\n     data-full-width-responsive=\"true\"><\/ins>\n<script>\n     (adsbygoogle = window.adsbygoogle || []).push({});\n<\/script><\/div>\n\n<p>&nbsp;<\/p>\n<div class='et-box et-shadow'>\n\t\t\t\t\t<div class='et-box-content'><h2>Medi\u00e7\u00f5es Best Cars<\/h2>\n<table id=\"table6087\" border=\"0\" width=\"100%\" cellspacing=\"0\" cellpadding=\"3\">\n<tbody>\n<tr>\n<td style=\"background-color: #ffffff;\" colspan=\"2\" valign=\"top\">Acelera\u00e7\u00e3o<\/td>\n<\/tr>\n<tr>\n<td style=\"width: 50%;\" valign=\"top\">0 a 80 km\/h<\/td>\n<td style=\"width: 50%;\" valign=\"top\">6,5 s<\/td>\n<\/tr>\n<tr>\n<td style=\"width: 50%;\" valign=\"top\">0 a 100 km\/h<\/td>\n<td style=\"width: 50%;\" valign=\"top\">9,6 s<\/td>\n<\/tr>\n<tr>\n<td style=\"width: 50%;\" valign=\"top\">0 a 120 km\/h<\/td>\n<td style=\"width: 50%;\" valign=\"top\">13,8 s<\/td>\n<\/tr>\n<tr>\n<td style=\"width: 50%;\" valign=\"top\">0 a 400 m<\/td>\n<td style=\"width: 50%;\" valign=\"top\">16,6 s<\/td>\n<\/tr>\n<tr>\n<td style=\"background-color: #ffffff;\" colspan=\"2\" valign=\"top\">Retomada<\/td>\n<\/tr>\n<tr>\n<td style=\"width: 50%;\" valign=\"top\">60 a 100 km\/h*<\/td>\n<td style=\"width: 50%;\" valign=\"top\">5,6 s<\/td>\n<\/tr>\n<tr>\n<td style=\"width: 50%;\" valign=\"top\">60 a 120 km\/h*<\/td>\n<td style=\"width: 50%;\" valign=\"top\">9,3 s<\/td>\n<\/tr>\n<tr>\n<td style=\"width: 50%;\" valign=\"top\">80 a 120 km\/h*<\/td>\n<td style=\"width: 50%;\" valign=\"top\">7,0 s<\/td>\n<\/tr>\n<tr>\n<td style=\"background-color: #ffffff;\" colspan=\"2\" valign=\"top\">Consumo<\/td>\n<\/tr>\n<tr>\n<td colspan=\"2\" valign=\"top\">Testes ainda n\u00e3o efetuados<\/td>\n<\/tr>\n<tr>\n<td colspan=\"2\" valign=\"top\" width=\"100%\">*Com redu\u00e7\u00f5es autom\u00e1ticas; <a title=\"M\u00e9todos de medi\u00e7\u00e3o de desempenho e consumo\" href=\"https:\/\/autolivraria.com.br\/bc\/metodos-de-medicao-de-desempenho-e-consumo\/\" target=\"_blank\">conhe\u00e7a nossos m\u00e9todos de medi\u00e7\u00e3o<\/a><\/td>\n<\/tr>\n<\/tbody>\n<\/table><\/div><\/div>\n<p>&nbsp;<\/p>\n<div class='et-box et-shadow'>\n\t\t\t\t\t<div class='et-box-content'><h2>Pre\u00e7o<\/h2>\n<table id=\"table6088\" style=\"width: 100%;\" border=\"0\" cellspacing=\"0\" cellpadding=\"3\">\n<tbody>\n<tr>\n<td valign=\"top\" width=\"50%\">B\u00e1sico<\/td>\n<td valign=\"top\" width=\"50%\">R$ 99.990<\/td>\n<\/tr>\n<tr>\n<td valign=\"top\" width=\"50%\">Como avaliado<\/td>\n<td valign=\"top\" width=\"50%\">R$ 99.990<\/td>\n<\/tr>\n<tr>\n<td colspan=\"2\" valign=\"top\" width=\"50%\">Pre\u00e7os p\u00fablicos vigentes em 1\/7\/14<\/td>\n<\/tr>\n<\/tbody>\n<\/table><\/div><\/div>\n<p>&nbsp;<\/p>\n<div class='et-box et-shadow'>\n\t\t\t\t\t<div class='et-box-content'><div>\n<h2>Teste do Leitor<\/h2>\n<table style=\"width: 100%;\" border=\"0\" cellspacing=\"0\" cellpadding=\"3\">\n<tbody>\n<tr>\n<td style=\"width: 50%;\" valign=\"top\"><a title=\"Peugeot 3008\" href=\"https:\/\/autolivraria.com.br\/bc\/participe\/opinioes-proprietarios\/teste-do-leitor-peugeot\/peugeot-3008\/\">Opini\u00e3o dos propriet\u00e1rios<\/a><\/td>\n<td style=\"width: 50%;\" valign=\"top\"><a href=\"https:\/\/autolivraria.com.br\/bc\/teste-do-leitor-envie-sua-opiniao\">Envie opini\u00e3o sobre seu carro<\/a><\/td>\n<\/tr>\n<\/tbody>\n<\/table>\n<\/div><\/div><\/div>\n<p>&nbsp;<\/p>\n<div class='et-box et-shadow'>\n\t\t\t\t\t<div class='et-box-content'><h2>Ficha t\u00e9cnica<\/h2>\n<table id=\"table61\" border=\"0\" width=\"100%\" cellspacing=\"0\" cellpadding=\"3\">\n<tbody>\n<tr>\n<td style=\"background-color: #ffffff;\" colspan=\"2\" valign=\"top\" width=\"50%\">Motor<\/td>\n<\/tr>\n<tr>\n<td valign=\"top\" width=\"50%\">Posi\u00e7\u00e3o<\/td>\n<td valign=\"top\" width=\"50%\">transversal<\/td>\n<\/tr>\n<tr>\n<td valign=\"top\" width=\"50%\">Cilindros<\/td>\n<td valign=\"top\" width=\"50%\">4 em linha<\/td>\n<\/tr>\n<tr>\n<td valign=\"top\" width=\"50%\">Material do bloco\/cabe\u00e7ote<\/td>\n<td valign=\"top\" width=\"50%\">alum\u00ednio<\/td>\n<\/tr>\n<tr>\n<td valign=\"top\" width=\"50%\">Comando de v\u00e1lvulas<\/td>\n<td width=\"50%\">duplo no cabe\u00e7ote<\/td>\n<\/tr>\n<tr>\n<td valign=\"top\" width=\"50%\">V\u00e1lvulas por cilindro<\/td>\n<td width=\"50%\">4, varia\u00e7\u00e3o de tempo<\/td>\n<\/tr>\n<tr>\n<td valign=\"top\" width=\"50%\">Di\u00e2metro e curso<\/td>\n<td width=\"50%\">77 x 85,8 mm<\/td>\n<\/tr>\n<tr>\n<td valign=\"top\" width=\"50%\">Cilindrada<\/td>\n<td width=\"50%\">1.598 cm\u00b3<\/td>\n<\/tr>\n<tr>\n<td valign=\"top\" width=\"50%\">Taxa de compress\u00e3o<\/td>\n<td width=\"50%\">10,5:1<\/td>\n<\/tr>\n<tr>\n<td valign=\"top\" width=\"50%\">Alimenta\u00e7\u00e3o<\/td>\n<td width=\"50%\">inje\u00e7\u00e3o direta, turbocompressor, resfriador de ar<\/td>\n<\/tr>\n<tr>\n<td valign=\"top\" width=\"50%\">Pot\u00eancia m\u00e1xima<\/td>\n<td width=\"50%\">165 cv a 6.000 rpm<\/td>\n<\/tr>\n<tr>\n<td valign=\"top\" width=\"50%\">Torque m\u00e1ximo<\/td>\n<td width=\"50%\">24,5 m.kgf de 1.400 a 4.000 rpm<\/td>\n<\/tr>\n<tr>\n<td valign=\"top\" width=\"50%\">Pot\u00eancia espec\u00edfica<\/td>\n<td valign=\"top\" width=\"50%\">103,3 cv\/l<\/td>\n<\/tr>\n<tr>\n<td style=\"background-color: #ffffff;\" colspan=\"2\" valign=\"top\" width=\"50%\">Transmiss\u00e3o<\/td>\n<\/tr>\n<tr>\n<td valign=\"top\" width=\"50%\">Tipo de c\u00e2mbio e marchas<\/td>\n<td valign=\"top\" width=\"50%\">autom\u00e1tico \/ 6<\/td>\n<\/tr>\n<tr>\n<td colspan=\"2\" valign=\"top\" width=\"50%\">Rela\u00e7\u00e3o e velocidade por 1.000 rpm<\/td>\n<\/tr>\n<tr>\n<td valign=\"top\" width=\"50%\">1\u00aa.<\/td>\n<td valign=\"top\" width=\"50%\">4,04 \/ 8 km\/h<\/td>\n<\/tr>\n<tr>\n<td valign=\"top\" width=\"50%\">2\u00aa.<\/td>\n<td valign=\"top\" width=\"50%\">2,37 \/ 14 km\/h<\/td>\n<\/tr>\n<tr>\n<td valign=\"top\" width=\"50%\">3\u00aa.<\/td>\n<td valign=\"top\" width=\"50%\">1,56 \/ 21 km\/h<\/td>\n<\/tr>\n<tr>\n<td valign=\"top\" width=\"50%\">4\u00aa.<\/td>\n<td valign=\"top\" width=\"50%\">1,16 \/ 28 km\/h<\/td>\n<\/tr>\n<tr>\n<td valign=\"top\" width=\"50%\">5\u00aa.<\/td>\n<td valign=\"top\" width=\"50%\">0,85 \/ 38 km\/h<\/td>\n<\/tr>\n<tr>\n<td valign=\"top\" width=\"50%\">6\u00aa.<\/td>\n<td valign=\"top\" width=\"50%\">0,67 \/ 48 km\/h<\/td>\n<\/tr>\n<tr>\n<td valign=\"top\" width=\"50%\">Rela\u00e7\u00e3o de diferencial<\/td>\n<td valign=\"top\" width=\"50%\">3,87<\/td>\n<\/tr>\n<tr>\n<td valign=\"top\" width=\"50%\">Regime a 120 km\/h<\/td>\n<td valign=\"top\" width=\"50%\">2.600 rpm (6\u00aa.)<\/td>\n<\/tr>\n<tr>\n<td valign=\"top\" width=\"50%\">Regime \u00e0 velocidade m\u00e1xima informada<\/td>\n<td valign=\"top\" width=\"50%\">5.500 rpm (5\u00aa.)<\/td>\n<\/tr>\n<tr>\n<td valign=\"top\" width=\"50%\">Tra\u00e7\u00e3o<\/td>\n<td valign=\"top\" width=\"50%\">dianteira<\/td>\n<\/tr>\n<tr>\n<td style=\"background-color: #ffffff;\" colspan=\"2\" valign=\"top\" width=\"50%\">Freios<\/td>\n<\/tr>\n<tr>\n<td valign=\"top\" width=\"50%\">Dianteiros<\/td>\n<td valign=\"top\" width=\"50%\">a disco ventilado (302 mm \u00f8)<\/td>\n<\/tr>\n<tr>\n<td valign=\"top\" width=\"50%\">Traseiros<\/td>\n<td valign=\"top\" width=\"50%\">a disco (268 mm \u00f8)<\/td>\n<\/tr>\n<tr>\n<td valign=\"top\" width=\"50%\">Antitravamento (ABS)<\/td>\n<td valign=\"top\" width=\"50%\">sim<\/td>\n<\/tr>\n<tr>\n<td style=\"background-color: #ffffff;\" colspan=\"2\" valign=\"top\" width=\"50%\">Dire\u00e7\u00e3o<\/td>\n<\/tr>\n<tr>\n<td valign=\"top\" width=\"50%\">Sistema<\/td>\n<td width=\"50%\">pinh\u00e3o e cremalheira<\/td>\n<\/tr>\n<tr>\n<td valign=\"top\" width=\"50%\">Assist\u00eancia<\/td>\n<td width=\"50%\">eletro-hidr\u00e1ulica<\/td>\n<\/tr>\n<tr>\n<td valign=\"top\" width=\"50%\">Di\u00e2metro de giro<\/td>\n<td width=\"50%\">10,9 m<\/td>\n<\/tr>\n<tr>\n<td style=\"background-color: #ffffff;\" colspan=\"2\" valign=\"top\" width=\"50%\">Suspens\u00e3o<\/td>\n<\/tr>\n<tr>\n<td valign=\"top\" width=\"50%\">Dianteira<\/td>\n<td valign=\"top\" width=\"50%\">independente, McPherson, mola helicoidal<\/td>\n<\/tr>\n<tr>\n<td valign=\"top\" width=\"50%\">Traseira<\/td>\n<td valign=\"top\" width=\"50%\">eixo de tor\u00e7\u00e3o, mola helicoidal<\/td>\n<\/tr>\n<tr>\n<td valign=\"top\" width=\"50%\">Estabilizador(es)<\/td>\n<td valign=\"top\" width=\"50%\">dianteiro e traseiro<\/td>\n<\/tr>\n<tr>\n<td style=\"background-color: #ffffff;\" colspan=\"2\" valign=\"top\" width=\"50%\">Rodas<\/td>\n<\/tr>\n<tr>\n<td valign=\"top\" width=\"50%\">Dimens\u00f5es<\/td>\n<td width=\"50%\">7,5 x 17 pol<\/td>\n<\/tr>\n<tr>\n<td valign=\"top\" width=\"50%\">Pneus<\/td>\n<td width=\"50%\">225\/50 R 17<\/td>\n<\/tr>\n<tr>\n<td style=\"background-color: #ffffff;\" colspan=\"2\" valign=\"top\" width=\"50%\">Dimens\u00f5es<\/td>\n<\/tr>\n<tr>\n<td valign=\"top\" width=\"50%\">Comprimento<\/td>\n<td valign=\"top\" width=\"50%\">4,365 m<\/td>\n<\/tr>\n<tr>\n<td valign=\"top\" width=\"50%\">Largura<\/td>\n<td valign=\"top\" width=\"50%\">1,837 m<\/td>\n<\/tr>\n<tr>\n<td valign=\"top\" width=\"50%\">Altura<\/td>\n<td valign=\"top\" width=\"50%\">1,639 m<\/td>\n<\/tr>\n<tr>\n<td valign=\"top\" width=\"50%\">Entre-eixos<\/td>\n<td valign=\"top\" width=\"50%\">2,613 m<\/td>\n<\/tr>\n<tr>\n<td valign=\"top\" width=\"50%\">Bitola dianteira<\/td>\n<td valign=\"top\" width=\"50%\">1,53 m<\/td>\n<\/tr>\n<tr>\n<td valign=\"top\" width=\"50%\">Bitola traseira<\/td>\n<td valign=\"top\" width=\"50%\">1,525 m<\/td>\n<\/tr>\n<tr>\n<td valign=\"top\" width=\"50%\">Coeficiente aerodin\u00e2mico (Cx)<\/td>\n<td valign=\"top\" width=\"50%\">0,296<\/td>\n<\/tr>\n<tr>\n<td style=\"background-color: #ffffff;\" colspan=\"2\" valign=\"top\" width=\"50%\">Capacidades e peso<\/td>\n<\/tr>\n<tr>\n<td valign=\"top\" width=\"50%\">Tanque de combust\u00edvel<\/td>\n<td valign=\"top\" width=\"50%\">60 l<\/td>\n<\/tr>\n<tr>\n<td valign=\"top\" width=\"50%\">Compartimento de bagagem<\/td>\n<td valign=\"top\" width=\"50%\">432 l<\/td>\n<\/tr>\n<tr>\n<td valign=\"top\" width=\"50%\">Peso em ordem de marcha<\/td>\n<td valign=\"top\" width=\"50%\">1.480 kg<\/td>\n<\/tr>\n<tr>\n<td valign=\"top\" width=\"50%\">Rela\u00e7\u00e3o peso-pot\u00eancia<\/td>\n<td valign=\"top\" width=\"50%\">9,0 kg\/cv<\/td>\n<\/tr>\n<tr>\n<td style=\"background-color: #ffffff;\" colspan=\"2\" valign=\"top\" width=\"50%\">Desempenho<\/td>\n<\/tr>\n<tr>\n<td valign=\"top\">Velocidade m\u00e1xima<\/td>\n<td valign=\"top\">202 km\/h<\/td>\n<\/tr>\n<tr>\n<td valign=\"top\">Acelera\u00e7\u00e3o de 0 a 100 km\/h<\/td>\n<td valign=\"top\">9,5 s<\/td>\n<\/tr>\n<tr>\n<td style=\"background-color: #ffffff;\" colspan=\"2\" valign=\"top\" width=\"50%\">Garantia<\/td>\n<\/tr>\n<tr>\n<td valign=\"top\" width=\"50%\">Prazo<\/td>\n<td valign=\"top\" width=\"50%\">3 anos sem limite de quilometragem<\/td>\n<\/tr>\n<tr>\n<td style=\"background-color: #ffffff;\" colspan=\"2\" valign=\"top\" width=\"50%\">Carro avaliado<\/td>\n<\/tr>\n<tr>\n<td valign=\"top\" width=\"50%\">Ano-modelo<\/td>\n<td valign=\"top\" width=\"50%\">2014<\/td>\n<\/tr>\n<tr>\n<td valign=\"top\" width=\"50%\">Pneus<\/td>\n<td valign=\"top\" width=\"50%\">Michelin Primacy HP<\/td>\n<\/tr>\n<tr>\n<td valign=\"top\" width=\"50%\">Quilometragem inicial<\/td>\n<td valign=\"top\" width=\"50%\">3.000 km<\/td>\n<\/tr>\n<tr>\n<td colspan=\"2\" valign=\"top\" width=\"50%\">Dados do fabricante; consumo n\u00e3o dispon\u00edvel<\/td>\n<\/tr>\n<\/tbody>\n<\/table><\/div><\/div>\n<table border=\"0\">\n<tbody>\n<tr>\n<td><a href='https:\/\/autolivraria.com.br\/bc\/informe-se\/avaliacao\/teste-peugeot-3008-propoe-espaco-com-bom-custo-beneficio\/' class='small-button smallsilver'>Atualiza\u00e7\u00e3o anterior<\/a><\/td>\n<\/tr>\n<\/tbody>\n<\/table>\n<p>&nbsp;<\/p>\n<p>&nbsp;<\/p>\n","protected":false},"excerpt":{"rendered":"<p>Em sua segunda semana de avalia\u00e7\u00e3o, o julgamento pelo ponto de vista feminino e as medi\u00e7\u00f5es de desempenho do motor THP <\/p>\n","protected":false},"author":6,"featured_media":46627,"comment_status":"open","ping_status":"closed","sticky":false,"template":"","format":"standard","meta":{"_joinchat":[],"footnotes":""},"categories":[37],"tags":[1108,80,307,69,575,96],"class_list":["post-46605","post","type-post","status-publish","format-standard","has-post-thumbnail","hentry","category-um-mes","tag-1108","tag-avaliacao-2","tag-minivan","tag-peugeot","tag-turbo","tag-um-mes-ao-volante"],"amp_enabled":true,"_links":{"self":[{"href":"https:\/\/autolivraria.com.br\/bc\/wp-json\/wp\/v2\/posts\/46605","targetHints":{"allow":["GET"]}}],"collection":[{"href":"https:\/\/autolivraria.com.br\/bc\/wp-json\/wp\/v2\/posts"}],"about":[{"href":"https:\/\/autolivraria.com.br\/bc\/wp-json\/wp\/v2\/types\/post"}],"author":[{"embeddable":true,"href":"https:\/\/autolivraria.com.br\/bc\/wp-json\/wp\/v2\/users\/6"}],"replies":[{"embeddable":true,"href":"https:\/\/autolivraria.com.br\/bc\/wp-json\/wp\/v2\/comments?post=46605"}],"version-history":[{"count":0,"href":"https:\/\/autolivraria.com.br\/bc\/wp-json\/wp\/v2\/posts\/46605\/revisions"}],"wp:featuredmedia":[{"embeddable":true,"href":"https:\/\/autolivraria.com.br\/bc\/wp-json\/wp\/v2\/media\/46627"}],"wp:attachment":[{"href":"https:\/\/autolivraria.com.br\/bc\/wp-json\/wp\/v2\/media?parent=46605"}],"wp:term":[{"taxonomy":"category","embeddable":true,"href":"https:\/\/autolivraria.com.br\/bc\/wp-json\/wp\/v2\/categories?post=46605"},{"taxonomy":"post_tag","embeddable":true,"href":"https:\/\/autolivraria.com.br\/bc\/wp-json\/wp\/v2\/tags?post=46605"}],"curies":[{"name":"wp","href":"https:\/\/api.w.org\/{rel}","templated":true}]}}