{"id":46937,"date":"2014-07-15T17:39:56","date_gmt":"2014-07-15T20:39:56","guid":{"rendered":"http:\/\/bestcars.uol.com.br\/bc\/?p=46937"},"modified":"2014-07-22T15:41:48","modified_gmt":"2014-07-22T18:41:48","slug":"teste-peugeot-3008-propoe-espaco-e-bom-custo-beneficio-3","status":"publish","type":"post","link":"https:\/\/autolivraria.com.br\/bc\/informe-se\/um-mes\/teste-peugeot-3008-propoe-espaco-e-bom-custo-beneficio-3\/","title":{"rendered":"Peugeot 3008 prop\u00f5e espa\u00e7o e bom custo-benef\u00edcio (3)"},"content":{"rendered":"<p><a href=\"https:\/\/autolivraria.com.br\/bc\/wp-content\/uploads\/2014\/07\/Peugeot-3008-Griffe-31.jpg\"><img fetchpriority=\"high\" decoding=\"async\" class=\"aligncenter size-medium wp-image-46939\" src=\"https:\/\/autolivraria.com.br\/bc\/wp-content\/uploads\/2014\/07\/Peugeot-3008-Griffe-31-560x373.jpg\" alt=\"Peugeot 3008 Griffe\" width=\"560\" height=\"373\" srcset=\"https:\/\/autolivraria.com.br\/bc\/wp-content\/uploads\/2014\/07\/Peugeot-3008-Griffe-31-560x373.jpg 560w, https:\/\/autolivraria.com.br\/bc\/wp-content\/uploads\/2014\/07\/Peugeot-3008-Griffe-31-470x313.jpg 470w, https:\/\/autolivraria.com.br\/bc\/wp-content\/uploads\/2014\/07\/Peugeot-3008-Griffe-31-270x179.jpg 270w, https:\/\/autolivraria.com.br\/bc\/wp-content\/uploads\/2014\/07\/Peugeot-3008-Griffe-31-168x111.jpg 168w, https:\/\/autolivraria.com.br\/bc\/wp-content\/uploads\/2014\/07\/Peugeot-3008-Griffe-31.jpg 1280w\" sizes=\"(max-width: 560px) 100vw, 560px\" \/><\/a><\/p>\n<p>&nbsp;<\/p>\n<h2>Em teste de 30 dias, modelo sobe a serra nas m\u00e3os de dois motoristas\u00a0e<br \/>\nrevela se\u00a0desempenho e conforto est\u00e3o \u00e0 altura das expectativas<\/h2>\n<h6><em>Texto e fotos: Fabr\u00edcio Samah\u00e1<\/em><\/h6>\n<p>&nbsp;<\/p>\n<p><a href=\"https:\/\/autolivraria.com.br\/bc\/category\/informe-se\/um-mes\/\"><img decoding=\"async\" class=\"alignleft lazyload\" data-src=\"https:\/\/autolivraria.com.br\/bc\/wp-content\/uploads\/2014\/01\/Um-Mes-ao-Volante.png\" alt=\"Um Mes ao Volante\" width=\"120\" height=\"120\" src=\"data:image\/svg+xml;base64,PHN2ZyB3aWR0aD0iMSIgaGVpZ2h0PSIxIiB4bWxucz0iaHR0cDovL3d3dy53My5vcmcvMjAwMC9zdmciPjwvc3ZnPg==\" style=\"--smush-placeholder-width: 120px; --smush-placeholder-aspect-ratio: 120\/120;\" \/><\/a><\/p>\n<p>Subir a serra da Rodovia SP-123 Floriano Rodrigues Pinheiro (ou &#8220;Rodrigu\u00eas&#8221;, como algum desavisado grafou em v\u00e1rias placas na recente reforma&#8230;), que leva \u00e0 est\u00e2ncia tur\u00edstica de Campos do Jord\u00e3o, SP, \u00e9 um trajeto que muitos paulistas fazem na temporada de inverno e, em especial, no m\u00eas de julho. Pois foi esse percurso que a Peugeot 3008 Griffe de <em>Um M\u00eas ao Volante<\/em> cumpriu duas vezes na \u00faltima semana \u2014 a terceira de seu per\u00edodo conosco \u2014, nas m\u00e3os de dois motoristas da equipe da se\u00e7\u00e3o.<\/p>\n<p>Este editor, que foi a Campos para um evento da Hyundai Caoa (<a title=\"Hyundai: ao volante de Elantra, IX35 e do novo Santa Fe\" href=\"https:\/\/autolivraria.com.br\/bc\/informe-se\/avaliacao\/teste-hyundai-ao-volante-de-elantra-ix35-e-do-novo-santa-fe\/\">leia avalia\u00e7\u00f5es<\/a>), j\u00e1 acumula quilometragem razo\u00e1vel ao volante de nossa minivan, mas ainda teve novas \u2014 e boas \u2014 impress\u00f5es a obter. A primeira foi ainda na subida: selecionada a sexta marcha no modo manual da caixa de c\u00e2mbio, o motor turboalimentado empurrou a tonelada e meia do carro com valentia por quase toda a subida de serra, mantendo a faixa de 1.500 a 2.000 rpm. N\u00e3o que houvesse algum impedimento em deixar a caixa em autom\u00e1tico e subir entre quarta e quinta com o motor girando alto, mas foi interessante constatar\u00a0como um carro pesado e com apenas 1,6 litro de cilindrada pode ser t\u00e3o vigoroso em rota\u00e7\u00f5es t\u00e3o baixas, bastando abrir o acelerador e deixar o turbo &#8220;encher&#8221;.<\/p>\n<p>&nbsp;<\/p>\n<div class='one_half'>\n\t\t\t\t\t<a href=\"https:\/\/autolivraria.com.br\/bc\/wp-content\/uploads\/2014\/07\/Peugeot-3008-Griffe-16.jpg\"><img decoding=\"async\" class=\"aligncenter size-meia-largura-post wp-image-46940 lazyload\" data-src=\"https:\/\/autolivraria.com.br\/bc\/wp-content\/uploads\/2014\/07\/Peugeot-3008-Griffe-16-270x337.jpg\" alt=\"Peugeot 3008 Griffe\" width=\"270\" height=\"337\" data-srcset=\"https:\/\/autolivraria.com.br\/bc\/wp-content\/uploads\/2014\/07\/Peugeot-3008-Griffe-16-270x337.jpg 270w, https:\/\/autolivraria.com.br\/bc\/wp-content\/uploads\/2014\/07\/Peugeot-3008-Griffe-16-560x700.jpg 560w, https:\/\/autolivraria.com.br\/bc\/wp-content\/uploads\/2014\/07\/Peugeot-3008-Griffe-16-470x587.jpg 470w, https:\/\/autolivraria.com.br\/bc\/wp-content\/uploads\/2014\/07\/Peugeot-3008-Griffe-16-168x210.jpg 168w, https:\/\/autolivraria.com.br\/bc\/wp-content\/uploads\/2014\/07\/Peugeot-3008-Griffe-16.jpg 640w\" data-sizes=\"(max-width: 270px) 100vw, 270px\" src=\"data:image\/svg+xml;base64,PHN2ZyB3aWR0aD0iMSIgaGVpZ2h0PSIxIiB4bWxucz0iaHR0cDovL3d3dy53My5vcmcvMjAwMC9zdmciPjwvc3ZnPg==\" style=\"--smush-placeholder-width: 270px; --smush-placeholder-aspect-ratio: 270\/337;\" \/><\/a>\n\t\t\t\t<\/div>\n<div class='one_half last'>\n\t\t\t\t\t<a href=\"https:\/\/autolivraria.com.br\/bc\/wp-content\/uploads\/2014\/07\/Peugeot-3008-Griffe-15.jpg\"><img decoding=\"async\" class=\"aligncenter size-meia-largura-post wp-image-46941 lazyload\" data-src=\"https:\/\/autolivraria.com.br\/bc\/wp-content\/uploads\/2014\/07\/Peugeot-3008-Griffe-15-270x337.jpg\" alt=\"Peugeot 3008 Griffe\" width=\"270\" height=\"337\" data-srcset=\"https:\/\/autolivraria.com.br\/bc\/wp-content\/uploads\/2014\/07\/Peugeot-3008-Griffe-15-270x337.jpg 270w, https:\/\/autolivraria.com.br\/bc\/wp-content\/uploads\/2014\/07\/Peugeot-3008-Griffe-15-560x700.jpg 560w, https:\/\/autolivraria.com.br\/bc\/wp-content\/uploads\/2014\/07\/Peugeot-3008-Griffe-15-470x587.jpg 470w, https:\/\/autolivraria.com.br\/bc\/wp-content\/uploads\/2014\/07\/Peugeot-3008-Griffe-15-168x210.jpg 168w, https:\/\/autolivraria.com.br\/bc\/wp-content\/uploads\/2014\/07\/Peugeot-3008-Griffe-15.jpg 640w\" data-sizes=\"(max-width: 270px) 100vw, 270px\" src=\"data:image\/svg+xml;base64,PHN2ZyB3aWR0aD0iMSIgaGVpZ2h0PSIxIiB4bWxucz0iaHR0cDovL3d3dy53My5vcmcvMjAwMC9zdmciPjwvc3ZnPg==\" style=\"--smush-placeholder-width: 270px; --smush-placeholder-aspect-ratio: 270\/337;\" \/><\/a>\n\t\t\t\t<\/div><div class='clear'><\/div>\n<h6 style=\"text-align: center;\"><em>\u00a0<\/em><br \/>\n<em>Na \u00faltima semana a 3008 foi duas vezes a Campos do Jord\u00e3o, SP, com o editor<\/em><br \/>\n<em>Fabr\u00edcio e o colaborador Vitor, que destacaram alguns pontos em comum<\/em><\/h6>\n<p>&nbsp;<\/p>\n<p>Como se sabe, al\u00e9m de expandir\u00a0o ponto m\u00e1ximo de torque para uma ampla faixa (entre 1.400 e 4.000 rpm), a turboalimenta\u00e7\u00e3o conforme definida pela Peugeot oferece outro benef\u00edcio ao motor THP: a perda de pot\u00eancia pela menor press\u00e3o atmosf\u00e9rica \u00e9 bem menor que em uma unidade de aspira\u00e7\u00e3o natural. O motor aspirado perde algo como 1% de pot\u00eancia a cada 100 metros de altitude, o que deixaria 165 cv como se fossem menos de 140 cv no topo da serra, 1.600 metros acima do n\u00edvel do mar. Com turbo a altitude afeta apenas a press\u00e3o atmosf\u00e9rica, que \u00e9 somada \u00e0 sobrepress\u00e3o do sistema, mantida em qualquer altitude e que tem valor m\u00e1ximo de 1 bar no caso do THP. Assim, quanto mais alto se estiver, maior a vantagem da turboalimenta\u00e7\u00e3o sobre a aspira\u00e7\u00e3o natural.<\/p>\n<p>&nbsp;<\/p>\n<blockquote><p>&#8220;Que show \u00e9 esse THP! Tem disposi\u00e7\u00e3o de<br \/>\nsobra\u00a0e respostas sempre r\u00e1pidas. Nada da\u00a0lentid\u00e3o<br \/>\ndos\u00a0turbos antigos&#8221;, destaca o colaborador<\/p><\/blockquote>\n<p>&nbsp;<\/p>\n<p>Tanto rumo a Campos quanto no trajeto de descida a 3008 revelou grande estabilidade, a ponto de transmitir uma confian\u00e7a habitual em bons autom\u00f3veis \u2014 n\u00e3o em utilit\u00e1rios esporte ou minivans, categorias das quais ela combina elementos. Na volta \u00e0 sede do <strong>Best Cars<\/strong> em Pindamonhangaba, SP, outra satisfa\u00e7\u00e3o: a calibra\u00e7\u00e3o da caixa \u00e9 perfeita para tal condi\u00e7\u00e3o, como se lesse pensamentos. O modo autom\u00e1tico normal \u00e9 suficiente para que, ao deixar de acelerar em declive, o motor mantenha rota\u00e7\u00e3o ideal para obter freio-motor e minimizar o uso de freios em diferentes faixas de velocidade. Nem \u00e9 preciso acionar o programa esportivo ou passar \u00e0 sele\u00e7\u00e3o manual.<\/p>\n<p>O que n\u00e3o agradou? O navegador da Peugeot merece ser reprojetado quanto \u00e0 inser\u00e7\u00e3o de destinos, pois girar e apertar um bot\u00e3o letra por letra \u00e9 muito mais trabalhoso do que usar uma tela sens\u00edvel ao toque. O sistema da 3008 tamb\u00e9m n\u00e3o opera em portugu\u00eas brasileiro como o de outros modelos do grupo: prefere sugerir &#8220;virar na pr\u00f3xima rotunda&#8221;, como se diz al\u00e9m-mar. Outro ponto: a tampa traseira dividida (parte aberta para cima, parte para baixo) n\u00e3o parece a melhor solu\u00e7\u00e3o quando se retiram cargas pesadas. Com a se\u00e7\u00e3o inferior fechada a base de acesso fica muito alta; com ela aberta, a carga fica mais distante e o usu\u00e1rio pode ser obrigado a uma posi\u00e7\u00e3o exigente \u00e0 coluna. Uma tampa \u00fanica, como habitual em minivans, resolveria o assunto.<\/p>\n<p>&nbsp;<\/p>\n<p><a href=\"https:\/\/autolivraria.com.br\/bc\/wp-content\/uploads\/2014\/07\/Peugeot-3008-Griffe-29.jpg\"><img decoding=\"async\" class=\"aligncenter size-medium wp-image-46942 lazyload\" data-src=\"https:\/\/autolivraria.com.br\/bc\/wp-content\/uploads\/2014\/07\/Peugeot-3008-Griffe-29-560x373.jpg\" alt=\"Peugeot 3008 Griffe\" width=\"560\" height=\"373\" data-srcset=\"https:\/\/autolivraria.com.br\/bc\/wp-content\/uploads\/2014\/07\/Peugeot-3008-Griffe-29-560x373.jpg 560w, https:\/\/autolivraria.com.br\/bc\/wp-content\/uploads\/2014\/07\/Peugeot-3008-Griffe-29-470x313.jpg 470w, https:\/\/autolivraria.com.br\/bc\/wp-content\/uploads\/2014\/07\/Peugeot-3008-Griffe-29-270x179.jpg 270w, https:\/\/autolivraria.com.br\/bc\/wp-content\/uploads\/2014\/07\/Peugeot-3008-Griffe-29-168x111.jpg 168w, https:\/\/autolivraria.com.br\/bc\/wp-content\/uploads\/2014\/07\/Peugeot-3008-Griffe-29.jpg 1280w\" data-sizes=\"(max-width: 560px) 100vw, 560px\" src=\"data:image\/svg+xml;base64,PHN2ZyB3aWR0aD0iMSIgaGVpZ2h0PSIxIiB4bWxucz0iaHR0cDovL3d3dy53My5vcmcvMjAwMC9zdmciPjwvc3ZnPg==\" style=\"--smush-placeholder-width: 560px; --smush-placeholder-aspect-ratio: 560\/373;\" \/><\/a><\/p>\n<h6 style=\"text-align: center;\"><em>\u00a0<\/em><br \/>\n<em>O desempenho do motor turbo de 165 cv tem sido elogiado: 1.500 a 2.000\u00a0<\/em><em>rpm\u00a0em<br \/>\nsexta marcha foram o bastante para vencer praticamente toda a\u00a0subida<\/em><\/h6>\n<p>&nbsp;<\/p>\n<h2>De volta \u00e0 serra, com fam\u00edlia<\/h2>\n<p>Das m\u00e3os do editor a 3008 passou \u00e0s de Vitor Freitas, empres\u00e1rio que colaborou nos testes anteriores de <a title=\"C3 Exclusive: pacote completo, embalagem compacta (fim)\" href=\"https:\/\/autolivraria.com.br\/bc\/informe-se\/um-mes\/c3-exclusive-pacote-completo-embalagem-compacta-fim\/\">Citro\u00ebn C3<\/a> e <a title=\"C4 Lounge: o novo Citro\u00ebn em an\u00e1lise prolongada (fim)\" href=\"https:\/\/autolivraria.com.br\/bc\/informe-se\/um-mes\/teste-c4-lounge-o-novo-citroen-em-analise-prolongada-fim\/\">C4 Lounge<\/a>, <a title=\"Fiat Bravo prop\u00f5e esportividade que n\u00e3o d\u00f3i no bolso (2)\" href=\"https:\/\/autolivraria.com.br\/bc\/informe-se\/um-mes\/avaliacao-fiat-bravo-sporting-propoe-esportividade-que-nao-doi-no-bolso-2\/\">Fiat Bravo<\/a>,\u00a0<a title=\"Nissan Sentra: bons atributos por um lugar ao sol (2)\" href=\"https:\/\/autolivraria.com.br\/bc\/informe-se\/um-mes\/teste-nissan-sentra-bons-atributos-por-um-lugar-ao-sol-2\/\">Nissan Sentra<\/a>\u00a0e <a title=\"VW Golf Highline: em plena sintonia com a Europa (3)\" href=\"https:\/\/autolivraria.com.br\/bc\/informe-se\/um-mes\/teste-vw-golf-highline-em-plena-sintonia-com-a-europa-3\/\">VW Golf<\/a>. O motorista seguiu \u00e0 mesma Campos, s\u00f3 que em passeio com a mulher e os dois filhos, curtindo o sol de inverno pelo amplo teto envidra\u00e7ado com uma m\u00fasica agrad\u00e1vel no bom sistema de \u00e1udio. O que ele constatou?<\/p>\n<p>&nbsp;<\/p>\n<div class='code-block code-block-7' style='margin: 28px auto; text-align: center; display: block; clear: both;'>\n<script async src=\"https:\/\/pagead2.googlesyndication.com\/pagead\/js\/adsbygoogle.js\"><\/script>\n<!-- AL-quadrado -->\n<ins class=\"adsbygoogle\"\n     style=\"display:block\"\n     data-ad-client=\"ca-pub-1914799802606213\"\n     data-ad-slot=\"5683066082\"\n     data-ad-format=\"auto\"\n     data-full-width-responsive=\"true\"><\/ins>\n<script>\n     (adsbygoogle = window.adsbygoogle || []).push({});\n<\/script><\/div>\n\n<p>&nbsp;<\/p>\n<p>Vitor n\u00e3o se diz admirador do estilo do carro: &#8220;Fica num meio-termo entre as minivans e os utilit\u00e1rios, um pouco indefinido entre as categorias. Mas ficou bem melhor com a nova frente: a anterior era estranha a ponto de desestimular a compra&#8221;. Com o interior, a opini\u00e3o \u00e9 outra: &#8220;Gostei do acabamento, do desenho em geral, do espa\u00e7o e da praticidade. Tem muitos porta-objetos, um grande espa\u00e7o no console central, comandos bem \u00e0 m\u00e3o. N\u00e3o me incomoda a falta de couro na parte central dos bancos, pois o conjunto tem bom aspecto. O teto envidra\u00e7ado \u00e9 bastante agrad\u00e1vel e, ao contr\u00e1rio do Golf, quando fechamos o forro o sol fica de fora&#8221;.<\/p>\n<p>Alguns recursos da 3008 cativaram Vitor em especial: &#8220;\u00d3tima ideia a tela com proje\u00e7\u00e3o de velocidade na linha de vis\u00e3o. Facilita muito control\u00e1-la sem precisar desviar a aten\u00e7\u00e3o. O limitador de velocidade \u00e9 algo que todo carro deveria ter, pois evita multas por distra\u00e7\u00e3o. Pontos tamb\u00e9m para o ar-condicionado com duas zonas, o limpador de para-brisa autom\u00e1tico e os alertas para uso de cinto, que monitoram at\u00e9 os tr\u00eas lugares traseiros&#8221;.<\/p>\n<p>&nbsp;<\/p>\n<p><a href=\"https:\/\/autolivraria.com.br\/bc\/wp-content\/uploads\/2014\/07\/Peugeot-3008-Griffe-int1.jpg\"><img decoding=\"async\" class=\"aligncenter size-medium wp-image-46943 lazyload\" data-src=\"https:\/\/autolivraria.com.br\/bc\/wp-content\/uploads\/2014\/07\/Peugeot-3008-Griffe-int1-560x373.jpg\" alt=\"Peugeot 3008 Griffe\" width=\"560\" height=\"373\" data-srcset=\"https:\/\/autolivraria.com.br\/bc\/wp-content\/uploads\/2014\/07\/Peugeot-3008-Griffe-int1-560x373.jpg 560w, https:\/\/autolivraria.com.br\/bc\/wp-content\/uploads\/2014\/07\/Peugeot-3008-Griffe-int1-470x313.jpg 470w, https:\/\/autolivraria.com.br\/bc\/wp-content\/uploads\/2014\/07\/Peugeot-3008-Griffe-int1-270x179.jpg 270w, https:\/\/autolivraria.com.br\/bc\/wp-content\/uploads\/2014\/07\/Peugeot-3008-Griffe-int1-168x111.jpg 168w, https:\/\/autolivraria.com.br\/bc\/wp-content\/uploads\/2014\/07\/Peugeot-3008-Griffe-int1.jpg 1280w\" data-sizes=\"(max-width: 560px) 100vw, 560px\" src=\"data:image\/svg+xml;base64,PHN2ZyB3aWR0aD0iMSIgaGVpZ2h0PSIxIiB4bWxucz0iaHR0cDovL3d3dy53My5vcmcvMjAwMC9zdmciPjwvc3ZnPg==\" style=\"--smush-placeholder-width: 560px; --smush-placeholder-aspect-ratio: 560\/373;\" \/><\/a><\/p>\n<h6 style=\"text-align: center;\"><em>\u00a0<\/em><br \/>\n<em>Para Vitor, espa\u00e7o, acabamento e conte\u00fado de s\u00e9rie s\u00e3o pontos positivos desse<\/em><br \/>\n<em>Peugeot; porta-malas e a falta de alguns equipamentos\u00a0mereceram cr\u00edticas<\/em><\/h6>\n<p>&nbsp;<\/p>\n<p>O\u00a0colaborador apontou pontos melhor\u00e1veis: &#8220;Esperava que um carro de R$ 100 mil tivesse retrovisor interno <a href=\"https:\/\/autolivraria.com.br\/bc\/glossario-r\/#retr\">fotocr\u00f4mico<\/a>, chave presencial para acesso e partida e c\u00e2mera de r\u00e9, embora tenha <a href=\"https:\/\/autolivraria.com.br\/bc\/glossario-s\/#esta\">sensores de estacionamento<\/a> atr\u00e1s. A faixa degrad\u00ea no para-brisa faz falta porque o vidro \u00e9 muito amplo, expondo os ocupantes da frente a grande incid\u00eancia de sol. E acho o porta-malas pequeno para um carro familiar, apesar de bem aproveit\u00e1vel&#8221;.<\/p>\n<p>Um tema a que Vitor n\u00e3o faz restri\u00e7\u00f5es \u00e9 o conjunto motor-c\u00e2mbio. &#8220;Que show \u00e9 esse THP! Tem disposi\u00e7\u00e3o de sobra e as respostas s\u00e3o sempre r\u00e1pidas. Nada daquela lentid\u00e3o dos motores turbos antigos, como alguns que dirigi nos anos 90. Pessoas que n\u00e3o conheciam o carro ficaram surpresas, pois em geral no Brasil se usam motores 2.0 com pouco torque em baixa em utilit\u00e1rios\u00a0e minivans dessa faixa de pre\u00e7o. O c\u00e2mbio tamb\u00e9m impressiona muito bem&#8221;, destacou.<\/p>\n<table border=\"0\">\n<tbody>\n<tr>\n<td><a href='https:\/\/autolivraria.com.br\/bc\/informe-se\/avaliacao\/teste-peugeot-3008-propoe-espaco-e-bom-custo-beneficio-3\/2\/' class='small-button smallsilver'>Pr\u00f3xima parte<\/a><\/td>\n<\/tr>\n<\/tbody>\n<\/table>\n<p>&nbsp;<\/p>\n<p>&nbsp;<\/p>\n<p><!--nextpage--><\/p>\n<p><a href=\"https:\/\/autolivraria.com.br\/bc\/wp-content\/uploads\/2014\/07\/Peugeot-3008-Griffe-28.jpg\"><img decoding=\"async\" class=\"aligncenter size-medium wp-image-46944 lazyload\" data-src=\"https:\/\/autolivraria.com.br\/bc\/wp-content\/uploads\/2014\/07\/Peugeot-3008-Griffe-28-560x373.jpg\" alt=\"Peugeot 3008 Griffe\" width=\"560\" height=\"373\" data-srcset=\"https:\/\/autolivraria.com.br\/bc\/wp-content\/uploads\/2014\/07\/Peugeot-3008-Griffe-28-560x373.jpg 560w, https:\/\/autolivraria.com.br\/bc\/wp-content\/uploads\/2014\/07\/Peugeot-3008-Griffe-28-470x313.jpg 470w, https:\/\/autolivraria.com.br\/bc\/wp-content\/uploads\/2014\/07\/Peugeot-3008-Griffe-28-270x179.jpg 270w, https:\/\/autolivraria.com.br\/bc\/wp-content\/uploads\/2014\/07\/Peugeot-3008-Griffe-28-168x111.jpg 168w, https:\/\/autolivraria.com.br\/bc\/wp-content\/uploads\/2014\/07\/Peugeot-3008-Griffe-28.jpg 1280w\" data-sizes=\"(max-width: 560px) 100vw, 560px\" src=\"data:image\/svg+xml;base64,PHN2ZyB3aWR0aD0iMSIgaGVpZ2h0PSIxIiB4bWxucz0iaHR0cDovL3d3dy53My5vcmcvMjAwMC9zdmciPjwvc3ZnPg==\" style=\"--smush-placeholder-width: 560px; --smush-placeholder-aspect-ratio: 560\/373;\" \/><\/a><\/p>\n<h6 style=\"text-align: center;\"><span style=\"color: #ff0000;\"><em>\u00a0<\/em><\/span><br \/>\n<em>Aos dois ter\u00e7os do per\u00edodo de avalia\u00e7\u00e3o, a 3008 acumula quase 1.500 km rodados\u00a0<\/em><br \/>\n<em>com\u00a0a equipe, mas uma longa viagem logo\u00a0ampliar\u00e1 em muito esse valor<\/em><\/h6>\n<p>&nbsp;<\/p>\n<p>Embora n\u00e3o tenha explorado toda a estabilidade da Peugeot na viagem, o colaborador sentiu seguran\u00e7a: &#8220;Gostei do acerto da suspens\u00e3o, firme nas curvas, mas confort\u00e1vel. Fa\u00e7o ressalva apenas \u00e0 passagem em trechos esburacados, onde faz ru\u00eddos que a f\u00e1brica deveria evitar. O carro tem bons freios, baixo n\u00edvel de ru\u00eddo geral e um bom pacote de seguran\u00e7a, com destaque para o <a href=\"https:\/\/autolivraria.com.br\/bc\/glossario-c\/#esp\">controle eletr\u00f4nico de estabilidade<\/a>,\u00a0que v\u00e1rias marcas lamentavelmente deixam de fora em carros de mais de R$ 90 mil&#8221;.<\/p>\n<p>Diante da predomin\u00e2ncia de elogios, j\u00e1 esper\u00e1vamos a resposta de Vitor \u00e0 pergunta final: se estivesse \u00e0 procura de um carro familiar nessa faixa de pre\u00e7o, compraria uma 3008? &#8220;Com exce\u00e7\u00e3o do visual, que n\u00e3o consegue me conquistar, achei esse carro excelente. \u00c9 espa\u00e7oso, confort\u00e1vel, bem-equipado, anda muito bem e n\u00e3o consome tanto\u00a0combust\u00edvel. Com certeza oferece mais que um <a href=\"https:\/\/autolivraria.com.br\/bc\/tag\/cr-v\">Honda CR-V<\/a>, <a href=\"https:\/\/autolivraria.com.br\/bc\/tag\/rav4\">Toyota RAV4<\/a> ou <a href=\"https:\/\/autolivraria.com.br\/bc\/tag\/ix35\">Hyundai IX35<\/a> de valor semelhante, mesmo n\u00e3o sendo um utilit\u00e1rio de verdade. O\u00a0<a href=\"https:\/\/autolivraria.com.br\/bc\/tag\/freemont\">Fiat Freemont<\/a>\u00a0parece uma alternativa v\u00e1lida, mas \u00e9 muito grande e pesado para meu gosto, al\u00e9m de perder em desempenho. A <a href=\"https:\/\/autolivraria.com.br\/bc\/tag\/c4-picasso\">Citro\u00ebn C4 Picasso<\/a>, que me agrada mais pelo desenho, tem motor e c\u00e2mbio ultrapassados. Portanto, a 3008 est\u00e1 aprovada e recomendada. Sim, eu teria uma&#8221;, concluiu.<\/p>\n<p>Aos 20 dias de avalia\u00e7\u00e3o, nossa Peugeot acumula 1.476\u00a0quil\u00f4metros percorridos, sendo 66% em rodovias, \u00e0 boa m\u00e9dia geral de 10,2 km\/l. Para colocar o hod\u00f4metro para girar mais r\u00e1pido, uma longa viagem est\u00e1 nos planos para esta quarta semana. Saberemos os resultados\u00a0na pr\u00f3xima ter\u00e7a-feira.<\/p>\n<table border=\"0\">\n<tbody>\n<tr>\n<td><a href='https:\/\/autolivraria.com.br\/bc\/informe-se\/avaliacao\/teste-peugeot-3008-propoe-espaco-e-bom-custo-beneficio-2\/' class='small-button smallsilver'>Atualiza\u00e7\u00e3o anterior<\/a><\/td>\n<\/tr>\n<\/tbody>\n<\/table>\n<p>&nbsp;<\/p>\n<div class='et-box et-shadow'>\n\t\t\t\t\t<div class='et-box-content'><h2>\u00daltimo per\u00edodo<\/h2>\n<table id=\"table6087\" style=\"width: 100%;\" border=\"0\" cellspacing=\"0\" cellpadding=\"3\">\n<tbody>\n<tr>\n<td align=\"center\" width=\"50%\">\n<h2>7 dias<\/h2>\n<\/td>\n<td align=\"center\" width=\"50%\">\n<h2>418 km<\/h2>\n<\/td>\n<\/tr>\n<tr>\n<td width=\"50%\">Dist\u00e2ncia em cidade<\/td>\n<td align=\"left\">114 km<\/td>\n<\/tr>\n<tr>\n<td width=\"50%\">Dist\u00e2ncia em rodovia<\/td>\n<td align=\"left\">304 km<\/td>\n<\/tr>\n<tr>\n<td width=\"50%\">Tempo ao volante<\/td>\n<td align=\"left\">11h 23min<\/td>\n<\/tr>\n<tr>\n<td width=\"50%\">Velocidade m\u00e9dia<\/td>\n<td align=\"left\">37 km\/h<\/td>\n<\/tr>\n<tr>\n<td width=\"50%\">Consumo m\u00e9dio (gasolina)<\/td>\n<td align=\"left\">10,5 km\/l<\/td>\n<\/tr>\n<tr>\n<td width=\"50%\">Melhor marca m\u00e9dia<\/td>\n<td align=\"left\">13,3 km\/l<\/td>\n<\/tr>\n<tr>\n<td width=\"50%\">Pior marca m\u00e9dia<\/td>\n<td align=\"left\">8,7 km\/l<\/td>\n<\/tr>\n<tr>\n<td colspan=\"2\" width=\"100%\">Indica\u00e7\u00f5es do computador de bordo<\/td>\n<\/tr>\n<\/tbody>\n<\/table><\/div><\/div>\n<p>&nbsp;<\/p>\n<div class='et-box et-shadow'>\n\t\t\t\t\t<div class='et-box-content'><h2>Desde o in\u00edcio<\/h2>\n<table id=\"table6087\" style=\"width: 100%;\" border=\"0\" cellspacing=\"0\" cellpadding=\"3\">\n<tbody>\n<tr>\n<td align=\"center\" width=\"50%\">\n<h2>20 dias<\/h2>\n<\/td>\n<td align=\"center\" width=\"50%\">\n<h2>1.476 km<\/h2>\n<\/td>\n<\/tr>\n<tr>\n<td width=\"50%\">Dist\u00e2ncia em cidade<\/td>\n<td align=\"left\">503 km<\/td>\n<\/tr>\n<tr>\n<td width=\"50%\">Dist\u00e2ncia em rodovia<\/td>\n<td align=\"left\">973 km<\/td>\n<\/tr>\n<tr>\n<td width=\"50%\">Tempo ao volante<\/td>\n<td align=\"left\">35h 36min<\/td>\n<\/tr>\n<tr>\n<td width=\"50%\">Velocidade m\u00e9dia<\/td>\n<td align=\"left\">41 km\/h<\/td>\n<\/tr>\n<tr>\n<td width=\"50%\">Consumo m\u00e9dio (gasolina)<\/td>\n<td align=\"left\">10,2 km\/l<\/td>\n<\/tr>\n<tr>\n<td width=\"50%\">Melhor marca m\u00e9dia<\/td>\n<td align=\"left\">13,3 km\/l<\/td>\n<\/tr>\n<tr>\n<td width=\"50%\">Pior marca m\u00e9dia<\/td>\n<td align=\"left\">6,8 km\/l<\/td>\n<\/tr>\n<tr>\n<td colspan=\"2\" width=\"100%\">Indica\u00e7\u00f5es do computador de bordo<\/td>\n<\/tr>\n<\/tbody>\n<\/table><\/div><\/div>\n<p>&nbsp;<\/p>\n<div class='code-block code-block-7' style='margin: 28px auto; text-align: center; display: block; clear: both;'>\n<br>\n<div align=\"center\">\n<a target=\"_blank\" href=\"https:\/\/bestcars.com.br\/bc\/\">\n<img decoding=\"async\" data-src=\"https:\/\/bestcars.com.br\/bc\/wp-content\/uploads\/2021\/07\/Auto-Livraria-450x300-quadros.jpg\" alt=\"Auto Livraria\" src=\"data:image\/svg+xml;base64,PHN2ZyB3aWR0aD0iMSIgaGVpZ2h0PSIxIiB4bWxucz0iaHR0cDovL3d3dy53My5vcmcvMjAwMC9zdmciPjwvc3ZnPg==\" class=\"lazyload\"><\/a>\n<\/div>\n<br><\/div>\n\n<p>&nbsp;<\/p>\n<div class='et-box et-shadow'>\n\t\t\t\t\t<div class='et-box-content'><h2>Medi\u00e7\u00f5es Best Cars<\/h2>\n<table id=\"table6087\" border=\"0\" width=\"100%\" cellspacing=\"0\" cellpadding=\"3\">\n<tbody>\n<tr>\n<td style=\"background-color: #ffffff;\" colspan=\"2\" valign=\"top\">Acelera\u00e7\u00e3o<\/td>\n<\/tr>\n<tr>\n<td style=\"width: 50%;\" valign=\"top\">0 a 80 km\/h<\/td>\n<td style=\"width: 50%;\" valign=\"top\">6,5 s<\/td>\n<\/tr>\n<tr>\n<td style=\"width: 50%;\" valign=\"top\">0 a 100 km\/h<\/td>\n<td style=\"width: 50%;\" valign=\"top\">9,6 s<\/td>\n<\/tr>\n<tr>\n<td style=\"width: 50%;\" valign=\"top\">0 a 120 km\/h<\/td>\n<td style=\"width: 50%;\" valign=\"top\">13,8 s<\/td>\n<\/tr>\n<tr>\n<td style=\"width: 50%;\" valign=\"top\">0 a 400 m<\/td>\n<td style=\"width: 50%;\" valign=\"top\">16,6 s<\/td>\n<\/tr>\n<tr>\n<td style=\"background-color: #ffffff;\" colspan=\"2\" valign=\"top\">Retomada<\/td>\n<\/tr>\n<tr>\n<td style=\"width: 50%;\" valign=\"top\">60 a 100 km\/h*<\/td>\n<td style=\"width: 50%;\" valign=\"top\">5,6 s<\/td>\n<\/tr>\n<tr>\n<td style=\"width: 50%;\" valign=\"top\">60 a 120 km\/h*<\/td>\n<td style=\"width: 50%;\" valign=\"top\">9,3 s<\/td>\n<\/tr>\n<tr>\n<td style=\"width: 50%;\" valign=\"top\">80 a 120 km\/h*<\/td>\n<td style=\"width: 50%;\" valign=\"top\">7,0 s<\/td>\n<\/tr>\n<tr>\n<td style=\"background-color: #ffffff;\" colspan=\"2\" valign=\"top\">Consumo<\/td>\n<\/tr>\n<tr>\n<td colspan=\"2\" valign=\"top\">Testes ainda n\u00e3o efetuados<\/td>\n<\/tr>\n<tr>\n<td colspan=\"2\" valign=\"top\" width=\"100%\">*Com redu\u00e7\u00f5es autom\u00e1ticas; <a title=\"M\u00e9todos de medi\u00e7\u00e3o de desempenho e consumo\" href=\"https:\/\/autolivraria.com.br\/bc\/metodos-de-medicao-de-desempenho-e-consumo\/\" target=\"_blank\">conhe\u00e7a nossos m\u00e9todos de medi\u00e7\u00e3o<\/a><\/td>\n<\/tr>\n<\/tbody>\n<\/table><\/div><\/div>\n<p>&nbsp;<\/p>\n<div class='et-box et-shadow'>\n\t\t\t\t\t<div class='et-box-content'><h2>Pre\u00e7o<\/h2>\n<table id=\"table6088\" style=\"width: 100%;\" border=\"0\" cellspacing=\"0\" cellpadding=\"3\">\n<tbody>\n<tr>\n<td valign=\"top\" width=\"50%\">B\u00e1sico<\/td>\n<td valign=\"top\" width=\"50%\">R$ 99.990<\/td>\n<\/tr>\n<tr>\n<td valign=\"top\" width=\"50%\">Como avaliado<\/td>\n<td valign=\"top\" width=\"50%\">R$ 99.990<\/td>\n<\/tr>\n<tr>\n<td colspan=\"2\" valign=\"top\" width=\"50%\">Pre\u00e7os p\u00fablicos vigentes em 1\/7\/14<\/td>\n<\/tr>\n<\/tbody>\n<\/table><\/div><\/div>\n<p>&nbsp;<\/p>\n<div class='et-box et-shadow'>\n\t\t\t\t\t<div class='et-box-content'><div>\n<h2>Teste do Leitor<\/h2>\n<table style=\"width: 100%;\" border=\"0\" cellspacing=\"0\" cellpadding=\"3\">\n<tbody>\n<tr>\n<td style=\"width: 50%;\" valign=\"top\"><a title=\"Peugeot 3008\" href=\"https:\/\/autolivraria.com.br\/bc\/participe\/opinioes-proprietarios\/teste-do-leitor-peugeot\/peugeot-3008\/\">Opini\u00e3o dos propriet\u00e1rios<\/a><\/td>\n<td style=\"width: 50%;\" valign=\"top\"><a href=\"https:\/\/autolivraria.com.br\/bc\/teste-do-leitor-envie-sua-opiniao\">Envie opini\u00e3o sobre seu carro<\/a><\/td>\n<\/tr>\n<\/tbody>\n<\/table>\n<\/div><\/div><\/div>\n<p>&nbsp;<\/p>\n<div class='et-box et-shadow'>\n\t\t\t\t\t<div class='et-box-content'><h2>Ficha t\u00e9cnica<\/h2>\n<table id=\"table61\" border=\"0\" width=\"100%\" cellspacing=\"0\" cellpadding=\"3\">\n<tbody>\n<tr>\n<td style=\"background-color: #ffffff;\" colspan=\"2\" valign=\"top\" width=\"50%\">Motor<\/td>\n<\/tr>\n<tr>\n<td valign=\"top\" width=\"50%\">Posi\u00e7\u00e3o<\/td>\n<td valign=\"top\" width=\"50%\">transversal<\/td>\n<\/tr>\n<tr>\n<td valign=\"top\" width=\"50%\">Cilindros<\/td>\n<td valign=\"top\" width=\"50%\">4 em linha<\/td>\n<\/tr>\n<tr>\n<td valign=\"top\" width=\"50%\">Material do bloco\/cabe\u00e7ote<\/td>\n<td valign=\"top\" width=\"50%\">alum\u00ednio<\/td>\n<\/tr>\n<tr>\n<td valign=\"top\" width=\"50%\">Comando de v\u00e1lvulas<\/td>\n<td width=\"50%\">duplo no cabe\u00e7ote<\/td>\n<\/tr>\n<tr>\n<td valign=\"top\" width=\"50%\">V\u00e1lvulas por cilindro<\/td>\n<td width=\"50%\">4, varia\u00e7\u00e3o de tempo<\/td>\n<\/tr>\n<tr>\n<td valign=\"top\" width=\"50%\">Di\u00e2metro e curso<\/td>\n<td width=\"50%\">77 x 85,8 mm<\/td>\n<\/tr>\n<tr>\n<td valign=\"top\" width=\"50%\">Cilindrada<\/td>\n<td width=\"50%\">1.598 cm\u00b3<\/td>\n<\/tr>\n<tr>\n<td valign=\"top\" width=\"50%\">Taxa de compress\u00e3o<\/td>\n<td width=\"50%\">10,5:1<\/td>\n<\/tr>\n<tr>\n<td valign=\"top\" width=\"50%\">Alimenta\u00e7\u00e3o<\/td>\n<td width=\"50%\">inje\u00e7\u00e3o direta, turbocompressor, resfriador de ar<\/td>\n<\/tr>\n<tr>\n<td valign=\"top\" width=\"50%\">Pot\u00eancia m\u00e1xima<\/td>\n<td width=\"50%\">165 cv a 6.000 rpm<\/td>\n<\/tr>\n<tr>\n<td valign=\"top\" width=\"50%\">Torque m\u00e1ximo<\/td>\n<td width=\"50%\">24,5 m.kgf de 1.400 a 4.000 rpm<\/td>\n<\/tr>\n<tr>\n<td valign=\"top\" width=\"50%\">Pot\u00eancia espec\u00edfica<\/td>\n<td valign=\"top\" width=\"50%\">103,3 cv\/l<\/td>\n<\/tr>\n<tr>\n<td style=\"background-color: #ffffff;\" colspan=\"2\" valign=\"top\" width=\"50%\">Transmiss\u00e3o<\/td>\n<\/tr>\n<tr>\n<td valign=\"top\" width=\"50%\">Tipo de c\u00e2mbio e marchas<\/td>\n<td valign=\"top\" width=\"50%\">autom\u00e1tico \/ 6<\/td>\n<\/tr>\n<tr>\n<td colspan=\"2\" valign=\"top\" width=\"50%\">Rela\u00e7\u00e3o e velocidade por 1.000 rpm<\/td>\n<\/tr>\n<tr>\n<td valign=\"top\" width=\"50%\">1\u00aa.<\/td>\n<td valign=\"top\" width=\"50%\">4,04 \/ 8 km\/h<\/td>\n<\/tr>\n<tr>\n<td valign=\"top\" width=\"50%\">2\u00aa.<\/td>\n<td valign=\"top\" width=\"50%\">2,37 \/ 14 km\/h<\/td>\n<\/tr>\n<tr>\n<td valign=\"top\" width=\"50%\">3\u00aa.<\/td>\n<td valign=\"top\" width=\"50%\">1,56 \/ 21 km\/h<\/td>\n<\/tr>\n<tr>\n<td valign=\"top\" width=\"50%\">4\u00aa.<\/td>\n<td valign=\"top\" width=\"50%\">1,16 \/ 28 km\/h<\/td>\n<\/tr>\n<tr>\n<td valign=\"top\" width=\"50%\">5\u00aa.<\/td>\n<td valign=\"top\" width=\"50%\">0,85 \/ 38 km\/h<\/td>\n<\/tr>\n<tr>\n<td valign=\"top\" width=\"50%\">6\u00aa.<\/td>\n<td valign=\"top\" width=\"50%\">0,67 \/ 48 km\/h<\/td>\n<\/tr>\n<tr>\n<td valign=\"top\" width=\"50%\">Rela\u00e7\u00e3o de diferencial<\/td>\n<td valign=\"top\" width=\"50%\">3,87<\/td>\n<\/tr>\n<tr>\n<td valign=\"top\" width=\"50%\">Regime a 120 km\/h<\/td>\n<td valign=\"top\" width=\"50%\">2.600 rpm (6\u00aa.)<\/td>\n<\/tr>\n<tr>\n<td valign=\"top\" width=\"50%\">Regime \u00e0 velocidade m\u00e1xima informada<\/td>\n<td valign=\"top\" width=\"50%\">5.500 rpm (5\u00aa.)<\/td>\n<\/tr>\n<tr>\n<td valign=\"top\" width=\"50%\">Tra\u00e7\u00e3o<\/td>\n<td valign=\"top\" width=\"50%\">dianteira<\/td>\n<\/tr>\n<tr>\n<td style=\"background-color: #ffffff;\" colspan=\"2\" valign=\"top\" width=\"50%\">Freios<\/td>\n<\/tr>\n<tr>\n<td valign=\"top\" width=\"50%\">Dianteiros<\/td>\n<td valign=\"top\" width=\"50%\">a disco ventilado (302 mm \u00f8)<\/td>\n<\/tr>\n<tr>\n<td valign=\"top\" width=\"50%\">Traseiros<\/td>\n<td valign=\"top\" width=\"50%\">a disco (268 mm \u00f8)<\/td>\n<\/tr>\n<tr>\n<td valign=\"top\" width=\"50%\">Antitravamento (ABS)<\/td>\n<td valign=\"top\" width=\"50%\">sim<\/td>\n<\/tr>\n<tr>\n<td style=\"background-color: #ffffff;\" colspan=\"2\" valign=\"top\" width=\"50%\">Dire\u00e7\u00e3o<\/td>\n<\/tr>\n<tr>\n<td valign=\"top\" width=\"50%\">Sistema<\/td>\n<td width=\"50%\">pinh\u00e3o e cremalheira<\/td>\n<\/tr>\n<tr>\n<td valign=\"top\" width=\"50%\">Assist\u00eancia<\/td>\n<td width=\"50%\">eletro-hidr\u00e1ulica<\/td>\n<\/tr>\n<tr>\n<td valign=\"top\" width=\"50%\">Di\u00e2metro de giro<\/td>\n<td width=\"50%\">10,9 m<\/td>\n<\/tr>\n<tr>\n<td style=\"background-color: #ffffff;\" colspan=\"2\" valign=\"top\" width=\"50%\">Suspens\u00e3o<\/td>\n<\/tr>\n<tr>\n<td valign=\"top\" width=\"50%\">Dianteira<\/td>\n<td valign=\"top\" width=\"50%\">independente, McPherson, mola helicoidal<\/td>\n<\/tr>\n<tr>\n<td valign=\"top\" width=\"50%\">Traseira<\/td>\n<td valign=\"top\" width=\"50%\">eixo de tor\u00e7\u00e3o, mola helicoidal<\/td>\n<\/tr>\n<tr>\n<td valign=\"top\" width=\"50%\">Estabilizador(es)<\/td>\n<td valign=\"top\" width=\"50%\">dianteiro e traseiro<\/td>\n<\/tr>\n<tr>\n<td style=\"background-color: #ffffff;\" colspan=\"2\" valign=\"top\" width=\"50%\">Rodas<\/td>\n<\/tr>\n<tr>\n<td valign=\"top\" width=\"50%\">Dimens\u00f5es<\/td>\n<td width=\"50%\">7,5 x 17 pol<\/td>\n<\/tr>\n<tr>\n<td valign=\"top\" width=\"50%\">Pneus<\/td>\n<td width=\"50%\">225\/50 R 17<\/td>\n<\/tr>\n<tr>\n<td style=\"background-color: #ffffff;\" colspan=\"2\" valign=\"top\" width=\"50%\">Dimens\u00f5es<\/td>\n<\/tr>\n<tr>\n<td valign=\"top\" width=\"50%\">Comprimento<\/td>\n<td valign=\"top\" width=\"50%\">4,365 m<\/td>\n<\/tr>\n<tr>\n<td valign=\"top\" width=\"50%\">Largura<\/td>\n<td valign=\"top\" width=\"50%\">1,837 m<\/td>\n<\/tr>\n<tr>\n<td valign=\"top\" width=\"50%\">Altura<\/td>\n<td valign=\"top\" width=\"50%\">1,639 m<\/td>\n<\/tr>\n<tr>\n<td valign=\"top\" width=\"50%\">Entre-eixos<\/td>\n<td valign=\"top\" width=\"50%\">2,613 m<\/td>\n<\/tr>\n<tr>\n<td valign=\"top\" width=\"50%\">Bitola dianteira<\/td>\n<td valign=\"top\" width=\"50%\">1,53 m<\/td>\n<\/tr>\n<tr>\n<td valign=\"top\" width=\"50%\">Bitola traseira<\/td>\n<td valign=\"top\" width=\"50%\">1,525 m<\/td>\n<\/tr>\n<tr>\n<td valign=\"top\" width=\"50%\">Coeficiente aerodin\u00e2mico (Cx)<\/td>\n<td valign=\"top\" width=\"50%\">0,296<\/td>\n<\/tr>\n<tr>\n<td style=\"background-color: #ffffff;\" colspan=\"2\" valign=\"top\" width=\"50%\">Capacidades e peso<\/td>\n<\/tr>\n<tr>\n<td valign=\"top\" width=\"50%\">Tanque de combust\u00edvel<\/td>\n<td valign=\"top\" width=\"50%\">60 l<\/td>\n<\/tr>\n<tr>\n<td valign=\"top\" width=\"50%\">Compartimento de bagagem<\/td>\n<td valign=\"top\" width=\"50%\">432 l<\/td>\n<\/tr>\n<tr>\n<td valign=\"top\" width=\"50%\">Peso em ordem de marcha<\/td>\n<td valign=\"top\" width=\"50%\">1.480 kg<\/td>\n<\/tr>\n<tr>\n<td valign=\"top\" width=\"50%\">Rela\u00e7\u00e3o peso-pot\u00eancia<\/td>\n<td valign=\"top\" width=\"50%\">9,0 kg\/cv<\/td>\n<\/tr>\n<tr>\n<td style=\"background-color: #ffffff;\" colspan=\"2\" valign=\"top\" width=\"50%\">Desempenho<\/td>\n<\/tr>\n<tr>\n<td valign=\"top\">Velocidade m\u00e1xima<\/td>\n<td valign=\"top\">202 km\/h<\/td>\n<\/tr>\n<tr>\n<td valign=\"top\">Acelera\u00e7\u00e3o de 0 a 100 km\/h<\/td>\n<td valign=\"top\">9,5 s<\/td>\n<\/tr>\n<tr>\n<td style=\"background-color: #ffffff;\" colspan=\"2\" valign=\"top\" width=\"50%\">Garantia<\/td>\n<\/tr>\n<tr>\n<td valign=\"top\" width=\"50%\">Prazo<\/td>\n<td valign=\"top\" width=\"50%\">3 anos sem limite de quilometragem<\/td>\n<\/tr>\n<tr>\n<td style=\"background-color: #ffffff;\" colspan=\"2\" valign=\"top\" width=\"50%\">Carro avaliado<\/td>\n<\/tr>\n<tr>\n<td valign=\"top\" width=\"50%\">Ano-modelo<\/td>\n<td valign=\"top\" width=\"50%\">2014<\/td>\n<\/tr>\n<tr>\n<td valign=\"top\" width=\"50%\">Pneus<\/td>\n<td valign=\"top\" width=\"50%\">Michelin Primacy HP<\/td>\n<\/tr>\n<tr>\n<td valign=\"top\" width=\"50%\">Quilometragem inicial<\/td>\n<td valign=\"top\" width=\"50%\">3.000 km<\/td>\n<\/tr>\n<tr>\n<td colspan=\"2\" valign=\"top\" width=\"50%\">Dados do fabricante; consumo n\u00e3o dispon\u00edvel<\/td>\n<\/tr>\n<\/tbody>\n<\/table><\/div><\/div>\n<table border=\"0\">\n<tbody>\n<tr>\n<td><a href='https:\/\/autolivraria.com.br\/bc\/informe-se\/avaliacao\/teste-peugeot-3008-propoe-espaco-e-bom-custo-beneficio-2\/' class='small-button smallsilver'>Atualiza\u00e7\u00e3o anterior<\/a><\/td>\n<\/tr>\n<\/tbody>\n<\/table>\n<p>&nbsp;<\/p>\n<p>&nbsp;<\/p>\n","protected":false},"excerpt":{"rendered":"<p>Em teste de 30 dias, modelo sobe a serra nas m\u00e3os de dois motoristas e revela se desempenho e conforto est\u00e3o \u00e0 altura das expectativas<\/p>\n","protected":false},"author":6,"featured_media":46939,"comment_status":"open","ping_status":"closed","sticky":false,"template":"","format":"standard","meta":{"_joinchat":[],"footnotes":""},"categories":[37],"tags":[1108,2350,80,69,575,96],"class_list":["post-46937","post","type-post","status-publish","format-standard","has-post-thumbnail","hentry","category-um-mes","tag-1108","tag-3008-griffe","tag-avaliacao-2","tag-peugeot","tag-turbo","tag-um-mes-ao-volante"],"amp_enabled":true,"_links":{"self":[{"href":"https:\/\/autolivraria.com.br\/bc\/wp-json\/wp\/v2\/posts\/46937","targetHints":{"allow":["GET"]}}],"collection":[{"href":"https:\/\/autolivraria.com.br\/bc\/wp-json\/wp\/v2\/posts"}],"about":[{"href":"https:\/\/autolivraria.com.br\/bc\/wp-json\/wp\/v2\/types\/post"}],"author":[{"embeddable":true,"href":"https:\/\/autolivraria.com.br\/bc\/wp-json\/wp\/v2\/users\/6"}],"replies":[{"embeddable":true,"href":"https:\/\/autolivraria.com.br\/bc\/wp-json\/wp\/v2\/comments?post=46937"}],"version-history":[{"count":0,"href":"https:\/\/autolivraria.com.br\/bc\/wp-json\/wp\/v2\/posts\/46937\/revisions"}],"wp:featuredmedia":[{"embeddable":true,"href":"https:\/\/autolivraria.com.br\/bc\/wp-json\/wp\/v2\/media\/46939"}],"wp:attachment":[{"href":"https:\/\/autolivraria.com.br\/bc\/wp-json\/wp\/v2\/media?parent=46937"}],"wp:term":[{"taxonomy":"category","embeddable":true,"href":"https:\/\/autolivraria.com.br\/bc\/wp-json\/wp\/v2\/categories?post=46937"},{"taxonomy":"post_tag","embeddable":true,"href":"https:\/\/autolivraria.com.br\/bc\/wp-json\/wp\/v2\/tags?post=46937"}],"curies":[{"name":"wp","href":"https:\/\/api.w.org\/{rel}","templated":true}]}}