{"id":47174,"date":"2014-07-21T10:00:06","date_gmt":"2014-07-21T13:00:06","guid":{"rendered":"http:\/\/bestcars.uol.com.br\/bc\/?p=47174"},"modified":"2014-07-28T10:20:42","modified_gmt":"2014-07-28T13:20:42","slug":"nissan-sentra-sv-ganha-couro-e-sl-perde-o-teto-de-serie","status":"publish","type":"post","link":"https:\/\/autolivraria.com.br\/bc\/informe-se\/noticias\/nissan-sentra-sv-ganha-couro-e-sl-perde-o-teto-de-serie\/","title":{"rendered":"Nissan Sentra SV ganha couro e SL perde o teto de s\u00e9rie"},"content":{"rendered":"<p style=\"text-align: center;\"><img fetchpriority=\"high\" decoding=\"async\" class=\"alignnone\" src=\"https:\/\/autolivraria.com.br\/bc\/wp-content\/uploads\/2013\/10\/Nissan-Sentra-2014-05-560x373.jpg\" alt=\"\" width=\"560\" height=\"373\" \/><\/p>\n<p>&nbsp;<\/p>\n<p>A linha 2015 do Nissan Sentra traz um acr\u00e9scimo e uma redu\u00e7\u00e3o.\u00a0A vers\u00e3o intermedi\u00e1ria SV passa a vir de s\u00e9rie com bancos revestidos em couro, em vez de tecido. J\u00e1 na op\u00e7\u00e3o de topo SL o teto solar torna-se opcional, ao pre\u00e7o de R$ 1.300, mantendo o valor anterior quando equipado com ele. Assim, os pre\u00e7os do Sentra 2015 s\u00e3o: vers\u00e3o S manual, R$ 64.090; SV com c\u00e2mbio CVT, R$ 70.390; SL CVT, R$ 74.690; e SL CVT com teto solar, R$ 76 mil. Todas t\u00eam o mesmo motor flex\u00edvel de 2,0 litros com pot\u00eancia de 140 cv.<\/p>\n<ul>\n<li><a title=\"Sentra vs. Corolla: em comum, muito mais que o CVT\" href=\"https:\/\/autolivraria.com.br\/bc\/informe-se\/avaliacao\/comparativo\/teste-nissan-sentra-vs-toyota-corolla-muito-mais-em-comum-que-o-cvt\/\">Leia o comparativo do Sentra SL ao Corolla XEi<\/a><\/li>\n<\/ul>\n<p>&nbsp;<\/p>\n<div class='code-block code-block-7' style='margin: 28px auto; text-align: center; display: block; clear: both;'>\n<br>\n<div align=\"center\">\n<a target=\"_blank\" href=\"https:\/\/bestcars.com.br\/bc\/\">\n<img decoding=\"async\" data-src=\"https:\/\/bestcars.com.br\/bc\/wp-content\/uploads\/2021\/07\/Auto-Livraria-450x300-quadros.jpg\" alt=\"Auto Livraria\" src=\"data:image\/svg+xml;base64,PHN2ZyB3aWR0aD0iMSIgaGVpZ2h0PSIxIiB4bWxucz0iaHR0cDovL3d3dy53My5vcmcvMjAwMC9zdmciPjwvc3ZnPg==\" class=\"lazyload\"><\/a>\n<\/div>\n<br><\/div>\n\n<p>&nbsp;<\/p>\n<p>&nbsp;<\/p>\n<p>&nbsp;<\/p>\n","protected":false},"excerpt":{"rendered":"<p>&nbsp; A linha 2015 do Nissan Sentra traz um acr\u00e9scimo e uma redu\u00e7\u00e3o.\u00a0A vers\u00e3o intermedi\u00e1ria SV passa a vir de s\u00e9rie com bancos revestidos em couro, em vez de tecido. J\u00e1 na op\u00e7\u00e3o de topo SL o teto solar torna-se opcional, ao pre\u00e7o de R$ 1.300, mantendo o valor anterior quando equipado com ele. Assim,<\/p>\n","protected":false},"author":6,"featured_media":34671,"comment_status":"open","ping_status":"closed","sticky":false,"template":"","format":"standard","meta":{"_joinchat":[],"footnotes":""},"categories":[8],"tags":[106,94,813],"class_list":["post-47174","post","type-post","status-publish","format-standard","has-post-thumbnail","hentry","category-noticias","tag-nissan","tag-noticias-2","tag-sentra"],"amp_enabled":true,"_links":{"self":[{"href":"https:\/\/autolivraria.com.br\/bc\/wp-json\/wp\/v2\/posts\/47174","targetHints":{"allow":["GET"]}}],"collection":[{"href":"https:\/\/autolivraria.com.br\/bc\/wp-json\/wp\/v2\/posts"}],"about":[{"href":"https:\/\/autolivraria.com.br\/bc\/wp-json\/wp\/v2\/types\/post"}],"author":[{"embeddable":true,"href":"https:\/\/autolivraria.com.br\/bc\/wp-json\/wp\/v2\/users\/6"}],"replies":[{"embeddable":true,"href":"https:\/\/autolivraria.com.br\/bc\/wp-json\/wp\/v2\/comments?post=47174"}],"version-history":[{"count":0,"href":"https:\/\/autolivraria.com.br\/bc\/wp-json\/wp\/v2\/posts\/47174\/revisions"}],"wp:featuredmedia":[{"embeddable":true,"href":"https:\/\/autolivraria.com.br\/bc\/wp-json\/wp\/v2\/media\/34671"}],"wp:attachment":[{"href":"https:\/\/autolivraria.com.br\/bc\/wp-json\/wp\/v2\/media?parent=47174"}],"wp:term":[{"taxonomy":"category","embeddable":true,"href":"https:\/\/autolivraria.com.br\/bc\/wp-json\/wp\/v2\/categories?post=47174"},{"taxonomy":"post_tag","embeddable":true,"href":"https:\/\/autolivraria.com.br\/bc\/wp-json\/wp\/v2\/tags?post=47174"}],"curies":[{"name":"wp","href":"https:\/\/api.w.org\/{rel}","templated":true}]}}