{"id":50103,"date":"2014-10-03T14:17:55","date_gmt":"2014-10-03T17:17:55","guid":{"rendered":"http:\/\/bestcars.uol.com.br\/bc\/?p=50103"},"modified":"2014-10-15T11:11:53","modified_gmt":"2014-10-15T14:11:53","slug":"com-850-volvo-deu-passo-a-frente-em-esportividade","status":"publish","type":"post","link":"https:\/\/autolivraria.com.br\/bc\/informe-se\/passado\/paginas-historia\/com-850-volvo-deu-passo-a-frente-em-esportividade\/","title":{"rendered":"Com 850, Volvo deu passo \u00e0 frente em esportividade"},"content":{"rendered":"<p><a href=\"https:\/\/autolivraria.com.br\/bc\/wp-content\/uploads\/2014\/09\/Volvo-850-Turbo-1994-01.jpg\"><img fetchpriority=\"high\" decoding=\"async\" class=\"aligncenter size-medium wp-image-50283\" src=\"https:\/\/autolivraria.com.br\/bc\/wp-content\/uploads\/2014\/09\/Volvo-850-Turbo-1994-01-560x373.jpg\" alt=\"Volvo 850 Turbo 1994\" width=\"560\" height=\"373\" srcset=\"https:\/\/autolivraria.com.br\/bc\/wp-content\/uploads\/2014\/09\/Volvo-850-Turbo-1994-01-560x373.jpg 560w, https:\/\/autolivraria.com.br\/bc\/wp-content\/uploads\/2014\/09\/Volvo-850-Turbo-1994-01-470x313.jpg 470w, https:\/\/autolivraria.com.br\/bc\/wp-content\/uploads\/2014\/09\/Volvo-850-Turbo-1994-01-270x179.jpg 270w, https:\/\/autolivraria.com.br\/bc\/wp-content\/uploads\/2014\/09\/Volvo-850-Turbo-1994-01-168x111.jpg 168w, https:\/\/autolivraria.com.br\/bc\/wp-content\/uploads\/2014\/09\/Volvo-850-Turbo-1994-01.jpg 1280w\" sizes=\"(max-width: 560px) 100vw, 560px\" \/><\/a><\/p>\n<p>&nbsp;<\/p>\n<h2>Sucessor do longevo 200, ele firmou a\u00a0tra\u00e7\u00e3o dianteira e os<br \/>\npotentes motores turbo como padr\u00f5es para os suecos que viriam<\/h2>\n<h6><em>Texto: Fabr\u00edcio Samah\u00e1 &#8211; Fotos: divulga\u00e7\u00e3o<\/em><\/h6>\n<p>&nbsp;<\/p>\n<p>A transi\u00e7\u00e3o da tra\u00e7\u00e3o traseira para a dianteira afetou grande parte dos fabricantes durante o s\u00e9culo passado. Houve os pioneiros, como Auto Union, <a href=\"https:\/\/www.autolivraria.com.br\/cpassado\/traction-1.htm\">Citro\u00ebn<\/a> e <a href=\"https:\/\/www.autolivraria.com.br\/classicos\/cord-1.htm\">Cord<\/a>, e houve os que resistiram \u00e0 tend\u00eancia at\u00e9 o novo mil\u00eanio, como a BMW \u2014 mas, para uma maioria, as vantagens de &#8220;empacotar&#8221; motor e transmiss\u00e3o na frente foram bastante convincentes.<\/p>\n<p>A Volvo fabricava carros de tra\u00e7\u00e3o dianteira desde 1986, quando lan\u00e7ou o hatchback esportivo <a href=\"https:\/\/www.autolivraria.com.br\/ph2\/350-volvo-400-1.htm\">480<\/a>, seguido pelos mais comportados 440 (hatch) e 460 (sed\u00e3). Mas a configura\u00e7\u00e3o s\u00f3 chegaria a seus autom\u00f3veis m\u00e9dio-grandes em 1991 com a estreia do 850, tamb\u00e9m seu primeiro carro a levar tal solu\u00e7\u00e3o ao mercado norte-americano. Oferecido como sed\u00e3 e perua, ambos com quatro portas, esse sucessor da longeva <a href=\"https:\/\/www.autolivraria.com.br\/cpassado3\/volvo-200-1.htm\">s\u00e9rie 200<\/a> \u2014 fabricada entre 1974 e 1993 \u2014 media 4,66 e 4,71 metros de comprimento (na ordem), 1,76 m de largura e 2,66 m entre eixos.<\/p>\n<p>Embora conservador na vis\u00e3o de muitos, o estilo do 850 era moderno e arredondado para os padr\u00f5es da Volvo, ent\u00e3o habituada a carros t\u00e3o curvil\u00edneos quanto um tijolo. Novidade na perua eram as lanternas traseiras subindo pelas colunas (como nas <a title=\"Lumina, Trans Sport e Silhouette previram s\u00e9culo XXI\" href=\"https:\/\/autolivraria.com.br\/bc\/informe-se\/passado\/paginas-historia\/minivans-gm-lumina-trans-sport-e-silhouette-previram-seculo-xxi\/\">minivans lan\u00e7adas dois anos antes pela GM<\/a>), mais vis\u00edveis a dist\u00e2ncia e atrav\u00e9s dos vidros de outros carros no tr\u00e1fego em fila. O interior era s\u00f3brio e refinado, com comandos e instrumentos voltados \u00e0 f\u00e1cil utiliza\u00e7\u00e3o e op\u00e7\u00f5es como revestimento em couro e apliques de madeira.<\/p>\n<p>&nbsp;<\/p>\n<p><a href=\"https:\/\/autolivraria.com.br\/bc\/wp-content\/uploads\/2014\/09\/Volvo-850-1991-01.jpg\"><img decoding=\"async\" class=\"aligncenter size-medium wp-image-50282 lazyload\" data-src=\"https:\/\/autolivraria.com.br\/bc\/wp-content\/uploads\/2014\/09\/Volvo-850-1991-01-560x373.jpg\" alt=\"Volvo 850 1991\" width=\"560\" height=\"373\" data-srcset=\"https:\/\/autolivraria.com.br\/bc\/wp-content\/uploads\/2014\/09\/Volvo-850-1991-01-560x373.jpg 560w, https:\/\/autolivraria.com.br\/bc\/wp-content\/uploads\/2014\/09\/Volvo-850-1991-01-470x313.jpg 470w, https:\/\/autolivraria.com.br\/bc\/wp-content\/uploads\/2014\/09\/Volvo-850-1991-01-270x179.jpg 270w, https:\/\/autolivraria.com.br\/bc\/wp-content\/uploads\/2014\/09\/Volvo-850-1991-01-168x111.jpg 168w, https:\/\/autolivraria.com.br\/bc\/wp-content\/uploads\/2014\/09\/Volvo-850-1991-01.jpg 1280w\" data-sizes=\"(max-width: 560px) 100vw, 560px\" src=\"data:image\/svg+xml;base64,PHN2ZyB3aWR0aD0iMSIgaGVpZ2h0PSIxIiB4bWxucz0iaHR0cDovL3d3dy53My5vcmcvMjAwMC9zdmciPjwvc3ZnPg==\" style=\"--smush-placeholder-width: 560px; --smush-placeholder-aspect-ratio: 560\/373;\" \/><\/a><\/p>\n<p>&nbsp;<\/p>\n<div class='one_half'>\n\t\t\t\t\t<a href=\"https:\/\/autolivraria.com.br\/bc\/wp-content\/uploads\/2014\/09\/Volvo-850-1991-03.jpg\"><img decoding=\"async\" class=\"aligncenter size-meia-largura-post wp-image-50286 lazyload\" data-src=\"https:\/\/autolivraria.com.br\/bc\/wp-content\/uploads\/2014\/09\/Volvo-850-1991-03-270x179.jpg\" alt=\"Volvo 850 1991\" width=\"270\" height=\"179\" data-srcset=\"https:\/\/autolivraria.com.br\/bc\/wp-content\/uploads\/2014\/09\/Volvo-850-1991-03-270x179.jpg 270w, https:\/\/autolivraria.com.br\/bc\/wp-content\/uploads\/2014\/09\/Volvo-850-1991-03-560x373.jpg 560w, https:\/\/autolivraria.com.br\/bc\/wp-content\/uploads\/2014\/09\/Volvo-850-1991-03-470x313.jpg 470w, https:\/\/autolivraria.com.br\/bc\/wp-content\/uploads\/2014\/09\/Volvo-850-1991-03-168x111.jpg 168w, https:\/\/autolivraria.com.br\/bc\/wp-content\/uploads\/2014\/09\/Volvo-850-1991-03.jpg 1280w\" data-sizes=\"(max-width: 270px) 100vw, 270px\" src=\"data:image\/svg+xml;base64,PHN2ZyB3aWR0aD0iMSIgaGVpZ2h0PSIxIiB4bWxucz0iaHR0cDovL3d3dy53My5vcmcvMjAwMC9zdmciPjwvc3ZnPg==\" style=\"--smush-placeholder-width: 270px; --smush-placeholder-aspect-ratio: 270\/179;\" \/><\/a>\n\t\t\t\t<\/div>\n<div class='one_half last'>\n\t\t\t\t\t<a href=\"https:\/\/autolivraria.com.br\/bc\/wp-content\/uploads\/2014\/09\/Volvo-850-Estate-1992-05.jpg\"><img decoding=\"async\" class=\"aligncenter size-meia-largura-post wp-image-50285 lazyload\" data-src=\"https:\/\/autolivraria.com.br\/bc\/wp-content\/uploads\/2014\/09\/Volvo-850-Estate-1992-05-270x179.jpg\" alt=\"Volvo 850 Estate 1992\" width=\"270\" height=\"179\" data-srcset=\"https:\/\/autolivraria.com.br\/bc\/wp-content\/uploads\/2014\/09\/Volvo-850-Estate-1992-05-270x179.jpg 270w, https:\/\/autolivraria.com.br\/bc\/wp-content\/uploads\/2014\/09\/Volvo-850-Estate-1992-05-560x373.jpg 560w, https:\/\/autolivraria.com.br\/bc\/wp-content\/uploads\/2014\/09\/Volvo-850-Estate-1992-05-470x313.jpg 470w, https:\/\/autolivraria.com.br\/bc\/wp-content\/uploads\/2014\/09\/Volvo-850-Estate-1992-05-168x111.jpg 168w, https:\/\/autolivraria.com.br\/bc\/wp-content\/uploads\/2014\/09\/Volvo-850-Estate-1992-05.jpg 1280w\" data-sizes=\"(max-width: 270px) 100vw, 270px\" src=\"data:image\/svg+xml;base64,PHN2ZyB3aWR0aD0iMSIgaGVpZ2h0PSIxIiB4bWxucz0iaHR0cDovL3d3dy53My5vcmcvMjAwMC9zdmciPjwvc3ZnPg==\" style=\"--smush-placeholder-width: 270px; --smush-placeholder-aspect-ratio: 270\/179;\" \/><\/a>\n\t\t\t\t<\/div><div class='clear'><\/div>\n<h6 style=\"text-align: center;\"><em>\u00a0<\/em><br \/>\n<em>Embora retil\u00edneo, o desenho do 850 era arredondado para os padr\u00f5es da<\/em><br \/>\n<em>Volvo na \u00e9poca; a perua trazia lanternas que subiam pelas colunas<\/em><\/h6>\n<p>&nbsp;<\/p>\n<p>Ele n\u00e3o seria um leg\u00edtimo Volvo sem inova\u00e7\u00f5es em seguran\u00e7a. Foi o introdutor do SIPS, Side-Impact Protection System ou sistema de prote\u00e7\u00e3o em impactos laterais, que previa a distribui\u00e7\u00e3o da for\u00e7a de uma colis\u00e3o por uma extensa \u00e1rea. No centro do banco traseiro podia-se formar um assento elevado para crian\u00e7as. Outros recursos (de s\u00e9rie em alguns mercados ou vers\u00f5es) eram freios com sistema antitravamento (ABS), controle eletr\u00f4nico de tra\u00e7\u00e3o, encostos de cabe\u00e7a e cintos de tr\u00eas pontos para os cinco ocupantes e bolsas infl\u00e1veis frontais. Mais tarde, em 1995, ele traria bolsas laterais dianteiras como primazia mundial.<\/p>\n<p>&nbsp;<\/p>\n<blockquote><p>As coisas ficavam &#8220;quentes&#8221; em 1995 com<br \/>\no T5-R, esportivo com motor turbo de 243 cv\u00a0que<br \/>\nacelerava\u00a0de 0 a 100 km\/h em\u00a06 segundos<\/p><\/blockquote>\n<p>&nbsp;<\/p>\n<p>Montado em posi\u00e7\u00e3o transversal, o principal motor do 850 era um cinco-cilindros em linha de 2,4 litros com bloco de alum\u00ednio, quatro v\u00e1lvulas por cilindro e inje\u00e7\u00e3o, que produzia pot\u00eancia de 170 cv e torque de 22,4 m.kgf. Mais apimentada era a vers\u00e3o Turbo ou T5 (o nome variava conforme o mercado), com cilindrada reduzida a 2,3 litros e valores aumentados para 225 cv e 30,6 m.kgf \u2014 estes dispon\u00edveis j\u00e1 a 2.100 rpm, regime bastante baixo para um motor turboalimentado da \u00e9poca.<\/p>\n<p>Mercados como o italiano, que impunham pesada tributa\u00e7\u00e3o a carros de cilindrada superior, receberam o 850 com unidades de 2,0 litros. A aspirada desenvolvia 143 cv e 18,7 m.kgf, e a turbo, 210 cv e 30,6 m.kgf. Houve tamb\u00e9m motores de duas v\u00e1lvulas por cilindro em alguns pa\u00edses \u2014 de 2,0 litros com 126 cv e de 2,5 litros com 144 cv. C\u00e2mbios manual de cinco marchas e autom\u00e1tico de quatro (apenas para o motor turbo) estavam dispon\u00edveis.<\/p>\n<p>&nbsp;<\/p>\n<div class='one_half'>\n\t\t\t\t\t<a href=\"https:\/\/autolivraria.com.br\/bc\/wp-content\/uploads\/2014\/09\/Volvo-850-Turbo-Estate-1994-03.jpg\"><img decoding=\"async\" class=\"aligncenter size-meia-largura-post wp-image-50287 lazyload\" data-src=\"https:\/\/autolivraria.com.br\/bc\/wp-content\/uploads\/2014\/09\/Volvo-850-Turbo-Estate-1994-03-270x179.jpg\" alt=\"Volvo 850 Turbo Estate 1994\" width=\"270\" height=\"179\" data-srcset=\"https:\/\/autolivraria.com.br\/bc\/wp-content\/uploads\/2014\/09\/Volvo-850-Turbo-Estate-1994-03-270x179.jpg 270w, https:\/\/autolivraria.com.br\/bc\/wp-content\/uploads\/2014\/09\/Volvo-850-Turbo-Estate-1994-03-560x373.jpg 560w, https:\/\/autolivraria.com.br\/bc\/wp-content\/uploads\/2014\/09\/Volvo-850-Turbo-Estate-1994-03-470x313.jpg 470w, https:\/\/autolivraria.com.br\/bc\/wp-content\/uploads\/2014\/09\/Volvo-850-Turbo-Estate-1994-03-168x111.jpg 168w, https:\/\/autolivraria.com.br\/bc\/wp-content\/uploads\/2014\/09\/Volvo-850-Turbo-Estate-1994-03.jpg 1280w\" data-sizes=\"(max-width: 270px) 100vw, 270px\" src=\"data:image\/svg+xml;base64,PHN2ZyB3aWR0aD0iMSIgaGVpZ2h0PSIxIiB4bWxucz0iaHR0cDovL3d3dy53My5vcmcvMjAwMC9zdmciPjwvc3ZnPg==\" style=\"--smush-placeholder-width: 270px; --smush-placeholder-aspect-ratio: 270\/179;\" \/><\/a>\n\t\t\t\t<\/div>\n<div class='one_half last'>\n\t\t\t\t\t<a href=\"https:\/\/autolivraria.com.br\/bc\/wp-content\/uploads\/2014\/09\/Volvo-850-1994-02.jpg\"><img decoding=\"async\" class=\"aligncenter size-meia-largura-post wp-image-50288 lazyload\" data-src=\"https:\/\/autolivraria.com.br\/bc\/wp-content\/uploads\/2014\/09\/Volvo-850-1994-02-270x179.jpg\" alt=\"Volvo 850 1994\" width=\"270\" height=\"179\" data-srcset=\"https:\/\/autolivraria.com.br\/bc\/wp-content\/uploads\/2014\/09\/Volvo-850-1994-02-270x179.jpg 270w, https:\/\/autolivraria.com.br\/bc\/wp-content\/uploads\/2014\/09\/Volvo-850-1994-02-560x373.jpg 560w, https:\/\/autolivraria.com.br\/bc\/wp-content\/uploads\/2014\/09\/Volvo-850-1994-02-470x313.jpg 470w, https:\/\/autolivraria.com.br\/bc\/wp-content\/uploads\/2014\/09\/Volvo-850-1994-02-168x111.jpg 168w, https:\/\/autolivraria.com.br\/bc\/wp-content\/uploads\/2014\/09\/Volvo-850-1994-02.jpg 1280w\" data-sizes=\"(max-width: 270px) 100vw, 270px\" src=\"data:image\/svg+xml;base64,PHN2ZyB3aWR0aD0iMSIgaGVpZ2h0PSIxIiB4bWxucz0iaHR0cDovL3d3dy53My5vcmcvMjAwMC9zdmciPjwvc3ZnPg==\" style=\"--smush-placeholder-width: 270px; --smush-placeholder-aspect-ratio: 270\/179;\" \/><\/a>\n\t\t\t\t<\/div><div class='clear'><\/div>\n<h6 style=\"text-align: center;\"><em>\u00a0<\/em><br \/>\n<em>Far\u00f3is e para-choques mudavam em 1994; o interior s\u00f3brio evidenciava<\/em><br \/>\n<em>cuidados com a seguran\u00e7a; a Estate T5 (acima) tinha motor turbo de 225 cv<\/em><\/h6>\n<p>&nbsp;<\/p>\n<p>A suspens\u00e3o dianteira era uma convencional McPherson, mas a traseira Delta-Link usava bra\u00e7os semiarrastados e buchas que, quando comprimidas pelo peso do carro em curvas, provocavam um leve efeito de ester\u00e7amento nas rodas para manter a ader\u00eancia desses pneus. Ligeiras renova\u00e7\u00f5es visuais apareciam em 1994, com far\u00f3is de <a href=\"https:\/\/autolivraria.com.br\/bc\/glossario-d\/#dupl\">duplo refletor<\/a> e novos para-choques e rodas; as lanternas traseiras do sed\u00e3 mudariam um ano depois.<\/p>\n<p>No teste da revista <em>Car<\/em> sul-africana com a perua T5 couberam elogios ao desempenho, ao m\u00ednimo retardo de atua\u00e7\u00e3o do turbo e \u00e0 estabilidade: &#8220;Pot\u00eancia \u00e9 o que distingue a vers\u00e3o turbo, mas ela n\u00e3o compromete os aspectos pr\u00e1ticos da Volvo, como itens de seguran\u00e7a, farto espa\u00e7o para bagagem e o ar geral de durabilidade do interior. A 850 combinou virtudes de desempenho, praticidade, seguran\u00e7a, sofistica\u00e7\u00e3o e entretenimento. Isso n\u00e3o sai barato, mas a Volvo mira um segmento superior, na faixa de <a title=\"BMW S\u00e9rie 5: 40 anos no ponto de equil\u00edbrio\" href=\"https:\/\/autolivraria.com.br\/bc\/informe-se\/passado\/bmw\/bmw-serie-5-40-anos-no-ponto-de-equilibrio\/\">BMW S\u00e9rie 5<\/a> e <a href=\"https:\/\/www.autolivraria.com.br\/cpassado3\/mercedes-w124-1.htm\">Mercedes-Benz Classe E<\/a>&#8220;.<\/p>\n<p>As coisas ficavam realmente &#8220;quentes&#8221; em 1995 com a chegada do T5-R, um esportivo no qual o motor turbo operava com maior press\u00e3o por at\u00e9 30 segundos para obter 243 cv. Acelerava muito bem (de 0 a 100 km\/h em cerca de seis segundos) e alcan\u00e7ava a velocidade limitada de 250 km\/h; com a caixa autom\u00e1tica conseguia 245. Com visual esportivo garantido pelas rodas de 17 pol em tom grafite, defletor dianteiro e aerof\u00f3lio traseiro, o T5-R vinha com apliques de camur\u00e7a sint\u00e9tica nos bancos, pneus Pirelli P-Zero 205\/45 e suspens\u00e3o mais firme. Apenas 5.500 unidades foram feitas entre sed\u00e3 e perua, nas cores preta, amarela e verde-esmeralda.<\/p>\n<p>&nbsp;<\/p>\n<p><a href=\"https:\/\/autolivraria.com.br\/bc\/wp-content\/uploads\/2014\/09\/Volvo-850-T5-R-1995-01.jpg\"><img decoding=\"async\" class=\"aligncenter size-medium wp-image-50289 lazyload\" data-src=\"https:\/\/autolivraria.com.br\/bc\/wp-content\/uploads\/2014\/09\/Volvo-850-T5-R-1995-01-560x373.jpg\" alt=\"Volvo 850 T5-R 1995\" width=\"560\" height=\"373\" data-srcset=\"https:\/\/autolivraria.com.br\/bc\/wp-content\/uploads\/2014\/09\/Volvo-850-T5-R-1995-01-560x373.jpg 560w, https:\/\/autolivraria.com.br\/bc\/wp-content\/uploads\/2014\/09\/Volvo-850-T5-R-1995-01-470x313.jpg 470w, https:\/\/autolivraria.com.br\/bc\/wp-content\/uploads\/2014\/09\/Volvo-850-T5-R-1995-01-270x179.jpg 270w, https:\/\/autolivraria.com.br\/bc\/wp-content\/uploads\/2014\/09\/Volvo-850-T5-R-1995-01-168x111.jpg 168w, https:\/\/autolivraria.com.br\/bc\/wp-content\/uploads\/2014\/09\/Volvo-850-T5-R-1995-01.jpg 1280w\" data-sizes=\"(max-width: 560px) 100vw, 560px\" src=\"data:image\/svg+xml;base64,PHN2ZyB3aWR0aD0iMSIgaGVpZ2h0PSIxIiB4bWxucz0iaHR0cDovL3d3dy53My5vcmcvMjAwMC9zdmciPjwvc3ZnPg==\" style=\"--smush-placeholder-width: 560px; --smush-placeholder-aspect-ratio: 560\/373;\" \/><\/a><\/p>\n<p>&nbsp;<\/p>\n<div class='one_half'>\n\t\t\t\t\t<a href=\"https:\/\/autolivraria.com.br\/bc\/wp-content\/uploads\/2014\/09\/Volvo-850-T5-R-1995-02.jpg\"><img decoding=\"async\" class=\"aligncenter size-meia-largura-post wp-image-50290 lazyload\" data-src=\"https:\/\/autolivraria.com.br\/bc\/wp-content\/uploads\/2014\/09\/Volvo-850-T5-R-1995-02-270x179.jpg\" alt=\"Volvo 850 T5-R 1995\" width=\"270\" height=\"179\" data-srcset=\"https:\/\/autolivraria.com.br\/bc\/wp-content\/uploads\/2014\/09\/Volvo-850-T5-R-1995-02-270x179.jpg 270w, https:\/\/autolivraria.com.br\/bc\/wp-content\/uploads\/2014\/09\/Volvo-850-T5-R-1995-02-560x373.jpg 560w, https:\/\/autolivraria.com.br\/bc\/wp-content\/uploads\/2014\/09\/Volvo-850-T5-R-1995-02-470x313.jpg 470w, https:\/\/autolivraria.com.br\/bc\/wp-content\/uploads\/2014\/09\/Volvo-850-T5-R-1995-02-168x111.jpg 168w, https:\/\/autolivraria.com.br\/bc\/wp-content\/uploads\/2014\/09\/Volvo-850-T5-R-1995-02.jpg 1280w\" data-sizes=\"(max-width: 270px) 100vw, 270px\" src=\"data:image\/svg+xml;base64,PHN2ZyB3aWR0aD0iMSIgaGVpZ2h0PSIxIiB4bWxucz0iaHR0cDovL3d3dy53My5vcmcvMjAwMC9zdmciPjwvc3ZnPg==\" style=\"--smush-placeholder-width: 270px; --smush-placeholder-aspect-ratio: 270\/179;\" \/><\/a>\n\t\t\t\t<\/div>\n<div class='one_half last'>\n\t\t\t\t\t<a href=\"https:\/\/autolivraria.com.br\/bc\/wp-content\/uploads\/2014\/09\/Volvo-850-R-Estate-1996-01.jpg\"><img decoding=\"async\" class=\"aligncenter size-meia-largura-post wp-image-50291 lazyload\" data-src=\"https:\/\/autolivraria.com.br\/bc\/wp-content\/uploads\/2014\/09\/Volvo-850-R-Estate-1996-01-270x179.jpg\" alt=\"Volvo 850 R Estate 1996\" width=\"270\" height=\"179\" data-srcset=\"https:\/\/autolivraria.com.br\/bc\/wp-content\/uploads\/2014\/09\/Volvo-850-R-Estate-1996-01-270x179.jpg 270w, https:\/\/autolivraria.com.br\/bc\/wp-content\/uploads\/2014\/09\/Volvo-850-R-Estate-1996-01-560x373.jpg 560w, https:\/\/autolivraria.com.br\/bc\/wp-content\/uploads\/2014\/09\/Volvo-850-R-Estate-1996-01-470x313.jpg 470w, https:\/\/autolivraria.com.br\/bc\/wp-content\/uploads\/2014\/09\/Volvo-850-R-Estate-1996-01-168x111.jpg 168w, https:\/\/autolivraria.com.br\/bc\/wp-content\/uploads\/2014\/09\/Volvo-850-R-Estate-1996-01.jpg 1280w\" data-sizes=\"(max-width: 270px) 100vw, 270px\" src=\"data:image\/svg+xml;base64,PHN2ZyB3aWR0aD0iMSIgaGVpZ2h0PSIxIiB4bWxucz0iaHR0cDovL3d3dy53My5vcmcvMjAwMC9zdmciPjwvc3ZnPg==\" style=\"--smush-placeholder-width: 270px; --smush-placeholder-aspect-ratio: 270\/179;\" \/><\/a>\n\t\t\t\t<\/div><div class='clear'><\/div>\n<h6 style=\"text-align: center;\"><span style=\"text-decoration: underline;\">\u00a0<\/span><br \/>\n<em>O esportivo T5-R cumpria o 0-100 em 6 segundos com motor de 243 cv<\/em><br \/>\n<em>e podia vir em amarelo, cor eliminada mais tarde no 850 R (foto da perua)<\/em><\/h6>\n<p>&nbsp;<\/p>\n<p>Sem concorrentes diretas nos EUA, a T-5R Estate foi confrontada pela <em>Motor Trend<\/em> aos sed\u00e3s BMW 540i, <a href=\"https:\/\/www.autolivraria.com.br\/cpassado\/xj-1.htm\">Jaguar XJR<\/a> e <a title=\"Mercedes-Benz Classe C: portal de acesso \u00e0s estrelas\" href=\"https:\/\/autolivraria.com.br\/bc\/informe-se\/passado\/mercedes-benz-e-maybach\/mercedes-benz-classe-c-portal-de-acesso-as-estrelas\/\">Mercedes-Benz C36 AMG<\/a>. Embora fosse a menos potente e tenha obtido a mais lenta acelera\u00e7\u00e3o (de 0 a 96 km\/h em 7,1 segundos), mostrou \u00f3timos freios e comportamento: &#8220;Ela \u00e9 mais est\u00e1vel e inspira mais confian\u00e7a no limite, permitindo a motoristas n\u00e3o profissionais extrair mais do potencial do carro. \u00c9 a mais r\u00e1pida perua de s\u00e9rie j\u00e1 oferecida nos EUA. Se uma perua de 246 km\/h atende a suas necessidades, agarre uma logo&#8221;.<\/p>\n<p>O \u00eaxito da vers\u00e3o de alto desempenho levou a Volvo a lan\u00e7ar um sucessor no ano seguinte, o 850 R, tamb\u00e9m com ambas as op\u00e7\u00f5es de carroceria. Al\u00e9m de altera\u00e7\u00f5es visuais como nas rodas e no aerof\u00f3lio, ele trazia volante de couro em dois tons, sistema de \u00e1udio com toca-CDs no painel e amplificador de 200 watts e mais op\u00e7\u00f5es de cores, mas sem a amarela. O motor ganhava torque (35,7 m.kgf), sem altera\u00e7\u00e3o na pot\u00eancia, mas um c\u00e2mbio manual associado a <a href=\"https:\/\/autolivraria.com.br\/bc\/glossario-d\/#dife\">diferencial autobloqueante<\/a> Torsen e 250 cv estava no cat\u00e1logo apenas no primeiro ano.<\/p>\n<p>A <em>Motor Trend<\/em> comparou o 850 R ao BMW 328i Sport e ao <a title=\"Mercedes-Benz Classe C: portal de acesso \u00e0s estrelas\" href=\"https:\/\/autolivraria.com.br\/bc\/informe-se\/passado\/mercedes-benz-e-maybach\/mercedes-benz-classe-c-portal-de-acesso-as-estrelas\/\">Mercedes-Benz C280 Sport<\/a>. O Volvo foi o segundo em acelera\u00e7\u00e3o, frenagem e acelera\u00e7\u00e3o lateral, sempre atr\u00e1s do BMW, mas convenceu pela esportividade: &#8220;Apesar de um pequeno retardo do turbo, o 850 ainda traz emo\u00e7\u00e3o de primeira. Ele segue curvas suavemente com uma gentil transi\u00e7\u00e3o de neutralidade para <a href=\"https:\/\/autolivraria.com.br\/bc\/glossario-s\/#sube\">subester\u00e7o<\/a> no limite, mas a suspens\u00e3o firme e os pneus de perfil baixo significam que ru\u00eddo, vibra\u00e7\u00e3o e aspereza s\u00e3o companheiros de viagem&#8221;.<\/p>\n<p>&nbsp;<\/p>\n<div class='one_half'>\n\t\t\t\t\t<a href=\"https:\/\/autolivraria.com.br\/bc\/wp-content\/uploads\/2014\/09\/Volvo-S70-1997-03.jpg\"><img decoding=\"async\" class=\"aligncenter size-meia-largura-post wp-image-50292 lazyload\" data-src=\"https:\/\/autolivraria.com.br\/bc\/wp-content\/uploads\/2014\/09\/Volvo-S70-1997-03-270x179.jpg\" alt=\"Volvo S70 1997\" width=\"270\" height=\"179\" data-srcset=\"https:\/\/autolivraria.com.br\/bc\/wp-content\/uploads\/2014\/09\/Volvo-S70-1997-03-270x179.jpg 270w, https:\/\/autolivraria.com.br\/bc\/wp-content\/uploads\/2014\/09\/Volvo-S70-1997-03-560x373.jpg 560w, https:\/\/autolivraria.com.br\/bc\/wp-content\/uploads\/2014\/09\/Volvo-S70-1997-03-470x313.jpg 470w, https:\/\/autolivraria.com.br\/bc\/wp-content\/uploads\/2014\/09\/Volvo-S70-1997-03-168x111.jpg 168w, https:\/\/autolivraria.com.br\/bc\/wp-content\/uploads\/2014\/09\/Volvo-S70-1997-03.jpg 1280w\" data-sizes=\"(max-width: 270px) 100vw, 270px\" src=\"data:image\/svg+xml;base64,PHN2ZyB3aWR0aD0iMSIgaGVpZ2h0PSIxIiB4bWxucz0iaHR0cDovL3d3dy53My5vcmcvMjAwMC9zdmciPjwvc3ZnPg==\" style=\"--smush-placeholder-width: 270px; --smush-placeholder-aspect-ratio: 270\/179;\" \/><\/a>\n\t\t\t\t<\/div>\n<div class='one_half last'>\n\t\t\t\t\t<a href=\"https:\/\/autolivraria.com.br\/bc\/wp-content\/uploads\/2014\/09\/Volvo-S70-R-1998.jpg\"><img decoding=\"async\" class=\"aligncenter size-meia-largura-post wp-image-50293 lazyload\" data-src=\"https:\/\/autolivraria.com.br\/bc\/wp-content\/uploads\/2014\/09\/Volvo-S70-R-1998-270x179.jpg\" alt=\"Volvo S70 R 1998\" width=\"270\" height=\"179\" data-srcset=\"https:\/\/autolivraria.com.br\/bc\/wp-content\/uploads\/2014\/09\/Volvo-S70-R-1998-270x179.jpg 270w, https:\/\/autolivraria.com.br\/bc\/wp-content\/uploads\/2014\/09\/Volvo-S70-R-1998-560x373.jpg 560w, https:\/\/autolivraria.com.br\/bc\/wp-content\/uploads\/2014\/09\/Volvo-S70-R-1998-470x313.jpg 470w, https:\/\/autolivraria.com.br\/bc\/wp-content\/uploads\/2014\/09\/Volvo-S70-R-1998-168x111.jpg 168w, https:\/\/autolivraria.com.br\/bc\/wp-content\/uploads\/2014\/09\/Volvo-S70-R-1998.jpg 1280w\" data-sizes=\"(max-width: 270px) 100vw, 270px\" src=\"data:image\/svg+xml;base64,PHN2ZyB3aWR0aD0iMSIgaGVpZ2h0PSIxIiB4bWxucz0iaHR0cDovL3d3dy53My5vcmcvMjAwMC9zdmciPjwvc3ZnPg==\" style=\"--smush-placeholder-width: 270px; --smush-placeholder-aspect-ratio: 270\/179;\" \/><\/a>\n\t\t\t\t<\/div><div class='clear'><\/div>\n<p>&nbsp;<\/p>\n<div class='one_half'>\n\t\t\t\t\t<a href=\"https:\/\/autolivraria.com.br\/bc\/wp-content\/uploads\/2014\/09\/Volvo-V70-R-AWD-1998-02.jpg\"><img decoding=\"async\" class=\"aligncenter size-meia-largura-post wp-image-50295 lazyload\" data-src=\"https:\/\/autolivraria.com.br\/bc\/wp-content\/uploads\/2014\/09\/Volvo-V70-R-AWD-1998-02-270x179.jpg\" alt=\"Volvo V70 R AWD 1998\" width=\"270\" height=\"179\" data-srcset=\"https:\/\/autolivraria.com.br\/bc\/wp-content\/uploads\/2014\/09\/Volvo-V70-R-AWD-1998-02-270x179.jpg 270w, https:\/\/autolivraria.com.br\/bc\/wp-content\/uploads\/2014\/09\/Volvo-V70-R-AWD-1998-02-560x373.jpg 560w, https:\/\/autolivraria.com.br\/bc\/wp-content\/uploads\/2014\/09\/Volvo-V70-R-AWD-1998-02-470x313.jpg 470w, https:\/\/autolivraria.com.br\/bc\/wp-content\/uploads\/2014\/09\/Volvo-V70-R-AWD-1998-02-168x111.jpg 168w, https:\/\/autolivraria.com.br\/bc\/wp-content\/uploads\/2014\/09\/Volvo-V70-R-AWD-1998-02.jpg 1280w\" data-sizes=\"(max-width: 270px) 100vw, 270px\" src=\"data:image\/svg+xml;base64,PHN2ZyB3aWR0aD0iMSIgaGVpZ2h0PSIxIiB4bWxucz0iaHR0cDovL3d3dy53My5vcmcvMjAwMC9zdmciPjwvc3ZnPg==\" style=\"--smush-placeholder-width: 270px; --smush-placeholder-aspect-ratio: 270\/179;\" \/><\/a>\n\t\t\t\t<\/div>\n<div class='one_half last'>\n\t\t\t\t\t<a href=\"https:\/\/autolivraria.com.br\/bc\/wp-content\/uploads\/2014\/09\/Volvo-V70-XC-1998-01.jpg\"><img decoding=\"async\" class=\"aligncenter size-meia-largura-post wp-image-50296 lazyload\" data-src=\"https:\/\/autolivraria.com.br\/bc\/wp-content\/uploads\/2014\/09\/Volvo-V70-XC-1998-01-270x179.jpg\" alt=\"Volvo V70 XC 1998\" width=\"270\" height=\"179\" data-srcset=\"https:\/\/autolivraria.com.br\/bc\/wp-content\/uploads\/2014\/09\/Volvo-V70-XC-1998-01-270x179.jpg 270w, https:\/\/autolivraria.com.br\/bc\/wp-content\/uploads\/2014\/09\/Volvo-V70-XC-1998-01-560x373.jpg 560w, https:\/\/autolivraria.com.br\/bc\/wp-content\/uploads\/2014\/09\/Volvo-V70-XC-1998-01-470x313.jpg 470w, https:\/\/autolivraria.com.br\/bc\/wp-content\/uploads\/2014\/09\/Volvo-V70-XC-1998-01-168x111.jpg 168w, https:\/\/autolivraria.com.br\/bc\/wp-content\/uploads\/2014\/09\/Volvo-V70-XC-1998-01.jpg 1280w\" data-sizes=\"(max-width: 270px) 100vw, 270px\" src=\"data:image\/svg+xml;base64,PHN2ZyB3aWR0aD0iMSIgaGVpZ2h0PSIxIiB4bWxucz0iaHR0cDovL3d3dy53My5vcmcvMjAwMC9zdmciPjwvc3ZnPg==\" style=\"--smush-placeholder-width: 270px; --smush-placeholder-aspect-ratio: 270\/179;\" \/><\/a>\n\t\t\t\t<\/div><div class='clear'><\/div>\n<h6 style=\"text-align: center;\"><em>\u00a0<\/em><br \/>\n<em>As designa\u00e7\u00f5es\u00a0S70 e V70 eram adotadas em 1997, mantendo a vers\u00e3o R de<\/em><br \/>\n<em>253 cv (em dourado); a V70 XC (marrom) era uma perua para sair do asfalto<\/em><\/h6>\n<p>&nbsp;<\/p>\n<p>O 850 tamb\u00e9m foi oferecido com motor turbodiesel de 2,5 litros, 140 cv e 29,6 m.kgf. A op\u00e7\u00e3o de tra\u00e7\u00e3o integral, destinada a mercados com inverno rigoroso, era lan\u00e7ada em 1996 com o motor a gasolina de 2,4 litros. No ano seguinte, o \u00faltimo do modelo, o 850 GLT ganhava um turbo de baixa press\u00e3o no motor 2,4 para fornecer 190 cv e 27,5 m.kgf (a apenas 1.600 rpm).<\/p>\n<p>&nbsp;<\/p>\n<div class='code-block code-block-7' style='margin: 28px auto; text-align: center; display: block; clear: both;'>\n<script async src=\"https:\/\/pagead2.googlesyndication.com\/pagead\/js\/adsbygoogle.js\"><\/script>\n<!-- AL-quadrado -->\n<ins class=\"adsbygoogle\"\n     style=\"display:block\"\n     data-ad-client=\"ca-pub-1914799802606213\"\n     data-ad-slot=\"5683066082\"\n     data-ad-format=\"auto\"\n     data-full-width-responsive=\"true\"><\/ins>\n<script>\n     (adsbygoogle = window.adsbygoogle || []).push({});\n<\/script><\/div>\n\n<p>&nbsp;<\/p>\n<p>Na linha 1997 para a Europa e um ano depois nos EUA, a denomina\u00e7\u00e3o mudava para S70 no sed\u00e3 e V70 na perua, de acordo com o padr\u00e3o iniciado em 1995 com os S40 e V40. O estilo estava pouco mais arredondado e havia novos recursos como imobilizador de motor, bolsas infl\u00e1veis de duplo est\u00e1gio, controle eletr\u00f4nico adaptativo para a caixa autom\u00e1tica e a op\u00e7\u00e3o de sistema de \u00e1udio da renomada marca Dynaudio.<\/p>\n<p>Continuava no cat\u00e1logo uma vers\u00e3o de alto desempenho, o S70-R, com motor turbo de 2,4 litros, 253 cv e 35,7 m.kgf com c\u00e2mbio manual ou, no caso do autom\u00e1tico, 243 cv e 33,6 m.kgf. Caixa autom\u00e1tica de cinco marchas e tra\u00e7\u00e3o integral como alternativa no sed\u00e3 apareciam em 1999. A V70 ofereceu tamb\u00e9m a vers\u00e3o Cross Country, ou XC (mais tarde chamada de XC70), com suspens\u00e3o elevada, pneus maiores, decora\u00e7\u00e3o externa ao estilo fora de estrada e, claro, tra\u00e7\u00e3o nas quatro rodas. Assim foram fabricados at\u00e9 2000, quando o S60 substituiu o sed\u00e3 e a V70 foi reprojetada, ambos com a plataforma do sed\u00e3 grande S80.<\/p>\n<p>&nbsp;<\/p>\n<div class='one_half'>\n\t\t\t\t\t<a href=\"https:\/\/autolivraria.com.br\/bc\/wp-content\/uploads\/2014\/09\/Volvo-850-T5-R-BTCC-1996.jpg\"><img decoding=\"async\" class=\"aligncenter wp-image-50297 size-meia-largura-post lazyload\" data-src=\"https:\/\/autolivraria.com.br\/bc\/wp-content\/uploads\/2014\/09\/Volvo-850-T5-R-BTCC-1996-270x179.jpg\" alt=\"Volvo 850 T5-R BTCC\" width=\"270\" height=\"179\" data-srcset=\"https:\/\/autolivraria.com.br\/bc\/wp-content\/uploads\/2014\/09\/Volvo-850-T5-R-BTCC-1996-270x179.jpg 270w, https:\/\/autolivraria.com.br\/bc\/wp-content\/uploads\/2014\/09\/Volvo-850-T5-R-BTCC-1996-560x373.jpg 560w, https:\/\/autolivraria.com.br\/bc\/wp-content\/uploads\/2014\/09\/Volvo-850-T5-R-BTCC-1996-470x313.jpg 470w, https:\/\/autolivraria.com.br\/bc\/wp-content\/uploads\/2014\/09\/Volvo-850-T5-R-BTCC-1996-168x111.jpg 168w, https:\/\/autolivraria.com.br\/bc\/wp-content\/uploads\/2014\/09\/Volvo-850-T5-R-BTCC-1996.jpg 950w\" data-sizes=\"(max-width: 270px) 100vw, 270px\" src=\"data:image\/svg+xml;base64,PHN2ZyB3aWR0aD0iMSIgaGVpZ2h0PSIxIiB4bWxucz0iaHR0cDovL3d3dy53My5vcmcvMjAwMC9zdmciPjwvc3ZnPg==\" style=\"--smush-placeholder-width: 270px; --smush-placeholder-aspect-ratio: 270\/179;\" \/><\/a>\n\t\t\t\t<\/div>\n<div class='one_half last'>\n\t\t\t\t\t<a href=\"https:\/\/autolivraria.com.br\/bc\/wp-content\/uploads\/2014\/09\/Volvo-850-Estate-BTCC-1994.jpg\"><img decoding=\"async\" class=\"aligncenter wp-image-50298 size-meia-largura-post lazyload\" data-src=\"https:\/\/autolivraria.com.br\/bc\/wp-content\/uploads\/2014\/09\/Volvo-850-Estate-BTCC-1994-270x179.jpg\" alt=\"Volvo 850 Estate BTCC\" width=\"270\" height=\"179\" data-srcset=\"https:\/\/autolivraria.com.br\/bc\/wp-content\/uploads\/2014\/09\/Volvo-850-Estate-BTCC-1994-270x179.jpg 270w, https:\/\/autolivraria.com.br\/bc\/wp-content\/uploads\/2014\/09\/Volvo-850-Estate-BTCC-1994-560x373.jpg 560w, https:\/\/autolivraria.com.br\/bc\/wp-content\/uploads\/2014\/09\/Volvo-850-Estate-BTCC-1994-470x313.jpg 470w, https:\/\/autolivraria.com.br\/bc\/wp-content\/uploads\/2014\/09\/Volvo-850-Estate-BTCC-1994-168x111.jpg 168w, https:\/\/autolivraria.com.br\/bc\/wp-content\/uploads\/2014\/09\/Volvo-850-Estate-BTCC-1994.jpg 950w\" data-sizes=\"(max-width: 270px) 100vw, 270px\" src=\"data:image\/svg+xml;base64,PHN2ZyB3aWR0aD0iMSIgaGVpZ2h0PSIxIiB4bWxucz0iaHR0cDovL3d3dy53My5vcmcvMjAwMC9zdmciPjwvc3ZnPg==\" style=\"--smush-placeholder-width: 270px; --smush-placeholder-aspect-ratio: 270\/179;\" \/><\/a>\n\t\t\t\t<\/div><div class='clear'><\/div>\n<h6 style=\"text-align: center;\"><em>\u00a0<\/em><br \/>\n<em>Sed\u00e3 e perua ganharam espa\u00e7o nas pistas, correndo pelo Campeonato<\/em><br \/>\n<em>Brit\u00e2nico de\u00a0Turismo ou BTCC (fotos) e em provas australianas<\/em><\/h6>\n<p>&nbsp;<\/p>\n<p>A s\u00e9rie 850 participou de competi\u00e7\u00f5es. Uma parceria com a Tom Walkinshaw Racing (TWR) levou a perua ao Campeonato Brit\u00e2nico de Carros de Turismo (BTCC) em 1994. Chamou aten\u00e7\u00e3o pelo formato, mas conseguiu apenas um quinto lugar e deixou a marca em oitavo entre os construtores. Altera\u00e7\u00f5es no regulamento quanto \u00e0 aerodin\u00e2mica no ano seguinte fizeram a TWR mudar para o sed\u00e3, que venceu seis provas e levou a Volvo ao terceiro lugar entre os fabricantes \u2014 posi\u00e7\u00e3o repetida em 1996 ap\u00f3s cinco vit\u00f3rias. Sed\u00e3 e perua tamb\u00e9m correram na Austr\u00e1lia, incluindo o Super Turismo local e a prova 12 Horas de Bathurst.<\/p>\n<p>A tra\u00e7\u00e3o dianteira e o apelo esportivo trazidos pelo 850 a seu segmento na Volvo solidificaram-se na marca, que depois dele abra\u00e7ou ambas as solu\u00e7\u00f5es em seus modelos de maior porte \u2014 com tra\u00e7\u00e3o integral, por\u00e9m, quando a pot\u00eancia fosse demais para apenas dois pneus despejarem ao solo.<\/p>\n<table border=\"0\">\n<tbody>\n<tr>\n<td><a href='https:\/\/autolivraria.com.br\/bc\/carros-do-passado\/' class='small-button smallsilver'>Mais Carros do Passado<\/a><\/td>\n<\/tr>\n<\/tbody>\n<\/table>\n<p>&nbsp;<\/p>\n<p>&nbsp;<\/p>\n","protected":false},"excerpt":{"rendered":"<p>Sucessor do longevo 200, ele firmou a tra\u00e7\u00e3o dianteira e os potentes motores turbo como padr\u00f5es para os suecos que viriam<\/p>\n","protected":false},"author":6,"featured_media":50283,"comment_status":"open","ping_status":"closed","sticky":false,"template":"","format":"standard","meta":{"_joinchat":[],"footnotes":""},"categories":[11,3825],"tags":[3302,156,151,2008,575,68],"class_list":["post-50103","post","type-post","status-publish","format-standard","has-post-thumbnail","hentry","category-paginas-historia","category-volvo","tag-3302","tag-carros-do-passado","tag-esportivo","tag-paginas-da-historia","tag-turbo","tag-volvo"],"amp_enabled":true,"_links":{"self":[{"href":"https:\/\/autolivraria.com.br\/bc\/wp-json\/wp\/v2\/posts\/50103","targetHints":{"allow":["GET"]}}],"collection":[{"href":"https:\/\/autolivraria.com.br\/bc\/wp-json\/wp\/v2\/posts"}],"about":[{"href":"https:\/\/autolivraria.com.br\/bc\/wp-json\/wp\/v2\/types\/post"}],"author":[{"embeddable":true,"href":"https:\/\/autolivraria.com.br\/bc\/wp-json\/wp\/v2\/users\/6"}],"replies":[{"embeddable":true,"href":"https:\/\/autolivraria.com.br\/bc\/wp-json\/wp\/v2\/comments?post=50103"}],"version-history":[{"count":0,"href":"https:\/\/autolivraria.com.br\/bc\/wp-json\/wp\/v2\/posts\/50103\/revisions"}],"wp:featuredmedia":[{"embeddable":true,"href":"https:\/\/autolivraria.com.br\/bc\/wp-json\/wp\/v2\/media\/50283"}],"wp:attachment":[{"href":"https:\/\/autolivraria.com.br\/bc\/wp-json\/wp\/v2\/media?parent=50103"}],"wp:term":[{"taxonomy":"category","embeddable":true,"href":"https:\/\/autolivraria.com.br\/bc\/wp-json\/wp\/v2\/categories?post=50103"},{"taxonomy":"post_tag","embeddable":true,"href":"https:\/\/autolivraria.com.br\/bc\/wp-json\/wp\/v2\/tags?post=50103"}],"curies":[{"name":"wp","href":"https:\/\/api.w.org\/{rel}","templated":true}]}}