{"id":52319,"date":"2014-10-30T20:08:18","date_gmt":"2014-10-30T23:08:18","guid":{"rendered":"http:\/\/bestcars.uol.com.br\/bc\/?p=52319"},"modified":"2014-11-04T14:06:55","modified_gmt":"2014-11-04T17:06:55","slug":"salao-do-automovel-presente-lancamentos-futuros","status":"publish","type":"post","link":"https:\/\/autolivraria.com.br\/bc\/informe-se\/colunas\/de-carro-por-ai\/salao-do-automovel-presente-lancamentos-futuros\/","title":{"rendered":"Sal\u00e3o do Autom\u00f3vel, presente, lan\u00e7amentos futuros"},"content":{"rendered":"<p><img fetchpriority=\"high\" decoding=\"async\" class=\"aligncenter size-full wp-image-52320\" src=\"https:\/\/autolivraria.com.br\/bc\/wp-content\/uploads\/2014\/10\/De-Carro-por-Ai.png\" alt=\"De Carro por A\u00ed\" width=\"560\" height=\"146\" srcset=\"https:\/\/autolivraria.com.br\/bc\/wp-content\/uploads\/2014\/10\/De-Carro-por-Ai.png 560w, https:\/\/autolivraria.com.br\/bc\/wp-content\/uploads\/2014\/10\/De-Carro-por-Ai-470x122.png 470w, https:\/\/autolivraria.com.br\/bc\/wp-content\/uploads\/2014\/10\/De-Carro-por-Ai-270x70.png 270w, https:\/\/autolivraria.com.br\/bc\/wp-content\/uploads\/2014\/10\/De-Carro-por-Ai-168x43.png 168w\" sizes=\"(max-width: 560px) 100vw, 560px\" \/><\/p>\n<p>&nbsp;<\/p>\n<h2>H\u00e1 muitos atrativos em meio \u00e0 grande festa. Novidades?<br \/>\nA maioria\u00a0das marcas exibe lan\u00e7amentos que far\u00e3o mais tarde<\/h2>\n<p>&nbsp;<\/p>\n<p>750.000 previstos e desejados visitantes \u00e0 28\u00aa. edi\u00e7\u00e3o do Sal\u00e3o do Autom\u00f3vel \u2014 Anhembi, S\u00e3o Paulo, at\u00e9 domingo, 9 de novembro \u2014 ter\u00e3o muito do comum a ver: centenas de autom\u00f3veis, constru\u00e7\u00f5es menores, decora\u00e7\u00e3o contida, mais espa\u00e7o para os ve\u00edculos \u2014 menor fartura de material promocional. E mo\u00e7as bonitas fazendo caras e bocas. N\u00e3o encontrar\u00e3o a turma (grei, horda?) credenciada como jornalistas, lotando o espa\u00e7o na pr\u00e9via de imprensa. Nunca pensei, neste mundo de Allah, haver tantos jornalistas no tema autom\u00f3vel. N\u00e3o devem ser, por volume ou totalidade. Fossem, seus clamores teriam promovido melhores autom\u00f3veis, estradas, respeito aos consumidores.<\/p>\n<p>H\u00e1 muitos atrativos em meio \u00e0 grande festa bienal. Novidades? Nos 85.000 metros quadrados de \u00e1rea, coisas novas, destas, poucas. A maioria das 28 marcas de autom\u00f3veis instaladas no Brasil, e as poucas importadoras, estavam em situa\u00e7\u00e3o comum: ou rec\u00e9m-apresentaram os futuros produtos, ou exibem no Sal\u00e3o, na mesma medida temporal, os pr\u00f3ximos lan\u00e7amentos.<\/p>\n<p>&nbsp;<\/p>\n<h2>Na pr\u00e1tica<\/h2>\n<p>Das muitas promessas, tr\u00eas ser\u00e3o fact\u00edveis at\u00e9 o final do primeiro semestre do ano pr\u00f3ximo: Jeep Renegade, Honda HR-V, Peugeot 2008. Mercedes-Benz e Audi nacionais, 2016.<\/p>\n<p><a href=\"https:\/\/autolivraria.com.br\/bc\/wp-content\/uploads\/2014\/10\/Jeep-Renegade-04.jpg\"><img decoding=\"async\" class=\"alignleft wp-image-52059 size-meia-largura-post lazyload\" data-src=\"https:\/\/autolivraria.com.br\/bc\/wp-content\/uploads\/2014\/10\/Jeep-Renegade-04-270x179.jpg\" alt=\"Jeep Renegade\" width=\"270\" height=\"179\" src=\"data:image\/svg+xml;base64,PHN2ZyB3aWR0aD0iMSIgaGVpZ2h0PSIxIiB4bWxucz0iaHR0cDovL3d3dy53My5vcmcvMjAwMC9zdmciPjwvc3ZnPg==\" style=\"--smush-placeholder-width: 270px; --smush-placeholder-aspect-ratio: 270\/179;\" \/><\/a>O Renegade (\u00e0 esquerda) renasce a Jeep no Brasil, no mesmo Pernambuco onde a Willys-Overland, titular da marca e guardi\u00e3 da lenda, operou h\u00e1 quase meio s\u00e9culo. Em Goiana, espa\u00e7o industrial da nova marca FCA, sair\u00e3o produtos Jeep, Fiat, Dodge \u2014 e talvez Alfa Romeo. \u00c9 projeto mundial e, como a\u00a0Coluna\u00a0j\u00e1 descreveu, o menor dos Jeeps.<\/p>\n<p>Tem o DNA est\u00e9tico Fiat, arrematado com a ic\u00f4nica grade de nove rasgos. Bem desenvolvido, ajustado em suspens\u00e3o, dire\u00e7\u00e3o e freios pela divis\u00e3o Fiat, quer atender a largo leque de clientes. Da motorista buscando ve\u00edculo pr\u00e1tico para resistir \u00e0s desrespeitosas ruas, ao usu\u00e1rio intensivo e os necessitados de uma ferramenta valente, reagindo \u00e0s dificuldades passando sobre elas.<\/p>\n<p>Tr\u00eas vers\u00f5es:\u00a0Sport, Longitude\u00a0e Trailhawk, atestada como h\u00e1bil em vencer obst\u00e1culos. Dois motores, E-torq de 1,8 litro e diesel, turbo, 2,0 litros e 170 cv. C\u00e2mbios manual de cinco marchas, autom\u00e1ticos com seis e nove! Motor diesel moderno, italiano, op\u00e7\u00e3o em todas as vers\u00f5es dotadas de tra\u00e7\u00e3o nas quatro rodas e marcha reduzida. Dependendo do pre\u00e7o ter\u00e1 muito sucesso.<\/p>\n<p>&nbsp;<\/p>\n<div class='one_half'>\n\t\t\t\t\t<a href=\"https:\/\/autolivraria.com.br\/bc\/wp-content\/uploads\/2014\/10\/Honda-HR-V-03.jpg\"><img decoding=\"async\" class=\"aligncenter size-meia-largura-post wp-image-51975 lazyload\" data-src=\"https:\/\/autolivraria.com.br\/bc\/wp-content\/uploads\/2014\/10\/Honda-HR-V-03-270x179.jpg\" alt=\"Honda HR-V\" width=\"270\" height=\"179\" src=\"data:image\/svg+xml;base64,PHN2ZyB3aWR0aD0iMSIgaGVpZ2h0PSIxIiB4bWxucz0iaHR0cDovL3d3dy53My5vcmcvMjAwMC9zdmciPjwvc3ZnPg==\" style=\"--smush-placeholder-width: 270px; --smush-placeholder-aspect-ratio: 270\/179;\" \/><\/a>\n\t\t\t\t<\/div>\n<div class='one_half last'>\n\t\t\t\t\t<a href=\"https:\/\/autolivraria.com.br\/bc\/wp-content\/uploads\/2014\/10\/Peugeot-2008-04.jpg\"><img decoding=\"async\" class=\"aligncenter size-meia-largura-post wp-image-52004 lazyload\" data-src=\"https:\/\/autolivraria.com.br\/bc\/wp-content\/uploads\/2014\/10\/Peugeot-2008-04-270x179.jpg\" alt=\"Peugeot 2008\" width=\"270\" height=\"179\" src=\"data:image\/svg+xml;base64,PHN2ZyB3aWR0aD0iMSIgaGVpZ2h0PSIxIiB4bWxucz0iaHR0cDovL3d3dy53My5vcmcvMjAwMC9zdmciPjwvc3ZnPg==\" style=\"--smush-placeholder-width: 270px; --smush-placeholder-aspect-ratio: 270\/179;\" \/><\/a>\n\t\t\t\t<\/div><div class='clear'><\/div>\n<p>&nbsp;<\/p>\n<p>Honda HR-V (\u00e0 esquerda) surgir\u00e1 no mesmo per\u00edodo, no primeiro semestre. \u00c9 bem formulada mescla de tra\u00e7os de cup\u00ea e utilit\u00e1rio esporte, com o teto em descida suave ap\u00f3s o banco traseiro. Oferece boa habitabilidade, linhas atrativas, motor 1,8 sobre a nova plataforma de Fit e City.<\/p>\n<p>Peugeot 2008 (\u00e0 direita) surgir\u00e1 no fim do primeiro semestre de 2015. Maior capacidade de bem receber os usu\u00e1rios, em plataforma do Peugeot 208.<\/p>\n<p>&nbsp;<\/p>\n<h2>Vis\u00e3o<\/h2>\n<p>Quem conseguir enxergar pelo enevoado caminho do futuro, ver\u00e1 no picape Oroch mostrado pela Renault o pr\u00f3ximo picape Duster em cabine simples e dupla, a surgir em 2015. Mesma capacidade, para o objeto de pesquisa chamado Kicks, pela Nissan \u2014 leia abaixo. E, exig\u00eancia exponencial, o grande cup\u00ea FCC4 esconde a plataforma do picap\u00e3o ou Strad\u00e3o, pr\u00f3ximo produto da marca Fiat na f\u00e1brica da FCA em Goiana, PE.<\/p>\n<p>&nbsp;<\/p>\n<div class='code-block code-block-7' style='margin: 28px auto; text-align: center; display: block; clear: both;'>\n<script async src=\"https:\/\/pagead2.googlesyndication.com\/pagead\/js\/adsbygoogle.js\"><\/script>\n<!-- AL-quadrado -->\n<ins class=\"adsbygoogle\"\n     style=\"display:block\"\n     data-ad-client=\"ca-pub-1914799802606213\"\n     data-ad-slot=\"5683066082\"\n     data-ad-format=\"auto\"\n     data-full-width-responsive=\"true\"><\/ins>\n<script>\n     (adsbygoogle = window.adsbygoogle || []).push({});\n<\/script><\/div>\n\n<p>&nbsp;<\/p>\n<h2>Mais<\/h2>\n<p>Marcas frequentando o segmento\u00a0Premium das\u00a0maiores vendas \u2014 Audi, BMW, Ford, Mercedes-Benz \u2014 l\u00e1 est\u00e3o. Ford implementou o sistema de navega\u00e7\u00e3o e aplicou cintos de seguran\u00e7a infl\u00e1veis no Fusion. Audi insiste em seu achado, o A3 sed\u00e3 de 1,4 litro, f\u00f3rmula melhor aviada, e abre o portf\u00f3lio com novo TT e modelos RS. BMW, com nova f\u00e1brica catarinense, aposta nos importados da S\u00e9rie 2, a minivan Active Tourer com tra\u00e7\u00e3o dianteira, e nos X: 4, mescla de sed\u00e3 e\u00a0crossover;\u00a05 e 6.<\/p>\n<p>Mercedes, com renova\u00e7\u00e3o de linha, com o Classe C e o pequeno utilit\u00e1rio esporte GLA, rec\u00e9m-apresentado e com fila de espera. O superesportivo AMG GT enche os olhos, instiga o esp\u00edrito. Volkswagen quer entrar na turma dos premium de primeiro degrau com o novo Jetta, a ser montado no Brasil no in\u00edcio de 2015.<\/p>\n<p>No geral, s\u00e9rie especial For You em 5.000 unidades do Hyundai HB20. Jaguar Land Rover anunciou o produto inicial da futura f\u00e1brica em Itatiaia, RJ: o novo Discovery Sport. Coisa distante. Pedra fundamental em dezembro. Exp\u00f4s, tamb\u00e9m, o seu menor sed\u00e3, o XE. Vendas e pre\u00e7o desconhecidos \u2014 na Inglaterra o mesmo de BMW S\u00e9rie 3.<\/p>\n<p>Kia indicou lan\u00e7ar terceira gera\u00e7\u00e3o do SUV Sorento. Carroceria maior em comprimento e largura, menor em altura, cinco ou sete lugares, motoriza\u00e7\u00f5es de 2,4 e 3,3 litros. Produto adicional, a Carnival rec\u00e9m-melhorada, oito lugares e o motor V6 opcional do Sorento. Vendas em mar\u00e7o. Executivos coreanos da Kia sorriram muito, mas n\u00e3o falaram em f\u00e1brica nacional. Nissan levou o sed\u00e3 Versa \u2014 construi-lo-\u00e1 em Rezende, RJ, no primeiro trimestre de 2015.<\/p>\n<p><a href=\"https:\/\/autolivraria.com.br\/bc\/wp-content\/uploads\/2014\/10\/Nissan-Kicks-01.jpg\"><img decoding=\"async\" class=\"alignright size-meia-largura-post wp-image-51963 lazyload\" data-src=\"https:\/\/autolivraria.com.br\/bc\/wp-content\/uploads\/2014\/10\/Nissan-Kicks-01-270x179.jpg\" alt=\"Nissan Kicks\" width=\"270\" height=\"179\" src=\"data:image\/svg+xml;base64,PHN2ZyB3aWR0aD0iMSIgaGVpZ2h0PSIxIiB4bWxucz0iaHR0cDovL3d3dy53My5vcmcvMjAwMC9zdmciPjwvc3ZnPg==\" style=\"--smush-placeholder-width: 270px; --smush-placeholder-aspect-ratio: 270\/179;\" \/><\/a>N\u00e3o veja o conceito Kicks (\u00e0 direita), linhas atl\u00e9ticas \u2014 e n\u00e3o musculosas, como explicou Shiro Nakamura, VP mundial de\u00a0design \u2014\u00a0como ve\u00edculo para pesquisa. Olhe-o direito e entenda, mercado em franca decolagem, plataforma do Versa, est\u00e1 ali como pr\u00e9-apresenta\u00e7\u00e3o. O Kicks, nome registrado, ter\u00e1 produ\u00e7\u00e3o local.<\/p>\n<p>Para Subaru verdadeira novidade do ano, al\u00e9m dos elaborados e infernais sed\u00e3s WRX e WRX STI, com 268 e 305 cv, desenvolvidos e aprimorados em\u00a0ralis\u00a0e corridas, \u00e9 a defini\u00e7\u00e3o pelo Grupo CAOA de melhor ocupar o mercado brasileiro. Autom\u00f3veis de qualidade, n\u00e3o s\u00e3o bem explorados. Ant\u00f4nio Maciel Neto, agora presidente da opera\u00e7\u00e3o, diz ser para valer.<\/p>\n<p>Outra marca alavancando posi\u00e7\u00f5es para alavancar sua posi\u00e7\u00e3o \u00e9 a Suzuki. A opera\u00e7\u00e3o de montagem em Catal\u00e3o, GO, v\u00ea a expans\u00e3o de vendas do jipinho Jimny e novos produtos nos revendedores: pequeno sed\u00e3 Swift Sport; vers\u00e3o do Vitara esportivada localmente e a grande cartada, o S-Cross. Tecnologia moderna de intensa redu\u00e7\u00e3o de peso pelo uso de chapas estampadas a quente, motor 1,6-litro permite bons resultados em opera\u00e7\u00e3o e economia, linhas sugerem inspira\u00e7\u00e3o em cruza de sed\u00e3 com crossover. Transmiss\u00e3o revolucion\u00e1ria percebendo a necessidade do uso de tra\u00e7\u00e3o total, a depender do pre\u00e7o ser\u00e1 um sucesso de vendas.<\/p>\n<p>Volkswagen retocou a linha, criou vers\u00f5es, importa a nova edi\u00e7\u00e3o R do Touareg. Atra\u00e7\u00e3o objetiva, o novo Jetta, requerendo passaporte brasileiro.<\/p>\n<p>&nbsp;<\/p>\n<h2>Outro olhar<\/h2>\n<p>Inimagin\u00e1vel h\u00e1 10 anos carros chineses no Brasil. Menos ainda feitos aqui. Mas a realidade mudou, e o Sal\u00e3o mostra isto. Na JAC ampla rela\u00e7\u00e3o de modelos, exceto o futuro autom\u00f3vel a ser feito na f\u00e1brica da Bahia, ainda em projeto final. Mas quer preencher o mercado com dois utilit\u00e1rios esporte: T6, do tamanho do Duster, e T5, regulando com o Ecosport.<\/p>\n<p>Geely busca formar rede para distribuir o SUV EX7, a ser produzido no Uruguai. Al\u00e9m deste ajuste industrial, chineses da marca estiveram no Sal\u00e3o instigando Jos\u00e9 Luiz Gandini, controlador da marca no Brasil, a implantar f\u00e1brica local.<\/p>\n<p>Outra, a Chery, com f\u00e1brica pronta para motores e autom\u00f3veis, em lerdo deslanchar com produto inicial, o Celler, e outro, ora importado e futuro nacional, o novo QQ. Arrematando a presen\u00e7a chinesa, a Lifan exp\u00f5e rec\u00e9m-lan\u00e7ado sed\u00e3 530, pequeno picape Foison e X50, SUV urbano, montados em Montevid\u00e9u.<\/p>\n<p>&nbsp;<\/p>\n<h2>Por a\u00ed<\/h2>\n<p>Visitante observador perceber\u00e1 no Sal\u00e3o as d\u00favidas a impactar o setor e o empresariado brasileiro sobre a falta de direcionamento pol\u00edtico, econ\u00f4mico e diplom\u00e1tico na atual quadra, e a certeza de n\u00fameros mornos no primeiro semestre de 2015. Com mercado contra\u00eddo por condi\u00e7\u00f5es internas, dificuldades de exporta\u00e7\u00e3o, sem acordos comerciais com pa\u00edses extra-Mercosul e a lentid\u00e3o proposital destes nos processos de importa\u00e7\u00e3o e pagamento, o Sal\u00e3o \u00e9 o reflexo desta quadra sem maiores perspectivas.<\/p>\n<p>N\u00e3o houve, porque n\u00e3o h\u00e1, nenhum fabricante brasileiro, prova da falta de pol\u00edtica especializada para o setor. Uma vergonha, mercado com tal potencial n\u00e3o ter conseguido desenvolver e manter uma marca nacional, e rotulando o pa\u00eds apenas como bom adaptador \u2014 quando os fabricantes permitem \u2014 de projetos estrangeiros. Perceber\u00e1 tamb\u00e9m a presen\u00e7a de in\u00fameros ve\u00edculos el\u00e9tricos. A indefini\u00e7\u00e3o oficial quanto ao setor isenta parte do superimposto de prote\u00e7\u00e3o alfandeg\u00e1ria apenas os h\u00edbridos geradores de sua pr\u00f3pria energia.<\/p>\n<p>Melhor discurso dentre as dezenas nas compactadas 28 apresenta\u00e7\u00f5es foi de Cledorvino Belini, presidente da Fiat na Am\u00e9rica do Sul, ao exortar a uni\u00e3o no per\u00edodo p\u00f3s-eleitoral. A FCA perdeu a oportunidade de colocar um Jeep de 1942 ao lado do novo Renegade. A especialidade e o caminho do 4&#215;4 come\u00e7aram ali, h\u00e1 mais de 70 anos.<\/p>\n<p>Do governo federal, sem estande ou festa merecida, executivos p\u00fablicos do Inmetro premiavam as ind\u00fastrias com ve\u00edculos que indicassem ganhos na redu\u00e7\u00e3o de consumo. H\u00e1 30 anos grupo de engenheiros do governo tenta convencer o pr\u00f3prio governo da necessidade do estabelecer regras, par\u00e2metros e aferi\u00e7\u00f5es para a redu\u00e7\u00e3o de consumo atrav\u00e9s de uma medi\u00e7\u00e3o-padr\u00e3o. O programa anda, lenta e exitosamente, apesar de marcas, como a General Motors, se negarem a permitir avaliar seus produtos.<\/p>\n<p>Mudan\u00e7a tecnol\u00f3gica com os chineses, sempre em grupo, fotografando detalhes impercept\u00edveis dos ve\u00edculos. Neste ano trouxeram carrinho el\u00e9trico com filmadora, passando-o sob os carros expostos para ver detalhes alheios. O calor est\u00e1 menos inclemente com a implanta\u00e7\u00e3o de sistema de umidifica\u00e7\u00e3o. Aus\u00eancia, e parece definitiva, o velho vendedor de uvas carameladas, destaque na alimenta\u00e7\u00e3o sem destaque havida na mostra.<\/p>\n<p>&nbsp;<\/p>\n<div class='et-box et-shadow'>\n\t\t\t\t\t<div class='et-box-content'><h2>Autom\u00f3vel no Brasil come\u00e7ou com a Peugeot<\/h2>\n<p>&nbsp;<\/p>\n<p><img decoding=\"async\" class=\"alignleft size-full wp-image-52322 lazyload\" data-src=\"https:\/\/autolivraria.com.br\/bc\/wp-content\/uploads\/2014\/10\/De-Carro-por-Ai-Peugeot.jpg\" alt=\"De Carro por A\u00ed - Peugeot\" width=\"270\" height=\"236\" data-srcset=\"https:\/\/autolivraria.com.br\/bc\/wp-content\/uploads\/2014\/10\/De-Carro-por-Ai-Peugeot.jpg 270w, https:\/\/autolivraria.com.br\/bc\/wp-content\/uploads\/2014\/10\/De-Carro-por-Ai-Peugeot-168x146.jpg 168w\" data-sizes=\"(max-width: 270px) 100vw, 270px\" src=\"data:image\/svg+xml;base64,PHN2ZyB3aWR0aD0iMSIgaGVpZ2h0PSIxIiB4bWxucz0iaHR0cDovL3d3dy53My5vcmcvMjAwMC9zdmciPjwvc3ZnPg==\" style=\"--smush-placeholder-width: 270px; --smush-placeholder-aspect-ratio: 270\/236;\" \/>Em nosso pa\u00eds, o primeiro ve\u00edculo capaz de andar por seus pr\u00f3prios meios, em \u00e9poca quando n\u00e3o havia, sequer, um termo para descrever tal artefato ou capacidade, foi o Peugeot comprado por Alberto Santos-Dumont (foto), um Typ 3, comprado na f\u00e1brica. Aqui chegou em 1891 pelo vapor Portugal, desembarcando em Santos, SP.<\/p>\n<p>Com a volta de Alberto \u00e0 Fran\u00e7a no desenvolver seus projetos que se transformariam em avi\u00f5es, ficou im\u00f3vel na casa da fam\u00edlia, \u00e0 rua Helvetia, em S\u00e3o Paulo. Henrique, irm\u00e3o de Alberto, encomendou a este gerenciasse a produ\u00e7\u00e3o de uma unidade. A encomenda, de 1896, foi entregue em 1897. Foi o primeiro propriet\u00e1rio a reclamar de taxa criada pela Prefeitura. Engenheiro, entendia, o governo n\u00e3o podia cobrar taxa sobre ve\u00edculos, se n\u00e3o oferecia ruas sem buracos para seu uso. Perdeu.<\/p>\n<p>O Peugeot de Alberto gerou outros registros: foi, durante cinco anos, o primeiro e \u00fanico autom\u00f3vel no Brasil; primeiro na Am\u00e9rica Latina; representou a compra de metade da produ\u00e7\u00e3o da Peugeot em 1890. Estatisticamente transformou a Peugeot em l\u00edder absoluta do mercado brasileiro, e publicitariamente na marca preferida por 100% dos consumidores. H\u00e1 mais, para outra hist\u00f3ria.<\/p><\/div><\/div>\n<p>&nbsp;<\/p>\n<h6><em>A coluna expressa as opini\u00f5es do colunista e n\u00e3o as do Best Cars<\/em><\/h6>\n<p>&nbsp;<\/p>\n<p>&nbsp;<\/p>\n","protected":false},"excerpt":{"rendered":"<p>H\u00e1 muitos atrativos em meio \u00e0 grande festa. Novidades? A maioria das marcas exibe lan\u00e7amentos que far\u00e3o mais tarde<\/p>\n","protected":false},"author":6,"featured_media":0,"comment_status":"open","ping_status":"closed","sticky":false,"template":"","format":"standard","meta":{"_joinchat":[],"footnotes":""},"categories":[3337],"tags":[153,3338,591,632,3239],"class_list":["post-52319","post","type-post","status-publish","format-standard","hentry","category-de-carro-por-ai","tag-colunas-2","tag-de-carro-por-ai-2","tag-mercado","tag-salao-de-sao-paulo","tag-salao-de-sao-paulo-2014"],"amp_enabled":true,"_links":{"self":[{"href":"https:\/\/autolivraria.com.br\/bc\/wp-json\/wp\/v2\/posts\/52319","targetHints":{"allow":["GET"]}}],"collection":[{"href":"https:\/\/autolivraria.com.br\/bc\/wp-json\/wp\/v2\/posts"}],"about":[{"href":"https:\/\/autolivraria.com.br\/bc\/wp-json\/wp\/v2\/types\/post"}],"author":[{"embeddable":true,"href":"https:\/\/autolivraria.com.br\/bc\/wp-json\/wp\/v2\/users\/6"}],"replies":[{"embeddable":true,"href":"https:\/\/autolivraria.com.br\/bc\/wp-json\/wp\/v2\/comments?post=52319"}],"version-history":[{"count":0,"href":"https:\/\/autolivraria.com.br\/bc\/wp-json\/wp\/v2\/posts\/52319\/revisions"}],"wp:attachment":[{"href":"https:\/\/autolivraria.com.br\/bc\/wp-json\/wp\/v2\/media?parent=52319"}],"wp:term":[{"taxonomy":"category","embeddable":true,"href":"https:\/\/autolivraria.com.br\/bc\/wp-json\/wp\/v2\/categories?post=52319"},{"taxonomy":"post_tag","embeddable":true,"href":"https:\/\/autolivraria.com.br\/bc\/wp-json\/wp\/v2\/tags?post=52319"}],"curies":[{"name":"wp","href":"https:\/\/api.w.org\/{rel}","templated":true}]}}