{"id":53786,"date":"2014-11-25T09:30:57","date_gmt":"2014-11-25T12:30:57","guid":{"rendered":"http:\/\/bestcars.uol.com.br\/bc\/?p=53786"},"modified":"2014-12-03T08:43:19","modified_gmt":"2014-12-03T11:43:19","slug":"chevrolet-cruze-2015-muda-visual-e-aprimora-cambio","status":"publish","type":"post","link":"https:\/\/autolivraria.com.br\/bc\/informe-se\/noticias\/chevrolet-cruze-2015-muda-visual-e-aprimora-cambio\/","title":{"rendered":"Chevrolet Cruze 2015 muda visual e aprimora c\u00e2mbio"},"content":{"rendered":"<p><a href=\"https:\/\/autolivraria.com.br\/bc\/wp-content\/uploads\/2014\/11\/Chevrolet-Cruze-hatch-2015-01.jpg\"><img fetchpriority=\"high\" decoding=\"async\" class=\"aligncenter size-medium wp-image-53792\" src=\"https:\/\/autolivraria.com.br\/bc\/wp-content\/uploads\/2014\/11\/Chevrolet-Cruze-hatch-2015-01-560x373.jpg\" alt=\"Chevrolet Cruze hatch 2015 01\" width=\"560\" height=\"373\" srcset=\"https:\/\/autolivraria.com.br\/bc\/wp-content\/uploads\/2014\/11\/Chevrolet-Cruze-hatch-2015-01-560x373.jpg 560w, https:\/\/autolivraria.com.br\/bc\/wp-content\/uploads\/2014\/11\/Chevrolet-Cruze-hatch-2015-01-470x313.jpg 470w, https:\/\/autolivraria.com.br\/bc\/wp-content\/uploads\/2014\/11\/Chevrolet-Cruze-hatch-2015-01-270x179.jpg 270w, https:\/\/autolivraria.com.br\/bc\/wp-content\/uploads\/2014\/11\/Chevrolet-Cruze-hatch-2015-01-168x111.jpg 168w, https:\/\/autolivraria.com.br\/bc\/wp-content\/uploads\/2014\/11\/Chevrolet-Cruze-hatch-2015-01.jpg 1280w\" sizes=\"(max-width: 560px) 100vw, 560px\" \/><\/a><\/p>\n<p>&nbsp;<\/p>\n<p>A Chevrolet lan\u00e7a o Cruze hatch e o sed\u00e3 para 2015 com altera\u00e7\u00f5es visuais e revis\u00f5es t\u00e9cnicas, como apresentados em outubro no Sal\u00e3o de S\u00e3o Paulo. Os dois modelos ganham frente com novos\u00a0para-choque e grade, al\u00e9m de luzes diurnas de leds sobre os far\u00f3is de neblina, e rodas de 17 pol redesenhadas nas vers\u00f5es LT e LTZ. O desequil\u00edbrio est\u00e9tico entre a grade de cantos arredondados e os far\u00f3is retil\u00edneos deixa \u00e0 mostra o que mudou e o que foi mantido. O interior recebeu itens como levantamento autom\u00e1tico de vidros ao travar as portas pelo controle remoto, acionamento do motor por tecla no chaveiro e a op\u00e7\u00e3o de revestimento interno em dois tons de couro, preto e marrom, para o LTZ.<\/p>\n<p>&nbsp;<\/p>\n<div class='code-block code-block-7' style='margin: 28px auto; text-align: center; display: block; clear: both;'>\n<script async src=\"https:\/\/pagead2.googlesyndication.com\/pagead\/js\/adsbygoogle.js\"><\/script>\n<!-- AL-quadrado -->\n<ins class=\"adsbygoogle\"\n     style=\"display:block\"\n     data-ad-client=\"ca-pub-1914799802606213\"\n     data-ad-slot=\"5683066082\"\n     data-ad-format=\"auto\"\n     data-full-width-responsive=\"true\"><\/ins>\n<script>\n     (adsbygoogle = window.adsbygoogle || []).push({});\n<\/script><\/div>\n\n<p>&nbsp;<\/p>\n<p>O conte\u00fado de s\u00e9rie n\u00e3o muda. A vers\u00e3o LT vem com\u00a0controles eletr\u00f4nicos de tra\u00e7\u00e3o e estabilidade, bolsas infl\u00e1veis\u00a0laterais,\u00a0sistema Isofix para a fixa\u00e7\u00e3o de cadeiras infantis, ar-condicionado autom\u00e1tico, retrovisor interno fotocr\u00f4mico, sistema multim\u00eddia com Bluetooth e comando por voz e rodas de alum\u00ednio de 17 pol. A LTZ adiciona bancos de couro, far\u00f3is e limpador de para-brisa autom\u00e1ticos,\u00a0c\u00e2mera\u00a0de\u00a0aux\u00edlio a manobras, navegador, cortinas infl\u00e1veis e acesso\/partida sem uso de chave. H\u00e1 pacotes LT2 e, s\u00f3 para o sed\u00e3, LT3. Os pre\u00e7os s\u00e3o: hatch LT, R$ 70.400; LT2, R$ 77.100; LTZ, R$ 86.400; sed\u00e3 LT, R$ 73.500; LT2, R$ 77.100; LT3, R$ 79.100; e LTZ, R$ 87.300.<\/p>\n<p>O motor de 1,8 litro e 16 v\u00e1lvulas permanece inalterado em pot\u00eancia e torque, com 140 cv e 17,8 m.kgf com gasolina e 144 cv e 18,9 m.kgf com \u00e1lcool, mas houve recalibra\u00e7\u00e3o eletr\u00f4nica a fim de atender \u00e0s queixas de consumo elevado. Tamb\u00e9m \u00e9 anunciada evolu\u00e7\u00e3o para o c\u00e2mbio autom\u00e1tico de seis marchas, agora capaz de efetuar as trocas em metade do tempo e de\u00a0realizar redu\u00e7\u00f5es duplas e triplas. A\u00a0GM anuncia redu\u00e7\u00e3o de 1,2 segundo na acelera\u00e7\u00e3o de 0 a 100 km\/h, agora em 10,2 s com \u00e1lcool (10,9 s com gasolina), o que nos parece um tanto otimista para um carro sem qualquer aumento de pot\u00eancia ou torque e, aparentemente, indica que o c\u00e2mbio anterior prejudicava muito seu desempenho.<\/p>\n<p>&nbsp;<\/p>\n<div id='gallery-1' class='gallery galleryid-53786 gallery-columns-3 gallery-size-thumbnail'><figure class='gallery-item'>\n\t\t\t<div class='gallery-icon landscape'>\n\t\t\t\t<a href='https:\/\/autolivraria.com.br\/bc\/wp-content\/uploads\/2014\/11\/Chevrolet-Cruze-2015-01.jpg'><img decoding=\"async\" width=\"222\" height=\"222\" data-src=\"https:\/\/autolivraria.com.br\/bc\/wp-content\/uploads\/2014\/11\/Chevrolet-Cruze-2015-01-222x222.jpg\" class=\"attachment-thumbnail size-thumbnail lazyload\" alt=\"\" src=\"data:image\/svg+xml;base64,PHN2ZyB3aWR0aD0iMSIgaGVpZ2h0PSIxIiB4bWxucz0iaHR0cDovL3d3dy53My5vcmcvMjAwMC9zdmciPjwvc3ZnPg==\" style=\"--smush-placeholder-width: 222px; --smush-placeholder-aspect-ratio: 222\/222;\" \/><\/a>\n\t\t\t<\/div><\/figure><figure class='gallery-item'>\n\t\t\t<div class='gallery-icon landscape'>\n\t\t\t\t<a href='https:\/\/autolivraria.com.br\/bc\/wp-content\/uploads\/2014\/11\/Chevrolet-Cruze-2015-02.jpg'><img decoding=\"async\" width=\"168\" height=\"168\" data-src=\"https:\/\/autolivraria.com.br\/bc\/wp-content\/uploads\/2014\/11\/Chevrolet-Cruze-2015-02-168x168.jpg\" class=\"attachment-thumbnail size-thumbnail lazyload\" alt=\"\" src=\"data:image\/svg+xml;base64,PHN2ZyB3aWR0aD0iMSIgaGVpZ2h0PSIxIiB4bWxucz0iaHR0cDovL3d3dy53My5vcmcvMjAwMC9zdmciPjwvc3ZnPg==\" style=\"--smush-placeholder-width: 168px; --smush-placeholder-aspect-ratio: 168\/168;\" \/><\/a>\n\t\t\t<\/div><\/figure><figure class='gallery-item'>\n\t\t\t<div class='gallery-icon landscape'>\n\t\t\t\t<a href='https:\/\/autolivraria.com.br\/bc\/wp-content\/uploads\/2014\/11\/Chevrolet-Cruze-2015-03.jpg'><img decoding=\"async\" width=\"168\" height=\"168\" data-src=\"https:\/\/autolivraria.com.br\/bc\/wp-content\/uploads\/2014\/11\/Chevrolet-Cruze-2015-03-168x168.jpg\" class=\"attachment-thumbnail size-thumbnail lazyload\" alt=\"\" src=\"data:image\/svg+xml;base64,PHN2ZyB3aWR0aD0iMSIgaGVpZ2h0PSIxIiB4bWxucz0iaHR0cDovL3d3dy53My5vcmcvMjAwMC9zdmciPjwvc3ZnPg==\" style=\"--smush-placeholder-width: 168px; --smush-placeholder-aspect-ratio: 168\/168;\" \/><\/a>\n\t\t\t<\/div><\/figure><figure class='gallery-item'>\n\t\t\t<div class='gallery-icon landscape'>\n\t\t\t\t<a href='https:\/\/autolivraria.com.br\/bc\/wp-content\/uploads\/2014\/11\/Chevrolet-Cruze-hatch-2015-01.jpg'><img decoding=\"async\" width=\"168\" height=\"168\" data-src=\"https:\/\/autolivraria.com.br\/bc\/wp-content\/uploads\/2014\/11\/Chevrolet-Cruze-hatch-2015-01-168x168.jpg\" class=\"attachment-thumbnail size-thumbnail lazyload\" alt=\"\" src=\"data:image\/svg+xml;base64,PHN2ZyB3aWR0aD0iMSIgaGVpZ2h0PSIxIiB4bWxucz0iaHR0cDovL3d3dy53My5vcmcvMjAwMC9zdmciPjwvc3ZnPg==\" style=\"--smush-placeholder-width: 168px; --smush-placeholder-aspect-ratio: 168\/168;\" \/><\/a>\n\t\t\t<\/div><\/figure><figure class='gallery-item'>\n\t\t\t<div class='gallery-icon landscape'>\n\t\t\t\t<a href='https:\/\/autolivraria.com.br\/bc\/wp-content\/uploads\/2014\/11\/Chevrolet-Cruze-hatch-2015-02.jpg'><img decoding=\"async\" width=\"168\" height=\"168\" data-src=\"https:\/\/autolivraria.com.br\/bc\/wp-content\/uploads\/2014\/11\/Chevrolet-Cruze-hatch-2015-02-168x168.jpg\" class=\"attachment-thumbnail size-thumbnail lazyload\" alt=\"\" src=\"data:image\/svg+xml;base64,PHN2ZyB3aWR0aD0iMSIgaGVpZ2h0PSIxIiB4bWxucz0iaHR0cDovL3d3dy53My5vcmcvMjAwMC9zdmciPjwvc3ZnPg==\" style=\"--smush-placeholder-width: 168px; --smush-placeholder-aspect-ratio: 168\/168;\" \/><\/a>\n\t\t\t<\/div><\/figure><figure class='gallery-item'>\n\t\t\t<div class='gallery-icon landscape'>\n\t\t\t\t<a href='https:\/\/autolivraria.com.br\/bc\/wp-content\/uploads\/2014\/11\/Chevrolet-Cruze-2015-11.jpg'><img decoding=\"async\" width=\"168\" height=\"168\" data-src=\"https:\/\/autolivraria.com.br\/bc\/wp-content\/uploads\/2014\/11\/Chevrolet-Cruze-2015-11-168x168.jpg\" class=\"attachment-thumbnail size-thumbnail lazyload\" alt=\"\" src=\"data:image\/svg+xml;base64,PHN2ZyB3aWR0aD0iMSIgaGVpZ2h0PSIxIiB4bWxucz0iaHR0cDovL3d3dy53My5vcmcvMjAwMC9zdmciPjwvc3ZnPg==\" style=\"--smush-placeholder-width: 168px; --smush-placeholder-aspect-ratio: 168\/168;\" \/><\/a>\n\t\t\t<\/div><\/figure><figure class='gallery-item'>\n\t\t\t<div class='gallery-icon landscape'>\n\t\t\t\t<a href='https:\/\/autolivraria.com.br\/bc\/wp-content\/uploads\/2014\/11\/Chevrolet-Cruze-2015-12.jpg'><img decoding=\"async\" width=\"168\" height=\"168\" data-src=\"https:\/\/autolivraria.com.br\/bc\/wp-content\/uploads\/2014\/11\/Chevrolet-Cruze-2015-12-168x168.jpg\" class=\"attachment-thumbnail size-thumbnail lazyload\" alt=\"\" src=\"data:image\/svg+xml;base64,PHN2ZyB3aWR0aD0iMSIgaGVpZ2h0PSIxIiB4bWxucz0iaHR0cDovL3d3dy53My5vcmcvMjAwMC9zdmciPjwvc3ZnPg==\" style=\"--smush-placeholder-width: 168px; --smush-placeholder-aspect-ratio: 168\/168;\" \/><\/a>\n\t\t\t<\/div><\/figure><figure class='gallery-item'>\n\t\t\t<div class='gallery-icon landscape'>\n\t\t\t\t<a href='https:\/\/autolivraria.com.br\/bc\/wp-content\/uploads\/2014\/11\/Chevrolet-Cruze-hatch-2015-07.jpg'><img decoding=\"async\" width=\"168\" height=\"168\" data-src=\"https:\/\/autolivraria.com.br\/bc\/wp-content\/uploads\/2014\/11\/Chevrolet-Cruze-hatch-2015-07-168x168.jpg\" class=\"attachment-thumbnail size-thumbnail lazyload\" alt=\"\" src=\"data:image\/svg+xml;base64,PHN2ZyB3aWR0aD0iMSIgaGVpZ2h0PSIxIiB4bWxucz0iaHR0cDovL3d3dy53My5vcmcvMjAwMC9zdmciPjwvc3ZnPg==\" style=\"--smush-placeholder-width: 168px; --smush-placeholder-aspect-ratio: 168\/168;\" \/><\/a>\n\t\t\t<\/div><\/figure>\n\t\t<\/div>\n\n<h6><em>Texto: Fabr\u00edcio Samah\u00e1 &#8211; Fotos: divulga\u00e7\u00e3o<\/em><\/h6>\n<p>&nbsp;<\/p>\n","protected":false},"excerpt":{"rendered":"<p>&nbsp; A Chevrolet lan\u00e7a o Cruze hatch e o sed\u00e3 para 2015 com altera\u00e7\u00f5es visuais e revis\u00f5es t\u00e9cnicas, como apresentados em outubro no Sal\u00e3o de S\u00e3o Paulo. Os dois modelos ganham frente com novos\u00a0para-choque e grade, al\u00e9m de luzes diurnas de leds sobre os far\u00f3is de neblina, e rodas de 17 pol redesenhadas nas vers\u00f5es<\/p>\n","protected":false},"author":6,"featured_media":53792,"comment_status":"open","ping_status":"closed","sticky":false,"template":"","format":"standard","meta":{"_joinchat":[],"footnotes":""},"categories":[8],"tags":[100,1183,2298,2299,2814,94],"class_list":["post-53786","post","type-post","status-publish","format-standard","has-post-thumbnail","hentry","category-noticias","tag-chevrolet","tag-cruze","tag-cruze-lt","tag-cruze-ltz","tag-cruze-sport6","tag-noticias-2"],"amp_enabled":true,"_links":{"self":[{"href":"https:\/\/autolivraria.com.br\/bc\/wp-json\/wp\/v2\/posts\/53786","targetHints":{"allow":["GET"]}}],"collection":[{"href":"https:\/\/autolivraria.com.br\/bc\/wp-json\/wp\/v2\/posts"}],"about":[{"href":"https:\/\/autolivraria.com.br\/bc\/wp-json\/wp\/v2\/types\/post"}],"author":[{"embeddable":true,"href":"https:\/\/autolivraria.com.br\/bc\/wp-json\/wp\/v2\/users\/6"}],"replies":[{"embeddable":true,"href":"https:\/\/autolivraria.com.br\/bc\/wp-json\/wp\/v2\/comments?post=53786"}],"version-history":[{"count":0,"href":"https:\/\/autolivraria.com.br\/bc\/wp-json\/wp\/v2\/posts\/53786\/revisions"}],"wp:featuredmedia":[{"embeddable":true,"href":"https:\/\/autolivraria.com.br\/bc\/wp-json\/wp\/v2\/media\/53792"}],"wp:attachment":[{"href":"https:\/\/autolivraria.com.br\/bc\/wp-json\/wp\/v2\/media?parent=53786"}],"wp:term":[{"taxonomy":"category","embeddable":true,"href":"https:\/\/autolivraria.com.br\/bc\/wp-json\/wp\/v2\/categories?post=53786"},{"taxonomy":"post_tag","embeddable":true,"href":"https:\/\/autolivraria.com.br\/bc\/wp-json\/wp\/v2\/tags?post=53786"}],"curies":[{"name":"wp","href":"https:\/\/api.w.org\/{rel}","templated":true}]}}