{"id":56764,"date":"2015-02-25T20:20:53","date_gmt":"2015-02-25T23:20:53","guid":{"rendered":"http:\/\/bestcars.uol.com.br\/bc\/?p=56764"},"modified":"2015-03-03T11:00:08","modified_gmt":"2015-03-03T14:00:08","slug":"teste-vw-jetta-2015-deixa-a-melhor-novidade-para-depois","status":"publish","type":"post","link":"https:\/\/autolivraria.com.br\/bc\/informe-se\/avaliacao\/teste-vw-jetta-2015-deixa-a-melhor-novidade-para-depois\/","title":{"rendered":"VW Jetta 2015 deixa a melhor novidade para depois"},"content":{"rendered":"<p><a href=\"https:\/\/autolivraria.com.br\/bc\/wp-content\/uploads\/2015\/02\/VW-Jetta-Comfortline-01.jpg\"><img fetchpriority=\"high\" decoding=\"async\" class=\"aligncenter size-medium wp-image-56765\" src=\"https:\/\/autolivraria.com.br\/bc\/wp-content\/uploads\/2015\/02\/VW-Jetta-Comfortline-01-560x373.jpg\" alt=\"VW Jetta Comfortline\" width=\"560\" height=\"373\" \/><\/a><\/p>\n<p>&nbsp;<\/p>\n<h2>O motor turbo de 1,4 litro ainda n\u00e3o veio, mas o sed\u00e3 ganhou<br \/>\nmudan\u00e7as\u00a0de estilo e uma vers\u00e3o Trendline na base da linha<\/h2>\n<h6><em>Texto: Geraldo Tite Sim\u00f5es &#8211; Fotos: divulga\u00e7\u00e3o<\/em><\/h6>\n<p>&nbsp;<\/p>\n<p>Retoques visuais e uma vers\u00e3o mais acess\u00edvel s\u00e3o as novidades do Volkswagen Jetta 2015, que come\u00e7a a ser vendido ainda importado do M\u00e9xico (ainda neste primeiro semestre ser\u00e1 fabricado em S\u00e3o Bernardo do Campo, SP). S\u00e3o altera\u00e7\u00f5es t\u00edmidas, mas que a VW espera serem suficientes para manter sua competividade em um segmento bastante movimentado \u2014 nos \u00faltimos 18 meses ele recebeu novas gera\u00e7\u00f5es de <a href=\"https:\/\/autolivraria.com.br\/bc\/tag\/focus\" target=\"_blank\">Ford Focus<\/a>, <a href=\"https:\/\/autolivraria.com.br\/bc\/tag\/sentra\" target=\"_blank\">Nissan Sentra<\/a> e <a href=\"https:\/\/autolivraria.com.br\/bc\/tag\/corolla\" target=\"_blank\">Toyota Corolla<\/a>, al\u00e9m do <a href=\"https:\/\/autolivraria.com.br\/bc\/tag\/c4-lounge\" target=\"_blank\">Citro\u00ebn C4 Lounge<\/a>.<\/p>\n<p>Agora, al\u00e9m das vers\u00f5es Comfortline (com motor aspirado e flex\u00edvel de 2,0 litros e caixa de c\u00e2mbio autom\u00e1tica de seis marchas \u2014 deixa de ser oferecida a manual) e Highline TSI (com o turbo a gasolina de 2,0 litros e c\u00e2mbio automatizado DSG de <a href=\"https:\/\/autolivraria.com.br\/bc\/glossario-e\/#embr\" target=\"_blank\">dupla embreagem<\/a>, tamb\u00e9m com seis marchas), o Jetta oferece o acabamento de entrada Trendline, com mec\u00e2nica igual \u00e0 do Comfortline.<\/p>\n<p>Embora os pre\u00e7os das vers\u00f5es n\u00e3o tenham sido divulgados no lan\u00e7amento \u00e0 imprensa, a VW fala em cerca de R$ 75 mil para o Trendline. No modelo antigo, o Comfortline autom\u00e1tico custava pouco menos (R$ 74.630) e o Highline partia de R$ 96.870 (<em>confira os equipamentos de s\u00e9rie e opcionais de cada um no quadro abaixo<\/em>).<\/p>\n<p>&nbsp;<\/p>\n<div class='one_half'>\n\t\t\t\t\t<a href=\"https:\/\/autolivraria.com.br\/bc\/wp-content\/uploads\/2015\/02\/VW-Jetta-Trendline-01.jpg\"><img decoding=\"async\" class=\"aligncenter size-meia-largura-post wp-image-56766 lazyload\" data-src=\"https:\/\/autolivraria.com.br\/bc\/wp-content\/uploads\/2015\/02\/VW-Jetta-Trendline-01-270x180.jpg\" alt=\"VW Jetta Trendline\" width=\"270\" height=\"180\" data-srcset=\"https:\/\/autolivraria.com.br\/bc\/wp-content\/uploads\/2015\/02\/VW-Jetta-Trendline-01-270x180.jpg 270w, https:\/\/autolivraria.com.br\/bc\/wp-content\/uploads\/2015\/02\/VW-Jetta-Trendline-01-560x373.jpg 560w, https:\/\/autolivraria.com.br\/bc\/wp-content\/uploads\/2015\/02\/VW-Jetta-Trendline-01.jpg 1280w, https:\/\/autolivraria.com.br\/bc\/wp-content\/uploads\/2015\/02\/VW-Jetta-Trendline-01-470x313.jpg 470w, https:\/\/autolivraria.com.br\/bc\/wp-content\/uploads\/2015\/02\/VW-Jetta-Trendline-01-168x112.jpg 168w, https:\/\/autolivraria.com.br\/bc\/wp-content\/uploads\/2015\/02\/VW-Jetta-Trendline-01-250x167.jpg 250w, https:\/\/autolivraria.com.br\/bc\/wp-content\/uploads\/2015\/02\/VW-Jetta-Trendline-01-150x100.jpg 150w, https:\/\/autolivraria.com.br\/bc\/wp-content\/uploads\/2015\/02\/VW-Jetta-Trendline-01-120x80.jpg 120w\" data-sizes=\"(max-width: 270px) 100vw, 270px\" src=\"data:image\/svg+xml;base64,PHN2ZyB3aWR0aD0iMSIgaGVpZ2h0PSIxIiB4bWxucz0iaHR0cDovL3d3dy53My5vcmcvMjAwMC9zdmciPjwvc3ZnPg==\" style=\"--smush-placeholder-width: 270px; --smush-placeholder-aspect-ratio: 270\/180;\" \/><\/a>\n\t\t\t\t<\/div>\n<div class='one_half last'>\n\t\t\t\t\t<a href=\"https:\/\/autolivraria.com.br\/bc\/wp-content\/uploads\/2015\/02\/VW-Jetta-Trendline-06.jpg\"><img decoding=\"async\" class=\"aligncenter size-meia-largura-post wp-image-56767 lazyload\" data-src=\"https:\/\/autolivraria.com.br\/bc\/wp-content\/uploads\/2015\/02\/VW-Jetta-Trendline-06-270x180.jpg\" alt=\"VW Jetta Trendline\" width=\"270\" height=\"180\" data-srcset=\"https:\/\/autolivraria.com.br\/bc\/wp-content\/uploads\/2015\/02\/VW-Jetta-Trendline-06-270x180.jpg 270w, https:\/\/autolivraria.com.br\/bc\/wp-content\/uploads\/2015\/02\/VW-Jetta-Trendline-06-560x373.jpg 560w, https:\/\/autolivraria.com.br\/bc\/wp-content\/uploads\/2015\/02\/VW-Jetta-Trendline-06.jpg 1280w, https:\/\/autolivraria.com.br\/bc\/wp-content\/uploads\/2015\/02\/VW-Jetta-Trendline-06-470x313.jpg 470w, https:\/\/autolivraria.com.br\/bc\/wp-content\/uploads\/2015\/02\/VW-Jetta-Trendline-06-168x112.jpg 168w, https:\/\/autolivraria.com.br\/bc\/wp-content\/uploads\/2015\/02\/VW-Jetta-Trendline-06-250x167.jpg 250w, https:\/\/autolivraria.com.br\/bc\/wp-content\/uploads\/2015\/02\/VW-Jetta-Trendline-06-150x100.jpg 150w, https:\/\/autolivraria.com.br\/bc\/wp-content\/uploads\/2015\/02\/VW-Jetta-Trendline-06-120x80.jpg 120w\" data-sizes=\"(max-width: 270px) 100vw, 270px\" src=\"data:image\/svg+xml;base64,PHN2ZyB3aWR0aD0iMSIgaGVpZ2h0PSIxIiB4bWxucz0iaHR0cDovL3d3dy53My5vcmcvMjAwMC9zdmciPjwvc3ZnPg==\" style=\"--smush-placeholder-width: 270px; --smush-placeholder-aspect-ratio: 270\/180;\" \/><\/a>\n\t\t\t\t<\/div><div class='clear'><\/div>\n<h6 style=\"text-align: center;\"><em>\u00a0<\/em><br \/>\n<em>A in\u00e9dita vers\u00e3o Trendline vem mais simples por dentro e abre m\u00e3o<\/em><br \/>\n<em> de\u00a0itens de conforto e seguran\u00e7a; o motor \u00e9 o 2,0-litros de antes<\/em><\/h6>\n<p>&nbsp;<\/p>\n<p>As novidades visuais do Jetta s\u00e3o pequenas e algumas s\u00f3 aparecem ao comparar o novo ao anterior. Na frente a grade ficou maior em altura, assim como a tomada de ar inferior cresceu, diminuindo a \u00e1rea lisa do para-choque, e os \u201cbicos\u201d que este formava na parte inferior est\u00e3o mais sutis. Far\u00f3is com <a href=\"https:\/\/autolivraria.com.br\/bc\/glossario-l\/#lamp\" target=\"_blank\">l\u00e2mpadas de xen\u00f4nio<\/a> para ambos os fachos e luz diurna por <a href=\"https:\/\/autolivraria.com.br\/bc\/glossario-l\/#led\" target=\"_blank\">leds<\/a> est\u00e3o dispon\u00edveis no Highline. Na traseira, a tampa do porta-malas redesenhada deu novo formato \u00e0 se\u00e7\u00e3o das lanternas implantada nela (a parte fixa aos para-lamas mudou apenas nos elementos internos e, no Highline, usa leds) e ao alojamento da placa de licen\u00e7a; o para-choque tamb\u00e9m \u00e9 novo.<\/p>\n<p>&nbsp;<\/p>\n<blockquote><p>Ao sair com o Comfortline nota-se o ganho<br \/>\nde velocidade um pouco lento: os<br \/>\n116 cv\u00a0s\u00e3o poucos para um sed\u00e3 m\u00e9dio atual<\/p><\/blockquote>\n<p>&nbsp;<\/p>\n<p>No interior percebe-se de imediato o volante redesenhado. Outras novidades s\u00e3o o quadro de instrumentos, que coloca veloc\u00edmetro e conta-giros em m\u00f3dulos destacados, e as formas do aparelho de \u00e1udio e dos comandos da \u00e1rea central. Mas foi s\u00f3: pontos criticados desde o lan\u00e7amento da atual gera\u00e7\u00e3o, como os pl\u00e1sticos de apar\u00eancia simples demais para o segmento que ele ocupa no mercado nacional, permanecem.<\/p>\n<p>&nbsp;<\/p>\n<h2>Nada de 1,4 turbo por enquanto<\/h2>\n<p>Apesar da expectativa de que o motor turbo de 1,4 litro do Golf seja convertido para flex\u00edvel e passe a equipar o Jetta, isso ainda n\u00e3o se confirmou: continua o veterano 2,0-litros aspirado de duas v\u00e1lvulas por cilindro, herdado do primeiro Golf nacional (1998), para as vers\u00f5es Trendline e Comfortline ao lado do turbo de 2,0 litros e quatro v\u00e1lvulas com <a href=\"https:\/\/autolivraria.com.br\/bc\/glossario-i\/#inje\" target=\"_blank\">inje\u00e7\u00e3o direta<\/a> do Highline. Na suspens\u00e3o, molas e amortecedores traseiros foram recalibrados na linha 2015. J\u00e1\u00a0h\u00e1 algum tempo a VW usa em toda a linha o sistema multibra\u00e7o, que de in\u00edcio equipava apenas o Highline; o Comfortline usava eixo de tor\u00e7\u00e3o para reduzir custos.<\/p>\n<p>&nbsp;<\/p>\n<p><a href=\"https:\/\/autolivraria.com.br\/bc\/wp-content\/uploads\/2015\/02\/VW-Jetta-Comfortline-02.jpg\"><img decoding=\"async\" class=\"aligncenter size-medium wp-image-56768 lazyload\" data-src=\"https:\/\/autolivraria.com.br\/bc\/wp-content\/uploads\/2015\/02\/VW-Jetta-Comfortline-02-560x373.jpg\" alt=\"VW Jetta Comfortline\" width=\"560\" height=\"373\" data-srcset=\"https:\/\/autolivraria.com.br\/bc\/wp-content\/uploads\/2015\/02\/VW-Jetta-Comfortline-02-560x373.jpg 560w, https:\/\/autolivraria.com.br\/bc\/wp-content\/uploads\/2015\/02\/VW-Jetta-Comfortline-02.jpg 1280w, https:\/\/autolivraria.com.br\/bc\/wp-content\/uploads\/2015\/02\/VW-Jetta-Comfortline-02-470x313.jpg 470w, https:\/\/autolivraria.com.br\/bc\/wp-content\/uploads\/2015\/02\/VW-Jetta-Comfortline-02-270x180.jpg 270w, https:\/\/autolivraria.com.br\/bc\/wp-content\/uploads\/2015\/02\/VW-Jetta-Comfortline-02-168x112.jpg 168w, https:\/\/autolivraria.com.br\/bc\/wp-content\/uploads\/2015\/02\/VW-Jetta-Comfortline-02-250x167.jpg 250w, https:\/\/autolivraria.com.br\/bc\/wp-content\/uploads\/2015\/02\/VW-Jetta-Comfortline-02-150x100.jpg 150w, https:\/\/autolivraria.com.br\/bc\/wp-content\/uploads\/2015\/02\/VW-Jetta-Comfortline-02-120x80.jpg 120w\" data-sizes=\"(max-width: 560px) 100vw, 560px\" src=\"data:image\/svg+xml;base64,PHN2ZyB3aWR0aD0iMSIgaGVpZ2h0PSIxIiB4bWxucz0iaHR0cDovL3d3dy53My5vcmcvMjAwMC9zdmciPjwvc3ZnPg==\" style=\"--smush-placeholder-width: 560px; --smush-placeholder-aspect-ratio: 560\/373;\" \/><\/a><\/p>\n<h6 style=\"text-align: center;\"><em>\u00a0<\/em><br \/>\n<em>O Comfortline (aqui e no alto) mostra as altera\u00e7\u00f5es visuais, que incluem<\/em><br \/>\n<em>a tampa do porta-malas; n\u00e3o veio o esperado motor 1,4-litro turbo<\/em><\/h6>\n<p>&nbsp;<\/p>\n<p>A VW promoveu uma breve avalia\u00e7\u00e3o do Jetta nas cercanias da f\u00e1brica de S\u00e3o Bernardo, na qual dirigimos as vers\u00f5es Comfortline e Highline. No primeiro,\u00a0nada de extravag\u00e2ncias no interior, com uma sobriedade t\u00edpica dos alem\u00e3es. O ar-condicionado de duas zonas aliviou muito no dia bem quente, mas para o passageiro do banco de tr\u00e1s se mostrou insuficiente. Por outro lado o espa\u00e7o dos passageiros \u00e9 bem amplo, assim como o porta-malas.<\/p>\n<p>&nbsp;<\/p>\n<div class='code-block code-block-7' style='margin: 28px auto; text-align: center; display: block; clear: both;'>\n<script async src=\"https:\/\/pagead2.googlesyndication.com\/pagead\/js\/adsbygoogle.js\"><\/script>\n<!-- AL-quadrado -->\n<ins class=\"adsbygoogle\"\n     style=\"display:block\"\n     data-ad-client=\"ca-pub-1914799802606213\"\n     data-ad-slot=\"5683066082\"\n     data-ad-format=\"auto\"\n     data-full-width-responsive=\"true\"><\/ins>\n<script>\n     (adsbygoogle = window.adsbygoogle || []).push({});\n<\/script><\/div>\n\n<p>&nbsp;<\/p>\n<p>Ao sair nota-se o ganho de velocidade um pouco lento, talvez porque o c\u00e2mbio troque de marcha em rota\u00e7\u00f5es bem baixas para favorecer o consumo. Se posicionado na op\u00e7\u00e3o de trocas manuais podem-se manter regimes mais elevados, mas o desempenho n\u00e3o convence: os 116 cv (com gasolina) s\u00e3o poucos para um sed\u00e3 m\u00e9dio atual e o motor \u201cacaba\u201d cedo, com pot\u00eancia m\u00e1xima a 5.000 rpm.<\/p>\n<p>J\u00e1 na estrada, a dire\u00e7\u00e3o pareceu um tanto leve, o que tira um pouco da confian\u00e7a nas mudan\u00e7as r\u00e1pidas de faixa \u2014 em compensa\u00e7\u00e3o \u00e9 bem suave para manobrar em baixa velocidade. Chamou aten\u00e7\u00e3o o n\u00edvel de ru\u00eddo e vibra\u00e7\u00e3o ao rodar: a suspens\u00e3o mostra-se \u00e1spera, transmitindo qualquer emenda de asfalto ou mudan\u00e7a de granula\u00e7\u00e3o do piso, embora o Jetta tivesse rodas de 16 pol (em tese, melhores para o conforto que as de 17). \u00c9 um dado que merece ser verificado em avalia\u00e7\u00e3o completa.<\/p>\n<p>&nbsp;<\/p>\n<p><a href=\"https:\/\/autolivraria.com.br\/bc\/wp-content\/uploads\/2014\/10\/Novo-Jetta-Highline-1.jpg\"><img decoding=\"async\" class=\"aligncenter size-medium wp-image-51272 lazyload\" data-src=\"https:\/\/autolivraria.com.br\/bc\/wp-content\/uploads\/2014\/10\/Novo-Jetta-Highline-1-560x373.jpg\" alt=\"Volkswagen Jetta Highline\" width=\"560\" height=\"373\" data-srcset=\"https:\/\/autolivraria.com.br\/bc\/wp-content\/uploads\/2014\/10\/Novo-Jetta-Highline-1-560x373.jpg 560w, https:\/\/autolivraria.com.br\/bc\/wp-content\/uploads\/2014\/10\/Novo-Jetta-Highline-1-470x313.jpg 470w, https:\/\/autolivraria.com.br\/bc\/wp-content\/uploads\/2014\/10\/Novo-Jetta-Highline-1-270x179.jpg 270w, https:\/\/autolivraria.com.br\/bc\/wp-content\/uploads\/2014\/10\/Novo-Jetta-Highline-1-168x111.jpg 168w, https:\/\/autolivraria.com.br\/bc\/wp-content\/uploads\/2014\/10\/Novo-Jetta-Highline-1.jpg 1280w\" data-sizes=\"(max-width: 560px) 100vw, 560px\" src=\"data:image\/svg+xml;base64,PHN2ZyB3aWR0aD0iMSIgaGVpZ2h0PSIxIiB4bWxucz0iaHR0cDovL3d3dy53My5vcmcvMjAwMC9zdmciPjwvc3ZnPg==\" style=\"--smush-placeholder-width: 560px; --smush-placeholder-aspect-ratio: 560\/373;\" \/><\/a><\/p>\n<p>&nbsp;<\/p>\n<div class='one_half'>\n\t\t\t\t\t<a href=\"https:\/\/autolivraria.com.br\/bc\/wp-content\/uploads\/2015\/02\/VW-Jetta-Highline-02.jpg\"><img decoding=\"async\" class=\"aligncenter size-meia-largura-post wp-image-56769 lazyload\" data-src=\"https:\/\/autolivraria.com.br\/bc\/wp-content\/uploads\/2015\/02\/VW-Jetta-Highline-02-270x180.jpg\" alt=\"VW Jetta Highline\" width=\"270\" height=\"180\" data-srcset=\"https:\/\/autolivraria.com.br\/bc\/wp-content\/uploads\/2015\/02\/VW-Jetta-Highline-02-270x180.jpg 270w, https:\/\/autolivraria.com.br\/bc\/wp-content\/uploads\/2015\/02\/VW-Jetta-Highline-02-560x373.jpg 560w, https:\/\/autolivraria.com.br\/bc\/wp-content\/uploads\/2015\/02\/VW-Jetta-Highline-02.jpg 1280w, https:\/\/autolivraria.com.br\/bc\/wp-content\/uploads\/2015\/02\/VW-Jetta-Highline-02-470x313.jpg 470w, https:\/\/autolivraria.com.br\/bc\/wp-content\/uploads\/2015\/02\/VW-Jetta-Highline-02-168x112.jpg 168w, https:\/\/autolivraria.com.br\/bc\/wp-content\/uploads\/2015\/02\/VW-Jetta-Highline-02-250x167.jpg 250w, https:\/\/autolivraria.com.br\/bc\/wp-content\/uploads\/2015\/02\/VW-Jetta-Highline-02-150x100.jpg 150w, https:\/\/autolivraria.com.br\/bc\/wp-content\/uploads\/2015\/02\/VW-Jetta-Highline-02-120x80.jpg 120w\" data-sizes=\"(max-width: 270px) 100vw, 270px\" src=\"data:image\/svg+xml;base64,PHN2ZyB3aWR0aD0iMSIgaGVpZ2h0PSIxIiB4bWxucz0iaHR0cDovL3d3dy53My5vcmcvMjAwMC9zdmciPjwvc3ZnPg==\" style=\"--smush-placeholder-width: 270px; --smush-placeholder-aspect-ratio: 270\/180;\" \/><\/a>\n\t\t\t\t<\/div>\n<div class='one_half last'>\n\t\t\t\t\t<a href=\"https:\/\/autolivraria.com.br\/bc\/wp-content\/uploads\/2015\/02\/VW-Jetta-Highline-06.jpg\"><img decoding=\"async\" class=\"aligncenter size-meia-largura-post wp-image-56770 lazyload\" data-src=\"https:\/\/autolivraria.com.br\/bc\/wp-content\/uploads\/2015\/02\/VW-Jetta-Highline-06-270x180.jpg\" alt=\"VW Jetta Highline\" width=\"270\" height=\"180\" src=\"data:image\/svg+xml;base64,PHN2ZyB3aWR0aD0iMSIgaGVpZ2h0PSIxIiB4bWxucz0iaHR0cDovL3d3dy53My5vcmcvMjAwMC9zdmciPjwvc3ZnPg==\" style=\"--smush-placeholder-width: 270px; --smush-placeholder-aspect-ratio: 270\/180;\" \/><\/a>\n\t\t\t\t<\/div><div class='clear'><\/div>\n<h6 style=\"text-align: center;\"><em>\u00a0<\/em><br \/>\n<em>O Highline TSI \u00e9 o \u00fanico a ganhar far\u00f3is de xen\u00f4nio e leds como op\u00e7\u00f5es;<\/em><br \/>\n<em>por dentro s\u00e3o novos volante, instrumentos, comandos e \u00e1udio<\/em><\/h6>\n<p>&nbsp;<\/p>\n<p>A troca pelo\u00a0Highline permitiu sentir um carro mais equilibrado e interessante, a come\u00e7ar pelo interior com acabamento superior, incluindo pormenores como espuma nos apoios de bra\u00e7o das portas. Ao acelerar, o motor turbo faz toda a diferen\u00e7a: parece que o carro ficou mais leve, apesar de ser 76 kg mais pesado que o Comfortline. Al\u00e9m de acelera\u00e7\u00f5es muito mais vigorosas, o motor trabalha em regime mais baixo de rota\u00e7\u00e3o e ainda assim responde de imediato ao abrir o acelerador. A 120 km\/h em sexta marcha o conta-giros marca 2.100 rpm.<\/p>\n<p>Nas duas vers\u00f5es o c\u00e2mbio tem op\u00e7\u00e3o de trocas pelos comandos no volante. No TSI, boa parte da divers\u00e3o \u00e9 justamente escolher a posi\u00e7\u00e3o S (esportiva) e fazer as trocas pelas \u201cborboletas\u201d, levando o motor a altos regimes, nos quais se mant\u00e9m suave. A assist\u00eancia el\u00e9trica de dire\u00e7\u00e3o favorece esse Jetta, com um volante suave em baixa velocidade, mas firme em alta, passando seguran\u00e7a nas trocas de faixa. Curiosamente, o topo de linha pareceu mais silencioso na rodagem e at\u00e9 mais macio, apesar das rodas 17 com pneus de perfil mais baixo.<\/p>\n<p>Como se v\u00ea, o Jetta mudou pouco \u2014 e n\u00e3o aproveitou a oportunidade para sanar as falhas de acabamento ou substituir o motor superado \u2014, mas a VW parece confort\u00e1vel quanto a mant\u00ea-lo competitivo na classe. Resta saber como ficar\u00e3o os pre\u00e7os, que podem dar atrativo adicional \u00e0 vers\u00e3o Trendline, uma vez que sempre h\u00e1 mercado para um bom produto vendido a um valor justo.<\/p>\n<table border=\"0\">\n<tbody>\n<tr>\n<td><a href='https:\/\/autolivraria.com.br\/bc\/avaliacoes\/' class='small-button smallsilver'>Mais Avalia\u00e7\u00f5es<\/a><\/td>\n<\/tr>\n<\/tbody>\n<\/table>\n<p>&nbsp;<\/p>\n<div class='et-box et-shadow'>\n\t\t\t\t\t<div class='et-box-content'><h2>Equipamentos de s\u00e9rie e opcionais<\/h2>\n<p><strong>\u2022 Jetta Trendline<\/strong> \u2013 Vem de s\u00e9rie com c\u00e2mbio autom\u00e1tico de seis marchas, bolsas infl\u00e1veis frontais e laterais dianteiras, fixa\u00e7\u00e3o de cadeira de crian\u00e7a com sistema <a href=\"https:\/\/autolivraria.com.br\/bc\/glossario-i\/#isof\" target=\"_blank\">Isofix<\/a>, rodas de alum\u00ednio de 16 polegadas com pneus 205\/55, bancos revestidos em tecido, r\u00e1dio\/CD\/MP3 com conex\u00f5es USB\/Ipod e para cart\u00e3o SD, sensores de estacionamento dianteiros e traseiros, para-sois com espelho e ilumina\u00e7\u00e3o, computador de bordo, bancos dianteiros com ajuste de altura, cintos traseiros de tr\u00eas pontos nos tr\u00eas lugares, ar-condicionado manual e banco traseiro com encosto bipartido. N\u00e3o oferece opcionais.<\/p>\n<p><strong>\u2022 Jetta Comfortline<\/strong> \u2013 Idem ao Trendline, com acr\u00e9scimo de interface <a href=\"https:\/\/autolivraria.com.br\/bc\/glossario-b\/#blue\" target=\"_blank\">Bluetooth<\/a> para telefone, <a href=\"https:\/\/autolivraria.com.br\/bc\/glossario-c\/#cont\" target=\"_blank\">controlador de velocidade<\/a>, retrovisores externos com aquecimento e luzes de dire\u00e7\u00e3o, freios com <a href=\"https:\/\/autolivraria.com.br\/bc\/glossario-d\/#ebd\" target=\"_blank\">distribui\u00e7\u00e3o eletr\u00f4nica de frenagem (EBD)<\/a>, r\u00e1dio com toca-CDs para seis discos e tela de 6,5 polegadas sens\u00edvel ao toque, porta-luvas refrigerado e volante de couro com comandos de \u00e1udio, computador de bordo e mudan\u00e7as de marcha manuais. Opcionais: pacote Exclusive (ar-condicionado autom\u00e1tico de duas zonas, retrovisor interno <a href=\"https:\/\/autolivraria.com.br\/bc\/glossario-r\/#retr\" target=\"_blank\">fotocr\u00f4mico<\/a>, navegador integrado, revestimento dos bancos em couro sint\u00e9tico, rodas de 17 pol com pneus 225\/45, far\u00f3is e limpador de para-brisa autom\u00e1ticos, acesso ao ve\u00edculo sem o uso da chave e bot\u00e3o para partida do motor) e teto solar com controle el\u00e9trico.<\/p>\n<p><strong>\u2022 Jetta Highline<\/strong> \u2013 Idem ao Comfortline, com adi\u00e7\u00e3o de bolsas infl\u00e1veis do tipo cortina, alerta de perda de press\u00e3o dos pneus, ar-condicionado autom\u00e1tico de duas zonas, bloqueio eletr\u00f4nico do diferencial, <a href=\"https:\/\/autolivraria.com.br\/bc\/glossario-c\/#esp\" target=\"_blank\">controle eletr\u00f4nico de estabilidade<\/a>\u00a0e tra\u00e7\u00e3o, assist\u00eancia el\u00e9trica de dire\u00e7\u00e3o (hidr\u00e1ulica nos outros), far\u00f3is e lanterna de neblina, revestimento dos bancos em couro sint\u00e9tico e rodas de 17 pol com pneus 225\/45. Opcionais: pacote Exclusive (revestimento em couro, controlador de velocidade, retrovisores aquecidos, retrovisor interno fotocr\u00f4mico e limpador de para-brisa autom\u00e1tico), pacote Premium (como o Exclusive, mais banco do motorista com ajustes el\u00e9tricos, far\u00f3is <a href=\"https:\/\/autolivraria.com.br\/bc\/glossario-l\/#lamp\" target=\"_blank\">bixen\u00f4nio<\/a> com facho <a href=\"https:\/\/autolivraria.com.br\/bc\/glossario-f\/#faro\" target=\"_blank\">autodirecional<\/a>, navegador integrado, acesso e partida sem chave) e teto solar el\u00e9trico.<\/p><\/div><\/div>\n<p>&nbsp;<\/p>\n<div class='et-box et-shadow'>\n\t\t\t\t\t<div class='et-box-content'><h2>Ficha t\u00e9cnica<\/h2>\n<table id=\"table61\" border=\"0\" width=\"100%\" cellspacing=\"0\" cellpadding=\"3\">\n<tbody>\n<tr>\n<td valign=\"top\" width=\"40%\"><\/td>\n<td valign=\"top\" width=\"30%\">\n<h1>Comfortline<\/h1>\n<\/td>\n<td valign=\"top\" width=\"30%\">\n<h1>Highline TSI<\/h1>\n<\/td>\n<\/tr>\n<tr>\n<td colspan=\"3\" valign=\"top\" bgcolor=\"#FFFFFF\" width=\"40%\">\n<h1>Motor<\/h1>\n<\/td>\n<\/tr>\n<tr>\n<td valign=\"top\" width=\"40%\">Posi\u00e7\u00e3o<\/td>\n<td valign=\"top\" width=\"30%\">transversal<\/td>\n<td valign=\"top\" width=\"30%\"><\/td>\n<\/tr>\n<tr>\n<td valign=\"top\" width=\"40%\">Cilindros<\/td>\n<td valign=\"top\" width=\"30%\">4 em linha<\/td>\n<td valign=\"top\" width=\"30%\"><\/td>\n<\/tr>\n<tr>\n<td valign=\"top\" width=\"40%\">Comando de v\u00e1lvulas<\/td>\n<td valign=\"top\" width=\"30%\">no cabe\u00e7ote<\/td>\n<td valign=\"top\" width=\"30%\">duplo no cabe\u00e7ote<\/td>\n<\/tr>\n<tr>\n<td valign=\"top\" width=\"40%\">V\u00e1lvulas por cilindro<\/td>\n<td valign=\"top\" width=\"30%\">2<\/td>\n<td valign=\"top\" width=\"30%\">4<\/td>\n<\/tr>\n<tr>\n<td valign=\"top\" width=\"40%\">Di\u00e2metro e curso<\/td>\n<td valign=\"top\" width=\"30%\">82,5 x 92,8 mm<\/td>\n<td valign=\"top\" width=\"30%\"><\/td>\n<\/tr>\n<tr>\n<td valign=\"top\" width=\"40%\">Cilindrada<\/td>\n<td valign=\"top\" width=\"30%\">1.984 cm\u00b3<\/td>\n<td valign=\"top\" width=\"30%\"><\/td>\n<\/tr>\n<tr>\n<td valign=\"top\" width=\"40%\">Taxa de compress\u00e3o<\/td>\n<td valign=\"top\" width=\"30%\">11,5:1<\/td>\n<td valign=\"top\" width=\"30%\">9,8:1<\/td>\n<\/tr>\n<tr>\n<td valign=\"top\" width=\"40%\">Alimenta\u00e7\u00e3o<\/td>\n<td valign=\"top\" width=\"30%\">inje\u00e7\u00e3o multiponto sequencial<\/td>\n<td valign=\"top\" width=\"30%\">inje\u00e7\u00e3o direta, turbocompressor, resfriador\u00a0de ar<\/td>\n<\/tr>\n<tr>\n<td valign=\"top\" width=\"40%\">Pot\u00eancia m\u00e1xima<\/td>\n<td valign=\"top\" width=\"30%\">116\/120 cv a 5.000 rpm\u00b9<\/td>\n<td valign=\"top\" width=\"30%\">211 cv a 5.500 rpm<\/td>\n<\/tr>\n<tr>\n<td valign=\"top\" width=\"40%\">Torque m\u00e1ximo<\/td>\n<td valign=\"top\" width=\"30%\">17,7\/18,4 m.kgf a 4.000 rpm\u00b9<\/td>\n<td valign=\"top\" width=\"30%\">28,5 m.kgf a 2.000 rpm<\/td>\n<\/tr>\n<tr>\n<td colspan=\"3\" valign=\"top\" bgcolor=\"#FFFFFF\" width=\"40%\">\n<h1>Transmiss\u00e3o<\/h1>\n<\/td>\n<\/tr>\n<tr>\n<td valign=\"top\" width=\"40%\">Tipo de c\u00e2mbio e marchas<\/td>\n<td valign=\"top\" width=\"30%\">autom\u00e1tico \/ 6<\/td>\n<td valign=\"top\" width=\"30%\">automatizado de dupla embreagem \/ 6<\/td>\n<\/tr>\n<tr>\n<td valign=\"top\" width=\"40%\">Tra\u00e7\u00e3o<\/td>\n<td valign=\"top\" width=\"30%\">dianteira<\/td>\n<td valign=\"top\" width=\"30%\"><\/td>\n<\/tr>\n<tr>\n<td colspan=\"3\" valign=\"top\" bgcolor=\"#FFFFFF\" width=\"40%\">\n<h1>Freios<\/h1>\n<\/td>\n<\/tr>\n<tr>\n<td valign=\"top\" width=\"40%\">Dianteiros<\/td>\n<td colspan=\"2\" valign=\"top\" width=\"60%\">a disco ventilado<\/td>\n<\/tr>\n<tr>\n<td valign=\"top\" width=\"40%\">Traseiros<\/td>\n<td valign=\"top\" width=\"30%\">a disco<\/td>\n<td valign=\"top\" width=\"30%\"><\/td>\n<\/tr>\n<tr>\n<td valign=\"top\" width=\"40%\">Antitravamento\u00a0(ABS)<\/td>\n<td valign=\"top\" width=\"30%\">sim<\/td>\n<td valign=\"top\" width=\"30%\"><\/td>\n<\/tr>\n<tr>\n<td colspan=\"3\" valign=\"top\" bgcolor=\"#FFFFFF\" width=\"40%\">\n<h1>Dire\u00e7\u00e3o<\/h1>\n<\/td>\n<\/tr>\n<tr>\n<td valign=\"top\" width=\"40%\">Sistema<\/td>\n<td valign=\"top\" width=\"30%\">pinh\u00e3o e cremalheira<\/td>\n<td valign=\"top\" width=\"30%\"><\/td>\n<\/tr>\n<tr>\n<td valign=\"top\" width=\"40%\">Assist\u00eancia<\/td>\n<td valign=\"top\" width=\"30%\">hidr\u00e1ulica<\/td>\n<td valign=\"top\" width=\"30%\">el\u00e9trica<\/td>\n<\/tr>\n<tr>\n<td colspan=\"3\" valign=\"top\" bgcolor=\"#FFFFFF\" width=\"40%\">\n<h1>Suspens\u00e3o<\/h1>\n<\/td>\n<\/tr>\n<tr>\n<td valign=\"top\" width=\"40%\">Dianteira<\/td>\n<td colspan=\"2\" valign=\"top\" width=\"60%\">independente, McPherson, mola helicoidal<\/td>\n<\/tr>\n<tr>\n<td valign=\"top\" width=\"40%\">Traseira<\/td>\n<td colspan=\"2\" valign=\"top\" width=\"60%\">independente, multibra\u00e7o, mola helicoidal<\/td>\n<\/tr>\n<tr>\n<td colspan=\"3\" valign=\"top\" bgcolor=\"#FFFFFF\" width=\"40%\">\n<h1>Rodas<\/h1>\n<\/td>\n<\/tr>\n<tr>\n<td valign=\"top\" width=\"40%\">Dimens\u00f5es<\/td>\n<td valign=\"top\" width=\"30%\">6,5 x 16 pol\u00b2<\/td>\n<td valign=\"top\" width=\"30%\">7 x 17 pol<\/td>\n<\/tr>\n<tr>\n<td valign=\"top\" width=\"40%\">Pneus<\/td>\n<td valign=\"top\" width=\"30%\">205\/55 R 16\u00b2<\/td>\n<td valign=\"top\" width=\"30%\">225\/45 R 17<\/td>\n<\/tr>\n<tr>\n<td colspan=\"3\" valign=\"top\" bgcolor=\"#FFFFFF\" width=\"40%\">\n<h1>Dimens\u00f5es<\/h1>\n<\/td>\n<\/tr>\n<tr>\n<td valign=\"top\" width=\"40%\">Comprimento<\/td>\n<td valign=\"top\" width=\"30%\">4,659 m<\/td>\n<td valign=\"top\" width=\"30%\"><\/td>\n<\/tr>\n<tr>\n<td valign=\"top\" width=\"40%\">Largura<\/td>\n<td valign=\"top\" width=\"30%\">1,778 m<\/td>\n<td valign=\"top\" width=\"30%\"><\/td>\n<\/tr>\n<tr>\n<td valign=\"top\" width=\"40%\">Altura<\/td>\n<td valign=\"top\" width=\"30%\">1,473 m<\/td>\n<td valign=\"top\" width=\"30%\"><\/td>\n<\/tr>\n<tr>\n<td valign=\"top\" width=\"40%\">Entre-eixos<\/td>\n<td valign=\"top\" width=\"30%\">2,651 m<\/td>\n<td valign=\"top\" width=\"30%\"><\/td>\n<\/tr>\n<tr>\n<td colspan=\"3\" valign=\"top\" bgcolor=\"#FFFFFF\" width=\"40%\">\n<h1>Capacidades e peso<\/h1>\n<\/td>\n<\/tr>\n<tr>\n<td valign=\"top\" width=\"40%\">Tanque de combust\u00edvel<\/td>\n<td valign=\"top\" width=\"30%\">55 l<\/td>\n<td valign=\"top\" width=\"30%\"><\/td>\n<\/tr>\n<tr>\n<td valign=\"top\" width=\"40%\">Compartimento de bagagem<\/td>\n<td valign=\"top\" width=\"30%\">510 l<\/td>\n<td valign=\"top\" width=\"30%\"><\/td>\n<\/tr>\n<tr>\n<td valign=\"top\" width=\"40%\">Peso em ordem de marcha<\/td>\n<td valign=\"top\" width=\"30%\">1.305 kg<\/td>\n<td valign=\"top\" width=\"30%\">1.376 kg<\/td>\n<\/tr>\n<tr>\n<td colspan=\"3\" valign=\"top\" bgcolor=\"#FFFFFF\" width=\"40%\">\n<h1>Desempenho<\/h1>\n<\/td>\n<\/tr>\n<tr>\n<td valign=\"top\" width=\"40%\">Velocidade m\u00e1xima<\/td>\n<td valign=\"top\" width=\"30%\">197\/200 km\/h\u00b9<\/td>\n<td valign=\"top\" width=\"30%\">241 km\/h<\/td>\n<\/tr>\n<tr>\n<td valign=\"top\" width=\"40%\">Acelera\u00e7\u00e3o de 0 a 100 km\/h<\/td>\n<td valign=\"top\" width=\"30%\">11,3\/10,6 s\u00b9<\/td>\n<td valign=\"top\" width=\"30%\">7,2 s<\/td>\n<\/tr>\n<tr>\n<td colspan=\"3\" valign=\"top\" width=\"40%\">Dados do fabricante; \u00b9 gasolina\/\u00e1lcool; \u00b2 como op\u00e7\u00e3o, medidas\u00a0iguais \u00e0s do Highline; consumo n\u00e3o dispon\u00edvel<\/td>\n<\/tr>\n<\/tbody>\n<\/table><\/div><\/div>\n<p>&nbsp;<\/p>\n<p>&nbsp;<\/p>\n","protected":false},"excerpt":{"rendered":"<p>O motor turbo de 1,4 litro ainda n\u00e3o veio, mas o sed\u00e3 ganhou mudan\u00e7as de estilo, novos equipamentos e uma vers\u00e3o Trendline na base da linha<\/p>\n","protected":false},"author":6,"featured_media":56765,"comment_status":"open","ping_status":"closed","sticky":false,"template":"","format":"standard","meta":{"_joinchat":[],"footnotes":""},"categories":[3,1841],"tags":[80,656,1580,1581,3460,60],"class_list":["post-56764","post","type-post","status-publish","format-standard","has-post-thumbnail","hentry","category-avaliacao","category-volkswagen-avaliacao","tag-avaliacao-2","tag-jetta","tag-jetta-comfortline","tag-jetta-highline-tsi","tag-jetta-trendline","tag-volkswagen"],"amp_enabled":true,"_links":{"self":[{"href":"https:\/\/autolivraria.com.br\/bc\/wp-json\/wp\/v2\/posts\/56764","targetHints":{"allow":["GET"]}}],"collection":[{"href":"https:\/\/autolivraria.com.br\/bc\/wp-json\/wp\/v2\/posts"}],"about":[{"href":"https:\/\/autolivraria.com.br\/bc\/wp-json\/wp\/v2\/types\/post"}],"author":[{"embeddable":true,"href":"https:\/\/autolivraria.com.br\/bc\/wp-json\/wp\/v2\/users\/6"}],"replies":[{"embeddable":true,"href":"https:\/\/autolivraria.com.br\/bc\/wp-json\/wp\/v2\/comments?post=56764"}],"version-history":[{"count":0,"href":"https:\/\/autolivraria.com.br\/bc\/wp-json\/wp\/v2\/posts\/56764\/revisions"}],"wp:featuredmedia":[{"embeddable":true,"href":"https:\/\/autolivraria.com.br\/bc\/wp-json\/wp\/v2\/media\/56765"}],"wp:attachment":[{"href":"https:\/\/autolivraria.com.br\/bc\/wp-json\/wp\/v2\/media?parent=56764"}],"wp:term":[{"taxonomy":"category","embeddable":true,"href":"https:\/\/autolivraria.com.br\/bc\/wp-json\/wp\/v2\/categories?post=56764"},{"taxonomy":"post_tag","embeddable":true,"href":"https:\/\/autolivraria.com.br\/bc\/wp-json\/wp\/v2\/tags?post=56764"}],"curies":[{"name":"wp","href":"https:\/\/api.w.org\/{rel}","templated":true}]}}