{"id":57742,"date":"2015-03-18T05:55:34","date_gmt":"2015-03-18T08:55:34","guid":{"rendered":"http:\/\/bestcars.uol.com.br\/bc\/?p=57742"},"modified":"2015-03-25T09:54:30","modified_gmt":"2015-03-25T12:54:30","slug":"fiat-uno-way-ganha-serie-especial-rio-450-a-r-37-890","status":"publish","type":"post","link":"https:\/\/autolivraria.com.br\/bc\/informe-se\/noticias\/fiat-uno-way-ganha-serie-especial-rio-450-a-r-37-890\/","title":{"rendered":"Fiat Uno Way ganha s\u00e9rie especial Rio 450 a R$ 37.890"},"content":{"rendered":"<p><a href=\"https:\/\/autolivraria.com.br\/bc\/wp-content\/uploads\/2015\/03\/Fiat-Uno-Rio-450-01.jpg\"><img fetchpriority=\"high\" decoding=\"async\" class=\"aligncenter size-medium wp-image-57744\" src=\"https:\/\/autolivraria.com.br\/bc\/wp-content\/uploads\/2015\/03\/Fiat-Uno-Rio-450-01-560x373.jpg\" alt=\"Fiat Uno Rio 450 01\" width=\"560\" height=\"373\" srcset=\"https:\/\/autolivraria.com.br\/bc\/wp-content\/uploads\/2015\/03\/Fiat-Uno-Rio-450-01-560x373.jpg 560w, https:\/\/autolivraria.com.br\/bc\/wp-content\/uploads\/2015\/03\/Fiat-Uno-Rio-450-01.jpg 1280w, https:\/\/autolivraria.com.br\/bc\/wp-content\/uploads\/2015\/03\/Fiat-Uno-Rio-450-01-470x313.jpg 470w, https:\/\/autolivraria.com.br\/bc\/wp-content\/uploads\/2015\/03\/Fiat-Uno-Rio-450-01-270x180.jpg 270w, https:\/\/autolivraria.com.br\/bc\/wp-content\/uploads\/2015\/03\/Fiat-Uno-Rio-450-01-168x112.jpg 168w, https:\/\/autolivraria.com.br\/bc\/wp-content\/uploads\/2015\/03\/Fiat-Uno-Rio-450-01-250x167.jpg 250w, https:\/\/autolivraria.com.br\/bc\/wp-content\/uploads\/2015\/03\/Fiat-Uno-Rio-450-01-150x100.jpg 150w, https:\/\/autolivraria.com.br\/bc\/wp-content\/uploads\/2015\/03\/Fiat-Uno-Rio-450-01-120x80.jpg 120w\" sizes=\"(max-width: 560px) 100vw, 560px\" \/><\/a><\/p>\n<p>&nbsp;<\/p>\n<p>O Fiat Uno ganha uma edi\u00e7\u00e3o limitada em comemora\u00e7\u00e3o aos 450 anos do Rio de Janeiro. A\u00a0s\u00e9rie Rio 450 recebe o\u00a0s\u00edmbolo das comemora\u00e7\u00f5es (formado por tr\u00eas tra\u00e7os que lembram juntos um rosto de perfil) na tampa traseira e na lateral, al\u00e9m de um bordado nos\u00a0bancos dianteiros. Com base na vers\u00e3o Way com motor de 1,0 litro, o carro tem rodas de alum\u00ednio\u00a0e custa\u00a0R$ 37.890.<\/p>\n<p>&nbsp;<\/p>\n<div class='code-block code-block-7' style='margin: 28px auto; text-align: center; display: block; clear: both;'>\n<br>\n<div align=\"center\">\n<a target=\"_blank\" href=\"https:\/\/bestcars.com.br\/bc\/\">\n<img decoding=\"async\" data-src=\"https:\/\/bestcars.com.br\/bc\/wp-content\/uploads\/2021\/07\/Auto-Livraria-450x300-quadros.jpg\" alt=\"Auto Livraria\" src=\"data:image\/svg+xml;base64,PHN2ZyB3aWR0aD0iMSIgaGVpZ2h0PSIxIiB4bWxucz0iaHR0cDovL3d3dy53My5vcmcvMjAwMC9zdmciPjwvc3ZnPg==\" class=\"lazyload\"><\/a>\n<\/div>\n<br><\/div>\n\n<p>&nbsp;<\/p>\n<p><a href=\"https:\/\/autolivraria.com.br\/bc\/wp-content\/uploads\/2015\/03\/Fiat-Uno-Rio-450-02.jpg\"><img decoding=\"async\" class=\"aligncenter size-medium wp-image-57743 lazyload\" data-src=\"https:\/\/autolivraria.com.br\/bc\/wp-content\/uploads\/2015\/03\/Fiat-Uno-Rio-450-02-560x373.jpg\" alt=\"Fiat Uno Rio 450 02\" width=\"560\" height=\"373\" data-srcset=\"https:\/\/autolivraria.com.br\/bc\/wp-content\/uploads\/2015\/03\/Fiat-Uno-Rio-450-02-560x373.jpg 560w, https:\/\/autolivraria.com.br\/bc\/wp-content\/uploads\/2015\/03\/Fiat-Uno-Rio-450-02.jpg 1280w, https:\/\/autolivraria.com.br\/bc\/wp-content\/uploads\/2015\/03\/Fiat-Uno-Rio-450-02-470x313.jpg 470w, https:\/\/autolivraria.com.br\/bc\/wp-content\/uploads\/2015\/03\/Fiat-Uno-Rio-450-02-270x180.jpg 270w, https:\/\/autolivraria.com.br\/bc\/wp-content\/uploads\/2015\/03\/Fiat-Uno-Rio-450-02-168x112.jpg 168w, https:\/\/autolivraria.com.br\/bc\/wp-content\/uploads\/2015\/03\/Fiat-Uno-Rio-450-02-250x167.jpg 250w, https:\/\/autolivraria.com.br\/bc\/wp-content\/uploads\/2015\/03\/Fiat-Uno-Rio-450-02-150x100.jpg 150w, https:\/\/autolivraria.com.br\/bc\/wp-content\/uploads\/2015\/03\/Fiat-Uno-Rio-450-02-120x80.jpg 120w\" data-sizes=\"(max-width: 560px) 100vw, 560px\" src=\"data:image\/svg+xml;base64,PHN2ZyB3aWR0aD0iMSIgaGVpZ2h0PSIxIiB4bWxucz0iaHR0cDovL3d3dy53My5vcmcvMjAwMC9zdmciPjwvc3ZnPg==\" style=\"--smush-placeholder-width: 560px; --smush-placeholder-aspect-ratio: 560\/373;\" \/><\/a><\/p>\n<p>&nbsp;<\/p>\n","protected":false},"excerpt":{"rendered":"<p>&nbsp; O Fiat Uno ganha uma edi\u00e7\u00e3o limitada em comemora\u00e7\u00e3o aos 450 anos do Rio de Janeiro. A\u00a0s\u00e9rie Rio 450 recebe o\u00a0s\u00edmbolo das comemora\u00e7\u00f5es (formado por tr\u00eas tra\u00e7os que lembram juntos um rosto de perfil) na tampa traseira e na lateral, al\u00e9m de um bordado nos\u00a0bancos dianteiros. Com base na vers\u00e3o Way com motor de<\/p>\n","protected":false},"author":6,"featured_media":57743,"comment_status":"open","ping_status":"closed","sticky":false,"template":"","format":"standard","meta":{"_joinchat":[],"footnotes":""},"categories":[8],"tags":[2154,57,94,199,1359],"class_list":["post-57742","post","type-post","status-publish","format-standard","has-post-thumbnail","hentry","category-noticias","tag-edicao-especial","tag-fiat","tag-noticias-2","tag-uno","tag-uno-way"],"amp_enabled":true,"_links":{"self":[{"href":"https:\/\/autolivraria.com.br\/bc\/wp-json\/wp\/v2\/posts\/57742","targetHints":{"allow":["GET"]}}],"collection":[{"href":"https:\/\/autolivraria.com.br\/bc\/wp-json\/wp\/v2\/posts"}],"about":[{"href":"https:\/\/autolivraria.com.br\/bc\/wp-json\/wp\/v2\/types\/post"}],"author":[{"embeddable":true,"href":"https:\/\/autolivraria.com.br\/bc\/wp-json\/wp\/v2\/users\/6"}],"replies":[{"embeddable":true,"href":"https:\/\/autolivraria.com.br\/bc\/wp-json\/wp\/v2\/comments?post=57742"}],"version-history":[{"count":0,"href":"https:\/\/autolivraria.com.br\/bc\/wp-json\/wp\/v2\/posts\/57742\/revisions"}],"wp:featuredmedia":[{"embeddable":true,"href":"https:\/\/autolivraria.com.br\/bc\/wp-json\/wp\/v2\/media\/57743"}],"wp:attachment":[{"href":"https:\/\/autolivraria.com.br\/bc\/wp-json\/wp\/v2\/media?parent=57742"}],"wp:term":[{"taxonomy":"category","embeddable":true,"href":"https:\/\/autolivraria.com.br\/bc\/wp-json\/wp\/v2\/categories?post=57742"},{"taxonomy":"post_tag","embeddable":true,"href":"https:\/\/autolivraria.com.br\/bc\/wp-json\/wp\/v2\/tags?post=57742"}],"curies":[{"name":"wp","href":"https:\/\/api.w.org\/{rel}","templated":true}]}}