{"id":58008,"date":"2015-04-02T22:10:32","date_gmt":"2015-04-03T01:10:32","guid":{"rendered":"http:\/\/bestcars.uol.com.br\/bc\/?p=58008"},"modified":"2015-06-15T14:07:42","modified_gmt":"2015-06-15T17:07:42","slug":"opel-calibra-foi-desenhado-em-nome-da-aerodinamica","status":"publish","type":"post","link":"https:\/\/autolivraria.com.br\/bc\/informe-se\/passado\/opel-calibra-foi-desenhado-em-nome-da-aerodinamica\/","title":{"rendered":"Opel Calibra foi desenhado em nome da aerodin\u00e2mica"},"content":{"rendered":"<p><a href=\"https:\/\/autolivraria.com.br\/bc\/wp-content\/uploads\/2015\/03\/Opel-Calibra-1992-Turbo-4x4-01.jpg\"><img fetchpriority=\"high\" decoding=\"async\" class=\"aligncenter size-medium wp-image-58009\" src=\"https:\/\/autolivraria.com.br\/bc\/wp-content\/uploads\/2015\/03\/Opel-Calibra-1992-Turbo-4x4-01-560x373.jpg\" alt=\"Opel Calibra Turbo 4x4 1992\" width=\"560\" height=\"373\" srcset=\"https:\/\/autolivraria.com.br\/bc\/wp-content\/uploads\/2015\/03\/Opel-Calibra-1992-Turbo-4x4-01-560x373.jpg 560w, https:\/\/autolivraria.com.br\/bc\/wp-content\/uploads\/2015\/03\/Opel-Calibra-1992-Turbo-4x4-01-470x313.jpg 470w, https:\/\/autolivraria.com.br\/bc\/wp-content\/uploads\/2015\/03\/Opel-Calibra-1992-Turbo-4x4-01-270x180.jpg 270w, https:\/\/autolivraria.com.br\/bc\/wp-content\/uploads\/2015\/03\/Opel-Calibra-1992-Turbo-4x4-01-168x112.jpg 168w, https:\/\/autolivraria.com.br\/bc\/wp-content\/uploads\/2015\/03\/Opel-Calibra-1992-Turbo-4x4-01-250x167.jpg 250w, https:\/\/autolivraria.com.br\/bc\/wp-content\/uploads\/2015\/03\/Opel-Calibra-1992-Turbo-4x4-01-150x100.jpg 150w, https:\/\/autolivraria.com.br\/bc\/wp-content\/uploads\/2015\/03\/Opel-Calibra-1992-Turbo-4x4-01-120x80.jpg 120w, https:\/\/autolivraria.com.br\/bc\/wp-content\/uploads\/2015\/03\/Opel-Calibra-1992-Turbo-4x4-01.jpg 950w\" sizes=\"(max-width: 560px) 100vw, 560px\" \/><\/a><\/p>\n<p>&nbsp;<\/p>\n<h2>O melhor Cx de seu tempo consagrou o cup\u00ea derivado do Vectra,\u00a0que<br \/>\nteve interessantes vers\u00f5es turbo, V6 e com tra\u00e7\u00e3o integral<\/h2>\n<h6><em>Texto: Fabr\u00edcio Samah\u00e1 &#8211; Fotos: divulga\u00e7\u00e3o<\/em><\/h6>\n<p>&nbsp;<\/p>\n<p>V\u00e1rios fabricantes europeus t\u00eam como tradi\u00e7\u00e3o desenvolver cup\u00eas \u2014 modelos de duas portas com perfil diferenciado, mais leve e esportivo \u2014 com base nas plataformas de sed\u00e3s de grande volume de produ\u00e7\u00e3o. Na Opel alem\u00e3, que desde 1931 est\u00e1 sob controle da General Motors dos Estados Unidos, essa tradi\u00e7\u00e3o rendeu modelos como o pequeno <a title=\"Opel GT foi como um filhote de Corvette para a Europa\" href=\"https:\/\/autolivraria.com.br\/bc\/informe-se\/passado\/paginas-historia\/opel-gt-foi-como-um-filhote-de-corvette-para-a-europa\/\" target=\"_blank\">GT<\/a>, lan\u00e7ado em 1967 com base no <a href=\"https:\/\/www.autolivraria.com.br\/cpassado3\/opel-kadett-1.htm\" target=\"_blank\">Kadett<\/a>; o m\u00e9dio <a href=\"https:\/\/www.autolivraria.com.br\/cpassado3\/opel-manta-1.htm\" target=\"_blank\">Manta<\/a>, que surgiu em 1970 sobre a plataforma do <a href=\"https:\/\/www.autolivraria.com.br\/cpassado2\/ascona-1.htm\" target=\"_blank\">Ascona<\/a>; e o maior <a title=\"Monza, que n\u00e3o era o nosso, foi hatch esportivo da Opel\" href=\"https:\/\/autolivraria.com.br\/bc\/informe-se\/passado\/paginas-historia\/monza-que-nao-era-o-nosso-foi-hatch-esportivo-da-opel\/\" target=\"_blank\">Monza<\/a>, de 1978, com arquitetura comum ao sed\u00e3 <a href=\"https:\/\/www.autolivraria.com.br\/cpassado3\/opel-senator-1.htm\" target=\"_blank\">Senator<\/a>.<\/p>\n<p>O Manta foi produzido por duas gera\u00e7\u00f5es e, quando a segunda estava em est\u00e1gio avan\u00e7ado do ciclo de produ\u00e7\u00e3o, a Opel partiu para o desenvolvimento de seu sucessor. Dessa vez o &#8220;doador&#8221; da plataforma tinha um novo nome \u2014 <a href=\"https:\/\/www.autolivraria.com.br\/classicos\/vectra-1.htm\" target=\"_blank\">Vectra<\/a> \u2014, o que justificou rebatizar tamb\u00e9m o cup\u00ea. Escolheu-se Calibra, palavra sem significado sugerida pelo est\u00fadio de Manfred Gotta, mesmo autor do nome do sed\u00e3.<\/p>\n<p>&nbsp;<\/p>\n<p><a href=\"https:\/\/autolivraria.com.br\/bc\/wp-content\/uploads\/2015\/03\/Opel-Calibra-16V-1990-02.jpg\"><img decoding=\"async\" class=\"aligncenter size-medium wp-image-58010 lazyload\" data-src=\"https:\/\/autolivraria.com.br\/bc\/wp-content\/uploads\/2015\/03\/Opel-Calibra-16V-1990-02-560x373.jpg\" alt=\"Opel Calibra 16V 1990\" width=\"560\" height=\"373\" data-srcset=\"https:\/\/autolivraria.com.br\/bc\/wp-content\/uploads\/2015\/03\/Opel-Calibra-16V-1990-02-560x373.jpg 560w, https:\/\/autolivraria.com.br\/bc\/wp-content\/uploads\/2015\/03\/Opel-Calibra-16V-1990-02-470x313.jpg 470w, https:\/\/autolivraria.com.br\/bc\/wp-content\/uploads\/2015\/03\/Opel-Calibra-16V-1990-02-270x180.jpg 270w, https:\/\/autolivraria.com.br\/bc\/wp-content\/uploads\/2015\/03\/Opel-Calibra-16V-1990-02-168x112.jpg 168w, https:\/\/autolivraria.com.br\/bc\/wp-content\/uploads\/2015\/03\/Opel-Calibra-16V-1990-02-250x167.jpg 250w, https:\/\/autolivraria.com.br\/bc\/wp-content\/uploads\/2015\/03\/Opel-Calibra-16V-1990-02-150x100.jpg 150w, https:\/\/autolivraria.com.br\/bc\/wp-content\/uploads\/2015\/03\/Opel-Calibra-16V-1990-02-120x80.jpg 120w, https:\/\/autolivraria.com.br\/bc\/wp-content\/uploads\/2015\/03\/Opel-Calibra-16V-1990-02.jpg 950w\" data-sizes=\"(max-width: 560px) 100vw, 560px\" src=\"data:image\/svg+xml;base64,PHN2ZyB3aWR0aD0iMSIgaGVpZ2h0PSIxIiB4bWxucz0iaHR0cDovL3d3dy53My5vcmcvMjAwMC9zdmciPjwvc3ZnPg==\" style=\"--smush-placeholder-width: 560px; --smush-placeholder-aspect-ratio: 560\/373;\" \/><\/a><\/p>\n<p>&nbsp;<\/p>\n<div class='one_half'>\n\t\t\t\t\t<a href=\"https:\/\/autolivraria.com.br\/bc\/wp-content\/uploads\/2015\/03\/Opel-Calibra-16V-1990-07.jpg\"><img decoding=\"async\" class=\"aligncenter size-meia-largura-post wp-image-58011 lazyload\" data-src=\"https:\/\/autolivraria.com.br\/bc\/wp-content\/uploads\/2015\/03\/Opel-Calibra-16V-1990-07-270x180.jpg\" alt=\"Opel Calibra 16V 1990\" width=\"270\" height=\"180\" data-srcset=\"https:\/\/autolivraria.com.br\/bc\/wp-content\/uploads\/2015\/03\/Opel-Calibra-16V-1990-07-270x180.jpg 270w, https:\/\/autolivraria.com.br\/bc\/wp-content\/uploads\/2015\/03\/Opel-Calibra-16V-1990-07-560x373.jpg 560w, https:\/\/autolivraria.com.br\/bc\/wp-content\/uploads\/2015\/03\/Opel-Calibra-16V-1990-07-470x313.jpg 470w, https:\/\/autolivraria.com.br\/bc\/wp-content\/uploads\/2015\/03\/Opel-Calibra-16V-1990-07-168x112.jpg 168w, https:\/\/autolivraria.com.br\/bc\/wp-content\/uploads\/2015\/03\/Opel-Calibra-16V-1990-07-250x167.jpg 250w, https:\/\/autolivraria.com.br\/bc\/wp-content\/uploads\/2015\/03\/Opel-Calibra-16V-1990-07-150x100.jpg 150w, https:\/\/autolivraria.com.br\/bc\/wp-content\/uploads\/2015\/03\/Opel-Calibra-16V-1990-07-120x80.jpg 120w, https:\/\/autolivraria.com.br\/bc\/wp-content\/uploads\/2015\/03\/Opel-Calibra-16V-1990-07.jpg 950w\" data-sizes=\"(max-width: 270px) 100vw, 270px\" src=\"data:image\/svg+xml;base64,PHN2ZyB3aWR0aD0iMSIgaGVpZ2h0PSIxIiB4bWxucz0iaHR0cDovL3d3dy53My5vcmcvMjAwMC9zdmciPjwvc3ZnPg==\" style=\"--smush-placeholder-width: 270px; --smush-placeholder-aspect-ratio: 270\/180;\" \/><\/a>\n\t\t\t\t<\/div>\n<div class='one_half last'>\n\t\t\t\t\t<a href=\"https:\/\/autolivraria.com.br\/bc\/wp-content\/uploads\/2015\/03\/Opel-Calibra-16V-1990-08.jpg\"><img decoding=\"async\" class=\"aligncenter size-meia-largura-post wp-image-58012 lazyload\" data-src=\"https:\/\/autolivraria.com.br\/bc\/wp-content\/uploads\/2015\/03\/Opel-Calibra-16V-1990-08-270x180.jpg\" alt=\"Opel Calibra 16V 1990\" width=\"270\" height=\"180\" data-srcset=\"https:\/\/autolivraria.com.br\/bc\/wp-content\/uploads\/2015\/03\/Opel-Calibra-16V-1990-08-270x180.jpg 270w, https:\/\/autolivraria.com.br\/bc\/wp-content\/uploads\/2015\/03\/Opel-Calibra-16V-1990-08-560x373.jpg 560w, https:\/\/autolivraria.com.br\/bc\/wp-content\/uploads\/2015\/03\/Opel-Calibra-16V-1990-08-470x313.jpg 470w, https:\/\/autolivraria.com.br\/bc\/wp-content\/uploads\/2015\/03\/Opel-Calibra-16V-1990-08-168x112.jpg 168w, https:\/\/autolivraria.com.br\/bc\/wp-content\/uploads\/2015\/03\/Opel-Calibra-16V-1990-08-250x167.jpg 250w, https:\/\/autolivraria.com.br\/bc\/wp-content\/uploads\/2015\/03\/Opel-Calibra-16V-1990-08-150x100.jpg 150w, https:\/\/autolivraria.com.br\/bc\/wp-content\/uploads\/2015\/03\/Opel-Calibra-16V-1990-08-120x80.jpg 120w, https:\/\/autolivraria.com.br\/bc\/wp-content\/uploads\/2015\/03\/Opel-Calibra-16V-1990-08.jpg 950w\" data-sizes=\"(max-width: 270px) 100vw, 270px\" src=\"data:image\/svg+xml;base64,PHN2ZyB3aWR0aD0iMSIgaGVpZ2h0PSIxIiB4bWxucz0iaHR0cDovL3d3dy53My5vcmcvMjAwMC9zdmciPjwvc3ZnPg==\" style=\"--smush-placeholder-width: 270px; --smush-placeholder-aspect-ratio: 270\/180;\" \/><\/a>\n\t\t\t\t<\/div><div class='clear'><\/div>\n<h6 style=\"text-align: center;\"><em>\u00a0<\/em><br \/>\n<em>Perfil suave, far\u00f3is de perfil baixo, uma borda na tampa traseira:<\/em><br \/>\n<em>o estilo do Calibra, lan\u00e7ado\u00a0com motor de 2,0 litros em duas vers\u00f5es<\/em><\/h6>\n<p>&nbsp;<\/p>\n<p>Apresentado no Sal\u00e3o de Frankfurt em setembro de 1989, o Calibra impressionou. Suas formas suaves e favor\u00e1veis ao deslocamento do ar pareciam as de carros-conceito da \u00e9poca, n\u00e3o de modelos de produ\u00e7\u00e3o. O mesmo valia para seu <a href=\"https:\/\/autolivraria.com.br\/bc\/glossario-c\/#cx\" target=\"_blank\">coeficiente aerodin\u00e2mico (Cx)<\/a>, 0,26, o melhor j\u00e1 visto em um carro de s\u00e9rie e que assim permaneceria por 10 anos (em 1999, o <a href=\"https:\/\/www.autolivraria.com.br\/artigos\/audi-a2.htm\" target=\"_blank\">Audi A2<\/a> e o Honda Insight alcan\u00e7aram 0,25). O valor aplicava-se apenas \u00e0 vers\u00e3o b\u00e1sica, pois as demais tinham diferen\u00e7as como rodas, pneus e tomadas de ar que levavam o n\u00famero a 0,29.<\/p>\n<p>&nbsp;<\/p>\n<blockquote><p>O Calibra ganhava desempenho \u00e0 altura no<br \/>\nTurbo 4&#215;4, com 204 cv e\u00a0c\u00e2mbio de seis<br \/>\nmarchas: acelerava bem e atingia 245 km\/h<\/p><\/blockquote>\n<p>&nbsp;<\/p>\n<p>Um dos destaques era o baix\u00edssimo perfil dos far\u00f3is (7 cent\u00edmetros), permitido pelo ent\u00e3o raro emprego de refletores <a href=\"https:\/\/autolivraria.com.br\/bc\/glossario-e\/#elip\" target=\"_blank\">elipsoidais<\/a>. As janelas das portas dispensavam moldura, como deve ser em um cup\u00ea. Na extremidade da tampa traseira, que se erguia com o vidro para amplo acesso ao compartimento de bagagem, uma borda sugeria a solu\u00e7\u00e3o que o BMW S\u00e9rie 3 do ano seguinte (gera\u00e7\u00e3o E36) tornaria grande tend\u00eancia entre os sed\u00e3s dos anos 90.<\/p>\n<p>Embora comprimento (4,49 metros), largura (1,69 m) e dist\u00e2ncia entre eixos (2,60 m) fossem pr\u00f3ximos aos do Vectra, o cup\u00ea era bem mais baixo, com 1,32 m ante 1,40 m do sed\u00e3. O peso variava de 1.120 a 1.405 kg, inclu\u00eddas vers\u00f5es posteriores. O interior de quatro lugares tinha linhas modernas, materiais de acabamento de alta qualidade e a funcionalidade t\u00edpica dos carros alem\u00e3es, mas decepcionava quem esperasse por uma identidade visual: as formas eram iguais \u00e0s do Vectra.<\/p>\n<p>&nbsp;<\/p>\n<div class='one_half'>\n\t\t\t\t\t<a href=\"https:\/\/autolivraria.com.br\/bc\/wp-content\/uploads\/2015\/03\/Opel-Calibra-1991-09.jpg\"><img decoding=\"async\" class=\"aligncenter size-meia-largura-post wp-image-58016 lazyload\" data-src=\"https:\/\/autolivraria.com.br\/bc\/wp-content\/uploads\/2015\/03\/Opel-Calibra-1991-09-270x180.jpg\" alt=\"Opel Calibra 1991\" width=\"270\" height=\"180\" data-srcset=\"https:\/\/autolivraria.com.br\/bc\/wp-content\/uploads\/2015\/03\/Opel-Calibra-1991-09-270x180.jpg 270w, https:\/\/autolivraria.com.br\/bc\/wp-content\/uploads\/2015\/03\/Opel-Calibra-1991-09-560x373.jpg 560w, https:\/\/autolivraria.com.br\/bc\/wp-content\/uploads\/2015\/03\/Opel-Calibra-1991-09-470x313.jpg 470w, https:\/\/autolivraria.com.br\/bc\/wp-content\/uploads\/2015\/03\/Opel-Calibra-1991-09-168x112.jpg 168w, https:\/\/autolivraria.com.br\/bc\/wp-content\/uploads\/2015\/03\/Opel-Calibra-1991-09-250x167.jpg 250w, https:\/\/autolivraria.com.br\/bc\/wp-content\/uploads\/2015\/03\/Opel-Calibra-1991-09-150x100.jpg 150w, https:\/\/autolivraria.com.br\/bc\/wp-content\/uploads\/2015\/03\/Opel-Calibra-1991-09-120x80.jpg 120w, https:\/\/autolivraria.com.br\/bc\/wp-content\/uploads\/2015\/03\/Opel-Calibra-1991-09.jpg 950w\" data-sizes=\"(max-width: 270px) 100vw, 270px\" src=\"data:image\/svg+xml;base64,PHN2ZyB3aWR0aD0iMSIgaGVpZ2h0PSIxIiB4bWxucz0iaHR0cDovL3d3dy53My5vcmcvMjAwMC9zdmciPjwvc3ZnPg==\" style=\"--smush-placeholder-width: 270px; --smush-placeholder-aspect-ratio: 270\/180;\" \/><\/a>\n\t\t\t\t<\/div>\n<div class='one_half last'>\n\t\t\t\t\t<a href=\"https:\/\/autolivraria.com.br\/bc\/wp-content\/uploads\/2015\/03\/Opel-Calibra-1991-08.jpg\"><img decoding=\"async\" class=\"aligncenter size-meia-largura-post wp-image-58014 lazyload\" data-src=\"https:\/\/autolivraria.com.br\/bc\/wp-content\/uploads\/2015\/03\/Opel-Calibra-1991-08-270x180.jpg\" alt=\"Opel Calibra 1991\" width=\"270\" height=\"180\" data-srcset=\"https:\/\/autolivraria.com.br\/bc\/wp-content\/uploads\/2015\/03\/Opel-Calibra-1991-08-270x180.jpg 270w, https:\/\/autolivraria.com.br\/bc\/wp-content\/uploads\/2015\/03\/Opel-Calibra-1991-08-560x373.jpg 560w, https:\/\/autolivraria.com.br\/bc\/wp-content\/uploads\/2015\/03\/Opel-Calibra-1991-08-470x313.jpg 470w, https:\/\/autolivraria.com.br\/bc\/wp-content\/uploads\/2015\/03\/Opel-Calibra-1991-08-168x112.jpg 168w, https:\/\/autolivraria.com.br\/bc\/wp-content\/uploads\/2015\/03\/Opel-Calibra-1991-08-250x167.jpg 250w, https:\/\/autolivraria.com.br\/bc\/wp-content\/uploads\/2015\/03\/Opel-Calibra-1991-08-150x100.jpg 150w, https:\/\/autolivraria.com.br\/bc\/wp-content\/uploads\/2015\/03\/Opel-Calibra-1991-08-120x80.jpg 120w, https:\/\/autolivraria.com.br\/bc\/wp-content\/uploads\/2015\/03\/Opel-Calibra-1991-08.jpg 950w\" data-sizes=\"(max-width: 270px) 100vw, 270px\" src=\"data:image\/svg+xml;base64,PHN2ZyB3aWR0aD0iMSIgaGVpZ2h0PSIxIiB4bWxucz0iaHR0cDovL3d3dy53My5vcmcvMjAwMC9zdmciPjwvc3ZnPg==\" style=\"--smush-placeholder-width: 270px; --smush-placeholder-aspect-ratio: 270\/180;\" \/><\/a>\n\t\t\t\t<\/div><div class='clear'><\/div>\n<h6 style=\"text-align: center;\"><em>\u00a0<\/em><br \/>\n<em>A plataforma vinha do Vectra, mas com suspens\u00e3o traseira independente;<\/em><br \/>\n<em>tamb\u00e9m o interior reprisava o do sed\u00e3, o que lhe rendeu cr\u00edticas<\/em><\/h6>\n<p>&nbsp;<\/p>\n<p>O aproveitamento da plataforma do sed\u00e3 imp\u00f4s que o Calibra usasse motor transversal e tra\u00e7\u00e3o dianteira, n\u00e3o as melhores solu\u00e7\u00f5es para um carro esportivo \u2014 o Manta havia escapado \u00e0 tend\u00eancia por usar a arquitetura do segundo Ascona, ainda de tra\u00e7\u00e3o traseira. Em contrapartida, a Opel tomou o cuidado de aplicar-lhe uma suspens\u00e3o posterior independente com bra\u00e7o semiarrastado \u2014 mesmo princ\u00edpio do <a href=\"https:\/\/www.autolivraria.com.br\/classicos\/omega-1.htm\" target=\"_blank\">Omega<\/a> e de modelos da BMW at\u00e9 ent\u00e3o \u2014, mais elaborada que o eixo de tor\u00e7\u00e3o do sed\u00e3.<\/p>\n<p>De in\u00edcio estavam dispon\u00edveis duas vers\u00f5es do motor quatro-cilindros de 2,0 litros: com duas v\u00e1lvulas por cilindro, pot\u00eancia de 115 cv e torque de 17,3 m.kgf, e com duplo comando, quatro v\u00e1lvulas, 150 cv e 20 m.kgf. A mais potente n\u00e3o era brilhante em acelera\u00e7\u00e3o (de 0 a 100 km\/h em 8,5 segundos), mas surpreendia em velocidade m\u00e1xima: 223 km\/h. Dois anos depois, no modelo 1992, vinha a op\u00e7\u00e3o de tra\u00e7\u00e3o integral com o sistema que havia estreado em 1989 no Vectra, aplic\u00e1vel apenas com caixa manual. Ele mantinha o torque nas rodas dianteiras at\u00e9 detectar perda de ader\u00eancia, quando um acoplamento viscoso passava a tracionar tamb\u00e9m o eixo traseiro.<\/p>\n<p>A revista inglesa <em>Car<\/em> confrontou o 16V da Vauxhall \u2014 marca local da GM \u2014 ao <a href=\"https:\/\/www.autolivraria.com.br\/classicos\/celica-1.htm\" target=\"_blank\">Toyota Celica<\/a> e ao <a title=\"Corrado: esportivo da VW foi direto ao \u201cG\u201d da quest\u00e3o\" href=\"https:\/\/autolivraria.com.br\/bc\/informe-se\/passado\/paginas-historia\/corrado-esportivo-da-vw-foi-direto-ao-g-da-questao\/\" target=\"_blank\">Volkswagen Corrado G60<\/a>, que mostraram desempenho muito semelhante. &#8220;O Calibra tem o melhor som de motor do trio. Seu limite de ader\u00eancia em curvas \u00e9 o mais baixo; ele <a href=\"https:\/\/autolivraria.com.br\/bc\/glossario-s\/#sube\" target=\"_blank\">subester\u00e7a<\/a> forte, mas tem bom comportamento. O interior tem excelentes bancos e ergonomia, acabamento atraente e bem feito; o painel bonito e eficiente \u00e9 o mesmo do Cavalier (Vectra)&#8221;, observou. O Celica, por\u00e9m, mostrou-se a melhor op\u00e7\u00e3o.<\/p>\n<p>&nbsp;<\/p>\n<p><a href=\"https:\/\/autolivraria.com.br\/bc\/wp-content\/uploads\/2015\/03\/Opel-Calibra-1992-Turbo-4x4-02.jpg\"><img decoding=\"async\" class=\"aligncenter size-medium wp-image-58017 lazyload\" data-src=\"https:\/\/autolivraria.com.br\/bc\/wp-content\/uploads\/2015\/03\/Opel-Calibra-1992-Turbo-4x4-02-560x373.jpg\" alt=\"Opel Calibra Turbo 4x4 1992\" width=\"560\" height=\"373\" data-srcset=\"https:\/\/autolivraria.com.br\/bc\/wp-content\/uploads\/2015\/03\/Opel-Calibra-1992-Turbo-4x4-02-560x373.jpg 560w, https:\/\/autolivraria.com.br\/bc\/wp-content\/uploads\/2015\/03\/Opel-Calibra-1992-Turbo-4x4-02-470x313.jpg 470w, https:\/\/autolivraria.com.br\/bc\/wp-content\/uploads\/2015\/03\/Opel-Calibra-1992-Turbo-4x4-02-270x180.jpg 270w, https:\/\/autolivraria.com.br\/bc\/wp-content\/uploads\/2015\/03\/Opel-Calibra-1992-Turbo-4x4-02-168x112.jpg 168w, https:\/\/autolivraria.com.br\/bc\/wp-content\/uploads\/2015\/03\/Opel-Calibra-1992-Turbo-4x4-02-250x167.jpg 250w, https:\/\/autolivraria.com.br\/bc\/wp-content\/uploads\/2015\/03\/Opel-Calibra-1992-Turbo-4x4-02-150x100.jpg 150w, https:\/\/autolivraria.com.br\/bc\/wp-content\/uploads\/2015\/03\/Opel-Calibra-1992-Turbo-4x4-02-120x80.jpg 120w, https:\/\/autolivraria.com.br\/bc\/wp-content\/uploads\/2015\/03\/Opel-Calibra-1992-Turbo-4x4-02.jpg 950w\" data-sizes=\"(max-width: 560px) 100vw, 560px\" src=\"data:image\/svg+xml;base64,PHN2ZyB3aWR0aD0iMSIgaGVpZ2h0PSIxIiB4bWxucz0iaHR0cDovL3d3dy53My5vcmcvMjAwMC9zdmciPjwvc3ZnPg==\" style=\"--smush-placeholder-width: 560px; --smush-placeholder-aspect-ratio: 560\/373;\" \/><\/a><\/p>\n<h6 style=\"text-align: center;\"><em>\u00a0<\/em><br \/>\n<em>O Calibra Turbo 4&#215;4: motor de 204 cv, c\u00e2mbio de seis marchas e<\/em><br \/>\n<em>tra\u00e7\u00e3o integral para acelerar de 0 a 100 em 6,8 segundos<\/em><\/h6>\n<p>&nbsp;<\/p>\n<p>O 4&#215;4 avaliado pela <em>Autocar &amp; Motor<\/em>, tamb\u00e9m brit\u00e2nica, revelou &#8220;excelente ader\u00eancia, \u00f3timo uso de espa\u00e7o e baixo consumo&#8221;, embora fosse criticado pelo desempenho, o rodar \u00e1spero e o interior igual ao do sed\u00e3. &#8220;A raz\u00e3o de existir do 4&#215;4 \u00e9 evidente em sua grande ader\u00eancia e a impressionante estabilidade. O motor de 150 cv precisa de mais pot\u00eancia para lidar com o peso adicional do sistema de tra\u00e7\u00e3o. Para seu pre\u00e7o, o desempenho desaponta&#8221;, notou a revista.<\/p>\n<p>O Calibra ganhava desempenho \u00e0 altura de seu visual esportivo em mar\u00e7o de 1992: chegava a vers\u00e3o Turbo 4&#215;4, com o 16-v\u00e1lvulas <a href=\"https:\/\/autolivraria.com.br\/bc\/glossario-t\/#turb\" target=\"_blank\">turboalimentado<\/a> para obter 204 cv e 28,5 m.kgf, em pacote que inclu\u00eda c\u00e2mbio manual Getrag de seis marchas,\u00a0sem op\u00e7\u00e3o de autom\u00e1tico, e rodas de 16 pol com pneus 205\/50. Acelerava muito bem \u2014 de 0 a 100 km\/h em 6,8 segundos \u2014 e atingia 245 km\/h. A linha completava-se para 1993 com um V6 de 2,5 litros, tamb\u00e9m comum ao Vectra, com quatro v\u00e1lvulas por cilindro, 170 cv e 23,1 m.kgf, suficientes para 0-100 em 7,8 s e m\u00e1xima de 237 km\/h. Embora oferecesse a op\u00e7\u00e3o de caixa autom\u00e1tica, o V6 tinha tra\u00e7\u00e3o apenas na frente.<\/p>\n<p>No comparativo da <em>Car<\/em> ao <a href=\"https:\/\/www.autolivraria.com.br\/classicos\/escort-1.htm\" target=\"_blank\">Ford Escort RS Cosworth<\/a> e ao Corrado VR6, o Calibra Turbo venceu o VW em desempenho, ficando atr\u00e1s do Ford. &#8220;O motor \u00e9 potente, disposto e suave, embora ruidoso. Seu interior \u00e9 funcional, mas poderia ser mais apelativo. O Calibra precisa ser ester\u00e7ado com mais vigor nas curvas para n\u00e3o subester\u00e7ar. Sua ader\u00eancia \u00e9 forte&#8221;, observou a revista, que deu a vit\u00f3ria ao Cosworth.<\/p>\n<p>&nbsp;<\/p>\n<div class='one_half'>\n\t\t\t\t\t<a href=\"https:\/\/autolivraria.com.br\/bc\/wp-content\/uploads\/2015\/03\/Opel-Calibra-1993-V6.jpg\"><img decoding=\"async\" class=\"aligncenter size-meia-largura-post wp-image-58018 lazyload\" data-src=\"https:\/\/autolivraria.com.br\/bc\/wp-content\/uploads\/2015\/03\/Opel-Calibra-1993-V6-270x180.jpg\" alt=\"Opel Calibra V6 1993\" width=\"270\" height=\"180\" data-srcset=\"https:\/\/autolivraria.com.br\/bc\/wp-content\/uploads\/2015\/03\/Opel-Calibra-1993-V6-270x180.jpg 270w, https:\/\/autolivraria.com.br\/bc\/wp-content\/uploads\/2015\/03\/Opel-Calibra-1993-V6-560x373.jpg 560w, https:\/\/autolivraria.com.br\/bc\/wp-content\/uploads\/2015\/03\/Opel-Calibra-1993-V6-470x313.jpg 470w, https:\/\/autolivraria.com.br\/bc\/wp-content\/uploads\/2015\/03\/Opel-Calibra-1993-V6-168x112.jpg 168w, https:\/\/autolivraria.com.br\/bc\/wp-content\/uploads\/2015\/03\/Opel-Calibra-1993-V6-250x167.jpg 250w, https:\/\/autolivraria.com.br\/bc\/wp-content\/uploads\/2015\/03\/Opel-Calibra-1993-V6-150x100.jpg 150w, https:\/\/autolivraria.com.br\/bc\/wp-content\/uploads\/2015\/03\/Opel-Calibra-1993-V6-120x80.jpg 120w, https:\/\/autolivraria.com.br\/bc\/wp-content\/uploads\/2015\/03\/Opel-Calibra-1993-V6.jpg 950w\" data-sizes=\"(max-width: 270px) 100vw, 270px\" src=\"data:image\/svg+xml;base64,PHN2ZyB3aWR0aD0iMSIgaGVpZ2h0PSIxIiB4bWxucz0iaHR0cDovL3d3dy53My5vcmcvMjAwMC9zdmciPjwvc3ZnPg==\" style=\"--smush-placeholder-width: 270px; --smush-placeholder-aspect-ratio: 270\/180;\" \/><\/a>\n\t\t\t\t<\/div>\n<div class='one_half last'>\n\t\t\t\t\t<a href=\"https:\/\/autolivraria.com.br\/bc\/wp-content\/uploads\/2015\/03\/Opel-Calibra-Convertible-1992.jpg\"><img decoding=\"async\" class=\"aligncenter size-meia-largura-post wp-image-58019 lazyload\" data-src=\"https:\/\/autolivraria.com.br\/bc\/wp-content\/uploads\/2015\/03\/Opel-Calibra-Convertible-1992-270x180.jpg\" alt=\"Opel Calibra Convertible 1992\" width=\"270\" height=\"180\" data-srcset=\"https:\/\/autolivraria.com.br\/bc\/wp-content\/uploads\/2015\/03\/Opel-Calibra-Convertible-1992-270x180.jpg 270w, https:\/\/autolivraria.com.br\/bc\/wp-content\/uploads\/2015\/03\/Opel-Calibra-Convertible-1992-560x373.jpg 560w, https:\/\/autolivraria.com.br\/bc\/wp-content\/uploads\/2015\/03\/Opel-Calibra-Convertible-1992-470x313.jpg 470w, https:\/\/autolivraria.com.br\/bc\/wp-content\/uploads\/2015\/03\/Opel-Calibra-Convertible-1992-168x112.jpg 168w, https:\/\/autolivraria.com.br\/bc\/wp-content\/uploads\/2015\/03\/Opel-Calibra-Convertible-1992-250x167.jpg 250w, https:\/\/autolivraria.com.br\/bc\/wp-content\/uploads\/2015\/03\/Opel-Calibra-Convertible-1992-150x100.jpg 150w, https:\/\/autolivraria.com.br\/bc\/wp-content\/uploads\/2015\/03\/Opel-Calibra-Convertible-1992-120x80.jpg 120w, https:\/\/autolivraria.com.br\/bc\/wp-content\/uploads\/2015\/03\/Opel-Calibra-Convertible-1992.jpg 950w\" data-sizes=\"(max-width: 270px) 100vw, 270px\" src=\"data:image\/svg+xml;base64,PHN2ZyB3aWR0aD0iMSIgaGVpZ2h0PSIxIiB4bWxucz0iaHR0cDovL3d3dy53My5vcmcvMjAwMC9zdmciPjwvc3ZnPg==\" style=\"--smush-placeholder-width: 270px; --smush-placeholder-aspect-ratio: 270\/180;\" \/><\/a>\n\t\t\t\t<\/div><div class='clear'><\/div>\n<h6 style=\"text-align: center;\"><em>\u00a0<\/em><br \/>\n<em>O\u00a0V6 de 170 cv associava bom desempenho e c\u00e2mbio autom\u00e1tico;<\/em><br \/>\n<em>o convers\u00edvel foi feito pela Valmet para estudos, mas n\u00e3o produzido<\/em><\/h6>\n<p>&nbsp;<\/p>\n<p>De in\u00edcio fabricado na pr\u00f3pria Opel em R\u00fcsselsheim, Alemanha, o cup\u00ea ganhava em paralelo a produ\u00e7\u00e3o pela Valmet Automotive em Uusikaupunki, Finl\u00e2ndia, em 1991. No Reino Unido foi vendido pela divis\u00e3o Vauxhall; na Austr\u00e1lia, pela Holden; na \u00c1frica do Sul e em pa\u00edses da Am\u00e9rica Latina como o Brasil, pela Chevrolet, mas sempre com o nome original do modelo (isso n\u00e3o ocorreu com outros Opels como o <a href=\"https:\/\/www.autolivraria.com.br\/classicos\/corsa-1.htm\" target=\"_blank\">Corsa<\/a>, que era Nova para os ingleses e Barina para os australianos, e o pr\u00f3prio Vectra, chamado de Cavalier na terra da rainha).<\/p>\n<p>&nbsp;<\/p>\n<div class='code-block code-block-7' style='margin: 28px auto; text-align: center; display: block; clear: both;'>\n<script async src=\"https:\/\/pagead2.googlesyndication.com\/pagead\/js\/adsbygoogle.js\"><\/script>\n<!-- AL-quadrado -->\n<ins class=\"adsbygoogle\"\n     style=\"display:block\"\n     data-ad-client=\"ca-pub-1914799802606213\"\n     data-ad-slot=\"5683066082\"\n     data-ad-format=\"auto\"\n     data-full-width-responsive=\"true\"><\/ins>\n<script>\n     (adsbygoogle = window.adsbygoogle || []).push({});\n<\/script><\/div>\n\n<p>&nbsp;<\/p>\n<p>O mercado brasileiro recebeu-o em setembro de 1993, mesma \u00e9poca do lan\u00e7amento do primeiro Vectra nacional, em vers\u00e3o \u00fanica de 16 v\u00e1lvulas e c\u00e2mbio manual. Desestimulada pela alta do Imposto de Importa\u00e7\u00e3o para 70% em 1995 \u2014 descumprindo o programa de redu\u00e7\u00e3o paulatina previsto no in\u00edcio da d\u00e9cada \u2014, a GM n\u00e3o importou outras vers\u00f5es e manteve o carro no mercado at\u00e9 o ano seguinte.<\/p>\n<p>A modernidade de desenho do Calibra permitiu que ele passasse sete anos em produ\u00e7\u00e3o com altera\u00e7\u00f5es m\u00ednimas. O motor aspirado de 16 v\u00e1lvulas passava por evolu\u00e7\u00e3o em 1993: agora era da linha Ecotec, com menores emiss\u00f5es poluentes (padr\u00e3o Euro 2), o que levou a uma calibra\u00e7\u00e3o mais &#8220;mansa&#8221; e fez cair a pot\u00eancia (de 150 para 136 cv) e o torque (de 20 para 18,9 m.kgf), embora em regimes mais baixos. O V6, em contrapartida, subia de 23 para 23,4 m.kgf com a mesma pot\u00eancia. Bolsas infl\u00e1veis frontais eram adotadas no mesmo ano. Em meados de 1994 vinham grade dianteira com o emblema da Opel (antes colocado no cap\u00f4), novas rodas e grafia dos instrumentos.<\/p>\n<p>&nbsp;<\/p>\n<p><a href=\"https:\/\/autolivraria.com.br\/bc\/wp-content\/uploads\/2015\/03\/Opel-Calibra-1994-Keke-Rosberg.jpg\"><img decoding=\"async\" class=\"aligncenter size-medium wp-image-58020 lazyload\" data-src=\"https:\/\/autolivraria.com.br\/bc\/wp-content\/uploads\/2015\/03\/Opel-Calibra-1994-Keke-Rosberg-560x373.jpg\" alt=\"Opel Calibra Keke Rosberg\" width=\"560\" height=\"373\" data-srcset=\"https:\/\/autolivraria.com.br\/bc\/wp-content\/uploads\/2015\/03\/Opel-Calibra-1994-Keke-Rosberg-560x373.jpg 560w, https:\/\/autolivraria.com.br\/bc\/wp-content\/uploads\/2015\/03\/Opel-Calibra-1994-Keke-Rosberg-470x313.jpg 470w, https:\/\/autolivraria.com.br\/bc\/wp-content\/uploads\/2015\/03\/Opel-Calibra-1994-Keke-Rosberg-270x180.jpg 270w, https:\/\/autolivraria.com.br\/bc\/wp-content\/uploads\/2015\/03\/Opel-Calibra-1994-Keke-Rosberg-168x112.jpg 168w, https:\/\/autolivraria.com.br\/bc\/wp-content\/uploads\/2015\/03\/Opel-Calibra-1994-Keke-Rosberg-250x167.jpg 250w, https:\/\/autolivraria.com.br\/bc\/wp-content\/uploads\/2015\/03\/Opel-Calibra-1994-Keke-Rosberg-150x100.jpg 150w, https:\/\/autolivraria.com.br\/bc\/wp-content\/uploads\/2015\/03\/Opel-Calibra-1994-Keke-Rosberg-120x80.jpg 120w, https:\/\/autolivraria.com.br\/bc\/wp-content\/uploads\/2015\/03\/Opel-Calibra-1994-Keke-Rosberg.jpg 950w\" data-sizes=\"(max-width: 560px) 100vw, 560px\" src=\"data:image\/svg+xml;base64,PHN2ZyB3aWR0aD0iMSIgaGVpZ2h0PSIxIiB4bWxucz0iaHR0cDovL3d3dy53My5vcmcvMjAwMC9zdmciPjwvc3ZnPg==\" style=\"--smush-placeholder-width: 560px; --smush-placeholder-aspect-ratio: 560\/373;\" \/><\/a><\/p>\n<p>&nbsp;<\/p>\n<div class='one_half'>\n\t\t\t\t\t<a href=\"https:\/\/autolivraria.com.br\/bc\/wp-content\/uploads\/2015\/03\/Opel-Calibra-DTM-Edition-1995.jpg\"><img decoding=\"async\" class=\"aligncenter size-meia-largura-post wp-image-58021 lazyload\" data-src=\"https:\/\/autolivraria.com.br\/bc\/wp-content\/uploads\/2015\/03\/Opel-Calibra-DTM-Edition-1995-270x180.jpg\" alt=\"Opel Calibra DTM Edition\" width=\"270\" height=\"180\" data-srcset=\"https:\/\/autolivraria.com.br\/bc\/wp-content\/uploads\/2015\/03\/Opel-Calibra-DTM-Edition-1995-270x180.jpg 270w, https:\/\/autolivraria.com.br\/bc\/wp-content\/uploads\/2015\/03\/Opel-Calibra-DTM-Edition-1995-560x373.jpg 560w, https:\/\/autolivraria.com.br\/bc\/wp-content\/uploads\/2015\/03\/Opel-Calibra-DTM-Edition-1995-470x313.jpg 470w, https:\/\/autolivraria.com.br\/bc\/wp-content\/uploads\/2015\/03\/Opel-Calibra-DTM-Edition-1995-168x112.jpg 168w, https:\/\/autolivraria.com.br\/bc\/wp-content\/uploads\/2015\/03\/Opel-Calibra-DTM-Edition-1995-250x167.jpg 250w, https:\/\/autolivraria.com.br\/bc\/wp-content\/uploads\/2015\/03\/Opel-Calibra-DTM-Edition-1995-150x100.jpg 150w, https:\/\/autolivraria.com.br\/bc\/wp-content\/uploads\/2015\/03\/Opel-Calibra-DTM-Edition-1995-120x80.jpg 120w, https:\/\/autolivraria.com.br\/bc\/wp-content\/uploads\/2015\/03\/Opel-Calibra-DTM-Edition-1995.jpg 950w\" data-sizes=\"(max-width: 270px) 100vw, 270px\" src=\"data:image\/svg+xml;base64,PHN2ZyB3aWR0aD0iMSIgaGVpZ2h0PSIxIiB4bWxucz0iaHR0cDovL3d3dy53My5vcmcvMjAwMC9zdmciPjwvc3ZnPg==\" style=\"--smush-placeholder-width: 270px; --smush-placeholder-aspect-ratio: 270\/180;\" \/><\/a>\n\t\t\t\t<\/div>\n<div class='one_half last'>\n\t\t\t\t\t<a href=\"https:\/\/autolivraria.com.br\/bc\/wp-content\/uploads\/2015\/03\/Opel-Calibra-DTM.jpg\"><img decoding=\"async\" class=\"aligncenter size-meia-largura-post wp-image-58022 lazyload\" data-src=\"https:\/\/autolivraria.com.br\/bc\/wp-content\/uploads\/2015\/03\/Opel-Calibra-DTM-270x180.jpg\" alt=\"Opel Calibra DTM\" width=\"270\" height=\"180\" data-srcset=\"https:\/\/autolivraria.com.br\/bc\/wp-content\/uploads\/2015\/03\/Opel-Calibra-DTM-270x180.jpg 270w, https:\/\/autolivraria.com.br\/bc\/wp-content\/uploads\/2015\/03\/Opel-Calibra-DTM-560x373.jpg 560w, https:\/\/autolivraria.com.br\/bc\/wp-content\/uploads\/2015\/03\/Opel-Calibra-DTM-470x313.jpg 470w, https:\/\/autolivraria.com.br\/bc\/wp-content\/uploads\/2015\/03\/Opel-Calibra-DTM-168x112.jpg 168w, https:\/\/autolivraria.com.br\/bc\/wp-content\/uploads\/2015\/03\/Opel-Calibra-DTM-250x167.jpg 250w, https:\/\/autolivraria.com.br\/bc\/wp-content\/uploads\/2015\/03\/Opel-Calibra-DTM-150x100.jpg 150w, https:\/\/autolivraria.com.br\/bc\/wp-content\/uploads\/2015\/03\/Opel-Calibra-DTM-120x80.jpg 120w, https:\/\/autolivraria.com.br\/bc\/wp-content\/uploads\/2015\/03\/Opel-Calibra-DTM.jpg 950w\" data-sizes=\"(max-width: 270px) 100vw, 270px\" src=\"data:image\/svg+xml;base64,PHN2ZyB3aWR0aD0iMSIgaGVpZ2h0PSIxIiB4bWxucz0iaHR0cDovL3d3dy53My5vcmcvMjAwMC9zdmciPjwvc3ZnPg==\" style=\"--smush-placeholder-width: 270px; --smush-placeholder-aspect-ratio: 270\/180;\" \/><\/a>\n\t\t\t\t<\/div><div class='clear'><\/div>\n<h6 style=\"text-align: center;\"><em>\u00a0<\/em><br \/>\n<em>As s\u00e9ries Keke Rosberg (foto maior) e DTM Edition ligavam o cup\u00ea\u00a0de<\/em><br \/>\n<em> rua \u00e0 vers\u00e3o do DTM (\u00e0 direita), que foi campe\u00e3 no ITC em 1996<\/em><\/h6>\n<p>&nbsp;<\/p>\n<p>O Calibra foi oferecido em diversas edi\u00e7\u00f5es limitadas, entre as quais se destacaram a DTM Edition (1995), em alus\u00e3o ao Campeonato Alem\u00e3o de Carros de Turismo; a Keke Rosberg Edition (mesmo ano), em homenagem ao piloto finland\u00eas que competia na categoria; e a Last Edition ou \u00faltima edi\u00e7\u00e3o (1997), um Turbo que recebia rodas BBS de 16 pol, defletores da preparadora Irmscher, bancos de couro creme e suspens\u00e3o esportiva. Outras foram Classic, Classic II, Cliff Motorsport e Young. Consta que dois convers\u00edveis foram constru\u00eddos pela Valmet para estudos; v\u00e1rios outros resultaram de adapta\u00e7\u00f5es.<\/p>\n<p>Embora o Calibra V6 em uma espec\u00edfica vers\u00e3o 4&#215;4 tenha participado do DTM desde a temporada de 1994, em substitui\u00e7\u00e3o ao Omega com motor de 3,0 litros, sua participa\u00e7\u00e3o s\u00f3 foi mesmo bem-sucedida em 1996, quando Manuel Reuter foi campe\u00e3o entre os pilotos no Campeonato Internacional de Carros de Turismo (ITC) e a Opel faturou o t\u00edtulo de construtores. O ITC era um bra\u00e7o internacional do certame alem\u00e3o.<\/p>\n<p>Ao sair de produ\u00e7\u00e3o, em junho de 1997, o Calibra acumulava 239.118 unidades produzidas. Depois dele, a Opel n\u00e3o mais teria cup\u00eas derivados do Vectra ou de seu sucessor <a href=\"https:\/\/autolivraria.com.br\/bc\/tag\/insignia\" target=\"_blank\">Insignia<\/a> \u2014 houve apenas uma vers\u00e3o cup\u00ea do <a href=\"https:\/\/www.autolivraria.com.br\/cpassado2\/astra-1.htm\" target=\"_blank\">Astra<\/a>, em 2000, e hatches de tr\u00eas portas mais esportivos das duas gera\u00e7\u00f5es subsequentes desse modelo.<\/p>\n<table border=\"0\">\n<tbody>\n<tr>\n<td><a href='https:\/\/autolivraria.com.br\/bc\/carros-do-passado\/' class='small-button smallsilver'>Mais Carros do Passado<\/a><\/td>\n<\/tr>\n<\/tbody>\n<\/table>\n<p>&nbsp;<\/p>\n<p>&nbsp;<\/p>\n","protected":false},"excerpt":{"rendered":"<p>O melhor Cx de seu tempo consagrou o cup\u00ea derivado do<br \/>\nVectra, que teve interessantes vers\u00f5es turbo, V6 e com tra\u00e7\u00e3o integral<\/p>\n","protected":false},"author":6,"featured_media":58009,"comment_status":"open","ping_status":"closed","sticky":false,"template":"","format":"standard","meta":{"_joinchat":[],"footnotes":""},"categories":[10,3798,11],"tags":[391,169,156,1791,151,436,2008,575],"class_list":["post-58008","post","type-post","status-publish","format-standard","has-post-thumbnail","hentry","category-passado","category-opel","category-paginas-historia","tag-4x4","tag-calibra","tag-carros-do-passado","tag-cupe","tag-esportivo","tag-opel","tag-paginas-da-historia","tag-turbo"],"amp_enabled":true,"_links":{"self":[{"href":"https:\/\/autolivraria.com.br\/bc\/wp-json\/wp\/v2\/posts\/58008","targetHints":{"allow":["GET"]}}],"collection":[{"href":"https:\/\/autolivraria.com.br\/bc\/wp-json\/wp\/v2\/posts"}],"about":[{"href":"https:\/\/autolivraria.com.br\/bc\/wp-json\/wp\/v2\/types\/post"}],"author":[{"embeddable":true,"href":"https:\/\/autolivraria.com.br\/bc\/wp-json\/wp\/v2\/users\/6"}],"replies":[{"embeddable":true,"href":"https:\/\/autolivraria.com.br\/bc\/wp-json\/wp\/v2\/comments?post=58008"}],"version-history":[{"count":0,"href":"https:\/\/autolivraria.com.br\/bc\/wp-json\/wp\/v2\/posts\/58008\/revisions"}],"wp:featuredmedia":[{"embeddable":true,"href":"https:\/\/autolivraria.com.br\/bc\/wp-json\/wp\/v2\/media\/58009"}],"wp:attachment":[{"href":"https:\/\/autolivraria.com.br\/bc\/wp-json\/wp\/v2\/media?parent=58008"}],"wp:term":[{"taxonomy":"category","embeddable":true,"href":"https:\/\/autolivraria.com.br\/bc\/wp-json\/wp\/v2\/categories?post=58008"},{"taxonomy":"post_tag","embeddable":true,"href":"https:\/\/autolivraria.com.br\/bc\/wp-json\/wp\/v2\/tags?post=58008"}],"curies":[{"name":"wp","href":"https:\/\/api.w.org\/{rel}","templated":true}]}}