{"id":59429,"date":"2015-05-11T15:33:25","date_gmt":"2015-05-11T18:33:25","guid":{"rendered":"http:\/\/bestcars.uol.com.br\/bc\/?p=59429"},"modified":"2015-05-18T15:21:16","modified_gmt":"2015-05-18T18:21:16","slug":"vw-gol-tambem-ganha-serie-especial-para-o-rock-in-rio","status":"publish","type":"post","link":"https:\/\/autolivraria.com.br\/bc\/informe-se\/noticias\/vw-gol-tambem-ganha-serie-especial-para-o-rock-in-rio\/","title":{"rendered":"VW Gol ganha s\u00e9rie especial Rock in Rio por R$ 45.410"},"content":{"rendered":"<p><a href=\"https:\/\/autolivraria.com.br\/bc\/wp-content\/uploads\/2015\/05\/VW-Gol-Rock-in-Rio-01.jpg\"><img fetchpriority=\"high\" decoding=\"async\" class=\"aligncenter size-medium wp-image-59430\" src=\"https:\/\/autolivraria.com.br\/bc\/wp-content\/uploads\/2015\/05\/VW-Gol-Rock-in-Rio-01-560x373.jpg\" alt=\"VW Gol Rock in Rio 01\" width=\"560\" height=\"373\" srcset=\"https:\/\/autolivraria.com.br\/bc\/wp-content\/uploads\/2015\/05\/VW-Gol-Rock-in-Rio-01-560x373.jpg 560w, https:\/\/autolivraria.com.br\/bc\/wp-content\/uploads\/2015\/05\/VW-Gol-Rock-in-Rio-01-470x313.jpg 470w, https:\/\/autolivraria.com.br\/bc\/wp-content\/uploads\/2015\/05\/VW-Gol-Rock-in-Rio-01-270x180.jpg 270w, https:\/\/autolivraria.com.br\/bc\/wp-content\/uploads\/2015\/05\/VW-Gol-Rock-in-Rio-01-168x112.jpg 168w, https:\/\/autolivraria.com.br\/bc\/wp-content\/uploads\/2015\/05\/VW-Gol-Rock-in-Rio-01-250x167.jpg 250w, https:\/\/autolivraria.com.br\/bc\/wp-content\/uploads\/2015\/05\/VW-Gol-Rock-in-Rio-01-150x100.jpg 150w, https:\/\/autolivraria.com.br\/bc\/wp-content\/uploads\/2015\/05\/VW-Gol-Rock-in-Rio-01-120x80.jpg 120w, https:\/\/autolivraria.com.br\/bc\/wp-content\/uploads\/2015\/05\/VW-Gol-Rock-in-Rio-01.jpg 1280w\" sizes=\"(max-width: 560px) 100vw, 560px\" \/><\/a><\/p>\n<p>&nbsp;<\/p>\n<p>Depois do <a href=\"https:\/\/autolivraria.com.br\/bc\/informe-se\/noticias\/volkswagen-relanca-edicao-fox-rock-in-rio-por-r-50-190\/\" target=\"_blank\">Fox<\/a>, a\u00a0Volkswagen mostra mais um modelo a ganhar a s\u00e9rie especial\u00a0Rock in Rio, que homenageia o evento de m\u00fasica patrocinado pela empresa. O Gol Rock in Rio,\u00a0com\u00a0produ\u00e7\u00e3o limitada at\u00e9 agosto e pre\u00e7o de R$\u00a045.410,\u00a0vem com\u00a0faixas adesivas com silhuetas de instrumentos musicais, capa prateada nos retrovisores,\u00a0nova grade\u00a0dianteira e lanternas escurecidas. Por dentro foram adotados\u00a0soleiras das portas dianteiras com aplique, pedais com capa de alum\u00ednio,\u00a0detalhes vermelhos nas\u00a0molduras das sa\u00eddas de ar e na coifa da alavanca de c\u00e2mbio e\u00a0bancos com revestimento com tecido exclusivo e costuras vermelhas.<\/p>\n<p>&nbsp;<\/p>\n<div class='code-block code-block-11' style='margin: 8px auto; text-align: center; display: block; clear: both;'>\n<script async src=\"https:\/\/pagead2.googlesyndication.com\/pagead\/js\/adsbygoogle.js\"><\/script>\n<!-- AL-quadrado -->\n<ins class=\"adsbygoogle\"\n     style=\"display:block\"\n     data-ad-client=\"ca-pub-1914799802606213\"\n     data-ad-slot=\"5683066082\"\n     data-ad-format=\"auto\"\n     data-full-width-responsive=\"true\"><\/ins>\n<script>\n     (adsbygoogle = window.adsbygoogle || []).push({});\n<\/script><\/div>\n\n<p>&nbsp;<\/p>\n<p>O Gol Rock in Rio oferece as cores branca, vermelha, preta, azul e prata e baseia-se\u00a0na vers\u00e3o Comfortline com motor de 1,0 litro, que produz pot\u00eancia de 76 cv com \u00e1lcool.\u00a0Itens de s\u00e9rie incluem ar-condicionado, rodas de 15 polegadas, r\u00e1dio\/CD com sistema Bluetooth, far\u00f3is duplos, sensores de estacionamento traseiros, volante\u00a0revestido de couro com comandos e computador de bordo.<\/p>\n<p>&nbsp;<\/p>\n<div id='gallery-1' class='gallery galleryid-59429 gallery-columns-2 gallery-size-meia-largura-post'><figure class='gallery-item'>\n\t\t\t<div class='gallery-icon landscape'>\n\t\t\t\t<a href='https:\/\/autolivraria.com.br\/bc\/wp-content\/uploads\/2015\/05\/VW-Gol-Rock-in-Rio-02.jpg'><img decoding=\"async\" width=\"270\" height=\"180\" data-src=\"https:\/\/autolivraria.com.br\/bc\/wp-content\/uploads\/2015\/05\/VW-Gol-Rock-in-Rio-02-270x180.jpg\" class=\"attachment-meia-largura-post size-meia-largura-post lazyload\" alt=\"\" src=\"data:image\/svg+xml;base64,PHN2ZyB3aWR0aD0iMSIgaGVpZ2h0PSIxIiB4bWxucz0iaHR0cDovL3d3dy53My5vcmcvMjAwMC9zdmciPjwvc3ZnPg==\" style=\"--smush-placeholder-width: 270px; --smush-placeholder-aspect-ratio: 270\/180;\" \/><\/a>\n\t\t\t<\/div><\/figure><figure class='gallery-item'>\n\t\t\t<div class='gallery-icon landscape'>\n\t\t\t\t<a href='https:\/\/autolivraria.com.br\/bc\/wp-content\/uploads\/2015\/05\/VW-Gol-Rock-in-Rio-03.jpg'><img decoding=\"async\" width=\"270\" height=\"180\" data-src=\"https:\/\/autolivraria.com.br\/bc\/wp-content\/uploads\/2015\/05\/VW-Gol-Rock-in-Rio-03-270x180.jpg\" class=\"attachment-meia-largura-post size-meia-largura-post lazyload\" alt=\"\" src=\"data:image\/svg+xml;base64,PHN2ZyB3aWR0aD0iMSIgaGVpZ2h0PSIxIiB4bWxucz0iaHR0cDovL3d3dy53My5vcmcvMjAwMC9zdmciPjwvc3ZnPg==\" style=\"--smush-placeholder-width: 270px; --smush-placeholder-aspect-ratio: 270\/180;\" \/><\/a>\n\t\t\t<\/div><\/figure>\n\t\t<\/div>\n\n<p>&nbsp;<\/p>\n<p><em>Texto da equipe &#8211; Fotos: divulga\u00e7\u00e3o<\/em><\/p>\n<p>&nbsp;<\/p>\n","protected":false},"excerpt":{"rendered":"<p>&nbsp; Depois do Fox, a\u00a0Volkswagen mostra mais um modelo a ganhar a s\u00e9rie especial\u00a0Rock in Rio, que homenageia o evento de m\u00fasica patrocinado pela empresa. O Gol Rock in Rio,\u00a0com\u00a0produ\u00e7\u00e3o limitada at\u00e9 agosto e pre\u00e7o de R$\u00a045.410,\u00a0vem com\u00a0faixas adesivas com silhuetas de instrumentos musicais, capa prateada nos retrovisores,\u00a0nova grade\u00a0dianteira e lanternas escurecidas. Por dentro foram<\/p>\n","protected":false},"author":6,"featured_media":59430,"comment_status":"open","ping_status":"closed","sticky":false,"template":"","format":"standard","meta":{"_joinchat":[],"footnotes":""},"categories":[8],"tags":[2154,826,3572,94,60],"class_list":["post-59429","post","type-post","status-publish","format-standard","has-post-thumbnail","hentry","category-noticias","tag-edicao-especial","tag-gol","tag-gol-rock-in-rio","tag-noticias-2","tag-volkswagen"],"amp_enabled":true,"_links":{"self":[{"href":"https:\/\/autolivraria.com.br\/bc\/wp-json\/wp\/v2\/posts\/59429","targetHints":{"allow":["GET"]}}],"collection":[{"href":"https:\/\/autolivraria.com.br\/bc\/wp-json\/wp\/v2\/posts"}],"about":[{"href":"https:\/\/autolivraria.com.br\/bc\/wp-json\/wp\/v2\/types\/post"}],"author":[{"embeddable":true,"href":"https:\/\/autolivraria.com.br\/bc\/wp-json\/wp\/v2\/users\/6"}],"replies":[{"embeddable":true,"href":"https:\/\/autolivraria.com.br\/bc\/wp-json\/wp\/v2\/comments?post=59429"}],"version-history":[{"count":0,"href":"https:\/\/autolivraria.com.br\/bc\/wp-json\/wp\/v2\/posts\/59429\/revisions"}],"wp:featuredmedia":[{"embeddable":true,"href":"https:\/\/autolivraria.com.br\/bc\/wp-json\/wp\/v2\/media\/59430"}],"wp:attachment":[{"href":"https:\/\/autolivraria.com.br\/bc\/wp-json\/wp\/v2\/media?parent=59429"}],"wp:term":[{"taxonomy":"category","embeddable":true,"href":"https:\/\/autolivraria.com.br\/bc\/wp-json\/wp\/v2\/categories?post=59429"},{"taxonomy":"post_tag","embeddable":true,"href":"https:\/\/autolivraria.com.br\/bc\/wp-json\/wp\/v2\/tags?post=59429"}],"curies":[{"name":"wp","href":"https:\/\/api.w.org\/{rel}","templated":true}]}}