{"id":60946,"date":"2015-06-29T16:08:05","date_gmt":"2015-06-29T19:08:05","guid":{"rendered":"http:\/\/bestcars.uol.com.br\/bc\/?p=60946"},"modified":"2015-07-02T09:39:21","modified_gmt":"2015-07-02T12:39:21","slug":"teste-nissan-sentra-2016-traz-poucas-mas-boas-novidades","status":"publish","type":"post","link":"https:\/\/autolivraria.com.br\/bc\/informe-se\/avaliacao\/teste-nissan-sentra-2016-traz-poucas-mas-boas-novidades\/","title":{"rendered":"Nissan Sentra 2016 traz poucas, mas boas, novidades"},"content":{"rendered":"<p><a href=\"https:\/\/autolivraria.com.br\/bc\/wp-content\/uploads\/2015\/06\/Nissan-Sentra-Unique-09.jpg\"><img fetchpriority=\"high\" decoding=\"async\" class=\"aligncenter size-large wp-image-60947\" src=\"https:\/\/autolivraria.com.br\/bc\/wp-content\/uploads\/2015\/06\/Nissan-Sentra-Unique-09-743x495.jpg\" alt=\"Nissan Sentra Unique\" width=\"743\" height=\"495\" \/><\/a><\/p>\n<p>&nbsp;<\/p>\n<h2>Sed\u00e3 recebe controle de estabilidade e vers\u00e3o com interior em bege; espa\u00e7o e suavidade permanecem seus principais atributos<\/h2>\n<p><em>Texto: Geraldo Tite Sim\u00f5es &#8211; Fotos: divulga\u00e7\u00e3o<\/em><\/p>\n<p>&nbsp;<\/p>\n<p>Ainda atual com sua carroceria lan\u00e7ada h\u00e1 dois anos, o Nissan Sentra chega \u00e0 linha 2016 com poucas, mas boas, novidades. O sed\u00e3 m\u00e9dio, que teve um crescimento de vendas de 111% entre 2013 e 2014 por conta da reformula\u00e7\u00e3o, recebe <a href=\"https:\/\/autolivraria.com.br\/bc\/glossario-c\/#esp\" target=\"_blank\">controle eletr\u00f4nico de estabilidade e tra\u00e7\u00e3o<\/a>, item de s\u00e9rie nas tr\u00eas op\u00e7\u00f5es com <a href=\"https:\/\/autolivraria.com.br\/bc\/glossario-c\/#cvt\" target=\"_blank\">c\u00e2mbio autom\u00e1tico de varia\u00e7\u00e3o cont\u00ednua (CVT)<\/a>; traz a vers\u00e3o de topo Unique, com interior em bege e cinza; e ganha o sistema Connect de acesso a redes sociais.<\/p>\n<p>O controle de estabilidade era uma falta injustific\u00e1vel, pois grande parte da concorr\u00eancia j\u00e1 o trazia e, de resto, estava dispon\u00edvel na linha de produ\u00e7\u00e3o do sed\u00e3 no M\u00e9xico \u2014 o custo de implanta\u00e7\u00e3o nesse caso \u00e9 bastante baixo, por se tratar mais de programa\u00e7\u00e3o eletr\u00f4nica que de dispositivos adicionais. O acabamento em tons claros \u00e9 uma alternativa bem-vinda, que havia obtido certa aceita\u00e7\u00e3o na s\u00e9rie especial de mesmo nome do Sentra anterior, em 2012. Quanto ao Connect, restrito \u00e0s vers\u00f5es SL e Unique, permite receber informa\u00e7\u00f5es de redes sociais e pass\u00e1-las ao navegador, como um endere\u00e7o de evento para o qual se for convidado.<\/p>\n<p>&nbsp;<\/p>\n<p><a href=\"https:\/\/autolivraria.com.br\/bc\/wp-content\/uploads\/2015\/06\/Nissan-Sentra-Unique-01.jpg\"><img decoding=\"async\" class=\"aligncenter size-large wp-image-60876 lazyload\" data-src=\"https:\/\/autolivraria.com.br\/bc\/wp-content\/uploads\/2015\/06\/Nissan-Sentra-Unique-01-743x495.jpg\" alt=\"Nissan Sentra Unique\" width=\"743\" height=\"495\" data-srcset=\"https:\/\/autolivraria.com.br\/bc\/wp-content\/uploads\/2015\/06\/Nissan-Sentra-Unique-01-743x495.jpg 743w, https:\/\/autolivraria.com.br\/bc\/wp-content\/uploads\/2015\/06\/Nissan-Sentra-Unique-01-356x237.jpg 356w, https:\/\/autolivraria.com.br\/bc\/wp-content\/uploads\/2015\/06\/Nissan-Sentra-Unique-01-227x151.jpg 227w, https:\/\/autolivraria.com.br\/bc\/wp-content\/uploads\/2015\/06\/Nissan-Sentra-Unique-01-270x180.jpg 270w, https:\/\/autolivraria.com.br\/bc\/wp-content\/uploads\/2015\/06\/Nissan-Sentra-Unique-01.jpg 1280w\" data-sizes=\"(max-width: 743px) 100vw, 743px\" src=\"data:image\/svg+xml;base64,PHN2ZyB3aWR0aD0iMSIgaGVpZ2h0PSIxIiB4bWxucz0iaHR0cDovL3d3dy53My5vcmcvMjAwMC9zdmciPjwvc3ZnPg==\" style=\"--smush-placeholder-width: 743px; --smush-placeholder-aspect-ratio: 743\/495;\" \/><\/a><\/p>\n<p>&nbsp;<\/p>\n<div class='one_half'>\n\t\t\t\t\t<a href=\"https:\/\/autolivraria.com.br\/bc\/wp-content\/uploads\/2015\/06\/Nissan-Sentra-Unique-02.jpg\"><img decoding=\"async\" class=\"aligncenter size-medium wp-image-60877 lazyload\" data-src=\"https:\/\/autolivraria.com.br\/bc\/wp-content\/uploads\/2015\/06\/Nissan-Sentra-Unique-02-356x237.jpg\" alt=\"Nissan Sentra Unique\" width=\"356\" height=\"237\" data-srcset=\"https:\/\/autolivraria.com.br\/bc\/wp-content\/uploads\/2015\/06\/Nissan-Sentra-Unique-02-356x237.jpg 356w, https:\/\/autolivraria.com.br\/bc\/wp-content\/uploads\/2015\/06\/Nissan-Sentra-Unique-02-743x495.jpg 743w, https:\/\/autolivraria.com.br\/bc\/wp-content\/uploads\/2015\/06\/Nissan-Sentra-Unique-02-227x151.jpg 227w, https:\/\/autolivraria.com.br\/bc\/wp-content\/uploads\/2015\/06\/Nissan-Sentra-Unique-02-270x180.jpg 270w, https:\/\/autolivraria.com.br\/bc\/wp-content\/uploads\/2015\/06\/Nissan-Sentra-Unique-02.jpg 1280w\" data-sizes=\"(max-width: 356px) 100vw, 356px\" src=\"data:image\/svg+xml;base64,PHN2ZyB3aWR0aD0iMSIgaGVpZ2h0PSIxIiB4bWxucz0iaHR0cDovL3d3dy53My5vcmcvMjAwMC9zdmciPjwvc3ZnPg==\" style=\"--smush-placeholder-width: 356px; --smush-placeholder-aspect-ratio: 356\/237;\" \/><\/a>\n\t\t\t\t<\/div>\n<div class='one_half last'>\n\t\t\t\t\t<a href=\"https:\/\/autolivraria.com.br\/bc\/wp-content\/uploads\/2015\/06\/Nissan-Sentra-Unique-08.jpg\"><img decoding=\"async\" class=\"aligncenter size-medium wp-image-60948 lazyload\" data-src=\"https:\/\/autolivraria.com.br\/bc\/wp-content\/uploads\/2015\/06\/Nissan-Sentra-Unique-08-356x237.jpg\" alt=\"Nissan Sentra Unique\" width=\"356\" height=\"237\" src=\"data:image\/svg+xml;base64,PHN2ZyB3aWR0aD0iMSIgaGVpZ2h0PSIxIiB4bWxucz0iaHR0cDovL3d3dy53My5vcmcvMjAwMC9zdmciPjwvc3ZnPg==\" style=\"--smush-placeholder-width: 356px; --smush-placeholder-aspect-ratio: 356\/237;\" \/><\/a>\n\t\t\t\t<\/div><div class='clear'><\/div>\n<p style=\"text-align: center;\"><em>\u00a0<\/em><br \/>\n<em>A vers\u00e3o Unique (fotos) torna-se a mais luxuosa do Sentra, mas todas as dotadas de CVT ganham controle de estabilidade; o sistema Connect equipa tanto a Unique quanto a SL<\/em><\/p>\n<p>&nbsp;<\/p>\n<p>Aliado \u00e0 recente valoriza\u00e7\u00e3o do d\u00f3lar em rela\u00e7\u00e3o ao real, o novo recurso de seguran\u00e7a elevou os pre\u00e7os do Sentra, que agora custa de R$ 69.190 a R$ 87.490, conforme a vers\u00e3o.\u00a0S\u00e3o aumentos expressivos em rela\u00e7\u00e3o aos valores da \u00e9poca do lan\u00e7amento, que n\u00e3o passavam de R$ 72 mil para o SL com teto solar (<em>veja o conte\u00fado de cada uma no quadro abaixo<\/em>).<\/p>\n<p>&nbsp;<\/p>\n<blockquote><p>Com mais de 90% do torque a apenas 2.000 rpm e aliado ao c\u00e2mbio de varia\u00e7\u00e3o cont\u00ednua, o motor do Sentra responde de forma muito eficiente \u00e0 acelera\u00e7\u00e3o<\/p><\/blockquote>\n<p>&nbsp;<\/p>\n<h2>Ao volante<\/h2>\n<p>Embora as novidades mal justificassem uma avalia\u00e7\u00e3o, a Nissan convidou a imprensa a dirigir o Sentra 2016 na regi\u00e3o de B\u00fazios, RJ. O motor mant\u00e9m-se o 2,0-litros flex\u00edvel, com pot\u00eancia algo modesta para os padr\u00f5es atuais \u2014 140 cv com qualquer dos combust\u00edveis \u2014, mas o n\u00famero que faz mais sentido \u00e9 o da distribui\u00e7\u00e3o de torque. Mais de 90% do valor m\u00e1ximo (20 m.kgf) aparecem a apenas 2.000 rpm, o que aliado ao c\u00e2mbio CVT faz o motor responder de forma muito eficiente \u00e0 acelera\u00e7\u00e3o.<\/p>\n<p>Quem nunca dirigiu ve\u00edculo com CVT pode estranhar a forma como o motor cresce de giro sem os \u201ctrancos\u201d das trocas de marcha: \u00e0s vezes a rota\u00e7\u00e3o estabiliza e a velocidade sobe, de forma muito progressiva e sem ressaltos. No caso espec\u00edfico do Sentra, ao acelerar fundo percebe-se aumento exagerado do ru\u00eddo, mas n\u00e3o acompanhado de vibra\u00e7\u00e3o. \u00c0 velocidade de 120 km\/h o motor revela confort\u00e1veis 2.100 rpm e responde prontamente ao comando do acelerador.<\/p>\n<p>&nbsp;<\/p>\n<p><a href=\"https:\/\/autolivraria.com.br\/bc\/wp-content\/uploads\/2015\/06\/Nissan-Sentra-Unique-05.jpg\"><img decoding=\"async\" class=\"aligncenter size-large wp-image-60878 lazyload\" data-src=\"https:\/\/autolivraria.com.br\/bc\/wp-content\/uploads\/2015\/06\/Nissan-Sentra-Unique-05-743x495.jpg\" alt=\"Nissan Sentra Unique\" width=\"743\" height=\"495\" data-srcset=\"https:\/\/autolivraria.com.br\/bc\/wp-content\/uploads\/2015\/06\/Nissan-Sentra-Unique-05-743x495.jpg 743w, https:\/\/autolivraria.com.br\/bc\/wp-content\/uploads\/2015\/06\/Nissan-Sentra-Unique-05-356x237.jpg 356w, https:\/\/autolivraria.com.br\/bc\/wp-content\/uploads\/2015\/06\/Nissan-Sentra-Unique-05-227x151.jpg 227w, https:\/\/autolivraria.com.br\/bc\/wp-content\/uploads\/2015\/06\/Nissan-Sentra-Unique-05-270x180.jpg 270w, https:\/\/autolivraria.com.br\/bc\/wp-content\/uploads\/2015\/06\/Nissan-Sentra-Unique-05.jpg 1280w\" data-sizes=\"(max-width: 743px) 100vw, 743px\" src=\"data:image\/svg+xml;base64,PHN2ZyB3aWR0aD0iMSIgaGVpZ2h0PSIxIiB4bWxucz0iaHR0cDovL3d3dy53My5vcmcvMjAwMC9zdmciPjwvc3ZnPg==\" style=\"--smush-placeholder-width: 743px; --smush-placeholder-aspect-ratio: 743\/495;\" \/><\/a><\/p>\n<p>&nbsp;<\/p>\n<div class='one_half'>\n\t\t\t\t\t<a href=\"https:\/\/autolivraria.com.br\/bc\/wp-content\/uploads\/2015\/06\/Nissan-Sentra-Unique-06.jpg\"><img decoding=\"async\" class=\"aligncenter size-medium wp-image-60879 lazyload\" data-src=\"https:\/\/autolivraria.com.br\/bc\/wp-content\/uploads\/2015\/06\/Nissan-Sentra-Unique-06-356x237.jpg\" alt=\"Nissan Sentra Unique\" width=\"356\" height=\"237\" data-srcset=\"https:\/\/autolivraria.com.br\/bc\/wp-content\/uploads\/2015\/06\/Nissan-Sentra-Unique-06-356x237.jpg 356w, https:\/\/autolivraria.com.br\/bc\/wp-content\/uploads\/2015\/06\/Nissan-Sentra-Unique-06-743x495.jpg 743w, https:\/\/autolivraria.com.br\/bc\/wp-content\/uploads\/2015\/06\/Nissan-Sentra-Unique-06-227x151.jpg 227w, https:\/\/autolivraria.com.br\/bc\/wp-content\/uploads\/2015\/06\/Nissan-Sentra-Unique-06-270x180.jpg 270w, https:\/\/autolivraria.com.br\/bc\/wp-content\/uploads\/2015\/06\/Nissan-Sentra-Unique-06.jpg 1280w\" data-sizes=\"(max-width: 356px) 100vw, 356px\" src=\"data:image\/svg+xml;base64,PHN2ZyB3aWR0aD0iMSIgaGVpZ2h0PSIxIiB4bWxucz0iaHR0cDovL3d3dy53My5vcmcvMjAwMC9zdmciPjwvc3ZnPg==\" style=\"--smush-placeholder-width: 356px; --smush-placeholder-aspect-ratio: 356\/237;\" \/><\/a>\n\t\t\t\t<\/div>\n<div class='one_half last'>\n\t\t\t\t\t<a href=\"https:\/\/autolivraria.com.br\/bc\/wp-content\/uploads\/2015\/06\/Nissan-Sentra-Unique-07.jpg\"><img decoding=\"async\" class=\"aligncenter size-medium wp-image-60949 lazyload\" data-src=\"https:\/\/autolivraria.com.br\/bc\/wp-content\/uploads\/2015\/06\/Nissan-Sentra-Unique-07-356x237.jpg\" alt=\"Nissan Sentra Unique\" width=\"356\" height=\"237\" src=\"data:image\/svg+xml;base64,PHN2ZyB3aWR0aD0iMSIgaGVpZ2h0PSIxIiB4bWxucz0iaHR0cDovL3d3dy53My5vcmcvMjAwMC9zdmciPjwvc3ZnPg==\" style=\"--smush-placeholder-width: 356px; --smush-placeholder-aspect-ratio: 356\/237;\" \/><\/a>\n\t\t\t\t<\/div><div class='clear'><\/div>\n<p style=\"text-align: center;\"><em>\u00a0<\/em><br \/>\n<em>Revestimento em couro e parte dos pl\u00e1sticos do Unique v\u00eam em tom bege, como na edi\u00e7\u00e3o limitada oferecida em 2012: bem-vinda alternativa aos que preferem interiores claros<\/em><\/p>\n<p>&nbsp;<\/p>\n<p>Outra caracter\u00edstica desse c\u00e2mbio \u00e9 n\u00e3o propiciar freio-motor nas desacelera\u00e7\u00f5es: \u00e9 quase como se entrasse em ponto-morto, o que pode ser evitado pelo uso do bot\u00e3o <em>overdrive,<\/em> que desativa as rela\u00e7\u00f5es mais longas, ou usando a posi\u00e7\u00e3o L (baixa) se a necessidade de reten\u00e7\u00e3o for intensa, como em descida \u00edngreme. Esse c\u00e2mbio n\u00e3o tem simulador de marchas, como o do Renault Fluence (que usa basicamente a mesma caixa), ou op\u00e7\u00e3o de \u201ctrocas\u201d pela alavanca.<\/p>\n<p>Como o teste foi realizado na vers\u00e3o Unique em piso seco e em retas, n\u00e3o foi poss\u00edvel avaliar o controle de estabilidade. Assim, al\u00e9m da suavidade de condu\u00e7\u00e3o pelo CVT e do bom motor, um ponto alto do Sentra que ficou evidente continua a ser o espa\u00e7o interno: o v\u00e3o para pernas no banco traseiro chega a ser maior que em diversos concorrentes e ainda sobrou espa\u00e7o para um porta-malas de 503 litros de capacidade.<\/p>\n<table border=\"0\">\n<tbody>\n<tr>\n<td><a href='https:\/\/autolivraria.com.br\/bc\/avaliacoes\/' class='small-button smallsilver'>Mais Avalia\u00e7\u00f5es<\/a><\/td>\n<\/tr>\n<\/tbody>\n<\/table>\n<p>&nbsp;<\/p>\n<div class='code-block code-block-9' style='margin: 8px auto; text-align: center; display: block; clear: both;'>\n<script async src=\"https:\/\/pagead2.googlesyndication.com\/pagead\/js\/adsbygoogle.js\"><\/script>\n<!-- AL-quadrado -->\n<ins class=\"adsbygoogle\"\n     style=\"display:block\"\n     data-ad-client=\"ca-pub-1914799802606213\"\n     data-ad-slot=\"5683066082\"\n     data-ad-format=\"auto\"\n     data-full-width-responsive=\"true\"><\/ins>\n<script>\n     (adsbygoogle = window.adsbygoogle || []).push({});\n<\/script><\/div>\n\n<p>&nbsp;<\/p>\n<div class='et-box et-shadow'>\n\t\t\t\t\t<div class='et-box-content'><h2>Vers\u00f5es, equipamentos e pre\u00e7os<\/h2>\n<p><strong>\u2022 Sentra S<\/strong> (R$ 69.190): vem de s\u00e9rie com c\u00e2mbio manual de seis marchas, alarme, acabamento dos bancos em veludo, ar-condicionado, banco do motorista com regulagem de altura, banco traseiro bipartido 60\/40, chave presencial para acesso e partida, computador de bordo, controles de \u00e1udio e da interface\u00a0Bluetooth no volante,\u00a0far\u00f3is de neblina,\u00a0freios ABS com <a href=\"https:\/\/autolivraria.com.br\/bc\/glossario-d\/#ebd\" target=\"_blank\">distribui\u00e7\u00e3o eletr\u00f4nica<\/a> e <a href=\"https:\/\/autolivraria.com.br\/bc\/glossario-a\/#bas\" target=\"_blank\">assist\u00eancia de\u00a0emerg\u00eancia<\/a>, ganchos <a href=\"https:\/\/autolivraria.com.br\/bc\/glossario-i\/#isof\" target=\"_blank\">Isofix<\/a>\u00a0para cadeiras de crian\u00e7as, lanternas traseiras em leds, partida a frio sem uso de gasolina, r\u00e1dio\/CD com MP3, rodas de alum\u00ednio de 16 pol e volante com regulagem de altura e dist\u00e2ncia.<\/p>\n<p><strong>\u2022 Sentra SV (<\/strong>R$ 76 mil): como no S, mais\u00a0<a href=\"https:\/\/autolivraria.com.br\/bc\/glossario-c\/#cvt\" target=\"_blank\">c\u00e2mbio de varia\u00e7\u00e3o cont\u00ednua (CVT)<\/a>,\u00a0ar-condicionado autom\u00e1tico de duas zonas, bancos de couro preto, c\u00e2mera traseira para manobras, controle de estabilidade, controlador de velocidade e r\u00e1dio com mostrador de 4,3 pol.<\/p>\n<div class='one_third'>\n\t\t\t\t\t<a href=\"https:\/\/autolivraria.com.br\/bc\/wp-content\/uploads\/2015\/06\/Nissan-Sentra-SL-01.jpg\"><img decoding=\"async\" class=\"alignnone size-meia-largura-post wp-image-60875 lazyload\" data-src=\"https:\/\/autolivraria.com.br\/bc\/wp-content\/uploads\/2015\/06\/Nissan-Sentra-SL-01-227x151.jpg\" alt=\"Nissan Sentra SL\" width=\"227\" height=\"151\" data-srcset=\"https:\/\/autolivraria.com.br\/bc\/wp-content\/uploads\/2015\/06\/Nissan-Sentra-SL-01-227x151.jpg 227w, https:\/\/autolivraria.com.br\/bc\/wp-content\/uploads\/2015\/06\/Nissan-Sentra-SL-01-356x237.jpg 356w, https:\/\/autolivraria.com.br\/bc\/wp-content\/uploads\/2015\/06\/Nissan-Sentra-SL-01-743x495.jpg 743w, https:\/\/autolivraria.com.br\/bc\/wp-content\/uploads\/2015\/06\/Nissan-Sentra-SL-01-270x180.jpg 270w, https:\/\/autolivraria.com.br\/bc\/wp-content\/uploads\/2015\/06\/Nissan-Sentra-SL-01.jpg 1280w\" data-sizes=\"(max-width: 227px) 100vw, 227px\" src=\"data:image\/svg+xml;base64,PHN2ZyB3aWR0aD0iMSIgaGVpZ2h0PSIxIiB4bWxucz0iaHR0cDovL3d3dy53My5vcmcvMjAwMC9zdmciPjwvc3ZnPg==\" style=\"--smush-placeholder-width: 227px; --smush-placeholder-aspect-ratio: 227\/151;\" \/><\/a>\n\t\t\t\t<\/div>\n<div class='one_third'>\n\t\t\t\t\t<a href=\"https:\/\/autolivraria.com.br\/bc\/wp-content\/uploads\/2015\/06\/Nissan-Sentra-SL-03.jpg\"><img decoding=\"async\" class=\"alignnone size-meia-largura-post wp-image-60873 lazyload\" data-src=\"https:\/\/autolivraria.com.br\/bc\/wp-content\/uploads\/2015\/06\/Nissan-Sentra-SL-03-227x151.jpg\" alt=\"Nissan Sentra SL\" width=\"227\" height=\"151\" data-srcset=\"https:\/\/autolivraria.com.br\/bc\/wp-content\/uploads\/2015\/06\/Nissan-Sentra-SL-03-227x151.jpg 227w, https:\/\/autolivraria.com.br\/bc\/wp-content\/uploads\/2015\/06\/Nissan-Sentra-SL-03-356x237.jpg 356w, https:\/\/autolivraria.com.br\/bc\/wp-content\/uploads\/2015\/06\/Nissan-Sentra-SL-03-743x495.jpg 743w, https:\/\/autolivraria.com.br\/bc\/wp-content\/uploads\/2015\/06\/Nissan-Sentra-SL-03-270x180.jpg 270w, https:\/\/autolivraria.com.br\/bc\/wp-content\/uploads\/2015\/06\/Nissan-Sentra-SL-03.jpg 1280w\" data-sizes=\"(max-width: 227px) 100vw, 227px\" src=\"data:image\/svg+xml;base64,PHN2ZyB3aWR0aD0iMSIgaGVpZ2h0PSIxIiB4bWxucz0iaHR0cDovL3d3dy53My5vcmcvMjAwMC9zdmciPjwvc3ZnPg==\" style=\"--smush-placeholder-width: 227px; --smush-placeholder-aspect-ratio: 227\/151;\" \/><\/a>\n\t\t\t\t<\/div>\n<div class='one_third last'>\n\t\t\t\t\t<a href=\"https:\/\/autolivraria.com.br\/bc\/wp-content\/uploads\/2015\/06\/Nissan-Sentra-SL-04.jpg\"><img decoding=\"async\" class=\"alignnone size-meia-largura-post wp-image-60874 lazyload\" data-src=\"https:\/\/autolivraria.com.br\/bc\/wp-content\/uploads\/2015\/06\/Nissan-Sentra-SL-04-227x151.jpg\" alt=\"Nissan Sentra SL\" width=\"227\" height=\"151\" data-srcset=\"https:\/\/autolivraria.com.br\/bc\/wp-content\/uploads\/2015\/06\/Nissan-Sentra-SL-04-227x151.jpg 227w, https:\/\/autolivraria.com.br\/bc\/wp-content\/uploads\/2015\/06\/Nissan-Sentra-SL-04-356x237.jpg 356w, https:\/\/autolivraria.com.br\/bc\/wp-content\/uploads\/2015\/06\/Nissan-Sentra-SL-04-743x495.jpg 743w, https:\/\/autolivraria.com.br\/bc\/wp-content\/uploads\/2015\/06\/Nissan-Sentra-SL-04-270x180.jpg 270w, https:\/\/autolivraria.com.br\/bc\/wp-content\/uploads\/2015\/06\/Nissan-Sentra-SL-04.jpg 1280w\" data-sizes=\"(max-width: 227px) 100vw, 227px\" src=\"data:image\/svg+xml;base64,PHN2ZyB3aWR0aD0iMSIgaGVpZ2h0PSIxIiB4bWxucz0iaHR0cDovL3d3dy53My5vcmcvMjAwMC9zdmciPjwvc3ZnPg==\" style=\"--smush-placeholder-width: 227px; --smush-placeholder-aspect-ratio: 227\/151;\" \/><\/a>\n\t\t\t\t<\/div><div class='clear'><\/div>\n<p><strong>\u2022 Sentra SL (<\/strong>R$ 82.490): como no SV, mais bolsas infl\u00e1veis laterais e de cortina, acendimento autom\u00e1tico dos far\u00f3is, navegador com Connect, r\u00e1dio com mostrador de 5,8 pol,\u00a0retrovisor interno <a href=\"https:\/\/autolivraria.com.br\/bc\/glossario-r\/#retr\" target=\"_blank\">fotocr\u00f4mico<\/a>, rodas de 17 pol e sensores de estacionamento na traseira. Opcional: teto solar (R$ 85 mil)<\/p>\n<p><strong>\u2022 Sentra Unique <\/strong>(R$ 87.490): como no SL com teto solar, mais interior em bege e cinza, rodas exclusivas,\u00a0soleiras das portas iluminadas e\u00a0alarme volum\u00e9trico.<\/p><\/div><\/div>\n<p>&nbsp;<\/p>\n<div class='et-box et-shadow'>\n\t\t\t\t\t<div class='et-box-content'><h2>Ficha t\u00e9cnica<\/h2>\n<table id=\"table61\" style=\"width: 100%;\" border=\"0\" cellspacing=\"0\" cellpadding=\"3\">\n<tbody>\n<tr>\n<td colspan=\"2\" valign=\"top\" bgcolor=\"#FFFFFF\" width=\"50%\">Motor<\/td>\n<\/tr>\n<tr>\n<td valign=\"top\" width=\"50%\">Posi\u00e7\u00e3o<\/td>\n<td valign=\"top\" width=\"50%\">transversal<\/td>\n<\/tr>\n<tr>\n<td valign=\"top\" width=\"50%\">Cilindros<\/td>\n<td valign=\"top\" width=\"50%\">4 em linha<\/td>\n<\/tr>\n<tr>\n<td valign=\"top\" width=\"50%\">Comando de v\u00e1lvulas<\/td>\n<td valign=\"top\" width=\"50%\">duplo no cabe\u00e7ote<\/td>\n<\/tr>\n<tr>\n<td valign=\"top\" width=\"50%\">V\u00e1lvulas por cilindro<\/td>\n<td valign=\"top\" width=\"50%\">4, varia\u00e7\u00e3o de tempo<\/td>\n<\/tr>\n<tr>\n<td valign=\"top\" width=\"50%\">Di\u00e2metro e curso<\/td>\n<td valign=\"top\" width=\"50%\">84 x 90,1 mm<\/td>\n<\/tr>\n<tr>\n<td valign=\"top\" width=\"50%\">Cilindrada<\/td>\n<td valign=\"top\" width=\"50%\">1.997 cm\u00b3<\/td>\n<\/tr>\n<tr>\n<td valign=\"top\" width=\"50%\">Taxa de compress\u00e3o<\/td>\n<td valign=\"top\" width=\"50%\">9,7:1<\/td>\n<\/tr>\n<tr>\n<td valign=\"top\" width=\"50%\">Alimenta\u00e7\u00e3o<\/td>\n<td valign=\"top\" width=\"50%\">inje\u00e7\u00e3o multiponto sequencial<\/td>\n<\/tr>\n<tr>\n<td valign=\"top\" width=\"50%\">Pot\u00eancia m\u00e1xima<\/td>\n<td valign=\"top\" width=\"50%\">140 cv a 5.100 rpm<\/td>\n<\/tr>\n<tr>\n<td valign=\"top\" width=\"50%\">Torque m\u00e1ximo<\/td>\n<td valign=\"top\" width=\"50%\">20 m.kgf a 4.800 rpm<\/td>\n<\/tr>\n<tr>\n<td colspan=\"2\" valign=\"top\" bgcolor=\"#FFFFFF\" width=\"50%\">Transmiss\u00e3o<\/td>\n<\/tr>\n<tr>\n<td valign=\"top\" width=\"50%\">Tipo de c\u00e2mbio e marchas<\/td>\n<td valign=\"top\" width=\"50%\">varia\u00e7\u00e3o cont\u00ednua<\/td>\n<\/tr>\n<tr>\n<td valign=\"top\" width=\"50%\">Tra\u00e7\u00e3o<\/td>\n<td valign=\"top\" width=\"50%\">dianteira<\/td>\n<\/tr>\n<tr>\n<td colspan=\"2\" valign=\"top\" bgcolor=\"#FFFFFF\" width=\"50%\">Freios<\/td>\n<\/tr>\n<tr>\n<td valign=\"top\" width=\"50%\">Dianteiros<\/td>\n<td valign=\"top\" width=\"50%\">a disco ventilado<\/td>\n<\/tr>\n<tr>\n<td valign=\"top\" width=\"50%\">Traseiros<\/td>\n<td valign=\"top\" width=\"50%\">a disco<\/td>\n<\/tr>\n<tr>\n<td valign=\"top\" width=\"50%\">Antitravamento (ABS)<\/td>\n<td valign=\"top\" width=\"50%\">sim<\/td>\n<\/tr>\n<tr>\n<td colspan=\"2\" valign=\"top\" bgcolor=\"#FFFFFF\" width=\"50%\">Dire\u00e7\u00e3o<\/td>\n<\/tr>\n<tr>\n<td valign=\"top\" width=\"50%\">Sistema<\/td>\n<td valign=\"top\" width=\"50%\">pinh\u00e3o e cremalheira<\/td>\n<\/tr>\n<tr>\n<td valign=\"top\" width=\"50%\">Assist\u00eancia<\/td>\n<td valign=\"top\" width=\"50%\">el\u00e9trica<\/td>\n<\/tr>\n<tr>\n<td colspan=\"2\" valign=\"top\" bgcolor=\"#FFFFFF\" width=\"50%\">Suspens\u00e3o<\/td>\n<\/tr>\n<tr>\n<td valign=\"top\" width=\"50%\">Dianteira<\/td>\n<td valign=\"top\" width=\"50%\">independente, McPherson, mola helicoidal<\/td>\n<\/tr>\n<tr>\n<td valign=\"top\" width=\"50%\">Traseira<\/td>\n<td valign=\"top\" width=\"50%\">eixo de tor\u00e7\u00e3o, mola helicoidal<\/td>\n<\/tr>\n<tr>\n<td colspan=\"2\" valign=\"top\" bgcolor=\"#FFFFFF\" width=\"50%\">Rodas<\/td>\n<\/tr>\n<tr>\n<td valign=\"top\" width=\"50%\">Dimens\u00f5es<\/td>\n<td valign=\"top\" width=\"50%\">17 pol<\/td>\n<\/tr>\n<tr>\n<td valign=\"top\" width=\"50%\">Pneus<\/td>\n<td valign=\"top\" width=\"50%\">205\/50 R 17<\/td>\n<\/tr>\n<tr>\n<td colspan=\"2\" valign=\"top\" bgcolor=\"#FFFFFF\" width=\"50%\">Dimens\u00f5es<\/td>\n<\/tr>\n<tr>\n<td valign=\"top\" width=\"50%\">Comprimento<\/td>\n<td valign=\"top\" width=\"50%\">4,625 m<\/td>\n<\/tr>\n<tr>\n<td valign=\"top\" width=\"50%\">Largura<\/td>\n<td valign=\"top\" width=\"50%\">1,761 m<\/td>\n<\/tr>\n<tr>\n<td valign=\"top\" width=\"50%\">Altura<\/td>\n<td valign=\"top\" width=\"50%\">1,500 m<\/td>\n<\/tr>\n<tr>\n<td valign=\"top\" width=\"50%\">Entre-eixos<\/td>\n<td valign=\"top\" width=\"50%\">2,700 m<\/td>\n<\/tr>\n<tr>\n<td colspan=\"2\" valign=\"top\" bgcolor=\"#FFFFFF\" width=\"50%\">Capacidades e peso<\/td>\n<\/tr>\n<tr>\n<td valign=\"top\" width=\"50%\">Tanque de combust\u00edvel<\/td>\n<td valign=\"top\" width=\"50%\">52 l<\/td>\n<\/tr>\n<tr>\n<td valign=\"top\" width=\"50%\">Compartimento de bagagem<\/td>\n<td valign=\"top\" width=\"50%\">503 l<\/td>\n<\/tr>\n<tr>\n<td valign=\"top\" width=\"50%\">Peso em ordem de marcha<\/td>\n<td valign=\"top\" width=\"50%\">1.348 kg<\/td>\n<\/tr>\n<tr>\n<td colspan=\"2\" valign=\"top\" bgcolor=\"#FFFFFF\" width=\"50%\">Desempenho e consumo<\/td>\n<\/tr>\n<tr>\n<td valign=\"top\" width=\"50%\">Velocidade m\u00e1xima<\/td>\n<td valign=\"top\" width=\"50%\">186 km\/h<\/td>\n<\/tr>\n<tr>\n<td valign=\"top\" width=\"50%\">Acelera\u00e7\u00e3o de 0 a 100 km\/h<\/td>\n<td valign=\"top\" width=\"50%\">10,1 s<\/td>\n<\/tr>\n<tr>\n<td valign=\"top\" width=\"50%\">Consumo em cidade<\/td>\n<td valign=\"top\" width=\"50%\">10,2\/6,9 km\/l<\/td>\n<\/tr>\n<tr>\n<td valign=\"top\" width=\"50%\">Consumo em rodovia<\/td>\n<td valign=\"top\" width=\"50%\">12,9\/9,1 km\/l<\/td>\n<\/tr>\n<tr>\n<td colspan=\"2\" valign=\"top\" width=\"50%\">Dados do fabricante; consumo pelos padr\u00f5es do Inmetro\/Conpet<\/td>\n<\/tr>\n<\/tbody>\n<\/table><\/div><\/div>\n<p>&nbsp;<\/p>\n<p>&nbsp;<\/p>\n","protected":false},"excerpt":{"rendered":"<p>Sed\u00e3 recebe controle de estabilidade e vers\u00e3o com interior em bege; espa\u00e7o e suavidade permanecem seus principais atributos<\/p>\n","protected":false},"author":6,"featured_media":0,"comment_status":"open","ping_status":"closed","sticky":false,"template":"","format":"standard","meta":{"_joinchat":[],"footnotes":""},"categories":[3,3619],"tags":[106,94,813,2761,3626],"class_list":["post-60946","post","type-post","status-publish","format-standard","hentry","category-avaliacao","category-nissan","tag-nissan","tag-noticias-2","tag-sentra","tag-sentra-sl","tag-sentra-unique"],"amp_enabled":true,"_links":{"self":[{"href":"https:\/\/autolivraria.com.br\/bc\/wp-json\/wp\/v2\/posts\/60946","targetHints":{"allow":["GET"]}}],"collection":[{"href":"https:\/\/autolivraria.com.br\/bc\/wp-json\/wp\/v2\/posts"}],"about":[{"href":"https:\/\/autolivraria.com.br\/bc\/wp-json\/wp\/v2\/types\/post"}],"author":[{"embeddable":true,"href":"https:\/\/autolivraria.com.br\/bc\/wp-json\/wp\/v2\/users\/6"}],"replies":[{"embeddable":true,"href":"https:\/\/autolivraria.com.br\/bc\/wp-json\/wp\/v2\/comments?post=60946"}],"version-history":[{"count":0,"href":"https:\/\/autolivraria.com.br\/bc\/wp-json\/wp\/v2\/posts\/60946\/revisions"}],"wp:attachment":[{"href":"https:\/\/autolivraria.com.br\/bc\/wp-json\/wp\/v2\/media?parent=60946"}],"wp:term":[{"taxonomy":"category","embeddable":true,"href":"https:\/\/autolivraria.com.br\/bc\/wp-json\/wp\/v2\/categories?post=60946"},{"taxonomy":"post_tag","embeddable":true,"href":"https:\/\/autolivraria.com.br\/bc\/wp-json\/wp\/v2\/tags?post=60946"}],"curies":[{"name":"wp","href":"https:\/\/api.w.org\/{rel}","templated":true}]}}