{"id":61909,"date":"2015-07-31T21:26:11","date_gmt":"2015-08-01T00:26:11","guid":{"rendered":"http:\/\/bestcars.uol.com.br\/bc\/?p=61909"},"modified":"2015-08-05T09:44:56","modified_gmt":"2015-08-05T12:44:56","slug":"teste-subaru-wrx-e-sti-dois-samurais-contra-os-alemaes","status":"publish","type":"post","link":"https:\/\/autolivraria.com.br\/bc\/informe-se\/avaliacao\/teste-subaru-wrx-e-sti-dois-samurais-contra-os-alemaes\/","title":{"rendered":"Subaru WRX e STI, dois samurais contra os alem\u00e3es"},"content":{"rendered":"<p><a href=\"https:\/\/autolivraria.com.br\/bc\/wp-content\/uploads\/2015\/07\/Subaru-WRX-STI-05.jpg\"><img fetchpriority=\"high\" decoding=\"async\" class=\"aligncenter size-large wp-image-61946\" src=\"https:\/\/autolivraria.com.br\/bc\/wp-content\/uploads\/2015\/07\/Subaru-WRX-STI-05-743x495.jpg\" alt=\"Subaru WRX STI\" width=\"743\" height=\"495\" srcset=\"https:\/\/autolivraria.com.br\/bc\/wp-content\/uploads\/2015\/07\/Subaru-WRX-STI-05-743x495.jpg 743w, https:\/\/autolivraria.com.br\/bc\/wp-content\/uploads\/2015\/07\/Subaru-WRX-STI-05-356x237.jpg 356w, https:\/\/autolivraria.com.br\/bc\/wp-content\/uploads\/2015\/07\/Subaru-WRX-STI-05-227x151.jpg 227w, https:\/\/autolivraria.com.br\/bc\/wp-content\/uploads\/2015\/07\/Subaru-WRX-STI-05-270x180.jpg 270w, https:\/\/autolivraria.com.br\/bc\/wp-content\/uploads\/2015\/07\/Subaru-WRX-STI-05.jpg 1280w\" sizes=\"(max-width: 743px) 100vw, 743px\" \/><\/a><\/p>\n<p>&nbsp;<\/p>\n<h2>A marca japonesa traz as vers\u00f5es de 270 e 310 cv do sed\u00e3 esportivo com motor turbo, que vem concorrer com Audi, BMW e Mercedes<\/h2>\n<p><em>Texto: Geraldo Tite Sim\u00f5es e Fabr\u00edcio Samah\u00e1 &#8211; Fotos: divulga\u00e7\u00e3o<\/em><\/p>\n<p>&nbsp;<\/p>\n<p>Dentro da estrat\u00e9gia de reformular a participa\u00e7\u00e3o da Subaru no mercado brasileiro, a importadora oficial Caoa traz ao Pa\u00eds os sed\u00e3s esportivos WRX e WRX STI. Embora herdem a tradi\u00e7\u00e3o das vers\u00f5es de alto desempenho oferecidas na linha Impreza desde 1992 (<a href=\"https:\/\/www.autolivraria.com.br\/cpassado3\/subaru-impreza-1.htm\" target=\"_blank\">leia hist\u00f3ria<\/a>), eles representam hoje um modelo independente, com desenho e engenharia distintas do Impreza sed\u00e3.<\/p>\n<p>O WRX tem motor turbo de 2,0 litros com pot\u00eancia de 270 cv e <a href=\"https:\/\/autolivraria.com.br\/bc\/glossario-c\/#cvt\" target=\"_blank\">c\u00e2mbio autom\u00e1tico de varia\u00e7\u00e3o cont\u00ednua (CVT)<\/a> Lineartronic, ao pre\u00e7o sugerido de R$ 147.900 (no exterior h\u00e1 op\u00e7\u00e3o pelo manual de seis marchas, n\u00e3o oferecido aqui). J\u00e1 o STI custa R$ 194.900, usa motor de 2,5 litros e 310 cv, tamb\u00e9m turbo, e vem apenas com a caixa manual de seis marchas.<\/p>\n<p>Os equipamentos de s\u00e9rie do WRX incluem ar-condicionado autom\u00e1tico de duas zonas, bancos revestidos em couro com ajuste el\u00e9trico no do motorista, sete bolsas infl\u00e1veis (frontais, para os joelhos do motorista, laterais dianteiras e de cortina), <a href=\"https:\/\/autolivraria.com.br\/bc\/glossario-c\/#cont\" target=\"_blank\">controlador de velocidade<\/a>, <a href=\"https:\/\/autolivraria.com.br\/bc\/glossario-c\/#esp\" target=\"_blank\">controle eletr\u00f4nico de estabilidade<\/a> e tra\u00e7\u00e3o, far\u00f3is de <a href=\"https:\/\/autolivraria.com.br\/bc\/glossario-l\/#lamp\" target=\"_blank\">xen\u00f4nio<\/a>, far\u00f3is e limpador de para-brisa autom\u00e1ticos, fixa\u00e7\u00f5es <a href=\"https:\/\/autolivraria.com.br\/bc\/glossario-i\/#isof\" target=\"_blank\">Isofix<\/a> para cadeira infantil, freios ABS com <a href=\"https:\/\/autolivraria.com.br\/bc\/glossario-d\/#ebd\" target=\"_blank\">distribui\u00e7\u00e3o eletr\u00f4nica da for\u00e7a de frenagem (EBD)<\/a> e <a href=\"https:\/\/autolivraria.com.br\/bc\/glossario-a\/#bas\" target=\"_blank\">assist\u00eancia adicional em emerg\u00eancia<\/a>, partida do motor sem uso de chave, rodas de alum\u00ednio de 18 polegadas, sistema de vetoriza\u00e7ao de torque, tela central para sistema de \u00e1udio e imagens da c\u00e2mera traseira de manobras, teto solar com controle el\u00e9trico e volante com ajustes de altura e dist\u00e2ncia.<\/p>\n<p>&nbsp;<\/p>\n<p><a href=\"https:\/\/autolivraria.com.br\/bc\/wp-content\/uploads\/2015\/07\/Subaru-WRX-12.jpg\"><img decoding=\"async\" class=\"aligncenter size-large wp-image-61947 lazyload\" data-src=\"https:\/\/autolivraria.com.br\/bc\/wp-content\/uploads\/2015\/07\/Subaru-WRX-12-743x495.jpg\" alt=\"Subaru WRX\" width=\"743\" height=\"495\" data-srcset=\"https:\/\/autolivraria.com.br\/bc\/wp-content\/uploads\/2015\/07\/Subaru-WRX-12-743x495.jpg 743w, https:\/\/autolivraria.com.br\/bc\/wp-content\/uploads\/2015\/07\/Subaru-WRX-12-356x237.jpg 356w, https:\/\/autolivraria.com.br\/bc\/wp-content\/uploads\/2015\/07\/Subaru-WRX-12-227x151.jpg 227w, https:\/\/autolivraria.com.br\/bc\/wp-content\/uploads\/2015\/07\/Subaru-WRX-12-270x180.jpg 270w, https:\/\/autolivraria.com.br\/bc\/wp-content\/uploads\/2015\/07\/Subaru-WRX-12.jpg 1280w\" data-sizes=\"(max-width: 743px) 100vw, 743px\" src=\"data:image\/svg+xml;base64,PHN2ZyB3aWR0aD0iMSIgaGVpZ2h0PSIxIiB4bWxucz0iaHR0cDovL3d3dy53My5vcmcvMjAwMC9zdmciPjwvc3ZnPg==\" style=\"--smush-placeholder-width: 743px; --smush-placeholder-aspect-ratio: 743\/495;\" \/><\/a><\/p>\n<p>&nbsp;<\/p>\n<div class='one_half'>\n\t\t\t\t\t<a href=\"https:\/\/autolivraria.com.br\/bc\/wp-content\/uploads\/2015\/07\/Subaru-WRX-04.jpg\"><img decoding=\"async\" class=\"aligncenter size-medium wp-image-61948 lazyload\" data-src=\"https:\/\/autolivraria.com.br\/bc\/wp-content\/uploads\/2015\/07\/Subaru-WRX-04-356x237.jpg\" alt=\"Subaru WRX\" width=\"356\" height=\"237\" data-srcset=\"https:\/\/autolivraria.com.br\/bc\/wp-content\/uploads\/2015\/07\/Subaru-WRX-04-356x237.jpg 356w, https:\/\/autolivraria.com.br\/bc\/wp-content\/uploads\/2015\/07\/Subaru-WRX-04-743x495.jpg 743w, https:\/\/autolivraria.com.br\/bc\/wp-content\/uploads\/2015\/07\/Subaru-WRX-04-227x151.jpg 227w, https:\/\/autolivraria.com.br\/bc\/wp-content\/uploads\/2015\/07\/Subaru-WRX-04-270x180.jpg 270w, https:\/\/autolivraria.com.br\/bc\/wp-content\/uploads\/2015\/07\/Subaru-WRX-04.jpg 1280w\" data-sizes=\"(max-width: 356px) 100vw, 356px\" src=\"data:image\/svg+xml;base64,PHN2ZyB3aWR0aD0iMSIgaGVpZ2h0PSIxIiB4bWxucz0iaHR0cDovL3d3dy53My5vcmcvMjAwMC9zdmciPjwvc3ZnPg==\" style=\"--smush-placeholder-width: 356px; --smush-placeholder-aspect-ratio: 356\/237;\" \/><\/a>\n\t\t\t\t<\/div>\n<div class='one_half last'>\n\t\t\t\t\t<a href=\"https:\/\/autolivraria.com.br\/bc\/wp-content\/uploads\/2015\/07\/Subaru-WRX-11.jpg\"><img decoding=\"async\" class=\"aligncenter size-medium wp-image-61949 lazyload\" data-src=\"https:\/\/autolivraria.com.br\/bc\/wp-content\/uploads\/2015\/07\/Subaru-WRX-11-356x237.jpg\" alt=\"Subaru WRX\" width=\"356\" height=\"237\" data-srcset=\"https:\/\/autolivraria.com.br\/bc\/wp-content\/uploads\/2015\/07\/Subaru-WRX-11-356x237.jpg 356w, https:\/\/autolivraria.com.br\/bc\/wp-content\/uploads\/2015\/07\/Subaru-WRX-11-743x495.jpg 743w, https:\/\/autolivraria.com.br\/bc\/wp-content\/uploads\/2015\/07\/Subaru-WRX-11-227x151.jpg 227w, https:\/\/autolivraria.com.br\/bc\/wp-content\/uploads\/2015\/07\/Subaru-WRX-11-270x180.jpg 270w, https:\/\/autolivraria.com.br\/bc\/wp-content\/uploads\/2015\/07\/Subaru-WRX-11.jpg 1280w\" data-sizes=\"(max-width: 356px) 100vw, 356px\" src=\"data:image\/svg+xml;base64,PHN2ZyB3aWR0aD0iMSIgaGVpZ2h0PSIxIiB4bWxucz0iaHR0cDovL3d3dy53My5vcmcvMjAwMC9zdmciPjwvc3ZnPg==\" style=\"--smush-placeholder-width: 356px; --smush-placeholder-aspect-ratio: 356\/237;\" \/><\/a>\n\t\t\t\t<\/div><div class='clear'><\/div>\n<p style=\"text-align: center;\"><em>\u00a0<\/em><br \/>\n<em>O WRX preserva poucos pain\u00e9is de carroceria do Impreza original e usa um sutil defletor traseiro; motor turbo de 2,0 litros desenvolve 270 cv<\/em><\/p>\n<p>&nbsp;<\/p>\n<p>Al\u00e9m da sigla da Subaru Tecnica International \u2014 divis\u00e3o de prepara\u00e7\u00e3o para corridas da marca, iniciada em 1988 e que passou a modificar seus carros de rua para um desempenho ainda maior \u2014, o STI acrescenta controle eletr\u00f4nico do n\u00edvel de bloqueio do diferencial central e freios da renomada marca italiana Brembo. Tem ainda outras diferen\u00e7as de ordem t\u00e9cnica, como veremos adiante. A garantia de ambos \u00e9 de dois anos.<\/p>\n<p>&nbsp;<\/p>\n<blockquote><p>Ambos recorrem a tra\u00e7\u00e3o integral permanente, que no STI usa reparti\u00e7\u00e3o de torque mais desigual: 59% seguem para as rodas traseiras<\/p><\/blockquote>\n<p>&nbsp;<\/p>\n<p>O concorrente mais direto para o STI, o <a href=\"https:\/\/autolivraria.com.br\/bc\/tag\/lancer-evolution\" target=\"_blank\">Mitsubishi Lancer Evolution<\/a>, j\u00e1 saiu de produ\u00e7\u00e3o e ainda \u00e9 vendido como modelo 2014 por R$ 221 mil com motor turbo de 2,0 litros e 340 cv. Os advers\u00e1rios que restam s\u00e3o de marcas alem\u00e3s: <a href=\"https:\/\/autolivraria.com.br\/bc\/tag\/s3\" target=\"_blank\">Audi S3 sed\u00e3<\/a> (motor 2,0 turbo de 286 cv, R$ 216 mil), <a href=\"https:\/\/autolivraria.com.br\/bc\/tag\/m-235i\" target=\"_blank\">BMW M 235i<\/a> (motor turbo de 3,0 litros e 326 cv, R$ 229.950) e, em faixa superior de pot\u00eancia e pre\u00e7o, <a href=\"https:\/\/autolivraria.com.br\/bc\/tag\/cla-45-amg\" target=\"_blank\">Mercedes-Benz CLA 45 AMG<\/a> (motor 2,0 turbo de 360 cv, R$ 298.900). O BMW \u00e9 o \u00fanico do grupo com seis cilindros, tra\u00e7\u00e3o s\u00f3 traseira (nos demais \u00e9 integral) e apenas duas portas. O WRX acaba fazendo a ponte entre a classe de <a href=\"https:\/\/autolivraria.com.br\/bc\/tag\/civic-si\" target=\"_blank\">Honda Civic Si<\/a> e <a href=\"https:\/\/autolivraria.com.br\/bc\/tag\/golf-gti\" target=\"_blank\">VW Golf GTI<\/a> e essa categoria superior.<\/p>\n<p>Apesar de manterem o estilo de sed\u00e3 quatro-portas (n\u00e3o existe mais a vers\u00e3o hatchback), o WRX e sua vers\u00e3o STI diferenciam-se do atual <a href=\"https:\/\/autolivraria.com.br\/bc\/tag\/impreza\" target=\"_blank\">Impreza<\/a> j\u00e1 nas formas da carroceria. Poucos componentes s\u00e3o comuns entre os esportivos e o sed\u00e3 normal, caso das portas dianteiras e da tampa do porta-malas: de resto, cap\u00f4, para-lamas, para-choques, far\u00f3is, lanternas e at\u00e9 as portas traseiras (abauladas para compor os para-lamas bojudos) s\u00e3o espec\u00edficos, de modo que \u00e9 f\u00e1cil identific\u00e1-los.<\/p>\n<p>&nbsp;<\/p>\n<p><a href=\"https:\/\/autolivraria.com.br\/bc\/wp-content\/uploads\/2015\/07\/Subaru-WRX-05.jpg\"><img decoding=\"async\" class=\"aligncenter size-large wp-image-61950 lazyload\" data-src=\"https:\/\/autolivraria.com.br\/bc\/wp-content\/uploads\/2015\/07\/Subaru-WRX-05-743x495.jpg\" alt=\"Subaru WRX\" width=\"743\" height=\"495\" data-srcset=\"https:\/\/autolivraria.com.br\/bc\/wp-content\/uploads\/2015\/07\/Subaru-WRX-05-743x495.jpg 743w, https:\/\/autolivraria.com.br\/bc\/wp-content\/uploads\/2015\/07\/Subaru-WRX-05-356x237.jpg 356w, https:\/\/autolivraria.com.br\/bc\/wp-content\/uploads\/2015\/07\/Subaru-WRX-05-227x151.jpg 227w, https:\/\/autolivraria.com.br\/bc\/wp-content\/uploads\/2015\/07\/Subaru-WRX-05-270x180.jpg 270w, https:\/\/autolivraria.com.br\/bc\/wp-content\/uploads\/2015\/07\/Subaru-WRX-05.jpg 1280w\" data-sizes=\"(max-width: 743px) 100vw, 743px\" src=\"data:image\/svg+xml;base64,PHN2ZyB3aWR0aD0iMSIgaGVpZ2h0PSIxIiB4bWxucz0iaHR0cDovL3d3dy53My5vcmcvMjAwMC9zdmciPjwvc3ZnPg==\" style=\"--smush-placeholder-width: 743px; --smush-placeholder-aspect-ratio: 743\/495;\" \/><\/a><\/p>\n<p>&nbsp;<\/p>\n<div class='one_third'>\n\t\t\t\t\t<a href=\"https:\/\/autolivraria.com.br\/bc\/wp-content\/uploads\/2015\/07\/Subaru-WRX-06.jpg\"><img decoding=\"async\" class=\"aligncenter size-meia-largura-post wp-image-61951 lazyload\" data-src=\"https:\/\/autolivraria.com.br\/bc\/wp-content\/uploads\/2015\/07\/Subaru-WRX-06-227x151.jpg\" alt=\"Subaru WRX\" width=\"227\" height=\"151\" data-srcset=\"https:\/\/autolivraria.com.br\/bc\/wp-content\/uploads\/2015\/07\/Subaru-WRX-06-227x151.jpg 227w, https:\/\/autolivraria.com.br\/bc\/wp-content\/uploads\/2015\/07\/Subaru-WRX-06-356x237.jpg 356w, https:\/\/autolivraria.com.br\/bc\/wp-content\/uploads\/2015\/07\/Subaru-WRX-06-743x495.jpg 743w, https:\/\/autolivraria.com.br\/bc\/wp-content\/uploads\/2015\/07\/Subaru-WRX-06-270x180.jpg 270w, https:\/\/autolivraria.com.br\/bc\/wp-content\/uploads\/2015\/07\/Subaru-WRX-06.jpg 1280w\" data-sizes=\"(max-width: 227px) 100vw, 227px\" src=\"data:image\/svg+xml;base64,PHN2ZyB3aWR0aD0iMSIgaGVpZ2h0PSIxIiB4bWxucz0iaHR0cDovL3d3dy53My5vcmcvMjAwMC9zdmciPjwvc3ZnPg==\" style=\"--smush-placeholder-width: 227px; --smush-placeholder-aspect-ratio: 227\/151;\" \/><\/a>\n\t\t\t\t<\/div>\n<div class='one_third'>\n\t\t\t\t\t<a href=\"https:\/\/autolivraria.com.br\/bc\/wp-content\/uploads\/2015\/07\/Subaru-WRX-09.jpg\"><img decoding=\"async\" class=\"aligncenter size-meia-largura-post wp-image-61952 lazyload\" data-src=\"https:\/\/autolivraria.com.br\/bc\/wp-content\/uploads\/2015\/07\/Subaru-WRX-09-227x151.jpg\" alt=\"Subaru WRX\" width=\"227\" height=\"151\" data-srcset=\"https:\/\/autolivraria.com.br\/bc\/wp-content\/uploads\/2015\/07\/Subaru-WRX-09-227x151.jpg 227w, https:\/\/autolivraria.com.br\/bc\/wp-content\/uploads\/2015\/07\/Subaru-WRX-09-356x237.jpg 356w, https:\/\/autolivraria.com.br\/bc\/wp-content\/uploads\/2015\/07\/Subaru-WRX-09-743x495.jpg 743w, https:\/\/autolivraria.com.br\/bc\/wp-content\/uploads\/2015\/07\/Subaru-WRX-09-270x180.jpg 270w, https:\/\/autolivraria.com.br\/bc\/wp-content\/uploads\/2015\/07\/Subaru-WRX-09.jpg 1280w\" data-sizes=\"(max-width: 227px) 100vw, 227px\" src=\"data:image\/svg+xml;base64,PHN2ZyB3aWR0aD0iMSIgaGVpZ2h0PSIxIiB4bWxucz0iaHR0cDovL3d3dy53My5vcmcvMjAwMC9zdmciPjwvc3ZnPg==\" style=\"--smush-placeholder-width: 227px; --smush-placeholder-aspect-ratio: 227\/151;\" \/><\/a>\n\t\t\t\t<\/div>\n<div class='one_third last'>\n\t\t\t\t\t<a href=\"https:\/\/autolivraria.com.br\/bc\/wp-content\/uploads\/2015\/07\/Subaru-WRX-07.jpg\"><img decoding=\"async\" class=\"aligncenter size-meia-largura-post wp-image-61953 lazyload\" data-src=\"https:\/\/autolivraria.com.br\/bc\/wp-content\/uploads\/2015\/07\/Subaru-WRX-07-227x151.jpg\" alt=\"Subaru WRX\" width=\"227\" height=\"151\" data-srcset=\"https:\/\/autolivraria.com.br\/bc\/wp-content\/uploads\/2015\/07\/Subaru-WRX-07-227x151.jpg 227w, https:\/\/autolivraria.com.br\/bc\/wp-content\/uploads\/2015\/07\/Subaru-WRX-07-356x237.jpg 356w, https:\/\/autolivraria.com.br\/bc\/wp-content\/uploads\/2015\/07\/Subaru-WRX-07-743x495.jpg 743w, https:\/\/autolivraria.com.br\/bc\/wp-content\/uploads\/2015\/07\/Subaru-WRX-07-270x180.jpg 270w, https:\/\/autolivraria.com.br\/bc\/wp-content\/uploads\/2015\/07\/Subaru-WRX-07.jpg 1280w\" data-sizes=\"(max-width: 227px) 100vw, 227px\" src=\"data:image\/svg+xml;base64,PHN2ZyB3aWR0aD0iMSIgaGVpZ2h0PSIxIiB4bWxucz0iaHR0cDovL3d3dy53My5vcmcvMjAwMC9zdmciPjwvc3ZnPg==\" style=\"--smush-placeholder-width: 227px; --smush-placeholder-aspect-ratio: 227\/151;\" \/><\/a>\n\t\t\t\t<\/div><div class='clear'><\/div>\n<p style=\"text-align: center;\"><em>\u00a0<\/em><br \/>\n<em>Interior do WRX \u00e9 esportivo sem excessos; bancos apoiam bem nas curvas; volante tem comandos de c\u00e2mbio e do seletor de modos de dire\u00e7\u00e3o<\/em><\/p>\n<p>&nbsp;<\/p>\n<p>Esses para-lamas s\u00e3o elementos j\u00e1 tradicionais do modelo, assim como as grandes tomadas de ar no para-choque dianteiro e no cap\u00f4, e garantem o ar intimidador junto \u00e0s rodas de 18 polegadas e o difusor de ar traseiro com quatro sa\u00eddas de escapamento. Contudo, para o WRX a Subaru optou por um sutil defletor na tampa do porta-malas \u2014 o grande aerof\u00f3lio ficou para o STI, que traz ainda rodas de alum\u00ednio forjado da BBS alem\u00e3 nas mesmas medidas do outro.<\/p>\n<p>&nbsp;<\/p>\n<div class='code-block code-block-9' style='margin: 8px auto; text-align: center; display: block; clear: both;'>\n<script async src=\"https:\/\/pagead2.googlesyndication.com\/pagead\/js\/adsbygoogle.js\"><\/script>\n<!-- AL-quadrado -->\n<ins class=\"adsbygoogle\"\n     style=\"display:block\"\n     data-ad-client=\"ca-pub-1914799802606213\"\n     data-ad-slot=\"5683066082\"\n     data-ad-format=\"auto\"\n     data-full-width-responsive=\"true\"><\/ins>\n<script>\n     (adsbygoogle = window.adsbygoogle || []).push({});\n<\/script><\/div>\n\n<p>&nbsp;<\/p>\n<p>O interior \u00e9 basicamente o mesmo no Impreza e nos esportivos, mas se diferencia pelos bancos mais envolventes, volante com melhor apoio para os dedos e base achatada e detalhes como a grafia dos instrumentos em vermelho e as capas met\u00e1licas dos pedais. No STI o tom vermelho est\u00e1 mais presente, tanto em inser\u00e7\u00f5es nas laterais dos bancos quanto nas costuras do couro e no pomo da alavanca de c\u00e2mbio. No topo da parte central do painel, um mostrador gr\u00e1fico aponta a press\u00e3o do turbo (com indica\u00e7\u00f5es anal\u00f3gica e digital) e o percentual de abertura do acelerador. O porta-malas usa bra\u00e7os convencionais na tampa e estepe tempor\u00e1rio.<\/p>\n<p>O WRX e o STI baseiam-se na mesma plataforma, que ganhou 40% em resist\u00eancia \u00e0 tor\u00e7\u00e3o se comparada \u00e0 gera\u00e7\u00e3o anterior e usa suspens\u00e3o traseira independente por bra\u00e7os sobrepostos, mas s\u00e3o bem diferentes em outros itens mec\u00e2nicos. Na nova gera\u00e7\u00e3o o WRX adotou <a href=\"https:\/\/autolivraria.com.br\/bc\/glossario-i\/#inje\" target=\"_blank\">inje\u00e7\u00e3o direta<\/a> no motor turboalimentado de 2,0 litros e usa <a href=\"https:\/\/autolivraria.com.br\/bc\/glossario-t\/#dupl\" target=\"_blank\">turbina de duplo fluxo<\/a>, enquanto o STI manteve a unidade de 2,5 litros com inje\u00e7\u00e3o indireta e turbina de fluxo \u00fanico. Ambos s\u00e3o de quatro cilindros contrapostos (<a href=\"https:\/\/autolivraria.com.br\/bc\/glossario-b\/#boxe\" target=\"_blank\">boxer<\/a>) e contam com <a href=\"https:\/\/autolivraria.com.br\/bc\/glossario-v\/#vari\" target=\"_blank\">varia\u00e7\u00e3o do tempo de abertura das v\u00e1lvulas<\/a> de admiss\u00e3o e escapamento, mas a inje\u00e7\u00e3o direta do WRX permitiu o uso de <a href=\"https:\/\/autolivraria.com.br\/bc\/glossario-t\/#taxa\" target=\"_blank\">taxa de compress\u00e3o<\/a> mais alta e maior press\u00e3o de superalimenta\u00e7\u00e3o (1,1 bar ante 1 bar do STI).<\/p>\n<p>&nbsp;<\/p>\n<p><a href=\"https:\/\/autolivraria.com.br\/bc\/wp-content\/uploads\/2015\/07\/Subaru-WRX-STI-02.jpg\"><img decoding=\"async\" class=\"aligncenter size-large wp-image-61954 lazyload\" data-src=\"https:\/\/autolivraria.com.br\/bc\/wp-content\/uploads\/2015\/07\/Subaru-WRX-STI-02-743x495.jpg\" alt=\"Subaru WRX STI\" width=\"743\" height=\"495\" data-srcset=\"https:\/\/autolivraria.com.br\/bc\/wp-content\/uploads\/2015\/07\/Subaru-WRX-STI-02-743x495.jpg 743w, https:\/\/autolivraria.com.br\/bc\/wp-content\/uploads\/2015\/07\/Subaru-WRX-STI-02-356x237.jpg 356w, https:\/\/autolivraria.com.br\/bc\/wp-content\/uploads\/2015\/07\/Subaru-WRX-STI-02-227x151.jpg 227w, https:\/\/autolivraria.com.br\/bc\/wp-content\/uploads\/2015\/07\/Subaru-WRX-STI-02-270x180.jpg 270w, https:\/\/autolivraria.com.br\/bc\/wp-content\/uploads\/2015\/07\/Subaru-WRX-STI-02.jpg 1280w\" data-sizes=\"(max-width: 743px) 100vw, 743px\" src=\"data:image\/svg+xml;base64,PHN2ZyB3aWR0aD0iMSIgaGVpZ2h0PSIxIiB4bWxucz0iaHR0cDovL3d3dy53My5vcmcvMjAwMC9zdmciPjwvc3ZnPg==\" style=\"--smush-placeholder-width: 743px; --smush-placeholder-aspect-ratio: 743\/495;\" \/><\/a><\/p>\n<p>&nbsp;<\/p>\n<div class='one_half'>\n\t\t\t\t\t<a href=\"https:\/\/autolivraria.com.br\/bc\/wp-content\/uploads\/2015\/07\/Subaru-WRX-STI-03.jpg\"><img decoding=\"async\" class=\"aligncenter size-medium wp-image-61955 lazyload\" data-src=\"https:\/\/autolivraria.com.br\/bc\/wp-content\/uploads\/2015\/07\/Subaru-WRX-STI-03-356x237.jpg\" alt=\"Subaru WRX STI\" width=\"356\" height=\"237\" data-srcset=\"https:\/\/autolivraria.com.br\/bc\/wp-content\/uploads\/2015\/07\/Subaru-WRX-STI-03-356x237.jpg 356w, https:\/\/autolivraria.com.br\/bc\/wp-content\/uploads\/2015\/07\/Subaru-WRX-STI-03-743x495.jpg 743w, https:\/\/autolivraria.com.br\/bc\/wp-content\/uploads\/2015\/07\/Subaru-WRX-STI-03-227x151.jpg 227w, https:\/\/autolivraria.com.br\/bc\/wp-content\/uploads\/2015\/07\/Subaru-WRX-STI-03-270x180.jpg 270w, https:\/\/autolivraria.com.br\/bc\/wp-content\/uploads\/2015\/07\/Subaru-WRX-STI-03.jpg 1280w\" data-sizes=\"(max-width: 356px) 100vw, 356px\" src=\"data:image\/svg+xml;base64,PHN2ZyB3aWR0aD0iMSIgaGVpZ2h0PSIxIiB4bWxucz0iaHR0cDovL3d3dy53My5vcmcvMjAwMC9zdmciPjwvc3ZnPg==\" style=\"--smush-placeholder-width: 356px; --smush-placeholder-aspect-ratio: 356\/237;\" \/><\/a>\n\t\t\t\t<\/div>\n<div class='one_half last'>\n\t\t\t\t\t<a href=\"https:\/\/autolivraria.com.br\/bc\/wp-content\/uploads\/2015\/07\/Subaru-WRX-STI-04.jpg\"><img decoding=\"async\" class=\"aligncenter size-medium wp-image-61956 lazyload\" data-src=\"https:\/\/autolivraria.com.br\/bc\/wp-content\/uploads\/2015\/07\/Subaru-WRX-STI-04-356x237.jpg\" alt=\"Subaru WRX STI\" width=\"356\" height=\"237\" data-srcset=\"https:\/\/autolivraria.com.br\/bc\/wp-content\/uploads\/2015\/07\/Subaru-WRX-STI-04-356x237.jpg 356w, https:\/\/autolivraria.com.br\/bc\/wp-content\/uploads\/2015\/07\/Subaru-WRX-STI-04-743x495.jpg 743w, https:\/\/autolivraria.com.br\/bc\/wp-content\/uploads\/2015\/07\/Subaru-WRX-STI-04-227x151.jpg 227w, https:\/\/autolivraria.com.br\/bc\/wp-content\/uploads\/2015\/07\/Subaru-WRX-STI-04-270x180.jpg 270w, https:\/\/autolivraria.com.br\/bc\/wp-content\/uploads\/2015\/07\/Subaru-WRX-STI-04.jpg 1280w\" data-sizes=\"(max-width: 356px) 100vw, 356px\" src=\"data:image\/svg+xml;base64,PHN2ZyB3aWR0aD0iMSIgaGVpZ2h0PSIxIiB4bWxucz0iaHR0cDovL3d3dy53My5vcmcvMjAwMC9zdmciPjwvc3ZnPg==\" style=\"--smush-placeholder-width: 356px; --smush-placeholder-aspect-ratio: 356\/237;\" \/><\/a>\n\t\t\t\t<\/div><div class='clear'><\/div>\n<p style=\"text-align: center;\"><em>\u00a0<\/em><br \/>\n<em>Aerof\u00f3lio inspirado em carros de rali domina a vista traseira do mais potente WRX STI, que vem com rodas BBS forjadas e freios Brembo<\/em><\/p>\n<p>&nbsp;<\/p>\n<p>Ao fim, o WRX acaba sendo superior tanto em <a href=\"https:\/\/autolivraria.com.br\/bc\/glossario-p\/#pote\" target=\"_blank\">pot\u00eancia espec\u00edfica<\/a> (135,1 cv\/litro ante 126,1 cv\/l) quanto em distribui\u00e7\u00e3o de torque, pois o ponto m\u00e1ximo \u00e9 atingido j\u00e1 a 2.000 rpm, metade da rota\u00e7\u00e3o do STI. Claro que os valores absolutos s\u00e3o mais altos na vers\u00e3o superior: 310 cv e 40 m.kgf ante 270 cv e 35,7 m.kgf. Nos dois modelos, a central eletr\u00f4nica e o acelerador podem ser configurados pelo Subaru Intelligent Drive, um comando girat\u00f3rio no console que oferece os modos Intelligent (autom\u00e1tico), Sport e Sport Sharp. Os dois\u00a0\u00faltimos modos fazem o CVT do WRX simular oito marchas para mudan\u00e7as manuais, por meio de pontos de parada do mecanismo de varia\u00e7\u00e3o.<\/p>\n<p>Ambos recorrem a tra\u00e7\u00e3o integral permanente, mas tamb\u00e9m aqui h\u00e1 diferen\u00e7as. No WRX manual o diferencial central atua com acoplamento viscoso e reparti\u00e7\u00e3o igual de torque \u2014 50% para cada eixo \u2014, enquanto a vers\u00e3o com CVT usa com engrenagens planet\u00e1rias no diferencial para enviar 55% do torque \u00e0s rodas traseiras. No STI, embora o sistema seja similar a este \u00faltimo, a reparti\u00e7\u00e3o \u00e9 ainda mais desigual com 59% para tr\u00e1s.<\/p>\n<p>Apenas no STI vem o sistema Multi-Mode Driver Controlled Center Differential (DCCD), diferencial central multimodo controlado pelo motorista, que opera em tr\u00eas programas autom\u00e1ticos, com diferentes graus de bloqueio do diferencial, e em seis n\u00edveis selecionados pelo condutor. Nos modos autom\u00e1ticos a decis\u00e3o de bloqueio \u00e9 tomada pela an\u00e1lise de par\u00e2metros como velocidade, \u00e2ngulo do volante, rota\u00e7\u00e3o do motor, posi\u00e7\u00e3o do acelerador, uso de freios e acelera\u00e7\u00e3o lateral. O diferencial traseiro \u00e9 <a href=\"https:\/\/autolivraria.com.br\/bc\/glossario-d\/#dife\" target=\"_blank\">autobloqueante<\/a> sens\u00edvel ao torque da marca Torsen.<\/p>\n<table border=\"0\">\n<tbody>\n<tr>\n<td><a href='https:\/\/autolivraria.com.br\/bc\/informe-se\/avaliacao\/teste-subaru-wrx-e-sti-dois-samurais-contra-os-alemaes\/2\/' class='small-button smallsilver'>Pr\u00f3xima parte<\/a><\/td>\n<\/tr>\n<\/tbody>\n<\/table>\n<p>&nbsp;<\/p>\n<p><!--nextpage--><\/p>\n<p><a href=\"https:\/\/autolivraria.com.br\/bc\/wp-content\/uploads\/2015\/07\/Subaru-WRX-STI-15.jpg\"><img decoding=\"async\" class=\"aligncenter size-large wp-image-61957 lazyload\" data-src=\"https:\/\/autolivraria.com.br\/bc\/wp-content\/uploads\/2015\/07\/Subaru-WRX-STI-15-743x495.jpg\" alt=\"Subaru WRX STI\" width=\"743\" height=\"495\" data-srcset=\"https:\/\/autolivraria.com.br\/bc\/wp-content\/uploads\/2015\/07\/Subaru-WRX-STI-15-743x495.jpg 743w, https:\/\/autolivraria.com.br\/bc\/wp-content\/uploads\/2015\/07\/Subaru-WRX-STI-15-356x237.jpg 356w, https:\/\/autolivraria.com.br\/bc\/wp-content\/uploads\/2015\/07\/Subaru-WRX-STI-15-227x151.jpg 227w, https:\/\/autolivraria.com.br\/bc\/wp-content\/uploads\/2015\/07\/Subaru-WRX-STI-15-270x180.jpg 270w, https:\/\/autolivraria.com.br\/bc\/wp-content\/uploads\/2015\/07\/Subaru-WRX-STI-15.jpg 1280w\" data-sizes=\"(max-width: 743px) 100vw, 743px\" src=\"data:image\/svg+xml;base64,PHN2ZyB3aWR0aD0iMSIgaGVpZ2h0PSIxIiB4bWxucz0iaHR0cDovL3d3dy53My5vcmcvMjAwMC9zdmciPjwvc3ZnPg==\" style=\"--smush-placeholder-width: 743px; --smush-placeholder-aspect-ratio: 743\/495;\" \/><\/a><\/p>\n<p>&nbsp;<\/p>\n<div class='one_half'>\n\t\t\t\t\t<a href=\"https:\/\/autolivraria.com.br\/bc\/wp-content\/uploads\/2015\/07\/Subaru-WRX-STI-16.jpg\"><img decoding=\"async\" class=\"aligncenter size-medium wp-image-61958 lazyload\" data-src=\"https:\/\/autolivraria.com.br\/bc\/wp-content\/uploads\/2015\/07\/Subaru-WRX-STI-16-356x237.jpg\" alt=\"Subaru WRX STI\" width=\"356\" height=\"237\" data-srcset=\"https:\/\/autolivraria.com.br\/bc\/wp-content\/uploads\/2015\/07\/Subaru-WRX-STI-16-356x237.jpg 356w, https:\/\/autolivraria.com.br\/bc\/wp-content\/uploads\/2015\/07\/Subaru-WRX-STI-16-743x495.jpg 743w, https:\/\/autolivraria.com.br\/bc\/wp-content\/uploads\/2015\/07\/Subaru-WRX-STI-16-227x151.jpg 227w, https:\/\/autolivraria.com.br\/bc\/wp-content\/uploads\/2015\/07\/Subaru-WRX-STI-16-270x180.jpg 270w, https:\/\/autolivraria.com.br\/bc\/wp-content\/uploads\/2015\/07\/Subaru-WRX-STI-16.jpg 1280w\" data-sizes=\"(max-width: 356px) 100vw, 356px\" src=\"data:image\/svg+xml;base64,PHN2ZyB3aWR0aD0iMSIgaGVpZ2h0PSIxIiB4bWxucz0iaHR0cDovL3d3dy53My5vcmcvMjAwMC9zdmciPjwvc3ZnPg==\" style=\"--smush-placeholder-width: 356px; --smush-placeholder-aspect-ratio: 356\/237;\" \/><\/a>\n\t\t\t\t<\/div>\n<div class='one_half last'>\n\t\t\t\t\t<a href=\"https:\/\/autolivraria.com.br\/bc\/wp-content\/uploads\/2015\/07\/Subaru-WRX-STI-13.jpg\"><img decoding=\"async\" class=\"aligncenter size-medium wp-image-61959 lazyload\" data-src=\"https:\/\/autolivraria.com.br\/bc\/wp-content\/uploads\/2015\/07\/Subaru-WRX-STI-13-356x237.jpg\" alt=\"Subaru WRX STI\" width=\"356\" height=\"237\" data-srcset=\"https:\/\/autolivraria.com.br\/bc\/wp-content\/uploads\/2015\/07\/Subaru-WRX-STI-13-356x237.jpg 356w, https:\/\/autolivraria.com.br\/bc\/wp-content\/uploads\/2015\/07\/Subaru-WRX-STI-13-743x495.jpg 743w, https:\/\/autolivraria.com.br\/bc\/wp-content\/uploads\/2015\/07\/Subaru-WRX-STI-13-227x151.jpg 227w, https:\/\/autolivraria.com.br\/bc\/wp-content\/uploads\/2015\/07\/Subaru-WRX-STI-13-270x180.jpg 270w, https:\/\/autolivraria.com.br\/bc\/wp-content\/uploads\/2015\/07\/Subaru-WRX-STI-13.jpg 1280w\" data-sizes=\"(max-width: 356px) 100vw, 356px\" src=\"data:image\/svg+xml;base64,PHN2ZyB3aWR0aD0iMSIgaGVpZ2h0PSIxIiB4bWxucz0iaHR0cDovL3d3dy53My5vcmcvMjAwMC9zdmciPjwvc3ZnPg==\" style=\"--smush-placeholder-width: 356px; --smush-placeholder-aspect-ratio: 356\/237;\" \/><\/a>\n\t\t\t\t<\/div><div class='clear'><\/div>\n<p style=\"text-align: center;\"><em>\u00a0<\/em><br \/>\n<em>Inser\u00e7\u00f5es em vermelho diferenciam o STI por dentro; sem inje\u00e7\u00e3o direta, o motor de 2,5 litros fornece 310 cv e torque em regime mais alto<\/em><\/p>\n<p>&nbsp;<\/p>\n<p>Recurso comum a ambos \u00e9 o Active Torque Vectoring, vetoriza\u00e7\u00e3o ativa de torque, que atua nos freios de modo a enviar mais torque para a roda dianteira externa \u00e0 curva que \u00e0 interna, o que aumenta a estabilidade e reduz o risco de patina\u00e7\u00e3o desta \u00faltima. O controle de estabilidade tamb\u00e9m admite sele\u00e7\u00e3o entre os modos Normal, Tra\u00e7\u00e3o e desativado; nesta posi\u00e7\u00e3o a vetoriza\u00e7\u00e3o de torque n\u00e3o atua. De resto, o STI vem com freios Brembo e sua dire\u00e7\u00e3o usa assist\u00eancia hidr\u00e1ulica e rela\u00e7\u00e3o baix\u00edssima de 13:1 \u2014 das mais diretas j\u00e1 vistas. No WRX a rela\u00e7\u00e3o \u00e9 mais alta, 14,5:1, com assist\u00eancia el\u00e9trica.<\/p>\n<p>&nbsp;<\/p>\n<h2>Ao volante<\/h2>\n<p>Tivemos a oportunidade de avaliar ambas as vers\u00f5es em um r\u00e1pido \u2014 literalmente \u2014 contato na pista da Capuava, em Vinhedo, interior de S\u00e3o Paulo. Come\u00e7amos pelo WRX. No interior relativamente luxuoso, mais que em gera\u00e7\u00f5es passadas, quase n\u00e3o se percebe que o motor j\u00e1 est\u00e1 ligado em fun\u00e7\u00e3o dos baixos n\u00edveis de ru\u00eddo e vibra\u00e7\u00e3o.<\/p>\n<p>Com o c\u00e2mbio na posi\u00e7\u00e3o M, manual, usam-se os comandos no volante para as trocas das marchas \u201cvirtuais\u201d: para quem pensa em esportividade \u00e9 a melhor escolha. No modo Intelligent\u00a0o c\u00e2mbio proporciona apenas seis rela\u00e7\u00f5es \u2014 j\u00e1 nas posi\u00e7\u00f5es Sport e Sport Sharp s\u00e3o oito, para um <a href=\"https:\/\/autolivraria.com.br\/bc\/glossario-e\/#esca\" target=\"_blank\">escalonamento<\/a> mais fechado. Em duas voltas na pista de pouco mais de 2.000 metros, os atributos que conseguimos avaliar foram a eficiente tra\u00e7\u00e3o integral permanente, a r\u00e1pida acelera\u00e7\u00e3o e a estabilidade em curvas, com um acerto de suspens\u00e3o pensado para trajetos sinuosos.<\/p>\n<p>&nbsp;<\/p>\n<p><a href=\"https:\/\/autolivraria.com.br\/bc\/wp-content\/uploads\/2015\/07\/Subaru-WRX-STI-12.jpg\"><img decoding=\"async\" class=\"aligncenter size-large wp-image-61963 lazyload\" data-src=\"https:\/\/autolivraria.com.br\/bc\/wp-content\/uploads\/2015\/07\/Subaru-WRX-STI-12-743x495.jpg\" alt=\"Subaru WRX STI\" width=\"743\" height=\"495\" data-srcset=\"https:\/\/autolivraria.com.br\/bc\/wp-content\/uploads\/2015\/07\/Subaru-WRX-STI-12-743x495.jpg 743w, https:\/\/autolivraria.com.br\/bc\/wp-content\/uploads\/2015\/07\/Subaru-WRX-STI-12-356x237.jpg 356w, https:\/\/autolivraria.com.br\/bc\/wp-content\/uploads\/2015\/07\/Subaru-WRX-STI-12-227x151.jpg 227w, https:\/\/autolivraria.com.br\/bc\/wp-content\/uploads\/2015\/07\/Subaru-WRX-STI-12-270x180.jpg 270w, https:\/\/autolivraria.com.br\/bc\/wp-content\/uploads\/2015\/07\/Subaru-WRX-STI-12.jpg 1280w\" data-sizes=\"(max-width: 743px) 100vw, 743px\" src=\"data:image\/svg+xml;base64,PHN2ZyB3aWR0aD0iMSIgaGVpZ2h0PSIxIiB4bWxucz0iaHR0cDovL3d3dy53My5vcmcvMjAwMC9zdmciPjwvc3ZnPg==\" style=\"--smush-placeholder-width: 743px; --smush-placeholder-aspect-ratio: 743\/495;\" \/><\/a><\/p>\n<p>&nbsp;<\/p>\n<div class='one_third'>\n\t\t\t\t\t<a href=\"https:\/\/autolivraria.com.br\/bc\/wp-content\/uploads\/2015\/07\/Subaru-WRX-STI-10.jpg\"><img decoding=\"async\" class=\"aligncenter size-meia-largura-post wp-image-61961 lazyload\" data-src=\"https:\/\/autolivraria.com.br\/bc\/wp-content\/uploads\/2015\/07\/Subaru-WRX-STI-10-227x151.jpg\" alt=\"Subaru WRX STI\" width=\"227\" height=\"151\" data-srcset=\"https:\/\/autolivraria.com.br\/bc\/wp-content\/uploads\/2015\/07\/Subaru-WRX-STI-10-227x151.jpg 227w, https:\/\/autolivraria.com.br\/bc\/wp-content\/uploads\/2015\/07\/Subaru-WRX-STI-10-356x237.jpg 356w, https:\/\/autolivraria.com.br\/bc\/wp-content\/uploads\/2015\/07\/Subaru-WRX-STI-10-270x180.jpg 270w, https:\/\/autolivraria.com.br\/bc\/wp-content\/uploads\/2015\/07\/Subaru-WRX-STI-10.jpg 560w\" data-sizes=\"(max-width: 227px) 100vw, 227px\" src=\"data:image\/svg+xml;base64,PHN2ZyB3aWR0aD0iMSIgaGVpZ2h0PSIxIiB4bWxucz0iaHR0cDovL3d3dy53My5vcmcvMjAwMC9zdmciPjwvc3ZnPg==\" style=\"--smush-placeholder-width: 227px; --smush-placeholder-aspect-ratio: 227\/151;\" \/><\/a>\n\t\t\t\t<\/div>\n<div class='one_third'>\n\t\t\t\t\t<a href=\"https:\/\/autolivraria.com.br\/bc\/wp-content\/uploads\/2015\/07\/Subaru-WRX-STI-07.jpg\"><img decoding=\"async\" class=\"aligncenter size-meia-largura-post wp-image-61962 lazyload\" data-src=\"https:\/\/autolivraria.com.br\/bc\/wp-content\/uploads\/2015\/07\/Subaru-WRX-STI-07-227x151.jpg\" alt=\"Subaru WRX STI 07\" width=\"227\" height=\"151\" data-srcset=\"https:\/\/autolivraria.com.br\/bc\/wp-content\/uploads\/2015\/07\/Subaru-WRX-STI-07-227x151.jpg 227w, https:\/\/autolivraria.com.br\/bc\/wp-content\/uploads\/2015\/07\/Subaru-WRX-STI-07-356x237.jpg 356w, https:\/\/autolivraria.com.br\/bc\/wp-content\/uploads\/2015\/07\/Subaru-WRX-STI-07-270x180.jpg 270w, https:\/\/autolivraria.com.br\/bc\/wp-content\/uploads\/2015\/07\/Subaru-WRX-STI-07.jpg 560w\" data-sizes=\"(max-width: 227px) 100vw, 227px\" src=\"data:image\/svg+xml;base64,PHN2ZyB3aWR0aD0iMSIgaGVpZ2h0PSIxIiB4bWxucz0iaHR0cDovL3d3dy53My5vcmcvMjAwMC9zdmciPjwvc3ZnPg==\" style=\"--smush-placeholder-width: 227px; --smush-placeholder-aspect-ratio: 227\/151;\" \/><\/a>\n\t\t\t\t<\/div>\n<div class='one_third last'>\n\t\t\t\t\t<a href=\"https:\/\/autolivraria.com.br\/bc\/wp-content\/uploads\/2015\/07\/Subaru-WRX-STI-18.jpg\"><img decoding=\"async\" class=\"aligncenter size-meia-largura-post wp-image-61960 lazyload\" data-src=\"https:\/\/autolivraria.com.br\/bc\/wp-content\/uploads\/2015\/07\/Subaru-WRX-STI-18-227x151.jpg\" alt=\"Subaru WRX STI\" width=\"227\" height=\"151\" data-srcset=\"https:\/\/autolivraria.com.br\/bc\/wp-content\/uploads\/2015\/07\/Subaru-WRX-STI-18-227x151.jpg 227w, https:\/\/autolivraria.com.br\/bc\/wp-content\/uploads\/2015\/07\/Subaru-WRX-STI-18-356x237.jpg 356w, https:\/\/autolivraria.com.br\/bc\/wp-content\/uploads\/2015\/07\/Subaru-WRX-STI-18-270x180.jpg 270w, https:\/\/autolivraria.com.br\/bc\/wp-content\/uploads\/2015\/07\/Subaru-WRX-STI-18.jpg 560w\" data-sizes=\"(max-width: 227px) 100vw, 227px\" src=\"data:image\/svg+xml;base64,PHN2ZyB3aWR0aD0iMSIgaGVpZ2h0PSIxIiB4bWxucz0iaHR0cDovL3d3dy53My5vcmcvMjAwMC9zdmciPjwvc3ZnPg==\" style=\"--smush-placeholder-width: 227px; --smush-placeholder-aspect-ratio: 227\/151;\" \/><\/a>\n\t\t\t\t<\/div><div class='clear'><\/div>\n<p style=\"text-align: center;\"><em>\u00a0<\/em><br \/>\n<em>Tra\u00e7\u00e3o integral do STI envia maior parte do torque para a traseira; painel indica press\u00e3o do turbo e abertura de acelerador; no console, comandos do seletor de modos de dire\u00e7\u00e3o (girat\u00f3rio) e do diferencial central<\/em><\/p>\n<p>&nbsp;<\/p>\n<p>Deixamos o WRX STI para a segunda sa\u00edda, de modo a avaliar o quanto os 30 cv trariam de diferen\u00e7a. Oferecido apenas com c\u00e2mbio manual, o esportivo busca consumidores puristas que exigem o pleno controle das marchas e da embreagem \u2014 esp\u00e9cie em extin\u00e7\u00e3o no Brasil, onde poucos se interessam em gastar sola de sapato apertando o pedal da esquerda no tr\u00e2nsito em um carro de R$ 200 mil.<\/p>\n<p>&nbsp;<\/p>\n<blockquote><p>O ronco do escapamento de quatro sa\u00eddas \u00e9 quase um canto de sereia, que agu\u00e7a o lado \u201cperverso\u201d de qualquer apaixonado por carro<\/p><\/blockquote>\n<p>&nbsp;<\/p>\n<p>Em compara\u00e7\u00e3o ao WRX, nota-se grande diferen\u00e7a n\u00e3o s\u00f3 na acelera\u00e7\u00e3o, mas sobretudo na frenagem, mais progressiva, r\u00e1pida e equilibrada mesmo em alta velocidade. Como a pista \u00e9 muito travada, com 16 curvas, foi um exerc\u00edcio de concentra\u00e7\u00e3o trocar tanta marcha at\u00e9 que decidimos deixar a maior parte do tempo em terceira e s\u00f3 aproveitar a quarta e a quinta na reta \u2014 a sexta ficou esquecida, embora seja com ela que o STI atinge sua velocidade m\u00e1xima.<\/p>\n<p>O destaque ficou por conta de uma curva bem fechada, em forma de grampo, feita em segunda marcha. A reacelera\u00e7\u00e3o faz o motorista praticamente grudar no banco. O sed\u00e3 se comporta de forma neutra nas curvas e a dire\u00e7\u00e3o mostra grande precis\u00e3o. Para al\u00edvio do motorista e seu passageiro nas curvas, o adequado desenho dos bancos em formato de concha efetivamente segura as costas sem obrigar a se prender pelo apoio no piso.<\/p>\n<p>&nbsp;<\/p>\n<p><a href=\"https:\/\/autolivraria.com.br\/bc\/wp-content\/uploads\/2015\/07\/Subaru-WRX-03.jpg\"><img decoding=\"async\" class=\"aligncenter size-large wp-image-61964 lazyload\" data-src=\"https:\/\/autolivraria.com.br\/bc\/wp-content\/uploads\/2015\/07\/Subaru-WRX-03-743x495.jpg\" alt=\"Subaru WRX\" width=\"743\" height=\"495\" data-srcset=\"https:\/\/autolivraria.com.br\/bc\/wp-content\/uploads\/2015\/07\/Subaru-WRX-03-743x495.jpg 743w, https:\/\/autolivraria.com.br\/bc\/wp-content\/uploads\/2015\/07\/Subaru-WRX-03-356x237.jpg 356w, https:\/\/autolivraria.com.br\/bc\/wp-content\/uploads\/2015\/07\/Subaru-WRX-03-227x151.jpg 227w, https:\/\/autolivraria.com.br\/bc\/wp-content\/uploads\/2015\/07\/Subaru-WRX-03-270x180.jpg 270w, https:\/\/autolivraria.com.br\/bc\/wp-content\/uploads\/2015\/07\/Subaru-WRX-03.jpg 1280w\" data-sizes=\"(max-width: 743px) 100vw, 743px\" src=\"data:image\/svg+xml;base64,PHN2ZyB3aWR0aD0iMSIgaGVpZ2h0PSIxIiB4bWxucz0iaHR0cDovL3d3dy53My5vcmcvMjAwMC9zdmciPjwvc3ZnPg==\" style=\"--smush-placeholder-width: 743px; --smush-placeholder-aspect-ratio: 743\/495;\" \/><\/a><\/p>\n<p>&nbsp;<\/p>\n<div class='one_half'>\n\t\t\t\t\t<a href=\"https:\/\/autolivraria.com.br\/bc\/wp-content\/uploads\/2015\/07\/Subaru-WRX-10.jpg\"><img decoding=\"async\" class=\"aligncenter size-medium wp-image-61965 lazyload\" data-src=\"https:\/\/autolivraria.com.br\/bc\/wp-content\/uploads\/2015\/07\/Subaru-WRX-10-356x237.jpg\" alt=\"Subaru WRX\" width=\"356\" height=\"237\" data-srcset=\"https:\/\/autolivraria.com.br\/bc\/wp-content\/uploads\/2015\/07\/Subaru-WRX-10-356x237.jpg 356w, https:\/\/autolivraria.com.br\/bc\/wp-content\/uploads\/2015\/07\/Subaru-WRX-10-743x495.jpg 743w, https:\/\/autolivraria.com.br\/bc\/wp-content\/uploads\/2015\/07\/Subaru-WRX-10-227x151.jpg 227w, https:\/\/autolivraria.com.br\/bc\/wp-content\/uploads\/2015\/07\/Subaru-WRX-10-270x180.jpg 270w, https:\/\/autolivraria.com.br\/bc\/wp-content\/uploads\/2015\/07\/Subaru-WRX-10.jpg 1280w\" data-sizes=\"(max-width: 356px) 100vw, 356px\" src=\"data:image\/svg+xml;base64,PHN2ZyB3aWR0aD0iMSIgaGVpZ2h0PSIxIiB4bWxucz0iaHR0cDovL3d3dy53My5vcmcvMjAwMC9zdmciPjwvc3ZnPg==\" style=\"--smush-placeholder-width: 356px; --smush-placeholder-aspect-ratio: 356\/237;\" \/><\/a>\n\t\t\t\t<\/div>\n<div class='one_half last'>\n\t\t\t\t\t<a href=\"https:\/\/autolivraria.com.br\/bc\/wp-content\/uploads\/2015\/07\/Subaru-WRX-STI-09.jpg\"><img decoding=\"async\" class=\"aligncenter size-medium wp-image-61966 lazyload\" data-src=\"https:\/\/autolivraria.com.br\/bc\/wp-content\/uploads\/2015\/07\/Subaru-WRX-STI-09-356x237.jpg\" alt=\"Subaru WRX STI\" width=\"356\" height=\"237\" data-srcset=\"https:\/\/autolivraria.com.br\/bc\/wp-content\/uploads\/2015\/07\/Subaru-WRX-STI-09-356x237.jpg 356w, https:\/\/autolivraria.com.br\/bc\/wp-content\/uploads\/2015\/07\/Subaru-WRX-STI-09-743x495.jpg 743w, https:\/\/autolivraria.com.br\/bc\/wp-content\/uploads\/2015\/07\/Subaru-WRX-STI-09-227x151.jpg 227w, https:\/\/autolivraria.com.br\/bc\/wp-content\/uploads\/2015\/07\/Subaru-WRX-STI-09-270x180.jpg 270w, https:\/\/autolivraria.com.br\/bc\/wp-content\/uploads\/2015\/07\/Subaru-WRX-STI-09.jpg 1280w\" data-sizes=\"(max-width: 356px) 100vw, 356px\" src=\"data:image\/svg+xml;base64,PHN2ZyB3aWR0aD0iMSIgaGVpZ2h0PSIxIiB4bWxucz0iaHR0cDovL3d3dy53My5vcmcvMjAwMC9zdmciPjwvc3ZnPg==\" style=\"--smush-placeholder-width: 356px; --smush-placeholder-aspect-ratio: 356\/237;\" \/><\/a>\n\t\t\t\t<\/div><div class='clear'><\/div>\n<p style=\"text-align: center;\"><em>\u00a0<\/em><br \/>\n<em>O STI (\u00e0 direita) e o WRX mostraram grande estabilidade e \u00f3tima acelera\u00e7\u00e3o na pista da Capuava; suspens\u00e3o traseira \u00e9 por bra\u00e7os sobrepostos<\/em><\/p>\n<p>&nbsp;<\/p>\n<p>O ronco do escapamento de quatro sa\u00eddas \u00e9 quase um canto de sereia, que agu\u00e7a o lado \u201cperverso\u201d de qualquer apaixonado por carro. Rodar devagar \u00e9 praticamente uma heresia \u2014 e isso nos pegou de surpresa porque, ao come\u00e7armos alguns testes de retomada, j\u00e1 era hora de parar nos boxes e devolver o brinquedo.<\/p>\n<p>&nbsp;<\/p>\n<div class='code-block code-block-9' style='margin: 8px auto; text-align: center; display: block; clear: both;'>\n<script async src=\"https:\/\/pagead2.googlesyndication.com\/pagead\/js\/adsbygoogle.js\"><\/script>\n<!-- AL-quadrado -->\n<ins class=\"adsbygoogle\"\n     style=\"display:block\"\n     data-ad-client=\"ca-pub-1914799802606213\"\n     data-ad-slot=\"5683066082\"\n     data-ad-format=\"auto\"\n     data-full-width-responsive=\"true\"><\/ins>\n<script>\n     (adsbygoogle = window.adsbygoogle || []).push({});\n<\/script><\/div>\n\n<p>&nbsp;<\/p>\n<p>Testes em aut\u00f3dromo n\u00e3o permitem avaliar dados como conforto de rodagem, mas \u00e9 claro que esses Subarus n\u00e3o s\u00e3o sed\u00e3s familiares \u2014 no caso do STI, parece que o porta-malas s\u00f3 est\u00e1 l\u00e1 por uma quest\u00e3o de estilo, para abrigar o enorme aerof\u00f3lio t\u00edpico de carro de rali. N\u00e3o d\u00e1 para imaginar um pacato papai levando os filhos para a escola em um deles, at\u00e9 porque o espa\u00e7o do banco traseiro \u00e9 comprometido pelo t\u00fanel central de transmiss\u00e3o. S\u00e3o sed\u00e3s para solteiros ou casais sem filhos, que em geral ter\u00e3o mais de um autom\u00f3vel na garagem, deixando-os mesmo como objetos de curti\u00e7\u00e3o.<\/p>\n<p>Desde que a Caoa decidiu reerguer a Subaru no Brasil a marca praticamente dobrou em n\u00famero de vendas, devendo chegar ao fim de 2015 com 2.200 unidades de toda a gama. Por serem produtos de nicho, por\u00e9m, a previs\u00e3o \u00e9 de vender 40 unidades ao m\u00eas dos modelos WRX at\u00e9 dezembro.<\/p>\n<table border=\"0\">\n<tbody>\n<tr>\n<td><a href='https:\/\/autolivraria.com.br\/bc\/avaliacoes\/' class='small-button smallsilver'>Mais Avalia\u00e7\u00f5es<\/a><\/td>\n<\/tr>\n<\/tbody>\n<\/table>\n<p>&nbsp;<\/p>\n<div class='et-box et-shadow'>\n\t\t\t\t\t<div class='et-box-content'><h2>Ficha t\u00e9cnica<\/h2>\n<table id=\"table61\" border=\"0\" width=\"100%\" cellspacing=\"0\" cellpadding=\"3\">\n<tbody>\n<tr>\n<td valign=\"top\" width=\"40%\"><\/td>\n<td valign=\"top\" width=\"30%\">\n<h2>WRX<\/h2>\n<\/td>\n<td valign=\"top\" width=\"30%\">\n<h2>WRX STI<\/h2>\n<\/td>\n<\/tr>\n<tr>\n<td colspan=\"3\" valign=\"top\" bgcolor=\"#FFFFFF\" width=\"40%\">\n<h2>Motor<\/h2>\n<\/td>\n<\/tr>\n<tr>\n<td valign=\"top\" width=\"40%\">Posi\u00e7\u00e3o<\/td>\n<td valign=\"top\" width=\"30%\">longitudinal<\/td>\n<td valign=\"top\" width=\"30%\"><\/td>\n<\/tr>\n<tr>\n<td valign=\"top\" width=\"40%\">Cilindros<\/td>\n<td valign=\"top\" width=\"30%\">4 contrapostos<\/td>\n<td valign=\"top\" width=\"30%\"><\/td>\n<\/tr>\n<tr>\n<td valign=\"top\" width=\"40%\">Comando de v\u00e1lvulas<\/td>\n<td style=\"width: 60%;\" colspan=\"2\" valign=\"top\" width=\"30%\">duplo nos cabe\u00e7otes<\/td>\n<\/tr>\n<tr>\n<td valign=\"top\" width=\"40%\">V\u00e1lvulas por cilindro<\/td>\n<td style=\"width: 60%;\" colspan=\"2\" valign=\"top\" width=\"30%\">4, varia\u00e7\u00e3o de tempo<\/td>\n<\/tr>\n<tr>\n<td valign=\"top\" width=\"40%\">Di\u00e2metro e curso<\/td>\n<td valign=\"top\" width=\"30%\">86 x 86 mm<\/td>\n<td valign=\"top\" width=\"30%\">99,5 x 79 mm<\/td>\n<\/tr>\n<tr>\n<td valign=\"top\" width=\"40%\">Cilindrada<\/td>\n<td valign=\"top\" width=\"30%\">1.998 cm\u00b3<\/td>\n<td valign=\"top\" width=\"30%\">2.457 cm\u00b3<\/td>\n<\/tr>\n<tr>\n<td valign=\"top\" width=\"40%\">Taxa de compress\u00e3o<\/td>\n<td valign=\"top\" width=\"30%\">10,6:1<\/td>\n<td valign=\"top\" width=\"30%\">8,2:1<\/td>\n<\/tr>\n<tr>\n<td valign=\"top\" width=\"40%\">Alimenta\u00e7\u00e3o<\/td>\n<td valign=\"top\" width=\"30%\">inje\u00e7\u00e3o direta, turbocompressor, resfriador de ar<\/td>\n<td valign=\"top\" width=\"30%\">inje\u00e7\u00e3o multiponto sequencial, turbocompressor, resfriador de ar<\/td>\n<\/tr>\n<tr>\n<td valign=\"top\" width=\"40%\">Pot\u00eancia m\u00e1xima<\/td>\n<td valign=\"top\" width=\"30%\">270 cv a 5.600 rpm<\/td>\n<td valign=\"top\" width=\"30%\">310 cv a 6.000 rpm<\/td>\n<\/tr>\n<tr>\n<td valign=\"top\" width=\"40%\">Torque m\u00e1ximo<\/td>\n<td valign=\"top\" width=\"30%\">35,7 m.kgf de 2.000 a 5.200 rpm<\/td>\n<td valign=\"top\" width=\"30%\">40 m.kgf a 4.000 rpm<\/td>\n<\/tr>\n<tr>\n<td colspan=\"3\" valign=\"top\" bgcolor=\"#FFFFFF\" width=\"40%\">\n<h2>Transmiss\u00e3o<\/h2>\n<\/td>\n<\/tr>\n<tr>\n<td valign=\"top\" width=\"40%\">Tipo de c\u00e2mbio e marchas<\/td>\n<td valign=\"top\" width=\"30%\">autom\u00e1tico de varia\u00e7\u00e3o cont\u00ednua \/ simula\u00e7\u00e3o de 8<\/td>\n<td valign=\"top\" width=\"30%\">manual \/ 6<\/td>\n<\/tr>\n<tr>\n<td valign=\"top\" width=\"40%\">Tra\u00e7\u00e3o<\/td>\n<td valign=\"top\" width=\"30%\">integral permanente<\/td>\n<td valign=\"top\" width=\"30%\"><\/td>\n<\/tr>\n<tr>\n<td colspan=\"3\" valign=\"top\" bgcolor=\"#FFFFFF\" width=\"40%\">\n<h2>Freios<\/h2>\n<\/td>\n<\/tr>\n<tr>\n<td valign=\"top\" width=\"40%\">Dianteiros<\/td>\n<td colspan=\"2\" valign=\"top\" width=\"60%\">a disco ventilado<\/td>\n<\/tr>\n<tr>\n<td valign=\"top\" width=\"40%\">Traseiros<\/td>\n<td style=\"width: 60%;\" colspan=\"2\" valign=\"top\" width=\"30%\">a disco ventilado<\/td>\n<\/tr>\n<tr>\n<td valign=\"top\" width=\"40%\">Antitravamento\u00a0(ABS)<\/td>\n<td valign=\"top\" width=\"30%\">sim<\/td>\n<td valign=\"top\" width=\"30%\"><\/td>\n<\/tr>\n<tr>\n<td colspan=\"3\" valign=\"top\" bgcolor=\"#FFFFFF\" width=\"40%\">\n<h2>Dire\u00e7\u00e3o<\/h2>\n<\/td>\n<\/tr>\n<tr>\n<td valign=\"top\" width=\"40%\">Sistema<\/td>\n<td valign=\"top\" width=\"30%\">pinh\u00e3o e cremalheira<\/td>\n<td valign=\"top\" width=\"30%\"><\/td>\n<\/tr>\n<tr>\n<td valign=\"top\" width=\"40%\">Assist\u00eancia<\/td>\n<td valign=\"top\" width=\"30%\">el\u00e9trica<\/td>\n<td valign=\"top\" width=\"30%\">hidr\u00e1ulica<\/td>\n<\/tr>\n<tr>\n<td colspan=\"3\" valign=\"top\" bgcolor=\"#FFFFFF\" width=\"40%\">\n<h2>Suspens\u00e3o<\/h2>\n<\/td>\n<\/tr>\n<tr>\n<td valign=\"top\" width=\"40%\">Dianteira<\/td>\n<td colspan=\"2\" valign=\"top\" width=\"60%\">independente, McPherson, mola helicoidal<\/td>\n<\/tr>\n<tr>\n<td valign=\"top\" width=\"40%\">Traseira<\/td>\n<td colspan=\"2\" valign=\"top\" width=\"60%\">independente, bra\u00e7os sobrepostos, mola helicoidal<\/td>\n<\/tr>\n<tr>\n<td colspan=\"3\" valign=\"top\" bgcolor=\"#FFFFFF\" width=\"40%\">\n<h2>Rodas<\/h2>\n<\/td>\n<\/tr>\n<tr>\n<td valign=\"top\" width=\"40%\">Dimens\u00f5es<\/td>\n<td valign=\"top\" width=\"30%\">8,5 x 18 pol<\/td>\n<td valign=\"top\" width=\"30%\"><\/td>\n<\/tr>\n<tr>\n<td valign=\"top\" width=\"40%\">Pneus<\/td>\n<td valign=\"top\" width=\"30%\">245\/40 R 18<\/td>\n<td valign=\"top\" width=\"30%\"><\/td>\n<\/tr>\n<tr>\n<td colspan=\"3\" valign=\"top\" bgcolor=\"#FFFFFF\" width=\"40%\">\n<h2>Dimens\u00f5es<\/h2>\n<\/td>\n<\/tr>\n<tr>\n<td valign=\"top\" width=\"40%\">Comprimento<\/td>\n<td valign=\"top\" width=\"30%\">4,595 m<\/td>\n<td valign=\"top\" width=\"30%\"><\/td>\n<\/tr>\n<tr>\n<td valign=\"top\" width=\"40%\">Largura<\/td>\n<td valign=\"top\" width=\"30%\">1,795 m<\/td>\n<td valign=\"top\" width=\"30%\"><\/td>\n<\/tr>\n<tr>\n<td valign=\"top\" width=\"40%\">Altura<\/td>\n<td valign=\"top\" width=\"30%\">1,475 m<\/td>\n<td valign=\"top\" width=\"30%\"><\/td>\n<\/tr>\n<tr>\n<td valign=\"top\" width=\"40%\">Entre-eixos<\/td>\n<td valign=\"top\" width=\"30%\">2,65 m<\/td>\n<td valign=\"top\" width=\"30%\"><\/td>\n<\/tr>\n<tr>\n<td colspan=\"3\" valign=\"top\" bgcolor=\"#FFFFFF\" width=\"40%\">\n<h2>Capacidades e peso<\/h2>\n<\/td>\n<\/tr>\n<tr>\n<td valign=\"top\" width=\"40%\">Tanque de combust\u00edvel<\/td>\n<td valign=\"top\" width=\"30%\">60 l<\/td>\n<td valign=\"top\" width=\"30%\"><\/td>\n<\/tr>\n<tr>\n<td valign=\"top\" width=\"40%\">Compartimento de bagagem<\/td>\n<td valign=\"top\" width=\"30%\">460 l<\/td>\n<td valign=\"top\" width=\"30%\"><\/td>\n<\/tr>\n<tr>\n<td valign=\"top\" width=\"40%\">Peso em ordem de marcha<\/td>\n<td valign=\"top\" width=\"30%\">1.529 kg<\/td>\n<td valign=\"top\" width=\"30%\">1.516 kg<\/td>\n<\/tr>\n<tr>\n<td colspan=\"3\" valign=\"top\" bgcolor=\"#FFFFFF\" width=\"40%\">\n<h2>Desempenho<\/h2>\n<\/td>\n<\/tr>\n<tr>\n<td valign=\"top\" width=\"40%\">Velocidade m\u00e1xima<\/td>\n<td valign=\"top\" width=\"30%\">240 km\/h<\/td>\n<td valign=\"top\" width=\"30%\">255 km\/h<\/td>\n<\/tr>\n<tr>\n<td valign=\"top\" width=\"40%\">Acelera\u00e7\u00e3o de 0 a 100 km\/h<\/td>\n<td valign=\"top\" width=\"30%\">6,0\/6,3 s*<\/td>\n<td valign=\"top\" width=\"30%\">5,2 s<\/td>\n<\/tr>\n<tr>\n<td colspan=\"3\" valign=\"top\" width=\"40%\">Dados do fabricante; consumo n\u00e3o dispon\u00edvel; *c\u00e2mbios manual e\u00a0CVT, na ordem<\/td>\n<\/tr>\n<\/tbody>\n<\/table><\/div><\/div>\n<p>&nbsp;<\/p>\n","protected":false},"excerpt":{"rendered":"<p>A marca japonesa traz as vers\u00f5es de 270 e 310 cv do sed\u00e3 esportivo com motor turbo, que vem concorrer com Audi, BMW e Mercedes<\/p>\n","protected":false},"author":6,"featured_media":61964,"comment_status":"open","ping_status":"closed","sticky":false,"template":"","format":"standard","meta":{"_joinchat":[],"footnotes":""},"categories":[3,1839],"tags":[80,151,107,575,1778,2957],"class_list":["post-61909","post","type-post","status-publish","format-standard","has-post-thumbnail","hentry","category-avaliacao","category-subaru-avaliacao","tag-avaliacao-2","tag-esportivo","tag-subaru","tag-turbo","tag-wrx","tag-wrx-sti"],"amp_enabled":true,"_links":{"self":[{"href":"https:\/\/autolivraria.com.br\/bc\/wp-json\/wp\/v2\/posts\/61909","targetHints":{"allow":["GET"]}}],"collection":[{"href":"https:\/\/autolivraria.com.br\/bc\/wp-json\/wp\/v2\/posts"}],"about":[{"href":"https:\/\/autolivraria.com.br\/bc\/wp-json\/wp\/v2\/types\/post"}],"author":[{"embeddable":true,"href":"https:\/\/autolivraria.com.br\/bc\/wp-json\/wp\/v2\/users\/6"}],"replies":[{"embeddable":true,"href":"https:\/\/autolivraria.com.br\/bc\/wp-json\/wp\/v2\/comments?post=61909"}],"version-history":[{"count":0,"href":"https:\/\/autolivraria.com.br\/bc\/wp-json\/wp\/v2\/posts\/61909\/revisions"}],"wp:featuredmedia":[{"embeddable":true,"href":"https:\/\/autolivraria.com.br\/bc\/wp-json\/wp\/v2\/media\/61964"}],"wp:attachment":[{"href":"https:\/\/autolivraria.com.br\/bc\/wp-json\/wp\/v2\/media?parent=61909"}],"wp:term":[{"taxonomy":"category","embeddable":true,"href":"https:\/\/autolivraria.com.br\/bc\/wp-json\/wp\/v2\/categories?post=61909"},{"taxonomy":"post_tag","embeddable":true,"href":"https:\/\/autolivraria.com.br\/bc\/wp-json\/wp\/v2\/tags?post=61909"}],"curies":[{"name":"wp","href":"https:\/\/api.w.org\/{rel}","templated":true}]}}