{"id":62828,"date":"2015-09-04T10:00:26","date_gmt":"2015-09-04T13:00:26","guid":{"rendered":"http:\/\/bestcars.uol.com.br\/bc\/?p=62828"},"modified":"2015-09-08T14:51:27","modified_gmt":"2015-09-08T17:51:27","slug":"matra-simca-bagheera-um-esportivo-para-passear-a-tres","status":"publish","type":"post","link":"https:\/\/autolivraria.com.br\/bc\/informe-se\/passado\/matra-simca-bagheera-um-esportivo-para-passear-a-tres\/","title":{"rendered":"Matra Simca Bagheera, um esportivo para passear a tr\u00eas"},"content":{"rendered":"<p><a href=\"https:\/\/autolivraria.com.br\/bc\/wp-content\/uploads\/2015\/08\/Matra-Simca-Bagheera-1974-03.jpg\"><img fetchpriority=\"high\" decoding=\"async\" class=\"aligncenter size-large wp-image-62829\" src=\"https:\/\/autolivraria.com.br\/bc\/wp-content\/uploads\/2015\/08\/Matra-Simca-Bagheera-1974-03-743x495.jpg\" alt=\"Matra-Simca Bagheera 1974\" width=\"743\" height=\"495\" srcset=\"https:\/\/autolivraria.com.br\/bc\/wp-content\/uploads\/2015\/08\/Matra-Simca-Bagheera-1974-03-743x495.jpg 743w, https:\/\/autolivraria.com.br\/bc\/wp-content\/uploads\/2015\/08\/Matra-Simca-Bagheera-1974-03-356x237.jpg 356w, https:\/\/autolivraria.com.br\/bc\/wp-content\/uploads\/2015\/08\/Matra-Simca-Bagheera-1974-03-227x151.jpg 227w, https:\/\/autolivraria.com.br\/bc\/wp-content\/uploads\/2015\/08\/Matra-Simca-Bagheera-1974-03-270x180.jpg 270w, https:\/\/autolivraria.com.br\/bc\/wp-content\/uploads\/2015\/08\/Matra-Simca-Bagheera-1974-03.jpg 950w\" sizes=\"(max-width: 743px) 100vw, 743px\" \/><\/a><\/p>\n<p>&nbsp;<\/p>\n<h2>Projetado pelos franceses em conjunto com a Chrysler, esse tr\u00eas-lugares de motor central obteve \u00eaxito com solu\u00e7\u00f5es ousadas<\/h2>\n<p><em>Texto: Francis Castaings e Fabr\u00edcio Samah\u00e1 &#8211; Fotos: divulga\u00e7\u00e3o<\/em><\/p>\n<p>&nbsp;<\/p>\n<p>A Sociedade Engins Matra, conhecida por sua especialidade em armamentos, sobretudo os aeron\u00e1uticos, comprava em 1964 a pequena empresa de Ren\u00e9 Bonnet de carros esporte. Eram autom\u00f3veis pequenos com motores de produ\u00e7\u00e3o em s\u00e9rie de grandes fabricantes franceses. O primeiro modelo foi o Djet, com motor Renault, mas a produ\u00e7\u00e3o s\u00f3 tomou impulso com o interessante <a href=\"https:\/\/www.autolivraria.com.br\/ph2\/168b.htm\" target=\"_blank\">530<\/a> de 1965, que usava um V4 da Ford alem\u00e3.<\/p>\n<p>Em abril de 1969 a Matra assinava um acordo com a Chrysler Fran\u00e7a, que detinha a marca Simca. Um dos objetivos era usar a ampla rede de concession\u00e1rias da empresa para a venda dos esportivos, o que permitiria alcan\u00e7ar um p\u00fablico bem maior; outro, usar a mec\u00e2nica dos Simcas em novos projetos, mesmo porque n\u00e3o parecia interessante para a Chrysler representar um carro com motor Ford. Para o gigante norte-americano, aquela era a oportunidade de ter um concorrente franc\u00eas para a s\u00e9rie Alpine da Renault, que em 1971 ganharia o modelo <a href=\"https:\/\/www.autolivraria.com.br\/cpassado2\/alpine-1.htm\" target=\"_blank\">A310<\/a>.<\/p>\n<p>O Matra Simca Bagheera era apresentado em abril de 1973 com uma carroceria moderna, feita em poli\u00e9ster sobre chassi de a\u00e7o, e solu\u00e7\u00f5es originais. A frente baixa e inclinada escondia far\u00f3is escamote\u00e1veis, adiante de discretas sa\u00eddas de ar. O motor n\u00e3o estava ali: para ter acesso a ele abria-se a tampa do porta-malas traseiro, toda de vidro, que dava acesso a outra de madeira envolvida em carpete \u2014 recurso comum ao Alpine A310 e que n\u00e3o permitia boa acessibilidade. As lanternas traseiras, que cobriam toda a largura do carro, tinham a inscri\u00e7\u00e3o <em>Bagheera,<\/em> nome da pantera negra da s\u00e9rie de fic\u00e7\u00e3o <em>Mogli<\/em> de Rudyard Kipling.<\/p>\n<p>&nbsp;<\/p>\n<div class='one_half'>\n\t\t\t\t\t<a href=\"https:\/\/autolivraria.com.br\/bc\/wp-content\/uploads\/2015\/08\/Matra-Simca-Bagheera-1974-02.jpg\"><img decoding=\"async\" class=\"aligncenter size-medium wp-image-62830 lazyload\" data-src=\"https:\/\/autolivraria.com.br\/bc\/wp-content\/uploads\/2015\/08\/Matra-Simca-Bagheera-1974-02-356x237.jpg\" alt=\"Matra-Simca Bagheera 1974\" width=\"356\" height=\"237\" data-srcset=\"https:\/\/autolivraria.com.br\/bc\/wp-content\/uploads\/2015\/08\/Matra-Simca-Bagheera-1974-02-356x237.jpg 356w, https:\/\/autolivraria.com.br\/bc\/wp-content\/uploads\/2015\/08\/Matra-Simca-Bagheera-1974-02-743x495.jpg 743w, https:\/\/autolivraria.com.br\/bc\/wp-content\/uploads\/2015\/08\/Matra-Simca-Bagheera-1974-02-227x151.jpg 227w, https:\/\/autolivraria.com.br\/bc\/wp-content\/uploads\/2015\/08\/Matra-Simca-Bagheera-1974-02-270x180.jpg 270w, https:\/\/autolivraria.com.br\/bc\/wp-content\/uploads\/2015\/08\/Matra-Simca-Bagheera-1974-02.jpg 950w\" data-sizes=\"(max-width: 356px) 100vw, 356px\" src=\"data:image\/svg+xml;base64,PHN2ZyB3aWR0aD0iMSIgaGVpZ2h0PSIxIiB4bWxucz0iaHR0cDovL3d3dy53My5vcmcvMjAwMC9zdmciPjwvc3ZnPg==\" style=\"--smush-placeholder-width: 356px; --smush-placeholder-aspect-ratio: 356\/237;\" \/><\/a>\n\t\t\t\t<\/div>\n<div class='one_half last'>\n\t\t\t\t\t<a href=\"https:\/\/autolivraria.com.br\/bc\/wp-content\/uploads\/2015\/08\/Matra-Simca-Bagheera-1974-01.jpg\"><img decoding=\"async\" class=\"aligncenter size-medium wp-image-62831 lazyload\" data-src=\"https:\/\/autolivraria.com.br\/bc\/wp-content\/uploads\/2015\/08\/Matra-Simca-Bagheera-1974-01-356x237.jpg\" alt=\"Matra-Simca Bagheera 1974\" width=\"356\" height=\"237\" data-srcset=\"https:\/\/autolivraria.com.br\/bc\/wp-content\/uploads\/2015\/08\/Matra-Simca-Bagheera-1974-01-356x237.jpg 356w, https:\/\/autolivraria.com.br\/bc\/wp-content\/uploads\/2015\/08\/Matra-Simca-Bagheera-1974-01-743x495.jpg 743w, https:\/\/autolivraria.com.br\/bc\/wp-content\/uploads\/2015\/08\/Matra-Simca-Bagheera-1974-01-227x151.jpg 227w, https:\/\/autolivraria.com.br\/bc\/wp-content\/uploads\/2015\/08\/Matra-Simca-Bagheera-1974-01-270x180.jpg 270w, https:\/\/autolivraria.com.br\/bc\/wp-content\/uploads\/2015\/08\/Matra-Simca-Bagheera-1974-01.jpg 950w\" data-sizes=\"(max-width: 356px) 100vw, 356px\" src=\"data:image\/svg+xml;base64,PHN2ZyB3aWR0aD0iMSIgaGVpZ2h0PSIxIiB4bWxucz0iaHR0cDovL3d3dy53My5vcmcvMjAwMC9zdmciPjwvc3ZnPg==\" style=\"--smush-placeholder-width: 356px; --smush-placeholder-aspect-ratio: 356\/237;\" \/><\/a>\n\t\t\t\t<\/div><div class='clear'><\/div>\n<p style=\"text-align: center;\"><em>\u00a0<\/em><br \/>\n<em>Com carroceria de poli\u00e9ster, o Bagheera mostrava linhas esportivas e aerodin\u00e2micas; o motor central-traseiro tinha 1,3 litro e 84 cv<\/em><\/p>\n<div class='one_half'>\n\t\t\t\t\t<a href=\"https:\/\/autolivraria.com.br\/bc\/wp-content\/uploads\/2015\/08\/Matra-Simca-Bagheera-rx.jpg\"><img decoding=\"async\" class=\"aligncenter size-medium wp-image-62834 lazyload\" data-src=\"https:\/\/autolivraria.com.br\/bc\/wp-content\/uploads\/2015\/08\/Matra-Simca-Bagheera-rx-356x237.jpg\" alt=\"Matra-Simca Bagheera\" width=\"356\" height=\"237\" data-srcset=\"https:\/\/autolivraria.com.br\/bc\/wp-content\/uploads\/2015\/08\/Matra-Simca-Bagheera-rx-356x237.jpg 356w, https:\/\/autolivraria.com.br\/bc\/wp-content\/uploads\/2015\/08\/Matra-Simca-Bagheera-rx-743x495.jpg 743w, https:\/\/autolivraria.com.br\/bc\/wp-content\/uploads\/2015\/08\/Matra-Simca-Bagheera-rx-227x151.jpg 227w, https:\/\/autolivraria.com.br\/bc\/wp-content\/uploads\/2015\/08\/Matra-Simca-Bagheera-rx-270x180.jpg 270w, https:\/\/autolivraria.com.br\/bc\/wp-content\/uploads\/2015\/08\/Matra-Simca-Bagheera-rx.jpg 950w\" data-sizes=\"(max-width: 356px) 100vw, 356px\" src=\"data:image\/svg+xml;base64,PHN2ZyB3aWR0aD0iMSIgaGVpZ2h0PSIxIiB4bWxucz0iaHR0cDovL3d3dy53My5vcmcvMjAwMC9zdmciPjwvc3ZnPg==\" style=\"--smush-placeholder-width: 356px; --smush-placeholder-aspect-ratio: 356\/237;\" \/><\/a>\n\t\t\t\t<\/div>\n<div class='one_half last'>\n\t\t\t\t\t<a href=\"https:\/\/autolivraria.com.br\/bc\/wp-content\/uploads\/2015\/08\/Matra-Simca-Bagheera-1974-07.jpg\"><img decoding=\"async\" class=\"aligncenter size-medium wp-image-62835 lazyload\" data-src=\"https:\/\/autolivraria.com.br\/bc\/wp-content\/uploads\/2015\/08\/Matra-Simca-Bagheera-1974-07-356x237.jpg\" alt=\"Matra-Simca Bagheera 1974\" width=\"356\" height=\"237\" data-srcset=\"https:\/\/autolivraria.com.br\/bc\/wp-content\/uploads\/2015\/08\/Matra-Simca-Bagheera-1974-07-356x237.jpg 356w, https:\/\/autolivraria.com.br\/bc\/wp-content\/uploads\/2015\/08\/Matra-Simca-Bagheera-1974-07-743x495.jpg 743w, https:\/\/autolivraria.com.br\/bc\/wp-content\/uploads\/2015\/08\/Matra-Simca-Bagheera-1974-07-227x151.jpg 227w, https:\/\/autolivraria.com.br\/bc\/wp-content\/uploads\/2015\/08\/Matra-Simca-Bagheera-1974-07-270x180.jpg 270w, https:\/\/autolivraria.com.br\/bc\/wp-content\/uploads\/2015\/08\/Matra-Simca-Bagheera-1974-07.jpg 950w\" data-sizes=\"(max-width: 356px) 100vw, 356px\" src=\"data:image\/svg+xml;base64,PHN2ZyB3aWR0aD0iMSIgaGVpZ2h0PSIxIiB4bWxucz0iaHR0cDovL3d3dy53My5vcmcvMjAwMC9zdmciPjwvc3ZnPg==\" style=\"--smush-placeholder-width: 356px; --smush-placeholder-aspect-ratio: 356\/237;\" \/><\/a>\n\t\t\t\t<\/div><div class='clear'><\/div>\n<p>&nbsp;<\/p>\n<p>O mais curioso, por\u00e9m, estava no interior: tinha tr\u00eas lugares lado a lado, fato in\u00e9dito para um esportivo, com banco individual para o motorista e um inteiri\u00e7o para dois passageiros. Consta que a Matra estudou a posi\u00e7\u00e3o central do condutor com um passageiro de cada lado, como no supercarro <a href=\"https:\/\/autolivraria.com.br\/bc\/tag\/mclaren-f1\" target=\"_blank\">McLaren F1<\/a> de 1993, mas a abandonou: a ideia dificultaria o uso de componentes mec\u00e2nicos de modelos j\u00e1 existentes da Simca, com impacto no custo de produ\u00e7\u00e3o.<\/p>\n<p>&nbsp;<\/p>\n<blockquote><p>O mais curioso estava no interior: tr\u00eas lugares lado a lado, in\u00e9ditos para um esportivo, com banco individual do motorista e inteiri\u00e7o para passageiros<\/p><\/blockquote>\n<p>&nbsp;<\/p>\n<p>O acabamento usava duas cores que combinavam com a da carroceria, o volante tinha base achatada (favor\u00e1vel ao espa\u00e7o para as pernas ao entrar e sair) e o painel bem equipado inclu\u00eda man\u00f4metro de \u00f3leo. Outra curiosidade era o r\u00e1dio em posi\u00e7\u00e3o vertical. Ao lado do motorista posicionavam-se as alavancas de c\u00e2mbio e do freio de estacionamento. Com 3,97 metros de comprimento, 1,73 m de largura (bem acima do padr\u00e3o da \u00e9poca, por causa dos tr\u00eas lugares), 1,20 m de altura e 2,37 m de dist\u00e2ncia entre eixos, o carro oferecia boa capacidade de bagagem, 330 litros (estepe e bateria ficavam na frente), e tinha um <a href=\"https:\/\/autolivraria.com.br\/bc\/glossario-c\/#cx\" target=\"_blank\">coeficiente aerodin\u00e2mico (Cx)<\/a> anunciado de 0,33, excelente para a \u00e9poca.<\/p>\n<p>O Bagheera usava o motor do <a href=\"https:\/\/www.autolivraria.com.br\/ph2\/179a.htm\" target=\"_blank\">Simca 1100 TI<\/a> em posi\u00e7\u00e3o transversal central-traseira. Com 1,3 litro, <a href=\"https:\/\/autolivraria.com.br\/bc\/glossario-c\/#ohv\" target=\"_blank\">comando de v\u00e1lvulas no bloco<\/a> e dois carburadores, desenvolvia pot\u00eancia de 84 cv e torque de 11 m.kgf, suficientes para velocidade m\u00e1xima declarada de 185 km\/h. Tinha c\u00e2mbio de quatro marchas e freios a disco nas quatro rodas, recurso ent\u00e3o raro; seu peso era de 885 kg. A suspens\u00e3o independente usava barras de tor\u00e7\u00e3o em ambos os eixos: longitudinais na frente, com bra\u00e7os sobrepostos, e transversais atr\u00e1s, com bra\u00e7o arrastado, esta uma solu\u00e7\u00e3o frequente nos carros franceses do passado. Pneus 155\/80 R 13 nas rodas dianteiras e 185\/80 R 13 nas traseiras eram uma forma de compensar a maior concentra\u00e7\u00e3o de peso no eixo posterior.<\/p>\n<p>&nbsp;<\/p>\n<div class='one_half'>\n\t\t\t\t\t<a href=\"https:\/\/autolivraria.com.br\/bc\/wp-content\/uploads\/2015\/08\/Matra-Simca-Bagheera-1974-04.jpg\"><img decoding=\"async\" class=\"aligncenter size-medium wp-image-62832 lazyload\" data-src=\"https:\/\/autolivraria.com.br\/bc\/wp-content\/uploads\/2015\/08\/Matra-Simca-Bagheera-1974-04-356x445.jpg\" alt=\"Matra-Simca Bagheera 1974\" width=\"356\" height=\"445\" data-srcset=\"https:\/\/autolivraria.com.br\/bc\/wp-content\/uploads\/2015\/08\/Matra-Simca-Bagheera-1974-04-356x445.jpg 356w, https:\/\/autolivraria.com.br\/bc\/wp-content\/uploads\/2015\/08\/Matra-Simca-Bagheera-1974-04-227x284.jpg 227w, https:\/\/autolivraria.com.br\/bc\/wp-content\/uploads\/2015\/08\/Matra-Simca-Bagheera-1974-04-270x338.jpg 270w, https:\/\/autolivraria.com.br\/bc\/wp-content\/uploads\/2015\/08\/Matra-Simca-Bagheera-1974-04.jpg 640w\" data-sizes=\"(max-width: 356px) 100vw, 356px\" src=\"data:image\/svg+xml;base64,PHN2ZyB3aWR0aD0iMSIgaGVpZ2h0PSIxIiB4bWxucz0iaHR0cDovL3d3dy53My5vcmcvMjAwMC9zdmciPjwvc3ZnPg==\" style=\"--smush-placeholder-width: 356px; --smush-placeholder-aspect-ratio: 356\/445;\" \/><\/a>\n\t\t\t\t<\/div>\n<div class='one_half last'>\n\t\t\t\t\t<a href=\"https:\/\/autolivraria.com.br\/bc\/wp-content\/uploads\/2015\/08\/Matra-Simca-Bagheera-anuncio.jpg\"><img decoding=\"async\" class=\"aligncenter size-medium wp-image-62833 lazyload\" data-src=\"https:\/\/autolivraria.com.br\/bc\/wp-content\/uploads\/2015\/08\/Matra-Simca-Bagheera-anuncio-356x445.jpg\" alt=\"Matra-Simca Bagheera\" width=\"356\" height=\"445\" data-srcset=\"https:\/\/autolivraria.com.br\/bc\/wp-content\/uploads\/2015\/08\/Matra-Simca-Bagheera-anuncio-356x445.jpg 356w, https:\/\/autolivraria.com.br\/bc\/wp-content\/uploads\/2015\/08\/Matra-Simca-Bagheera-anuncio-227x284.jpg 227w, https:\/\/autolivraria.com.br\/bc\/wp-content\/uploads\/2015\/08\/Matra-Simca-Bagheera-anuncio-270x338.jpg 270w, https:\/\/autolivraria.com.br\/bc\/wp-content\/uploads\/2015\/08\/Matra-Simca-Bagheera-anuncio.jpg 640w\" data-sizes=\"(max-width: 356px) 100vw, 356px\" src=\"data:image\/svg+xml;base64,PHN2ZyB3aWR0aD0iMSIgaGVpZ2h0PSIxIiB4bWxucz0iaHR0cDovL3d3dy53My5vcmcvMjAwMC9zdmciPjwvc3ZnPg==\" style=\"--smush-placeholder-width: 356px; --smush-placeholder-aspect-ratio: 356\/445;\" \/><\/a>\n\t\t\t\t<\/div><div class='clear'><\/div>\n<p style=\"text-align: center;\"><em>\u00a0<\/em><br \/>\n<em>No interior, a solu\u00e7\u00e3o surpreendente e in\u00e9dita em esportivos: tr\u00eas lugares, com os dois passageiros em banco inteiri\u00e7o ao lado do motorista<\/em><\/p>\n<p>&nbsp;<\/p>\n<p>O modelo foi colocado \u00e0 venda um m\u00eas depois da vit\u00f3ria do Matra MS 670 na 24 Horas de Le Mans em julho de 1973 \u2014 bela jogada de <em>marketing.<\/em> Seus concorrentes europeus eram o <a href=\"https:\/\/www.autolivraria.com.br\/classicos\/124-1.htm\" target=\"_blank\">Fiat 124 Sport<\/a>, o <a href=\"https:\/\/www.autolivraria.com.br\/classicos\/capri-1.htm\" target=\"_blank\">Ford Capri RS<\/a>, o <a href=\"https:\/\/www.autolivraria.com.br\/cpassado3\/lancia-fulvia-1.htm\" target=\"_blank\">Lancia Fulvia Rallye<\/a> e o <a href=\"https:\/\/www.autolivraria.com.br\/cpassado3\/porsche-914-1.htm\" target=\"_blank\">VW-Porsche 914\/4<\/a>. A primeira s\u00e9rie especial, a Courr\u00e8ges, nome de famoso costureiro franc\u00eas, vinha em 1975. Os tecidos do interior seguiam um padr\u00e3o exclusivo, em branco, bege e marrom, e havia bolsas nas portas. S\u00f3 estava dispon\u00edvel na cor branca. No ano seguinte vinha a vers\u00e3o S, com motor de 1,45 litro, 90 cv e 12,4 m.kgf do Simca 1308 GT e do Chrysler Alpine S, com o qual acelerava de 0 a 100 km\/h em 11,6 segundos. Os vidros das portas ganhavam controle el\u00e9trico, o teto solar vinha como opcional e as rodas passavam a ser de alum\u00ednio.<\/p>\n<p>No teste da revista inglesa <em>Car<\/em> as solu\u00e7\u00f5es incomuns do Bagheera S foram aprovadas: \u201c\u00c9 uma m\u00e1quina notavelmente pr\u00e1tica em muitos aspectos. Os tr\u00eas lugares s\u00e3o uma excelente ideia e o tecido dos bancos \u00e9 especialmente apelativo. H\u00e1 muito espa\u00e7o na cabine e um amplo porta-malas. O acabamento da carroceria \u00e9 bom o suficiente para voc\u00ea se perguntar se ela \u00e9 realmente de pl\u00e1stico\u201d.<\/p>\n<p>Embora com desempenho modesto para um esportivo, o motor foi elogiado: \u201cTem uma grande disposi\u00e7\u00e3o para girar forte e suavemente. \u00c9 um carro que d\u00e1 ao motorista grande confian\u00e7a dentro de minutos. No limite de ader\u00eancia a traseira come\u00e7a a sair, mas a corre\u00e7\u00e3o \u00e9 f\u00e1cil. O material do Bagheera descreve-o como um carro para quem coloca o prazer de dirigir em primeiro plano: \u00e9 verdade, desde que n\u00e3o se espere um desempenho empolgante\u201d.<\/p>\n<p>&nbsp;<\/p>\n<div class='one_half'>\n\t\t\t\t\t<a href=\"https:\/\/autolivraria.com.br\/bc\/wp-content\/uploads\/2015\/08\/Matra-Simca-Bagheera-Courreges-1975-02.jpg\"><img decoding=\"async\" class=\"aligncenter size-medium wp-image-62836 lazyload\" data-src=\"https:\/\/autolivraria.com.br\/bc\/wp-content\/uploads\/2015\/08\/Matra-Simca-Bagheera-Courreges-1975-02-356x237.jpg\" alt=\"Matra-Simca Bagheera Courreges 1975\" width=\"356\" height=\"237\" data-srcset=\"https:\/\/autolivraria.com.br\/bc\/wp-content\/uploads\/2015\/08\/Matra-Simca-Bagheera-Courreges-1975-02-356x237.jpg 356w, https:\/\/autolivraria.com.br\/bc\/wp-content\/uploads\/2015\/08\/Matra-Simca-Bagheera-Courreges-1975-02-743x495.jpg 743w, https:\/\/autolivraria.com.br\/bc\/wp-content\/uploads\/2015\/08\/Matra-Simca-Bagheera-Courreges-1975-02-227x151.jpg 227w, https:\/\/autolivraria.com.br\/bc\/wp-content\/uploads\/2015\/08\/Matra-Simca-Bagheera-Courreges-1975-02-270x180.jpg 270w, https:\/\/autolivraria.com.br\/bc\/wp-content\/uploads\/2015\/08\/Matra-Simca-Bagheera-Courreges-1975-02.jpg 950w\" data-sizes=\"(max-width: 356px) 100vw, 356px\" src=\"data:image\/svg+xml;base64,PHN2ZyB3aWR0aD0iMSIgaGVpZ2h0PSIxIiB4bWxucz0iaHR0cDovL3d3dy53My5vcmcvMjAwMC9zdmciPjwvc3ZnPg==\" style=\"--smush-placeholder-width: 356px; --smush-placeholder-aspect-ratio: 356\/237;\" \/><\/a>\n\t\t\t\t<\/div>\n<div class='one_half last'>\n\t\t\t\t\t<a href=\"https:\/\/autolivraria.com.br\/bc\/wp-content\/uploads\/2015\/08\/Matra-Simca-Bagheera-Courreges-1975.jpg\"><img decoding=\"async\" class=\"aligncenter size-medium wp-image-62837 lazyload\" data-src=\"https:\/\/autolivraria.com.br\/bc\/wp-content\/uploads\/2015\/08\/Matra-Simca-Bagheera-Courreges-1975-356x237.jpg\" alt=\"Matra-Simca Bagheera Courreges 1975\" width=\"356\" height=\"237\" data-srcset=\"https:\/\/autolivraria.com.br\/bc\/wp-content\/uploads\/2015\/08\/Matra-Simca-Bagheera-Courreges-1975-356x237.jpg 356w, https:\/\/autolivraria.com.br\/bc\/wp-content\/uploads\/2015\/08\/Matra-Simca-Bagheera-Courreges-1975-743x495.jpg 743w, https:\/\/autolivraria.com.br\/bc\/wp-content\/uploads\/2015\/08\/Matra-Simca-Bagheera-Courreges-1975-227x151.jpg 227w, https:\/\/autolivraria.com.br\/bc\/wp-content\/uploads\/2015\/08\/Matra-Simca-Bagheera-Courreges-1975-270x180.jpg 270w, https:\/\/autolivraria.com.br\/bc\/wp-content\/uploads\/2015\/08\/Matra-Simca-Bagheera-Courreges-1975.jpg 950w\" data-sizes=\"(max-width: 356px) 100vw, 356px\" src=\"data:image\/svg+xml;base64,PHN2ZyB3aWR0aD0iMSIgaGVpZ2h0PSIxIiB4bWxucz0iaHR0cDovL3d3dy53My5vcmcvMjAwMC9zdmciPjwvc3ZnPg==\" style=\"--smush-placeholder-width: 356px; --smush-placeholder-aspect-ratio: 356\/237;\" \/><\/a>\n\t\t\t\t<\/div><div class='clear'><\/div>\n<p style=\"text-align: center;\"><em>\u00a0<\/em><br \/>\n<em>A s\u00e9rie Courr\u00e8ges, em branco, recebia o toque do costureiro no acabamento em branco e bege; a vers\u00e3o S (abaixo, em azul) era mais potente<\/em><\/p>\n<div class='one_half'>\n\t\t\t\t\t<a href=\"https:\/\/autolivraria.com.br\/bc\/wp-content\/uploads\/2015\/08\/Matra-Simca-Bagheera-Courreges-1975-03.jpg\"><img decoding=\"async\" class=\"aligncenter size-medium wp-image-62838 lazyload\" data-src=\"https:\/\/autolivraria.com.br\/bc\/wp-content\/uploads\/2015\/08\/Matra-Simca-Bagheera-Courreges-1975-03-356x237.jpg\" alt=\"Matra-Simca Bagheera Courreges 1975\" width=\"356\" height=\"237\" data-srcset=\"https:\/\/autolivraria.com.br\/bc\/wp-content\/uploads\/2015\/08\/Matra-Simca-Bagheera-Courreges-1975-03-356x237.jpg 356w, https:\/\/autolivraria.com.br\/bc\/wp-content\/uploads\/2015\/08\/Matra-Simca-Bagheera-Courreges-1975-03-743x495.jpg 743w, https:\/\/autolivraria.com.br\/bc\/wp-content\/uploads\/2015\/08\/Matra-Simca-Bagheera-Courreges-1975-03-227x151.jpg 227w, https:\/\/autolivraria.com.br\/bc\/wp-content\/uploads\/2015\/08\/Matra-Simca-Bagheera-Courreges-1975-03-270x180.jpg 270w, https:\/\/autolivraria.com.br\/bc\/wp-content\/uploads\/2015\/08\/Matra-Simca-Bagheera-Courreges-1975-03.jpg 950w\" data-sizes=\"(max-width: 356px) 100vw, 356px\" src=\"data:image\/svg+xml;base64,PHN2ZyB3aWR0aD0iMSIgaGVpZ2h0PSIxIiB4bWxucz0iaHR0cDovL3d3dy53My5vcmcvMjAwMC9zdmciPjwvc3ZnPg==\" style=\"--smush-placeholder-width: 356px; --smush-placeholder-aspect-ratio: 356\/237;\" \/><\/a>\n\t\t\t\t<\/div>\n<div class='one_half last'>\n\t\t\t\t\t<a href=\"https:\/\/autolivraria.com.br\/bc\/wp-content\/uploads\/2015\/08\/Matra-Simca-Bagheera-S-1975.jpg\"><img decoding=\"async\" class=\"aligncenter size-medium wp-image-62839 lazyload\" data-src=\"https:\/\/autolivraria.com.br\/bc\/wp-content\/uploads\/2015\/08\/Matra-Simca-Bagheera-S-1975-356x237.jpg\" alt=\"Matra-Simca Bagheera S 1975\" width=\"356\" height=\"237\" data-srcset=\"https:\/\/autolivraria.com.br\/bc\/wp-content\/uploads\/2015\/08\/Matra-Simca-Bagheera-S-1975-356x237.jpg 356w, https:\/\/autolivraria.com.br\/bc\/wp-content\/uploads\/2015\/08\/Matra-Simca-Bagheera-S-1975-743x495.jpg 743w, https:\/\/autolivraria.com.br\/bc\/wp-content\/uploads\/2015\/08\/Matra-Simca-Bagheera-S-1975-227x151.jpg 227w, https:\/\/autolivraria.com.br\/bc\/wp-content\/uploads\/2015\/08\/Matra-Simca-Bagheera-S-1975-270x180.jpg 270w, https:\/\/autolivraria.com.br\/bc\/wp-content\/uploads\/2015\/08\/Matra-Simca-Bagheera-S-1975.jpg 950w\" data-sizes=\"(max-width: 356px) 100vw, 356px\" src=\"data:image\/svg+xml;base64,PHN2ZyB3aWR0aD0iMSIgaGVpZ2h0PSIxIiB4bWxucz0iaHR0cDovL3d3dy53My5vcmcvMjAwMC9zdmciPjwvc3ZnPg==\" style=\"--smush-placeholder-width: 356px; --smush-placeholder-aspect-ratio: 356\/237;\" \/><\/a>\n\t\t\t\t<\/div><div class='clear'><\/div>\n<p>&nbsp;<\/p>\n<p>Para a francesa <em>L&#8217;Automobile Sportive<\/em>, analisado nos dias atuais, o modelo da Matra era \u201cdistinto e elegante, um carro surpreendente em sua categoria. Oferecia a bordo uma atmosfera muito especial, com conforto excepcional para um autom\u00f3vel t\u00e3o baixo, tanto em termos de bancos quanto pela suspens\u00e3o. O som do motor era muito agrad\u00e1vel e sua posi\u00e7\u00e3o traseira promovia uma saud\u00e1vel comportamento din\u00e2mico, tanto em piso seco quanto no molhado. Um carro inteligente e muito original\u201d.<\/p>\n<p>&nbsp;<\/p>\n<div class='code-block code-block-7' style='margin: 28px auto; text-align: center; display: block; clear: both;'>\n<script async src=\"https:\/\/pagead2.googlesyndication.com\/pagead\/js\/adsbygoogle.js\"><\/script>\n<!-- AL-quadrado -->\n<ins class=\"adsbygoogle\"\n     style=\"display:block\"\n     data-ad-client=\"ca-pub-1914799802606213\"\n     data-ad-slot=\"5683066082\"\n     data-ad-format=\"auto\"\n     data-full-width-responsive=\"true\"><\/ins>\n<script>\n     (adsbygoogle = window.adsbygoogle || []).push({});\n<\/script><\/div>\n\n<p>&nbsp;<\/p>\n<p>O Bagheera era reestilizado em 1977 com para-choques mais largos, vidros laterais maiores e novas lanternas traseiras, no que se chamou S2 (segunda s\u00e9rie). Na parte mec\u00e2nica os freios ganhavam efici\u00eancia, o arrefecimento do motor e o escapamento eram revistos e a caixa de c\u00e2mbio adotava rela\u00e7\u00f5es mais longas. A vers\u00e3o X, com bancos de veludo e novas conveni\u00eancias, substitu\u00eda a Courr\u00e8ges.<\/p>\n<p>A produ\u00e7\u00e3o do Bagheera perdurou at\u00e9 abril de 1980. Embora a Matra n\u00e3o o tenha produzido com volante ao lado direito para exporta\u00e7\u00e3o oficial ao Reino Unido (tudo teria sido t\u00e3o mais f\u00e1cil se o motorista ficasse no centro&#8230;), ele fez admiradores por l\u00e1. O renomado jornalista L.J.K. Setright, da mesma <em>Car,<\/em> escrevia no fim de sua produ\u00e7\u00e3o: \u201cEu gostava dele. Todo filho de Deus gostava dele. Se algu\u00e9m n\u00e3o gostava, devia ser por ele n\u00e3o ter pot\u00eancia suficiente. Era bom aquele carro, um <a href=\"https:\/\/www.autolivraria.com.br\/ph2\/369-lamborghini-urraco-1.htm\" target=\"_blank\">Lamborghini Urraco<\/a> dos pobres. Ficamos profundamente impressionados com seu rodar macio, a dire\u00e7\u00e3o doce e a estabilidade incompar\u00e1vel\u201d.<\/p>\n<p>&nbsp;<\/p>\n<div class='one_half'>\n\t\t\t\t\t<a href=\"https:\/\/autolivraria.com.br\/bc\/wp-content\/uploads\/2015\/08\/Matra-Simca-Bagheera-X-1977-01.jpg\"><img decoding=\"async\" class=\"aligncenter size-medium wp-image-62840 lazyload\" data-src=\"https:\/\/autolivraria.com.br\/bc\/wp-content\/uploads\/2015\/08\/Matra-Simca-Bagheera-X-1977-01-356x237.jpg\" alt=\"Matra-Simca Bagheera X 1977\" width=\"356\" height=\"237\" data-srcset=\"https:\/\/autolivraria.com.br\/bc\/wp-content\/uploads\/2015\/08\/Matra-Simca-Bagheera-X-1977-01-356x237.jpg 356w, https:\/\/autolivraria.com.br\/bc\/wp-content\/uploads\/2015\/08\/Matra-Simca-Bagheera-X-1977-01-743x495.jpg 743w, https:\/\/autolivraria.com.br\/bc\/wp-content\/uploads\/2015\/08\/Matra-Simca-Bagheera-X-1977-01-227x151.jpg 227w, https:\/\/autolivraria.com.br\/bc\/wp-content\/uploads\/2015\/08\/Matra-Simca-Bagheera-X-1977-01-270x180.jpg 270w, https:\/\/autolivraria.com.br\/bc\/wp-content\/uploads\/2015\/08\/Matra-Simca-Bagheera-X-1977-01.jpg 950w\" data-sizes=\"(max-width: 356px) 100vw, 356px\" src=\"data:image\/svg+xml;base64,PHN2ZyB3aWR0aD0iMSIgaGVpZ2h0PSIxIiB4bWxucz0iaHR0cDovL3d3dy53My5vcmcvMjAwMC9zdmciPjwvc3ZnPg==\" style=\"--smush-placeholder-width: 356px; --smush-placeholder-aspect-ratio: 356\/237;\" \/><\/a>\n\t\t\t\t<\/div>\n<div class='one_half last'>\n\t\t\t\t\t<a href=\"https:\/\/autolivraria.com.br\/bc\/wp-content\/uploads\/2015\/08\/Matra-Simca-Bagheera-X-1977-02.jpg\"><img decoding=\"async\" class=\"aligncenter size-medium wp-image-62841 lazyload\" data-src=\"https:\/\/autolivraria.com.br\/bc\/wp-content\/uploads\/2015\/08\/Matra-Simca-Bagheera-X-1977-02-356x237.jpg\" alt=\"Matra-Simca Bagheera X 1977\" width=\"356\" height=\"237\" data-srcset=\"https:\/\/autolivraria.com.br\/bc\/wp-content\/uploads\/2015\/08\/Matra-Simca-Bagheera-X-1977-02-356x237.jpg 356w, https:\/\/autolivraria.com.br\/bc\/wp-content\/uploads\/2015\/08\/Matra-Simca-Bagheera-X-1977-02-743x495.jpg 743w, https:\/\/autolivraria.com.br\/bc\/wp-content\/uploads\/2015\/08\/Matra-Simca-Bagheera-X-1977-02-227x151.jpg 227w, https:\/\/autolivraria.com.br\/bc\/wp-content\/uploads\/2015\/08\/Matra-Simca-Bagheera-X-1977-02-270x180.jpg 270w, https:\/\/autolivraria.com.br\/bc\/wp-content\/uploads\/2015\/08\/Matra-Simca-Bagheera-X-1977-02.jpg 950w\" data-sizes=\"(max-width: 356px) 100vw, 356px\" src=\"data:image\/svg+xml;base64,PHN2ZyB3aWR0aD0iMSIgaGVpZ2h0PSIxIiB4bWxucz0iaHR0cDovL3d3dy53My5vcmcvMjAwMC9zdmciPjwvc3ZnPg==\" style=\"--smush-placeholder-width: 356px; --smush-placeholder-aspect-ratio: 356\/237;\" \/><\/a>\n\t\t\t\t<\/div><div class='clear'><\/div>\n<p style=\"text-align: center;\"><em>\u00a0<\/em><br \/>\n<em>Retoques de estilo e melhorias t\u00e9cnicas vinham no Bagheera X em 1977; abaixo, o M560 e seu motor &#8220;U8&#8221; de 2,6 litros (fotos: Wouter Melissen)<\/em><\/p>\n<div class='one_half'>\n\t\t\t\t\t<a href=\"https:\/\/autolivraria.com.br\/bc\/wp-content\/uploads\/2015\/08\/Matra-Simca-Bagheera-M560-foto-Wouter-Melissen-03.jpg\"><img decoding=\"async\" class=\"aligncenter size-medium wp-image-62842 lazyload\" data-src=\"https:\/\/autolivraria.com.br\/bc\/wp-content\/uploads\/2015\/08\/Matra-Simca-Bagheera-M560-foto-Wouter-Melissen-03-356x237.jpg\" alt=\"Matra-Simca Bagheera M560\" width=\"356\" height=\"237\" data-srcset=\"https:\/\/autolivraria.com.br\/bc\/wp-content\/uploads\/2015\/08\/Matra-Simca-Bagheera-M560-foto-Wouter-Melissen-03-356x237.jpg 356w, https:\/\/autolivraria.com.br\/bc\/wp-content\/uploads\/2015\/08\/Matra-Simca-Bagheera-M560-foto-Wouter-Melissen-03-743x495.jpg 743w, https:\/\/autolivraria.com.br\/bc\/wp-content\/uploads\/2015\/08\/Matra-Simca-Bagheera-M560-foto-Wouter-Melissen-03-227x151.jpg 227w, https:\/\/autolivraria.com.br\/bc\/wp-content\/uploads\/2015\/08\/Matra-Simca-Bagheera-M560-foto-Wouter-Melissen-03-270x180.jpg 270w, https:\/\/autolivraria.com.br\/bc\/wp-content\/uploads\/2015\/08\/Matra-Simca-Bagheera-M560-foto-Wouter-Melissen-03.jpg 950w\" data-sizes=\"(max-width: 356px) 100vw, 356px\" src=\"data:image\/svg+xml;base64,PHN2ZyB3aWR0aD0iMSIgaGVpZ2h0PSIxIiB4bWxucz0iaHR0cDovL3d3dy53My5vcmcvMjAwMC9zdmciPjwvc3ZnPg==\" style=\"--smush-placeholder-width: 356px; --smush-placeholder-aspect-ratio: 356\/237;\" \/><\/a>\n\t\t\t\t<\/div>\n<div class='one_half last'>\n\t\t\t\t\t<a href=\"https:\/\/autolivraria.com.br\/bc\/wp-content\/uploads\/2015\/08\/Matra-Simca-Bagheera-M560-foto-Wouter-Melissen-02.jpg\"><img decoding=\"async\" class=\"aligncenter size-medium wp-image-62843 lazyload\" data-src=\"https:\/\/autolivraria.com.br\/bc\/wp-content\/uploads\/2015\/08\/Matra-Simca-Bagheera-M560-foto-Wouter-Melissen-02-356x237.jpg\" alt=\"Matra-Simca Bagheera M560\" width=\"356\" height=\"237\" data-srcset=\"https:\/\/autolivraria.com.br\/bc\/wp-content\/uploads\/2015\/08\/Matra-Simca-Bagheera-M560-foto-Wouter-Melissen-02-356x237.jpg 356w, https:\/\/autolivraria.com.br\/bc\/wp-content\/uploads\/2015\/08\/Matra-Simca-Bagheera-M560-foto-Wouter-Melissen-02-743x495.jpg 743w, https:\/\/autolivraria.com.br\/bc\/wp-content\/uploads\/2015\/08\/Matra-Simca-Bagheera-M560-foto-Wouter-Melissen-02-227x151.jpg 227w, https:\/\/autolivraria.com.br\/bc\/wp-content\/uploads\/2015\/08\/Matra-Simca-Bagheera-M560-foto-Wouter-Melissen-02-270x180.jpg 270w, https:\/\/autolivraria.com.br\/bc\/wp-content\/uploads\/2015\/08\/Matra-Simca-Bagheera-M560-foto-Wouter-Melissen-02.jpg 950w\" data-sizes=\"(max-width: 356px) 100vw, 356px\" src=\"data:image\/svg+xml;base64,PHN2ZyB3aWR0aD0iMSIgaGVpZ2h0PSIxIiB4bWxucz0iaHR0cDovL3d3dy53My5vcmcvMjAwMC9zdmciPjwvc3ZnPg==\" style=\"--smush-placeholder-width: 356px; --smush-placeholder-aspect-ratio: 356\/237;\" \/><\/a>\n\t\t\t\t<\/div><div class='clear'><\/div>\n<p>&nbsp;<\/p>\n<p>A Matra bem que estudou uma solu\u00e7\u00e3o para tal falta de pot\u00eancia: o projeto M560, de 1974, com dois motores de 1,3 litro unidos na base para formar um inusitado \u201cU8\u201d de 2,6 litros e quatro carburadores \u2014 n\u00e3o era um V8, pois tinha dois virabrequins, conectados por uma corrente. Com 160 a 170 cv estimados e velocidade m\u00e1xima ao redor de 230 km\/h, esse Bagheeera teve tr\u00eas prot\u00f3tipos constru\u00eddos com chassi tubular na parte traseira, c\u00e2mbio de Porsche e rodas mais largas, um deles destinado ao museu da marca. Teria sido um carro esporte de respeito, pois o <a href=\"https:\/\/www.autolivraria.com.br\/cpassado3\/porsche-911-1.htm\" target=\"_blank\">Porsche 911<\/a> do per\u00edodo oferecia vers\u00f5es entre 150 e 210 cv, mas considera\u00e7\u00f5es sobre custo e consumo de combust\u00edvel em meio \u00e0 crise do petr\u00f3leo levaram ao abandono do projeto.<\/p>\n<p>O curioso esportivo de tr\u00eas lugares fez sucesso entre os jovens bem-sucedidos e foi um marco na ind\u00fastria francesa de carros \u201cfora de s\u00e9rie\u201d, com respeit\u00e1veis 47.796 exemplares, sendo 25.260 da primeira s\u00e9rie. No mesmo ano a raz\u00e3o social da f\u00e1brica passava a Talbot-Matra e aparecia seu sucessor: o <a href=\"https:\/\/www.autolivraria.com.br\/ph2\/235b.htm\" target=\"_blank\">Murena<\/a>, tamb\u00e9m com tr\u00eas lugares lado a lado e motor central-traseiro, que evolu\u00eda em aspectos como desempenho e prote\u00e7\u00e3o do chassi (agora de a\u00e7o galvanizado) contra corros\u00e3o. Contudo, duraria apenas tr\u00eas anos e ficaria distante do \u00eaxito da \u201cpantera negra\u201d.<\/p>\n<table class=\"table_none\">\n<tbody>\n<tr>\n<td><a href='https:\/\/autolivraria.com.br\/bc\/carros-do-passado\/' class='small-button smallsilver'>Mais Carros do Passado<\/a><\/td>\n<\/tr>\n<\/tbody>\n<\/table>\n<p>&nbsp;<\/p>\n","protected":false},"excerpt":{"rendered":"<p>Projetado pelos franceses em conjunto com a Chrysler, esse tr\u00eas-lugares de motor central obteve \u00eaxito com solu\u00e7\u00f5es ousadas<\/p>\n","protected":false},"author":6,"featured_media":62839,"comment_status":"open","ping_status":"closed","sticky":false,"template":"","format":"standard","meta":{"_joinchat":[],"footnotes":""},"categories":[10,3790,11,3812],"tags":[3693,156,151,405,3692,2008],"class_list":["post-62828","post","type-post","status-publish","format-standard","has-post-thumbnail","hentry","category-passado","category-matra","category-paginas-historia","category-simca","tag-bagheera","tag-carros-do-passado","tag-esportivo","tag-matra","tag-matra-simca","tag-paginas-da-historia"],"amp_enabled":true,"_links":{"self":[{"href":"https:\/\/autolivraria.com.br\/bc\/wp-json\/wp\/v2\/posts\/62828","targetHints":{"allow":["GET"]}}],"collection":[{"href":"https:\/\/autolivraria.com.br\/bc\/wp-json\/wp\/v2\/posts"}],"about":[{"href":"https:\/\/autolivraria.com.br\/bc\/wp-json\/wp\/v2\/types\/post"}],"author":[{"embeddable":true,"href":"https:\/\/autolivraria.com.br\/bc\/wp-json\/wp\/v2\/users\/6"}],"replies":[{"embeddable":true,"href":"https:\/\/autolivraria.com.br\/bc\/wp-json\/wp\/v2\/comments?post=62828"}],"version-history":[{"count":0,"href":"https:\/\/autolivraria.com.br\/bc\/wp-json\/wp\/v2\/posts\/62828\/revisions"}],"wp:featuredmedia":[{"embeddable":true,"href":"https:\/\/autolivraria.com.br\/bc\/wp-json\/wp\/v2\/media\/62839"}],"wp:attachment":[{"href":"https:\/\/autolivraria.com.br\/bc\/wp-json\/wp\/v2\/media?parent=62828"}],"wp:term":[{"taxonomy":"category","embeddable":true,"href":"https:\/\/autolivraria.com.br\/bc\/wp-json\/wp\/v2\/categories?post=62828"},{"taxonomy":"post_tag","embeddable":true,"href":"https:\/\/autolivraria.com.br\/bc\/wp-json\/wp\/v2\/tags?post=62828"}],"curies":[{"name":"wp","href":"https:\/\/api.w.org\/{rel}","templated":true}]}}