{"id":64659,"date":"2015-10-16T15:58:32","date_gmt":"2015-10-16T18:58:32","guid":{"rendered":"http:\/\/bestcars.uol.com.br\/bc\/?p=64659"},"modified":"2015-10-19T17:27:12","modified_gmt":"2015-10-19T20:27:12","slug":"teste-audi-s3-sedan-assegura-diversao-em-formato-familiar","status":"publish","type":"post","link":"https:\/\/autolivraria.com.br\/bc\/informe-se\/avaliacao\/teste-audi-s3-sedan-assegura-diversao-em-formato-familiar\/","title":{"rendered":"Audi S3 Sedan assegura divers\u00e3o em formato familiar"},"content":{"rendered":"<p><a href=\"https:\/\/autolivraria.com.br\/bc\/wp-content\/uploads\/2015\/10\/Audi-S3-Sedan-331.jpg\"><img fetchpriority=\"high\" decoding=\"async\" class=\"aligncenter size-large wp-image-64701\" src=\"https:\/\/autolivraria.com.br\/bc\/wp-content\/uploads\/2015\/10\/Audi-S3-Sedan-331-743x495.jpg\" alt=\"Audi S3 Sedan\" width=\"743\" height=\"495\" srcset=\"https:\/\/autolivraria.com.br\/bc\/wp-content\/uploads\/2015\/10\/Audi-S3-Sedan-331-743x495.jpg 743w, https:\/\/autolivraria.com.br\/bc\/wp-content\/uploads\/2015\/10\/Audi-S3-Sedan-331-356x237.jpg 356w, https:\/\/autolivraria.com.br\/bc\/wp-content\/uploads\/2015\/10\/Audi-S3-Sedan-331-227x151.jpg 227w, https:\/\/autolivraria.com.br\/bc\/wp-content\/uploads\/2015\/10\/Audi-S3-Sedan-331-270x180.jpg 270w, https:\/\/autolivraria.com.br\/bc\/wp-content\/uploads\/2015\/10\/Audi-S3-Sedan-331.jpg 1280w\" sizes=\"(max-width: 743px) 100vw, 743px\" \/><\/a><\/p>\n<p>&nbsp;<\/p>\n<h2>Com motor de 280 cv e tra\u00e7\u00e3o integral, vers\u00e3o mais temperada do sed\u00e3 empolga pelo desempenho e a estabilidade<\/h2>\n<p><em>Texto: Fabr\u00edcio Samah\u00e1 &#8211; Fotos: Paulo Keller<\/em><\/p>\n<p>&nbsp;<\/p>\n<p>Sed\u00e3s esportivos s\u00e3o um tipo de carro que alia praticidade e divers\u00e3o: re\u00fanem desempenho e comportamento din\u00e2mico empolgantes, espa\u00e7o suficiente para uma fam\u00edlia ou para sair com um casal de amigos e, em muitos casos, as quatro portas de que poucos abrem m\u00e3o hoje. Foi buscando esse conjunto de atributos que a Audi resolveu estender o pacote de alto desempenho S3 ao sed\u00e3 A3 nesta terceira gera\u00e7\u00e3o, a primeira oferecida tamb\u00e9m com tal carroceria.<\/p>\n<p>Ao pre\u00e7o sugerido de R$ 226.190 (n\u00e3o h\u00e1\u00a0opcionais dispon\u00edveis), o S3 Sedan disp\u00f5e de argumentos t\u00e9cnicos bastante convincentes, como o motor turboalimentado de 2,0 litros com pot\u00eancia de 280 cv e torque de 38,7 m.kgf, a caixa de c\u00e2mbio automatizada de <a href=\"https:\/\/autolivraria.com.br\/bc\/glossario-e\/#embr\" target=\"_blank\">dupla embreagem<\/a> S-Tronic com seis marchas e o sistema de tra\u00e7\u00e3o integral sob demanda. Seus concorrentes incluem o <a href=\"https:\/\/autolivraria.com.br\/bc\/tag\/cla-45-amg\" target=\"_blank\">Mercedes-Benz CLA 45 AMG<\/a>, com 360 cv no motor de mesma cilindrada, por R$ 298.900; o <a href=\"https:\/\/autolivraria.com.br\/bc\/tag\/wrx-sti\" target=\"_blank\">Subaru WRX STI<\/a>, com 310 cv no 2,5-litros, a R$ 196.900 (apenas com c\u00e2mbio manual); e o cup\u00ea <a href=\"https:\/\/autolivraria.com.br\/bc\/tag\/m-235i\" target=\"_blank\">BMW M 235i<\/a>, de seis cilindros, 3,0 litros e 326 cv, por R$ 229.950. Todos t\u00eam turbo e, salvo pelo BMW de tra\u00e7\u00e3o traseira, tra\u00e7\u00e3o integral.<\/p>\n<p>&nbsp;<\/p>\n<p><a href=\"https:\/\/autolivraria.com.br\/bc\/wp-content\/uploads\/2015\/10\/Audi-S3-Sedan-17.jpg\"><img decoding=\"async\" class=\"aligncenter size-large wp-image-64664 lazyload\" data-src=\"https:\/\/autolivraria.com.br\/bc\/wp-content\/uploads\/2015\/10\/Audi-S3-Sedan-17-743x495.jpg\" alt=\"Audi S3 Sedan\" width=\"743\" height=\"495\" data-srcset=\"https:\/\/autolivraria.com.br\/bc\/wp-content\/uploads\/2015\/10\/Audi-S3-Sedan-17-743x495.jpg 743w, https:\/\/autolivraria.com.br\/bc\/wp-content\/uploads\/2015\/10\/Audi-S3-Sedan-17-356x237.jpg 356w, https:\/\/autolivraria.com.br\/bc\/wp-content\/uploads\/2015\/10\/Audi-S3-Sedan-17-227x151.jpg 227w, https:\/\/autolivraria.com.br\/bc\/wp-content\/uploads\/2015\/10\/Audi-S3-Sedan-17-270x180.jpg 270w, https:\/\/autolivraria.com.br\/bc\/wp-content\/uploads\/2015\/10\/Audi-S3-Sedan-17.jpg 1280w\" data-sizes=\"(max-width: 743px) 100vw, 743px\" src=\"data:image\/svg+xml;base64,PHN2ZyB3aWR0aD0iMSIgaGVpZ2h0PSIxIiB4bWxucz0iaHR0cDovL3d3dy53My5vcmcvMjAwMC9zdmciPjwvc3ZnPg==\" style=\"--smush-placeholder-width: 743px; --smush-placeholder-aspect-ratio: 743\/495;\" \/><\/a><\/p>\n<p>&nbsp;<\/p>\n<div class='one_third'>\n\t\t\t\t\t<a href=\"https:\/\/autolivraria.com.br\/bc\/wp-content\/uploads\/2015\/10\/Audi-S3-Sedan-18.jpg\"><img decoding=\"async\" class=\"aligncenter size-meia-largura-post wp-image-64665 lazyload\" data-src=\"https:\/\/autolivraria.com.br\/bc\/wp-content\/uploads\/2015\/10\/Audi-S3-Sedan-18-227x151.jpg\" alt=\"Audi S3 Sedan\" width=\"227\" height=\"151\" data-srcset=\"https:\/\/autolivraria.com.br\/bc\/wp-content\/uploads\/2015\/10\/Audi-S3-Sedan-18-227x151.jpg 227w, https:\/\/autolivraria.com.br\/bc\/wp-content\/uploads\/2015\/10\/Audi-S3-Sedan-18-356x237.jpg 356w, https:\/\/autolivraria.com.br\/bc\/wp-content\/uploads\/2015\/10\/Audi-S3-Sedan-18-743x495.jpg 743w, https:\/\/autolivraria.com.br\/bc\/wp-content\/uploads\/2015\/10\/Audi-S3-Sedan-18-270x180.jpg 270w, https:\/\/autolivraria.com.br\/bc\/wp-content\/uploads\/2015\/10\/Audi-S3-Sedan-18.jpg 1280w\" data-sizes=\"(max-width: 227px) 100vw, 227px\" src=\"data:image\/svg+xml;base64,PHN2ZyB3aWR0aD0iMSIgaGVpZ2h0PSIxIiB4bWxucz0iaHR0cDovL3d3dy53My5vcmcvMjAwMC9zdmciPjwvc3ZnPg==\" style=\"--smush-placeholder-width: 227px; --smush-placeholder-aspect-ratio: 227\/151;\" \/><\/a>\n\t\t\t\t<\/div>\n<div class='one_third'>\n\t\t\t\t\t<a href=\"https:\/\/autolivraria.com.br\/bc\/wp-content\/uploads\/2015\/10\/Audi-S3-Sedan-22.jpg\"><img decoding=\"async\" class=\"aligncenter size-meia-largura-post wp-image-64666 lazyload\" data-src=\"https:\/\/autolivraria.com.br\/bc\/wp-content\/uploads\/2015\/10\/Audi-S3-Sedan-22-227x151.jpg\" alt=\"Audi S3 Sedan\" width=\"227\" height=\"151\" data-srcset=\"https:\/\/autolivraria.com.br\/bc\/wp-content\/uploads\/2015\/10\/Audi-S3-Sedan-22-227x151.jpg 227w, https:\/\/autolivraria.com.br\/bc\/wp-content\/uploads\/2015\/10\/Audi-S3-Sedan-22-356x237.jpg 356w, https:\/\/autolivraria.com.br\/bc\/wp-content\/uploads\/2015\/10\/Audi-S3-Sedan-22-743x495.jpg 743w, https:\/\/autolivraria.com.br\/bc\/wp-content\/uploads\/2015\/10\/Audi-S3-Sedan-22-270x180.jpg 270w, https:\/\/autolivraria.com.br\/bc\/wp-content\/uploads\/2015\/10\/Audi-S3-Sedan-22.jpg 1280w\" data-sizes=\"(max-width: 227px) 100vw, 227px\" src=\"data:image\/svg+xml;base64,PHN2ZyB3aWR0aD0iMSIgaGVpZ2h0PSIxIiB4bWxucz0iaHR0cDovL3d3dy53My5vcmcvMjAwMC9zdmciPjwvc3ZnPg==\" style=\"--smush-placeholder-width: 227px; --smush-placeholder-aspect-ratio: 227\/151;\" \/><\/a>\n\t\t\t\t<\/div>\n<div class='one_third last'>\n\t\t\t\t\t<a href=\"https:\/\/autolivraria.com.br\/bc\/wp-content\/uploads\/2015\/10\/Audi-S3-Sedan-25.jpg\"><img decoding=\"async\" class=\"aligncenter size-meia-largura-post wp-image-64667 lazyload\" data-src=\"https:\/\/autolivraria.com.br\/bc\/wp-content\/uploads\/2015\/10\/Audi-S3-Sedan-25-227x151.jpg\" alt=\"Audi S3 Sedan\" width=\"227\" height=\"151\" data-srcset=\"https:\/\/autolivraria.com.br\/bc\/wp-content\/uploads\/2015\/10\/Audi-S3-Sedan-25-227x151.jpg 227w, https:\/\/autolivraria.com.br\/bc\/wp-content\/uploads\/2015\/10\/Audi-S3-Sedan-25-356x237.jpg 356w, https:\/\/autolivraria.com.br\/bc\/wp-content\/uploads\/2015\/10\/Audi-S3-Sedan-25-743x495.jpg 743w, https:\/\/autolivraria.com.br\/bc\/wp-content\/uploads\/2015\/10\/Audi-S3-Sedan-25-270x180.jpg 270w, https:\/\/autolivraria.com.br\/bc\/wp-content\/uploads\/2015\/10\/Audi-S3-Sedan-25.jpg 1280w\" data-sizes=\"(max-width: 227px) 100vw, 227px\" src=\"data:image\/svg+xml;base64,PHN2ZyB3aWR0aD0iMSIgaGVpZ2h0PSIxIiB4bWxucz0iaHR0cDovL3d3dy53My5vcmcvMjAwMC9zdmciPjwvc3ZnPg==\" style=\"--smush-placeholder-width: 227px; --smush-placeholder-aspect-ratio: 227\/151;\" \/><\/a>\n\t\t\t\t<\/div><div class='clear'><\/div>\n<p style=\"text-align: center;\"><em>\u00a0<\/em><br \/>\n<em>Pela primeira vez o A3 tem vers\u00e3o sed\u00e3, o que a Audi aproveitou para lhe aplicar o pacote S3<\/em><\/p>\n<p>&nbsp;<\/p>\n<p>Os equipamentos de s\u00e9rie do S3 est\u00e3o \u00e0 altura do pre\u00e7o, como acesso \u00e0 cabine e partida do motor sem uso da chave, alarme antifurto, ar-condicionado autom\u00e1tico de duas zonas, bancos de couro com ajustes el\u00e9tricos nos dianteiros,\u00a0<a href=\"https:\/\/autolivraria.com.br\/bc\/glossario-c\/#cont\" target=\"_blank\">controlador de velocidade<\/a>,\u00a0<a href=\"https:\/\/autolivraria.com.br\/bc\/glossario-c\/#esp\" target=\"_blank\">controle eletr\u00f4nico de estabilidade e tra\u00e7\u00e3o<\/a>, far\u00f3is com ilumina\u00e7\u00e3o por <a href=\"https:\/\/autolivraria.com.br\/bc\/glossario-l\/#led\" target=\"_blank\">leds<\/a>, rodas de alum\u00ednio de 18 polegadas, sete bolsas infl\u00e1veis (frontais, de joelhos para o motorista, laterais dianteiras e de cortina), sistema MMI Navigation Plus com tela de sete polegadas e navegador, sistema de \u00e1udio Bang &amp; Olufsen e teto solar panor\u00e2mico de controle el\u00e9trico.<\/p>\n<p>&nbsp;<\/p>\n<blockquote><p>O sistema de \u00e1udio Bang &amp; Olufsen com 14 alto-falantes, incluindo um de subgraves, e amplificador de 705 watts \u00e9 atra\u00e7\u00e3o \u00e0 parte pela perfei\u00e7\u00e3o de som<\/p><\/blockquote>\n<p>&nbsp;<\/p>\n<p>Derivado do A3 Sedan lan\u00e7ado na Europa em 2013, o S3 exibe linhas atraentes, com propor\u00e7\u00f5es que garantem uma esportividade incomum em sed\u00e3s de quatro portas. Os adere\u00e7os da vers\u00e3o \u2014 para-choque dianteiro com grandes tomadas de ar, saias laterais, defletor de porta-malas, rodas de 18 pol, capas de retrovisores em alum\u00ednio polido, quatro sa\u00eddas de escapamento \u2014 d\u00e3o um tempero sutil, sem excessos,\u00a0a um desenho que \u00e9 talvez o mais agrad\u00e1vel entre os sed\u00e3s da marca. O <a href=\"https:\/\/autolivraria.com.br\/bc\/glossario-c\/#cx\" target=\"_blank\">coeficiente aerodin\u00e2mico (Cx)<\/a>\u00a00,31 \u00e9 bom, mas n\u00e3o brilhante, j\u00e1 que pneus largos e tomadas de ar o prejudicam. Os v\u00e3os m\u00ednimos e perfeitos entre os pain\u00e9is de carroceria indicam qualidade.<\/p>\n<p>&nbsp;<\/p>\n<p><a href=\"https:\/\/autolivraria.com.br\/bc\/wp-content\/uploads\/2015\/10\/Audi-S3-Sedan-02.jpg\"><img decoding=\"async\" class=\"aligncenter size-large wp-image-64668 lazyload\" data-src=\"https:\/\/autolivraria.com.br\/bc\/wp-content\/uploads\/2015\/10\/Audi-S3-Sedan-02-743x495.jpg\" alt=\"Audi S3 Sedan\" width=\"743\" height=\"495\" data-srcset=\"https:\/\/autolivraria.com.br\/bc\/wp-content\/uploads\/2015\/10\/Audi-S3-Sedan-02-743x495.jpg 743w, https:\/\/autolivraria.com.br\/bc\/wp-content\/uploads\/2015\/10\/Audi-S3-Sedan-02-356x237.jpg 356w, https:\/\/autolivraria.com.br\/bc\/wp-content\/uploads\/2015\/10\/Audi-S3-Sedan-02-227x151.jpg 227w, https:\/\/autolivraria.com.br\/bc\/wp-content\/uploads\/2015\/10\/Audi-S3-Sedan-02-270x180.jpg 270w, https:\/\/autolivraria.com.br\/bc\/wp-content\/uploads\/2015\/10\/Audi-S3-Sedan-02.jpg 1280w\" data-sizes=\"(max-width: 743px) 100vw, 743px\" src=\"data:image\/svg+xml;base64,PHN2ZyB3aWR0aD0iMSIgaGVpZ2h0PSIxIiB4bWxucz0iaHR0cDovL3d3dy53My5vcmcvMjAwMC9zdmciPjwvc3ZnPg==\" style=\"--smush-placeholder-width: 743px; --smush-placeholder-aspect-ratio: 743\/495;\" \/><\/a><\/p>\n<p>&nbsp;<\/p>\n<div class='one_third'>\n\t\t\t\t\t<a href=\"https:\/\/autolivraria.com.br\/bc\/wp-content\/uploads\/2015\/10\/Audi-S3-Sedan-05.jpg\"><img decoding=\"async\" class=\"aligncenter size-meia-largura-post wp-image-64669 lazyload\" data-src=\"https:\/\/autolivraria.com.br\/bc\/wp-content\/uploads\/2015\/10\/Audi-S3-Sedan-05-227x151.jpg\" alt=\"Audi S3 Sedan\" width=\"227\" height=\"151\" data-srcset=\"https:\/\/autolivraria.com.br\/bc\/wp-content\/uploads\/2015\/10\/Audi-S3-Sedan-05-227x151.jpg 227w, https:\/\/autolivraria.com.br\/bc\/wp-content\/uploads\/2015\/10\/Audi-S3-Sedan-05-356x237.jpg 356w, https:\/\/autolivraria.com.br\/bc\/wp-content\/uploads\/2015\/10\/Audi-S3-Sedan-05-743x495.jpg 743w, https:\/\/autolivraria.com.br\/bc\/wp-content\/uploads\/2015\/10\/Audi-S3-Sedan-05-270x180.jpg 270w, https:\/\/autolivraria.com.br\/bc\/wp-content\/uploads\/2015\/10\/Audi-S3-Sedan-05.jpg 1280w\" data-sizes=\"(max-width: 227px) 100vw, 227px\" src=\"data:image\/svg+xml;base64,PHN2ZyB3aWR0aD0iMSIgaGVpZ2h0PSIxIiB4bWxucz0iaHR0cDovL3d3dy53My5vcmcvMjAwMC9zdmciPjwvc3ZnPg==\" style=\"--smush-placeholder-width: 227px; --smush-placeholder-aspect-ratio: 227\/151;\" \/><\/a>\n\t\t\t\t<\/div>\n<div class='one_third'>\n\t\t\t\t\t<a href=\"https:\/\/autolivraria.com.br\/bc\/wp-content\/uploads\/2015\/10\/Audi-S3-Sedan-27.jpg\"><img decoding=\"async\" class=\"aligncenter size-meia-largura-post wp-image-64670 lazyload\" data-src=\"https:\/\/autolivraria.com.br\/bc\/wp-content\/uploads\/2015\/10\/Audi-S3-Sedan-27-227x151.jpg\" alt=\"Audi S3 Sedan\" width=\"227\" height=\"151\" data-srcset=\"https:\/\/autolivraria.com.br\/bc\/wp-content\/uploads\/2015\/10\/Audi-S3-Sedan-27-227x151.jpg 227w, https:\/\/autolivraria.com.br\/bc\/wp-content\/uploads\/2015\/10\/Audi-S3-Sedan-27-356x237.jpg 356w, https:\/\/autolivraria.com.br\/bc\/wp-content\/uploads\/2015\/10\/Audi-S3-Sedan-27-743x495.jpg 743w, https:\/\/autolivraria.com.br\/bc\/wp-content\/uploads\/2015\/10\/Audi-S3-Sedan-27-270x180.jpg 270w, https:\/\/autolivraria.com.br\/bc\/wp-content\/uploads\/2015\/10\/Audi-S3-Sedan-27.jpg 1280w\" data-sizes=\"(max-width: 227px) 100vw, 227px\" src=\"data:image\/svg+xml;base64,PHN2ZyB3aWR0aD0iMSIgaGVpZ2h0PSIxIiB4bWxucz0iaHR0cDovL3d3dy53My5vcmcvMjAwMC9zdmciPjwvc3ZnPg==\" style=\"--smush-placeholder-width: 227px; --smush-placeholder-aspect-ratio: 227\/151;\" \/><\/a>\n\t\t\t\t<\/div>\n<div class='one_third last'>\n\t\t\t\t\t<a href=\"https:\/\/autolivraria.com.br\/bc\/wp-content\/uploads\/2015\/10\/Audi-S3-Sedan-15.jpg\"><img decoding=\"async\" class=\"aligncenter size-meia-largura-post wp-image-64672 lazyload\" data-src=\"https:\/\/autolivraria.com.br\/bc\/wp-content\/uploads\/2015\/10\/Audi-S3-Sedan-15-227x151.jpg\" alt=\"Audi S3 Sedan\" width=\"227\" height=\"151\" data-srcset=\"https:\/\/autolivraria.com.br\/bc\/wp-content\/uploads\/2015\/10\/Audi-S3-Sedan-15-227x151.jpg 227w, https:\/\/autolivraria.com.br\/bc\/wp-content\/uploads\/2015\/10\/Audi-S3-Sedan-15-356x237.jpg 356w, https:\/\/autolivraria.com.br\/bc\/wp-content\/uploads\/2015\/10\/Audi-S3-Sedan-15-743x495.jpg 743w, https:\/\/autolivraria.com.br\/bc\/wp-content\/uploads\/2015\/10\/Audi-S3-Sedan-15-270x180.jpg 270w, https:\/\/autolivraria.com.br\/bc\/wp-content\/uploads\/2015\/10\/Audi-S3-Sedan-15.jpg 1280w\" data-sizes=\"(max-width: 227px) 100vw, 227px\" src=\"data:image\/svg+xml;base64,PHN2ZyB3aWR0aD0iMSIgaGVpZ2h0PSIxIiB4bWxucz0iaHR0cDovL3d3dy53My5vcmcvMjAwMC9zdmciPjwvc3ZnPg==\" style=\"--smush-placeholder-width: 227px; --smush-placeholder-aspect-ratio: 227\/151;\" \/><\/a>\n\t\t\t\t<\/div><div class='clear'><\/div>\n<p style=\"text-align: center;\"><em>\u00a0<\/em><br \/>\n<em>Formas e propor\u00e7\u00f5es acertadas fazem do A3 um dos sed\u00e3s mais atraentes que a Audi j\u00e1 fez<\/em><\/p>\n<p>&nbsp;<\/p>\n<p>No interior, que segue o padr\u00e3o discreto t\u00edpico da escola alem\u00e3, logotipos <em>S3<\/em>\u00a0no volante e no conta-giros lembram que este n\u00e3o \u00e9 qualquer A3. Os bancos dianteiros t\u00eam ajuste el\u00e9trico integral, incluindo inclina\u00e7\u00e3o do assento e altura e intensidade de apoio lombar, al\u00e9m de apoio regul\u00e1vel para as coxas, e foram definidos com esmero em densidade e formato, assim como o volante \u00e9 perfeito para encaixe das m\u00e3os e h\u00e1 apoio ideal para o p\u00e9 esquerdo. Os pl\u00e1sticos do acabamento \u00e9 que poderiam transmitir mais requinte, embora sejam corretos em montagem e o painel use um emborrachado. N\u00e3o fariam mal um apoio acolchoado para o cotovelo nas portas e apliques de melhor aspecto \u2014 os que simulam alum\u00ednio escovado mais parecem pl\u00e1stico pintado a pincel.<\/p>\n<p>&nbsp;<\/p>\n<div class='code-block code-block-7' style='margin: 28px auto; text-align: center; display: block; clear: both;'>\n<br>\n<div align=\"center\">\n<a target=\"_blank\" href=\"https:\/\/bestcars.com.br\/bc\/\">\n<img decoding=\"async\" data-src=\"https:\/\/bestcars.com.br\/bc\/wp-content\/uploads\/2021\/07\/Auto-Livraria-450x300-quadros.jpg\" alt=\"Auto Livraria\" src=\"data:image\/svg+xml;base64,PHN2ZyB3aWR0aD0iMSIgaGVpZ2h0PSIxIiB4bWxucz0iaHR0cDovL3d3dy53My5vcmcvMjAwMC9zdmciPjwvc3ZnPg==\" class=\"lazyload\"><\/a>\n<\/div>\n<br><\/div>\n\n<p>&nbsp;<\/p>\n<p>No quadro de instrumentos, simples e funcional, o mostrador multifun\u00e7\u00e3o no centro inclui veloc\u00edmetro digital, marcador de temperatura do lubrificante e cron\u00f4metro para registrar o tempo de volta em circuito. Foi previsto man\u00f4metro do turbo, item cada vez mais raro. O sistema de \u00e1udio Bang &amp; Olufsen (com 14 alto-falantes, incluindo um de <a href=\"https:\/\/autolivraria.com.br\/bc\/glossario-s\/#subw\" target=\"_blank\">subgraves<\/a>, e amplificador de 15 canais com pot\u00eancia de 705 watts)\u00a0\u00e9 atra\u00e7\u00e3o \u00e0 parte pela perfei\u00e7\u00e3o de som, embora pudesse produzir graves mais consistentes a nosso ver. Ele faz parte de uma central de entretenimento bastante pr\u00e1tica de usar, capaz de tocar v\u00eddeos em DVD ou outro dispositivo e de armazenar m\u00fasicas em disco r\u00edgido. Tem duas entradas para cart\u00e3o SD e conex\u00e3o para aparelhos Apple, mas deixa de fora a essencial USB.<\/p>\n<p>A tela de sete polegadas, que pode ser escamoteada, serve tamb\u00e9m ao sistema de navega\u00e7\u00e3o e a configura\u00e7\u00f5es do carro, incluindo o seletor de modos de condu\u00e7\u00e3o Drive Select. Ele permite ajustar as respostas do motor e do acelerador, n\u00edvel de ru\u00eddo do motor, a atua\u00e7\u00e3o autom\u00e1tica do c\u00e2mbio e a assist\u00eancia de dire\u00e7\u00e3o entre os programas Comfort, Dynamic (esportivo), Efficiency (favor\u00e1vel \u00e0 economia, com fun\u00e7\u00e3o de <a href=\"https:\/\/autolivraria.com.br\/bc\/glossario-r\/#roda\" target=\"_blank\">roda livre<\/a> ao desacelerar), Auto (ajuste autom\u00e1tico ao modo de dirigir do momento) e Individual, que admite sele\u00e7\u00e3o de modo para cada item. Os ajustes s\u00e3o mostrados com imagens animadas bem interessantes.<\/p>\n<p>&nbsp;<\/p>\n<p><a href=\"https:\/\/autolivraria.com.br\/bc\/wp-content\/uploads\/2015\/10\/Audi-S3-Sedan-16.jpg\"><img decoding=\"async\" class=\"aligncenter size-large wp-image-64671 lazyload\" data-src=\"https:\/\/autolivraria.com.br\/bc\/wp-content\/uploads\/2015\/10\/Audi-S3-Sedan-16-743x495.jpg\" alt=\"Audi S3 Sedan\" width=\"743\" height=\"495\" data-srcset=\"https:\/\/autolivraria.com.br\/bc\/wp-content\/uploads\/2015\/10\/Audi-S3-Sedan-16-743x495.jpg 743w, https:\/\/autolivraria.com.br\/bc\/wp-content\/uploads\/2015\/10\/Audi-S3-Sedan-16-356x237.jpg 356w, https:\/\/autolivraria.com.br\/bc\/wp-content\/uploads\/2015\/10\/Audi-S3-Sedan-16-227x151.jpg 227w, https:\/\/autolivraria.com.br\/bc\/wp-content\/uploads\/2015\/10\/Audi-S3-Sedan-16-270x180.jpg 270w, https:\/\/autolivraria.com.br\/bc\/wp-content\/uploads\/2015\/10\/Audi-S3-Sedan-16.jpg 1280w\" data-sizes=\"(max-width: 743px) 100vw, 743px\" src=\"data:image\/svg+xml;base64,PHN2ZyB3aWR0aD0iMSIgaGVpZ2h0PSIxIiB4bWxucz0iaHR0cDovL3d3dy53My5vcmcvMjAwMC9zdmciPjwvc3ZnPg==\" style=\"--smush-placeholder-width: 743px; --smush-placeholder-aspect-ratio: 743\/495;\" \/><\/a><\/p>\n<p>&nbsp;<\/p>\n<div class='one_third'>\n\t\t\t\t\t<a href=\"https:\/\/autolivraria.com.br\/bc\/wp-content\/uploads\/2015\/10\/Audi-S3-Sedan-04.jpg\"><img decoding=\"async\" class=\"aligncenter size-meia-largura-post wp-image-64674 lazyload\" data-src=\"https:\/\/autolivraria.com.br\/bc\/wp-content\/uploads\/2015\/10\/Audi-S3-Sedan-04-227x151.jpg\" alt=\"Audi S3 Sedan\" width=\"227\" height=\"151\" data-srcset=\"https:\/\/autolivraria.com.br\/bc\/wp-content\/uploads\/2015\/10\/Audi-S3-Sedan-04-227x151.jpg 227w, https:\/\/autolivraria.com.br\/bc\/wp-content\/uploads\/2015\/10\/Audi-S3-Sedan-04-356x237.jpg 356w, https:\/\/autolivraria.com.br\/bc\/wp-content\/uploads\/2015\/10\/Audi-S3-Sedan-04-743x495.jpg 743w, https:\/\/autolivraria.com.br\/bc\/wp-content\/uploads\/2015\/10\/Audi-S3-Sedan-04-270x180.jpg 270w, https:\/\/autolivraria.com.br\/bc\/wp-content\/uploads\/2015\/10\/Audi-S3-Sedan-04.jpg 1280w\" data-sizes=\"(max-width: 227px) 100vw, 227px\" src=\"data:image\/svg+xml;base64,PHN2ZyB3aWR0aD0iMSIgaGVpZ2h0PSIxIiB4bWxucz0iaHR0cDovL3d3dy53My5vcmcvMjAwMC9zdmciPjwvc3ZnPg==\" style=\"--smush-placeholder-width: 227px; --smush-placeholder-aspect-ratio: 227\/151;\" \/><\/a>\n\t\t\t\t<\/div>\n<div class='one_third'>\n\t\t\t\t\t<a href=\"https:\/\/autolivraria.com.br\/bc\/wp-content\/uploads\/2015\/10\/Audi-S3-Sedan-20.jpg\"><img decoding=\"async\" class=\"aligncenter size-meia-largura-post wp-image-64675 lazyload\" data-src=\"https:\/\/autolivraria.com.br\/bc\/wp-content\/uploads\/2015\/10\/Audi-S3-Sedan-20-227x151.jpg\" alt=\"Audi S3 Sedan\" width=\"227\" height=\"151\" data-srcset=\"https:\/\/autolivraria.com.br\/bc\/wp-content\/uploads\/2015\/10\/Audi-S3-Sedan-20-227x151.jpg 227w, https:\/\/autolivraria.com.br\/bc\/wp-content\/uploads\/2015\/10\/Audi-S3-Sedan-20-356x237.jpg 356w, https:\/\/autolivraria.com.br\/bc\/wp-content\/uploads\/2015\/10\/Audi-S3-Sedan-20-743x495.jpg 743w, https:\/\/autolivraria.com.br\/bc\/wp-content\/uploads\/2015\/10\/Audi-S3-Sedan-20-270x180.jpg 270w, https:\/\/autolivraria.com.br\/bc\/wp-content\/uploads\/2015\/10\/Audi-S3-Sedan-20.jpg 1280w\" data-sizes=\"(max-width: 227px) 100vw, 227px\" src=\"data:image\/svg+xml;base64,PHN2ZyB3aWR0aD0iMSIgaGVpZ2h0PSIxIiB4bWxucz0iaHR0cDovL3d3dy53My5vcmcvMjAwMC9zdmciPjwvc3ZnPg==\" style=\"--smush-placeholder-width: 227px; --smush-placeholder-aspect-ratio: 227\/151;\" \/><\/a>\n\t\t\t\t<\/div>\n<div class='one_third last'>\n\t\t\t\t\t<a href=\"https:\/\/autolivraria.com.br\/bc\/wp-content\/uploads\/2015\/10\/Audi-S3-Sedan-28.jpg\"><img decoding=\"async\" class=\"aligncenter size-meia-largura-post wp-image-64673 lazyload\" data-src=\"https:\/\/autolivraria.com.br\/bc\/wp-content\/uploads\/2015\/10\/Audi-S3-Sedan-28-227x151.jpg\" alt=\"Audi S3 Sedan\" width=\"227\" height=\"151\" data-srcset=\"https:\/\/autolivraria.com.br\/bc\/wp-content\/uploads\/2015\/10\/Audi-S3-Sedan-28-227x151.jpg 227w, https:\/\/autolivraria.com.br\/bc\/wp-content\/uploads\/2015\/10\/Audi-S3-Sedan-28-356x237.jpg 356w, https:\/\/autolivraria.com.br\/bc\/wp-content\/uploads\/2015\/10\/Audi-S3-Sedan-28-743x495.jpg 743w, https:\/\/autolivraria.com.br\/bc\/wp-content\/uploads\/2015\/10\/Audi-S3-Sedan-28-270x180.jpg 270w, https:\/\/autolivraria.com.br\/bc\/wp-content\/uploads\/2015\/10\/Audi-S3-Sedan-28.jpg 1280w\" data-sizes=\"(max-width: 227px) 100vw, 227px\" src=\"data:image\/svg+xml;base64,PHN2ZyB3aWR0aD0iMSIgaGVpZ2h0PSIxIiB4bWxucz0iaHR0cDovL3d3dy53My5vcmcvMjAwMC9zdmciPjwvc3ZnPg==\" style=\"--smush-placeholder-width: 227px; --smush-placeholder-aspect-ratio: 227\/151;\" \/><\/a>\n\t\t\t\t<\/div><div class='clear'><\/div>\n<p style=\"text-align: center;\"><em>\u00a0<\/em><br \/>\n<em>Esportividade sutil: rodas de 18 pol, tomadas de ar maiores, defletor, retrovisores em prata<\/em><\/p>\n<p>&nbsp;<\/p>\n<p>Pr\u00f3xima do campo visual do motorista, a tela \u00e9 comandada por um conjunto de bot\u00f5es no console, um dos quais aceita a escrita manual de letras e n\u00fameros, como inserir um c\u00f3digo postal para navega\u00e7\u00e3o. H\u00e1 tamb\u00e9m comandos por voz, mas em portugu\u00eas lusitano. Dos bot\u00f5es do volante, um deles pode ser configurado para a fun\u00e7\u00e3o desejada \u2014 trocar de modo de condu\u00e7\u00e3o, por exemplo.<\/p>\n<p>Entre os bons detalhes est\u00e3o alerta program\u00e1vel de excesso de velocidade, banco traseiro bipartido 60:40, computador de bordo com duas medi\u00e7\u00f5es, controle el\u00e9trico de vidros com <a href=\"https:\/\/autolivraria.com.br\/bc\/glossario-u\/#umto\" target=\"_blank\">fun\u00e7\u00e3o um-toque<\/a> para todos e comando remoto de abertura e fechamento, difusor de ar para o banco traseiro, espelho interno <a href=\"https:\/\/autolivraria.com.br\/bc\/glossario-r\/#retr\" target=\"_blank\">fotocr\u00f4mico<\/a>, far\u00f3is e limpador de para-brisa autom\u00e1ticos, freio de estacionamento com comando el\u00e9trico, indica\u00e7\u00e3o espec\u00edfica de porta mal fechada, luzes de cortesia no assoalho, quatro al\u00e7as de teto, retrovisores externos com aquecimento e rebatimento el\u00e9trico e tomada de 12 volts para os passageiros de tr\u00e1s.<\/p>\n<table border=\"0\">\n<tbody>\n<tr>\n<td><a href='https:\/\/autolivraria.com.br\/bc\/informe-se\/avaliacao\/teste-audi-s3-sedan-assegura-diversao-em-formato-familiar\/2\/' class='small-button smallsilver'>Pr\u00f3xima parte<\/a><\/td>\n<\/tr>\n<\/tbody>\n<\/table>\n<p>&nbsp;<\/p>\n<p><!--nextpage--><\/p>\n<p><a href=\"https:\/\/autolivraria.com.br\/bc\/wp-content\/uploads\/2015\/10\/Audi-S3-Sedan-int1.jpg\"><img decoding=\"async\" class=\"aligncenter size-large wp-image-64676 lazyload\" data-src=\"https:\/\/autolivraria.com.br\/bc\/wp-content\/uploads\/2015\/10\/Audi-S3-Sedan-int1-743x495.jpg\" alt=\"Audi S3 Sedan\" width=\"743\" height=\"495\" data-srcset=\"https:\/\/autolivraria.com.br\/bc\/wp-content\/uploads\/2015\/10\/Audi-S3-Sedan-int1-743x495.jpg 743w, https:\/\/autolivraria.com.br\/bc\/wp-content\/uploads\/2015\/10\/Audi-S3-Sedan-int1-356x237.jpg 356w, https:\/\/autolivraria.com.br\/bc\/wp-content\/uploads\/2015\/10\/Audi-S3-Sedan-int1-227x151.jpg 227w, https:\/\/autolivraria.com.br\/bc\/wp-content\/uploads\/2015\/10\/Audi-S3-Sedan-int1-270x180.jpg 270w, https:\/\/autolivraria.com.br\/bc\/wp-content\/uploads\/2015\/10\/Audi-S3-Sedan-int1.jpg 1280w\" data-sizes=\"(max-width: 743px) 100vw, 743px\" src=\"data:image\/svg+xml;base64,PHN2ZyB3aWR0aD0iMSIgaGVpZ2h0PSIxIiB4bWxucz0iaHR0cDovL3d3dy53My5vcmcvMjAwMC9zdmciPjwvc3ZnPg==\" style=\"--smush-placeholder-width: 743px; --smush-placeholder-aspect-ratio: 743\/495;\" \/><\/a><\/p>\n<p>&nbsp;<\/p>\n<div class='one_third'>\n\t\t\t\t\t<a href=\"https:\/\/autolivraria.com.br\/bc\/wp-content\/uploads\/2015\/10\/Audi-S3-Sedan-banco1.jpg\"><img decoding=\"async\" class=\"aligncenter size-meia-largura-post wp-image-64677 lazyload\" data-src=\"https:\/\/autolivraria.com.br\/bc\/wp-content\/uploads\/2015\/10\/Audi-S3-Sedan-banco1-227x284.jpg\" alt=\"Audi S3 Sedan\" width=\"227\" height=\"284\" data-srcset=\"https:\/\/autolivraria.com.br\/bc\/wp-content\/uploads\/2015\/10\/Audi-S3-Sedan-banco1-227x284.jpg 227w, https:\/\/autolivraria.com.br\/bc\/wp-content\/uploads\/2015\/10\/Audi-S3-Sedan-banco1-356x445.jpg 356w, https:\/\/autolivraria.com.br\/bc\/wp-content\/uploads\/2015\/10\/Audi-S3-Sedan-banco1-270x338.jpg 270w, https:\/\/autolivraria.com.br\/bc\/wp-content\/uploads\/2015\/10\/Audi-S3-Sedan-banco1.jpg 640w\" data-sizes=\"(max-width: 227px) 100vw, 227px\" src=\"data:image\/svg+xml;base64,PHN2ZyB3aWR0aD0iMSIgaGVpZ2h0PSIxIiB4bWxucz0iaHR0cDovL3d3dy53My5vcmcvMjAwMC9zdmciPjwvc3ZnPg==\" style=\"--smush-placeholder-width: 227px; --smush-placeholder-aspect-ratio: 227\/284;\" \/><\/a>\n\t\t\t\t<\/div>\n<div class='one_third'>\n\t\t\t\t\t<a href=\"https:\/\/autolivraria.com.br\/bc\/wp-content\/uploads\/2015\/10\/Audi-S3-Sedan-banco2.jpg\"><img decoding=\"async\" class=\"aligncenter size-meia-largura-post wp-image-64678 lazyload\" data-src=\"https:\/\/autolivraria.com.br\/bc\/wp-content\/uploads\/2015\/10\/Audi-S3-Sedan-banco2-227x284.jpg\" alt=\"Audi S3 Sedan\" width=\"227\" height=\"284\" data-srcset=\"https:\/\/autolivraria.com.br\/bc\/wp-content\/uploads\/2015\/10\/Audi-S3-Sedan-banco2-227x284.jpg 227w, https:\/\/autolivraria.com.br\/bc\/wp-content\/uploads\/2015\/10\/Audi-S3-Sedan-banco2-356x445.jpg 356w, https:\/\/autolivraria.com.br\/bc\/wp-content\/uploads\/2015\/10\/Audi-S3-Sedan-banco2-270x338.jpg 270w, https:\/\/autolivraria.com.br\/bc\/wp-content\/uploads\/2015\/10\/Audi-S3-Sedan-banco2.jpg 640w\" data-sizes=\"(max-width: 227px) 100vw, 227px\" src=\"data:image\/svg+xml;base64,PHN2ZyB3aWR0aD0iMSIgaGVpZ2h0PSIxIiB4bWxucz0iaHR0cDovL3d3dy53My5vcmcvMjAwMC9zdmciPjwvc3ZnPg==\" style=\"--smush-placeholder-width: 227px; --smush-placeholder-aspect-ratio: 227\/284;\" \/><\/a>\n\t\t\t\t<\/div>\n<div class='one_third last'>\n\t\t\t\t\t<a href=\"https:\/\/autolivraria.com.br\/bc\/wp-content\/uploads\/2015\/10\/Audi-S3-Sedan-cambio.jpg\"><img decoding=\"async\" class=\"aligncenter size-meia-largura-post wp-image-64703 lazyload\" data-src=\"https:\/\/autolivraria.com.br\/bc\/wp-content\/uploads\/2015\/10\/Audi-S3-Sedan-cambio-227x284.jpg\" alt=\"Audi S3 Sedan\" width=\"227\" height=\"284\" data-srcset=\"https:\/\/autolivraria.com.br\/bc\/wp-content\/uploads\/2015\/10\/Audi-S3-Sedan-cambio-227x284.jpg 227w, https:\/\/autolivraria.com.br\/bc\/wp-content\/uploads\/2015\/10\/Audi-S3-Sedan-cambio-356x445.jpg 356w, https:\/\/autolivraria.com.br\/bc\/wp-content\/uploads\/2015\/10\/Audi-S3-Sedan-cambio-270x338.jpg 270w, https:\/\/autolivraria.com.br\/bc\/wp-content\/uploads\/2015\/10\/Audi-S3-Sedan-cambio.jpg 640w\" data-sizes=\"(max-width: 227px) 100vw, 227px\" src=\"data:image\/svg+xml;base64,PHN2ZyB3aWR0aD0iMSIgaGVpZ2h0PSIxIiB4bWxucz0iaHR0cDovL3d3dy53My5vcmcvMjAwMC9zdmciPjwvc3ZnPg==\" style=\"--smush-placeholder-width: 227px; --smush-placeholder-aspect-ratio: 227\/284;\" \/><\/a>\n\t\t\t\t<\/div><div class='clear'><\/div>\n<p style=\"text-align: center;\"><em>\u00a0<\/em><br \/>\n<em>Interior simples e funcional, pontos de acabamento melhor\u00e1veis; bancos dianteiros s\u00e3o \u00f3timos; atr\u00e1s falta\u00a0espa\u00e7o<\/em><\/p>\n<p>&nbsp;<\/p>\n<p>Pela faixa de pre\u00e7o, por\u00e9m, seriam esperados itens de s\u00e9rie como c\u00e2mera traseira para manobras (h\u00e1 apenas <a href=\"https:\/\/autolivraria.com.br\/bc\/glossario-s\/#esta\" target=\"_blank\">sensores<\/a>), medidor de n\u00edvel de \u00f3leo no painel e <a href=\"https:\/\/autolivraria.com.br\/bc\/glossario-l\/#limi\" target=\"_blank\">limitador de velocidade<\/a>. O forro do teto solar \u00e9 uma tela que deixa passar sol e calor (comum em modelos europeus, mas que deveria ser modificada aqui), a faixa degrad\u00ea do para-brisa \u00e9 quase in\u00fatil de t\u00e3o clara, o banco traseiro n\u00e3o tem apoio de bra\u00e7o central e h\u00e1 pouco espa\u00e7o para os objetos do dia a dia.<\/p>\n<p>&nbsp;<\/p>\n<blockquote><p>Em 12,1 segundos j\u00e1 se est\u00e1 a 160 km\/h e, se houver lugar, manter essa velocidade ou algo mais \u00e9 t\u00e3o sereno quanto 100 em qualquer carro comum<\/p><\/blockquote>\n<p>&nbsp;<\/p>\n<p>Nem todo sed\u00e3 deixa acomoda\u00e7\u00f5es confort\u00e1veis para quem viaja atr\u00e1s \u2014 e o S3 \u00e9 um bom exemplo. O espa\u00e7o \u00e9 modesto para cabe\u00e7as (serve apenas para pessoas de at\u00e9 1,70 metro de altura) e ombros e moderado para pernas, levar tr\u00eas adultos\u00a0ali beira o imposs\u00edvel e a transmiss\u00e3o \u00e0 traseira imp\u00f5e um t\u00fanel central elevado. Tamb\u00e9m compacto \u00e9 o porta-malas com capacidade de 390 litros, que traz estepe tempor\u00e1rio sob o assoalho e bra\u00e7os da tampa que percorrem locais reservados para n\u00e3o amassar a bagagem ao fechar.<\/p>\n<p>&nbsp;<\/p>\n<h2>Motor de sobra, c\u00e2mbio eficiente<\/h2>\n<p>O motor do S3, um quatro-cilindros turboalimentado de 2,0 litros, vem ao mercado brasileiro ajustado para 280 cv (na Europa s\u00e3o 300; a Audi alega quest\u00f5es de gasolina), sem alterar o torque m\u00e1ximo de 38,7 m.kgf dispon\u00edvel entre 1.800 e 5.000 rpm (<em>leia mais sobre t\u00e9cnica no quadro abaixo<\/em>). Apesar da alta <a href=\"https:\/\/autolivraria.com.br\/bc\/glossario-p\/#pote\" target=\"_blank\">pot\u00eancia espec\u00edfica<\/a>,\u00a0quase 140 cv por litro, mostra resposta adequada desde as mais baixas rota\u00e7\u00f5es. O turbo &#8220;enche&#8221; r\u00e1pido, praticamente sem o retardo de atua\u00e7\u00e3o (<em>lag<\/em>) notado em antigos motores, e o S3 ganha not\u00e1vel desenvoltura com grande reserva de pot\u00eancia para qualquer condi\u00e7\u00e3o. No uso urbano ou em rodovia, 2.000 ou 2.500 rpm s\u00e3o suficientes para o sed\u00e3 rodar com agilidade e ganhar velocidade sem precisar reduzir marchas.<\/p>\n<p>&nbsp;<\/p>\n<div class='one_third'>\n\t\t\t\t\t<a href=\"https:\/\/autolivraria.com.br\/bc\/wp-content\/uploads\/2015\/10\/Audi-S3-Sedan-instr.jpg\"><img decoding=\"async\" class=\"aligncenter size-meia-largura-post wp-image-64679 lazyload\" data-src=\"https:\/\/autolivraria.com.br\/bc\/wp-content\/uploads\/2015\/10\/Audi-S3-Sedan-instr-227x151.jpg\" alt=\"Audi S3 Sedan\" width=\"227\" height=\"151\" data-srcset=\"https:\/\/autolivraria.com.br\/bc\/wp-content\/uploads\/2015\/10\/Audi-S3-Sedan-instr-227x151.jpg 227w, https:\/\/autolivraria.com.br\/bc\/wp-content\/uploads\/2015\/10\/Audi-S3-Sedan-instr-356x237.jpg 356w, https:\/\/autolivraria.com.br\/bc\/wp-content\/uploads\/2015\/10\/Audi-S3-Sedan-instr-270x180.jpg 270w, https:\/\/autolivraria.com.br\/bc\/wp-content\/uploads\/2015\/10\/Audi-S3-Sedan-instr.jpg 640w\" data-sizes=\"(max-width: 227px) 100vw, 227px\" src=\"data:image\/svg+xml;base64,PHN2ZyB3aWR0aD0iMSIgaGVpZ2h0PSIxIiB4bWxucz0iaHR0cDovL3d3dy53My5vcmcvMjAwMC9zdmciPjwvc3ZnPg==\" style=\"--smush-placeholder-width: 227px; --smush-placeholder-aspect-ratio: 227\/151;\" \/><\/a>\n\t\t\t\t<\/div>\n<div class='one_third'>\n\t\t\t\t\t<a href=\"https:\/\/autolivraria.com.br\/bc\/wp-content\/uploads\/2015\/10\/Audi-S3-Sedan-det01.jpg\"><img decoding=\"async\" class=\"aligncenter size-meia-largura-post wp-image-64680 lazyload\" data-src=\"https:\/\/autolivraria.com.br\/bc\/wp-content\/uploads\/2015\/10\/Audi-S3-Sedan-det01-227x151.jpg\" alt=\"Audi S3 Sedan\" width=\"227\" height=\"151\" data-srcset=\"https:\/\/autolivraria.com.br\/bc\/wp-content\/uploads\/2015\/10\/Audi-S3-Sedan-det01-227x151.jpg 227w, https:\/\/autolivraria.com.br\/bc\/wp-content\/uploads\/2015\/10\/Audi-S3-Sedan-det01-356x237.jpg 356w, https:\/\/autolivraria.com.br\/bc\/wp-content\/uploads\/2015\/10\/Audi-S3-Sedan-det01-270x180.jpg 270w, https:\/\/autolivraria.com.br\/bc\/wp-content\/uploads\/2015\/10\/Audi-S3-Sedan-det01.jpg 640w\" data-sizes=\"(max-width: 227px) 100vw, 227px\" src=\"data:image\/svg+xml;base64,PHN2ZyB3aWR0aD0iMSIgaGVpZ2h0PSIxIiB4bWxucz0iaHR0cDovL3d3dy53My5vcmcvMjAwMC9zdmciPjwvc3ZnPg==\" style=\"--smush-placeholder-width: 227px; --smush-placeholder-aspect-ratio: 227\/151;\" \/><\/a>\n\t\t\t\t<\/div>\n<div class='one_third last'>\n\t\t\t\t\t<a href=\"https:\/\/autolivraria.com.br\/bc\/wp-content\/uploads\/2015\/10\/Audi-S3-Sedan-det03.jpg\"><img decoding=\"async\" class=\"aligncenter size-meia-largura-post wp-image-64681 lazyload\" data-src=\"https:\/\/autolivraria.com.br\/bc\/wp-content\/uploads\/2015\/10\/Audi-S3-Sedan-det03-227x151.jpg\" alt=\"Audi S3 Sedan\" width=\"227\" height=\"151\" data-srcset=\"https:\/\/autolivraria.com.br\/bc\/wp-content\/uploads\/2015\/10\/Audi-S3-Sedan-det03-227x151.jpg 227w, https:\/\/autolivraria.com.br\/bc\/wp-content\/uploads\/2015\/10\/Audi-S3-Sedan-det03-356x237.jpg 356w, https:\/\/autolivraria.com.br\/bc\/wp-content\/uploads\/2015\/10\/Audi-S3-Sedan-det03-270x180.jpg 270w, https:\/\/autolivraria.com.br\/bc\/wp-content\/uploads\/2015\/10\/Audi-S3-Sedan-det03.jpg 640w\" data-sizes=\"(max-width: 227px) 100vw, 227px\" src=\"data:image\/svg+xml;base64,PHN2ZyB3aWR0aD0iMSIgaGVpZ2h0PSIxIiB4bWxucz0iaHR0cDovL3d3dy53My5vcmcvMjAwMC9zdmciPjwvc3ZnPg==\" style=\"--smush-placeholder-width: 227px; --smush-placeholder-aspect-ratio: 227\/151;\" \/><\/a>\n\t\t\t\t<\/div><div class='clear'><\/div>\n<p>&nbsp;<\/p>\n<div class='one_third'>\n\t\t\t\t\t<a href=\"https:\/\/autolivraria.com.br\/bc\/wp-content\/uploads\/2015\/10\/Audi-S3-Sedan-det04.jpg\"><img decoding=\"async\" class=\"aligncenter size-meia-largura-post wp-image-64682 lazyload\" data-src=\"https:\/\/autolivraria.com.br\/bc\/wp-content\/uploads\/2015\/10\/Audi-S3-Sedan-det04-227x151.jpg\" alt=\"Audi S3 Sedan\" width=\"227\" height=\"151\" data-srcset=\"https:\/\/autolivraria.com.br\/bc\/wp-content\/uploads\/2015\/10\/Audi-S3-Sedan-det04-227x151.jpg 227w, https:\/\/autolivraria.com.br\/bc\/wp-content\/uploads\/2015\/10\/Audi-S3-Sedan-det04-356x237.jpg 356w, https:\/\/autolivraria.com.br\/bc\/wp-content\/uploads\/2015\/10\/Audi-S3-Sedan-det04-270x180.jpg 270w, https:\/\/autolivraria.com.br\/bc\/wp-content\/uploads\/2015\/10\/Audi-S3-Sedan-det04.jpg 640w\" data-sizes=\"(max-width: 227px) 100vw, 227px\" src=\"data:image\/svg+xml;base64,PHN2ZyB3aWR0aD0iMSIgaGVpZ2h0PSIxIiB4bWxucz0iaHR0cDovL3d3dy53My5vcmcvMjAwMC9zdmciPjwvc3ZnPg==\" style=\"--smush-placeholder-width: 227px; --smush-placeholder-aspect-ratio: 227\/151;\" \/><\/a>\n\t\t\t\t<\/div>\n<div class='one_third'>\n\t\t\t\t\t<a href=\"https:\/\/autolivraria.com.br\/bc\/wp-content\/uploads\/2015\/10\/Audi-S3-Sedan-det13.jpg\"><img decoding=\"async\" class=\"aligncenter size-meia-largura-post wp-image-64683 lazyload\" data-src=\"https:\/\/autolivraria.com.br\/bc\/wp-content\/uploads\/2015\/10\/Audi-S3-Sedan-det13-227x151.jpg\" alt=\"Audi S3 Sedan\" width=\"227\" height=\"151\" data-srcset=\"https:\/\/autolivraria.com.br\/bc\/wp-content\/uploads\/2015\/10\/Audi-S3-Sedan-det13-227x151.jpg 227w, https:\/\/autolivraria.com.br\/bc\/wp-content\/uploads\/2015\/10\/Audi-S3-Sedan-det13-356x237.jpg 356w, https:\/\/autolivraria.com.br\/bc\/wp-content\/uploads\/2015\/10\/Audi-S3-Sedan-det13-270x180.jpg 270w, https:\/\/autolivraria.com.br\/bc\/wp-content\/uploads\/2015\/10\/Audi-S3-Sedan-det13.jpg 640w\" data-sizes=\"(max-width: 227px) 100vw, 227px\" src=\"data:image\/svg+xml;base64,PHN2ZyB3aWR0aD0iMSIgaGVpZ2h0PSIxIiB4bWxucz0iaHR0cDovL3d3dy53My5vcmcvMjAwMC9zdmciPjwvc3ZnPg==\" style=\"--smush-placeholder-width: 227px; --smush-placeholder-aspect-ratio: 227\/151;\" \/><\/a>\n\t\t\t\t<\/div>\n<div class='one_third last'>\n\t\t\t\t\t<a href=\"https:\/\/autolivraria.com.br\/bc\/wp-content\/uploads\/2015\/10\/Audi-S3-Sedan-det12.jpg\"><img decoding=\"async\" class=\"aligncenter size-meia-largura-post wp-image-64684 lazyload\" data-src=\"https:\/\/autolivraria.com.br\/bc\/wp-content\/uploads\/2015\/10\/Audi-S3-Sedan-det12-227x151.jpg\" alt=\"Audi S3 Sedan\" width=\"227\" height=\"151\" data-srcset=\"https:\/\/autolivraria.com.br\/bc\/wp-content\/uploads\/2015\/10\/Audi-S3-Sedan-det12-227x151.jpg 227w, https:\/\/autolivraria.com.br\/bc\/wp-content\/uploads\/2015\/10\/Audi-S3-Sedan-det12-356x237.jpg 356w, https:\/\/autolivraria.com.br\/bc\/wp-content\/uploads\/2015\/10\/Audi-S3-Sedan-det12-270x180.jpg 270w, https:\/\/autolivraria.com.br\/bc\/wp-content\/uploads\/2015\/10\/Audi-S3-Sedan-det12.jpg 640w\" data-sizes=\"(max-width: 227px) 100vw, 227px\" src=\"data:image\/svg+xml;base64,PHN2ZyB3aWR0aD0iMSIgaGVpZ2h0PSIxIiB4bWxucz0iaHR0cDovL3d3dy53My5vcmcvMjAwMC9zdmciPjwvc3ZnPg==\" style=\"--smush-placeholder-width: 227px; --smush-placeholder-aspect-ratio: 227\/151;\" \/><\/a>\n\t\t\t\t<\/div><div class='clear'><\/div>\n<p style=\"text-align: center;\"><em>\u00a0<\/em><br \/>\n<em>Instrumentos claros com cron\u00f4metro de volta, tecla configur\u00e1vel no volante, ajustes el\u00e9tricos de bancos, seletor de modos de condu\u00e7\u00e3o e configurador com imagens animadas<\/em><\/p>\n<p>&nbsp;<\/p>\n<p>Para quem quer desfrutar toda sua esportividade, o melhor \u00e9 manter selecionado o modo Dynamic, que deixa o acelerador e o c\u00e2mbio &#8220;espertos&#8221;, al\u00e9m de abrir borboletas no escapamento para produzir um som encorpado desde o momento da partida, na medida certa para dar sensa\u00e7\u00e3o de pot\u00eancia sem incomodar. Acelerado a pleno com o uso do assistente de largada, um roteiro simples de acionar (<em>leia abaixo<\/em>) o S3 n\u00e3o perde um instante sequer com pneus girando em falso: simplesmente empurra seus 1.460 kg com firmeza \u00e0 frente, com as costas pressionadas contra o banco, as trocas de marcha instant\u00e2neas do S-Tronic e o motor emitindo um &#8220;suspiro&#8221; intenso ap\u00f3s cada uma delas.<\/p>\n<p>Os 100 km\/h chegam r\u00e1pido, em 5,6 segundos, e em 12,1 s j\u00e1 se est\u00e1 a 160 km\/h. Se houver lugar para isso, como no pa\u00eds de origem da marca, manter essa velocidade ou algo mais \u00e9 t\u00e3o sereno quanto 100 em qualquer carro comum, com peso de dire\u00e7\u00e3o exato e absoluta estabilidade direcional e em curvas de alta. O c\u00e1lculo de c\u00e2mbio foi para desempenho:\u00a0a velocidade m\u00e1xima, limitada pela central eletr\u00f4nica a 250 km\/h, \u00e9 atingida em sexta marcha a 5.800 rpm, dentro da faixa de maior pot\u00eancia. Mesmo assim, os regimes em rodovia s\u00e3o moderados; a\u00a0120 km\/h o motor est\u00e1 a 2.800 rpm e a 200 chegaria a 4.650 rpm.<\/p>\n<table border=\"0\">\n<tbody>\n<tr>\n<td><a href='https:\/\/autolivraria.com.br\/bc\/informe-se\/avaliacao\/teste-audi-s3-sedan-assegura-diversao-em-formato-familiar\/3\/' class='small-button smallsilver'>Pr\u00f3xima parte<\/a><\/td>\n<\/tr>\n<\/tbody>\n<\/table>\n<p>&nbsp;<\/p>\n<div class='et-box et-shadow'>\n\t\t\t\t\t<div class='et-box-content'><h2>Coment\u00e1rio t\u00e9cnico<\/h2>\n<table style=\"width: 100%;\">\n<tbody>\n<tr>\n<td><a href=\"https:\/\/autolivraria.com.br\/bc\/wp-content\/uploads\/2015\/10\/Audi-S3-Sedan-tecnica-02.jpg\"><img decoding=\"async\" class=\"alignnone size-medium wp-image-64685 lazyload\" data-src=\"https:\/\/autolivraria.com.br\/bc\/wp-content\/uploads\/2015\/10\/Audi-S3-Sedan-tecnica-02-356x237.jpg\" alt=\"Audi S3 Sedan\" width=\"356\" height=\"237\" data-srcset=\"https:\/\/autolivraria.com.br\/bc\/wp-content\/uploads\/2015\/10\/Audi-S3-Sedan-tecnica-02-356x237.jpg 356w, https:\/\/autolivraria.com.br\/bc\/wp-content\/uploads\/2015\/10\/Audi-S3-Sedan-tecnica-02-743x495.jpg 743w, https:\/\/autolivraria.com.br\/bc\/wp-content\/uploads\/2015\/10\/Audi-S3-Sedan-tecnica-02-227x151.jpg 227w, https:\/\/autolivraria.com.br\/bc\/wp-content\/uploads\/2015\/10\/Audi-S3-Sedan-tecnica-02-270x180.jpg 270w, https:\/\/autolivraria.com.br\/bc\/wp-content\/uploads\/2015\/10\/Audi-S3-Sedan-tecnica-02.jpg 1280w\" data-sizes=\"(max-width: 356px) 100vw, 356px\" src=\"data:image\/svg+xml;base64,PHN2ZyB3aWR0aD0iMSIgaGVpZ2h0PSIxIiB4bWxucz0iaHR0cDovL3d3dy53My5vcmcvMjAwMC9zdmciPjwvc3ZnPg==\" style=\"--smush-placeholder-width: 356px; --smush-placeholder-aspect-ratio: 356\/237;\" \/><\/a><\/td>\n<td><a href=\"https:\/\/autolivraria.com.br\/bc\/wp-content\/uploads\/2015\/10\/Audi-S3-Sedan-tecnica-01.jpg\"><img decoding=\"async\" class=\"alignnone size-medium wp-image-64686 lazyload\" data-src=\"https:\/\/autolivraria.com.br\/bc\/wp-content\/uploads\/2015\/10\/Audi-S3-Sedan-tecnica-01-356x237.jpg\" alt=\"Audi S3 Sedan\" width=\"356\" height=\"237\" data-srcset=\"https:\/\/autolivraria.com.br\/bc\/wp-content\/uploads\/2015\/10\/Audi-S3-Sedan-tecnica-01-356x237.jpg 356w, https:\/\/autolivraria.com.br\/bc\/wp-content\/uploads\/2015\/10\/Audi-S3-Sedan-tecnica-01-743x495.jpg 743w, https:\/\/autolivraria.com.br\/bc\/wp-content\/uploads\/2015\/10\/Audi-S3-Sedan-tecnica-01-227x151.jpg 227w, https:\/\/autolivraria.com.br\/bc\/wp-content\/uploads\/2015\/10\/Audi-S3-Sedan-tecnica-01-270x180.jpg 270w, https:\/\/autolivraria.com.br\/bc\/wp-content\/uploads\/2015\/10\/Audi-S3-Sedan-tecnica-01.jpg 1280w\" data-sizes=\"(max-width: 356px) 100vw, 356px\" src=\"data:image\/svg+xml;base64,PHN2ZyB3aWR0aD0iMSIgaGVpZ2h0PSIxIiB4bWxucz0iaHR0cDovL3d3dy53My5vcmcvMjAwMC9zdmciPjwvc3ZnPg==\" style=\"--smush-placeholder-width: 356px; --smush-placeholder-aspect-ratio: 356\/237;\" \/><\/a><\/td>\n<\/tr>\n<tr>\n<td colspan=\"2\"><em>Motor com t\u00e9cnicas modernas desenvolve 141 cv\/l; tra\u00e7\u00e3o integral opera com mais torque \u00e0 frente<\/em><\/td>\n<\/tr>\n<\/tbody>\n<\/table>\n<p>\u2022 O motor EA-288 do S3 tem, segundo a Audi, apenas a cilindrada e as medidas de di\u00e2metro e curso (as mesmas, ali\u00e1s, desde o AP-2000 do <a href=\"https:\/\/www.autolivraria.com.br\/classicos\/santana-1.htm\" target=\"_blank\">VW Santana<\/a>) em comum ao da gera\u00e7\u00e3o anterior. Com redu\u00e7\u00e3o de peso em 5 kg, o novo 2,0-litros usa recursos como duplo sistema de inje\u00e7\u00e3o de combust\u00edvel, <a href=\"https:\/\/autolivraria.com.br\/bc\/glossario-v\/#vari\" target=\"_blank\">varia\u00e7\u00e3o de tempo de abertura<\/a> e do <a href=\"https:\/\/autolivraria.com.br\/bc\/glossario-c\/#coma\" target=\"_blank\">levantamento das v\u00e1lvulas<\/a>, <a href=\"https:\/\/autolivraria.com.br\/bc\/glossario-p\/#para\" target=\"_blank\">parada e partida autom\u00e1ticas<\/a> e coletor de escapamento integrado ao cabe\u00e7ote, al\u00e9m de duas <a href=\"https:\/\/autolivraria.com.br\/bc\/glossario-a\/#arvo\" target=\"_blank\">\u00e1rvores de balanceamento<\/a> para anular vibra\u00e7\u00f5es. Uma caracter\u00edstica inesperada hoje \u00e9 o bloco de ferro fundido, que agrava a concentra\u00e7\u00e3o de peso sobre o eixo dianteiro \u2014 algumas marcas relutam em empregar alum\u00ednio em motores turbo de alta pot\u00eancia, alegando maior resist\u00eancia do ferro.<\/p>\n<p>\u2022 O turbocompressor opera com press\u00e3o m\u00e1xima de 1,2 bar. A <a href=\"https:\/\/autolivraria.com.br\/bc\/glossario-i\/#inje\" target=\"_blank\">inje\u00e7\u00e3o direta<\/a> atua no momento da partida e em condi\u00e7\u00f5es de grande solicita\u00e7\u00e3o de pot\u00eancia, enquanto a indireta (a tradicional, que injeta no coletor de admiss\u00e3o) funciona em carga parcial, ou seja, com acelerador menos aberto. A sincronia entre virabrequim e comandos de v\u00e1lvulas \u00e9 por meio de corrente.<\/p>\n<p>\u2022 A conhecida caixa de c\u00e2mbio automatizada de dupla embreagem S-Tronic, solu\u00e7\u00e3o na qual a Audi foi pioneira em 2003 com o sistema DSG do cup\u00ea TT, usa neste caso seis marchas e embreagens banhadas em \u00f3leo, que resistem a torques mais altos que o sistema a seco\u00a0do\u00a0A3 importado de 1,4 litro (o modelo fabricado no Brasil ganhou c\u00e2mbio autom\u00e1tico). Como em outros carros do grupo com esse tipo de c\u00e2mbio, existem duas rela\u00e7\u00f5es finais, uma delas apenas para quinta e sexta marchas, al\u00e9m da r\u00e9.<\/p>\n<table style=\"width: 100%;\">\n<tbody>\n<tr>\n<td><a href=\"https:\/\/autolivraria.com.br\/bc\/wp-content\/uploads\/2015\/10\/Audi-S3-Sedan-susp-diant.jpg\"><img decoding=\"async\" class=\"alignnone size-medium wp-image-64687 lazyload\" data-src=\"https:\/\/autolivraria.com.br\/bc\/wp-content\/uploads\/2015\/10\/Audi-S3-Sedan-susp-diant-356x237.jpg\" alt=\"Audi S3 Sedan\" width=\"356\" height=\"237\" data-srcset=\"https:\/\/autolivraria.com.br\/bc\/wp-content\/uploads\/2015\/10\/Audi-S3-Sedan-susp-diant-356x237.jpg 356w, https:\/\/autolivraria.com.br\/bc\/wp-content\/uploads\/2015\/10\/Audi-S3-Sedan-susp-diant-743x495.jpg 743w, https:\/\/autolivraria.com.br\/bc\/wp-content\/uploads\/2015\/10\/Audi-S3-Sedan-susp-diant-227x151.jpg 227w, https:\/\/autolivraria.com.br\/bc\/wp-content\/uploads\/2015\/10\/Audi-S3-Sedan-susp-diant-270x180.jpg 270w, https:\/\/autolivraria.com.br\/bc\/wp-content\/uploads\/2015\/10\/Audi-S3-Sedan-susp-diant.jpg 1280w\" data-sizes=\"(max-width: 356px) 100vw, 356px\" src=\"data:image\/svg+xml;base64,PHN2ZyB3aWR0aD0iMSIgaGVpZ2h0PSIxIiB4bWxucz0iaHR0cDovL3d3dy53My5vcmcvMjAwMC9zdmciPjwvc3ZnPg==\" style=\"--smush-placeholder-width: 356px; --smush-placeholder-aspect-ratio: 356\/237;\" \/><\/a><\/td>\n<td><a href=\"https:\/\/autolivraria.com.br\/bc\/wp-content\/uploads\/2015\/10\/Audi-S3-Sedan-susp-tras.jpg\"><img decoding=\"async\" class=\"alignnone size-medium wp-image-64688 lazyload\" data-src=\"https:\/\/autolivraria.com.br\/bc\/wp-content\/uploads\/2015\/10\/Audi-S3-Sedan-susp-tras-356x237.jpg\" alt=\"Audi S3 Sedan\" width=\"356\" height=\"237\" data-srcset=\"https:\/\/autolivraria.com.br\/bc\/wp-content\/uploads\/2015\/10\/Audi-S3-Sedan-susp-tras-356x237.jpg 356w, https:\/\/autolivraria.com.br\/bc\/wp-content\/uploads\/2015\/10\/Audi-S3-Sedan-susp-tras-743x495.jpg 743w, https:\/\/autolivraria.com.br\/bc\/wp-content\/uploads\/2015\/10\/Audi-S3-Sedan-susp-tras-227x151.jpg 227w, https:\/\/autolivraria.com.br\/bc\/wp-content\/uploads\/2015\/10\/Audi-S3-Sedan-susp-tras-270x180.jpg 270w, https:\/\/autolivraria.com.br\/bc\/wp-content\/uploads\/2015\/10\/Audi-S3-Sedan-susp-tras.jpg 1280w\" data-sizes=\"(max-width: 356px) 100vw, 356px\" src=\"data:image\/svg+xml;base64,PHN2ZyB3aWR0aD0iMSIgaGVpZ2h0PSIxIiB4bWxucz0iaHR0cDovL3d3dy53My5vcmcvMjAwMC9zdmciPjwvc3ZnPg==\" style=\"--smush-placeholder-width: 356px; --smush-placeholder-aspect-ratio: 356\/237;\" \/><\/a><\/td>\n<\/tr>\n<tr>\n<td colspan=\"2\"><em>Suspens\u00e3o dianteira (\u00e0 esquerda) usa subchassi de alum\u00ednio; na traseira, conceito multibra\u00e7o<\/em><\/td>\n<\/tr>\n<\/tbody>\n<\/table>\n<p>\u2022 A Audi trabalha com sistemas bem diversos de tra\u00e7\u00e3o integral entre os modelos de motor transversal, caso do A3\/S3, e os de longitudinal, como A4 e superiores \u2014 embora todos recebam a identifica\u00e7\u00e3o Quattro, ou quatro em italiano, marca inaugurada em 1980 no <a href=\"https:\/\/www.autolivraria.com.br\/classicos\/quattro-1.htm\" target=\"_blank\">cup\u00ea esportivo da linha 80<\/a>. O S3 usa o sistema Haldex de embreagem multidisco montada pr\u00f3xima ao diferencial traseiro e, em condi\u00e7\u00f5es normais, todo ou quase todo o torque \u00e9 mantido nas rodas dianteiras: a tra\u00e7\u00e3o suplementar s\u00f3 entra em a\u00e7\u00e3o quando h\u00e1 ind\u00edcio de perda de ader\u00eancia naquelas rodas, sendo por isso chamado de sistema sob demanda. O gerenciamento dessa atua\u00e7\u00e3o \u00e9 eletr\u00f4nico.\u00a0Nos modelos superiores a distribui\u00e7\u00e3o entre os eixos \u00e9 permanente e, em alguns casos, as rodas traseiras recebem 60% do torque em condi\u00e7\u00f5es normais para tentar conferir ao carro o comportamento t\u00edpico de uma tra\u00e7\u00e3o traseira.<\/p>\n<p>\u2022 A linha A3 baseia-se na plataforma MQB, sigla em alem\u00e3o para Modularer Querbaukasten ou matriz modular com motor transversal. J\u00e1 aplicada tamb\u00e9m a VW Golf, Touran, Passat e o novo Tiguan; Audi TT; Seat Leon e Skoda Octavia e Superb, essa arquitetura destaca-se pela facilidade com que se alteram dimens\u00f5es como dist\u00e2ncia entre eixos e largura, reduzindo custos para a implanta\u00e7\u00e3o em carros de diferentes segmentos. No S3, o cap\u00f4 de alum\u00ednio contribui para reduzir o peso nessa regi\u00e3o.<\/p>\n<p>\u2022 As suspens\u00f5es seguem conceitos comuns em carros de sua categoria: dianteira McPherson e traseira multibra\u00e7o, ambas independentes e montadas em <a href=\"https:\/\/autolivraria.com.br\/bc\/glossario-s\/#subc\" target=\"_blank\">subchassis<\/a> para isolamento de vibra\u00e7\u00f5es (o dianteiro \u00e9 de alum\u00ednio para menor peso). Em rela\u00e7\u00e3o ao A3 comum, o S3 passa por uma recalibra\u00e7\u00e3o e tem a altura de rodagem reduzida em 25 mm. Os freios usam discos ventilados tamb\u00e9m na traseira.<\/p><\/div><\/div>\n<p>&nbsp;<\/p>\n<div class='et-box et-shadow'>\n\t\t\t\t\t<div class='et-box-content'><h2>Desempenho e consumo<\/h2>\n<p>Audi S3 ou <a href=\"https:\/\/autolivraria.com.br\/bc\/informe-se\/avaliacao\/bmw-avaliacao\/teste-bmw-m-135i-tradicao-temperada-a-muita-esportividade\/\" target=\"_blank\">BMW M 135i<\/a>, qual o mais r\u00e1pido? Embora a compara\u00e7\u00e3o entre um sed\u00e3 e um hatch n\u00e3o seja ideal, \u00e9 o que temos ao confrontar esta avalia\u00e7\u00e3o \u00e0 do b\u00e1varo testado h\u00e1 um ano. Com 40 cv adicionais e mais duas marchas no c\u00e2mbio, mas sem a motricidade da tra\u00e7\u00e3o integral do S3, o M 135i foi mais r\u00e1pido nas acelera\u00e7\u00f5es, como ao passar de 0 a 100 km\/h em 5,2 segundos, mas o Audi ficou longe de decepcionar e tamb\u00e9m garantiu seu lugar entre os carros de melhor desempenho que j\u00e1 passaram por nossa pista. Levamos suas medi\u00e7\u00f5es\u00a0at\u00e9 160 km\/h, em vez dos 120 habituais, para mostrar o que ele poderia fazer em locais mais permissivos que as rodovias brasileiras.<\/p>\n<p>O assistente de largada do S3, que monitora os par\u00e2metros do carro para obter a melhor acelera\u00e7\u00e3o poss\u00edvel com m\u00ednima perda de ader\u00eancia, \u00e9 simples de acionar: freia-se com o p\u00e9 esquerdo, aperta-se o bot\u00e3o no painel at\u00e9 desativar o controle eletr\u00f4nico de estabilidade (n\u00e3o basta um s\u00f3 toque, que o coloca em programa\u00e7\u00e3o esportiva), muda-se a alavanca de c\u00e2mbio para a posi\u00e7\u00e3o <em>S<\/em> e pisa-se at\u00e9 o fim no acelerador.\u00a0O motor vai ent\u00e3o at\u00e9 4.000 rpm e, liberado o freio, tem-se uma arrancada intensa e &#8220;limpa&#8221; \u2014 o carro simplesmente sai muito r\u00e1pido, sem sobressaltos.\u00a0O sistema \u00e9 t\u00e3o regular que, no teste em asfalto seco, as seis medi\u00e7\u00f5es de 0 a 100 km\/h levaram a tempos quase id\u00eanticos. Ainda, enquanto n\u00e3o se desligar o motor, basta repetir o uso combinado dos pedais para nova arrancada com o assistente.<\/p>\n<p>O S3 foi \u00e1gil tamb\u00e9m em retomadas, mas n\u00e3o cabe compara\u00e7\u00e3o ao M 135i neste caso: at\u00e9 fins do ano passado nosso m\u00e9todo para\u00a0essa prova, diferente do atual, levava a tempos menores. E o Audi mostrou-se mais econ\u00f4mico nos trajetos urbanos, embora pouco menos no rodovi\u00e1rio. Apesar de consumo n\u00e3o ser relevante para quem compra esportivos como esses, \u00e9 interessante notar como a efici\u00eancia dos trens de for\u00e7a tem trazido bons resultados nesse campo\u00a0\u2014 desde que se modere no acelerador, \u00e9 claro.<\/p><\/div><\/div>\n<p>&nbsp;<\/p>\n<div class='code-block code-block-7' style='margin: 28px auto; text-align: center; display: block; clear: both;'>\n<br>\n<div align=\"center\">\n<a target=\"_blank\" href=\"https:\/\/bestcars.com.br\/bc\/\">\n<img decoding=\"async\" data-src=\"https:\/\/bestcars.com.br\/bc\/wp-content\/uploads\/2021\/07\/Auto-Livraria-450x300-quadros.jpg\" alt=\"Auto Livraria\" src=\"data:image\/svg+xml;base64,PHN2ZyB3aWR0aD0iMSIgaGVpZ2h0PSIxIiB4bWxucz0iaHR0cDovL3d3dy53My5vcmcvMjAwMC9zdmciPjwvc3ZnPg==\" class=\"lazyload\"><\/a>\n<\/div>\n<br><\/div>\n\n<p>&nbsp;<\/p>\n<div class='et-box et-shadow'>\n\t\t\t\t\t<div class='et-box-content'><table id=\"table6087\" border=\"0\" width=\"100%\" cellspacing=\"0\" cellpadding=\"3\">\n<tbody>\n<tr>\n<td colspan=\"2\" valign=\"top\"><strong>Acelera\u00e7\u00e3o<\/strong><\/td>\n<\/tr>\n<tr>\n<td style=\"width: 50%;\" valign=\"top\">0 a 100 km\/h<\/td>\n<td style=\"width: 50%;\" valign=\"top\">5,6 s<\/td>\n<\/tr>\n<tr>\n<td style=\"width: 50%;\" valign=\"top\">0 a 120 km\/h<\/td>\n<td style=\"width: 50%;\" valign=\"top\">7,2 s<\/td>\n<\/tr>\n<tr>\n<td style=\"width: 50%;\" valign=\"top\">0 a 160 km\/h<\/td>\n<td style=\"width: 50%;\" valign=\"top\">12,1 s<\/td>\n<\/tr>\n<tr>\n<td style=\"width: 50%;\" valign=\"top\">0 a 400 m<\/td>\n<td style=\"width: 50%;\" valign=\"top\">13,9 s<\/td>\n<\/tr>\n<tr>\n<td style=\"width: 50%;\" colspan=\"2\" valign=\"top\"><strong>Retomada<\/strong><\/td>\n<\/tr>\n<tr>\n<td style=\"width: 50%;\" valign=\"top\">60 a 100 km\/h*<\/td>\n<td style=\"width: 50%;\" valign=\"top\">4,5 s<\/td>\n<\/tr>\n<tr>\n<td style=\"width: 50%;\" valign=\"top\">60 a 120 km\/h*<\/td>\n<td style=\"width: 50%;\" valign=\"top\">5,8 s<\/td>\n<\/tr>\n<tr>\n<td style=\"width: 50%;\" valign=\"top\">80 a 120 km\/h*<\/td>\n<td style=\"width: 50%;\" valign=\"top\">4,9 s<\/td>\n<\/tr>\n<tr>\n<td style=\"width: 50%;\" valign=\"top\">80 a 160 km\/h*<\/td>\n<td style=\"width: 50%;\" valign=\"top\">10,3 s<\/td>\n<\/tr>\n<tr>\n<td style=\"width: 50%;\" colspan=\"2\" valign=\"top\"><strong>Consumo<\/strong><\/td>\n<\/tr>\n<tr>\n<td style=\"width: 50%;\" valign=\"top\">Trajeto leve em cidade<\/td>\n<td style=\"width: 50%;\" valign=\"top\">10,9 km\/l<\/td>\n<\/tr>\n<tr>\n<td style=\"width: 50%;\" valign=\"top\">Trajeto exigente em cidade<\/td>\n<td style=\"width: 50%;\" valign=\"top\">5,5 km\/l<\/td>\n<\/tr>\n<tr>\n<td style=\"width: 50%;\" valign=\"top\">Trajeto em rodovia<\/td>\n<td style=\"width: 50%;\" valign=\"top\">12,7 km\/l<\/td>\n<\/tr>\n<tr>\n<td style=\"width: 50%;\" colspan=\"2\" valign=\"top\"><strong>Autonomia<\/strong><\/td>\n<\/tr>\n<tr>\n<td style=\"width: 50%;\" valign=\"top\">Trajeto leve em cidade<\/td>\n<td style=\"width: 50%;\" valign=\"top\">540 km<\/td>\n<\/tr>\n<tr>\n<td style=\"width: 50%;\" valign=\"top\">Trajeto exigente em cidade<\/td>\n<td style=\"width: 50%;\" valign=\"top\">272 km<\/td>\n<\/tr>\n<tr>\n<td style=\"width: 50%;\" valign=\"top\">Trajeto em rodovia<\/td>\n<td style=\"width: 50%;\" valign=\"top\">629 km<\/td>\n<\/tr>\n<tr>\n<td colspan=\"2\" valign=\"top\" width=\"100%\">Testes efetuados com gasolina; *com redu\u00e7\u00f5es autom\u00e1ticas; <a title=\"M\u00e9todos de medi\u00e7\u00e3o de desempenho e consumo\" href=\"https:\/\/autolivraria.com.br\/bc\/metodos-de-medicao-de-desempenho-e-consumo\/\" target=\"_blank\">conhe\u00e7a nossos m\u00e9todos de medi\u00e7\u00e3o<\/a><\/td>\n<\/tr>\n<\/tbody>\n<\/table><\/div><\/div>\n<p>&nbsp;<\/p>\n<div class='et-box et-shadow'>\n\t\t\t\t\t<div class='et-box-content'><h2>Dados do fabricante<\/h2>\n<table id=\"table61\" style=\"width: 100%;\" border=\"0\" cellspacing=\"0\" cellpadding=\"3\">\n<tbody>\n<tr>\n<td style=\"width: 50%;\" valign=\"top\">Velocidade m\u00e1xima<\/td>\n<td style=\"width: 50%;\" valign=\"top\">250 km\/h<\/td>\n<\/tr>\n<tr>\n<td style=\"width: 50%;\" valign=\"top\">Acelera\u00e7\u00e3o de 0 a 100 km\/h<\/td>\n<td style=\"width: 50%;\" valign=\"top\">4,9 s<\/td>\n<\/tr>\n<tr>\n<td colspan=\"2\" valign=\"top\" width=\"50%\">Consumo n\u00e3o dispon\u00edvel<\/td>\n<\/tr>\n<\/tbody>\n<\/table><\/div><\/div>\n<table border=\"0\">\n<tbody>\n<tr>\n<td><a href='https:\/\/autolivraria.com.br\/bc\/informe-se\/avaliacao\/teste-audi-s3-sedan-assegura-diversao-em-formato-familiar\/3\/' class='small-button smallsilver'>Pr\u00f3xima parte<\/a><\/td>\n<\/tr>\n<\/tbody>\n<\/table>\n<p>&nbsp;<\/p>\n<p><!--nextpage--><\/p>\n<p><a href=\"https:\/\/autolivraria.com.br\/bc\/wp-content\/uploads\/2015\/10\/Audi-S3-Sedan-38.jpg\"><img decoding=\"async\" class=\"aligncenter size-large wp-image-64689 lazyload\" data-src=\"https:\/\/autolivraria.com.br\/bc\/wp-content\/uploads\/2015\/10\/Audi-S3-Sedan-38-743x495.jpg\" alt=\"Audi S3 Sedan\" width=\"743\" height=\"495\" data-srcset=\"https:\/\/autolivraria.com.br\/bc\/wp-content\/uploads\/2015\/10\/Audi-S3-Sedan-38-743x495.jpg 743w, https:\/\/autolivraria.com.br\/bc\/wp-content\/uploads\/2015\/10\/Audi-S3-Sedan-38-356x237.jpg 356w, https:\/\/autolivraria.com.br\/bc\/wp-content\/uploads\/2015\/10\/Audi-S3-Sedan-38-227x151.jpg 227w, https:\/\/autolivraria.com.br\/bc\/wp-content\/uploads\/2015\/10\/Audi-S3-Sedan-38-270x180.jpg 270w, https:\/\/autolivraria.com.br\/bc\/wp-content\/uploads\/2015\/10\/Audi-S3-Sedan-38.jpg 1280w\" data-sizes=\"(max-width: 743px) 100vw, 743px\" src=\"data:image\/svg+xml;base64,PHN2ZyB3aWR0aD0iMSIgaGVpZ2h0PSIxIiB4bWxucz0iaHR0cDovL3d3dy53My5vcmcvMjAwMC9zdmciPjwvc3ZnPg==\" style=\"--smush-placeholder-width: 743px; --smush-placeholder-aspect-ratio: 743\/495;\" \/><\/a><\/p>\n<p>&nbsp;<\/p>\n<div class='one_third'>\n\t\t\t\t\t<a href=\"https:\/\/autolivraria.com.br\/bc\/wp-content\/uploads\/2015\/10\/Audi-S3-Sedan-34.jpg\"><img decoding=\"async\" class=\"aligncenter size-meia-largura-post wp-image-64690 lazyload\" data-src=\"https:\/\/autolivraria.com.br\/bc\/wp-content\/uploads\/2015\/10\/Audi-S3-Sedan-34-227x151.jpg\" alt=\"Audi S3 Sedan\" width=\"227\" height=\"151\" data-srcset=\"https:\/\/autolivraria.com.br\/bc\/wp-content\/uploads\/2015\/10\/Audi-S3-Sedan-34-227x151.jpg 227w, https:\/\/autolivraria.com.br\/bc\/wp-content\/uploads\/2015\/10\/Audi-S3-Sedan-34-356x237.jpg 356w, https:\/\/autolivraria.com.br\/bc\/wp-content\/uploads\/2015\/10\/Audi-S3-Sedan-34-743x495.jpg 743w, https:\/\/autolivraria.com.br\/bc\/wp-content\/uploads\/2015\/10\/Audi-S3-Sedan-34-270x180.jpg 270w, https:\/\/autolivraria.com.br\/bc\/wp-content\/uploads\/2015\/10\/Audi-S3-Sedan-34.jpg 1280w\" data-sizes=\"(max-width: 227px) 100vw, 227px\" src=\"data:image\/svg+xml;base64,PHN2ZyB3aWR0aD0iMSIgaGVpZ2h0PSIxIiB4bWxucz0iaHR0cDovL3d3dy53My5vcmcvMjAwMC9zdmciPjwvc3ZnPg==\" style=\"--smush-placeholder-width: 227px; --smush-placeholder-aspect-ratio: 227\/151;\" \/><\/a>\n\t\t\t\t<\/div>\n<div class='one_third'>\n\t\t\t\t\t<a href=\"https:\/\/autolivraria.com.br\/bc\/wp-content\/uploads\/2015\/10\/Audi-S3-Sedan-40.jpg\"><img decoding=\"async\" class=\"aligncenter size-meia-largura-post wp-image-64691 lazyload\" data-src=\"https:\/\/autolivraria.com.br\/bc\/wp-content\/uploads\/2015\/10\/Audi-S3-Sedan-40-227x151.jpg\" alt=\"Audi S3 Sedan\" width=\"227\" height=\"151\" data-srcset=\"https:\/\/autolivraria.com.br\/bc\/wp-content\/uploads\/2015\/10\/Audi-S3-Sedan-40-227x151.jpg 227w, https:\/\/autolivraria.com.br\/bc\/wp-content\/uploads\/2015\/10\/Audi-S3-Sedan-40-356x237.jpg 356w, https:\/\/autolivraria.com.br\/bc\/wp-content\/uploads\/2015\/10\/Audi-S3-Sedan-40-743x495.jpg 743w, https:\/\/autolivraria.com.br\/bc\/wp-content\/uploads\/2015\/10\/Audi-S3-Sedan-40-270x180.jpg 270w, https:\/\/autolivraria.com.br\/bc\/wp-content\/uploads\/2015\/10\/Audi-S3-Sedan-40.jpg 1280w\" data-sizes=\"(max-width: 227px) 100vw, 227px\" src=\"data:image\/svg+xml;base64,PHN2ZyB3aWR0aD0iMSIgaGVpZ2h0PSIxIiB4bWxucz0iaHR0cDovL3d3dy53My5vcmcvMjAwMC9zdmciPjwvc3ZnPg==\" style=\"--smush-placeholder-width: 227px; --smush-placeholder-aspect-ratio: 227\/151;\" \/><\/a>\n\t\t\t\t<\/div>\n<div class='one_third last'>\n\t\t\t\t\t<a href=\"https:\/\/autolivraria.com.br\/bc\/wp-content\/uploads\/2015\/10\/Audi-S3-Sedan-35.jpg\"><img decoding=\"async\" class=\"aligncenter size-meia-largura-post wp-image-64692 lazyload\" data-src=\"https:\/\/autolivraria.com.br\/bc\/wp-content\/uploads\/2015\/10\/Audi-S3-Sedan-35-227x151.jpg\" alt=\"Audi S3 Sedan\" width=\"227\" height=\"151\" data-srcset=\"https:\/\/autolivraria.com.br\/bc\/wp-content\/uploads\/2015\/10\/Audi-S3-Sedan-35-227x151.jpg 227w, https:\/\/autolivraria.com.br\/bc\/wp-content\/uploads\/2015\/10\/Audi-S3-Sedan-35-356x237.jpg 356w, https:\/\/autolivraria.com.br\/bc\/wp-content\/uploads\/2015\/10\/Audi-S3-Sedan-35-743x495.jpg 743w, https:\/\/autolivraria.com.br\/bc\/wp-content\/uploads\/2015\/10\/Audi-S3-Sedan-35-270x180.jpg 270w, https:\/\/autolivraria.com.br\/bc\/wp-content\/uploads\/2015\/10\/Audi-S3-Sedan-35.jpg 1280w\" data-sizes=\"(max-width: 227px) 100vw, 227px\" src=\"data:image\/svg+xml;base64,PHN2ZyB3aWR0aD0iMSIgaGVpZ2h0PSIxIiB4bWxucz0iaHR0cDovL3d3dy53My5vcmcvMjAwMC9zdmciPjwvc3ZnPg==\" style=\"--smush-placeholder-width: 227px; --smush-placeholder-aspect-ratio: 227\/151;\" \/><\/a>\n\t\t\t\t<\/div><div class='clear'><\/div>\n<p style=\"text-align: center;\"><em>\u00a0<\/em><br \/>\n<em>O motor de 280 cv fornece alto torque desde cedo e empurra muito bem a 1,4 tonelada do S3<\/em><\/p>\n<p>&nbsp;<\/p>\n<p>O c\u00e2mbio de dupla embreagem segue os padr\u00f5es de funcionamento dos Audis moderados, sem as peculiaridades da <a href=\"https:\/\/autolivraria.com.br\/bc\/informe-se\/avaliacao\/audi-avaliacao\/teste-audi-rs6-avant-muito-mais-que-a-soma-de-seus-numeros\/\" target=\"_blank\">RS6 Avant<\/a>\u00a0avaliada h\u00e1 um ano. Em modo manual, ao acelerar at\u00e9 o limite de giros ocorre troca autom\u00e1tica para cima ao redor de 6.600 rpm, assim como redu\u00e7\u00e3o ao acionar o fim de curso do pedal. Mudan\u00e7as manuais podem ser operadas pela alavanca seletora ou pelos comandos no volante, estes ativos tamb\u00e9m com a alavanca em posi\u00e7\u00e3o <em>D<\/em> \u2014 mas nesse caso volta \u00e0 atua\u00e7\u00e3o autom\u00e1tica segundos ap\u00f3s o uso.<\/p>\n<p>&nbsp;<\/p>\n<blockquote><p>Seu comportamento nas sa\u00eddas de curva \u00e9 primoroso; os pneus Pirelli PZero esbanjam ader\u00eancia e tornam improv\u00e1vel encontrar seu limite em vias p\u00fablicas<\/p><\/blockquote>\n<p>&nbsp;<\/p>\n<p>Embora a tra\u00e7\u00e3o integral com sistema Haldex do S3 mantenha mais torque enviado ao eixo dianteiro quase todo o tempo (<em>leia mais na p\u00e1gina anterior<\/em>), seu comportamento ao acelerar nas sa\u00eddas de curva \u00e9 primoroso, sem tend\u00eancia a <a href=\"https:\/\/autolivraria.com.br\/bc\/glossario-s\/#sube\" target=\"_blank\">subester\u00e7o<\/a>\u00a0excessivo ou a perder tra\u00e7\u00e3o com a roda dianteira interna. Os pneus Pirelli PZero em medida 225\/40 R 18 Y esbanjam ader\u00eancia e tornam improv\u00e1vel encontrar seu limite em vias p\u00fablicas, a ponto de n\u00e3o termos visto ou notado o controle de estabilidade atuar, por mais que exig\u00edssemos em curvas. Embora haja programa esportivo para ele e op\u00e7\u00e3o de desativa\u00e7\u00e3o, s\u00f3 mesmo o uso em circuito poderia justific\u00e1-los.\u00a0Freios o S3 tem de sobra, com discos ventilados de grande di\u00e2metro que seguram rodas e pneus largos. A resposta inicial do pedal, das mais r\u00e1pidas j\u00e1 vistas, causa algum desconforto aos n\u00e3o acostumados, mas traz a sensa\u00e7\u00e3o agrad\u00e1vel de grande poder de desacelera\u00e7\u00e3o.<\/p>\n<p>&nbsp;<\/p>\n<p>&nbsp;<\/p>\n<p>&nbsp;<\/p>\n<p><a href=\"https:\/\/autolivraria.com.br\/bc\/wp-content\/uploads\/2015\/10\/Audi-S3-Sedan-41.jpg\"><img decoding=\"async\" class=\"aligncenter size-large wp-image-64693 lazyload\" data-src=\"https:\/\/autolivraria.com.br\/bc\/wp-content\/uploads\/2015\/10\/Audi-S3-Sedan-41-743x495.jpg\" alt=\"Audi S3 Sedan\" width=\"743\" height=\"495\" data-srcset=\"https:\/\/autolivraria.com.br\/bc\/wp-content\/uploads\/2015\/10\/Audi-S3-Sedan-41-743x495.jpg 743w, https:\/\/autolivraria.com.br\/bc\/wp-content\/uploads\/2015\/10\/Audi-S3-Sedan-41-356x237.jpg 356w, https:\/\/autolivraria.com.br\/bc\/wp-content\/uploads\/2015\/10\/Audi-S3-Sedan-41-227x151.jpg 227w, https:\/\/autolivraria.com.br\/bc\/wp-content\/uploads\/2015\/10\/Audi-S3-Sedan-41-270x180.jpg 270w, https:\/\/autolivraria.com.br\/bc\/wp-content\/uploads\/2015\/10\/Audi-S3-Sedan-41.jpg 1280w\" data-sizes=\"(max-width: 743px) 100vw, 743px\" src=\"data:image\/svg+xml;base64,PHN2ZyB3aWR0aD0iMSIgaGVpZ2h0PSIxIiB4bWxucz0iaHR0cDovL3d3dy53My5vcmcvMjAwMC9zdmciPjwvc3ZnPg==\" style=\"--smush-placeholder-width: 743px; --smush-placeholder-aspect-ratio: 743\/495;\" \/><\/a><\/p>\n<p>&nbsp;<\/p>\n<div class='one_third'>\n\t\t\t\t\t<a href=\"https:\/\/autolivraria.com.br\/bc\/wp-content\/uploads\/2015\/10\/Audi-S3-Sedan-37.jpg\"><img decoding=\"async\" class=\"aligncenter size-meia-largura-post wp-image-64694 lazyload\" data-src=\"https:\/\/autolivraria.com.br\/bc\/wp-content\/uploads\/2015\/10\/Audi-S3-Sedan-37-227x151.jpg\" alt=\"Audi S3 Sedan\" width=\"227\" height=\"151\" data-srcset=\"https:\/\/autolivraria.com.br\/bc\/wp-content\/uploads\/2015\/10\/Audi-S3-Sedan-37-227x151.jpg 227w, https:\/\/autolivraria.com.br\/bc\/wp-content\/uploads\/2015\/10\/Audi-S3-Sedan-37-356x237.jpg 356w, https:\/\/autolivraria.com.br\/bc\/wp-content\/uploads\/2015\/10\/Audi-S3-Sedan-37-743x495.jpg 743w, https:\/\/autolivraria.com.br\/bc\/wp-content\/uploads\/2015\/10\/Audi-S3-Sedan-37-270x180.jpg 270w, https:\/\/autolivraria.com.br\/bc\/wp-content\/uploads\/2015\/10\/Audi-S3-Sedan-37.jpg 1280w\" data-sizes=\"(max-width: 227px) 100vw, 227px\" src=\"data:image\/svg+xml;base64,PHN2ZyB3aWR0aD0iMSIgaGVpZ2h0PSIxIiB4bWxucz0iaHR0cDovL3d3dy53My5vcmcvMjAwMC9zdmciPjwvc3ZnPg==\" style=\"--smush-placeholder-width: 227px; --smush-placeholder-aspect-ratio: 227\/151;\" \/><\/a>\n\t\t\t\t<\/div>\n<div class='one_third'>\n\t\t\t\t\t<a href=\"https:\/\/autolivraria.com.br\/bc\/wp-content\/uploads\/2015\/10\/Audi-S3-Sedan-44.jpg\"><img decoding=\"async\" class=\"aligncenter size-meia-largura-post wp-image-64695 lazyload\" data-src=\"https:\/\/autolivraria.com.br\/bc\/wp-content\/uploads\/2015\/10\/Audi-S3-Sedan-44-227x151.jpg\" alt=\"Audi S3 Sedan\" width=\"227\" height=\"151\" data-srcset=\"https:\/\/autolivraria.com.br\/bc\/wp-content\/uploads\/2015\/10\/Audi-S3-Sedan-44-227x151.jpg 227w, https:\/\/autolivraria.com.br\/bc\/wp-content\/uploads\/2015\/10\/Audi-S3-Sedan-44-356x237.jpg 356w, https:\/\/autolivraria.com.br\/bc\/wp-content\/uploads\/2015\/10\/Audi-S3-Sedan-44-743x495.jpg 743w, https:\/\/autolivraria.com.br\/bc\/wp-content\/uploads\/2015\/10\/Audi-S3-Sedan-44-270x180.jpg 270w, https:\/\/autolivraria.com.br\/bc\/wp-content\/uploads\/2015\/10\/Audi-S3-Sedan-44.jpg 1280w\" data-sizes=\"(max-width: 227px) 100vw, 227px\" src=\"data:image\/svg+xml;base64,PHN2ZyB3aWR0aD0iMSIgaGVpZ2h0PSIxIiB4bWxucz0iaHR0cDovL3d3dy53My5vcmcvMjAwMC9zdmciPjwvc3ZnPg==\" style=\"--smush-placeholder-width: 227px; --smush-placeholder-aspect-ratio: 227\/151;\" \/><\/a>\n\t\t\t\t<\/div>\n<div class='one_third last'>\n\t\t\t\t\t<a href=\"https:\/\/autolivraria.com.br\/bc\/wp-content\/uploads\/2015\/10\/Audi-S3-Sedan-39.jpg\"><img decoding=\"async\" class=\"aligncenter size-meia-largura-post wp-image-64696 lazyload\" data-src=\"https:\/\/autolivraria.com.br\/bc\/wp-content\/uploads\/2015\/10\/Audi-S3-Sedan-39-227x151.jpg\" alt=\"Audi S3 Sedan\" width=\"227\" height=\"151\" data-srcset=\"https:\/\/autolivraria.com.br\/bc\/wp-content\/uploads\/2015\/10\/Audi-S3-Sedan-39-227x151.jpg 227w, https:\/\/autolivraria.com.br\/bc\/wp-content\/uploads\/2015\/10\/Audi-S3-Sedan-39-356x237.jpg 356w, https:\/\/autolivraria.com.br\/bc\/wp-content\/uploads\/2015\/10\/Audi-S3-Sedan-39-743x495.jpg 743w, https:\/\/autolivraria.com.br\/bc\/wp-content\/uploads\/2015\/10\/Audi-S3-Sedan-39-270x180.jpg 270w, https:\/\/autolivraria.com.br\/bc\/wp-content\/uploads\/2015\/10\/Audi-S3-Sedan-39.jpg 1280w\" data-sizes=\"(max-width: 227px) 100vw, 227px\" src=\"data:image\/svg+xml;base64,PHN2ZyB3aWR0aD0iMSIgaGVpZ2h0PSIxIiB4bWxucz0iaHR0cDovL3d3dy53My5vcmcvMjAwMC9zdmciPjwvc3ZnPg==\" style=\"--smush-placeholder-width: 227px; --smush-placeholder-aspect-ratio: 227\/151;\" \/><\/a>\n\t\t\t\t<\/div><div class='clear'><\/div>\n<p style=\"text-align: center;\"><em>\u00a0<\/em><br \/>\n<em>Suspens\u00e3o firme e tra\u00e7\u00e3o integral garantem curvas &#8220;nos trilhos&#8221;, mas a traseira \u00e9 dura demais<\/em><\/p>\n<p>&nbsp;<\/p>\n<p>Nos modos mais &#8220;mansos&#8221; o S3 torna-se um carro t\u00e3o d\u00f3cil que poderia ser dirigido por qualquer um sem sustos, com respostas suaves ao acelerador e dire\u00e7\u00e3o leve em uso urbano. Mas para um elemento n\u00e3o foi prevista regulagem no mercado brasileiro e, com a calibra\u00e7\u00e3o voltada a desempenho, os ocupantes sofrem: a suspens\u00e3o traseira usa molas duras e amortecedores firmes ao extremo, que copiam toda e qualquer oscila\u00e7\u00e3o do piso e transmitem bem mais impactos e vibra\u00e7\u00f5es do que seria desej\u00e1vel (a dianteira \u00e9 firme em grau aceit\u00e1vel para a proposta).<\/p>\n<p>&nbsp;<\/p>\n<div class='code-block code-block-7' style='margin: 28px auto; text-align: center; display: block; clear: both;'>\n<script async src=\"https:\/\/pagead2.googlesyndication.com\/pagead\/js\/adsbygoogle.js\"><\/script>\n<!-- AL-quadrado -->\n<ins class=\"adsbygoogle\"\n     style=\"display:block\"\n     data-ad-client=\"ca-pub-1914799802606213\"\n     data-ad-slot=\"5683066082\"\n     data-ad-format=\"auto\"\n     data-full-width-responsive=\"true\"><\/ins>\n<script>\n     (adsbygoogle = window.adsbygoogle || []).push({});\n<\/script><\/div>\n\n<p>&nbsp;<\/p>\n<p>Esse ajuste quase de carro de corrida \u00e9 a nosso ver seu aspecto mais negativo, a ponto de recomendarmos aos interessados uma experi\u00eancia mais prolongada antes da compra. Para a Audi, fica a sugest\u00e3o de oferecer aqui o controle magneto-reol\u00f3gico de amortecedores dispon\u00edvel em outros mercados, que permitiria ajustar mais esse par\u00e2metro pelo seletor de modos de condu\u00e7\u00e3o, suavizando o rodar quando desejado.<\/p>\n<p>Vale a pena comprar um Audi S3 Sedan? Se o objetivo for um sed\u00e3 esportivo e confort\u00e1vel para uso cotidiano, h\u00e1 op\u00e7\u00f5es mais adequadas na faixa de pre\u00e7o, com espa\u00e7o superior e suspens\u00e3o mais macia. Entretanto, se a inten\u00e7\u00e3o for conciliar quatro portas e relativa acomoda\u00e7\u00e3o de passageiros e bagagem a desempenho e estabilidade empolgantes, facilidade para dirigir (muito) r\u00e1pido, mudan\u00e7as autom\u00e1ticas de marcha (quando desejadas, claro) e o prest\u00edgio de uma marca reconhecida por seus esportivos, h\u00e1 poucas op\u00e7\u00f5es t\u00e3o interessantes em sua regi\u00e3o de pre\u00e7o.<\/p>\n<table border=\"0\">\n<tbody>\n<tr>\n<td><a href='https:\/\/autolivraria.com.br\/bc\/avaliacoes\/' class='small-button smallsilver'>Mais Avalia\u00e7\u00f5es<\/a><\/td>\n<\/tr>\n<\/tbody>\n<\/table>\n<p>&nbsp;<\/p>\n<div class='et-box et-shadow'>\n\t\t\t\t\t<div class='et-box-content'><h2>Ficha t\u00e9cnica<\/h2>\n<div class='one_third'>\n\t\t\t\t\t<a href=\"https:\/\/autolivraria.com.br\/bc\/wp-content\/uploads\/2015\/10\/Audi-S3-Sedan-45.jpg\"><img decoding=\"async\" class=\"aligncenter size-meia-largura-post wp-image-64697 lazyload\" data-src=\"https:\/\/autolivraria.com.br\/bc\/wp-content\/uploads\/2015\/10\/Audi-S3-Sedan-45-227x151.jpg\" alt=\"Audi S3 Sedan\" width=\"227\" height=\"151\" data-srcset=\"https:\/\/autolivraria.com.br\/bc\/wp-content\/uploads\/2015\/10\/Audi-S3-Sedan-45-227x151.jpg 227w, https:\/\/autolivraria.com.br\/bc\/wp-content\/uploads\/2015\/10\/Audi-S3-Sedan-45-356x237.jpg 356w, https:\/\/autolivraria.com.br\/bc\/wp-content\/uploads\/2015\/10\/Audi-S3-Sedan-45-743x495.jpg 743w, https:\/\/autolivraria.com.br\/bc\/wp-content\/uploads\/2015\/10\/Audi-S3-Sedan-45-270x180.jpg 270w, https:\/\/autolivraria.com.br\/bc\/wp-content\/uploads\/2015\/10\/Audi-S3-Sedan-45.jpg 1280w\" data-sizes=\"(max-width: 227px) 100vw, 227px\" src=\"data:image\/svg+xml;base64,PHN2ZyB3aWR0aD0iMSIgaGVpZ2h0PSIxIiB4bWxucz0iaHR0cDovL3d3dy53My5vcmcvMjAwMC9zdmciPjwvc3ZnPg==\" style=\"--smush-placeholder-width: 227px; --smush-placeholder-aspect-ratio: 227\/151;\" \/><\/a>\n\t\t\t\t<\/div>\n<div class='one_third'>\n\t\t\t\t\t<a href=\"https:\/\/autolivraria.com.br\/bc\/wp-content\/uploads\/2015\/10\/Audi-S3-Sedan-motor.jpg\"><img decoding=\"async\" class=\"aligncenter size-meia-largura-post wp-image-64699 lazyload\" data-src=\"https:\/\/autolivraria.com.br\/bc\/wp-content\/uploads\/2015\/10\/Audi-S3-Sedan-motor-227x151.jpg\" alt=\"Audi S3 Sedan\" width=\"227\" height=\"151\" data-srcset=\"https:\/\/autolivraria.com.br\/bc\/wp-content\/uploads\/2015\/10\/Audi-S3-Sedan-motor-227x151.jpg 227w, https:\/\/autolivraria.com.br\/bc\/wp-content\/uploads\/2015\/10\/Audi-S3-Sedan-motor-356x237.jpg 356w, https:\/\/autolivraria.com.br\/bc\/wp-content\/uploads\/2015\/10\/Audi-S3-Sedan-motor-743x495.jpg 743w, https:\/\/autolivraria.com.br\/bc\/wp-content\/uploads\/2015\/10\/Audi-S3-Sedan-motor-270x180.jpg 270w, https:\/\/autolivraria.com.br\/bc\/wp-content\/uploads\/2015\/10\/Audi-S3-Sedan-motor.jpg 1280w\" data-sizes=\"(max-width: 227px) 100vw, 227px\" src=\"data:image\/svg+xml;base64,PHN2ZyB3aWR0aD0iMSIgaGVpZ2h0PSIxIiB4bWxucz0iaHR0cDovL3d3dy53My5vcmcvMjAwMC9zdmciPjwvc3ZnPg==\" style=\"--smush-placeholder-width: 227px; --smush-placeholder-aspect-ratio: 227\/151;\" \/><\/a>\n\t\t\t\t<\/div>\n<div class='one_third last'>\n\t\t\t\t\t<a href=\"https:\/\/autolivraria.com.br\/bc\/wp-content\/uploads\/2015\/10\/Audi-S3-Sedan-11.jpg\"><img decoding=\"async\" class=\"aligncenter size-meia-largura-post wp-image-64698 lazyload\" data-src=\"https:\/\/autolivraria.com.br\/bc\/wp-content\/uploads\/2015\/10\/Audi-S3-Sedan-11-227x151.jpg\" alt=\"Audi S3 Sedan\" width=\"227\" height=\"151\" data-srcset=\"https:\/\/autolivraria.com.br\/bc\/wp-content\/uploads\/2015\/10\/Audi-S3-Sedan-11-227x151.jpg 227w, https:\/\/autolivraria.com.br\/bc\/wp-content\/uploads\/2015\/10\/Audi-S3-Sedan-11-356x237.jpg 356w, https:\/\/autolivraria.com.br\/bc\/wp-content\/uploads\/2015\/10\/Audi-S3-Sedan-11-743x495.jpg 743w, https:\/\/autolivraria.com.br\/bc\/wp-content\/uploads\/2015\/10\/Audi-S3-Sedan-11-270x180.jpg 270w, https:\/\/autolivraria.com.br\/bc\/wp-content\/uploads\/2015\/10\/Audi-S3-Sedan-11.jpg 1280w\" data-sizes=\"(max-width: 227px) 100vw, 227px\" src=\"data:image\/svg+xml;base64,PHN2ZyB3aWR0aD0iMSIgaGVpZ2h0PSIxIiB4bWxucz0iaHR0cDovL3d3dy53My5vcmcvMjAwMC9zdmciPjwvc3ZnPg==\" style=\"--smush-placeholder-width: 227px; --smush-placeholder-aspect-ratio: 227\/151;\" \/><\/a>\n\t\t\t\t<\/div><div class='clear'><\/div>\n<p>&nbsp;<\/p>\n<table id=\"table61\" border=\"0\" width=\"100%\" cellspacing=\"0\" cellpadding=\"3\">\n<tbody>\n<tr>\n<td colspan=\"2\" valign=\"top\" width=\"50%\"><strong>Motor<\/strong><\/td>\n<\/tr>\n<tr>\n<td valign=\"top\" width=\"50%\">Posi\u00e7\u00e3o<\/td>\n<td valign=\"top\" width=\"50%\">transversal<\/td>\n<\/tr>\n<tr>\n<td valign=\"top\" width=\"50%\">Cilindros<\/td>\n<td valign=\"top\" width=\"50%\">4 em linha<\/td>\n<\/tr>\n<tr>\n<td valign=\"top\" width=\"50%\">Material do bloco\/cabe\u00e7ote<\/td>\n<td valign=\"top\" width=\"50%\">ferro fundido\/alum\u00ednio<\/td>\n<\/tr>\n<tr>\n<td valign=\"top\" width=\"50%\">Comando de v\u00e1lvulas<\/td>\n<td width=\"50%\">duplo no cabe\u00e7ote<\/td>\n<\/tr>\n<tr>\n<td valign=\"top\" width=\"50%\">V\u00e1lvulas por cilindro<\/td>\n<td width=\"50%\">4, varia\u00e7\u00e3o de tempo e levantamento<\/td>\n<\/tr>\n<tr>\n<td valign=\"top\" width=\"50%\">Di\u00e2metro e curso<\/td>\n<td width=\"50%\">82,5 x 92,8 mm<\/td>\n<\/tr>\n<tr>\n<td valign=\"top\" width=\"50%\">Cilindrada<\/td>\n<td width=\"50%\">1.984 cm\u00b3<\/td>\n<\/tr>\n<tr>\n<td valign=\"top\" width=\"50%\">Taxa de compress\u00e3o<\/td>\n<td width=\"50%\">9,3:1<\/td>\n<\/tr>\n<tr>\n<td valign=\"top\" width=\"50%\">Alimenta\u00e7\u00e3o<\/td>\n<td width=\"50%\">inje\u00e7\u00f5es direta e multiponto sequencial, turbocompressor, resfriador de ar<\/td>\n<\/tr>\n<tr>\n<td valign=\"top\" width=\"50%\">Pot\u00eancia m\u00e1xima<\/td>\n<td width=\"50%\">280 cv de 5.500 a 6.200 rpm<\/td>\n<\/tr>\n<tr>\n<td valign=\"top\" width=\"50%\">Torque m\u00e1ximo<\/td>\n<td width=\"50%\">38,7 m.kgf de 1.800 a 5.500 rpm<\/td>\n<\/tr>\n<tr>\n<td valign=\"top\" width=\"50%\">Pot\u00eancia espec\u00edfica<\/td>\n<td valign=\"top\" width=\"50%\">141,1 cv\/l<\/td>\n<\/tr>\n<tr>\n<td colspan=\"2\" valign=\"top\" width=\"50%\"><strong>Transmiss\u00e3o<\/strong><\/td>\n<\/tr>\n<tr>\n<td valign=\"top\" width=\"50%\">Tipo de c\u00e2mbio e marchas<\/td>\n<td valign=\"top\" width=\"50%\">automatizado de dupla embreagem \/ 6<\/td>\n<\/tr>\n<tr>\n<td colspan=\"2\" valign=\"top\" width=\"50%\">Rela\u00e7\u00e3o e velocidade por 1.000 rpm<\/td>\n<\/tr>\n<tr>\n<td valign=\"top\" width=\"50%\">1\u00aa.<\/td>\n<td valign=\"top\" width=\"50%\">2,92 \/ 9 km\/h<\/td>\n<\/tr>\n<tr>\n<td valign=\"top\" width=\"50%\">2\u00aa.<\/td>\n<td valign=\"top\" width=\"50%\">1,83 \/ 14 km\/h<\/td>\n<\/tr>\n<tr>\n<td valign=\"top\" width=\"50%\">3\u00aa.<\/td>\n<td valign=\"top\" width=\"50%\">1,31 \/ 19 km\/h<\/td>\n<\/tr>\n<tr>\n<td valign=\"top\" width=\"50%\">4\u00aa.<\/td>\n<td valign=\"top\" width=\"50%\">0,97 \/ 26 km\/h<\/td>\n<\/tr>\n<tr>\n<td valign=\"top\" width=\"50%\">5\u00aa.<\/td>\n<td valign=\"top\" width=\"50%\">1,04 \/ 34 km\/h<\/td>\n<\/tr>\n<tr>\n<td valign=\"top\" width=\"50%\">6\u00aa.<\/td>\n<td valign=\"top\" width=\"50%\">0,81 \/ 43 km\/h<\/td>\n<\/tr>\n<tr>\n<td valign=\"top\" width=\"50%\">Rela\u00e7\u00f5es de diferencial<\/td>\n<td valign=\"top\" width=\"50%\">4,77\u00a0(1\u00aa. a 4\u00aa. marchas) e 3,44 (5\u00aa. e 6\u00aa.)<\/td>\n<\/tr>\n<tr>\n<td valign=\"top\" width=\"50%\">Regime a 120 km\/h<\/td>\n<td valign=\"top\" width=\"50%\">2.800 rpm (6\u00aa.)<\/td>\n<\/tr>\n<tr>\n<td valign=\"top\" width=\"50%\">Regime \u00e0 vel. m\u00e1xima informada<\/td>\n<td valign=\"top\" width=\"50%\">5.800 rpm (6\u00aa.)<\/td>\n<\/tr>\n<tr>\n<td valign=\"top\" width=\"50%\">Tra\u00e7\u00e3o<\/td>\n<td valign=\"top\" width=\"50%\">integral<\/td>\n<\/tr>\n<tr>\n<td colspan=\"2\" valign=\"top\" width=\"50%\"><strong>Freios<\/strong><\/td>\n<\/tr>\n<tr>\n<td valign=\"top\" width=\"50%\">Dianteiros<\/td>\n<td valign=\"top\" width=\"50%\">a disco ventilado (\u00f8 ND)<\/td>\n<\/tr>\n<tr>\n<td valign=\"top\" width=\"50%\">Traseiros<\/td>\n<td valign=\"top\" width=\"50%\">a disco ventilado (\u00f8 ND)<\/td>\n<\/tr>\n<tr>\n<td valign=\"top\" width=\"50%\">Antitravamento (ABS)<\/td>\n<td valign=\"top\" width=\"50%\">sim<\/td>\n<\/tr>\n<tr>\n<td colspan=\"2\" valign=\"top\" width=\"50%\"><strong>Dire\u00e7\u00e3o<\/strong><\/td>\n<\/tr>\n<tr>\n<td valign=\"top\" width=\"50%\">Sistema<\/td>\n<td width=\"50%\">pinh\u00e3o e cremalheira<\/td>\n<\/tr>\n<tr>\n<td valign=\"top\" width=\"50%\">Assist\u00eancia<\/td>\n<td width=\"50%\">el\u00e9trica<\/td>\n<\/tr>\n<tr>\n<td valign=\"top\" width=\"50%\">Di\u00e2metro de giro<\/td>\n<td width=\"50%\">11,0 m<\/td>\n<\/tr>\n<tr>\n<td colspan=\"2\" valign=\"top\" width=\"50%\"><strong>Suspens\u00e3o<\/strong><\/td>\n<\/tr>\n<tr>\n<td valign=\"top\" width=\"50%\">Dianteira<\/td>\n<td valign=\"top\" width=\"50%\">independente, McPherson, mola helicoidal<\/td>\n<\/tr>\n<tr>\n<td valign=\"top\" width=\"50%\">Traseira<\/td>\n<td valign=\"top\" width=\"50%\">independente, multibra\u00e7o, mola helicoidal<\/td>\n<\/tr>\n<tr>\n<td valign=\"top\" width=\"50%\">Estabilizador(es)<\/td>\n<td valign=\"top\" width=\"50%\">dianteiro e traseiro<\/td>\n<\/tr>\n<tr>\n<td colspan=\"2\" valign=\"top\" width=\"50%\"><strong>Rodas<\/strong><\/td>\n<\/tr>\n<tr>\n<td valign=\"top\" width=\"50%\">Dimens\u00f5es<\/td>\n<td width=\"50%\">8 x 18 pol<\/td>\n<\/tr>\n<tr>\n<td valign=\"top\" width=\"50%\">Pneus<\/td>\n<td width=\"50%\">225\/40 ZR 18 Y<\/td>\n<\/tr>\n<tr>\n<td colspan=\"2\" valign=\"top\" width=\"50%\"><strong>Dimens\u00f5es<\/strong><\/td>\n<\/tr>\n<tr>\n<td valign=\"top\" width=\"50%\">Comprimento<\/td>\n<td valign=\"top\" width=\"50%\">4,469 m<\/td>\n<\/tr>\n<tr>\n<td valign=\"top\" width=\"50%\">Largura<\/td>\n<td valign=\"top\" width=\"50%\">1,796 m<\/td>\n<\/tr>\n<tr>\n<td valign=\"top\" width=\"50%\">Altura<\/td>\n<td valign=\"top\" width=\"50%\">1,392 m<\/td>\n<\/tr>\n<tr>\n<td valign=\"top\" width=\"50%\">Entre-eixos<\/td>\n<td valign=\"top\" width=\"50%\">2,631 m<\/td>\n<\/tr>\n<tr>\n<td valign=\"top\" width=\"50%\">Bitola dianteira<\/td>\n<td valign=\"top\" width=\"50%\">1,551 m<\/td>\n<\/tr>\n<tr>\n<td valign=\"top\" width=\"50%\">Bitola traseira<\/td>\n<td valign=\"top\" width=\"50%\">1,526 m<\/td>\n<\/tr>\n<tr>\n<td valign=\"top\" width=\"50%\">Coeficiente aerodin\u00e2mico (Cx)<\/td>\n<td valign=\"top\" width=\"50%\">0,31<\/td>\n<\/tr>\n<tr>\n<td colspan=\"2\" valign=\"top\" width=\"50%\"><strong>Capacidades e peso<\/strong><\/td>\n<\/tr>\n<tr>\n<td valign=\"top\" width=\"50%\">Tanque de combust\u00edvel<\/td>\n<td valign=\"top\" width=\"50%\">55 l<\/td>\n<\/tr>\n<tr>\n<td valign=\"top\" width=\"50%\">Compartimento de bagagem<\/td>\n<td valign=\"top\" width=\"50%\">390 l<\/td>\n<\/tr>\n<tr>\n<td valign=\"top\" width=\"50%\">Peso em ordem de marcha<\/td>\n<td valign=\"top\" width=\"50%\">1.460 kg<\/td>\n<\/tr>\n<tr>\n<td valign=\"top\" width=\"50%\">Rela\u00e7\u00e3o peso-pot\u00eancia<\/td>\n<td valign=\"top\" width=\"50%\">5,2 kg\/cv<\/td>\n<\/tr>\n<tr>\n<td colspan=\"2\" valign=\"top\" width=\"50%\"><strong>Garantia<\/strong><\/td>\n<\/tr>\n<tr>\n<td valign=\"top\" width=\"50%\">Prazo<\/td>\n<td valign=\"top\" width=\"50%\">2\u00a0anos sem limite de quilometragem<\/td>\n<\/tr>\n<tr>\n<td colspan=\"2\" valign=\"top\" width=\"50%\"><strong>Carro avaliado<\/strong><\/td>\n<\/tr>\n<tr>\n<td valign=\"top\" width=\"50%\">Ano-modelo<\/td>\n<td valign=\"top\" width=\"50%\">2015<\/td>\n<\/tr>\n<tr>\n<td valign=\"top\" width=\"50%\">Pneus<\/td>\n<td valign=\"top\" width=\"50%\">Pirelli PZero<\/td>\n<\/tr>\n<tr>\n<td valign=\"top\" width=\"50%\">Quilometragem inicial<\/td>\n<td valign=\"top\" width=\"50%\">18.000 km<\/td>\n<\/tr>\n<tr>\n<td colspan=\"2\" valign=\"top\" width=\"50%\">Dados do fabricante; ND = n\u00e3o dispon\u00edvel<\/td>\n<\/tr>\n<\/tbody>\n<\/table><\/div><\/div>\n<p>&nbsp;<\/p>\n","protected":false},"excerpt":{"rendered":"<p>Com motor de 280 cv e tra\u00e7\u00e3o integral, vers\u00e3o mais temperada do sed\u00e3 empolga pelo desempenho e a estabilidade<\/p>\n","protected":false},"author":6,"featured_media":64701,"comment_status":"open","ping_status":"closed","sticky":false,"template":"","format":"standard","meta":{"_joinchat":[],"footnotes":""},"categories":[1822,3,3611],"tags":[793,2973,61,80,36,151,761,575],"class_list":["post-64659","post","type-post","status-publish","format-standard","has-post-thumbnail","hentry","category-audi-avaliacao","category-avaliacao","category-avaliacao-completa","tag-a3","tag-a3-sedan","tag-audi","tag-avaliacao-2","tag-avaliacao-completa","tag-esportivo","tag-s3","tag-turbo"],"amp_enabled":true,"_links":{"self":[{"href":"https:\/\/autolivraria.com.br\/bc\/wp-json\/wp\/v2\/posts\/64659","targetHints":{"allow":["GET"]}}],"collection":[{"href":"https:\/\/autolivraria.com.br\/bc\/wp-json\/wp\/v2\/posts"}],"about":[{"href":"https:\/\/autolivraria.com.br\/bc\/wp-json\/wp\/v2\/types\/post"}],"author":[{"embeddable":true,"href":"https:\/\/autolivraria.com.br\/bc\/wp-json\/wp\/v2\/users\/6"}],"replies":[{"embeddable":true,"href":"https:\/\/autolivraria.com.br\/bc\/wp-json\/wp\/v2\/comments?post=64659"}],"version-history":[{"count":0,"href":"https:\/\/autolivraria.com.br\/bc\/wp-json\/wp\/v2\/posts\/64659\/revisions"}],"wp:featuredmedia":[{"embeddable":true,"href":"https:\/\/autolivraria.com.br\/bc\/wp-json\/wp\/v2\/media\/64701"}],"wp:attachment":[{"href":"https:\/\/autolivraria.com.br\/bc\/wp-json\/wp\/v2\/media?parent=64659"}],"wp:term":[{"taxonomy":"category","embeddable":true,"href":"https:\/\/autolivraria.com.br\/bc\/wp-json\/wp\/v2\/categories?post=64659"},{"taxonomy":"post_tag","embeddable":true,"href":"https:\/\/autolivraria.com.br\/bc\/wp-json\/wp\/v2\/tags?post=64659"}],"curies":[{"name":"wp","href":"https:\/\/api.w.org\/{rel}","templated":true}]}}