{"id":65142,"date":"2015-10-27T14:59:39","date_gmt":"2015-10-27T17:59:39","guid":{"rendered":"http:\/\/bestcars.uol.com.br\/bc\/?p=65142"},"modified":"2015-10-29T07:45:35","modified_gmt":"2015-10-29T10:45:35","slug":"teste-subaru-xv-garante-aventura-mas-com-conforto-urbano","status":"publish","type":"post","link":"https:\/\/autolivraria.com.br\/bc\/informe-se\/avaliacao\/teste-subaru-xv-garante-aventura-mas-com-conforto-urbano\/","title":{"rendered":"Subaru XV garante aventura, mas com conforto urbano"},"content":{"rendered":"<p><a href=\"https:\/\/autolivraria.com.br\/bc\/wp-content\/uploads\/2015\/10\/Subaru-XV-03.jpg\"><img fetchpriority=\"high\" decoding=\"async\" class=\"aligncenter size-large wp-image-65143\" src=\"https:\/\/autolivraria.com.br\/bc\/wp-content\/uploads\/2015\/10\/Subaru-XV-03-743x495.jpg\" alt=\"Subaru XV\" width=\"743\" height=\"495\" srcset=\"https:\/\/autolivraria.com.br\/bc\/wp-content\/uploads\/2015\/10\/Subaru-XV-03-743x495.jpg 743w, https:\/\/autolivraria.com.br\/bc\/wp-content\/uploads\/2015\/10\/Subaru-XV-03-356x237.jpg 356w, https:\/\/autolivraria.com.br\/bc\/wp-content\/uploads\/2015\/10\/Subaru-XV-03-227x151.jpg 227w, https:\/\/autolivraria.com.br\/bc\/wp-content\/uploads\/2015\/10\/Subaru-XV-03-270x180.jpg 270w, https:\/\/autolivraria.com.br\/bc\/wp-content\/uploads\/2015\/10\/Subaru-XV-03.jpg 1280w\" sizes=\"(max-width: 743px) 100vw, 743px\" \/><\/a><\/p>\n<p>&nbsp;<\/p>\n<h2>Com tra\u00e7\u00e3o integral e suspens\u00e3o bem acertada, o hatch m\u00e9dio equilibra qualidades para a estrada e para sair dela<\/h2>\n<p><em>Texto e fotos: Fabr\u00edcio Samah\u00e1<\/em><\/p>\n<p>&nbsp;<\/p>\n<p>Hatchbacks &#8220;aventureiros&#8221; s\u00e3o um tipo de carro que os brasileiros conhecem bem: <a href=\"https:\/\/autolivraria.com.br\/bc\/tag\/sandero-stepway\" target=\"_blank\">Renault Sandero Stepway<\/a> e <a href=\"https:\/\/autolivraria.com.br\/bc\/tag\/crossfox\" target=\"_blank\">Volkswagen Crossfox<\/a>, entre outros, s\u00e3o apreciados pelo visual descontra\u00eddo e pela aptid\u00e3o para seguir um pouco adiante das vers\u00f5es comuns quando o asfalto fica para tr\u00e1s. Entretanto, no momento em que o nome Subaru entra no assunto, j\u00e1 se sabe que a &#8220;aventura&#8221; ficou s\u00e9ria.<\/p>\n<p>A marca japonesa \u00e9 uma das introdutoras da tra\u00e7\u00e3o integral em autom\u00f3veis, oferecendo essa op\u00e7\u00e3o em sed\u00e3s, cup\u00eas e peruas desde a linha <a href=\"https:\/\/www.autolivraria.com.br\/ph2\/239a.htm\" target=\"_blank\">Leone<\/a> da d\u00e9cada de 1970. J\u00e1 nos anos 90 as s\u00e9ries <a href=\"https:\/\/www.autolivraria.com.br\/cpassado3\/subaru-impreza-1.htm\" target=\"_blank\">Impreza<\/a> e <a href=\"https:\/\/autolivraria.com.br\/bc\/informe-se\/passado\/historia-subaru-legacy-um-lobo-niponico-em-pele-de-cordeiro\/\" target=\"_blank\">Legacy<\/a> trouxeram ao Brasil a boa reputa\u00e7\u00e3o do fabricante, incluindo uma vers\u00e3o da perua Legacy \u2014 a Outback \u2014 com suspens\u00e3o elevada e pneus maiores que a credenciavam ao uso fora de estrada leve.<\/p>\n<p>&nbsp;<\/p>\n<p><a href=\"https:\/\/autolivraria.com.br\/bc\/wp-content\/uploads\/2015\/10\/Subaru-XV-02.jpg\"><img decoding=\"async\" class=\"aligncenter size-large wp-image-65145 lazyload\" data-src=\"https:\/\/autolivraria.com.br\/bc\/wp-content\/uploads\/2015\/10\/Subaru-XV-02-743x495.jpg\" alt=\"Subaru XV\" width=\"743\" height=\"495\" data-srcset=\"https:\/\/autolivraria.com.br\/bc\/wp-content\/uploads\/2015\/10\/Subaru-XV-02-743x495.jpg 743w, https:\/\/autolivraria.com.br\/bc\/wp-content\/uploads\/2015\/10\/Subaru-XV-02-356x237.jpg 356w, https:\/\/autolivraria.com.br\/bc\/wp-content\/uploads\/2015\/10\/Subaru-XV-02-227x151.jpg 227w, https:\/\/autolivraria.com.br\/bc\/wp-content\/uploads\/2015\/10\/Subaru-XV-02-270x180.jpg 270w, https:\/\/autolivraria.com.br\/bc\/wp-content\/uploads\/2015\/10\/Subaru-XV-02.jpg 1280w\" data-sizes=\"(max-width: 743px) 100vw, 743px\" src=\"data:image\/svg+xml;base64,PHN2ZyB3aWR0aD0iMSIgaGVpZ2h0PSIxIiB4bWxucz0iaHR0cDovL3d3dy53My5vcmcvMjAwMC9zdmciPjwvc3ZnPg==\" style=\"--smush-placeholder-width: 743px; --smush-placeholder-aspect-ratio: 743\/495;\" \/><\/a><\/p>\n<p>&nbsp;<\/p>\n<div class='one_third'>\n\t\t\t\t\t<a href=\"https:\/\/autolivraria.com.br\/bc\/wp-content\/uploads\/2015\/10\/Subaru-XV-06.jpg\"><img decoding=\"async\" class=\"aligncenter size-meia-largura-post wp-image-65144 lazyload\" data-src=\"https:\/\/autolivraria.com.br\/bc\/wp-content\/uploads\/2015\/10\/Subaru-XV-06-227x151.jpg\" alt=\"Subaru XV\" width=\"227\" height=\"151\" data-srcset=\"https:\/\/autolivraria.com.br\/bc\/wp-content\/uploads\/2015\/10\/Subaru-XV-06-227x151.jpg 227w, https:\/\/autolivraria.com.br\/bc\/wp-content\/uploads\/2015\/10\/Subaru-XV-06-356x237.jpg 356w, https:\/\/autolivraria.com.br\/bc\/wp-content\/uploads\/2015\/10\/Subaru-XV-06-743x495.jpg 743w, https:\/\/autolivraria.com.br\/bc\/wp-content\/uploads\/2015\/10\/Subaru-XV-06-270x180.jpg 270w, https:\/\/autolivraria.com.br\/bc\/wp-content\/uploads\/2015\/10\/Subaru-XV-06.jpg 1280w\" data-sizes=\"(max-width: 227px) 100vw, 227px\" src=\"data:image\/svg+xml;base64,PHN2ZyB3aWR0aD0iMSIgaGVpZ2h0PSIxIiB4bWxucz0iaHR0cDovL3d3dy53My5vcmcvMjAwMC9zdmciPjwvc3ZnPg==\" style=\"--smush-placeholder-width: 227px; --smush-placeholder-aspect-ratio: 227\/151;\" \/><\/a>\n\t\t\t\t<\/div>\n<div class='one_third'>\n\t\t\t\t\t<a href=\"https:\/\/autolivraria.com.br\/bc\/wp-content\/uploads\/2015\/10\/Subaru-XV-12.jpg\"><img decoding=\"async\" class=\"aligncenter size-meia-largura-post wp-image-65149 lazyload\" data-src=\"https:\/\/autolivraria.com.br\/bc\/wp-content\/uploads\/2015\/10\/Subaru-XV-12-227x151.jpg\" alt=\"Subaru XV\" width=\"227\" height=\"151\" data-srcset=\"https:\/\/autolivraria.com.br\/bc\/wp-content\/uploads\/2015\/10\/Subaru-XV-12-227x151.jpg 227w, https:\/\/autolivraria.com.br\/bc\/wp-content\/uploads\/2015\/10\/Subaru-XV-12-356x237.jpg 356w, https:\/\/autolivraria.com.br\/bc\/wp-content\/uploads\/2015\/10\/Subaru-XV-12-743x495.jpg 743w, https:\/\/autolivraria.com.br\/bc\/wp-content\/uploads\/2015\/10\/Subaru-XV-12-270x180.jpg 270w, https:\/\/autolivraria.com.br\/bc\/wp-content\/uploads\/2015\/10\/Subaru-XV-12.jpg 1280w\" data-sizes=\"(max-width: 227px) 100vw, 227px\" src=\"data:image\/svg+xml;base64,PHN2ZyB3aWR0aD0iMSIgaGVpZ2h0PSIxIiB4bWxucz0iaHR0cDovL3d3dy53My5vcmcvMjAwMC9zdmciPjwvc3ZnPg==\" style=\"--smush-placeholder-width: 227px; --smush-placeholder-aspect-ratio: 227\/151;\" \/><\/a>\n\t\t\t\t<\/div>\n<div class='one_third last'>\n\t\t\t\t\t<a href=\"https:\/\/autolivraria.com.br\/bc\/wp-content\/uploads\/2015\/10\/Subaru-XV-13.jpg\"><img decoding=\"async\" class=\"aligncenter size-meia-largura-post wp-image-65150 lazyload\" data-src=\"https:\/\/autolivraria.com.br\/bc\/wp-content\/uploads\/2015\/10\/Subaru-XV-13-227x151.jpg\" alt=\"Subaru XV\" width=\"227\" height=\"151\" data-srcset=\"https:\/\/autolivraria.com.br\/bc\/wp-content\/uploads\/2015\/10\/Subaru-XV-13-227x151.jpg 227w, https:\/\/autolivraria.com.br\/bc\/wp-content\/uploads\/2015\/10\/Subaru-XV-13-356x237.jpg 356w, https:\/\/autolivraria.com.br\/bc\/wp-content\/uploads\/2015\/10\/Subaru-XV-13-743x495.jpg 743w, https:\/\/autolivraria.com.br\/bc\/wp-content\/uploads\/2015\/10\/Subaru-XV-13-270x180.jpg 270w, https:\/\/autolivraria.com.br\/bc\/wp-content\/uploads\/2015\/10\/Subaru-XV-13.jpg 1280w\" data-sizes=\"(max-width: 227px) 100vw, 227px\" src=\"data:image\/svg+xml;base64,PHN2ZyB3aWR0aD0iMSIgaGVpZ2h0PSIxIiB4bWxucz0iaHR0cDovL3d3dy53My5vcmcvMjAwMC9zdmciPjwvc3ZnPg==\" style=\"--smush-placeholder-width: 227px; --smush-placeholder-aspect-ratio: 227\/151;\" \/><\/a>\n\t\t\t\t<\/div><div class='clear'><\/div>\n<p style=\"text-align: center;\"><em><br \/>\nO XV tem desenho simples e sem excessos; far\u00f3is de xen\u00f4nio e rodas de 17 pol comp\u00f5em a vers\u00e3o<\/em><\/p>\n<p>&nbsp;<\/p>\n<p>Essas caracter\u00edsticas reaparecem no XV, uma vers\u00e3o de uso misto do Impreza hatch, modelo este n\u00e3o mais oferecido no Brasil em configura\u00e7\u00e3o normal. Lan\u00e7ado no Jap\u00e3o em 2012 e aqui no Sal\u00e3o do Autom\u00f3vel de S\u00e3o Paulo do ano passado, o XV custa hoje R$ 106.900 em pacote \u00fanico, que inclui motor de 2,0 litros, <a href=\"https:\/\/autolivraria.com.br\/bc\/glossario-c\/#cvt\" target=\"_blank\">c\u00e2mbio autom\u00e1tico de varia\u00e7\u00e3o cont\u00ednua (CVT)<\/a>\u00a0e, claro, tra\u00e7\u00e3o nas quatro rodas.<\/p>\n<p>&nbsp;<\/p>\n<blockquote><p>Al\u00e9m do amplo emprego de tra\u00e7\u00e3o integral, a linha Subaru caracteriza-se pelo uso do motor boxer, rar\u00edssimo hoje fora dos esportivos da Porsche<\/p><\/blockquote>\n<p>&nbsp;<\/p>\n<p>Os equipamentos de s\u00e9rie abrangem ajuste el\u00e9trico do banco do motorista, ar-condicionado autom\u00e1tico de duas zonas, bancos e volante revestidos em couro, cintos de tr\u00eas pontos para todos, computador de bordo, <a href=\"https:\/\/autolivraria.com.br\/bc\/glossario-c\/#cont\" target=\"_blank\">controlador de velocidade<\/a>, <a href=\"https:\/\/autolivraria.com.br\/bc\/glossario-c\/#esp\" target=\"_blank\">controle eletr\u00f4nico de estabilidade e tra\u00e7\u00e3o<\/a>, <a href=\"https:\/\/autolivraria.com.br\/bc\/glossario-e\/#enco\" target=\"_blank\">encostos de cabe\u00e7a ativos<\/a>\u00a0na frente, far\u00f3is de <a href=\"https:\/\/autolivraria.com.br\/bc\/glossario-l\/#lamp\" target=\"_blank\">xen\u00f4nio<\/a> (apenas no facho baixo), far\u00f3is de neblina, fixa\u00e7\u00e3o de cadeira infantil em padr\u00e3o <a href=\"https:\/\/autolivraria.com.br\/bc\/glossario-i\/#isof\" target=\"_blank\">Isofix<\/a>, rodas de alum\u00ednio de 17 polegadas, seis bolsas infl\u00e1veis (frontais, laterais dianteiras de t\u00f3rax e cortinas laterais) e teto solar com controle el\u00e9trico. A garantia \u00e9 de cinco anos.<\/p>\n<p>\u00c9 um carro sem advers\u00e1rios diretos por aqui: o <a href=\"https:\/\/autolivraria.com.br\/bc\/tag\/v40-cross-country\" target=\"_blank\">Volvo V40 Cross Country<\/a>, de proposta mais parecida e que tamb\u00e9m usa tra\u00e7\u00e3o integral, tem motor bem mais potente (turbo de 2,0 litros e 245 cv) e custa muito mais, R$ 149.950. Assim, o que h\u00e1 de mais pr\u00f3ximo em termos de proposta de uso, pot\u00eancia e pre\u00e7o s\u00e3o utilit\u00e1rios esporte compactos como o <a href=\"https:\/\/autolivraria.com.br\/bc\/tag\/hr-v\" target=\"_blank\">Honda HR-V EXL<\/a> (R$ 92.900 com motor de 1,8 litro, caixa CVT e tra\u00e7\u00e3o dianteira) e o <a href=\"https:\/\/autolivraria.com.br\/bc\/tag\/renegade\" target=\"_blank\">Jeep Renegade Sport<\/a> (R$ 99.900 com motor 2,0 turbodiesel, c\u00e2mbio autom\u00e1tico e tra\u00e7\u00e3o integral).<\/p>\n<p>&nbsp;<\/p>\n<p><a href=\"https:\/\/autolivraria.com.br\/bc\/wp-content\/uploads\/2015\/10\/Subaru-XV-interior.jpg\"><img decoding=\"async\" class=\"aligncenter size-large wp-image-65146 lazyload\" data-src=\"https:\/\/autolivraria.com.br\/bc\/wp-content\/uploads\/2015\/10\/Subaru-XV-interior-743x495.jpg\" alt=\"Subaru XV\" width=\"743\" height=\"495\" data-srcset=\"https:\/\/autolivraria.com.br\/bc\/wp-content\/uploads\/2015\/10\/Subaru-XV-interior-743x495.jpg 743w, https:\/\/autolivraria.com.br\/bc\/wp-content\/uploads\/2015\/10\/Subaru-XV-interior-356x237.jpg 356w, https:\/\/autolivraria.com.br\/bc\/wp-content\/uploads\/2015\/10\/Subaru-XV-interior-227x151.jpg 227w, https:\/\/autolivraria.com.br\/bc\/wp-content\/uploads\/2015\/10\/Subaru-XV-interior-270x180.jpg 270w, https:\/\/autolivraria.com.br\/bc\/wp-content\/uploads\/2015\/10\/Subaru-XV-interior.jpg 1280w\" data-sizes=\"(max-width: 743px) 100vw, 743px\" src=\"data:image\/svg+xml;base64,PHN2ZyB3aWR0aD0iMSIgaGVpZ2h0PSIxIiB4bWxucz0iaHR0cDovL3d3dy53My5vcmcvMjAwMC9zdmciPjwvc3ZnPg==\" style=\"--smush-placeholder-width: 743px; --smush-placeholder-aspect-ratio: 743\/495;\" \/><\/a><\/p>\n<p>&nbsp;<\/p>\n<div class='one_third'>\n\t\t\t\t\t<a href=\"https:\/\/autolivraria.com.br\/bc\/wp-content\/uploads\/2015\/10\/Subaru-XV-instr.jpg\"><img decoding=\"async\" class=\"aligncenter size-meia-largura-post wp-image-65151 lazyload\" data-src=\"https:\/\/autolivraria.com.br\/bc\/wp-content\/uploads\/2015\/10\/Subaru-XV-instr-227x151.jpg\" alt=\"Subaru XV\" width=\"227\" height=\"151\" data-srcset=\"https:\/\/autolivraria.com.br\/bc\/wp-content\/uploads\/2015\/10\/Subaru-XV-instr-227x151.jpg 227w, https:\/\/autolivraria.com.br\/bc\/wp-content\/uploads\/2015\/10\/Subaru-XV-instr-356x237.jpg 356w, https:\/\/autolivraria.com.br\/bc\/wp-content\/uploads\/2015\/10\/Subaru-XV-instr-270x180.jpg 270w, https:\/\/autolivraria.com.br\/bc\/wp-content\/uploads\/2015\/10\/Subaru-XV-instr.jpg 640w\" data-sizes=\"(max-width: 227px) 100vw, 227px\" src=\"data:image\/svg+xml;base64,PHN2ZyB3aWR0aD0iMSIgaGVpZ2h0PSIxIiB4bWxucz0iaHR0cDovL3d3dy53My5vcmcvMjAwMC9zdmciPjwvc3ZnPg==\" style=\"--smush-placeholder-width: 227px; --smush-placeholder-aspect-ratio: 227\/151;\" \/><\/a>\n\t\t\t\t<\/div>\n<div class='one_third'>\n\t\t\t\t\t<a href=\"https:\/\/autolivraria.com.br\/bc\/wp-content\/uploads\/2015\/10\/Subaru-XV-det01.jpg\"><img decoding=\"async\" class=\"aligncenter size-meia-largura-post wp-image-65152 lazyload\" data-src=\"https:\/\/autolivraria.com.br\/bc\/wp-content\/uploads\/2015\/10\/Subaru-XV-det01-227x151.jpg\" alt=\"Subaru XV\" width=\"227\" height=\"151\" data-srcset=\"https:\/\/autolivraria.com.br\/bc\/wp-content\/uploads\/2015\/10\/Subaru-XV-det01-227x151.jpg 227w, https:\/\/autolivraria.com.br\/bc\/wp-content\/uploads\/2015\/10\/Subaru-XV-det01-356x237.jpg 356w, https:\/\/autolivraria.com.br\/bc\/wp-content\/uploads\/2015\/10\/Subaru-XV-det01-270x180.jpg 270w, https:\/\/autolivraria.com.br\/bc\/wp-content\/uploads\/2015\/10\/Subaru-XV-det01.jpg 640w\" data-sizes=\"(max-width: 227px) 100vw, 227px\" src=\"data:image\/svg+xml;base64,PHN2ZyB3aWR0aD0iMSIgaGVpZ2h0PSIxIiB4bWxucz0iaHR0cDovL3d3dy53My5vcmcvMjAwMC9zdmciPjwvc3ZnPg==\" style=\"--smush-placeholder-width: 227px; --smush-placeholder-aspect-ratio: 227\/151;\" \/><\/a>\n\t\t\t\t<\/div>\n<div class='one_third last'>\n\t\t\t\t\t<a href=\"https:\/\/autolivraria.com.br\/bc\/wp-content\/uploads\/2015\/10\/Subaru-XV-det03.jpg\"><img decoding=\"async\" class=\"aligncenter size-meia-largura-post wp-image-65153 lazyload\" data-src=\"https:\/\/autolivraria.com.br\/bc\/wp-content\/uploads\/2015\/10\/Subaru-XV-det03-227x151.jpg\" alt=\"Subaru XV\" width=\"227\" height=\"151\" data-srcset=\"https:\/\/autolivraria.com.br\/bc\/wp-content\/uploads\/2015\/10\/Subaru-XV-det03-227x151.jpg 227w, https:\/\/autolivraria.com.br\/bc\/wp-content\/uploads\/2015\/10\/Subaru-XV-det03-356x237.jpg 356w, https:\/\/autolivraria.com.br\/bc\/wp-content\/uploads\/2015\/10\/Subaru-XV-det03-270x180.jpg 270w, https:\/\/autolivraria.com.br\/bc\/wp-content\/uploads\/2015\/10\/Subaru-XV-det03.jpg 640w\" data-sizes=\"(max-width: 227px) 100vw, 227px\" src=\"data:image\/svg+xml;base64,PHN2ZyB3aWR0aD0iMSIgaGVpZ2h0PSIxIiB4bWxucz0iaHR0cDovL3d3dy53My5vcmcvMjAwMC9zdmciPjwvc3ZnPg==\" style=\"--smush-placeholder-width: 227px; --smush-placeholder-aspect-ratio: 227\/151;\" \/><\/a>\n\t\t\t\t<\/div><div class='clear'><\/div>\n<p style=\"text-align: center;\"><em>\u00a0<\/em><br \/>\n<em>Interior espartano, mas com acabamento bem feito;\u00a0tela do painel\u00a0indica opera\u00e7\u00e3o da tra\u00e7\u00e3o integral<\/em><\/p>\n<p>&nbsp;<\/p>\n<p>O XV tem um estilo simples e agrad\u00e1vel, que transmite robustez sem exagerar nos adere\u00e7os fora de estrada \u2014 h\u00e1 apenas molduras pl\u00e1sticas nas soleiras e nos arcos de para-lamas e barras de teto. Os Subarus seguem um padr\u00e3o espartano de desenho e acabamento internos, mas o modelo mostra montagem cuidadosa, pl\u00e1sticos de bom aspecto e revestimento em couro para bancos e volante. O motorista acomoda-se bem em um assento amplo com regulagens el\u00e9tricas, que usa espuma firme ao estilo\u00a0alem\u00e3o, e disp\u00f5e de volante e pedais bem posicionados.<\/p>\n<p>&nbsp;<\/p>\n<div class='code-block code-block-13' style='margin: 8px auto; text-align: center; display: block; clear: both;'>\n<br>\n<div align=\"center\">\n<a target=\"_blank\" href=\"https:\/\/bestcars.com.br\/bc\/\">\n<img decoding=\"async\" data-src=\"https:\/\/bestcars.com.br\/bc\/wp-content\/uploads\/2021\/07\/Auto-Livraria-450x300-quadros.jpg\" alt=\"Auto Livraria\" src=\"data:image\/svg+xml;base64,PHN2ZyB3aWR0aD0iMSIgaGVpZ2h0PSIxIiB4bWxucz0iaHR0cDovL3d3dy53My5vcmcvMjAwMC9zdmciPjwvc3ZnPg==\" class=\"lazyload\"><\/a>\n<\/div><\/div>\n\n<p>&nbsp;<\/p>\n<p>O quadro de instrumentos \u00e9 bem leg\u00edvel e, na linha 2016, o antiquado mostrador digital monocrom\u00e1tico do centro deu lugar a um colorido (o carro avaliado era 2015). Na parte central do painel, que serve ao computador de bordo, ao marcador de temperatura de \u00f3leo e \u00e0s informa\u00e7\u00f5es do ar-condicionado, um indicador gr\u00e1fico revela como est\u00e1 a distribui\u00e7\u00e3o de torque entre os eixos e registra por 30 segundos se houve varia\u00e7\u00e3o, \u00fatil ao rodar em pisos de baixa ader\u00eancia. Abaixo dele vem o sistema de \u00e1udio com r\u00e1dio\/toca-CDs\/MP3 e conex\u00f5es USB, auxiliar e <a href=\"https:\/\/autolivraria.com.br\/bc\/glossario-b\/#blue\" target=\"_blank\">Bluetooth<\/a>, de qualidade de som acima do usual. Tamb\u00e9m aqui a linha 2016 evoluiu ao receber uma tela sens\u00edvel ao toque de sete polegadas.<\/p>\n<p>Bons detalhes podem ser notados nesse japon\u00eas, como chave presencial para acesso ao interior e partida do motor, encostos de cabe\u00e7a dianteiros ajustados tamb\u00e9m para frente e para tr\u00e1s, amplo espa\u00e7o para objetos do dia a dia, alerta espec\u00edfico de qual porta est\u00e1 mal fechada, c\u00e2mera traseira para manobras (n\u00e3o tem <a href=\"https:\/\/autolivraria.com.br\/bc\/glossario-s\/#esta\" target=\"_blank\">sensores de estacionamento<\/a>), bom apoio para o p\u00e9 esquerdo, apoios de bra\u00e7o centrais \u00e0 frente e atr\u00e1s, <a href=\"https:\/\/autolivraria.com.br\/bc\/glossario-a#ramp\" target=\"_blank\">assistente para sa\u00edda em rampa<\/a>, difusor de ar para o banco traseiro, quatro al\u00e7as de teto, ajuste do intervalo do limpador de para-brisa, ma\u00e7anetas internas cromadas (f\u00e1ceis de encontrar \u00e0 noite), hist\u00f3rico de consumo m\u00e9dio no computador de bordo e vidros traseiros que descem por inteiro.<\/p>\n<p>&nbsp;<\/p>\n<div class='one_half'>\n\t\t\t\t\t<a href=\"https:\/\/autolivraria.com.br\/bc\/wp-content\/uploads\/2015\/10\/Subaru-XV-banco1.jpg\"><img decoding=\"async\" class=\"aligncenter size-medium wp-image-65147 lazyload\" data-src=\"https:\/\/autolivraria.com.br\/bc\/wp-content\/uploads\/2015\/10\/Subaru-XV-banco1-356x445.jpg\" alt=\"Subaru XV\" width=\"356\" height=\"445\" data-srcset=\"https:\/\/autolivraria.com.br\/bc\/wp-content\/uploads\/2015\/10\/Subaru-XV-banco1-356x445.jpg 356w, https:\/\/autolivraria.com.br\/bc\/wp-content\/uploads\/2015\/10\/Subaru-XV-banco1-227x284.jpg 227w, https:\/\/autolivraria.com.br\/bc\/wp-content\/uploads\/2015\/10\/Subaru-XV-banco1-270x338.jpg 270w, https:\/\/autolivraria.com.br\/bc\/wp-content\/uploads\/2015\/10\/Subaru-XV-banco1.jpg 640w\" data-sizes=\"(max-width: 356px) 100vw, 356px\" src=\"data:image\/svg+xml;base64,PHN2ZyB3aWR0aD0iMSIgaGVpZ2h0PSIxIiB4bWxucz0iaHR0cDovL3d3dy53My5vcmcvMjAwMC9zdmciPjwvc3ZnPg==\" style=\"--smush-placeholder-width: 356px; --smush-placeholder-aspect-ratio: 356\/445;\" \/><\/a>\n\t\t\t\t<\/div>\n<div class='one_half last'>\n\t\t\t\t\t<a href=\"https:\/\/autolivraria.com.br\/bc\/wp-content\/uploads\/2015\/10\/Subaru-XV-banco2.jpg\"><img decoding=\"async\" class=\"aligncenter size-medium wp-image-65148 lazyload\" data-src=\"https:\/\/autolivraria.com.br\/bc\/wp-content\/uploads\/2015\/10\/Subaru-XV-banco2-356x445.jpg\" alt=\"Subaru XV\" width=\"356\" height=\"445\" data-srcset=\"https:\/\/autolivraria.com.br\/bc\/wp-content\/uploads\/2015\/10\/Subaru-XV-banco2-356x445.jpg 356w, https:\/\/autolivraria.com.br\/bc\/wp-content\/uploads\/2015\/10\/Subaru-XV-banco2-227x284.jpg 227w, https:\/\/autolivraria.com.br\/bc\/wp-content\/uploads\/2015\/10\/Subaru-XV-banco2-270x338.jpg 270w, https:\/\/autolivraria.com.br\/bc\/wp-content\/uploads\/2015\/10\/Subaru-XV-banco2.jpg 640w\" data-sizes=\"(max-width: 356px) 100vw, 356px\" src=\"data:image\/svg+xml;base64,PHN2ZyB3aWR0aD0iMSIgaGVpZ2h0PSIxIiB4bWxucz0iaHR0cDovL3d3dy53My5vcmcvMjAwMC9zdmciPjwvc3ZnPg==\" style=\"--smush-placeholder-width: 356px; --smush-placeholder-aspect-ratio: 356\/445;\" \/><\/a>\n\t\t\t\t<\/div><div class='clear'><\/div>\n<p style=\"text-align: center;\"><em>\u00a0<\/em><br \/>\n<em>A cabine acomoda bem quatro adultos em bancos firmes; o do motorista agora tem ajuste el\u00e9trico<\/em><\/p>\n<p>&nbsp;<\/p>\n<p>Alguns pontos merecem corre\u00e7\u00e3o: o controle el\u00e9trico de vidros tem <a href=\"https:\/\/autolivraria.com.br\/bc\/glossario-u\/#umto\" target=\"_blank\">fun\u00e7\u00e3o um-toque<\/a> e <a href=\"https:\/\/autolivraria.com.br\/bc\/glossario-t\/#temp\" target=\"_blank\">temporizador<\/a> apenas para o do motorista, o bloqueio dos comandos traseiros desativa tamb\u00e9m o do passageiro da frente (incoer\u00eancia que \u00e9 regra\u00a0em carros de origem japonesa) e faltam faixa degrad\u00ea no para-brisa (h\u00e1 serigrafia na \u00e1rea central, mas muito fraca) e ilumina\u00e7\u00e3o nos para-s\u00f3is. Ainda, o controle autom\u00e1tico do ar-condicionado parece mal ajustado ao resfriar bem mais do que se espera pela temperatura selecionada.<\/p>\n<p>Agrada o espa\u00e7o no banco traseiro tanto para cabe\u00e7as quanto para pernas, sendo limitado apenas em largura; j\u00e1 um passageiro central se sente desconfort\u00e1vel e lida com t\u00fanel central alto no piso por causa da tra\u00e7\u00e3o integral. Com capacidade modesta de 310\u00a0litros, o compartimento de bagagem usa cobertura divis\u00f3ria de enrolar e traz um estepe incomum (pneu 185, ante os demais 225, mas com roda de 17 pol), que mesmo assim ocupa um bocado de espa\u00e7o: tanto que, embora seja um tanto alta de fora, a base do v\u00e3o de acesso coincide com o n\u00edvel do assoalho.<\/p>\n<table border=\"0\">\n<tbody>\n<tr>\n<td><a href='https:\/\/autolivraria.com.br\/bc\/informe-se\/avaliacao\/teste-subaru-xv-garante-aventura-mas-com-conforto-urbano\/2\/' class='small-button smallsilver'>Pr\u00f3xima parte<\/a><\/td>\n<\/tr>\n<\/tbody>\n<\/table>\n<p>&nbsp;<\/p>\n<p><!--nextpage--><\/p>\n<p><a href=\"https:\/\/autolivraria.com.br\/bc\/wp-content\/uploads\/2015\/10\/Subaru-XV-05.jpg\"><img decoding=\"async\" class=\"aligncenter size-large wp-image-65154 lazyload\" data-src=\"https:\/\/autolivraria.com.br\/bc\/wp-content\/uploads\/2015\/10\/Subaru-XV-05-743x495.jpg\" alt=\"Subaru XV\" width=\"743\" height=\"495\" data-srcset=\"https:\/\/autolivraria.com.br\/bc\/wp-content\/uploads\/2015\/10\/Subaru-XV-05-743x495.jpg 743w, https:\/\/autolivraria.com.br\/bc\/wp-content\/uploads\/2015\/10\/Subaru-XV-05-356x237.jpg 356w, https:\/\/autolivraria.com.br\/bc\/wp-content\/uploads\/2015\/10\/Subaru-XV-05-227x151.jpg 227w, https:\/\/autolivraria.com.br\/bc\/wp-content\/uploads\/2015\/10\/Subaru-XV-05-270x180.jpg 270w, https:\/\/autolivraria.com.br\/bc\/wp-content\/uploads\/2015\/10\/Subaru-XV-05.jpg 1280w\" data-sizes=\"(max-width: 743px) 100vw, 743px\" src=\"data:image\/svg+xml;base64,PHN2ZyB3aWR0aD0iMSIgaGVpZ2h0PSIxIiB4bWxucz0iaHR0cDovL3d3dy53My5vcmcvMjAwMC9zdmciPjwvc3ZnPg==\" style=\"--smush-placeholder-width: 743px; --smush-placeholder-aspect-ratio: 743\/495;\" \/><\/a><\/p>\n<p style=\"text-align: center;\"><em>\u00a0<\/em><br \/>\n<em>Acerto de suspens\u00e3o foi muito bem feito: o XV roda macio, mas se mant\u00e9m distante do solo<\/em><\/p>\n<p>&nbsp;<\/p>\n<h2>Dois cilindros para cada lado<\/h2>\n<p>Al\u00e9m do amplo emprego de tra\u00e7\u00e3o integral, a linha Subaru atual caracteriza-se pelo uso do motor <a href=\"https:\/\/autolivraria.com.br\/bc\/glossario-b\/#boxe\" target=\"_blank\">boxer<\/a>, com cilindros horizontais contrapostos \u2014 rar\u00edssimo hoje fora dos esportivos da Porsche, embora tenha sido usado por in\u00fameras marcas no passado desde que a Volkswagen o disseminou em sua linha arrefecida a ar. O 2,0-litros de quatro v\u00e1lvulas por cilindro do XV tem funcionamento bastante macio e silencioso e obt\u00e9m bons valores de pot\u00eancia (150 cv) e torque (20 m.kgf) para a cilindrada.<\/p>\n<p>&nbsp;<\/p>\n<blockquote><p>Em pisos mais severos e esburacados o conforto satisfaz: \u00e9 um carro macio que se torna firme na medida certa em obst\u00e1culos mais acentuados<\/p><\/blockquote>\n<p>&nbsp;<\/p>\n<p>O peso de 1.415 kg est\u00e1 dentro da m\u00e9dia dos hatches de seu porte (16 kg a mais que no <a href=\"https:\/\/autolivraria.com.br\/bc\/tag\/focus\" target=\"_blank\">Ford Focus<\/a> de 2,0 litros e tra\u00e7\u00e3o simples), mas implica uma rela\u00e7\u00e3o n\u00e3o muito favor\u00e1vel de 9,4 kg\/cv. Assim, embora o desempenho do Subaru conven\u00e7a em m\u00e9dia e alta rota\u00e7\u00f5es, n\u00e3o satisfaz tanto em baixa, como se espera por sua <a href=\"https:\/\/autolivraria.com.br\/bc\/glossario-p\/#pote\" target=\"_blank\">pot\u00eancia espec\u00edfica<\/a> (75 cv\/litro) com <a href=\"https:\/\/autolivraria.com.br\/bc\/glossario-a\/#aspi\" target=\"_blank\">aspira\u00e7\u00e3o natural<\/a>. Pela sensa\u00e7\u00e3o ao rodar, fica pr\u00f3ximo aos utilit\u00e1rios esporte compactos nacionais de pot\u00eancia semelhante como <a href=\"https:\/\/autolivraria.com.br\/bc\/tag\/ecosport\" target=\"_blank\">Ford Ecosport<\/a> e <a href=\"https:\/\/autolivraria.com.br\/bc\/tag\/duster\" target=\"_blank\">Renault Duster<\/a>. O fabricante anuncia velocidade m\u00e1xima de 187 km\/h e acelera\u00e7\u00e3o de 0 a 100 km\/h em 10,7 segundos,\u00a0dados coerentes com as impress\u00f5es.<\/p>\n<p>A marca japonesa tem sido grande adepta do c\u00e2mbio autom\u00e1tico de varia\u00e7\u00e3o cont\u00ednua, e com o XV n\u00e3o \u00e9 diferente. Seu CVT \u00e9 bastante suave e foi calibrado de maneira a interpretar com exatid\u00e3o os anseios do motorista. Em opera\u00e7\u00e3o autom\u00e1tica, em uma acelera\u00e7\u00e3o a pleno, o motor alcan\u00e7a 6.000 rpm s\u00f3 por volta de 100 km\/h e ali estaciona at\u00e9 a velocidade m\u00e1xima.<\/p>\n<p>&nbsp;<\/p>\n<p><a href=\"https:\/\/autolivraria.com.br\/bc\/wp-content\/uploads\/2015\/10\/Subaru-XV-motor2.jpg\"><img decoding=\"async\" class=\"aligncenter size-large wp-image-65155 lazyload\" data-src=\"https:\/\/autolivraria.com.br\/bc\/wp-content\/uploads\/2015\/10\/Subaru-XV-motor2-743x495.jpg\" alt=\"Subaru XV\" width=\"743\" height=\"495\" data-srcset=\"https:\/\/autolivraria.com.br\/bc\/wp-content\/uploads\/2015\/10\/Subaru-XV-motor2-743x495.jpg 743w, https:\/\/autolivraria.com.br\/bc\/wp-content\/uploads\/2015\/10\/Subaru-XV-motor2-356x237.jpg 356w, https:\/\/autolivraria.com.br\/bc\/wp-content\/uploads\/2015\/10\/Subaru-XV-motor2-227x151.jpg 227w, https:\/\/autolivraria.com.br\/bc\/wp-content\/uploads\/2015\/10\/Subaru-XV-motor2-270x180.jpg 270w, https:\/\/autolivraria.com.br\/bc\/wp-content\/uploads\/2015\/10\/Subaru-XV-motor2.jpg 1280w\" data-sizes=\"(max-width: 743px) 100vw, 743px\" src=\"data:image\/svg+xml;base64,PHN2ZyB3aWR0aD0iMSIgaGVpZ2h0PSIxIiB4bWxucz0iaHR0cDovL3d3dy53My5vcmcvMjAwMC9zdmciPjwvc3ZnPg==\" style=\"--smush-placeholder-width: 743px; --smush-placeholder-aspect-ratio: 743\/495;\" \/><\/a><\/p>\n<p>&nbsp;<\/p>\n<div class='one_third'>\n\t\t\t\t\t<a href=\"https:\/\/autolivraria.com.br\/bc\/wp-content\/uploads\/2015\/10\/Subaru-XV-motor.jpg\"><img decoding=\"async\" class=\"aligncenter size-meia-largura-post wp-image-65156 lazyload\" data-src=\"https:\/\/autolivraria.com.br\/bc\/wp-content\/uploads\/2015\/10\/Subaru-XV-motor-227x151.jpg\" alt=\"Subaru XV\" width=\"227\" height=\"151\" data-srcset=\"https:\/\/autolivraria.com.br\/bc\/wp-content\/uploads\/2015\/10\/Subaru-XV-motor-227x151.jpg 227w, https:\/\/autolivraria.com.br\/bc\/wp-content\/uploads\/2015\/10\/Subaru-XV-motor-356x237.jpg 356w, https:\/\/autolivraria.com.br\/bc\/wp-content\/uploads\/2015\/10\/Subaru-XV-motor-270x180.jpg 270w, https:\/\/autolivraria.com.br\/bc\/wp-content\/uploads\/2015\/10\/Subaru-XV-motor.jpg 640w\" data-sizes=\"(max-width: 227px) 100vw, 227px\" src=\"data:image\/svg+xml;base64,PHN2ZyB3aWR0aD0iMSIgaGVpZ2h0PSIxIiB4bWxucz0iaHR0cDovL3d3dy53My5vcmcvMjAwMC9zdmciPjwvc3ZnPg==\" style=\"--smush-placeholder-width: 227px; --smush-placeholder-aspect-ratio: 227\/151;\" \/><\/a>\n\t\t\t\t<\/div>\n<div class='one_third'>\n\t\t\t\t\t<a href=\"https:\/\/autolivraria.com.br\/bc\/wp-content\/uploads\/2015\/10\/Subaru-XV-cambio.jpg\"><img decoding=\"async\" class=\"aligncenter size-meia-largura-post wp-image-65157 lazyload\" data-src=\"https:\/\/autolivraria.com.br\/bc\/wp-content\/uploads\/2015\/10\/Subaru-XV-cambio-227x151.jpg\" alt=\"Subaru XV\" width=\"227\" height=\"151\" data-srcset=\"https:\/\/autolivraria.com.br\/bc\/wp-content\/uploads\/2015\/10\/Subaru-XV-cambio-227x151.jpg 227w, https:\/\/autolivraria.com.br\/bc\/wp-content\/uploads\/2015\/10\/Subaru-XV-cambio-356x237.jpg 356w, https:\/\/autolivraria.com.br\/bc\/wp-content\/uploads\/2015\/10\/Subaru-XV-cambio-270x180.jpg 270w, https:\/\/autolivraria.com.br\/bc\/wp-content\/uploads\/2015\/10\/Subaru-XV-cambio.jpg 640w\" data-sizes=\"(max-width: 227px) 100vw, 227px\" src=\"data:image\/svg+xml;base64,PHN2ZyB3aWR0aD0iMSIgaGVpZ2h0PSIxIiB4bWxucz0iaHR0cDovL3d3dy53My5vcmcvMjAwMC9zdmciPjwvc3ZnPg==\" style=\"--smush-placeholder-width: 227px; --smush-placeholder-aspect-ratio: 227\/151;\" \/><\/a>\n\t\t\t\t<\/div>\n<div class='one_third last'>\n\t\t\t\t\t<a href=\"https:\/\/autolivraria.com.br\/bc\/wp-content\/uploads\/2015\/10\/Subaru-XV-tracao.jpg\"><img decoding=\"async\" class=\"aligncenter size-meia-largura-post wp-image-65158 lazyload\" data-src=\"https:\/\/autolivraria.com.br\/bc\/wp-content\/uploads\/2015\/10\/Subaru-XV-tracao-227x151.jpg\" alt=\"Subaru XV\" width=\"227\" height=\"151\" data-srcset=\"https:\/\/autolivraria.com.br\/bc\/wp-content\/uploads\/2015\/10\/Subaru-XV-tracao-227x151.jpg 227w, https:\/\/autolivraria.com.br\/bc\/wp-content\/uploads\/2015\/10\/Subaru-XV-tracao-356x237.jpg 356w, https:\/\/autolivraria.com.br\/bc\/wp-content\/uploads\/2015\/10\/Subaru-XV-tracao-743x495.jpg 743w, https:\/\/autolivraria.com.br\/bc\/wp-content\/uploads\/2015\/10\/Subaru-XV-tracao-270x180.jpg 270w, https:\/\/autolivraria.com.br\/bc\/wp-content\/uploads\/2015\/10\/Subaru-XV-tracao.jpg 1280w\" data-sizes=\"(max-width: 227px) 100vw, 227px\" src=\"data:image\/svg+xml;base64,PHN2ZyB3aWR0aD0iMSIgaGVpZ2h0PSIxIiB4bWxucz0iaHR0cDovL3d3dy53My5vcmcvMjAwMC9zdmciPjwvc3ZnPg==\" style=\"--smush-placeholder-width: 227px; --smush-placeholder-aspect-ratio: 227\/151;\" \/><\/a>\n\t\t\t\t<\/div><div class='clear'><\/div>\n<p style=\"text-align: center;\"><em>\u00a0<\/em><br \/>\n<em>O peculiar motor boxer fornece 150 cv ao c\u00e2mbio CVT; tra\u00e7\u00e3o integral opera sem o motorista intervir<\/em><\/p>\n<p>&nbsp;<\/p>\n<p>Um modo manual que simula seis marchas, para agradar aos ouvidos de quem se incomoda com o &#8220;som de carro el\u00e9trico&#8221;, adota uma &#8220;primeira&#8221; mais curta para chegar \u00e0quele regime a 80 km\/h e cria ligeira oscila\u00e7\u00e3o de giros ao alcan\u00e7ar 6.500 rpm. Nesse uso, o c\u00e2mbio pode ser operado pelos comandos no volante (ativos mesmo em modo autom\u00e1tico) e permite usar 100% do acelerador sem invocar redu\u00e7\u00e3o. A 120 km\/h indicados o motor gira a apenas 2.100 rpm em qualquer dos modos de uso, embora naturalmente as rota\u00e7\u00f5es cres\u00e7am em autom\u00e1tico em aclives.<\/p>\n<p>&nbsp;<\/p>\n<div class='code-block code-block-7' style='margin: 28px auto; text-align: center; display: block; clear: both;'>\n<script async src=\"https:\/\/pagead2.googlesyndication.com\/pagead\/js\/adsbygoogle.js\"><\/script>\n<!-- AL-quadrado -->\n<ins class=\"adsbygoogle\"\n     style=\"display:block\"\n     data-ad-client=\"ca-pub-1914799802606213\"\n     data-ad-slot=\"5683066082\"\n     data-ad-format=\"auto\"\n     data-full-width-responsive=\"true\"><\/ins>\n<script>\n     (adsbygoogle = window.adsbygoogle || []).push({});\n<\/script><\/div>\n\n<p>&nbsp;<\/p>\n<p>Suspens\u00e3o \u00e9 um dos aspectos mais relevantes em um carro como esse, destinado a todo tipo de terreno, e pode-se afirmar que os japoneses chegaram a um bom resultado no dif\u00edcil compromisso que tinham pela frente. Com um sistema de bra\u00e7os sobrepostos na traseira, o XV comporta-se bem em curvas, mostra rodar bem controlado pelos amortecedores e ader\u00eancia adequada dos pneus Yokohama Geolandar G95 na bem escolhida medida 225\/55 R 17 \u2014 que s\u00e3o de uso misto, mas produzem ru\u00eddo bastante moderado\u00a0em rodovia\u00a0asfaltada.<\/p>\n<p>Em pisos mais severos, como estradas de terra esburacadas, o conforto satisfaz quanto \u00e0 carga de molas e \u00e0 absor\u00e7\u00e3o de impactos: \u00e9 um carro macio que se torna firme na medida certa em obst\u00e1culos mais acentuados. A f\u00e1brica informa v\u00e3o livre do solo de 22 cent\u00edmetros e, pelo que experimentamos em nosso percurso habitual para utilit\u00e1rios esporte, n\u00e3o \u00e9 f\u00e1cil faz\u00ea-lo raspar alguma parte inferior. A tra\u00e7\u00e3o integral dispensa qualquer interven\u00e7\u00e3o do motorista, sendo autom\u00e1tica em sua reparti\u00e7\u00e3o de torque entre os eixos.<\/p>\n<p>&nbsp;<\/p>\n<p><a href=\"https:\/\/autolivraria.com.br\/bc\/wp-content\/uploads\/2015\/10\/Subaru-XV-10.jpg\"><img decoding=\"async\" class=\"aligncenter size-large wp-image-65160 lazyload\" data-src=\"https:\/\/autolivraria.com.br\/bc\/wp-content\/uploads\/2015\/10\/Subaru-XV-10-743x495.jpg\" alt=\"Subaru XV\" width=\"743\" height=\"495\" data-srcset=\"https:\/\/autolivraria.com.br\/bc\/wp-content\/uploads\/2015\/10\/Subaru-XV-10-743x495.jpg 743w, https:\/\/autolivraria.com.br\/bc\/wp-content\/uploads\/2015\/10\/Subaru-XV-10-356x237.jpg 356w, https:\/\/autolivraria.com.br\/bc\/wp-content\/uploads\/2015\/10\/Subaru-XV-10-227x151.jpg 227w, https:\/\/autolivraria.com.br\/bc\/wp-content\/uploads\/2015\/10\/Subaru-XV-10-270x180.jpg 270w, https:\/\/autolivraria.com.br\/bc\/wp-content\/uploads\/2015\/10\/Subaru-XV-10.jpg 1280w\" data-sizes=\"(max-width: 743px) 100vw, 743px\" src=\"data:image\/svg+xml;base64,PHN2ZyB3aWR0aD0iMSIgaGVpZ2h0PSIxIiB4bWxucz0iaHR0cDovL3d3dy53My5vcmcvMjAwMC9zdmciPjwvc3ZnPg==\" style=\"--smush-placeholder-width: 743px; --smush-placeholder-aspect-ratio: 743\/495;\" \/><\/a><\/p>\n<p>&nbsp;<\/p>\n<div class='one_third'>\n\t\t\t\t\t<a href=\"https:\/\/autolivraria.com.br\/bc\/wp-content\/uploads\/2015\/10\/Subaru-XV-01.jpg\"><img decoding=\"async\" class=\"aligncenter size-meia-largura-post wp-image-65159 lazyload\" data-src=\"https:\/\/autolivraria.com.br\/bc\/wp-content\/uploads\/2015\/10\/Subaru-XV-01-227x151.jpg\" alt=\"Subaru XV\" width=\"227\" height=\"151\" data-srcset=\"https:\/\/autolivraria.com.br\/bc\/wp-content\/uploads\/2015\/10\/Subaru-XV-01-227x151.jpg 227w, https:\/\/autolivraria.com.br\/bc\/wp-content\/uploads\/2015\/10\/Subaru-XV-01-356x237.jpg 356w, https:\/\/autolivraria.com.br\/bc\/wp-content\/uploads\/2015\/10\/Subaru-XV-01-743x495.jpg 743w, https:\/\/autolivraria.com.br\/bc\/wp-content\/uploads\/2015\/10\/Subaru-XV-01-270x180.jpg 270w, https:\/\/autolivraria.com.br\/bc\/wp-content\/uploads\/2015\/10\/Subaru-XV-01.jpg 1280w\" data-sizes=\"(max-width: 227px) 100vw, 227px\" src=\"data:image\/svg+xml;base64,PHN2ZyB3aWR0aD0iMSIgaGVpZ2h0PSIxIiB4bWxucz0iaHR0cDovL3d3dy53My5vcmcvMjAwMC9zdmciPjwvc3ZnPg==\" style=\"--smush-placeholder-width: 227px; --smush-placeholder-aspect-ratio: 227\/151;\" \/><\/a>\n\t\t\t\t<\/div>\n<div class='one_third'>\n\t\t\t\t\t<a href=\"https:\/\/autolivraria.com.br\/bc\/wp-content\/uploads\/2015\/10\/Subaru-XV-11.jpg\"><img decoding=\"async\" class=\"aligncenter size-meia-largura-post wp-image-65161 lazyload\" data-src=\"https:\/\/autolivraria.com.br\/bc\/wp-content\/uploads\/2015\/10\/Subaru-XV-11-227x151.jpg\" alt=\"Subaru XV\" width=\"227\" height=\"151\" data-srcset=\"https:\/\/autolivraria.com.br\/bc\/wp-content\/uploads\/2015\/10\/Subaru-XV-11-227x151.jpg 227w, https:\/\/autolivraria.com.br\/bc\/wp-content\/uploads\/2015\/10\/Subaru-XV-11-356x237.jpg 356w, https:\/\/autolivraria.com.br\/bc\/wp-content\/uploads\/2015\/10\/Subaru-XV-11-743x495.jpg 743w, https:\/\/autolivraria.com.br\/bc\/wp-content\/uploads\/2015\/10\/Subaru-XV-11-270x180.jpg 270w, https:\/\/autolivraria.com.br\/bc\/wp-content\/uploads\/2015\/10\/Subaru-XV-11.jpg 1280w\" data-sizes=\"(max-width: 227px) 100vw, 227px\" src=\"data:image\/svg+xml;base64,PHN2ZyB3aWR0aD0iMSIgaGVpZ2h0PSIxIiB4bWxucz0iaHR0cDovL3d3dy53My5vcmcvMjAwMC9zdmciPjwvc3ZnPg==\" style=\"--smush-placeholder-width: 227px; --smush-placeholder-aspect-ratio: 227\/151;\" \/><\/a>\n\t\t\t\t<\/div>\n<div class='one_third last'>\n\t\t\t\t\t<a href=\"https:\/\/autolivraria.com.br\/bc\/wp-content\/uploads\/2015\/10\/Subaru-XV-pmalas.jpg\"><img decoding=\"async\" class=\"aligncenter size-meia-largura-post wp-image-65162 lazyload\" data-src=\"https:\/\/autolivraria.com.br\/bc\/wp-content\/uploads\/2015\/10\/Subaru-XV-pmalas-227x151.jpg\" alt=\"Subaru XV\" width=\"227\" height=\"151\" data-srcset=\"https:\/\/autolivraria.com.br\/bc\/wp-content\/uploads\/2015\/10\/Subaru-XV-pmalas-227x151.jpg 227w, https:\/\/autolivraria.com.br\/bc\/wp-content\/uploads\/2015\/10\/Subaru-XV-pmalas-356x237.jpg 356w, https:\/\/autolivraria.com.br\/bc\/wp-content\/uploads\/2015\/10\/Subaru-XV-pmalas-270x180.jpg 270w, https:\/\/autolivraria.com.br\/bc\/wp-content\/uploads\/2015\/10\/Subaru-XV-pmalas.jpg 640w\" data-sizes=\"(max-width: 227px) 100vw, 227px\" src=\"data:image\/svg+xml;base64,PHN2ZyB3aWR0aD0iMSIgaGVpZ2h0PSIxIiB4bWxucz0iaHR0cDovL3d3dy53My5vcmcvMjAwMC9zdmciPjwvc3ZnPg==\" style=\"--smush-placeholder-width: 227px; --smush-placeholder-aspect-ratio: 227\/151;\" \/><\/a>\n\t\t\t\t<\/div><div class='clear'><\/div>\n<p style=\"text-align: center;\"><em>\u00a0<\/em><br \/>\n<em>Bom desempenho, c\u00e2mbio eficiente: apesar do porta-malas limitado, uma boa op\u00e7\u00e3o a pequenos SUVs<\/em><\/p>\n<p>&nbsp;<\/p>\n<p>De resto, freios bem dimensionados (com disco nas quatro rodas, raro nos concorrentes citados) e bom acerto da assist\u00eancia el\u00e9trica de dire\u00e7\u00e3o comp\u00f5em um carro f\u00e1cil e agrad\u00e1vel de dirigir em qualquer situa\u00e7\u00e3o. Os importantes controles eletr\u00f4nicos de estabilidade e tra\u00e7\u00e3o est\u00e3o presentes, com comando para desligamento, e os \u00f3timos far\u00f3is de xen\u00f4nio trazem lavador de alta press\u00e3o, ideal ap\u00f3s o uso em estradas poeirentas (e que a Jeep economizou em seu Renegade quando equipado com esse tipo de l\u00e2mpada).<\/p>\n<p>\u00c9 uma pena que, com a recente desvaloriza\u00e7\u00e3o do real, o pre\u00e7o do XV esteja hoje um pouco mais\u00a0salgado e ainda tenda a subir\u00a0(foi oferecido meses atr\u00e1s a cerca de R$ 100 mil). Mesmo assim, quem busca um carro m\u00e9dio eficiente e confort\u00e1vel para o dia a dia, mas capaz de ir at\u00e9 um s\u00edtio de acesso dif\u00edcil e voltar com seguran\u00e7a mesmo que chova, deve dar uma olhada nele antes de partir para um utilit\u00e1rio esporte.<\/p>\n<table border=\"0\">\n<tbody>\n<tr>\n<td><a href='https:\/\/autolivraria.com.br\/bc\/avaliacoes\/' class='small-button smallsilver'>Mais Avalia\u00e7\u00f5es<\/a><\/td>\n<\/tr>\n<\/tbody>\n<\/table>\n<p>&nbsp;<\/p>\n<div class='et-box et-shadow'>\n\t\t\t\t\t<div class='et-box-content'><h2>Ficha t\u00e9cnica<\/h2>\n<table id=\"table61\" border=\"0\" width=\"100%\" cellspacing=\"0\" cellpadding=\"3\">\n<tbody>\n<tr>\n<td colspan=\"2\" valign=\"top\" bgcolor=\"#FFFFFF\"><strong>Motor<\/strong><\/td>\n<\/tr>\n<tr>\n<td style=\"width: 50%;\" valign=\"top\">Posi\u00e7\u00e3o<\/td>\n<td style=\"width: 50%;\" valign=\"top\">longitudinal<\/td>\n<\/tr>\n<tr>\n<td valign=\"top\">Cilindros<\/td>\n<td valign=\"top\">4 horizontais opostos<\/td>\n<\/tr>\n<tr>\n<td valign=\"top\">Comando de v\u00e1lvulas<\/td>\n<td valign=\"top\">duplo nos cabe\u00e7otes<\/td>\n<\/tr>\n<tr>\n<td valign=\"top\">V\u00e1lvulas por cilindro<\/td>\n<td valign=\"top\">4<\/td>\n<\/tr>\n<tr>\n<td valign=\"top\">Di\u00e2metro e curso<\/td>\n<td valign=\"top\">84 x 90 mm<\/td>\n<\/tr>\n<tr>\n<td valign=\"top\">Cilindrada<\/td>\n<td valign=\"top\">1.995 cm\u00b3<\/td>\n<\/tr>\n<tr>\n<td valign=\"top\">Taxa de compress\u00e3o<\/td>\n<td valign=\"top\">10,5:1<\/td>\n<\/tr>\n<tr>\n<td valign=\"top\">Alimenta\u00e7\u00e3o<\/td>\n<td valign=\"top\">inje\u00e7\u00e3o multiponto sequencial<\/td>\n<\/tr>\n<tr>\n<td valign=\"top\">Pot\u00eancia m\u00e1xima<\/td>\n<td valign=\"top\">150 cv a 6.200 rpm<\/td>\n<\/tr>\n<tr>\n<td valign=\"top\">Torque m\u00e1ximo<\/td>\n<td valign=\"top\">20,0 m.kgf a 4.200 rpm<\/td>\n<\/tr>\n<tr>\n<td colspan=\"2\" valign=\"top\" bgcolor=\"#FFFFFF\"><strong>Transmiss\u00e3o<\/strong><\/td>\n<\/tr>\n<tr>\n<td valign=\"top\">Tipo de c\u00e2mbio e marchas<\/td>\n<td valign=\"top\">autom\u00e1tico de varia\u00e7\u00e3o cont\u00ednua, simula\u00e7\u00e3o de 6<\/td>\n<\/tr>\n<tr>\n<td valign=\"top\">Tra\u00e7\u00e3o<\/td>\n<td valign=\"top\">integral permanente<\/td>\n<\/tr>\n<tr>\n<td colspan=\"2\" valign=\"top\" bgcolor=\"#FFFFFF\"><strong>Freios<\/strong><\/td>\n<\/tr>\n<tr>\n<td valign=\"top\">Dianteiros<\/td>\n<td valign=\"top\">a disco ventilado<\/td>\n<\/tr>\n<tr>\n<td valign=\"top\">Traseiros<\/td>\n<td valign=\"top\">a disco<\/td>\n<\/tr>\n<tr>\n<td valign=\"top\">Antitravamento (ABS)<\/td>\n<td valign=\"top\">sim<\/td>\n<\/tr>\n<tr>\n<td colspan=\"2\" valign=\"top\" bgcolor=\"#FFFFFF\"><strong>Dire\u00e7\u00e3o<\/strong><\/td>\n<\/tr>\n<tr>\n<td valign=\"top\">Sistema<\/td>\n<td valign=\"top\">pinh\u00e3o e cremalheira<\/td>\n<\/tr>\n<tr>\n<td valign=\"top\">Assist\u00eancia<\/td>\n<td valign=\"top\">el\u00e9trica<\/td>\n<\/tr>\n<tr>\n<td colspan=\"2\" valign=\"top\" bgcolor=\"#FFFFFF\"><strong>Suspens\u00e3o<\/strong><\/td>\n<\/tr>\n<tr>\n<td valign=\"top\">Dianteira<\/td>\n<td valign=\"top\">independente, McPherson, mola helicoidal<\/td>\n<\/tr>\n<tr>\n<td valign=\"top\">Traseira<\/td>\n<td valign=\"top\">independente, bra\u00e7os sobrepostos, mola helicoidal<\/td>\n<\/tr>\n<tr>\n<td colspan=\"2\" valign=\"top\" bgcolor=\"#FFFFFF\"><strong>Rodas<\/strong><\/td>\n<\/tr>\n<tr>\n<td valign=\"top\">Dimens\u00f5es<\/td>\n<td valign=\"top\">7 x 17 pol<\/td>\n<\/tr>\n<tr>\n<td valign=\"top\">Pneus<\/td>\n<td valign=\"top\">225\/55 R 17<\/td>\n<\/tr>\n<tr>\n<td colspan=\"2\" valign=\"top\" bgcolor=\"#FFFFFF\"><strong>Dimens\u00f5es<\/strong><\/td>\n<\/tr>\n<tr>\n<td valign=\"top\">Comprimento<\/td>\n<td valign=\"top\">4,45 m<\/td>\n<\/tr>\n<tr>\n<td valign=\"top\">Largura<\/td>\n<td valign=\"top\">1,78 m<\/td>\n<\/tr>\n<tr>\n<td valign=\"top\">Altura<\/td>\n<td valign=\"top\">1,615 m<\/td>\n<\/tr>\n<tr>\n<td valign=\"top\">Entre-eixos<\/td>\n<td valign=\"top\">2,635 m<\/td>\n<\/tr>\n<tr>\n<td colspan=\"2\" valign=\"top\" bgcolor=\"#FFFFFF\"><strong>Capacidades e peso<\/strong><\/td>\n<\/tr>\n<tr>\n<td valign=\"top\">Tanque de combust\u00edvel<\/td>\n<td valign=\"top\">60 l<\/td>\n<\/tr>\n<tr>\n<td valign=\"top\">Compartimento de bagagem<\/td>\n<td valign=\"top\">310 l<\/td>\n<\/tr>\n<tr>\n<td valign=\"top\">Peso em ordem de marcha<\/td>\n<td valign=\"top\">1.415 kg<\/td>\n<\/tr>\n<tr>\n<td colspan=\"2\" valign=\"top\" bgcolor=\"#FFFFFF\"><strong>Desempenho e consumo<\/strong><\/td>\n<\/tr>\n<tr>\n<td valign=\"top\">Velocidade m\u00e1xima<\/td>\n<td valign=\"top\">187 km\/h<\/td>\n<\/tr>\n<tr>\n<td valign=\"top\">Acelera\u00e7\u00e3o de 0 a 100 km\/h<\/td>\n<td valign=\"top\">10,7 s<\/td>\n<\/tr>\n<tr>\n<td colspan=\"2\" valign=\"top\">Dados do fabricante; consumo n\u00e3o dispon\u00edvel<\/td>\n<\/tr>\n<\/tbody>\n<\/table><\/div><\/div>\n<p>&nbsp;<\/p>\n","protected":false},"excerpt":{"rendered":"<p>Com tra\u00e7\u00e3o integral e suspens\u00e3o bem acertada, o hatch m\u00e9dio equilibra qualidades para a estrada e para sair dela<\/p>\n","protected":false},"author":6,"featured_media":65143,"comment_status":"open","ping_status":"closed","sticky":false,"template":"","format":"standard","meta":{"_joinchat":[],"footnotes":""},"categories":[3,3602,1839],"tags":[391,80,2628,107,3826],"class_list":["post-65142","post","type-post","status-publish","format-standard","has-post-thumbnail","hentry","category-avaliacao","category-fora-de-estrada","category-subaru-avaliacao","tag-4x4","tag-avaliacao-2","tag-aventureiro","tag-subaru","tag-xv"],"amp_enabled":true,"_links":{"self":[{"href":"https:\/\/autolivraria.com.br\/bc\/wp-json\/wp\/v2\/posts\/65142","targetHints":{"allow":["GET"]}}],"collection":[{"href":"https:\/\/autolivraria.com.br\/bc\/wp-json\/wp\/v2\/posts"}],"about":[{"href":"https:\/\/autolivraria.com.br\/bc\/wp-json\/wp\/v2\/types\/post"}],"author":[{"embeddable":true,"href":"https:\/\/autolivraria.com.br\/bc\/wp-json\/wp\/v2\/users\/6"}],"replies":[{"embeddable":true,"href":"https:\/\/autolivraria.com.br\/bc\/wp-json\/wp\/v2\/comments?post=65142"}],"version-history":[{"count":0,"href":"https:\/\/autolivraria.com.br\/bc\/wp-json\/wp\/v2\/posts\/65142\/revisions"}],"wp:featuredmedia":[{"embeddable":true,"href":"https:\/\/autolivraria.com.br\/bc\/wp-json\/wp\/v2\/media\/65143"}],"wp:attachment":[{"href":"https:\/\/autolivraria.com.br\/bc\/wp-json\/wp\/v2\/media?parent=65142"}],"wp:term":[{"taxonomy":"category","embeddable":true,"href":"https:\/\/autolivraria.com.br\/bc\/wp-json\/wp\/v2\/categories?post=65142"},{"taxonomy":"post_tag","embeddable":true,"href":"https:\/\/autolivraria.com.br\/bc\/wp-json\/wp\/v2\/tags?post=65142"}],"curies":[{"name":"wp","href":"https:\/\/api.w.org\/{rel}","templated":true}]}}