{"id":65267,"date":"2015-10-28T09:00:06","date_gmt":"2015-10-28T12:00:06","guid":{"rendered":"http:\/\/bestcars.uol.com.br\/bc\/?p=65267"},"modified":"2015-10-28T18:31:33","modified_gmt":"2015-10-28T21:31:33","slug":"peugeot-308-reestilizado-chega-a-partir-de-r-70-mil","status":"publish","type":"post","link":"https:\/\/autolivraria.com.br\/bc\/informe-se\/noticias\/peugeot-308-reestilizado-chega-a-partir-de-r-70-mil\/","title":{"rendered":"Peugeot 308 reestilizado chega a partir de R$ 70 mil"},"content":{"rendered":"<p><a href=\"https:\/\/autolivraria.com.br\/bc\/wp-content\/uploads\/2015\/10\/Peugeot-308-2016-22.jpg\"><img fetchpriority=\"high\" decoding=\"async\" class=\"aligncenter size-large wp-image-65271\" src=\"https:\/\/autolivraria.com.br\/bc\/wp-content\/uploads\/2015\/10\/Peugeot-308-2016-22-743x495.jpg\" alt=\"Peugeot 308 2016 (22)\" width=\"743\" height=\"495\" srcset=\"https:\/\/autolivraria.com.br\/bc\/wp-content\/uploads\/2015\/10\/Peugeot-308-2016-22-743x495.jpg 743w, https:\/\/autolivraria.com.br\/bc\/wp-content\/uploads\/2015\/10\/Peugeot-308-2016-22-356x237.jpg 356w, https:\/\/autolivraria.com.br\/bc\/wp-content\/uploads\/2015\/10\/Peugeot-308-2016-22-227x151.jpg 227w, https:\/\/autolivraria.com.br\/bc\/wp-content\/uploads\/2015\/10\/Peugeot-308-2016-22-270x180.jpg 270w, https:\/\/autolivraria.com.br\/bc\/wp-content\/uploads\/2015\/10\/Peugeot-308-2016-22.jpg 1280w\" sizes=\"(max-width: 743px) 100vw, 743px\" \/><\/a><\/p>\n<p>&nbsp;<\/p>\n<p>O Peugeot 308 vendido no Brasil, que vem da Argentina, passa por uma reestiliza\u00e7\u00e3o para 2016 e ganha motor flex\u00edvel em combust\u00edvel na vers\u00e3o de topo THP, entre outras novidades. A reforma visual, que foi revelada em junho no Sal\u00e3o de Buenos Aires, deixa sua frente mais parecida com a de modelos recentes da marca e aplica luzes diurnas de <a href=\"https:\/\/autolivraria.com.br\/bc\/glossario-l\/#led\" target=\"_blank\">leds<\/a> ao para-choque dianteiro, enquanto a traseira ganha apenas novas lanternas, tamb\u00e9m com leds. No interior destaca-se o sistema de entretenimento com tela sens\u00edvel ao toque de 7 pol, apto a conex\u00e3o com telefone pelas tecnologias Mirror Link e Car Play\u00a0e dotado de disco r\u00edgido interno de 16 GB para armazenar m\u00fasicas. Os bancos foram revistos na densidade de espuma e agora h\u00e1 c\u00e2mera traseira para manobras.<\/p>\n<p>&nbsp;<\/p>\n<div class='code-block code-block-13' style='margin: 8px auto; text-align: center; display: block; clear: both;'>\n<script async src=\"https:\/\/pagead2.googlesyndication.com\/pagead\/js\/adsbygoogle.js\"><\/script>\n<!-- AL-quadrado -->\n<ins class=\"adsbygoogle\"\n     style=\"display:block\"\n     data-ad-client=\"ca-pub-1914799802606213\"\n     data-ad-slot=\"5683066082\"\n     data-ad-format=\"auto\"\n     data-full-width-responsive=\"true\"><\/ins>\n<script>\n     (adsbygoogle = window.adsbygoogle || []).push({});\n<\/script><\/div>\n\n<p>&nbsp;<\/p>\n<p>O motor THP Flex \u00e9 o mesmo conhecido do <a href=\"https:\/\/autolivraria.com.br\/bc\/tag\/2008\" target=\"_blank\">2008<\/a> e do <a href=\"https:\/\/autolivraria.com.br\/bc\/tag\/c4-lounge\" target=\"_blank\">Citro\u00ebn C4 Lounge<\/a>, com pot\u00eancia de 173 cv com \u00e1lcool\u00a0e torque de 24,5 m.kgf. O c\u00e2mbio autom\u00e1tico de seis marchas (de s\u00e9rie na vers\u00e3o) ganhou a fun\u00e7\u00e3o Eco, para condu\u00e7\u00e3o mais eficiente, e rela\u00e7\u00f5es at\u00e9 11% mais longas.\u00a0N\u00e3o foram alterados os motores aspirados de 1,6 litro (115\/122 cv) e 2,0 litros (143\/151 cv, sempre na ordem gasolina\/\u00e1lcool).\u00a0O 308 recebeu ainda novas\u00a0novas articula\u00e7\u00f5es de suspens\u00e3o e recalibra\u00e7\u00e3o dos amortecedores a fim de melhorar a absor\u00e7\u00e3o de irregularidades do piso.<\/p>\n<p>Os pre\u00e7os e principais equipamentos de s\u00e9rie de cada vers\u00e3o s\u00e3o:<\/p>\n<p>\u2022\u00a0<strong>308 Allure 1,6<\/strong>\u00a0manual (R$ 70 mil): seis bolsas infl\u00e1veis (frontais, laterais dianteiras e de cortina), alarme, fixa\u00e7\u00e3o Isofix para\u00a0cadeiras infantis, freios a disco nas quatro rodas, sensor de estacionamento traseiro, far\u00f3is de neblina, luzes diurnas de leds, teto panor\u00e2mico, dire\u00e7\u00e3o com assist\u00eancia eletro-hidr\u00e1ulica, ar-condicionado autom\u00e1tico de duas zonas, far\u00f3is e limpador de para-brisa autom\u00e1ticos, <a href=\"https:\/\/autolivraria.com.br\/bc\/glossario-c\/#cont\" target=\"_blank\">controlador<\/a>\/<a href=\"https:\/\/autolivraria.com.br\/bc\/glossario-l\/#limi\" target=\"_blank\">limitador<\/a> de velocidade, revestimento parcial em couro, sistema\u00a0multim\u00eddia com tela de 7 pol,\u00a0computador de bordo,\u00a0rodas de alum\u00ednio de 17 pol.<\/p>\n<p>&nbsp;<\/p>\n<p><a href=\"https:\/\/autolivraria.com.br\/bc\/wp-content\/uploads\/2015\/10\/Peugeot-308-2016-24.jpg\"><img decoding=\"async\" class=\"aligncenter size-large wp-image-65274 lazyload\" data-src=\"https:\/\/autolivraria.com.br\/bc\/wp-content\/uploads\/2015\/10\/Peugeot-308-2016-24-743x495.jpg\" alt=\"Peugeot 308 2016 (24)\" width=\"743\" height=\"495\" data-srcset=\"https:\/\/autolivraria.com.br\/bc\/wp-content\/uploads\/2015\/10\/Peugeot-308-2016-24-743x495.jpg 743w, https:\/\/autolivraria.com.br\/bc\/wp-content\/uploads\/2015\/10\/Peugeot-308-2016-24-356x237.jpg 356w, https:\/\/autolivraria.com.br\/bc\/wp-content\/uploads\/2015\/10\/Peugeot-308-2016-24-227x151.jpg 227w, https:\/\/autolivraria.com.br\/bc\/wp-content\/uploads\/2015\/10\/Peugeot-308-2016-24-270x180.jpg 270w, https:\/\/autolivraria.com.br\/bc\/wp-content\/uploads\/2015\/10\/Peugeot-308-2016-24.jpg 1280w\" data-sizes=\"(max-width: 743px) 100vw, 743px\" src=\"data:image\/svg+xml;base64,PHN2ZyB3aWR0aD0iMSIgaGVpZ2h0PSIxIiB4bWxucz0iaHR0cDovL3d3dy53My5vcmcvMjAwMC9zdmciPjwvc3ZnPg==\" style=\"--smush-placeholder-width: 743px; --smush-placeholder-aspect-ratio: 743\/495;\" \/><\/a><\/p>\n<p>&nbsp;<\/p>\n<p>\u2022 <strong>308 Allure 2,0<\/strong> autom\u00e1tico (R$ 76 mil): acrescenta\u00a0caixa autom\u00e1tica de seis marchas e <a href=\"https:\/\/autolivraria.com.br\/bc\/glossario-c\/#esp\" target=\"_blank\">controle eletr\u00f4nico de estabilidade<\/a>.<\/p>\n<p>\u2022 <strong>308\u00a0Griffe THP<\/strong> autom\u00e1tico (R$ 83 mil): adiciona ao Allure 2,0 motor THP, sensor de estacionamento dianteiro, c\u00e2mera traseira para manobras, navegador integrado, bancos\u00a0de couro perfurado e rodas com face externa usinada.<\/p>\n<ul>\n<li><a href=\"https:\/\/autolivraria.com.br\/bc\/informe-se\/avaliacao\/teste-peugeot-308-2016-esquece-a-europa-e-apela-para-cirurgia\/\" target=\"_blank\">Leia a avalia\u00e7\u00e3o do 308 2016<\/a><\/li>\n<\/ul>\n<p>&nbsp;<\/p>\n<div id='gallery-1' class='gallery galleryid-65267 gallery-columns-2 gallery-size-medium'><figure class='gallery-item'>\n\t\t\t<div class='gallery-icon landscape'>\n\t\t\t\t<a href='https:\/\/autolivraria.com.br\/bc\/wp-content\/uploads\/2015\/10\/Peugeot-308-2016-22.jpg'><img decoding=\"async\" width=\"356\" height=\"237\" data-src=\"https:\/\/autolivraria.com.br\/bc\/wp-content\/uploads\/2015\/10\/Peugeot-308-2016-22-356x237.jpg\" class=\"attachment-medium size-medium lazyload\" alt=\"\" src=\"data:image\/svg+xml;base64,PHN2ZyB3aWR0aD0iMSIgaGVpZ2h0PSIxIiB4bWxucz0iaHR0cDovL3d3dy53My5vcmcvMjAwMC9zdmciPjwvc3ZnPg==\" style=\"--smush-placeholder-width: 356px; --smush-placeholder-aspect-ratio: 356\/237;\" \/><\/a>\n\t\t\t<\/div><\/figure><figure class='gallery-item'>\n\t\t\t<div class='gallery-icon landscape'>\n\t\t\t\t<a href='https:\/\/autolivraria.com.br\/bc\/wp-content\/uploads\/2015\/10\/Peugeot-308-2016-19.jpg'><img decoding=\"async\" width=\"356\" height=\"237\" data-src=\"https:\/\/autolivraria.com.br\/bc\/wp-content\/uploads\/2015\/10\/Peugeot-308-2016-19-356x237.jpg\" class=\"attachment-medium size-medium lazyload\" alt=\"\" src=\"data:image\/svg+xml;base64,PHN2ZyB3aWR0aD0iMSIgaGVpZ2h0PSIxIiB4bWxucz0iaHR0cDovL3d3dy53My5vcmcvMjAwMC9zdmciPjwvc3ZnPg==\" style=\"--smush-placeholder-width: 356px; --smush-placeholder-aspect-ratio: 356\/237;\" \/><\/a>\n\t\t\t<\/div><\/figure><figure class='gallery-item'>\n\t\t\t<div class='gallery-icon landscape'>\n\t\t\t\t<a href='https:\/\/autolivraria.com.br\/bc\/wp-content\/uploads\/2015\/10\/Peugeot-308-2016-20.jpg'><img decoding=\"async\" width=\"340\" height=\"227\" data-src=\"https:\/\/autolivraria.com.br\/bc\/wp-content\/uploads\/2015\/10\/Peugeot-308-2016-20-340x227.jpg\" class=\"attachment-medium size-medium lazyload\" alt=\"\" src=\"data:image\/svg+xml;base64,PHN2ZyB3aWR0aD0iMSIgaGVpZ2h0PSIxIiB4bWxucz0iaHR0cDovL3d3dy53My5vcmcvMjAwMC9zdmciPjwvc3ZnPg==\" style=\"--smush-placeholder-width: 340px; --smush-placeholder-aspect-ratio: 340\/227;\" \/><\/a>\n\t\t\t<\/div><\/figure><figure class='gallery-item'>\n\t\t\t<div class='gallery-icon landscape'>\n\t\t\t\t<a href='https:\/\/autolivraria.com.br\/bc\/wp-content\/uploads\/2015\/10\/Peugeot-308-2016-24.jpg'><img decoding=\"async\" width=\"356\" height=\"237\" data-src=\"https:\/\/autolivraria.com.br\/bc\/wp-content\/uploads\/2015\/10\/Peugeot-308-2016-24-356x237.jpg\" class=\"attachment-medium size-medium lazyload\" alt=\"\" src=\"data:image\/svg+xml;base64,PHN2ZyB3aWR0aD0iMSIgaGVpZ2h0PSIxIiB4bWxucz0iaHR0cDovL3d3dy53My5vcmcvMjAwMC9zdmciPjwvc3ZnPg==\" style=\"--smush-placeholder-width: 356px; --smush-placeholder-aspect-ratio: 356\/237;\" \/><\/a>\n\t\t\t<\/div><\/figure><figure class='gallery-item'>\n\t\t\t<div class='gallery-icon landscape'>\n\t\t\t\t<a href='https:\/\/autolivraria.com.br\/bc\/wp-content\/uploads\/2015\/10\/Peugeot-308-2016-28.jpg'><img decoding=\"async\" width=\"356\" height=\"237\" data-src=\"https:\/\/autolivraria.com.br\/bc\/wp-content\/uploads\/2015\/10\/Peugeot-308-2016-28-356x237.jpg\" class=\"attachment-medium size-medium lazyload\" alt=\"\" src=\"data:image\/svg+xml;base64,PHN2ZyB3aWR0aD0iMSIgaGVpZ2h0PSIxIiB4bWxucz0iaHR0cDovL3d3dy53My5vcmcvMjAwMC9zdmciPjwvc3ZnPg==\" style=\"--smush-placeholder-width: 356px; --smush-placeholder-aspect-ratio: 356\/237;\" \/><\/a>\n\t\t\t<\/div><\/figure><figure class='gallery-item'>\n\t\t\t<div class='gallery-icon landscape'>\n\t\t\t\t<a href='https:\/\/autolivraria.com.br\/bc\/wp-content\/uploads\/2015\/10\/Peugeot-308-2016-34.jpg'><img decoding=\"async\" width=\"356\" height=\"237\" data-src=\"https:\/\/autolivraria.com.br\/bc\/wp-content\/uploads\/2015\/10\/Peugeot-308-2016-34-356x237.jpg\" class=\"attachment-medium size-medium lazyload\" alt=\"\" src=\"data:image\/svg+xml;base64,PHN2ZyB3aWR0aD0iMSIgaGVpZ2h0PSIxIiB4bWxucz0iaHR0cDovL3d3dy53My5vcmcvMjAwMC9zdmciPjwvc3ZnPg==\" style=\"--smush-placeholder-width: 356px; --smush-placeholder-aspect-ratio: 356\/237;\" \/><\/a>\n\t\t\t<\/div><\/figure>\n\t\t<\/div>\n\n<p><em>Texto da equipe &#8211; Fotos: divulga\u00e7\u00e3o<\/em><\/p>\n<p>&nbsp;<\/p>\n","protected":false},"excerpt":{"rendered":"<p>O Peugeot 308 vendido no Brasil passa por uma reestiliza\u00e7\u00e3o e ganha motor flex\u00edvel em combust\u00edvel na vers\u00e3o de topo THP<\/p>\n","protected":false},"author":6,"featured_media":65271,"comment_status":"open","ping_status":"closed","sticky":false,"template":"","format":"standard","meta":{"_joinchat":[],"footnotes":""},"categories":[8],"tags":[331,1903,1780,2069,94,69,575],"class_list":["post-65267","post","type-post","status-publish","format-standard","has-post-thumbnail","hentry","category-noticias","tag-331","tag-308-allure","tag-308-griffe","tag-308-thp","tag-noticias-2","tag-peugeot","tag-turbo"],"amp_enabled":true,"_links":{"self":[{"href":"https:\/\/autolivraria.com.br\/bc\/wp-json\/wp\/v2\/posts\/65267","targetHints":{"allow":["GET"]}}],"collection":[{"href":"https:\/\/autolivraria.com.br\/bc\/wp-json\/wp\/v2\/posts"}],"about":[{"href":"https:\/\/autolivraria.com.br\/bc\/wp-json\/wp\/v2\/types\/post"}],"author":[{"embeddable":true,"href":"https:\/\/autolivraria.com.br\/bc\/wp-json\/wp\/v2\/users\/6"}],"replies":[{"embeddable":true,"href":"https:\/\/autolivraria.com.br\/bc\/wp-json\/wp\/v2\/comments?post=65267"}],"version-history":[{"count":0,"href":"https:\/\/autolivraria.com.br\/bc\/wp-json\/wp\/v2\/posts\/65267\/revisions"}],"wp:featuredmedia":[{"embeddable":true,"href":"https:\/\/autolivraria.com.br\/bc\/wp-json\/wp\/v2\/media\/65271"}],"wp:attachment":[{"href":"https:\/\/autolivraria.com.br\/bc\/wp-json\/wp\/v2\/media?parent=65267"}],"wp:term":[{"taxonomy":"category","embeddable":true,"href":"https:\/\/autolivraria.com.br\/bc\/wp-json\/wp\/v2\/categories?post=65267"},{"taxonomy":"post_tag","embeddable":true,"href":"https:\/\/autolivraria.com.br\/bc\/wp-json\/wp\/v2\/tags?post=65267"}],"curies":[{"name":"wp","href":"https:\/\/api.w.org\/{rel}","templated":true}]}}