{"id":65311,"date":"2015-10-28T18:26:05","date_gmt":"2015-10-28T21:26:05","guid":{"rendered":"http:\/\/bestcars.uol.com.br\/bc\/?p=65311"},"modified":"2015-11-03T12:49:28","modified_gmt":"2015-11-03T15:49:28","slug":"teste-peugeot-308-2016-esquece-a-europa-e-apela-para-cirurgia","status":"publish","type":"post","link":"https:\/\/autolivraria.com.br\/bc\/informe-se\/avaliacao\/teste-peugeot-308-2016-esquece-a-europa-e-apela-para-cirurgia\/","title":{"rendered":"Peugeot 308 esquece a Europa e apela para cirurgia"},"content":{"rendered":"<p><a href=\"https:\/\/autolivraria.com.br\/bc\/wp-content\/uploads\/2015\/10\/Peugeot-308-2016-14.jpg\"><img fetchpriority=\"high\" decoding=\"async\" class=\"aligncenter size-large wp-image-65312\" src=\"https:\/\/autolivraria.com.br\/bc\/wp-content\/uploads\/2015\/10\/Peugeot-308-2016-14-743x495.jpg\" alt=\"Peugeot 308 2016\" width=\"743\" height=\"495\" \/><\/a><\/p>\n<p>&nbsp;<\/p>\n<h2>Com nova frente e poucas outras mudan\u00e7as, hatch m\u00e9dio acusa o peso da idade sem\u00a0compensar no pre\u00e7o<\/h2>\n<p><em>Texto: Fabr\u00edcio Samah\u00e1 e\u00a0Edison Ragassi &#8211; Fotos: divulga\u00e7\u00e3o<\/em><\/p>\n<p>&nbsp;<\/p>\n<p>No atual mercado brasileiro de hatches m\u00e9dios h\u00e1 duas estrat\u00e9gias de competi\u00e7\u00e3o. Uma, manter o produto em sintonia com o que se faz na Europa, ao menos em termos de desenho e plataforma, como t\u00eam feito Ford com o <a href=\"https:\/\/autolivraria.com.br\/bc\/tag\/focus\" target=\"_blank\">Focus<\/a>, Volkswagen com o <a href=\"https:\/\/autolivraria.com.br\/bc\/tag\/golf\" target=\"_blank\">Golf<\/a> e Hyundai com o <a href=\"https:\/\/autolivraria.com.br\/bc\/tag\/i30\" target=\"_blank\">i30<\/a> \u2014 e parece o caminho prov\u00e1vel da Chevrolet com o <a href=\"https:\/\/autolivraria.com.br\/bc\/tag\/cruze\" target=\"_blank\">Cruze<\/a> quando o hatch l\u00e1 de fora se equiparar ao <a href=\"https:\/\/autolivraria.com.br\/bc\/informe-se\/noticias\/chevrolet-cruze-chega-aos-eua-todo-novo-e-mais-leve\/\" target=\"_blank\">novo sed\u00e3<\/a>. A outra estrat\u00e9gia \u00e9 fechar os olhos para o que se faz nos mercados desenvolvidos e tentar prolongar o ciclo de produ\u00e7\u00e3o de um antigo projeto mediante reestiliza\u00e7\u00f5es, como t\u00eam feito a Fiat com o <a href=\"https:\/\/autolivraria.com.br\/bc\/tag\/bravo\" target=\"_blank\">Bravo<\/a> e, agora, a Peugeot com o 308.<\/p>\n<p>Lan\u00e7ado na Europa em 2007, o 308 levou cinco anos para chegar ao Brasil, tempo suficiente para passar por uma reestiliza\u00e7\u00e3o frontal. Esses oito anos de l\u00e1 para c\u00e1 explicam por que ele, apesar de seus atributos, parece mais defasado do que se espera de um modelo que recebemos em 2012. Como fabricar na Argentina (de onde \u00e9 trazido) a <a href=\"https:\/\/autolivraria.com.br\/bc\/informe-se\/noticias\/peugeot-308-novo-aqui-ja-tem-sucessor-na-europa\/\" target=\"_blank\">gera\u00e7\u00e3o francesa de 2013<\/a> n\u00e3o est\u00e1 nos planos da PSA Peugeot Citro\u00ebn, o jeito foi buscar um rejuvenescimento para o velho 308.<\/p>\n<p>A reforma foi t\u00edmida a ponto de preservar at\u00e9 cap\u00f4 e para-lamas dianteiros: s\u00f3 as pe\u00e7as de seus limites para frente foram alteradas, o que conteve custos. Dentro do padr\u00e3o de estilo adotado nos mais recentes Peugeots europeus, o 308 ganhou uma ampla grade acima da placa (antes, quase toda a admiss\u00e3o de ar ficava abaixo dela), novos far\u00f3is e para-choque, que mant\u00e9m as luzes de <a href=\"https:\/\/autolivraria.com.br\/bc\/glossario-l\/#led\" target=\"_blank\">leds<\/a> para sinaliza\u00e7\u00e3o diurna. A traseira mostra apenas lanternas refeitas com leds, sem alterar seu contorno. Algu\u00e9m na Peugeot deve adorar aquelas falsas sa\u00eddas de escapamento, pois continuam l\u00e1.<\/p>\n<p>&nbsp;<\/p>\n<p><a href=\"https:\/\/autolivraria.com.br\/bc\/wp-content\/uploads\/2015\/10\/Peugeot-308-2016-4.jpg\"><img decoding=\"async\" class=\"aligncenter size-large wp-image-65313 lazyload\" data-src=\"https:\/\/autolivraria.com.br\/bc\/wp-content\/uploads\/2015\/10\/Peugeot-308-2016-4-743x495.jpg\" alt=\"Peugeot 308 2016\" width=\"743\" height=\"495\" src=\"data:image\/svg+xml;base64,PHN2ZyB3aWR0aD0iMSIgaGVpZ2h0PSIxIiB4bWxucz0iaHR0cDovL3d3dy53My5vcmcvMjAwMC9zdmciPjwvc3ZnPg==\" style=\"--smush-placeholder-width: 743px; --smush-placeholder-aspect-ratio: 743\/495;\" \/><\/a><\/p>\n<p>&nbsp;<\/p>\n<div class='one_third'>\n\t\t\t\t\t<a href=\"https:\/\/autolivraria.com.br\/bc\/wp-content\/uploads\/2015\/10\/Peugeot-308-2016-6.jpg\"><img decoding=\"async\" class=\"aligncenter size-meia-largura-post wp-image-65314 lazyload\" data-src=\"https:\/\/autolivraria.com.br\/bc\/wp-content\/uploads\/2015\/10\/Peugeot-308-2016-6-227x151.jpg\" alt=\"Peugeot 308 2016\" width=\"227\" height=\"151\" data-srcset=\"https:\/\/autolivraria.com.br\/bc\/wp-content\/uploads\/2015\/10\/Peugeot-308-2016-6-227x151.jpg 227w, https:\/\/autolivraria.com.br\/bc\/wp-content\/uploads\/2015\/10\/Peugeot-308-2016-6-356x237.jpg 356w, https:\/\/autolivraria.com.br\/bc\/wp-content\/uploads\/2015\/10\/Peugeot-308-2016-6-743x495.jpg 743w, https:\/\/autolivraria.com.br\/bc\/wp-content\/uploads\/2015\/10\/Peugeot-308-2016-6-270x180.jpg 270w, https:\/\/autolivraria.com.br\/bc\/wp-content\/uploads\/2015\/10\/Peugeot-308-2016-6.jpg 1280w\" data-sizes=\"(max-width: 227px) 100vw, 227px\" src=\"data:image\/svg+xml;base64,PHN2ZyB3aWR0aD0iMSIgaGVpZ2h0PSIxIiB4bWxucz0iaHR0cDovL3d3dy53My5vcmcvMjAwMC9zdmciPjwvc3ZnPg==\" style=\"--smush-placeholder-width: 227px; --smush-placeholder-aspect-ratio: 227\/151;\" \/><\/a>\n\t\t\t\t<\/div>\n<div class='one_third'>\n\t\t\t\t\t<a href=\"https:\/\/autolivraria.com.br\/bc\/wp-content\/uploads\/2015\/10\/Peugeot-308-2016-35.jpg\"><img decoding=\"async\" class=\"aligncenter size-meia-largura-post wp-image-65315 lazyload\" data-src=\"https:\/\/autolivraria.com.br\/bc\/wp-content\/uploads\/2015\/10\/Peugeot-308-2016-35-227x151.jpg\" alt=\"Peugeot 308 2016\" width=\"227\" height=\"151\" data-srcset=\"https:\/\/autolivraria.com.br\/bc\/wp-content\/uploads\/2015\/10\/Peugeot-308-2016-35-227x151.jpg 227w, https:\/\/autolivraria.com.br\/bc\/wp-content\/uploads\/2015\/10\/Peugeot-308-2016-35-356x237.jpg 356w, https:\/\/autolivraria.com.br\/bc\/wp-content\/uploads\/2015\/10\/Peugeot-308-2016-35-743x495.jpg 743w, https:\/\/autolivraria.com.br\/bc\/wp-content\/uploads\/2015\/10\/Peugeot-308-2016-35-270x180.jpg 270w, https:\/\/autolivraria.com.br\/bc\/wp-content\/uploads\/2015\/10\/Peugeot-308-2016-35.jpg 1280w\" data-sizes=\"(max-width: 227px) 100vw, 227px\" src=\"data:image\/svg+xml;base64,PHN2ZyB3aWR0aD0iMSIgaGVpZ2h0PSIxIiB4bWxucz0iaHR0cDovL3d3dy53My5vcmcvMjAwMC9zdmciPjwvc3ZnPg==\" style=\"--smush-placeholder-width: 227px; --smush-placeholder-aspect-ratio: 227\/151;\" \/><\/a>\n\t\t\t\t<\/div>\n<div class='one_third last'>\n\t\t\t\t\t<a href=\"https:\/\/autolivraria.com.br\/bc\/wp-content\/uploads\/2015\/10\/Peugeot-308-2016-12.jpg\"><img decoding=\"async\" class=\"aligncenter size-meia-largura-post wp-image-65316 lazyload\" data-src=\"https:\/\/autolivraria.com.br\/bc\/wp-content\/uploads\/2015\/10\/Peugeot-308-2016-12-227x151.jpg\" alt=\"Peugeot 308 2016\" width=\"227\" height=\"151\" data-srcset=\"https:\/\/autolivraria.com.br\/bc\/wp-content\/uploads\/2015\/10\/Peugeot-308-2016-12-227x151.jpg 227w, https:\/\/autolivraria.com.br\/bc\/wp-content\/uploads\/2015\/10\/Peugeot-308-2016-12-356x237.jpg 356w, https:\/\/autolivraria.com.br\/bc\/wp-content\/uploads\/2015\/10\/Peugeot-308-2016-12-743x495.jpg 743w, https:\/\/autolivraria.com.br\/bc\/wp-content\/uploads\/2015\/10\/Peugeot-308-2016-12-270x180.jpg 270w, https:\/\/autolivraria.com.br\/bc\/wp-content\/uploads\/2015\/10\/Peugeot-308-2016-12.jpg 1280w\" data-sizes=\"(max-width: 227px) 100vw, 227px\" src=\"data:image\/svg+xml;base64,PHN2ZyB3aWR0aD0iMSIgaGVpZ2h0PSIxIiB4bWxucz0iaHR0cDovL3d3dy53My5vcmcvMjAwMC9zdmciPjwvc3ZnPg==\" style=\"--smush-placeholder-width: 227px; --smush-placeholder-aspect-ratio: 227\/151;\" \/><\/a>\n\t\t\t\t<\/div><div class='clear'><\/div>\n<p style=\"text-align: center;\"><em>\u00a0<\/em><br \/>\n<em>Para-choque dianteiro, far\u00f3is, grade, leds nas lanternas: uma pl\u00e1stica para disfar\u00e7ar os anos<\/em><\/p>\n<p>&nbsp;<\/p>\n<p>Qualquer dono de 308 se sentir\u00e1 em casa no modelo 2016, pois dentro dele quase tudo \u00e9 o mesmo de antes. \u00c0 parte detalhes nos mostradores do painel, no volante e mudan\u00e7a na densidade de espuma dos bancos, a \u00fanica novidade \u00e9 a troca da tela elevada dos sistemas de \u00e1udio e navega\u00e7\u00e3o (com comando por bot\u00e3o girat\u00f3rio, nada pr\u00e1tico) por uma mais baixa, acionada por toques, no local do antigo aparelho de \u00e1udio. L\u00e1 em cima restou um porta-objetos. Embora inserir um endere\u00e7o esteja mais f\u00e1cil agora, seguir o mapa era melhor antes, com a tela pr\u00f3xima do campo visual.<\/p>\n<p>&nbsp;<\/p>\n<blockquote><p>O motor da vers\u00e3o de entrada surpreendeu, com boa \u201cpegada\u201d desde baixas rota\u00e7\u00f5es, e a\u00a0suspens\u00e3o j\u00e1 n\u00e3o proporciona solavancos<\/p><\/blockquote>\n<p>&nbsp;<\/p>\n<p>O sistema, em si, evoluiu. Pela tela de sete polegadas pode-se agora controlar um telefone celular conectado pelas tecnologias Mirror Link e Apple Car Play, assim como armazenar m\u00fasicas em um disco r\u00edgido interno de 16 GB e visualizar imagens de tr\u00e1s do carro pela in\u00e9dita c\u00e2mera de manobras \u2014 que vem apenas na vers\u00e3o Griffe THP, assim como navegador.<\/p>\n<p>Na parte mec\u00e2nica, o 308 de topo ganha motor <a href=\"https:\/\/autolivraria.com.br\/bc\/glossario-f\/#flex\" target=\"_blank\">flex\u00edvel em combust\u00edvel<\/a>, com a unidade THP Flex turboalimentada j\u00e1 conhecida do\u00a0<a href=\"https:\/\/autolivraria.com.br\/bc\/tag\/2008\" target=\"_blank\">2008<\/a>\u00a0e do\u00a0<a href=\"https:\/\/autolivraria.com.br\/bc\/tag\/c4-lounge\" target=\"_blank\">Citro\u00ebn C4 Lounge<\/a>. Embora a <a href=\"https:\/\/autolivraria.com.br\/bc\/glossario-t\/#taxa\" target=\"_blank\">taxa de compress\u00e3o<\/a> seja mais baixa que na antiga vers\u00e3o a gasolina (caiu de 10,5:1 para 10,2:1), a pot\u00eancia subiu de 165 para 166 cv com gasolina e chega a 173 cv com \u00e1lcool. O \u00f3timo torque caiu um pouco, de 24,5 para 24 m.kgf \u00e0s mesmas 1.400 rpm (com 16 m.kgf j\u00e1 a 1.000 rpm, com a turbina a pleno, claro). N\u00e3o foram alterados os motores aspirados de 1,6 litro (115\/122 cv e 15,5\/16,4 m.kgf) e 2,0 litros (143\/151 cv e 20\/22 m.kgf, sempre na ordem gasolina\/\u00e1lcool).<\/p>\n<p>&nbsp;<\/p>\n<div class='one_half'>\n\t\t\t\t\t<a href=\"https:\/\/autolivraria.com.br\/bc\/wp-content\/uploads\/2015\/10\/Peugeot-308-2016-24.jpg\"><img decoding=\"async\" class=\"aligncenter size-medium wp-image-65274 lazyload\" data-src=\"https:\/\/autolivraria.com.br\/bc\/wp-content\/uploads\/2015\/10\/Peugeot-308-2016-24-356x237.jpg\" alt=\"Peugeot 308 2016\" width=\"356\" height=\"237\" data-srcset=\"https:\/\/autolivraria.com.br\/bc\/wp-content\/uploads\/2015\/10\/Peugeot-308-2016-24-356x237.jpg 356w, https:\/\/autolivraria.com.br\/bc\/wp-content\/uploads\/2015\/10\/Peugeot-308-2016-24-743x495.jpg 743w, https:\/\/autolivraria.com.br\/bc\/wp-content\/uploads\/2015\/10\/Peugeot-308-2016-24-227x151.jpg 227w, https:\/\/autolivraria.com.br\/bc\/wp-content\/uploads\/2015\/10\/Peugeot-308-2016-24-270x180.jpg 270w, https:\/\/autolivraria.com.br\/bc\/wp-content\/uploads\/2015\/10\/Peugeot-308-2016-24.jpg 1280w\" data-sizes=\"(max-width: 356px) 100vw, 356px\" src=\"data:image\/svg+xml;base64,PHN2ZyB3aWR0aD0iMSIgaGVpZ2h0PSIxIiB4bWxucz0iaHR0cDovL3d3dy53My5vcmcvMjAwMC9zdmciPjwvc3ZnPg==\" style=\"--smush-placeholder-width: 356px; --smush-placeholder-aspect-ratio: 356\/237;\" \/><\/a>\n\t\t\t\t<\/div>\n<div class='one_half last'>\n\t\t\t\t\t<a href=\"https:\/\/autolivraria.com.br\/bc\/wp-content\/uploads\/2015\/10\/Peugeot-308-2016-28.jpg\"><img decoding=\"async\" class=\"aligncenter size-medium wp-image-65273 lazyload\" data-src=\"https:\/\/autolivraria.com.br\/bc\/wp-content\/uploads\/2015\/10\/Peugeot-308-2016-28-356x237.jpg\" alt=\"Peugeot 308 2016\" width=\"356\" height=\"237\" data-srcset=\"https:\/\/autolivraria.com.br\/bc\/wp-content\/uploads\/2015\/10\/Peugeot-308-2016-28-356x237.jpg 356w, https:\/\/autolivraria.com.br\/bc\/wp-content\/uploads\/2015\/10\/Peugeot-308-2016-28-743x495.jpg 743w, https:\/\/autolivraria.com.br\/bc\/wp-content\/uploads\/2015\/10\/Peugeot-308-2016-28-227x151.jpg 227w, https:\/\/autolivraria.com.br\/bc\/wp-content\/uploads\/2015\/10\/Peugeot-308-2016-28-270x180.jpg 270w, https:\/\/autolivraria.com.br\/bc\/wp-content\/uploads\/2015\/10\/Peugeot-308-2016-28.jpg 1280w\" data-sizes=\"(max-width: 356px) 100vw, 356px\" src=\"data:image\/svg+xml;base64,PHN2ZyB3aWR0aD0iMSIgaGVpZ2h0PSIxIiB4bWxucz0iaHR0cDovL3d3dy53My5vcmcvMjAwMC9zdmciPjwvc3ZnPg==\" style=\"--smush-placeholder-width: 356px; --smush-placeholder-aspect-ratio: 356\/237;\" \/><\/a>\n\t\t\t\t<\/div><div class='clear'><\/div>\n<p style=\"text-align: center;\"><em>\u00a0<\/em><br \/>\n<em>No interior, novos mostradores, tela t\u00e1til mais baixa, disco para m\u00fasicas e integra\u00e7\u00e3o ao celular<\/em><\/p>\n<p>&nbsp;<\/p>\n<p>A caixa autom\u00e1tica de seis marchas que vem com o motor 2,0 e o THP passa a trazer o programa de uso Eco, que efetua as mudan\u00e7as em rota\u00e7\u00e3o mais baixa para menor consumo, e teve as rela\u00e7\u00f5es revistas para ficar at\u00e9 11% mais longa. Como no C4 Lounge, agora o c\u00e2mbio traciona menos na condi\u00e7\u00e3o de marcha-lenta, o que reduz vibra\u00e7\u00f5es e consumo, e o <a href=\"https:\/\/autolivraria.com.br\/bc\/glossario-b\/#bloq\" target=\"_blank\">bloqueio do conversor de torque<\/a>\u00a0atua mais com o mesmo objetivo (quanto mais deslizamento de conversor, mais se gasta combust\u00edvel). O c\u00e2mbio manual de cinco marchas do motor 1,6 aspirado n\u00e3o muda. De resto, articula\u00e7\u00f5es de suspens\u00e3o e calibra\u00e7\u00e3o dos amortecedores foram alteradas para melhor absor\u00e7\u00e3o de irregularidades do piso, repetindo um processo aplicado h\u00e1 dois anos no modelo.<\/p>\n<p>&nbsp;<\/p>\n<div class='code-block code-block-7' style='margin: 28px auto; text-align: center; display: block; clear: both;'>\n<script async src=\"https:\/\/pagead2.googlesyndication.com\/pagead\/js\/adsbygoogle.js\"><\/script>\n<!-- AL-quadrado -->\n<ins class=\"adsbygoogle\"\n     style=\"display:block\"\n     data-ad-client=\"ca-pub-1914799802606213\"\n     data-ad-slot=\"5683066082\"\n     data-ad-format=\"auto\"\n     data-full-width-responsive=\"true\"><\/ins>\n<script>\n     (adsbygoogle = window.adsbygoogle || []).push({});\n<\/script><\/div>\n\n<p>&nbsp;<\/p>\n<h2>Ao volante<\/h2>\n<p>Na\u00a0avalia\u00e7\u00e3o pela imprensa o 308 confirmou o que se esperava: um velho conhecido.\u00a0N\u00e3o foi poss\u00edvel dirigir a vers\u00e3o THP, que tinha maiores novidades (fica para a avalia\u00e7\u00e3o completa), mas com o Allure de 1,6 litro e c\u00e2mbio manual rodamos 80 quil\u00f4metros entre Guarulhos e S\u00e3o Bernardo do Campo (SP). O interior, apesar do aspecto antigo, permanece agrad\u00e1vel, com bancos de boa anatomia e painel de instrumentos com f\u00e1cil visualiza\u00e7\u00e3o \u2014 que mudou de forma quase impercept\u00edvel. A tela do sistema multim\u00eddia privilegia mais a vis\u00e3o do passageiro que do motorista: se o posicionamento fosse mais para cima, como no 208, ficaria melhor.<\/p>\n<p>O motor da vers\u00e3o de entrada surpreendeu, com boa \u201cpegada\u201d desde baixas rota\u00e7\u00f5es e desempenho suficiente para a maioria dos motoristas. Na rodovia Ayrton Senna o 308 andou com muita desenvoltura, permitindo acelera\u00e7\u00f5es e retomadas convincentes. Em condi\u00e7\u00f5es urbanas o ajuste da suspens\u00e3o est\u00e1 bem acertado \u2014 j\u00e1 n\u00e3o proporciona solavancos ao passar por valetas e lombadas, mesmo com os pneus de perfil baixo empregados.<\/p>\n<p>&nbsp;<\/p>\n<p><a href=\"https:\/\/autolivraria.com.br\/bc\/wp-content\/uploads\/2015\/10\/Peugeot-308-2016-16.jpg\"><img decoding=\"async\" class=\"aligncenter size-large wp-image-65317 lazyload\" data-src=\"https:\/\/autolivraria.com.br\/bc\/wp-content\/uploads\/2015\/10\/Peugeot-308-2016-16-743x495.jpg\" alt=\"Peugeot 308 2016\" width=\"743\" height=\"495\" data-srcset=\"https:\/\/autolivraria.com.br\/bc\/wp-content\/uploads\/2015\/10\/Peugeot-308-2016-16-743x495.jpg 743w, https:\/\/autolivraria.com.br\/bc\/wp-content\/uploads\/2015\/10\/Peugeot-308-2016-16-356x237.jpg 356w, https:\/\/autolivraria.com.br\/bc\/wp-content\/uploads\/2015\/10\/Peugeot-308-2016-16-227x151.jpg 227w, https:\/\/autolivraria.com.br\/bc\/wp-content\/uploads\/2015\/10\/Peugeot-308-2016-16-270x180.jpg 270w, https:\/\/autolivraria.com.br\/bc\/wp-content\/uploads\/2015\/10\/Peugeot-308-2016-16.jpg 1280w\" data-sizes=\"(max-width: 743px) 100vw, 743px\" src=\"data:image\/svg+xml;base64,PHN2ZyB3aWR0aD0iMSIgaGVpZ2h0PSIxIiB4bWxucz0iaHR0cDovL3d3dy53My5vcmcvMjAwMC9zdmciPjwvc3ZnPg==\" style=\"--smush-placeholder-width: 743px; --smush-placeholder-aspect-ratio: 743\/495;\" \/><\/a><\/p>\n<p>&nbsp;<\/p>\n<div class='one_third'>\n\t\t\t\t\t<a href=\"https:\/\/autolivraria.com.br\/bc\/wp-content\/uploads\/2015\/10\/Peugeot-308-2016-22.jpg\"><img decoding=\"async\" class=\"aligncenter size-meia-largura-post wp-image-65271 lazyload\" data-src=\"https:\/\/autolivraria.com.br\/bc\/wp-content\/uploads\/2015\/10\/Peugeot-308-2016-22-227x151.jpg\" alt=\"Peugeot 308 2016\" width=\"227\" height=\"151\" data-srcset=\"https:\/\/autolivraria.com.br\/bc\/wp-content\/uploads\/2015\/10\/Peugeot-308-2016-22-227x151.jpg 227w, https:\/\/autolivraria.com.br\/bc\/wp-content\/uploads\/2015\/10\/Peugeot-308-2016-22-356x237.jpg 356w, https:\/\/autolivraria.com.br\/bc\/wp-content\/uploads\/2015\/10\/Peugeot-308-2016-22-743x495.jpg 743w, https:\/\/autolivraria.com.br\/bc\/wp-content\/uploads\/2015\/10\/Peugeot-308-2016-22-270x180.jpg 270w, https:\/\/autolivraria.com.br\/bc\/wp-content\/uploads\/2015\/10\/Peugeot-308-2016-22.jpg 1280w\" data-sizes=\"(max-width: 227px) 100vw, 227px\" src=\"data:image\/svg+xml;base64,PHN2ZyB3aWR0aD0iMSIgaGVpZ2h0PSIxIiB4bWxucz0iaHR0cDovL3d3dy53My5vcmcvMjAwMC9zdmciPjwvc3ZnPg==\" style=\"--smush-placeholder-width: 227px; --smush-placeholder-aspect-ratio: 227\/151;\" \/><\/a>\n\t\t\t\t<\/div>\n<div class='one_third'>\n\t\t\t\t\t<a href=\"https:\/\/autolivraria.com.br\/bc\/wp-content\/uploads\/2015\/10\/Peugeot-308-2016-34.jpg\"><img decoding=\"async\" class=\"aligncenter size-meia-largura-post wp-image-65268 lazyload\" data-src=\"https:\/\/autolivraria.com.br\/bc\/wp-content\/uploads\/2015\/10\/Peugeot-308-2016-34-227x151.jpg\" alt=\"Peugeot 308 2016\" width=\"227\" height=\"151\" data-srcset=\"https:\/\/autolivraria.com.br\/bc\/wp-content\/uploads\/2015\/10\/Peugeot-308-2016-34-227x151.jpg 227w, https:\/\/autolivraria.com.br\/bc\/wp-content\/uploads\/2015\/10\/Peugeot-308-2016-34-356x237.jpg 356w, https:\/\/autolivraria.com.br\/bc\/wp-content\/uploads\/2015\/10\/Peugeot-308-2016-34-743x495.jpg 743w, https:\/\/autolivraria.com.br\/bc\/wp-content\/uploads\/2015\/10\/Peugeot-308-2016-34-270x180.jpg 270w, https:\/\/autolivraria.com.br\/bc\/wp-content\/uploads\/2015\/10\/Peugeot-308-2016-34.jpg 1280w\" data-sizes=\"(max-width: 227px) 100vw, 227px\" src=\"data:image\/svg+xml;base64,PHN2ZyB3aWR0aD0iMSIgaGVpZ2h0PSIxIiB4bWxucz0iaHR0cDovL3d3dy53My5vcmcvMjAwMC9zdmciPjwvc3ZnPg==\" style=\"--smush-placeholder-width: 227px; --smush-placeholder-aspect-ratio: 227\/151;\" \/><\/a>\n\t\t\t\t<\/div>\n<div class='one_third last'>\n\t\t\t\t\t<a href=\"https:\/\/autolivraria.com.br\/bc\/wp-content\/uploads\/2015\/10\/Peugeot-308-2016-47.jpg\"><img decoding=\"async\" class=\"aligncenter size-meia-largura-post wp-image-65318 lazyload\" data-src=\"https:\/\/autolivraria.com.br\/bc\/wp-content\/uploads\/2015\/10\/Peugeot-308-2016-47-227x151.jpg\" alt=\"Peugeot 308 2016\" width=\"227\" height=\"151\" data-srcset=\"https:\/\/autolivraria.com.br\/bc\/wp-content\/uploads\/2015\/10\/Peugeot-308-2016-47-227x151.jpg 227w, https:\/\/autolivraria.com.br\/bc\/wp-content\/uploads\/2015\/10\/Peugeot-308-2016-47-356x237.jpg 356w, https:\/\/autolivraria.com.br\/bc\/wp-content\/uploads\/2015\/10\/Peugeot-308-2016-47-743x495.jpg 743w, https:\/\/autolivraria.com.br\/bc\/wp-content\/uploads\/2015\/10\/Peugeot-308-2016-47-270x180.jpg 270w, https:\/\/autolivraria.com.br\/bc\/wp-content\/uploads\/2015\/10\/Peugeot-308-2016-47.jpg 1280w\" data-sizes=\"(max-width: 227px) 100vw, 227px\" src=\"data:image\/svg+xml;base64,PHN2ZyB3aWR0aD0iMSIgaGVpZ2h0PSIxIiB4bWxucz0iaHR0cDovL3d3dy53My5vcmcvMjAwMC9zdmciPjwvc3ZnPg==\" style=\"--smush-placeholder-width: 227px; --smush-placeholder-aspect-ratio: 227\/151;\" \/><\/a>\n\t\t\t\t<\/div><div class='clear'><\/div>\n<p style=\"text-align: center;\"><em>\u00a0<\/em><br \/>\n<em>Agora flex\u00edvel, motor THP chega a 173 cv com \u00e1lcool; c\u00e2mbio e suspens\u00e3o foram revistos<\/em><\/p>\n<p>&nbsp;<\/p>\n<p>Embora tenha eliminado a vers\u00e3o de entrada Active (que custava R$ 66 mil), deixando o carro mais caro em sua primeira op\u00e7\u00e3o, a Peugeot caprichou nos equipamentos de s\u00e9rie. Entretanto, para um modelo envelhecido, o 308 deveria custar menos. O Allure 1,6 sai pelos mesmos R$ 70 mil do Ford Focus SE 1,6 (ambos com caixa manual), que vem com <a href=\"https:\/\/autolivraria.com.br\/bc\/glossario-c\/#esp\" target=\"_blank\">controle eletr\u00f4nico de estabilidade<\/a>\u00a0e monitor de press\u00e3o dos pneus, embora deva ao Peugeot as bolsas infl\u00e1veis laterais e de cortina e algumas conveni\u00eancias (teto panor\u00e2mico, ar-condicionado autom\u00e1tico de duas zonas, sistema multim\u00eddia). O Griffe THP, por R$ 83 mil, supera os R$ 80.900 do Focus SE Plus 2,0 automatizado (175\/178 cv) e leva sobre ele poucas vantagens em conte\u00fado \u2014 cortinas infl\u00e1veis, o teto, c\u00e2mera traseira.<\/p>\n<p>Bom de dirigir, o 308 sempre foi e assim continua. Mas quando se escolhe o segundo caminho do come\u00e7o do texto \u00e9 preciso oferecer rela\u00e7\u00e3o custo-benef\u00edcio atraente, tarefa na qual a Peugeot n\u00e3o parece ter sido bem sucedida.<\/p>\n<table border=\"0\">\n<tbody>\n<tr>\n<td><a href='https:\/\/autolivraria.com.br\/bc\/informe-se\/avaliacao\/teste-peugeot-308-2016-esquece-a-europa-e-apela-para-cirurgia\/2\/' class='small-button smallsilver'>Pr\u00f3xima parte<\/a><\/td>\n<\/tr>\n<\/tbody>\n<\/table>\n<p>&nbsp;<\/p>\n<p><!--nextpage--><\/p>\n<p><a href=\"https:\/\/autolivraria.com.br\/bc\/wp-content\/uploads\/2015\/10\/Peugeot-308-2016-20.jpg\"><img decoding=\"async\" class=\"aligncenter size-large wp-image-65270 lazyload\" data-src=\"https:\/\/autolivraria.com.br\/bc\/wp-content\/uploads\/2015\/10\/Peugeot-308-2016-20-743x495.jpg\" alt=\"Peugeot 308 2016\" width=\"743\" height=\"495\" src=\"data:image\/svg+xml;base64,PHN2ZyB3aWR0aD0iMSIgaGVpZ2h0PSIxIiB4bWxucz0iaHR0cDovL3d3dy53My5vcmcvMjAwMC9zdmciPjwvc3ZnPg==\" style=\"--smush-placeholder-width: 743px; --smush-placeholder-aspect-ratio: 743\/495;\" \/><\/a><\/p>\n<p style=\"text-align: center;\"><em>\u00a0<\/em><br \/>\n<em>A vers\u00e3o THP \u00e9 a mais cara da linha 2016, que perdeu a op\u00e7\u00e3o de entrada Active<\/em><\/p>\n<p>&nbsp;<\/p>\n<div class='et-box et-shadow'>\n\t\t\t\t\t<div class='et-box-content'><h2>Vers\u00f5es, pre\u00e7os e equipamentos de s\u00e9rie<\/h2>\n<p>\u2022 <strong>308 Allure 1,6<\/strong>, c\u00e2mbio\u00a0manual (R$ 70 mil): alarme, ar-condicionado autom\u00e1tico de duas zonas, cintos de tr\u00eas pontos para todos os ocupantes, computador de bordo, <a href=\"https:\/\/autolivraria.com.br\/bc\/glossario-c\/#cont\" target=\"_blank\">controlador<\/a> e <a href=\"https:\/\/autolivraria.com.br\/bc\/glossario-l\/#limi\" target=\"_blank\">limitador de velocidade<\/a>, dire\u00e7\u00e3o com assist\u00eancia <a href=\"https:\/\/autolivraria.com.br\/bc\/glossario-e\/#ele2\" target=\"_blank\">eletro-hidr\u00e1ulica<\/a>, far\u00f3is de neblina, far\u00f3is e limpador de para-brisa autom\u00e1ticos, fixa\u00e7\u00e3o <a href=\"https:\/\/autolivraria.com.br\/bc\/glossario-i\/#isof\" target=\"_blank\">Isofix<\/a> para cadeiras infantis, freios a disco nas quatro rodas com <a href=\"https:\/\/autolivraria.com.br\/bc\/glossario-d\/#ebd\" target=\"_blank\">distribui\u00e7\u00e3o eletr\u00f4nica entre os eixos<\/a> e <a href=\"https:\/\/autolivraria.com.br\/bc\/glossario-a\/#bas\" target=\"_blank\">assist\u00eancia adicional em emerg\u00eancia<\/a>, luzes diurnas de <a href=\"https:\/\/autolivraria.com.br\/bc\/glossario-l\/#led\" target=\"_blank\">leds<\/a>, revestimento parcial dos bancos em couro, rodas de alum\u00ednio de 17 pol, seis bolsas infl\u00e1veis (frontais, laterais dianteiras e de cortina), sensores de estacionamento traseiros, sistema multim\u00eddia com tela de 7 pol, teto panor\u00e2mico.<\/p>\n<p>\u2022 <strong>308 Allure 2,0<\/strong>, c\u00e2mbio autom\u00e1tico (R$ 76 mil): idem ao Allure, mais caixa autom\u00e1tica de seis marchas e <a href=\"https:\/\/autolivraria.com.br\/bc\/glossario-c\/#esp\" target=\"_blank\">controle eletr\u00f4nico de estabilidade e tra\u00e7\u00e3o<\/a>.<\/p>\n<p>\u2022 <strong>308 Griffe THP 1,6<\/strong>, c\u00e2mbio autom\u00e1tico (R$ 83 mil): idem Allure 2,0, mais bancos de couro perfurado, c\u00e2mera traseira para manobras, navegador integrado, rodas com face externa usinada e sensores de estacionamento dianteiros.<\/p><\/div><\/div>\n<p>&nbsp;<\/p>\n<div class='code-block code-block-7' style='margin: 28px auto; text-align: center; display: block; clear: both;'>\n<script async src=\"https:\/\/pagead2.googlesyndication.com\/pagead\/js\/adsbygoogle.js\"><\/script>\n<!-- AL-quadrado -->\n<ins class=\"adsbygoogle\"\n     style=\"display:block\"\n     data-ad-client=\"ca-pub-1914799802606213\"\n     data-ad-slot=\"5683066082\"\n     data-ad-format=\"auto\"\n     data-full-width-responsive=\"true\"><\/ins>\n<script>\n     (adsbygoogle = window.adsbygoogle || []).push({});\n<\/script><\/div>\n\n<p>&nbsp;<\/p>\n<div class='et-box et-shadow'>\n\t\t\t\t\t<div class='et-box-content'><h2>Ficha t\u00e9cnica<\/h2>\n<table id=\"table61\" style=\"width: 100%;\" border=\"0\" cellspacing=\"0\" cellpadding=\"3\">\n<tbody>\n<tr>\n<td valign=\"top\" width=\"40%\"><\/td>\n<td valign=\"top\" width=\"20%\"><strong>Allure 1,6<\/strong><\/td>\n<td valign=\"top\" width=\"20%\"><strong>Allure 2,0<\/strong><\/td>\n<td valign=\"top\" width=\"20%\"><strong>Griffe THP 1,6<\/strong><\/td>\n<\/tr>\n<tr>\n<td colspan=\"4\" valign=\"top\" bgcolor=\"#FFFFFF\" width=\"40%\"><strong>Motor<\/strong><\/td>\n<\/tr>\n<tr>\n<td valign=\"top\" width=\"40%\">Posi\u00e7\u00e3o<\/td>\n<td valign=\"top\" width=\"20%\">transversal<\/td>\n<td valign=\"top\" width=\"20%\"><\/td>\n<td valign=\"top\" width=\"20%\"><\/td>\n<\/tr>\n<tr>\n<td valign=\"top\" width=\"40%\">Cilindros<\/td>\n<td valign=\"top\" width=\"20%\">4 em linha<\/td>\n<td valign=\"top\" width=\"20%\"><\/td>\n<td valign=\"top\" width=\"20%\"><\/td>\n<\/tr>\n<tr>\n<td valign=\"top\" width=\"40%\">Comando de v\u00e1lvulas<\/td>\n<td colspan=\"3\" valign=\"top\" width=\"20%\">duplo no cabe\u00e7ote<\/td>\n<\/tr>\n<tr>\n<td valign=\"top\" width=\"40%\">V\u00e1lvulas por cilindro<\/td>\n<td colspan=\"3\" valign=\"top\" width=\"20%\">4, varia\u00e7\u00e3o de tempo<\/td>\n<\/tr>\n<tr>\n<td valign=\"top\" width=\"40%\">Di\u00e2metro e curso<\/td>\n<td valign=\"top\" width=\"20%\">78,5 x 82 mm<\/td>\n<td valign=\"top\" width=\"20%\">85 x 88 mm<\/td>\n<td valign=\"top\" width=\"20%\">77 x 85,8 mm<\/td>\n<\/tr>\n<tr>\n<td valign=\"top\" width=\"40%\">Cilindrada<\/td>\n<td valign=\"top\" width=\"20%\">1.587 cm\u00b3<\/td>\n<td valign=\"top\" width=\"20%\">1.997 cm\u00b3<\/td>\n<td valign=\"top\" width=\"20%\">1.598 cm\u00b3<\/td>\n<\/tr>\n<tr>\n<td valign=\"top\" width=\"40%\">Taxa de compress\u00e3o<\/td>\n<td valign=\"top\" width=\"20%\">12,5:1<\/td>\n<td valign=\"top\" width=\"20%\">10,8:1<\/td>\n<td valign=\"top\" width=\"20%\">10,2:1<\/td>\n<\/tr>\n<tr>\n<td valign=\"top\" width=\"40%\">Alimenta\u00e7\u00e3o<\/td>\n<td colspan=\"2\" valign=\"top\" width=\"20%\">inje\u00e7\u00e3o multiponto sequencial<\/td>\n<td valign=\"top\" width=\"20%\">inje\u00e7\u00e3o direta, turboc., resfriador de ar<\/td>\n<\/tr>\n<tr>\n<td valign=\"top\" width=\"40%\">Pot\u00eancia m\u00e1xima (gas.\/\u00e1lc.)<\/td>\n<td valign=\"top\" width=\"20%\">115 cv a 6.000 rpm \/ 122 cv a 5.800 rpm<\/td>\n<td valign=\"top\" width=\"20%\">143 cv a 6.250 rpm \/ 151 cv a 6.000 rpm<\/td>\n<td valign=\"top\" width=\"20%\">166 \/ 173 cv a 6.000 rpm<\/td>\n<\/tr>\n<tr>\n<td valign=\"top\" width=\"40%\">Torque m\u00e1ximo (gas.\/\u00e1lc.)<\/td>\n<td valign=\"top\" width=\"20%\">15,5 \/ 16,4 m.kgf a 4.000 rpm<\/td>\n<td valign=\"top\" width=\"20%\">20,0 \/ 22,0 m.kgf a 4.000 rpm<\/td>\n<td valign=\"top\" width=\"20%\">24,0 m.kgf a 1.400 rpm<\/td>\n<\/tr>\n<tr>\n<td colspan=\"4\" valign=\"top\" bgcolor=\"#FFFFFF\" width=\"40%\"><strong>Transmiss\u00e3o<\/strong><\/td>\n<\/tr>\n<tr>\n<td valign=\"top\" width=\"40%\">Tipo de c\u00e2mbio e marchas<\/td>\n<td valign=\"top\" width=\"20%\">manual \/ 5<\/td>\n<td colspan=\"2\" valign=\"top\" width=\"20%\">autom\u00e1tico \/ 6<\/td>\n<\/tr>\n<tr>\n<td valign=\"top\" width=\"40%\">Tra\u00e7\u00e3o<\/td>\n<td valign=\"top\" width=\"20%\">dianteira<\/td>\n<td valign=\"top\" width=\"20%\"><\/td>\n<td valign=\"top\" width=\"20%\"><\/td>\n<\/tr>\n<tr>\n<td colspan=\"4\" valign=\"top\" bgcolor=\"#FFFFFF\" width=\"40%\"><strong>Freios<\/strong><\/td>\n<\/tr>\n<tr>\n<td valign=\"top\" width=\"40%\">Dianteiros<\/td>\n<td colspan=\"3\" valign=\"top\" width=\"60%\">a disco ventilado<\/td>\n<\/tr>\n<tr>\n<td valign=\"top\" width=\"40%\">Traseiros<\/td>\n<td valign=\"top\" width=\"20%\">a disco<\/td>\n<td valign=\"top\" width=\"20%\"><\/td>\n<td valign=\"top\" width=\"20%\"><\/td>\n<\/tr>\n<tr>\n<td valign=\"top\" width=\"40%\">Antitravamento (ABS)<\/td>\n<td valign=\"top\" width=\"20%\">sim<\/td>\n<td valign=\"top\" width=\"20%\"><\/td>\n<td valign=\"top\" width=\"20%\"><\/td>\n<\/tr>\n<tr>\n<td colspan=\"4\" valign=\"top\" bgcolor=\"#FFFFFF\" width=\"40%\"><strong>Dire\u00e7\u00e3o<\/strong><\/td>\n<\/tr>\n<tr>\n<td valign=\"top\" width=\"40%\">Sistema<\/td>\n<td colspan=\"3\" valign=\"top\" width=\"20%\">pinh\u00e3o e cremalheira<\/td>\n<\/tr>\n<tr>\n<td style=\"width: 40%;\" valign=\"top\" width=\"40%\">Assist\u00eancia<\/td>\n<td colspan=\"3\" valign=\"top\" width=\"20%\">eletro-hidr\u00e1ulica<\/td>\n<\/tr>\n<tr>\n<td colspan=\"4\" valign=\"top\" bgcolor=\"#FFFFFF\" width=\"40%\"><strong>Suspens\u00e3o<\/strong><\/td>\n<\/tr>\n<tr>\n<td valign=\"top\" width=\"40%\">Dianteira<\/td>\n<td colspan=\"3\" valign=\"top\" width=\"60%\">independente, McPherson, mola helicoidal<\/td>\n<\/tr>\n<tr>\n<td valign=\"top\" width=\"40%\">Traseira<\/td>\n<td colspan=\"3\" valign=\"top\" width=\"60%\">eixo de tor\u00e7\u00e3o, mola helicoidal<\/td>\n<\/tr>\n<tr>\n<td colspan=\"4\" valign=\"top\" bgcolor=\"#FFFFFF\" width=\"40%\"><strong>Rodas<\/strong><\/td>\n<\/tr>\n<tr>\n<td valign=\"top\" width=\"40%\">Dimens\u00f5es<\/td>\n<td valign=\"top\" width=\"20%\">7 x 17 pol<\/td>\n<td valign=\"top\" width=\"20%\"><\/td>\n<td valign=\"top\" width=\"20%\"><\/td>\n<\/tr>\n<tr>\n<td valign=\"top\" width=\"40%\">Pneus<\/td>\n<td valign=\"top\" width=\"20%\">225\/45 R 17<\/td>\n<td valign=\"top\" width=\"20%\"><\/td>\n<td valign=\"top\" width=\"20%\"><\/td>\n<\/tr>\n<tr>\n<td colspan=\"4\" valign=\"top\" bgcolor=\"#FFFFFF\" width=\"40%\"><strong>Dimens\u00f5es<\/strong><\/td>\n<\/tr>\n<tr>\n<td valign=\"top\" width=\"40%\">Comprimento<\/td>\n<td valign=\"top\" width=\"20%\">4,292 m<\/td>\n<td valign=\"top\" width=\"20%\"><\/td>\n<td valign=\"top\" width=\"20%\"><\/td>\n<\/tr>\n<tr>\n<td valign=\"top\" width=\"40%\">Largura<\/td>\n<td valign=\"top\" width=\"20%\">1,815 m<\/td>\n<td valign=\"top\" width=\"20%\"><\/td>\n<td valign=\"top\" width=\"20%\"><\/td>\n<\/tr>\n<tr>\n<td valign=\"top\" width=\"40%\">Altura<\/td>\n<td valign=\"top\" width=\"20%\">1,518 m<\/td>\n<td valign=\"top\" width=\"20%\"><\/td>\n<td valign=\"top\" width=\"20%\"><\/td>\n<\/tr>\n<tr>\n<td valign=\"top\" width=\"40%\">Entre-eixos<\/td>\n<td valign=\"top\" width=\"20%\">2,608 m<\/td>\n<td valign=\"top\" width=\"20%\"><\/td>\n<td valign=\"top\" width=\"20%\"><\/td>\n<\/tr>\n<tr>\n<td colspan=\"4\" valign=\"top\" bgcolor=\"#FFFFFF\" width=\"40%\"><strong>Capacidades e peso<\/strong><\/td>\n<\/tr>\n<tr>\n<td valign=\"top\" width=\"40%\">Tanque de combust\u00edvel<\/td>\n<td valign=\"top\" width=\"20%\">60 l<\/td>\n<td valign=\"top\" width=\"20%\"><\/td>\n<td valign=\"top\" width=\"20%\"><\/td>\n<\/tr>\n<tr>\n<td valign=\"top\" width=\"40%\">Compartimento de bagagem<\/td>\n<td valign=\"top\" width=\"20%\">430 l<\/td>\n<td valign=\"top\" width=\"20%\"><\/td>\n<td valign=\"top\" width=\"20%\"><\/td>\n<\/tr>\n<tr>\n<td valign=\"top\" width=\"40%\">Peso em ordem de marcha<\/td>\n<td valign=\"top\" width=\"20%\">1.318 kg<\/td>\n<td valign=\"top\" width=\"20%\">1.328 kg<\/td>\n<td valign=\"top\" width=\"20%\">1.392 kg<\/td>\n<\/tr>\n<tr>\n<td colspan=\"4\" valign=\"top\" bgcolor=\"#FFFFFF\" width=\"40%\"><strong>Desempenho (gas.\/\u00e1lc.)<\/strong><\/td>\n<\/tr>\n<tr>\n<td valign=\"top\" width=\"40%\">Velocidade m\u00e1xima<\/td>\n<td valign=\"top\" width=\"20%\">191 \/ 196 km\/h<\/td>\n<td valign=\"top\" width=\"20%\">210 \/ 213 km\/h<\/td>\n<td valign=\"top\" width=\"20%\">215 km\/h<\/td>\n<\/tr>\n<tr>\n<td valign=\"top\" width=\"40%\">Acelera\u00e7\u00e3o de 0 a 100 km\/h<\/td>\n<td valign=\"top\" width=\"20%\">11,0 \/ 10,3 s<\/td>\n<td valign=\"top\" width=\"20%\">9,3 \/ 8,9 s<\/td>\n<td valign=\"top\" width=\"20%\">8,3 \/ 8,1 s<\/td>\n<\/tr>\n<tr>\n<td colspan=\"4\" valign=\"top\" width=\"40%\">Dados do fabricante; consumo n\u00e3o dispon\u00edvel<\/td>\n<\/tr>\n<\/tbody>\n<\/table><\/div><\/div>\n<p>&nbsp;<\/p>\n","protected":false},"excerpt":{"rendered":"<p>Com nova frente e poucas outras mudan\u00e7as, hatch m\u00e9dio acusa o peso da idade sem compensar no pre\u00e7o<\/p>\n","protected":false},"author":6,"featured_media":65312,"comment_status":"open","ping_status":"closed","sticky":false,"template":"","format":"standard","meta":{"_joinchat":[],"footnotes":""},"categories":[3,1836],"tags":[331,1903,1780,2069,80,69,575],"class_list":["post-65311","post","type-post","status-publish","format-standard","has-post-thumbnail","hentry","category-avaliacao","category-peugeot-avaliacao","tag-331","tag-308-allure","tag-308-griffe","tag-308-thp","tag-avaliacao-2","tag-peugeot","tag-turbo"],"amp_enabled":true,"_links":{"self":[{"href":"https:\/\/autolivraria.com.br\/bc\/wp-json\/wp\/v2\/posts\/65311","targetHints":{"allow":["GET"]}}],"collection":[{"href":"https:\/\/autolivraria.com.br\/bc\/wp-json\/wp\/v2\/posts"}],"about":[{"href":"https:\/\/autolivraria.com.br\/bc\/wp-json\/wp\/v2\/types\/post"}],"author":[{"embeddable":true,"href":"https:\/\/autolivraria.com.br\/bc\/wp-json\/wp\/v2\/users\/6"}],"replies":[{"embeddable":true,"href":"https:\/\/autolivraria.com.br\/bc\/wp-json\/wp\/v2\/comments?post=65311"}],"version-history":[{"count":0,"href":"https:\/\/autolivraria.com.br\/bc\/wp-json\/wp\/v2\/posts\/65311\/revisions"}],"wp:featuredmedia":[{"embeddable":true,"href":"https:\/\/autolivraria.com.br\/bc\/wp-json\/wp\/v2\/media\/65312"}],"wp:attachment":[{"href":"https:\/\/autolivraria.com.br\/bc\/wp-json\/wp\/v2\/media?parent=65311"}],"wp:term":[{"taxonomy":"category","embeddable":true,"href":"https:\/\/autolivraria.com.br\/bc\/wp-json\/wp\/v2\/categories?post=65311"},{"taxonomy":"post_tag","embeddable":true,"href":"https:\/\/autolivraria.com.br\/bc\/wp-json\/wp\/v2\/tags?post=65311"}],"curies":[{"name":"wp","href":"https:\/\/api.w.org\/{rel}","templated":true}]}}