{"id":65823,"date":"2015-11-12T08:00:58","date_gmt":"2015-11-12T11:00:58","guid":{"rendered":"http:\/\/bestcars.uol.com.br\/bc\/?p=65823"},"modified":"2015-11-17T09:44:09","modified_gmt":"2015-11-17T12:44:09","slug":"teste-audi-a3-2016-nacional-chega-corollizado-mas-agradavel","status":"publish","type":"post","link":"https:\/\/autolivraria.com.br\/bc\/informe-se\/avaliacao\/teste-audi-a3-2016-nacional-chega-corollizado-mas-agradavel\/","title":{"rendered":"Audi A3 nacional chega &#8220;corollizado&#8221;, mas agrad\u00e1vel"},"content":{"rendered":"<p><a href=\"https:\/\/autolivraria.com.br\/bc\/wp-content\/uploads\/2015\/11\/Audi-A3-Sedan-01.jpg\"><img fetchpriority=\"high\" decoding=\"async\" class=\"aligncenter size-large wp-image-65843\" src=\"https:\/\/autolivraria.com.br\/bc\/wp-content\/uploads\/2015\/11\/Audi-A3-Sedan-01-743x495.jpg\" alt=\"Audi A3 Sedan\" width=\"743\" height=\"495\" srcset=\"https:\/\/autolivraria.com.br\/bc\/wp-content\/uploads\/2015\/11\/Audi-A3-Sedan-01-743x495.jpg 743w, https:\/\/autolivraria.com.br\/bc\/wp-content\/uploads\/2015\/11\/Audi-A3-Sedan-01-356x237.jpg 356w, https:\/\/autolivraria.com.br\/bc\/wp-content\/uploads\/2015\/11\/Audi-A3-Sedan-01-227x151.jpg 227w, https:\/\/autolivraria.com.br\/bc\/wp-content\/uploads\/2015\/11\/Audi-A3-Sedan-01-270x180.jpg 270w, https:\/\/autolivraria.com.br\/bc\/wp-content\/uploads\/2015\/11\/Audi-A3-Sedan-01.jpg 1280w\" sizes=\"(max-width: 743px) 100vw, 743px\" \/><\/a><\/p>\n<p>&nbsp;<\/p>\n<h2>Com caixa autom\u00e1tica e suspens\u00e3o simplificada e macia,\u00a0primeiro Audi\u00a0brasileiro em 10 anos troca a esportividade pelo conforto<\/h2>\n<p><em>Texto: Fabr\u00edcio Samah\u00e1 &#8211; Fotos: divulga\u00e7\u00e3o<\/em><\/p>\n<p>&nbsp;<\/p>\n<p>Os brasileiros j\u00e1 est\u00e3o habituados: quando um modelo importado passa a ser fabricado no Brasil, algumas perdas em recursos e qualidade s\u00e3o esperadas. Foi assim com o Volkswagen Golf (em 1999), que descartou\u00a0as bolsas infl\u00e1veis de s\u00e9rie; com o Hyundai IX35 (2013), que deixou de fora muitos equipamentos; e com o Ford Fiesta (no mesmo ano), que decaiu em capricho no acabamento.<\/p>\n<p>Assim, quando a Audi anunciou que passaria a fazer o A3 Sedan em S\u00e3o Jos\u00e9 dos Pinhais, PR \u2014 mesma f\u00e1brica que de 1999 a 2005 produziu o A3 hatch de primeira gera\u00e7\u00e3o \u2014, as suspeitam se levantaram. E se agravaram com as not\u00edcias de que a caixa de c\u00e2mbio automatizada S-Tronic de <a href=\"https:\/\/autolivraria.com.br\/bc\/glossario-e\/#embr\" target=\"_blank\">dupla embreagem<\/a> e sete marchas e a suspens\u00e3o traseira independente multibra\u00e7o seriam abolidas, em favor de caixa autom\u00e1tica de seis marchas e eixo de tor\u00e7\u00e3o.<\/p>\n<p>Ambas as altera\u00e7\u00f5es se confirmaram, mas apenas para a vers\u00e3o de 1,4 litro, a primeira a ser nacionalizada, que passa a usar motor flex\u00edvel em combust\u00edvel com pot\u00eancia de 150 cv (tanto com gasolina quanto com \u00e1lcool), ante 122 cv do 1,4 a gasolina trazido at\u00e9 ent\u00e3o da Hungria, ambos dotados de <a href=\"https:\/\/autolivraria.com.br\/bc\/glossario-t\/#turb\" target=\"_blank\">turbocompressor<\/a> e <a href=\"https:\/\/autolivraria.com.br\/bc\/glossario-i\/#inje\" target=\"_blank\">inje\u00e7\u00e3o direta<\/a>. Ainda em novembro come\u00e7a a ser feita aqui a op\u00e7\u00e3o turbo de 2,0 litros, cujos 220 cv representam ganho expressivo de 40 cv sobre a atual 1,8 importada de 180 cv, e que manter\u00e1 tanto a caixa S-Tronic quanto a suspens\u00e3o multibra\u00e7o.<\/p>\n<p>&nbsp;<\/p>\n<p><a href=\"https:\/\/autolivraria.com.br\/bc\/wp-content\/uploads\/2015\/11\/Audi-A3-Sedan-08.jpg\"><img decoding=\"async\" class=\"aligncenter size-large wp-image-65844 lazyload\" data-src=\"https:\/\/autolivraria.com.br\/bc\/wp-content\/uploads\/2015\/11\/Audi-A3-Sedan-08-743x495.jpg\" alt=\"Audi A3 Sedan\" width=\"743\" height=\"495\" data-srcset=\"https:\/\/autolivraria.com.br\/bc\/wp-content\/uploads\/2015\/11\/Audi-A3-Sedan-08-743x495.jpg 743w, https:\/\/autolivraria.com.br\/bc\/wp-content\/uploads\/2015\/11\/Audi-A3-Sedan-08-356x237.jpg 356w, https:\/\/autolivraria.com.br\/bc\/wp-content\/uploads\/2015\/11\/Audi-A3-Sedan-08-227x151.jpg 227w, https:\/\/autolivraria.com.br\/bc\/wp-content\/uploads\/2015\/11\/Audi-A3-Sedan-08-270x180.jpg 270w, https:\/\/autolivraria.com.br\/bc\/wp-content\/uploads\/2015\/11\/Audi-A3-Sedan-08.jpg 1280w\" data-sizes=\"(max-width: 743px) 100vw, 743px\" src=\"data:image\/svg+xml;base64,PHN2ZyB3aWR0aD0iMSIgaGVpZ2h0PSIxIiB4bWxucz0iaHR0cDovL3d3dy53My5vcmcvMjAwMC9zdmciPjwvc3ZnPg==\" style=\"--smush-placeholder-width: 743px; --smush-placeholder-aspect-ratio: 743\/495;\" \/><\/a><\/p>\n<p style=\"text-align: center;\"><em>\u00a0<\/em><br \/>\n<em>Modelo mais vendido da Audi no Pa\u00eds, o A3 Sedan come\u00e7a pelo\u00a0motor 1,4 em duas vers\u00f5es de acabamento<\/em><\/p>\n<p>&nbsp;<\/p>\n<p>A escolha pelo A3 Sedan se justifica: com mais de 7.800 unidades vendidas no Brasil desde janeiro de 2014, com predomin\u00e2ncia da vers\u00e3o 1,4 (mais de 5 mil delas), ele \u00e9 o carro de maior volume da atual linha da marca e responde por 35% de suas vendas este ano. Em 2016 chega \u00e0s concession\u00e1rias, que hoje somam 43, o segundo produto Audi da nova fase da unidade paranaense: o utilit\u00e1rio esporte compacto <a href=\"https:\/\/autolivraria.com.br\/bc\/tag\/q3\" target=\"_blank\">Q3<\/a>, que deve usar os mesmos motores do A3.<\/p>\n<p>&nbsp;<\/p>\n<blockquote><p>A\u00a0Audi passa a oferecer itens in\u00e9ditos no A3 Sedan: assistente de estacionamento, controlador da dist\u00e2ncia \u00e0 frente, monitor de sa\u00edda de faixa<\/p><\/blockquote>\n<p>&nbsp;<\/p>\n<p>O sed\u00e3 tupiniquim chega ao mercado em duas vers\u00f5es: Attraction, ao pre\u00e7o sugerido de R$ 100 mil (o importado estava em R$ 101.190), e Ambiente, por R$ 110 mil (eram R$ 110.190), podendo passar de R$ 155 mil com todos os opcionais (veja os equipamentos de s\u00e9rie, que s\u00e3o basicamente os mesmos de antes, no quadro abaixo). \u00c0 primeira vista as redu\u00e7\u00f5es \u00ednfimas de valores podem levar a protestos, pois o carro deixa de recolher Imposto de Importa\u00e7\u00e3o de 35% e fica livre do frete de atravessar o Atl\u00e2ntico, mas \u00e9 preciso considerar que a vers\u00e3o mais simples subiu menos de 7% desde o lan\u00e7amento em maio do ano passado, apesar de a cota\u00e7\u00e3o do d\u00f3lar no per\u00edodo ter passado de R$ 2,20 para R$ 3,80 em n\u00fameros redondos. Portanto, os pre\u00e7os anteriores estavam represados.<\/p>\n<p>Por fora ou por dentro, o visual do A3 permanece o mesmo, salvo pelo acr\u00e9scimo do logotipo <em>Flex<\/em> abaixo da sigla <em>TFSI<\/em> na tampa do porta-malas e de pequeno aumento da altura de rodagem, que fez o <a href=\"https:\/\/autolivraria.com.br\/bc\/glossario-c\/#cx\" target=\"_blank\">coeficiente aerodin\u00e2mico (Cx)<\/a> piorar de 0,29 para 0,30.\u00a0\u00c9 um dos sed\u00e3s mais atraentes da marca e \u2014 por que n\u00e3o \u2014 do segmento, embora n\u00e3o apele para solu\u00e7\u00f5es est\u00e9ticas controversas. O interior mostra acabamento bem cuidado, mas n\u00e3o transmite luxo, mesmo no Ambiente com todos os opcionais: os bancos usam couro sint\u00e9tico, os pl\u00e1sticos n\u00e3o s\u00e3o exatamente suaves (em que pese a cobertura macia do painel), o ar-condicionado com ajuste manual tem aspecto simples e n\u00e3o h\u00e1 apoio de bra\u00e7o central no banco traseiro. Embora o freio de estacionamento mantenha o controle el\u00e9trico, que o &#8220;primo&#8221; <a href=\"https:\/\/autolivraria.com.br\/bc\/tag\/golf\" target=\"_blank\">Volkswagen Golf<\/a> perdeu na vers\u00e3o mexicana, falta a reten\u00e7\u00e3o autom\u00e1tica (Auto Hold) nas paradas de tr\u00e2nsito.<\/p>\n<p>&nbsp;<\/p>\n<div class='one_half'>\n\t\t\t\t\t<a href=\"https:\/\/autolivraria.com.br\/bc\/wp-content\/uploads\/2015\/11\/Audi-A3-Sedan-09.jpg\"><img decoding=\"async\" class=\"aligncenter size-medium wp-image-65845 lazyload\" data-src=\"https:\/\/autolivraria.com.br\/bc\/wp-content\/uploads\/2015\/11\/Audi-A3-Sedan-09-356x237.jpg\" alt=\"Audi A3 Sedan\" width=\"356\" height=\"237\" data-srcset=\"https:\/\/autolivraria.com.br\/bc\/wp-content\/uploads\/2015\/11\/Audi-A3-Sedan-09-356x237.jpg 356w, https:\/\/autolivraria.com.br\/bc\/wp-content\/uploads\/2015\/11\/Audi-A3-Sedan-09-743x495.jpg 743w, https:\/\/autolivraria.com.br\/bc\/wp-content\/uploads\/2015\/11\/Audi-A3-Sedan-09-227x151.jpg 227w, https:\/\/autolivraria.com.br\/bc\/wp-content\/uploads\/2015\/11\/Audi-A3-Sedan-09-270x180.jpg 270w, https:\/\/autolivraria.com.br\/bc\/wp-content\/uploads\/2015\/11\/Audi-A3-Sedan-09.jpg 1280w\" data-sizes=\"(max-width: 356px) 100vw, 356px\" src=\"data:image\/svg+xml;base64,PHN2ZyB3aWR0aD0iMSIgaGVpZ2h0PSIxIiB4bWxucz0iaHR0cDovL3d3dy53My5vcmcvMjAwMC9zdmciPjwvc3ZnPg==\" style=\"--smush-placeholder-width: 356px; --smush-placeholder-aspect-ratio: 356\/237;\" \/><\/a>\n\t\t\t\t<\/div>\n<div class='one_half last'>\n\t\t\t\t\t<a href=\"https:\/\/autolivraria.com.br\/bc\/wp-content\/uploads\/2015\/11\/Audi-A3-Sedan-04.jpg\"><img decoding=\"async\" class=\"aligncenter size-medium wp-image-65846 lazyload\" data-src=\"https:\/\/autolivraria.com.br\/bc\/wp-content\/uploads\/2015\/11\/Audi-A3-Sedan-04-356x237.jpg\" alt=\"Audi A3 Sedan\" width=\"356\" height=\"237\" data-srcset=\"https:\/\/autolivraria.com.br\/bc\/wp-content\/uploads\/2015\/11\/Audi-A3-Sedan-04-356x237.jpg 356w, https:\/\/autolivraria.com.br\/bc\/wp-content\/uploads\/2015\/11\/Audi-A3-Sedan-04-743x495.jpg 743w, https:\/\/autolivraria.com.br\/bc\/wp-content\/uploads\/2015\/11\/Audi-A3-Sedan-04-227x151.jpg 227w, https:\/\/autolivraria.com.br\/bc\/wp-content\/uploads\/2015\/11\/Audi-A3-Sedan-04-270x180.jpg 270w, https:\/\/autolivraria.com.br\/bc\/wp-content\/uploads\/2015\/11\/Audi-A3-Sedan-04.jpg 1280w\" data-sizes=\"(max-width: 356px) 100vw, 356px\" src=\"data:image\/svg+xml;base64,PHN2ZyB3aWR0aD0iMSIgaGVpZ2h0PSIxIiB4bWxucz0iaHR0cDovL3d3dy53My5vcmcvMjAwMC9zdmciPjwvc3ZnPg==\" style=\"--smush-placeholder-width: 356px; --smush-placeholder-aspect-ratio: 356\/237;\" \/><\/a>\n\t\t\t\t<\/div><div class='clear'><\/div>\n<p style=\"text-align: center;\"><em>\u00a0<\/em><br \/>\n<em>O desenho \u00e9 o mesmo do importado; rodas de 17 pol com pneus 225\/45 v\u00eam apenas no Ambiente<\/em><\/p>\n<p>&nbsp;<\/p>\n<p>Na vers\u00e3o Ambiente, a Audi passa a oferecer um pacote opcional com itens in\u00e9ditos no A3 Sedan: <a href=\"https:\/\/autolivraria.com.br\/bc\/glossario-a\/#esta\" target=\"_blank\">assistente de estacionamento<\/a>; comuta\u00e7\u00e3o autom\u00e1tica de far\u00f3is, que alterna entre fachos alto e baixo conforme a presen\u00e7a de ve\u00edculos \u00e0 frente ou no sentido oposto; <a href=\"https:\/\/autolivraria.com.br\/bc\/glossario-c\/#con3\" target=\"_blank\">controlador e monitor da dist\u00e2ncia \u00e0 frente<\/a>, com alerta para risco de colis\u00e3o mesmo sem a ativa\u00e7\u00e3o do controlador; e monitor de sa\u00edda da faixa de rolamento, com c\u00e2mera que analisa as faixas da via e, no caso\u00a0de sua proximidade sem uso das luzes de dire\u00e7\u00e3o, efetua pequenos ajustes no volante para manter o carro na faixa.\u00a0Outros itens permanecem restritos \u00e0 vers\u00e3o 1,8, como ar-condicionado autom\u00e1tico de duas zonas, banco do motorista com ajuste el\u00e9trico, far\u00f3is de neblina, seletor de programas de condu\u00e7\u00e3o Drive Select e\u00a0retrovisor interno\u00a0<a href=\"https:\/\/autolivraria.com.br\/bc\/glossario-r\/#retr\" target=\"_blank\">fotocr\u00f4mico<\/a>.<\/p>\n<p>A posi\u00e7\u00e3o de dirigir \u00e9 bem definida e amplamente regul\u00e1vel, com banco firme e de desenho correto para apoiar o corpo em viagens, e todos os comandos est\u00e3o bem \u00e0 m\u00e3o. Dos amplos retrovisores, o esquerdo usa \u00f3tima lente <a href=\"https:\/\/autolivraria.com.br\/bc\/glossario-c\/#conv\" target=\"_blank\">biconvexa<\/a>. O sistema de \u00e1udio opcional, com tela central elevada e retr\u00e1til para navega\u00e7\u00e3o e outras fun\u00e7\u00f5es, \u00e9 controlado por um pr\u00e1tico grupo de comandos no console, um deles apto a receber escrita manual com o dedo \u2014 um n\u00famero de telefone a ligar ou um CEP para navegar, por exemplo.<\/p>\n<p>Espa\u00e7o no banco traseiro \u00e9 ponto fraco do A3, destinado apenas a duas pessoas, que ficam com a cabe\u00e7a no teto se tiverem 1,75 metro ou mais de estatura. O porta-malas de 425 litros tamb\u00e9m \u00e9 dos menores entre os sed\u00e3s m\u00e9dios. Ainda, dois itens inalterados da vers\u00e3o importada merecem adapta\u00e7\u00e3o a nosso clima: a faixa superior cinza do para-brisa, clara demais, e o forro perfurado do teto solar, que deixa passar mais raios solares e calor do que seria desej\u00e1vel aqui, aquecendo o interior e os ocupantes. Esse tipo de forro tem sua vantagem \u2014 pode ser mantido fechado com o teto deslocado para tr\u00e1s, de modo a evitar a entrada de sujeira e insetos e reduzir a turbul\u00eancia do ar \u2014, mas abrir\u00edamos m\u00e3o dela em nome de melhor isolamento do sol tropical.<\/p>\n<p>&nbsp;<\/p>\n<div class='one_half'>\n\t\t\t\t\t<a href=\"https:\/\/autolivraria.com.br\/bc\/wp-content\/uploads\/2015\/11\/Audi-A3-Sedan-07.jpg\"><img decoding=\"async\" class=\"aligncenter size-medium wp-image-65847 lazyload\" data-src=\"https:\/\/autolivraria.com.br\/bc\/wp-content\/uploads\/2015\/11\/Audi-A3-Sedan-07-356x237.jpg\" alt=\"Audi A3 Sedan\" width=\"356\" height=\"237\" data-srcset=\"https:\/\/autolivraria.com.br\/bc\/wp-content\/uploads\/2015\/11\/Audi-A3-Sedan-07-356x237.jpg 356w, https:\/\/autolivraria.com.br\/bc\/wp-content\/uploads\/2015\/11\/Audi-A3-Sedan-07-743x495.jpg 743w, https:\/\/autolivraria.com.br\/bc\/wp-content\/uploads\/2015\/11\/Audi-A3-Sedan-07-227x151.jpg 227w, https:\/\/autolivraria.com.br\/bc\/wp-content\/uploads\/2015\/11\/Audi-A3-Sedan-07-270x180.jpg 270w, https:\/\/autolivraria.com.br\/bc\/wp-content\/uploads\/2015\/11\/Audi-A3-Sedan-07.jpg 1280w\" data-sizes=\"(max-width: 356px) 100vw, 356px\" src=\"data:image\/svg+xml;base64,PHN2ZyB3aWR0aD0iMSIgaGVpZ2h0PSIxIiB4bWxucz0iaHR0cDovL3d3dy53My5vcmcvMjAwMC9zdmciPjwvc3ZnPg==\" style=\"--smush-placeholder-width: 356px; --smush-placeholder-aspect-ratio: 356\/237;\" \/><\/a>\n\t\t\t\t<\/div>\n<div class='one_half last'>\n\t\t\t\t\t<a href=\"https:\/\/autolivraria.com.br\/bc\/wp-content\/uploads\/2015\/11\/Audi-A3-Sedan-06.jpg\"><img decoding=\"async\" class=\"aligncenter size-medium wp-image-65848 lazyload\" data-src=\"https:\/\/autolivraria.com.br\/bc\/wp-content\/uploads\/2015\/11\/Audi-A3-Sedan-06-356x237.jpg\" alt=\"Audi A3 Sedan\" width=\"356\" height=\"237\" data-srcset=\"https:\/\/autolivraria.com.br\/bc\/wp-content\/uploads\/2015\/11\/Audi-A3-Sedan-06-356x237.jpg 356w, https:\/\/autolivraria.com.br\/bc\/wp-content\/uploads\/2015\/11\/Audi-A3-Sedan-06-227x151.jpg 227w, https:\/\/autolivraria.com.br\/bc\/wp-content\/uploads\/2015\/11\/Audi-A3-Sedan-06-270x180.jpg 270w, https:\/\/autolivraria.com.br\/bc\/wp-content\/uploads\/2015\/11\/Audi-A3-Sedan-06.jpg 640w\" data-sizes=\"(max-width: 356px) 100vw, 356px\" src=\"data:image\/svg+xml;base64,PHN2ZyB3aWR0aD0iMSIgaGVpZ2h0PSIxIiB4bWxucz0iaHR0cDovL3d3dy53My5vcmcvMjAwMC9zdmciPjwvc3ZnPg==\" style=\"--smush-placeholder-width: 356px; --smush-placeholder-aspect-ratio: 356\/237;\" \/><\/a>\n\t\t\t\t<\/div><div class='clear'><\/div>\n<p style=\"text-align: center;\"><em>\u00a0<\/em><br \/>\n<em>Far\u00f3is usam xen\u00f4nio para ambos os fachos; na traseira, a identifica\u00e7\u00e3o do in\u00e9dito motor flex\u00edvel<\/em><\/p>\n<p>&nbsp;<\/p>\n<h2>Mais pot\u00eancia, novas caixa e suspens\u00e3o<\/h2>\n<p>Embora perten\u00e7a \u00e0 mesma fam\u00edlia EA-211, o motor do A3 nacional \u00e9 mais que o do importado com uma <a href=\"https:\/\/autolivraria.com.br\/bc\/glossario-r\/#rema\" target=\"_blank\">reprograma\u00e7\u00e3o eletr\u00f4nica<\/a> para admitir \u00e1lcool e produzir mais pot\u00eancia. Na unidade produzida em S\u00e3o Carlos, SP, o cabe\u00e7ote \u00e9 todo diferente e h\u00e1 <a href=\"https:\/\/autolivraria.com.br\/bc\/glossario-v\/#vari\" target=\"_blank\">varia\u00e7\u00e3o cont\u00ednua do tempo de abertura das v\u00e1lvulas<\/a> tamb\u00e9m de escapamento (apenas de admiss\u00e3o na vers\u00e3o de 122 cv). Componentes internos tamb\u00e9m s\u00e3o mais robustos, alguns deles comuns ao motor de 185 cv do <a href=\"https:\/\/autolivraria.com.br\/bc\/tag\/a1\" target=\"_blank\">A1<\/a> \u2014 que soma turbo e <a href=\"https:\/\/autolivraria.com.br\/bc\/glossario-c\/#comp\" target=\"_blank\">compressor<\/a> \u2014, para lidar com o rendimento superior.<\/p>\n<p>&nbsp;<\/p>\n<div class='code-block code-block-2' style='margin: 8px auto; text-align: center; display: block; clear: both;'>\n<script async src=\"https:\/\/pagead2.googlesyndication.com\/pagead\/js\/adsbygoogle.js\"><\/script>\n<!-- AL-quadrado -->\n<ins class=\"adsbygoogle\"\n     style=\"display:block\"\n     data-ad-client=\"ca-pub-1914799802606213\"\n     data-ad-slot=\"5683066082\"\n     data-ad-format=\"auto\"\n     data-full-width-responsive=\"true\"><\/ins>\n<script>\n     (adsbygoogle = window.adsbygoogle || []).push({});\n<\/script><\/div>\n\n<p>&nbsp;<\/p>\n<p>De fato, a <a href=\"https:\/\/autolivraria.com.br\/bc\/glossario-p\/#pote\" target=\"_blank\">pot\u00eancia espec\u00edfica<\/a> subiu de forma expressiva, de 87,5 para 107,5 cv por litro. De 122 cv de 5.000 a 6.000 rpm passaram-se a 150 cv entre 4.500 e 5.500 rpm, enquanto o torque m\u00e1ximo subiu de 20,4 m.kgf de 1.400 a 4.000 rpm para 25,5 m.kgf de 1.500 a 4.000 rpm. Como isso se traduz em desempenho? De acordo com a f\u00e1brica, a velocidade m\u00e1xima cresceu de 212 para 215 km\/h e a acelera\u00e7\u00e3o de 0 a 100 km\/h baixou de 9,4 para 8,8 segundos.<\/p>\n<p>A press\u00e3o m\u00e1xima foi definida em 2 bars no total, ou seja, 1 bar da atmosfera e 1 bar de sobrepress\u00e3o ao n\u00edvel do mar, aumentando o segundo valor conforme necess\u00e1rio em locais de maior altitude. A Audi preferiu n\u00e3o operar com maior press\u00e3o ao usar \u00e1lcool, como seria poss\u00edvel: alega que apenas aumentaria o consumo, sendo que o objetivo de 150 cv foi atingido com ambos os combust\u00edveis. Com os valores obtidos pelos padr\u00f5es do Inmetro (veja na ficha t\u00e9cnica), o A3 recebeu nota A no programa de etiquetagem por efici\u00eancia. \u00c9 o primeiro flex\u00edvel da marca em \u00e2mbito mundial a usar \u00e1lcool puro: at\u00e9 ent\u00e3o havia apenas motores aptos a <a href=\"https:\/\/autolivraria.com.br\/bc\/glossario-e\/#e85\" target=\"_blank\">E85<\/a>.<\/p>\n<p>&nbsp;<\/p>\n<p><a href=\"https:\/\/autolivraria.com.br\/bc\/wp-content\/uploads\/2015\/11\/Audi-A3-Sedan-15.jpg\"><img decoding=\"async\" class=\"aligncenter size-large wp-image-65849 lazyload\" data-src=\"https:\/\/autolivraria.com.br\/bc\/wp-content\/uploads\/2015\/11\/Audi-A3-Sedan-15-743x495.jpg\" alt=\"Audi A3 Sedan\" width=\"743\" height=\"495\" data-srcset=\"https:\/\/autolivraria.com.br\/bc\/wp-content\/uploads\/2015\/11\/Audi-A3-Sedan-15-743x495.jpg 743w, https:\/\/autolivraria.com.br\/bc\/wp-content\/uploads\/2015\/11\/Audi-A3-Sedan-15-356x237.jpg 356w, https:\/\/autolivraria.com.br\/bc\/wp-content\/uploads\/2015\/11\/Audi-A3-Sedan-15-227x151.jpg 227w, https:\/\/autolivraria.com.br\/bc\/wp-content\/uploads\/2015\/11\/Audi-A3-Sedan-15-270x180.jpg 270w, https:\/\/autolivraria.com.br\/bc\/wp-content\/uploads\/2015\/11\/Audi-A3-Sedan-15.jpg 1280w\" data-sizes=\"(max-width: 743px) 100vw, 743px\" src=\"data:image\/svg+xml;base64,PHN2ZyB3aWR0aD0iMSIgaGVpZ2h0PSIxIiB4bWxucz0iaHR0cDovL3d3dy53My5vcmcvMjAwMC9zdmciPjwvc3ZnPg==\" style=\"--smush-placeholder-width: 743px; --smush-placeholder-aspect-ratio: 743\/495;\" \/><\/a><\/p>\n<p style=\"text-align: center;\"><em>\u00a0<\/em><br \/>\n<em>Interior bem desenhado, mas simples: acabamento sem luxo,\u00a0ajuste manual de ar-condicionado<\/em><\/p>\n<p>&nbsp;<\/p>\n<p>Como em todo emprego de\u00a0inje\u00e7\u00e3o direta, o 1,4 n\u00e3o precisou de sistemas auxiliares de partida a frio com \u00e1lcool, como preaquecimento de combust\u00edvel: a alta press\u00e3o de inje\u00e7\u00e3o garante o r\u00e1pido funcionamento nessas condi\u00e7\u00f5es. No entanto, assim como o <a href=\"https:\/\/autolivraria.com.br\/bc\/tag\/up-tsi\" target=\"_blank\">Volkswagen Up TSI<\/a>, o A3 tem um sensor na linha de combust\u00edvel que detecta o teor de \u00e1lcool do l\u00edquido a ser consumido, o que permite ajustar a inje\u00e7\u00e3o previamente. Sem isso, outros motores dependem do <a href=\"https:\/\/autolivraria.com.br\/bc\/glossario-s\/#sens\" target=\"_blank\">sensor de oxig\u00eanio<\/a> para analisar os gases j\u00e1 queimados no escapamento.<\/p>\n<p>No lugar da caixa de dupla embreagem est\u00e1 uma autom\u00e1tica tradicional com seis marchas e conversor de torque, da marca japonesa Aisin e fabricada no M\u00e9xico. A mudan\u00e7a visou, de acordo com a Audi, a maior suavidade nas sa\u00eddas em uso urbano: o efeito de multiplica\u00e7\u00e3o de torque pelo conversor deixa o carro mais pronto nas respostas a partir da imobilidade, dando tempo ao motor para \u201cencher\u201d a turbina at\u00e9 chegar ao torque desejado. A rela\u00e7\u00e3o da \u00faltima marcha ficou at\u00e9 mais baixa (longa), reduzindo de 2.600 para 2.300 rpm o regime a 120 km\/h. Como desvantagem ficam as maiores perdas de energia na transmiss\u00e3o, embora as caixas modernas as tenham reduzido em muito.<\/p>\n<p>E chegamos ao ponto mais discutido na nacionaliza\u00e7\u00e3o do A3: a suspens\u00e3o traseira, simplificada de um multibra\u00e7o com <a href=\"https:\/\/autolivraria.com.br\/bc\/glossario-s\/#subc\" target=\"_blank\">subchassi<\/a> para um eixo de tor\u00e7\u00e3o, como o usado em vers\u00f5es turbodiesel de menor pot\u00eancia do modelo europeu \u2014 a plataforma MQB que serve ao Audi e ao atual Golf, entre outros, foi prevista para receber um ou outro sistema conforme as prioridades de cada aplica\u00e7\u00e3o e mercado.<\/p>\n<table border=\"0\">\n<tbody>\n<tr>\n<td><a href='https:\/\/autolivraria.com.br\/bc\/informe-se\/avaliacao\/teste-audi-a3-2016-nacional-chega-corollizado-mas-agradavel\/2\/' class='small-button smallsilver'>Pr\u00f3xima parte<\/a><\/td>\n<\/tr>\n<\/tbody>\n<\/table>\n<p>&nbsp;<\/p>\n<div class='et-box et-shadow'>\n\t\t\t\t\t<div class='et-box-content'><h2>Vers\u00f5es, equipamentos e pre\u00e7os<\/h2>\n<p>\u2022 <strong>A3 Attraction<\/strong> (R$ 100 mil): alarme antifurto, ar-condicionado (manual), bancos dianteiros com ajuste de altura, computador de bordo, <a href=\"https:\/\/autolivraria.com.br\/bc\/glossario-c\/#esp\" target=\"_blank\">controle eletr\u00f4nico de estabilidade e tra\u00e7\u00e3o<\/a>, far\u00f3is com <a href=\"https:\/\/autolivraria.com.br\/bc\/glossario-l\/#lamp\" target=\"_blank\">l\u00e2mpadas de xen\u00f4nio<\/a> em ambos os fachos, fixa\u00e7\u00f5es <a href=\"https:\/\/autolivraria.com.br\/bc\/glossario-i\/#isof\" target=\"_blank\">Isofix<\/a> para cadeiras infantis, freio de estacionamento com controle el\u00e9trico, lanternas traseiras em <a href=\"https:\/\/autolivraria.com.br\/bc\/glossario-l\/#led\" target=\"_blank\">leds<\/a>, <a href=\"https:\/\/autolivraria.com.br\/bc\/glossario-p\/#para\" target=\"_blank\">parada\/partida autom\u00e1tica do motor<\/a>, r\u00e1dio MMI com interface <a href=\"https:\/\/autolivraria.com.br\/bc\/glossario-b\/#blue\" target=\"_blank\">Bluetooth<\/a> para telefone celular, rodas de alum\u00ednio de 16 polegadas com pneus 205\/55, <a href=\"https:\/\/autolivraria.com.br\/bc\/glossario-s\/#esta\" target=\"_blank\">sensores de estacionamento<\/a> traseiros, sete bolsas infl\u00e1veis (frontais, laterais dianteiras de t\u00f3rax, cortinas laterais e para os joelhos do motorista) e volante de couro. Opcional: pintura met\u00e1lica ou perolizada.<\/p>\n<p>\u2022 <strong>A3 Ambiente<\/strong> (R$ 110 mil): como o Attraction, mais far\u00f3is e limpador de para-brisa autom\u00e1ticos, para-brisa com faixa cinza, rodas de alum\u00ednio de 17 pol com pneus 225\/45 e volante com comandos para trocas manuais de marcha. Opcionais: Pacote Design (bancos de couro sint\u00e9tico, porta-objetos e teto solar panor\u00e2mico com controle el\u00e9trico, R$ 13.000), Pacote Assistance (c\u00e2mera traseira para manobras, <a href=\"https:\/\/autolivraria.com.br\/bc\/glossario-c\/#cont\" target=\"_blank\">controlador de velocidade<\/a> e sensores de estacionamento dianteiros, R$ 10.000), Pacote Assistance Plus (<a href=\"https:\/\/autolivraria.com.br\/bc\/glossario-a\/#esta\" target=\"_blank\">assistente de estacionamento<\/a>, chave presencial para acesso e partida do motor, computador de bordo colorido, comuta\u00e7\u00e3o autom\u00e1tica de far\u00f3is entre fachos alto e baixo, <a href=\"https:\/\/autolivraria.com.br\/bc\/glossario-c\/#con3\" target=\"_blank\">controlador e monitor da dist\u00e2ncia \u00e0 frente<\/a> e monitor de sa\u00edda da faixa de rolamento, R$ 18.500; substitui o anterior), r\u00e1dio MMI Plus com navegador, toca-DVDs e mem\u00f3ria interna de 10 GB (R$ 13.000), pintura met\u00e1lica ou perolizada.<\/p><\/div><\/div>\n<table border=\"0\">\n<tbody>\n<tr>\n<td><a href='https:\/\/autolivraria.com.br\/bc\/informe-se\/avaliacao\/teste-audi-a3-2016-nacional-chega-corollizado-mas-agradavel\/2\/' class='small-button smallsilver'>Pr\u00f3xima parte<\/a><\/td>\n<\/tr>\n<\/tbody>\n<\/table>\n<p>&nbsp;<\/p>\n<p><!--nextpage--><\/p>\n<p><a href=\"https:\/\/autolivraria.com.br\/bc\/wp-content\/uploads\/2015\/11\/Audi-A3-Sedan-10.jpg\"><img decoding=\"async\" class=\"aligncenter size-large wp-image-65850 lazyload\" data-src=\"https:\/\/autolivraria.com.br\/bc\/wp-content\/uploads\/2015\/11\/Audi-A3-Sedan-10-743x495.jpg\" alt=\"Audi A3 Sedan\" width=\"743\" height=\"495\" data-srcset=\"https:\/\/autolivraria.com.br\/bc\/wp-content\/uploads\/2015\/11\/Audi-A3-Sedan-10-743x495.jpg 743w, https:\/\/autolivraria.com.br\/bc\/wp-content\/uploads\/2015\/11\/Audi-A3-Sedan-10-356x237.jpg 356w, https:\/\/autolivraria.com.br\/bc\/wp-content\/uploads\/2015\/11\/Audi-A3-Sedan-10-227x151.jpg 227w, https:\/\/autolivraria.com.br\/bc\/wp-content\/uploads\/2015\/11\/Audi-A3-Sedan-10-270x180.jpg 270w, https:\/\/autolivraria.com.br\/bc\/wp-content\/uploads\/2015\/11\/Audi-A3-Sedan-10.jpg 1280w\" data-sizes=\"(max-width: 743px) 100vw, 743px\" src=\"data:image\/svg+xml;base64,PHN2ZyB3aWR0aD0iMSIgaGVpZ2h0PSIxIiB4bWxucz0iaHR0cDovL3d3dy53My5vcmcvMjAwMC9zdmciPjwvc3ZnPg==\" style=\"--smush-placeholder-width: 743px; --smush-placeholder-aspect-ratio: 743\/495;\" \/><\/a><\/p>\n<p style=\"text-align: center;\"><em>\u00a0<\/em><br \/>\n<em>Bancos de couro sint\u00e9tico\u00a0v\u00eam \u00e0 parte no A3 Ambiente; posi\u00e7\u00e3o de dirigir foi bem definida<\/em><\/p>\n<p>&nbsp;<\/p>\n<p>Os f\u00e3s da marca reagiram indignados \u00e0 not\u00edcia, com certa raz\u00e3o. O A3 j\u00e1 usa multibra\u00e7o desde a segunda gera\u00e7\u00e3o e, no segmento de carros m\u00e9dios, esse sistema foi adotado em modelos mais acess\u00edveis como <a href=\"https:\/\/autolivraria.com.br\/bc\/tag\/focus\" target=\"_blank\">Ford Focus<\/a> (todos), Golf (a gera\u00e7\u00e3o atual e as duas anteriores que n\u00e3o chegaram aqui), <a href=\"https:\/\/autolivraria.com.br\/bc\/tag\/i30\" target=\"_blank\">Hyundai i30<\/a> (o anterior) e <a href=\"https:\/\/autolivraria.com.br\/bc\/tag\/civic\" target=\"_blank\">Honda Civic<\/a>. Portanto, substitu\u00ed-lo por um esquema mais simples, como o dos carros mais baratos do Pa\u00eds, soa como queda de qualidade para um carro com as quatro argolas na grade.<\/p>\n<p>A f\u00e1brica justifica a troca como adequa\u00e7\u00e3o ao perfil de uso do p\u00fablico-alvo do sed\u00e3 de 1,4 litro, com rodagem predominante em cidade e pelos pisos de baixa qualidade t\u00e3o comuns no Brasil. Nessas condi\u00e7\u00f5es, alega, o eixo de tor\u00e7\u00e3o mostra-se mais robusto \u2014 e tem a vantagem de jamais precisar de alinhamento das rodas traseiras, necess\u00e1rio no sistema independente. A vers\u00e3o de 2,0 litros manter\u00e1 o multibra\u00e7o porque visa a um comprador mais interessado em esportividade, explica a Audi.<\/p>\n<p>&nbsp;<\/p>\n<h2>Ao volante<\/h2>\n<p>No lan\u00e7amento \u00e0 imprensa em S\u00e3o Paulo, SP, a Audi promoveu um trajeto de avalia\u00e7\u00e3o urbano e rodovi\u00e1rio de 80 quil\u00f4metros pela Rodovia Castello Branco at\u00e9 a Aldeia da Serra, em Santana do Parna\u00edba, incluindo um agrad\u00e1vel trecho sinuoso. Cumprimo-lo todo ao volante, o bastante para colher boas impress\u00f5es iniciais com a vers\u00e3o Ambiente, a \u00fanica dispon\u00edvel no evento.<\/p>\n<p>&nbsp;<\/p>\n<div class='one_half'>\n\t\t\t\t\t<a href=\"https:\/\/autolivraria.com.br\/bc\/wp-content\/uploads\/2015\/11\/Audi-A3-Sedan-12.jpg\"><img decoding=\"async\" class=\"aligncenter size-medium wp-image-65851 lazyload\" data-src=\"https:\/\/autolivraria.com.br\/bc\/wp-content\/uploads\/2015\/11\/Audi-A3-Sedan-12-356x237.jpg\" alt=\"Audi A3 Sedan\" width=\"356\" height=\"237\" data-srcset=\"https:\/\/autolivraria.com.br\/bc\/wp-content\/uploads\/2015\/11\/Audi-A3-Sedan-12-356x237.jpg 356w, https:\/\/autolivraria.com.br\/bc\/wp-content\/uploads\/2015\/11\/Audi-A3-Sedan-12-743x495.jpg 743w, https:\/\/autolivraria.com.br\/bc\/wp-content\/uploads\/2015\/11\/Audi-A3-Sedan-12-227x151.jpg 227w, https:\/\/autolivraria.com.br\/bc\/wp-content\/uploads\/2015\/11\/Audi-A3-Sedan-12-270x180.jpg 270w, https:\/\/autolivraria.com.br\/bc\/wp-content\/uploads\/2015\/11\/Audi-A3-Sedan-12.jpg 1280w\" data-sizes=\"(max-width: 356px) 100vw, 356px\" src=\"data:image\/svg+xml;base64,PHN2ZyB3aWR0aD0iMSIgaGVpZ2h0PSIxIiB4bWxucz0iaHR0cDovL3d3dy53My5vcmcvMjAwMC9zdmciPjwvc3ZnPg==\" style=\"--smush-placeholder-width: 356px; --smush-placeholder-aspect-ratio: 356\/237;\" \/><\/a>\n\t\t\t\t<\/div>\n<div class='one_half last'>\n\t\t\t\t\t<a href=\"https:\/\/autolivraria.com.br\/bc\/wp-content\/uploads\/2015\/11\/Audi-A3-Sedan-11.jpg\"><img decoding=\"async\" class=\"aligncenter size-medium wp-image-65852 lazyload\" data-src=\"https:\/\/autolivraria.com.br\/bc\/wp-content\/uploads\/2015\/11\/Audi-A3-Sedan-11-356x237.jpg\" alt=\"Audi A3 Sedan\" width=\"356\" height=\"237\" data-srcset=\"https:\/\/autolivraria.com.br\/bc\/wp-content\/uploads\/2015\/11\/Audi-A3-Sedan-11-356x237.jpg 356w, https:\/\/autolivraria.com.br\/bc\/wp-content\/uploads\/2015\/11\/Audi-A3-Sedan-11-743x495.jpg 743w, https:\/\/autolivraria.com.br\/bc\/wp-content\/uploads\/2015\/11\/Audi-A3-Sedan-11-227x151.jpg 227w, https:\/\/autolivraria.com.br\/bc\/wp-content\/uploads\/2015\/11\/Audi-A3-Sedan-11-270x180.jpg 270w, https:\/\/autolivraria.com.br\/bc\/wp-content\/uploads\/2015\/11\/Audi-A3-Sedan-11.jpg 1280w\" data-sizes=\"(max-width: 356px) 100vw, 356px\" src=\"data:image\/svg+xml;base64,PHN2ZyB3aWR0aD0iMSIgaGVpZ2h0PSIxIiB4bWxucz0iaHR0cDovL3d3dy53My5vcmcvMjAwMC9zdmciPjwvc3ZnPg==\" style=\"--smush-placeholder-width: 356px; --smush-placeholder-aspect-ratio: 356\/237;\" \/><\/a>\n\t\t\t\t<\/div><div class='clear'><\/div>\n<p>&nbsp;<\/p>\n<div class='one_third'>\n\t\t\t\t\t<a href=\"https:\/\/autolivraria.com.br\/bc\/wp-content\/uploads\/2015\/11\/Audi-A3-Sedan-17.jpg\"><img decoding=\"async\" class=\"aligncenter size-meia-largura-post wp-image-65853 lazyload\" data-src=\"https:\/\/autolivraria.com.br\/bc\/wp-content\/uploads\/2015\/11\/Audi-A3-Sedan-17-227x151.jpg\" alt=\"Audi A3 Sedan\" width=\"227\" height=\"151\" data-srcset=\"https:\/\/autolivraria.com.br\/bc\/wp-content\/uploads\/2015\/11\/Audi-A3-Sedan-17-227x151.jpg 227w, https:\/\/autolivraria.com.br\/bc\/wp-content\/uploads\/2015\/11\/Audi-A3-Sedan-17-356x237.jpg 356w, https:\/\/autolivraria.com.br\/bc\/wp-content\/uploads\/2015\/11\/Audi-A3-Sedan-17-270x180.jpg 270w, https:\/\/autolivraria.com.br\/bc\/wp-content\/uploads\/2015\/11\/Audi-A3-Sedan-17.jpg 640w\" data-sizes=\"(max-width: 227px) 100vw, 227px\" src=\"data:image\/svg+xml;base64,PHN2ZyB3aWR0aD0iMSIgaGVpZ2h0PSIxIiB4bWxucz0iaHR0cDovL3d3dy53My5vcmcvMjAwMC9zdmciPjwvc3ZnPg==\" style=\"--smush-placeholder-width: 227px; --smush-placeholder-aspect-ratio: 227\/151;\" \/><\/a>\n\t\t\t\t<\/div>\n<div class='one_third'>\n\t\t\t\t\t<a href=\"https:\/\/autolivraria.com.br\/bc\/wp-content\/uploads\/2015\/11\/Audi-A3-Sedan-19.jpg\"><img decoding=\"async\" class=\"aligncenter size-meia-largura-post wp-image-65854 lazyload\" data-src=\"https:\/\/autolivraria.com.br\/bc\/wp-content\/uploads\/2015\/11\/Audi-A3-Sedan-19-227x151.jpg\" alt=\"Audi A3 Sedan\" width=\"227\" height=\"151\" data-srcset=\"https:\/\/autolivraria.com.br\/bc\/wp-content\/uploads\/2015\/11\/Audi-A3-Sedan-19-227x151.jpg 227w, https:\/\/autolivraria.com.br\/bc\/wp-content\/uploads\/2015\/11\/Audi-A3-Sedan-19-356x237.jpg 356w, https:\/\/autolivraria.com.br\/bc\/wp-content\/uploads\/2015\/11\/Audi-A3-Sedan-19-270x180.jpg 270w, https:\/\/autolivraria.com.br\/bc\/wp-content\/uploads\/2015\/11\/Audi-A3-Sedan-19.jpg 640w\" data-sizes=\"(max-width: 227px) 100vw, 227px\" src=\"data:image\/svg+xml;base64,PHN2ZyB3aWR0aD0iMSIgaGVpZ2h0PSIxIiB4bWxucz0iaHR0cDovL3d3dy53My5vcmcvMjAwMC9zdmciPjwvc3ZnPg==\" style=\"--smush-placeholder-width: 227px; --smush-placeholder-aspect-ratio: 227\/151;\" \/><\/a>\n\t\t\t\t<\/div>\n<div class='one_third last'>\n\t\t\t\t\t<a href=\"https:\/\/autolivraria.com.br\/bc\/wp-content\/uploads\/2015\/11\/Audi-A3-Sedan-18.jpg\"><img decoding=\"async\" class=\"aligncenter size-meia-largura-post wp-image-65855 lazyload\" data-src=\"https:\/\/autolivraria.com.br\/bc\/wp-content\/uploads\/2015\/11\/Audi-A3-Sedan-18-227x151.jpg\" alt=\"Audi A3 Sedan\" width=\"227\" height=\"151\" data-srcset=\"https:\/\/autolivraria.com.br\/bc\/wp-content\/uploads\/2015\/11\/Audi-A3-Sedan-18-227x151.jpg 227w, https:\/\/autolivraria.com.br\/bc\/wp-content\/uploads\/2015\/11\/Audi-A3-Sedan-18-356x237.jpg 356w, https:\/\/autolivraria.com.br\/bc\/wp-content\/uploads\/2015\/11\/Audi-A3-Sedan-18-270x180.jpg 270w, https:\/\/autolivraria.com.br\/bc\/wp-content\/uploads\/2015\/11\/Audi-A3-Sedan-18.jpg 640w\" data-sizes=\"(max-width: 227px) 100vw, 227px\" src=\"data:image\/svg+xml;base64,PHN2ZyB3aWR0aD0iMSIgaGVpZ2h0PSIxIiB4bWxucz0iaHR0cDovL3d3dy53My5vcmcvMjAwMC9zdmciPjwvc3ZnPg==\" style=\"--smush-placeholder-width: 227px; --smush-placeholder-aspect-ratio: 227\/151;\" \/><\/a>\n\t\t\t\t<\/div><div class='clear'><\/div>\n<p style=\"text-align: center;\"><em>\u00a0<\/em><br \/>\n<em>Instrumentos bem leg\u00edveis, espa\u00e7o traseiro limitado; vers\u00e3o superior traz comandos de marchas no volante e op\u00e7\u00f5es de navegador e controle da dist\u00e2ncia \u00e0 frente, in\u00e9dito no modelo<\/em><\/p>\n<p>&nbsp;<\/p>\n<p>Logo nos primeiros quarteir\u00f5es, os efeitos das mudan\u00e7as do importado para o nacional ficam \u00e0 mostra. A resposta ao acelerador ficou suave, linear, com o aux\u00edlio do conversor de torque nas sa\u00eddas: acabou a sensa\u00e7\u00e3o de que falta for\u00e7a at\u00e9 o turbo chegar a pleno funcionamento, o que deve ajudar sobretudo ao arrancar em aclives e com o carro carregado. O desempenho geral do 1,4-litro \u00e9 bastante bom para uso urbano, com ganhos de velocidade convincentes mesmo sem se recorrer a rota\u00e7\u00f5es mais altas.<\/p>\n<p>&nbsp;<\/p>\n<blockquote><p>Com eficiente calibra\u00e7\u00e3o, a transmiss\u00e3o Aisin mostra que\u00a0n\u00e3o houve preju\u00edzo ao deixar para tr\u00e1s a caixa de dupla embreagem que \u00e9 sin\u00f4nimo de Audi<\/p><\/blockquote>\n<p>&nbsp;<\/p>\n<p>Outra qualidade do A3 Sedan paranaense \u00e9 o conforto de rodagem. A f\u00e1brica optou por uma calibra\u00e7\u00e3o bastante macia em termos de molas e amortecedores, que o deixa \u201cflutuar\u201d mais sobre piso irregular do que a maioria dos sed\u00e3s m\u00e9dios \u2014 de Focus a Civic, de <a href=\"https:\/\/autolivraria.com.br\/bc\/tag\/jetta\" target=\"_blank\">Jetta<\/a> a <a href=\"https:\/\/autolivraria.com.br\/bc\/tag\/corolla\" target=\"_blank\">Corolla<\/a>. Sente-se que as ondula\u00e7\u00f5es s\u00e3o copiadas pelos pneus de perfil baixo da vers\u00e3o, efeito que a Attraction deve amenizar, mas muito pouco \u00e9 transmitido aos ocupantes. Ao rodarmos mais tarde em uma vers\u00e3o 1,8 importada a perda de conforto foi evidente.<\/p>\n<p>O controlador de dist\u00e2ncia pode ser ativado mesmo em velocidades urbanas, mantendo o A3 a um intervalo seguro do carro adiante e freando de forma moderada (se for preciso atua\u00e7\u00e3o maior dos freios, soa uma sineta pela interven\u00e7\u00e3o do motorista), at\u00e9 a parada se for preciso. Quando o tr\u00e2nsito anda, basta acionar a alavanca \u00e0 esquerda da coluna de dire\u00e7\u00e3o para o carro sair e recome\u00e7ar o processo, que \u00e9 bastante conveniente.<\/p>\n<p>&nbsp;<\/p>\n<div class='one_half'>\n\t\t\t\t\t<a href=\"https:\/\/autolivraria.com.br\/bc\/wp-content\/uploads\/2015\/11\/Audi-A3-Sedan-16.jpg\"><img decoding=\"async\" class=\"aligncenter size-medium wp-image-65856 lazyload\" data-src=\"https:\/\/autolivraria.com.br\/bc\/wp-content\/uploads\/2015\/11\/Audi-A3-Sedan-16-356x237.jpg\" alt=\"Audi A3 Sedan\" width=\"356\" height=\"237\" data-srcset=\"https:\/\/autolivraria.com.br\/bc\/wp-content\/uploads\/2015\/11\/Audi-A3-Sedan-16-356x237.jpg 356w, https:\/\/autolivraria.com.br\/bc\/wp-content\/uploads\/2015\/11\/Audi-A3-Sedan-16-743x495.jpg 743w, https:\/\/autolivraria.com.br\/bc\/wp-content\/uploads\/2015\/11\/Audi-A3-Sedan-16-227x151.jpg 227w, https:\/\/autolivraria.com.br\/bc\/wp-content\/uploads\/2015\/11\/Audi-A3-Sedan-16-270x180.jpg 270w, https:\/\/autolivraria.com.br\/bc\/wp-content\/uploads\/2015\/11\/Audi-A3-Sedan-16.jpg 1280w\" data-sizes=\"(max-width: 356px) 100vw, 356px\" src=\"data:image\/svg+xml;base64,PHN2ZyB3aWR0aD0iMSIgaGVpZ2h0PSIxIiB4bWxucz0iaHR0cDovL3d3dy53My5vcmcvMjAwMC9zdmciPjwvc3ZnPg==\" style=\"--smush-placeholder-width: 356px; --smush-placeholder-aspect-ratio: 356\/237;\" \/><\/a>\n\t\t\t\t<\/div>\n<div class='one_half last'>\n\t\t\t\t\t<a href=\"https:\/\/autolivraria.com.br\/bc\/wp-content\/uploads\/2015\/11\/Audi-A3-Sedan-14.jpg\"><img decoding=\"async\" class=\"aligncenter size-medium wp-image-65857 lazyload\" data-src=\"https:\/\/autolivraria.com.br\/bc\/wp-content\/uploads\/2015\/11\/Audi-A3-Sedan-14-356x237.jpg\" alt=\"Audi A3 Sedan\" width=\"356\" height=\"237\" data-srcset=\"https:\/\/autolivraria.com.br\/bc\/wp-content\/uploads\/2015\/11\/Audi-A3-Sedan-14-356x237.jpg 356w, https:\/\/autolivraria.com.br\/bc\/wp-content\/uploads\/2015\/11\/Audi-A3-Sedan-14-743x495.jpg 743w, https:\/\/autolivraria.com.br\/bc\/wp-content\/uploads\/2015\/11\/Audi-A3-Sedan-14-227x151.jpg 227w, https:\/\/autolivraria.com.br\/bc\/wp-content\/uploads\/2015\/11\/Audi-A3-Sedan-14-270x180.jpg 270w, https:\/\/autolivraria.com.br\/bc\/wp-content\/uploads\/2015\/11\/Audi-A3-Sedan-14.jpg 1280w\" data-sizes=\"(max-width: 356px) 100vw, 356px\" src=\"data:image\/svg+xml;base64,PHN2ZyB3aWR0aD0iMSIgaGVpZ2h0PSIxIiB4bWxucz0iaHR0cDovL3d3dy53My5vcmcvMjAwMC9zdmciPjwvc3ZnPg==\" style=\"--smush-placeholder-width: 356px; --smush-placeholder-aspect-ratio: 356\/237;\" \/><\/a>\n\t\t\t\t<\/div><div class='clear'><\/div>\n<p style=\"text-align: center;\"><em>\u00a0<\/em><br \/>\n<em>Agora flex\u00edvel, o motor ganhou 28 cv e 5,1 m.kgf; caixa de dupla embreagem deu lugar \u00e0 autom\u00e1tica<\/em><\/p>\n<p>&nbsp;<\/p>\n<p>Se na cidade as altera\u00e7\u00f5es foram bem-vindas, como o novo Audi nacional se sai em rodovia? Muito bem, com uma reserva de pot\u00eancia bem maior que no importado de mesma cilindrada e o mesmo funcionamento suave. Levar o motor at\u00e9 o limite de 6.300 rpm \u00e9 prazeroso, com respostas convincentes, um som agrad\u00e1vel e m\u00ednimas vibra\u00e7\u00f5es. N\u00e3o \u00e9 um desempenho de colar as costas ao banco, mas plenamente satisfat\u00f3rio para a vers\u00e3o de entrada do sed\u00e3.<\/p>\n<p>&nbsp;<\/p>\n<div class='code-block code-block-14' style='margin: 8px auto; text-align: center; display: block; clear: both;'>\n<script async src=\"https:\/\/pagead2.googlesyndication.com\/pagead\/js\/adsbygoogle.js\"><\/script>\n<!-- AL-horiz -->\n<ins class=\"adsbygoogle\"\n     style=\"display:block\"\n     data-ad-client=\"ca-pub-1914799802606213\"\n     data-ad-slot=\"7267610495\"\n     data-ad-format=\"auto\"\n     data-full-width-responsive=\"true\"><\/ins>\n<script>\n     (adsbygoogle = window.adsbygoogle || []).push({});\n<\/script><\/div>\n\n<p>&nbsp;<\/p>\n<p>L\u00e1, tanto o controlador de dist\u00e2ncia agrega praticidade quanto o monitor de faixa, que se mostrou bastante preciso. Conduzindo-se de prop\u00f3sito o autom\u00f3vel rumo \u00e0 faixa de demarca\u00e7\u00e3o da via, sem usar luzes de dire\u00e7\u00e3o, nota-se o esfor\u00e7o necess\u00e1rio ao volante aumentar para que o motorista perceba o desvio. Que n\u00e3o seja raz\u00e3o, por\u00e9m, para se dirigir sem as m\u00e3os: o sistema logo detecta a falta de a\u00e7\u00e3o do condutor e o avisa por uma mensagem no quadro de instrumentos.<\/p>\n<p>A caixa autom\u00e1tica segue os princ\u00edpios de opera\u00e7\u00e3o habituais nos Audis n\u00e3o esportivos: admite mudan\u00e7as manuais pela alavanca (subindo para frente) e pelos comandos no volante e, em modo manual, permite retomar velocidade com quase todo o uso do acelerador \u2014 ao atingir o fim de curso ocorre redu\u00e7\u00e3o. Esse modo mant\u00e9m as trocas autom\u00e1ticas para cima no limite de rota\u00e7\u00e3o mencionado.<\/p>\n<p>&nbsp;<\/p>\n<p><a href=\"https:\/\/autolivraria.com.br\/bc\/wp-content\/uploads\/2015\/11\/Audi-A3-Sedan-02.jpg\"><img decoding=\"async\" class=\"aligncenter size-large wp-image-65858 lazyload\" data-src=\"https:\/\/autolivraria.com.br\/bc\/wp-content\/uploads\/2015\/11\/Audi-A3-Sedan-02-743x495.jpg\" alt=\"Audi A3 Sedan\" width=\"743\" height=\"495\" data-srcset=\"https:\/\/autolivraria.com.br\/bc\/wp-content\/uploads\/2015\/11\/Audi-A3-Sedan-02-743x495.jpg 743w, https:\/\/autolivraria.com.br\/bc\/wp-content\/uploads\/2015\/11\/Audi-A3-Sedan-02-356x237.jpg 356w, https:\/\/autolivraria.com.br\/bc\/wp-content\/uploads\/2015\/11\/Audi-A3-Sedan-02-227x151.jpg 227w, https:\/\/autolivraria.com.br\/bc\/wp-content\/uploads\/2015\/11\/Audi-A3-Sedan-02-270x180.jpg 270w, https:\/\/autolivraria.com.br\/bc\/wp-content\/uploads\/2015\/11\/Audi-A3-Sedan-02.jpg 1280w\" data-sizes=\"(max-width: 743px) 100vw, 743px\" src=\"data:image\/svg+xml;base64,PHN2ZyB3aWR0aD0iMSIgaGVpZ2h0PSIxIiB4bWxucz0iaHR0cDovL3d3dy53My5vcmcvMjAwMC9zdmciPjwvc3ZnPg==\" style=\"--smush-placeholder-width: 743px; --smush-placeholder-aspect-ratio: 743\/495;\" \/><\/a><\/p>\n<p style=\"text-align: center;\"><em>\u00a0<\/em><br \/>\n<em>A pot\u00eancia adicional deu respostas convincentes ao A3; nas sa\u00eddas, a nova transmiss\u00e3o o favorece<\/em><\/p>\n<p>&nbsp;<\/p>\n<p>A eficiente calibra\u00e7\u00e3o da transmiss\u00e3o Aisin n\u00e3o deixa saudades da S-Tronic: est\u00e1 sempre na marcha desejada, sobe e reduz com grande suavidade e mal se nota a interrup\u00e7\u00e3o de pot\u00eancia. No programa esportivo (S) a caixa fica bem \u201cesperta\u201d, reduzindo marchas quando se tira o p\u00e9 subitamente do acelerador ou se freia com energia, a ponto de abrirmos m\u00e3o do comando manual sem arrependimento na descida do trajeto sinuoso. Portanto, n\u00e3o houve qualquer preju\u00edzo ao deixar para tr\u00e1s a caixa que \u00e9 praticamente sin\u00f4nimo de Audi \u2014 foi a primeira marca a oferecer dupla embreagem, h\u00e1 12 anos, no TT de motor V6.<\/p>\n<p>Falamos de curvas e vem a pergunta que n\u00e3o quer calar: e a estabilidade com uma suspens\u00e3o mais simples, como ficou?\u00a0Uma surpresa positiva, outra negativa. Vamos explicar.<\/p>\n<p>A positiva \u00e9 que o eixo de tor\u00e7\u00e3o comporta-se com perfei\u00e7\u00e3o, cumprindo bem o papel do sistema multibra\u00e7o. Nas curvas repletas de irregularidades que levam a (e trazem de) Aldeia de Serra, o A3 copia t\u00e3o bem as ondula\u00e7\u00f5es quanto qualquer bom carro com suspens\u00e3o traseira independente. Nada de efeitos nocivos de transmiss\u00e3o de impactos de uma roda para outra, nada de erros de geometria que levem a \u201cescapadas\u201d de traseira at\u00e9 que atue o <a href=\"https:\/\/autolivraria.com.br\/bc\/glossario-c\/#esp\" target=\"_blank\">controle eletr\u00f4nico de estabilidade<\/a>. Os pneus 225\/45 aderem bem ao asfalto e o sed\u00e3 pode ser dirigido com entusiasmo\u00a0sem sustos.<\/p>\n<p>&nbsp;<\/p>\n<div class='one_half'>\n\t\t\t\t\t<a href=\"https:\/\/autolivraria.com.br\/bc\/wp-content\/uploads\/2015\/11\/Audi-A3-Sedan-05.jpg\"><img decoding=\"async\" class=\"aligncenter size-medium wp-image-65859 lazyload\" data-src=\"https:\/\/autolivraria.com.br\/bc\/wp-content\/uploads\/2015\/11\/Audi-A3-Sedan-05-356x237.jpg\" alt=\"Audi A3 Sedan\" width=\"356\" height=\"237\" data-srcset=\"https:\/\/autolivraria.com.br\/bc\/wp-content\/uploads\/2015\/11\/Audi-A3-Sedan-05-356x237.jpg 356w, https:\/\/autolivraria.com.br\/bc\/wp-content\/uploads\/2015\/11\/Audi-A3-Sedan-05-743x495.jpg 743w, https:\/\/autolivraria.com.br\/bc\/wp-content\/uploads\/2015\/11\/Audi-A3-Sedan-05-227x151.jpg 227w, https:\/\/autolivraria.com.br\/bc\/wp-content\/uploads\/2015\/11\/Audi-A3-Sedan-05-270x180.jpg 270w, https:\/\/autolivraria.com.br\/bc\/wp-content\/uploads\/2015\/11\/Audi-A3-Sedan-05.jpg 1280w\" data-sizes=\"(max-width: 356px) 100vw, 356px\" src=\"data:image\/svg+xml;base64,PHN2ZyB3aWR0aD0iMSIgaGVpZ2h0PSIxIiB4bWxucz0iaHR0cDovL3d3dy53My5vcmcvMjAwMC9zdmciPjwvc3ZnPg==\" style=\"--smush-placeholder-width: 356px; --smush-placeholder-aspect-ratio: 356\/237;\" \/><\/a>\n\t\t\t\t<\/div>\n<div class='one_half last'>\n\t\t\t\t\t<a href=\"https:\/\/autolivraria.com.br\/bc\/wp-content\/uploads\/2015\/11\/Audi-A3-Sedan-03.jpg\"><img decoding=\"async\" class=\"aligncenter size-medium wp-image-65860 lazyload\" data-src=\"https:\/\/autolivraria.com.br\/bc\/wp-content\/uploads\/2015\/11\/Audi-A3-Sedan-03-356x237.jpg\" alt=\"Audi A3 Sedan\" width=\"356\" height=\"237\" data-srcset=\"https:\/\/autolivraria.com.br\/bc\/wp-content\/uploads\/2015\/11\/Audi-A3-Sedan-03-356x237.jpg 356w, https:\/\/autolivraria.com.br\/bc\/wp-content\/uploads\/2015\/11\/Audi-A3-Sedan-03-743x495.jpg 743w, https:\/\/autolivraria.com.br\/bc\/wp-content\/uploads\/2015\/11\/Audi-A3-Sedan-03-227x151.jpg 227w, https:\/\/autolivraria.com.br\/bc\/wp-content\/uploads\/2015\/11\/Audi-A3-Sedan-03-270x180.jpg 270w, https:\/\/autolivraria.com.br\/bc\/wp-content\/uploads\/2015\/11\/Audi-A3-Sedan-03.jpg 1280w\" data-sizes=\"(max-width: 356px) 100vw, 356px\" src=\"data:image\/svg+xml;base64,PHN2ZyB3aWR0aD0iMSIgaGVpZ2h0PSIxIiB4bWxucz0iaHR0cDovL3d3dy53My5vcmcvMjAwMC9zdmciPjwvc3ZnPg==\" style=\"--smush-placeholder-width: 356px; --smush-placeholder-aspect-ratio: 356\/237;\" \/><\/a>\n\t\t\t\t<\/div><div class='clear'><\/div>\n<p style=\"text-align: center;\"><em>\u00a0<\/em><br \/>\n<em>Mais conforto no uso urbano, menos estabilidade nas curvas: efeito das mudan\u00e7as na suspens\u00e3o<\/em><\/p>\n<p>&nbsp;<\/p>\n<p>A parte negativa: a calibra\u00e7\u00e3o foi toda focada em conforto, como j\u00e1 se esperava pelo rodar no trecho urbano. Molas e amortecedores bastante macios deixam o A3 movimentar-se para frente, para tr\u00e1s e para os lados em dose excessiva para os padr\u00f5es da marca ou da ind\u00fastria alem\u00e3, ao menos\u00a0em condu\u00e7\u00e3o vigorosa. Fica evidente que, em nome do\u00a0uso urbano e da absor\u00e7\u00e3o dos trancos do dia a dia brasileiro, a f\u00e1brica abdicou da esportividade e do prazer ao dirigir r\u00e1pido \u2014 mesmo que haja, como vimos, plena seguran\u00e7a em curvas.<\/p>\n<p>No conjunto, percebe-se que o A3 Sedan brasileiro foi \u201ccorollizado\u201d, ou seja, afastou-se do perfil dos sed\u00e3s m\u00e9dios germ\u00e2nicos para atender \u00e0s prioridades do comprador t\u00edpico de um Corolla \u2014 a Audi certamente detectou que atenderia a um p\u00fablico maior com essa f\u00f3rmula. Se isso \u00e9 bom ou ruim, depende de quanto essas prefer\u00eancias coincidem ou conflitam com as suas. No segundo caso, fica o al\u00edvio de que a vers\u00e3o mais potente ter\u00e1 40 cv adicionais \u00e0 atual 1,8 e manter\u00e1 os conte\u00fados t\u00e9cnicos que muitos apreciam no modelo.<\/p>\n<table border=\"0\">\n<tbody>\n<tr>\n<td><a href='https:\/\/autolivraria.com.br\/bc\/avaliacoes\/' class='small-button smallsilver'>Mais Avalia\u00e7\u00f5es<\/a><\/td>\n<\/tr>\n<\/tbody>\n<\/table>\n<p>&nbsp;<\/p>\n<div class='et-box et-shadow'>\n\t\t\t\t\t<div class='et-box-content'><h2>Ficha t\u00e9cnica<\/h2>\n<table id=\"table61\" border=\"0\" width=\"100%\" cellspacing=\"0\" cellpadding=\"3\">\n<tbody>\n<tr>\n<td colspan=\"2\" valign=\"top\" bgcolor=\"#FFFFFF\"><strong>Motor<\/strong><\/td>\n<\/tr>\n<tr>\n<td valign=\"top\" width=\"50%\">Posi\u00e7\u00e3o<\/td>\n<td valign=\"top\" width=\"50%\">transversal<\/td>\n<\/tr>\n<tr>\n<td valign=\"top\" width=\"50%\">Cilindros<\/td>\n<td valign=\"top\" width=\"50%\">4 em linha<\/td>\n<\/tr>\n<tr>\n<td valign=\"top\" width=\"50%\">Comando de v\u00e1lvulas<\/td>\n<td valign=\"top\" width=\"50%\">duplo no cabe\u00e7ote<\/td>\n<\/tr>\n<tr>\n<td valign=\"top\" width=\"50%\">V\u00e1lvulas por cilindro<\/td>\n<td valign=\"top\" width=\"50%\">4, varia\u00e7\u00e3o de tempo<\/td>\n<\/tr>\n<tr>\n<td valign=\"top\" width=\"50%\">Di\u00e2metro e curso<\/td>\n<td valign=\"top\" width=\"50%\">74,5 x 80 mm<\/td>\n<\/tr>\n<tr>\n<td valign=\"top\" width=\"50%\">Cilindrada<\/td>\n<td valign=\"top\" width=\"50%\">1.395 cm\u00b3<\/td>\n<\/tr>\n<tr>\n<td valign=\"top\" width=\"50%\">Taxa de compress\u00e3o<\/td>\n<td valign=\"top\" width=\"50%\">10:1<\/td>\n<\/tr>\n<tr>\n<td valign=\"top\" width=\"50%\">Alimenta\u00e7\u00e3o<\/td>\n<td valign=\"top\" width=\"60%\">inje\u00e7\u00e3o direta, turbocompressor, resfriador de ar<\/td>\n<\/tr>\n<tr>\n<td valign=\"top\" width=\"50%\">Pot\u00eancia m\u00e1xima (gas.\/\u00e1lc.)<\/td>\n<td valign=\"top\" width=\"50%\">150 cv de 4.500 a 5.500 rpm<\/td>\n<\/tr>\n<tr>\n<td valign=\"top\" width=\"50%\">Torque m\u00e1ximo (gas.\/\u00e1lc.)<\/td>\n<td valign=\"top\" width=\"50%\">25,5 m.kgf de 1.500 a 4.000 rpm<\/td>\n<\/tr>\n<tr>\n<td colspan=\"2\" valign=\"top\" bgcolor=\"#FFFFFF\"><strong>Transmiss\u00e3o<\/strong><\/td>\n<\/tr>\n<tr>\n<td valign=\"top\" width=\"50%\">Tipo de c\u00e2mbio e marchas<\/td>\n<td valign=\"top\" width=\"50%\">autom\u00e1tico, 6<\/td>\n<\/tr>\n<tr>\n<td valign=\"top\" width=\"50%\">Tra\u00e7\u00e3o<\/td>\n<td valign=\"top\" width=\"50%\">dianteira<\/td>\n<\/tr>\n<tr>\n<td colspan=\"2\" valign=\"top\" bgcolor=\"#FFFFFF\"><strong>Freios<\/strong><\/td>\n<\/tr>\n<tr>\n<td valign=\"top\" width=\"50%\">Dianteiros<\/td>\n<td valign=\"top\" width=\"50%\">a disco ventilado<\/td>\n<\/tr>\n<tr>\n<td valign=\"top\" width=\"50%\">Traseiros<\/td>\n<td valign=\"top\" width=\"50%\">a disco<\/td>\n<\/tr>\n<tr>\n<td valign=\"top\" width=\"50%\">Antitravamento (ABS)<\/td>\n<td valign=\"top\" width=\"50%\">sim<\/td>\n<\/tr>\n<tr>\n<td colspan=\"2\" valign=\"top\" bgcolor=\"#FFFFFF\"><strong>Dire\u00e7\u00e3o<\/strong><\/td>\n<\/tr>\n<tr>\n<td valign=\"top\" width=\"50%\">Sistema<\/td>\n<td valign=\"top\" width=\"50%\">pinh\u00e3o e cremalheira<\/td>\n<\/tr>\n<tr>\n<td valign=\"top\" width=\"50%\">Assist\u00eancia<\/td>\n<td valign=\"top\" width=\"50%\">el\u00e9trica<\/td>\n<\/tr>\n<tr>\n<td colspan=\"2\" valign=\"top\" bgcolor=\"#FFFFFF\"><strong>Suspens\u00e3o<\/strong><\/td>\n<\/tr>\n<tr>\n<td valign=\"top\" width=\"50%\">Dianteira<\/td>\n<td valign=\"top\" width=\"50%\">independente, McPherson, mola helicoidal<\/td>\n<\/tr>\n<tr>\n<td valign=\"top\" width=\"50%\">Traseira<\/td>\n<td valign=\"top\" width=\"50%\">eixo de tor\u00e7\u00e3o, mola helicoidal<\/td>\n<\/tr>\n<tr>\n<td colspan=\"2\" valign=\"top\" bgcolor=\"#FFFFFF\"><strong>Rodas<\/strong><\/td>\n<\/tr>\n<tr>\n<td valign=\"top\" width=\"50%\">Dimens\u00f5es<\/td>\n<td valign=\"top\" width=\"50%\">7 x 16 pol (Attraction), 7,5 x 17 pol (Ambiente)<\/td>\n<\/tr>\n<tr>\n<td valign=\"top\" width=\"50%\">Pneus<\/td>\n<td valign=\"top\" width=\"50%\">205\/55 R 16 (Attraction), 225\/45 R 17 (Ambiente)<\/td>\n<\/tr>\n<tr>\n<td colspan=\"2\" valign=\"top\" bgcolor=\"#FFFFFF\"><strong>Dimens\u00f5es<\/strong><\/td>\n<\/tr>\n<tr>\n<td valign=\"top\" width=\"50%\">Comprimento<\/td>\n<td valign=\"top\" width=\"50%\">4,456 m<\/td>\n<\/tr>\n<tr>\n<td valign=\"top\" width=\"50%\">Largura<\/td>\n<td valign=\"top\" width=\"50%\">1,796 m<\/td>\n<\/tr>\n<tr>\n<td valign=\"top\" width=\"50%\">Altura<\/td>\n<td valign=\"top\" width=\"50%\">1,416 m<\/td>\n<\/tr>\n<tr>\n<td valign=\"top\" width=\"50%\">Entre-eixos<\/td>\n<td valign=\"top\" width=\"50%\">2,637 m<\/td>\n<\/tr>\n<tr>\n<td colspan=\"2\" valign=\"top\" bgcolor=\"#FFFFFF\"><strong>Capacidades e peso<\/strong><\/td>\n<\/tr>\n<tr>\n<td valign=\"top\" width=\"50%\">Tanque de combust\u00edvel<\/td>\n<td valign=\"top\" width=\"50%\">50 l<\/td>\n<\/tr>\n<tr>\n<td valign=\"top\" width=\"50%\">Compartimento de bagagem<\/td>\n<td valign=\"top\" width=\"50%\">425 l<\/td>\n<\/tr>\n<tr>\n<td valign=\"top\" width=\"50%\">Peso em ordem de marcha<\/td>\n<td valign=\"top\" width=\"50%\">1.215 kg<\/td>\n<\/tr>\n<tr>\n<td colspan=\"2\" valign=\"top\" bgcolor=\"#FFFFFF\"><strong>Desempenho e consumo\u00a0(gas.\/\u00e1lc.)<\/strong><\/td>\n<\/tr>\n<tr>\n<td valign=\"top\" width=\"50%\">Velocidade m\u00e1xima<\/td>\n<td valign=\"top\" width=\"50%\">215 km\/h<\/td>\n<\/tr>\n<tr>\n<td valign=\"top\" width=\"50%\">Acelera\u00e7\u00e3o de 0 a 100 km\/h<\/td>\n<td valign=\"top\" width=\"50%\">8,8 s<\/td>\n<\/tr>\n<tr>\n<td valign=\"top\" width=\"50%\">Consumo em cidade<\/td>\n<td valign=\"top\" width=\"50%\">11,7\/7,8 km\/l<\/td>\n<\/tr>\n<tr>\n<td valign=\"top\" width=\"50%\">Consumo em rodovia<\/td>\n<td valign=\"top\" width=\"50%\">14,2\/9,9 km\/l<\/td>\n<\/tr>\n<tr>\n<td colspan=\"2\" valign=\"top\">Dados do fabricante; consumo\u00a0conforme padr\u00f5es do Inmetro<\/td>\n<\/tr>\n<\/tbody>\n<\/table><\/div><\/div>\n<p>&nbsp;<\/p>\n","protected":false},"excerpt":{"rendered":"<p>Com caixa autom\u00e1tica e suspens\u00e3o simplificada e macia, primeiro Audi brasileiro em 10 anos troca a esportividade pelo conforto<\/p>\n","protected":false},"author":6,"featured_media":65843,"comment_status":"open","ping_status":"closed","sticky":false,"template":"","format":"standard","meta":{"_joinchat":[],"footnotes":""},"categories":[1822,3],"tags":[793,2973,61,80,575],"class_list":["post-65823","post","type-post","status-publish","format-standard","has-post-thumbnail","hentry","category-audi-avaliacao","category-avaliacao","tag-a3","tag-a3-sedan","tag-audi","tag-avaliacao-2","tag-turbo"],"amp_enabled":true,"_links":{"self":[{"href":"https:\/\/autolivraria.com.br\/bc\/wp-json\/wp\/v2\/posts\/65823","targetHints":{"allow":["GET"]}}],"collection":[{"href":"https:\/\/autolivraria.com.br\/bc\/wp-json\/wp\/v2\/posts"}],"about":[{"href":"https:\/\/autolivraria.com.br\/bc\/wp-json\/wp\/v2\/types\/post"}],"author":[{"embeddable":true,"href":"https:\/\/autolivraria.com.br\/bc\/wp-json\/wp\/v2\/users\/6"}],"replies":[{"embeddable":true,"href":"https:\/\/autolivraria.com.br\/bc\/wp-json\/wp\/v2\/comments?post=65823"}],"version-history":[{"count":0,"href":"https:\/\/autolivraria.com.br\/bc\/wp-json\/wp\/v2\/posts\/65823\/revisions"}],"wp:featuredmedia":[{"embeddable":true,"href":"https:\/\/autolivraria.com.br\/bc\/wp-json\/wp\/v2\/media\/65843"}],"wp:attachment":[{"href":"https:\/\/autolivraria.com.br\/bc\/wp-json\/wp\/v2\/media?parent=65823"}],"wp:term":[{"taxonomy":"category","embeddable":true,"href":"https:\/\/autolivraria.com.br\/bc\/wp-json\/wp\/v2\/categories?post=65823"},{"taxonomy":"post_tag","embeddable":true,"href":"https:\/\/autolivraria.com.br\/bc\/wp-json\/wp\/v2\/tags?post=65823"}],"curies":[{"name":"wp","href":"https:\/\/api.w.org\/{rel}","templated":true}]}}