{"id":67052,"date":"2015-12-10T13:43:43","date_gmt":"2015-12-10T16:43:43","guid":{"rendered":"http:\/\/bestcars.uol.com.br\/bc\/?p=67052"},"modified":"2016-01-15T15:53:35","modified_gmt":"2016-01-15T18:53:35","slug":"de-volta-a-2000-mercado-de-motos-recua-15-anos","status":"publish","type":"post","link":"https:\/\/autolivraria.com.br\/bc\/informe-se\/colunas\/motite\/de-volta-a-2000-mercado-de-motos-recua-15-anos\/","title":{"rendered":"De volta a 2000: mercado de motos recua 15 anos"},"content":{"rendered":"<p><img fetchpriority=\"high\" decoding=\"async\" class=\"alignnone size-large wp-image-66689\" src=\"https:\/\/autolivraria.com.br\/bc\/wp-content\/uploads\/2015\/12\/Motite-743-743x107.jpg\" alt=\"Motite\" width=\"743\" height=\"107\" srcset=\"https:\/\/autolivraria.com.br\/bc\/wp-content\/uploads\/2015\/12\/Motite-743.jpg 743w, https:\/\/autolivraria.com.br\/bc\/wp-content\/uploads\/2015\/12\/Motite-743-356x51.jpg 356w, https:\/\/autolivraria.com.br\/bc\/wp-content\/uploads\/2015\/12\/Motite-743-227x33.jpg 227w, https:\/\/autolivraria.com.br\/bc\/wp-content\/uploads\/2015\/12\/Motite-743-270x39.jpg 270w\" sizes=\"(max-width: 743px) 100vw, 743px\" \/><\/p>\n<p>&nbsp;<\/p>\n<h2>Em meio ao grave cen\u00e1rio, mesmo os segmentos at\u00e9 ent\u00e3o pouco afetados\u00a0j\u00e1\u00a0mostram sinais de queda significativos<\/h2>\n<p>&nbsp;<\/p>\n<p>Na \u00faltima reuni\u00e3o mensal da Abraciclo \u2014 Associa\u00e7\u00e3o Brasileira dos Fabricantes de Motos e Bicicletas \u2014 foi apresentado o resultado de produ\u00e7\u00e3o, vendas e exporta\u00e7\u00e3o da ind\u00fastria brasileira de ve\u00edculos de duas rodas. N\u00e3o houve grandes surpresas: j\u00e1 se sabia dessa tend\u00eancia desde o come\u00e7o de 2015. Tamb\u00e9m n\u00e3o foi novidade atribuir o desempenho \u00e0 conjuntura atual de freio na economia, ao aumento de infla\u00e7\u00e3o e \u00e0 falta de dinheiro e de cr\u00e9dito na pra\u00e7a.<\/p>\n<p>Do ponto de vista macroecon\u00f4mico, o Brasil est\u00e1 oficialmente vivendo uma crise econ\u00f4mica (e pol\u00edtica) que afasta investimentos, desvaloriza a moeda e derruba as bolsas de valores. Nenhuma novidade. S\u00f3 colocando uma enorme lente de aumento sobre os n\u00fameros \u00e9 que podemos perceber algumas surpresas.\u00a0A primeira delas foi ver que alguns segmentos, at\u00e9 ent\u00e3o pouco ou nada afetados, agora j\u00e1 mostraram sinais de queda bem significativos. Os scooters apresentaram uma queda de 14% nos primeiros 11 meses de 2015, comparados com os mesmos de 2014. Em regra esse segmento apresentava crescimentos de at\u00e9 35%.<\/p>\n<p>&nbsp;<\/p>\n<blockquote><p>Susto maior foi a categoria superior, de motos acima de 450 cm\u00b3 de cilindrada, que deu um escorreg\u00e3o pela primeira vez<\/p><\/blockquote>\n<p>&nbsp;<\/p>\n<p>Outro que desandou \u2014 e a\u00ed o susto \u00e9 maior \u2014 foi a categoria superior, chamada de premium, de motos acima de 450 cm\u00b3 de cilindrada. Foi s\u00f3 um escorreg\u00e3o, mas foi a primeira vez que vimos isso. Nos 11 meses essa categoria teve uma queda de 1,4% em rela\u00e7\u00e3o ao mesmo per\u00edodo de 2014. Quem ajudou a manter um bom resultado foi a BMW, uma das poucas marcas a apresentar crescimento nesse per\u00edodo nebuloso: ela conseguiu aumentar 43,6% em rela\u00e7\u00e3o a 2014, enquanto a maioria das f\u00e1bricas apresentou quedas. Esse sucesso deveu-se \u00e0 entrada da nova linha 1.000 de quatro cilindros e ao bom desempenho dos modelos 1.200 com motor boxer.<\/p>\n<p>Outra enorme surpresa veio da Suzuki, que depois de sucessivas quedas teve um crescimento de 46,6%, empurrado pela chegada do modelo popular de 120 cm\u00b3 e da GSR 150i, que teve um \u00f3timo desempenho em 2015. A participa\u00e7\u00e3o da marca no mercado saltou de 0,9% para 1,6%. J\u00e1 a Yamaha viveu um ano dif\u00edcil com queda de 22,8% em rela\u00e7\u00e3o a 2014. A marca que viu o maior retrocesso foi a Dafra, fortemente afetada pela alta do d\u00f3lar. A empresa, que re\u00fane os n\u00fameros da Ducati e MV Agusta, teve uma queda de 43,5%.<\/p>\n<p>&nbsp;<\/p>\n<div class='one_half'>\n\t\t\t\t\t<a href=\"https:\/\/autolivraria.com.br\/bc\/wp-content\/uploads\/2015\/12\/Suzuki-GSR-150i.jpg\"><img decoding=\"async\" class=\"aligncenter size-medium wp-image-67053 lazyload\" data-src=\"https:\/\/autolivraria.com.br\/bc\/wp-content\/uploads\/2015\/12\/Suzuki-GSR-150i-356x237.jpg\" alt=\"Suzuki GSR 150i\" width=\"356\" height=\"237\" src=\"data:image\/svg+xml;base64,PHN2ZyB3aWR0aD0iMSIgaGVpZ2h0PSIxIiB4bWxucz0iaHR0cDovL3d3dy53My5vcmcvMjAwMC9zdmciPjwvc3ZnPg==\" style=\"--smush-placeholder-width: 356px; --smush-placeholder-aspect-ratio: 356\/237;\" \/><\/a>\n\t\t\t\t<\/div>\n<div class='one_half last'>\n\t\t\t\t\t<a href=\"https:\/\/autolivraria.com.br\/bc\/wp-content\/uploads\/2013\/10\/BMW-R-1200-GS-Adventure-01.jpg\"><img decoding=\"async\" class=\"aligncenter size-medium wp-image-33933 lazyload\" data-src=\"https:\/\/autolivraria.com.br\/bc\/wp-content\/uploads\/2013\/10\/BMW-R-1200-GS-Adventure-01-560x373.jpg\" alt=\"BMW R 1200 GS Adventure 01\" width=\"356\" height=\"237\" src=\"data:image\/svg+xml;base64,PHN2ZyB3aWR0aD0iMSIgaGVpZ2h0PSIxIiB4bWxucz0iaHR0cDovL3d3dy53My5vcmcvMjAwMC9zdmciPjwvc3ZnPg==\" style=\"--smush-placeholder-width: 356px; --smush-placeholder-aspect-ratio: 356\/237;\" \/><\/a>\n\t\t\t\t<\/div><div class='clear'><\/div>\n<p style=\"text-align: center;\"><em>\u00a0<\/em><br \/>\n<em>A Suzuki GSR 150i, que contribuiu para a marca crescer, e a bem-sucedida BMW R 1200 GS<\/em><\/p>\n<p>&nbsp;<\/p>\n<p>Ela continua tendo um modelo de 50 cm\u00b3 como o mais vendido e isso pode explicar parte dessa queda: pela primeira vez em muitos anos, a regi\u00e3o Nordeste do Brasil apresentou uma queda nas vendas de motos. E isso \u00e9 um mau sinal. As marcas que dependem basicamente de modelos populares foram as mais afetadas. Mesmo a gigante Honda, que continua impondo o massacre de 83,3% do mercado, viu seus n\u00fameros ca\u00edrem 12,9% em rela\u00e7\u00e3o a 2014.<\/p>\n<p>Por regi\u00e3o, o mercado presenciou uma queda geral, mas o Sul e o Sudeste puxaram esses n\u00fameros para baixo. Geograficamente o buraco do setor ficou assim: Norte, 12%; Nordeste, 9,8%; Centro-Oeste, 14,8%; Sul, 18,6%; e Sudeste, 12,6%. N\u00e3o tem nenhum sinal de \u201cmais\u201d no mapa do Brasil sobre motos.<\/p>\n<p>&nbsp;<\/p>\n<div class='code-block code-block-14' style='margin: 8px auto; text-align: center; display: block; clear: both;'>\n<script async src=\"https:\/\/pagead2.googlesyndication.com\/pagead\/js\/adsbygoogle.js\"><\/script>\n<!-- AL-horiz -->\n<ins class=\"adsbygoogle\"\n     style=\"display:block\"\n     data-ad-client=\"ca-pub-1914799802606213\"\n     data-ad-slot=\"7267610495\"\n     data-ad-format=\"auto\"\n     data-full-width-responsive=\"true\"><\/ins>\n<script>\n     (adsbygoogle = window.adsbygoogle || []).push({});\n<\/script><\/div>\n\n<p>&nbsp;<\/p>\n<h2>O que esperar de 2016<\/h2>\n<p>A Abraciclo aposta na manuten\u00e7\u00e3o dos atuais n\u00fameros de vendas, ou seja, 1,2 milh\u00e3o de motos\/ano, o mesmo patamar do ano 2000. Parte da perda no mercado interno pode ser compensada com as exporta\u00e7\u00f5es, ainda muito discretas. A boa not\u00edcia \u00e9 que a Col\u00f4mbia passou a comprar mais motos do Brasil, o que compensa a queda na Argentina. O vizinho platino pode se recuperar com a entrada de um novo presidente, mais conservador, o que deve eventualmente reverter o quadro de crise que o pa\u00eds viveu em 2015. S\u00f3 Honda e Yamaha exportam e a Am\u00e9rica Latina sempre foi inundada de produtos chineses.<\/p>\n<p>No mundo das bicicletas, boas e m\u00e1s not\u00edcias. A boa \u00e9 a entrada de novas marcas no mercado, instaladas na Zona Franca de Manaus, AM, inclusive uma espec\u00edfica para montar bicicletas el\u00e9tricas. Trata-se da mineira Sense Bike, que vai produzir tamb\u00e9m modelos a pedal, mas todas com quadro de alum\u00ednio. Mas de modo geral o mercado brasileiro de bicicletas continua apresentando queda. Em 2015 foram comercializadas 3,3 milh\u00f5es de unidades, 400 mil a menos que em 2014.<\/p>\n<p>&nbsp;<\/p>\n<blockquote><p>A\u00a0queda das vendas de motos n\u00e3o est\u00e1 s\u00f3 ligada \u00e0s quest\u00f5es econ\u00f4micas: o interesse por ve\u00edculos motorizados est\u00e1 caindo entre os jovens<\/p><\/blockquote>\n<p>&nbsp;<\/p>\n<p>Algu\u00e9m pode estranhar esse n\u00famero: afinal, quem mora nas grandes cidades est\u00e1 vendo um incentivo ao uso da bicicleta, com implanta\u00e7\u00e3o de ciclovias e pol\u00edticas p\u00fablicas de mobilidade. Mas \u00e9 uma ilus\u00e3o, porque parte dessas bicicletas estava guardada em alguma garagem e tamb\u00e9m porque a queda do setor \u00e9 das bicicletas mais populares. Os modelos mais caros \u2014 de \u201cmaior valor agregado\u201d, como gostam de dizer os empres\u00e1rios \u2014 continuam apontando para crescimento. Em termos de exporta\u00e7\u00e3o, o Brasil nem sequer faz c\u00f3cegas nos produtores asi\u00e1ticos. Em 2015 foram pouco mais de 5.000 unidades. Essa situa\u00e7\u00e3o pode melhorar se os novos participantes do mercado passarem a exportar.<\/p>\n<p>Esses dados n\u00e3o contabilizam o m\u00eas de dezembro, que tradicionalmente nunca foi \u00f3timo para o setor, porque concorre com outros produtos e necessidades nos quais gastar o 13\u00ba. sal\u00e1rio. Em minha opini\u00e3o, a queda das vendas de motos n\u00e3o est\u00e1 s\u00f3 ligada \u00e0s quest\u00f5es econ\u00f4micas: o interesse por ve\u00edculos motorizados est\u00e1 caindo entre a popula\u00e7\u00e3o mais jovem. No caso das motos h\u00e1 ainda a quest\u00e3o \u2014 nunca levada a s\u00e9rio \u2014 dos roubos e furtos. Por ser um ve\u00edculo muito bom para cometer delitos, a bandidagem n\u00e3o pensa duas vezes em usar a melhor forma de investimento em infraestrutura: rouba uma moto para fazer outros roubos.<\/p>\n<p>O mercado n\u00e3o acredita que essa quest\u00e3o seja determinante, porque afeta somente algumas regi\u00f5es, e se defende alegando que a demanda por motos ainda \u00e9 enorme. Segundo a Abraciclo, de cada 10 fichas de financiamento de moto enviadas para os bancos apenas duas s\u00e3o aprovadas, o que projeta uma demanda reprimida de 80%.<\/p>\n<p>Em suma, acho sinceramente que o mercado brasileiro de moto tem muito ainda a crescer. S\u00f3 precisa a pol\u00edtica econ\u00f4mica ajudar!<\/p>\n<table>\n<tbody>\n<tr>\n<td><a href='https:\/\/autolivraria.com.br\/bc\/informe-se\/colunas\/motite\/para-o-transito-esta-e-uma-geracao-perdida\/' class='small-button smallsilver'>Coluna anterior<\/a><\/td>\n<\/tr>\n<\/tbody>\n<\/table>\n<p>&nbsp;<\/p>\n","protected":false},"excerpt":{"rendered":"<p>Em meio ao grave cen\u00e1rio, mesmo os segmentos at\u00e9 ent\u00e3o pouco afetados j\u00e1 mostram sinais de queda significativos<\/p>\n","protected":false},"author":6,"featured_media":66688,"comment_status":"open","ping_status":"closed","sticky":false,"template":"","format":"standard","meta":{"_joinchat":[],"footnotes":""},"categories":[3869],"tags":[153,591,3870,81],"class_list":["post-67052","post","type-post","status-publish","format-standard","has-post-thumbnail","hentry","category-motite","tag-colunas-2","tag-mercado","tag-motite","tag-motos-2"],"amp_enabled":true,"_links":{"self":[{"href":"https:\/\/autolivraria.com.br\/bc\/wp-json\/wp\/v2\/posts\/67052","targetHints":{"allow":["GET"]}}],"collection":[{"href":"https:\/\/autolivraria.com.br\/bc\/wp-json\/wp\/v2\/posts"}],"about":[{"href":"https:\/\/autolivraria.com.br\/bc\/wp-json\/wp\/v2\/types\/post"}],"author":[{"embeddable":true,"href":"https:\/\/autolivraria.com.br\/bc\/wp-json\/wp\/v2\/users\/6"}],"replies":[{"embeddable":true,"href":"https:\/\/autolivraria.com.br\/bc\/wp-json\/wp\/v2\/comments?post=67052"}],"version-history":[{"count":0,"href":"https:\/\/autolivraria.com.br\/bc\/wp-json\/wp\/v2\/posts\/67052\/revisions"}],"wp:featuredmedia":[{"embeddable":true,"href":"https:\/\/autolivraria.com.br\/bc\/wp-json\/wp\/v2\/media\/66688"}],"wp:attachment":[{"href":"https:\/\/autolivraria.com.br\/bc\/wp-json\/wp\/v2\/media?parent=67052"}],"wp:term":[{"taxonomy":"category","embeddable":true,"href":"https:\/\/autolivraria.com.br\/bc\/wp-json\/wp\/v2\/categories?post=67052"},{"taxonomy":"post_tag","embeddable":true,"href":"https:\/\/autolivraria.com.br\/bc\/wp-json\/wp\/v2\/tags?post=67052"}],"curies":[{"name":"wp","href":"https:\/\/api.w.org\/{rel}","templated":true}]}}