{"id":69006,"date":"2016-02-05T14:59:22","date_gmt":"2016-02-05T17:59:22","guid":{"rendered":"http:\/\/bestcars.uol.com.br\/bc\/?p=69006"},"modified":"2016-02-19T17:55:27","modified_gmt":"2016-02-19T20:55:27","slug":"direcao-praticas-ao-volante-o-que-fazer-e-o-que-nao-fazer","status":"publish","type":"post","link":"https:\/\/autolivraria.com.br\/bc\/informe-se\/colunas\/editorial\/direcao-praticas-ao-volante-o-que-fazer-e-o-que-nao-fazer\/","title":{"rendered":"Pr\u00e1ticas ao volante: o que fazer e o que n\u00e3o fazer"},"content":{"rendered":"<p><img fetchpriority=\"high\" decoding=\"async\" class=\"alignnone size-large wp-image-60900\" src=\"https:\/\/autolivraria.com.br\/bc\/wp-content\/uploads\/2015\/06\/Editorial-743x107.png\" alt=\"Editorial\" width=\"640\" height=\"92\" srcset=\"https:\/\/autolivraria.com.br\/bc\/wp-content\/uploads\/2015\/06\/Editorial.png 743w, https:\/\/autolivraria.com.br\/bc\/wp-content\/uploads\/2015\/06\/Editorial-356x51.png 356w, https:\/\/autolivraria.com.br\/bc\/wp-content\/uploads\/2015\/06\/Editorial-227x33.png 227w, https:\/\/autolivraria.com.br\/bc\/wp-content\/uploads\/2015\/06\/Editorial-270x39.png 270w\" sizes=\"(max-width: 640px) 100vw, 640px\" \/><\/p>\n<h2>Ponto-morto nas descidas, desligar nas paradas, aliviar o pedal de freio: quais os melhores procedimentos<\/h2>\n<p>&nbsp;<\/p>\n<p>S\u00f3 conheci nessa vida dois tipos de motoristas: os que acham que dirigem bem e os que t\u00eam certeza. O problema \u00e9 que muitos \u2014 n\u00e3o importa se s\u00e3o de um tipo ou de outro \u2014 est\u00e3o equivocados e, n\u00e3o raro, colocam em pr\u00e1tica conceitos incorretos\u00a0sobre o que se deve fazer ou deixar de fazer ao volante de um autom\u00f3vel.<\/p>\n<p>Nos 18 anos do <strong>Best Cars<\/strong> n\u00f3s, colunistas (que apenas achamos que dirigimos bem&#8230;), trouxemos in\u00fameras dicas de como dirigir melhor, seja do ponto de vista da seguran\u00e7a, seja do aspecto da preserva\u00e7\u00e3o do carro. Mas alguns conceitos se perdem com o tempo e merecem ser relembrados, o que pretendo fazer neste <em>Editorial<\/em>.<\/p>\n<ul>\n<li>Para dirigir com economia, piso pouco ou muito no acelerador?<\/li>\n<\/ul>\n<p>Depende. Para manter velocidade constante, pise o m\u00ednimo poss\u00edvel. Contudo, ao precisar de mais pot\u00eancia \u2014 para ir mais r\u00e1pido ou superar um aclive \u2014, abrir mais o acelerador \u00e9 uma forma mais econ\u00f4mica do que reduzir uma marcha, como vimos em recente\u00a0<a href=\"https:\/\/autolivraria.com.br\/bc\/mais\/tecnica\/tecnologia-por-que-os-motores-andam-tao-complicados\/\" target=\"_blank\">artigo t\u00e9cnico sobre motores<\/a>. Da mesma forma, trocar para a pr\u00f3xima marcha em menor rota\u00e7\u00e3o favorece a economia, mesmo que se precise de mais pedal durante a acelera\u00e7\u00e3o. Isso s\u00f3 n\u00e3o vale para: 1) motores turbo; 2) motores a dois tempos; e 3) no uso de 100% do curso de acelerador nos outros motores, que o interpretam como emerg\u00eancia e enriquecem a mistura ar-combust\u00edvel.<\/p>\n<p>&nbsp;<\/p>\n<blockquote><p>A\u00a0atua\u00e7\u00e3o do ABS pode\u00a0produzir vibra\u00e7\u00e3o no pedal, mas mantenha a for\u00e7a para frear em menor espa\u00e7o<\/p><\/blockquote>\n<p>&nbsp;<\/p>\n<ul>\n<li>Devo usar a transmiss\u00e3o para ajudar nas frenagens?<\/li>\n<\/ul>\n<p>Manter uma marcha baixa engatada em declives longos e acentuados, como certas serras, \u00e9 boa medida para poupar os freios e afastar o risco de sua perda de a\u00e7\u00e3o por superaquecimento. Mas n\u00e3o exagere: reduzir marchas a ponto de levar o motor a alta rota\u00e7\u00e3o nas entradas de curva, por exemplo, imp\u00f5e desgastes ao motor e \u00e0 embreagem que n\u00e3o se justificam em seu carro de rua. Lembre-se: freios s\u00e3o elementos de consumo e n\u00e3o compensa causar problemas mec\u00e2nicos em nome da economia desse material.<\/p>\n<ul>\n<li>E colocar em ponto-morto nas descidas, \u00e9 uma boa ideia?<\/li>\n<\/ul>\n<p><img decoding=\"async\" class=\"alignleft size-medium wp-image-69011 lazyload\" data-src=\"https:\/\/autolivraria.com.br\/bc\/wp-content\/uploads\/2016\/02\/Descida-de-serra-340x226.jpg\" alt=\"Descida de serra\" width=\"340\" height=\"226\" data-srcset=\"https:\/\/autolivraria.com.br\/bc\/wp-content\/uploads\/2016\/02\/Descida-de-serra-340x226.jpg 340w, https:\/\/autolivraria.com.br\/bc\/wp-content\/uploads\/2016\/02\/Descida-de-serra-631x420.jpg 631w, https:\/\/autolivraria.com.br\/bc\/wp-content\/uploads\/2016\/02\/Descida-de-serra-227x151.jpg 227w, https:\/\/autolivraria.com.br\/bc\/wp-content\/uploads\/2016\/02\/Descida-de-serra.jpg 640w\" data-sizes=\"(max-width: 340px) 100vw, 340px\" src=\"data:image\/svg+xml;base64,PHN2ZyB3aWR0aD0iMSIgaGVpZ2h0PSIxIiB4bWxucz0iaHR0cDovL3d3dy53My5vcmcvMjAwMC9zdmciPjwvc3ZnPg==\" style=\"--smush-placeholder-width: 340px; --smush-placeholder-aspect-ratio: 340\/226;\" \/>Chamada de \u201cbanguela\u201d pelos antigos e pelos caminhoneiros, essa pr\u00e1tica fazia mais sentido nos antigos carros com carburador. Nos atuais motores com inje\u00e7\u00e3o, n\u00e3o existe mais fornecimento de combust\u00edvel com acelerador fechado, transmiss\u00e3o engatada e rota\u00e7\u00e3o acima de um patamar m\u00ednimo (em geral, perto de 1.500 rpm). Portanto, entre rodar com o pequeno consumo da marcha-lenta e rodar sem consumo algum, o que voc\u00ea prefere?<\/p>\n<p>Mas n\u00e3o \u00e9 t\u00e3o simples: em ponto-morto o carro roda mais livre, sem o efeito de freio-motor obtido com marcha engatada, e por isso se consegue andar mais antes que seja preciso voltar a acelerar. \u00c9 por isso que alguns fabricantes t\u00eam usado roda-livre na transmiss\u00e3o, que desacopla a embreagem quando se deixa de acelerar. Mesmo assim, a vantagem para um m\u00e9todo ou outro \u00e9 muito pequena (<a href=\"https:\/\/autolivraria.com.br\/bc\/informe-se\/um-mes\/teste-vw-golf-highline-em-plena-sintonia-com-a-europa-3\/\" target=\"_blank\">veja nosso teste com um VW Golf com roda-livre<\/a>).<\/p>\n<ul>\n<li>Algum problema em deixar a transmiss\u00e3o engatada ao estacionar?<\/li>\n<\/ul>\n<p>Deixar a caixa engatada pode ser mais seguro em rampas acentuadas ou se o freio de estacionamento n\u00e3o estiver bem ajustado, mas traz o risco de danos \u00e0 transmiss\u00e3o (manual ou autom\u00e1tica) se o carro for empurrado no sentido contr\u00e1rio por outro que estacionar junto a ele \u2014 como ao ser for\u00e7ado para tr\u00e1s com a primeira marcha engatada. Para rampas, em geral h\u00e1 a alternativa de ester\u00e7ar o volante de modo a apontar o pneu para o meio-fio (sem pression\u00e1-lo), o que evita riscos se o carro come\u00e7ar a rodar.<\/p>\n<ul>\n<li>Se o pedal de freio pulsar, devo aliviar a press\u00e3o?<\/li>\n<\/ul>\n<p>Esse \u00e9 um equivoco frequente em motoristas n\u00e3o habituados ao sistema antitravamento (ABS). Nas frenagens mais intensas ou feitas em piso de baixa ader\u00eancia, a atua\u00e7\u00e3o do sistema de liberar e retomar a for\u00e7a de frenagem de cada roda em fra\u00e7\u00f5es de segundo produz uma vibra\u00e7\u00e3o caracter\u00edstica no pedal, que alguns interpretam como problema. N\u00e3o \u00e9: se for o caso de frear no menor espa\u00e7o poss\u00edvel, mantenha toda a for\u00e7a aplicada ao pedal para que o ABS fa\u00e7a sua parte. E n\u00e3o esque\u00e7a que pode continuar a ester\u00e7ar o volante para desviar de um obst\u00e1culo, uma das grandes vantagens desse dispositivo.<\/p>\n<p>&nbsp;<\/p>\n<div class='code-block code-block-14' style='margin: 8px auto; text-align: center; display: block; clear: both;'>\n<script async src=\"https:\/\/pagead2.googlesyndication.com\/pagead\/js\/adsbygoogle.js\"><\/script>\n<!-- AL-horiz -->\n<ins class=\"adsbygoogle\"\n     style=\"display:block\"\n     data-ad-client=\"ca-pub-1914799802606213\"\n     data-ad-slot=\"7267610495\"\n     data-ad-format=\"auto\"\n     data-full-width-responsive=\"true\"><\/ins>\n<script>\n     (adsbygoogle = window.adsbygoogle || []).push({});\n<\/script><\/div>\n\n<p>&nbsp;<\/p>\n<ul>\n<li>Vale a pena desligar o motor a cada sem\u00e1foro fechado?<\/li>\n<\/ul>\n<p>N\u00e3o, n\u00e3o vale. Primeiro porque a economia de combust\u00edvel \u00e9 m\u00ednima: o motor em marcha-lenta raramente chega a consumir dois litros de combust\u00edvel <em>por hora<\/em>, o que significaria meio litro poupado em 30 paradas de 30 segundos cada. O problema \u00e9 que cada nova partida significa uma demanda para o sistema \u2014 bateria, motor de partida \u2014 que a m\u00e9dio prazo trar\u00e1 despesas.<\/p>\n<p><img decoding=\"async\" class=\"alignright size-medium wp-image-49089 lazyload\" data-src=\"https:\/\/autolivraria.com.br\/bc\/wp-content\/uploads\/2014\/09\/Fiat-Uno-Evolution-13-560x373.jpg\" alt=\"Fiat Uno Evolution\" width=\"340\" height=\"226\" src=\"data:image\/svg+xml;base64,PHN2ZyB3aWR0aD0iMSIgaGVpZ2h0PSIxIiB4bWxucz0iaHR0cDovL3d3dy53My5vcmcvMjAwMC9zdmciPjwvc3ZnPg==\" style=\"--smush-placeholder-width: 340px; --smush-placeholder-aspect-ratio: 340\/226;\" \/>V\u00e1rios carros hoje trazem <a href=\"https:\/\/autolivraria.com.br\/bc\/glossario-p\/#para\" target=\"_blank\">parada\/partida autom\u00e1tica<\/a> do motor, que o desliga quando se deixa de rodar, mas os componentes\u00a0envolvidos s\u00e3o redimensionados para a partida frequente. De resto, com motor desligado perde-se tempo em emerg\u00eancias (como ao precisar dar espa\u00e7o a uma ambul\u00e2ncia) e corre-se o risco de uma falha de partida causar grande transtorno ao tr\u00e1fego. Portanto, desligar o motor, s\u00f3 em paradas mais longas, acima de um minuto.<\/p>\n<ul>\n<li>Preciso aquecer o motor antes de come\u00e7ar a rodar?<\/li>\n<\/ul>\n<p>Esse \u00e9 o tipo de cuidado que passou de gera\u00e7\u00e3o em gera\u00e7\u00e3o, refor\u00e7ado durante a d\u00e9cada de 1980, quando os motores a \u00e1lcool alimentados com carburador se tornaram maioria. Era raro quem conseguisse \u201dligar e sair\u201d com um desses carros. Hoje o funcionamento do motor regulariza-se de imediato e, em rela\u00e7\u00e3o \u00e0 durabilidade, as folgas internas s\u00e3o menores e os \u00f3leos lubrificantes est\u00e3o mais finos e eficazes nessa condi\u00e7\u00e3o. A \u00fanica recomenda\u00e7\u00e3o que eu endossaria \u00e9 rodar normalmente por uns dois minutos antes de explorar plena pot\u00eancia do motor.<\/p>\n<p>&nbsp;<\/p>\n<blockquote><p>Far\u00f3is de neblina t\u00eam alcance reduzido e, por seu corte de facho baixo,\u00a0podem n\u00e3o iluminar placas<\/p><\/blockquote>\n<p>&nbsp;<\/p>\n<ul>\n<li>Se o ar-condicionado funciona melhor com a recircula\u00e7\u00e3o ativada, posso deix\u00e1-lo assim para sempre?<\/li>\n<\/ul>\n<p>N\u00e3o conv\u00e9m. Recircular significa trabalhar apenas com o ar interno da cabine, sem renova\u00e7\u00e3o. Ap\u00f3s algum tempo (como em uma viagem) isso tende a deixar o ar muito seco, o que favorece problemas de sa\u00fade, sobretudo nos mais sens\u00edveis. Melhor usar apenas em tr\u00e1fego lento, locais com poeira ou fuma\u00e7a e\/ou quando a temperatura externa est\u00e1 alta demais. E abrir a admiss\u00e3o quando o objetivo for desemba\u00e7ar os vidros em tempo chuvoso.<\/p>\n<ul>\n<li>Far\u00f3is de neblina s\u00e3o uma boa op\u00e7\u00e3o para rodar pela cidade?<\/li>\n<\/ul>\n<p>Se houver nevoeiro, sim&#8230; Na pr\u00e1tica, o que muito se v\u00ea s\u00e3o motoristas com tais far\u00f3is acesos em vez do facho baixo, que \u00e9 obrigat\u00f3rio do p\u00f4r do sol ao amanhecer. O problema \u00e9 que os far\u00f3is de neblina t\u00eam alcance reduzido e, sendo projetados para iluminar por baixo do nevoeiro (por isso ficam em posi\u00e7\u00e3o inferior na maioria dos carros), usam um corte de facho mais baixo. Com isso, podem n\u00e3o iluminar placas de sinaliza\u00e7\u00e3o como as de \u201cpare\u201d.<\/p>\n<p>Quanto \u00e0 luz traseira de neblina, nem h\u00e1 o que dizer: pelo inc\u00f4modo que causam a quem vem atr\u00e1s, devem ficar restritas a neblina e chuva intensa \u2014 como todos os motoristas, mesmo os que s\u00f3 acham que dirigem bem, t\u00eam obriga\u00e7\u00e3o de saber.<\/p>\n<a href='https:\/\/autolivraria.com.br\/bc\/informe-se\/colunas\/editorial\/fatos-e-curiosidades-da-eleicao-dos-melhores-carros\/' class='small-button smallsilver'>Editorial anterior<\/a>\n<p>&nbsp;<\/p>\n","protected":false},"excerpt":{"rendered":"<p>Ponto-morto nas descidas, desligar nas paradas, aliviar o pedal de freio: os melhores procedimentos<\/p>\n","protected":false},"author":6,"featured_media":69289,"comment_status":"open","ping_status":"closed","sticky":false,"template":"","format":"standard","meta":{"_joinchat":[],"footnotes":""},"categories":[3593],"tags":[153,560,31,590,588],"class_list":["post-69006","post","type-post","status-publish","format-standard","has-post-thumbnail","hentry","category-editorial","tag-colunas-2","tag-direcao","tag-editorial","tag-manutencao","tag-servico-2"],"amp_enabled":true,"_links":{"self":[{"href":"https:\/\/autolivraria.com.br\/bc\/wp-json\/wp\/v2\/posts\/69006","targetHints":{"allow":["GET"]}}],"collection":[{"href":"https:\/\/autolivraria.com.br\/bc\/wp-json\/wp\/v2\/posts"}],"about":[{"href":"https:\/\/autolivraria.com.br\/bc\/wp-json\/wp\/v2\/types\/post"}],"author":[{"embeddable":true,"href":"https:\/\/autolivraria.com.br\/bc\/wp-json\/wp\/v2\/users\/6"}],"replies":[{"embeddable":true,"href":"https:\/\/autolivraria.com.br\/bc\/wp-json\/wp\/v2\/comments?post=69006"}],"version-history":[{"count":0,"href":"https:\/\/autolivraria.com.br\/bc\/wp-json\/wp\/v2\/posts\/69006\/revisions"}],"wp:featuredmedia":[{"embeddable":true,"href":"https:\/\/autolivraria.com.br\/bc\/wp-json\/wp\/v2\/media\/69289"}],"wp:attachment":[{"href":"https:\/\/autolivraria.com.br\/bc\/wp-json\/wp\/v2\/media?parent=69006"}],"wp:term":[{"taxonomy":"category","embeddable":true,"href":"https:\/\/autolivraria.com.br\/bc\/wp-json\/wp\/v2\/categories?post=69006"},{"taxonomy":"post_tag","embeddable":true,"href":"https:\/\/autolivraria.com.br\/bc\/wp-json\/wp\/v2\/tags?post=69006"}],"curies":[{"name":"wp","href":"https:\/\/api.w.org\/{rel}","templated":true}]}}