{"id":69611,"date":"2016-02-19T16:36:48","date_gmt":"2016-02-19T19:36:48","guid":{"rendered":"http:\/\/bestcars.uol.com.br\/bc\/?p=69611"},"modified":"2016-03-04T17:07:21","modified_gmt":"2016-03-04T20:07:21","slug":"comandos-e-instrumentos-como-devem-ser-e-atuar","status":"publish","type":"post","link":"https:\/\/autolivraria.com.br\/bc\/informe-se\/colunas\/editorial\/comandos-e-instrumentos-como-devem-ser-e-atuar\/","title":{"rendered":"Comandos e instrumentos: como devem ser e atuar"},"content":{"rendered":"<p><img fetchpriority=\"high\" decoding=\"async\" class=\"alignnone size-full wp-image-60900\" src=\"https:\/\/autolivraria.com.br\/bc\/wp-content\/uploads\/2015\/06\/Editorial.png\" alt=\"Editorial\" width=\"743\" height=\"107\" srcset=\"https:\/\/autolivraria.com.br\/bc\/wp-content\/uploads\/2015\/06\/Editorial.png 743w, https:\/\/autolivraria.com.br\/bc\/wp-content\/uploads\/2015\/06\/Editorial-356x51.png 356w, https:\/\/autolivraria.com.br\/bc\/wp-content\/uploads\/2015\/06\/Editorial-227x33.png 227w, https:\/\/autolivraria.com.br\/bc\/wp-content\/uploads\/2015\/06\/Editorial-270x39.png 270w\" sizes=\"(max-width: 743px) 100vw, 743px\" \/><\/p>\n<h2>H\u00e1 diversas abordagens para a forma e a fun\u00e7\u00e3o do que cerca o motorista: essas s\u00e3o\u00a0minhas prefer\u00eancias no assunto<\/h2>\n<p>&nbsp;<\/p>\n<p>N\u00e3o est\u00e1 escrito em lugar nenhum como os comandos dos autom\u00f3veis devem ser projetados. Carro precisa de alavanca de transmiss\u00e3o autom\u00e1tica ou bastam bot\u00f5es? S\u00e3o mais pr\u00e1ticos controles girat\u00f3rios ou telas e pain\u00e9is t\u00e1teis para o m\u00e1ximo de fun\u00e7\u00f5es? Onde devem estar os comandos\u00a0de vidros?<\/p>\n<p>Embora a pr\u00e1tica j\u00e1 tenha indicado em muitos casos as melhores solu\u00e7\u00f5es em termos de forma e fun\u00e7\u00e3o, ainda se v\u00ea grande variedade, seja entre as marcas, seja entre os modelos do mesmo fabricante. Portanto, estamos longe de um consenso: influem\u00a0prefer\u00eancias, tradi\u00e7\u00f5es e abordagens em rela\u00e7\u00e3o ao fator custo \u2014 cada vez mais importante em qualquer segmento.<\/p>\n<p>Dezoito anos de avalia\u00e7\u00f5es de autom\u00f3veis, mesclando marcas e categorias, trouxeram-me algumas convic\u00e7\u00f5es sobre como prefiro os comandos e recursos de um carro. \u00c9 uma quest\u00e3o pessoal: prov\u00e1vel que o caro leitor ou leitora tenha outras predile\u00e7\u00f5es, as quais terei prazer em conhecer pelo espa\u00e7o de coment\u00e1rios. Vamos ent\u00e3o revisitar minha concep\u00e7\u00e3o de como deve ser a intera\u00e7\u00e3o entre homem e m\u00e1quina, em ordem alfab\u00e9tica.<\/p>\n<p><a href=\"https:\/\/autolivraria.com.br\/bc\/wp-content\/uploads\/2015\/02\/Range-Rover-Evoque-Dynamic-Tech-cambio.jpg\" rel=\"attachment wp-att-56834\"><img decoding=\"async\" class=\"alignleft size-medium wp-image-56834 lazyload\" data-src=\"https:\/\/autolivraria.com.br\/bc\/wp-content\/uploads\/2015\/02\/Range-Rover-Evoque-Dynamic-Tech-cambio-560x373.jpg\" alt=\"Range Rover Evoque Dynamic Tech\" width=\"340\" height=\"226\" data-srcset=\"https:\/\/autolivraria.com.br\/bc\/wp-content\/uploads\/2015\/02\/Range-Rover-Evoque-Dynamic-Tech-cambio.jpg 560w, https:\/\/autolivraria.com.br\/bc\/wp-content\/uploads\/2015\/02\/Range-Rover-Evoque-Dynamic-Tech-cambio-470x313.jpg 470w, https:\/\/autolivraria.com.br\/bc\/wp-content\/uploads\/2015\/02\/Range-Rover-Evoque-Dynamic-Tech-cambio-270x180.jpg 270w, https:\/\/autolivraria.com.br\/bc\/wp-content\/uploads\/2015\/02\/Range-Rover-Evoque-Dynamic-Tech-cambio-168x112.jpg 168w, https:\/\/autolivraria.com.br\/bc\/wp-content\/uploads\/2015\/02\/Range-Rover-Evoque-Dynamic-Tech-cambio-250x167.jpg 250w, https:\/\/autolivraria.com.br\/bc\/wp-content\/uploads\/2015\/02\/Range-Rover-Evoque-Dynamic-Tech-cambio-150x100.jpg 150w, https:\/\/autolivraria.com.br\/bc\/wp-content\/uploads\/2015\/02\/Range-Rover-Evoque-Dynamic-Tech-cambio-120x80.jpg 120w\" data-sizes=\"(max-width: 340px) 100vw, 340px\" src=\"data:image\/svg+xml;base64,PHN2ZyB3aWR0aD0iMSIgaGVpZ2h0PSIxIiB4bWxucz0iaHR0cDovL3d3dy53My5vcmcvMjAwMC9zdmciPjwvc3ZnPg==\" style=\"--smush-placeholder-width: 340px; --smush-placeholder-aspect-ratio: 340\/226;\" \/><\/a>\u2022 Alavanca de transmiss\u00e3o autom\u00e1tica: n\u00e3o fa\u00e7o quest\u00e3o da tradicional, que muitas marcas v\u00eam abandonando, pois j\u00e1 n\u00e3o existe conex\u00e3o mec\u00e2nica entre alavanca e caixa. Uma minialavanca como na Citro\u00ebn C4 Picasso, bot\u00f5es no console (como em Ferraris, Maseratis e&#8230; Fiat Uno) ou o bot\u00e3o girat\u00f3rio da Jaguar e da Land Rover (foto) s\u00e3o v\u00e1lidas alternativas. Mas precisam ser bem feitas: o comando dessas inglesas me incomoda pela lentid\u00e3o em \u201caparecer\u201d ao dar partida e em aceitar as mudan\u00e7as de posi\u00e7\u00e3o.<\/p>\n<p>\u2022 Ar-condicionado: rejeito a interface com painel sens\u00edvel ao toque, como nos Hondas City e HR-V. Sem bot\u00f5es f\u00edsicos, \u00e9 preciso olhar para o painel para os ajustes (o tato de nada serve) e ainda se pode desviar o dedo da fun\u00e7\u00e3o desejada por causa de uma irregularidade da via, t\u00e3o comum no Brasil. Ainda que pare\u00e7am antiquados, bot\u00f5es de girar para as fun\u00e7\u00f5es b\u00e1sicas de temperatura e rota\u00e7\u00e3o de ventilador s\u00e3o insuper\u00e1veis. Carro n\u00e3o \u00e9 celular, ao contr\u00e1rio do que muitos devem achar hoje.<\/p>\n<p>&nbsp;<\/p>\n<blockquote><p>Difusores devem distribuir o ar pela regi\u00e3o superior da cabine: n\u00e3o se refrigeram os ocupantes, mas o ambiente<\/p><\/blockquote>\n<p>&nbsp;<\/p>\n<p>\u2022 Comando de far\u00f3is: gosto mais de girar a alavanca esquerda da coluna de dire\u00e7\u00e3o. Para\u00a0comutar entre fachos alto e baixo prefiro pux\u00e1-la contra o volante, desde que: 1) o farol sempre se acenda em baixo; e 2) exista um batente bem definido para evitar passar ao alto quando se quer lampej\u00e1-lo. O arranjo de alguns Fiats \u00e9 ideal nesse quesito.<\/p>\n<p>\u2022 Conex\u00f5es de \u00e1udio: auxiliar, USB, padr\u00e3o Apple, HDMI, cart\u00e3o SD&#8230; A variedade cresce e as f\u00e1bricas\u00a0j\u00e1 n\u00e3o querem deix\u00e1-las \u00e0 mostra, pelo fator est\u00e9tico ou para manter ocultos os aparelhos conectados. Sem problemas coloc\u00e1-las em\u00a0porta-objetos fechado, mas escond\u00ea-las sob o console fixo, como no Honda HR-V, \u00e9 incompreens\u00edvel. Tamb\u00e9m n\u00e3o gosto de conex\u00f5es no porta-luvas pelo acesso desconfort\u00e1vel. E\u00a0nada justifica hoje a aus\u00eancia de conex\u00e3o USB, como no VW Up com navegador e alguns Audis.<\/p>\n<p>\u2022 Controle el\u00e9trico de vidros: prefiro na porta do motorista com repetidores em cada porta, para acion\u00e1-los com a mesma m\u00e3o que pagou o ped\u00e1gio ou obteve\u00a0acesso ao condom\u00ednio, por exemplo. Bot\u00f5es no console est\u00e3o\u00a0protegidos da chuva, mas alguns ficam\u00a0muito \u00e0 frente e outros muito recuados, como comandos traseiros montados aos p\u00e9s de quem viaja atr\u00e1s.<\/p>\n<p>\u2022 Difusores de ar: devem distribuir o ar pela regi\u00e3o superior da cabine, onde se concentra o ar mais quente (e leve). N\u00e3o se refrigeram os ocupantes, mas o ambiente. O\u00a0aumento dos sistemas de entretenimento tem levado a difusores centrais distantes entre si (acabam emitindo ar nos passageiros), muito baixos (caso dos Peugeots 208 e 2008 \u2014 j\u00e1 foi um mal cr\u00f4nico dos Fiats) ou <em>atr\u00e1s<\/em> da tela, como no Volkswagen Up.<\/p>\n<p>&nbsp;<\/p>\n<div class='code-block code-block-14' style='margin: 8px auto; text-align: center; display: block; clear: both;'>\n<script async src=\"https:\/\/pagead2.googlesyndication.com\/pagead\/js\/adsbygoogle.js\"><\/script>\n<!-- AL-horiz -->\n<ins class=\"adsbygoogle\"\n     style=\"display:block\"\n     data-ad-client=\"ca-pub-1914799802606213\"\n     data-ad-slot=\"7267610495\"\n     data-ad-format=\"auto\"\n     data-full-width-responsive=\"true\"><\/ins>\n<script>\n     (adsbygoogle = window.adsbygoogle || []).push({});\n<\/script><\/div>\n\n<p>&nbsp;<\/p>\n<p><a href=\"https:\/\/autolivraria.com.br\/bc\/wp-content\/uploads\/2013\/10\/Azera-det-08.jpg\" rel=\"attachment wp-att-34392\"><img decoding=\"async\" class=\"alignright size-medium wp-image-34392 lazyload\" data-src=\"https:\/\/autolivraria.com.br\/bc\/wp-content\/uploads\/2013\/10\/Azera-det-08-560x372.jpg\" alt=\"Azera\" width=\"340\" height=\"226\" data-srcset=\"https:\/\/autolivraria.com.br\/bc\/wp-content\/uploads\/2013\/10\/Azera-det-08-560x372.jpg 560w, https:\/\/autolivraria.com.br\/bc\/wp-content\/uploads\/2013\/10\/Azera-det-08-470x312.jpg 470w, https:\/\/autolivraria.com.br\/bc\/wp-content\/uploads\/2013\/10\/Azera-det-08-270x179.jpg 270w, https:\/\/autolivraria.com.br\/bc\/wp-content\/uploads\/2013\/10\/Azera-det-08.jpg 640w\" data-sizes=\"(max-width: 340px) 100vw, 340px\" src=\"data:image\/svg+xml;base64,PHN2ZyB3aWR0aD0iMSIgaGVpZ2h0PSIxIiB4bWxucz0iaHR0cDovL3d3dy53My5vcmcvMjAwMC9zdmciPjwvc3ZnPg==\" style=\"--smush-placeholder-width: 340px; --smush-placeholder-aspect-ratio: 340\/226;\" \/><\/a>\u2022 Freio de estacionamento: aprovo o acionamento el\u00e9trico e sua libera\u00e7\u00e3o autom\u00e1tica, assim como o sistema de reten\u00e7\u00e3o (Auto Hold) que mant\u00e9m o carro freado nas paradas, dispensando a press\u00e3o cont\u00ednua ao pedal. Obsoleto e inadequado \u00e9 o\u00a0pedal de modelos com foco no mercado norte-americano como o Honda CR-V.<\/p>\n<p>\u2022 Ilumina\u00e7\u00e3o dos mostradores: vermelho e laranja s\u00e3o muito funcionais, mas sa\u00edram de moda a tal ponto que o branco se tornou obrigat\u00f3rio. Nada errado com ele, assim como o tamb\u00e9m esquecido verde. Ruim era o azul escuro e sem contraste adequado com o fundo preto dos Volkswagens de anos atr\u00e1s, absorvido pela JAC no Brasil.<\/p>\n<p>\u2022 Instrumentos digitais: s\u00e3o bom recurso hoje, com resolu\u00e7\u00e3o e detalhamento muito maiores que nos \u201cmostradores de rel\u00f3gio\u201d dos anos 80 e 90, mas cabe\u00a0cuidado para n\u00e3o poluir o conjunto. Uso o repetidor digital de velocidade sempre que dispon\u00edvel.<\/p>\n<p>\u2022 Marcha \u00e0 r\u00e9: minha forma preferida de engate \u00e9 \u00e0 direita da quarta (ou da sexta), sem anel-trava, pois j\u00e1 existe bloqueio interno na transmiss\u00e3o contra o engate indevido. Acionar anel-trava ou apertar a alavanca para baixo \u00e9 necess\u00e1rio quando ela fica ao lado da primeira, mas j\u00e1 aconteceu de n\u00e3o se liberar a trava na mudan\u00e7a sucessiva primeira-r\u00e9, mantendo a r\u00e9 engrenada quando pensava ter posto a primeira.<\/p>\n<p>&nbsp;<\/p>\n<blockquote><p>Quadro de instrumentos \u00e0 frente do motorista, sempre: o central varia de aceit\u00e1vel (C4 Picasso) a lament\u00e1vel (Etios)<\/p><\/blockquote>\n<p>&nbsp;<\/p>\n<p>\u2022 Navegador: a inser\u00e7\u00e3o de endere\u00e7os deve ser pr\u00e1tica, com toques na tela, bons comandos de voz (como em alguns Fords) ou, melhor ainda, comandos no console como usam Audi e BMW (leia mais adiante). A PSA Peugeot Citro\u00ebn enfim est\u00e1 abandonando a infeliz inser\u00e7\u00e3o por bot\u00e3o girat\u00f3rio, letra por letra. Contudo, nos grandes centros s\u00f3 vejo sentido em sistemas com atualiza\u00e7\u00e3o de tr\u00e2nsito como o Waze: navegadores convencionais\u00a0me ajudam pouco mais que uma b\u00fassola.<\/p>\n<p>\u2022 Quadro de instrumentos: \u00e0 frente do motorista, sempre. A montagem central varia de aceit\u00e1vel (como na C4 Picasso, com quadro digital de \u00f3tima leitura) a lament\u00e1vel (no Toyota Etios, com mostradores anal\u00f3gicos em arco). N\u00e3o me oponho \u00e0 leitura por cima do volante, como nos 208 e 2008 (todo o quadro) e no Honda Civic (parte dos mostradores), mais pr\u00f3ximos do campo visual ao dirigir.<\/p>\n<p>\u2022 Sele\u00e7\u00e3o manual de marchas em caixa autom\u00e1tica: na alavanca, acho essencial o canal \u00e0 esquerda. Nada de mudan\u00e7as laterais, como nos Mercedes-Benz e Chryslers de outrora, nem de bot\u00e3o no pomo da alavanca, como em alguns Fords e Chevrolets. Prefiro subir marchas para tr\u00e1s e reduzir para frente, o \u201cpadr\u00e3o BMW\u201d, que corresponde aos movimentos de nosso corpo pela in\u00e9rcia ao acelerar e frear. Para comandos no volante, gosto que o acompanhem em seu giro: os solid\u00e1rios \u00e0 coluna de dire\u00e7\u00e3o ficam fora do alcance em curvas.<\/p>\n<p>\u2022 Regulagem de altura do banco: o tipo mais comum,\u00a0em que se puxa a alavanca para cima (subir o assento) ou para baixo (desc\u00ea-lo), funciona bem. Lament\u00e1vel \u00e9\u00a0aquele em que a alavanca destrava o assento, regulado ent\u00e3o pelo peso do motorista sobre ele: no primeiro uso \u00e9 certeza se \u201cdesabar\u201d para a posi\u00e7\u00e3o mais baixa, n\u00e3o raro tomando um susto.<\/p>\n<p>\u2022 Retrovisores externos: sem d\u00favida, lente <a href=\"https:\/\/autolivraria.com.br\/bc\/glossario-c\/#conv\" target=\"_blank\">biconvexa<\/a> em ambos os lados. A convexa \u00e9 razo\u00e1vel; a plana, inaceit\u00e1vel para mim, pelo campo visual limitad\u00edssimo. Tamb\u00e9m n\u00e3o gostei da pequena lente convexa acoplada\u00a0a espelho plano que a Ford usou em alguns Fiestas e Fusions: a lente \u00e9 diminuta e sua propor\u00e7\u00e3o de tamanho da imagem, diferente do que se usa em qualquer carro, dificulta o c\u00e1lculo de dist\u00e2ncia em mudan\u00e7as de faixa.<\/p>\n<p><a href=\"https:\/\/autolivraria.com.br\/bc\/wp-content\/uploads\/2015\/12\/Audi-A3-Sedan-Ambition-20-17.jpg\" rel=\"attachment wp-att-66627\"><img decoding=\"async\" class=\"alignleft size-medium wp-image-66627 lazyload\" data-src=\"https:\/\/autolivraria.com.br\/bc\/wp-content\/uploads\/2015\/12\/Audi-A3-Sedan-Ambition-20-17-356x237.jpg\" alt=\"Audi A3 Sedan Ambition\" width=\"340\" height=\"226\" data-srcset=\"https:\/\/autolivraria.com.br\/bc\/wp-content\/uploads\/2015\/12\/Audi-A3-Sedan-Ambition-20-17-356x237.jpg 356w, https:\/\/autolivraria.com.br\/bc\/wp-content\/uploads\/2015\/12\/Audi-A3-Sedan-Ambition-20-17-743x495.jpg 743w, https:\/\/autolivraria.com.br\/bc\/wp-content\/uploads\/2015\/12\/Audi-A3-Sedan-Ambition-20-17-227x151.jpg 227w, https:\/\/autolivraria.com.br\/bc\/wp-content\/uploads\/2015\/12\/Audi-A3-Sedan-Ambition-20-17-270x180.jpg 270w, https:\/\/autolivraria.com.br\/bc\/wp-content\/uploads\/2015\/12\/Audi-A3-Sedan-Ambition-20-17.jpg 1280w\" data-sizes=\"(max-width: 340px) 100vw, 340px\" src=\"data:image\/svg+xml;base64,PHN2ZyB3aWR0aD0iMSIgaGVpZ2h0PSIxIiB4bWxucz0iaHR0cDovL3d3dy53My5vcmcvMjAwMC9zdmciPjwvc3ZnPg==\" style=\"--smush-placeholder-width: 340px; --smush-placeholder-aspect-ratio: 340\/226;\" \/><\/a>\u2022 Tela de navega\u00e7\u00e3o e entretenimento: a interface por toques \u00e9 limitada, pois a tela n\u00e3o pode ficar t\u00e3o alta (seria cansativo um acionamento mais longo) nem t\u00e3o baixa (ficaria menos vis\u00edvel enquanto se dirige). Por isso, a melhor solu\u00e7\u00e3o \u00e9 a de\u00a0marcas como Audi (ao lado) e BMW: comandos no console, em posi\u00e7\u00e3o c\u00f4moda para o bra\u00e7o, controlam a tela em posi\u00e7\u00e3o elevada. De quebra, ao n\u00e3o se tocar na tela evitam-se manchas com dedos engordurados.<\/p>\n<p>\u2022 Toca-CDs: pode ser \u00fatil para alguns, mas j\u00e1 n\u00e3o uso h\u00e1 anos.<\/p>\n<p>\u2022 Tomada de 12 volts: como ainda preciso do celular \u00e0 vista para usar o Waze na maioria dos carros, a tomada deve ficar a dist\u00e2ncia razo\u00e1vel do para-brisa e n\u00e3o l\u00e1 atr\u00e1s no console, como acaba de ocorrer na vers\u00e3o 4&#215;4 da Fiat Toro. H\u00e1 carros que substitu\u00edram a tomada por uma sa\u00edda USB de alta amperagem para carregar dispositivos: sem problemas.<\/p>\n<p>\u2022 Travamento central de portas: bot\u00e3o na porta do motorista, sempre. \u00c9 chato estar fora do carro, precisar abrir portas de passageiros ou porta-malas (muitos carros abrem-nas em dois est\u00e1gios, para seguran\u00e7a pessoal) e ter que se debru\u00e7ar at\u00e9 o painel para\u00a0alcan\u00e7ar o bot\u00e3o.<\/p>\n<p>\u2022 Volante: nada melhor que o cl\u00e1ssico padr\u00e3o de quatro raios com o bot\u00e3o de buzina no centro.<\/p>\n<a href='https:\/\/autolivraria.com.br\/bc\/informe-se\/colunas\/editorial\/direcao-praticas-ao-volante-o-que-fazer-e-o-que-nao-fazer\/' class='small-button smallsilver'>Editorial anterior<\/a>\n<p><em>Fotos: Fabr\u00edcio Samah\u00e1 (transmiss\u00e3o e freio) e divulga\u00e7\u00e3o<\/em><\/p>\n<p>&nbsp;<\/p>\n","protected":false},"excerpt":{"rendered":"<p>H\u00e1 diversas abordagens para a forma e a fun\u00e7\u00e3o do que cerca o motorista: essas s\u00e3o minhas prefer\u00eancias no assunto<\/p>\n","protected":false},"author":6,"featured_media":69289,"comment_status":"open","ping_status":"closed","sticky":false,"template":"","format":"standard","meta":{"_joinchat":[],"footnotes":""},"categories":[3593],"tags":[153,31,588],"class_list":["post-69611","post","type-post","status-publish","format-standard","has-post-thumbnail","hentry","category-editorial","tag-colunas-2","tag-editorial","tag-servico-2"],"amp_enabled":true,"_links":{"self":[{"href":"https:\/\/autolivraria.com.br\/bc\/wp-json\/wp\/v2\/posts\/69611","targetHints":{"allow":["GET"]}}],"collection":[{"href":"https:\/\/autolivraria.com.br\/bc\/wp-json\/wp\/v2\/posts"}],"about":[{"href":"https:\/\/autolivraria.com.br\/bc\/wp-json\/wp\/v2\/types\/post"}],"author":[{"embeddable":true,"href":"https:\/\/autolivraria.com.br\/bc\/wp-json\/wp\/v2\/users\/6"}],"replies":[{"embeddable":true,"href":"https:\/\/autolivraria.com.br\/bc\/wp-json\/wp\/v2\/comments?post=69611"}],"version-history":[{"count":0,"href":"https:\/\/autolivraria.com.br\/bc\/wp-json\/wp\/v2\/posts\/69611\/revisions"}],"wp:featuredmedia":[{"embeddable":true,"href":"https:\/\/autolivraria.com.br\/bc\/wp-json\/wp\/v2\/media\/69289"}],"wp:attachment":[{"href":"https:\/\/autolivraria.com.br\/bc\/wp-json\/wp\/v2\/media?parent=69611"}],"wp:term":[{"taxonomy":"category","embeddable":true,"href":"https:\/\/autolivraria.com.br\/bc\/wp-json\/wp\/v2\/categories?post=69611"},{"taxonomy":"post_tag","embeddable":true,"href":"https:\/\/autolivraria.com.br\/bc\/wp-json\/wp\/v2\/tags?post=69611"}],"curies":[{"name":"wp","href":"https:\/\/api.w.org\/{rel}","templated":true}]}}