{"id":732,"date":"2012-07-01T13:30:44","date_gmt":"2012-07-01T16:30:44","guid":{"rendered":"http:\/\/bestcars.uol.com.br\/bc\/?p=732"},"modified":"2014-10-17T17:27:29","modified_gmt":"2014-10-17T20:27:29","slug":"ferrari-anteriores","status":"publish","type":"post","link":"https:\/\/autolivraria.com.br\/bc\/informe-se\/passado\/ferrari-anteriores\/","title":{"rendered":"Ferrari &#8211; anteriores"},"content":{"rendered":"<p><a href=\"https:\/\/www.autolivraria.com.br\/ph2\/313-ferrari-275-1.htm\"><img fetchpriority=\"high\" decoding=\"async\" class=\"aligncenter size-post-thumb wp-image-7727\" title=\"275 GTB\" src=\"https:\/\/autolivraria.com.br\/bc\/wp-content\/uploads\/2012\/07\/275-GTB-470x289.jpg\" alt=\"\" width=\"470\" height=\"289\" srcset=\"https:\/\/autolivraria.com.br\/bc\/wp-content\/uploads\/2012\/07\/275-GTB-470x289.jpg 470w, https:\/\/autolivraria.com.br\/bc\/wp-content\/uploads\/2012\/07\/275-GTB-168x103.jpg 168w, https:\/\/autolivraria.com.br\/bc\/wp-content\/uploads\/2012\/07\/275-GTB-270x166.jpg 270w, https:\/\/autolivraria.com.br\/bc\/wp-content\/uploads\/2012\/07\/275-GTB.jpg 500w\" sizes=\"(max-width: 470px) 100vw, 470px\" \/><\/a><\/p>\n<p>&nbsp;<\/p>\n<p><a href=\"https:\/\/www.autolivraria.com.br\/ph2\/204a.htm\"><span style=\"color: #000000;\">166: revelou o potencial da marca de magnetizar olhares<\/span><\/a><\/p>\n<p><a href=\"https:\/\/www.autolivraria.com.br\/ph2\/237a.htm\"><span style=\"color: #000000;\">S\u00e9rie Inter: com 166, 195 e 212, foi o in\u00edcio dos gr\u00e3-turismo<\/span><\/a><\/p>\n<p><a href=\"https:\/\/www.autolivraria.com.br\/cpassado\/250-1.htm\"><span style=\"color: #000000;\">250: a ampla fam\u00edlia foi uma lenda para a marca e incluiu o GTO<\/span><\/a><\/p>\n<p><a href=\"https:\/\/www.autolivraria.com.br\/ph2\/313-ferrari-275-1.htm\"><span style=\"color: #000000;\">275 fez bom papel entre a s\u00e9rie 250 e o 365 &#8220;Daytona&#8221;<\/span><\/a><\/p>\n<p><a href=\"https:\/\/www.autolivraria.com.br\/ph2\/289a.htm\"><span style=\"color: #000000;\">330: as seis vers\u00f5es da s\u00e9rie usaram o mesmo brilhante V12<\/span><\/a><\/p>\n<p><a href=\"https:\/\/www.autolivraria.com.br\/cpassado2\/dino-1.htm\"><span style=\"color: #000000;\">Dino: filho do comendador foi homenageado por um belo cup\u00ea<\/span><\/a><\/p>\n<p><a href=\"https:\/\/www.autolivraria.com.br\/classicos\/daytona-1.htm\"><span style=\"color: #000000;\">365 GTB\/4 &#8220;Daytona&#8221;: mais veloz do mundo por 15 anos<\/span><\/a><\/p>\n<p><a href=\"https:\/\/www.autolivraria.com.br\/ph\/109b.htm\"><span style=\"color: #000000;\">365, 400 e 412 GT: alto desempenho com muito conforto<\/span><\/a><\/p>\n<p><a href=\"https:\/\/www.autolivraria.com.br\/ph2\/278a.htm\"><span style=\"color: #000000;\">410 Superamerica: o elegante cup\u00ea idealizado para os EUA<\/span><\/a><\/p>\n<p>&nbsp;<\/p>\n<p><a href=\"https:\/\/www.autolivraria.com.br\/cpassado3\/ferrari-365-gtb4-daytona-1.htm\"><img decoding=\"async\" class=\"aligncenter size-post-thumb wp-image-7726 lazyload\" title=\"Daytona\" data-src=\"https:\/\/autolivraria.com.br\/bc\/wp-content\/uploads\/2012\/07\/Daytona-470x243.jpg\" alt=\"\" width=\"470\" height=\"243\" data-srcset=\"https:\/\/autolivraria.com.br\/bc\/wp-content\/uploads\/2012\/07\/Daytona-470x243.jpg 470w, https:\/\/autolivraria.com.br\/bc\/wp-content\/uploads\/2012\/07\/Daytona-560x289.jpg 560w, https:\/\/autolivraria.com.br\/bc\/wp-content\/uploads\/2012\/07\/Daytona-168x86.jpg 168w, https:\/\/autolivraria.com.br\/bc\/wp-content\/uploads\/2012\/07\/Daytona-270x139.jpg 270w, https:\/\/autolivraria.com.br\/bc\/wp-content\/uploads\/2012\/07\/Daytona.jpg 580w\" data-sizes=\"(max-width: 470px) 100vw, 470px\" src=\"data:image\/svg+xml;base64,PHN2ZyB3aWR0aD0iMSIgaGVpZ2h0PSIxIiB4bWxucz0iaHR0cDovL3d3dy53My5vcmcvMjAwMC9zdmciPjwvc3ZnPg==\" style=\"--smush-placeholder-width: 470px; --smush-placeholder-aspect-ratio: 470\/243;\" \/><\/a><\/p>\n<p>&nbsp;<\/p>\n<p><span style=\"color: #000000;\"><a href=\"https:\/\/www.autolivraria.com.br\/cpassado3\/ferrari-365-gtb4-daytona-1.htm\"><span style=\"color: #000000;\">Daytona: resposta da Ferrari ao Miura foi refer\u00eancia de velocidade<\/span><\/a><\/span><\/p>\n<p><span style=\"color: #000000;\"><a href=\"https:\/\/www.autolivraria.com.br\/classicos\/bb-1.htm\"><span style=\"color: #000000;\">Berlinetta Boxer: s\u00e9rie com t\u00e9cnica peculiar e muita pot\u00eancia<\/span><\/a><\/span><\/p>\n<p><span style=\"color: #000000;\"><a href=\"https:\/\/www.autolivraria.com.br\/ph\/134b.htm\"><span style=\"color: #000000;\">Mondial: com 2+2 lugares, aliava desempenho a conforto<\/span><\/a><\/span><\/p>\n<p><span style=\"color: #000000;\"><a href=\"https:\/\/www.autolivraria.com.br\/classicos\/testarossa-1.htm\"><span style=\"color: #000000;\">Testarossa: o carro de cabe\u00e7otes vermelhos e seus sucessores<\/span><\/a><\/span><\/p>\n<p><span style=\"color: #000000;\"><a href=\"https:\/\/www.autolivraria.com.br\/ph\/81.htm\"><span style=\"color: #000000;\">288 GTO: supercarro de rua com 400 cv constru\u00eddo para pista<\/span><\/a><\/span><\/p>\n<p><span style=\"color: #000000;\"><a href=\"https:\/\/www.autolivraria.com.br\/classicos\/f40-1.htm\"><span style=\"color: #000000;\">F40: o \u00faltimo modelo sob a batuta do comendador<\/span><\/a><\/span><\/p>\n<p><span style=\"color: #000000;\"><a href=\"https:\/\/www.autolivraria.com.br\/ph\/141a.htm\"><span style=\"color: #000000;\">P3 e P4: armas para o Mundial de Marcas da d\u00e9cada de 1960<\/span><\/a><\/span><\/p>\n<p>&nbsp;<\/p>\n<p>&nbsp;<\/p>\n","protected":false},"excerpt":{"rendered":"<p>&nbsp; 166: revelou o potencial da marca de magnetizar olhares S\u00e9rie Inter: com 166, 195 e 212, foi o in\u00edcio dos gr\u00e3-turismo 250: a ampla fam\u00edlia foi uma lenda para a marca e incluiu o GTO 275 fez bom papel entre a s\u00e9rie 250 e o 365 &#8220;Daytona&#8221; 330: as seis vers\u00f5es da s\u00e9rie usaram<\/p>\n","protected":false},"author":6,"featured_media":7726,"comment_status":"closed","ping_status":"closed","sticky":false,"template":"","format":"standard","meta":{"_joinchat":[],"footnotes":""},"categories":[10,3774],"tags":[1849,1688,331,330,323,324,334,156,322,1238,329,328,75,1690,1681,1682,1685,1686,1683,1687,1691,1684,1689,327,326,332,325,333],"class_list":["post-732","post","type-post","status-publish","format-standard","has-post-thumbnail","hentry","category-passado","category-ferrari","tag-275-gtb","tag-288-gto","tag-331","tag-330","tag-365-gtb","tag-berlinetta","tag-boxer","tag-carros-do-passado","tag-daytona","tag-dino","tag-f355","tag-f40","tag-ferrari","tag-ferrari-166","tag-ferrari-250","tag-ferrari-275","tag-ferrari-308","tag-ferrari-328","tag-ferrari-330","tag-ferrari-348","tag-ferrari-365","tag-ferrari-410","tag-ferrari-inter","tag-gto","tag-mondial","tag-superamerica","tag-testarossa","tag-v12"],"amp_enabled":true,"_links":{"self":[{"href":"https:\/\/autolivraria.com.br\/bc\/wp-json\/wp\/v2\/posts\/732","targetHints":{"allow":["GET"]}}],"collection":[{"href":"https:\/\/autolivraria.com.br\/bc\/wp-json\/wp\/v2\/posts"}],"about":[{"href":"https:\/\/autolivraria.com.br\/bc\/wp-json\/wp\/v2\/types\/post"}],"author":[{"embeddable":true,"href":"https:\/\/autolivraria.com.br\/bc\/wp-json\/wp\/v2\/users\/6"}],"replies":[{"embeddable":true,"href":"https:\/\/autolivraria.com.br\/bc\/wp-json\/wp\/v2\/comments?post=732"}],"version-history":[{"count":0,"href":"https:\/\/autolivraria.com.br\/bc\/wp-json\/wp\/v2\/posts\/732\/revisions"}],"wp:featuredmedia":[{"embeddable":true,"href":"https:\/\/autolivraria.com.br\/bc\/wp-json\/wp\/v2\/media\/7726"}],"wp:attachment":[{"href":"https:\/\/autolivraria.com.br\/bc\/wp-json\/wp\/v2\/media?parent=732"}],"wp:term":[{"taxonomy":"category","embeddable":true,"href":"https:\/\/autolivraria.com.br\/bc\/wp-json\/wp\/v2\/categories?post=732"},{"taxonomy":"post_tag","embeddable":true,"href":"https:\/\/autolivraria.com.br\/bc\/wp-json\/wp\/v2\/tags?post=732"}],"curies":[{"name":"wp","href":"https:\/\/api.w.org\/{rel}","templated":true}]}}