{"id":73597,"date":"2016-05-31T09:00:03","date_gmt":"2016-05-31T12:00:03","guid":{"rendered":"http:\/\/bestcars.uol.com.br\/bc\/?p=73597"},"modified":"2016-06-03T10:49:09","modified_gmt":"2016-06-03T13:49:09","slug":"bmw-serie-7-imponente-caro-quase-autonomo","status":"publish","type":"post","link":"https:\/\/autolivraria.com.br\/bc\/informe-se\/colunas\/de-carro-por-ai\/bmw-serie-7-imponente-caro-quase-autonomo\/","title":{"rendered":"BMW S\u00e9rie 7, imponente, caro, quase aut\u00f4nomo"},"content":{"rendered":"<h2><img fetchpriority=\"high\" decoding=\"async\" class=\"aligncenter size-full wp-image-60522\" src=\"https:\/\/autolivraria.com.br\/bc\/wp-content\/uploads\/2015\/06\/De-Carro-por-Ai-Nasser.png\" alt=\"De Carro por A\u00ed - Nasser\" width=\"743\" height=\"107\" srcset=\"https:\/\/autolivraria.com.br\/bc\/wp-content\/uploads\/2015\/06\/De-Carro-por-Ai-Nasser.png 743w, https:\/\/autolivraria.com.br\/bc\/wp-content\/uploads\/2015\/06\/De-Carro-por-Ai-Nasser-356x51.png 356w, https:\/\/autolivraria.com.br\/bc\/wp-content\/uploads\/2015\/06\/De-Carro-por-Ai-Nasser-227x33.png 227w, https:\/\/autolivraria.com.br\/bc\/wp-content\/uploads\/2015\/06\/De-Carro-por-Ai-Nasser-270x39.png 270w\" sizes=\"(max-width: 743px) 100vw, 743px\" \/>Se interessado, seu motorista ter\u00e1 muito a aprender sobre as capacidades e as habilidades do novo topo de linha\u00a0BMW<\/h2>\n<p>&nbsp;<\/p>\n<p>Marca alem\u00e3 completou a linha de sed\u00e3s com o degrau superior, a sexta gera\u00e7\u00e3o do S\u00e9rie 7. Grande em seus 5,23 metros de comprimento e 3,21 m entre eixos, \u00e9 confort\u00e1vel, dotado de amplo pacote de seguran\u00e7a, confortos e infodivertimento.<\/p>\n<p><a href=\"https:\/\/autolivraria.com.br\/bc\/wp-content\/uploads\/2015\/06\/BMW-Serie-7-07.jpg\" rel=\"attachment wp-att-60231\"><img decoding=\"async\" class=\"alignright size-medium wp-image-60231 lazyload\" data-src=\"https:\/\/autolivraria.com.br\/bc\/wp-content\/uploads\/2015\/06\/BMW-Serie-7-07-560x373.jpg\" alt=\"BMW Serie 7 07\" width=\"340\" height=\"226\" src=\"data:image\/svg+xml;base64,PHN2ZyB3aWR0aD0iMSIgaGVpZ2h0PSIxIiB4bWxucz0iaHR0cDovL3d3dy53My5vcmcvMjAwMC9zdmciPjwvc3ZnPg==\" style=\"--smush-placeholder-width: 340px; --smush-placeholder-aspect-ratio: 340\/226;\" \/><\/a>Conte\u00fado rico, incluindo bancos como poltronas individuais, reclin\u00e1veis, com op\u00e7\u00e3o de massagens, exerc\u00edcios programados, auditados, e apoio de p\u00e9s. Um comando destac\u00e1vel, tablet de 17,5 cm, alojado entre assentos traseiros, permite acionar o sistema multim\u00eddia atrav\u00e9s de gestos com as m\u00e3os, som Bowers &amp; Wilkins, tela de 25 cm. Geladeira no porta-malas, acesso por tampa entre encostos. Usu\u00e1rio descansado, sentado \u00e0 poltrona traseira, olhando para cima, se rom\u00e2ntico encantar-se-\u00e1 com o falso c\u00e9u no teto de vidro, com 15 mil pontos de luz a sugerir o firmamento limpo, mesmo em noite de borrascas e tempestades.<\/p>\n<p>Mec\u00e2nica rica, refinada por materiais leves, e aplica\u00e7\u00e3o de fibra de carbono na estrutura. BMW trar\u00e1 ao Brasil a vers\u00e3o 750 Li M Sport. Marca-a motor V8, 4,4 litros, biturbo, 450 cv, 66,3 m.kgf de torque. Transmiss\u00e3o autom\u00e1tica Steptronic de oito marchas. Apesar dos 1.800 kg \u00e9 esperto como exige quem anda no banco traseiro e pagou os R$ 710 mil anotados na etiqueta. Vai aos 100 km\/h em 4,7 segundos e a 250 km\/h cortados eletronicamente. Rodas M Sport, em liga leve e aro 20 pol. Revestimento em couro Nappa branco, preto e caf\u00e9, nova moda.<\/p>\n<p>No mais, as atualidades do momento \u2014 ilumina\u00e7\u00e3o do ch\u00e3o ante aproxima\u00e7\u00e3o, mudan\u00e7a de cor nas luzes internas, assinatura luminosa nos far\u00f3is com leds adaptativos e nas luzes traseiras. Tecnologias podem ser interpretadas de maneira diferente. A uns, o futuro, mas, por exemplo, uma novidade agradaria apenas parcialmente a antigo diretor da General Motors, o Imperador de S\u00e3o Caetano. N\u00e3o colocava a m\u00e3o em ma\u00e7anetas para abrir ou fechar o autom\u00f3vel. Exigia um seguran\u00e7a para faz\u00ea-lo.<\/p>\n<p><a href=\"https:\/\/autolivraria.com.br\/bc\/wp-content\/uploads\/2015\/06\/BMW-Serie-7-17.jpg\" rel=\"attachment wp-att-60222\"><img decoding=\"async\" class=\"alignleft size-medium wp-image-60222 lazyload\" data-src=\"https:\/\/autolivraria.com.br\/bc\/wp-content\/uploads\/2015\/06\/BMW-Serie-7-17-560x373.jpg\" alt=\"BMW Serie 7 17\" width=\"340\" height=\"226\" src=\"data:image\/svg+xml;base64,PHN2ZyB3aWR0aD0iMSIgaGVpZ2h0PSIxIiB4bWxucz0iaHR0cDovL3d3dy53My5vcmcvMjAwMC9zdmciPjwvc3ZnPg==\" style=\"--smush-placeholder-width: 340px; --smush-placeholder-aspect-ratio: 340\/226;\" \/><\/a>Quil\u00f4metros acima da m\u00e1 educa\u00e7\u00e3o do ex-executivo, no S\u00e9rie 7 permite-se o entra-sai do carro sem tocar nas ma\u00e7anetas, pois sensores determinam a abertura e fechamento das portas e do compartimento de bagagens. Pouco, entretanto, para atender aos faniquitos do aposentado: n\u00e3o h\u00e1 equipamento para retirar e colocar o palet\u00f3; carregar sua pasta; e entend\u00ea-lo por olhares, pois n\u00e3o conversava com subalternos&#8230;<\/p>\n<p>Tecnologia est\u00e1 mais para evolu\u00e7\u00e3o que para revolu\u00e7\u00e3o. Provam-no as aletas internas das grades riniformes frontais, num abre-fecha de acordo com o ganho de velocidade, em nome de melhorar o perfil aerodin\u00e2mico e reduzir consumo. Mesma tecnologia, com ajuste termomec\u00e2nico ou manual, era empregada nos carros norte-americanos de luxo ao final dos anos 20, quando Packards, Cadillacs e Lincolns abriam ou fechavam as aletas, evitando que o ar gelado do inverno impedisse o motor atingir a temperatura operacional.<\/p>\n<p>H\u00e1 muito, muito mais, como as c\u00e2meras lendo o ch\u00e3o e conectadas ao GPS, que tra\u00e7am e preparam o deslocamento, e enorme carga de facilidades eletr\u00f4nica permitindo v\u00ea-lo como \u00faltimo degrau antes de se tornar aut\u00f4nomo \u2014 como, com certeza, ser\u00e1 seu sucessor.<\/p>\n<p>Enfim, camarada, se interessado, seu motorista ter\u00e1 muito a aprender sobre as capacidades e as habilidades do novo BMW.<\/p>\n<p>&nbsp;<\/p>\n<div class='code-block code-block-7' style='margin: 28px auto; text-align: center; display: block; clear: both;'>\n<script async src=\"https:\/\/pagead2.googlesyndication.com\/pagead\/js\/adsbygoogle.js\"><\/script>\n<!-- AL-quadrado -->\n<ins class=\"adsbygoogle\"\n     style=\"display:block\"\n     data-ad-client=\"ca-pub-1914799802606213\"\n     data-ad-slot=\"5683066082\"\n     data-ad-format=\"auto\"\n     data-full-width-responsive=\"true\"><\/ins>\n<script>\n     (adsbygoogle = window.adsbygoogle || []).push({});\n<\/script><\/div>\n\n<p>&nbsp;<\/p>\n<h2>Nissan Sentra, tapa acertado<\/h2>\n<p><a href=\"https:\/\/autolivraria.com.br\/bc\/wp-content\/uploads\/2016\/05\/Nissan-Sentra-2017-01.jpg\" rel=\"attachment wp-att-73365\"><img decoding=\"async\" class=\"alignright size-medium wp-image-73365 lazyload\" data-src=\"https:\/\/autolivraria.com.br\/bc\/wp-content\/uploads\/2016\/05\/Nissan-Sentra-2017-01-340x227.jpg\" alt=\"Nissan Sentra SL\" width=\"340\" height=\"227\" data-srcset=\"https:\/\/autolivraria.com.br\/bc\/wp-content\/uploads\/2016\/05\/Nissan-Sentra-2017-01-340x227.jpg 340w, https:\/\/autolivraria.com.br\/bc\/wp-content\/uploads\/2016\/05\/Nissan-Sentra-2017-01-696x464.jpg 696w, https:\/\/autolivraria.com.br\/bc\/wp-content\/uploads\/2016\/05\/Nissan-Sentra-2017-01-630x420.jpg 630w, https:\/\/autolivraria.com.br\/bc\/wp-content\/uploads\/2016\/05\/Nissan-Sentra-2017-01-222x148.jpg 222w, https:\/\/autolivraria.com.br\/bc\/wp-content\/uploads\/2016\/05\/Nissan-Sentra-2017-01.jpg 1280w\" data-sizes=\"(max-width: 340px) 100vw, 340px\" src=\"data:image\/svg+xml;base64,PHN2ZyB3aWR0aD0iMSIgaGVpZ2h0PSIxIiB4bWxucz0iaHR0cDovL3d3dy53My5vcmcvMjAwMC9zdmciPjwvc3ZnPg==\" style=\"--smush-placeholder-width: 340px; --smush-placeholder-aspect-ratio: 340\/227;\" \/><\/a>\u00c9, como a Coluna descreveu h\u00e1 duas semanas, uma interven\u00e7\u00e3o renovadora durante a vida \u00fatil da s\u00e9tima gera\u00e7\u00e3o. Efetivamente melhorou-o a partir do \u00f3bvio, a vis\u00e3o frontal. A Nissan trouxe-o \u00e0 identidade familiar, ligando-o aos sed\u00e3s mais caros da marca, Maxima e Altima. Mudan\u00e7a em grade e far\u00f3is o rejuvenesceram e deram rumo na vida.<br \/>\nMec\u00e2nica continua liderada pelo motor de 2,0 litros, morno para os dias atuais: pot\u00eancia de 140 cv, torque de 20 m.kgf.<\/p>\n<p>Caixa com polias vari\u00e1veis, sistema amplamente conhecido como CVT. Grosseiramente \u00e9 c\u00e2mbio autom\u00e1tico ao dispensar atua\u00e7\u00e3o do motorista, e o sistema funciona como se o motor fosse um gerador independente, sem correspond\u00eancia entre ru\u00eddos e acelera\u00e7\u00e3o. Entretanto dirigi-lo n\u00e3o oferece emo\u00e7\u00e3o, calor ou estamina. Como disse jornalista nordestino ao teste, \u00e9 como dan\u00e7ar forr\u00f3 com a m\u00e3e.<\/p>\n<p>H\u00e1 sens\u00edvel percep\u00e7\u00e3o do investimento da Nissan para preencher o terceiro degrau da casa dos sed\u00e3s japoneses, melhorando seu conte\u00fado. Comparado aos l\u00edderes Toyota Corolla e Honda Civic, \u00e0s vezes em ordem inversa, oferece mais equipamentos por menor pre\u00e7o. Define isto desde a primeira vers\u00e3o, da qual suprimiu o c\u00e2mbio manual, oferecendo o CVT. E reafirma com preocupa\u00e7\u00e3o de seguran\u00e7a, como controle de estabilidade e tra\u00e7\u00e3o. Construtivamente permite conforto aos passageiros do banco traseiro e um rodar confort\u00e1vel pelo entre-eixos superior na classe. Diz a marca, o dimensionamento e o ajuste de suspens\u00e3o, dire\u00e7\u00e3o e freios foram desenvolvidos localmente para as condi\u00e7\u00f5es brasileiras.<\/p>\n<p>&nbsp;<\/p>\n<h2>Roda a Roda<\/h2>\n<p><strong><a href=\"https:\/\/autolivraria.com.br\/bc\/wp-content\/uploads\/2016\/05\/Tesla-Model-3.jpg\" rel=\"attachment wp-att-73598\"><img decoding=\"async\" class=\"alignleft size-medium wp-image-73598 lazyload\" data-src=\"https:\/\/autolivraria.com.br\/bc\/wp-content\/uploads\/2016\/05\/Tesla-Model-3-340x227.jpg\" alt=\"Tesla-Model-3\" width=\"340\" height=\"227\" data-srcset=\"https:\/\/autolivraria.com.br\/bc\/wp-content\/uploads\/2016\/05\/Tesla-Model-3-340x227.jpg 340w, https:\/\/autolivraria.com.br\/bc\/wp-content\/uploads\/2016\/05\/Tesla-Model-3-696x464.jpg 696w, https:\/\/autolivraria.com.br\/bc\/wp-content\/uploads\/2016\/05\/Tesla-Model-3.jpg 1280w\" data-sizes=\"(max-width: 340px) 100vw, 340px\" src=\"data:image\/svg+xml;base64,PHN2ZyB3aWR0aD0iMSIgaGVpZ2h0PSIxIiB4bWxucz0iaHR0cDovL3d3dy53My5vcmcvMjAwMC9zdmciPjwvc3ZnPg==\" style=\"--smush-placeholder-width: 340px; --smush-placeholder-aspect-ratio: 340\/227;\" \/><\/a>Caixa<\/strong> \u2013 Tesla, r\u00e1pido e surpreendente carro el\u00e9trico, colocar\u00e1 a\u00e7\u00f5es no mercado. Diluir\u00e1 o poder de Elon Musk, o sul-africano criador do sistema de pagamentos PayPal, CEO e principal acionista, mas pretende caixa para arrancar produ\u00e7\u00e3o de seu modelo 3.<\/p>\n<p><strong>Caminho<\/strong> \u2013 Empresa quebra paradigmas, fazendo carros com estilo, refinamento e autonomia. O rec\u00e9m-apresentado 3 anda 340 km com uma carga, tem enorme fila de encomendas sinalizadas, e a capta\u00e7\u00e3o de recursos \u00e9 para viabilizar produ\u00e7\u00e3o ampla. Dele quer fazer 500 mil unidades em 2018.<\/p>\n<p><strong>Amplia\u00e7\u00e3o<\/strong> \u2013 Busca outros mercados. Reforma loja na Avenida Europa, caminho de marcas de prest\u00edgio na capital paulista, para vend\u00ea-los aqui.<\/p>\n<p><strong>Saco&#8230;<\/strong> \u2013 Depois do Dieselgate, <a href=\"https:\/\/autolivraria.com.br\/bc\/tag\/escandalo-no-grupo-vw\/\" target=\"_blank\">esc\u00e2ndalo envolvendo emiss\u00f5es de poluentes<\/a> em n\u00edveis superiores \u00e0 margem legal, outros fabricantes est\u00e3o sendo acusados de falsear dados relativos a consumo. Mitsubishi foi o primeiro e a queda do valor de suas a\u00e7\u00f5es permitiu \u00e0 Nissan adquirir-lhe 34%. E esta enfrenta a mesma acusa\u00e7\u00e3o.<\/p>\n<p><strong>&#8230;de Gatos<\/strong> \u2013 GM suspendeu vendas de utilit\u00e1rios esporte mais vendidos \u2013 em todos a etiqueta de consumo indica duas milhas (3,2 km) a mais por gal\u00e3o de gasolina (3,8 litros). N\u00e3o mexer\u00e1 nos motores ou sua eletr\u00f4nica: trocar\u00e1 o selo&#8230;<\/p>\n<p><strong>Cria\u00e7\u00e3o<\/strong> \u2013 Estudo pela Safe Kid Worldwide e a General Motors Foundation, concluiu, tendendo \u00e0 obviedade e balizando o futuro: adolescentes criados com limites impostos pelos pais, dirigem com mais responsabilidade e se envolvem menos em acidentes. Como exemplo, os educados a beber com responsabilidade s\u00e3o 1\/10 no volume de acidentes.<\/p>\n<p><strong>Telhado<\/strong> \u2013 Alguns \u00f3rg\u00e3os de imprensa apostam no conv\u00edvio no mercado do Renault Clio, em paralelo ao Kwid, o Renault a ser lan\u00e7ado ao fim do ano. Produzido na Col\u00f4mbia, seria fornecido ao Brasil. Bruno Hohmann, diretor de vendas da Renault, contesta a teoria, por n\u00e3o haver espa\u00e7o para conv\u00edvio entre produto muito antigo e outro muito moderno no mesmo segmento e faixa de pre\u00e7os. O Clio continuar\u00e1, mas no mercado colombiano, onde produz, por exemplo, a Grand Tour, perua M\u00e9gane.<\/p>\n<p><strong>Atualiza\u00e7\u00e3o<\/strong> \u2013 Outro franc\u00eas, o Citro\u00ebn C3 ser\u00e1 not\u00edcia nos pr\u00f3ximos dias, ao iniciar comercializa\u00e7\u00e3o com novo motor 1,2 tricil\u00edndrico, o Puretech. Dever\u00e1 disputar a lideran\u00e7a dentre os mais econ\u00f4micos. Apresenta\u00e7\u00e3o a 20 de junho, mas por log\u00edstica de transporte alguns concession\u00e1rios podem receb\u00ea-lo antes. Charmoso, bem equipado, o C3 Puretech ter\u00e1 pre\u00e7o a partir de R$ 46.500 \u2013 uns R$ 1.500 sobre o anterior.<\/p>\n<p><strong>Quebra?<\/strong> \u2013 Instigada pela ent\u00e3o chegante Volkswagen, a Karmann AG veio para o Brasil e adotou o nome de seu produto mais conhecido, o Karmann-Ghia. Iria fornec\u00ea-lo \u00e0 VW e, em paralelo, vender servi\u00e7os de desenvolvimento, partes, fornecer itens e servi\u00e7os para a ind\u00fastria automobil\u00edstica.<\/p>\n<p><strong>Situa\u00e7\u00e3o<\/strong> \u2013 Est\u00e1 na Via Anchieta, liga\u00e7\u00e3o do litoral ao planalto paulista, parte alta para evitar enchentes n\u00e3o cuidadas, e do muito feito h\u00e1 trailers, jipes Land Rover Defender, Escort convers\u00edvel montado por encomenda da Ford, e a m\u00edtica emenda esticando o Willys Itamaraty, como \u00fanica limusine feita por f\u00e1brica no Brasil.<\/p>\n<p><strong>L\u00e1<\/strong> \u2013 O fim melanc\u00f3lico da matriz em 2009, incorporada pela Volkswagen em sua arrancada de crescimento, influenciou filial local. Vendida, passou por quatro donos em 10 anos, e o atual se bate com d\u00edvidas antigas e retra\u00e7\u00e3o da produ\u00e7\u00e3o de ve\u00edculos novos.<\/p>\n<p><strong>C\u00e1<\/strong> \u2013 Tem pedido de fal\u00eancia em curso, sal\u00e1rios em atraso, f\u00e1brica parada, ocupada pelos funcion\u00e1rios \u2013 e esperan\u00e7a de ser vendida. \u00c9 a hist\u00f3ria \u00e0 venda.<\/p>\n<p><strong><a href=\"https:\/\/autolivraria.com.br\/bc\/wp-content\/uploads\/2016\/05\/Mille-Miglia.jpg\" rel=\"attachment wp-att-73599\"><img decoding=\"async\" class=\"alignright size-medium wp-image-73599 lazyload\" data-src=\"https:\/\/autolivraria.com.br\/bc\/wp-content\/uploads\/2016\/05\/Mille-Miglia-340x226.jpg\" alt=\"Mille Miglia\" width=\"340\" height=\"226\" data-srcset=\"https:\/\/autolivraria.com.br\/bc\/wp-content\/uploads\/2016\/05\/Mille-Miglia-340x226.jpg 340w, https:\/\/autolivraria.com.br\/bc\/wp-content\/uploads\/2016\/05\/Mille-Miglia.jpg 640w\" data-sizes=\"(max-width: 340px) 100vw, 340px\" src=\"data:image\/svg+xml;base64,PHN2ZyB3aWR0aD0iMSIgaGVpZ2h0PSIxIiB4bWxucz0iaHR0cDovL3d3dy53My5vcmcvMjAwMC9zdmciPjwvc3ZnPg==\" style=\"--smush-placeholder-width: 340px; --smush-placeholder-aspect-ratio: 340\/226;\" \/><\/a>Alfa<\/strong> \u2013 Mais charmosa corrida do mundo, a Mille Miglia Storica, em estradas italianas entre Brescia-Roma-Brescia, fez trinca de Alfas na vit\u00f3ria. Brescianos Andreas Vesco e Guerini, com 1750 GS Zagato de 1931; Luca e Elena Patron Scaramuzzi, com 2000 CC OM 665 Superba Sports, 1926; e Giordano Mozzi e Stefania Biacca em 6C 1500 Gran Sport de 1933.<\/p>\n<p><strong>Hist\u00f3ria<\/strong> &#8211; Competi\u00e7\u00e3o reedita a famosa corrida, mas agora \u00e9 midi\u00e1tico rali de velocidade, admitindo participantes com ve\u00edculos id\u00eanticos aos ent\u00e3o competidores, at\u00e9 o ano de 1957. Alfa resolveu seguir a Mercedes-Benz no investimento institucional. Ano passado patrocinou-a, e fez parada extra no futuro museu da marca, em Arese.<\/p>\n<p><strong>Registro<\/strong> \u2013 Neste reuniu a maior tropa do evento: 47 Alfas. No geral, participantes dos cinco continentes, incluindo 19 argentinos. Daqui, nenhum. Ali\u00e1s, brasileiros apenas na edi\u00e7\u00e3o de 1999: Feldman e Nasser integrando o Team Mercedes.<\/p>\n<p><strong>Crise<\/strong> \u2013 Um autom\u00f3vel re\u00fane umas 5.000 pe\u00e7as. T\u00ea-las com pre\u00e7o, qualidade, especifica\u00e7\u00f5es, \u00e9 exerc\u00edcio constante. Pelos novos processos industriais montadoras n\u00e3o as estocam, recebendo-as na linha de montagem, \u00e0 hora de agreg\u00e1-las para fazer o ve\u00edculo. Log\u00edstica complicada, sujeita a muitas vari\u00e1veis. Atraso na entrega da hipot\u00e9tica e desprez\u00edvel <em>rebimbela da parafuseta<\/em>, \u00e9 capaz de frear a linha de produ\u00e7\u00e3o, causando enorme preju\u00edzo. Caso dos bancos, n\u00e3o entregues para discutir aumento de pre\u00e7os.<\/p>\n<p><strong>Relacionamento<\/strong> \u2013 Ocorreu com Volkswagen e Fiat. Fornecedoras compradas pelo grupo Prevent, suspenderam entregas, solicitou novo adiantamento de pagamento. Matriz da VW achou desaforo e foi \u00e0 Justi\u00e7a. Despacho determinou o fornecimento sob pena de multa di\u00e1ria de R$ 500 mil. Voltaram entregas \u00e0s duas marcas, mas rela\u00e7\u00e3o azedou, criando oportunidade para novos fornecedores.<\/p>\n<p><strong>Indo atr\u00e1s<\/strong> \u2013 Ante o gr\u00e1fico econ\u00f4mico de crescimento constante no Nordeste, Stuttgart, distribuidora Porsche, abriu revenda em Recife, PE, \u00e0 avenida Imbiribeira.<\/p>\n<p><strong>Exce\u00e7\u00e3o<\/strong> \u2013 Marca ausente do muro das lamenta\u00e7\u00f5es automobil\u00edsticas. No tr\u00edduo maldito da economia nacional, os tr\u00eas \u00faltimos anos, nada a reclamar: no primeiro quadrimestre de 2014 vendeu 219 unidades. Ano seguinte, per\u00edodo id\u00eantico, 208. Nesse exerc\u00edcio, 236. Crise para ricos \u00e9 marolinha, diz aquele novo rico de amigos generosos.<\/p>\n<p><strong>Neg\u00f3cio<\/strong> \u2013 Respiro de al\u00edvio na Mercedes: pelo quarto ano seguido venceu licita\u00e7\u00e3o federal no fornecer chassis de \u00f4nibus para transporte escolar. At\u00e9 agora marca j\u00e1 colocou 3.500 \u00f4nibus no programa \u201cCaminho da Escola\u201d.<\/p>\n<p><strong><img decoding=\"async\" class=\"alignleft size-medium wp-image-73600 lazyload\" data-src=\"https:\/\/autolivraria.com.br\/bc\/wp-content\/uploads\/2016\/05\/Buraco-1-340x226.jpg\" alt=\"Buraco\" width=\"340\" height=\"226\" data-srcset=\"https:\/\/autolivraria.com.br\/bc\/wp-content\/uploads\/2016\/05\/Buraco-1-340x226.jpg 340w, https:\/\/autolivraria.com.br\/bc\/wp-content\/uploads\/2016\/05\/Buraco-1.jpg 640w\" data-sizes=\"(max-width: 340px) 100vw, 340px\" src=\"data:image\/svg+xml;base64,PHN2ZyB3aWR0aD0iMSIgaGVpZ2h0PSIxIiB4bWxucz0iaHR0cDovL3d3dy53My5vcmcvMjAwMC9zdmciPjwvc3ZnPg==\" style=\"--smush-placeholder-width: 340px; --smush-placeholder-aspect-ratio: 340\/226;\" \/>Aviso<\/strong> \u2013 Moradores da milenar Vetralla, encarrapitada nas montanhas, 14 mil habitantes, na regi\u00e3o do Lazio, It\u00e1lia, para chamar a aten\u00e7\u00e3o da Prefeitura local ante buracos na principal via da cidade, amea\u00e7a \u00e0 vida de motociclistas, ciclistas, motoristas: pintaram figura assemelhada a longo p\u00eanis para indic\u00e1-los.<\/p>\n<p><strong>Oficial<\/strong> \u2013 Prefeito Sandrino Aquilani exibiu a estreiteza mental habitual \u00e0s autoridades malformadas: viu nas pinturas forma de intimida\u00e7\u00e3o, mandando a Pol\u00edcia identificar os autores. Disse, buracos n\u00e3o s\u00e3o municipais, mas estaduais. L\u00e1, como c\u00e1, governos municipais n\u00e3o discrepam. Erram.<\/p>\n<p><strong>Menos<\/strong> \u2013 Ford informou \u00e0 imprensa comemorar neste m\u00eas 97 anos de produ\u00e7\u00e3o no pa\u00eds. Enganou-se. \u00c0 data, em 1919, apenas definiu-se a vinda ao Brasil, efetivada ao final de 1920. Brindar a decis\u00e3o, OK. Mas festejar fabrica\u00e7\u00e3o, apenas no trimestre final. E, assim mesmo, 96 anos.<\/p>\n<p>&nbsp;<\/p>\n<div class='et-box et-shadow'>\n\t\t\t\t\t<div class='et-box-content'><h2>Jeep, um caminho especial na hist\u00f3ria do autom\u00f3vel<\/h2>\n<p><img decoding=\"async\" class=\"alignright size-medium wp-image-73601 lazyload\" data-src=\"https:\/\/autolivraria.com.br\/bc\/wp-content\/uploads\/2016\/05\/Jeep-340x226.jpg\" alt=\"Jeep\" width=\"340\" height=\"226\" data-srcset=\"https:\/\/autolivraria.com.br\/bc\/wp-content\/uploads\/2016\/05\/Jeep-340x226.jpg 340w, https:\/\/autolivraria.com.br\/bc\/wp-content\/uploads\/2016\/05\/Jeep.jpg 640w\" data-sizes=\"(max-width: 340px) 100vw, 340px\" src=\"data:image\/svg+xml;base64,PHN2ZyB3aWR0aD0iMSIgaGVpZ2h0PSIxIiB4bWxucz0iaHR0cDovL3d3dy53My5vcmcvMjAwMC9zdmciPjwvc3ZnPg==\" style=\"--smush-placeholder-width: 340px; --smush-placeholder-aspect-ratio: 340\/226;\" \/>Hist\u00f3rias de autom\u00f3veis s\u00e3o mais ou menos confluentes: ideias em torno de um objetivo, gerando produtos assemelhados. Com o utilit\u00e1rio leve com tra\u00e7\u00e3o total para aplica\u00e7\u00f5es gerais, GP, pronunciado como Jeep, foi diferente. Partiu de concorr\u00eancia p\u00fablica pelo Ex\u00e9rcito dos EUA. 135 convidados, nenhum se interessou pelos prazos imposs\u00edveis \u2013 meia d\u00fazia de dias para projeto grosseiro e 49 para prot\u00f3tipo funcional. Para no\u00e7\u00e3o, hoje isto \u00e9 desafio para um ano de prazo.<\/p>\n<p>Instigaram Carl Probst, ex-engenheiro chefe da American Bantan, ent\u00e3o fechada f\u00e1brica de carrinhos ingleses. Probst declinou. N\u00e3o tinha meios m\u00ednimos, secretaria, equipe. Mas por raz\u00e3o nunca esclarecida, prazo vencendo, aceitou, fez o desenho de factibilidade e apresentou-o. Foi o \u00fanico. O Ex\u00e9rcito arrepiou ante a possibilidade: como entregar a empresa fechada, encomenda de tal responsabilidade? O desenho vazou para a Willys-Overland.<\/p>\n<p>Probst fez o \u00f3bvio: aproveitar o dispon\u00edvel no mercado \u2013 eixo traseiro e freios de autom\u00f3vel Studebaker; caixa de marchas do Bantan; caixa redutora de trator; molas, dire\u00e7\u00e3o de alguma coisa em produ\u00e7\u00e3o. Em 48 dias tinha-o pronto, rodou na madrugada e cumpriu o prazo \u2013 nem a Willys nem a sub-empreitada Ford conseguiram. N\u00e3o tinha o peso m\u00ednimo do edital, foi sendo submetido a testes, e enquanto se analisava a mudan\u00e7a t\u00e9cnica, os concorrentes apareceram, calcados no projeto Bantam. Ao final padronizou-se o ve\u00edculo, pela Ford identificado como GPW \u2013 General Purpose Willys. O nome colou.<\/p>\n<p>A partir da segunda fornada padronizaram-nos. O motor agora chamado Go Devil, era um anci\u00e3o, dos Willys Whippet da d\u00e9cada de \u201920&#8230; Mas era dispon\u00edvel e tracionou formid\u00e1vel ferramenta de guerra a quem se credita parte da vit\u00f3ria dos Aliados. Comercialmente o Jeep criou vertente de produtos, hoje vistos em Renegade e Wrangler, e dele o primeiro utilit\u00e1rio esporte, os netos da antiga Rural Willys, a ampla fam\u00edlia Cherokee. E foi a primeira marca que se decidiu instalar para produzir \u2013 e n\u00e3o apenas montar \u2013 ve\u00edculos no Brasil. Medida de import\u00e2ncia, o produto da nome \u00e0 marca.<\/p><\/div><\/div>\n<a href='https:\/\/autolivraria.com.br\/bc\/informe-se\/colunas\/de-carro-por-ai\/o-que-renault-quid-alias-kwid\/' class='small-button smallsilver'>Coluna anterior<\/a>\n<p><i>A coluna expressa as opini\u00f5es do colunista e n\u00e3o as do Best Cars<\/i><\/p>\n<p>&nbsp;<\/p>\n","protected":false},"excerpt":{"rendered":"<p>Se interessado, seu motorista ter\u00e1 muito a aprender sobre as capacidades e as habilidades do novo topo de linha BMW<\/p>\n","protected":false},"author":6,"featured_media":68972,"comment_status":"open","ping_status":"closed","sticky":false,"template":"","format":"standard","meta":{"_joinchat":[],"footnotes":""},"categories":[3337],"tags":[153,3338,279],"class_list":["post-73597","post","type-post","status-publish","format-standard","has-post-thumbnail","hentry","category-de-carro-por-ai","tag-colunas-2","tag-de-carro-por-ai-2","tag-serie-7"],"amp_enabled":true,"_links":{"self":[{"href":"https:\/\/autolivraria.com.br\/bc\/wp-json\/wp\/v2\/posts\/73597","targetHints":{"allow":["GET"]}}],"collection":[{"href":"https:\/\/autolivraria.com.br\/bc\/wp-json\/wp\/v2\/posts"}],"about":[{"href":"https:\/\/autolivraria.com.br\/bc\/wp-json\/wp\/v2\/types\/post"}],"author":[{"embeddable":true,"href":"https:\/\/autolivraria.com.br\/bc\/wp-json\/wp\/v2\/users\/6"}],"replies":[{"embeddable":true,"href":"https:\/\/autolivraria.com.br\/bc\/wp-json\/wp\/v2\/comments?post=73597"}],"version-history":[{"count":0,"href":"https:\/\/autolivraria.com.br\/bc\/wp-json\/wp\/v2\/posts\/73597\/revisions"}],"wp:featuredmedia":[{"embeddable":true,"href":"https:\/\/autolivraria.com.br\/bc\/wp-json\/wp\/v2\/media\/68972"}],"wp:attachment":[{"href":"https:\/\/autolivraria.com.br\/bc\/wp-json\/wp\/v2\/media?parent=73597"}],"wp:term":[{"taxonomy":"category","embeddable":true,"href":"https:\/\/autolivraria.com.br\/bc\/wp-json\/wp\/v2\/categories?post=73597"},{"taxonomy":"post_tag","embeddable":true,"href":"https:\/\/autolivraria.com.br\/bc\/wp-json\/wp\/v2\/tags?post=73597"}],"curies":[{"name":"wp","href":"https:\/\/api.w.org\/{rel}","templated":true}]}}